{"id":13661,"date":"2024-10-08T12:29:49","date_gmt":"2024-10-08T10:29:49","guid":{"rendered":"https:\/\/vedruna.org\/homenatges-a-la-biblia-paraula-viva-a-la-republica-dominicana\/"},"modified":"2024-10-08T12:29:58","modified_gmt":"2024-10-08T10:29:58","slug":"homenatges-a-la-biblia-paraula-viva-a-la-republica-dominicana","status":"publish","type":"post","link":"https:\/\/vedruna.org\/ca\/homenatges-a-la-biblia-paraula-viva-a-la-republica-dominicana\/","title":{"rendered":"Homenatges a la B\u00edblia, Paraula Viva, a la Rep\u00fablica Dominicana"},"content":{"rendered":"\n<p>El 27 de setembre, Dia Nacional de la B\u00edblia a la Rep\u00fablica Dominicana, una significativa activitat va ser desenvolupada a l&#8217;acte c\u00edvic de l&#8217;Escola B\u00e0sica Vedruna, amb la participaci\u00f3 de tota la comunitat educativa.<\/p>\n\n<figure class=\"wp-block-image alignright size-full is-resized\"><img loading=\"lazy\" decoding=\"async\" width=\"720\" height=\"962\" src=\"https:\/\/vedruna.org\/wp-content\/uploads\/2024\/09\/texto-1.jpg\" alt=\"\" class=\"wp-image-13486\" style=\"width:313px;height:auto\" srcset=\"https:\/\/vedruna.org\/wp-content\/uploads\/2024\/09\/texto-1.jpg 720w, https:\/\/vedruna.org\/wp-content\/uploads\/2024\/09\/texto-1-480x641.jpg 480w\" sizes=\"(min-width: 0px) and (max-width: 480px) 480px, (min-width: 481px) 720px, 100vw\" \/><\/figure>\n\n<p>Aquest dia es va tancar el tridu realitzat amb activitats al\u00b7lusives a la Santa B\u00edblia, on nens i nenes van participar exposant lectures b\u00edbliques, reflexions i cants d&#8217;animaci\u00f3.<\/p>\n\n<p>L&#8217;activitat es va realitzar en conjunt amb l&#8217;elaboraci\u00f3 i les exposicions de b\u00edblies realitzades pels alumnes, cants d&#8217;animaci\u00f3, dramatitzaci\u00f3 en mon\u00f2leg d&#8217;una B\u00edblia vivent i danses al\u00b7lusives a la B\u00edblia. Tamb\u00e9 es va fer una decoraci\u00f3 especial de lespai on es va realitzar. <\/p>\n\n<p>Aix\u00ed mateix, es va renovar el rac\u00f3 de la B\u00edblia que ens ha acompanyat durant tot el mes de setembre.<\/p>\n\n<p>L&#8217;objectiu va ser aconseguit: <strong>fomentar els valors i els sabers que ens ensenya la B\u00edblia com a Paraula de D\u00e9u<\/strong> que il\u00b7lumina les nostres vides i el nostre actuar. Tamb\u00e9 es va conscienciar sobre la import\u00e0ncia de con\u00e8ixer i llegir la B\u00edblia, els valors que ella ens ofereix, l&#8217;obedi\u00e8ncia i la pr\u00e0ctica de viure d&#8217;acord amb el voler de D\u00e9u. L&#8217;ambient compartit va ser de preg\u00e0ria i d&#8217;espiritualitat.  <\/p>\n\n<p>Els nens i les nenes van rebre el suport del cos docent, administratiu, pares i tutors i exalumnes de l&#8217;escola.<\/p>\n\n<p class=\"has-text-align-right\"><strong>Hna. Creu Maria Reyes, CCV<\/strong><\/p>\n\n<div style=\"height:25px\" aria-hidden=\"true\" class=\"wp-block-spacer\"><\/div>\n\n<figure class=\"wp-block-gallery has-nested-images columns-default is-cropped wp-block-gallery-1 is-layout-flex wp-block-gallery-is-layout-flex\">\n<figure class=\"wp-block-image size-large\"><img loading=\"lazy\" decoding=\"async\" width=\"1024\" height=\"472\" data-id=\"13470\" src=\"https:\/\/vedruna.org\/wp-content\/uploads\/2024\/09\/1-11-1024x472.jpg\" alt=\"\" class=\"wp-image-13470\" srcset=\"https:\/\/vedruna.org\/wp-content\/uploads\/2024\/09\/1-11-980x452.jpg 980w, https:\/\/vedruna.org\/wp-content\/uploads\/2024\/09\/1-11-480x221.jpg 480w\" sizes=\"(min-width: 0px) and (max-width: 480px) 480px, (min-width: 481px) and (max-width: 980px) 980px, (min-width: 981px) 1024px, 100vw\" \/><\/figure>\n\n\n\n<figure class=\"wp-block-image size-large\"><img loading=\"lazy\" decoding=\"async\" width=\"1024\" height=\"576\" data-id=\"13472\" src=\"https:\/\/vedruna.org\/wp-content\/uploads\/2024\/09\/2-1-1024x576.jpg\" alt=\"\" class=\"wp-image-13472\" srcset=\"https:\/\/vedruna.org\/wp-content\/uploads\/2024\/09\/2-1-1024x576.jpg 1024w, https:\/\/vedruna.org\/wp-content\/uploads\/2024\/09\/2-1-980x551.jpg 980w, https:\/\/vedruna.org\/wp-content\/uploads\/2024\/09\/2-1-480x270.jpg 480w\" sizes=\"(min-width: 0px) and (max-width: 480px) 480px, (min-width: 481px) and (max-width: 980px) 980px, (min-width: 981px) 1024px, 100vw\" \/><\/figure>\n\n\n\n<figure class=\"wp-block-image size-large\"><img loading=\"lazy\" decoding=\"async\" width=\"1024\" height=\"472\" data-id=\"13478\" src=\"https:\/\/vedruna.org\/wp-content\/uploads\/2024\/09\/3-1-1024x472.jpg\" alt=\"\" class=\"wp-image-13478\" srcset=\"https:\/\/vedruna.org\/wp-content\/uploads\/2024\/09\/3-1-980x452.jpg 980w, https:\/\/vedruna.org\/wp-content\/uploads\/2024\/09\/3-1-480x221.jpg 480w\" sizes=\"(min-width: 0px) and (max-width: 480px) 480px, (min-width: 481px) and (max-width: 980px) 980px, (min-width: 981px) 1024px, 100vw\" \/><\/figure>\n\n\n\n<figure class=\"wp-block-image size-large\"><img loading=\"lazy\" decoding=\"async\" width=\"1024\" height=\"576\" data-id=\"13482\" src=\"https:\/\/vedruna.org\/wp-content\/uploads\/2024\/09\/4-1-1024x576.jpg\" alt=\"\" class=\"wp-image-13482\" srcset=\"https:\/\/vedruna.org\/wp-content\/uploads\/2024\/09\/4-1-1024x576.jpg 1024w, https:\/\/vedruna.org\/wp-content\/uploads\/2024\/09\/4-1-980x551.jpg 980w, https:\/\/vedruna.org\/wp-content\/uploads\/2024\/09\/4-1-480x270.jpg 480w\" sizes=\"(min-width: 0px) and (max-width: 480px) 480px, (min-width: 481px) and (max-width: 980px) 980px, (min-width: 981px) 1024px, 100vw\" \/><\/figure>\n<\/figure>\n","protected":false},"excerpt":{"rendered":"<p>El 27 de setembre, Dia Nacional de la B\u00edblia a la Rep\u00fablica Dominicana, una significativa activitat va ser desenvolupada a l&#8217;acte c\u00edvic de l&#8217;Escola B\u00e0sica Vedruna, amb la participaci\u00f3 de tota la comunitat educativa. Aquest dia es va tancar el tridu realitzat amb activitats al\u00b7lusives a la Santa B\u00edblia, on nens i nenes van participar [&hellip;]<\/p>\n","protected":false},"author":4,"featured_media":13491,"comment_status":"closed","ping_status":"closed","sticky":false,"template":"","format":"standard","meta":{"_et_pb_use_builder":"","_et_pb_old_content":"","_et_gb_content_width":"","pgc_sgb_lightbox_settings":"","footnotes":""},"categories":[309,418,248],"tags":[],"class_list":["post-13661","post","type-post","status-publish","format-standard","has-post-thumbnail","hentry","category-republica-dominicana","category-sant-diumenge","category-vedrunamerica-ca"],"yoast_head":"<!-- This site is optimized with the Yoast SEO plugin v27.5 - https:\/\/yoast.com\/product\/yoast-seo-wordpress\/ -->\n<title>Homenatges a la B\u00edblia, Paraula Viva, a la Rep\u00fablica Dominicana - Carmelitas de la Caridad Vedruna<\/title>\n<meta name=\"description\" content=\"La comunitat educativa de l&#039;Escola B\u00e0sica va fer durant tres dies activitats per homenatjar la Santa B\u00edblia, Paraula de D\u00e9u.\" \/>\n<meta name=\"robots\" content=\"index, follow, max-snippet:-1, max-image-preview:large, max-video-preview:-1\" \/>\n<link rel=\"canonical\" href=\"https:\/\/vedruna.org\/ca\/homenatges-a-la-biblia-paraula-viva-a-la-republica-dominicana\/\" \/>\n<meta property=\"og:locale\" content=\"ca_ES\" \/>\n<meta property=\"og:type\" content=\"article\" \/>\n<meta property=\"og:title\" content=\"Homenatges a la B\u00edblia, Paraula Viva, a la Rep\u00fablica Dominicana - Carmelitas de la Caridad Vedruna\" \/>\n<meta property=\"og:description\" content=\"La comunitat educativa de l&#039;Escola B\u00e0sica va fer durant tres dies activitats per homenatjar la Santa B\u00edblia, Paraula de D\u00e9u.\" \/>\n<meta property=\"og:url\" content=\"https:\/\/vedruna.org\/ca\/homenatges-a-la-biblia-paraula-viva-a-la-republica-dominicana\/\" \/>\n<meta property=\"og:site_name\" content=\"Carmelitas de la Caridad Vedruna\" \/>\n<meta property=\"article:published_time\" content=\"2024-10-08T10:29:49+00:00\" \/>\n<meta property=\"article:modified_time\" content=\"2024-10-08T10:29:58+00:00\" \/>\n<meta property=\"og:image\" content=\"https:\/\/vedruna.org\/wp-content\/uploads\/2024\/09\/principal-4.jpg\" \/>\n\t<meta property=\"og:image:width\" content=\"1600\" \/>\n\t<meta property=\"og:image:height\" content=\"738\" \/>\n\t<meta property=\"og:image:type\" content=\"image\/jpeg\" \/>\n<meta name=\"author\" content=\"Comunicaci\u00f3n Vedrunam\u00e9rica\" \/>\n<meta name=\"twitter:card\" content=\"summary_large_image\" \/>\n<meta name=\"twitter:label1\" content=\"Escrit per\" \/>\n\t<meta name=\"twitter:data1\" content=\"Comunicaci\u00f3n Vedrunam\u00e9rica\" \/>\n\t<meta name=\"twitter:label2\" content=\"Temps estimat de lectura\" \/>\n\t<meta name=\"twitter:data2\" content=\"1 minut\" \/>\n<script type=\"application\/ld+json\" class=\"yoast-schema-graph\">{\"@context\":\"https:\\\/\\\/schema.org\",\"@graph\":[{\"@type\":\"Article\",\"@id\":\"https:\\\/\\\/vedruna.org\\\/ca\\\/homenatges-a-la-biblia-paraula-viva-a-la-republica-dominicana\\\/#article\",\"isPartOf\":{\"@id\":\"https:\\\/\\\/vedruna.org\\\/ca\\\/homenatges-a-la-biblia-paraula-viva-a-la-republica-dominicana\\\/\"},\"author\":{\"name\":\"Comunicaci\u00f3n Vedrunam\u00e9rica\",\"@id\":\"https:\\\/\\\/vedruna.org\\\/ca\\\/#\\\/schema\\\/person\\\/cf468646189533fb6a3aae475663fdc7\"},\"headline\":\"Homenatges a la B\u00edblia, Paraula Viva, a la Rep\u00fablica Dominicana\",\"datePublished\":\"2024-10-08T10:29:49+00:00\",\"dateModified\":\"2024-10-08T10:29:58+00:00\",\"mainEntityOfPage\":{\"@id\":\"https:\\\/\\\/vedruna.org\\\/ca\\\/homenatges-a-la-biblia-paraula-viva-a-la-republica-dominicana\\\/\"},\"wordCount\":265,\"publisher\":{\"@id\":\"https:\\\/\\\/vedruna.org\\\/ca\\\/#organization\"},\"image\":{\"@id\":\"https:\\\/\\\/vedruna.org\\\/ca\\\/homenatges-a-la-biblia-paraula-viva-a-la-republica-dominicana\\\/#primaryimage\"},\"thumbnailUrl\":\"https:\\\/\\\/vedruna.org\\\/wp-content\\\/uploads\\\/2024\\\/09\\\/principal-4.jpg\",\"articleSection\":[\"Rep\u00fablica Dominicana\",\"Sant Diumenge\",\"Vedrunam\u00e8rica\"],\"inLanguage\":\"ca\"},{\"@type\":\"WebPage\",\"@id\":\"https:\\\/\\\/vedruna.org\\\/ca\\\/homenatges-a-la-biblia-paraula-viva-a-la-republica-dominicana\\\/\",\"url\":\"https:\\\/\\\/vedruna.org\\\/ca\\\/homenatges-a-la-biblia-paraula-viva-a-la-republica-dominicana\\\/\",\"name\":\"Homenatges a la B\u00edblia, Paraula Viva, a la Rep\u00fablica Dominicana - Carmelitas de la Caridad Vedruna\",\"isPartOf\":{\"@id\":\"https:\\\/\\\/vedruna.org\\\/ca\\\/#website\"},\"primaryImageOfPage\":{\"@id\":\"https:\\\/\\\/vedruna.org\\\/ca\\\/homenatges-a-la-biblia-paraula-viva-a-la-republica-dominicana\\\/#primaryimage\"},\"image\":{\"@id\":\"https:\\\/\\\/vedruna.org\\\/ca\\\/homenatges-a-la-biblia-paraula-viva-a-la-republica-dominicana\\\/#primaryimage\"},\"thumbnailUrl\":\"https:\\\/\\\/vedruna.org\\\/wp-content\\\/uploads\\\/2024\\\/09\\\/principal-4.jpg\",\"datePublished\":\"2024-10-08T10:29:49+00:00\",\"dateModified\":\"2024-10-08T10:29:58+00:00\",\"description\":\"La comunitat educativa de l'Escola B\u00e0sica va fer durant tres dies activitats per homenatjar la Santa B\u00edblia, Paraula de D\u00e9u.\",\"breadcrumb\":{\"@id\":\"https:\\\/\\\/vedruna.org\\\/ca\\\/homenatges-a-la-biblia-paraula-viva-a-la-republica-dominicana\\\/#breadcrumb\"},\"inLanguage\":\"ca\",\"potentialAction\":[{\"@type\":\"ReadAction\",\"target\":[\"https:\\\/\\\/vedruna.org\\\/ca\\\/homenatges-a-la-biblia-paraula-viva-a-la-republica-dominicana\\\/\"]}]},{\"@type\":\"ImageObject\",\"inLanguage\":\"ca\",\"@id\":\"https:\\\/\\\/vedruna.org\\\/ca\\\/homenatges-a-la-biblia-paraula-viva-a-la-republica-dominicana\\\/#primaryimage\",\"url\":\"https:\\\/\\\/vedruna.org\\\/wp-content\\\/uploads\\\/2024\\\/09\\\/principal-4.jpg\",\"contentUrl\":\"https:\\\/\\\/vedruna.org\\\/wp-content\\\/uploads\\\/2024\\\/09\\\/principal-4.jpg\",\"width\":1600,\"height\":738},{\"@type\":\"BreadcrumbList\",\"@id\":\"https:\\\/\\\/vedruna.org\\\/ca\\\/homenatges-a-la-biblia-paraula-viva-a-la-republica-dominicana\\\/#breadcrumb\",\"itemListElement\":[{\"@type\":\"ListItem\",\"position\":1,\"name\":\"Portada\",\"item\":\"https:\\\/\\\/vedruna.org\\\/ca\\\/\"},{\"@type\":\"ListItem\",\"position\":2,\"name\":\"Homenatges a la B\u00edblia, Paraula Viva, a la Rep\u00fablica Dominicana\"}]},{\"@type\":\"WebSite\",\"@id\":\"https:\\\/\\\/vedruna.org\\\/ca\\\/#website\",\"url\":\"https:\\\/\\\/vedruna.org\\\/ca\\\/\",\"name\":\"Carmelitas de la Caridad Vedruna\",\"description\":\"Carmelitas de la caridad\",\"publisher\":{\"@id\":\"https:\\\/\\\/vedruna.org\\\/ca\\\/#organization\"},\"potentialAction\":[{\"@type\":\"SearchAction\",\"target\":{\"@type\":\"EntryPoint\",\"urlTemplate\":\"https:\\\/\\\/vedruna.org\\\/ca\\\/?s={search_term_string}\"},\"query-input\":{\"@type\":\"PropertyValueSpecification\",\"valueRequired\":true,\"valueName\":\"search_term_string\"}}],\"inLanguage\":\"ca\"},{\"@type\":\"Organization\",\"@id\":\"https:\\\/\\\/vedruna.org\\\/ca\\\/#organization\",\"name\":\"Carmelitas de la caridad Vedruna\",\"url\":\"https:\\\/\\\/vedruna.org\\\/ca\\\/\",\"logo\":{\"@type\":\"ImageObject\",\"inLanguage\":\"ca\",\"@id\":\"https:\\\/\\\/vedruna.org\\\/ca\\\/#\\\/schema\\\/logo\\\/image\\\/\",\"url\":\"https:\\\/\\\/vedruna.org\\\/wp-content\\\/uploads\\\/2022\\\/04\\\/LOGO-VEDRUNA-HORIZONTAL.png\",\"contentUrl\":\"https:\\\/\\\/vedruna.org\\\/wp-content\\\/uploads\\\/2022\\\/04\\\/LOGO-VEDRUNA-HORIZONTAL.png\",\"width\":1200,\"height\":463,\"caption\":\"Carmelitas de la caridad Vedruna\"},\"image\":{\"@id\":\"https:\\\/\\\/vedruna.org\\\/ca\\\/#\\\/schema\\\/logo\\\/image\\\/\"}},{\"@type\":\"Person\",\"@id\":\"https:\\\/\\\/vedruna.org\\\/ca\\\/#\\\/schema\\\/person\\\/cf468646189533fb6a3aae475663fdc7\",\"name\":\"Comunicaci\u00f3n Vedrunam\u00e9rica\",\"image\":{\"@type\":\"ImageObject\",\"inLanguage\":\"ca\",\"@id\":\"https:\\\/\\\/secure.gravatar.com\\\/avatar\\\/b4eff91ff87ece2131a5d31270e1df0a7eeaffece756ce6503fd7dce879d1bfc?s=96&d=mm&r=g\",\"url\":\"https:\\\/\\\/secure.gravatar.com\\\/avatar\\\/b4eff91ff87ece2131a5d31270e1df0a7eeaffece756ce6503fd7dce879d1bfc?s=96&d=mm&r=g\",\"contentUrl\":\"https:\\\/\\\/secure.gravatar.com\\\/avatar\\\/b4eff91ff87ece2131a5d31270e1df0a7eeaffece756ce6503fd7dce879d1bfc?s=96&d=mm&r=g\",\"caption\":\"Comunicaci\u00f3n Vedrunam\u00e9rica\"},\"url\":\"https:\\\/\\\/vedruna.org\\\/ca\\\/author\\\/comunicacion-vedrunamerica\\\/\"}]}<\/script>\n<!-- \/ Yoast SEO plugin. -->","yoast_head_json":{"title":"Homenatges a la B\u00edblia, Paraula Viva, a la Rep\u00fablica Dominicana - Carmelitas de la Caridad Vedruna","description":"La comunitat educativa de l'Escola B\u00e0sica va fer durant tres dies activitats per homenatjar la Santa B\u00edblia, Paraula de D\u00e9u.","robots":{"index":"index","follow":"follow","max-snippet":"max-snippet:-1","max-image-preview":"max-image-preview:large","max-video-preview":"max-video-preview:-1"},"canonical":"https:\/\/vedruna.org\/ca\/homenatges-a-la-biblia-paraula-viva-a-la-republica-dominicana\/","og_locale":"ca_ES","og_type":"article","og_title":"Homenatges a la B\u00edblia, Paraula Viva, a la Rep\u00fablica Dominicana - Carmelitas de la Caridad Vedruna","og_description":"La comunitat educativa de l'Escola B\u00e0sica va fer durant tres dies activitats per homenatjar la Santa B\u00edblia, Paraula de D\u00e9u.","og_url":"https:\/\/vedruna.org\/ca\/homenatges-a-la-biblia-paraula-viva-a-la-republica-dominicana\/","og_site_name":"Carmelitas de la Caridad Vedruna","article_published_time":"2024-10-08T10:29:49+00:00","article_modified_time":"2024-10-08T10:29:58+00:00","og_image":[{"width":1600,"height":738,"url":"https:\/\/vedruna.org\/wp-content\/uploads\/2024\/09\/principal-4.jpg","type":"image\/jpeg"}],"author":"Comunicaci\u00f3n Vedrunam\u00e9rica","twitter_card":"summary_large_image","twitter_misc":{"Escrit per":"Comunicaci\u00f3n Vedrunam\u00e9rica","Temps estimat de lectura":"1 minut"},"schema":{"@context":"https:\/\/schema.org","@graph":[{"@type":"Article","@id":"https:\/\/vedruna.org\/ca\/homenatges-a-la-biblia-paraula-viva-a-la-republica-dominicana\/#article","isPartOf":{"@id":"https:\/\/vedruna.org\/ca\/homenatges-a-la-biblia-paraula-viva-a-la-republica-dominicana\/"},"author":{"name":"Comunicaci\u00f3n Vedrunam\u00e9rica","@id":"https:\/\/vedruna.org\/ca\/#\/schema\/person\/cf468646189533fb6a3aae475663fdc7"},"headline":"Homenatges a la B\u00edblia, Paraula Viva, a la Rep\u00fablica Dominicana","datePublished":"2024-10-08T10:29:49+00:00","dateModified":"2024-10-08T10:29:58+00:00","mainEntityOfPage":{"@id":"https:\/\/vedruna.org\/ca\/homenatges-a-la-biblia-paraula-viva-a-la-republica-dominicana\/"},"wordCount":265,"publisher":{"@id":"https:\/\/vedruna.org\/ca\/#organization"},"image":{"@id":"https:\/\/vedruna.org\/ca\/homenatges-a-la-biblia-paraula-viva-a-la-republica-dominicana\/#primaryimage"},"thumbnailUrl":"https:\/\/vedruna.org\/wp-content\/uploads\/2024\/09\/principal-4.jpg","articleSection":["Rep\u00fablica Dominicana","Sant Diumenge","Vedrunam\u00e8rica"],"inLanguage":"ca"},{"@type":"WebPage","@id":"https:\/\/vedruna.org\/ca\/homenatges-a-la-biblia-paraula-viva-a-la-republica-dominicana\/","url":"https:\/\/vedruna.org\/ca\/homenatges-a-la-biblia-paraula-viva-a-la-republica-dominicana\/","name":"Homenatges a la B\u00edblia, Paraula Viva, a la Rep\u00fablica Dominicana - Carmelitas de la Caridad Vedruna","isPartOf":{"@id":"https:\/\/vedruna.org\/ca\/#website"},"primaryImageOfPage":{"@id":"https:\/\/vedruna.org\/ca\/homenatges-a-la-biblia-paraula-viva-a-la-republica-dominicana\/#primaryimage"},"image":{"@id":"https:\/\/vedruna.org\/ca\/homenatges-a-la-biblia-paraula-viva-a-la-republica-dominicana\/#primaryimage"},"thumbnailUrl":"https:\/\/vedruna.org\/wp-content\/uploads\/2024\/09\/principal-4.jpg","datePublished":"2024-10-08T10:29:49+00:00","dateModified":"2024-10-08T10:29:58+00:00","description":"La comunitat educativa de l'Escola B\u00e0sica va fer durant tres dies activitats per homenatjar la Santa B\u00edblia, Paraula de D\u00e9u.","breadcrumb":{"@id":"https:\/\/vedruna.org\/ca\/homenatges-a-la-biblia-paraula-viva-a-la-republica-dominicana\/#breadcrumb"},"inLanguage":"ca","potentialAction":[{"@type":"ReadAction","target":["https:\/\/vedruna.org\/ca\/homenatges-a-la-biblia-paraula-viva-a-la-republica-dominicana\/"]}]},{"@type":"ImageObject","inLanguage":"ca","@id":"https:\/\/vedruna.org\/ca\/homenatges-a-la-biblia-paraula-viva-a-la-republica-dominicana\/#primaryimage","url":"https:\/\/vedruna.org\/wp-content\/uploads\/2024\/09\/principal-4.jpg","contentUrl":"https:\/\/vedruna.org\/wp-content\/uploads\/2024\/09\/principal-4.jpg","width":1600,"height":738},{"@type":"BreadcrumbList","@id":"https:\/\/vedruna.org\/ca\/homenatges-a-la-biblia-paraula-viva-a-la-republica-dominicana\/#breadcrumb","itemListElement":[{"@type":"ListItem","position":1,"name":"Portada","item":"https:\/\/vedruna.org\/ca\/"},{"@type":"ListItem","position":2,"name":"Homenatges a la B\u00edblia, Paraula Viva, a la Rep\u00fablica Dominicana"}]},{"@type":"WebSite","@id":"https:\/\/vedruna.org\/ca\/#website","url":"https:\/\/vedruna.org\/ca\/","name":"Carmelitas de la Caridad Vedruna","description":"Carmelitas de la caridad","publisher":{"@id":"https:\/\/vedruna.org\/ca\/#organization"},"potentialAction":[{"@type":"SearchAction","target":{"@type":"EntryPoint","urlTemplate":"https:\/\/vedruna.org\/ca\/?s={search_term_string}"},"query-input":{"@type":"PropertyValueSpecification","valueRequired":true,"valueName":"search_term_string"}}],"inLanguage":"ca"},{"@type":"Organization","@id":"https:\/\/vedruna.org\/ca\/#organization","name":"Carmelitas de la caridad Vedruna","url":"https:\/\/vedruna.org\/ca\/","logo":{"@type":"ImageObject","inLanguage":"ca","@id":"https:\/\/vedruna.org\/ca\/#\/schema\/logo\/image\/","url":"https:\/\/vedruna.org\/wp-content\/uploads\/2022\/04\/LOGO-VEDRUNA-HORIZONTAL.png","contentUrl":"https:\/\/vedruna.org\/wp-content\/uploads\/2022\/04\/LOGO-VEDRUNA-HORIZONTAL.png","width":1200,"height":463,"caption":"Carmelitas de la caridad Vedruna"},"image":{"@id":"https:\/\/vedruna.org\/ca\/#\/schema\/logo\/image\/"}},{"@type":"Person","@id":"https:\/\/vedruna.org\/ca\/#\/schema\/person\/cf468646189533fb6a3aae475663fdc7","name":"Comunicaci\u00f3n Vedrunam\u00e9rica","image":{"@type":"ImageObject","inLanguage":"ca","@id":"https:\/\/secure.gravatar.com\/avatar\/b4eff91ff87ece2131a5d31270e1df0a7eeaffece756ce6503fd7dce879d1bfc?s=96&d=mm&r=g","url":"https:\/\/secure.gravatar.com\/avatar\/b4eff91ff87ece2131a5d31270e1df0a7eeaffece756ce6503fd7dce879d1bfc?s=96&d=mm&r=g","contentUrl":"https:\/\/secure.gravatar.com\/avatar\/b4eff91ff87ece2131a5d31270e1df0a7eeaffece756ce6503fd7dce879d1bfc?s=96&d=mm&r=g","caption":"Comunicaci\u00f3n Vedrunam\u00e9rica"},"url":"https:\/\/vedruna.org\/ca\/author\/comunicacion-vedrunamerica\/"}]}},"_links":{"self":[{"href":"https:\/\/vedruna.org\/ca\/wp-json\/wp\/v2\/posts\/13661","targetHints":{"allow":["GET"]}}],"collection":[{"href":"https:\/\/vedruna.org\/ca\/wp-json\/wp\/v2\/posts"}],"about":[{"href":"https:\/\/vedruna.org\/ca\/wp-json\/wp\/v2\/types\/post"}],"author":[{"embeddable":true,"href":"https:\/\/vedruna.org\/ca\/wp-json\/wp\/v2\/users\/4"}],"replies":[{"embeddable":true,"href":"https:\/\/vedruna.org\/ca\/wp-json\/wp\/v2\/comments?post=13661"}],"version-history":[{"count":1,"href":"https:\/\/vedruna.org\/ca\/wp-json\/wp\/v2\/posts\/13661\/revisions"}],"predecessor-version":[{"id":13662,"href":"https:\/\/vedruna.org\/ca\/wp-json\/wp\/v2\/posts\/13661\/revisions\/13662"}],"wp:featuredmedia":[{"embeddable":true,"href":"https:\/\/vedruna.org\/ca\/wp-json\/wp\/v2\/media\/13491"}],"wp:attachment":[{"href":"https:\/\/vedruna.org\/ca\/wp-json\/wp\/v2\/media?parent=13661"}],"wp:term":[{"taxonomy":"category","embeddable":true,"href":"https:\/\/vedruna.org\/ca\/wp-json\/wp\/v2\/categories?post=13661"},{"taxonomy":"post_tag","embeddable":true,"href":"https:\/\/vedruna.org\/ca\/wp-json\/wp\/v2\/tags?post=13661"}],"curies":[{"name":"wp","href":"https:\/\/api.w.org\/{rel}","templated":true}]}}