{"id":14215,"date":"2024-10-24T09:04:00","date_gmt":"2024-10-24T07:04:00","guid":{"rendered":"https:\/\/vedruna.org\/fe-lideratge-i-formacio-a-la-pastoral-educativa-de-xile\/"},"modified":"2024-10-24T09:06:35","modified_gmt":"2024-10-24T07:06:35","slug":"fe-lideratge-i-formacio-a-la-pastoral-educativa-de-xile","status":"publish","type":"post","link":"https:\/\/vedruna.org\/ca\/fe-lideratge-i-formacio-a-la-pastoral-educativa-de-xile\/","title":{"rendered":"Fe, lideratge i formaci\u00f3 a la pastoral educativa de Xile"},"content":{"rendered":"\n<p>El 4 i 5 d&#8217;octubre a Santiago de Xile es va fer la <strong>trobada d&#8217;alumnes de pastoral<\/strong> de les nostres 4 escoles.<\/p>\n\n<p>Vam anar arribant de diversos llocs i col\u00b7legis del nostre pa\u00eds: Vedruna de Sant Felip, Santa Joaquina de Pont Alt, Santa Rosa de Constituci\u00f3 i La nostra Senyora del Carme de Pare Las Casas. L&#8217;objectiu principal de la trobada era introduir els estudiants en el tema del <strong>lideratge<\/strong> i descobreixin tot all\u00f2 que poden aportar per <strong>animar i enfortir la pastoral<\/strong> de les seves escoles. <\/p>\n\n<figure class=\"wp-block-image alignright size-full is-resized\"><img loading=\"lazy\" decoding=\"async\" width=\"583\" height=\"385\" src=\"https:\/\/vedruna.org\/wp-content\/uploads\/2024\/10\/en-el-texto.jpg\" alt=\"\" class=\"wp-image-13874\" style=\"width:494px;height:auto\" srcset=\"https:\/\/vedruna.org\/wp-content\/uploads\/2024\/10\/en-el-texto.jpg 583w, https:\/\/vedruna.org\/wp-content\/uploads\/2024\/10\/en-el-texto-480x317.jpg 480w\" sizes=\"(min-width: 0px) and (max-width: 480px) 480px, (min-width: 481px) 583px, 100vw\" \/><\/figure>\n\n<p>Despr\u00e9s de molt de temps desitjant i planificant el que viurem, va arribar el moment de reunir-nos, de compartir alegria i novetats, de con\u00e8ixer-nos i experimentar a les diferents cares <strong>un mateix carisma educatiu que ens uneix<\/strong> i ens convida a seguir encoratjant-lo a cadascun dels llocs on som.<\/p>\n\n<p>Al costat dels alumnes van arribar tamb\u00e9 els professors que els acompanyen en aquest cam\u00ed d&#8217;animaci\u00f3 de la pastoral a cada lloc. Tot i que la realitat de cada centre \u00e9s diferent, hi ha <strong>un desig profund d&#8217;animar la fe, la trobada i la formaci\u00f3<\/strong> d&#8217;ells mateixos i els seus companys. <\/p>\n\n<p>A la din\u00e0mica viscuda ens van acompanyar l&#8217;alegria, el joc, la reflexi\u00f3 conjunta al voltant del tema del lideratge juvenil i compartit.<\/p>\n\n<p>Tamb\u00e9 vam tenir temps per somiar. Amb els elements rebuts cada col\u00b7legi va realitzar un petit projecte que l&#8217;ajudar\u00e0 a seguir endavant amb l&#8217;animaci\u00f3 de la pastoral als seus centres. Petits passos i tasques que seran significatives des del comprom\u00eds personal i com a grup.  <\/p>\n\n<p>Acabem agraint al Senyor Jes\u00fas el temps i les viv\u00e8ncies compartides, demanant la seva gr\u00e0cia per <strong>ser llum<\/strong> , aquesta petita llavor que vagi germinant a cadascun dels nostres col\u00b7legis. A Santa Joaquina l&#8217;escoltem dir-nos: <strong>\u201cRes no agrada tant a D\u00e9u com a la const\u00e0ncia\u201d<\/strong> . A ella ens encomanem perqu\u00e8 fent petites passes ens mantinguem fidels al Senyor i fem vida all\u00f2 que junts hem somiat.  <\/p>\n\n<p class=\"has-text-align-right\"><strong>Missi\u00f3 Juvenil de Xile<\/strong><\/p>\n\n<div style=\"height:25px\" aria-hidden=\"true\" class=\"wp-block-spacer\"><\/div>\n\n<figure class=\"wp-block-gallery has-nested-images columns-default is-cropped wp-block-gallery-1 is-layout-flex wp-block-gallery-is-layout-flex\">\n<figure class=\"wp-block-image size-large\"><img loading=\"lazy\" decoding=\"async\" width=\"581\" height=\"327\" data-id=\"13890\" src=\"https:\/\/vedruna.org\/wp-content\/uploads\/2024\/10\/Imagen1.jpg\" alt=\"\" class=\"wp-image-13890\" srcset=\"https:\/\/vedruna.org\/wp-content\/uploads\/2024\/10\/Imagen1.jpg 581w, https:\/\/vedruna.org\/wp-content\/uploads\/2024\/10\/Imagen1-480x270.jpg 480w\" sizes=\"(min-width: 0px) and (max-width: 480px) 480px, (min-width: 481px) 581px, 100vw\" \/><\/figure>\n\n\n\n<figure class=\"wp-block-image size-large\"><img loading=\"lazy\" decoding=\"async\" width=\"562\" height=\"316\" data-id=\"13891\" src=\"https:\/\/vedruna.org\/wp-content\/uploads\/2024\/10\/Imagen3.jpg\" alt=\"\" class=\"wp-image-13891\" srcset=\"https:\/\/vedruna.org\/wp-content\/uploads\/2024\/10\/Imagen3.jpg 562w, https:\/\/vedruna.org\/wp-content\/uploads\/2024\/10\/Imagen3-480x270.jpg 480w\" sizes=\"(min-width: 0px) and (max-width: 480px) 480px, (min-width: 481px) 562px, 100vw\" \/><\/figure>\n\n\n\n<figure class=\"wp-block-image size-large\"><img loading=\"lazy\" decoding=\"async\" width=\"556\" height=\"313\" data-id=\"13886\" src=\"https:\/\/vedruna.org\/wp-content\/uploads\/2024\/10\/Imagen5.jpg\" alt=\"\" class=\"wp-image-13886\" srcset=\"https:\/\/vedruna.org\/wp-content\/uploads\/2024\/10\/Imagen5.jpg 556w, https:\/\/vedruna.org\/wp-content\/uploads\/2024\/10\/Imagen5-480x270.jpg 480w\" sizes=\"(min-width: 0px) and (max-width: 480px) 480px, (min-width: 481px) 556px, 100vw\" \/><\/figure>\n\n\n\n<figure class=\"wp-block-image size-large\"><img loading=\"lazy\" decoding=\"async\" width=\"524\" height=\"295\" data-id=\"13882\" src=\"https:\/\/vedruna.org\/wp-content\/uploads\/2024\/10\/Imagen6.jpg\" alt=\"\" class=\"wp-image-13882\" srcset=\"https:\/\/vedruna.org\/wp-content\/uploads\/2024\/10\/Imagen6.jpg 524w, https:\/\/vedruna.org\/wp-content\/uploads\/2024\/10\/Imagen6-480x270.jpg 480w\" sizes=\"(min-width: 0px) and (max-width: 480px) 480px, (min-width: 481px) 524px, 100vw\" \/><\/figure>\n\n\n\n<figure class=\"wp-block-image size-large\"><img loading=\"lazy\" decoding=\"async\" width=\"593\" height=\"333\" data-id=\"13898\" src=\"https:\/\/vedruna.org\/wp-content\/uploads\/2024\/10\/principal-3.jpg\" alt=\"\" class=\"wp-image-13898\" srcset=\"https:\/\/vedruna.org\/wp-content\/uploads\/2024\/10\/principal-3.jpg 593w, https:\/\/vedruna.org\/wp-content\/uploads\/2024\/10\/principal-3-480x270.jpg 480w\" sizes=\"(min-width: 0px) and (max-width: 480px) 480px, (min-width: 481px) 593px, 100vw\" \/><\/figure>\n<\/figure>\n","protected":false},"excerpt":{"rendered":"<p>El 4 i 5 d&#8217;octubre a Santiago de Xile es va fer la trobada d&#8217;alumnes de pastoral de les nostres 4 escoles. Vam anar arribant de diversos llocs i col\u00b7legis del nostre pa\u00eds: Vedruna de Sant Felip, Santa Joaquina de Pont Alt, Santa Rosa de Constituci\u00f3 i La nostra Senyora del Carme de Pare Las [&hellip;]<\/p>\n","protected":false},"author":4,"featured_media":13892,"comment_status":"closed","ping_status":"closed","sticky":false,"template":"","format":"standard","meta":{"_et_pb_use_builder":"","_et_pb_old_content":"","_et_gb_content_width":"","pgc_sgb_lightbox_settings":"","footnotes":""},"categories":[248,245],"tags":[],"class_list":["post-14215","post","type-post","status-publish","format-standard","has-post-thumbnail","hentry","category-vedrunamerica-ca","category-xile"],"yoast_head":"<!-- This site is optimized with the Yoast SEO plugin v27.5 - https:\/\/yoast.com\/product\/yoast-seo-wordpress\/ -->\n<title>Fe, lideratge i formaci\u00f3 a la pastoral educativa de Xile - Carmelitas de la Caridad Vedruna<\/title>\n<meta name=\"description\" content=\"Els alumnes de pastoral dels nostres 4 col\u00b7legis es troben per compartir, aprendre i reflexionar sobre lideratge.\" \/>\n<meta name=\"robots\" content=\"index, follow, max-snippet:-1, max-image-preview:large, max-video-preview:-1\" \/>\n<link rel=\"canonical\" href=\"https:\/\/vedruna.org\/ca\/fe-lideratge-i-formacio-a-la-pastoral-educativa-de-xile\/\" \/>\n<meta property=\"og:locale\" content=\"ca_ES\" \/>\n<meta property=\"og:type\" content=\"article\" \/>\n<meta property=\"og:title\" content=\"Fe, lideratge i formaci\u00f3 a la pastoral educativa de Xile - Carmelitas de la Caridad Vedruna\" \/>\n<meta property=\"og:description\" content=\"Els alumnes de pastoral dels nostres 4 col\u00b7legis es troben per compartir, aprendre i reflexionar sobre lideratge.\" \/>\n<meta property=\"og:url\" content=\"https:\/\/vedruna.org\/ca\/fe-lideratge-i-formacio-a-la-pastoral-educativa-de-xile\/\" \/>\n<meta property=\"og:site_name\" content=\"Carmelitas de la Caridad Vedruna\" \/>\n<meta property=\"article:published_time\" content=\"2024-10-24T07:04:00+00:00\" \/>\n<meta property=\"article:modified_time\" content=\"2024-10-24T07:06:35+00:00\" \/>\n<meta property=\"og:image\" content=\"https:\/\/vedruna.org\/wp-content\/uploads\/2024\/10\/Imagen1.jpg\" \/>\n\t<meta property=\"og:image:width\" content=\"581\" \/>\n\t<meta property=\"og:image:height\" content=\"327\" \/>\n\t<meta property=\"og:image:type\" content=\"image\/jpeg\" \/>\n<meta name=\"author\" content=\"Comunicaci\u00f3n Vedrunam\u00e9rica\" \/>\n<meta name=\"twitter:card\" content=\"summary_large_image\" \/>\n<meta name=\"twitter:label1\" content=\"Escrit per\" \/>\n\t<meta name=\"twitter:data1\" content=\"Comunicaci\u00f3n Vedrunam\u00e9rica\" \/>\n\t<meta name=\"twitter:label2\" content=\"Temps estimat de lectura\" \/>\n\t<meta name=\"twitter:data2\" content=\"2 minuts\" \/>\n<script type=\"application\/ld+json\" class=\"yoast-schema-graph\">{\"@context\":\"https:\\\/\\\/schema.org\",\"@graph\":[{\"@type\":\"Article\",\"@id\":\"https:\\\/\\\/vedruna.org\\\/ca\\\/fe-lideratge-i-formacio-a-la-pastoral-educativa-de-xile\\\/#article\",\"isPartOf\":{\"@id\":\"https:\\\/\\\/vedruna.org\\\/ca\\\/fe-lideratge-i-formacio-a-la-pastoral-educativa-de-xile\\\/\"},\"author\":{\"name\":\"Comunicaci\u00f3n Vedrunam\u00e9rica\",\"@id\":\"https:\\\/\\\/vedruna.org\\\/ca\\\/#\\\/schema\\\/person\\\/cf468646189533fb6a3aae475663fdc7\"},\"headline\":\"Fe, lideratge i formaci\u00f3 a la pastoral educativa de Xile\",\"datePublished\":\"2024-10-24T07:04:00+00:00\",\"dateModified\":\"2024-10-24T07:06:35+00:00\",\"mainEntityOfPage\":{\"@id\":\"https:\\\/\\\/vedruna.org\\\/ca\\\/fe-lideratge-i-formacio-a-la-pastoral-educativa-de-xile\\\/\"},\"wordCount\":353,\"publisher\":{\"@id\":\"https:\\\/\\\/vedruna.org\\\/ca\\\/#organization\"},\"image\":{\"@id\":\"https:\\\/\\\/vedruna.org\\\/ca\\\/fe-lideratge-i-formacio-a-la-pastoral-educativa-de-xile\\\/#primaryimage\"},\"thumbnailUrl\":\"https:\\\/\\\/vedruna.org\\\/wp-content\\\/uploads\\\/2024\\\/10\\\/Imagen1.jpg\",\"articleSection\":[\"Vedrunam\u00e8rica\",\"Xile\"],\"inLanguage\":\"ca\"},{\"@type\":\"WebPage\",\"@id\":\"https:\\\/\\\/vedruna.org\\\/ca\\\/fe-lideratge-i-formacio-a-la-pastoral-educativa-de-xile\\\/\",\"url\":\"https:\\\/\\\/vedruna.org\\\/ca\\\/fe-lideratge-i-formacio-a-la-pastoral-educativa-de-xile\\\/\",\"name\":\"Fe, lideratge i formaci\u00f3 a la pastoral educativa de Xile - Carmelitas de la Caridad Vedruna\",\"isPartOf\":{\"@id\":\"https:\\\/\\\/vedruna.org\\\/ca\\\/#website\"},\"primaryImageOfPage\":{\"@id\":\"https:\\\/\\\/vedruna.org\\\/ca\\\/fe-lideratge-i-formacio-a-la-pastoral-educativa-de-xile\\\/#primaryimage\"},\"image\":{\"@id\":\"https:\\\/\\\/vedruna.org\\\/ca\\\/fe-lideratge-i-formacio-a-la-pastoral-educativa-de-xile\\\/#primaryimage\"},\"thumbnailUrl\":\"https:\\\/\\\/vedruna.org\\\/wp-content\\\/uploads\\\/2024\\\/10\\\/Imagen1.jpg\",\"datePublished\":\"2024-10-24T07:04:00+00:00\",\"dateModified\":\"2024-10-24T07:06:35+00:00\",\"description\":\"Els alumnes de pastoral dels nostres 4 col\u00b7legis es troben per compartir, aprendre i reflexionar sobre lideratge.\",\"breadcrumb\":{\"@id\":\"https:\\\/\\\/vedruna.org\\\/ca\\\/fe-lideratge-i-formacio-a-la-pastoral-educativa-de-xile\\\/#breadcrumb\"},\"inLanguage\":\"ca\",\"potentialAction\":[{\"@type\":\"ReadAction\",\"target\":[\"https:\\\/\\\/vedruna.org\\\/ca\\\/fe-lideratge-i-formacio-a-la-pastoral-educativa-de-xile\\\/\"]}]},{\"@type\":\"ImageObject\",\"inLanguage\":\"ca\",\"@id\":\"https:\\\/\\\/vedruna.org\\\/ca\\\/fe-lideratge-i-formacio-a-la-pastoral-educativa-de-xile\\\/#primaryimage\",\"url\":\"https:\\\/\\\/vedruna.org\\\/wp-content\\\/uploads\\\/2024\\\/10\\\/Imagen1.jpg\",\"contentUrl\":\"https:\\\/\\\/vedruna.org\\\/wp-content\\\/uploads\\\/2024\\\/10\\\/Imagen1.jpg\",\"width\":581,\"height\":327},{\"@type\":\"BreadcrumbList\",\"@id\":\"https:\\\/\\\/vedruna.org\\\/ca\\\/fe-lideratge-i-formacio-a-la-pastoral-educativa-de-xile\\\/#breadcrumb\",\"itemListElement\":[{\"@type\":\"ListItem\",\"position\":1,\"name\":\"Portada\",\"item\":\"https:\\\/\\\/vedruna.org\\\/ca\\\/\"},{\"@type\":\"ListItem\",\"position\":2,\"name\":\"Fe, lideratge i formaci\u00f3 a la pastoral educativa de Xile\"}]},{\"@type\":\"WebSite\",\"@id\":\"https:\\\/\\\/vedruna.org\\\/ca\\\/#website\",\"url\":\"https:\\\/\\\/vedruna.org\\\/ca\\\/\",\"name\":\"Carmelitas de la Caridad Vedruna\",\"description\":\"Carmelitas de la caridad\",\"publisher\":{\"@id\":\"https:\\\/\\\/vedruna.org\\\/ca\\\/#organization\"},\"potentialAction\":[{\"@type\":\"SearchAction\",\"target\":{\"@type\":\"EntryPoint\",\"urlTemplate\":\"https:\\\/\\\/vedruna.org\\\/ca\\\/?s={search_term_string}\"},\"query-input\":{\"@type\":\"PropertyValueSpecification\",\"valueRequired\":true,\"valueName\":\"search_term_string\"}}],\"inLanguage\":\"ca\"},{\"@type\":\"Organization\",\"@id\":\"https:\\\/\\\/vedruna.org\\\/ca\\\/#organization\",\"name\":\"Carmelitas de la caridad Vedruna\",\"url\":\"https:\\\/\\\/vedruna.org\\\/ca\\\/\",\"logo\":{\"@type\":\"ImageObject\",\"inLanguage\":\"ca\",\"@id\":\"https:\\\/\\\/vedruna.org\\\/ca\\\/#\\\/schema\\\/logo\\\/image\\\/\",\"url\":\"https:\\\/\\\/vedruna.org\\\/wp-content\\\/uploads\\\/2022\\\/04\\\/LOGO-VEDRUNA-HORIZONTAL.png\",\"contentUrl\":\"https:\\\/\\\/vedruna.org\\\/wp-content\\\/uploads\\\/2022\\\/04\\\/LOGO-VEDRUNA-HORIZONTAL.png\",\"width\":1200,\"height\":463,\"caption\":\"Carmelitas de la caridad Vedruna\"},\"image\":{\"@id\":\"https:\\\/\\\/vedruna.org\\\/ca\\\/#\\\/schema\\\/logo\\\/image\\\/\"}},{\"@type\":\"Person\",\"@id\":\"https:\\\/\\\/vedruna.org\\\/ca\\\/#\\\/schema\\\/person\\\/cf468646189533fb6a3aae475663fdc7\",\"name\":\"Comunicaci\u00f3n Vedrunam\u00e9rica\",\"image\":{\"@type\":\"ImageObject\",\"inLanguage\":\"ca\",\"@id\":\"https:\\\/\\\/secure.gravatar.com\\\/avatar\\\/b4eff91ff87ece2131a5d31270e1df0a7eeaffece756ce6503fd7dce879d1bfc?s=96&d=mm&r=g\",\"url\":\"https:\\\/\\\/secure.gravatar.com\\\/avatar\\\/b4eff91ff87ece2131a5d31270e1df0a7eeaffece756ce6503fd7dce879d1bfc?s=96&d=mm&r=g\",\"contentUrl\":\"https:\\\/\\\/secure.gravatar.com\\\/avatar\\\/b4eff91ff87ece2131a5d31270e1df0a7eeaffece756ce6503fd7dce879d1bfc?s=96&d=mm&r=g\",\"caption\":\"Comunicaci\u00f3n Vedrunam\u00e9rica\"},\"url\":\"https:\\\/\\\/vedruna.org\\\/ca\\\/author\\\/comunicacion-vedrunamerica\\\/\"}]}<\/script>\n<!-- \/ Yoast SEO plugin. -->","yoast_head_json":{"title":"Fe, lideratge i formaci\u00f3 a la pastoral educativa de Xile - Carmelitas de la Caridad Vedruna","description":"Els alumnes de pastoral dels nostres 4 col\u00b7legis es troben per compartir, aprendre i reflexionar sobre lideratge.","robots":{"index":"index","follow":"follow","max-snippet":"max-snippet:-1","max-image-preview":"max-image-preview:large","max-video-preview":"max-video-preview:-1"},"canonical":"https:\/\/vedruna.org\/ca\/fe-lideratge-i-formacio-a-la-pastoral-educativa-de-xile\/","og_locale":"ca_ES","og_type":"article","og_title":"Fe, lideratge i formaci\u00f3 a la pastoral educativa de Xile - Carmelitas de la Caridad Vedruna","og_description":"Els alumnes de pastoral dels nostres 4 col\u00b7legis es troben per compartir, aprendre i reflexionar sobre lideratge.","og_url":"https:\/\/vedruna.org\/ca\/fe-lideratge-i-formacio-a-la-pastoral-educativa-de-xile\/","og_site_name":"Carmelitas de la Caridad Vedruna","article_published_time":"2024-10-24T07:04:00+00:00","article_modified_time":"2024-10-24T07:06:35+00:00","og_image":[{"width":581,"height":327,"url":"https:\/\/vedruna.org\/wp-content\/uploads\/2024\/10\/Imagen1.jpg","type":"image\/jpeg"}],"author":"Comunicaci\u00f3n Vedrunam\u00e9rica","twitter_card":"summary_large_image","twitter_misc":{"Escrit per":"Comunicaci\u00f3n Vedrunam\u00e9rica","Temps estimat de lectura":"2 minuts"},"schema":{"@context":"https:\/\/schema.org","@graph":[{"@type":"Article","@id":"https:\/\/vedruna.org\/ca\/fe-lideratge-i-formacio-a-la-pastoral-educativa-de-xile\/#article","isPartOf":{"@id":"https:\/\/vedruna.org\/ca\/fe-lideratge-i-formacio-a-la-pastoral-educativa-de-xile\/"},"author":{"name":"Comunicaci\u00f3n Vedrunam\u00e9rica","@id":"https:\/\/vedruna.org\/ca\/#\/schema\/person\/cf468646189533fb6a3aae475663fdc7"},"headline":"Fe, lideratge i formaci\u00f3 a la pastoral educativa de Xile","datePublished":"2024-10-24T07:04:00+00:00","dateModified":"2024-10-24T07:06:35+00:00","mainEntityOfPage":{"@id":"https:\/\/vedruna.org\/ca\/fe-lideratge-i-formacio-a-la-pastoral-educativa-de-xile\/"},"wordCount":353,"publisher":{"@id":"https:\/\/vedruna.org\/ca\/#organization"},"image":{"@id":"https:\/\/vedruna.org\/ca\/fe-lideratge-i-formacio-a-la-pastoral-educativa-de-xile\/#primaryimage"},"thumbnailUrl":"https:\/\/vedruna.org\/wp-content\/uploads\/2024\/10\/Imagen1.jpg","articleSection":["Vedrunam\u00e8rica","Xile"],"inLanguage":"ca"},{"@type":"WebPage","@id":"https:\/\/vedruna.org\/ca\/fe-lideratge-i-formacio-a-la-pastoral-educativa-de-xile\/","url":"https:\/\/vedruna.org\/ca\/fe-lideratge-i-formacio-a-la-pastoral-educativa-de-xile\/","name":"Fe, lideratge i formaci\u00f3 a la pastoral educativa de Xile - Carmelitas de la Caridad Vedruna","isPartOf":{"@id":"https:\/\/vedruna.org\/ca\/#website"},"primaryImageOfPage":{"@id":"https:\/\/vedruna.org\/ca\/fe-lideratge-i-formacio-a-la-pastoral-educativa-de-xile\/#primaryimage"},"image":{"@id":"https:\/\/vedruna.org\/ca\/fe-lideratge-i-formacio-a-la-pastoral-educativa-de-xile\/#primaryimage"},"thumbnailUrl":"https:\/\/vedruna.org\/wp-content\/uploads\/2024\/10\/Imagen1.jpg","datePublished":"2024-10-24T07:04:00+00:00","dateModified":"2024-10-24T07:06:35+00:00","description":"Els alumnes de pastoral dels nostres 4 col\u00b7legis es troben per compartir, aprendre i reflexionar sobre lideratge.","breadcrumb":{"@id":"https:\/\/vedruna.org\/ca\/fe-lideratge-i-formacio-a-la-pastoral-educativa-de-xile\/#breadcrumb"},"inLanguage":"ca","potentialAction":[{"@type":"ReadAction","target":["https:\/\/vedruna.org\/ca\/fe-lideratge-i-formacio-a-la-pastoral-educativa-de-xile\/"]}]},{"@type":"ImageObject","inLanguage":"ca","@id":"https:\/\/vedruna.org\/ca\/fe-lideratge-i-formacio-a-la-pastoral-educativa-de-xile\/#primaryimage","url":"https:\/\/vedruna.org\/wp-content\/uploads\/2024\/10\/Imagen1.jpg","contentUrl":"https:\/\/vedruna.org\/wp-content\/uploads\/2024\/10\/Imagen1.jpg","width":581,"height":327},{"@type":"BreadcrumbList","@id":"https:\/\/vedruna.org\/ca\/fe-lideratge-i-formacio-a-la-pastoral-educativa-de-xile\/#breadcrumb","itemListElement":[{"@type":"ListItem","position":1,"name":"Portada","item":"https:\/\/vedruna.org\/ca\/"},{"@type":"ListItem","position":2,"name":"Fe, lideratge i formaci\u00f3 a la pastoral educativa de Xile"}]},{"@type":"WebSite","@id":"https:\/\/vedruna.org\/ca\/#website","url":"https:\/\/vedruna.org\/ca\/","name":"Carmelitas de la Caridad Vedruna","description":"Carmelitas de la caridad","publisher":{"@id":"https:\/\/vedruna.org\/ca\/#organization"},"potentialAction":[{"@type":"SearchAction","target":{"@type":"EntryPoint","urlTemplate":"https:\/\/vedruna.org\/ca\/?s={search_term_string}"},"query-input":{"@type":"PropertyValueSpecification","valueRequired":true,"valueName":"search_term_string"}}],"inLanguage":"ca"},{"@type":"Organization","@id":"https:\/\/vedruna.org\/ca\/#organization","name":"Carmelitas de la caridad Vedruna","url":"https:\/\/vedruna.org\/ca\/","logo":{"@type":"ImageObject","inLanguage":"ca","@id":"https:\/\/vedruna.org\/ca\/#\/schema\/logo\/image\/","url":"https:\/\/vedruna.org\/wp-content\/uploads\/2022\/04\/LOGO-VEDRUNA-HORIZONTAL.png","contentUrl":"https:\/\/vedruna.org\/wp-content\/uploads\/2022\/04\/LOGO-VEDRUNA-HORIZONTAL.png","width":1200,"height":463,"caption":"Carmelitas de la caridad Vedruna"},"image":{"@id":"https:\/\/vedruna.org\/ca\/#\/schema\/logo\/image\/"}},{"@type":"Person","@id":"https:\/\/vedruna.org\/ca\/#\/schema\/person\/cf468646189533fb6a3aae475663fdc7","name":"Comunicaci\u00f3n Vedrunam\u00e9rica","image":{"@type":"ImageObject","inLanguage":"ca","@id":"https:\/\/secure.gravatar.com\/avatar\/b4eff91ff87ece2131a5d31270e1df0a7eeaffece756ce6503fd7dce879d1bfc?s=96&d=mm&r=g","url":"https:\/\/secure.gravatar.com\/avatar\/b4eff91ff87ece2131a5d31270e1df0a7eeaffece756ce6503fd7dce879d1bfc?s=96&d=mm&r=g","contentUrl":"https:\/\/secure.gravatar.com\/avatar\/b4eff91ff87ece2131a5d31270e1df0a7eeaffece756ce6503fd7dce879d1bfc?s=96&d=mm&r=g","caption":"Comunicaci\u00f3n Vedrunam\u00e9rica"},"url":"https:\/\/vedruna.org\/ca\/author\/comunicacion-vedrunamerica\/"}]}},"_links":{"self":[{"href":"https:\/\/vedruna.org\/ca\/wp-json\/wp\/v2\/posts\/14215","targetHints":{"allow":["GET"]}}],"collection":[{"href":"https:\/\/vedruna.org\/ca\/wp-json\/wp\/v2\/posts"}],"about":[{"href":"https:\/\/vedruna.org\/ca\/wp-json\/wp\/v2\/types\/post"}],"author":[{"embeddable":true,"href":"https:\/\/vedruna.org\/ca\/wp-json\/wp\/v2\/users\/4"}],"replies":[{"embeddable":true,"href":"https:\/\/vedruna.org\/ca\/wp-json\/wp\/v2\/comments?post=14215"}],"version-history":[{"count":1,"href":"https:\/\/vedruna.org\/ca\/wp-json\/wp\/v2\/posts\/14215\/revisions"}],"predecessor-version":[{"id":14216,"href":"https:\/\/vedruna.org\/ca\/wp-json\/wp\/v2\/posts\/14215\/revisions\/14216"}],"wp:featuredmedia":[{"embeddable":true,"href":"https:\/\/vedruna.org\/ca\/wp-json\/wp\/v2\/media\/13892"}],"wp:attachment":[{"href":"https:\/\/vedruna.org\/ca\/wp-json\/wp\/v2\/media?parent=14215"}],"wp:term":[{"taxonomy":"category","embeddable":true,"href":"https:\/\/vedruna.org\/ca\/wp-json\/wp\/v2\/categories?post=14215"},{"taxonomy":"post_tag","embeddable":true,"href":"https:\/\/vedruna.org\/ca\/wp-json\/wp\/v2\/tags?post=14215"}],"curies":[{"name":"wp","href":"https:\/\/api.w.org\/{rel}","templated":true}]}}