{"id":19953,"date":"2025-02-26T15:04:15","date_gmt":"2025-02-26T14:04:15","guid":{"rendered":"https:\/\/vedruna.org\/familia-carismatica-de-vedrunamerica-rumb-al-bicentenari-de-la-congregacio\/"},"modified":"2025-02-26T15:04:33","modified_gmt":"2025-02-26T14:04:33","slug":"familia-carismatica-de-vedrunamerica-rumb-al-bicentenari-de-la-congregacio","status":"publish","type":"post","link":"https:\/\/vedruna.org\/ca\/familia-carismatica-de-vedrunamerica-rumb-al-bicentenari-de-la-congregacio\/","title":{"rendered":"Fam\u00edlia Carism\u00e0tica de VedrunAm\u00e8rica, rumb al Bicentenari de la Congregaci\u00f3"},"content":{"rendered":"\n<p>El diumenge 23 de febrer ens hem trobat, via online, <strong>m\u00e9s de 200 persones pertanyents a la Fam\u00edlia Carism\u00e0tica de VedrunAm\u00e8rica<\/strong> , per unir-nos com a fam\u00edlia en preg\u00e0ria, agraint a D\u00e9u el do del Carisma Vedruna que va sembrar als nostres cors.<\/p>\n\n<p>La invitaci\u00f3 era per a tota la Fam\u00edlia Carism\u00e0tica: germanes, la\u00efcat associat, joves, educadors, antigues alumnes i altres grups, dels 13 pa\u00efsos on tenim pres\u00e8ncia Vedruna a Am\u00e8rica: Argentina, Xile, Uruguai, Per\u00fa, Puerto Rico, Brasil, Rep. Dominicana, Vene\u00e7uela, Estats Units, Col\u00f2mbia, Bol\u00edvia, Cuba. <\/p>\n<div class=\"pgc-sgb-cb wp-block-pgcsimplygalleryblock-slider \" data-gallery-id=\"1ef99372\"style=&quot;min-height:160px&quot;><div class=\"sgb-preloader\" id=\"pr_1ef99372\">\n\t<div class=\"sgb-square\" style=\"background:#d4d4d4\"><\/div>\n\t<div class=\"sgb-square\" style=\"background:#d4d4d4\"><\/div>\n\t<div class=\"sgb-square\" style=\"background:#d4d4d4\"><\/div>\n\t<div class=\"sgb-square\" style=\"background:#d4d4d4\"><\/div><\/div><div class=\"simply-gallery-amp pgc_sgb_slider \"><noscript><div class=\"sgb-gallery\"><div class=\"sgb-item\"><a href=\"https:\/\/vedruna.org\/?attachment_id=19851\" target=\"_blank\"><img decoding=\"async\" alt=\"\" width=\"300\" height=\"188\" loading=\"lazy\" src=\"https:\/\/vedruna.org\/wp-content\/uploads\/2025\/02\/1-Equipo-Provincial-300x188.png\" srcset=\"https:\/\/vedruna.org\/wp-content\/uploads\/2025\/02\/1-Equipo-Provincial-300x188.png 300w,https:\/\/vedruna.org\/wp-content\/uploads\/2025\/02\/1-Equipo-Provincial-1024x640.png 1024w,https:\/\/vedruna.org\/wp-content\/uploads\/2025\/02\/1-Equipo-Provincial.png 1920w\" sizes=\"250px\"\/><\/a><\/div><div class=\"sgb-item\"><a href=\"https:\/\/vedruna.org\/?attachment_id=19859\" target=\"_blank\"><img decoding=\"async\" alt=\"\" width=\"300\" height=\"213\" loading=\"lazy\" src=\"https:\/\/vedruna.org\/wp-content\/uploads\/2025\/02\/2-300x213.png\" srcset=\"https:\/\/vedruna.org\/wp-content\/uploads\/2025\/02\/2-300x213.png 300w,https:\/\/vedruna.org\/wp-content\/uploads\/2025\/02\/2-1024x727.png 1024w,https:\/\/vedruna.org\/wp-content\/uploads\/2025\/02\/2.png 1690w\" sizes=\"250px\"\/><\/a><\/div><div class=\"sgb-item\"><a href=\"https:\/\/vedruna.org\/?attachment_id=19855\" target=\"_blank\"><img decoding=\"async\" alt=\"\" width=\"300\" height=\"188\" loading=\"lazy\" src=\"https:\/\/vedruna.org\/wp-content\/uploads\/2025\/02\/3-Maria-Cecilia-Torres-LV-300x188.png\" srcset=\"https:\/\/vedruna.org\/wp-content\/uploads\/2025\/02\/3-Maria-Cecilia-Torres-LV-300x188.png 300w,https:\/\/vedruna.org\/wp-content\/uploads\/2025\/02\/3-Maria-Cecilia-Torres-LV-1024x640.png 1024w,https:\/\/vedruna.org\/wp-content\/uploads\/2025\/02\/3-Maria-Cecilia-Torres-LV.png 1920w\" sizes=\"250px\"\/><\/a><\/div><\/div><\/noscript><\/div><script type=\"application\/json\" class=\"sgb-data\">{\"externalLink\":false,\"captions\":false,\"collectionThumbSubMenuDownload\":false,\"collectionThumbSubMenuShare\":false,\"sliderMaxHeight\":160,\"sliderAdminWidth\":823,\"responsiveHeight\":true,\"sliderNextPrevNavigation\":false,\"sliderThumbsNavi\":false,\"galleryType\":\"pgc_sgb_slider\",\"galleryId\":\"1ef99372\",\"images\":[{\"id\":19851,\"title\":\"1-Equipo Provincial\",\"url\":\"https:\/\/vedruna.org\/wp-content\/uploads\/2025\/02\/1-Equipo-Provincial.png\",\"link\":\"https:\/\/vedruna.org\/?attachment_id=19851\",\"alt\":\"\",\"description\":\"\",\"caption\":\"\",\"mime\":\"image\/png\",\"type\":\"image\",\"width\":1920,\"height\":1200,\"sizes\":{\"thumbnail\":{\"height\":150,\"width\":150,\"url\":\"https:\/\/vedruna.org\/wp-content\/uploads\/2025\/02\/1-Equipo-Provincial-150x150.png\",\"orientation\":\"landscape\"},\"medium\":{\"height\":188,\"width\":300,\"url\":\"https:\/\/vedruna.org\/wp-content\/uploads\/2025\/02\/1-Equipo-Provincial-300x188.png\",\"orientation\":\"landscape\"},\"large\":{\"height\":640,\"width\":1024,\"url\":\"https:\/\/vedruna.org\/wp-content\/uploads\/2025\/02\/1-Equipo-Provincial-1024x640.png\",\"orientation\":\"landscape\"},\"full\":{\"url\":\"https:\/\/vedruna.org\/wp-content\/uploads\/2025\/02\/1-Equipo-Provincial.png\",\"height\":1200,\"width\":1920,\"orientation\":\"landscape\"}},\"imageMeta\":{\"aperture\":\"0\",\"credit\":\"\",\"camera\":\"\",\"caption\":\"\",\"created_timestamp\":\"0\",\"copyright\":\"\",\"focal_length\":\"0\",\"iso\":\"0\",\"shutter_speed\":\"0\",\"title\":\"\",\"orientation\":\"0\",\"keywords\":[]},\"meta\":false,\"postlink\":\"https:\/\/vedruna.org\/?attachment_id=19851\"},{\"id\":19859,\"title\":\"2\",\"url\":\"https:\/\/vedruna.org\/wp-content\/uploads\/2025\/02\/2.png\",\"link\":\"https:\/\/vedruna.org\/?attachment_id=19859\",\"alt\":\"\",\"description\":\"\",\"caption\":\"\",\"mime\":\"image\/png\",\"type\":\"image\",\"width\":1690,\"height\":1200,\"sizes\":{\"thumbnail\":{\"height\":150,\"width\":150,\"url\":\"https:\/\/vedruna.org\/wp-content\/uploads\/2025\/02\/2-150x150.png\",\"orientation\":\"landscape\"},\"medium\":{\"height\":213,\"width\":300,\"url\":\"https:\/\/vedruna.org\/wp-content\/uploads\/2025\/02\/2-300x213.png\",\"orientation\":\"landscape\"},\"large\":{\"height\":727,\"width\":1024,\"url\":\"https:\/\/vedruna.org\/wp-content\/uploads\/2025\/02\/2-1024x727.png\",\"orientation\":\"landscape\"},\"full\":{\"url\":\"https:\/\/vedruna.org\/wp-content\/uploads\/2025\/02\/2.png\",\"height\":1200,\"width\":1690,\"orientation\":\"landscape\"}},\"imageMeta\":{\"aperture\":\"0\",\"credit\":\"\",\"camera\":\"\",\"caption\":\"\",\"created_timestamp\":\"0\",\"copyright\":\"\",\"focal_length\":\"0\",\"iso\":\"0\",\"shutter_speed\":\"0\",\"title\":\"\",\"orientation\":\"0\",\"keywords\":[]},\"meta\":false,\"postlink\":\"https:\/\/vedruna.org\/?attachment_id=19859\"},{\"id\":19855,\"title\":\"3-Mar\u00eda Cecilia Torres, LV\",\"url\":\"https:\/\/vedruna.org\/wp-content\/uploads\/2025\/02\/3-Maria-Cecilia-Torres-LV.png\",\"link\":\"https:\/\/vedruna.org\/?attachment_id=19855\",\"alt\":\"\",\"description\":\"\",\"caption\":\"\",\"mime\":\"image\/png\",\"type\":\"image\",\"width\":1920,\"height\":1200,\"sizes\":{\"thumbnail\":{\"height\":150,\"width\":150,\"url\":\"https:\/\/vedruna.org\/wp-content\/uploads\/2025\/02\/3-Maria-Cecilia-Torres-LV-150x150.png\",\"orientation\":\"landscape\"},\"medium\":{\"height\":188,\"width\":300,\"url\":\"https:\/\/vedruna.org\/wp-content\/uploads\/2025\/02\/3-Maria-Cecilia-Torres-LV-300x188.png\",\"orientation\":\"landscape\"},\"large\":{\"height\":640,\"width\":1024,\"url\":\"https:\/\/vedruna.org\/wp-content\/uploads\/2025\/02\/3-Maria-Cecilia-Torres-LV-1024x640.png\",\"orientation\":\"landscape\"},\"full\":{\"url\":\"https:\/\/vedruna.org\/wp-content\/uploads\/2025\/02\/3-Maria-Cecilia-Torres-LV.png\",\"height\":1200,\"width\":1920,\"orientation\":\"landscape\"}},\"imageMeta\":{\"aperture\":\"0\",\"credit\":\"\",\"camera\":\"\",\"caption\":\"\",\"created_timestamp\":\"0\",\"copyright\":\"\",\"focal_length\":\"0\",\"iso\":\"0\",\"shutter_speed\":\"0\",\"title\":\"\",\"orientation\":\"0\",\"keywords\":[]},\"meta\":false,\"postlink\":\"https:\/\/vedruna.org\/?attachment_id=19855\"}],\"translatedWithWPMLTM\":\"1\",\"itemsMetaDataCollection\":[]}<\/script><script>(function(){if(window.PGC_SGB && window.PGC_SGB.searcher){window.PGC_SGB.searcher.initBlocks()}})()<\/script><\/div>\n<div style=\"height:25px\" aria-hidden=\"true\" class=\"wp-block-spacer\"><\/div>\n\n<p>Amb alegria, en entrar a la plataforma, a trav\u00e9s de la pantalla vam ser reconeixent-nos, saludant-nos, i preocupant-nos les unes per les altres.<\/p>\n\n<p>Despr\u00e9s de l&#8217;obertura realitzada per l&#8217; <strong>Equip Provincial<\/strong> , l&#8217;oraci\u00f3 va ser guiada per l&#8217; <strong>Equip Fam\u00edlia Carism\u00e0tica<\/strong> que, a trav\u00e9s de Maria Cecilia Torres del Laicat Vedruna, amb molta creativitat ens va anar endinsant en aquest moment de preg\u00e0ria, donant espai per a totes, germanes, laics, joves, educadors\u2026 d&#8217;acord amb la data d&#8217;arribada del Caris.<\/p>\n\n<p>Hi va haver moments de silenci, de compartir, de cantar, d&#8217;agrair per tant do rebut, i tamb\u00e9 de demanar perqu\u00e8 hi continu\u00ef havent persones disposades a seguir arrelant i arrelant el carisma a cada lloc on som o hem estat present.<\/p>\n\n<p>El tancament us el deixem a l&#8217;Equip conformat per organitzar i dinamitzar les activitats del Bicentenari a la prov\u00edncia. Un malbaratament de vida i esperan\u00e7a ens va anar inundant, descobrir com <strong>el Carisma segueix viu<\/strong> i estenent-se despr\u00e9s de 200 anys ens va omplir de joia. <\/p>\n<div class=\"pgc-sgb-cb wp-block-pgcsimplygalleryblock-slider \" data-gallery-id=\"adf16819\"style=&quot;min-height:200px&quot;><div class=\"sgb-preloader\" id=\"pr_adf16819\">\n\t<div class=\"sgb-square\" style=\"background:#d4d4d4\"><\/div>\n\t<div class=\"sgb-square\" style=\"background:#d4d4d4\"><\/div>\n\t<div class=\"sgb-square\" style=\"background:#d4d4d4\"><\/div>\n\t<div class=\"sgb-square\" style=\"background:#d4d4d4\"><\/div><\/div><div class=\"simply-gallery-amp pgc_sgb_slider \"><noscript><div class=\"sgb-gallery\"><div class=\"sgb-item\"><a href=\"https:\/\/vedruna.org\/?attachment_id=19867\" target=\"_blank\"><img decoding=\"async\" alt=\"\" width=\"300\" height=\"188\" loading=\"lazy\" src=\"https:\/\/vedruna.org\/wp-content\/uploads\/2025\/02\/4-bicentenario8-300x188.png\" srcset=\"https:\/\/vedruna.org\/wp-content\/uploads\/2025\/02\/4-bicentenario8-300x188.png 300w,https:\/\/vedruna.org\/wp-content\/uploads\/2025\/02\/4-bicentenario8-1024x640.png 1024w,https:\/\/vedruna.org\/wp-content\/uploads\/2025\/02\/4-bicentenario8.png 1920w\" sizes=\"250px\"\/><\/a><\/div><div class=\"sgb-item\"><a href=\"https:\/\/vedruna.org\/?attachment_id=19871\" target=\"_blank\"><img decoding=\"async\" alt=\"\" width=\"300\" height=\"188\" loading=\"lazy\" src=\"https:\/\/vedruna.org\/wp-content\/uploads\/2025\/02\/5-bicentenario3-300x188.png\" srcset=\"https:\/\/vedruna.org\/wp-content\/uploads\/2025\/02\/5-bicentenario3-300x188.png 300w,https:\/\/vedruna.org\/wp-content\/uploads\/2025\/02\/5-bicentenario3-1024x640.png 1024w,https:\/\/vedruna.org\/wp-content\/uploads\/2025\/02\/5-bicentenario3.png 1920w\" sizes=\"250px\"\/><\/a><\/div><div class=\"sgb-item\"><a href=\"https:\/\/vedruna.org\/?attachment_id=19863\" target=\"_blank\"><img decoding=\"async\" alt=\"\" width=\"300\" height=\"188\" loading=\"lazy\" src=\"https:\/\/vedruna.org\/wp-content\/uploads\/2025\/02\/6-bicentenario1-300x188.png\" srcset=\"https:\/\/vedruna.org\/wp-content\/uploads\/2025\/02\/6-bicentenario1-300x188.png 300w,https:\/\/vedruna.org\/wp-content\/uploads\/2025\/02\/6-bicentenario1-1024x640.png 1024w,https:\/\/vedruna.org\/wp-content\/uploads\/2025\/02\/6-bicentenario1.png 1920w\" sizes=\"250px\"\/><\/a><\/div><\/div><\/noscript><\/div><script type=\"application\/json\" class=\"sgb-data\">{\"externalLink\":false,\"captions\":false,\"collectionThumbSubMenuDownload\":false,\"collectionThumbSubMenuShare\":false,\"sliderMaxHeight\":200,\"sliderAdminWidth\":823,\"responsiveHeight\":true,\"sliderNextPrevNavigation\":false,\"sliderThumbsNavi\":false,\"galleryType\":\"pgc_sgb_slider\",\"galleryId\":\"adf16819\",\"images\":[{\"id\":19867,\"title\":\"4-bicentenario8\",\"url\":\"https:\/\/vedruna.org\/wp-content\/uploads\/2025\/02\/4-bicentenario8.png\",\"link\":\"https:\/\/vedruna.org\/?attachment_id=19867\",\"alt\":\"\",\"description\":\"\",\"caption\":\"\",\"mime\":\"image\/png\",\"type\":\"image\",\"width\":1920,\"height\":1200,\"sizes\":{\"thumbnail\":{\"height\":150,\"width\":150,\"url\":\"https:\/\/vedruna.org\/wp-content\/uploads\/2025\/02\/4-bicentenario8-150x150.png\",\"orientation\":\"landscape\"},\"medium\":{\"height\":188,\"width\":300,\"url\":\"https:\/\/vedruna.org\/wp-content\/uploads\/2025\/02\/4-bicentenario8-300x188.png\",\"orientation\":\"landscape\"},\"large\":{\"height\":640,\"width\":1024,\"url\":\"https:\/\/vedruna.org\/wp-content\/uploads\/2025\/02\/4-bicentenario8-1024x640.png\",\"orientation\":\"landscape\"},\"full\":{\"url\":\"https:\/\/vedruna.org\/wp-content\/uploads\/2025\/02\/4-bicentenario8.png\",\"height\":1200,\"width\":1920,\"orientation\":\"landscape\"}},\"imageMeta\":{\"aperture\":\"0\",\"credit\":\"\",\"camera\":\"\",\"caption\":\"\",\"created_timestamp\":\"0\",\"copyright\":\"\",\"focal_length\":\"0\",\"iso\":\"0\",\"shutter_speed\":\"0\",\"title\":\"\",\"orientation\":\"0\",\"keywords\":[]},\"meta\":false,\"postlink\":\"https:\/\/vedruna.org\/?attachment_id=19867\"},{\"id\":19871,\"title\":\"5-bicentenario3\",\"url\":\"https:\/\/vedruna.org\/wp-content\/uploads\/2025\/02\/5-bicentenario3.png\",\"link\":\"https:\/\/vedruna.org\/?attachment_id=19871\",\"alt\":\"\",\"description\":\"\",\"caption\":\"\",\"mime\":\"image\/png\",\"type\":\"image\",\"width\":1920,\"height\":1200,\"sizes\":{\"thumbnail\":{\"height\":150,\"width\":150,\"url\":\"https:\/\/vedruna.org\/wp-content\/uploads\/2025\/02\/5-bicentenario3-150x150.png\",\"orientation\":\"landscape\"},\"medium\":{\"height\":188,\"width\":300,\"url\":\"https:\/\/vedruna.org\/wp-content\/uploads\/2025\/02\/5-bicentenario3-300x188.png\",\"orientation\":\"landscape\"},\"large\":{\"height\":640,\"width\":1024,\"url\":\"https:\/\/vedruna.org\/wp-content\/uploads\/2025\/02\/5-bicentenario3-1024x640.png\",\"orientation\":\"landscape\"},\"full\":{\"url\":\"https:\/\/vedruna.org\/wp-content\/uploads\/2025\/02\/5-bicentenario3.png\",\"height\":1200,\"width\":1920,\"orientation\":\"landscape\"}},\"imageMeta\":{\"aperture\":\"0\",\"credit\":\"\",\"camera\":\"\",\"caption\":\"\",\"created_timestamp\":\"0\",\"copyright\":\"\",\"focal_length\":\"0\",\"iso\":\"0\",\"shutter_speed\":\"0\",\"title\":\"\",\"orientation\":\"0\",\"keywords\":[]},\"meta\":false,\"postlink\":\"https:\/\/vedruna.org\/?attachment_id=19871\"},{\"id\":19863,\"title\":\"6-bicentenario1\",\"url\":\"https:\/\/vedruna.org\/wp-content\/uploads\/2025\/02\/6-bicentenario1.png\",\"link\":\"https:\/\/vedruna.org\/?attachment_id=19863\",\"alt\":\"\",\"description\":\"\",\"caption\":\"\",\"mime\":\"image\/png\",\"type\":\"image\",\"width\":1920,\"height\":1200,\"sizes\":{\"thumbnail\":{\"height\":150,\"width\":150,\"url\":\"https:\/\/vedruna.org\/wp-content\/uploads\/2025\/02\/6-bicentenario1-150x150.png\",\"orientation\":\"landscape\"},\"medium\":{\"height\":188,\"width\":300,\"url\":\"https:\/\/vedruna.org\/wp-content\/uploads\/2025\/02\/6-bicentenario1-300x188.png\",\"orientation\":\"landscape\"},\"large\":{\"height\":640,\"width\":1024,\"url\":\"https:\/\/vedruna.org\/wp-content\/uploads\/2025\/02\/6-bicentenario1-1024x640.png\",\"orientation\":\"landscape\"},\"full\":{\"url\":\"https:\/\/vedruna.org\/wp-content\/uploads\/2025\/02\/6-bicentenario1.png\",\"height\":1200,\"width\":1920,\"orientation\":\"landscape\"}},\"imageMeta\":{\"aperture\":\"0\",\"credit\":\"\",\"camera\":\"\",\"caption\":\"\",\"created_timestamp\":\"0\",\"copyright\":\"\",\"focal_length\":\"0\",\"iso\":\"0\",\"shutter_speed\":\"0\",\"title\":\"\",\"orientation\":\"0\",\"keywords\":[]},\"meta\":false,\"postlink\":\"https:\/\/vedruna.org\/?attachment_id=19863\"}],\"translatedWithWPMLTM\":\"1\",\"itemsMetaDataCollection\":[]}<\/script><script>(function(){if(window.PGC_SGB && window.PGC_SGB.searcher){window.PGC_SGB.searcher.initBlocks()}})()<\/script><\/div>\n<div style=\"height:25px\" aria-hidden=\"true\" class=\"wp-block-spacer\"><\/div>\n\n<p><strong>Hna. Yulian Torres<\/strong>, coordinadora d&#8217;aquest equip despr\u00e9s d&#8217;explicar-nos els objectius, ens va donar algunes pautes del cam\u00ed a seguir durant aquests dos anys de celebraci\u00f3, de febrer 2025 a febrer 2027. S\u00f3n dos anys perqu\u00e8 \u00e9s molta la vida a dinamitzar, compartir, celebrar i transmetre a les noves generacions. <\/p>\n<div class=\"pgc-sgb-cb wp-block-pgcsimplygalleryblock-slider \" data-gallery-id=\"a9321266\"style=&quot;min-height:280px&quot;><div class=\"sgb-preloader\" id=\"pr_a9321266\">\n\t<div class=\"sgb-square\" style=\"background:#d4d4d4\"><\/div>\n\t<div class=\"sgb-square\" style=\"background:#d4d4d4\"><\/div>\n\t<div class=\"sgb-square\" style=\"background:#d4d4d4\"><\/div>\n\t<div class=\"sgb-square\" style=\"background:#d4d4d4\"><\/div><\/div><div class=\"simply-gallery-amp pgc_sgb_slider \"><noscript><div class=\"sgb-gallery\"><div class=\"sgb-item\"><a href=\"https:\/\/vedruna.org\/?attachment_id=19875\" target=\"_blank\"><img decoding=\"async\" alt=\"\" width=\"300\" height=\"188\" loading=\"lazy\" src=\"https:\/\/vedruna.org\/wp-content\/uploads\/2025\/02\/7-bicentenario4-300x188.png\" srcset=\"https:\/\/vedruna.org\/wp-content\/uploads\/2025\/02\/7-bicentenario4-300x188.png 300w,https:\/\/vedruna.org\/wp-content\/uploads\/2025\/02\/7-bicentenario4-1024x640.png 1024w,https:\/\/vedruna.org\/wp-content\/uploads\/2025\/02\/7-bicentenario4.png 1920w\" sizes=\"250px\"\/><\/a><\/div><div class=\"sgb-item\"><a href=\"https:\/\/vedruna.org\/?attachment_id=19883\" target=\"_blank\"><img decoding=\"async\" alt=\"\" width=\"300\" height=\"188\" loading=\"lazy\" src=\"https:\/\/vedruna.org\/wp-content\/uploads\/2025\/02\/8-bicentenario7-300x188.png\" srcset=\"https:\/\/vedruna.org\/wp-content\/uploads\/2025\/02\/8-bicentenario7-300x188.png 300w,https:\/\/vedruna.org\/wp-content\/uploads\/2025\/02\/8-bicentenario7-1024x640.png 1024w,https:\/\/vedruna.org\/wp-content\/uploads\/2025\/02\/8-bicentenario7.png 1920w\" sizes=\"250px\"\/><\/a><\/div><div class=\"sgb-item\"><a href=\"https:\/\/vedruna.org\/?attachment_id=19879\" target=\"_blank\"><img decoding=\"async\" alt=\"\" width=\"300\" height=\"188\" loading=\"lazy\" src=\"https:\/\/vedruna.org\/wp-content\/uploads\/2025\/02\/9-bicentenario5-300x188.png\" srcset=\"https:\/\/vedruna.org\/wp-content\/uploads\/2025\/02\/9-bicentenario5-300x188.png 300w,https:\/\/vedruna.org\/wp-content\/uploads\/2025\/02\/9-bicentenario5-1024x640.png 1024w,https:\/\/vedruna.org\/wp-content\/uploads\/2025\/02\/9-bicentenario5.png 1920w\" sizes=\"250px\"\/><\/a><\/div><div class=\"sgb-item\"><a href=\"https:\/\/vedruna.org\/?attachment_id=19887\" target=\"_blank\"><img decoding=\"async\" alt=\"\" width=\"300\" height=\"188\" loading=\"lazy\" src=\"https:\/\/vedruna.org\/wp-content\/uploads\/2025\/02\/10-bicentenario6-300x188.png\" srcset=\"https:\/\/vedruna.org\/wp-content\/uploads\/2025\/02\/10-bicentenario6-300x188.png 300w,https:\/\/vedruna.org\/wp-content\/uploads\/2025\/02\/10-bicentenario6-1024x640.png 1024w,https:\/\/vedruna.org\/wp-content\/uploads\/2025\/02\/10-bicentenario6.png 1920w\" sizes=\"250px\"\/><\/a><\/div><\/div><\/noscript><\/div><script type=\"application\/json\" class=\"sgb-data\">{\"externalLink\":false,\"captions\":false,\"collectionThumbSubMenuDownload\":false,\"collectionThumbSubMenuShare\":false,\"sliderMaxHeight\":280,\"sliderAdminWidth\":823,\"collectionColumns\":2,\"galleryType\":\"pgc_sgb_slider\",\"galleryId\":\"a9321266\",\"images\":[{\"id\":19875,\"title\":\"7-bicentenario4\",\"url\":\"https:\/\/vedruna.org\/wp-content\/uploads\/2025\/02\/7-bicentenario4.png\",\"link\":\"https:\/\/vedruna.org\/?attachment_id=19875\",\"alt\":\"\",\"description\":\"\",\"caption\":\"\",\"mime\":\"image\/png\",\"type\":\"image\",\"width\":1920,\"height\":1200,\"sizes\":{\"thumbnail\":{\"height\":150,\"width\":150,\"url\":\"https:\/\/vedruna.org\/wp-content\/uploads\/2025\/02\/7-bicentenario4-150x150.png\",\"orientation\":\"landscape\"},\"medium\":{\"height\":188,\"width\":300,\"url\":\"https:\/\/vedruna.org\/wp-content\/uploads\/2025\/02\/7-bicentenario4-300x188.png\",\"orientation\":\"landscape\"},\"large\":{\"height\":640,\"width\":1024,\"url\":\"https:\/\/vedruna.org\/wp-content\/uploads\/2025\/02\/7-bicentenario4-1024x640.png\",\"orientation\":\"landscape\"},\"full\":{\"url\":\"https:\/\/vedruna.org\/wp-content\/uploads\/2025\/02\/7-bicentenario4.png\",\"height\":1200,\"width\":1920,\"orientation\":\"landscape\"}},\"imageMeta\":{\"aperture\":\"0\",\"credit\":\"\",\"camera\":\"\",\"caption\":\"\",\"created_timestamp\":\"0\",\"copyright\":\"\",\"focal_length\":\"0\",\"iso\":\"0\",\"shutter_speed\":\"0\",\"title\":\"\",\"orientation\":\"0\",\"keywords\":[]},\"meta\":false,\"postlink\":\"https:\/\/vedruna.org\/?attachment_id=19875\"},{\"id\":19883,\"title\":\"8-bicentenario7\",\"url\":\"https:\/\/vedruna.org\/wp-content\/uploads\/2025\/02\/8-bicentenario7.png\",\"link\":\"https:\/\/vedruna.org\/?attachment_id=19883\",\"alt\":\"\",\"description\":\"\",\"caption\":\"\",\"mime\":\"image\/png\",\"type\":\"image\",\"width\":1920,\"height\":1200,\"sizes\":{\"thumbnail\":{\"height\":150,\"width\":150,\"url\":\"https:\/\/vedruna.org\/wp-content\/uploads\/2025\/02\/8-bicentenario7-150x150.png\",\"orientation\":\"landscape\"},\"medium\":{\"height\":188,\"width\":300,\"url\":\"https:\/\/vedruna.org\/wp-content\/uploads\/2025\/02\/8-bicentenario7-300x188.png\",\"orientation\":\"landscape\"},\"large\":{\"height\":640,\"width\":1024,\"url\":\"https:\/\/vedruna.org\/wp-content\/uploads\/2025\/02\/8-bicentenario7-1024x640.png\",\"orientation\":\"landscape\"},\"full\":{\"url\":\"https:\/\/vedruna.org\/wp-content\/uploads\/2025\/02\/8-bicentenario7.png\",\"height\":1200,\"width\":1920,\"orientation\":\"landscape\"}},\"imageMeta\":{\"aperture\":\"0\",\"credit\":\"\",\"camera\":\"\",\"caption\":\"\",\"created_timestamp\":\"0\",\"copyright\":\"\",\"focal_length\":\"0\",\"iso\":\"0\",\"shutter_speed\":\"0\",\"title\":\"\",\"orientation\":\"0\",\"keywords\":[]},\"meta\":false,\"postlink\":\"https:\/\/vedruna.org\/?attachment_id=19883\"},{\"id\":19879,\"title\":\"9-bicentenario5\",\"url\":\"https:\/\/vedruna.org\/wp-content\/uploads\/2025\/02\/9-bicentenario5.png\",\"link\":\"https:\/\/vedruna.org\/?attachment_id=19879\",\"alt\":\"\",\"description\":\"\",\"caption\":\"\",\"mime\":\"image\/png\",\"type\":\"image\",\"width\":1920,\"height\":1200,\"sizes\":{\"thumbnail\":{\"height\":150,\"width\":150,\"url\":\"https:\/\/vedruna.org\/wp-content\/uploads\/2025\/02\/9-bicentenario5-150x150.png\",\"orientation\":\"landscape\"},\"medium\":{\"height\":188,\"width\":300,\"url\":\"https:\/\/vedruna.org\/wp-content\/uploads\/2025\/02\/9-bicentenario5-300x188.png\",\"orientation\":\"landscape\"},\"large\":{\"height\":640,\"width\":1024,\"url\":\"https:\/\/vedruna.org\/wp-content\/uploads\/2025\/02\/9-bicentenario5-1024x640.png\",\"orientation\":\"landscape\"},\"full\":{\"url\":\"https:\/\/vedruna.org\/wp-content\/uploads\/2025\/02\/9-bicentenario5.png\",\"height\":1200,\"width\":1920,\"orientation\":\"landscape\"}},\"imageMeta\":{\"aperture\":\"0\",\"credit\":\"\",\"camera\":\"\",\"caption\":\"\",\"created_timestamp\":\"0\",\"copyright\":\"\",\"focal_length\":\"0\",\"iso\":\"0\",\"shutter_speed\":\"0\",\"title\":\"\",\"orientation\":\"0\",\"keywords\":[]},\"meta\":false,\"postlink\":\"https:\/\/vedruna.org\/?attachment_id=19879\"},{\"id\":19887,\"title\":\"10-bicentenario6\",\"url\":\"https:\/\/vedruna.org\/wp-content\/uploads\/2025\/02\/10-bicentenario6.png\",\"link\":\"https:\/\/vedruna.org\/?attachment_id=19887\",\"alt\":\"\",\"description\":\"\",\"caption\":\"\",\"mime\":\"image\/png\",\"type\":\"image\",\"width\":1920,\"height\":1200,\"sizes\":{\"thumbnail\":{\"height\":150,\"width\":150,\"url\":\"https:\/\/vedruna.org\/wp-content\/uploads\/2025\/02\/10-bicentenario6-150x150.png\",\"orientation\":\"landscape\"},\"medium\":{\"height\":188,\"width\":300,\"url\":\"https:\/\/vedruna.org\/wp-content\/uploads\/2025\/02\/10-bicentenario6-300x188.png\",\"orientation\":\"landscape\"},\"large\":{\"height\":640,\"width\":1024,\"url\":\"https:\/\/vedruna.org\/wp-content\/uploads\/2025\/02\/10-bicentenario6-1024x640.png\",\"orientation\":\"landscape\"},\"full\":{\"url\":\"https:\/\/vedruna.org\/wp-content\/uploads\/2025\/02\/10-bicentenario6.png\",\"height\":1200,\"width\":1920,\"orientation\":\"landscape\"}},\"imageMeta\":{\"aperture\":\"0\",\"credit\":\"\",\"camera\":\"\",\"caption\":\"\",\"created_timestamp\":\"0\",\"copyright\":\"\",\"focal_length\":\"0\",\"iso\":\"0\",\"shutter_speed\":\"0\",\"title\":\"\",\"orientation\":\"0\",\"keywords\":[]},\"meta\":false,\"postlink\":\"https:\/\/vedruna.org\/?attachment_id=19887\"}],\"translatedWithWPMLTM\":\"1\",\"itemsMetaDataCollection\":[]}<\/script><script>(function(){if(window.PGC_SGB && window.PGC_SGB.searcher){window.PGC_SGB.searcher.initBlocks()}})()<\/script><\/div>\n<div style=\"height:25px\" aria-hidden=\"true\" class=\"wp-block-spacer\"><\/div>\n\n<p>Ens va compartir el lema amb qu\u00e8 celebrarem aquest Bicentenari, que \u00e9s <strong>\u201cAmor gener\u00f3s, missi\u00f3 que inspira\u201d<\/strong> . Tamb\u00e9 ens va explicar el contingut i significat de cada element que compon el logo (cor, brot de planta, estrella i colom), el significat dels colors utilitzats (vermell, verd, blau i taronja) i com a Am\u00e8rica el treballarem. Aquest any 2025 ens focalitzarem a la primera part del lema: <strong>\u201cAmor gener\u00f3s, \u2026\u201d<\/strong> ; mentre que l&#8217;any 2026, aprofundirem a la segona part \u201c\u2026 <strong>missi\u00f3 que inspira\u201d.<\/strong>  <\/p>\n\n<p>A partir d&#8217;aquest moment es d\u00f3na per <strong>inaugurat l&#8217;any del Bicentenari<\/strong> <strong>de la Congregaci\u00f3 Germanes Carmelites de la Caritat Vedruna al m\u00f3n<\/strong> , i ens animem a viure&#8217;l amb for\u00e7a, energia i sobretot, amb molt d&#8217;amor i entrega.<\/p>\n\n<p class=\"has-text-align-right\"><strong>Hna. Isabel Migu\u00e9lez, CCV<\/strong><\/p>\n\n<figure class=\"wp-block-gallery has-nested-images columns-default is-cropped wp-block-gallery-1 is-layout-flex wp-block-gallery-is-layout-flex\">\n<figure class=\"wp-block-image size-large\"><img loading=\"lazy\" decoding=\"async\" width=\"1024\" height=\"640\" data-id=\"19891\" src=\"https:\/\/vedruna.org\/wp-content\/uploads\/2025\/02\/11-Alvaro_-Brasil-1024x640.png\" alt=\"\" class=\"wp-image-19891\" srcset=\"https:\/\/vedruna.org\/wp-content\/uploads\/2025\/02\/11-Alvaro_-Brasil-980x613.png 980w, https:\/\/vedruna.org\/wp-content\/uploads\/2025\/02\/11-Alvaro_-Brasil-480x300.png 480w\" sizes=\"(min-width: 0px) and (max-width: 480px) 480px, (min-width: 481px) and (max-width: 980px) 980px, (min-width: 981px) 1024px, 100vw\" \/><\/figure>\n\n\n\n<figure class=\"wp-block-image size-large\"><img loading=\"lazy\" decoding=\"async\" width=\"1024\" height=\"640\" data-id=\"19903\" src=\"https:\/\/vedruna.org\/wp-content\/uploads\/2025\/02\/12-Karla-Baldivian-Bolivia-1024x640.png\" alt=\"\" class=\"wp-image-19903\" srcset=\"https:\/\/vedruna.org\/wp-content\/uploads\/2025\/02\/12-Karla-Baldivian-Bolivia-980x613.png 980w, https:\/\/vedruna.org\/wp-content\/uploads\/2025\/02\/12-Karla-Baldivian-Bolivia-480x300.png 480w\" sizes=\"(min-width: 0px) and (max-width: 480px) 480px, (min-width: 481px) and (max-width: 980px) 980px, (min-width: 981px) 1024px, 100vw\" \/><\/figure>\n\n\n\n<figure class=\"wp-block-image size-large\"><img loading=\"lazy\" decoding=\"async\" width=\"1024\" height=\"640\" data-id=\"19899\" src=\"https:\/\/vedruna.org\/wp-content\/uploads\/2025\/02\/13-Cuba-MJV-1024x640.png\" alt=\"\" class=\"wp-image-19899\" srcset=\"https:\/\/vedruna.org\/wp-content\/uploads\/2025\/02\/13-Cuba-MJV-980x613.png 980w, https:\/\/vedruna.org\/wp-content\/uploads\/2025\/02\/13-Cuba-MJV-480x300.png 480w\" sizes=\"(min-width: 0px) and (max-width: 480px) 480px, (min-width: 481px) and (max-width: 980px) 980px, (min-width: 981px) 1024px, 100vw\" \/><\/figure>\n\n\n\n<figure class=\"wp-block-image size-large\"><img loading=\"lazy\" decoding=\"async\" width=\"1024\" height=\"640\" data-id=\"19919\" src=\"https:\/\/vedruna.org\/wp-content\/uploads\/2025\/02\/14-Estados-Unidos-1024x640.png\" alt=\"\" class=\"wp-image-19919\" srcset=\"https:\/\/vedruna.org\/wp-content\/uploads\/2025\/02\/14-Estados-Unidos-980x613.png 980w, https:\/\/vedruna.org\/wp-content\/uploads\/2025\/02\/14-Estados-Unidos-480x300.png 480w\" sizes=\"(min-width: 0px) and (max-width: 480px) 480px, (min-width: 481px) and (max-width: 980px) 980px, (min-width: 981px) 1024px, 100vw\" \/><\/figure>\n\n\n\n<figure class=\"wp-block-image size-large\"><img loading=\"lazy\" decoding=\"async\" width=\"1024\" height=\"640\" data-id=\"19907\" src=\"https:\/\/vedruna.org\/wp-content\/uploads\/2025\/02\/15-Trina-Hernandez-Venezuela-1024x640.png\" alt=\"\" class=\"wp-image-19907\" srcset=\"https:\/\/vedruna.org\/wp-content\/uploads\/2025\/02\/15-Trina-Hernandez-Venezuela-980x613.png 980w, https:\/\/vedruna.org\/wp-content\/uploads\/2025\/02\/15-Trina-Hernandez-Venezuela-480x300.png 480w\" sizes=\"(min-width: 0px) and (max-width: 480px) 480px, (min-width: 481px) and (max-width: 980px) 980px, (min-width: 981px) 1024px, 100vw\" \/><\/figure>\n\n\n\n<figure class=\"wp-block-image size-large\"><img loading=\"lazy\" decoding=\"async\" width=\"1024\" height=\"640\" data-id=\"19911\" src=\"https:\/\/vedruna.org\/wp-content\/uploads\/2025\/02\/16-Hna.-Maria-Lopez-1024x640.png\" alt=\"\" class=\"wp-image-19911\" srcset=\"https:\/\/vedruna.org\/wp-content\/uploads\/2025\/02\/16-Hna.-Maria-Lopez-980x613.png 980w, https:\/\/vedruna.org\/wp-content\/uploads\/2025\/02\/16-Hna.-Maria-Lopez-480x300.png 480w\" sizes=\"(min-width: 0px) and (max-width: 480px) 480px, (min-width: 481px) and (max-width: 980px) 980px, (min-width: 981px) 1024px, 100vw\" \/><\/figure>\n\n\n\n<figure class=\"wp-block-image size-large\"><img loading=\"lazy\" decoding=\"async\" width=\"1024\" height=\"640\" data-id=\"19915\" src=\"https:\/\/vedruna.org\/wp-content\/uploads\/2025\/02\/17-casa-Noviciado-Brasil-1024x640.png\" alt=\"\" class=\"wp-image-19915\" srcset=\"https:\/\/vedruna.org\/wp-content\/uploads\/2025\/02\/17-casa-Noviciado-Brasil-980x613.png 980w, https:\/\/vedruna.org\/wp-content\/uploads\/2025\/02\/17-casa-Noviciado-Brasil-480x300.png 480w\" sizes=\"(min-width: 0px) and (max-width: 480px) 480px, (min-width: 481px) and (max-width: 980px) 980px, (min-width: 981px) 1024px, 100vw\" \/><\/figure>\n\n\n\n<figure class=\"wp-block-image size-large\"><img loading=\"lazy\" decoding=\"async\" width=\"1024\" height=\"640\" data-id=\"19895\" src=\"https:\/\/vedruna.org\/wp-content\/uploads\/2025\/02\/18-Atilio-Argentina-1024x640.png\" alt=\"\" class=\"wp-image-19895\" srcset=\"https:\/\/vedruna.org\/wp-content\/uploads\/2025\/02\/18-Atilio-Argentina-980x613.png 980w, https:\/\/vedruna.org\/wp-content\/uploads\/2025\/02\/18-Atilio-Argentina-480x300.png 480w\" sizes=\"(min-width: 0px) and (max-width: 480px) 480px, (min-width: 481px) and (max-width: 980px) 980px, (min-width: 981px) 1024px, 100vw\" \/><\/figure>\n<\/figure>\n","protected":false},"excerpt":{"rendered":"<p>El diumenge 23 de febrer ens hem trobat, via online, m\u00e9s de 200 persones pertanyents a la Fam\u00edlia Carism\u00e0tica de VedrunAm\u00e8rica , per unir-nos com a fam\u00edlia en preg\u00e0ria, agraint a D\u00e9u el do del Carisma Vedruna que va sembrar als nostres cors. La invitaci\u00f3 era per a tota la Fam\u00edlia Carism\u00e0tica: germanes, la\u00efcat associat, [&hellip;]<\/p>\n","protected":false},"author":4,"featured_media":19929,"comment_status":"closed","ping_status":"closed","sticky":false,"template":"","format":"standard","meta":{"_et_pb_use_builder":"","_et_pb_old_content":"","_et_gb_content_width":"","pgc_sgb_lightbox_settings":"","footnotes":""},"categories":[451,1,248],"tags":[],"class_list":["post-19953","post","type-post","status-publish","format-standard","has-post-thumbnail","hentry","category-bicentenari-vedruna","category-sin-categorizar","category-vedrunamerica-ca"],"yoast_head":"<!-- This site is optimized with the Yoast SEO plugin v27.5 - https:\/\/yoast.com\/product\/yoast-seo-wordpress\/ -->\n<title>Fam\u00edlia Carism\u00e0tica de VedrunAm\u00e8rica, rumb al Bicentenari de la Congregaci\u00f3 - Carmelitas de la Caridad Vedruna<\/title>\n<meta name=\"description\" content=\"Relat de la trobada online celebrada el 23 de febrer a la Prov\u00edncia de Vedrunam\u00e9rica per inaugurar el cam\u00ed cap al Bicentenari.\" \/>\n<meta name=\"robots\" content=\"index, follow, max-snippet:-1, max-image-preview:large, max-video-preview:-1\" \/>\n<link rel=\"canonical\" href=\"https:\/\/vedruna.org\/ca\/familia-carismatica-de-vedrunamerica-rumb-al-bicentenari-de-la-congregacio\/\" \/>\n<meta property=\"og:locale\" content=\"ca_ES\" \/>\n<meta property=\"og:type\" content=\"article\" \/>\n<meta property=\"og:title\" content=\"Fam\u00edlia Carism\u00e0tica de VedrunAm\u00e8rica, rumb al Bicentenari de la Congregaci\u00f3 - Carmelitas de la Caridad Vedruna\" \/>\n<meta property=\"og:description\" content=\"Relat de la trobada online celebrada el 23 de febrer a la Prov\u00edncia de Vedrunam\u00e9rica per inaugurar el cam\u00ed cap al Bicentenari.\" \/>\n<meta property=\"og:url\" content=\"https:\/\/vedruna.org\/ca\/familia-carismatica-de-vedrunamerica-rumb-al-bicentenari-de-la-congregacio\/\" \/>\n<meta property=\"og:site_name\" content=\"Carmelitas de la Caridad Vedruna\" \/>\n<meta property=\"article:published_time\" content=\"2025-02-26T14:04:15+00:00\" \/>\n<meta property=\"article:modified_time\" content=\"2025-02-26T14:04:33+00:00\" \/>\n<meta property=\"og:image\" content=\"https:\/\/vedruna.org\/wp-content\/uploads\/2025\/02\/principal.2-1024x721.png\" \/>\n\t<meta property=\"og:image:width\" content=\"1024\" \/>\n\t<meta property=\"og:image:height\" content=\"721\" \/>\n\t<meta property=\"og:image:type\" content=\"image\/png\" \/>\n<meta name=\"author\" content=\"Comunicaci\u00f3n Vedrunam\u00e9rica\" \/>\n<meta name=\"twitter:card\" content=\"summary_large_image\" \/>\n<meta name=\"twitter:label1\" content=\"Escrit per\" \/>\n\t<meta name=\"twitter:data1\" content=\"Comunicaci\u00f3n Vedrunam\u00e9rica\" \/>\n\t<meta name=\"twitter:label2\" content=\"Temps estimat de lectura\" \/>\n\t<meta name=\"twitter:data2\" content=\"2 minuts\" \/>\n<script type=\"application\/ld+json\" class=\"yoast-schema-graph\">{\"@context\":\"https:\\\/\\\/schema.org\",\"@graph\":[{\"@type\":\"Article\",\"@id\":\"https:\\\/\\\/vedruna.org\\\/ca\\\/familia-carismatica-de-vedrunamerica-rumb-al-bicentenari-de-la-congregacio\\\/#article\",\"isPartOf\":{\"@id\":\"https:\\\/\\\/vedruna.org\\\/ca\\\/familia-carismatica-de-vedrunamerica-rumb-al-bicentenari-de-la-congregacio\\\/\"},\"author\":{\"name\":\"Comunicaci\u00f3n Vedrunam\u00e9rica\",\"@id\":\"https:\\\/\\\/vedruna.org\\\/ca\\\/#\\\/schema\\\/person\\\/cf468646189533fb6a3aae475663fdc7\"},\"headline\":\"Fam\u00edlia Carism\u00e0tica de VedrunAm\u00e8rica, rumb al Bicentenari de la Congregaci\u00f3\",\"datePublished\":\"2025-02-26T14:04:15+00:00\",\"dateModified\":\"2025-02-26T14:04:33+00:00\",\"mainEntityOfPage\":{\"@id\":\"https:\\\/\\\/vedruna.org\\\/ca\\\/familia-carismatica-de-vedrunamerica-rumb-al-bicentenari-de-la-congregacio\\\/\"},\"wordCount\":472,\"publisher\":{\"@id\":\"https:\\\/\\\/vedruna.org\\\/ca\\\/#organization\"},\"image\":{\"@id\":\"https:\\\/\\\/vedruna.org\\\/ca\\\/familia-carismatica-de-vedrunamerica-rumb-al-bicentenari-de-la-congregacio\\\/#primaryimage\"},\"thumbnailUrl\":\"https:\\\/\\\/vedruna.org\\\/wp-content\\\/uploads\\\/2025\\\/02\\\/principal.2-e1740578536860.png\",\"articleSection\":[\"Bicentenari Vedruna\",\"Sin categorizar\",\"Vedrunam\u00e8rica\"],\"inLanguage\":\"ca\"},{\"@type\":\"WebPage\",\"@id\":\"https:\\\/\\\/vedruna.org\\\/ca\\\/familia-carismatica-de-vedrunamerica-rumb-al-bicentenari-de-la-congregacio\\\/\",\"url\":\"https:\\\/\\\/vedruna.org\\\/ca\\\/familia-carismatica-de-vedrunamerica-rumb-al-bicentenari-de-la-congregacio\\\/\",\"name\":\"Fam\u00edlia Carism\u00e0tica de VedrunAm\u00e8rica, rumb al Bicentenari de la Congregaci\u00f3 - Carmelitas de la Caridad Vedruna\",\"isPartOf\":{\"@id\":\"https:\\\/\\\/vedruna.org\\\/ca\\\/#website\"},\"primaryImageOfPage\":{\"@id\":\"https:\\\/\\\/vedruna.org\\\/ca\\\/familia-carismatica-de-vedrunamerica-rumb-al-bicentenari-de-la-congregacio\\\/#primaryimage\"},\"image\":{\"@id\":\"https:\\\/\\\/vedruna.org\\\/ca\\\/familia-carismatica-de-vedrunamerica-rumb-al-bicentenari-de-la-congregacio\\\/#primaryimage\"},\"thumbnailUrl\":\"https:\\\/\\\/vedruna.org\\\/wp-content\\\/uploads\\\/2025\\\/02\\\/principal.2-e1740578536860.png\",\"datePublished\":\"2025-02-26T14:04:15+00:00\",\"dateModified\":\"2025-02-26T14:04:33+00:00\",\"description\":\"Relat de la trobada online celebrada el 23 de febrer a la Prov\u00edncia de Vedrunam\u00e9rica per inaugurar el cam\u00ed cap al Bicentenari.\",\"breadcrumb\":{\"@id\":\"https:\\\/\\\/vedruna.org\\\/ca\\\/familia-carismatica-de-vedrunamerica-rumb-al-bicentenari-de-la-congregacio\\\/#breadcrumb\"},\"inLanguage\":\"ca\",\"potentialAction\":[{\"@type\":\"ReadAction\",\"target\":[\"https:\\\/\\\/vedruna.org\\\/ca\\\/familia-carismatica-de-vedrunamerica-rumb-al-bicentenari-de-la-congregacio\\\/\"]}]},{\"@type\":\"ImageObject\",\"inLanguage\":\"ca\",\"@id\":\"https:\\\/\\\/vedruna.org\\\/ca\\\/familia-carismatica-de-vedrunamerica-rumb-al-bicentenari-de-la-congregacio\\\/#primaryimage\",\"url\":\"https:\\\/\\\/vedruna.org\\\/wp-content\\\/uploads\\\/2025\\\/02\\\/principal.2-e1740578536860.png\",\"contentUrl\":\"https:\\\/\\\/vedruna.org\\\/wp-content\\\/uploads\\\/2025\\\/02\\\/principal.2-e1740578536860.png\",\"width\":3516,\"height\":2475},{\"@type\":\"BreadcrumbList\",\"@id\":\"https:\\\/\\\/vedruna.org\\\/ca\\\/familia-carismatica-de-vedrunamerica-rumb-al-bicentenari-de-la-congregacio\\\/#breadcrumb\",\"itemListElement\":[{\"@type\":\"ListItem\",\"position\":1,\"name\":\"Portada\",\"item\":\"https:\\\/\\\/vedruna.org\\\/ca\\\/\"},{\"@type\":\"ListItem\",\"position\":2,\"name\":\"Fam\u00edlia Carism\u00e0tica de VedrunAm\u00e8rica, rumb al Bicentenari de la Congregaci\u00f3\"}]},{\"@type\":\"WebSite\",\"@id\":\"https:\\\/\\\/vedruna.org\\\/ca\\\/#website\",\"url\":\"https:\\\/\\\/vedruna.org\\\/ca\\\/\",\"name\":\"Carmelitas de la Caridad Vedruna\",\"description\":\"Carmelitas de la caridad\",\"publisher\":{\"@id\":\"https:\\\/\\\/vedruna.org\\\/ca\\\/#organization\"},\"potentialAction\":[{\"@type\":\"SearchAction\",\"target\":{\"@type\":\"EntryPoint\",\"urlTemplate\":\"https:\\\/\\\/vedruna.org\\\/ca\\\/?s={search_term_string}\"},\"query-input\":{\"@type\":\"PropertyValueSpecification\",\"valueRequired\":true,\"valueName\":\"search_term_string\"}}],\"inLanguage\":\"ca\"},{\"@type\":\"Organization\",\"@id\":\"https:\\\/\\\/vedruna.org\\\/ca\\\/#organization\",\"name\":\"Carmelitas de la caridad Vedruna\",\"url\":\"https:\\\/\\\/vedruna.org\\\/ca\\\/\",\"logo\":{\"@type\":\"ImageObject\",\"inLanguage\":\"ca\",\"@id\":\"https:\\\/\\\/vedruna.org\\\/ca\\\/#\\\/schema\\\/logo\\\/image\\\/\",\"url\":\"https:\\\/\\\/vedruna.org\\\/wp-content\\\/uploads\\\/2022\\\/04\\\/LOGO-VEDRUNA-HORIZONTAL.png\",\"contentUrl\":\"https:\\\/\\\/vedruna.org\\\/wp-content\\\/uploads\\\/2022\\\/04\\\/LOGO-VEDRUNA-HORIZONTAL.png\",\"width\":1200,\"height\":463,\"caption\":\"Carmelitas de la caridad Vedruna\"},\"image\":{\"@id\":\"https:\\\/\\\/vedruna.org\\\/ca\\\/#\\\/schema\\\/logo\\\/image\\\/\"}},{\"@type\":\"Person\",\"@id\":\"https:\\\/\\\/vedruna.org\\\/ca\\\/#\\\/schema\\\/person\\\/cf468646189533fb6a3aae475663fdc7\",\"name\":\"Comunicaci\u00f3n Vedrunam\u00e9rica\",\"image\":{\"@type\":\"ImageObject\",\"inLanguage\":\"ca\",\"@id\":\"https:\\\/\\\/secure.gravatar.com\\\/avatar\\\/b4eff91ff87ece2131a5d31270e1df0a7eeaffece756ce6503fd7dce879d1bfc?s=96&d=mm&r=g\",\"url\":\"https:\\\/\\\/secure.gravatar.com\\\/avatar\\\/b4eff91ff87ece2131a5d31270e1df0a7eeaffece756ce6503fd7dce879d1bfc?s=96&d=mm&r=g\",\"contentUrl\":\"https:\\\/\\\/secure.gravatar.com\\\/avatar\\\/b4eff91ff87ece2131a5d31270e1df0a7eeaffece756ce6503fd7dce879d1bfc?s=96&d=mm&r=g\",\"caption\":\"Comunicaci\u00f3n Vedrunam\u00e9rica\"},\"url\":\"https:\\\/\\\/vedruna.org\\\/ca\\\/author\\\/comunicacion-vedrunamerica\\\/\"}]}<\/script>\n<!-- \/ Yoast SEO plugin. -->","yoast_head_json":{"title":"Fam\u00edlia Carism\u00e0tica de VedrunAm\u00e8rica, rumb al Bicentenari de la Congregaci\u00f3 - Carmelitas de la Caridad Vedruna","description":"Relat de la trobada online celebrada el 23 de febrer a la Prov\u00edncia de Vedrunam\u00e9rica per inaugurar el cam\u00ed cap al Bicentenari.","robots":{"index":"index","follow":"follow","max-snippet":"max-snippet:-1","max-image-preview":"max-image-preview:large","max-video-preview":"max-video-preview:-1"},"canonical":"https:\/\/vedruna.org\/ca\/familia-carismatica-de-vedrunamerica-rumb-al-bicentenari-de-la-congregacio\/","og_locale":"ca_ES","og_type":"article","og_title":"Fam\u00edlia Carism\u00e0tica de VedrunAm\u00e8rica, rumb al Bicentenari de la Congregaci\u00f3 - Carmelitas de la Caridad Vedruna","og_description":"Relat de la trobada online celebrada el 23 de febrer a la Prov\u00edncia de Vedrunam\u00e9rica per inaugurar el cam\u00ed cap al Bicentenari.","og_url":"https:\/\/vedruna.org\/ca\/familia-carismatica-de-vedrunamerica-rumb-al-bicentenari-de-la-congregacio\/","og_site_name":"Carmelitas de la Caridad Vedruna","article_published_time":"2025-02-26T14:04:15+00:00","article_modified_time":"2025-02-26T14:04:33+00:00","og_image":[{"width":1024,"height":721,"url":"https:\/\/vedruna.org\/wp-content\/uploads\/2025\/02\/principal.2-1024x721.png","type":"image\/png"}],"author":"Comunicaci\u00f3n Vedrunam\u00e9rica","twitter_card":"summary_large_image","twitter_misc":{"Escrit per":"Comunicaci\u00f3n Vedrunam\u00e9rica","Temps estimat de lectura":"2 minuts"},"schema":{"@context":"https:\/\/schema.org","@graph":[{"@type":"Article","@id":"https:\/\/vedruna.org\/ca\/familia-carismatica-de-vedrunamerica-rumb-al-bicentenari-de-la-congregacio\/#article","isPartOf":{"@id":"https:\/\/vedruna.org\/ca\/familia-carismatica-de-vedrunamerica-rumb-al-bicentenari-de-la-congregacio\/"},"author":{"name":"Comunicaci\u00f3n Vedrunam\u00e9rica","@id":"https:\/\/vedruna.org\/ca\/#\/schema\/person\/cf468646189533fb6a3aae475663fdc7"},"headline":"Fam\u00edlia Carism\u00e0tica de VedrunAm\u00e8rica, rumb al Bicentenari de la Congregaci\u00f3","datePublished":"2025-02-26T14:04:15+00:00","dateModified":"2025-02-26T14:04:33+00:00","mainEntityOfPage":{"@id":"https:\/\/vedruna.org\/ca\/familia-carismatica-de-vedrunamerica-rumb-al-bicentenari-de-la-congregacio\/"},"wordCount":472,"publisher":{"@id":"https:\/\/vedruna.org\/ca\/#organization"},"image":{"@id":"https:\/\/vedruna.org\/ca\/familia-carismatica-de-vedrunamerica-rumb-al-bicentenari-de-la-congregacio\/#primaryimage"},"thumbnailUrl":"https:\/\/vedruna.org\/wp-content\/uploads\/2025\/02\/principal.2-e1740578536860.png","articleSection":["Bicentenari Vedruna","Sin categorizar","Vedrunam\u00e8rica"],"inLanguage":"ca"},{"@type":"WebPage","@id":"https:\/\/vedruna.org\/ca\/familia-carismatica-de-vedrunamerica-rumb-al-bicentenari-de-la-congregacio\/","url":"https:\/\/vedruna.org\/ca\/familia-carismatica-de-vedrunamerica-rumb-al-bicentenari-de-la-congregacio\/","name":"Fam\u00edlia Carism\u00e0tica de VedrunAm\u00e8rica, rumb al Bicentenari de la Congregaci\u00f3 - Carmelitas de la Caridad Vedruna","isPartOf":{"@id":"https:\/\/vedruna.org\/ca\/#website"},"primaryImageOfPage":{"@id":"https:\/\/vedruna.org\/ca\/familia-carismatica-de-vedrunamerica-rumb-al-bicentenari-de-la-congregacio\/#primaryimage"},"image":{"@id":"https:\/\/vedruna.org\/ca\/familia-carismatica-de-vedrunamerica-rumb-al-bicentenari-de-la-congregacio\/#primaryimage"},"thumbnailUrl":"https:\/\/vedruna.org\/wp-content\/uploads\/2025\/02\/principal.2-e1740578536860.png","datePublished":"2025-02-26T14:04:15+00:00","dateModified":"2025-02-26T14:04:33+00:00","description":"Relat de la trobada online celebrada el 23 de febrer a la Prov\u00edncia de Vedrunam\u00e9rica per inaugurar el cam\u00ed cap al Bicentenari.","breadcrumb":{"@id":"https:\/\/vedruna.org\/ca\/familia-carismatica-de-vedrunamerica-rumb-al-bicentenari-de-la-congregacio\/#breadcrumb"},"inLanguage":"ca","potentialAction":[{"@type":"ReadAction","target":["https:\/\/vedruna.org\/ca\/familia-carismatica-de-vedrunamerica-rumb-al-bicentenari-de-la-congregacio\/"]}]},{"@type":"ImageObject","inLanguage":"ca","@id":"https:\/\/vedruna.org\/ca\/familia-carismatica-de-vedrunamerica-rumb-al-bicentenari-de-la-congregacio\/#primaryimage","url":"https:\/\/vedruna.org\/wp-content\/uploads\/2025\/02\/principal.2-e1740578536860.png","contentUrl":"https:\/\/vedruna.org\/wp-content\/uploads\/2025\/02\/principal.2-e1740578536860.png","width":3516,"height":2475},{"@type":"BreadcrumbList","@id":"https:\/\/vedruna.org\/ca\/familia-carismatica-de-vedrunamerica-rumb-al-bicentenari-de-la-congregacio\/#breadcrumb","itemListElement":[{"@type":"ListItem","position":1,"name":"Portada","item":"https:\/\/vedruna.org\/ca\/"},{"@type":"ListItem","position":2,"name":"Fam\u00edlia Carism\u00e0tica de VedrunAm\u00e8rica, rumb al Bicentenari de la Congregaci\u00f3"}]},{"@type":"WebSite","@id":"https:\/\/vedruna.org\/ca\/#website","url":"https:\/\/vedruna.org\/ca\/","name":"Carmelitas de la Caridad Vedruna","description":"Carmelitas de la caridad","publisher":{"@id":"https:\/\/vedruna.org\/ca\/#organization"},"potentialAction":[{"@type":"SearchAction","target":{"@type":"EntryPoint","urlTemplate":"https:\/\/vedruna.org\/ca\/?s={search_term_string}"},"query-input":{"@type":"PropertyValueSpecification","valueRequired":true,"valueName":"search_term_string"}}],"inLanguage":"ca"},{"@type":"Organization","@id":"https:\/\/vedruna.org\/ca\/#organization","name":"Carmelitas de la caridad Vedruna","url":"https:\/\/vedruna.org\/ca\/","logo":{"@type":"ImageObject","inLanguage":"ca","@id":"https:\/\/vedruna.org\/ca\/#\/schema\/logo\/image\/","url":"https:\/\/vedruna.org\/wp-content\/uploads\/2022\/04\/LOGO-VEDRUNA-HORIZONTAL.png","contentUrl":"https:\/\/vedruna.org\/wp-content\/uploads\/2022\/04\/LOGO-VEDRUNA-HORIZONTAL.png","width":1200,"height":463,"caption":"Carmelitas de la caridad Vedruna"},"image":{"@id":"https:\/\/vedruna.org\/ca\/#\/schema\/logo\/image\/"}},{"@type":"Person","@id":"https:\/\/vedruna.org\/ca\/#\/schema\/person\/cf468646189533fb6a3aae475663fdc7","name":"Comunicaci\u00f3n Vedrunam\u00e9rica","image":{"@type":"ImageObject","inLanguage":"ca","@id":"https:\/\/secure.gravatar.com\/avatar\/b4eff91ff87ece2131a5d31270e1df0a7eeaffece756ce6503fd7dce879d1bfc?s=96&d=mm&r=g","url":"https:\/\/secure.gravatar.com\/avatar\/b4eff91ff87ece2131a5d31270e1df0a7eeaffece756ce6503fd7dce879d1bfc?s=96&d=mm&r=g","contentUrl":"https:\/\/secure.gravatar.com\/avatar\/b4eff91ff87ece2131a5d31270e1df0a7eeaffece756ce6503fd7dce879d1bfc?s=96&d=mm&r=g","caption":"Comunicaci\u00f3n Vedrunam\u00e9rica"},"url":"https:\/\/vedruna.org\/ca\/author\/comunicacion-vedrunamerica\/"}]}},"_links":{"self":[{"href":"https:\/\/vedruna.org\/ca\/wp-json\/wp\/v2\/posts\/19953","targetHints":{"allow":["GET"]}}],"collection":[{"href":"https:\/\/vedruna.org\/ca\/wp-json\/wp\/v2\/posts"}],"about":[{"href":"https:\/\/vedruna.org\/ca\/wp-json\/wp\/v2\/types\/post"}],"author":[{"embeddable":true,"href":"https:\/\/vedruna.org\/ca\/wp-json\/wp\/v2\/users\/4"}],"replies":[{"embeddable":true,"href":"https:\/\/vedruna.org\/ca\/wp-json\/wp\/v2\/comments?post=19953"}],"version-history":[{"count":1,"href":"https:\/\/vedruna.org\/ca\/wp-json\/wp\/v2\/posts\/19953\/revisions"}],"predecessor-version":[{"id":19957,"href":"https:\/\/vedruna.org\/ca\/wp-json\/wp\/v2\/posts\/19953\/revisions\/19957"}],"wp:featuredmedia":[{"embeddable":true,"href":"https:\/\/vedruna.org\/ca\/wp-json\/wp\/v2\/media\/19929"}],"wp:attachment":[{"href":"https:\/\/vedruna.org\/ca\/wp-json\/wp\/v2\/media?parent=19953"}],"wp:term":[{"taxonomy":"category","embeddable":true,"href":"https:\/\/vedruna.org\/ca\/wp-json\/wp\/v2\/categories?post=19953"},{"taxonomy":"post_tag","embeddable":true,"href":"https:\/\/vedruna.org\/ca\/wp-json\/wp\/v2\/tags?post=19953"}],"curies":[{"name":"wp","href":"https:\/\/api.w.org\/{rel}","templated":true}]}}