{"id":25030,"date":"2025-06-06T10:44:00","date_gmt":"2025-06-06T08:44:00","guid":{"rendered":"https:\/\/vedruna.org\/?p=25030"},"modified":"2025-06-11T13:49:24","modified_gmt":"2025-06-11T11:49:24","slug":"the-closest-friend-of-tahanan-vedruna-tagaytay-children-this-summer-is-nature","status":"publish","type":"post","link":"https:\/\/vedruna.org\/ca\/the-closest-friend-of-tahanan-vedruna-tagaytay-children-this-summer-is-nature\/","title":{"rendered":"L&#8217;amiga m\u00e9s propera dels nens de Tahanan Vedruna Tagaytay aquest estiu \u00e9s la &#8220;Natura&#8221;."},"content":{"rendered":"\n<p>Liderat pel Programa de les Nacions Unides per al Medi Ambient (PNUMA) i celebrat anualment el 5 de juny des de 1973, <a href=\"https:\/\/www.un.org\/en\/observances\/environment-day\"><strong>el Dia Mundial del Medi Ambient<\/strong><\/a> \u00e9s la plataforma mundial m\u00e9s gran de divulgaci\u00f3 p\u00fablica sobre el medi ambient i \u00e9s celebrat per milions de persones a tot el m\u00f3n.<\/p>\n\n<p>En aquesta ocasi\u00f3, compartim aquest testimoni de l \u201cactivitat de jardineria per als nens de Tagaytay, a la Delegaci\u00f3 Filipina de Vedruna, en la qual se\u201d ls anima a protegir el medi ambient, com a part de la seva contribuci\u00f3 al m\u00f3n.  <\/p>\n\n<hr class=\"wp-block-separator has-alpha-channel-opacity\"\/>\n\n<p>\u00c9s important que els nostres fills es dediquin temps a la jardineria durant els dies laborables (de dilluns a divendres) aquestes vacances d&#8217;estiu. Es dediquen temps i espai a ser amics de la natura, on reben energia positiva i poden tenir un impacte positiu en el seu benestar emocional, psicol\u00f2gic i f\u00edsic. Mentre practiquen la jardineria junts, poden construir una relaci\u00f3 s\u00f2lida amb la seva comunitat, ajudant-se m\u00fatuament, junts a treure la gespa i plantar verdures. De fet, mostren molt inter\u00e8s per l&#8217;entorn natural que els envolta cuidant-lo. Se&#8217;ls anima a protegir el nostre medi ambient com a part de la seva contribuci\u00f3 al m\u00f3n, tal com se celebra el 5 de juny, el &#8220;Dia Mundial del Medi Ambient&#8221;.    <\/p>\n\n<p class=\"has-text-align-right\"><strong>Gna. Anna Liza, ccv<\/strong><\/p>\n<div class=\"pgc-sgb-cb wp-block-pgcsimplygalleryblock-justified \" data-gallery-id=\"bee84563\"><div class=\"sgb-preloader\" id=\"pr_bee84563\">\n\t<div class=\"sgb-square\" style=\"background:#d4d4d4\"><\/div>\n\t<div class=\"sgb-square\" style=\"background:#d4d4d4\"><\/div>\n\t<div class=\"sgb-square\" style=\"background:#d4d4d4\"><\/div>\n\t<div class=\"sgb-square\" style=\"background:#d4d4d4\"><\/div><\/div><div class=\"simply-gallery-amp pgc_sgb_slider \"><noscript><div class=\"sgb-gallery\"><div class=\"sgb-item\"><a href=\"https:\/\/vedruna.org\/en\/?attachment_id=25012\" target=\"_blank\"><img decoding=\"async\" alt=\"\" width=\"236\" height=\"169\" loading=\"lazy\" src=\"https:\/\/vedruna.org\/wp-content\/uploads\/2025\/06\/philippines-4.jpg\" srcset=\",https:\/\/vedruna.org\/wp-content\/uploads\/2025\/06\/philippines-4.jpg 236w\" sizes=\"250px\"\/><\/a><\/div><div class=\"sgb-item\"><a href=\"https:\/\/vedruna.org\/en\/?attachment_id=25016\" target=\"_blank\"><img decoding=\"async\" alt=\"\" width=\"300\" height=\"169\" loading=\"lazy\" src=\"https:\/\/vedruna.org\/wp-content\/uploads\/2025\/06\/philippines-3-300x169.jpg\" srcset=\"https:\/\/vedruna.org\/wp-content\/uploads\/2025\/06\/philippines-3-300x169.jpg 300w,https:\/\/vedruna.org\/wp-content\/uploads\/2025\/06\/philippines-3.jpg 688w\" sizes=\"250px\"\/><\/a><\/div><div class=\"sgb-item\"><a href=\"https:\/\/vedruna.org\/en\/?attachment_id=25020\" target=\"_blank\"><img decoding=\"async\" alt=\"\" width=\"223\" height=\"300\" loading=\"lazy\" src=\"https:\/\/vedruna.org\/wp-content\/uploads\/2025\/06\/philippines-2-223x300.jpg\" srcset=\"https:\/\/vedruna.org\/wp-content\/uploads\/2025\/06\/philippines-2-223x300.jpg 223w,https:\/\/vedruna.org\/wp-content\/uploads\/2025\/06\/philippines-2.jpg 413w\" sizes=\"250px\"\/><\/a><\/div><div class=\"sgb-item\"><a href=\"https:\/\/vedruna.org\/en\/?attachment_id=25024\" target=\"_blank\"><img decoding=\"async\" alt=\"\" width=\"300\" height=\"169\" loading=\"lazy\" src=\"https:\/\/vedruna.org\/wp-content\/uploads\/2025\/06\/philippines-1-300x169.jpg\" srcset=\"https:\/\/vedruna.org\/wp-content\/uploads\/2025\/06\/philippines-1-300x169.jpg 300w,https:\/\/vedruna.org\/wp-content\/uploads\/2025\/06\/philippines-1.jpg 973w\" sizes=\"250px\"\/><\/a><\/div><\/div><\/noscript><\/div><script type=\"application\/json\" class=\"sgb-data\">{\"lastRowFill\":true,\"collectionThumbMiniScreenScale\":true,\"externalLink\":false,\"captions\":false,\"collectionThumbSubMenuDownload\":false,\"collectionThumbSubMenuShare\":false,\"galleryType\":\"pgc_sgb_justified\",\"galleryId\":\"bee84563\",\"images\":[{\"id\":25012,\"title\":\"philippines 4\",\"url\":\"https:\/\/vedruna.org\/wp-content\/uploads\/2025\/06\/philippines-4.jpg\",\"link\":\"https:\/\/vedruna.org\/en\/?attachment_id=25012\",\"alt\":\"\",\"description\":\"\",\"caption\":\"\",\"mime\":\"image\/jpeg\",\"type\":\"image\",\"width\":236,\"height\":169,\"sizes\":{\"thumbnail\":{\"height\":150,\"width\":150,\"url\":\"https:\/\/vedruna.org\/wp-content\/uploads\/2025\/06\/philippines-4-150x150.jpg\",\"orientation\":\"landscape\"},\"full\":{\"url\":\"https:\/\/vedruna.org\/wp-content\/uploads\/2025\/06\/philippines-4.jpg\",\"height\":169,\"width\":236,\"orientation\":\"landscape\"}},\"imageMeta\":{\"aperture\":\"0\",\"credit\":\"\",\"camera\":\"\",\"caption\":\"\",\"created_timestamp\":\"0\",\"copyright\":\"\",\"focal_length\":\"0\",\"iso\":\"0\",\"shutter_speed\":\"0\",\"title\":\"\",\"orientation\":\"0\",\"keywords\":[]},\"meta\":false,\"postlink\":\"https:\/\/vedruna.org\/en\/?attachment_id=25012\"},{\"id\":25016,\"title\":\"philippines 3\",\"url\":\"https:\/\/vedruna.org\/wp-content\/uploads\/2025\/06\/philippines-3.jpg\",\"link\":\"https:\/\/vedruna.org\/en\/?attachment_id=25016\",\"alt\":\"\",\"description\":\"\",\"caption\":\"\",\"mime\":\"image\/jpeg\",\"type\":\"image\",\"width\":688,\"height\":387,\"sizes\":{\"thumbnail\":{\"height\":150,\"width\":150,\"url\":\"https:\/\/vedruna.org\/wp-content\/uploads\/2025\/06\/philippines-3-150x150.jpg\",\"orientation\":\"landscape\"},\"medium\":{\"height\":169,\"width\":300,\"url\":\"https:\/\/vedruna.org\/wp-content\/uploads\/2025\/06\/philippines-3-300x169.jpg\",\"orientation\":\"landscape\"},\"full\":{\"url\":\"https:\/\/vedruna.org\/wp-content\/uploads\/2025\/06\/philippines-3.jpg\",\"height\":387,\"width\":688,\"orientation\":\"landscape\"}},\"imageMeta\":{\"aperture\":\"0\",\"credit\":\"\",\"camera\":\"\",\"caption\":\"\",\"created_timestamp\":\"0\",\"copyright\":\"\",\"focal_length\":\"0\",\"iso\":\"0\",\"shutter_speed\":\"0\",\"title\":\"\",\"orientation\":\"0\",\"keywords\":[]},\"meta\":false,\"postlink\":\"https:\/\/vedruna.org\/en\/?attachment_id=25016\"},{\"id\":25020,\"title\":\"philippines 2\",\"url\":\"https:\/\/vedruna.org\/wp-content\/uploads\/2025\/06\/philippines-2.jpg\",\"link\":\"https:\/\/vedruna.org\/en\/?attachment_id=25020\",\"alt\":\"\",\"description\":\"\",\"caption\":\"\",\"mime\":\"image\/jpeg\",\"type\":\"image\",\"width\":413,\"height\":555,\"sizes\":{\"thumbnail\":{\"height\":150,\"width\":150,\"url\":\"https:\/\/vedruna.org\/wp-content\/uploads\/2025\/06\/philippines-2-150x150.jpg\",\"orientation\":\"landscape\"},\"medium\":{\"height\":300,\"width\":223,\"url\":\"https:\/\/vedruna.org\/wp-content\/uploads\/2025\/06\/philippines-2-223x300.jpg\",\"orientation\":\"portrait\"},\"full\":{\"url\":\"https:\/\/vedruna.org\/wp-content\/uploads\/2025\/06\/philippines-2.jpg\",\"height\":555,\"width\":413,\"orientation\":\"portrait\"}},\"imageMeta\":{\"aperture\":\"0\",\"credit\":\"\",\"camera\":\"\",\"caption\":\"\",\"created_timestamp\":\"0\",\"copyright\":\"\",\"focal_length\":\"0\",\"iso\":\"0\",\"shutter_speed\":\"0\",\"title\":\"\",\"orientation\":\"0\",\"keywords\":[]},\"meta\":false,\"postlink\":\"https:\/\/vedruna.org\/en\/?attachment_id=25020\"},{\"id\":25024,\"title\":\"philippines 1\",\"url\":\"https:\/\/vedruna.org\/wp-content\/uploads\/2025\/06\/philippines-1.jpg\",\"link\":\"https:\/\/vedruna.org\/en\/?attachment_id=25024\",\"alt\":\"\",\"description\":\"\",\"caption\":\"\",\"mime\":\"image\/jpeg\",\"type\":\"image\",\"width\":973,\"height\":547,\"sizes\":{\"thumbnail\":{\"height\":150,\"width\":150,\"url\":\"https:\/\/vedruna.org\/wp-content\/uploads\/2025\/06\/philippines-1-150x150.jpg\",\"orientation\":\"landscape\"},\"medium\":{\"height\":169,\"width\":300,\"url\":\"https:\/\/vedruna.org\/wp-content\/uploads\/2025\/06\/philippines-1-300x169.jpg\",\"orientation\":\"landscape\"},\"full\":{\"url\":\"https:\/\/vedruna.org\/wp-content\/uploads\/2025\/06\/philippines-1.jpg\",\"height\":547,\"width\":973,\"orientation\":\"landscape\"}},\"imageMeta\":{\"aperture\":\"0\",\"credit\":\"\",\"camera\":\"\",\"caption\":\"\",\"created_timestamp\":\"0\",\"copyright\":\"\",\"focal_length\":\"0\",\"iso\":\"0\",\"shutter_speed\":\"0\",\"title\":\"\",\"orientation\":\"0\",\"keywords\":[]},\"meta\":false,\"postlink\":\"https:\/\/vedruna.org\/en\/?attachment_id=25024\"}],\"translatedWithWPMLTM\":\"1\",\"itemsMetaDataCollection\":[]}<\/script><script>(function(){if(window.PGC_SGB && window.PGC_SGB.searcher){window.PGC_SGB.searcher.initBlocks()}})()<\/script><\/div>","protected":false},"excerpt":{"rendered":"<p>Liderat pel Programa de les Nacions Unides per al Medi Ambient (PNUMA) i celebrat anualment el 5 de juny des de 1973, el Dia Mundial del Medi Ambient \u00e9s la plataforma mundial m\u00e9s gran de divulgaci\u00f3 p\u00fablica sobre el medi ambient i \u00e9s celebrat per milions de persones a tot el m\u00f3n. En aquesta ocasi\u00f3, [&hellip;]<\/p>\n","protected":false},"author":21,"featured_media":25025,"comment_status":"closed","ping_status":"closed","sticky":false,"template":"","format":"standard","meta":{"_et_pb_use_builder":"","_et_pb_old_content":"","_et_gb_content_width":"","pgc_sgb_lightbox_settings":"","footnotes":""},"categories":[297],"tags":[],"class_list":["post-25030","post","type-post","status-publish","format-standard","has-post-thumbnail","hentry","category-delegacio-de-filipines"],"yoast_head":"<!-- This site is optimized with the Yoast SEO plugin v27.5 - https:\/\/yoast.com\/product\/yoast-seo-wordpress\/ -->\n<title>L&#039;amiga m\u00e9s propera dels nens de Tahanan Vedruna Tagaytay aquest estiu \u00e9s la &quot;Natura&quot;. - Carmelitas de la Caridad Vedruna<\/title>\n<meta name=\"description\" content=\"\u00c9s important que els nostres fills es dediquin temps a la jardineria durant els dies feiners (de dilluns a divendres) aquestes vacances d&#039;estiu.\" \/>\n<meta name=\"robots\" content=\"index, follow, max-snippet:-1, max-image-preview:large, max-video-preview:-1\" \/>\n<link rel=\"canonical\" href=\"https:\/\/vedruna.org\/ca\/the-closest-friend-of-tahanan-vedruna-tagaytay-children-this-summer-is-nature\/\" \/>\n<meta property=\"og:locale\" content=\"ca_ES\" \/>\n<meta property=\"og:type\" content=\"article\" \/>\n<meta property=\"og:title\" content=\"L&#039;amiga m\u00e9s propera dels nens de Tahanan Vedruna Tagaytay aquest estiu \u00e9s la &quot;Natura&quot;. - Carmelitas de la Caridad Vedruna\" \/>\n<meta property=\"og:description\" content=\"\u00c9s important que els nostres fills es dediquin temps a la jardineria durant els dies feiners (de dilluns a divendres) aquestes vacances d&#039;estiu.\" \/>\n<meta property=\"og:url\" content=\"https:\/\/vedruna.org\/ca\/the-closest-friend-of-tahanan-vedruna-tagaytay-children-this-summer-is-nature\/\" \/>\n<meta property=\"og:site_name\" content=\"Carmelitas de la Caridad Vedruna\" \/>\n<meta property=\"article:published_time\" content=\"2025-06-06T08:44:00+00:00\" \/>\n<meta property=\"article:modified_time\" content=\"2025-06-11T11:49:24+00:00\" \/>\n<meta property=\"og:image\" content=\"https:\/\/vedruna.org\/wp-content\/uploads\/2025\/06\/philippines-1.jpg\" \/>\n\t<meta property=\"og:image:width\" content=\"973\" \/>\n\t<meta property=\"og:image:height\" content=\"547\" \/>\n\t<meta property=\"og:image:type\" content=\"image\/jpeg\" \/>\n<meta name=\"author\" content=\"Maria Agustina G\u00f3mez\" \/>\n<meta name=\"twitter:card\" content=\"summary_large_image\" \/>\n<meta name=\"twitter:label1\" content=\"Escrit per\" \/>\n\t<meta name=\"twitter:data1\" content=\"Maria Agustina G\u00f3mez\" \/>\n\t<meta name=\"twitter:label2\" content=\"Temps estimat de lectura\" \/>\n\t<meta name=\"twitter:data2\" content=\"2 minuts\" \/>\n<script type=\"application\/ld+json\" class=\"yoast-schema-graph\">{\"@context\":\"https:\\\/\\\/schema.org\",\"@graph\":[{\"@type\":\"Article\",\"@id\":\"https:\\\/\\\/vedruna.org\\\/ca\\\/the-closest-friend-of-tahanan-vedruna-tagaytay-children-this-summer-is-nature\\\/#article\",\"isPartOf\":{\"@id\":\"https:\\\/\\\/vedruna.org\\\/ca\\\/the-closest-friend-of-tahanan-vedruna-tagaytay-children-this-summer-is-nature\\\/\"},\"author\":{\"name\":\"Maria Agustina G\u00f3mez\",\"@id\":\"https:\\\/\\\/vedruna.org\\\/ca\\\/#\\\/schema\\\/person\\\/95fe789adf27c2831fc5a049c727edf5\"},\"headline\":\"L&#8217;amiga m\u00e9s propera dels nens de Tahanan Vedruna Tagaytay aquest estiu \u00e9s la &#8220;Natura&#8221;.\",\"datePublished\":\"2025-06-06T08:44:00+00:00\",\"dateModified\":\"2025-06-11T11:49:24+00:00\",\"mainEntityOfPage\":{\"@id\":\"https:\\\/\\\/vedruna.org\\\/ca\\\/the-closest-friend-of-tahanan-vedruna-tagaytay-children-this-summer-is-nature\\\/\"},\"wordCount\":243,\"publisher\":{\"@id\":\"https:\\\/\\\/vedruna.org\\\/ca\\\/#organization\"},\"image\":{\"@id\":\"https:\\\/\\\/vedruna.org\\\/ca\\\/the-closest-friend-of-tahanan-vedruna-tagaytay-children-this-summer-is-nature\\\/#primaryimage\"},\"thumbnailUrl\":\"https:\\\/\\\/vedruna.org\\\/wp-content\\\/uploads\\\/2025\\\/06\\\/philippines-1.jpg\",\"articleSection\":[\"Delegaci\u00f3 de Filipines\"],\"inLanguage\":\"ca\"},{\"@type\":\"WebPage\",\"@id\":\"https:\\\/\\\/vedruna.org\\\/ca\\\/the-closest-friend-of-tahanan-vedruna-tagaytay-children-this-summer-is-nature\\\/\",\"url\":\"https:\\\/\\\/vedruna.org\\\/ca\\\/the-closest-friend-of-tahanan-vedruna-tagaytay-children-this-summer-is-nature\\\/\",\"name\":\"L'amiga m\u00e9s propera dels nens de Tahanan Vedruna Tagaytay aquest estiu \u00e9s la \\\"Natura\\\". - Carmelitas de la Caridad Vedruna\",\"isPartOf\":{\"@id\":\"https:\\\/\\\/vedruna.org\\\/ca\\\/#website\"},\"primaryImageOfPage\":{\"@id\":\"https:\\\/\\\/vedruna.org\\\/ca\\\/the-closest-friend-of-tahanan-vedruna-tagaytay-children-this-summer-is-nature\\\/#primaryimage\"},\"image\":{\"@id\":\"https:\\\/\\\/vedruna.org\\\/ca\\\/the-closest-friend-of-tahanan-vedruna-tagaytay-children-this-summer-is-nature\\\/#primaryimage\"},\"thumbnailUrl\":\"https:\\\/\\\/vedruna.org\\\/wp-content\\\/uploads\\\/2025\\\/06\\\/philippines-1.jpg\",\"datePublished\":\"2025-06-06T08:44:00+00:00\",\"dateModified\":\"2025-06-11T11:49:24+00:00\",\"description\":\"\u00c9s important que els nostres fills es dediquin temps a la jardineria durant els dies feiners (de dilluns a divendres) aquestes vacances d'estiu.\",\"breadcrumb\":{\"@id\":\"https:\\\/\\\/vedruna.org\\\/ca\\\/the-closest-friend-of-tahanan-vedruna-tagaytay-children-this-summer-is-nature\\\/#breadcrumb\"},\"inLanguage\":\"ca\",\"potentialAction\":[{\"@type\":\"ReadAction\",\"target\":[\"https:\\\/\\\/vedruna.org\\\/ca\\\/the-closest-friend-of-tahanan-vedruna-tagaytay-children-this-summer-is-nature\\\/\"]}]},{\"@type\":\"ImageObject\",\"inLanguage\":\"ca\",\"@id\":\"https:\\\/\\\/vedruna.org\\\/ca\\\/the-closest-friend-of-tahanan-vedruna-tagaytay-children-this-summer-is-nature\\\/#primaryimage\",\"url\":\"https:\\\/\\\/vedruna.org\\\/wp-content\\\/uploads\\\/2025\\\/06\\\/philippines-1.jpg\",\"contentUrl\":\"https:\\\/\\\/vedruna.org\\\/wp-content\\\/uploads\\\/2025\\\/06\\\/philippines-1.jpg\",\"width\":973,\"height\":547},{\"@type\":\"BreadcrumbList\",\"@id\":\"https:\\\/\\\/vedruna.org\\\/ca\\\/the-closest-friend-of-tahanan-vedruna-tagaytay-children-this-summer-is-nature\\\/#breadcrumb\",\"itemListElement\":[{\"@type\":\"ListItem\",\"position\":1,\"name\":\"Portada\",\"item\":\"https:\\\/\\\/vedruna.org\\\/ca\\\/\"},{\"@type\":\"ListItem\",\"position\":2,\"name\":\"L&#8217;amiga m\u00e9s propera dels nens de Tahanan Vedruna Tagaytay aquest estiu \u00e9s la &#8220;Natura&#8221;.\"}]},{\"@type\":\"WebSite\",\"@id\":\"https:\\\/\\\/vedruna.org\\\/ca\\\/#website\",\"url\":\"https:\\\/\\\/vedruna.org\\\/ca\\\/\",\"name\":\"Carmelitas de la Caridad Vedruna\",\"description\":\"Carmelitas de la caridad\",\"publisher\":{\"@id\":\"https:\\\/\\\/vedruna.org\\\/ca\\\/#organization\"},\"potentialAction\":[{\"@type\":\"SearchAction\",\"target\":{\"@type\":\"EntryPoint\",\"urlTemplate\":\"https:\\\/\\\/vedruna.org\\\/ca\\\/?s={search_term_string}\"},\"query-input\":{\"@type\":\"PropertyValueSpecification\",\"valueRequired\":true,\"valueName\":\"search_term_string\"}}],\"inLanguage\":\"ca\"},{\"@type\":\"Organization\",\"@id\":\"https:\\\/\\\/vedruna.org\\\/ca\\\/#organization\",\"name\":\"Carmelitas de la caridad Vedruna\",\"url\":\"https:\\\/\\\/vedruna.org\\\/ca\\\/\",\"logo\":{\"@type\":\"ImageObject\",\"inLanguage\":\"ca\",\"@id\":\"https:\\\/\\\/vedruna.org\\\/ca\\\/#\\\/schema\\\/logo\\\/image\\\/\",\"url\":\"https:\\\/\\\/vedruna.org\\\/wp-content\\\/uploads\\\/2022\\\/04\\\/LOGO-VEDRUNA-HORIZONTAL.png\",\"contentUrl\":\"https:\\\/\\\/vedruna.org\\\/wp-content\\\/uploads\\\/2022\\\/04\\\/LOGO-VEDRUNA-HORIZONTAL.png\",\"width\":1200,\"height\":463,\"caption\":\"Carmelitas de la caridad Vedruna\"},\"image\":{\"@id\":\"https:\\\/\\\/vedruna.org\\\/ca\\\/#\\\/schema\\\/logo\\\/image\\\/\"}},{\"@type\":\"Person\",\"@id\":\"https:\\\/\\\/vedruna.org\\\/ca\\\/#\\\/schema\\\/person\\\/95fe789adf27c2831fc5a049c727edf5\",\"name\":\"Maria Agustina G\u00f3mez\",\"image\":{\"@type\":\"ImageObject\",\"inLanguage\":\"ca\",\"@id\":\"https:\\\/\\\/secure.gravatar.com\\\/avatar\\\/8af3ece86571c098b978434bbc43b948c403c1ae191f09a04e94f916638ceb2c?s=96&d=mm&r=g\",\"url\":\"https:\\\/\\\/secure.gravatar.com\\\/avatar\\\/8af3ece86571c098b978434bbc43b948c403c1ae191f09a04e94f916638ceb2c?s=96&d=mm&r=g\",\"contentUrl\":\"https:\\\/\\\/secure.gravatar.com\\\/avatar\\\/8af3ece86571c098b978434bbc43b948c403c1ae191f09a04e94f916638ceb2c?s=96&d=mm&r=g\",\"caption\":\"Maria Agustina G\u00f3mez\"},\"url\":\"https:\\\/\\\/vedruna.org\\\/ca\\\/author\\\/agustina-gomez\\\/\"}]}<\/script>\n<!-- \/ Yoast SEO plugin. -->","yoast_head_json":{"title":"L'amiga m\u00e9s propera dels nens de Tahanan Vedruna Tagaytay aquest estiu \u00e9s la \"Natura\". - Carmelitas de la Caridad Vedruna","description":"\u00c9s important que els nostres fills es dediquin temps a la jardineria durant els dies feiners (de dilluns a divendres) aquestes vacances d'estiu.","robots":{"index":"index","follow":"follow","max-snippet":"max-snippet:-1","max-image-preview":"max-image-preview:large","max-video-preview":"max-video-preview:-1"},"canonical":"https:\/\/vedruna.org\/ca\/the-closest-friend-of-tahanan-vedruna-tagaytay-children-this-summer-is-nature\/","og_locale":"ca_ES","og_type":"article","og_title":"L'amiga m\u00e9s propera dels nens de Tahanan Vedruna Tagaytay aquest estiu \u00e9s la \"Natura\". - Carmelitas de la Caridad Vedruna","og_description":"\u00c9s important que els nostres fills es dediquin temps a la jardineria durant els dies feiners (de dilluns a divendres) aquestes vacances d'estiu.","og_url":"https:\/\/vedruna.org\/ca\/the-closest-friend-of-tahanan-vedruna-tagaytay-children-this-summer-is-nature\/","og_site_name":"Carmelitas de la Caridad Vedruna","article_published_time":"2025-06-06T08:44:00+00:00","article_modified_time":"2025-06-11T11:49:24+00:00","og_image":[{"width":973,"height":547,"url":"https:\/\/vedruna.org\/wp-content\/uploads\/2025\/06\/philippines-1.jpg","type":"image\/jpeg"}],"author":"Maria Agustina G\u00f3mez","twitter_card":"summary_large_image","twitter_misc":{"Escrit per":"Maria Agustina G\u00f3mez","Temps estimat de lectura":"2 minuts"},"schema":{"@context":"https:\/\/schema.org","@graph":[{"@type":"Article","@id":"https:\/\/vedruna.org\/ca\/the-closest-friend-of-tahanan-vedruna-tagaytay-children-this-summer-is-nature\/#article","isPartOf":{"@id":"https:\/\/vedruna.org\/ca\/the-closest-friend-of-tahanan-vedruna-tagaytay-children-this-summer-is-nature\/"},"author":{"name":"Maria Agustina G\u00f3mez","@id":"https:\/\/vedruna.org\/ca\/#\/schema\/person\/95fe789adf27c2831fc5a049c727edf5"},"headline":"L&#8217;amiga m\u00e9s propera dels nens de Tahanan Vedruna Tagaytay aquest estiu \u00e9s la &#8220;Natura&#8221;.","datePublished":"2025-06-06T08:44:00+00:00","dateModified":"2025-06-11T11:49:24+00:00","mainEntityOfPage":{"@id":"https:\/\/vedruna.org\/ca\/the-closest-friend-of-tahanan-vedruna-tagaytay-children-this-summer-is-nature\/"},"wordCount":243,"publisher":{"@id":"https:\/\/vedruna.org\/ca\/#organization"},"image":{"@id":"https:\/\/vedruna.org\/ca\/the-closest-friend-of-tahanan-vedruna-tagaytay-children-this-summer-is-nature\/#primaryimage"},"thumbnailUrl":"https:\/\/vedruna.org\/wp-content\/uploads\/2025\/06\/philippines-1.jpg","articleSection":["Delegaci\u00f3 de Filipines"],"inLanguage":"ca"},{"@type":"WebPage","@id":"https:\/\/vedruna.org\/ca\/the-closest-friend-of-tahanan-vedruna-tagaytay-children-this-summer-is-nature\/","url":"https:\/\/vedruna.org\/ca\/the-closest-friend-of-tahanan-vedruna-tagaytay-children-this-summer-is-nature\/","name":"L'amiga m\u00e9s propera dels nens de Tahanan Vedruna Tagaytay aquest estiu \u00e9s la \"Natura\". - Carmelitas de la Caridad Vedruna","isPartOf":{"@id":"https:\/\/vedruna.org\/ca\/#website"},"primaryImageOfPage":{"@id":"https:\/\/vedruna.org\/ca\/the-closest-friend-of-tahanan-vedruna-tagaytay-children-this-summer-is-nature\/#primaryimage"},"image":{"@id":"https:\/\/vedruna.org\/ca\/the-closest-friend-of-tahanan-vedruna-tagaytay-children-this-summer-is-nature\/#primaryimage"},"thumbnailUrl":"https:\/\/vedruna.org\/wp-content\/uploads\/2025\/06\/philippines-1.jpg","datePublished":"2025-06-06T08:44:00+00:00","dateModified":"2025-06-11T11:49:24+00:00","description":"\u00c9s important que els nostres fills es dediquin temps a la jardineria durant els dies feiners (de dilluns a divendres) aquestes vacances d'estiu.","breadcrumb":{"@id":"https:\/\/vedruna.org\/ca\/the-closest-friend-of-tahanan-vedruna-tagaytay-children-this-summer-is-nature\/#breadcrumb"},"inLanguage":"ca","potentialAction":[{"@type":"ReadAction","target":["https:\/\/vedruna.org\/ca\/the-closest-friend-of-tahanan-vedruna-tagaytay-children-this-summer-is-nature\/"]}]},{"@type":"ImageObject","inLanguage":"ca","@id":"https:\/\/vedruna.org\/ca\/the-closest-friend-of-tahanan-vedruna-tagaytay-children-this-summer-is-nature\/#primaryimage","url":"https:\/\/vedruna.org\/wp-content\/uploads\/2025\/06\/philippines-1.jpg","contentUrl":"https:\/\/vedruna.org\/wp-content\/uploads\/2025\/06\/philippines-1.jpg","width":973,"height":547},{"@type":"BreadcrumbList","@id":"https:\/\/vedruna.org\/ca\/the-closest-friend-of-tahanan-vedruna-tagaytay-children-this-summer-is-nature\/#breadcrumb","itemListElement":[{"@type":"ListItem","position":1,"name":"Portada","item":"https:\/\/vedruna.org\/ca\/"},{"@type":"ListItem","position":2,"name":"L&#8217;amiga m\u00e9s propera dels nens de Tahanan Vedruna Tagaytay aquest estiu \u00e9s la &#8220;Natura&#8221;."}]},{"@type":"WebSite","@id":"https:\/\/vedruna.org\/ca\/#website","url":"https:\/\/vedruna.org\/ca\/","name":"Carmelitas de la Caridad Vedruna","description":"Carmelitas de la caridad","publisher":{"@id":"https:\/\/vedruna.org\/ca\/#organization"},"potentialAction":[{"@type":"SearchAction","target":{"@type":"EntryPoint","urlTemplate":"https:\/\/vedruna.org\/ca\/?s={search_term_string}"},"query-input":{"@type":"PropertyValueSpecification","valueRequired":true,"valueName":"search_term_string"}}],"inLanguage":"ca"},{"@type":"Organization","@id":"https:\/\/vedruna.org\/ca\/#organization","name":"Carmelitas de la caridad Vedruna","url":"https:\/\/vedruna.org\/ca\/","logo":{"@type":"ImageObject","inLanguage":"ca","@id":"https:\/\/vedruna.org\/ca\/#\/schema\/logo\/image\/","url":"https:\/\/vedruna.org\/wp-content\/uploads\/2022\/04\/LOGO-VEDRUNA-HORIZONTAL.png","contentUrl":"https:\/\/vedruna.org\/wp-content\/uploads\/2022\/04\/LOGO-VEDRUNA-HORIZONTAL.png","width":1200,"height":463,"caption":"Carmelitas de la caridad Vedruna"},"image":{"@id":"https:\/\/vedruna.org\/ca\/#\/schema\/logo\/image\/"}},{"@type":"Person","@id":"https:\/\/vedruna.org\/ca\/#\/schema\/person\/95fe789adf27c2831fc5a049c727edf5","name":"Maria Agustina G\u00f3mez","image":{"@type":"ImageObject","inLanguage":"ca","@id":"https:\/\/secure.gravatar.com\/avatar\/8af3ece86571c098b978434bbc43b948c403c1ae191f09a04e94f916638ceb2c?s=96&d=mm&r=g","url":"https:\/\/secure.gravatar.com\/avatar\/8af3ece86571c098b978434bbc43b948c403c1ae191f09a04e94f916638ceb2c?s=96&d=mm&r=g","contentUrl":"https:\/\/secure.gravatar.com\/avatar\/8af3ece86571c098b978434bbc43b948c403c1ae191f09a04e94f916638ceb2c?s=96&d=mm&r=g","caption":"Maria Agustina G\u00f3mez"},"url":"https:\/\/vedruna.org\/ca\/author\/agustina-gomez\/"}]}},"_links":{"self":[{"href":"https:\/\/vedruna.org\/ca\/wp-json\/wp\/v2\/posts\/25030","targetHints":{"allow":["GET"]}}],"collection":[{"href":"https:\/\/vedruna.org\/ca\/wp-json\/wp\/v2\/posts"}],"about":[{"href":"https:\/\/vedruna.org\/ca\/wp-json\/wp\/v2\/types\/post"}],"author":[{"embeddable":true,"href":"https:\/\/vedruna.org\/ca\/wp-json\/wp\/v2\/users\/21"}],"replies":[{"embeddable":true,"href":"https:\/\/vedruna.org\/ca\/wp-json\/wp\/v2\/comments?post=25030"}],"version-history":[{"count":3,"href":"https:\/\/vedruna.org\/ca\/wp-json\/wp\/v2\/posts\/25030\/revisions"}],"predecessor-version":[{"id":25043,"href":"https:\/\/vedruna.org\/ca\/wp-json\/wp\/v2\/posts\/25030\/revisions\/25043"}],"wp:featuredmedia":[{"embeddable":true,"href":"https:\/\/vedruna.org\/ca\/wp-json\/wp\/v2\/media\/25025"}],"wp:attachment":[{"href":"https:\/\/vedruna.org\/ca\/wp-json\/wp\/v2\/media?parent=25030"}],"wp:term":[{"taxonomy":"category","embeddable":true,"href":"https:\/\/vedruna.org\/ca\/wp-json\/wp\/v2\/categories?post=25030"},{"taxonomy":"post_tag","embeddable":true,"href":"https:\/\/vedruna.org\/ca\/wp-json\/wp\/v2\/tags?post=25030"}],"curies":[{"name":"wp","href":"https:\/\/api.w.org\/{rel}","templated":true}]}}