{"id":27082,"date":"2025-08-11T12:12:47","date_gmt":"2025-08-11T10:12:47","guid":{"rendered":"https:\/\/vedruna.org\/el-do-duna-nova-vocacio-un-testimoni-del-prenoviciat\/"},"modified":"2025-08-11T12:39:06","modified_gmt":"2025-08-11T10:39:06","slug":"el-do-duna-nova-vocacio-un-testimoni-del-prenoviciat","status":"publish","type":"post","link":"https:\/\/vedruna.org\/ca\/el-do-duna-nova-vocacio-un-testimoni-del-prenoviciat\/","title":{"rendered":"El do d&#8217;una nova vocaci\u00f3: un testimoni del Prenoviciat"},"content":{"rendered":"\n<p>El do de les noves vocacions porta nova vida i esperan\u00e7a a la nostra Congregaci\u00f3, renovant l&#8217;esperit de la nostra missi\u00f3 i el carisma que ens va confiar Santa Joaquina de Vedruna. Cada pas que fan aquelles que responen a la crida de D\u00e9u omple els nostres cors d&#8217;alegria, gratitud i un renovat comprom\u00eds de servir. Acollir noves germanes a la nostra fam\u00edlia \u00e9s un recordatori que la llavor de l&#8217;amor de D\u00e9u continua creixent, donant fruit en cada generaci\u00f3. \u00c9s una benedicci\u00f3 que ens inspira a totes a caminar fidelment juntes, unides en la nostra consagraci\u00f3 i dedicades a estimar i servir en nom de Crist. Avui compartim el testimoni de Marjorie &#8220;Joy&#8221; Flores, que comen\u00e7a el seu viatge com a prenoviciada a la Delegaci\u00f3 de les Filipines.      <\/p>\n\n<hr class=\"wp-block-separator has-alpha-channel-opacity\"\/>\n\n<p>Primer de tot, estic agra\u00eft a la comunitat CCV Tagaytay i a l&#8217;equip de la delegaci\u00f3 per la seva ajuda i suport en el meu viatge per continuar servint D\u00e9u i seguint la seva voluntat.<\/p>\n\n<p>El 16 de juliol de 2025, vaig iniciar un nou viatge com a prenov\u00edcia, amb l&#8217;aprovaci\u00f3 de l&#8217;equip de la delegaci\u00f3 filipina. Estava plena d&#8217;emocions contradict\u00f2ries (nerviosisme i emoci\u00f3) mentre feia aquest pas significatiu cap a la realitzaci\u00f3 de la meva aspiraci\u00f3 de llarga data de dedicar la meva vida al servei de D\u00e9u. Tamb\u00e9 dono gr\u00e0cies al nostre Senyor D\u00e9u i a la nostra estimada mare, Santa Joaquina de Vedruna, per haver-me concedit amablement les gr\u00e0cies per continuar la meva formaci\u00f3 amb dedicaci\u00f3 i amor. Que pugui ser una filla fidel de la Sant\u00edssima Mare de D\u00e9u del Carmel, fidel a la meva consagraci\u00f3 i vocaci\u00f3 d&#8217;estimar Jes\u00fas el seu Fill, i una filla lleial de Santa Joaquina de Vedruna, la nostra Fundadora.   <\/p>\n\n<p class=\"has-text-align-right\"><strong>Marjorie Flores, Postulant<\/strong><\/p>\n<div class=\"pgc-sgb-cb wp-block-pgcsimplygalleryblock-justified \" data-gallery-id=\"94b79313\"><div class=\"sgb-preloader\" id=\"pr_94b79313\">\n\t<div class=\"sgb-square\" style=\"background:#d4d4d4\"><\/div>\n\t<div class=\"sgb-square\" style=\"background:#d4d4d4\"><\/div>\n\t<div class=\"sgb-square\" style=\"background:#d4d4d4\"><\/div>\n\t<div class=\"sgb-square\" style=\"background:#d4d4d4\"><\/div><\/div><div class=\"simply-gallery-amp pgc_sgb_slider \"><noscript><div class=\"sgb-gallery\"><div class=\"sgb-item\"><a href=\"https:\/\/vedruna.org\/en\/?attachment_id=27065\" target=\"_blank\"><img decoding=\"async\" alt=\"\" width=\"262\" height=\"300\" loading=\"lazy\" src=\"https:\/\/vedruna.org\/wp-content\/uploads\/2025\/08\/marjorie-1-262x300.jpg\" srcset=\"https:\/\/vedruna.org\/wp-content\/uploads\/2025\/08\/marjorie-1-262x300.jpg 262w,https:\/\/vedruna.org\/wp-content\/uploads\/2025\/08\/marjorie-1.jpg 698w\" sizes=\"250px\"\/><\/a><\/div><div class=\"sgb-item\"><a href=\"https:\/\/vedruna.org\/en\/?attachment_id=27069\" target=\"_blank\"><img decoding=\"async\" alt=\"\" width=\"169\" height=\"300\" loading=\"lazy\" src=\"https:\/\/vedruna.org\/wp-content\/uploads\/2025\/08\/marjorie-2-169x300.jpg\" srcset=\"https:\/\/vedruna.org\/wp-content\/uploads\/2025\/08\/marjorie-2-169x300.jpg 169w,https:\/\/vedruna.org\/wp-content\/uploads\/2025\/08\/marjorie-2-577x1024.jpg 577w,https:\/\/vedruna.org\/wp-content\/uploads\/2025\/08\/marjorie-2.jpg 638w\" sizes=\"250px\"\/><\/a><\/div><\/div><\/noscript><\/div><script type=\"application\/json\" class=\"sgb-data\">{\"lastRowFill\":true,\"collectionThumbMiniScreenScale\":true,\"externalLink\":false,\"captions\":false,\"collectionThumbSubMenuDownload\":false,\"collectionThumbSubMenuShare\":false,\"galleryType\":\"pgc_sgb_justified\",\"galleryId\":\"94b79313\",\"images\":[{\"id\":27065,\"title\":\"marjorie 1\",\"url\":\"https:\/\/vedruna.org\/wp-content\/uploads\/2025\/08\/marjorie-1.jpg\",\"link\":\"https:\/\/vedruna.org\/en\/?attachment_id=27065\",\"alt\":\"\",\"description\":\"\",\"caption\":\"\",\"mime\":\"image\/jpeg\",\"type\":\"image\",\"width\":698,\"height\":800,\"sizes\":{\"thumbnail\":{\"height\":150,\"width\":150,\"url\":\"https:\/\/vedruna.org\/wp-content\/uploads\/2025\/08\/marjorie-1-150x150.jpg\",\"orientation\":\"landscape\"},\"medium\":{\"height\":300,\"width\":262,\"url\":\"https:\/\/vedruna.org\/wp-content\/uploads\/2025\/08\/marjorie-1-262x300.jpg\",\"orientation\":\"portrait\"},\"full\":{\"url\":\"https:\/\/vedruna.org\/wp-content\/uploads\/2025\/08\/marjorie-1.jpg\",\"height\":800,\"width\":698,\"orientation\":\"portrait\"}},\"imageMeta\":{\"aperture\":\"0\",\"credit\":\"\",\"camera\":\"\",\"caption\":\"\",\"created_timestamp\":\"0\",\"copyright\":\"\",\"focal_length\":\"0\",\"iso\":\"0\",\"shutter_speed\":\"0\",\"title\":\"\",\"orientation\":\"0\",\"keywords\":[]},\"meta\":false,\"postlink\":\"https:\/\/vedruna.org\/en\/?attachment_id=27065\"},{\"id\":27069,\"title\":\"marjorie 2\",\"url\":\"https:\/\/vedruna.org\/wp-content\/uploads\/2025\/08\/marjorie-2.jpg\",\"link\":\"https:\/\/vedruna.org\/en\/?attachment_id=27069\",\"alt\":\"\",\"description\":\"\",\"caption\":\"\",\"mime\":\"image\/jpeg\",\"type\":\"image\",\"width\":638,\"height\":1133,\"sizes\":{\"thumbnail\":{\"height\":150,\"width\":150,\"url\":\"https:\/\/vedruna.org\/wp-content\/uploads\/2025\/08\/marjorie-2-150x150.jpg\",\"orientation\":\"landscape\"},\"medium\":{\"height\":300,\"width\":169,\"url\":\"https:\/\/vedruna.org\/wp-content\/uploads\/2025\/08\/marjorie-2-169x300.jpg\",\"orientation\":\"portrait\"},\"large\":{\"height\":1024,\"width\":577,\"url\":\"https:\/\/vedruna.org\/wp-content\/uploads\/2025\/08\/marjorie-2-577x1024.jpg\",\"orientation\":\"portrait\"},\"full\":{\"url\":\"https:\/\/vedruna.org\/wp-content\/uploads\/2025\/08\/marjorie-2.jpg\",\"height\":1133,\"width\":638,\"orientation\":\"portrait\"}},\"imageMeta\":{\"aperture\":\"0\",\"credit\":\"\",\"camera\":\"\",\"caption\":\"\",\"created_timestamp\":\"0\",\"copyright\":\"\",\"focal_length\":\"0\",\"iso\":\"0\",\"shutter_speed\":\"0\",\"title\":\"\",\"orientation\":\"0\",\"keywords\":[]},\"meta\":false,\"postlink\":\"https:\/\/vedruna.org\/en\/?attachment_id=27069\"}],\"translatedWithWPMLTM\":\"1\",\"itemsMetaDataCollection\":[]}<\/script><script>(function(){if(window.PGC_SGB && window.PGC_SGB.searcher){window.PGC_SGB.searcher.initBlocks()}})()<\/script><\/div>","protected":false},"excerpt":{"rendered":"<p>El do de les noves vocacions porta nova vida i esperan\u00e7a a la nostra Congregaci\u00f3, renovant l&#8217;esperit de la nostra missi\u00f3 i el carisma que ens va confiar Santa Joaquina de Vedruna. Cada pas que fan aquelles que responen a la crida de D\u00e9u omple els nostres cors d&#8217;alegria, gratitud i un renovat comprom\u00eds de [&hellip;]<\/p>\n","protected":false},"author":21,"featured_media":27074,"comment_status":"closed","ping_status":"closed","sticky":false,"template":"","format":"standard","meta":{"_et_pb_use_builder":"","_et_pb_old_content":"","_et_gb_content_width":"","pgc_sgb_lightbox_settings":"","footnotes":""},"categories":[297],"tags":[],"class_list":["post-27082","post","type-post","status-publish","format-standard","has-post-thumbnail","hentry","category-delegacio-de-filipines"],"yoast_head":"<!-- This site is optimized with the Yoast SEO plugin v27.5 - https:\/\/yoast.com\/product\/yoast-seo-wordpress\/ -->\n<title>El do d&#039;una nova vocaci\u00f3: un testimoni del Prenoviciat - Carmelitas de la Caridad Vedruna<\/title>\n<meta name=\"description\" content=\"Compartim el testimoni de Marjorie \u201cJoy\u201d Flores, que comen\u00e7a el seu cam\u00ed com a prenoviciada a la Delegaci\u00f3 de les Filipines.\" \/>\n<meta name=\"robots\" content=\"index, follow, max-snippet:-1, max-image-preview:large, max-video-preview:-1\" \/>\n<link rel=\"canonical\" href=\"https:\/\/vedruna.org\/ca\/el-do-duna-nova-vocacio-un-testimoni-del-prenoviciat\/\" \/>\n<meta property=\"og:locale\" content=\"ca_ES\" \/>\n<meta property=\"og:type\" content=\"article\" \/>\n<meta property=\"og:title\" content=\"El do d&#039;una nova vocaci\u00f3: un testimoni del Prenoviciat - Carmelitas de la Caridad Vedruna\" \/>\n<meta property=\"og:description\" content=\"Compartim el testimoni de Marjorie \u201cJoy\u201d Flores, que comen\u00e7a el seu cam\u00ed com a prenoviciada a la Delegaci\u00f3 de les Filipines.\" \/>\n<meta property=\"og:url\" content=\"https:\/\/vedruna.org\/ca\/el-do-duna-nova-vocacio-un-testimoni-del-prenoviciat\/\" \/>\n<meta property=\"og:site_name\" content=\"Carmelitas de la Caridad Vedruna\" \/>\n<meta property=\"article:published_time\" content=\"2025-08-11T10:12:47+00:00\" \/>\n<meta property=\"article:modified_time\" content=\"2025-08-11T10:39:06+00:00\" \/>\n<meta property=\"og:image\" content=\"https:\/\/vedruna.org\/wp-content\/uploads\/2025\/08\/marjorie-1-1-e1754906922438.jpg\" \/>\n\t<meta property=\"og:image:width\" content=\"698\" \/>\n\t<meta property=\"og:image:height\" content=\"800\" \/>\n\t<meta property=\"og:image:type\" content=\"image\/jpeg\" \/>\n<meta name=\"author\" content=\"Maria Agustina G\u00f3mez\" \/>\n<meta name=\"twitter:card\" content=\"summary_large_image\" \/>\n<meta name=\"twitter:label1\" content=\"Escrit per\" \/>\n\t<meta name=\"twitter:data1\" content=\"Maria Agustina G\u00f3mez\" \/>\n\t<meta name=\"twitter:label2\" content=\"Temps estimat de lectura\" \/>\n\t<meta name=\"twitter:data2\" content=\"2 minuts\" \/>\n<script type=\"application\/ld+json\" class=\"yoast-schema-graph\">{\"@context\":\"https:\\\/\\\/schema.org\",\"@graph\":[{\"@type\":\"Article\",\"@id\":\"https:\\\/\\\/vedruna.org\\\/ca\\\/el-do-duna-nova-vocacio-un-testimoni-del-prenoviciat\\\/#article\",\"isPartOf\":{\"@id\":\"https:\\\/\\\/vedruna.org\\\/ca\\\/el-do-duna-nova-vocacio-un-testimoni-del-prenoviciat\\\/\"},\"author\":{\"name\":\"Maria Agustina G\u00f3mez\",\"@id\":\"https:\\\/\\\/vedruna.org\\\/ca\\\/#\\\/schema\\\/person\\\/95fe789adf27c2831fc5a049c727edf5\"},\"headline\":\"El do d&#8217;una nova vocaci\u00f3: un testimoni del Prenoviciat\",\"datePublished\":\"2025-08-11T10:12:47+00:00\",\"dateModified\":\"2025-08-11T10:39:06+00:00\",\"mainEntityOfPage\":{\"@id\":\"https:\\\/\\\/vedruna.org\\\/ca\\\/el-do-duna-nova-vocacio-un-testimoni-del-prenoviciat\\\/\"},\"wordCount\":324,\"publisher\":{\"@id\":\"https:\\\/\\\/vedruna.org\\\/ca\\\/#organization\"},\"image\":{\"@id\":\"https:\\\/\\\/vedruna.org\\\/ca\\\/el-do-duna-nova-vocacio-un-testimoni-del-prenoviciat\\\/#primaryimage\"},\"thumbnailUrl\":\"https:\\\/\\\/vedruna.org\\\/wp-content\\\/uploads\\\/2025\\\/08\\\/marjorie-1-1-e1754906922438.jpg\",\"articleSection\":[\"Delegaci\u00f3 de Filipines\"],\"inLanguage\":\"ca\"},{\"@type\":\"WebPage\",\"@id\":\"https:\\\/\\\/vedruna.org\\\/ca\\\/el-do-duna-nova-vocacio-un-testimoni-del-prenoviciat\\\/\",\"url\":\"https:\\\/\\\/vedruna.org\\\/ca\\\/el-do-duna-nova-vocacio-un-testimoni-del-prenoviciat\\\/\",\"name\":\"El do d'una nova vocaci\u00f3: un testimoni del Prenoviciat - Carmelitas de la Caridad Vedruna\",\"isPartOf\":{\"@id\":\"https:\\\/\\\/vedruna.org\\\/ca\\\/#website\"},\"primaryImageOfPage\":{\"@id\":\"https:\\\/\\\/vedruna.org\\\/ca\\\/el-do-duna-nova-vocacio-un-testimoni-del-prenoviciat\\\/#primaryimage\"},\"image\":{\"@id\":\"https:\\\/\\\/vedruna.org\\\/ca\\\/el-do-duna-nova-vocacio-un-testimoni-del-prenoviciat\\\/#primaryimage\"},\"thumbnailUrl\":\"https:\\\/\\\/vedruna.org\\\/wp-content\\\/uploads\\\/2025\\\/08\\\/marjorie-1-1-e1754906922438.jpg\",\"datePublished\":\"2025-08-11T10:12:47+00:00\",\"dateModified\":\"2025-08-11T10:39:06+00:00\",\"description\":\"Compartim el testimoni de Marjorie \u201cJoy\u201d Flores, que comen\u00e7a el seu cam\u00ed com a prenoviciada a la Delegaci\u00f3 de les Filipines.\",\"breadcrumb\":{\"@id\":\"https:\\\/\\\/vedruna.org\\\/ca\\\/el-do-duna-nova-vocacio-un-testimoni-del-prenoviciat\\\/#breadcrumb\"},\"inLanguage\":\"ca\",\"potentialAction\":[{\"@type\":\"ReadAction\",\"target\":[\"https:\\\/\\\/vedruna.org\\\/ca\\\/el-do-duna-nova-vocacio-un-testimoni-del-prenoviciat\\\/\"]}]},{\"@type\":\"ImageObject\",\"inLanguage\":\"ca\",\"@id\":\"https:\\\/\\\/vedruna.org\\\/ca\\\/el-do-duna-nova-vocacio-un-testimoni-del-prenoviciat\\\/#primaryimage\",\"url\":\"https:\\\/\\\/vedruna.org\\\/wp-content\\\/uploads\\\/2025\\\/08\\\/marjorie-1-1-e1754906922438.jpg\",\"contentUrl\":\"https:\\\/\\\/vedruna.org\\\/wp-content\\\/uploads\\\/2025\\\/08\\\/marjorie-1-1-e1754906922438.jpg\",\"width\":698,\"height\":800},{\"@type\":\"BreadcrumbList\",\"@id\":\"https:\\\/\\\/vedruna.org\\\/ca\\\/el-do-duna-nova-vocacio-un-testimoni-del-prenoviciat\\\/#breadcrumb\",\"itemListElement\":[{\"@type\":\"ListItem\",\"position\":1,\"name\":\"Portada\",\"item\":\"https:\\\/\\\/vedruna.org\\\/ca\\\/\"},{\"@type\":\"ListItem\",\"position\":2,\"name\":\"El do d&#8217;una nova vocaci\u00f3: un testimoni del Prenoviciat\"}]},{\"@type\":\"WebSite\",\"@id\":\"https:\\\/\\\/vedruna.org\\\/ca\\\/#website\",\"url\":\"https:\\\/\\\/vedruna.org\\\/ca\\\/\",\"name\":\"Carmelitas de la Caridad Vedruna\",\"description\":\"Carmelitas de la caridad\",\"publisher\":{\"@id\":\"https:\\\/\\\/vedruna.org\\\/ca\\\/#organization\"},\"potentialAction\":[{\"@type\":\"SearchAction\",\"target\":{\"@type\":\"EntryPoint\",\"urlTemplate\":\"https:\\\/\\\/vedruna.org\\\/ca\\\/?s={search_term_string}\"},\"query-input\":{\"@type\":\"PropertyValueSpecification\",\"valueRequired\":true,\"valueName\":\"search_term_string\"}}],\"inLanguage\":\"ca\"},{\"@type\":\"Organization\",\"@id\":\"https:\\\/\\\/vedruna.org\\\/ca\\\/#organization\",\"name\":\"Carmelitas de la caridad Vedruna\",\"url\":\"https:\\\/\\\/vedruna.org\\\/ca\\\/\",\"logo\":{\"@type\":\"ImageObject\",\"inLanguage\":\"ca\",\"@id\":\"https:\\\/\\\/vedruna.org\\\/ca\\\/#\\\/schema\\\/logo\\\/image\\\/\",\"url\":\"https:\\\/\\\/vedruna.org\\\/wp-content\\\/uploads\\\/2022\\\/04\\\/LOGO-VEDRUNA-HORIZONTAL.png\",\"contentUrl\":\"https:\\\/\\\/vedruna.org\\\/wp-content\\\/uploads\\\/2022\\\/04\\\/LOGO-VEDRUNA-HORIZONTAL.png\",\"width\":1200,\"height\":463,\"caption\":\"Carmelitas de la caridad Vedruna\"},\"image\":{\"@id\":\"https:\\\/\\\/vedruna.org\\\/ca\\\/#\\\/schema\\\/logo\\\/image\\\/\"}},{\"@type\":\"Person\",\"@id\":\"https:\\\/\\\/vedruna.org\\\/ca\\\/#\\\/schema\\\/person\\\/95fe789adf27c2831fc5a049c727edf5\",\"name\":\"Maria Agustina G\u00f3mez\",\"image\":{\"@type\":\"ImageObject\",\"inLanguage\":\"ca\",\"@id\":\"https:\\\/\\\/secure.gravatar.com\\\/avatar\\\/8af3ece86571c098b978434bbc43b948c403c1ae191f09a04e94f916638ceb2c?s=96&d=mm&r=g\",\"url\":\"https:\\\/\\\/secure.gravatar.com\\\/avatar\\\/8af3ece86571c098b978434bbc43b948c403c1ae191f09a04e94f916638ceb2c?s=96&d=mm&r=g\",\"contentUrl\":\"https:\\\/\\\/secure.gravatar.com\\\/avatar\\\/8af3ece86571c098b978434bbc43b948c403c1ae191f09a04e94f916638ceb2c?s=96&d=mm&r=g\",\"caption\":\"Maria Agustina G\u00f3mez\"},\"url\":\"https:\\\/\\\/vedruna.org\\\/ca\\\/author\\\/agustina-gomez\\\/\"}]}<\/script>\n<!-- \/ Yoast SEO plugin. -->","yoast_head_json":{"title":"El do d'una nova vocaci\u00f3: un testimoni del Prenoviciat - Carmelitas de la Caridad Vedruna","description":"Compartim el testimoni de Marjorie \u201cJoy\u201d Flores, que comen\u00e7a el seu cam\u00ed com a prenoviciada a la Delegaci\u00f3 de les Filipines.","robots":{"index":"index","follow":"follow","max-snippet":"max-snippet:-1","max-image-preview":"max-image-preview:large","max-video-preview":"max-video-preview:-1"},"canonical":"https:\/\/vedruna.org\/ca\/el-do-duna-nova-vocacio-un-testimoni-del-prenoviciat\/","og_locale":"ca_ES","og_type":"article","og_title":"El do d'una nova vocaci\u00f3: un testimoni del Prenoviciat - Carmelitas de la Caridad Vedruna","og_description":"Compartim el testimoni de Marjorie \u201cJoy\u201d Flores, que comen\u00e7a el seu cam\u00ed com a prenoviciada a la Delegaci\u00f3 de les Filipines.","og_url":"https:\/\/vedruna.org\/ca\/el-do-duna-nova-vocacio-un-testimoni-del-prenoviciat\/","og_site_name":"Carmelitas de la Caridad Vedruna","article_published_time":"2025-08-11T10:12:47+00:00","article_modified_time":"2025-08-11T10:39:06+00:00","og_image":[{"width":698,"height":800,"url":"https:\/\/vedruna.org\/wp-content\/uploads\/2025\/08\/marjorie-1-1-e1754906922438.jpg","type":"image\/jpeg"}],"author":"Maria Agustina G\u00f3mez","twitter_card":"summary_large_image","twitter_misc":{"Escrit per":"Maria Agustina G\u00f3mez","Temps estimat de lectura":"2 minuts"},"schema":{"@context":"https:\/\/schema.org","@graph":[{"@type":"Article","@id":"https:\/\/vedruna.org\/ca\/el-do-duna-nova-vocacio-un-testimoni-del-prenoviciat\/#article","isPartOf":{"@id":"https:\/\/vedruna.org\/ca\/el-do-duna-nova-vocacio-un-testimoni-del-prenoviciat\/"},"author":{"name":"Maria Agustina G\u00f3mez","@id":"https:\/\/vedruna.org\/ca\/#\/schema\/person\/95fe789adf27c2831fc5a049c727edf5"},"headline":"El do d&#8217;una nova vocaci\u00f3: un testimoni del Prenoviciat","datePublished":"2025-08-11T10:12:47+00:00","dateModified":"2025-08-11T10:39:06+00:00","mainEntityOfPage":{"@id":"https:\/\/vedruna.org\/ca\/el-do-duna-nova-vocacio-un-testimoni-del-prenoviciat\/"},"wordCount":324,"publisher":{"@id":"https:\/\/vedruna.org\/ca\/#organization"},"image":{"@id":"https:\/\/vedruna.org\/ca\/el-do-duna-nova-vocacio-un-testimoni-del-prenoviciat\/#primaryimage"},"thumbnailUrl":"https:\/\/vedruna.org\/wp-content\/uploads\/2025\/08\/marjorie-1-1-e1754906922438.jpg","articleSection":["Delegaci\u00f3 de Filipines"],"inLanguage":"ca"},{"@type":"WebPage","@id":"https:\/\/vedruna.org\/ca\/el-do-duna-nova-vocacio-un-testimoni-del-prenoviciat\/","url":"https:\/\/vedruna.org\/ca\/el-do-duna-nova-vocacio-un-testimoni-del-prenoviciat\/","name":"El do d'una nova vocaci\u00f3: un testimoni del Prenoviciat - Carmelitas de la Caridad Vedruna","isPartOf":{"@id":"https:\/\/vedruna.org\/ca\/#website"},"primaryImageOfPage":{"@id":"https:\/\/vedruna.org\/ca\/el-do-duna-nova-vocacio-un-testimoni-del-prenoviciat\/#primaryimage"},"image":{"@id":"https:\/\/vedruna.org\/ca\/el-do-duna-nova-vocacio-un-testimoni-del-prenoviciat\/#primaryimage"},"thumbnailUrl":"https:\/\/vedruna.org\/wp-content\/uploads\/2025\/08\/marjorie-1-1-e1754906922438.jpg","datePublished":"2025-08-11T10:12:47+00:00","dateModified":"2025-08-11T10:39:06+00:00","description":"Compartim el testimoni de Marjorie \u201cJoy\u201d Flores, que comen\u00e7a el seu cam\u00ed com a prenoviciada a la Delegaci\u00f3 de les Filipines.","breadcrumb":{"@id":"https:\/\/vedruna.org\/ca\/el-do-duna-nova-vocacio-un-testimoni-del-prenoviciat\/#breadcrumb"},"inLanguage":"ca","potentialAction":[{"@type":"ReadAction","target":["https:\/\/vedruna.org\/ca\/el-do-duna-nova-vocacio-un-testimoni-del-prenoviciat\/"]}]},{"@type":"ImageObject","inLanguage":"ca","@id":"https:\/\/vedruna.org\/ca\/el-do-duna-nova-vocacio-un-testimoni-del-prenoviciat\/#primaryimage","url":"https:\/\/vedruna.org\/wp-content\/uploads\/2025\/08\/marjorie-1-1-e1754906922438.jpg","contentUrl":"https:\/\/vedruna.org\/wp-content\/uploads\/2025\/08\/marjorie-1-1-e1754906922438.jpg","width":698,"height":800},{"@type":"BreadcrumbList","@id":"https:\/\/vedruna.org\/ca\/el-do-duna-nova-vocacio-un-testimoni-del-prenoviciat\/#breadcrumb","itemListElement":[{"@type":"ListItem","position":1,"name":"Portada","item":"https:\/\/vedruna.org\/ca\/"},{"@type":"ListItem","position":2,"name":"El do d&#8217;una nova vocaci\u00f3: un testimoni del Prenoviciat"}]},{"@type":"WebSite","@id":"https:\/\/vedruna.org\/ca\/#website","url":"https:\/\/vedruna.org\/ca\/","name":"Carmelitas de la Caridad Vedruna","description":"Carmelitas de la caridad","publisher":{"@id":"https:\/\/vedruna.org\/ca\/#organization"},"potentialAction":[{"@type":"SearchAction","target":{"@type":"EntryPoint","urlTemplate":"https:\/\/vedruna.org\/ca\/?s={search_term_string}"},"query-input":{"@type":"PropertyValueSpecification","valueRequired":true,"valueName":"search_term_string"}}],"inLanguage":"ca"},{"@type":"Organization","@id":"https:\/\/vedruna.org\/ca\/#organization","name":"Carmelitas de la caridad Vedruna","url":"https:\/\/vedruna.org\/ca\/","logo":{"@type":"ImageObject","inLanguage":"ca","@id":"https:\/\/vedruna.org\/ca\/#\/schema\/logo\/image\/","url":"https:\/\/vedruna.org\/wp-content\/uploads\/2022\/04\/LOGO-VEDRUNA-HORIZONTAL.png","contentUrl":"https:\/\/vedruna.org\/wp-content\/uploads\/2022\/04\/LOGO-VEDRUNA-HORIZONTAL.png","width":1200,"height":463,"caption":"Carmelitas de la caridad Vedruna"},"image":{"@id":"https:\/\/vedruna.org\/ca\/#\/schema\/logo\/image\/"}},{"@type":"Person","@id":"https:\/\/vedruna.org\/ca\/#\/schema\/person\/95fe789adf27c2831fc5a049c727edf5","name":"Maria Agustina G\u00f3mez","image":{"@type":"ImageObject","inLanguage":"ca","@id":"https:\/\/secure.gravatar.com\/avatar\/8af3ece86571c098b978434bbc43b948c403c1ae191f09a04e94f916638ceb2c?s=96&d=mm&r=g","url":"https:\/\/secure.gravatar.com\/avatar\/8af3ece86571c098b978434bbc43b948c403c1ae191f09a04e94f916638ceb2c?s=96&d=mm&r=g","contentUrl":"https:\/\/secure.gravatar.com\/avatar\/8af3ece86571c098b978434bbc43b948c403c1ae191f09a04e94f916638ceb2c?s=96&d=mm&r=g","caption":"Maria Agustina G\u00f3mez"},"url":"https:\/\/vedruna.org\/ca\/author\/agustina-gomez\/"}]}},"_links":{"self":[{"href":"https:\/\/vedruna.org\/ca\/wp-json\/wp\/v2\/posts\/27082","targetHints":{"allow":["GET"]}}],"collection":[{"href":"https:\/\/vedruna.org\/ca\/wp-json\/wp\/v2\/posts"}],"about":[{"href":"https:\/\/vedruna.org\/ca\/wp-json\/wp\/v2\/types\/post"}],"author":[{"embeddable":true,"href":"https:\/\/vedruna.org\/ca\/wp-json\/wp\/v2\/users\/21"}],"replies":[{"embeddable":true,"href":"https:\/\/vedruna.org\/ca\/wp-json\/wp\/v2\/comments?post=27082"}],"version-history":[{"count":1,"href":"https:\/\/vedruna.org\/ca\/wp-json\/wp\/v2\/posts\/27082\/revisions"}],"predecessor-version":[{"id":27083,"href":"https:\/\/vedruna.org\/ca\/wp-json\/wp\/v2\/posts\/27082\/revisions\/27083"}],"wp:featuredmedia":[{"embeddable":true,"href":"https:\/\/vedruna.org\/ca\/wp-json\/wp\/v2\/media\/27074"}],"wp:attachment":[{"href":"https:\/\/vedruna.org\/ca\/wp-json\/wp\/v2\/media?parent=27082"}],"wp:term":[{"taxonomy":"category","embeddable":true,"href":"https:\/\/vedruna.org\/ca\/wp-json\/wp\/v2\/categories?post=27082"},{"taxonomy":"post_tag","embeddable":true,"href":"https:\/\/vedruna.org\/ca\/wp-json\/wp\/v2\/tags?post=27082"}],"curies":[{"name":"wp","href":"https:\/\/api.w.org\/{rel}","templated":true}]}}