{"id":27269,"date":"2025-08-18T07:34:00","date_gmt":"2025-08-18T05:34:00","guid":{"rendered":"https:\/\/vedruna.org\/?p=27269"},"modified":"2025-08-13T20:08:51","modified_gmt":"2025-08-13T18:08:51","slug":"celebrant-la-fe-amb-larxidiocesi-de-cotabato","status":"publish","type":"post","link":"https:\/\/vedruna.org\/ca\/celebrant-la-fe-amb-larxidiocesi-de-cotabato\/","title":{"rendered":"Celebrant la fe amb l&#8217;arxidi\u00f2cesi de Cotabato"},"content":{"rendered":"\n<p>La comunitat Vedruna Pigcawayan es va unir a la celebraci\u00f3 del 75\u00e8 aniversari de l&#8217;arxidi\u00f2cesi de Cotabato amb el lema: &#8220;Celebrant la fe, la comuni\u00f3 i la missi\u00f3&#8221;.  <\/p>\n\n<p>\u00c9s una fita significativa en la vida de l&#8217;arxidi\u00f2cesi de Cotabato, ja que celebra amb alegria el seu 75\u00e8 aniversari: un Jubileu de Diamant de fe, comuni\u00f3 i missi\u00f3. L&#8217;arxidi\u00f2cesi ha estat un far d&#8217;esperan\u00e7a i un testimoni viu de la pres\u00e8ncia perdurable de D\u00e9u a la vida dels fidels, especialment en portar Crist a la gent. <\/p>\n\n<p>Arrelada en el ric s\u00f2l de la diversitat cultural i religiosa de Mindanao, l&#8217;Esgl\u00e9sia de Cotabato ha crescut des dels humils inicis de la missi\u00f3 dels Oblates de Maria Immaculada (OMI), fins a convertir-se en una comunitat vibrant, que accepta els reptes i els triomfs amb una confian\u00e7a inquebrantable en el Senyor. Aquesta celebraci\u00f3 no \u00e9s nom\u00e9s un record del passat, sin\u00f3 tamb\u00e9 una renovaci\u00f3 del comprom\u00eds amb l&#8217;Evangeli, una crida a enfortir els nostres vincles com a una sola Esgl\u00e9sia i una missi\u00f3 a continuar servint amb compassi\u00f3 i coratge. <\/p>\n\n<p>L&#8217;Arxidi\u00f2cesi mira enrere amb gratitud, especialment a la pres\u00e8ncia dels primers missioners i congregacions religioses, viu el present amb alegria per les seves diverses i riques cultures, i avan\u00e7a amb esperan\u00e7a, enfortida per l&#8217;Esperit Sant per proclamar Crist a tots els racons de la societat. Mentre celebrem 75 anys de cam\u00ed junts, recordem que l&#8217;Esgl\u00e9sia est\u00e0 viva quan el seu poble viu la seva fe en unitat i amor, sempre disposat a portar la Bona Nova a tothom. <\/p>\n\n<p>La celebraci\u00f3 va comptar amb la pres\u00e8ncia de nombrosos sacerdots, congregacions religioses i fidels laics que es van reunir per agrair a D\u00e9u la seva fidelitat a la missi\u00f3 de l&#8217;Esgl\u00e9sia a la terra de Cotabato. L&#8217;arquebisbe Angelito Lampon, OMI DD, va oficiar la Sagrada Eucaristia juntament amb el sacerdot dioces\u00e0 i religi\u00f3s de la di\u00f2cesi. Durant la missa es va descobrir el logotip del 75\u00e8 aniversari de l&#8217;arxidi\u00f2cesi de Cotabato i el reverend Pare Emerald Paladin, DCC, ens va llegir el significat, aix\u00ed com la recitaci\u00f3 de l&#8217;oraci\u00f3 del 75\u00e8 Jubileu. Despr\u00e9s de la solemne celebraci\u00f3 de la missa a la Catedral de la Immaculada Concepci\u00f3, vam tenir un programa breu i un dinar sumptu\u00f3s al gimn\u00e0s de la Universitat de Notre Dame. Es va llegir i compartir la hist\u00f2ria de l&#8217;arxidi\u00f2cesi, i tamb\u00e9 es va recon\u00e8ixer i agrair als quatre antics bisbes de l&#8217;arxidi\u00f2cesi.     <\/p>\n\n<p class=\"has-text-align-right\"><strong>Gna. Brenda M. Grapinag, CCV<\/strong><\/p>\n<div class=\"pgc-sgb-cb wp-block-pgcsimplygalleryblock-justified \" data-gallery-id=\"8de22949\"><div class=\"sgb-preloader\" id=\"pr_8de22949\">\n\t<div class=\"sgb-square\" style=\"background:#d4d4d4\"><\/div>\n\t<div class=\"sgb-square\" style=\"background:#d4d4d4\"><\/div>\n\t<div class=\"sgb-square\" style=\"background:#d4d4d4\"><\/div>\n\t<div class=\"sgb-square\" style=\"background:#d4d4d4\"><\/div><\/div><div class=\"simply-gallery-amp pgc_sgb_slider \"><noscript><div class=\"sgb-gallery\"><div class=\"sgb-item\"><a href=\"https:\/\/vedruna.org\/en\/?attachment_id=27222\" target=\"_blank\"><img decoding=\"async\" alt=\"\" width=\"300\" height=\"169\" loading=\"lazy\" src=\"https:\/\/vedruna.org\/wp-content\/uploads\/2025\/08\/archi-300x169.jpg\" srcset=\"https:\/\/vedruna.org\/wp-content\/uploads\/2025\/08\/archi-300x169.jpg 300w,https:\/\/vedruna.org\/wp-content\/uploads\/2025\/08\/archi-1024x576.jpg 1024w,https:\/\/vedruna.org\/wp-content\/uploads\/2025\/08\/archi.jpg 1600w\" sizes=\"250px\"\/><\/a><\/div><div class=\"sgb-item\"><a href=\"https:\/\/vedruna.org\/en\/?attachment_id=27226\" target=\"_blank\"><img decoding=\"async\" alt=\"\" width=\"300\" height=\"169\" loading=\"lazy\" src=\"https:\/\/vedruna.org\/wp-content\/uploads\/2025\/08\/archidio-300x169.jpg\" srcset=\"https:\/\/vedruna.org\/wp-content\/uploads\/2025\/08\/archidio-300x169.jpg 300w,https:\/\/vedruna.org\/wp-content\/uploads\/2025\/08\/archidio-1024x576.jpg 1024w,https:\/\/vedruna.org\/wp-content\/uploads\/2025\/08\/archidio.jpg 1600w\" sizes=\"250px\"\/><\/a><\/div><div class=\"sgb-item\"><a href=\"https:\/\/vedruna.org\/en\/?attachment_id=27234\" target=\"_blank\"><img decoding=\"async\" alt=\"\" width=\"300\" height=\"255\" loading=\"lazy\" src=\"https:\/\/vedruna.org\/wp-content\/uploads\/2025\/08\/530367650_122220427010121537_861200548323996850_n-300x255.jpg\" srcset=\"https:\/\/vedruna.org\/wp-content\/uploads\/2025\/08\/530367650_122220427010121537_861200548323996850_n-300x255.jpg 300w,https:\/\/vedruna.org\/wp-content\/uploads\/2025\/08\/530367650_122220427010121537_861200548323996850_n-1024x870.jpg 1024w,https:\/\/vedruna.org\/wp-content\/uploads\/2025\/08\/530367650_122220427010121537_861200548323996850_n.jpg 2048w\" sizes=\"250px\"\/><\/a><\/div><div class=\"sgb-item\"><a href=\"https:\/\/vedruna.org\/en\/?attachment_id=27238\" target=\"_blank\"><img decoding=\"async\" alt=\"\" width=\"169\" height=\"300\" loading=\"lazy\" src=\"https:\/\/vedruna.org\/wp-content\/uploads\/2025\/08\/archid-1-169x300.jpg\" srcset=\"https:\/\/vedruna.org\/wp-content\/uploads\/2025\/08\/archid-1-169x300.jpg 169w,https:\/\/vedruna.org\/wp-content\/uploads\/2025\/08\/archid-1-576x1024.jpg 576w,https:\/\/vedruna.org\/wp-content\/uploads\/2025\/08\/archid-1.jpg 869w\" sizes=\"250px\"\/><\/a><\/div><\/div><\/noscript><\/div><script type=\"application\/json\" class=\"sgb-data\">{\"lastRowFill\":true,\"collectionThumbMiniScreenScale\":true,\"externalLink\":false,\"captions\":false,\"collectionThumbSubMenuDownload\":false,\"collectionThumbSubMenuShare\":false,\"galleryType\":\"pgc_sgb_justified\",\"galleryId\":\"8de22949\",\"images\":[{\"id\":27222,\"title\":\"archi\",\"url\":\"https:\/\/vedruna.org\/wp-content\/uploads\/2025\/08\/archi.jpg\",\"link\":\"https:\/\/vedruna.org\/en\/?attachment_id=27222\",\"alt\":\"\",\"description\":\"\",\"caption\":\"\",\"mime\":\"image\/jpeg\",\"type\":\"image\",\"width\":1600,\"height\":900,\"sizes\":{\"thumbnail\":{\"height\":150,\"width\":150,\"url\":\"https:\/\/vedruna.org\/wp-content\/uploads\/2025\/08\/archi-150x150.jpg\",\"orientation\":\"landscape\"},\"medium\":{\"height\":169,\"width\":300,\"url\":\"https:\/\/vedruna.org\/wp-content\/uploads\/2025\/08\/archi-300x169.jpg\",\"orientation\":\"landscape\"},\"large\":{\"height\":576,\"width\":1024,\"url\":\"https:\/\/vedruna.org\/wp-content\/uploads\/2025\/08\/archi-1024x576.jpg\",\"orientation\":\"landscape\"},\"full\":{\"url\":\"https:\/\/vedruna.org\/wp-content\/uploads\/2025\/08\/archi.jpg\",\"height\":900,\"width\":1600,\"orientation\":\"landscape\"}},\"imageMeta\":{\"aperture\":\"0\",\"credit\":\"\",\"camera\":\"\",\"caption\":\"\",\"created_timestamp\":\"0\",\"copyright\":\"\",\"focal_length\":\"0\",\"iso\":\"0\",\"shutter_speed\":\"0\",\"title\":\"\",\"orientation\":\"0\",\"keywords\":[]},\"meta\":false,\"postlink\":\"https:\/\/vedruna.org\/en\/?attachment_id=27222\"},{\"id\":27226,\"title\":\"archidio\",\"url\":\"https:\/\/vedruna.org\/wp-content\/uploads\/2025\/08\/archidio.jpg\",\"link\":\"https:\/\/vedruna.org\/en\/?attachment_id=27226\",\"alt\":\"\",\"description\":\"\",\"caption\":\"\",\"mime\":\"image\/jpeg\",\"type\":\"image\",\"width\":1600,\"height\":900,\"sizes\":{\"thumbnail\":{\"height\":150,\"width\":150,\"url\":\"https:\/\/vedruna.org\/wp-content\/uploads\/2025\/08\/archidio-150x150.jpg\",\"orientation\":\"landscape\"},\"medium\":{\"height\":169,\"width\":300,\"url\":\"https:\/\/vedruna.org\/wp-content\/uploads\/2025\/08\/archidio-300x169.jpg\",\"orientation\":\"landscape\"},\"large\":{\"height\":576,\"width\":1024,\"url\":\"https:\/\/vedruna.org\/wp-content\/uploads\/2025\/08\/archidio-1024x576.jpg\",\"orientation\":\"landscape\"},\"full\":{\"url\":\"https:\/\/vedruna.org\/wp-content\/uploads\/2025\/08\/archidio.jpg\",\"height\":900,\"width\":1600,\"orientation\":\"landscape\"}},\"imageMeta\":{\"aperture\":\"0\",\"credit\":\"\",\"camera\":\"\",\"caption\":\"\",\"created_timestamp\":\"0\",\"copyright\":\"\",\"focal_length\":\"0\",\"iso\":\"0\",\"shutter_speed\":\"0\",\"title\":\"\",\"orientation\":\"0\",\"keywords\":[]},\"meta\":false,\"postlink\":\"https:\/\/vedruna.org\/en\/?attachment_id=27226\"},{\"id\":27234,\"title\":\"530367650_122220427010121537_861200548323996850_n\",\"url\":\"https:\/\/vedruna.org\/wp-content\/uploads\/2025\/08\/530367650_122220427010121537_861200548323996850_n.jpg\",\"link\":\"https:\/\/vedruna.org\/en\/?attachment_id=27234\",\"alt\":\"\",\"description\":\"\",\"caption\":\"\",\"mime\":\"image\/jpeg\",\"type\":\"image\",\"width\":2048,\"height\":1739,\"sizes\":{\"thumbnail\":{\"height\":150,\"width\":150,\"url\":\"https:\/\/vedruna.org\/wp-content\/uploads\/2025\/08\/530367650_122220427010121537_861200548323996850_n-150x150.jpg\",\"orientation\":\"landscape\"},\"medium\":{\"height\":255,\"width\":300,\"url\":\"https:\/\/vedruna.org\/wp-content\/uploads\/2025\/08\/530367650_122220427010121537_861200548323996850_n-300x255.jpg\",\"orientation\":\"landscape\"},\"large\":{\"height\":870,\"width\":1024,\"url\":\"https:\/\/vedruna.org\/wp-content\/uploads\/2025\/08\/530367650_122220427010121537_861200548323996850_n-1024x870.jpg\",\"orientation\":\"landscape\"},\"full\":{\"url\":\"https:\/\/vedruna.org\/wp-content\/uploads\/2025\/08\/530367650_122220427010121537_861200548323996850_n.jpg\",\"height\":1739,\"width\":2048,\"orientation\":\"landscape\"}},\"imageMeta\":{\"aperture\":\"0\",\"credit\":\"\",\"camera\":\"\",\"caption\":\"\",\"created_timestamp\":\"0\",\"copyright\":\"\",\"focal_length\":\"0\",\"iso\":\"0\",\"shutter_speed\":\"0\",\"title\":\"\",\"orientation\":\"0\",\"keywords\":[]},\"meta\":false,\"postlink\":\"https:\/\/vedruna.org\/en\/?attachment_id=27234\"},{\"id\":27238,\"title\":\"archid\",\"url\":\"https:\/\/vedruna.org\/wp-content\/uploads\/2025\/08\/archid-1.jpg\",\"link\":\"https:\/\/vedruna.org\/en\/?attachment_id=27238\",\"alt\":\"\",\"description\":\"\",\"caption\":\"\",\"mime\":\"image\/jpeg\",\"type\":\"image\",\"width\":869,\"height\":1545,\"sizes\":{\"thumbnail\":{\"height\":150,\"width\":150,\"url\":\"https:\/\/vedruna.org\/wp-content\/uploads\/2025\/08\/archid-1-150x150.jpg\",\"orientation\":\"landscape\"},\"medium\":{\"height\":300,\"width\":169,\"url\":\"https:\/\/vedruna.org\/wp-content\/uploads\/2025\/08\/archid-1-169x300.jpg\",\"orientation\":\"portrait\"},\"large\":{\"height\":1024,\"width\":576,\"url\":\"https:\/\/vedruna.org\/wp-content\/uploads\/2025\/08\/archid-1-576x1024.jpg\",\"orientation\":\"portrait\"},\"full\":{\"url\":\"https:\/\/vedruna.org\/wp-content\/uploads\/2025\/08\/archid-1.jpg\",\"height\":1545,\"width\":869,\"orientation\":\"portrait\"}},\"imageMeta\":{\"aperture\":\"0\",\"credit\":\"\",\"camera\":\"\",\"caption\":\"\",\"created_timestamp\":\"0\",\"copyright\":\"\",\"focal_length\":\"0\",\"iso\":\"0\",\"shutter_speed\":\"0\",\"title\":\"\",\"orientation\":\"0\",\"keywords\":[]},\"meta\":false,\"postlink\":\"https:\/\/vedruna.org\/en\/?attachment_id=27238\"}],\"translatedWithWPMLTM\":\"1\",\"itemsMetaDataCollection\":[]}<\/script><script>(function(){if(window.PGC_SGB && window.PGC_SGB.searcher){window.PGC_SGB.searcher.initBlocks()}})()<\/script><\/div>","protected":false},"excerpt":{"rendered":"<p>La comunitat Vedruna Pigcawayan es va unir a la celebraci\u00f3 del 75\u00e8 aniversari de l&#8217;arxidi\u00f2cesi de Cotabato amb el lema: &#8220;Celebrant la fe, la comuni\u00f3 i la missi\u00f3&#8221;. \u00c9s una fita significativa en la vida de l&#8217;arxidi\u00f2cesi de Cotabato, ja que celebra amb alegria el seu 75\u00e8 aniversari: un Jubileu de Diamant de fe, comuni\u00f3 [&hellip;]<\/p>\n","protected":false},"author":21,"featured_media":27243,"comment_status":"closed","ping_status":"closed","sticky":false,"template":"","format":"standard","meta":{"_et_pb_use_builder":"","_et_pb_old_content":"","_et_gb_content_width":"","pgc_sgb_lightbox_settings":"","footnotes":""},"categories":[297],"tags":[],"class_list":["post-27269","post","type-post","status-publish","format-standard","has-post-thumbnail","hentry","category-delegacio-de-filipines"],"yoast_head":"<!-- This site is optimized with the Yoast SEO plugin v27.5 - https:\/\/yoast.com\/product\/yoast-seo-wordpress\/ -->\n<title>Celebrant la fe amb l&#039;arxidi\u00f2cesi de Cotabato - Carmelitas de la Caridad Vedruna<\/title>\n<meta name=\"description\" content=\"La comunitat Vedruna Pigcawayan es va unir a la celebraci\u00f3 del 75\u00e8 aniversari de l&#039;arxidi\u00f2cesi de Cotabato amb el lema: &quot;Celebrant la fe, la comuni\u00f3 i la missi\u00f3&quot;.\" \/>\n<meta name=\"robots\" content=\"index, follow, max-snippet:-1, max-image-preview:large, max-video-preview:-1\" \/>\n<link rel=\"canonical\" href=\"https:\/\/vedruna.org\/ca\/celebrant-la-fe-amb-larxidiocesi-de-cotabato\/\" \/>\n<meta property=\"og:locale\" content=\"ca_ES\" \/>\n<meta property=\"og:type\" content=\"article\" \/>\n<meta property=\"og:title\" content=\"Celebrant la fe amb l&#039;arxidi\u00f2cesi de Cotabato - Carmelitas de la Caridad Vedruna\" \/>\n<meta property=\"og:description\" content=\"La comunitat Vedruna Pigcawayan es va unir a la celebraci\u00f3 del 75\u00e8 aniversari de l&#039;arxidi\u00f2cesi de Cotabato amb el lema: &quot;Celebrant la fe, la comuni\u00f3 i la missi\u00f3&quot;.\" \/>\n<meta property=\"og:url\" content=\"https:\/\/vedruna.org\/ca\/celebrant-la-fe-amb-larxidiocesi-de-cotabato\/\" \/>\n<meta property=\"og:site_name\" content=\"Carmelitas de la Caridad Vedruna\" \/>\n<meta property=\"article:published_time\" content=\"2025-08-18T05:34:00+00:00\" \/>\n<meta property=\"og:image\" content=\"https:\/\/vedruna.org\/wp-content\/uploads\/2025\/08\/archid-2-e1755106405900.jpg\" \/>\n\t<meta property=\"og:image:width\" content=\"869\" \/>\n\t<meta property=\"og:image:height\" content=\"1545\" \/>\n\t<meta property=\"og:image:type\" content=\"image\/jpeg\" \/>\n<meta name=\"author\" content=\"Maria Agustina G\u00f3mez\" \/>\n<meta name=\"twitter:card\" content=\"summary_large_image\" \/>\n<meta name=\"twitter:label1\" content=\"Escrit per\" \/>\n\t<meta name=\"twitter:data1\" content=\"Maria Agustina G\u00f3mez\" \/>\n\t<meta name=\"twitter:label2\" content=\"Temps estimat de lectura\" \/>\n\t<meta name=\"twitter:data2\" content=\"2 minuts\" \/>\n<script type=\"application\/ld+json\" class=\"yoast-schema-graph\">{\"@context\":\"https:\\\/\\\/schema.org\",\"@graph\":[{\"@type\":\"Article\",\"@id\":\"https:\\\/\\\/vedruna.org\\\/ca\\\/celebrant-la-fe-amb-larxidiocesi-de-cotabato\\\/#article\",\"isPartOf\":{\"@id\":\"https:\\\/\\\/vedruna.org\\\/ca\\\/celebrant-la-fe-amb-larxidiocesi-de-cotabato\\\/\"},\"author\":{\"name\":\"Maria Agustina G\u00f3mez\",\"@id\":\"https:\\\/\\\/vedruna.org\\\/ca\\\/#\\\/schema\\\/person\\\/95fe789adf27c2831fc5a049c727edf5\"},\"headline\":\"Celebrant la fe amb l&#8217;arxidi\u00f2cesi de Cotabato\",\"datePublished\":\"2025-08-18T05:34:00+00:00\",\"mainEntityOfPage\":{\"@id\":\"https:\\\/\\\/vedruna.org\\\/ca\\\/celebrant-la-fe-amb-larxidiocesi-de-cotabato\\\/\"},\"wordCount\":454,\"publisher\":{\"@id\":\"https:\\\/\\\/vedruna.org\\\/ca\\\/#organization\"},\"image\":{\"@id\":\"https:\\\/\\\/vedruna.org\\\/ca\\\/celebrant-la-fe-amb-larxidiocesi-de-cotabato\\\/#primaryimage\"},\"thumbnailUrl\":\"https:\\\/\\\/vedruna.org\\\/wp-content\\\/uploads\\\/2025\\\/08\\\/archid-2-e1755106405900.jpg\",\"articleSection\":[\"Delegaci\u00f3 de Filipines\"],\"inLanguage\":\"ca\"},{\"@type\":\"WebPage\",\"@id\":\"https:\\\/\\\/vedruna.org\\\/ca\\\/celebrant-la-fe-amb-larxidiocesi-de-cotabato\\\/\",\"url\":\"https:\\\/\\\/vedruna.org\\\/ca\\\/celebrant-la-fe-amb-larxidiocesi-de-cotabato\\\/\",\"name\":\"Celebrant la fe amb l'arxidi\u00f2cesi de Cotabato - Carmelitas de la Caridad Vedruna\",\"isPartOf\":{\"@id\":\"https:\\\/\\\/vedruna.org\\\/ca\\\/#website\"},\"primaryImageOfPage\":{\"@id\":\"https:\\\/\\\/vedruna.org\\\/ca\\\/celebrant-la-fe-amb-larxidiocesi-de-cotabato\\\/#primaryimage\"},\"image\":{\"@id\":\"https:\\\/\\\/vedruna.org\\\/ca\\\/celebrant-la-fe-amb-larxidiocesi-de-cotabato\\\/#primaryimage\"},\"thumbnailUrl\":\"https:\\\/\\\/vedruna.org\\\/wp-content\\\/uploads\\\/2025\\\/08\\\/archid-2-e1755106405900.jpg\",\"datePublished\":\"2025-08-18T05:34:00+00:00\",\"description\":\"La comunitat Vedruna Pigcawayan es va unir a la celebraci\u00f3 del 75\u00e8 aniversari de l'arxidi\u00f2cesi de Cotabato amb el lema: \\\"Celebrant la fe, la comuni\u00f3 i la missi\u00f3\\\".\",\"breadcrumb\":{\"@id\":\"https:\\\/\\\/vedruna.org\\\/ca\\\/celebrant-la-fe-amb-larxidiocesi-de-cotabato\\\/#breadcrumb\"},\"inLanguage\":\"ca\",\"potentialAction\":[{\"@type\":\"ReadAction\",\"target\":[\"https:\\\/\\\/vedruna.org\\\/ca\\\/celebrant-la-fe-amb-larxidiocesi-de-cotabato\\\/\"]}]},{\"@type\":\"ImageObject\",\"inLanguage\":\"ca\",\"@id\":\"https:\\\/\\\/vedruna.org\\\/ca\\\/celebrant-la-fe-amb-larxidiocesi-de-cotabato\\\/#primaryimage\",\"url\":\"https:\\\/\\\/vedruna.org\\\/wp-content\\\/uploads\\\/2025\\\/08\\\/archid-2-e1755106405900.jpg\",\"contentUrl\":\"https:\\\/\\\/vedruna.org\\\/wp-content\\\/uploads\\\/2025\\\/08\\\/archid-2-e1755106405900.jpg\",\"width\":869,\"height\":1545},{\"@type\":\"BreadcrumbList\",\"@id\":\"https:\\\/\\\/vedruna.org\\\/ca\\\/celebrant-la-fe-amb-larxidiocesi-de-cotabato\\\/#breadcrumb\",\"itemListElement\":[{\"@type\":\"ListItem\",\"position\":1,\"name\":\"Portada\",\"item\":\"https:\\\/\\\/vedruna.org\\\/ca\\\/\"},{\"@type\":\"ListItem\",\"position\":2,\"name\":\"Celebrant la fe amb l&#8217;arxidi\u00f2cesi de Cotabato\"}]},{\"@type\":\"WebSite\",\"@id\":\"https:\\\/\\\/vedruna.org\\\/ca\\\/#website\",\"url\":\"https:\\\/\\\/vedruna.org\\\/ca\\\/\",\"name\":\"Carmelitas de la Caridad Vedruna\",\"description\":\"Carmelitas de la caridad\",\"publisher\":{\"@id\":\"https:\\\/\\\/vedruna.org\\\/ca\\\/#organization\"},\"potentialAction\":[{\"@type\":\"SearchAction\",\"target\":{\"@type\":\"EntryPoint\",\"urlTemplate\":\"https:\\\/\\\/vedruna.org\\\/ca\\\/?s={search_term_string}\"},\"query-input\":{\"@type\":\"PropertyValueSpecification\",\"valueRequired\":true,\"valueName\":\"search_term_string\"}}],\"inLanguage\":\"ca\"},{\"@type\":\"Organization\",\"@id\":\"https:\\\/\\\/vedruna.org\\\/ca\\\/#organization\",\"name\":\"Carmelitas de la caridad Vedruna\",\"url\":\"https:\\\/\\\/vedruna.org\\\/ca\\\/\",\"logo\":{\"@type\":\"ImageObject\",\"inLanguage\":\"ca\",\"@id\":\"https:\\\/\\\/vedruna.org\\\/ca\\\/#\\\/schema\\\/logo\\\/image\\\/\",\"url\":\"https:\\\/\\\/vedruna.org\\\/wp-content\\\/uploads\\\/2022\\\/04\\\/LOGO-VEDRUNA-HORIZONTAL.png\",\"contentUrl\":\"https:\\\/\\\/vedruna.org\\\/wp-content\\\/uploads\\\/2022\\\/04\\\/LOGO-VEDRUNA-HORIZONTAL.png\",\"width\":1200,\"height\":463,\"caption\":\"Carmelitas de la caridad Vedruna\"},\"image\":{\"@id\":\"https:\\\/\\\/vedruna.org\\\/ca\\\/#\\\/schema\\\/logo\\\/image\\\/\"}},{\"@type\":\"Person\",\"@id\":\"https:\\\/\\\/vedruna.org\\\/ca\\\/#\\\/schema\\\/person\\\/95fe789adf27c2831fc5a049c727edf5\",\"name\":\"Maria Agustina G\u00f3mez\",\"image\":{\"@type\":\"ImageObject\",\"inLanguage\":\"ca\",\"@id\":\"https:\\\/\\\/secure.gravatar.com\\\/avatar\\\/8af3ece86571c098b978434bbc43b948c403c1ae191f09a04e94f916638ceb2c?s=96&d=mm&r=g\",\"url\":\"https:\\\/\\\/secure.gravatar.com\\\/avatar\\\/8af3ece86571c098b978434bbc43b948c403c1ae191f09a04e94f916638ceb2c?s=96&d=mm&r=g\",\"contentUrl\":\"https:\\\/\\\/secure.gravatar.com\\\/avatar\\\/8af3ece86571c098b978434bbc43b948c403c1ae191f09a04e94f916638ceb2c?s=96&d=mm&r=g\",\"caption\":\"Maria Agustina G\u00f3mez\"},\"url\":\"https:\\\/\\\/vedruna.org\\\/ca\\\/author\\\/agustina-gomez\\\/\"}]}<\/script>\n<!-- \/ Yoast SEO plugin. -->","yoast_head_json":{"title":"Celebrant la fe amb l'arxidi\u00f2cesi de Cotabato - Carmelitas de la Caridad Vedruna","description":"La comunitat Vedruna Pigcawayan es va unir a la celebraci\u00f3 del 75\u00e8 aniversari de l'arxidi\u00f2cesi de Cotabato amb el lema: \"Celebrant la fe, la comuni\u00f3 i la missi\u00f3\".","robots":{"index":"index","follow":"follow","max-snippet":"max-snippet:-1","max-image-preview":"max-image-preview:large","max-video-preview":"max-video-preview:-1"},"canonical":"https:\/\/vedruna.org\/ca\/celebrant-la-fe-amb-larxidiocesi-de-cotabato\/","og_locale":"ca_ES","og_type":"article","og_title":"Celebrant la fe amb l'arxidi\u00f2cesi de Cotabato - Carmelitas de la Caridad Vedruna","og_description":"La comunitat Vedruna Pigcawayan es va unir a la celebraci\u00f3 del 75\u00e8 aniversari de l'arxidi\u00f2cesi de Cotabato amb el lema: \"Celebrant la fe, la comuni\u00f3 i la missi\u00f3\".","og_url":"https:\/\/vedruna.org\/ca\/celebrant-la-fe-amb-larxidiocesi-de-cotabato\/","og_site_name":"Carmelitas de la Caridad Vedruna","article_published_time":"2025-08-18T05:34:00+00:00","og_image":[{"width":869,"height":1545,"url":"https:\/\/vedruna.org\/wp-content\/uploads\/2025\/08\/archid-2-e1755106405900.jpg","type":"image\/jpeg"}],"author":"Maria Agustina G\u00f3mez","twitter_card":"summary_large_image","twitter_misc":{"Escrit per":"Maria Agustina G\u00f3mez","Temps estimat de lectura":"2 minuts"},"schema":{"@context":"https:\/\/schema.org","@graph":[{"@type":"Article","@id":"https:\/\/vedruna.org\/ca\/celebrant-la-fe-amb-larxidiocesi-de-cotabato\/#article","isPartOf":{"@id":"https:\/\/vedruna.org\/ca\/celebrant-la-fe-amb-larxidiocesi-de-cotabato\/"},"author":{"name":"Maria Agustina G\u00f3mez","@id":"https:\/\/vedruna.org\/ca\/#\/schema\/person\/95fe789adf27c2831fc5a049c727edf5"},"headline":"Celebrant la fe amb l&#8217;arxidi\u00f2cesi de Cotabato","datePublished":"2025-08-18T05:34:00+00:00","mainEntityOfPage":{"@id":"https:\/\/vedruna.org\/ca\/celebrant-la-fe-amb-larxidiocesi-de-cotabato\/"},"wordCount":454,"publisher":{"@id":"https:\/\/vedruna.org\/ca\/#organization"},"image":{"@id":"https:\/\/vedruna.org\/ca\/celebrant-la-fe-amb-larxidiocesi-de-cotabato\/#primaryimage"},"thumbnailUrl":"https:\/\/vedruna.org\/wp-content\/uploads\/2025\/08\/archid-2-e1755106405900.jpg","articleSection":["Delegaci\u00f3 de Filipines"],"inLanguage":"ca"},{"@type":"WebPage","@id":"https:\/\/vedruna.org\/ca\/celebrant-la-fe-amb-larxidiocesi-de-cotabato\/","url":"https:\/\/vedruna.org\/ca\/celebrant-la-fe-amb-larxidiocesi-de-cotabato\/","name":"Celebrant la fe amb l'arxidi\u00f2cesi de Cotabato - Carmelitas de la Caridad Vedruna","isPartOf":{"@id":"https:\/\/vedruna.org\/ca\/#website"},"primaryImageOfPage":{"@id":"https:\/\/vedruna.org\/ca\/celebrant-la-fe-amb-larxidiocesi-de-cotabato\/#primaryimage"},"image":{"@id":"https:\/\/vedruna.org\/ca\/celebrant-la-fe-amb-larxidiocesi-de-cotabato\/#primaryimage"},"thumbnailUrl":"https:\/\/vedruna.org\/wp-content\/uploads\/2025\/08\/archid-2-e1755106405900.jpg","datePublished":"2025-08-18T05:34:00+00:00","description":"La comunitat Vedruna Pigcawayan es va unir a la celebraci\u00f3 del 75\u00e8 aniversari de l'arxidi\u00f2cesi de Cotabato amb el lema: \"Celebrant la fe, la comuni\u00f3 i la missi\u00f3\".","breadcrumb":{"@id":"https:\/\/vedruna.org\/ca\/celebrant-la-fe-amb-larxidiocesi-de-cotabato\/#breadcrumb"},"inLanguage":"ca","potentialAction":[{"@type":"ReadAction","target":["https:\/\/vedruna.org\/ca\/celebrant-la-fe-amb-larxidiocesi-de-cotabato\/"]}]},{"@type":"ImageObject","inLanguage":"ca","@id":"https:\/\/vedruna.org\/ca\/celebrant-la-fe-amb-larxidiocesi-de-cotabato\/#primaryimage","url":"https:\/\/vedruna.org\/wp-content\/uploads\/2025\/08\/archid-2-e1755106405900.jpg","contentUrl":"https:\/\/vedruna.org\/wp-content\/uploads\/2025\/08\/archid-2-e1755106405900.jpg","width":869,"height":1545},{"@type":"BreadcrumbList","@id":"https:\/\/vedruna.org\/ca\/celebrant-la-fe-amb-larxidiocesi-de-cotabato\/#breadcrumb","itemListElement":[{"@type":"ListItem","position":1,"name":"Portada","item":"https:\/\/vedruna.org\/ca\/"},{"@type":"ListItem","position":2,"name":"Celebrant la fe amb l&#8217;arxidi\u00f2cesi de Cotabato"}]},{"@type":"WebSite","@id":"https:\/\/vedruna.org\/ca\/#website","url":"https:\/\/vedruna.org\/ca\/","name":"Carmelitas de la Caridad Vedruna","description":"Carmelitas de la caridad","publisher":{"@id":"https:\/\/vedruna.org\/ca\/#organization"},"potentialAction":[{"@type":"SearchAction","target":{"@type":"EntryPoint","urlTemplate":"https:\/\/vedruna.org\/ca\/?s={search_term_string}"},"query-input":{"@type":"PropertyValueSpecification","valueRequired":true,"valueName":"search_term_string"}}],"inLanguage":"ca"},{"@type":"Organization","@id":"https:\/\/vedruna.org\/ca\/#organization","name":"Carmelitas de la caridad Vedruna","url":"https:\/\/vedruna.org\/ca\/","logo":{"@type":"ImageObject","inLanguage":"ca","@id":"https:\/\/vedruna.org\/ca\/#\/schema\/logo\/image\/","url":"https:\/\/vedruna.org\/wp-content\/uploads\/2022\/04\/LOGO-VEDRUNA-HORIZONTAL.png","contentUrl":"https:\/\/vedruna.org\/wp-content\/uploads\/2022\/04\/LOGO-VEDRUNA-HORIZONTAL.png","width":1200,"height":463,"caption":"Carmelitas de la caridad Vedruna"},"image":{"@id":"https:\/\/vedruna.org\/ca\/#\/schema\/logo\/image\/"}},{"@type":"Person","@id":"https:\/\/vedruna.org\/ca\/#\/schema\/person\/95fe789adf27c2831fc5a049c727edf5","name":"Maria Agustina G\u00f3mez","image":{"@type":"ImageObject","inLanguage":"ca","@id":"https:\/\/secure.gravatar.com\/avatar\/8af3ece86571c098b978434bbc43b948c403c1ae191f09a04e94f916638ceb2c?s=96&d=mm&r=g","url":"https:\/\/secure.gravatar.com\/avatar\/8af3ece86571c098b978434bbc43b948c403c1ae191f09a04e94f916638ceb2c?s=96&d=mm&r=g","contentUrl":"https:\/\/secure.gravatar.com\/avatar\/8af3ece86571c098b978434bbc43b948c403c1ae191f09a04e94f916638ceb2c?s=96&d=mm&r=g","caption":"Maria Agustina G\u00f3mez"},"url":"https:\/\/vedruna.org\/ca\/author\/agustina-gomez\/"}]}},"_links":{"self":[{"href":"https:\/\/vedruna.org\/ca\/wp-json\/wp\/v2\/posts\/27269","targetHints":{"allow":["GET"]}}],"collection":[{"href":"https:\/\/vedruna.org\/ca\/wp-json\/wp\/v2\/posts"}],"about":[{"href":"https:\/\/vedruna.org\/ca\/wp-json\/wp\/v2\/types\/post"}],"author":[{"embeddable":true,"href":"https:\/\/vedruna.org\/ca\/wp-json\/wp\/v2\/users\/21"}],"replies":[{"embeddable":true,"href":"https:\/\/vedruna.org\/ca\/wp-json\/wp\/v2\/comments?post=27269"}],"version-history":[{"count":2,"href":"https:\/\/vedruna.org\/ca\/wp-json\/wp\/v2\/posts\/27269\/revisions"}],"predecessor-version":[{"id":27314,"href":"https:\/\/vedruna.org\/ca\/wp-json\/wp\/v2\/posts\/27269\/revisions\/27314"}],"wp:featuredmedia":[{"embeddable":true,"href":"https:\/\/vedruna.org\/ca\/wp-json\/wp\/v2\/media\/27243"}],"wp:attachment":[{"href":"https:\/\/vedruna.org\/ca\/wp-json\/wp\/v2\/media?parent=27269"}],"wp:term":[{"taxonomy":"category","embeddable":true,"href":"https:\/\/vedruna.org\/ca\/wp-json\/wp\/v2\/categories?post=27269"},{"taxonomy":"post_tag","embeddable":true,"href":"https:\/\/vedruna.org\/ca\/wp-json\/wp\/v2\/tags?post=27269"}],"curies":[{"name":"wp","href":"https:\/\/api.w.org\/{rel}","templated":true}]}}