{"id":27546,"date":"2025-08-16T07:29:00","date_gmt":"2025-08-16T05:29:00","guid":{"rendered":"https:\/\/vedruna.org\/una-triple-festa-de-fe-gratitud-i-llibertat-el-15-dagost-a-les-filipines\/"},"modified":"2025-08-26T18:18:51","modified_gmt":"2025-08-26T16:18:51","slug":"una-triple-festa-de-fe-gratitud-i-llibertat-el-15-dagost-a-les-filipines","status":"publish","type":"post","link":"https:\/\/vedruna.org\/ca\/una-triple-festa-de-fe-gratitud-i-llibertat-el-15-dagost-a-les-filipines\/","title":{"rendered":"Una triple festa de fe, gratitud i llibertat el 15 d&#8217;agost a les Filipines"},"content":{"rendered":"\n<p>El 15 d&#8217;agost del 2025, a la Delegaci\u00f3 de Filipines vam tenir una triple celebraci\u00f3: de la Solemnitat de l&#8217;Assumpci\u00f3 de La nostra Senyora, el 53\u00e8 Aniversari de la Llar de la Mare de D\u00e9u i el 78\u00e8 Aniversari de la Independ\u00e8ncia de l&#8217;\u00cdndia.  <\/p>\n\n<p>La Celebraci\u00f3 Eucar\u00edstica va ser presidida pel P. Nars Estrella, OP, a la Capella de la Llar de La nostra Senyora. Hi assistiren els interns, el personal, les germanes de la Casa de la Delegaci\u00f3 i el president de l&#8217;ACD (Associaci\u00f3 de Llars Cat\u00f2lics). <\/p>\n\n<p>Segons el difunt Papa Benet XVI, en contemplar el cam\u00ed de Maria cap al cel, comprenem que la terra no \u00e9s la nostra p\u00e0tria definitiva. Si vivim amb la mirada fixa en all\u00f2 etern, un dia compartirem aquesta mateixa gl\u00f2ria. La festa de l&#8217;Assumpci\u00f3 de Maria ens recorda que tamb\u00e9 compartim el dest\u00ed. L&#8217;Assumpci\u00f3 \u00e9s la culminaci\u00f3 de l&#8217;obra salv\u00edfica de D\u00e9u, ja que Maria acaba la vida terrenal i entra en l&#8217;eternitat. Aquesta festa dirigeix \u200b\u200bla nostra mirada cap a on ens dirigirem quan la nostra vida terrenal s&#8217;acabi. La pres\u00e8ncia de D\u00e9u a trav\u00e9s de Maria \u00e9s m\u00e9s efectiva i perceptible al seu amor. Igual que Maria, hem vist les meravelles que D\u00e9u ha obrat a les nostres vides.      <\/p>\n\n<p>En celebrar el 53\u00e8 aniversari del Dormitori Llar de la Mare de D\u00e9u, expressem la nostra profunda gratitud al D\u00e9u Trino per totes les benediccions i gr\u00e0cies que hem rebut durant aquests 53 anys. El Dormitori ha gosat assolir noves cotes en la col\u00b7laboraci\u00f3 amb les joves de l&#8217;Esgl\u00e9sia local. Han passat 53 anys i avui continuem amb l\u00b4apostolat juvenil, s\u00edmbol de la vict\u00f2ria de D\u00e9u. Moltes joves han experimentat el nostre amor i cura, brindant-los un ambient de \u201cllar lluny de la llar\u201d.   <\/p>\n\n<p>Tamb\u00e9 recordem el 78\u00e8 aniversari del Dia de la Independ\u00e8ncia de l&#8217;\u00cdndia, que commemora la fi del domini brit\u00e0nic el 1947. Aquest dia recorda als indis l&#8217;inici d&#8217;un nou comen\u00e7ament, l&#8217;inici d&#8217;una era d&#8217;alliberament de les urpes del colonialisme brit\u00e0nic de m\u00e9s de 200 anys. La independ\u00e8ncia de l&#8217;\u00cdndia va ser una trobada amb el dest\u00ed, ja que la lluita per la llibertat va ser llarga i \u00e0rdua, testimoni dels sacrificis de molts lluitadors per la llibertat que van donar la vida.  <\/p>\n\n<p>Immediatament despr\u00e9s de la Celebraci\u00f3 Eucar\u00edstica ens vam reunir per al sumptu\u00f3s menjar.<\/p>\n\n<p class=\"has-text-align-right\"><strong>Hna. Marilou M. Manicad, ccv<\/strong><\/p>\n","protected":false},"excerpt":{"rendered":"<p>El 15 d&#8217;agost del 2025, a la Delegaci\u00f3 de Filipines vam tenir una triple celebraci\u00f3: de la Solemnitat de l&#8217;Assumpci\u00f3 de La nostra Senyora, el 53\u00e8 Aniversari de la Llar de la Mare de D\u00e9u i el 78\u00e8 Aniversari de la Independ\u00e8ncia de l&#8217;\u00cdndia. La Celebraci\u00f3 Eucar\u00edstica va ser presidida pel P. Nars Estrella, OP, [&hellip;]<\/p>\n","protected":false},"author":21,"featured_media":27472,"comment_status":"closed","ping_status":"closed","sticky":false,"template":"","format":"standard","meta":{"_et_pb_use_builder":"","_et_pb_old_content":"","_et_gb_content_width":"","pgc_sgb_lightbox_settings":"","footnotes":""},"categories":[297],"tags":[],"class_list":["post-27546","post","type-post","status-publish","format-standard","has-post-thumbnail","hentry","category-delegacio-de-filipines"],"yoast_head":"<!-- This site is optimized with the Yoast SEO plugin v27.5 - https:\/\/yoast.com\/product\/yoast-seo-wordpress\/ -->\n<title>Una triple festa de fe, gratitud i llibertat el 15 d&#039;agost a les Filipines - Carmelitas de la Caridad Vedruna<\/title>\n<meta name=\"description\" content=\"La Delegaci\u00f3 de Filipines celebra triple el 15 d&#039;agost: l&#039;Assumpci\u00f3 de la Mare de D\u00e9u, el 53\u00e8 Aniversari de la Llar de la Mare de D\u00e9u i el 78\u00e8 Aniversari de la Independ\u00e8ncia de l&#039;\u00cdndia.\" \/>\n<meta name=\"robots\" content=\"index, follow, max-snippet:-1, max-image-preview:large, max-video-preview:-1\" \/>\n<link rel=\"canonical\" href=\"https:\/\/vedruna.org\/ca\/una-triple-festa-de-fe-gratitud-i-llibertat-el-15-dagost-a-les-filipines\/\" \/>\n<meta property=\"og:locale\" content=\"ca_ES\" \/>\n<meta property=\"og:type\" content=\"article\" \/>\n<meta property=\"og:title\" content=\"Una triple festa de fe, gratitud i llibertat el 15 d&#039;agost a les Filipines - Carmelitas de la Caridad Vedruna\" \/>\n<meta property=\"og:description\" content=\"La Delegaci\u00f3 de Filipines celebra triple el 15 d&#039;agost: l&#039;Assumpci\u00f3 de la Mare de D\u00e9u, el 53\u00e8 Aniversari de la Llar de la Mare de D\u00e9u i el 78\u00e8 Aniversari de la Independ\u00e8ncia de l&#039;\u00cdndia.\" \/>\n<meta property=\"og:url\" content=\"https:\/\/vedruna.org\/ca\/una-triple-festa-de-fe-gratitud-i-llibertat-el-15-dagost-a-les-filipines\/\" \/>\n<meta property=\"og:site_name\" content=\"Carmelitas de la Caridad Vedruna\" \/>\n<meta property=\"article:published_time\" content=\"2025-08-16T05:29:00+00:00\" \/>\n<meta property=\"article:modified_time\" content=\"2025-08-26T16:18:51+00:00\" \/>\n<meta property=\"og:image\" content=\"https:\/\/vedruna.org\/wp-content\/uploads\/2025\/08\/15-agosto.jpg\" \/>\n\t<meta property=\"og:image:width\" content=\"810\" \/>\n\t<meta property=\"og:image:height\" content=\"498\" \/>\n\t<meta property=\"og:image:type\" content=\"image\/jpeg\" \/>\n<meta name=\"author\" content=\"Maria Agustina G\u00f3mez\" \/>\n<meta name=\"twitter:card\" content=\"summary_large_image\" \/>\n<meta name=\"twitter:label1\" content=\"Escrit per\" \/>\n\t<meta name=\"twitter:data1\" content=\"Maria Agustina G\u00f3mez\" \/>\n\t<meta name=\"twitter:label2\" content=\"Temps estimat de lectura\" \/>\n\t<meta name=\"twitter:data2\" content=\"2 minuts\" \/>\n<script type=\"application\/ld+json\" class=\"yoast-schema-graph\">{\"@context\":\"https:\\\/\\\/schema.org\",\"@graph\":[{\"@type\":\"Article\",\"@id\":\"https:\\\/\\\/vedruna.org\\\/ca\\\/una-triple-festa-de-fe-gratitud-i-llibertat-el-15-dagost-a-les-filipines\\\/#article\",\"isPartOf\":{\"@id\":\"https:\\\/\\\/vedruna.org\\\/ca\\\/una-triple-festa-de-fe-gratitud-i-llibertat-el-15-dagost-a-les-filipines\\\/\"},\"author\":{\"name\":\"Maria Agustina G\u00f3mez\",\"@id\":\"https:\\\/\\\/vedruna.org\\\/ca\\\/#\\\/schema\\\/person\\\/95fe789adf27c2831fc5a049c727edf5\"},\"headline\":\"Una triple festa de fe, gratitud i llibertat el 15 d&#8217;agost a les Filipines\",\"datePublished\":\"2025-08-16T05:29:00+00:00\",\"dateModified\":\"2025-08-26T16:18:51+00:00\",\"mainEntityOfPage\":{\"@id\":\"https:\\\/\\\/vedruna.org\\\/ca\\\/una-triple-festa-de-fe-gratitud-i-llibertat-el-15-dagost-a-les-filipines\\\/\"},\"wordCount\":445,\"publisher\":{\"@id\":\"https:\\\/\\\/vedruna.org\\\/ca\\\/#organization\"},\"image\":{\"@id\":\"https:\\\/\\\/vedruna.org\\\/ca\\\/una-triple-festa-de-fe-gratitud-i-llibertat-el-15-dagost-a-les-filipines\\\/#primaryimage\"},\"thumbnailUrl\":\"https:\\\/\\\/vedruna.org\\\/wp-content\\\/uploads\\\/2025\\\/08\\\/15-agosto.jpg\",\"articleSection\":[\"Delegaci\u00f3 de Filipines\"],\"inLanguage\":\"ca\"},{\"@type\":\"WebPage\",\"@id\":\"https:\\\/\\\/vedruna.org\\\/ca\\\/una-triple-festa-de-fe-gratitud-i-llibertat-el-15-dagost-a-les-filipines\\\/\",\"url\":\"https:\\\/\\\/vedruna.org\\\/ca\\\/una-triple-festa-de-fe-gratitud-i-llibertat-el-15-dagost-a-les-filipines\\\/\",\"name\":\"Una triple festa de fe, gratitud i llibertat el 15 d'agost a les Filipines - Carmelitas de la Caridad Vedruna\",\"isPartOf\":{\"@id\":\"https:\\\/\\\/vedruna.org\\\/ca\\\/#website\"},\"primaryImageOfPage\":{\"@id\":\"https:\\\/\\\/vedruna.org\\\/ca\\\/una-triple-festa-de-fe-gratitud-i-llibertat-el-15-dagost-a-les-filipines\\\/#primaryimage\"},\"image\":{\"@id\":\"https:\\\/\\\/vedruna.org\\\/ca\\\/una-triple-festa-de-fe-gratitud-i-llibertat-el-15-dagost-a-les-filipines\\\/#primaryimage\"},\"thumbnailUrl\":\"https:\\\/\\\/vedruna.org\\\/wp-content\\\/uploads\\\/2025\\\/08\\\/15-agosto.jpg\",\"datePublished\":\"2025-08-16T05:29:00+00:00\",\"dateModified\":\"2025-08-26T16:18:51+00:00\",\"description\":\"La Delegaci\u00f3 de Filipines celebra triple el 15 d'agost: l'Assumpci\u00f3 de la Mare de D\u00e9u, el 53\u00e8 Aniversari de la Llar de la Mare de D\u00e9u i el 78\u00e8 Aniversari de la Independ\u00e8ncia de l'\u00cdndia.\",\"breadcrumb\":{\"@id\":\"https:\\\/\\\/vedruna.org\\\/ca\\\/una-triple-festa-de-fe-gratitud-i-llibertat-el-15-dagost-a-les-filipines\\\/#breadcrumb\"},\"inLanguage\":\"ca\",\"potentialAction\":[{\"@type\":\"ReadAction\",\"target\":[\"https:\\\/\\\/vedruna.org\\\/ca\\\/una-triple-festa-de-fe-gratitud-i-llibertat-el-15-dagost-a-les-filipines\\\/\"]}]},{\"@type\":\"ImageObject\",\"inLanguage\":\"ca\",\"@id\":\"https:\\\/\\\/vedruna.org\\\/ca\\\/una-triple-festa-de-fe-gratitud-i-llibertat-el-15-dagost-a-les-filipines\\\/#primaryimage\",\"url\":\"https:\\\/\\\/vedruna.org\\\/wp-content\\\/uploads\\\/2025\\\/08\\\/15-agosto.jpg\",\"contentUrl\":\"https:\\\/\\\/vedruna.org\\\/wp-content\\\/uploads\\\/2025\\\/08\\\/15-agosto.jpg\",\"width\":810,\"height\":498},{\"@type\":\"BreadcrumbList\",\"@id\":\"https:\\\/\\\/vedruna.org\\\/ca\\\/una-triple-festa-de-fe-gratitud-i-llibertat-el-15-dagost-a-les-filipines\\\/#breadcrumb\",\"itemListElement\":[{\"@type\":\"ListItem\",\"position\":1,\"name\":\"Portada\",\"item\":\"https:\\\/\\\/vedruna.org\\\/ca\\\/\"},{\"@type\":\"ListItem\",\"position\":2,\"name\":\"Una triple festa de fe, gratitud i llibertat el 15 d&#8217;agost a les Filipines\"}]},{\"@type\":\"WebSite\",\"@id\":\"https:\\\/\\\/vedruna.org\\\/ca\\\/#website\",\"url\":\"https:\\\/\\\/vedruna.org\\\/ca\\\/\",\"name\":\"Carmelitas de la Caridad Vedruna\",\"description\":\"Carmelitas de la caridad\",\"publisher\":{\"@id\":\"https:\\\/\\\/vedruna.org\\\/ca\\\/#organization\"},\"potentialAction\":[{\"@type\":\"SearchAction\",\"target\":{\"@type\":\"EntryPoint\",\"urlTemplate\":\"https:\\\/\\\/vedruna.org\\\/ca\\\/?s={search_term_string}\"},\"query-input\":{\"@type\":\"PropertyValueSpecification\",\"valueRequired\":true,\"valueName\":\"search_term_string\"}}],\"inLanguage\":\"ca\"},{\"@type\":\"Organization\",\"@id\":\"https:\\\/\\\/vedruna.org\\\/ca\\\/#organization\",\"name\":\"Carmelitas de la caridad Vedruna\",\"url\":\"https:\\\/\\\/vedruna.org\\\/ca\\\/\",\"logo\":{\"@type\":\"ImageObject\",\"inLanguage\":\"ca\",\"@id\":\"https:\\\/\\\/vedruna.org\\\/ca\\\/#\\\/schema\\\/logo\\\/image\\\/\",\"url\":\"https:\\\/\\\/vedruna.org\\\/wp-content\\\/uploads\\\/2022\\\/04\\\/LOGO-VEDRUNA-HORIZONTAL.png\",\"contentUrl\":\"https:\\\/\\\/vedruna.org\\\/wp-content\\\/uploads\\\/2022\\\/04\\\/LOGO-VEDRUNA-HORIZONTAL.png\",\"width\":1200,\"height\":463,\"caption\":\"Carmelitas de la caridad Vedruna\"},\"image\":{\"@id\":\"https:\\\/\\\/vedruna.org\\\/ca\\\/#\\\/schema\\\/logo\\\/image\\\/\"}},{\"@type\":\"Person\",\"@id\":\"https:\\\/\\\/vedruna.org\\\/ca\\\/#\\\/schema\\\/person\\\/95fe789adf27c2831fc5a049c727edf5\",\"name\":\"Maria Agustina G\u00f3mez\",\"image\":{\"@type\":\"ImageObject\",\"inLanguage\":\"ca\",\"@id\":\"https:\\\/\\\/secure.gravatar.com\\\/avatar\\\/8af3ece86571c098b978434bbc43b948c403c1ae191f09a04e94f916638ceb2c?s=96&d=mm&r=g\",\"url\":\"https:\\\/\\\/secure.gravatar.com\\\/avatar\\\/8af3ece86571c098b978434bbc43b948c403c1ae191f09a04e94f916638ceb2c?s=96&d=mm&r=g\",\"contentUrl\":\"https:\\\/\\\/secure.gravatar.com\\\/avatar\\\/8af3ece86571c098b978434bbc43b948c403c1ae191f09a04e94f916638ceb2c?s=96&d=mm&r=g\",\"caption\":\"Maria Agustina G\u00f3mez\"},\"url\":\"https:\\\/\\\/vedruna.org\\\/ca\\\/author\\\/agustina-gomez\\\/\"}]}<\/script>\n<!-- \/ Yoast SEO plugin. -->","yoast_head_json":{"title":"Una triple festa de fe, gratitud i llibertat el 15 d'agost a les Filipines - Carmelitas de la Caridad Vedruna","description":"La Delegaci\u00f3 de Filipines celebra triple el 15 d'agost: l'Assumpci\u00f3 de la Mare de D\u00e9u, el 53\u00e8 Aniversari de la Llar de la Mare de D\u00e9u i el 78\u00e8 Aniversari de la Independ\u00e8ncia de l'\u00cdndia.","robots":{"index":"index","follow":"follow","max-snippet":"max-snippet:-1","max-image-preview":"max-image-preview:large","max-video-preview":"max-video-preview:-1"},"canonical":"https:\/\/vedruna.org\/ca\/una-triple-festa-de-fe-gratitud-i-llibertat-el-15-dagost-a-les-filipines\/","og_locale":"ca_ES","og_type":"article","og_title":"Una triple festa de fe, gratitud i llibertat el 15 d'agost a les Filipines - Carmelitas de la Caridad Vedruna","og_description":"La Delegaci\u00f3 de Filipines celebra triple el 15 d'agost: l'Assumpci\u00f3 de la Mare de D\u00e9u, el 53\u00e8 Aniversari de la Llar de la Mare de D\u00e9u i el 78\u00e8 Aniversari de la Independ\u00e8ncia de l'\u00cdndia.","og_url":"https:\/\/vedruna.org\/ca\/una-triple-festa-de-fe-gratitud-i-llibertat-el-15-dagost-a-les-filipines\/","og_site_name":"Carmelitas de la Caridad Vedruna","article_published_time":"2025-08-16T05:29:00+00:00","article_modified_time":"2025-08-26T16:18:51+00:00","og_image":[{"width":810,"height":498,"url":"https:\/\/vedruna.org\/wp-content\/uploads\/2025\/08\/15-agosto.jpg","type":"image\/jpeg"}],"author":"Maria Agustina G\u00f3mez","twitter_card":"summary_large_image","twitter_misc":{"Escrit per":"Maria Agustina G\u00f3mez","Temps estimat de lectura":"2 minuts"},"schema":{"@context":"https:\/\/schema.org","@graph":[{"@type":"Article","@id":"https:\/\/vedruna.org\/ca\/una-triple-festa-de-fe-gratitud-i-llibertat-el-15-dagost-a-les-filipines\/#article","isPartOf":{"@id":"https:\/\/vedruna.org\/ca\/una-triple-festa-de-fe-gratitud-i-llibertat-el-15-dagost-a-les-filipines\/"},"author":{"name":"Maria Agustina G\u00f3mez","@id":"https:\/\/vedruna.org\/ca\/#\/schema\/person\/95fe789adf27c2831fc5a049c727edf5"},"headline":"Una triple festa de fe, gratitud i llibertat el 15 d&#8217;agost a les Filipines","datePublished":"2025-08-16T05:29:00+00:00","dateModified":"2025-08-26T16:18:51+00:00","mainEntityOfPage":{"@id":"https:\/\/vedruna.org\/ca\/una-triple-festa-de-fe-gratitud-i-llibertat-el-15-dagost-a-les-filipines\/"},"wordCount":445,"publisher":{"@id":"https:\/\/vedruna.org\/ca\/#organization"},"image":{"@id":"https:\/\/vedruna.org\/ca\/una-triple-festa-de-fe-gratitud-i-llibertat-el-15-dagost-a-les-filipines\/#primaryimage"},"thumbnailUrl":"https:\/\/vedruna.org\/wp-content\/uploads\/2025\/08\/15-agosto.jpg","articleSection":["Delegaci\u00f3 de Filipines"],"inLanguage":"ca"},{"@type":"WebPage","@id":"https:\/\/vedruna.org\/ca\/una-triple-festa-de-fe-gratitud-i-llibertat-el-15-dagost-a-les-filipines\/","url":"https:\/\/vedruna.org\/ca\/una-triple-festa-de-fe-gratitud-i-llibertat-el-15-dagost-a-les-filipines\/","name":"Una triple festa de fe, gratitud i llibertat el 15 d'agost a les Filipines - Carmelitas de la Caridad Vedruna","isPartOf":{"@id":"https:\/\/vedruna.org\/ca\/#website"},"primaryImageOfPage":{"@id":"https:\/\/vedruna.org\/ca\/una-triple-festa-de-fe-gratitud-i-llibertat-el-15-dagost-a-les-filipines\/#primaryimage"},"image":{"@id":"https:\/\/vedruna.org\/ca\/una-triple-festa-de-fe-gratitud-i-llibertat-el-15-dagost-a-les-filipines\/#primaryimage"},"thumbnailUrl":"https:\/\/vedruna.org\/wp-content\/uploads\/2025\/08\/15-agosto.jpg","datePublished":"2025-08-16T05:29:00+00:00","dateModified":"2025-08-26T16:18:51+00:00","description":"La Delegaci\u00f3 de Filipines celebra triple el 15 d'agost: l'Assumpci\u00f3 de la Mare de D\u00e9u, el 53\u00e8 Aniversari de la Llar de la Mare de D\u00e9u i el 78\u00e8 Aniversari de la Independ\u00e8ncia de l'\u00cdndia.","breadcrumb":{"@id":"https:\/\/vedruna.org\/ca\/una-triple-festa-de-fe-gratitud-i-llibertat-el-15-dagost-a-les-filipines\/#breadcrumb"},"inLanguage":"ca","potentialAction":[{"@type":"ReadAction","target":["https:\/\/vedruna.org\/ca\/una-triple-festa-de-fe-gratitud-i-llibertat-el-15-dagost-a-les-filipines\/"]}]},{"@type":"ImageObject","inLanguage":"ca","@id":"https:\/\/vedruna.org\/ca\/una-triple-festa-de-fe-gratitud-i-llibertat-el-15-dagost-a-les-filipines\/#primaryimage","url":"https:\/\/vedruna.org\/wp-content\/uploads\/2025\/08\/15-agosto.jpg","contentUrl":"https:\/\/vedruna.org\/wp-content\/uploads\/2025\/08\/15-agosto.jpg","width":810,"height":498},{"@type":"BreadcrumbList","@id":"https:\/\/vedruna.org\/ca\/una-triple-festa-de-fe-gratitud-i-llibertat-el-15-dagost-a-les-filipines\/#breadcrumb","itemListElement":[{"@type":"ListItem","position":1,"name":"Portada","item":"https:\/\/vedruna.org\/ca\/"},{"@type":"ListItem","position":2,"name":"Una triple festa de fe, gratitud i llibertat el 15 d&#8217;agost a les Filipines"}]},{"@type":"WebSite","@id":"https:\/\/vedruna.org\/ca\/#website","url":"https:\/\/vedruna.org\/ca\/","name":"Carmelitas de la Caridad Vedruna","description":"Carmelitas de la caridad","publisher":{"@id":"https:\/\/vedruna.org\/ca\/#organization"},"potentialAction":[{"@type":"SearchAction","target":{"@type":"EntryPoint","urlTemplate":"https:\/\/vedruna.org\/ca\/?s={search_term_string}"},"query-input":{"@type":"PropertyValueSpecification","valueRequired":true,"valueName":"search_term_string"}}],"inLanguage":"ca"},{"@type":"Organization","@id":"https:\/\/vedruna.org\/ca\/#organization","name":"Carmelitas de la caridad Vedruna","url":"https:\/\/vedruna.org\/ca\/","logo":{"@type":"ImageObject","inLanguage":"ca","@id":"https:\/\/vedruna.org\/ca\/#\/schema\/logo\/image\/","url":"https:\/\/vedruna.org\/wp-content\/uploads\/2022\/04\/LOGO-VEDRUNA-HORIZONTAL.png","contentUrl":"https:\/\/vedruna.org\/wp-content\/uploads\/2022\/04\/LOGO-VEDRUNA-HORIZONTAL.png","width":1200,"height":463,"caption":"Carmelitas de la caridad Vedruna"},"image":{"@id":"https:\/\/vedruna.org\/ca\/#\/schema\/logo\/image\/"}},{"@type":"Person","@id":"https:\/\/vedruna.org\/ca\/#\/schema\/person\/95fe789adf27c2831fc5a049c727edf5","name":"Maria Agustina G\u00f3mez","image":{"@type":"ImageObject","inLanguage":"ca","@id":"https:\/\/secure.gravatar.com\/avatar\/8af3ece86571c098b978434bbc43b948c403c1ae191f09a04e94f916638ceb2c?s=96&d=mm&r=g","url":"https:\/\/secure.gravatar.com\/avatar\/8af3ece86571c098b978434bbc43b948c403c1ae191f09a04e94f916638ceb2c?s=96&d=mm&r=g","contentUrl":"https:\/\/secure.gravatar.com\/avatar\/8af3ece86571c098b978434bbc43b948c403c1ae191f09a04e94f916638ceb2c?s=96&d=mm&r=g","caption":"Maria Agustina G\u00f3mez"},"url":"https:\/\/vedruna.org\/ca\/author\/agustina-gomez\/"}]}},"_links":{"self":[{"href":"https:\/\/vedruna.org\/ca\/wp-json\/wp\/v2\/posts\/27546","targetHints":{"allow":["GET"]}}],"collection":[{"href":"https:\/\/vedruna.org\/ca\/wp-json\/wp\/v2\/posts"}],"about":[{"href":"https:\/\/vedruna.org\/ca\/wp-json\/wp\/v2\/types\/post"}],"author":[{"embeddable":true,"href":"https:\/\/vedruna.org\/ca\/wp-json\/wp\/v2\/users\/21"}],"replies":[{"embeddable":true,"href":"https:\/\/vedruna.org\/ca\/wp-json\/wp\/v2\/comments?post=27546"}],"version-history":[{"count":1,"href":"https:\/\/vedruna.org\/ca\/wp-json\/wp\/v2\/posts\/27546\/revisions"}],"predecessor-version":[{"id":27547,"href":"https:\/\/vedruna.org\/ca\/wp-json\/wp\/v2\/posts\/27546\/revisions\/27547"}],"wp:featuredmedia":[{"embeddable":true,"href":"https:\/\/vedruna.org\/ca\/wp-json\/wp\/v2\/media\/27472"}],"wp:attachment":[{"href":"https:\/\/vedruna.org\/ca\/wp-json\/wp\/v2\/media?parent=27546"}],"wp:term":[{"taxonomy":"category","embeddable":true,"href":"https:\/\/vedruna.org\/ca\/wp-json\/wp\/v2\/categories?post=27546"},{"taxonomy":"post_tag","embeddable":true,"href":"https:\/\/vedruna.org\/ca\/wp-json\/wp\/v2\/tags?post=27546"}],"curies":[{"name":"wp","href":"https:\/\/api.w.org\/{rel}","templated":true}]}}