{"id":27799,"date":"2025-09-08T13:22:22","date_gmt":"2025-09-08T11:22:22","guid":{"rendered":"https:\/\/vedruna.org\/el-laicado-vedruna-de-pigcawayan-planta-llavors-desperanca-per-a-les-futures-generacions\/"},"modified":"2025-11-04T15:22:34","modified_gmt":"2025-11-04T14:22:34","slug":"el-laicado-vedruna-de-pigcawayan-planta-llavors-desperanca-per-a-les-futures-generacions","status":"publish","type":"post","link":"https:\/\/vedruna.org\/ca\/el-laicado-vedruna-de-pigcawayan-planta-llavors-desperanca-per-a-les-futures-generacions\/","title":{"rendered":"El Laicado Vedruna de Pigcawayan planta llavors d&#8217;esperan\u00e7a per a les futures generacions"},"content":{"rendered":"\n<p>La plantaci\u00f3 d&#8217;arbres no nom\u00e9s enforteix les esp\u00e8cies natives i embelleix els espais d&#8217;esbarjo, sin\u00f3 que tamb\u00e9 contribueix de manera significativa a millorar la qualitat de vida de les comunitats.<\/p>\n\n<p>Al Laicado Vedruna hem triat la sembra d&#8217;arbres com una de les nostres maneres de respondre a l&#8217;anomenat urgent de cuidar la nostra Mare Terra. Amb aquest senzill gest, col\u00b7laborem en la regulaci\u00f3 del clima, la conservaci\u00f3 de l&#8217;aigua i la prevenci\u00f3 de l&#8217;erosi\u00f3 del s\u00f2l. <\/p>\n<div class=\"pgc-sgb-cb wp-block-pgcsimplygalleryblock-justified \" data-gallery-id=\"3ed22422\"><div class=\"sgb-preloader\" id=\"pr_3ed22422\">\n\t<div class=\"sgb-square\" style=\"background:#d4d4d4\"><\/div>\n\t<div class=\"sgb-square\" style=\"background:#d4d4d4\"><\/div>\n\t<div class=\"sgb-square\" style=\"background:#d4d4d4\"><\/div>\n\t<div class=\"sgb-square\" style=\"background:#d4d4d4\"><\/div><\/div><div class=\"simply-gallery-amp pgc_sgb_slider \"><noscript><div class=\"sgb-gallery\"><div class=\"sgb-item\"><a href=\"https:\/\/vedruna.org\/?attachment_id=27781\" target=\"_blank\"><img decoding=\"async\" alt=\"\" width=\"225\" height=\"300\" loading=\"lazy\" src=\"https:\/\/vedruna.org\/wp-content\/uploads\/2025\/09\/planting-3-225x300.jpg\" srcset=\"https:\/\/vedruna.org\/wp-content\/uploads\/2025\/09\/planting-3-225x300.jpg 225w,https:\/\/vedruna.org\/wp-content\/uploads\/2025\/09\/planting-3.jpg 362w\" sizes=\"250px\"\/><\/a><\/div><div class=\"sgb-item\"><a href=\"https:\/\/vedruna.org\/?attachment_id=27785\" target=\"_blank\"><img decoding=\"async\" alt=\"\" width=\"225\" height=\"300\" loading=\"lazy\" src=\"https:\/\/vedruna.org\/wp-content\/uploads\/2025\/09\/planting-2-225x300.jpg\" srcset=\"https:\/\/vedruna.org\/wp-content\/uploads\/2025\/09\/planting-2-225x300.jpg 225w,https:\/\/vedruna.org\/wp-content\/uploads\/2025\/09\/planting-2.jpg 361w\" sizes=\"250px\"\/><\/a><\/div><div class=\"sgb-item\"><a href=\"https:\/\/vedruna.org\/?attachment_id=27789\" target=\"_blank\"><img decoding=\"async\" alt=\"\" width=\"225\" height=\"300\" loading=\"lazy\" src=\"https:\/\/vedruna.org\/wp-content\/uploads\/2025\/09\/planting-1-225x300.jpg\" srcset=\"https:\/\/vedruna.org\/wp-content\/uploads\/2025\/09\/planting-1-225x300.jpg 225w,https:\/\/vedruna.org\/wp-content\/uploads\/2025\/09\/planting-1.jpg 359w\" sizes=\"250px\"\/><\/a><\/div><div class=\"sgb-item\"><a href=\"https:\/\/vedruna.org\/?attachment_id=27793\" target=\"_blank\"><img decoding=\"async\" alt=\"\" width=\"300\" height=\"225\" loading=\"lazy\" src=\"https:\/\/vedruna.org\/wp-content\/uploads\/2025\/09\/planting-300x225.jpg\" srcset=\"https:\/\/vedruna.org\/wp-content\/uploads\/2025\/09\/planting-300x225.jpg 300w,https:\/\/vedruna.org\/wp-content\/uploads\/2025\/09\/planting.jpg 548w\" sizes=\"250px\"\/><\/a><\/div><\/div><\/noscript><\/div><script type=\"application\/json\" class=\"sgb-data\">{\"lastRowFill\":true,\"collectionThumbRecomendedHeight\":100,\"collectionThumbMiniScreenScale\":true,\"externalLink\":false,\"captions\":false,\"collectionThumbSubMenuDownload\":false,\"collectionThumbSubMenuShare\":false,\"galleryType\":\"pgc_sgb_justified\",\"galleryId\":\"3ed22422\",\"images\":[{\"id\":27781,\"title\":\"planting 3\",\"url\":\"https:\/\/vedruna.org\/wp-content\/uploads\/2025\/09\/planting-3.jpg\",\"link\":\"https:\/\/vedruna.org\/?attachment_id=27781\",\"alt\":\"\",\"description\":\"\",\"caption\":\"\",\"mime\":\"image\/jpeg\",\"type\":\"image\",\"width\":362,\"height\":483,\"sizes\":{\"thumbnail\":{\"height\":150,\"width\":150,\"url\":\"https:\/\/vedruna.org\/wp-content\/uploads\/2025\/09\/planting-3-150x150.jpg\",\"orientation\":\"landscape\"},\"medium\":{\"height\":300,\"width\":225,\"url\":\"https:\/\/vedruna.org\/wp-content\/uploads\/2025\/09\/planting-3-225x300.jpg\",\"orientation\":\"portrait\"},\"full\":{\"url\":\"https:\/\/vedruna.org\/wp-content\/uploads\/2025\/09\/planting-3.jpg\",\"height\":483,\"width\":362,\"orientation\":\"portrait\"}},\"imageMeta\":{\"aperture\":\"0\",\"credit\":\"\",\"camera\":\"\",\"caption\":\"\",\"created_timestamp\":\"0\",\"copyright\":\"\",\"focal_length\":\"0\",\"iso\":\"0\",\"shutter_speed\":\"0\",\"title\":\"\",\"orientation\":\"0\",\"keywords\":[]},\"meta\":false,\"postlink\":\"https:\/\/vedruna.org\/?attachment_id=27781\"},{\"id\":27785,\"title\":\"planting 2\",\"url\":\"https:\/\/vedruna.org\/wp-content\/uploads\/2025\/09\/planting-2.jpg\",\"link\":\"https:\/\/vedruna.org\/?attachment_id=27785\",\"alt\":\"\",\"description\":\"\",\"caption\":\"\",\"mime\":\"image\/jpeg\",\"type\":\"image\",\"width\":361,\"height\":482,\"sizes\":{\"thumbnail\":{\"height\":150,\"width\":150,\"url\":\"https:\/\/vedruna.org\/wp-content\/uploads\/2025\/09\/planting-2-150x150.jpg\",\"orientation\":\"landscape\"},\"medium\":{\"height\":300,\"width\":225,\"url\":\"https:\/\/vedruna.org\/wp-content\/uploads\/2025\/09\/planting-2-225x300.jpg\",\"orientation\":\"portrait\"},\"full\":{\"url\":\"https:\/\/vedruna.org\/wp-content\/uploads\/2025\/09\/planting-2.jpg\",\"height\":482,\"width\":361,\"orientation\":\"portrait\"}},\"imageMeta\":{\"aperture\":\"0\",\"credit\":\"\",\"camera\":\"\",\"caption\":\"\",\"created_timestamp\":\"0\",\"copyright\":\"\",\"focal_length\":\"0\",\"iso\":\"0\",\"shutter_speed\":\"0\",\"title\":\"\",\"orientation\":\"0\",\"keywords\":[]},\"meta\":false,\"postlink\":\"https:\/\/vedruna.org\/?attachment_id=27785\"},{\"id\":27789,\"title\":\"planting 1\",\"url\":\"https:\/\/vedruna.org\/wp-content\/uploads\/2025\/09\/planting-1.jpg\",\"link\":\"https:\/\/vedruna.org\/?attachment_id=27789\",\"alt\":\"\",\"description\":\"\",\"caption\":\"\",\"mime\":\"image\/jpeg\",\"type\":\"image\",\"width\":359,\"height\":479,\"sizes\":{\"thumbnail\":{\"height\":150,\"width\":150,\"url\":\"https:\/\/vedruna.org\/wp-content\/uploads\/2025\/09\/planting-1-150x150.jpg\",\"orientation\":\"landscape\"},\"medium\":{\"height\":300,\"width\":225,\"url\":\"https:\/\/vedruna.org\/wp-content\/uploads\/2025\/09\/planting-1-225x300.jpg\",\"orientation\":\"portrait\"},\"full\":{\"url\":\"https:\/\/vedruna.org\/wp-content\/uploads\/2025\/09\/planting-1.jpg\",\"height\":479,\"width\":359,\"orientation\":\"portrait\"}},\"imageMeta\":{\"aperture\":\"0\",\"credit\":\"\",\"camera\":\"\",\"caption\":\"\",\"created_timestamp\":\"0\",\"copyright\":\"\",\"focal_length\":\"0\",\"iso\":\"0\",\"shutter_speed\":\"0\",\"title\":\"\",\"orientation\":\"0\",\"keywords\":[]},\"meta\":false,\"postlink\":\"https:\/\/vedruna.org\/?attachment_id=27789\"},{\"id\":27793,\"title\":\"planting\",\"url\":\"https:\/\/vedruna.org\/wp-content\/uploads\/2025\/09\/planting.jpg\",\"link\":\"https:\/\/vedruna.org\/?attachment_id=27793\",\"alt\":\"\",\"description\":\"\",\"caption\":\"\",\"mime\":\"image\/jpeg\",\"type\":\"image\",\"width\":548,\"height\":411,\"sizes\":{\"thumbnail\":{\"height\":150,\"width\":150,\"url\":\"https:\/\/vedruna.org\/wp-content\/uploads\/2025\/09\/planting-150x150.jpg\",\"orientation\":\"landscape\"},\"medium\":{\"height\":225,\"width\":300,\"url\":\"https:\/\/vedruna.org\/wp-content\/uploads\/2025\/09\/planting-300x225.jpg\",\"orientation\":\"landscape\"},\"full\":{\"url\":\"https:\/\/vedruna.org\/wp-content\/uploads\/2025\/09\/planting.jpg\",\"height\":411,\"width\":548,\"orientation\":\"landscape\"}},\"imageMeta\":{\"aperture\":\"0\",\"credit\":\"\",\"camera\":\"\",\"caption\":\"\",\"created_timestamp\":\"0\",\"copyright\":\"\",\"focal_length\":\"0\",\"iso\":\"0\",\"shutter_speed\":\"0\",\"title\":\"\",\"orientation\":\"0\",\"keywords\":[]},\"meta\":false,\"postlink\":\"https:\/\/vedruna.org\/?attachment_id=27793\"}],\"translatedWithWPMLTM\":\"1\",\"itemsMetaDataCollection\":[]}<\/script><script>(function(){if(window.PGC_SGB && window.PGC_SGB.searcher){window.PGC_SGB.searcher.initBlocks()}})()<\/script><\/div>\n<div style=\"height:25px\" aria-hidden=\"true\" class=\"wp-block-spacer\"><\/div>\n\n<p>El passat 30 d&#8217;agost del 2025, ens vam dirigir a Illa Macalian, on vam plantar 20 plan\u00e7ons de Narra al llarg de la riba del riu, per evitar l&#8217;erosi\u00f3 durant la temporada de pluges. A ells es van sumar 15 pl\u00e0ntules de lansons, 15 de rambutan i altres arbres fruiters, que a m\u00e9s de millorar la qualitat de l&#8217;aire serviran com a paravents i suport per a les fam\u00edlies en temps de tempesta. <\/p>\n\n<p>Confiem que, dins de 3 a 5 anys, els habitants de Macalian, a Buldon, Maguindanao del Nord, podran gaudir dels fruits i beneficis d&#8217;aquesta acci\u00f3 compartida per les Germanes i Laiques Vedruna de Pigcawayan, Cotabato del Norte. Una llavor d\u00bfesperan\u00e7a per al futur. <\/p>\n\n<p class=\"has-text-align-right\"><strong>Marlene M. Barcebal, Laica Vedruna<\/strong><\/p>\n","protected":false},"excerpt":{"rendered":"<p>La plantaci\u00f3 d&#8217;arbres no nom\u00e9s enforteix les esp\u00e8cies natives i embelleix els espais d&#8217;esbarjo, sin\u00f3 que tamb\u00e9 contribueix de manera significativa a millorar la qualitat de vida de les comunitats. Al Laicado Vedruna hem triat la sembra d&#8217;arbres com una de les nostres maneres de respondre a l&#8217;anomenat urgent de cuidar la nostra Mare Terra. [&hellip;]<\/p>\n","protected":false},"author":21,"featured_media":27794,"comment_status":"closed","ping_status":"closed","sticky":false,"template":"","format":"standard","meta":{"_et_pb_use_builder":"","_et_pb_old_content":"","_et_gb_content_width":"","pgc_sgb_lightbox_settings":"","footnotes":""},"categories":[297],"tags":[485,396],"class_list":["post-27799","post","type-post","status-publish","format-standard","has-post-thumbnail","hentry","category-delegacio-de-filipines","tag-laicat","tag-temps-de-la-creacio"],"yoast_head":"<!-- This site is optimized with the Yoast SEO plugin v27.5 - https:\/\/yoast.com\/product\/yoast-seo-wordpress\/ -->\n<title>El Laicado Vedruna de Pigcawayan planta llavors d&#039;esperan\u00e7a per a les futures generacions - Carmelitas de la Caridad Vedruna<\/title>\n<meta name=\"description\" content=\"El Laicado Vedruna planta arbres fruiters a l&#039;Illa Macalian, col\u00b7laborant aix\u00ed en la regulaci\u00f3 del clima, la conservaci\u00f3 de l&#039;aigua i la prevenci\u00f3 de l&#039;erosi\u00f3 del s\u00f2l.\" \/>\n<meta name=\"robots\" content=\"index, follow, max-snippet:-1, max-image-preview:large, max-video-preview:-1\" \/>\n<link rel=\"canonical\" href=\"https:\/\/vedruna.org\/ca\/el-laicado-vedruna-de-pigcawayan-planta-llavors-desperanca-per-a-les-futures-generacions\/\" \/>\n<meta property=\"og:locale\" content=\"ca_ES\" \/>\n<meta property=\"og:type\" content=\"article\" \/>\n<meta property=\"og:title\" content=\"El Laicado Vedruna de Pigcawayan planta llavors d&#039;esperan\u00e7a per a les futures generacions - Carmelitas de la Caridad Vedruna\" \/>\n<meta property=\"og:description\" content=\"El Laicado Vedruna planta arbres fruiters a l&#039;Illa Macalian, col\u00b7laborant aix\u00ed en la regulaci\u00f3 del clima, la conservaci\u00f3 de l&#039;aigua i la prevenci\u00f3 de l&#039;erosi\u00f3 del s\u00f2l.\" \/>\n<meta property=\"og:url\" content=\"https:\/\/vedruna.org\/ca\/el-laicado-vedruna-de-pigcawayan-planta-llavors-desperanca-per-a-les-futures-generacions\/\" \/>\n<meta property=\"og:site_name\" content=\"Carmelitas de la Caridad Vedruna\" \/>\n<meta property=\"article:published_time\" content=\"2025-09-08T11:22:22+00:00\" \/>\n<meta property=\"article:modified_time\" content=\"2025-11-04T14:22:34+00:00\" \/>\n<meta property=\"og:image\" content=\"https:\/\/vedruna.org\/wp-content\/uploads\/2025\/09\/planting.jpg\" \/>\n\t<meta property=\"og:image:width\" content=\"548\" \/>\n\t<meta property=\"og:image:height\" content=\"411\" \/>\n\t<meta property=\"og:image:type\" content=\"image\/jpeg\" \/>\n<meta name=\"author\" content=\"Maria Agustina G\u00f3mez\" \/>\n<meta name=\"twitter:card\" content=\"summary_large_image\" \/>\n<meta name=\"twitter:label1\" content=\"Escrit per\" \/>\n\t<meta name=\"twitter:data1\" content=\"Maria Agustina G\u00f3mez\" \/>\n\t<meta name=\"twitter:label2\" content=\"Temps estimat de lectura\" \/>\n\t<meta name=\"twitter:data2\" content=\"1 minut\" \/>\n<script type=\"application\/ld+json\" class=\"yoast-schema-graph\">{\"@context\":\"https:\\\/\\\/schema.org\",\"@graph\":[{\"@type\":\"Article\",\"@id\":\"https:\\\/\\\/vedruna.org\\\/ca\\\/el-laicado-vedruna-de-pigcawayan-planta-llavors-desperanca-per-a-les-futures-generacions\\\/#article\",\"isPartOf\":{\"@id\":\"https:\\\/\\\/vedruna.org\\\/ca\\\/el-laicado-vedruna-de-pigcawayan-planta-llavors-desperanca-per-a-les-futures-generacions\\\/\"},\"author\":{\"name\":\"Maria Agustina G\u00f3mez\",\"@id\":\"https:\\\/\\\/vedruna.org\\\/ca\\\/#\\\/schema\\\/person\\\/95fe789adf27c2831fc5a049c727edf5\"},\"headline\":\"El Laicado Vedruna de Pigcawayan planta llavors d&#8217;esperan\u00e7a per a les futures generacions\",\"datePublished\":\"2025-09-08T11:22:22+00:00\",\"dateModified\":\"2025-11-04T14:22:34+00:00\",\"mainEntityOfPage\":{\"@id\":\"https:\\\/\\\/vedruna.org\\\/ca\\\/el-laicado-vedruna-de-pigcawayan-planta-llavors-desperanca-per-a-les-futures-generacions\\\/\"},\"wordCount\":225,\"publisher\":{\"@id\":\"https:\\\/\\\/vedruna.org\\\/ca\\\/#organization\"},\"image\":{\"@id\":\"https:\\\/\\\/vedruna.org\\\/ca\\\/el-laicado-vedruna-de-pigcawayan-planta-llavors-desperanca-per-a-les-futures-generacions\\\/#primaryimage\"},\"thumbnailUrl\":\"https:\\\/\\\/vedruna.org\\\/wp-content\\\/uploads\\\/2025\\\/09\\\/planting.jpg\",\"keywords\":[\"La\u00efcat\",\"Temps de la Creaci\u00f3\"],\"articleSection\":[\"Delegaci\u00f3 de Filipines\"],\"inLanguage\":\"ca\"},{\"@type\":\"WebPage\",\"@id\":\"https:\\\/\\\/vedruna.org\\\/ca\\\/el-laicado-vedruna-de-pigcawayan-planta-llavors-desperanca-per-a-les-futures-generacions\\\/\",\"url\":\"https:\\\/\\\/vedruna.org\\\/ca\\\/el-laicado-vedruna-de-pigcawayan-planta-llavors-desperanca-per-a-les-futures-generacions\\\/\",\"name\":\"El Laicado Vedruna de Pigcawayan planta llavors d'esperan\u00e7a per a les futures generacions - Carmelitas de la Caridad Vedruna\",\"isPartOf\":{\"@id\":\"https:\\\/\\\/vedruna.org\\\/ca\\\/#website\"},\"primaryImageOfPage\":{\"@id\":\"https:\\\/\\\/vedruna.org\\\/ca\\\/el-laicado-vedruna-de-pigcawayan-planta-llavors-desperanca-per-a-les-futures-generacions\\\/#primaryimage\"},\"image\":{\"@id\":\"https:\\\/\\\/vedruna.org\\\/ca\\\/el-laicado-vedruna-de-pigcawayan-planta-llavors-desperanca-per-a-les-futures-generacions\\\/#primaryimage\"},\"thumbnailUrl\":\"https:\\\/\\\/vedruna.org\\\/wp-content\\\/uploads\\\/2025\\\/09\\\/planting.jpg\",\"datePublished\":\"2025-09-08T11:22:22+00:00\",\"dateModified\":\"2025-11-04T14:22:34+00:00\",\"description\":\"El Laicado Vedruna planta arbres fruiters a l'Illa Macalian, col\u00b7laborant aix\u00ed en la regulaci\u00f3 del clima, la conservaci\u00f3 de l'aigua i la prevenci\u00f3 de l'erosi\u00f3 del s\u00f2l.\",\"breadcrumb\":{\"@id\":\"https:\\\/\\\/vedruna.org\\\/ca\\\/el-laicado-vedruna-de-pigcawayan-planta-llavors-desperanca-per-a-les-futures-generacions\\\/#breadcrumb\"},\"inLanguage\":\"ca\",\"potentialAction\":[{\"@type\":\"ReadAction\",\"target\":[\"https:\\\/\\\/vedruna.org\\\/ca\\\/el-laicado-vedruna-de-pigcawayan-planta-llavors-desperanca-per-a-les-futures-generacions\\\/\"]}]},{\"@type\":\"ImageObject\",\"inLanguage\":\"ca\",\"@id\":\"https:\\\/\\\/vedruna.org\\\/ca\\\/el-laicado-vedruna-de-pigcawayan-planta-llavors-desperanca-per-a-les-futures-generacions\\\/#primaryimage\",\"url\":\"https:\\\/\\\/vedruna.org\\\/wp-content\\\/uploads\\\/2025\\\/09\\\/planting.jpg\",\"contentUrl\":\"https:\\\/\\\/vedruna.org\\\/wp-content\\\/uploads\\\/2025\\\/09\\\/planting.jpg\",\"width\":548,\"height\":411},{\"@type\":\"BreadcrumbList\",\"@id\":\"https:\\\/\\\/vedruna.org\\\/ca\\\/el-laicado-vedruna-de-pigcawayan-planta-llavors-desperanca-per-a-les-futures-generacions\\\/#breadcrumb\",\"itemListElement\":[{\"@type\":\"ListItem\",\"position\":1,\"name\":\"Portada\",\"item\":\"https:\\\/\\\/vedruna.org\\\/ca\\\/\"},{\"@type\":\"ListItem\",\"position\":2,\"name\":\"El Laicado Vedruna de Pigcawayan planta llavors d&rsquo;esperan\u00e7a per a les futures generacions\"}]},{\"@type\":\"WebSite\",\"@id\":\"https:\\\/\\\/vedruna.org\\\/ca\\\/#website\",\"url\":\"https:\\\/\\\/vedruna.org\\\/ca\\\/\",\"name\":\"Carmelitas de la Caridad Vedruna\",\"description\":\"Carmelitas de la caridad\",\"publisher\":{\"@id\":\"https:\\\/\\\/vedruna.org\\\/ca\\\/#organization\"},\"potentialAction\":[{\"@type\":\"SearchAction\",\"target\":{\"@type\":\"EntryPoint\",\"urlTemplate\":\"https:\\\/\\\/vedruna.org\\\/ca\\\/?s={search_term_string}\"},\"query-input\":{\"@type\":\"PropertyValueSpecification\",\"valueRequired\":true,\"valueName\":\"search_term_string\"}}],\"inLanguage\":\"ca\"},{\"@type\":\"Organization\",\"@id\":\"https:\\\/\\\/vedruna.org\\\/ca\\\/#organization\",\"name\":\"Carmelitas de la caridad Vedruna\",\"url\":\"https:\\\/\\\/vedruna.org\\\/ca\\\/\",\"logo\":{\"@type\":\"ImageObject\",\"inLanguage\":\"ca\",\"@id\":\"https:\\\/\\\/vedruna.org\\\/ca\\\/#\\\/schema\\\/logo\\\/image\\\/\",\"url\":\"https:\\\/\\\/vedruna.org\\\/wp-content\\\/uploads\\\/2022\\\/04\\\/LOGO-VEDRUNA-HORIZONTAL.png\",\"contentUrl\":\"https:\\\/\\\/vedruna.org\\\/wp-content\\\/uploads\\\/2022\\\/04\\\/LOGO-VEDRUNA-HORIZONTAL.png\",\"width\":1200,\"height\":463,\"caption\":\"Carmelitas de la caridad Vedruna\"},\"image\":{\"@id\":\"https:\\\/\\\/vedruna.org\\\/ca\\\/#\\\/schema\\\/logo\\\/image\\\/\"}},{\"@type\":\"Person\",\"@id\":\"https:\\\/\\\/vedruna.org\\\/ca\\\/#\\\/schema\\\/person\\\/95fe789adf27c2831fc5a049c727edf5\",\"name\":\"Maria Agustina G\u00f3mez\",\"image\":{\"@type\":\"ImageObject\",\"inLanguage\":\"ca\",\"@id\":\"https:\\\/\\\/secure.gravatar.com\\\/avatar\\\/8af3ece86571c098b978434bbc43b948c403c1ae191f09a04e94f916638ceb2c?s=96&d=mm&r=g\",\"url\":\"https:\\\/\\\/secure.gravatar.com\\\/avatar\\\/8af3ece86571c098b978434bbc43b948c403c1ae191f09a04e94f916638ceb2c?s=96&d=mm&r=g\",\"contentUrl\":\"https:\\\/\\\/secure.gravatar.com\\\/avatar\\\/8af3ece86571c098b978434bbc43b948c403c1ae191f09a04e94f916638ceb2c?s=96&d=mm&r=g\",\"caption\":\"Maria Agustina G\u00f3mez\"},\"url\":\"https:\\\/\\\/vedruna.org\\\/ca\\\/author\\\/agustina-gomez\\\/\"}]}<\/script>\n<!-- \/ Yoast SEO plugin. -->","yoast_head_json":{"title":"El Laicado Vedruna de Pigcawayan planta llavors d'esperan\u00e7a per a les futures generacions - Carmelitas de la Caridad Vedruna","description":"El Laicado Vedruna planta arbres fruiters a l'Illa Macalian, col\u00b7laborant aix\u00ed en la regulaci\u00f3 del clima, la conservaci\u00f3 de l'aigua i la prevenci\u00f3 de l'erosi\u00f3 del s\u00f2l.","robots":{"index":"index","follow":"follow","max-snippet":"max-snippet:-1","max-image-preview":"max-image-preview:large","max-video-preview":"max-video-preview:-1"},"canonical":"https:\/\/vedruna.org\/ca\/el-laicado-vedruna-de-pigcawayan-planta-llavors-desperanca-per-a-les-futures-generacions\/","og_locale":"ca_ES","og_type":"article","og_title":"El Laicado Vedruna de Pigcawayan planta llavors d'esperan\u00e7a per a les futures generacions - Carmelitas de la Caridad Vedruna","og_description":"El Laicado Vedruna planta arbres fruiters a l'Illa Macalian, col\u00b7laborant aix\u00ed en la regulaci\u00f3 del clima, la conservaci\u00f3 de l'aigua i la prevenci\u00f3 de l'erosi\u00f3 del s\u00f2l.","og_url":"https:\/\/vedruna.org\/ca\/el-laicado-vedruna-de-pigcawayan-planta-llavors-desperanca-per-a-les-futures-generacions\/","og_site_name":"Carmelitas de la Caridad Vedruna","article_published_time":"2025-09-08T11:22:22+00:00","article_modified_time":"2025-11-04T14:22:34+00:00","og_image":[{"width":548,"height":411,"url":"https:\/\/vedruna.org\/wp-content\/uploads\/2025\/09\/planting.jpg","type":"image\/jpeg"}],"author":"Maria Agustina G\u00f3mez","twitter_card":"summary_large_image","twitter_misc":{"Escrit per":"Maria Agustina G\u00f3mez","Temps estimat de lectura":"1 minut"},"schema":{"@context":"https:\/\/schema.org","@graph":[{"@type":"Article","@id":"https:\/\/vedruna.org\/ca\/el-laicado-vedruna-de-pigcawayan-planta-llavors-desperanca-per-a-les-futures-generacions\/#article","isPartOf":{"@id":"https:\/\/vedruna.org\/ca\/el-laicado-vedruna-de-pigcawayan-planta-llavors-desperanca-per-a-les-futures-generacions\/"},"author":{"name":"Maria Agustina G\u00f3mez","@id":"https:\/\/vedruna.org\/ca\/#\/schema\/person\/95fe789adf27c2831fc5a049c727edf5"},"headline":"El Laicado Vedruna de Pigcawayan planta llavors d&#8217;esperan\u00e7a per a les futures generacions","datePublished":"2025-09-08T11:22:22+00:00","dateModified":"2025-11-04T14:22:34+00:00","mainEntityOfPage":{"@id":"https:\/\/vedruna.org\/ca\/el-laicado-vedruna-de-pigcawayan-planta-llavors-desperanca-per-a-les-futures-generacions\/"},"wordCount":225,"publisher":{"@id":"https:\/\/vedruna.org\/ca\/#organization"},"image":{"@id":"https:\/\/vedruna.org\/ca\/el-laicado-vedruna-de-pigcawayan-planta-llavors-desperanca-per-a-les-futures-generacions\/#primaryimage"},"thumbnailUrl":"https:\/\/vedruna.org\/wp-content\/uploads\/2025\/09\/planting.jpg","keywords":["La\u00efcat","Temps de la Creaci\u00f3"],"articleSection":["Delegaci\u00f3 de Filipines"],"inLanguage":"ca"},{"@type":"WebPage","@id":"https:\/\/vedruna.org\/ca\/el-laicado-vedruna-de-pigcawayan-planta-llavors-desperanca-per-a-les-futures-generacions\/","url":"https:\/\/vedruna.org\/ca\/el-laicado-vedruna-de-pigcawayan-planta-llavors-desperanca-per-a-les-futures-generacions\/","name":"El Laicado Vedruna de Pigcawayan planta llavors d'esperan\u00e7a per a les futures generacions - Carmelitas de la Caridad Vedruna","isPartOf":{"@id":"https:\/\/vedruna.org\/ca\/#website"},"primaryImageOfPage":{"@id":"https:\/\/vedruna.org\/ca\/el-laicado-vedruna-de-pigcawayan-planta-llavors-desperanca-per-a-les-futures-generacions\/#primaryimage"},"image":{"@id":"https:\/\/vedruna.org\/ca\/el-laicado-vedruna-de-pigcawayan-planta-llavors-desperanca-per-a-les-futures-generacions\/#primaryimage"},"thumbnailUrl":"https:\/\/vedruna.org\/wp-content\/uploads\/2025\/09\/planting.jpg","datePublished":"2025-09-08T11:22:22+00:00","dateModified":"2025-11-04T14:22:34+00:00","description":"El Laicado Vedruna planta arbres fruiters a l'Illa Macalian, col\u00b7laborant aix\u00ed en la regulaci\u00f3 del clima, la conservaci\u00f3 de l'aigua i la prevenci\u00f3 de l'erosi\u00f3 del s\u00f2l.","breadcrumb":{"@id":"https:\/\/vedruna.org\/ca\/el-laicado-vedruna-de-pigcawayan-planta-llavors-desperanca-per-a-les-futures-generacions\/#breadcrumb"},"inLanguage":"ca","potentialAction":[{"@type":"ReadAction","target":["https:\/\/vedruna.org\/ca\/el-laicado-vedruna-de-pigcawayan-planta-llavors-desperanca-per-a-les-futures-generacions\/"]}]},{"@type":"ImageObject","inLanguage":"ca","@id":"https:\/\/vedruna.org\/ca\/el-laicado-vedruna-de-pigcawayan-planta-llavors-desperanca-per-a-les-futures-generacions\/#primaryimage","url":"https:\/\/vedruna.org\/wp-content\/uploads\/2025\/09\/planting.jpg","contentUrl":"https:\/\/vedruna.org\/wp-content\/uploads\/2025\/09\/planting.jpg","width":548,"height":411},{"@type":"BreadcrumbList","@id":"https:\/\/vedruna.org\/ca\/el-laicado-vedruna-de-pigcawayan-planta-llavors-desperanca-per-a-les-futures-generacions\/#breadcrumb","itemListElement":[{"@type":"ListItem","position":1,"name":"Portada","item":"https:\/\/vedruna.org\/ca\/"},{"@type":"ListItem","position":2,"name":"El Laicado Vedruna de Pigcawayan planta llavors d&rsquo;esperan\u00e7a per a les futures generacions"}]},{"@type":"WebSite","@id":"https:\/\/vedruna.org\/ca\/#website","url":"https:\/\/vedruna.org\/ca\/","name":"Carmelitas de la Caridad Vedruna","description":"Carmelitas de la caridad","publisher":{"@id":"https:\/\/vedruna.org\/ca\/#organization"},"potentialAction":[{"@type":"SearchAction","target":{"@type":"EntryPoint","urlTemplate":"https:\/\/vedruna.org\/ca\/?s={search_term_string}"},"query-input":{"@type":"PropertyValueSpecification","valueRequired":true,"valueName":"search_term_string"}}],"inLanguage":"ca"},{"@type":"Organization","@id":"https:\/\/vedruna.org\/ca\/#organization","name":"Carmelitas de la caridad Vedruna","url":"https:\/\/vedruna.org\/ca\/","logo":{"@type":"ImageObject","inLanguage":"ca","@id":"https:\/\/vedruna.org\/ca\/#\/schema\/logo\/image\/","url":"https:\/\/vedruna.org\/wp-content\/uploads\/2022\/04\/LOGO-VEDRUNA-HORIZONTAL.png","contentUrl":"https:\/\/vedruna.org\/wp-content\/uploads\/2022\/04\/LOGO-VEDRUNA-HORIZONTAL.png","width":1200,"height":463,"caption":"Carmelitas de la caridad Vedruna"},"image":{"@id":"https:\/\/vedruna.org\/ca\/#\/schema\/logo\/image\/"}},{"@type":"Person","@id":"https:\/\/vedruna.org\/ca\/#\/schema\/person\/95fe789adf27c2831fc5a049c727edf5","name":"Maria Agustina G\u00f3mez","image":{"@type":"ImageObject","inLanguage":"ca","@id":"https:\/\/secure.gravatar.com\/avatar\/8af3ece86571c098b978434bbc43b948c403c1ae191f09a04e94f916638ceb2c?s=96&d=mm&r=g","url":"https:\/\/secure.gravatar.com\/avatar\/8af3ece86571c098b978434bbc43b948c403c1ae191f09a04e94f916638ceb2c?s=96&d=mm&r=g","contentUrl":"https:\/\/secure.gravatar.com\/avatar\/8af3ece86571c098b978434bbc43b948c403c1ae191f09a04e94f916638ceb2c?s=96&d=mm&r=g","caption":"Maria Agustina G\u00f3mez"},"url":"https:\/\/vedruna.org\/ca\/author\/agustina-gomez\/"}]}},"_links":{"self":[{"href":"https:\/\/vedruna.org\/ca\/wp-json\/wp\/v2\/posts\/27799","targetHints":{"allow":["GET"]}}],"collection":[{"href":"https:\/\/vedruna.org\/ca\/wp-json\/wp\/v2\/posts"}],"about":[{"href":"https:\/\/vedruna.org\/ca\/wp-json\/wp\/v2\/types\/post"}],"author":[{"embeddable":true,"href":"https:\/\/vedruna.org\/ca\/wp-json\/wp\/v2\/users\/21"}],"replies":[{"embeddable":true,"href":"https:\/\/vedruna.org\/ca\/wp-json\/wp\/v2\/comments?post=27799"}],"version-history":[{"count":1,"href":"https:\/\/vedruna.org\/ca\/wp-json\/wp\/v2\/posts\/27799\/revisions"}],"predecessor-version":[{"id":27803,"href":"https:\/\/vedruna.org\/ca\/wp-json\/wp\/v2\/posts\/27799\/revisions\/27803"}],"wp:featuredmedia":[{"embeddable":true,"href":"https:\/\/vedruna.org\/ca\/wp-json\/wp\/v2\/media\/27794"}],"wp:attachment":[{"href":"https:\/\/vedruna.org\/ca\/wp-json\/wp\/v2\/media?parent=27799"}],"wp:term":[{"taxonomy":"category","embeddable":true,"href":"https:\/\/vedruna.org\/ca\/wp-json\/wp\/v2\/categories?post=27799"},{"taxonomy":"post_tag","embeddable":true,"href":"https:\/\/vedruna.org\/ca\/wp-json\/wp\/v2\/tags?post=27799"}],"curies":[{"name":"wp","href":"https:\/\/api.w.org\/{rel}","templated":true}]}}