{"id":29474,"date":"2025-10-16T14:05:33","date_gmt":"2025-10-16T12:05:33","guid":{"rendered":"https:\/\/vedruna.org\/una-jornada-doracio-i-rendicio-de-comptes-contra-la-corrupcio\/"},"modified":"2025-10-19T14:43:25","modified_gmt":"2025-10-19T12:43:25","slug":"una-jornada-doracio-i-rendicio-de-comptes-contra-la-corrupcio","status":"publish","type":"post","link":"https:\/\/vedruna.org\/ca\/una-jornada-doracio-i-rendicio-de-comptes-contra-la-corrupcio\/","title":{"rendered":"Una jornada d&#8217;oraci\u00f3 i rendici\u00f3 de comptes contra la corrupci\u00f3"},"content":{"rendered":"\n<p>Gna. Nelly, la germana Ivy i la germana Eden es van unir a la reuni\u00f3 pac\u00edfica anomenada &#8221; <strong>Marxa del Trili\u00f3 de Pesos<\/strong> &#8221; (Dia de Preg\u00e0ria i Responsabilitat) el passat 21 de setembre de 2025 al Monument al Poder Popular d&#8217;Edsa.  <\/p>\n\n<p>La reuni\u00f3 no \u00e9s un espectacle pol\u00edtic, sin\u00f3 una postura moral. Va ser <strong>un moment de preg\u00e0ria, solidaritat i acci\u00f3 contra la cultura arrelada de corrupci\u00f3<\/strong> que roba la dignitat al poble filip\u00ed, agreuja la pobresa i traeix el nostre futur com a filipins. L&amp;#39;objectiu no \u00e9s desestabilitzar, sin\u00f3 enfortir la nostra democr\u00e0cia. Ens vam unir com un sol poble de D\u00e9u, units per la fe i la preocupaci\u00f3 pel b\u00e9 com\u00fa. Ens vam reunir per ser un signe que el poble filip\u00ed, guiat per la fe, ja no ser\u00e0 passiu. <strong>Ens mantenim ferms a favor de la veritat, la just\u00edcia i la renovaci\u00f3<\/strong> . Condemnem la corrupci\u00f3 generalitzada que enverina la nostra estimada naci\u00f3. Aquests actes immorals priven la gent, especialment els pobres, de les seves necessitats b\u00e0siques, destrueixen la confian\u00e7a en els qui tenen el poder i dificulten el progr\u00e9s del nostre pa\u00eds.      <\/p>\n\n<p>Com a Delegaci\u00f3, ens mantenim ferms en la promoci\u00f3 i protecci\u00f3 de la veritat i res m\u00e9s que la veritat. Ens unim als nostres compatriotes des del nostre paper i missi\u00f3 prof\u00e8tics de defensar la veritat, protegir i cuidar la vida. Nosaltres, com a comunitat i com a Delegaci\u00f3, preguem incessantment perqu\u00e8 la veritat surti a la llum i perqu\u00e8 la nostra naci\u00f3 es renovi. Fem una crida als nostres l\u00edders perqu\u00e8 es mantinguin fidels a la seva vocaci\u00f3 de servir al poble filip\u00ed, liderin el nostre pa\u00eds amb integritat i posin fi a totes les formes de corrupci\u00f3 ara mateix!   <\/p>\n\n<p>Viatjant junts, reflexionem sobre nosaltres mateixos per poder iniciar aquest canvi des de dins. Ens aferrem a l&#8217;esperan\u00e7a que la just\u00edcia i la veritat prevaldran. <\/p>\n\n<p>No tots vam ser presents a la manifestaci\u00f3 del 21 de setembre passat, per\u00f2 el nostre cor batega amb cada veu que clama just\u00edcia. La nostra \u00e0nima marxa amb cada filip\u00ed que es nega a cedir a la corrupci\u00f3. Anomenarem els culpables. Descobrirem els seus crims. I no ens aturarem fins que es faci complir la responsabilitat. El nostre silenci s&#8217;ha acabat. La nostra lluita \u00e9s ara.        <\/p>\n\n<p class=\"has-text-align-right\"><strong>Gna. Marilou M. Manicad, ccv<\/strong><\/p>\n<div class=\"pgc-sgb-cb wp-block-pgcsimplygalleryblock-justified \" data-gallery-id=\"39333358\"><div class=\"sgb-preloader\" id=\"pr_39333358\">\n\t<div class=\"sgb-square\" style=\"background:#d4d4d4\"><\/div>\n\t<div class=\"sgb-square\" style=\"background:#d4d4d4\"><\/div>\n\t<div class=\"sgb-square\" style=\"background:#d4d4d4\"><\/div>\n\t<div class=\"sgb-square\" style=\"background:#d4d4d4\"><\/div><\/div><div class=\"simply-gallery-amp pgc_sgb_slider \"><noscript><div class=\"sgb-gallery\"><div class=\"sgb-item\"><a href=\"https:\/\/vedruna.org\/en\/?attachment_id=29450\" target=\"_blank\"><img decoding=\"async\" alt=\"\" width=\"225\" height=\"300\" loading=\"lazy\" src=\"https:\/\/vedruna.org\/wp-content\/uploads\/2025\/10\/phil-4-225x300.jpg\" srcset=\"https:\/\/vedruna.org\/wp-content\/uploads\/2025\/10\/phil-4-225x300.jpg 225w,https:\/\/vedruna.org\/wp-content\/uploads\/2025\/10\/phil-4-768x1024.jpg 768w,https:\/\/vedruna.org\/wp-content\/uploads\/2025\/10\/phil-4-rotated.jpg 1200w\" sizes=\"250px\"\/><\/a><\/div><div class=\"sgb-item\"><a href=\"https:\/\/vedruna.org\/en\/?attachment_id=29451\" target=\"_blank\"><img decoding=\"async\" alt=\"\" width=\"300\" height=\"226\" loading=\"lazy\" src=\"https:\/\/vedruna.org\/wp-content\/uploads\/2025\/10\/phil-3-300x226.jpg\" srcset=\"https:\/\/vedruna.org\/wp-content\/uploads\/2025\/10\/phil-3-300x226.jpg 300w,https:\/\/vedruna.org\/wp-content\/uploads\/2025\/10\/phil-3-1024x771.jpg 1024w,https:\/\/vedruna.org\/wp-content\/uploads\/2025\/10\/phil-3.jpg 1600w\" sizes=\"250px\"\/><\/a><\/div><div class=\"sgb-item\"><a href=\"https:\/\/vedruna.org\/en\/?attachment_id=29452\" target=\"_blank\"><img decoding=\"async\" alt=\"\" width=\"300\" height=\"135\" loading=\"lazy\" src=\"https:\/\/vedruna.org\/wp-content\/uploads\/2025\/10\/phil-2-300x135.jpg\" srcset=\"https:\/\/vedruna.org\/wp-content\/uploads\/2025\/10\/phil-2-300x135.jpg 300w,https:\/\/vedruna.org\/wp-content\/uploads\/2025\/10\/phil-2-1024x461.jpg 1024w,https:\/\/vedruna.org\/wp-content\/uploads\/2025\/10\/phil-2.jpg 1600w\" sizes=\"250px\"\/><\/a><\/div><div class=\"sgb-item\"><a href=\"https:\/\/vedruna.org\/en\/?attachment_id=29453\" target=\"_blank\"><img decoding=\"async\" alt=\"\" width=\"225\" height=\"300\" loading=\"lazy\" src=\"https:\/\/vedruna.org\/wp-content\/uploads\/2025\/10\/philippines-225x300.jpg\" srcset=\"https:\/\/vedruna.org\/wp-content\/uploads\/2025\/10\/philippines-225x300.jpg 225w,https:\/\/vedruna.org\/wp-content\/uploads\/2025\/10\/philippines-768x1024.jpg 768w,https:\/\/vedruna.org\/wp-content\/uploads\/2025\/10\/philippines.jpg 1200w\" sizes=\"250px\"\/><\/a><\/div><\/div><\/noscript><\/div><script type=\"application\/json\" class=\"sgb-data\">{\"lastRowFill\":true,\"collectionThumbMiniScreenScale\":true,\"externalLink\":false,\"captions\":false,\"collectionThumbSubMenuDownload\":false,\"collectionThumbSubMenuShare\":false,\"galleryType\":\"pgc_sgb_justified\",\"galleryId\":\"39333358\",\"images\":[{\"id\":29450,\"title\":\"phil 4\",\"url\":\"https:\/\/vedruna.org\/wp-content\/uploads\/2025\/10\/phil-4-rotated.jpg\",\"link\":\"https:\/\/vedruna.org\/en\/?attachment_id=29450\",\"alt\":\"\",\"description\":\"\",\"caption\":\"\",\"mime\":\"image\/jpeg\",\"type\":\"image\",\"width\":1200,\"height\":1600,\"sizes\":{\"thumbnail\":{\"height\":150,\"width\":150,\"url\":\"https:\/\/vedruna.org\/wp-content\/uploads\/2025\/10\/phil-4-150x150.jpg\",\"orientation\":\"landscape\"},\"medium\":{\"height\":300,\"width\":225,\"url\":\"https:\/\/vedruna.org\/wp-content\/uploads\/2025\/10\/phil-4-225x300.jpg\",\"orientation\":\"portrait\"},\"large\":{\"height\":1024,\"width\":768,\"url\":\"https:\/\/vedruna.org\/wp-content\/uploads\/2025\/10\/phil-4-768x1024.jpg\",\"orientation\":\"portrait\"},\"full\":{\"url\":\"https:\/\/vedruna.org\/wp-content\/uploads\/2025\/10\/phil-4-rotated.jpg\",\"height\":1600,\"width\":1200,\"orientation\":\"portrait\"}},\"imageMeta\":{\"aperture\":\"0\",\"credit\":\"\",\"camera\":\"\",\"caption\":\"\",\"created_timestamp\":\"0\",\"copyright\":\"\",\"focal_length\":\"0\",\"iso\":\"0\",\"shutter_speed\":\"0\",\"title\":\"\",\"orientation\":1,\"keywords\":[]},\"meta\":false,\"postlink\":\"https:\/\/vedruna.org\/en\/?attachment_id=29450\"},{\"id\":29451,\"title\":\"phil 3\",\"url\":\"https:\/\/vedruna.org\/wp-content\/uploads\/2025\/10\/phil-3.jpg\",\"link\":\"https:\/\/vedruna.org\/en\/?attachment_id=29451\",\"alt\":\"\",\"description\":\"\",\"caption\":\"\",\"mime\":\"image\/jpeg\",\"type\":\"image\",\"width\":1600,\"height\":1204,\"sizes\":{\"thumbnail\":{\"height\":150,\"width\":150,\"url\":\"https:\/\/vedruna.org\/wp-content\/uploads\/2025\/10\/phil-3-150x150.jpg\",\"orientation\":\"landscape\"},\"medium\":{\"height\":226,\"width\":300,\"url\":\"https:\/\/vedruna.org\/wp-content\/uploads\/2025\/10\/phil-3-300x226.jpg\",\"orientation\":\"landscape\"},\"large\":{\"height\":771,\"width\":1024,\"url\":\"https:\/\/vedruna.org\/wp-content\/uploads\/2025\/10\/phil-3-1024x771.jpg\",\"orientation\":\"landscape\"},\"full\":{\"url\":\"https:\/\/vedruna.org\/wp-content\/uploads\/2025\/10\/phil-3.jpg\",\"height\":1204,\"width\":1600,\"orientation\":\"landscape\"}},\"imageMeta\":{\"aperture\":\"0\",\"credit\":\"\",\"camera\":\"\",\"caption\":\"\",\"created_timestamp\":\"0\",\"copyright\":\"\",\"focal_length\":\"0\",\"iso\":\"0\",\"shutter_speed\":\"0\",\"title\":\"\",\"orientation\":\"0\",\"keywords\":[]},\"meta\":false,\"postlink\":\"https:\/\/vedruna.org\/en\/?attachment_id=29451\"},{\"id\":29452,\"title\":\"phil 2\",\"url\":\"https:\/\/vedruna.org\/wp-content\/uploads\/2025\/10\/phil-2.jpg\",\"link\":\"https:\/\/vedruna.org\/en\/?attachment_id=29452\",\"alt\":\"\",\"description\":\"\",\"caption\":\"\",\"mime\":\"image\/jpeg\",\"type\":\"image\",\"width\":1600,\"height\":721,\"sizes\":{\"thumbnail\":{\"height\":150,\"width\":150,\"url\":\"https:\/\/vedruna.org\/wp-content\/uploads\/2025\/10\/phil-2-150x150.jpg\",\"orientation\":\"landscape\"},\"medium\":{\"height\":135,\"width\":300,\"url\":\"https:\/\/vedruna.org\/wp-content\/uploads\/2025\/10\/phil-2-300x135.jpg\",\"orientation\":\"landscape\"},\"large\":{\"height\":461,\"width\":1024,\"url\":\"https:\/\/vedruna.org\/wp-content\/uploads\/2025\/10\/phil-2-1024x461.jpg\",\"orientation\":\"landscape\"},\"full\":{\"url\":\"https:\/\/vedruna.org\/wp-content\/uploads\/2025\/10\/phil-2.jpg\",\"height\":721,\"width\":1600,\"orientation\":\"landscape\"}},\"imageMeta\":{\"aperture\":\"0\",\"credit\":\"\",\"camera\":\"\",\"caption\":\"\",\"created_timestamp\":\"0\",\"copyright\":\"\",\"focal_length\":\"0\",\"iso\":\"0\",\"shutter_speed\":\"0\",\"title\":\"\",\"orientation\":\"0\",\"keywords\":[]},\"meta\":false,\"postlink\":\"https:\/\/vedruna.org\/en\/?attachment_id=29452\"},{\"id\":29453,\"title\":\"philippines\",\"url\":\"https:\/\/vedruna.org\/wp-content\/uploads\/2025\/10\/philippines.jpg\",\"link\":\"https:\/\/vedruna.org\/en\/?attachment_id=29453\",\"alt\":\"\",\"description\":\"\",\"caption\":\"\",\"mime\":\"image\/jpeg\",\"type\":\"image\",\"width\":1200,\"height\":1600,\"sizes\":{\"thumbnail\":{\"height\":150,\"width\":150,\"url\":\"https:\/\/vedruna.org\/wp-content\/uploads\/2025\/10\/philippines-150x150.jpg\",\"orientation\":\"landscape\"},\"medium\":{\"height\":300,\"width\":225,\"url\":\"https:\/\/vedruna.org\/wp-content\/uploads\/2025\/10\/philippines-225x300.jpg\",\"orientation\":\"portrait\"},\"large\":{\"height\":1024,\"width\":768,\"url\":\"https:\/\/vedruna.org\/wp-content\/uploads\/2025\/10\/philippines-768x1024.jpg\",\"orientation\":\"portrait\"},\"full\":{\"url\":\"https:\/\/vedruna.org\/wp-content\/uploads\/2025\/10\/philippines.jpg\",\"height\":1600,\"width\":1200,\"orientation\":\"portrait\"}},\"imageMeta\":{\"aperture\":\"0\",\"credit\":\"\",\"camera\":\"\",\"caption\":\"\",\"created_timestamp\":\"0\",\"copyright\":\"\",\"focal_length\":\"0\",\"iso\":\"0\",\"shutter_speed\":\"0\",\"title\":\"\",\"orientation\":\"0\",\"keywords\":[]},\"meta\":false,\"postlink\":\"https:\/\/vedruna.org\/en\/?attachment_id=29453\"}],\"translatedWithWPMLTM\":\"1\",\"itemsMetaDataCollection\":[]}<\/script><script>(function(){if(window.PGC_SGB && window.PGC_SGB.searcher){window.PGC_SGB.searcher.initBlocks()}})()<\/script><\/div>","protected":false},"excerpt":{"rendered":"<p>Gna. Nelly, la germana Ivy i la germana Eden es van unir a la reuni\u00f3 pac\u00edfica anomenada &#8221; Marxa del Trili\u00f3 de Pesos &#8221; (Dia de Preg\u00e0ria i Responsabilitat) el passat 21 de setembre de 2025 al Monument al Poder Popular d&#8217;Edsa. La reuni\u00f3 no \u00e9s un espectacle pol\u00edtic, sin\u00f3 una postura moral. Va ser [&hellip;]<\/p>\n","protected":false},"author":21,"featured_media":29473,"comment_status":"closed","ping_status":"closed","sticky":false,"template":"","format":"standard","meta":{"_et_pb_use_builder":"","_et_pb_old_content":"","_et_gb_content_width":"","pgc_sgb_lightbox_settings":"","footnotes":""},"categories":[297],"tags":[],"class_list":["post-29474","post","type-post","status-publish","format-standard","has-post-thumbnail","hentry","category-delegacio-de-filipines"],"yoast_head":"<!-- This site is optimized with the Yoast SEO plugin v27.5 - https:\/\/yoast.com\/product\/yoast-seo-wordpress\/ -->\n<title>Una jornada d&#039;oraci\u00f3 i rendici\u00f3 de comptes contra la corrupci\u00f3 - Carmelitas de la Caridad Vedruna<\/title>\n<meta name=\"description\" content=\"Les nostres germanes es van unir a la reuni\u00f3 pac\u00edfica anomenada &quot;Marxa del Trili\u00f3 de Pesos&quot; (Dia de Preg\u00e0ria i Responsabilitat) el passat 21 de setembre de 2025.\" \/>\n<meta name=\"robots\" content=\"index, follow, max-snippet:-1, max-image-preview:large, max-video-preview:-1\" \/>\n<link rel=\"canonical\" href=\"https:\/\/vedruna.org\/ca\/una-jornada-doracio-i-rendicio-de-comptes-contra-la-corrupcio\/\" \/>\n<meta property=\"og:locale\" content=\"ca_ES\" \/>\n<meta property=\"og:type\" content=\"article\" \/>\n<meta property=\"og:title\" content=\"Una jornada d&#039;oraci\u00f3 i rendici\u00f3 de comptes contra la corrupci\u00f3 - Carmelitas de la Caridad Vedruna\" \/>\n<meta property=\"og:description\" content=\"Les nostres germanes es van unir a la reuni\u00f3 pac\u00edfica anomenada &quot;Marxa del Trili\u00f3 de Pesos&quot; (Dia de Preg\u00e0ria i Responsabilitat) el passat 21 de setembre de 2025.\" \/>\n<meta property=\"og:url\" content=\"https:\/\/vedruna.org\/ca\/una-jornada-doracio-i-rendicio-de-comptes-contra-la-corrupcio\/\" \/>\n<meta property=\"og:site_name\" content=\"Carmelitas de la Caridad Vedruna\" \/>\n<meta property=\"article:published_time\" content=\"2025-10-16T12:05:33+00:00\" \/>\n<meta property=\"article:modified_time\" content=\"2025-10-19T12:43:25+00:00\" \/>\n<meta property=\"og:image\" content=\"https:\/\/vedruna.org\/wp-content\/uploads\/2025\/10\/phil-3-1-e1760875525895.jpg\" \/>\n\t<meta property=\"og:image:width\" content=\"1597\" \/>\n\t<meta property=\"og:image:height\" content=\"872\" \/>\n\t<meta property=\"og:image:type\" content=\"image\/jpeg\" \/>\n<meta name=\"author\" content=\"Maria Agustina G\u00f3mez\" \/>\n<meta name=\"twitter:card\" content=\"summary_large_image\" \/>\n<meta name=\"twitter:label1\" content=\"Escrit per\" \/>\n\t<meta name=\"twitter:data1\" content=\"Maria Agustina G\u00f3mez\" \/>\n\t<meta name=\"twitter:label2\" content=\"Temps estimat de lectura\" \/>\n\t<meta name=\"twitter:data2\" content=\"2 minuts\" \/>\n<script type=\"application\/ld+json\" class=\"yoast-schema-graph\">{\"@context\":\"https:\\\/\\\/schema.org\",\"@graph\":[{\"@type\":\"Article\",\"@id\":\"https:\\\/\\\/vedruna.org\\\/ca\\\/una-jornada-doracio-i-rendicio-de-comptes-contra-la-corrupcio\\\/#article\",\"isPartOf\":{\"@id\":\"https:\\\/\\\/vedruna.org\\\/ca\\\/una-jornada-doracio-i-rendicio-de-comptes-contra-la-corrupcio\\\/\"},\"author\":{\"name\":\"Maria Agustina G\u00f3mez\",\"@id\":\"https:\\\/\\\/vedruna.org\\\/ca\\\/#\\\/schema\\\/person\\\/95fe789adf27c2831fc5a049c727edf5\"},\"headline\":\"Una jornada d&#8217;oraci\u00f3 i rendici\u00f3 de comptes contra la corrupci\u00f3\",\"datePublished\":\"2025-10-16T12:05:33+00:00\",\"dateModified\":\"2025-10-19T12:43:25+00:00\",\"mainEntityOfPage\":{\"@id\":\"https:\\\/\\\/vedruna.org\\\/ca\\\/una-jornada-doracio-i-rendicio-de-comptes-contra-la-corrupcio\\\/\"},\"wordCount\":413,\"publisher\":{\"@id\":\"https:\\\/\\\/vedruna.org\\\/ca\\\/#organization\"},\"image\":{\"@id\":\"https:\\\/\\\/vedruna.org\\\/ca\\\/una-jornada-doracio-i-rendicio-de-comptes-contra-la-corrupcio\\\/#primaryimage\"},\"thumbnailUrl\":\"https:\\\/\\\/vedruna.org\\\/wp-content\\\/uploads\\\/2025\\\/10\\\/phil-3-1-e1760875525895.jpg\",\"articleSection\":[\"Delegaci\u00f3 de Filipines\"],\"inLanguage\":\"ca\"},{\"@type\":\"WebPage\",\"@id\":\"https:\\\/\\\/vedruna.org\\\/ca\\\/una-jornada-doracio-i-rendicio-de-comptes-contra-la-corrupcio\\\/\",\"url\":\"https:\\\/\\\/vedruna.org\\\/ca\\\/una-jornada-doracio-i-rendicio-de-comptes-contra-la-corrupcio\\\/\",\"name\":\"Una jornada d'oraci\u00f3 i rendici\u00f3 de comptes contra la corrupci\u00f3 - Carmelitas de la Caridad Vedruna\",\"isPartOf\":{\"@id\":\"https:\\\/\\\/vedruna.org\\\/ca\\\/#website\"},\"primaryImageOfPage\":{\"@id\":\"https:\\\/\\\/vedruna.org\\\/ca\\\/una-jornada-doracio-i-rendicio-de-comptes-contra-la-corrupcio\\\/#primaryimage\"},\"image\":{\"@id\":\"https:\\\/\\\/vedruna.org\\\/ca\\\/una-jornada-doracio-i-rendicio-de-comptes-contra-la-corrupcio\\\/#primaryimage\"},\"thumbnailUrl\":\"https:\\\/\\\/vedruna.org\\\/wp-content\\\/uploads\\\/2025\\\/10\\\/phil-3-1-e1760875525895.jpg\",\"datePublished\":\"2025-10-16T12:05:33+00:00\",\"dateModified\":\"2025-10-19T12:43:25+00:00\",\"description\":\"Les nostres germanes es van unir a la reuni\u00f3 pac\u00edfica anomenada \\\"Marxa del Trili\u00f3 de Pesos\\\" (Dia de Preg\u00e0ria i Responsabilitat) el passat 21 de setembre de 2025.\",\"breadcrumb\":{\"@id\":\"https:\\\/\\\/vedruna.org\\\/ca\\\/una-jornada-doracio-i-rendicio-de-comptes-contra-la-corrupcio\\\/#breadcrumb\"},\"inLanguage\":\"ca\",\"potentialAction\":[{\"@type\":\"ReadAction\",\"target\":[\"https:\\\/\\\/vedruna.org\\\/ca\\\/una-jornada-doracio-i-rendicio-de-comptes-contra-la-corrupcio\\\/\"]}]},{\"@type\":\"ImageObject\",\"inLanguage\":\"ca\",\"@id\":\"https:\\\/\\\/vedruna.org\\\/ca\\\/una-jornada-doracio-i-rendicio-de-comptes-contra-la-corrupcio\\\/#primaryimage\",\"url\":\"https:\\\/\\\/vedruna.org\\\/wp-content\\\/uploads\\\/2025\\\/10\\\/phil-3-1-e1760875525895.jpg\",\"contentUrl\":\"https:\\\/\\\/vedruna.org\\\/wp-content\\\/uploads\\\/2025\\\/10\\\/phil-3-1-e1760875525895.jpg\",\"width\":1597,\"height\":872},{\"@type\":\"BreadcrumbList\",\"@id\":\"https:\\\/\\\/vedruna.org\\\/ca\\\/una-jornada-doracio-i-rendicio-de-comptes-contra-la-corrupcio\\\/#breadcrumb\",\"itemListElement\":[{\"@type\":\"ListItem\",\"position\":1,\"name\":\"Portada\",\"item\":\"https:\\\/\\\/vedruna.org\\\/ca\\\/\"},{\"@type\":\"ListItem\",\"position\":2,\"name\":\"Una jornada d&#8217;oraci\u00f3 i rendici\u00f3 de comptes contra la corrupci\u00f3\"}]},{\"@type\":\"WebSite\",\"@id\":\"https:\\\/\\\/vedruna.org\\\/ca\\\/#website\",\"url\":\"https:\\\/\\\/vedruna.org\\\/ca\\\/\",\"name\":\"Carmelitas de la Caridad Vedruna\",\"description\":\"Carmelitas de la caridad\",\"publisher\":{\"@id\":\"https:\\\/\\\/vedruna.org\\\/ca\\\/#organization\"},\"potentialAction\":[{\"@type\":\"SearchAction\",\"target\":{\"@type\":\"EntryPoint\",\"urlTemplate\":\"https:\\\/\\\/vedruna.org\\\/ca\\\/?s={search_term_string}\"},\"query-input\":{\"@type\":\"PropertyValueSpecification\",\"valueRequired\":true,\"valueName\":\"search_term_string\"}}],\"inLanguage\":\"ca\"},{\"@type\":\"Organization\",\"@id\":\"https:\\\/\\\/vedruna.org\\\/ca\\\/#organization\",\"name\":\"Carmelitas de la caridad Vedruna\",\"url\":\"https:\\\/\\\/vedruna.org\\\/ca\\\/\",\"logo\":{\"@type\":\"ImageObject\",\"inLanguage\":\"ca\",\"@id\":\"https:\\\/\\\/vedruna.org\\\/ca\\\/#\\\/schema\\\/logo\\\/image\\\/\",\"url\":\"https:\\\/\\\/vedruna.org\\\/wp-content\\\/uploads\\\/2022\\\/04\\\/LOGO-VEDRUNA-HORIZONTAL.png\",\"contentUrl\":\"https:\\\/\\\/vedruna.org\\\/wp-content\\\/uploads\\\/2022\\\/04\\\/LOGO-VEDRUNA-HORIZONTAL.png\",\"width\":1200,\"height\":463,\"caption\":\"Carmelitas de la caridad Vedruna\"},\"image\":{\"@id\":\"https:\\\/\\\/vedruna.org\\\/ca\\\/#\\\/schema\\\/logo\\\/image\\\/\"}},{\"@type\":\"Person\",\"@id\":\"https:\\\/\\\/vedruna.org\\\/ca\\\/#\\\/schema\\\/person\\\/95fe789adf27c2831fc5a049c727edf5\",\"name\":\"Maria Agustina G\u00f3mez\",\"image\":{\"@type\":\"ImageObject\",\"inLanguage\":\"ca\",\"@id\":\"https:\\\/\\\/secure.gravatar.com\\\/avatar\\\/8af3ece86571c098b978434bbc43b948c403c1ae191f09a04e94f916638ceb2c?s=96&d=mm&r=g\",\"url\":\"https:\\\/\\\/secure.gravatar.com\\\/avatar\\\/8af3ece86571c098b978434bbc43b948c403c1ae191f09a04e94f916638ceb2c?s=96&d=mm&r=g\",\"contentUrl\":\"https:\\\/\\\/secure.gravatar.com\\\/avatar\\\/8af3ece86571c098b978434bbc43b948c403c1ae191f09a04e94f916638ceb2c?s=96&d=mm&r=g\",\"caption\":\"Maria Agustina G\u00f3mez\"},\"url\":\"https:\\\/\\\/vedruna.org\\\/ca\\\/author\\\/agustina-gomez\\\/\"}]}<\/script>\n<!-- \/ Yoast SEO plugin. -->","yoast_head_json":{"title":"Una jornada d'oraci\u00f3 i rendici\u00f3 de comptes contra la corrupci\u00f3 - Carmelitas de la Caridad Vedruna","description":"Les nostres germanes es van unir a la reuni\u00f3 pac\u00edfica anomenada \"Marxa del Trili\u00f3 de Pesos\" (Dia de Preg\u00e0ria i Responsabilitat) el passat 21 de setembre de 2025.","robots":{"index":"index","follow":"follow","max-snippet":"max-snippet:-1","max-image-preview":"max-image-preview:large","max-video-preview":"max-video-preview:-1"},"canonical":"https:\/\/vedruna.org\/ca\/una-jornada-doracio-i-rendicio-de-comptes-contra-la-corrupcio\/","og_locale":"ca_ES","og_type":"article","og_title":"Una jornada d'oraci\u00f3 i rendici\u00f3 de comptes contra la corrupci\u00f3 - Carmelitas de la Caridad Vedruna","og_description":"Les nostres germanes es van unir a la reuni\u00f3 pac\u00edfica anomenada \"Marxa del Trili\u00f3 de Pesos\" (Dia de Preg\u00e0ria i Responsabilitat) el passat 21 de setembre de 2025.","og_url":"https:\/\/vedruna.org\/ca\/una-jornada-doracio-i-rendicio-de-comptes-contra-la-corrupcio\/","og_site_name":"Carmelitas de la Caridad Vedruna","article_published_time":"2025-10-16T12:05:33+00:00","article_modified_time":"2025-10-19T12:43:25+00:00","og_image":[{"width":1597,"height":872,"url":"https:\/\/vedruna.org\/wp-content\/uploads\/2025\/10\/phil-3-1-e1760875525895.jpg","type":"image\/jpeg"}],"author":"Maria Agustina G\u00f3mez","twitter_card":"summary_large_image","twitter_misc":{"Escrit per":"Maria Agustina G\u00f3mez","Temps estimat de lectura":"2 minuts"},"schema":{"@context":"https:\/\/schema.org","@graph":[{"@type":"Article","@id":"https:\/\/vedruna.org\/ca\/una-jornada-doracio-i-rendicio-de-comptes-contra-la-corrupcio\/#article","isPartOf":{"@id":"https:\/\/vedruna.org\/ca\/una-jornada-doracio-i-rendicio-de-comptes-contra-la-corrupcio\/"},"author":{"name":"Maria Agustina G\u00f3mez","@id":"https:\/\/vedruna.org\/ca\/#\/schema\/person\/95fe789adf27c2831fc5a049c727edf5"},"headline":"Una jornada d&#8217;oraci\u00f3 i rendici\u00f3 de comptes contra la corrupci\u00f3","datePublished":"2025-10-16T12:05:33+00:00","dateModified":"2025-10-19T12:43:25+00:00","mainEntityOfPage":{"@id":"https:\/\/vedruna.org\/ca\/una-jornada-doracio-i-rendicio-de-comptes-contra-la-corrupcio\/"},"wordCount":413,"publisher":{"@id":"https:\/\/vedruna.org\/ca\/#organization"},"image":{"@id":"https:\/\/vedruna.org\/ca\/una-jornada-doracio-i-rendicio-de-comptes-contra-la-corrupcio\/#primaryimage"},"thumbnailUrl":"https:\/\/vedruna.org\/wp-content\/uploads\/2025\/10\/phil-3-1-e1760875525895.jpg","articleSection":["Delegaci\u00f3 de Filipines"],"inLanguage":"ca"},{"@type":"WebPage","@id":"https:\/\/vedruna.org\/ca\/una-jornada-doracio-i-rendicio-de-comptes-contra-la-corrupcio\/","url":"https:\/\/vedruna.org\/ca\/una-jornada-doracio-i-rendicio-de-comptes-contra-la-corrupcio\/","name":"Una jornada d'oraci\u00f3 i rendici\u00f3 de comptes contra la corrupci\u00f3 - Carmelitas de la Caridad Vedruna","isPartOf":{"@id":"https:\/\/vedruna.org\/ca\/#website"},"primaryImageOfPage":{"@id":"https:\/\/vedruna.org\/ca\/una-jornada-doracio-i-rendicio-de-comptes-contra-la-corrupcio\/#primaryimage"},"image":{"@id":"https:\/\/vedruna.org\/ca\/una-jornada-doracio-i-rendicio-de-comptes-contra-la-corrupcio\/#primaryimage"},"thumbnailUrl":"https:\/\/vedruna.org\/wp-content\/uploads\/2025\/10\/phil-3-1-e1760875525895.jpg","datePublished":"2025-10-16T12:05:33+00:00","dateModified":"2025-10-19T12:43:25+00:00","description":"Les nostres germanes es van unir a la reuni\u00f3 pac\u00edfica anomenada \"Marxa del Trili\u00f3 de Pesos\" (Dia de Preg\u00e0ria i Responsabilitat) el passat 21 de setembre de 2025.","breadcrumb":{"@id":"https:\/\/vedruna.org\/ca\/una-jornada-doracio-i-rendicio-de-comptes-contra-la-corrupcio\/#breadcrumb"},"inLanguage":"ca","potentialAction":[{"@type":"ReadAction","target":["https:\/\/vedruna.org\/ca\/una-jornada-doracio-i-rendicio-de-comptes-contra-la-corrupcio\/"]}]},{"@type":"ImageObject","inLanguage":"ca","@id":"https:\/\/vedruna.org\/ca\/una-jornada-doracio-i-rendicio-de-comptes-contra-la-corrupcio\/#primaryimage","url":"https:\/\/vedruna.org\/wp-content\/uploads\/2025\/10\/phil-3-1-e1760875525895.jpg","contentUrl":"https:\/\/vedruna.org\/wp-content\/uploads\/2025\/10\/phil-3-1-e1760875525895.jpg","width":1597,"height":872},{"@type":"BreadcrumbList","@id":"https:\/\/vedruna.org\/ca\/una-jornada-doracio-i-rendicio-de-comptes-contra-la-corrupcio\/#breadcrumb","itemListElement":[{"@type":"ListItem","position":1,"name":"Portada","item":"https:\/\/vedruna.org\/ca\/"},{"@type":"ListItem","position":2,"name":"Una jornada d&#8217;oraci\u00f3 i rendici\u00f3 de comptes contra la corrupci\u00f3"}]},{"@type":"WebSite","@id":"https:\/\/vedruna.org\/ca\/#website","url":"https:\/\/vedruna.org\/ca\/","name":"Carmelitas de la Caridad Vedruna","description":"Carmelitas de la caridad","publisher":{"@id":"https:\/\/vedruna.org\/ca\/#organization"},"potentialAction":[{"@type":"SearchAction","target":{"@type":"EntryPoint","urlTemplate":"https:\/\/vedruna.org\/ca\/?s={search_term_string}"},"query-input":{"@type":"PropertyValueSpecification","valueRequired":true,"valueName":"search_term_string"}}],"inLanguage":"ca"},{"@type":"Organization","@id":"https:\/\/vedruna.org\/ca\/#organization","name":"Carmelitas de la caridad Vedruna","url":"https:\/\/vedruna.org\/ca\/","logo":{"@type":"ImageObject","inLanguage":"ca","@id":"https:\/\/vedruna.org\/ca\/#\/schema\/logo\/image\/","url":"https:\/\/vedruna.org\/wp-content\/uploads\/2022\/04\/LOGO-VEDRUNA-HORIZONTAL.png","contentUrl":"https:\/\/vedruna.org\/wp-content\/uploads\/2022\/04\/LOGO-VEDRUNA-HORIZONTAL.png","width":1200,"height":463,"caption":"Carmelitas de la caridad Vedruna"},"image":{"@id":"https:\/\/vedruna.org\/ca\/#\/schema\/logo\/image\/"}},{"@type":"Person","@id":"https:\/\/vedruna.org\/ca\/#\/schema\/person\/95fe789adf27c2831fc5a049c727edf5","name":"Maria Agustina G\u00f3mez","image":{"@type":"ImageObject","inLanguage":"ca","@id":"https:\/\/secure.gravatar.com\/avatar\/8af3ece86571c098b978434bbc43b948c403c1ae191f09a04e94f916638ceb2c?s=96&d=mm&r=g","url":"https:\/\/secure.gravatar.com\/avatar\/8af3ece86571c098b978434bbc43b948c403c1ae191f09a04e94f916638ceb2c?s=96&d=mm&r=g","contentUrl":"https:\/\/secure.gravatar.com\/avatar\/8af3ece86571c098b978434bbc43b948c403c1ae191f09a04e94f916638ceb2c?s=96&d=mm&r=g","caption":"Maria Agustina G\u00f3mez"},"url":"https:\/\/vedruna.org\/ca\/author\/agustina-gomez\/"}]}},"_links":{"self":[{"href":"https:\/\/vedruna.org\/ca\/wp-json\/wp\/v2\/posts\/29474","targetHints":{"allow":["GET"]}}],"collection":[{"href":"https:\/\/vedruna.org\/ca\/wp-json\/wp\/v2\/posts"}],"about":[{"href":"https:\/\/vedruna.org\/ca\/wp-json\/wp\/v2\/types\/post"}],"author":[{"embeddable":true,"href":"https:\/\/vedruna.org\/ca\/wp-json\/wp\/v2\/users\/21"}],"replies":[{"embeddable":true,"href":"https:\/\/vedruna.org\/ca\/wp-json\/wp\/v2\/comments?post=29474"}],"version-history":[{"count":1,"href":"https:\/\/vedruna.org\/ca\/wp-json\/wp\/v2\/posts\/29474\/revisions"}],"predecessor-version":[{"id":29476,"href":"https:\/\/vedruna.org\/ca\/wp-json\/wp\/v2\/posts\/29474\/revisions\/29476"}],"wp:featuredmedia":[{"embeddable":true,"href":"https:\/\/vedruna.org\/ca\/wp-json\/wp\/v2\/media\/29473"}],"wp:attachment":[{"href":"https:\/\/vedruna.org\/ca\/wp-json\/wp\/v2\/media?parent=29474"}],"wp:term":[{"taxonomy":"category","embeddable":true,"href":"https:\/\/vedruna.org\/ca\/wp-json\/wp\/v2\/categories?post=29474"},{"taxonomy":"post_tag","embeddable":true,"href":"https:\/\/vedruna.org\/ca\/wp-json\/wp\/v2\/tags?post=29474"}],"curies":[{"name":"wp","href":"https:\/\/api.w.org\/{rel}","templated":true}]}}