{"id":30911,"date":"2025-11-21T08:39:00","date_gmt":"2025-11-21T07:39:00","guid":{"rendered":"https:\/\/vedruna.org\/defending-children-a-celebration-of-hope-at-tahanan-vedruna\/"},"modified":"2025-11-25T14:49:59","modified_gmt":"2025-11-25T13:49:59","slug":"defending-children-a-celebration-of-hope-at-tahanan-vedruna","status":"publish","type":"post","link":"https:\/\/vedruna.org\/ca\/defending-children-a-celebration-of-hope-at-tahanan-vedruna\/","title":{"rendered":"Defensar els nens: una celebraci\u00f3 de l&#8217;esperan\u00e7a a Tahanan Vedruna"},"content":{"rendered":"\n<p>El <a href=\"https:\/\/www.unicef.es\/causas\/derechos-ninos\/dia-internacional-nino\">Dia Mundial de la Inf\u00e0ncia<\/a> se celebra cada any el 20 de novembre per recordar que tots els infants tenen dret a viure en un entorn segur, lliure de viol\u00e8ncia, explotaci\u00f3 i aband\u00f3. Tamb\u00e9 \u00e9s un dia per conscienciar sobre els reptes a qu\u00e8 s&#8217;enfronten els nens de tot el m\u00f3n, com la pobresa, la fam i la manca d&#8217;acc\u00e9s a l&#8217;educaci\u00f3.   <\/p>\n\n<p><strong>Joaquina de Vedruna va estendre la m\u00e0 a les persones m\u00e9s vulnerables de la seva \u00e8poca, inclosos els nens i, en particular, les nenes<\/strong> . Tenir cura i protegir la inf\u00e0ncia \u00e9s una part essencial del nostre carisma, com ho demostra la iniciativa de la comunitat Vedruna a Tahanan que va tenir lloc a principis de novembre. <\/p>\n\n<hr class=\"wp-block-separator has-alpha-channel-opacity\"\/>\n\n<p>El 8 de novembre de 2025, tot el dia a Tahanan Vedruna va estar ple de color i alegria, ja que vam celebrar el Mes del Nen amb el tema \u00abOsaec\u2013csaem wakasan: \u00abla seguretat i els drets dels nens, defensa&#8217;ls\u00bb. La celebraci\u00f3 tenia com a objectiu recordar a tots la import\u00e0ncia de protegir els drets de tots els infants i proporcionar-los experi\u00e8ncies significatives i felices. <\/p>\n\n<p>Un dels moments m\u00e9s destacats de la celebraci\u00f3 va ser la \u00abMostra de talent i alegria\u00bb, en qu\u00e8 les nenes de Tahanan Vedruna van representar una obra de teatre i un ball interpretatiu, \u00abCura les nostres terres\u00bb. El p\u00fablic va esclatar en un fort aplaudiment en veure el talent i el valor que van demostrar a l&#8217;actuar davant de l&#8217;audi\u00e8ncia. La germana Judy va fer una breu xerrada sobre l&#8217;ab\u00fas i l&#8217;explotaci\u00f3 sexual infantil en l\u00ednia (OSAEC) i va reafirmar el comprom\u00eds de Tahanan Vedruna de seguir cuidant i guiant els nens sota la protecci\u00f3. Va expressar que tots els nens s\u00f3n importants, capa\u00e7os i mereixen amor i suport. Aquestes activitats ens van ajudar a desenvolupar la nostra creativitat, confian\u00e7a i treball en equip mentre gaud\u00edem d&#8217;un entorn segur i alegre.    <\/p>\n\n<p>Per afegir-hi m\u00e9s diversi\u00f3, les germanes i els voluntaris tamb\u00e9 van preparar aperitius especials i paquets de regal per als nens i els pares del nostre barri, a qui convidem. Els seus somriures mostraven com estaven de feli\u00e7os en rebre les sorpreses. <\/p>\n\n<p>La celebraci\u00f3 va acabar amb una expressi\u00f3 de gratitud cap a tots aquells que van ajudar i donar suport perqu\u00e8 l&#8217;esdeveniment fos un \u00e8xit i estigu\u00e9s ple d&#8217;alegria, aquells que recolzen incansablement la missi\u00f3 de Tahanan Vedruna de proporcionar un entorn segur i enriquidor per als nens.<\/p>\n\n<p>La celebraci\u00f3 d&#8217;aquest any va servir per recordar que tots els infants tenen dret a ser feli\u00e7os, estar segurs i ser valorats. A Tahanan Vedruna, se&#8217;ls continuar\u00e0 donant esperan\u00e7a i oportunitats per a un futur m\u00e9s brillant. <\/p>\n\n<p class=\"has-text-align-right\"><strong>Resid\u00e8ncia per a nenes Tahanan Vedruna<\/strong><\/p>\n<div class=\"pgc-sgb-cb wp-block-pgcsimplygalleryblock-justified \" data-gallery-id=\"71583109\"><div class=\"sgb-preloader\" id=\"pr_71583109\">\n\t<div class=\"sgb-square\" style=\"background:#d4d4d4\"><\/div>\n\t<div class=\"sgb-square\" style=\"background:#d4d4d4\"><\/div>\n\t<div class=\"sgb-square\" style=\"background:#d4d4d4\"><\/div>\n\t<div class=\"sgb-square\" style=\"background:#d4d4d4\"><\/div><\/div><div class=\"simply-gallery-amp pgc_sgb_slider \"><noscript><div class=\"sgb-gallery\"><div class=\"sgb-item\"><a href=\"https:\/\/vedruna.org\/?attachment_id=30895\" target=\"_blank\"><img decoding=\"async\" alt=\"\" width=\"300\" height=\"169\" loading=\"lazy\" src=\"https:\/\/vedruna.org\/wp-content\/uploads\/2025\/11\/578276140_2033792437384883_6592822264912685915_n-300x169.jpg\" srcset=\"https:\/\/vedruna.org\/wp-content\/uploads\/2025\/11\/578276140_2033792437384883_6592822264912685915_n-300x169.jpg 300w,https:\/\/vedruna.org\/wp-content\/uploads\/2025\/11\/578276140_2033792437384883_6592822264912685915_n-1024x576.jpg 1024w,https:\/\/vedruna.org\/wp-content\/uploads\/2025\/11\/578276140_2033792437384883_6592822264912685915_n.jpg 2048w\" sizes=\"250px\"\/><\/a><\/div><div class=\"sgb-item\"><a href=\"https:\/\/vedruna.org\/?attachment_id=30896\" target=\"_blank\"><img decoding=\"async\" alt=\"\" width=\"300\" height=\"169\" loading=\"lazy\" src=\"https:\/\/vedruna.org\/wp-content\/uploads\/2025\/11\/578274110_2033792240718236_1038528787251004134_n-300x169.jpg\" srcset=\"https:\/\/vedruna.org\/wp-content\/uploads\/2025\/11\/578274110_2033792240718236_1038528787251004134_n-300x169.jpg 300w,https:\/\/vedruna.org\/wp-content\/uploads\/2025\/11\/578274110_2033792240718236_1038528787251004134_n-1024x576.jpg 1024w,https:\/\/vedruna.org\/wp-content\/uploads\/2025\/11\/578274110_2033792240718236_1038528787251004134_n.jpg 2048w\" sizes=\"250px\"\/><\/a><\/div><div class=\"sgb-item\"><a href=\"https:\/\/vedruna.org\/?attachment_id=30897\" target=\"_blank\"><img decoding=\"async\" alt=\"\" width=\"300\" height=\"169\" loading=\"lazy\" src=\"https:\/\/vedruna.org\/wp-content\/uploads\/2025\/11\/578250740_2033792187384908_8031936507323774467_n-300x169.jpg\" srcset=\"https:\/\/vedruna.org\/wp-content\/uploads\/2025\/11\/578250740_2033792187384908_8031936507323774467_n-300x169.jpg 300w,https:\/\/vedruna.org\/wp-content\/uploads\/2025\/11\/578250740_2033792187384908_8031936507323774467_n-1024x576.jpg 1024w,https:\/\/vedruna.org\/wp-content\/uploads\/2025\/11\/578250740_2033792187384908_8031936507323774467_n.jpg 2048w\" sizes=\"250px\"\/><\/a><\/div><div class=\"sgb-item\"><a href=\"https:\/\/vedruna.org\/?attachment_id=30898\" target=\"_blank\"><img decoding=\"async\" alt=\"\" width=\"300\" height=\"169\" loading=\"lazy\" src=\"https:\/\/vedruna.org\/wp-content\/uploads\/2025\/11\/578406055_2033792077384919_8550642671909937604_n-300x169.jpg\" srcset=\"https:\/\/vedruna.org\/wp-content\/uploads\/2025\/11\/578406055_2033792077384919_8550642671909937604_n-300x169.jpg 300w,https:\/\/vedruna.org\/wp-content\/uploads\/2025\/11\/578406055_2033792077384919_8550642671909937604_n-1024x576.jpg 1024w,https:\/\/vedruna.org\/wp-content\/uploads\/2025\/11\/578406055_2033792077384919_8550642671909937604_n.jpg 2048w\" sizes=\"250px\"\/><\/a><\/div><div class=\"sgb-item\"><a href=\"https:\/\/vedruna.org\/?attachment_id=30899\" target=\"_blank\"><img decoding=\"async\" alt=\"\" width=\"300\" height=\"169\" loading=\"lazy\" src=\"https:\/\/vedruna.org\/wp-content\/uploads\/2025\/11\/579680101_2033791974051596_5066902450657852063_n-300x169.jpg\" srcset=\"https:\/\/vedruna.org\/wp-content\/uploads\/2025\/11\/579680101_2033791974051596_5066902450657852063_n-300x169.jpg 300w,https:\/\/vedruna.org\/wp-content\/uploads\/2025\/11\/579680101_2033791974051596_5066902450657852063_n-1024x576.jpg 1024w,https:\/\/vedruna.org\/wp-content\/uploads\/2025\/11\/579680101_2033791974051596_5066902450657852063_n.jpg 2048w\" sizes=\"250px\"\/><\/a><\/div><div class=\"sgb-item\"><a href=\"https:\/\/vedruna.org\/?attachment_id=30900\" target=\"_blank\"><img decoding=\"async\" alt=\"\" width=\"300\" height=\"169\" loading=\"lazy\" src=\"https:\/\/vedruna.org\/wp-content\/uploads\/2025\/11\/WhatsApp-Image-2025-11-23-at-14.43.32-300x169.jpeg\" srcset=\"https:\/\/vedruna.org\/wp-content\/uploads\/2025\/11\/WhatsApp-Image-2025-11-23-at-14.43.32-300x169.jpeg 300w,https:\/\/vedruna.org\/wp-content\/uploads\/2025\/11\/WhatsApp-Image-2025-11-23-at-14.43.32-1024x576.jpeg 1024w,https:\/\/vedruna.org\/wp-content\/uploads\/2025\/11\/WhatsApp-Image-2025-11-23-at-14.43.32.jpeg 1600w\" sizes=\"250px\"\/><\/a><\/div><div class=\"sgb-item\"><a href=\"https:\/\/vedruna.org\/?attachment_id=30901\" target=\"_blank\"><img decoding=\"async\" alt=\"\" width=\"300\" height=\"169\" loading=\"lazy\" src=\"https:\/\/vedruna.org\/wp-content\/uploads\/2025\/11\/WhatsApp-Image-2025-11-23-at-14.43.33-300x169.jpeg\" srcset=\"https:\/\/vedruna.org\/wp-content\/uploads\/2025\/11\/WhatsApp-Image-2025-11-23-at-14.43.33-300x169.jpeg 300w,https:\/\/vedruna.org\/wp-content\/uploads\/2025\/11\/WhatsApp-Image-2025-11-23-at-14.43.33-1024x576.jpeg 1024w,https:\/\/vedruna.org\/wp-content\/uploads\/2025\/11\/WhatsApp-Image-2025-11-23-at-14.43.33.jpeg 1600w\" sizes=\"250px\"\/><\/a><\/div><\/div><\/noscript><\/div><script type=\"application\/json\" class=\"sgb-data\">{\"lastRowFill\":true,\"collectionThumbMiniScreenScale\":true,\"externalLink\":false,\"captions\":false,\"collectionThumbSubMenuDownload\":false,\"collectionThumbSubMenuShare\":false,\"galleryType\":\"pgc_sgb_justified\",\"galleryId\":\"71583109\",\"images\":[{\"id\":30895,\"title\":\"578276140_2033792437384883_6592822264912685915_n\",\"url\":\"https:\/\/vedruna.org\/wp-content\/uploads\/2025\/11\/578276140_2033792437384883_6592822264912685915_n.jpg\",\"link\":\"https:\/\/vedruna.org\/?attachment_id=30895\",\"alt\":\"\",\"description\":\"\",\"caption\":\"\",\"mime\":\"image\/jpeg\",\"type\":\"image\",\"width\":2048,\"height\":1152,\"sizes\":{\"thumbnail\":{\"height\":150,\"width\":150,\"url\":\"https:\/\/vedruna.org\/wp-content\/uploads\/2025\/11\/578276140_2033792437384883_6592822264912685915_n-150x150.jpg\",\"orientation\":\"landscape\"},\"medium\":{\"height\":169,\"width\":300,\"url\":\"https:\/\/vedruna.org\/wp-content\/uploads\/2025\/11\/578276140_2033792437384883_6592822264912685915_n-300x169.jpg\",\"orientation\":\"landscape\"},\"large\":{\"height\":576,\"width\":1024,\"url\":\"https:\/\/vedruna.org\/wp-content\/uploads\/2025\/11\/578276140_2033792437384883_6592822264912685915_n-1024x576.jpg\",\"orientation\":\"landscape\"},\"full\":{\"url\":\"https:\/\/vedruna.org\/wp-content\/uploads\/2025\/11\/578276140_2033792437384883_6592822264912685915_n.jpg\",\"height\":1152,\"width\":2048,\"orientation\":\"landscape\"}},\"imageMeta\":{\"aperture\":\"0\",\"credit\":\"\",\"camera\":\"\",\"caption\":\"\",\"created_timestamp\":\"0\",\"copyright\":\"\",\"focal_length\":\"0\",\"iso\":\"0\",\"shutter_speed\":\"0\",\"title\":\"\",\"orientation\":\"0\",\"keywords\":[]},\"meta\":false,\"postlink\":\"https:\/\/vedruna.org\/?attachment_id=30895\"},{\"id\":30896,\"title\":\"578274110_2033792240718236_1038528787251004134_n\",\"url\":\"https:\/\/vedruna.org\/wp-content\/uploads\/2025\/11\/578274110_2033792240718236_1038528787251004134_n.jpg\",\"link\":\"https:\/\/vedruna.org\/?attachment_id=30896\",\"alt\":\"\",\"description\":\"\",\"caption\":\"\",\"mime\":\"image\/jpeg\",\"type\":\"image\",\"width\":2048,\"height\":1152,\"sizes\":{\"thumbnail\":{\"height\":150,\"width\":150,\"url\":\"https:\/\/vedruna.org\/wp-content\/uploads\/2025\/11\/578274110_2033792240718236_1038528787251004134_n-150x150.jpg\",\"orientation\":\"landscape\"},\"medium\":{\"height\":169,\"width\":300,\"url\":\"https:\/\/vedruna.org\/wp-content\/uploads\/2025\/11\/578274110_2033792240718236_1038528787251004134_n-300x169.jpg\",\"orientation\":\"landscape\"},\"large\":{\"height\":576,\"width\":1024,\"url\":\"https:\/\/vedruna.org\/wp-content\/uploads\/2025\/11\/578274110_2033792240718236_1038528787251004134_n-1024x576.jpg\",\"orientation\":\"landscape\"},\"full\":{\"url\":\"https:\/\/vedruna.org\/wp-content\/uploads\/2025\/11\/578274110_2033792240718236_1038528787251004134_n.jpg\",\"height\":1152,\"width\":2048,\"orientation\":\"landscape\"}},\"imageMeta\":{\"aperture\":\"0\",\"credit\":\"\",\"camera\":\"\",\"caption\":\"\",\"created_timestamp\":\"0\",\"copyright\":\"\",\"focal_length\":\"0\",\"iso\":\"0\",\"shutter_speed\":\"0\",\"title\":\"\",\"orientation\":\"0\",\"keywords\":[]},\"meta\":false,\"postlink\":\"https:\/\/vedruna.org\/?attachment_id=30896\"},{\"id\":30897,\"title\":\"578250740_2033792187384908_8031936507323774467_n\",\"url\":\"https:\/\/vedruna.org\/wp-content\/uploads\/2025\/11\/578250740_2033792187384908_8031936507323774467_n.jpg\",\"link\":\"https:\/\/vedruna.org\/?attachment_id=30897\",\"alt\":\"\",\"description\":\"\",\"caption\":\"\",\"mime\":\"image\/jpeg\",\"type\":\"image\",\"width\":2048,\"height\":1152,\"sizes\":{\"thumbnail\":{\"height\":150,\"width\":150,\"url\":\"https:\/\/vedruna.org\/wp-content\/uploads\/2025\/11\/578250740_2033792187384908_8031936507323774467_n-150x150.jpg\",\"orientation\":\"landscape\"},\"medium\":{\"height\":169,\"width\":300,\"url\":\"https:\/\/vedruna.org\/wp-content\/uploads\/2025\/11\/578250740_2033792187384908_8031936507323774467_n-300x169.jpg\",\"orientation\":\"landscape\"},\"large\":{\"height\":576,\"width\":1024,\"url\":\"https:\/\/vedruna.org\/wp-content\/uploads\/2025\/11\/578250740_2033792187384908_8031936507323774467_n-1024x576.jpg\",\"orientation\":\"landscape\"},\"full\":{\"url\":\"https:\/\/vedruna.org\/wp-content\/uploads\/2025\/11\/578250740_2033792187384908_8031936507323774467_n.jpg\",\"height\":1152,\"width\":2048,\"orientation\":\"landscape\"}},\"imageMeta\":{\"aperture\":\"0\",\"credit\":\"\",\"camera\":\"\",\"caption\":\"\",\"created_timestamp\":\"0\",\"copyright\":\"\",\"focal_length\":\"0\",\"iso\":\"0\",\"shutter_speed\":\"0\",\"title\":\"\",\"orientation\":\"0\",\"keywords\":[]},\"meta\":false,\"postlink\":\"https:\/\/vedruna.org\/?attachment_id=30897\"},{\"id\":30898,\"title\":\"578406055_2033792077384919_8550642671909937604_n\",\"url\":\"https:\/\/vedruna.org\/wp-content\/uploads\/2025\/11\/578406055_2033792077384919_8550642671909937604_n.jpg\",\"link\":\"https:\/\/vedruna.org\/?attachment_id=30898\",\"alt\":\"\",\"description\":\"\",\"caption\":\"\",\"mime\":\"image\/jpeg\",\"type\":\"image\",\"width\":2048,\"height\":1152,\"sizes\":{\"thumbnail\":{\"height\":150,\"width\":150,\"url\":\"https:\/\/vedruna.org\/wp-content\/uploads\/2025\/11\/578406055_2033792077384919_8550642671909937604_n-150x150.jpg\",\"orientation\":\"landscape\"},\"medium\":{\"height\":169,\"width\":300,\"url\":\"https:\/\/vedruna.org\/wp-content\/uploads\/2025\/11\/578406055_2033792077384919_8550642671909937604_n-300x169.jpg\",\"orientation\":\"landscape\"},\"large\":{\"height\":576,\"width\":1024,\"url\":\"https:\/\/vedruna.org\/wp-content\/uploads\/2025\/11\/578406055_2033792077384919_8550642671909937604_n-1024x576.jpg\",\"orientation\":\"landscape\"},\"full\":{\"url\":\"https:\/\/vedruna.org\/wp-content\/uploads\/2025\/11\/578406055_2033792077384919_8550642671909937604_n.jpg\",\"height\":1152,\"width\":2048,\"orientation\":\"landscape\"}},\"imageMeta\":{\"aperture\":\"0\",\"credit\":\"\",\"camera\":\"\",\"caption\":\"\",\"created_timestamp\":\"0\",\"copyright\":\"\",\"focal_length\":\"0\",\"iso\":\"0\",\"shutter_speed\":\"0\",\"title\":\"\",\"orientation\":\"0\",\"keywords\":[]},\"meta\":false,\"postlink\":\"https:\/\/vedruna.org\/?attachment_id=30898\"},{\"id\":30899,\"title\":\"579680101_2033791974051596_5066902450657852063_n\",\"url\":\"https:\/\/vedruna.org\/wp-content\/uploads\/2025\/11\/579680101_2033791974051596_5066902450657852063_n.jpg\",\"link\":\"https:\/\/vedruna.org\/?attachment_id=30899\",\"alt\":\"\",\"description\":\"\",\"caption\":\"\",\"mime\":\"image\/jpeg\",\"type\":\"image\",\"width\":2048,\"height\":1152,\"sizes\":{\"thumbnail\":{\"height\":150,\"width\":150,\"url\":\"https:\/\/vedruna.org\/wp-content\/uploads\/2025\/11\/579680101_2033791974051596_5066902450657852063_n-150x150.jpg\",\"orientation\":\"landscape\"},\"medium\":{\"height\":169,\"width\":300,\"url\":\"https:\/\/vedruna.org\/wp-content\/uploads\/2025\/11\/579680101_2033791974051596_5066902450657852063_n-300x169.jpg\",\"orientation\":\"landscape\"},\"large\":{\"height\":576,\"width\":1024,\"url\":\"https:\/\/vedruna.org\/wp-content\/uploads\/2025\/11\/579680101_2033791974051596_5066902450657852063_n-1024x576.jpg\",\"orientation\":\"landscape\"},\"full\":{\"url\":\"https:\/\/vedruna.org\/wp-content\/uploads\/2025\/11\/579680101_2033791974051596_5066902450657852063_n.jpg\",\"height\":1152,\"width\":2048,\"orientation\":\"landscape\"}},\"imageMeta\":{\"aperture\":\"0\",\"credit\":\"\",\"camera\":\"\",\"caption\":\"\",\"created_timestamp\":\"0\",\"copyright\":\"\",\"focal_length\":\"0\",\"iso\":\"0\",\"shutter_speed\":\"0\",\"title\":\"\",\"orientation\":\"0\",\"keywords\":[]},\"meta\":false,\"postlink\":\"https:\/\/vedruna.org\/?attachment_id=30899\"},{\"id\":30900,\"title\":\"WhatsApp Image 2025-11-23 at 14.43.32\",\"url\":\"https:\/\/vedruna.org\/wp-content\/uploads\/2025\/11\/WhatsApp-Image-2025-11-23-at-14.43.32.jpeg\",\"link\":\"https:\/\/vedruna.org\/?attachment_id=30900\",\"alt\":\"\",\"description\":\"\",\"caption\":\"\",\"mime\":\"image\/jpeg\",\"type\":\"image\",\"width\":1600,\"height\":900,\"sizes\":{\"thumbnail\":{\"height\":150,\"width\":150,\"url\":\"https:\/\/vedruna.org\/wp-content\/uploads\/2025\/11\/WhatsApp-Image-2025-11-23-at-14.43.32-150x150.jpeg\",\"orientation\":\"landscape\"},\"medium\":{\"height\":169,\"width\":300,\"url\":\"https:\/\/vedruna.org\/wp-content\/uploads\/2025\/11\/WhatsApp-Image-2025-11-23-at-14.43.32-300x169.jpeg\",\"orientation\":\"landscape\"},\"large\":{\"height\":576,\"width\":1024,\"url\":\"https:\/\/vedruna.org\/wp-content\/uploads\/2025\/11\/WhatsApp-Image-2025-11-23-at-14.43.32-1024x576.jpeg\",\"orientation\":\"landscape\"},\"full\":{\"url\":\"https:\/\/vedruna.org\/wp-content\/uploads\/2025\/11\/WhatsApp-Image-2025-11-23-at-14.43.32.jpeg\",\"height\":900,\"width\":1600,\"orientation\":\"landscape\"}},\"imageMeta\":{\"aperture\":\"0\",\"credit\":\"\",\"camera\":\"\",\"caption\":\"\",\"created_timestamp\":\"0\",\"copyright\":\"\",\"focal_length\":\"0\",\"iso\":\"0\",\"shutter_speed\":\"0\",\"title\":\"\",\"orientation\":\"0\",\"keywords\":[]},\"meta\":false,\"postlink\":\"https:\/\/vedruna.org\/?attachment_id=30900\"},{\"id\":30901,\"title\":\"WhatsApp Image 2025-11-23 at 14.43.33\",\"url\":\"https:\/\/vedruna.org\/wp-content\/uploads\/2025\/11\/WhatsApp-Image-2025-11-23-at-14.43.33.jpeg\",\"link\":\"https:\/\/vedruna.org\/?attachment_id=30901\",\"alt\":\"\",\"description\":\"\",\"caption\":\"\",\"mime\":\"image\/jpeg\",\"type\":\"image\",\"width\":1600,\"height\":900,\"sizes\":{\"thumbnail\":{\"height\":150,\"width\":150,\"url\":\"https:\/\/vedruna.org\/wp-content\/uploads\/2025\/11\/WhatsApp-Image-2025-11-23-at-14.43.33-150x150.jpeg\",\"orientation\":\"landscape\"},\"medium\":{\"height\":169,\"width\":300,\"url\":\"https:\/\/vedruna.org\/wp-content\/uploads\/2025\/11\/WhatsApp-Image-2025-11-23-at-14.43.33-300x169.jpeg\",\"orientation\":\"landscape\"},\"large\":{\"height\":576,\"width\":1024,\"url\":\"https:\/\/vedruna.org\/wp-content\/uploads\/2025\/11\/WhatsApp-Image-2025-11-23-at-14.43.33-1024x576.jpeg\",\"orientation\":\"landscape\"},\"full\":{\"url\":\"https:\/\/vedruna.org\/wp-content\/uploads\/2025\/11\/WhatsApp-Image-2025-11-23-at-14.43.33.jpeg\",\"height\":900,\"width\":1600,\"orientation\":\"landscape\"}},\"imageMeta\":{\"aperture\":\"0\",\"credit\":\"\",\"camera\":\"\",\"caption\":\"\",\"created_timestamp\":\"0\",\"copyright\":\"\",\"focal_length\":\"0\",\"iso\":\"0\",\"shutter_speed\":\"0\",\"title\":\"\",\"orientation\":\"0\",\"keywords\":[]},\"meta\":false,\"postlink\":\"https:\/\/vedruna.org\/?attachment_id=30901\"}],\"translatedWithWPMLTM\":\"1\",\"itemsMetaDataCollection\":[]}<\/script><script>(function(){if(window.PGC_SGB && window.PGC_SGB.searcher){window.PGC_SGB.searcher.initBlocks()}})()<\/script><\/div>","protected":false},"excerpt":{"rendered":"<p>El Dia Mundial de la Inf\u00e0ncia se celebra cada any el 20 de novembre per recordar que tots els infants tenen dret a viure en un entorn segur, lliure de viol\u00e8ncia, explotaci\u00f3 i aband\u00f3. Tamb\u00e9 \u00e9s un dia per conscienciar sobre els reptes a qu\u00e8 s&#8217;enfronten els nens de tot el m\u00f3n, com la pobresa, [&hellip;]<\/p>\n","protected":false},"author":21,"featured_media":30912,"comment_status":"closed","ping_status":"closed","sticky":false,"template":"","format":"standard","meta":{"_et_pb_use_builder":"","_et_pb_old_content":"","_et_gb_content_width":"","pgc_sgb_lightbox_settings":"","footnotes":""},"categories":[257,297],"tags":[],"class_list":["post-30911","post","type-post","status-publish","format-standard","has-post-thumbnail","hentry","category-comunicacio-vedruna","category-delegacio-de-filipines"],"yoast_head":"<!-- This site is optimized with the Yoast SEO plugin v27.5 - https:\/\/yoast.com\/product\/yoast-seo-wordpress\/ -->\n<title>Defensar els nens: una celebraci\u00f3 de l&#039;esperan\u00e7a a Tahanan Vedruna - Carmelitas de la Caridad Vedruna<\/title>\n<meta name=\"description\" content=\"The Vedruna community in Tahanan dedicats a dia a l&#039;International Children&#039;s Day, focused around their safety and the rights.\" \/>\n<meta name=\"robots\" content=\"index, follow, max-snippet:-1, max-image-preview:large, max-video-preview:-1\" \/>\n<link rel=\"canonical\" href=\"https:\/\/vedruna.org\/ca\/defending-children-a-celebration-of-hope-at-tahanan-vedruna\/\" \/>\n<meta property=\"og:locale\" content=\"ca_ES\" \/>\n<meta property=\"og:type\" content=\"article\" \/>\n<meta property=\"og:title\" content=\"Defensar els nens: una celebraci\u00f3 de l&#039;esperan\u00e7a a Tahanan Vedruna - Carmelitas de la Caridad Vedruna\" \/>\n<meta property=\"og:description\" content=\"The Vedruna community in Tahanan dedicats a dia a l&#039;International Children&#039;s Day, focused around their safety and the rights.\" \/>\n<meta property=\"og:url\" content=\"https:\/\/vedruna.org\/ca\/defending-children-a-celebration-of-hope-at-tahanan-vedruna\/\" \/>\n<meta property=\"og:site_name\" content=\"Carmelitas de la Caridad Vedruna\" \/>\n<meta property=\"article:published_time\" content=\"2025-11-21T07:39:00+00:00\" \/>\n<meta property=\"article:modified_time\" content=\"2025-11-25T13:49:59+00:00\" \/>\n<meta property=\"og:image\" content=\"https:\/\/vedruna.org\/wp-content\/uploads\/2025\/11\/578406055_2033792077384919_8550642671909937604_n.jpg\" \/>\n\t<meta property=\"og:image:width\" content=\"2048\" \/>\n\t<meta property=\"og:image:height\" content=\"1152\" \/>\n\t<meta property=\"og:image:type\" content=\"image\/jpeg\" \/>\n<meta name=\"author\" content=\"Maria Agustina G\u00f3mez\" \/>\n<meta name=\"twitter:card\" content=\"summary_large_image\" \/>\n<meta name=\"twitter:label1\" content=\"Escrit per\" \/>\n\t<meta name=\"twitter:data1\" content=\"Maria Agustina G\u00f3mez\" \/>\n\t<meta name=\"twitter:label2\" content=\"Temps estimat de lectura\" \/>\n\t<meta name=\"twitter:data2\" content=\"2 minuts\" \/>\n<script type=\"application\/ld+json\" class=\"yoast-schema-graph\">{\"@context\":\"https:\\\/\\\/schema.org\",\"@graph\":[{\"@type\":\"Article\",\"@id\":\"https:\\\/\\\/vedruna.org\\\/ca\\\/defending-children-a-celebration-of-hope-at-tahanan-vedruna\\\/#article\",\"isPartOf\":{\"@id\":\"https:\\\/\\\/vedruna.org\\\/ca\\\/defending-children-a-celebration-of-hope-at-tahanan-vedruna\\\/\"},\"author\":{\"name\":\"Maria Agustina G\u00f3mez\",\"@id\":\"https:\\\/\\\/vedruna.org\\\/ca\\\/#\\\/schema\\\/person\\\/95fe789adf27c2831fc5a049c727edf5\"},\"headline\":\"Defensar els nens: una celebraci\u00f3 de l&#8217;esperan\u00e7a a Tahanan Vedruna\",\"datePublished\":\"2025-11-21T07:39:00+00:00\",\"dateModified\":\"2025-11-25T13:49:59+00:00\",\"mainEntityOfPage\":{\"@id\":\"https:\\\/\\\/vedruna.org\\\/ca\\\/defending-children-a-celebration-of-hope-at-tahanan-vedruna\\\/\"},\"wordCount\":495,\"publisher\":{\"@id\":\"https:\\\/\\\/vedruna.org\\\/ca\\\/#organization\"},\"image\":{\"@id\":\"https:\\\/\\\/vedruna.org\\\/ca\\\/defending-children-a-celebration-of-hope-at-tahanan-vedruna\\\/#primaryimage\"},\"thumbnailUrl\":\"https:\\\/\\\/vedruna.org\\\/wp-content\\\/uploads\\\/2025\\\/11\\\/578406055_2033792077384919_8550642671909937604_n.jpg\",\"articleSection\":[\"Comunicaci\u00f3 Vedruna\",\"Delegaci\u00f3 de Filipines\"],\"inLanguage\":\"ca\"},{\"@type\":\"WebPage\",\"@id\":\"https:\\\/\\\/vedruna.org\\\/ca\\\/defending-children-a-celebration-of-hope-at-tahanan-vedruna\\\/\",\"url\":\"https:\\\/\\\/vedruna.org\\\/ca\\\/defending-children-a-celebration-of-hope-at-tahanan-vedruna\\\/\",\"name\":\"Defensar els nens: una celebraci\u00f3 de l'esperan\u00e7a a Tahanan Vedruna - Carmelitas de la Caridad Vedruna\",\"isPartOf\":{\"@id\":\"https:\\\/\\\/vedruna.org\\\/ca\\\/#website\"},\"primaryImageOfPage\":{\"@id\":\"https:\\\/\\\/vedruna.org\\\/ca\\\/defending-children-a-celebration-of-hope-at-tahanan-vedruna\\\/#primaryimage\"},\"image\":{\"@id\":\"https:\\\/\\\/vedruna.org\\\/ca\\\/defending-children-a-celebration-of-hope-at-tahanan-vedruna\\\/#primaryimage\"},\"thumbnailUrl\":\"https:\\\/\\\/vedruna.org\\\/wp-content\\\/uploads\\\/2025\\\/11\\\/578406055_2033792077384919_8550642671909937604_n.jpg\",\"datePublished\":\"2025-11-21T07:39:00+00:00\",\"dateModified\":\"2025-11-25T13:49:59+00:00\",\"description\":\"The Vedruna community in Tahanan dedicats a dia a l'International Children's Day, focused around their safety and the rights.\",\"breadcrumb\":{\"@id\":\"https:\\\/\\\/vedruna.org\\\/ca\\\/defending-children-a-celebration-of-hope-at-tahanan-vedruna\\\/#breadcrumb\"},\"inLanguage\":\"ca\",\"potentialAction\":[{\"@type\":\"ReadAction\",\"target\":[\"https:\\\/\\\/vedruna.org\\\/ca\\\/defending-children-a-celebration-of-hope-at-tahanan-vedruna\\\/\"]}]},{\"@type\":\"ImageObject\",\"inLanguage\":\"ca\",\"@id\":\"https:\\\/\\\/vedruna.org\\\/ca\\\/defending-children-a-celebration-of-hope-at-tahanan-vedruna\\\/#primaryimage\",\"url\":\"https:\\\/\\\/vedruna.org\\\/wp-content\\\/uploads\\\/2025\\\/11\\\/578406055_2033792077384919_8550642671909937604_n.jpg\",\"contentUrl\":\"https:\\\/\\\/vedruna.org\\\/wp-content\\\/uploads\\\/2025\\\/11\\\/578406055_2033792077384919_8550642671909937604_n.jpg\",\"width\":2048,\"height\":1152},{\"@type\":\"BreadcrumbList\",\"@id\":\"https:\\\/\\\/vedruna.org\\\/ca\\\/defending-children-a-celebration-of-hope-at-tahanan-vedruna\\\/#breadcrumb\",\"itemListElement\":[{\"@type\":\"ListItem\",\"position\":1,\"name\":\"Portada\",\"item\":\"https:\\\/\\\/vedruna.org\\\/ca\\\/\"},{\"@type\":\"ListItem\",\"position\":2,\"name\":\"Defensar els nens: una celebraci\u00f3 de l&rsquo;esperan\u00e7a a Tahanan Vedruna\"}]},{\"@type\":\"WebSite\",\"@id\":\"https:\\\/\\\/vedruna.org\\\/ca\\\/#website\",\"url\":\"https:\\\/\\\/vedruna.org\\\/ca\\\/\",\"name\":\"Carmelitas de la Caridad Vedruna\",\"description\":\"Carmelitas de la caridad\",\"publisher\":{\"@id\":\"https:\\\/\\\/vedruna.org\\\/ca\\\/#organization\"},\"potentialAction\":[{\"@type\":\"SearchAction\",\"target\":{\"@type\":\"EntryPoint\",\"urlTemplate\":\"https:\\\/\\\/vedruna.org\\\/ca\\\/?s={search_term_string}\"},\"query-input\":{\"@type\":\"PropertyValueSpecification\",\"valueRequired\":true,\"valueName\":\"search_term_string\"}}],\"inLanguage\":\"ca\"},{\"@type\":\"Organization\",\"@id\":\"https:\\\/\\\/vedruna.org\\\/ca\\\/#organization\",\"name\":\"Carmelitas de la caridad Vedruna\",\"url\":\"https:\\\/\\\/vedruna.org\\\/ca\\\/\",\"logo\":{\"@type\":\"ImageObject\",\"inLanguage\":\"ca\",\"@id\":\"https:\\\/\\\/vedruna.org\\\/ca\\\/#\\\/schema\\\/logo\\\/image\\\/\",\"url\":\"https:\\\/\\\/vedruna.org\\\/wp-content\\\/uploads\\\/2022\\\/04\\\/LOGO-VEDRUNA-HORIZONTAL.png\",\"contentUrl\":\"https:\\\/\\\/vedruna.org\\\/wp-content\\\/uploads\\\/2022\\\/04\\\/LOGO-VEDRUNA-HORIZONTAL.png\",\"width\":1200,\"height\":463,\"caption\":\"Carmelitas de la caridad Vedruna\"},\"image\":{\"@id\":\"https:\\\/\\\/vedruna.org\\\/ca\\\/#\\\/schema\\\/logo\\\/image\\\/\"}},{\"@type\":\"Person\",\"@id\":\"https:\\\/\\\/vedruna.org\\\/ca\\\/#\\\/schema\\\/person\\\/95fe789adf27c2831fc5a049c727edf5\",\"name\":\"Maria Agustina G\u00f3mez\",\"image\":{\"@type\":\"ImageObject\",\"inLanguage\":\"ca\",\"@id\":\"https:\\\/\\\/secure.gravatar.com\\\/avatar\\\/8af3ece86571c098b978434bbc43b948c403c1ae191f09a04e94f916638ceb2c?s=96&d=mm&r=g\",\"url\":\"https:\\\/\\\/secure.gravatar.com\\\/avatar\\\/8af3ece86571c098b978434bbc43b948c403c1ae191f09a04e94f916638ceb2c?s=96&d=mm&r=g\",\"contentUrl\":\"https:\\\/\\\/secure.gravatar.com\\\/avatar\\\/8af3ece86571c098b978434bbc43b948c403c1ae191f09a04e94f916638ceb2c?s=96&d=mm&r=g\",\"caption\":\"Maria Agustina G\u00f3mez\"},\"url\":\"https:\\\/\\\/vedruna.org\\\/ca\\\/author\\\/agustina-gomez\\\/\"}]}<\/script>\n<!-- \/ Yoast SEO plugin. -->","yoast_head_json":{"title":"Defensar els nens: una celebraci\u00f3 de l'esperan\u00e7a a Tahanan Vedruna - Carmelitas de la Caridad Vedruna","description":"The Vedruna community in Tahanan dedicats a dia a l'International Children's Day, focused around their safety and the rights.","robots":{"index":"index","follow":"follow","max-snippet":"max-snippet:-1","max-image-preview":"max-image-preview:large","max-video-preview":"max-video-preview:-1"},"canonical":"https:\/\/vedruna.org\/ca\/defending-children-a-celebration-of-hope-at-tahanan-vedruna\/","og_locale":"ca_ES","og_type":"article","og_title":"Defensar els nens: una celebraci\u00f3 de l'esperan\u00e7a a Tahanan Vedruna - Carmelitas de la Caridad Vedruna","og_description":"The Vedruna community in Tahanan dedicats a dia a l'International Children's Day, focused around their safety and the rights.","og_url":"https:\/\/vedruna.org\/ca\/defending-children-a-celebration-of-hope-at-tahanan-vedruna\/","og_site_name":"Carmelitas de la Caridad Vedruna","article_published_time":"2025-11-21T07:39:00+00:00","article_modified_time":"2025-11-25T13:49:59+00:00","og_image":[{"width":2048,"height":1152,"url":"https:\/\/vedruna.org\/wp-content\/uploads\/2025\/11\/578406055_2033792077384919_8550642671909937604_n.jpg","type":"image\/jpeg"}],"author":"Maria Agustina G\u00f3mez","twitter_card":"summary_large_image","twitter_misc":{"Escrit per":"Maria Agustina G\u00f3mez","Temps estimat de lectura":"2 minuts"},"schema":{"@context":"https:\/\/schema.org","@graph":[{"@type":"Article","@id":"https:\/\/vedruna.org\/ca\/defending-children-a-celebration-of-hope-at-tahanan-vedruna\/#article","isPartOf":{"@id":"https:\/\/vedruna.org\/ca\/defending-children-a-celebration-of-hope-at-tahanan-vedruna\/"},"author":{"name":"Maria Agustina G\u00f3mez","@id":"https:\/\/vedruna.org\/ca\/#\/schema\/person\/95fe789adf27c2831fc5a049c727edf5"},"headline":"Defensar els nens: una celebraci\u00f3 de l&#8217;esperan\u00e7a a Tahanan Vedruna","datePublished":"2025-11-21T07:39:00+00:00","dateModified":"2025-11-25T13:49:59+00:00","mainEntityOfPage":{"@id":"https:\/\/vedruna.org\/ca\/defending-children-a-celebration-of-hope-at-tahanan-vedruna\/"},"wordCount":495,"publisher":{"@id":"https:\/\/vedruna.org\/ca\/#organization"},"image":{"@id":"https:\/\/vedruna.org\/ca\/defending-children-a-celebration-of-hope-at-tahanan-vedruna\/#primaryimage"},"thumbnailUrl":"https:\/\/vedruna.org\/wp-content\/uploads\/2025\/11\/578406055_2033792077384919_8550642671909937604_n.jpg","articleSection":["Comunicaci\u00f3 Vedruna","Delegaci\u00f3 de Filipines"],"inLanguage":"ca"},{"@type":"WebPage","@id":"https:\/\/vedruna.org\/ca\/defending-children-a-celebration-of-hope-at-tahanan-vedruna\/","url":"https:\/\/vedruna.org\/ca\/defending-children-a-celebration-of-hope-at-tahanan-vedruna\/","name":"Defensar els nens: una celebraci\u00f3 de l'esperan\u00e7a a Tahanan Vedruna - Carmelitas de la Caridad Vedruna","isPartOf":{"@id":"https:\/\/vedruna.org\/ca\/#website"},"primaryImageOfPage":{"@id":"https:\/\/vedruna.org\/ca\/defending-children-a-celebration-of-hope-at-tahanan-vedruna\/#primaryimage"},"image":{"@id":"https:\/\/vedruna.org\/ca\/defending-children-a-celebration-of-hope-at-tahanan-vedruna\/#primaryimage"},"thumbnailUrl":"https:\/\/vedruna.org\/wp-content\/uploads\/2025\/11\/578406055_2033792077384919_8550642671909937604_n.jpg","datePublished":"2025-11-21T07:39:00+00:00","dateModified":"2025-11-25T13:49:59+00:00","description":"The Vedruna community in Tahanan dedicats a dia a l'International Children's Day, focused around their safety and the rights.","breadcrumb":{"@id":"https:\/\/vedruna.org\/ca\/defending-children-a-celebration-of-hope-at-tahanan-vedruna\/#breadcrumb"},"inLanguage":"ca","potentialAction":[{"@type":"ReadAction","target":["https:\/\/vedruna.org\/ca\/defending-children-a-celebration-of-hope-at-tahanan-vedruna\/"]}]},{"@type":"ImageObject","inLanguage":"ca","@id":"https:\/\/vedruna.org\/ca\/defending-children-a-celebration-of-hope-at-tahanan-vedruna\/#primaryimage","url":"https:\/\/vedruna.org\/wp-content\/uploads\/2025\/11\/578406055_2033792077384919_8550642671909937604_n.jpg","contentUrl":"https:\/\/vedruna.org\/wp-content\/uploads\/2025\/11\/578406055_2033792077384919_8550642671909937604_n.jpg","width":2048,"height":1152},{"@type":"BreadcrumbList","@id":"https:\/\/vedruna.org\/ca\/defending-children-a-celebration-of-hope-at-tahanan-vedruna\/#breadcrumb","itemListElement":[{"@type":"ListItem","position":1,"name":"Portada","item":"https:\/\/vedruna.org\/ca\/"},{"@type":"ListItem","position":2,"name":"Defensar els nens: una celebraci\u00f3 de l&rsquo;esperan\u00e7a a Tahanan Vedruna"}]},{"@type":"WebSite","@id":"https:\/\/vedruna.org\/ca\/#website","url":"https:\/\/vedruna.org\/ca\/","name":"Carmelitas de la Caridad Vedruna","description":"Carmelitas de la caridad","publisher":{"@id":"https:\/\/vedruna.org\/ca\/#organization"},"potentialAction":[{"@type":"SearchAction","target":{"@type":"EntryPoint","urlTemplate":"https:\/\/vedruna.org\/ca\/?s={search_term_string}"},"query-input":{"@type":"PropertyValueSpecification","valueRequired":true,"valueName":"search_term_string"}}],"inLanguage":"ca"},{"@type":"Organization","@id":"https:\/\/vedruna.org\/ca\/#organization","name":"Carmelitas de la caridad Vedruna","url":"https:\/\/vedruna.org\/ca\/","logo":{"@type":"ImageObject","inLanguage":"ca","@id":"https:\/\/vedruna.org\/ca\/#\/schema\/logo\/image\/","url":"https:\/\/vedruna.org\/wp-content\/uploads\/2022\/04\/LOGO-VEDRUNA-HORIZONTAL.png","contentUrl":"https:\/\/vedruna.org\/wp-content\/uploads\/2022\/04\/LOGO-VEDRUNA-HORIZONTAL.png","width":1200,"height":463,"caption":"Carmelitas de la caridad Vedruna"},"image":{"@id":"https:\/\/vedruna.org\/ca\/#\/schema\/logo\/image\/"}},{"@type":"Person","@id":"https:\/\/vedruna.org\/ca\/#\/schema\/person\/95fe789adf27c2831fc5a049c727edf5","name":"Maria Agustina G\u00f3mez","image":{"@type":"ImageObject","inLanguage":"ca","@id":"https:\/\/secure.gravatar.com\/avatar\/8af3ece86571c098b978434bbc43b948c403c1ae191f09a04e94f916638ceb2c?s=96&d=mm&r=g","url":"https:\/\/secure.gravatar.com\/avatar\/8af3ece86571c098b978434bbc43b948c403c1ae191f09a04e94f916638ceb2c?s=96&d=mm&r=g","contentUrl":"https:\/\/secure.gravatar.com\/avatar\/8af3ece86571c098b978434bbc43b948c403c1ae191f09a04e94f916638ceb2c?s=96&d=mm&r=g","caption":"Maria Agustina G\u00f3mez"},"url":"https:\/\/vedruna.org\/ca\/author\/agustina-gomez\/"}]}},"_links":{"self":[{"href":"https:\/\/vedruna.org\/ca\/wp-json\/wp\/v2\/posts\/30911","targetHints":{"allow":["GET"]}}],"collection":[{"href":"https:\/\/vedruna.org\/ca\/wp-json\/wp\/v2\/posts"}],"about":[{"href":"https:\/\/vedruna.org\/ca\/wp-json\/wp\/v2\/types\/post"}],"author":[{"embeddable":true,"href":"https:\/\/vedruna.org\/ca\/wp-json\/wp\/v2\/users\/21"}],"replies":[{"embeddable":true,"href":"https:\/\/vedruna.org\/ca\/wp-json\/wp\/v2\/comments?post=30911"}],"version-history":[{"count":3,"href":"https:\/\/vedruna.org\/ca\/wp-json\/wp\/v2\/posts\/30911\/revisions"}],"predecessor-version":[{"id":31029,"href":"https:\/\/vedruna.org\/ca\/wp-json\/wp\/v2\/posts\/30911\/revisions\/31029"}],"wp:featuredmedia":[{"embeddable":true,"href":"https:\/\/vedruna.org\/ca\/wp-json\/wp\/v2\/media\/30912"}],"wp:attachment":[{"href":"https:\/\/vedruna.org\/ca\/wp-json\/wp\/v2\/media?parent=30911"}],"wp:term":[{"taxonomy":"category","embeddable":true,"href":"https:\/\/vedruna.org\/ca\/wp-json\/wp\/v2\/categories?post=30911"},{"taxonomy":"post_tag","embeddable":true,"href":"https:\/\/vedruna.org\/ca\/wp-json\/wp\/v2\/tags?post=30911"}],"curies":[{"name":"wp","href":"https:\/\/api.w.org\/{rel}","templated":true}]}}