{"id":31142,"date":"2025-11-27T14:23:30","date_gmt":"2025-11-27T13:23:30","guid":{"rendered":"https:\/\/vedruna.org\/teixint-camins-de-llum-i-esperanca-ii-trobada-virtual-del-laicat-vedruna-peru\/"},"modified":"2025-11-27T14:23:58","modified_gmt":"2025-11-27T13:23:58","slug":"teixint-camins-de-llum-i-esperanca-ii-trobada-virtual-del-laicat-vedruna-peru","status":"publish","type":"post","link":"https:\/\/vedruna.org\/ca\/teixint-camins-de-llum-i-esperanca-ii-trobada-virtual-del-laicat-vedruna-peru\/","title":{"rendered":"Teixint camins de llum i esperan\u00e7a: II Trobada Virtual del La\u00efcat Vedruna Per\u00fa"},"content":{"rendered":"\n<h3 class=\"wp-block-heading has-text-align-center\">El diumenge 16 de novembre celebrem, de manera virtual, la <strong>II Trobada Interm\u00e8dia del La\u00efcat Vedruna<\/strong> , amb el lema <strong>\u201cAvan\u00e7ant en esperan\u00e7a\u201d<\/strong><\/h3>\n\n<div style=\"height:25px\" aria-hidden=\"true\" class=\"wp-block-spacer\"><\/div>\n\n<p>A les 8 del mat\u00ed ens vam reunir puntualment les comunitats \u201cCaminant amb Joaquina\u201d, \u201cEsposos a l&#8217;Estil Vedruna\u201d i \u201cSeguidores de Joaquina\u201d de Sullana; la comunitat de Celendin; Gina Pardo i la comunitat de l&#8217;Ermit\u00e0 a Lima; juntament amb les germanes Companyes de Cam\u00ed: Mar\u00eda Jos\u00e9 Gimeno, Rubelia Reto (enlla\u00e7 del Per\u00fa) i Alicia Zanichelli, Provincial d&#8217;Am\u00e8rica. En total hi participem <strong>35 laiques i 8 germanes<\/strong> . <\/p>\n\n<p>L&#8217; <strong>oraci\u00f3 inicial i les salutacions<\/strong> van donar obertura a la trobada. Posteriorment treballem el tema: <strong>\u201cPreparant la seva vinguda, acollim la seva arribada\u201d<\/strong> , guiat per la Gna. <strong>Imma Eibe, ccv<\/strong> , i avancem en l&#8217;organitzaci\u00f3 de les celebracions del Bicentenari. <\/p>\n\n<p>La Gna. Inma ens va recordar que l&#8217; <strong>Advent \u00e9s un temps de preparaci\u00f3 i d&#8217;oportunitat<\/strong> . Cada any, l\u00b4Esgl\u00e9sia ens regala un per\u00edode ampli per revisar la nostra vida a la llum de la Paraula i contemplar el misteri d\u00b4un D\u00e9u que es fa nen. No es tracta nom\u00e9s d&#8217;esperar un esdeveniment futur, sin\u00f3 de recon\u00e8ixer que la vinguda succeeix tamb\u00e9 <g id=\"gid_1\">aqu\u00ed i ara<\/g> . No som mers espectadors, sin\u00f3 <strong>protagonistes<\/strong> d&#8217;una trobada que ja s&#8217;esdev\u00e9, perqu\u00e8 Aquell a qui esperem ens ha estat donat des del principi (cf. Jn 1,1.9-10). La seva crida va anar a <strong>acollir els nostres sorolls interiors<\/strong> , presentar-los al Senyor i recuperar la sorpresa per obrir-nos al Misteri.    <\/p>\n\n<p>A continuaci\u00f3, revisem les <strong>Activitats del Bicentenari<\/strong> , avaluant les ja realitzades i impulsant les que encara estan en cam\u00ed. Es van presentar els <g id=\"gid_1\">nous equips<\/g> , agraint amb afecte i gratitud el servei dels equips sortints i de l&#8217;equip pa\u00eds \u2014Ela Mondrag\u00f3n, Anita C\u00f3rdova i Charo Alvarado\u2014. Demanem per a tots la benedicci\u00f3 del Senyor i l&#8217;acompanyament de la <strong>Fam\u00edlia Vedruna<\/strong> , perqu\u00e8 Santa Joaquima i el Bon Jes\u00fas enforteixin la seva missi\u00f3.  <\/p>\n\n<p>Van quedar plantejats alguns <strong>desafiaments per a aquest nou temps<\/strong> :<\/p>\n\n<ul class=\"wp-block-list\">\n<li>Aprofundir el treball en espiritualitat integral, ecol\u00f2gica i en sinodalitat.<\/li>\n\n\n\n<li>Llegir, reflexionar i encarnar el document capitular <strong>N\u00e9ixer de Nuevo<\/strong> .<\/li>\n\n\n\n<li>Participar activament a les reunions i espais de formaci\u00f3.<\/li>\n\n\n\n<li>Elaborar un projecte conjunt entre totes les comunitats del Per\u00fa per enfortir la formaci\u00f3 integral.<\/li>\n\n\n\n<li>Afavorir una comunicaci\u00f3 fluida, d&#8217;anada i tornada.<\/li>\n<\/ul>\n\n<p>Finalment, la Gna. Maria Josep va fer l&#8217; <strong>enviament missioner<\/strong> dels nous equips de les comunitats i del pa\u00eds. <\/p>\n\n<p>Amb esperit agra\u00eft i renovat, reafirmem el nostre comprom\u00eds:<\/p>\n\n<p class=\"has-text-align-center\"><strong>Treballem per la gl\u00f2ria de D\u00e9u i el b\u00e9 del pro\u00efsme!<\/strong><\/p>\n\n<p class=\"has-text-align-right\"><strong>Charo Alvarado, Laica Vedruna a Celendin<\/strong><\/p>\n<div class=\"pgc-sgb-cb wp-block-pgcsimplygalleryblock-justified \" data-gallery-id=\"29638030\"><div class=\"sgb-preloader\" id=\"pr_29638030\">\n\t<div class=\"sgb-square\" style=\"background:#d4d4d4\"><\/div>\n\t<div class=\"sgb-square\" style=\"background:#d4d4d4\"><\/div>\n\t<div class=\"sgb-square\" style=\"background:#d4d4d4\"><\/div>\n\t<div class=\"sgb-square\" style=\"background:#d4d4d4\"><\/div><\/div><div class=\"simply-gallery-amp pgc_sgb_slider \"><noscript><div class=\"sgb-gallery\"><div class=\"sgb-item\"><a href=\"https:\/\/vedruna.org\/?attachment_id=31110\" target=\"_blank\"><img decoding=\"async\" alt=\"\" width=\"300\" height=\"142\" loading=\"lazy\" src=\"https:\/\/vedruna.org\/wp-content\/uploads\/2025\/11\/Imagen1-300x142.png\" srcset=\"https:\/\/vedruna.org\/wp-content\/uploads\/2025\/11\/Imagen1-300x142.png 300w,https:\/\/vedruna.org\/wp-content\/uploads\/2025\/11\/Imagen1.png 936w\" sizes=\"250px\"\/><\/a><\/div><div class=\"sgb-item\"><a href=\"https:\/\/vedruna.org\/?attachment_id=31111\" target=\"_blank\"><img decoding=\"async\" alt=\"\" width=\"300\" height=\"181\" loading=\"lazy\" src=\"https:\/\/vedruna.org\/wp-content\/uploads\/2025\/11\/IMG-20251126-WA0001-300x181.jpg\" srcset=\"https:\/\/vedruna.org\/wp-content\/uploads\/2025\/11\/IMG-20251126-WA0001-300x181.jpg 300w,https:\/\/vedruna.org\/wp-content\/uploads\/2025\/11\/IMG-20251126-WA0001-1024x618.jpg 1024w,https:\/\/vedruna.org\/wp-content\/uploads\/2025\/11\/IMG-20251126-WA0001.jpg 1049w\" sizes=\"250px\"\/><\/a><\/div><\/div><\/noscript><\/div><script type=\"application\/json\" class=\"sgb-data\">{\"lastRowFill\":true,\"externalLink\":false,\"captions\":false,\"collectionThumbSubMenuDownload\":false,\"collectionThumbSubMenuShare\":false,\"galleryType\":\"pgc_sgb_justified\",\"galleryId\":\"29638030\",\"images\":[{\"id\":31110,\"title\":\"Imagen1\",\"url\":\"https:\/\/vedruna.org\/wp-content\/uploads\/2025\/11\/Imagen1.png\",\"link\":\"https:\/\/vedruna.org\/?attachment_id=31110\",\"alt\":\"\",\"description\":\"\",\"caption\":\"\",\"mime\":\"image\/png\",\"type\":\"image\",\"width\":936,\"height\":444,\"sizes\":{\"thumbnail\":{\"height\":150,\"width\":150,\"url\":\"https:\/\/vedruna.org\/wp-content\/uploads\/2025\/11\/Imagen1-150x150.png\",\"orientation\":\"landscape\"},\"medium\":{\"height\":142,\"width\":300,\"url\":\"https:\/\/vedruna.org\/wp-content\/uploads\/2025\/11\/Imagen1-300x142.png\",\"orientation\":\"landscape\"},\"full\":{\"url\":\"https:\/\/vedruna.org\/wp-content\/uploads\/2025\/11\/Imagen1.png\",\"height\":444,\"width\":936,\"orientation\":\"landscape\"}},\"imageMeta\":{\"aperture\":\"0\",\"credit\":\"\",\"camera\":\"\",\"caption\":\"\",\"created_timestamp\":\"0\",\"copyright\":\"\",\"focal_length\":\"0\",\"iso\":\"0\",\"shutter_speed\":\"0\",\"title\":\"\",\"orientation\":\"0\",\"keywords\":[]},\"meta\":false,\"postlink\":\"https:\/\/vedruna.org\/?attachment_id=31110\"},{\"id\":31111,\"title\":\"IMG-20251126-WA0001\",\"url\":\"https:\/\/vedruna.org\/wp-content\/uploads\/2025\/11\/IMG-20251126-WA0001.jpg\",\"link\":\"https:\/\/vedruna.org\/?attachment_id=31111\",\"alt\":\"\",\"description\":\"\",\"caption\":\"\",\"mime\":\"image\/jpeg\",\"type\":\"image\",\"width\":1049,\"height\":633,\"sizes\":{\"thumbnail\":{\"height\":150,\"width\":150,\"url\":\"https:\/\/vedruna.org\/wp-content\/uploads\/2025\/11\/IMG-20251126-WA0001-150x150.jpg\",\"orientation\":\"landscape\"},\"medium\":{\"height\":181,\"width\":300,\"url\":\"https:\/\/vedruna.org\/wp-content\/uploads\/2025\/11\/IMG-20251126-WA0001-300x181.jpg\",\"orientation\":\"landscape\"},\"large\":{\"height\":618,\"width\":1024,\"url\":\"https:\/\/vedruna.org\/wp-content\/uploads\/2025\/11\/IMG-20251126-WA0001-1024x618.jpg\",\"orientation\":\"landscape\"},\"full\":{\"url\":\"https:\/\/vedruna.org\/wp-content\/uploads\/2025\/11\/IMG-20251126-WA0001.jpg\",\"height\":633,\"width\":1049,\"orientation\":\"landscape\"}},\"imageMeta\":{\"aperture\":\"0\",\"credit\":\"\",\"camera\":\"\",\"caption\":\"\",\"created_timestamp\":\"0\",\"copyright\":\"\",\"focal_length\":\"0\",\"iso\":\"0\",\"shutter_speed\":\"0\",\"title\":\"\",\"orientation\":\"0\",\"keywords\":[]},\"meta\":false,\"postlink\":\"https:\/\/vedruna.org\/?attachment_id=31111\"}],\"translatedWithWPMLTM\":\"1\",\"itemsMetaDataCollection\":[]}<\/script><script>(function(){if(window.PGC_SGB && window.PGC_SGB.searcher){window.PGC_SGB.searcher.initBlocks()}})()<\/script><\/div>","protected":false},"excerpt":{"rendered":"<p>El diumenge 16 de novembre celebrem, de manera virtual, la II Trobada Interm\u00e8dia del La\u00efcat Vedruna , amb el lema \u201cAvan\u00e7ant en esperan\u00e7a\u201d A les 8 del mat\u00ed ens vam reunir puntualment les comunitats \u201cCaminant amb Joaquina\u201d, \u201cEsposos a l&#8217;Estil Vedruna\u201d i \u201cSeguidores de Joaquina\u201d de Sullana; la comunitat de Celendin; Gina Pardo i la [&hellip;]<\/p>\n","protected":false},"author":4,"featured_media":31143,"comment_status":"closed","ping_status":"closed","sticky":false,"template":"","format":"standard","meta":{"_et_pb_use_builder":"","_et_pb_old_content":"","_et_gb_content_width":"","pgc_sgb_lightbox_settings":"","footnotes":""},"categories":[328,304,253,248],"tags":[],"class_list":["post-31142","post","type-post","status-publish","format-standard","has-post-thumbnail","hentry","category-advent-2023","category-laicado-vedruna-ca","category-peru-ca","category-vedrunamerica-ca"],"yoast_head":"<!-- This site is optimized with the Yoast SEO plugin v27.5 - https:\/\/yoast.com\/product\/yoast-seo-wordpress\/ -->\n<title>Teixint camins de llum i esperan\u00e7a: II Trobada Virtual del La\u00efcat Vedruna Per\u00fa - Carmelitas de la Caridad Vedruna<\/title>\n<meta name=\"description\" content=\"El diumenge 16 de novembre celebrem, de manera virtual, la II Trobada Interm\u00e8dia del Laicat Vedruna, amb el lema \u201cAvan\u00e7ant en esperan\u00e7a\u201d\" \/>\n<meta name=\"robots\" content=\"index, follow, max-snippet:-1, max-image-preview:large, max-video-preview:-1\" \/>\n<link rel=\"canonical\" href=\"https:\/\/vedruna.org\/ca\/teixint-camins-de-llum-i-esperanca-ii-trobada-virtual-del-laicat-vedruna-peru\/\" \/>\n<meta property=\"og:locale\" content=\"ca_ES\" \/>\n<meta property=\"og:type\" content=\"article\" \/>\n<meta property=\"og:title\" content=\"Teixint camins de llum i esperan\u00e7a: II Trobada Virtual del La\u00efcat Vedruna Per\u00fa - Carmelitas de la Caridad Vedruna\" \/>\n<meta property=\"og:description\" content=\"El diumenge 16 de novembre celebrem, de manera virtual, la II Trobada Interm\u00e8dia del Laicat Vedruna, amb el lema \u201cAvan\u00e7ant en esperan\u00e7a\u201d\" \/>\n<meta property=\"og:url\" content=\"https:\/\/vedruna.org\/ca\/teixint-camins-de-llum-i-esperanca-ii-trobada-virtual-del-laicat-vedruna-peru\/\" \/>\n<meta property=\"og:site_name\" content=\"Carmelitas de la Caridad Vedruna\" \/>\n<meta property=\"article:published_time\" content=\"2025-11-27T13:23:30+00:00\" \/>\n<meta property=\"article:modified_time\" content=\"2025-11-27T13:23:58+00:00\" \/>\n<meta property=\"og:image\" content=\"https:\/\/vedruna.org\/wp-content\/uploads\/2025\/11\/IMG-20251126-WA0004.jpg\" \/>\n\t<meta property=\"og:image:width\" content=\"1112\" \/>\n\t<meta property=\"og:image:height\" content=\"617\" \/>\n\t<meta property=\"og:image:type\" content=\"image\/jpeg\" \/>\n<meta name=\"author\" content=\"Comunicaci\u00f3n Vedrunam\u00e9rica\" \/>\n<meta name=\"twitter:card\" content=\"summary_large_image\" \/>\n<meta name=\"twitter:label1\" content=\"Escrit per\" \/>\n\t<meta name=\"twitter:data1\" content=\"Comunicaci\u00f3n Vedrunam\u00e9rica\" \/>\n\t<meta name=\"twitter:label2\" content=\"Temps estimat de lectura\" \/>\n\t<meta name=\"twitter:data2\" content=\"2 minuts\" \/>\n<script type=\"application\/ld+json\" class=\"yoast-schema-graph\">{\"@context\":\"https:\\\/\\\/schema.org\",\"@graph\":[{\"@type\":\"Article\",\"@id\":\"https:\\\/\\\/vedruna.org\\\/ca\\\/teixint-camins-de-llum-i-esperanca-ii-trobada-virtual-del-laicat-vedruna-peru\\\/#article\",\"isPartOf\":{\"@id\":\"https:\\\/\\\/vedruna.org\\\/ca\\\/teixint-camins-de-llum-i-esperanca-ii-trobada-virtual-del-laicat-vedruna-peru\\\/\"},\"author\":{\"name\":\"Comunicaci\u00f3n Vedrunam\u00e9rica\",\"@id\":\"https:\\\/\\\/vedruna.org\\\/ca\\\/#\\\/schema\\\/person\\\/cf468646189533fb6a3aae475663fdc7\"},\"headline\":\"Teixint camins de llum i esperan\u00e7a: II Trobada Virtual del La\u00efcat Vedruna Per\u00fa\",\"datePublished\":\"2025-11-27T13:23:30+00:00\",\"dateModified\":\"2025-11-27T13:23:58+00:00\",\"mainEntityOfPage\":{\"@id\":\"https:\\\/\\\/vedruna.org\\\/ca\\\/teixint-camins-de-llum-i-esperanca-ii-trobada-virtual-del-laicat-vedruna-peru\\\/\"},\"wordCount\":465,\"publisher\":{\"@id\":\"https:\\\/\\\/vedruna.org\\\/ca\\\/#organization\"},\"image\":{\"@id\":\"https:\\\/\\\/vedruna.org\\\/ca\\\/teixint-camins-de-llum-i-esperanca-ii-trobada-virtual-del-laicat-vedruna-peru\\\/#primaryimage\"},\"thumbnailUrl\":\"https:\\\/\\\/vedruna.org\\\/wp-content\\\/uploads\\\/2025\\\/11\\\/IMG-20251126-WA0004.jpg\",\"articleSection\":[\"Advent 2023\",\"Laicado Vedruna\",\"Per\u00fa\",\"Vedrunam\u00e8rica\"],\"inLanguage\":\"ca\"},{\"@type\":\"WebPage\",\"@id\":\"https:\\\/\\\/vedruna.org\\\/ca\\\/teixint-camins-de-llum-i-esperanca-ii-trobada-virtual-del-laicat-vedruna-peru\\\/\",\"url\":\"https:\\\/\\\/vedruna.org\\\/ca\\\/teixint-camins-de-llum-i-esperanca-ii-trobada-virtual-del-laicat-vedruna-peru\\\/\",\"name\":\"Teixint camins de llum i esperan\u00e7a: II Trobada Virtual del La\u00efcat Vedruna Per\u00fa - Carmelitas de la Caridad Vedruna\",\"isPartOf\":{\"@id\":\"https:\\\/\\\/vedruna.org\\\/ca\\\/#website\"},\"primaryImageOfPage\":{\"@id\":\"https:\\\/\\\/vedruna.org\\\/ca\\\/teixint-camins-de-llum-i-esperanca-ii-trobada-virtual-del-laicat-vedruna-peru\\\/#primaryimage\"},\"image\":{\"@id\":\"https:\\\/\\\/vedruna.org\\\/ca\\\/teixint-camins-de-llum-i-esperanca-ii-trobada-virtual-del-laicat-vedruna-peru\\\/#primaryimage\"},\"thumbnailUrl\":\"https:\\\/\\\/vedruna.org\\\/wp-content\\\/uploads\\\/2025\\\/11\\\/IMG-20251126-WA0004.jpg\",\"datePublished\":\"2025-11-27T13:23:30+00:00\",\"dateModified\":\"2025-11-27T13:23:58+00:00\",\"description\":\"El diumenge 16 de novembre celebrem, de manera virtual, la II Trobada Interm\u00e8dia del Laicat Vedruna, amb el lema \u201cAvan\u00e7ant en esperan\u00e7a\u201d\",\"breadcrumb\":{\"@id\":\"https:\\\/\\\/vedruna.org\\\/ca\\\/teixint-camins-de-llum-i-esperanca-ii-trobada-virtual-del-laicat-vedruna-peru\\\/#breadcrumb\"},\"inLanguage\":\"ca\",\"potentialAction\":[{\"@type\":\"ReadAction\",\"target\":[\"https:\\\/\\\/vedruna.org\\\/ca\\\/teixint-camins-de-llum-i-esperanca-ii-trobada-virtual-del-laicat-vedruna-peru\\\/\"]}]},{\"@type\":\"ImageObject\",\"inLanguage\":\"ca\",\"@id\":\"https:\\\/\\\/vedruna.org\\\/ca\\\/teixint-camins-de-llum-i-esperanca-ii-trobada-virtual-del-laicat-vedruna-peru\\\/#primaryimage\",\"url\":\"https:\\\/\\\/vedruna.org\\\/wp-content\\\/uploads\\\/2025\\\/11\\\/IMG-20251126-WA0004.jpg\",\"contentUrl\":\"https:\\\/\\\/vedruna.org\\\/wp-content\\\/uploads\\\/2025\\\/11\\\/IMG-20251126-WA0004.jpg\",\"width\":1112,\"height\":617},{\"@type\":\"BreadcrumbList\",\"@id\":\"https:\\\/\\\/vedruna.org\\\/ca\\\/teixint-camins-de-llum-i-esperanca-ii-trobada-virtual-del-laicat-vedruna-peru\\\/#breadcrumb\",\"itemListElement\":[{\"@type\":\"ListItem\",\"position\":1,\"name\":\"Portada\",\"item\":\"https:\\\/\\\/vedruna.org\\\/ca\\\/\"},{\"@type\":\"ListItem\",\"position\":2,\"name\":\"Teixint camins de llum i esperan\u00e7a: II Trobada Virtual del La\u00efcat Vedruna Per\u00fa\"}]},{\"@type\":\"WebSite\",\"@id\":\"https:\\\/\\\/vedruna.org\\\/ca\\\/#website\",\"url\":\"https:\\\/\\\/vedruna.org\\\/ca\\\/\",\"name\":\"Carmelitas de la Caridad Vedruna\",\"description\":\"Carmelitas de la caridad\",\"publisher\":{\"@id\":\"https:\\\/\\\/vedruna.org\\\/ca\\\/#organization\"},\"potentialAction\":[{\"@type\":\"SearchAction\",\"target\":{\"@type\":\"EntryPoint\",\"urlTemplate\":\"https:\\\/\\\/vedruna.org\\\/ca\\\/?s={search_term_string}\"},\"query-input\":{\"@type\":\"PropertyValueSpecification\",\"valueRequired\":true,\"valueName\":\"search_term_string\"}}],\"inLanguage\":\"ca\"},{\"@type\":\"Organization\",\"@id\":\"https:\\\/\\\/vedruna.org\\\/ca\\\/#organization\",\"name\":\"Carmelitas de la caridad Vedruna\",\"url\":\"https:\\\/\\\/vedruna.org\\\/ca\\\/\",\"logo\":{\"@type\":\"ImageObject\",\"inLanguage\":\"ca\",\"@id\":\"https:\\\/\\\/vedruna.org\\\/ca\\\/#\\\/schema\\\/logo\\\/image\\\/\",\"url\":\"https:\\\/\\\/vedruna.org\\\/wp-content\\\/uploads\\\/2022\\\/04\\\/LOGO-VEDRUNA-HORIZONTAL.png\",\"contentUrl\":\"https:\\\/\\\/vedruna.org\\\/wp-content\\\/uploads\\\/2022\\\/04\\\/LOGO-VEDRUNA-HORIZONTAL.png\",\"width\":1200,\"height\":463,\"caption\":\"Carmelitas de la caridad Vedruna\"},\"image\":{\"@id\":\"https:\\\/\\\/vedruna.org\\\/ca\\\/#\\\/schema\\\/logo\\\/image\\\/\"}},{\"@type\":\"Person\",\"@id\":\"https:\\\/\\\/vedruna.org\\\/ca\\\/#\\\/schema\\\/person\\\/cf468646189533fb6a3aae475663fdc7\",\"name\":\"Comunicaci\u00f3n Vedrunam\u00e9rica\",\"image\":{\"@type\":\"ImageObject\",\"inLanguage\":\"ca\",\"@id\":\"https:\\\/\\\/secure.gravatar.com\\\/avatar\\\/b4eff91ff87ece2131a5d31270e1df0a7eeaffece756ce6503fd7dce879d1bfc?s=96&d=mm&r=g\",\"url\":\"https:\\\/\\\/secure.gravatar.com\\\/avatar\\\/b4eff91ff87ece2131a5d31270e1df0a7eeaffece756ce6503fd7dce879d1bfc?s=96&d=mm&r=g\",\"contentUrl\":\"https:\\\/\\\/secure.gravatar.com\\\/avatar\\\/b4eff91ff87ece2131a5d31270e1df0a7eeaffece756ce6503fd7dce879d1bfc?s=96&d=mm&r=g\",\"caption\":\"Comunicaci\u00f3n Vedrunam\u00e9rica\"},\"url\":\"https:\\\/\\\/vedruna.org\\\/ca\\\/author\\\/comunicacion-vedrunamerica\\\/\"}]}<\/script>\n<!-- \/ Yoast SEO plugin. -->","yoast_head_json":{"title":"Teixint camins de llum i esperan\u00e7a: II Trobada Virtual del La\u00efcat Vedruna Per\u00fa - Carmelitas de la Caridad Vedruna","description":"El diumenge 16 de novembre celebrem, de manera virtual, la II Trobada Interm\u00e8dia del Laicat Vedruna, amb el lema \u201cAvan\u00e7ant en esperan\u00e7a\u201d","robots":{"index":"index","follow":"follow","max-snippet":"max-snippet:-1","max-image-preview":"max-image-preview:large","max-video-preview":"max-video-preview:-1"},"canonical":"https:\/\/vedruna.org\/ca\/teixint-camins-de-llum-i-esperanca-ii-trobada-virtual-del-laicat-vedruna-peru\/","og_locale":"ca_ES","og_type":"article","og_title":"Teixint camins de llum i esperan\u00e7a: II Trobada Virtual del La\u00efcat Vedruna Per\u00fa - Carmelitas de la Caridad Vedruna","og_description":"El diumenge 16 de novembre celebrem, de manera virtual, la II Trobada Interm\u00e8dia del Laicat Vedruna, amb el lema \u201cAvan\u00e7ant en esperan\u00e7a\u201d","og_url":"https:\/\/vedruna.org\/ca\/teixint-camins-de-llum-i-esperanca-ii-trobada-virtual-del-laicat-vedruna-peru\/","og_site_name":"Carmelitas de la Caridad Vedruna","article_published_time":"2025-11-27T13:23:30+00:00","article_modified_time":"2025-11-27T13:23:58+00:00","og_image":[{"width":1112,"height":617,"url":"https:\/\/vedruna.org\/wp-content\/uploads\/2025\/11\/IMG-20251126-WA0004.jpg","type":"image\/jpeg"}],"author":"Comunicaci\u00f3n Vedrunam\u00e9rica","twitter_card":"summary_large_image","twitter_misc":{"Escrit per":"Comunicaci\u00f3n Vedrunam\u00e9rica","Temps estimat de lectura":"2 minuts"},"schema":{"@context":"https:\/\/schema.org","@graph":[{"@type":"Article","@id":"https:\/\/vedruna.org\/ca\/teixint-camins-de-llum-i-esperanca-ii-trobada-virtual-del-laicat-vedruna-peru\/#article","isPartOf":{"@id":"https:\/\/vedruna.org\/ca\/teixint-camins-de-llum-i-esperanca-ii-trobada-virtual-del-laicat-vedruna-peru\/"},"author":{"name":"Comunicaci\u00f3n Vedrunam\u00e9rica","@id":"https:\/\/vedruna.org\/ca\/#\/schema\/person\/cf468646189533fb6a3aae475663fdc7"},"headline":"Teixint camins de llum i esperan\u00e7a: II Trobada Virtual del La\u00efcat Vedruna Per\u00fa","datePublished":"2025-11-27T13:23:30+00:00","dateModified":"2025-11-27T13:23:58+00:00","mainEntityOfPage":{"@id":"https:\/\/vedruna.org\/ca\/teixint-camins-de-llum-i-esperanca-ii-trobada-virtual-del-laicat-vedruna-peru\/"},"wordCount":465,"publisher":{"@id":"https:\/\/vedruna.org\/ca\/#organization"},"image":{"@id":"https:\/\/vedruna.org\/ca\/teixint-camins-de-llum-i-esperanca-ii-trobada-virtual-del-laicat-vedruna-peru\/#primaryimage"},"thumbnailUrl":"https:\/\/vedruna.org\/wp-content\/uploads\/2025\/11\/IMG-20251126-WA0004.jpg","articleSection":["Advent 2023","Laicado Vedruna","Per\u00fa","Vedrunam\u00e8rica"],"inLanguage":"ca"},{"@type":"WebPage","@id":"https:\/\/vedruna.org\/ca\/teixint-camins-de-llum-i-esperanca-ii-trobada-virtual-del-laicat-vedruna-peru\/","url":"https:\/\/vedruna.org\/ca\/teixint-camins-de-llum-i-esperanca-ii-trobada-virtual-del-laicat-vedruna-peru\/","name":"Teixint camins de llum i esperan\u00e7a: II Trobada Virtual del La\u00efcat Vedruna Per\u00fa - Carmelitas de la Caridad Vedruna","isPartOf":{"@id":"https:\/\/vedruna.org\/ca\/#website"},"primaryImageOfPage":{"@id":"https:\/\/vedruna.org\/ca\/teixint-camins-de-llum-i-esperanca-ii-trobada-virtual-del-laicat-vedruna-peru\/#primaryimage"},"image":{"@id":"https:\/\/vedruna.org\/ca\/teixint-camins-de-llum-i-esperanca-ii-trobada-virtual-del-laicat-vedruna-peru\/#primaryimage"},"thumbnailUrl":"https:\/\/vedruna.org\/wp-content\/uploads\/2025\/11\/IMG-20251126-WA0004.jpg","datePublished":"2025-11-27T13:23:30+00:00","dateModified":"2025-11-27T13:23:58+00:00","description":"El diumenge 16 de novembre celebrem, de manera virtual, la II Trobada Interm\u00e8dia del Laicat Vedruna, amb el lema \u201cAvan\u00e7ant en esperan\u00e7a\u201d","breadcrumb":{"@id":"https:\/\/vedruna.org\/ca\/teixint-camins-de-llum-i-esperanca-ii-trobada-virtual-del-laicat-vedruna-peru\/#breadcrumb"},"inLanguage":"ca","potentialAction":[{"@type":"ReadAction","target":["https:\/\/vedruna.org\/ca\/teixint-camins-de-llum-i-esperanca-ii-trobada-virtual-del-laicat-vedruna-peru\/"]}]},{"@type":"ImageObject","inLanguage":"ca","@id":"https:\/\/vedruna.org\/ca\/teixint-camins-de-llum-i-esperanca-ii-trobada-virtual-del-laicat-vedruna-peru\/#primaryimage","url":"https:\/\/vedruna.org\/wp-content\/uploads\/2025\/11\/IMG-20251126-WA0004.jpg","contentUrl":"https:\/\/vedruna.org\/wp-content\/uploads\/2025\/11\/IMG-20251126-WA0004.jpg","width":1112,"height":617},{"@type":"BreadcrumbList","@id":"https:\/\/vedruna.org\/ca\/teixint-camins-de-llum-i-esperanca-ii-trobada-virtual-del-laicat-vedruna-peru\/#breadcrumb","itemListElement":[{"@type":"ListItem","position":1,"name":"Portada","item":"https:\/\/vedruna.org\/ca\/"},{"@type":"ListItem","position":2,"name":"Teixint camins de llum i esperan\u00e7a: II Trobada Virtual del La\u00efcat Vedruna Per\u00fa"}]},{"@type":"WebSite","@id":"https:\/\/vedruna.org\/ca\/#website","url":"https:\/\/vedruna.org\/ca\/","name":"Carmelitas de la Caridad Vedruna","description":"Carmelitas de la caridad","publisher":{"@id":"https:\/\/vedruna.org\/ca\/#organization"},"potentialAction":[{"@type":"SearchAction","target":{"@type":"EntryPoint","urlTemplate":"https:\/\/vedruna.org\/ca\/?s={search_term_string}"},"query-input":{"@type":"PropertyValueSpecification","valueRequired":true,"valueName":"search_term_string"}}],"inLanguage":"ca"},{"@type":"Organization","@id":"https:\/\/vedruna.org\/ca\/#organization","name":"Carmelitas de la caridad Vedruna","url":"https:\/\/vedruna.org\/ca\/","logo":{"@type":"ImageObject","inLanguage":"ca","@id":"https:\/\/vedruna.org\/ca\/#\/schema\/logo\/image\/","url":"https:\/\/vedruna.org\/wp-content\/uploads\/2022\/04\/LOGO-VEDRUNA-HORIZONTAL.png","contentUrl":"https:\/\/vedruna.org\/wp-content\/uploads\/2022\/04\/LOGO-VEDRUNA-HORIZONTAL.png","width":1200,"height":463,"caption":"Carmelitas de la caridad Vedruna"},"image":{"@id":"https:\/\/vedruna.org\/ca\/#\/schema\/logo\/image\/"}},{"@type":"Person","@id":"https:\/\/vedruna.org\/ca\/#\/schema\/person\/cf468646189533fb6a3aae475663fdc7","name":"Comunicaci\u00f3n Vedrunam\u00e9rica","image":{"@type":"ImageObject","inLanguage":"ca","@id":"https:\/\/secure.gravatar.com\/avatar\/b4eff91ff87ece2131a5d31270e1df0a7eeaffece756ce6503fd7dce879d1bfc?s=96&d=mm&r=g","url":"https:\/\/secure.gravatar.com\/avatar\/b4eff91ff87ece2131a5d31270e1df0a7eeaffece756ce6503fd7dce879d1bfc?s=96&d=mm&r=g","contentUrl":"https:\/\/secure.gravatar.com\/avatar\/b4eff91ff87ece2131a5d31270e1df0a7eeaffece756ce6503fd7dce879d1bfc?s=96&d=mm&r=g","caption":"Comunicaci\u00f3n Vedrunam\u00e9rica"},"url":"https:\/\/vedruna.org\/ca\/author\/comunicacion-vedrunamerica\/"}]}},"_links":{"self":[{"href":"https:\/\/vedruna.org\/ca\/wp-json\/wp\/v2\/posts\/31142","targetHints":{"allow":["GET"]}}],"collection":[{"href":"https:\/\/vedruna.org\/ca\/wp-json\/wp\/v2\/posts"}],"about":[{"href":"https:\/\/vedruna.org\/ca\/wp-json\/wp\/v2\/types\/post"}],"author":[{"embeddable":true,"href":"https:\/\/vedruna.org\/ca\/wp-json\/wp\/v2\/users\/4"}],"replies":[{"embeddable":true,"href":"https:\/\/vedruna.org\/ca\/wp-json\/wp\/v2\/comments?post=31142"}],"version-history":[{"count":1,"href":"https:\/\/vedruna.org\/ca\/wp-json\/wp\/v2\/posts\/31142\/revisions"}],"predecessor-version":[{"id":31144,"href":"https:\/\/vedruna.org\/ca\/wp-json\/wp\/v2\/posts\/31142\/revisions\/31144"}],"wp:featuredmedia":[{"embeddable":true,"href":"https:\/\/vedruna.org\/ca\/wp-json\/wp\/v2\/media\/31143"}],"wp:attachment":[{"href":"https:\/\/vedruna.org\/ca\/wp-json\/wp\/v2\/media?parent=31142"}],"wp:term":[{"taxonomy":"category","embeddable":true,"href":"https:\/\/vedruna.org\/ca\/wp-json\/wp\/v2\/categories?post=31142"},{"taxonomy":"post_tag","embeddable":true,"href":"https:\/\/vedruna.org\/ca\/wp-json\/wp\/v2\/tags?post=31142"}],"curies":[{"name":"wp","href":"https:\/\/api.w.org\/{rel}","templated":true}]}}