{"id":31248,"date":"2025-12-01T14:09:21","date_gmt":"2025-12-01T13:09:21","guid":{"rendered":"https:\/\/vedruna.org\/en-allo-simple-la-vida-es-fa-cami-i-trobada\/"},"modified":"2025-12-01T14:10:28","modified_gmt":"2025-12-01T13:10:28","slug":"en-allo-simple-la-vida-es-fa-cami-i-trobada","status":"publish","type":"post","link":"https:\/\/vedruna.org\/ca\/en-allo-simple-la-vida-es-fa-cami-i-trobada\/","title":{"rendered":"En all\u00f2 simple, la vida es fa cam\u00ed i trobada"},"content":{"rendered":"\n<h3 class=\"wp-block-heading\">Amaya comparteix el seu mes i mig com a volunt\u00e0ria a la selva, convivint amb les fam\u00edlies del Centre Poblat Nuevo San Juan. All\u00e0 experimenta com la vida es construeix des del senzill, des del petit, des del m\u00e9s profund de l&#8217;\u00e9sser hum\u00e0. <\/h3>\n\n<hr class=\"wp-block-separator has-alpha-channel-opacity\"\/>\n\n<p>\u00c9s una gran experi\u00e8ncia, primer l&#8217;arribada solcant el riu Ucayali, que et marca la din\u00e0mica del temps, arribes quan arribes, tots amb les seves c\u00e0rregues, amb coses que al seu poblat no poden adquirir, vaixells que carregats de gent i b\u00e0rtols van riu amunt i avall, com en una gran autopista d&#8217;aigua. Contacte amb la natura viva, exuberant, jove i, alhora, contacte amb la vida a la selva, que \u00e9s dura, cal treballar molt i dur per poder tenir alguna cosa per menjar al plat. Tant se val l&#8217;edat que tinguis, la necessitat s&#8217;imposa, i aquesta \u00e9s la prioritat per a tothom. Experimentar que el present \u00e9s important, viure all\u00f2 immediat, alguna cosa per a mi guaridor i alhora dif\u00edcil, acostumada a programar-me, aqu\u00ed \u00e9s un exercici pr\u00e0ctic, l&#8217;important no \u00e9s el que has programat, est\u00e0s a costa del que per a altres \u00e9s important, i tu t&#8217;acobles.   <\/p>\n\n<p>Aqu\u00ed el que \u00e9s prioritari \u00e9s aconseguir tenir un plat a taula, una cosa que jo tinc sense dificultat, tota la resta \u00e9s secundari, aquestes ulleres per mirar la seva vida i la meva vida s\u00f3n importants.<\/p>\n\n<figure class=\"wp-block-image alignright size-full is-resized\"><img loading=\"lazy\" decoding=\"async\" width=\"750\" height=\"1000\" src=\"https:\/\/vedruna.org\/wp-content\/uploads\/2025\/11\/1-10.jpg\" alt=\"\" class=\"wp-image-31224\" style=\"width:290px;height:auto\" srcset=\"https:\/\/vedruna.org\/wp-content\/uploads\/2025\/11\/1-10.jpg 750w, https:\/\/vedruna.org\/wp-content\/uploads\/2025\/11\/1-10-480x640.jpg 480w\" sizes=\"(min-width: 0px) and (max-width: 480px) 480px, (min-width: 481px) 750px, 100vw\" \/><\/figure>\n\n<p>Aquest any ha estat un contacte directe i intens amb persones que necessitaven atenci\u00f3 per problemes de salut amb el tractament de biomagnetisme.<\/p>\n\n<p>Ha estat preci\u00f3s dedicar-los el meu temps i el meu afecte, veure com de netes i arreglades que s&#8217;acostaven a la sessi\u00f3, i oferir-los aquest espai, que \u00e9s tan dif\u00edcil per a elles. -digu\u00e9 elles, doncs nom\u00e9s van venir 2 homes- i, prendre&#8217;l com ve, sentir el goig de veure-les aixecar-se de la sessi\u00f3 somrients, i jo alhora com si fossin una miqueta jo, alg\u00fa important per a mi, alg\u00fa especial. Les nostres hist\u00f2ries s&#8217;ajunten.  <\/p>\n\n<p>Escoltar-los dir coses precioses, sorgides dels tractaments, <strong>\u201cjo he ressuscitat\u201d<\/strong> , <strong>\u201cvaig venir amb mal de genoll i no em dol\u201d<\/strong> , <strong>\u201cha estat sanador el tractament\u201d<\/strong> . O una cosa que em va emocionar i va fer una mica de vergonya; <strong>qu\u00e8 est\u00e0 fent mareta, que la gent est\u00e0 guarint?<\/strong> He entrat a formar part de les seves vides i elles de la meva, amb algunes fins i tot de la seva gran intimitat. <\/p>\n\n<p>Puc dir el que contesto quan em pregunten, <strong>tornar\u00e0s<\/strong> a Per\u00fa <strong>?<\/strong><\/p>\n\n<p class=\"has-text-align-center\"><strong>La vida \u00e9s simple, tan simple com jo, com la meva vida.<\/strong><\/p>\n\n<p class=\"has-text-align-right\"><strong><br\/>Amaia Oar-Arteta, volunt\u00e0ria<\/strong><\/p>\n<div class=\"pgc-sgb-cb wp-block-pgcsimplygalleryblock-slider \" data-gallery-id=\"32c06464\"style=&quot;min-height:400px&quot;><div class=\"sgb-preloader\" id=\"pr_32c06464\">\n\t<div class=\"sgb-square\" style=\"background:#d4d4d4\"><\/div>\n\t<div class=\"sgb-square\" style=\"background:#d4d4d4\"><\/div>\n\t<div class=\"sgb-square\" style=\"background:#d4d4d4\"><\/div>\n\t<div class=\"sgb-square\" style=\"background:#d4d4d4\"><\/div><\/div><div class=\"simply-gallery-amp pgc_sgb_slider \"><noscript><div class=\"sgb-gallery\"><div class=\"sgb-item\"><a href=\"https:\/\/vedruna.org\/?attachment_id=31227\" target=\"_blank\"><img decoding=\"async\" alt=\"\" width=\"300\" height=\"225\" loading=\"lazy\" src=\"https:\/\/vedruna.org\/wp-content\/uploads\/2025\/11\/4-5-300x225.jpg\" srcset=\"https:\/\/vedruna.org\/wp-content\/uploads\/2025\/11\/4-5-300x225.jpg 300w,https:\/\/vedruna.org\/wp-content\/uploads\/2025\/11\/4-5.jpg 1000w\" sizes=\"250px\"\/><\/a><\/div><div class=\"sgb-item\"><a href=\"https:\/\/vedruna.org\/?attachment_id=31226\" target=\"_blank\"><img decoding=\"async\" alt=\"\" width=\"225\" height=\"300\" loading=\"lazy\" src=\"https:\/\/vedruna.org\/wp-content\/uploads\/2025\/11\/3-4-225x300.jpg\" srcset=\"https:\/\/vedruna.org\/wp-content\/uploads\/2025\/11\/3-4-225x300.jpg 225w,https:\/\/vedruna.org\/wp-content\/uploads\/2025\/11\/3-4.jpg 750w\" sizes=\"250px\"\/><\/a><\/div><div class=\"sgb-item\"><a href=\"https:\/\/vedruna.org\/?attachment_id=31225\" target=\"_blank\"><img decoding=\"async\" alt=\"\" width=\"300\" height=\"225\" loading=\"lazy\" src=\"https:\/\/vedruna.org\/wp-content\/uploads\/2025\/11\/2-6-300x225.jpg\" srcset=\"https:\/\/vedruna.org\/wp-content\/uploads\/2025\/11\/2-6-300x225.jpg 300w,https:\/\/vedruna.org\/wp-content\/uploads\/2025\/11\/2-6-1024x768.jpg 1024w,https:\/\/vedruna.org\/wp-content\/uploads\/2025\/11\/2-6-scaled.jpg 2560w\" sizes=\"250px\"\/><\/a><\/div><div class=\"sgb-item\"><a href=\"https:\/\/vedruna.org\/?attachment_id=31228\" target=\"_blank\"><img decoding=\"async\" alt=\"\" width=\"300\" height=\"225\" loading=\"lazy\" src=\"https:\/\/vedruna.org\/wp-content\/uploads\/2025\/11\/5-4-300x225.jpg\" srcset=\"https:\/\/vedruna.org\/wp-content\/uploads\/2025\/11\/5-4-300x225.jpg 300w,https:\/\/vedruna.org\/wp-content\/uploads\/2025\/11\/5-4.jpg 1000w\" sizes=\"250px\"\/><\/a><\/div><div class=\"sgb-item\"><a href=\"https:\/\/vedruna.org\/?attachment_id=31229\" target=\"_blank\"><img decoding=\"async\" alt=\"\" width=\"225\" height=\"300\" loading=\"lazy\" src=\"https:\/\/vedruna.org\/wp-content\/uploads\/2025\/11\/6-3-225x300.jpg\" srcset=\"https:\/\/vedruna.org\/wp-content\/uploads\/2025\/11\/6-3-225x300.jpg 225w,https:\/\/vedruna.org\/wp-content\/uploads\/2025\/11\/6-3.jpg 750w\" sizes=\"250px\"\/><\/a><\/div><\/div><\/noscript><\/div><script type=\"application\/json\" class=\"sgb-data\">{\"externalLink\":false,\"captions\":false,\"collectionThumbSubMenuDownload\":false,\"collectionThumbSubMenuShare\":false,\"sliderAdminWidth\":823,\"responsiveHeight\":true,\"galleryType\":\"pgc_sgb_slider\",\"galleryId\":\"32c06464\",\"images\":[{\"id\":31227,\"title\":\"4\",\"url\":\"https:\/\/vedruna.org\/wp-content\/uploads\/2025\/11\/4-5.jpg\",\"link\":\"https:\/\/vedruna.org\/?attachment_id=31227\",\"alt\":\"\",\"description\":\"\",\"caption\":\"\",\"mime\":\"image\/jpeg\",\"type\":\"image\",\"width\":1000,\"height\":750,\"sizes\":{\"thumbnail\":{\"height\":150,\"width\":150,\"url\":\"https:\/\/vedruna.org\/wp-content\/uploads\/2025\/11\/4-5-150x150.jpg\",\"orientation\":\"landscape\"},\"medium\":{\"height\":225,\"width\":300,\"url\":\"https:\/\/vedruna.org\/wp-content\/uploads\/2025\/11\/4-5-300x225.jpg\",\"orientation\":\"landscape\"},\"full\":{\"url\":\"https:\/\/vedruna.org\/wp-content\/uploads\/2025\/11\/4-5.jpg\",\"height\":750,\"width\":1000,\"orientation\":\"landscape\"}},\"imageMeta\":{\"aperture\":\"0\",\"credit\":\"\",\"camera\":\"\",\"caption\":\"\",\"created_timestamp\":\"0\",\"copyright\":\"\",\"focal_length\":\"0\",\"iso\":\"0\",\"shutter_speed\":\"0\",\"title\":\"\",\"orientation\":\"1\",\"keywords\":[]},\"meta\":false,\"postlink\":\"https:\/\/vedruna.org\/?attachment_id=31227\"},{\"id\":31226,\"title\":\"3\",\"url\":\"https:\/\/vedruna.org\/wp-content\/uploads\/2025\/11\/3-4.jpg\",\"link\":\"https:\/\/vedruna.org\/?attachment_id=31226\",\"alt\":\"\",\"description\":\"\",\"caption\":\"\",\"mime\":\"image\/jpeg\",\"type\":\"image\",\"width\":750,\"height\":1000,\"sizes\":{\"thumbnail\":{\"height\":150,\"width\":150,\"url\":\"https:\/\/vedruna.org\/wp-content\/uploads\/2025\/11\/3-4-150x150.jpg\",\"orientation\":\"landscape\"},\"medium\":{\"height\":300,\"width\":225,\"url\":\"https:\/\/vedruna.org\/wp-content\/uploads\/2025\/11\/3-4-225x300.jpg\",\"orientation\":\"portrait\"},\"full\":{\"url\":\"https:\/\/vedruna.org\/wp-content\/uploads\/2025\/11\/3-4.jpg\",\"height\":1000,\"width\":750,\"orientation\":\"portrait\"}},\"imageMeta\":{\"aperture\":\"11\",\"credit\":\"\",\"camera\":\"OM-1\",\"caption\":\"\",\"created_timestamp\":\"1762094033\",\"copyright\":\"\",\"focal_length\":\"25\",\"iso\":\"640\",\"shutter_speed\":\"0.002\",\"title\":\"\",\"orientation\":\"1\",\"keywords\":[]},\"meta\":false,\"postlink\":\"https:\/\/vedruna.org\/?attachment_id=31226\"},{\"id\":31225,\"title\":\"2\",\"url\":\"https:\/\/vedruna.org\/wp-content\/uploads\/2025\/11\/2-6-scaled.jpg\",\"link\":\"https:\/\/vedruna.org\/?attachment_id=31225\",\"alt\":\"\",\"description\":\"\",\"caption\":\"\",\"mime\":\"image\/jpeg\",\"type\":\"image\",\"width\":2560,\"height\":1920,\"sizes\":{\"thumbnail\":{\"height\":150,\"width\":150,\"url\":\"https:\/\/vedruna.org\/wp-content\/uploads\/2025\/11\/2-6-150x150.jpg\",\"orientation\":\"landscape\"},\"medium\":{\"height\":225,\"width\":300,\"url\":\"https:\/\/vedruna.org\/wp-content\/uploads\/2025\/11\/2-6-300x225.jpg\",\"orientation\":\"landscape\"},\"large\":{\"height\":768,\"width\":1024,\"url\":\"https:\/\/vedruna.org\/wp-content\/uploads\/2025\/11\/2-6-1024x768.jpg\",\"orientation\":\"landscape\"},\"full\":{\"url\":\"https:\/\/vedruna.org\/wp-content\/uploads\/2025\/11\/2-6-scaled.jpg\",\"height\":1920,\"width\":2560,\"orientation\":\"landscape\"}},\"imageMeta\":{\"aperture\":\"8\",\"credit\":\"\",\"camera\":\"OM-1\",\"caption\":\"\",\"created_timestamp\":\"1761230102\",\"copyright\":\"\",\"focal_length\":\"14\",\"iso\":\"400\",\"shutter_speed\":\"0.004\",\"title\":\"\",\"orientation\":\"1\",\"keywords\":[]},\"meta\":false,\"postlink\":\"https:\/\/vedruna.org\/?attachment_id=31225\"},{\"id\":31228,\"title\":\"5\",\"url\":\"https:\/\/vedruna.org\/wp-content\/uploads\/2025\/11\/5-4.jpg\",\"link\":\"https:\/\/vedruna.org\/?attachment_id=31228\",\"alt\":\"\",\"description\":\"\",\"caption\":\"\",\"mime\":\"image\/jpeg\",\"type\":\"image\",\"width\":1000,\"height\":750,\"sizes\":{\"thumbnail\":{\"height\":150,\"width\":150,\"url\":\"https:\/\/vedruna.org\/wp-content\/uploads\/2025\/11\/5-4-150x150.jpg\",\"orientation\":\"landscape\"},\"medium\":{\"height\":225,\"width\":300,\"url\":\"https:\/\/vedruna.org\/wp-content\/uploads\/2025\/11\/5-4-300x225.jpg\",\"orientation\":\"landscape\"},\"full\":{\"url\":\"https:\/\/vedruna.org\/wp-content\/uploads\/2025\/11\/5-4.jpg\",\"height\":750,\"width\":1000,\"orientation\":\"landscape\"}},\"imageMeta\":{\"aperture\":\"8\",\"credit\":\"\",\"camera\":\"OM-1\",\"caption\":\"\",\"created_timestamp\":\"1762011660\",\"copyright\":\"\",\"focal_length\":\"14\",\"iso\":\"320\",\"shutter_speed\":\"0.004\",\"title\":\"\",\"orientation\":\"1\",\"keywords\":[]},\"meta\":false,\"postlink\":\"https:\/\/vedruna.org\/?attachment_id=31228\"},{\"id\":31229,\"title\":\"6\",\"url\":\"https:\/\/vedruna.org\/wp-content\/uploads\/2025\/11\/6-3.jpg\",\"link\":\"https:\/\/vedruna.org\/?attachment_id=31229\",\"alt\":\"\",\"description\":\"\",\"caption\":\"\",\"mime\":\"image\/jpeg\",\"type\":\"image\",\"width\":750,\"height\":1000,\"sizes\":{\"thumbnail\":{\"height\":150,\"width\":150,\"url\":\"https:\/\/vedruna.org\/wp-content\/uploads\/2025\/11\/6-3-150x150.jpg\",\"orientation\":\"landscape\"},\"medium\":{\"height\":300,\"width\":225,\"url\":\"https:\/\/vedruna.org\/wp-content\/uploads\/2025\/11\/6-3-225x300.jpg\",\"orientation\":\"portrait\"},\"full\":{\"url\":\"https:\/\/vedruna.org\/wp-content\/uploads\/2025\/11\/6-3.jpg\",\"height\":1000,\"width\":750,\"orientation\":\"portrait\"}},\"imageMeta\":{\"aperture\":\"8\",\"credit\":\"\",\"camera\":\"OM-1\",\"caption\":\"\",\"created_timestamp\":\"1762010842\",\"copyright\":\"\",\"focal_length\":\"34\",\"iso\":\"320\",\"shutter_speed\":\"0.00625\",\"title\":\"\",\"orientation\":\"1\",\"keywords\":[]},\"meta\":false,\"postlink\":\"https:\/\/vedruna.org\/?attachment_id=31229\"}],\"translatedWithWPMLTM\":\"1\",\"itemsMetaDataCollection\":[]}<\/script><script>(function(){if(window.PGC_SGB && window.PGC_SGB.searcher){window.PGC_SGB.searcher.initBlocks()}})()<\/script><\/div>","protected":false},"excerpt":{"rendered":"<p>Amaya comparteix el seu mes i mig com a volunt\u00e0ria a la selva, convivint amb les fam\u00edlies del Centre Poblat Nuevo San Juan. All\u00e0 experimenta com la vida es construeix des del senzill, des del petit, des del m\u00e9s profund de l&#8217;\u00e9sser hum\u00e0. \u00c9s una gran experi\u00e8ncia, primer l&#8217;arribada solcant el riu Ucayali, que et [&hellip;]<\/p>\n","protected":false},"author":4,"featured_media":31249,"comment_status":"closed","ping_status":"closed","sticky":false,"template":"","format":"standard","meta":{"_et_pb_use_builder":"","_et_pb_old_content":"","_et_gb_content_width":"","pgc_sgb_lightbox_settings":"","footnotes":""},"categories":[253,260,1,248,351],"tags":[],"class_list":["post-31248","post","type-post","status-publish","format-standard","has-post-thumbnail","hentry","category-peru-ca","category-pucallpa-ca","category-sin-categorizar","category-vedrunamerica-ca","category-voluntariat-vedruna"],"yoast_head":"<!-- This site is optimized with the Yoast SEO plugin v27.5 - https:\/\/yoast.com\/product\/yoast-seo-wordpress\/ -->\n<title>En all\u00f2 simple, la vida es fa cam\u00ed i trobada - Carmelitas de la Caridad Vedruna<\/title>\n<meta name=\"description\" content=\"Amaya comparteix el seu mes i mig com a volunt\u00e0ria a la selva, convivint amb les fam\u00edlies del Centre Poblat Nuevo San Juan\" \/>\n<meta name=\"robots\" content=\"index, follow, max-snippet:-1, max-image-preview:large, max-video-preview:-1\" \/>\n<link rel=\"canonical\" href=\"https:\/\/vedruna.org\/ca\/en-allo-simple-la-vida-es-fa-cami-i-trobada\/\" \/>\n<meta property=\"og:locale\" content=\"ca_ES\" \/>\n<meta property=\"og:type\" content=\"article\" \/>\n<meta property=\"og:title\" content=\"En all\u00f2 simple, la vida es fa cam\u00ed i trobada - Carmelitas de la Caridad Vedruna\" \/>\n<meta property=\"og:description\" content=\"Amaya comparteix el seu mes i mig com a volunt\u00e0ria a la selva, convivint amb les fam\u00edlies del Centre Poblat Nuevo San Juan\" \/>\n<meta property=\"og:url\" content=\"https:\/\/vedruna.org\/ca\/en-allo-simple-la-vida-es-fa-cami-i-trobada\/\" \/>\n<meta property=\"og:site_name\" content=\"Carmelitas de la Caridad Vedruna\" \/>\n<meta property=\"article:published_time\" content=\"2025-12-01T13:09:21+00:00\" \/>\n<meta property=\"article:modified_time\" content=\"2025-12-01T13:10:28+00:00\" \/>\n<meta property=\"og:image\" content=\"https:\/\/vedruna.org\/wp-content\/uploads\/2025\/11\/principal-6.jpg\" \/>\n\t<meta property=\"og:image:width\" content=\"1067\" \/>\n\t<meta property=\"og:image:height\" content=\"800\" \/>\n\t<meta property=\"og:image:type\" content=\"image\/jpeg\" \/>\n<meta name=\"author\" content=\"Comunicaci\u00f3n Vedrunam\u00e9rica\" \/>\n<meta name=\"twitter:card\" content=\"summary_large_image\" \/>\n<meta name=\"twitter:label1\" content=\"Escrit per\" \/>\n\t<meta name=\"twitter:data1\" content=\"Comunicaci\u00f3n Vedrunam\u00e9rica\" \/>\n\t<meta name=\"twitter:label2\" content=\"Temps estimat de lectura\" \/>\n\t<meta name=\"twitter:data2\" content=\"2 minuts\" \/>\n<script type=\"application\/ld+json\" class=\"yoast-schema-graph\">{\"@context\":\"https:\\\/\\\/schema.org\",\"@graph\":[{\"@type\":\"Article\",\"@id\":\"https:\\\/\\\/vedruna.org\\\/ca\\\/en-allo-simple-la-vida-es-fa-cami-i-trobada\\\/#article\",\"isPartOf\":{\"@id\":\"https:\\\/\\\/vedruna.org\\\/ca\\\/en-allo-simple-la-vida-es-fa-cami-i-trobada\\\/\"},\"author\":{\"name\":\"Comunicaci\u00f3n Vedrunam\u00e9rica\",\"@id\":\"https:\\\/\\\/vedruna.org\\\/ca\\\/#\\\/schema\\\/person\\\/cf468646189533fb6a3aae475663fdc7\"},\"headline\":\"En all\u00f2 simple, la vida es fa cam\u00ed i trobada\",\"datePublished\":\"2025-12-01T13:09:21+00:00\",\"dateModified\":\"2025-12-01T13:10:28+00:00\",\"mainEntityOfPage\":{\"@id\":\"https:\\\/\\\/vedruna.org\\\/ca\\\/en-allo-simple-la-vida-es-fa-cami-i-trobada\\\/\"},\"wordCount\":460,\"publisher\":{\"@id\":\"https:\\\/\\\/vedruna.org\\\/ca\\\/#organization\"},\"image\":{\"@id\":\"https:\\\/\\\/vedruna.org\\\/ca\\\/en-allo-simple-la-vida-es-fa-cami-i-trobada\\\/#primaryimage\"},\"thumbnailUrl\":\"https:\\\/\\\/vedruna.org\\\/wp-content\\\/uploads\\\/2025\\\/11\\\/principal-6.jpg\",\"articleSection\":[\"Per\u00fa\",\"Pucallpa\",\"Sin categorizar\",\"Vedrunam\u00e8rica\",\"Voluntariat Vedruna\"],\"inLanguage\":\"ca\"},{\"@type\":\"WebPage\",\"@id\":\"https:\\\/\\\/vedruna.org\\\/ca\\\/en-allo-simple-la-vida-es-fa-cami-i-trobada\\\/\",\"url\":\"https:\\\/\\\/vedruna.org\\\/ca\\\/en-allo-simple-la-vida-es-fa-cami-i-trobada\\\/\",\"name\":\"En all\u00f2 simple, la vida es fa cam\u00ed i trobada - Carmelitas de la Caridad Vedruna\",\"isPartOf\":{\"@id\":\"https:\\\/\\\/vedruna.org\\\/ca\\\/#website\"},\"primaryImageOfPage\":{\"@id\":\"https:\\\/\\\/vedruna.org\\\/ca\\\/en-allo-simple-la-vida-es-fa-cami-i-trobada\\\/#primaryimage\"},\"image\":{\"@id\":\"https:\\\/\\\/vedruna.org\\\/ca\\\/en-allo-simple-la-vida-es-fa-cami-i-trobada\\\/#primaryimage\"},\"thumbnailUrl\":\"https:\\\/\\\/vedruna.org\\\/wp-content\\\/uploads\\\/2025\\\/11\\\/principal-6.jpg\",\"datePublished\":\"2025-12-01T13:09:21+00:00\",\"dateModified\":\"2025-12-01T13:10:28+00:00\",\"description\":\"Amaya comparteix el seu mes i mig com a volunt\u00e0ria a la selva, convivint amb les fam\u00edlies del Centre Poblat Nuevo San Juan\",\"breadcrumb\":{\"@id\":\"https:\\\/\\\/vedruna.org\\\/ca\\\/en-allo-simple-la-vida-es-fa-cami-i-trobada\\\/#breadcrumb\"},\"inLanguage\":\"ca\",\"potentialAction\":[{\"@type\":\"ReadAction\",\"target\":[\"https:\\\/\\\/vedruna.org\\\/ca\\\/en-allo-simple-la-vida-es-fa-cami-i-trobada\\\/\"]}]},{\"@type\":\"ImageObject\",\"inLanguage\":\"ca\",\"@id\":\"https:\\\/\\\/vedruna.org\\\/ca\\\/en-allo-simple-la-vida-es-fa-cami-i-trobada\\\/#primaryimage\",\"url\":\"https:\\\/\\\/vedruna.org\\\/wp-content\\\/uploads\\\/2025\\\/11\\\/principal-6.jpg\",\"contentUrl\":\"https:\\\/\\\/vedruna.org\\\/wp-content\\\/uploads\\\/2025\\\/11\\\/principal-6.jpg\",\"width\":1067,\"height\":800},{\"@type\":\"BreadcrumbList\",\"@id\":\"https:\\\/\\\/vedruna.org\\\/ca\\\/en-allo-simple-la-vida-es-fa-cami-i-trobada\\\/#breadcrumb\",\"itemListElement\":[{\"@type\":\"ListItem\",\"position\":1,\"name\":\"Portada\",\"item\":\"https:\\\/\\\/vedruna.org\\\/ca\\\/\"},{\"@type\":\"ListItem\",\"position\":2,\"name\":\"En all\u00f2 simple, la vida es fa cam\u00ed i trobada\"}]},{\"@type\":\"WebSite\",\"@id\":\"https:\\\/\\\/vedruna.org\\\/ca\\\/#website\",\"url\":\"https:\\\/\\\/vedruna.org\\\/ca\\\/\",\"name\":\"Carmelitas de la Caridad Vedruna\",\"description\":\"Carmelitas de la caridad\",\"publisher\":{\"@id\":\"https:\\\/\\\/vedruna.org\\\/ca\\\/#organization\"},\"potentialAction\":[{\"@type\":\"SearchAction\",\"target\":{\"@type\":\"EntryPoint\",\"urlTemplate\":\"https:\\\/\\\/vedruna.org\\\/ca\\\/?s={search_term_string}\"},\"query-input\":{\"@type\":\"PropertyValueSpecification\",\"valueRequired\":true,\"valueName\":\"search_term_string\"}}],\"inLanguage\":\"ca\"},{\"@type\":\"Organization\",\"@id\":\"https:\\\/\\\/vedruna.org\\\/ca\\\/#organization\",\"name\":\"Carmelitas de la caridad Vedruna\",\"url\":\"https:\\\/\\\/vedruna.org\\\/ca\\\/\",\"logo\":{\"@type\":\"ImageObject\",\"inLanguage\":\"ca\",\"@id\":\"https:\\\/\\\/vedruna.org\\\/ca\\\/#\\\/schema\\\/logo\\\/image\\\/\",\"url\":\"https:\\\/\\\/vedruna.org\\\/wp-content\\\/uploads\\\/2022\\\/04\\\/LOGO-VEDRUNA-HORIZONTAL.png\",\"contentUrl\":\"https:\\\/\\\/vedruna.org\\\/wp-content\\\/uploads\\\/2022\\\/04\\\/LOGO-VEDRUNA-HORIZONTAL.png\",\"width\":1200,\"height\":463,\"caption\":\"Carmelitas de la caridad Vedruna\"},\"image\":{\"@id\":\"https:\\\/\\\/vedruna.org\\\/ca\\\/#\\\/schema\\\/logo\\\/image\\\/\"}},{\"@type\":\"Person\",\"@id\":\"https:\\\/\\\/vedruna.org\\\/ca\\\/#\\\/schema\\\/person\\\/cf468646189533fb6a3aae475663fdc7\",\"name\":\"Comunicaci\u00f3n Vedrunam\u00e9rica\",\"image\":{\"@type\":\"ImageObject\",\"inLanguage\":\"ca\",\"@id\":\"https:\\\/\\\/secure.gravatar.com\\\/avatar\\\/b4eff91ff87ece2131a5d31270e1df0a7eeaffece756ce6503fd7dce879d1bfc?s=96&d=mm&r=g\",\"url\":\"https:\\\/\\\/secure.gravatar.com\\\/avatar\\\/b4eff91ff87ece2131a5d31270e1df0a7eeaffece756ce6503fd7dce879d1bfc?s=96&d=mm&r=g\",\"contentUrl\":\"https:\\\/\\\/secure.gravatar.com\\\/avatar\\\/b4eff91ff87ece2131a5d31270e1df0a7eeaffece756ce6503fd7dce879d1bfc?s=96&d=mm&r=g\",\"caption\":\"Comunicaci\u00f3n Vedrunam\u00e9rica\"},\"url\":\"https:\\\/\\\/vedruna.org\\\/ca\\\/author\\\/comunicacion-vedrunamerica\\\/\"}]}<\/script>\n<!-- \/ Yoast SEO plugin. -->","yoast_head_json":{"title":"En all\u00f2 simple, la vida es fa cam\u00ed i trobada - Carmelitas de la Caridad Vedruna","description":"Amaya comparteix el seu mes i mig com a volunt\u00e0ria a la selva, convivint amb les fam\u00edlies del Centre Poblat Nuevo San Juan","robots":{"index":"index","follow":"follow","max-snippet":"max-snippet:-1","max-image-preview":"max-image-preview:large","max-video-preview":"max-video-preview:-1"},"canonical":"https:\/\/vedruna.org\/ca\/en-allo-simple-la-vida-es-fa-cami-i-trobada\/","og_locale":"ca_ES","og_type":"article","og_title":"En all\u00f2 simple, la vida es fa cam\u00ed i trobada - Carmelitas de la Caridad Vedruna","og_description":"Amaya comparteix el seu mes i mig com a volunt\u00e0ria a la selva, convivint amb les fam\u00edlies del Centre Poblat Nuevo San Juan","og_url":"https:\/\/vedruna.org\/ca\/en-allo-simple-la-vida-es-fa-cami-i-trobada\/","og_site_name":"Carmelitas de la Caridad Vedruna","article_published_time":"2025-12-01T13:09:21+00:00","article_modified_time":"2025-12-01T13:10:28+00:00","og_image":[{"width":1067,"height":800,"url":"https:\/\/vedruna.org\/wp-content\/uploads\/2025\/11\/principal-6.jpg","type":"image\/jpeg"}],"author":"Comunicaci\u00f3n Vedrunam\u00e9rica","twitter_card":"summary_large_image","twitter_misc":{"Escrit per":"Comunicaci\u00f3n Vedrunam\u00e9rica","Temps estimat de lectura":"2 minuts"},"schema":{"@context":"https:\/\/schema.org","@graph":[{"@type":"Article","@id":"https:\/\/vedruna.org\/ca\/en-allo-simple-la-vida-es-fa-cami-i-trobada\/#article","isPartOf":{"@id":"https:\/\/vedruna.org\/ca\/en-allo-simple-la-vida-es-fa-cami-i-trobada\/"},"author":{"name":"Comunicaci\u00f3n Vedrunam\u00e9rica","@id":"https:\/\/vedruna.org\/ca\/#\/schema\/person\/cf468646189533fb6a3aae475663fdc7"},"headline":"En all\u00f2 simple, la vida es fa cam\u00ed i trobada","datePublished":"2025-12-01T13:09:21+00:00","dateModified":"2025-12-01T13:10:28+00:00","mainEntityOfPage":{"@id":"https:\/\/vedruna.org\/ca\/en-allo-simple-la-vida-es-fa-cami-i-trobada\/"},"wordCount":460,"publisher":{"@id":"https:\/\/vedruna.org\/ca\/#organization"},"image":{"@id":"https:\/\/vedruna.org\/ca\/en-allo-simple-la-vida-es-fa-cami-i-trobada\/#primaryimage"},"thumbnailUrl":"https:\/\/vedruna.org\/wp-content\/uploads\/2025\/11\/principal-6.jpg","articleSection":["Per\u00fa","Pucallpa","Sin categorizar","Vedrunam\u00e8rica","Voluntariat Vedruna"],"inLanguage":"ca"},{"@type":"WebPage","@id":"https:\/\/vedruna.org\/ca\/en-allo-simple-la-vida-es-fa-cami-i-trobada\/","url":"https:\/\/vedruna.org\/ca\/en-allo-simple-la-vida-es-fa-cami-i-trobada\/","name":"En all\u00f2 simple, la vida es fa cam\u00ed i trobada - Carmelitas de la Caridad Vedruna","isPartOf":{"@id":"https:\/\/vedruna.org\/ca\/#website"},"primaryImageOfPage":{"@id":"https:\/\/vedruna.org\/ca\/en-allo-simple-la-vida-es-fa-cami-i-trobada\/#primaryimage"},"image":{"@id":"https:\/\/vedruna.org\/ca\/en-allo-simple-la-vida-es-fa-cami-i-trobada\/#primaryimage"},"thumbnailUrl":"https:\/\/vedruna.org\/wp-content\/uploads\/2025\/11\/principal-6.jpg","datePublished":"2025-12-01T13:09:21+00:00","dateModified":"2025-12-01T13:10:28+00:00","description":"Amaya comparteix el seu mes i mig com a volunt\u00e0ria a la selva, convivint amb les fam\u00edlies del Centre Poblat Nuevo San Juan","breadcrumb":{"@id":"https:\/\/vedruna.org\/ca\/en-allo-simple-la-vida-es-fa-cami-i-trobada\/#breadcrumb"},"inLanguage":"ca","potentialAction":[{"@type":"ReadAction","target":["https:\/\/vedruna.org\/ca\/en-allo-simple-la-vida-es-fa-cami-i-trobada\/"]}]},{"@type":"ImageObject","inLanguage":"ca","@id":"https:\/\/vedruna.org\/ca\/en-allo-simple-la-vida-es-fa-cami-i-trobada\/#primaryimage","url":"https:\/\/vedruna.org\/wp-content\/uploads\/2025\/11\/principal-6.jpg","contentUrl":"https:\/\/vedruna.org\/wp-content\/uploads\/2025\/11\/principal-6.jpg","width":1067,"height":800},{"@type":"BreadcrumbList","@id":"https:\/\/vedruna.org\/ca\/en-allo-simple-la-vida-es-fa-cami-i-trobada\/#breadcrumb","itemListElement":[{"@type":"ListItem","position":1,"name":"Portada","item":"https:\/\/vedruna.org\/ca\/"},{"@type":"ListItem","position":2,"name":"En all\u00f2 simple, la vida es fa cam\u00ed i trobada"}]},{"@type":"WebSite","@id":"https:\/\/vedruna.org\/ca\/#website","url":"https:\/\/vedruna.org\/ca\/","name":"Carmelitas de la Caridad Vedruna","description":"Carmelitas de la caridad","publisher":{"@id":"https:\/\/vedruna.org\/ca\/#organization"},"potentialAction":[{"@type":"SearchAction","target":{"@type":"EntryPoint","urlTemplate":"https:\/\/vedruna.org\/ca\/?s={search_term_string}"},"query-input":{"@type":"PropertyValueSpecification","valueRequired":true,"valueName":"search_term_string"}}],"inLanguage":"ca"},{"@type":"Organization","@id":"https:\/\/vedruna.org\/ca\/#organization","name":"Carmelitas de la caridad Vedruna","url":"https:\/\/vedruna.org\/ca\/","logo":{"@type":"ImageObject","inLanguage":"ca","@id":"https:\/\/vedruna.org\/ca\/#\/schema\/logo\/image\/","url":"https:\/\/vedruna.org\/wp-content\/uploads\/2022\/04\/LOGO-VEDRUNA-HORIZONTAL.png","contentUrl":"https:\/\/vedruna.org\/wp-content\/uploads\/2022\/04\/LOGO-VEDRUNA-HORIZONTAL.png","width":1200,"height":463,"caption":"Carmelitas de la caridad Vedruna"},"image":{"@id":"https:\/\/vedruna.org\/ca\/#\/schema\/logo\/image\/"}},{"@type":"Person","@id":"https:\/\/vedruna.org\/ca\/#\/schema\/person\/cf468646189533fb6a3aae475663fdc7","name":"Comunicaci\u00f3n Vedrunam\u00e9rica","image":{"@type":"ImageObject","inLanguage":"ca","@id":"https:\/\/secure.gravatar.com\/avatar\/b4eff91ff87ece2131a5d31270e1df0a7eeaffece756ce6503fd7dce879d1bfc?s=96&d=mm&r=g","url":"https:\/\/secure.gravatar.com\/avatar\/b4eff91ff87ece2131a5d31270e1df0a7eeaffece756ce6503fd7dce879d1bfc?s=96&d=mm&r=g","contentUrl":"https:\/\/secure.gravatar.com\/avatar\/b4eff91ff87ece2131a5d31270e1df0a7eeaffece756ce6503fd7dce879d1bfc?s=96&d=mm&r=g","caption":"Comunicaci\u00f3n Vedrunam\u00e9rica"},"url":"https:\/\/vedruna.org\/ca\/author\/comunicacion-vedrunamerica\/"}]}},"_links":{"self":[{"href":"https:\/\/vedruna.org\/ca\/wp-json\/wp\/v2\/posts\/31248","targetHints":{"allow":["GET"]}}],"collection":[{"href":"https:\/\/vedruna.org\/ca\/wp-json\/wp\/v2\/posts"}],"about":[{"href":"https:\/\/vedruna.org\/ca\/wp-json\/wp\/v2\/types\/post"}],"author":[{"embeddable":true,"href":"https:\/\/vedruna.org\/ca\/wp-json\/wp\/v2\/users\/4"}],"replies":[{"embeddable":true,"href":"https:\/\/vedruna.org\/ca\/wp-json\/wp\/v2\/comments?post=31248"}],"version-history":[{"count":1,"href":"https:\/\/vedruna.org\/ca\/wp-json\/wp\/v2\/posts\/31248\/revisions"}],"predecessor-version":[{"id":31252,"href":"https:\/\/vedruna.org\/ca\/wp-json\/wp\/v2\/posts\/31248\/revisions\/31252"}],"wp:featuredmedia":[{"embeddable":true,"href":"https:\/\/vedruna.org\/ca\/wp-json\/wp\/v2\/media\/31249"}],"wp:attachment":[{"href":"https:\/\/vedruna.org\/ca\/wp-json\/wp\/v2\/media?parent=31248"}],"wp:term":[{"taxonomy":"category","embeddable":true,"href":"https:\/\/vedruna.org\/ca\/wp-json\/wp\/v2\/categories?post=31248"},{"taxonomy":"post_tag","embeddable":true,"href":"https:\/\/vedruna.org\/ca\/wp-json\/wp\/v2\/tags?post=31248"}],"curies":[{"name":"wp","href":"https:\/\/api.w.org\/{rel}","templated":true}]}}