{"id":31718,"date":"2025-12-06T07:25:00","date_gmt":"2025-12-06T06:25:00","guid":{"rendered":"https:\/\/vedruna.org\/de-la-curiositat-a-la-vocacio-guiant-les-noies-en-el-discerniment-i-el-servei\/"},"modified":"2025-12-09T11:24:40","modified_gmt":"2025-12-09T10:24:40","slug":"de-la-curiositat-a-la-vocacio-guiant-les-noies-en-el-discerniment-i-el-servei","status":"publish","type":"post","link":"https:\/\/vedruna.org\/ca\/de-la-curiositat-a-la-vocacio-guiant-les-noies-en-el-discerniment-i-el-servei\/","title":{"rendered":"De la curiositat a la vocaci\u00f3: guiant les noies en el discerniment i el servei"},"content":{"rendered":"\n<p>Per guiar les noies joves a comprendre <strong>la crida de D\u00e9u a les seves vides<\/strong> , es van organitzar campaments vocacionals a Bardipada i Unai per a estudiants cat\u00f2lics de 9\u00e8 a 12\u00e8. El primer campament va tenir lloc a Bardipada el 22 de novembre de 2025 amb 43 noies assistides. El segon campament es va dur a terme a Unai el 23 de novembre de 2025, on van participar 85 noies d&#8217;Unai, Ahwa, Subir i Pimpri.   Gna. La Sweta i la germana Sejal van animar els dos campaments amb gran inter\u00e8s i cura. El campament Bardipada es va celebrar de 15.00 a 18.00, mentre que el campament Unai va durar tot el dia de 10.30 a 16.30.  <\/p>\n\n<p>Les sessions es van planificar per ajudar les noies <strong>a comprendre el significat d&#8217;una vocaci\u00f3 i a reflexionar sobre la crida de D\u00e9u<\/strong> a les seves pr\u00f2pies vides. La primera sessi\u00f3 va explicar <strong>qu\u00e8 significa una &#8220;crida&#8221;<\/strong> : que D\u00e9u convida cada persona a una vida d&#8217;amor, servei i prop\u00f2sit. Una altra sessi\u00f3 va parlar de les <strong>crides rebudes per figures importants de la B\u00edblia<\/strong> , mostrant com D\u00e9u va guiar persones com Abraham, Mois\u00e8s, Samuel, David, Jeremies, Isa\u00efes i Maria.  <\/p>\n\n<p>Una sessi\u00f3 especial <strong>va compartir les hist\u00f2ries inspiradores<\/strong> d&#8217;Esmeralda Sol\u00eds Gonz\u00e1les, una reina de bellesa mexicana que va deixar la seva carrera per unir-se a les Missioneres Clarisses del Sant\u00edssim Sagrament, i del P. Philip Mulryne, un exfutbolista professional que m\u00e9s tard es va convertir en sacerdot. Les seves hist\u00f2ries van ajudar les noies a veure que D\u00e9u pot cridar a les persones de moltes maneres diferents i de molts or\u00edgens diferents. A m\u00e9s d&#8217;aquestes,    <strong>Les germanes Sweta i Sejal tamb\u00e9 van compartir les seves pr\u00f2pies hist\u00f2ries vocacionals <\/strong>, mostrant com D\u00e9u obra a trav\u00e9s d&#8217;esdeveniments senzills, la vida quotidiana i experi\u00e8ncies personals per guiar alg\u00fa cap a una vida de servei.<\/p>\n\n<p>Tamb\u00e9 hi va haver una sessi\u00f3 sobre <strong>la vida de Santa Joaquina<\/strong> , destacant la seva profunda fe, la seva preocupaci\u00f3 pels pobres i el seu desig de servir a les fam\u00edlies. Les noies van aprendre com els seus passos senzills per\u00f2 ferms van conduir a la fundaci\u00f3 de la Congregaci\u00f3 Vedruna. Una altra sessi\u00f3 va explicar la <strong>missi\u00f3 de les Germanes Vedruna<\/strong> , el seu servei en educaci\u00f3, salut i treball social, i el seu comprom\u00eds d&#8217;estar a prop de les fam\u00edlies i els necessitats.  <\/p>\n\n<p>Per mantenir el campament animat i agradable, es van incloure jocs i can\u00e7ons animades entre les sessions. Aix\u00f2 va ajudar les noies a relaxar-se, interactuar i participar amb alegria. <\/p>\n\n<p>Tant les comunitats de Bardipada com d&#8217;Unai van fer molt bons preparatius per als campaments. La seva c\u00e0lida hospitalitat i la seva acurada planificaci\u00f3 van ajudar a que els programes funcionessin sense problemes i van crear un ambient alegre i acollidor per a totes les noies. <\/p>\n\n<p class=\"has-text-align-right\"><strong>Gna. Sweta William, ccv<\/strong><\/p>\n<div class=\"pgc-sgb-cb wp-block-pgcsimplygalleryblock-justified \" data-gallery-id=\"ed342668\"><div class=\"sgb-preloader\" id=\"pr_ed342668\">\n\t<div class=\"sgb-square\" style=\"background:#d4d4d4\"><\/div>\n\t<div class=\"sgb-square\" style=\"background:#d4d4d4\"><\/div>\n\t<div class=\"sgb-square\" style=\"background:#d4d4d4\"><\/div>\n\t<div class=\"sgb-square\" style=\"background:#d4d4d4\"><\/div><\/div><div class=\"simply-gallery-amp pgc_sgb_slider \"><noscript><div class=\"sgb-gallery\"><div class=\"sgb-item\"><a href=\"https:\/\/vedruna.org\/en\/?attachment_id=31489\" target=\"_blank\"><img decoding=\"async\" alt=\"\" width=\"300\" height=\"147\" loading=\"lazy\" src=\"https:\/\/vedruna.org\/wp-content\/uploads\/2025\/12\/Unai-1-300x147.jpg\" srcset=\"https:\/\/vedruna.org\/wp-content\/uploads\/2025\/12\/Unai-1-300x147.jpg 300w,https:\/\/vedruna.org\/wp-content\/uploads\/2025\/12\/Unai-1-1024x503.jpg 1024w,https:\/\/vedruna.org\/wp-content\/uploads\/2025\/12\/Unai-1.jpg 1136w\" sizes=\"250px\"\/><\/a><div class=\"sgb-item-caption\"><em>Unai<\/em><\/div><\/div><div class=\"sgb-item\"><a href=\"https:\/\/vedruna.org\/en\/?attachment_id=31492\" target=\"_blank\"><img decoding=\"async\" alt=\"\" width=\"300\" height=\"226\" loading=\"lazy\" src=\"https:\/\/vedruna.org\/wp-content\/uploads\/2025\/12\/Unai-2-300x226.jpg\" srcset=\"https:\/\/vedruna.org\/wp-content\/uploads\/2025\/12\/Unai-2-300x226.jpg 300w,https:\/\/vedruna.org\/wp-content\/uploads\/2025\/12\/Unai-2-1024x770.jpg 1024w,https:\/\/vedruna.org\/wp-content\/uploads\/2025\/12\/Unai-2.jpg 1280w\" sizes=\"250px\"\/><\/a><div class=\"sgb-item-caption\"><em>Unai<\/em><\/div><\/div><div class=\"sgb-item\"><a href=\"https:\/\/vedruna.org\/en\/?attachment_id=31490\" target=\"_blank\"><img decoding=\"async\" alt=\"\" width=\"300\" height=\"136\" loading=\"lazy\" src=\"https:\/\/vedruna.org\/wp-content\/uploads\/2025\/12\/Bardipada-2-300x136.jpg\" srcset=\"https:\/\/vedruna.org\/wp-content\/uploads\/2025\/12\/Bardipada-2-300x136.jpg 300w,https:\/\/vedruna.org\/wp-content\/uploads\/2025\/12\/Bardipada-2-1024x463.jpg 1024w,https:\/\/vedruna.org\/wp-content\/uploads\/2025\/12\/Bardipada-2.jpg 1280w\" sizes=\"250px\"\/><\/a><div class=\"sgb-item-caption\"><em>Bardipada<\/em><\/div><\/div><div class=\"sgb-item\"><a href=\"https:\/\/vedruna.org\/en\/?attachment_id=31491\" target=\"_blank\"><img decoding=\"async\" alt=\"\" width=\"300\" height=\"136\" loading=\"lazy\" src=\"https:\/\/vedruna.org\/wp-content\/uploads\/2025\/12\/Bardipada-1-300x136.jpg\" srcset=\"https:\/\/vedruna.org\/wp-content\/uploads\/2025\/12\/Bardipada-1-300x136.jpg 300w,https:\/\/vedruna.org\/wp-content\/uploads\/2025\/12\/Bardipada-1-1024x463.jpg 1024w,https:\/\/vedruna.org\/wp-content\/uploads\/2025\/12\/Bardipada-1.jpg 1280w\" sizes=\"250px\"\/><\/a><div class=\"sgb-item-caption\"><em>Bardipada<\/em><\/div><\/div><\/div><\/noscript><\/div><script type=\"application\/json\" class=\"sgb-data\">{\"lastRowFill\":true,\"externalLink\":false,\"captionHAlign\":\"bottom\",\"collectionthumbHoverTitleFontSize\":14,\"collectionthumbHoverTitleTextBgColor\":\"rgba(0,0,0,0.34)\",\"collectionThumbSubMenuDownload\":false,\"collectionThumbSubMenuShare\":false,\"galleryType\":\"pgc_sgb_justified\",\"galleryId\":\"ed342668\",\"images\":[{\"id\":31489,\"title\":\"Unai 1\",\"url\":\"https:\/\/vedruna.org\/wp-content\/uploads\/2025\/12\/Unai-1.jpg\",\"link\":\"https:\/\/vedruna.org\/en\/?attachment_id=31489\",\"alt\":\"\",\"description\":\"\",\"caption\":\"Unai\",\"mime\":\"image\/jpeg\",\"type\":\"image\",\"width\":1136,\"height\":558,\"sizes\":{\"thumbnail\":{\"height\":150,\"width\":150,\"url\":\"https:\/\/vedruna.org\/wp-content\/uploads\/2025\/12\/Unai-1-150x150.jpg\",\"orientation\":\"landscape\"},\"medium\":{\"height\":147,\"width\":300,\"url\":\"https:\/\/vedruna.org\/wp-content\/uploads\/2025\/12\/Unai-1-300x147.jpg\",\"orientation\":\"landscape\"},\"large\":{\"height\":503,\"width\":1024,\"url\":\"https:\/\/vedruna.org\/wp-content\/uploads\/2025\/12\/Unai-1-1024x503.jpg\",\"orientation\":\"landscape\"},\"full\":{\"url\":\"https:\/\/vedruna.org\/wp-content\/uploads\/2025\/12\/Unai-1.jpg\",\"height\":558,\"width\":1136,\"orientation\":\"landscape\"}},\"imageMeta\":{\"aperture\":\"0\",\"credit\":\"\",\"camera\":\"\",\"caption\":\"\",\"created_timestamp\":\"0\",\"copyright\":\"\",\"focal_length\":\"0\",\"iso\":\"0\",\"shutter_speed\":\"0\",\"title\":\"\",\"orientation\":\"0\",\"keywords\":[]},\"meta\":false,\"postlink\":\"https:\/\/vedruna.org\/en\/?attachment_id=31489\"},{\"id\":31492,\"title\":\"Unai 2\",\"url\":\"https:\/\/vedruna.org\/wp-content\/uploads\/2025\/12\/Unai-2.jpg\",\"link\":\"https:\/\/vedruna.org\/en\/?attachment_id=31492\",\"alt\":\"\",\"description\":\"\",\"caption\":\"Unai\",\"mime\":\"image\/jpeg\",\"type\":\"image\",\"width\":1280,\"height\":963,\"sizes\":{\"thumbnail\":{\"height\":150,\"width\":150,\"url\":\"https:\/\/vedruna.org\/wp-content\/uploads\/2025\/12\/Unai-2-150x150.jpg\",\"orientation\":\"landscape\"},\"medium\":{\"height\":226,\"width\":300,\"url\":\"https:\/\/vedruna.org\/wp-content\/uploads\/2025\/12\/Unai-2-300x226.jpg\",\"orientation\":\"landscape\"},\"large\":{\"height\":770,\"width\":1024,\"url\":\"https:\/\/vedruna.org\/wp-content\/uploads\/2025\/12\/Unai-2-1024x770.jpg\",\"orientation\":\"landscape\"},\"full\":{\"url\":\"https:\/\/vedruna.org\/wp-content\/uploads\/2025\/12\/Unai-2.jpg\",\"height\":963,\"width\":1280,\"orientation\":\"landscape\"}},\"imageMeta\":{\"aperture\":\"0\",\"credit\":\"\",\"camera\":\"\",\"caption\":\"\",\"created_timestamp\":\"0\",\"copyright\":\"\",\"focal_length\":\"0\",\"iso\":\"0\",\"shutter_speed\":\"0\",\"title\":\"\",\"orientation\":\"0\",\"keywords\":[]},\"meta\":false,\"postlink\":\"https:\/\/vedruna.org\/en\/?attachment_id=31492\"},{\"id\":31490,\"title\":\"Bardipada 2\",\"url\":\"https:\/\/vedruna.org\/wp-content\/uploads\/2025\/12\/Bardipada-2.jpg\",\"link\":\"https:\/\/vedruna.org\/en\/?attachment_id=31490\",\"alt\":\"\",\"description\":\"\",\"caption\":\"Bardipada\",\"mime\":\"image\/jpeg\",\"type\":\"image\",\"width\":1280,\"height\":579,\"sizes\":{\"thumbnail\":{\"height\":150,\"width\":150,\"url\":\"https:\/\/vedruna.org\/wp-content\/uploads\/2025\/12\/Bardipada-2-150x150.jpg\",\"orientation\":\"landscape\"},\"medium\":{\"height\":136,\"width\":300,\"url\":\"https:\/\/vedruna.org\/wp-content\/uploads\/2025\/12\/Bardipada-2-300x136.jpg\",\"orientation\":\"landscape\"},\"large\":{\"height\":463,\"width\":1024,\"url\":\"https:\/\/vedruna.org\/wp-content\/uploads\/2025\/12\/Bardipada-2-1024x463.jpg\",\"orientation\":\"landscape\"},\"full\":{\"url\":\"https:\/\/vedruna.org\/wp-content\/uploads\/2025\/12\/Bardipada-2.jpg\",\"height\":579,\"width\":1280,\"orientation\":\"landscape\"}},\"imageMeta\":{\"aperture\":\"0\",\"credit\":\"\",\"camera\":\"\",\"caption\":\"\",\"created_timestamp\":\"0\",\"copyright\":\"\",\"focal_length\":\"0\",\"iso\":\"0\",\"shutter_speed\":\"0\",\"title\":\"\",\"orientation\":\"0\",\"keywords\":[]},\"meta\":false,\"postlink\":\"https:\/\/vedruna.org\/en\/?attachment_id=31490\"},{\"id\":31491,\"title\":\"Bardipada 1\",\"url\":\"https:\/\/vedruna.org\/wp-content\/uploads\/2025\/12\/Bardipada-1.jpg\",\"link\":\"https:\/\/vedruna.org\/en\/?attachment_id=31491\",\"alt\":\"\",\"description\":\"\",\"caption\":\"Bardipada\",\"mime\":\"image\/jpeg\",\"type\":\"image\",\"width\":1280,\"height\":579,\"sizes\":{\"thumbnail\":{\"height\":150,\"width\":150,\"url\":\"https:\/\/vedruna.org\/wp-content\/uploads\/2025\/12\/Bardipada-1-150x150.jpg\",\"orientation\":\"landscape\"},\"medium\":{\"height\":136,\"width\":300,\"url\":\"https:\/\/vedruna.org\/wp-content\/uploads\/2025\/12\/Bardipada-1-300x136.jpg\",\"orientation\":\"landscape\"},\"large\":{\"height\":463,\"width\":1024,\"url\":\"https:\/\/vedruna.org\/wp-content\/uploads\/2025\/12\/Bardipada-1-1024x463.jpg\",\"orientation\":\"landscape\"},\"full\":{\"url\":\"https:\/\/vedruna.org\/wp-content\/uploads\/2025\/12\/Bardipada-1.jpg\",\"height\":579,\"width\":1280,\"orientation\":\"landscape\"}},\"imageMeta\":{\"aperture\":\"0\",\"credit\":\"\",\"camera\":\"\",\"caption\":\"\",\"created_timestamp\":\"0\",\"copyright\":\"\",\"focal_length\":\"0\",\"iso\":\"0\",\"shutter_speed\":\"0\",\"title\":\"\",\"orientation\":\"0\",\"keywords\":[]},\"meta\":false,\"postlink\":\"https:\/\/vedruna.org\/en\/?attachment_id=31491\"}],\"translatedWithWPMLTM\":\"1\",\"itemsMetaDataCollection\":[]}<\/script><script>(function(){if(window.PGC_SGB && window.PGC_SGB.searcher){window.PGC_SGB.searcher.initBlocks()}})()<\/script><\/div>","protected":false},"excerpt":{"rendered":"<p>Per guiar les noies joves a comprendre la crida de D\u00e9u a les seves vides , es van organitzar campaments vocacionals a Bardipada i Unai per a estudiants cat\u00f2lics de 9\u00e8 a 12\u00e8. El primer campament va tenir lloc a Bardipada el 22 de novembre de 2025 amb 43 noies assistides. El segon campament es [&hellip;]<\/p>\n","protected":false},"author":21,"featured_media":0,"comment_status":"closed","ping_status":"closed","sticky":false,"template":"","format":"standard","meta":{"_et_pb_use_builder":"","_et_pb_old_content":"","_et_gb_content_width":"","pgc_sgb_lightbox_settings":"","footnotes":""},"categories":[282],"tags":[],"class_list":["post-31718","post","type-post","status-publish","format-standard","hentry","category-provincia-dindia"],"yoast_head":"<!-- This site is optimized with the Yoast SEO plugin v27.5 - https:\/\/yoast.com\/product\/yoast-seo-wordpress\/ -->\n<title>De la curiositat a la vocaci\u00f3: guiant les noies en el discerniment i el servei - Carmelitas de la Caridad Vedruna<\/title>\n<meta name=\"description\" content=\"Per guiar les noies joves a comprendre la crida de D\u00e9u a les seves vides, es van organitzar campaments vocacionals a Bardipada i Unai.\" \/>\n<meta name=\"robots\" content=\"index, follow, max-snippet:-1, max-image-preview:large, max-video-preview:-1\" \/>\n<link rel=\"canonical\" href=\"https:\/\/vedruna.org\/ca\/de-la-curiositat-a-la-vocacio-guiant-les-noies-en-el-discerniment-i-el-servei\/\" \/>\n<meta property=\"og:locale\" content=\"ca_ES\" \/>\n<meta property=\"og:type\" content=\"article\" \/>\n<meta property=\"og:title\" content=\"De la curiositat a la vocaci\u00f3: guiant les noies en el discerniment i el servei - Carmelitas de la Caridad Vedruna\" \/>\n<meta property=\"og:description\" content=\"Per guiar les noies joves a comprendre la crida de D\u00e9u a les seves vides, es van organitzar campaments vocacionals a Bardipada i Unai.\" \/>\n<meta property=\"og:url\" content=\"https:\/\/vedruna.org\/ca\/de-la-curiositat-a-la-vocacio-guiant-les-noies-en-el-discerniment-i-el-servei\/\" \/>\n<meta property=\"og:site_name\" content=\"Carmelitas de la Caridad Vedruna\" \/>\n<meta property=\"article:published_time\" content=\"2025-12-06T06:25:00+00:00\" \/>\n<meta property=\"article:modified_time\" content=\"2025-12-09T10:24:40+00:00\" \/>\n<meta property=\"og:image\" content=\"https:\/\/vedruna.org\/wp-content\/uploads\/2025\/12\/Bardipada-2.jpg\" \/>\n\t<meta property=\"og:image:width\" content=\"1280\" \/>\n\t<meta property=\"og:image:height\" content=\"579\" \/>\n\t<meta property=\"og:image:type\" content=\"image\/jpeg\" \/>\n<meta name=\"author\" content=\"Maria Agustina G\u00f3mez\" \/>\n<meta name=\"twitter:card\" content=\"summary_large_image\" \/>\n<meta name=\"twitter:label1\" content=\"Escrit per\" \/>\n\t<meta name=\"twitter:data1\" content=\"Maria Agustina G\u00f3mez\" \/>\n\t<meta name=\"twitter:label2\" content=\"Temps estimat de lectura\" \/>\n\t<meta name=\"twitter:data2\" content=\"2 minuts\" \/>\n<script type=\"application\/ld+json\" class=\"yoast-schema-graph\">{\"@context\":\"https:\\\/\\\/schema.org\",\"@graph\":[{\"@type\":\"Article\",\"@id\":\"https:\\\/\\\/vedruna.org\\\/ca\\\/de-la-curiositat-a-la-vocacio-guiant-les-noies-en-el-discerniment-i-el-servei\\\/#article\",\"isPartOf\":{\"@id\":\"https:\\\/\\\/vedruna.org\\\/ca\\\/de-la-curiositat-a-la-vocacio-guiant-les-noies-en-el-discerniment-i-el-servei\\\/\"},\"author\":{\"name\":\"Maria Agustina G\u00f3mez\",\"@id\":\"https:\\\/\\\/vedruna.org\\\/ca\\\/#\\\/schema\\\/person\\\/95fe789adf27c2831fc5a049c727edf5\"},\"headline\":\"De la curiositat a la vocaci\u00f3: guiant les noies en el discerniment i el servei\",\"datePublished\":\"2025-12-06T06:25:00+00:00\",\"dateModified\":\"2025-12-09T10:24:40+00:00\",\"mainEntityOfPage\":{\"@id\":\"https:\\\/\\\/vedruna.org\\\/ca\\\/de-la-curiositat-a-la-vocacio-guiant-les-noies-en-el-discerniment-i-el-servei\\\/\"},\"wordCount\":515,\"publisher\":{\"@id\":\"https:\\\/\\\/vedruna.org\\\/ca\\\/#organization\"},\"image\":{\"@id\":\"https:\\\/\\\/vedruna.org\\\/ca\\\/de-la-curiositat-a-la-vocacio-guiant-les-noies-en-el-discerniment-i-el-servei\\\/#primaryimage\"},\"thumbnailUrl\":\"https:\\\/\\\/vedruna.org\\\/wp-content\\\/uploads\\\/2025\\\/12\\\/Unai-1-1024x503.jpg\",\"articleSection\":[\"Prov\u00edncia d'\u00cdndia\"],\"inLanguage\":\"ca\"},{\"@type\":\"WebPage\",\"@id\":\"https:\\\/\\\/vedruna.org\\\/ca\\\/de-la-curiositat-a-la-vocacio-guiant-les-noies-en-el-discerniment-i-el-servei\\\/\",\"url\":\"https:\\\/\\\/vedruna.org\\\/ca\\\/de-la-curiositat-a-la-vocacio-guiant-les-noies-en-el-discerniment-i-el-servei\\\/\",\"name\":\"De la curiositat a la vocaci\u00f3: guiant les noies en el discerniment i el servei - Carmelitas de la Caridad Vedruna\",\"isPartOf\":{\"@id\":\"https:\\\/\\\/vedruna.org\\\/ca\\\/#website\"},\"primaryImageOfPage\":{\"@id\":\"https:\\\/\\\/vedruna.org\\\/ca\\\/de-la-curiositat-a-la-vocacio-guiant-les-noies-en-el-discerniment-i-el-servei\\\/#primaryimage\"},\"image\":{\"@id\":\"https:\\\/\\\/vedruna.org\\\/ca\\\/de-la-curiositat-a-la-vocacio-guiant-les-noies-en-el-discerniment-i-el-servei\\\/#primaryimage\"},\"thumbnailUrl\":\"https:\\\/\\\/vedruna.org\\\/wp-content\\\/uploads\\\/2025\\\/12\\\/Unai-1-1024x503.jpg\",\"datePublished\":\"2025-12-06T06:25:00+00:00\",\"dateModified\":\"2025-12-09T10:24:40+00:00\",\"description\":\"Per guiar les noies joves a comprendre la crida de D\u00e9u a les seves vides, es van organitzar campaments vocacionals a Bardipada i Unai.\",\"breadcrumb\":{\"@id\":\"https:\\\/\\\/vedruna.org\\\/ca\\\/de-la-curiositat-a-la-vocacio-guiant-les-noies-en-el-discerniment-i-el-servei\\\/#breadcrumb\"},\"inLanguage\":\"ca\",\"potentialAction\":[{\"@type\":\"ReadAction\",\"target\":[\"https:\\\/\\\/vedruna.org\\\/ca\\\/de-la-curiositat-a-la-vocacio-guiant-les-noies-en-el-discerniment-i-el-servei\\\/\"]}]},{\"@type\":\"ImageObject\",\"inLanguage\":\"ca\",\"@id\":\"https:\\\/\\\/vedruna.org\\\/ca\\\/de-la-curiositat-a-la-vocacio-guiant-les-noies-en-el-discerniment-i-el-servei\\\/#primaryimage\",\"url\":\"https:\\\/\\\/vedruna.org\\\/wp-content\\\/uploads\\\/2025\\\/12\\\/Unai-1-1024x503.jpg\",\"contentUrl\":\"https:\\\/\\\/vedruna.org\\\/wp-content\\\/uploads\\\/2025\\\/12\\\/Unai-1-1024x503.jpg\"},{\"@type\":\"BreadcrumbList\",\"@id\":\"https:\\\/\\\/vedruna.org\\\/ca\\\/de-la-curiositat-a-la-vocacio-guiant-les-noies-en-el-discerniment-i-el-servei\\\/#breadcrumb\",\"itemListElement\":[{\"@type\":\"ListItem\",\"position\":1,\"name\":\"Portada\",\"item\":\"https:\\\/\\\/vedruna.org\\\/ca\\\/\"},{\"@type\":\"ListItem\",\"position\":2,\"name\":\"De la curiositat a la vocaci\u00f3: guiant les noies en el discerniment i el servei\"}]},{\"@type\":\"WebSite\",\"@id\":\"https:\\\/\\\/vedruna.org\\\/ca\\\/#website\",\"url\":\"https:\\\/\\\/vedruna.org\\\/ca\\\/\",\"name\":\"Carmelitas de la Caridad Vedruna\",\"description\":\"Carmelitas de la caridad\",\"publisher\":{\"@id\":\"https:\\\/\\\/vedruna.org\\\/ca\\\/#organization\"},\"potentialAction\":[{\"@type\":\"SearchAction\",\"target\":{\"@type\":\"EntryPoint\",\"urlTemplate\":\"https:\\\/\\\/vedruna.org\\\/ca\\\/?s={search_term_string}\"},\"query-input\":{\"@type\":\"PropertyValueSpecification\",\"valueRequired\":true,\"valueName\":\"search_term_string\"}}],\"inLanguage\":\"ca\"},{\"@type\":\"Organization\",\"@id\":\"https:\\\/\\\/vedruna.org\\\/ca\\\/#organization\",\"name\":\"Carmelitas de la caridad Vedruna\",\"url\":\"https:\\\/\\\/vedruna.org\\\/ca\\\/\",\"logo\":{\"@type\":\"ImageObject\",\"inLanguage\":\"ca\",\"@id\":\"https:\\\/\\\/vedruna.org\\\/ca\\\/#\\\/schema\\\/logo\\\/image\\\/\",\"url\":\"https:\\\/\\\/vedruna.org\\\/wp-content\\\/uploads\\\/2022\\\/04\\\/LOGO-VEDRUNA-HORIZONTAL.png\",\"contentUrl\":\"https:\\\/\\\/vedruna.org\\\/wp-content\\\/uploads\\\/2022\\\/04\\\/LOGO-VEDRUNA-HORIZONTAL.png\",\"width\":1200,\"height\":463,\"caption\":\"Carmelitas de la caridad Vedruna\"},\"image\":{\"@id\":\"https:\\\/\\\/vedruna.org\\\/ca\\\/#\\\/schema\\\/logo\\\/image\\\/\"}},{\"@type\":\"Person\",\"@id\":\"https:\\\/\\\/vedruna.org\\\/ca\\\/#\\\/schema\\\/person\\\/95fe789adf27c2831fc5a049c727edf5\",\"name\":\"Maria Agustina G\u00f3mez\",\"image\":{\"@type\":\"ImageObject\",\"inLanguage\":\"ca\",\"@id\":\"https:\\\/\\\/secure.gravatar.com\\\/avatar\\\/8af3ece86571c098b978434bbc43b948c403c1ae191f09a04e94f916638ceb2c?s=96&d=mm&r=g\",\"url\":\"https:\\\/\\\/secure.gravatar.com\\\/avatar\\\/8af3ece86571c098b978434bbc43b948c403c1ae191f09a04e94f916638ceb2c?s=96&d=mm&r=g\",\"contentUrl\":\"https:\\\/\\\/secure.gravatar.com\\\/avatar\\\/8af3ece86571c098b978434bbc43b948c403c1ae191f09a04e94f916638ceb2c?s=96&d=mm&r=g\",\"caption\":\"Maria Agustina G\u00f3mez\"},\"url\":\"https:\\\/\\\/vedruna.org\\\/ca\\\/author\\\/agustina-gomez\\\/\"}]}<\/script>\n<!-- \/ Yoast SEO plugin. -->","yoast_head_json":{"title":"De la curiositat a la vocaci\u00f3: guiant les noies en el discerniment i el servei - Carmelitas de la Caridad Vedruna","description":"Per guiar les noies joves a comprendre la crida de D\u00e9u a les seves vides, es van organitzar campaments vocacionals a Bardipada i Unai.","robots":{"index":"index","follow":"follow","max-snippet":"max-snippet:-1","max-image-preview":"max-image-preview:large","max-video-preview":"max-video-preview:-1"},"canonical":"https:\/\/vedruna.org\/ca\/de-la-curiositat-a-la-vocacio-guiant-les-noies-en-el-discerniment-i-el-servei\/","og_locale":"ca_ES","og_type":"article","og_title":"De la curiositat a la vocaci\u00f3: guiant les noies en el discerniment i el servei - Carmelitas de la Caridad Vedruna","og_description":"Per guiar les noies joves a comprendre la crida de D\u00e9u a les seves vides, es van organitzar campaments vocacionals a Bardipada i Unai.","og_url":"https:\/\/vedruna.org\/ca\/de-la-curiositat-a-la-vocacio-guiant-les-noies-en-el-discerniment-i-el-servei\/","og_site_name":"Carmelitas de la Caridad Vedruna","article_published_time":"2025-12-06T06:25:00+00:00","article_modified_time":"2025-12-09T10:24:40+00:00","og_image":[{"width":1280,"height":579,"url":"https:\/\/vedruna.org\/wp-content\/uploads\/2025\/12\/Bardipada-2.jpg","type":"image\/jpeg"}],"author":"Maria Agustina G\u00f3mez","twitter_card":"summary_large_image","twitter_misc":{"Escrit per":"Maria Agustina G\u00f3mez","Temps estimat de lectura":"2 minuts"},"schema":{"@context":"https:\/\/schema.org","@graph":[{"@type":"Article","@id":"https:\/\/vedruna.org\/ca\/de-la-curiositat-a-la-vocacio-guiant-les-noies-en-el-discerniment-i-el-servei\/#article","isPartOf":{"@id":"https:\/\/vedruna.org\/ca\/de-la-curiositat-a-la-vocacio-guiant-les-noies-en-el-discerniment-i-el-servei\/"},"author":{"name":"Maria Agustina G\u00f3mez","@id":"https:\/\/vedruna.org\/ca\/#\/schema\/person\/95fe789adf27c2831fc5a049c727edf5"},"headline":"De la curiositat a la vocaci\u00f3: guiant les noies en el discerniment i el servei","datePublished":"2025-12-06T06:25:00+00:00","dateModified":"2025-12-09T10:24:40+00:00","mainEntityOfPage":{"@id":"https:\/\/vedruna.org\/ca\/de-la-curiositat-a-la-vocacio-guiant-les-noies-en-el-discerniment-i-el-servei\/"},"wordCount":515,"publisher":{"@id":"https:\/\/vedruna.org\/ca\/#organization"},"image":{"@id":"https:\/\/vedruna.org\/ca\/de-la-curiositat-a-la-vocacio-guiant-les-noies-en-el-discerniment-i-el-servei\/#primaryimage"},"thumbnailUrl":"https:\/\/vedruna.org\/wp-content\/uploads\/2025\/12\/Unai-1-1024x503.jpg","articleSection":["Prov\u00edncia d'\u00cdndia"],"inLanguage":"ca"},{"@type":"WebPage","@id":"https:\/\/vedruna.org\/ca\/de-la-curiositat-a-la-vocacio-guiant-les-noies-en-el-discerniment-i-el-servei\/","url":"https:\/\/vedruna.org\/ca\/de-la-curiositat-a-la-vocacio-guiant-les-noies-en-el-discerniment-i-el-servei\/","name":"De la curiositat a la vocaci\u00f3: guiant les noies en el discerniment i el servei - Carmelitas de la Caridad Vedruna","isPartOf":{"@id":"https:\/\/vedruna.org\/ca\/#website"},"primaryImageOfPage":{"@id":"https:\/\/vedruna.org\/ca\/de-la-curiositat-a-la-vocacio-guiant-les-noies-en-el-discerniment-i-el-servei\/#primaryimage"},"image":{"@id":"https:\/\/vedruna.org\/ca\/de-la-curiositat-a-la-vocacio-guiant-les-noies-en-el-discerniment-i-el-servei\/#primaryimage"},"thumbnailUrl":"https:\/\/vedruna.org\/wp-content\/uploads\/2025\/12\/Unai-1-1024x503.jpg","datePublished":"2025-12-06T06:25:00+00:00","dateModified":"2025-12-09T10:24:40+00:00","description":"Per guiar les noies joves a comprendre la crida de D\u00e9u a les seves vides, es van organitzar campaments vocacionals a Bardipada i Unai.","breadcrumb":{"@id":"https:\/\/vedruna.org\/ca\/de-la-curiositat-a-la-vocacio-guiant-les-noies-en-el-discerniment-i-el-servei\/#breadcrumb"},"inLanguage":"ca","potentialAction":[{"@type":"ReadAction","target":["https:\/\/vedruna.org\/ca\/de-la-curiositat-a-la-vocacio-guiant-les-noies-en-el-discerniment-i-el-servei\/"]}]},{"@type":"ImageObject","inLanguage":"ca","@id":"https:\/\/vedruna.org\/ca\/de-la-curiositat-a-la-vocacio-guiant-les-noies-en-el-discerniment-i-el-servei\/#primaryimage","url":"https:\/\/vedruna.org\/wp-content\/uploads\/2025\/12\/Unai-1-1024x503.jpg","contentUrl":"https:\/\/vedruna.org\/wp-content\/uploads\/2025\/12\/Unai-1-1024x503.jpg"},{"@type":"BreadcrumbList","@id":"https:\/\/vedruna.org\/ca\/de-la-curiositat-a-la-vocacio-guiant-les-noies-en-el-discerniment-i-el-servei\/#breadcrumb","itemListElement":[{"@type":"ListItem","position":1,"name":"Portada","item":"https:\/\/vedruna.org\/ca\/"},{"@type":"ListItem","position":2,"name":"De la curiositat a la vocaci\u00f3: guiant les noies en el discerniment i el servei"}]},{"@type":"WebSite","@id":"https:\/\/vedruna.org\/ca\/#website","url":"https:\/\/vedruna.org\/ca\/","name":"Carmelitas de la Caridad Vedruna","description":"Carmelitas de la caridad","publisher":{"@id":"https:\/\/vedruna.org\/ca\/#organization"},"potentialAction":[{"@type":"SearchAction","target":{"@type":"EntryPoint","urlTemplate":"https:\/\/vedruna.org\/ca\/?s={search_term_string}"},"query-input":{"@type":"PropertyValueSpecification","valueRequired":true,"valueName":"search_term_string"}}],"inLanguage":"ca"},{"@type":"Organization","@id":"https:\/\/vedruna.org\/ca\/#organization","name":"Carmelitas de la caridad Vedruna","url":"https:\/\/vedruna.org\/ca\/","logo":{"@type":"ImageObject","inLanguage":"ca","@id":"https:\/\/vedruna.org\/ca\/#\/schema\/logo\/image\/","url":"https:\/\/vedruna.org\/wp-content\/uploads\/2022\/04\/LOGO-VEDRUNA-HORIZONTAL.png","contentUrl":"https:\/\/vedruna.org\/wp-content\/uploads\/2022\/04\/LOGO-VEDRUNA-HORIZONTAL.png","width":1200,"height":463,"caption":"Carmelitas de la caridad Vedruna"},"image":{"@id":"https:\/\/vedruna.org\/ca\/#\/schema\/logo\/image\/"}},{"@type":"Person","@id":"https:\/\/vedruna.org\/ca\/#\/schema\/person\/95fe789adf27c2831fc5a049c727edf5","name":"Maria Agustina G\u00f3mez","image":{"@type":"ImageObject","inLanguage":"ca","@id":"https:\/\/secure.gravatar.com\/avatar\/8af3ece86571c098b978434bbc43b948c403c1ae191f09a04e94f916638ceb2c?s=96&d=mm&r=g","url":"https:\/\/secure.gravatar.com\/avatar\/8af3ece86571c098b978434bbc43b948c403c1ae191f09a04e94f916638ceb2c?s=96&d=mm&r=g","contentUrl":"https:\/\/secure.gravatar.com\/avatar\/8af3ece86571c098b978434bbc43b948c403c1ae191f09a04e94f916638ceb2c?s=96&d=mm&r=g","caption":"Maria Agustina G\u00f3mez"},"url":"https:\/\/vedruna.org\/ca\/author\/agustina-gomez\/"}]}},"_links":{"self":[{"href":"https:\/\/vedruna.org\/ca\/wp-json\/wp\/v2\/posts\/31718","targetHints":{"allow":["GET"]}}],"collection":[{"href":"https:\/\/vedruna.org\/ca\/wp-json\/wp\/v2\/posts"}],"about":[{"href":"https:\/\/vedruna.org\/ca\/wp-json\/wp\/v2\/types\/post"}],"author":[{"embeddable":true,"href":"https:\/\/vedruna.org\/ca\/wp-json\/wp\/v2\/users\/21"}],"replies":[{"embeddable":true,"href":"https:\/\/vedruna.org\/ca\/wp-json\/wp\/v2\/comments?post=31718"}],"version-history":[{"count":1,"href":"https:\/\/vedruna.org\/ca\/wp-json\/wp\/v2\/posts\/31718\/revisions"}],"predecessor-version":[{"id":31719,"href":"https:\/\/vedruna.org\/ca\/wp-json\/wp\/v2\/posts\/31718\/revisions\/31719"}],"wp:attachment":[{"href":"https:\/\/vedruna.org\/ca\/wp-json\/wp\/v2\/media?parent=31718"}],"wp:term":[{"taxonomy":"category","embeddable":true,"href":"https:\/\/vedruna.org\/ca\/wp-json\/wp\/v2\/categories?post=31718"},{"taxonomy":"post_tag","embeddable":true,"href":"https:\/\/vedruna.org\/ca\/wp-json\/wp\/v2\/tags?post=31718"}],"curies":[{"name":"wp","href":"https:\/\/api.w.org\/{rel}","templated":true}]}}