{"id":32052,"date":"2025-12-18T21:37:00","date_gmt":"2025-12-18T20:37:00","guid":{"rendered":"https:\/\/vedruna.org\/dos-cents-anys-despres-de-la-carta-fundacional\/"},"modified":"2025-12-26T14:09:59","modified_gmt":"2025-12-26T13:09:59","slug":"dos-cents-anys-despres-de-la-carta-fundacional","status":"publish","type":"post","link":"https:\/\/vedruna.org\/ca\/dos-cents-anys-despres-de-la-carta-fundacional\/","title":{"rendered":"Dos-cents anys despr\u00e9s\u2026 de la carta fundacional"},"content":{"rendered":"\n<p>El 19 de desembre de 1825, Joaquima escrivia al bisbe Corcuera demanant perm\u00eds per fundar la Congregaci\u00f3.<\/p>\n\n<p>Avui, dos segles despr\u00e9s, ens preguntem si all\u00f2 que ella proposava segueix tenint sentit per a nosaltres, les Carmelites de la Caritat Vedruna. Anem prenent consci\u00e8ncia de formar part d&#8217;una fam\u00edlia m\u00e9s \u00e0mplia. En aquest cam\u00ed, <em>necessitem fer passos del &#8216;jo&#8217; al &#8216;nosaltres&#8217;, de l&#8217;autoreferencialitat a la reciprocitat que enriqueix i enforteix la diversitat de grups al voltant del carisma: un do que pertany a tota l&#8217;Esgl\u00e9sia i \u00e9s per al m\u00f3n<\/em> ( <a href=\"https:\/\/vedruna.org\/download-category\/documento-capitular\/\">NdN<\/a> 26).  <\/p>\n\n<p>Alguns somnis avui ens habiten i ens mouen, nascuts d&#8217;una mirada contemplativa de la realitat, amb el cor travessat per la vida de la humanitat, amb els sofriments i les alegries, que tamb\u00e9 s\u00f3n els nostres. Per aix\u00f2 diem avui a Joaquima: <\/p>\n\n<blockquote class=\"wp-block-quote is-layout-flow wp-block-quote-is-layout-flow\">\n<p>Seguim el teu mateix somni, Joaquima: <strong>treballar per la gl\u00f2ria de D\u00e9u i el b\u00e9 del pro\u00efsme<\/strong> . Conscients que D\u00e9u \u00e9s glorificat quan cada \u00e9sser hum\u00e0 t\u00e9 vida, sentim que la nostra missi\u00f3 continua sent fer present el Regne prom\u00e8s als pobres, all\u00e0 on estiguem, seguint Jes\u00fas en comunitat de germanes. <\/p>\n\n\n\n<p>Vas ser una dona profundament atenta a la realitat. Sabies que moltes <strong>joves pobres no tenien mitjans ni lloc als convents de pobresa<\/strong> , i els vas oferir un cam\u00ed alternatiu, centrat en un <strong>cor abrasat per l&#8217;amor a D\u00e9u i al Bon Jes\u00fas<\/strong> . Avui ens desafies a viure una Vida Religiosa humil i humanitzadora, propera, prof\u00e8tica, inclusiva, fraterna i sororal, nascuda de cor palpitant pel D\u00e9u encarnat en Jes\u00fas.  <\/p>\n\n\n\n<p>Dona de l&#8217;Esgl\u00e9sia, vas demanar perm\u00eds per fundar i vas proposar amb claredat un projecte sostenible: <strong><em>Abra\u00e7ar a casa meva algunes joves que, amb la seva feina i algunes almoines, podran mantenir-se i abra\u00e7ar la pobresa<\/em><\/strong> . Per a tu, Joaquima, la sostenibilitat tenia gust de llar, de senzillesa i de responsabilitat compartida. En aix\u00f2 seguim, avan\u00e7ant cap a una consci\u00e8ncia ecol\u00f2gica, teixint xarxes a favor de la vida, en complicitat evang\u00e8lica i carism\u00e0tica. Volem continuar <strong>abra\u00e7ant la pobresa<\/strong> \u2014la nostra i la de la nostra gent\u2014 comprometent-nos en la lluita contra totes les pobreses que continuen destruint la vida.   <\/p>\n\n\n\n<p>Ens inspira veure com mai actuaves sola: <strong><em>Aix\u00f2 ho demano amb perm\u00eds del meu pare confessor i altres d&#8217;esperit<\/em><\/strong> . Avui et reconeixem com a dona sinodal, perqu\u00e8 en aquesta expressi\u00f3 \u2014\u201caltres d&#8217;esperit\u201d\u2014 hi ha les persones laiques que, juntament amb nosaltres, formem un \u00fanic i divers \u201cnosaltres\u201d. Amb elles aprenem a discernir cap a on la Ruah Santa ens condueix com a Fam\u00edlia.  <\/p>\n\n\n\n<p>En aix\u00f2 estem, Joaquima, revifant el teu llegat pel b\u00e9 de la humanitat. I en aquests temps de reestructuraci\u00f3, amb el Papa Lle\u00f3 XIV descobrim que la <strong>caritat<\/strong> \u2013arrel de la nostra identitat\u2013 <strong>\u00e9s una for\u00e7a que transforma la realitat, una aut\u00e8ntica pot\u00e8ncia hist\u00f2rica de canvi.<\/strong> Que aquesta for\u00e7a transformi avui la nostra realitat congregacional i ens faci dones portadores de canvi. <\/p>\n\n\n\n<p>Que amb tu Joaquima, D\u00e9u ens guardi en el seu Cor, en aquest amor que mai no diu prou ni assossega fins a abrasar.<\/p>\n\n\n\n<p>Gr\u00e0cies, Joaquima!<\/p>\n<\/blockquote>\n\n<hr class=\"wp-block-separator has-alpha-channel-opacity\"\/>\n\n<p>Fem un exercici d&#8217;imaginaci\u00f3 per apropar-nos a Joaquima de Vedruna el 19 de desembre de 1825, en el moment en qu\u00e8 va escriure la carta al bisbe Corcuera demanant perm\u00eds per fundar la Congregaci\u00f3 Germanes Carmelites de la Caritat Vedruna.  <\/p>\n\n<p>Les paraules amb qu\u00e8 viatgem a aquest moment es troben al Quadern CCV <em>Joaquina abra\u00e7a la pobresa i pren partit pels pobres del seu temps<\/em> , escrit per Yolanda Moreno, ccv.<\/p>\n\n<div style=\"height:25px\" aria-hidden=\"true\" class=\"wp-block-spacer\"><\/div>\n\n<figure class=\"wp-block-embed is-type-video is-provider-youtube wp-block-embed-youtube wp-embed-aspect-16-9 wp-has-aspect-ratio\"><div class=\"wp-block-embed__wrapper\">\n<iframe loading=\"lazy\" title=\"Joaquina de Vedruna escribe la carta fundacional de la Congregaci\u00f3n\" width=\"1080\" height=\"608\" src=\"https:\/\/www.youtube.com\/embed\/y-EkKtLKJfg?feature=oembed\"  allow=\"accelerometer; autoplay; clipboard-write; encrypted-media; gyroscope; picture-in-picture; web-share\" referrerpolicy=\"strict-origin-when-cross-origin\" allowfullscreen><\/iframe>\n<\/div><\/figure>\n","protected":false},"excerpt":{"rendered":"<p>El 19 de desembre de 1825, Joaquima escrivia al bisbe Corcuera demanant perm\u00eds per fundar la Congregaci\u00f3. Avui, dos segles despr\u00e9s, ens preguntem si all\u00f2 que ella proposava segueix tenint sentit per a nosaltres, les Carmelites de la Caritat Vedruna. Anem prenent consci\u00e8ncia de formar part d&#8217;una fam\u00edlia m\u00e9s \u00e0mplia. En aquest cam\u00ed, necessitem fer [&hellip;]<\/p>\n","protected":false},"author":21,"featured_media":32053,"comment_status":"closed","ping_status":"closed","sticky":false,"template":"","format":"standard","meta":{"_et_pb_use_builder":"","_et_pb_old_content":"","_et_gb_content_width":"","pgc_sgb_lightbox_settings":"","footnotes":""},"categories":[451,257],"tags":[],"class_list":["post-32052","post","type-post","status-publish","format-standard","has-post-thumbnail","hentry","category-bicentenari-vedruna","category-comunicacio-vedruna"],"yoast_head":"<!-- This site is optimized with the Yoast SEO plugin v27.5 - https:\/\/yoast.com\/product\/yoast-seo-wordpress\/ -->\n<title>Dos-cents anys despr\u00e9s\u2026 de la carta fundacional - Carmelitas de la Caridad Vedruna<\/title>\n<meta name=\"description\" content=\"Celebrem el Bicentenari de la carta amb qu\u00e8 Joaquima de Vedruna va fundar la Congregaci\u00f3 Germanes Carmelites de la Caritat Vedruna.\" \/>\n<meta name=\"robots\" content=\"index, follow, max-snippet:-1, max-image-preview:large, max-video-preview:-1\" \/>\n<link rel=\"canonical\" href=\"https:\/\/vedruna.org\/ca\/dos-cents-anys-despres-de-la-carta-fundacional\/\" \/>\n<meta property=\"og:locale\" content=\"ca_ES\" \/>\n<meta property=\"og:type\" content=\"article\" \/>\n<meta property=\"og:title\" content=\"Dos-cents anys despr\u00e9s\u2026 de la carta fundacional - Carmelitas de la Caridad Vedruna\" \/>\n<meta property=\"og:description\" content=\"Celebrem el Bicentenari de la carta amb qu\u00e8 Joaquima de Vedruna va fundar la Congregaci\u00f3 Germanes Carmelites de la Caritat Vedruna.\" \/>\n<meta property=\"og:url\" content=\"https:\/\/vedruna.org\/ca\/dos-cents-anys-despres-de-la-carta-fundacional\/\" \/>\n<meta property=\"og:site_name\" content=\"Carmelitas de la Caridad Vedruna\" \/>\n<meta property=\"article:published_time\" content=\"2025-12-18T20:37:00+00:00\" \/>\n<meta property=\"article:modified_time\" content=\"2025-12-26T13:09:59+00:00\" \/>\n<meta property=\"og:image\" content=\"https:\/\/vedruna.org\/wp-content\/uploads\/2025\/12\/CF-Joaquina-e1765550029336.jpeg\" \/>\n\t<meta property=\"og:image:width\" content=\"762\" \/>\n\t<meta property=\"og:image:height\" content=\"520\" \/>\n\t<meta property=\"og:image:type\" content=\"image\/jpeg\" \/>\n<meta name=\"author\" content=\"Maria Agustina G\u00f3mez\" \/>\n<meta name=\"twitter:card\" content=\"summary_large_image\" \/>\n<meta name=\"twitter:label1\" content=\"Escrit per\" \/>\n\t<meta name=\"twitter:data1\" content=\"Maria Agustina G\u00f3mez\" \/>\n\t<meta name=\"twitter:label2\" content=\"Temps estimat de lectura\" \/>\n\t<meta name=\"twitter:data2\" content=\"3 minuts\" \/>\n<script type=\"application\/ld+json\" class=\"yoast-schema-graph\">{\"@context\":\"https:\\\/\\\/schema.org\",\"@graph\":[{\"@type\":\"Article\",\"@id\":\"https:\\\/\\\/vedruna.org\\\/ca\\\/dos-cents-anys-despres-de-la-carta-fundacional\\\/#article\",\"isPartOf\":{\"@id\":\"https:\\\/\\\/vedruna.org\\\/ca\\\/dos-cents-anys-despres-de-la-carta-fundacional\\\/\"},\"author\":{\"name\":\"Maria Agustina G\u00f3mez\",\"@id\":\"https:\\\/\\\/vedruna.org\\\/ca\\\/#\\\/schema\\\/person\\\/95fe789adf27c2831fc5a049c727edf5\"},\"headline\":\"Dos-cents anys despr\u00e9s\u2026 de la carta fundacional\",\"datePublished\":\"2025-12-18T20:37:00+00:00\",\"dateModified\":\"2025-12-26T13:09:59+00:00\",\"mainEntityOfPage\":{\"@id\":\"https:\\\/\\\/vedruna.org\\\/ca\\\/dos-cents-anys-despres-de-la-carta-fundacional\\\/\"},\"wordCount\":629,\"publisher\":{\"@id\":\"https:\\\/\\\/vedruna.org\\\/ca\\\/#organization\"},\"image\":{\"@id\":\"https:\\\/\\\/vedruna.org\\\/ca\\\/dos-cents-anys-despres-de-la-carta-fundacional\\\/#primaryimage\"},\"thumbnailUrl\":\"https:\\\/\\\/vedruna.org\\\/wp-content\\\/uploads\\\/2025\\\/12\\\/CF-Joaquina-e1765550029336.jpeg\",\"articleSection\":[\"Bicentenari Vedruna\",\"Comunicaci\u00f3 Vedruna\"],\"inLanguage\":\"ca\"},{\"@type\":\"WebPage\",\"@id\":\"https:\\\/\\\/vedruna.org\\\/ca\\\/dos-cents-anys-despres-de-la-carta-fundacional\\\/\",\"url\":\"https:\\\/\\\/vedruna.org\\\/ca\\\/dos-cents-anys-despres-de-la-carta-fundacional\\\/\",\"name\":\"Dos-cents anys despr\u00e9s\u2026 de la carta fundacional - Carmelitas de la Caridad Vedruna\",\"isPartOf\":{\"@id\":\"https:\\\/\\\/vedruna.org\\\/ca\\\/#website\"},\"primaryImageOfPage\":{\"@id\":\"https:\\\/\\\/vedruna.org\\\/ca\\\/dos-cents-anys-despres-de-la-carta-fundacional\\\/#primaryimage\"},\"image\":{\"@id\":\"https:\\\/\\\/vedruna.org\\\/ca\\\/dos-cents-anys-despres-de-la-carta-fundacional\\\/#primaryimage\"},\"thumbnailUrl\":\"https:\\\/\\\/vedruna.org\\\/wp-content\\\/uploads\\\/2025\\\/12\\\/CF-Joaquina-e1765550029336.jpeg\",\"datePublished\":\"2025-12-18T20:37:00+00:00\",\"dateModified\":\"2025-12-26T13:09:59+00:00\",\"description\":\"Celebrem el Bicentenari de la carta amb qu\u00e8 Joaquima de Vedruna va fundar la Congregaci\u00f3 Germanes Carmelites de la Caritat Vedruna.\",\"breadcrumb\":{\"@id\":\"https:\\\/\\\/vedruna.org\\\/ca\\\/dos-cents-anys-despres-de-la-carta-fundacional\\\/#breadcrumb\"},\"inLanguage\":\"ca\",\"potentialAction\":[{\"@type\":\"ReadAction\",\"target\":[\"https:\\\/\\\/vedruna.org\\\/ca\\\/dos-cents-anys-despres-de-la-carta-fundacional\\\/\"]}]},{\"@type\":\"ImageObject\",\"inLanguage\":\"ca\",\"@id\":\"https:\\\/\\\/vedruna.org\\\/ca\\\/dos-cents-anys-despres-de-la-carta-fundacional\\\/#primaryimage\",\"url\":\"https:\\\/\\\/vedruna.org\\\/wp-content\\\/uploads\\\/2025\\\/12\\\/CF-Joaquina-e1765550029336.jpeg\",\"contentUrl\":\"https:\\\/\\\/vedruna.org\\\/wp-content\\\/uploads\\\/2025\\\/12\\\/CF-Joaquina-e1765550029336.jpeg\",\"width\":762,\"height\":520},{\"@type\":\"BreadcrumbList\",\"@id\":\"https:\\\/\\\/vedruna.org\\\/ca\\\/dos-cents-anys-despres-de-la-carta-fundacional\\\/#breadcrumb\",\"itemListElement\":[{\"@type\":\"ListItem\",\"position\":1,\"name\":\"Portada\",\"item\":\"https:\\\/\\\/vedruna.org\\\/ca\\\/\"},{\"@type\":\"ListItem\",\"position\":2,\"name\":\"Dos-cents anys despr\u00e9s\u2026 de la carta fundacional\"}]},{\"@type\":\"WebSite\",\"@id\":\"https:\\\/\\\/vedruna.org\\\/ca\\\/#website\",\"url\":\"https:\\\/\\\/vedruna.org\\\/ca\\\/\",\"name\":\"Carmelitas de la Caridad Vedruna\",\"description\":\"Carmelitas de la caridad\",\"publisher\":{\"@id\":\"https:\\\/\\\/vedruna.org\\\/ca\\\/#organization\"},\"potentialAction\":[{\"@type\":\"SearchAction\",\"target\":{\"@type\":\"EntryPoint\",\"urlTemplate\":\"https:\\\/\\\/vedruna.org\\\/ca\\\/?s={search_term_string}\"},\"query-input\":{\"@type\":\"PropertyValueSpecification\",\"valueRequired\":true,\"valueName\":\"search_term_string\"}}],\"inLanguage\":\"ca\"},{\"@type\":\"Organization\",\"@id\":\"https:\\\/\\\/vedruna.org\\\/ca\\\/#organization\",\"name\":\"Carmelitas de la caridad Vedruna\",\"url\":\"https:\\\/\\\/vedruna.org\\\/ca\\\/\",\"logo\":{\"@type\":\"ImageObject\",\"inLanguage\":\"ca\",\"@id\":\"https:\\\/\\\/vedruna.org\\\/ca\\\/#\\\/schema\\\/logo\\\/image\\\/\",\"url\":\"https:\\\/\\\/vedruna.org\\\/wp-content\\\/uploads\\\/2022\\\/04\\\/LOGO-VEDRUNA-HORIZONTAL.png\",\"contentUrl\":\"https:\\\/\\\/vedruna.org\\\/wp-content\\\/uploads\\\/2022\\\/04\\\/LOGO-VEDRUNA-HORIZONTAL.png\",\"width\":1200,\"height\":463,\"caption\":\"Carmelitas de la caridad Vedruna\"},\"image\":{\"@id\":\"https:\\\/\\\/vedruna.org\\\/ca\\\/#\\\/schema\\\/logo\\\/image\\\/\"}},{\"@type\":\"Person\",\"@id\":\"https:\\\/\\\/vedruna.org\\\/ca\\\/#\\\/schema\\\/person\\\/95fe789adf27c2831fc5a049c727edf5\",\"name\":\"Maria Agustina G\u00f3mez\",\"image\":{\"@type\":\"ImageObject\",\"inLanguage\":\"ca\",\"@id\":\"https:\\\/\\\/secure.gravatar.com\\\/avatar\\\/8af3ece86571c098b978434bbc43b948c403c1ae191f09a04e94f916638ceb2c?s=96&d=mm&r=g\",\"url\":\"https:\\\/\\\/secure.gravatar.com\\\/avatar\\\/8af3ece86571c098b978434bbc43b948c403c1ae191f09a04e94f916638ceb2c?s=96&d=mm&r=g\",\"contentUrl\":\"https:\\\/\\\/secure.gravatar.com\\\/avatar\\\/8af3ece86571c098b978434bbc43b948c403c1ae191f09a04e94f916638ceb2c?s=96&d=mm&r=g\",\"caption\":\"Maria Agustina G\u00f3mez\"},\"url\":\"https:\\\/\\\/vedruna.org\\\/ca\\\/author\\\/agustina-gomez\\\/\"}]}<\/script>\n<!-- \/ Yoast SEO plugin. -->","yoast_head_json":{"title":"Dos-cents anys despr\u00e9s\u2026 de la carta fundacional - Carmelitas de la Caridad Vedruna","description":"Celebrem el Bicentenari de la carta amb qu\u00e8 Joaquima de Vedruna va fundar la Congregaci\u00f3 Germanes Carmelites de la Caritat Vedruna.","robots":{"index":"index","follow":"follow","max-snippet":"max-snippet:-1","max-image-preview":"max-image-preview:large","max-video-preview":"max-video-preview:-1"},"canonical":"https:\/\/vedruna.org\/ca\/dos-cents-anys-despres-de-la-carta-fundacional\/","og_locale":"ca_ES","og_type":"article","og_title":"Dos-cents anys despr\u00e9s\u2026 de la carta fundacional - Carmelitas de la Caridad Vedruna","og_description":"Celebrem el Bicentenari de la carta amb qu\u00e8 Joaquima de Vedruna va fundar la Congregaci\u00f3 Germanes Carmelites de la Caritat Vedruna.","og_url":"https:\/\/vedruna.org\/ca\/dos-cents-anys-despres-de-la-carta-fundacional\/","og_site_name":"Carmelitas de la Caridad Vedruna","article_published_time":"2025-12-18T20:37:00+00:00","article_modified_time":"2025-12-26T13:09:59+00:00","og_image":[{"width":762,"height":520,"url":"https:\/\/vedruna.org\/wp-content\/uploads\/2025\/12\/CF-Joaquina-e1765550029336.jpeg","type":"image\/jpeg"}],"author":"Maria Agustina G\u00f3mez","twitter_card":"summary_large_image","twitter_misc":{"Escrit per":"Maria Agustina G\u00f3mez","Temps estimat de lectura":"3 minuts"},"schema":{"@context":"https:\/\/schema.org","@graph":[{"@type":"Article","@id":"https:\/\/vedruna.org\/ca\/dos-cents-anys-despres-de-la-carta-fundacional\/#article","isPartOf":{"@id":"https:\/\/vedruna.org\/ca\/dos-cents-anys-despres-de-la-carta-fundacional\/"},"author":{"name":"Maria Agustina G\u00f3mez","@id":"https:\/\/vedruna.org\/ca\/#\/schema\/person\/95fe789adf27c2831fc5a049c727edf5"},"headline":"Dos-cents anys despr\u00e9s\u2026 de la carta fundacional","datePublished":"2025-12-18T20:37:00+00:00","dateModified":"2025-12-26T13:09:59+00:00","mainEntityOfPage":{"@id":"https:\/\/vedruna.org\/ca\/dos-cents-anys-despres-de-la-carta-fundacional\/"},"wordCount":629,"publisher":{"@id":"https:\/\/vedruna.org\/ca\/#organization"},"image":{"@id":"https:\/\/vedruna.org\/ca\/dos-cents-anys-despres-de-la-carta-fundacional\/#primaryimage"},"thumbnailUrl":"https:\/\/vedruna.org\/wp-content\/uploads\/2025\/12\/CF-Joaquina-e1765550029336.jpeg","articleSection":["Bicentenari Vedruna","Comunicaci\u00f3 Vedruna"],"inLanguage":"ca"},{"@type":"WebPage","@id":"https:\/\/vedruna.org\/ca\/dos-cents-anys-despres-de-la-carta-fundacional\/","url":"https:\/\/vedruna.org\/ca\/dos-cents-anys-despres-de-la-carta-fundacional\/","name":"Dos-cents anys despr\u00e9s\u2026 de la carta fundacional - Carmelitas de la Caridad Vedruna","isPartOf":{"@id":"https:\/\/vedruna.org\/ca\/#website"},"primaryImageOfPage":{"@id":"https:\/\/vedruna.org\/ca\/dos-cents-anys-despres-de-la-carta-fundacional\/#primaryimage"},"image":{"@id":"https:\/\/vedruna.org\/ca\/dos-cents-anys-despres-de-la-carta-fundacional\/#primaryimage"},"thumbnailUrl":"https:\/\/vedruna.org\/wp-content\/uploads\/2025\/12\/CF-Joaquina-e1765550029336.jpeg","datePublished":"2025-12-18T20:37:00+00:00","dateModified":"2025-12-26T13:09:59+00:00","description":"Celebrem el Bicentenari de la carta amb qu\u00e8 Joaquima de Vedruna va fundar la Congregaci\u00f3 Germanes Carmelites de la Caritat Vedruna.","breadcrumb":{"@id":"https:\/\/vedruna.org\/ca\/dos-cents-anys-despres-de-la-carta-fundacional\/#breadcrumb"},"inLanguage":"ca","potentialAction":[{"@type":"ReadAction","target":["https:\/\/vedruna.org\/ca\/dos-cents-anys-despres-de-la-carta-fundacional\/"]}]},{"@type":"ImageObject","inLanguage":"ca","@id":"https:\/\/vedruna.org\/ca\/dos-cents-anys-despres-de-la-carta-fundacional\/#primaryimage","url":"https:\/\/vedruna.org\/wp-content\/uploads\/2025\/12\/CF-Joaquina-e1765550029336.jpeg","contentUrl":"https:\/\/vedruna.org\/wp-content\/uploads\/2025\/12\/CF-Joaquina-e1765550029336.jpeg","width":762,"height":520},{"@type":"BreadcrumbList","@id":"https:\/\/vedruna.org\/ca\/dos-cents-anys-despres-de-la-carta-fundacional\/#breadcrumb","itemListElement":[{"@type":"ListItem","position":1,"name":"Portada","item":"https:\/\/vedruna.org\/ca\/"},{"@type":"ListItem","position":2,"name":"Dos-cents anys despr\u00e9s\u2026 de la carta fundacional"}]},{"@type":"WebSite","@id":"https:\/\/vedruna.org\/ca\/#website","url":"https:\/\/vedruna.org\/ca\/","name":"Carmelitas de la Caridad Vedruna","description":"Carmelitas de la caridad","publisher":{"@id":"https:\/\/vedruna.org\/ca\/#organization"},"potentialAction":[{"@type":"SearchAction","target":{"@type":"EntryPoint","urlTemplate":"https:\/\/vedruna.org\/ca\/?s={search_term_string}"},"query-input":{"@type":"PropertyValueSpecification","valueRequired":true,"valueName":"search_term_string"}}],"inLanguage":"ca"},{"@type":"Organization","@id":"https:\/\/vedruna.org\/ca\/#organization","name":"Carmelitas de la caridad Vedruna","url":"https:\/\/vedruna.org\/ca\/","logo":{"@type":"ImageObject","inLanguage":"ca","@id":"https:\/\/vedruna.org\/ca\/#\/schema\/logo\/image\/","url":"https:\/\/vedruna.org\/wp-content\/uploads\/2022\/04\/LOGO-VEDRUNA-HORIZONTAL.png","contentUrl":"https:\/\/vedruna.org\/wp-content\/uploads\/2022\/04\/LOGO-VEDRUNA-HORIZONTAL.png","width":1200,"height":463,"caption":"Carmelitas de la caridad Vedruna"},"image":{"@id":"https:\/\/vedruna.org\/ca\/#\/schema\/logo\/image\/"}},{"@type":"Person","@id":"https:\/\/vedruna.org\/ca\/#\/schema\/person\/95fe789adf27c2831fc5a049c727edf5","name":"Maria Agustina G\u00f3mez","image":{"@type":"ImageObject","inLanguage":"ca","@id":"https:\/\/secure.gravatar.com\/avatar\/8af3ece86571c098b978434bbc43b948c403c1ae191f09a04e94f916638ceb2c?s=96&d=mm&r=g","url":"https:\/\/secure.gravatar.com\/avatar\/8af3ece86571c098b978434bbc43b948c403c1ae191f09a04e94f916638ceb2c?s=96&d=mm&r=g","contentUrl":"https:\/\/secure.gravatar.com\/avatar\/8af3ece86571c098b978434bbc43b948c403c1ae191f09a04e94f916638ceb2c?s=96&d=mm&r=g","caption":"Maria Agustina G\u00f3mez"},"url":"https:\/\/vedruna.org\/ca\/author\/agustina-gomez\/"}]}},"_links":{"self":[{"href":"https:\/\/vedruna.org\/ca\/wp-json\/wp\/v2\/posts\/32052","targetHints":{"allow":["GET"]}}],"collection":[{"href":"https:\/\/vedruna.org\/ca\/wp-json\/wp\/v2\/posts"}],"about":[{"href":"https:\/\/vedruna.org\/ca\/wp-json\/wp\/v2\/types\/post"}],"author":[{"embeddable":true,"href":"https:\/\/vedruna.org\/ca\/wp-json\/wp\/v2\/users\/21"}],"replies":[{"embeddable":true,"href":"https:\/\/vedruna.org\/ca\/wp-json\/wp\/v2\/comments?post=32052"}],"version-history":[{"count":1,"href":"https:\/\/vedruna.org\/ca\/wp-json\/wp\/v2\/posts\/32052\/revisions"}],"predecessor-version":[{"id":32054,"href":"https:\/\/vedruna.org\/ca\/wp-json\/wp\/v2\/posts\/32052\/revisions\/32054"}],"wp:featuredmedia":[{"embeddable":true,"href":"https:\/\/vedruna.org\/ca\/wp-json\/wp\/v2\/media\/32053"}],"wp:attachment":[{"href":"https:\/\/vedruna.org\/ca\/wp-json\/wp\/v2\/media?parent=32052"}],"wp:term":[{"taxonomy":"category","embeddable":true,"href":"https:\/\/vedruna.org\/ca\/wp-json\/wp\/v2\/categories?post=32052"},{"taxonomy":"post_tag","embeddable":true,"href":"https:\/\/vedruna.org\/ca\/wp-json\/wp\/v2\/tags?post=32052"}],"curies":[{"name":"wp","href":"https:\/\/api.w.org\/{rel}","templated":true}]}}