{"id":35784,"date":"2026-04-24T12:40:49","date_gmt":"2026-04-24T10:40:49","guid":{"rendered":"https:\/\/vedruna.org\/presencia-vedruna-a-la-visita-del-papa-lleo-xiv-a-guinea-equatorial\/"},"modified":"2026-04-30T12:46:12","modified_gmt":"2026-04-30T10:46:12","slug":"presencia-vedruna-a-la-visita-del-papa-lleo-xiv-a-guinea-equatorial","status":"publish","type":"post","link":"https:\/\/vedruna.org\/ca\/presencia-vedruna-a-la-visita-del-papa-lleo-xiv-a-guinea-equatorial\/","title":{"rendered":"Pres\u00e8ncia Vedruna a la visita del Papa Lle\u00f3 XIV a Guinea Equatorial"},"content":{"rendered":"\n<p>Del 21 al 23 d&#8217;abril, la <strong>visita apost\u00f2lica del Papa Lle\u00f3 XIV a Guinea Equatorial<\/strong> , en ocasi\u00f3 dels 170 anys de l&#8217;evangelitzaci\u00f3 al pa\u00eds, va marcar un moment hist\u00f2ric per a l&#8217;Esgl\u00e9sia i per a tota la naci\u00f3. Sota el tema Crist, llum de Guinea Equatorial per a un futur d&#8217;esperan\u00e7a, aquesta visita va ser viscuda com un temps de gr\u00e0cia, comuni\u00f3 i renovaci\u00f3 espiritual per a tot el poble de D\u00e9u. <\/p>\n\n<p><strong>Com a Germanes Vedruna, vivim la nostra missi\u00f3 a l&#8217;Esgl\u00e9sia des de la proximitat, el servei i el treball en equip.<\/strong>  En comuni\u00f3 amb l&#8217;equip dioces\u00e0, desenvolupem la nostra tasca pastoral des de la nostra parr\u00f2quia i les diferents capelles del nostre barri, acompanyant no nom\u00e9s els joves, sin\u00f3 tota la comunitat cristiana.<\/p>\n\n<h2 class=\"wp-block-heading\"><strong>Un pa\u00eds en preparaci\u00f3 espiritual<\/strong><\/h2>\n\n<p>Abans de l&#8217;arribada del Sant Pare, tota la naci\u00f3 es va mobilitzar en un proc\u00e9s profund de preparaci\u00f3 espiritual. Les comunitats cristianes, les fam\u00edlies, les escoles, les universitats i els hospitals van viure jornades intenses de preg\u00e0ria i de catequesi. Aquesta preparaci\u00f3 tenia com a objectiu disposar els cors per acollir el Successor de Sant Pere amb fe, respecte i obertura a la gr\u00e0cia de D\u00e9u.  <\/p>\n\n<p>A diversos llocs es van organitzar trobades de preg\u00e0ria i reflexi\u00f3 per ajudar els fidels a comprendre la import\u00e0ncia d&#8217;aquest esdeveniment excepcional. L&#8217;Esgl\u00e9sia va convidar tothom a viure aquesta visita no nom\u00e9s com un esdeveniment extern, sin\u00f3 com una veritable experi\u00e8ncia de fe i transformaci\u00f3 interior. <\/p>\n\n<p>Durant aquest temps de preparaci\u00f3 i viv\u00e8ncia de la visita del Sant Pare, hem sentit amb m\u00e9s for\u00e7a la crida a sortir a la trobada de les persones, a estar presents al mig del poble ia compartir la fe de manera senzilla, propera i profunda. Hem promogut espais de trobada, escolta i formaci\u00f3, on cada persona pogu\u00e9s sentir-se acollida i part viva de l&#8217;Esgl\u00e9sia. <\/p>\n\n<p>De manera especial, nosaltres hem ofert catequesis adre\u00e7ades no nom\u00e9s als joves, sin\u00f3 tamb\u00e9 a adults, fam\u00edlies i persones que, en molts casos, no coneixien b\u00e9 qui \u00e9s el Papa ni quina \u00e9s la seva missi\u00f3 dins de l&#8217;Esgl\u00e9sia. Amb paci\u00e8ncia i dedicaci\u00f3, hem intentat explicar el seu paper com a successor de Sant Pere, signe d&#8217;unitat i pastor universal, aix\u00ed com compartir alguns aspectes de la vida i el lliurament al servei de l&#8217;Evangeli. <\/p>\n\n<p>Aquest proc\u00e9s no ha estat nom\u00e9s informatiu, sin\u00f3 profundament formatiu i espiritual. Ha perm\u00e8s a molts redescobrir el sentit de pertinen\u00e7a a l&#8217;Esgl\u00e9sia, enfortir-ne la fe i obrir el cor a una experi\u00e8ncia m\u00e9s viva de comuni\u00f3 eclesial. <\/p>\n\n<p>Alhora, hem treballat perqu\u00e8 tota la comunitat \u2014joves, fam\u00edlies, adults i ancians\u2014 pogu\u00e9s sentir-se sensibilitzada i preparada per acollir aquest gran esdeveniment. S&#8217;ha buscat despertar en tots una actitud d&#8217;obertura, alegria i comprom\u00eds, entenent que la visita del Sant Pare no \u00e9s nom\u00e9s un esdeveniment extern, sin\u00f3 una oportunitat de renovaci\u00f3 interior i comunit\u00e0ria. <\/p>\n\n<p>Aquest cam\u00ed ha estat marcat per l&#8217;esfor\u00e7, el lliurament i tamb\u00e9 per moments de cansament a causa de les m\u00faltiples reunions, trobades i activitats realitzades. Tot i aix\u00f2, ha estat igualment un temps de gr\u00e0cia, en qu\u00e8 hem experimentat la for\u00e7a del treball en comuni\u00f3 i l&#8217;alegria de servir. <\/p>\n<div class=\"pgc-sgb-cb wp-block-pgcsimplygalleryblock-justified \" data-gallery-id=\"49578462\"><div class=\"sgb-preloader\" id=\"pr_49578462\">\n\t<div class=\"sgb-square\" style=\"background:#d4d4d4\"><\/div>\n\t<div class=\"sgb-square\" style=\"background:#d4d4d4\"><\/div>\n\t<div class=\"sgb-square\" style=\"background:#d4d4d4\"><\/div>\n\t<div class=\"sgb-square\" style=\"background:#d4d4d4\"><\/div><\/div><div class=\"simply-gallery-amp pgc_sgb_slider \"><noscript><div class=\"sgb-gallery\"><div class=\"sgb-item\"><a href=\"https:\/\/vedruna.org\/?attachment_id=35764\" target=\"_blank\"><img decoding=\"async\" alt=\"\" width=\"225\" height=\"300\" loading=\"lazy\" src=\"https:\/\/vedruna.org\/wp-content\/uploads\/2026\/04\/WhatsApp-Image-2026-04-28-at-22.22.42-225x300.jpeg\" srcset=\"https:\/\/vedruna.org\/wp-content\/uploads\/2026\/04\/WhatsApp-Image-2026-04-28-at-22.22.42-225x300.jpeg 225w,https:\/\/vedruna.org\/wp-content\/uploads\/2026\/04\/WhatsApp-Image-2026-04-28-at-22.22.42-768x1024.jpeg 768w,https:\/\/vedruna.org\/wp-content\/uploads\/2026\/04\/WhatsApp-Image-2026-04-28-at-22.22.42.jpeg 864w\" sizes=\"250px\"\/><\/a><\/div><div class=\"sgb-item\"><a href=\"https:\/\/vedruna.org\/?attachment_id=35765\" target=\"_blank\"><img decoding=\"async\" alt=\"\" width=\"300\" height=\"225\" loading=\"lazy\" src=\"https:\/\/vedruna.org\/wp-content\/uploads\/2026\/04\/WhatsApp-Image-2026-04-28-at-22.22.41-1-300x225.jpeg\" srcset=\"https:\/\/vedruna.org\/wp-content\/uploads\/2026\/04\/WhatsApp-Image-2026-04-28-at-22.22.41-1-300x225.jpeg 300w,https:\/\/vedruna.org\/wp-content\/uploads\/2026\/04\/WhatsApp-Image-2026-04-28-at-22.22.41-1-1024x768.jpeg 1024w,https:\/\/vedruna.org\/wp-content\/uploads\/2026\/04\/WhatsApp-Image-2026-04-28-at-22.22.41-1.jpeg 1152w\" sizes=\"250px\"\/><\/a><\/div><div class=\"sgb-item\"><a href=\"https:\/\/vedruna.org\/?attachment_id=35766\" target=\"_blank\"><img decoding=\"async\" alt=\"\" width=\"300\" height=\"225\" loading=\"lazy\" src=\"https:\/\/vedruna.org\/wp-content\/uploads\/2026\/04\/WhatsApp-Image-2026-04-28-at-22.22.41-300x225.jpeg\" srcset=\"https:\/\/vedruna.org\/wp-content\/uploads\/2026\/04\/WhatsApp-Image-2026-04-28-at-22.22.41-300x225.jpeg 300w,https:\/\/vedruna.org\/wp-content\/uploads\/2026\/04\/WhatsApp-Image-2026-04-28-at-22.22.41.jpeg 1016w\" sizes=\"250px\"\/><\/a><\/div><div class=\"sgb-item\"><a href=\"https:\/\/vedruna.org\/?attachment_id=35767\" target=\"_blank\"><img decoding=\"async\" alt=\"\" width=\"225\" height=\"300\" loading=\"lazy\" src=\"https:\/\/vedruna.org\/wp-content\/uploads\/2026\/04\/WhatsApp-Image-2026-04-28-at-22.22.40-225x300.jpeg\" srcset=\"https:\/\/vedruna.org\/wp-content\/uploads\/2026\/04\/WhatsApp-Image-2026-04-28-at-22.22.40-225x300.jpeg 225w,https:\/\/vedruna.org\/wp-content\/uploads\/2026\/04\/WhatsApp-Image-2026-04-28-at-22.22.40-768x1024.jpeg 768w,https:\/\/vedruna.org\/wp-content\/uploads\/2026\/04\/WhatsApp-Image-2026-04-28-at-22.22.40.jpeg 864w\" sizes=\"250px\"\/><\/a><\/div><\/div><\/noscript><\/div><script type=\"application\/json\" class=\"sgb-data\">{\"lastRowFill\":true,\"collectionThumbRecomendedHeight\":150,\"collectionThumbMiniScreenScale\":true,\"externalLink\":false,\"captions\":false,\"collectionThumbSubMenuDownload\":false,\"collectionThumbSubMenuShare\":false,\"galleryType\":\"pgc_sgb_justified\",\"galleryId\":\"49578462\",\"images\":[{\"id\":35764,\"title\":\"WhatsApp Image 2026-04-28 at 22.22.42\",\"url\":\"https:\/\/vedruna.org\/wp-content\/uploads\/2026\/04\/WhatsApp-Image-2026-04-28-at-22.22.42.jpeg\",\"link\":\"https:\/\/vedruna.org\/?attachment_id=35764\",\"alt\":\"\",\"description\":\"\",\"caption\":\"\",\"mime\":\"image\/jpeg\",\"type\":\"image\",\"width\":864,\"height\":1152,\"sizes\":{\"thumbnail\":{\"height\":150,\"width\":150,\"url\":\"https:\/\/vedruna.org\/wp-content\/uploads\/2026\/04\/WhatsApp-Image-2026-04-28-at-22.22.42-150x150.jpeg\",\"orientation\":\"landscape\"},\"medium\":{\"height\":300,\"width\":225,\"url\":\"https:\/\/vedruna.org\/wp-content\/uploads\/2026\/04\/WhatsApp-Image-2026-04-28-at-22.22.42-225x300.jpeg\",\"orientation\":\"portrait\"},\"large\":{\"height\":1024,\"width\":768,\"url\":\"https:\/\/vedruna.org\/wp-content\/uploads\/2026\/04\/WhatsApp-Image-2026-04-28-at-22.22.42-768x1024.jpeg\",\"orientation\":\"portrait\"},\"full\":{\"url\":\"https:\/\/vedruna.org\/wp-content\/uploads\/2026\/04\/WhatsApp-Image-2026-04-28-at-22.22.42.jpeg\",\"height\":1152,\"width\":864,\"orientation\":\"portrait\"}},\"imageMeta\":{\"aperture\":\"0\",\"credit\":\"\",\"camera\":\"\",\"caption\":\"\",\"created_timestamp\":\"0\",\"copyright\":\"\",\"focal_length\":\"0\",\"iso\":\"0\",\"shutter_speed\":\"0\",\"title\":\"\",\"orientation\":\"0\",\"keywords\":[]},\"meta\":false,\"postlink\":\"https:\/\/vedruna.org\/?attachment_id=35764\"},{\"id\":35765,\"title\":\"WhatsApp Image 2026-04-28 at 22.22.41 (1)\",\"url\":\"https:\/\/vedruna.org\/wp-content\/uploads\/2026\/04\/WhatsApp-Image-2026-04-28-at-22.22.41-1.jpeg\",\"link\":\"https:\/\/vedruna.org\/?attachment_id=35765\",\"alt\":\"\",\"description\":\"\",\"caption\":\"\",\"mime\":\"image\/jpeg\",\"type\":\"image\",\"width\":1152,\"height\":864,\"sizes\":{\"thumbnail\":{\"height\":150,\"width\":150,\"url\":\"https:\/\/vedruna.org\/wp-content\/uploads\/2026\/04\/WhatsApp-Image-2026-04-28-at-22.22.41-1-150x150.jpeg\",\"orientation\":\"landscape\"},\"medium\":{\"height\":225,\"width\":300,\"url\":\"https:\/\/vedruna.org\/wp-content\/uploads\/2026\/04\/WhatsApp-Image-2026-04-28-at-22.22.41-1-300x225.jpeg\",\"orientation\":\"landscape\"},\"large\":{\"height\":768,\"width\":1024,\"url\":\"https:\/\/vedruna.org\/wp-content\/uploads\/2026\/04\/WhatsApp-Image-2026-04-28-at-22.22.41-1-1024x768.jpeg\",\"orientation\":\"landscape\"},\"full\":{\"url\":\"https:\/\/vedruna.org\/wp-content\/uploads\/2026\/04\/WhatsApp-Image-2026-04-28-at-22.22.41-1.jpeg\",\"height\":864,\"width\":1152,\"orientation\":\"landscape\"}},\"imageMeta\":{\"aperture\":\"0\",\"credit\":\"\",\"camera\":\"\",\"caption\":\"\",\"created_timestamp\":\"0\",\"copyright\":\"\",\"focal_length\":\"0\",\"iso\":\"0\",\"shutter_speed\":\"0\",\"title\":\"\",\"orientation\":\"0\",\"keywords\":[]},\"meta\":false,\"postlink\":\"https:\/\/vedruna.org\/?attachment_id=35765\"},{\"id\":35766,\"title\":\"WhatsApp Image 2026-04-28 at 22.22.41\",\"url\":\"https:\/\/vedruna.org\/wp-content\/uploads\/2026\/04\/WhatsApp-Image-2026-04-28-at-22.22.41.jpeg\",\"link\":\"https:\/\/vedruna.org\/?attachment_id=35766\",\"alt\":\"\",\"description\":\"\",\"caption\":\"\",\"mime\":\"image\/jpeg\",\"type\":\"image\",\"width\":1016,\"height\":762,\"sizes\":{\"thumbnail\":{\"height\":150,\"width\":150,\"url\":\"https:\/\/vedruna.org\/wp-content\/uploads\/2026\/04\/WhatsApp-Image-2026-04-28-at-22.22.41-150x150.jpeg\",\"orientation\":\"landscape\"},\"medium\":{\"height\":225,\"width\":300,\"url\":\"https:\/\/vedruna.org\/wp-content\/uploads\/2026\/04\/WhatsApp-Image-2026-04-28-at-22.22.41-300x225.jpeg\",\"orientation\":\"landscape\"},\"full\":{\"url\":\"https:\/\/vedruna.org\/wp-content\/uploads\/2026\/04\/WhatsApp-Image-2026-04-28-at-22.22.41.jpeg\",\"height\":762,\"width\":1016,\"orientation\":\"landscape\"}},\"imageMeta\":{\"aperture\":\"0\",\"credit\":\"\",\"camera\":\"\",\"caption\":\"\",\"created_timestamp\":\"0\",\"copyright\":\"\",\"focal_length\":\"0\",\"iso\":\"0\",\"shutter_speed\":\"0\",\"title\":\"\",\"orientation\":\"0\",\"keywords\":[]},\"meta\":false,\"postlink\":\"https:\/\/vedruna.org\/?attachment_id=35766\"},{\"id\":35767,\"title\":\"WhatsApp Image 2026-04-28 at 22.22.40\",\"url\":\"https:\/\/vedruna.org\/wp-content\/uploads\/2026\/04\/WhatsApp-Image-2026-04-28-at-22.22.40.jpeg\",\"link\":\"https:\/\/vedruna.org\/?attachment_id=35767\",\"alt\":\"\",\"description\":\"\",\"caption\":\"\",\"mime\":\"image\/jpeg\",\"type\":\"image\",\"width\":864,\"height\":1152,\"sizes\":{\"thumbnail\":{\"height\":150,\"width\":150,\"url\":\"https:\/\/vedruna.org\/wp-content\/uploads\/2026\/04\/WhatsApp-Image-2026-04-28-at-22.22.40-150x150.jpeg\",\"orientation\":\"landscape\"},\"medium\":{\"height\":300,\"width\":225,\"url\":\"https:\/\/vedruna.org\/wp-content\/uploads\/2026\/04\/WhatsApp-Image-2026-04-28-at-22.22.40-225x300.jpeg\",\"orientation\":\"portrait\"},\"large\":{\"height\":1024,\"width\":768,\"url\":\"https:\/\/vedruna.org\/wp-content\/uploads\/2026\/04\/WhatsApp-Image-2026-04-28-at-22.22.40-768x1024.jpeg\",\"orientation\":\"portrait\"},\"full\":{\"url\":\"https:\/\/vedruna.org\/wp-content\/uploads\/2026\/04\/WhatsApp-Image-2026-04-28-at-22.22.40.jpeg\",\"height\":1152,\"width\":864,\"orientation\":\"portrait\"}},\"imageMeta\":{\"aperture\":\"0\",\"credit\":\"\",\"camera\":\"\",\"caption\":\"\",\"created_timestamp\":\"0\",\"copyright\":\"\",\"focal_length\":\"0\",\"iso\":\"0\",\"shutter_speed\":\"0\",\"title\":\"\",\"orientation\":\"0\",\"keywords\":[]},\"meta\":false,\"postlink\":\"https:\/\/vedruna.org\/?attachment_id=35767\"}],\"useClobalSettings\":true,\"translatedWithWPMLTM\":\"1\",\"itemsMetaDataCollection\":[]}<\/script><script>(function(){if(window.PGC_SGB && window.PGC_SGB.searcher){window.PGC_SGB.searcher.initBlocks()}})()<\/script><\/div>\n<div style=\"height:25px\" aria-hidden=\"true\" class=\"wp-block-spacer\"><\/div>\n\n<h2 class=\"wp-block-heading\"><strong>21 d&#8217;abril &#8211; Trobada amb les autoritats pol\u00edtiques i eclesials<\/strong><\/h2>\n\n<p>La visita va comen\u00e7ar el 21 dabril amb la trobada entre el Papa Lle\u00f3 XIV, les autoritats pol\u00edtiques i els responsables eclesials. Va ser un moment de di\u00e0leg profund sobre els desafiaments del pa\u00eds i la responsabilitat de cadasc\u00fa en la construcci\u00f3 del b\u00e9 com\u00fa. <\/p>\n\n<p>El Sant Pare va recordar que l&#8217;autoritat \u00e9s un servei i no un poder, i que sempre s&#8217;ha d&#8217;exercir amb just\u00edcia, veritat, honestedat i sentit del b\u00e9 com\u00fa. Va convidar els dirigents pol\u00edtics a treballar per la pau social, la cohesi\u00f3 nacional i el desenvolupament integral de la persona humana. <\/p>\n\n<p>Als responsables eclesials els va dirigir una crida a continuar amb fidelitat la seva missi\u00f3 d&#8217;acompanyament espiritual, unitat i anunci de l&#8217;Evangeli, romanent propers al poble, especialment als m\u00e9s pobres i vulnerables.<\/p>\n<div class=\"pgc-sgb-cb wp-block-pgcsimplygalleryblock-justified \" data-gallery-id=\"bba68178\"><div class=\"sgb-preloader\" id=\"pr_bba68178\">\n\t<div class=\"sgb-square\" style=\"background:#d4d4d4\"><\/div>\n\t<div class=\"sgb-square\" style=\"background:#d4d4d4\"><\/div>\n\t<div class=\"sgb-square\" style=\"background:#d4d4d4\"><\/div>\n\t<div class=\"sgb-square\" style=\"background:#d4d4d4\"><\/div><\/div><div class=\"simply-gallery-amp pgc_sgb_slider \"><noscript><div class=\"sgb-gallery\"><div class=\"sgb-item\"><a href=\"https:\/\/vedruna.org\/?attachment_id=35772\" target=\"_blank\"><img decoding=\"async\" alt=\"\" width=\"300\" height=\"200\" loading=\"lazy\" src=\"https:\/\/vedruna.org\/wp-content\/uploads\/2026\/04\/WhatsApp-Image-2026-04-28-at-22.42.03-300x200.jpeg\" srcset=\"https:\/\/vedruna.org\/wp-content\/uploads\/2026\/04\/WhatsApp-Image-2026-04-28-at-22.42.03-300x200.jpeg 300w,https:\/\/vedruna.org\/wp-content\/uploads\/2026\/04\/WhatsApp-Image-2026-04-28-at-22.42.03-1024x683.jpeg 1024w,https:\/\/vedruna.org\/wp-content\/uploads\/2026\/04\/WhatsApp-Image-2026-04-28-at-22.42.03.jpeg 1080w\" sizes=\"250px\"\/><\/a><\/div><div class=\"sgb-item\"><a href=\"https:\/\/vedruna.org\/?attachment_id=35768\" target=\"_blank\"><img decoding=\"async\" alt=\"\" width=\"300\" height=\"200\" loading=\"lazy\" src=\"https:\/\/vedruna.org\/wp-content\/uploads\/2026\/04\/WhatsApp-Image-2026-04-28-at-22.41.57-300x200.jpeg\" srcset=\"https:\/\/vedruna.org\/wp-content\/uploads\/2026\/04\/WhatsApp-Image-2026-04-28-at-22.41.57-300x200.jpeg 300w,https:\/\/vedruna.org\/wp-content\/uploads\/2026\/04\/WhatsApp-Image-2026-04-28-at-22.41.57-1024x683.jpeg 1024w,https:\/\/vedruna.org\/wp-content\/uploads\/2026\/04\/WhatsApp-Image-2026-04-28-at-22.41.57.jpeg 1080w\" sizes=\"250px\"\/><\/a><\/div><div class=\"sgb-item\"><a href=\"https:\/\/vedruna.org\/?attachment_id=35769\" target=\"_blank\"><img decoding=\"async\" alt=\"\" width=\"300\" height=\"200\" loading=\"lazy\" src=\"https:\/\/vedruna.org\/wp-content\/uploads\/2026\/04\/WhatsApp-Image-2026-04-28-at-22.41.56-300x200.jpeg\" srcset=\"https:\/\/vedruna.org\/wp-content\/uploads\/2026\/04\/WhatsApp-Image-2026-04-28-at-22.41.56-300x200.jpeg 300w,https:\/\/vedruna.org\/wp-content\/uploads\/2026\/04\/WhatsApp-Image-2026-04-28-at-22.41.56-1024x683.jpeg 1024w,https:\/\/vedruna.org\/wp-content\/uploads\/2026\/04\/WhatsApp-Image-2026-04-28-at-22.41.56.jpeg 1080w\" sizes=\"250px\"\/><\/a><\/div><\/div><\/noscript><\/div><script type=\"application\/json\" class=\"sgb-data\">{\"lastRowFill\":true,\"collectionThumbRecomendedHeight\":150,\"collectionThumbMiniScreenScale\":true,\"externalLink\":false,\"captions\":false,\"collectionThumbSubMenuDownload\":false,\"collectionThumbSubMenuShare\":false,\"galleryType\":\"pgc_sgb_justified\",\"galleryId\":\"bba68178\",\"images\":[{\"id\":35772,\"title\":\"WhatsApp Image 2026-04-28 at 22.42.03\",\"url\":\"https:\/\/vedruna.org\/wp-content\/uploads\/2026\/04\/WhatsApp-Image-2026-04-28-at-22.42.03.jpeg\",\"link\":\"https:\/\/vedruna.org\/?attachment_id=35772\",\"alt\":\"\",\"description\":\"\",\"caption\":\"\",\"mime\":\"image\/jpeg\",\"type\":\"image\",\"width\":1080,\"height\":720,\"sizes\":{\"thumbnail\":{\"height\":150,\"width\":150,\"url\":\"https:\/\/vedruna.org\/wp-content\/uploads\/2026\/04\/WhatsApp-Image-2026-04-28-at-22.42.03-150x150.jpeg\",\"orientation\":\"landscape\"},\"medium\":{\"height\":200,\"width\":300,\"url\":\"https:\/\/vedruna.org\/wp-content\/uploads\/2026\/04\/WhatsApp-Image-2026-04-28-at-22.42.03-300x200.jpeg\",\"orientation\":\"landscape\"},\"large\":{\"height\":683,\"width\":1024,\"url\":\"https:\/\/vedruna.org\/wp-content\/uploads\/2026\/04\/WhatsApp-Image-2026-04-28-at-22.42.03-1024x683.jpeg\",\"orientation\":\"landscape\"},\"full\":{\"url\":\"https:\/\/vedruna.org\/wp-content\/uploads\/2026\/04\/WhatsApp-Image-2026-04-28-at-22.42.03.jpeg\",\"height\":720,\"width\":1080,\"orientation\":\"landscape\"}},\"imageMeta\":{\"aperture\":\"0\",\"credit\":\"\",\"camera\":\"\",\"caption\":\"\",\"created_timestamp\":\"0\",\"copyright\":\"\",\"focal_length\":\"0\",\"iso\":\"0\",\"shutter_speed\":\"0\",\"title\":\"\",\"orientation\":\"0\",\"keywords\":[]},\"meta\":false,\"postlink\":\"https:\/\/vedruna.org\/?attachment_id=35772\"},{\"id\":35768,\"title\":\"WhatsApp Image 2026-04-28 at 22.41.57\",\"url\":\"https:\/\/vedruna.org\/wp-content\/uploads\/2026\/04\/WhatsApp-Image-2026-04-28-at-22.41.57.jpeg\",\"link\":\"https:\/\/vedruna.org\/?attachment_id=35768\",\"alt\":\"\",\"description\":\"\",\"caption\":\"\",\"mime\":\"image\/jpeg\",\"type\":\"image\",\"width\":1080,\"height\":720,\"sizes\":{\"thumbnail\":{\"height\":150,\"width\":150,\"url\":\"https:\/\/vedruna.org\/wp-content\/uploads\/2026\/04\/WhatsApp-Image-2026-04-28-at-22.41.57-150x150.jpeg\",\"orientation\":\"landscape\"},\"medium\":{\"height\":200,\"width\":300,\"url\":\"https:\/\/vedruna.org\/wp-content\/uploads\/2026\/04\/WhatsApp-Image-2026-04-28-at-22.41.57-300x200.jpeg\",\"orientation\":\"landscape\"},\"large\":{\"height\":683,\"width\":1024,\"url\":\"https:\/\/vedruna.org\/wp-content\/uploads\/2026\/04\/WhatsApp-Image-2026-04-28-at-22.41.57-1024x683.jpeg\",\"orientation\":\"landscape\"},\"full\":{\"url\":\"https:\/\/vedruna.org\/wp-content\/uploads\/2026\/04\/WhatsApp-Image-2026-04-28-at-22.41.57.jpeg\",\"height\":720,\"width\":1080,\"orientation\":\"landscape\"}},\"imageMeta\":{\"aperture\":\"0\",\"credit\":\"\",\"camera\":\"\",\"caption\":\"\",\"created_timestamp\":\"0\",\"copyright\":\"\",\"focal_length\":\"0\",\"iso\":\"0\",\"shutter_speed\":\"0\",\"title\":\"\",\"orientation\":\"0\",\"keywords\":[]},\"meta\":false,\"postlink\":\"https:\/\/vedruna.org\/?attachment_id=35768\"},{\"id\":35769,\"title\":\"WhatsApp Image 2026-04-28 at 22.41.56\",\"url\":\"https:\/\/vedruna.org\/wp-content\/uploads\/2026\/04\/WhatsApp-Image-2026-04-28-at-22.41.56.jpeg\",\"link\":\"https:\/\/vedruna.org\/?attachment_id=35769\",\"alt\":\"\",\"description\":\"\",\"caption\":\"\",\"mime\":\"image\/jpeg\",\"type\":\"image\",\"width\":1080,\"height\":720,\"sizes\":{\"thumbnail\":{\"height\":150,\"width\":150,\"url\":\"https:\/\/vedruna.org\/wp-content\/uploads\/2026\/04\/WhatsApp-Image-2026-04-28-at-22.41.56-150x150.jpeg\",\"orientation\":\"landscape\"},\"medium\":{\"height\":200,\"width\":300,\"url\":\"https:\/\/vedruna.org\/wp-content\/uploads\/2026\/04\/WhatsApp-Image-2026-04-28-at-22.41.56-300x200.jpeg\",\"orientation\":\"landscape\"},\"large\":{\"height\":683,\"width\":1024,\"url\":\"https:\/\/vedruna.org\/wp-content\/uploads\/2026\/04\/WhatsApp-Image-2026-04-28-at-22.41.56-1024x683.jpeg\",\"orientation\":\"landscape\"},\"full\":{\"url\":\"https:\/\/vedruna.org\/wp-content\/uploads\/2026\/04\/WhatsApp-Image-2026-04-28-at-22.41.56.jpeg\",\"height\":720,\"width\":1080,\"orientation\":\"landscape\"}},\"imageMeta\":{\"aperture\":\"0\",\"credit\":\"\",\"camera\":\"\",\"caption\":\"\",\"created_timestamp\":\"0\",\"copyright\":\"\",\"focal_length\":\"0\",\"iso\":\"0\",\"shutter_speed\":\"0\",\"title\":\"\",\"orientation\":\"0\",\"keywords\":[]},\"meta\":false,\"postlink\":\"https:\/\/vedruna.org\/?attachment_id=35769\"}],\"useClobalSettings\":true,\"translatedWithWPMLTM\":\"1\",\"itemsMetaDataCollection\":[]}<\/script><script>(function(){if(window.PGC_SGB && window.PGC_SGB.searcher){window.PGC_SGB.searcher.initBlocks()}})()<\/script><\/div>\n<div style=\"height:25px\" aria-hidden=\"true\" class=\"wp-block-spacer\"><\/div>\n\n<h2 class=\"wp-block-heading\"><strong>Visita a la pres\u00f3 local i als hospitals<\/strong><\/h2>\n\n<p>Despr\u00e9s d&#8217;aquesta trobada oficial, el Papa va continuar la visita pastoral a la pres\u00f3 local. Aquest moment va ser un signe fort de proximitat amb les persones privades de llibertat. Va recordar que tota persona humana conserva la seva dignitat, fins i tot a la culpa, i que la societat est\u00e0 cridada a promoure el perd\u00f3, la reinserci\u00f3 i la miseric\u00f2rdia.  <\/p>\n\n<p>Posteriorment va visitar diversos hospitals, on es va trobar amb els malalts i les persones m\u00e9s vulnerables. La seva pres\u00e8ncia va ser un moment de consol, oraci\u00f3 i esperan\u00e7a, manifestant la tendresa de l&#8217;Esgl\u00e9sia i la proximitat de Crist amb qui pateixen. <\/p>\n<div class=\"pgc-sgb-cb wp-block-pgcsimplygalleryblock-justified \" data-gallery-id=\"c1669956\"><div class=\"sgb-preloader\" id=\"pr_c1669956\">\n\t<div class=\"sgb-square\" style=\"background:#d4d4d4\"><\/div>\n\t<div class=\"sgb-square\" style=\"background:#d4d4d4\"><\/div>\n\t<div class=\"sgb-square\" style=\"background:#d4d4d4\"><\/div>\n\t<div class=\"sgb-square\" style=\"background:#d4d4d4\"><\/div><\/div><div class=\"simply-gallery-amp pgc_sgb_slider \"><noscript><div class=\"sgb-gallery\"><div class=\"sgb-item\"><a href=\"https:\/\/vedruna.org\/?attachment_id=35770\" target=\"_blank\"><img decoding=\"async\" alt=\"\" width=\"300\" height=\"300\" loading=\"lazy\" src=\"https:\/\/vedruna.org\/wp-content\/uploads\/2026\/04\/WhatsApp-Image-2026-04-28-at-22.42.04-300x300.jpeg\" srcset=\"https:\/\/vedruna.org\/wp-content\/uploads\/2026\/04\/WhatsApp-Image-2026-04-28-at-22.42.04-300x300.jpeg 300w,https:\/\/vedruna.org\/wp-content\/uploads\/2026\/04\/WhatsApp-Image-2026-04-28-at-22.42.04.jpeg 852w\" sizes=\"250px\"\/><\/a><\/div><div class=\"sgb-item\"><a href=\"https:\/\/vedruna.org\/?attachment_id=35771\" target=\"_blank\"><img decoding=\"async\" alt=\"\" width=\"300\" height=\"300\" loading=\"lazy\" src=\"https:\/\/vedruna.org\/wp-content\/uploads\/2026\/04\/WhatsApp-Image-2026-04-28-at-22.41.59-300x300.jpeg\" srcset=\"https:\/\/vedruna.org\/wp-content\/uploads\/2026\/04\/WhatsApp-Image-2026-04-28-at-22.41.59-300x300.jpeg 300w,https:\/\/vedruna.org\/wp-content\/uploads\/2026\/04\/WhatsApp-Image-2026-04-28-at-22.41.59-1024x1024.jpeg 1024w,https:\/\/vedruna.org\/wp-content\/uploads\/2026\/04\/WhatsApp-Image-2026-04-28-at-22.41.59.jpeg 1080w\" sizes=\"250px\"\/><\/a><\/div><\/div><\/noscript><\/div><script type=\"application\/json\" class=\"sgb-data\">{\"lastRowFill\":true,\"collectionThumbRecomendedHeight\":150,\"collectionThumbMiniScreenScale\":true,\"externalLink\":false,\"captions\":false,\"collectionThumbSubMenuDownload\":false,\"collectionThumbSubMenuShare\":false,\"galleryType\":\"pgc_sgb_justified\",\"galleryId\":\"c1669956\",\"images\":[{\"id\":35770,\"title\":\"WhatsApp Image 2026-04-28 at 22.42.04\",\"url\":\"https:\/\/vedruna.org\/wp-content\/uploads\/2026\/04\/WhatsApp-Image-2026-04-28-at-22.42.04.jpeg\",\"link\":\"https:\/\/vedruna.org\/?attachment_id=35770\",\"alt\":\"\",\"description\":\"\",\"caption\":\"\",\"mime\":\"image\/jpeg\",\"type\":\"image\",\"width\":852,\"height\":852,\"sizes\":{\"thumbnail\":{\"height\":150,\"width\":150,\"url\":\"https:\/\/vedruna.org\/wp-content\/uploads\/2026\/04\/WhatsApp-Image-2026-04-28-at-22.42.04-150x150.jpeg\",\"orientation\":\"landscape\"},\"medium\":{\"height\":300,\"width\":300,\"url\":\"https:\/\/vedruna.org\/wp-content\/uploads\/2026\/04\/WhatsApp-Image-2026-04-28-at-22.42.04-300x300.jpeg\",\"orientation\":\"landscape\"},\"full\":{\"url\":\"https:\/\/vedruna.org\/wp-content\/uploads\/2026\/04\/WhatsApp-Image-2026-04-28-at-22.42.04.jpeg\",\"height\":852,\"width\":852,\"orientation\":\"landscape\"}},\"imageMeta\":{\"aperture\":\"0\",\"credit\":\"\",\"camera\":\"\",\"caption\":\"\",\"created_timestamp\":\"0\",\"copyright\":\"\",\"focal_length\":\"0\",\"iso\":\"0\",\"shutter_speed\":\"0\",\"title\":\"\",\"orientation\":\"0\",\"keywords\":[]},\"meta\":false,\"postlink\":\"https:\/\/vedruna.org\/?attachment_id=35770\"},{\"id\":35771,\"title\":\"WhatsApp Image 2026-04-28 at 22.41.59\",\"url\":\"https:\/\/vedruna.org\/wp-content\/uploads\/2026\/04\/WhatsApp-Image-2026-04-28-at-22.41.59.jpeg\",\"link\":\"https:\/\/vedruna.org\/?attachment_id=35771\",\"alt\":\"\",\"description\":\"\",\"caption\":\"\",\"mime\":\"image\/jpeg\",\"type\":\"image\",\"width\":1080,\"height\":1080,\"sizes\":{\"thumbnail\":{\"height\":150,\"width\":150,\"url\":\"https:\/\/vedruna.org\/wp-content\/uploads\/2026\/04\/WhatsApp-Image-2026-04-28-at-22.41.59-150x150.jpeg\",\"orientation\":\"landscape\"},\"medium\":{\"height\":300,\"width\":300,\"url\":\"https:\/\/vedruna.org\/wp-content\/uploads\/2026\/04\/WhatsApp-Image-2026-04-28-at-22.41.59-300x300.jpeg\",\"orientation\":\"landscape\"},\"large\":{\"height\":1024,\"width\":1024,\"url\":\"https:\/\/vedruna.org\/wp-content\/uploads\/2026\/04\/WhatsApp-Image-2026-04-28-at-22.41.59-1024x1024.jpeg\",\"orientation\":\"landscape\"},\"full\":{\"url\":\"https:\/\/vedruna.org\/wp-content\/uploads\/2026\/04\/WhatsApp-Image-2026-04-28-at-22.41.59.jpeg\",\"height\":1080,\"width\":1080,\"orientation\":\"landscape\"}},\"imageMeta\":{\"aperture\":\"0\",\"credit\":\"\",\"camera\":\"\",\"caption\":\"\",\"created_timestamp\":\"0\",\"copyright\":\"\",\"focal_length\":\"0\",\"iso\":\"0\",\"shutter_speed\":\"0\",\"title\":\"\",\"orientation\":\"0\",\"keywords\":[]},\"meta\":false,\"postlink\":\"https:\/\/vedruna.org\/?attachment_id=35771\"}],\"useClobalSettings\":true,\"translatedWithWPMLTM\":\"1\",\"itemsMetaDataCollection\":[]}<\/script><script>(function(){if(window.PGC_SGB && window.PGC_SGB.searcher){window.PGC_SGB.searcher.initBlocks()}})()<\/script><\/div>\n<div style=\"height:25px\" aria-hidden=\"true\" class=\"wp-block-spacer\"><\/div>\n\n<h2 class=\"wp-block-heading\"><strong>Trobada amb els joves i les fam\u00edlies sota la pluja<\/strong><\/h2>\n\n<p>Un dels moments m\u00e9s significatius de la visita va ser la trobada amb els joves i les fam\u00edlies. Tot i una forta pluja, la multitud va romandre amb alegria, fe i perseveran\u00e7a. Aquesta escena esdevingu\u00e9 un signe viu de la vitalitat espiritual del poble.  <\/p>\n\n<p>El papa Lle\u00f3 XIV va preguntar amb senzillesa si la pluja podia aturar l&#8217;alegria, i la resposta va ser clara: la fe i l&#8217;esperan\u00e7a eren m\u00e9s fortes que qualsevol dificultat. En el seu missatge, va animar els joves a no tenir por del futur, sin\u00f3 a construir-lo sobre la fe. <\/p>\n\n<p>Va recordar que els joves s\u00f3n el present viu de l&#8217;Esgl\u00e9sia, cridats a ser testimonis valents de Crist, constructors de pau i portadors d&#8217;esperan\u00e7a a les seves fam\u00edlies, escoles i comunitats.<\/p>\n\n<p>En dirigir-se a les fam\u00edlies, el Sant Pare va aprofundir en un missatge que ha tocat profundament els cors, tot recordant que la fam\u00edlia \u00e9s abans que res un lloc de perd\u00f3. Va subratllar que no hi ha una fam\u00edlia perfecta, perqu\u00e8 no hi ha persones perfectes. Tots estan cridats a conviure enmig de febleses, ferides i difer\u00e8ncies.  <\/p>\n\n<p>Va insistir que no hi ha fam\u00edlia sana sense la pr\u00e0ctica del perd\u00f3. El perd\u00f3 \u2014va dir\u2014 \u00e9s el remei de la joia, la sanaci\u00f3 del cor i la base d&#8217;una veritable vida familiar. Sense ell, la fam\u00edlia es converteix en un espai de conflictes, mentre que amb ell es transforma en un lloc de pau, vida i creixement.  <\/p>\n\n<p>El Sant Pare va recordar que guardar ranc\u00fania destrueix interiorment, mentre que perdonar allibera, sana i torna la pau. Per aix\u00f2, va convidar les fam\u00edlies a ser espais d&#8217;acolliment, suport, amor i reconciliaci\u00f3, on cada membre es pugui sentir valorat i acompanyat. <\/p>\n\n<p>Aix\u00ed mateix, va destacar que les fam\u00edlies estan cridades a ser llum a la societat, vivint l&#8217;amor veritable, el respecte mutu i el do de si. En aquest sentit, va subratllar que les alegries m\u00e9s grans neixen del servei i del lliurament, especialment cap als m\u00e9s necessitats. <\/p>\n\n<p>Tamb\u00e9 va exhortar tota la societat a promoure una cultura basada en l&#8217;esfor\u00e7, la feina ben feta i la responsabilitat, allunyant-se de la cerca de l&#8217;\u00e8xit f\u00e0cil.<\/p>\n<div class=\"pgc-sgb-cb wp-block-pgcsimplygalleryblock-justified \" data-gallery-id=\"94492209\"><div class=\"sgb-preloader\" id=\"pr_94492209\">\n\t<div class=\"sgb-square\" style=\"background:#d4d4d4\"><\/div>\n\t<div class=\"sgb-square\" style=\"background:#d4d4d4\"><\/div>\n\t<div class=\"sgb-square\" style=\"background:#d4d4d4\"><\/div>\n\t<div class=\"sgb-square\" style=\"background:#d4d4d4\"><\/div><\/div><div class=\"simply-gallery-amp pgc_sgb_slider \"><noscript><div class=\"sgb-gallery\"><div class=\"sgb-item\"><a href=\"https:\/\/vedruna.org\/?attachment_id=35779\" target=\"_blank\"><img decoding=\"async\" alt=\"\" width=\"300\" height=\"135\" loading=\"lazy\" src=\"https:\/\/vedruna.org\/wp-content\/uploads\/2026\/04\/WhatsApp-Image-2026-04-28-at-22.25.49-1-300x135.jpeg\" srcset=\"https:\/\/vedruna.org\/wp-content\/uploads\/2026\/04\/WhatsApp-Image-2026-04-28-at-22.25.49-1-300x135.jpeg 300w,https:\/\/vedruna.org\/wp-content\/uploads\/2026\/04\/WhatsApp-Image-2026-04-28-at-22.25.49-1-1024x461.jpeg 1024w,https:\/\/vedruna.org\/wp-content\/uploads\/2026\/04\/WhatsApp-Image-2026-04-28-at-22.25.49-1.jpeg 1080w\" sizes=\"250px\"\/><\/a><\/div><div class=\"sgb-item\"><a href=\"https:\/\/vedruna.org\/?attachment_id=35780\" target=\"_blank\"><img decoding=\"async\" alt=\"\" width=\"300\" height=\"135\" loading=\"lazy\" src=\"https:\/\/vedruna.org\/wp-content\/uploads\/2026\/04\/WhatsApp-Image-2026-04-28-at-22.25.49-300x135.jpeg\" srcset=\"https:\/\/vedruna.org\/wp-content\/uploads\/2026\/04\/WhatsApp-Image-2026-04-28-at-22.25.49-300x135.jpeg 300w,https:\/\/vedruna.org\/wp-content\/uploads\/2026\/04\/WhatsApp-Image-2026-04-28-at-22.25.49-1024x461.jpeg 1024w,https:\/\/vedruna.org\/wp-content\/uploads\/2026\/04\/WhatsApp-Image-2026-04-28-at-22.25.49.jpeg 1080w\" sizes=\"250px\"\/><\/a><\/div><div class=\"sgb-item\"><a href=\"https:\/\/vedruna.org\/?attachment_id=35773\" target=\"_blank\"><img decoding=\"async\" alt=\"\" width=\"300\" height=\"173\" loading=\"lazy\" src=\"https:\/\/vedruna.org\/wp-content\/uploads\/2026\/04\/Imagen3-300x173.jpg\" srcset=\"https:\/\/vedruna.org\/wp-content\/uploads\/2026\/04\/Imagen3-300x173.jpg 300w,https:\/\/vedruna.org\/wp-content\/uploads\/2026\/04\/Imagen3.jpg 554w\" sizes=\"250px\"\/><\/a><\/div><div class=\"sgb-item\"><a href=\"https:\/\/vedruna.org\/?attachment_id=35774\" target=\"_blank\"><img decoding=\"async\" alt=\"\" width=\"226\" height=\"300\" loading=\"lazy\" src=\"https:\/\/vedruna.org\/wp-content\/uploads\/2026\/04\/Imagen2-226x300.jpg\" srcset=\"https:\/\/vedruna.org\/wp-content\/uploads\/2026\/04\/Imagen2-226x300.jpg 226w,https:\/\/vedruna.org\/wp-content\/uploads\/2026\/04\/Imagen2.jpg 554w\" sizes=\"250px\"\/><\/a><\/div><div class=\"sgb-item\"><a href=\"https:\/\/vedruna.org\/?attachment_id=35775\" target=\"_blank\"><img decoding=\"async\" alt=\"\" width=\"225\" height=\"300\" loading=\"lazy\" src=\"https:\/\/vedruna.org\/wp-content\/uploads\/2026\/04\/Imagen1-225x300.jpg\" srcset=\"https:\/\/vedruna.org\/wp-content\/uploads\/2026\/04\/Imagen1-225x300.jpg 225w,https:\/\/vedruna.org\/wp-content\/uploads\/2026\/04\/Imagen1.jpg 554w\" sizes=\"250px\"\/><\/a><\/div><div class=\"sgb-item\"><a href=\"https:\/\/vedruna.org\/?attachment_id=35776\" target=\"_blank\"><img decoding=\"async\" alt=\"\" width=\"300\" height=\"135\" loading=\"lazy\" src=\"https:\/\/vedruna.org\/wp-content\/uploads\/2026\/04\/WhatsApp-Image-2026-04-28-at-22.25.43-300x135.jpeg\" srcset=\"https:\/\/vedruna.org\/wp-content\/uploads\/2026\/04\/WhatsApp-Image-2026-04-28-at-22.25.43-300x135.jpeg 300w,https:\/\/vedruna.org\/wp-content\/uploads\/2026\/04\/WhatsApp-Image-2026-04-28-at-22.25.43-1024x461.jpeg 1024w,https:\/\/vedruna.org\/wp-content\/uploads\/2026\/04\/WhatsApp-Image-2026-04-28-at-22.25.43.jpeg 1080w\" sizes=\"250px\"\/><\/a><\/div><div class=\"sgb-item\"><a href=\"https:\/\/vedruna.org\/?attachment_id=35777\" target=\"_blank\"><img decoding=\"async\" alt=\"\" width=\"300\" height=\"300\" loading=\"lazy\" src=\"https:\/\/vedruna.org\/wp-content\/uploads\/2026\/04\/WhatsApp-Image-2026-04-28-at-22.42.05-1-300x300.jpeg\" srcset=\"https:\/\/vedruna.org\/wp-content\/uploads\/2026\/04\/WhatsApp-Image-2026-04-28-at-22.42.05-1-300x300.jpeg 300w,https:\/\/vedruna.org\/wp-content\/uploads\/2026\/04\/WhatsApp-Image-2026-04-28-at-22.42.05-1.jpeg 400w\" sizes=\"250px\"\/><\/a><\/div><\/div><\/noscript><\/div><script type=\"application\/json\" class=\"sgb-data\">{\"lastRowFill\":true,\"collectionThumbRecomendedHeight\":150,\"collectionThumbMiniScreenScale\":true,\"externalLink\":false,\"captions\":false,\"collectionThumbSubMenuDownload\":false,\"collectionThumbSubMenuShare\":false,\"galleryType\":\"pgc_sgb_justified\",\"galleryId\":\"94492209\",\"images\":[{\"id\":35779,\"title\":\"WhatsApp Image 2026-04-28 at 22.25.49 (1)\",\"url\":\"https:\/\/vedruna.org\/wp-content\/uploads\/2026\/04\/WhatsApp-Image-2026-04-28-at-22.25.49-1.jpeg\",\"link\":\"https:\/\/vedruna.org\/?attachment_id=35779\",\"alt\":\"\",\"description\":\"\",\"caption\":\"\",\"mime\":\"image\/jpeg\",\"type\":\"image\",\"width\":1080,\"height\":486,\"sizes\":{\"thumbnail\":{\"height\":150,\"width\":150,\"url\":\"https:\/\/vedruna.org\/wp-content\/uploads\/2026\/04\/WhatsApp-Image-2026-04-28-at-22.25.49-1-150x150.jpeg\",\"orientation\":\"landscape\"},\"medium\":{\"height\":135,\"width\":300,\"url\":\"https:\/\/vedruna.org\/wp-content\/uploads\/2026\/04\/WhatsApp-Image-2026-04-28-at-22.25.49-1-300x135.jpeg\",\"orientation\":\"landscape\"},\"large\":{\"height\":461,\"width\":1024,\"url\":\"https:\/\/vedruna.org\/wp-content\/uploads\/2026\/04\/WhatsApp-Image-2026-04-28-at-22.25.49-1-1024x461.jpeg\",\"orientation\":\"landscape\"},\"full\":{\"url\":\"https:\/\/vedruna.org\/wp-content\/uploads\/2026\/04\/WhatsApp-Image-2026-04-28-at-22.25.49-1.jpeg\",\"height\":486,\"width\":1080,\"orientation\":\"landscape\"}},\"imageMeta\":{\"aperture\":\"0\",\"credit\":\"\",\"camera\":\"\",\"caption\":\"\",\"created_timestamp\":\"0\",\"copyright\":\"\",\"focal_length\":\"0\",\"iso\":\"0\",\"shutter_speed\":\"0\",\"title\":\"\",\"orientation\":\"0\",\"keywords\":[]},\"meta\":false,\"postlink\":\"https:\/\/vedruna.org\/?attachment_id=35779\"},{\"id\":35780,\"title\":\"WhatsApp Image 2026-04-28 at 22.25.49\",\"url\":\"https:\/\/vedruna.org\/wp-content\/uploads\/2026\/04\/WhatsApp-Image-2026-04-28-at-22.25.49.jpeg\",\"link\":\"https:\/\/vedruna.org\/?attachment_id=35780\",\"alt\":\"\",\"description\":\"\",\"caption\":\"\",\"mime\":\"image\/jpeg\",\"type\":\"image\",\"width\":1080,\"height\":486,\"sizes\":{\"thumbnail\":{\"height\":150,\"width\":150,\"url\":\"https:\/\/vedruna.org\/wp-content\/uploads\/2026\/04\/WhatsApp-Image-2026-04-28-at-22.25.49-150x150.jpeg\",\"orientation\":\"landscape\"},\"medium\":{\"height\":135,\"width\":300,\"url\":\"https:\/\/vedruna.org\/wp-content\/uploads\/2026\/04\/WhatsApp-Image-2026-04-28-at-22.25.49-300x135.jpeg\",\"orientation\":\"landscape\"},\"large\":{\"height\":461,\"width\":1024,\"url\":\"https:\/\/vedruna.org\/wp-content\/uploads\/2026\/04\/WhatsApp-Image-2026-04-28-at-22.25.49-1024x461.jpeg\",\"orientation\":\"landscape\"},\"full\":{\"url\":\"https:\/\/vedruna.org\/wp-content\/uploads\/2026\/04\/WhatsApp-Image-2026-04-28-at-22.25.49.jpeg\",\"height\":486,\"width\":1080,\"orientation\":\"landscape\"}},\"imageMeta\":{\"aperture\":\"0\",\"credit\":\"\",\"camera\":\"\",\"caption\":\"\",\"created_timestamp\":\"0\",\"copyright\":\"\",\"focal_length\":\"0\",\"iso\":\"0\",\"shutter_speed\":\"0\",\"title\":\"\",\"orientation\":\"0\",\"keywords\":[]},\"meta\":false,\"postlink\":\"https:\/\/vedruna.org\/?attachment_id=35780\"},{\"id\":35773,\"title\":\"Imagen3\",\"url\":\"https:\/\/vedruna.org\/wp-content\/uploads\/2026\/04\/Imagen3.jpg\",\"link\":\"https:\/\/vedruna.org\/?attachment_id=35773\",\"alt\":\"\",\"description\":\"\",\"caption\":\"\",\"mime\":\"image\/jpeg\",\"type\":\"image\",\"width\":554,\"height\":320,\"sizes\":{\"thumbnail\":{\"height\":150,\"width\":150,\"url\":\"https:\/\/vedruna.org\/wp-content\/uploads\/2026\/04\/Imagen3-150x150.jpg\",\"orientation\":\"landscape\"},\"medium\":{\"height\":173,\"width\":300,\"url\":\"https:\/\/vedruna.org\/wp-content\/uploads\/2026\/04\/Imagen3-300x173.jpg\",\"orientation\":\"landscape\"},\"full\":{\"url\":\"https:\/\/vedruna.org\/wp-content\/uploads\/2026\/04\/Imagen3.jpg\",\"height\":320,\"width\":554,\"orientation\":\"landscape\"}},\"imageMeta\":{\"aperture\":\"0\",\"credit\":\"\",\"camera\":\"\",\"caption\":\"\",\"created_timestamp\":\"0\",\"copyright\":\"\",\"focal_length\":\"0\",\"iso\":\"0\",\"shutter_speed\":\"0\",\"title\":\"\",\"orientation\":\"0\",\"keywords\":[]},\"meta\":false,\"postlink\":\"https:\/\/vedruna.org\/?attachment_id=35773\"},{\"id\":35774,\"title\":\"Imagen2\",\"url\":\"https:\/\/vedruna.org\/wp-content\/uploads\/2026\/04\/Imagen2.jpg\",\"link\":\"https:\/\/vedruna.org\/?attachment_id=35774\",\"alt\":\"\",\"description\":\"\",\"caption\":\"\",\"mime\":\"image\/jpeg\",\"type\":\"image\",\"width\":554,\"height\":736,\"sizes\":{\"thumbnail\":{\"height\":150,\"width\":150,\"url\":\"https:\/\/vedruna.org\/wp-content\/uploads\/2026\/04\/Imagen2-150x150.jpg\",\"orientation\":\"landscape\"},\"medium\":{\"height\":300,\"width\":226,\"url\":\"https:\/\/vedruna.org\/wp-content\/uploads\/2026\/04\/Imagen2-226x300.jpg\",\"orientation\":\"portrait\"},\"full\":{\"url\":\"https:\/\/vedruna.org\/wp-content\/uploads\/2026\/04\/Imagen2.jpg\",\"height\":736,\"width\":554,\"orientation\":\"portrait\"}},\"imageMeta\":{\"aperture\":\"0\",\"credit\":\"\",\"camera\":\"\",\"caption\":\"\",\"created_timestamp\":\"0\",\"copyright\":\"\",\"focal_length\":\"0\",\"iso\":\"0\",\"shutter_speed\":\"0\",\"title\":\"\",\"orientation\":\"0\",\"keywords\":[]},\"meta\":false,\"postlink\":\"https:\/\/vedruna.org\/?attachment_id=35774\"},{\"id\":35775,\"title\":\"Imagen1\",\"url\":\"https:\/\/vedruna.org\/wp-content\/uploads\/2026\/04\/Imagen1.jpg\",\"link\":\"https:\/\/vedruna.org\/?attachment_id=35775\",\"alt\":\"\",\"description\":\"\",\"caption\":\"\",\"mime\":\"image\/jpeg\",\"type\":\"image\",\"width\":554,\"height\":738,\"sizes\":{\"thumbnail\":{\"height\":150,\"width\":150,\"url\":\"https:\/\/vedruna.org\/wp-content\/uploads\/2026\/04\/Imagen1-150x150.jpg\",\"orientation\":\"landscape\"},\"medium\":{\"height\":300,\"width\":225,\"url\":\"https:\/\/vedruna.org\/wp-content\/uploads\/2026\/04\/Imagen1-225x300.jpg\",\"orientation\":\"portrait\"},\"full\":{\"url\":\"https:\/\/vedruna.org\/wp-content\/uploads\/2026\/04\/Imagen1.jpg\",\"height\":738,\"width\":554,\"orientation\":\"portrait\"}},\"imageMeta\":{\"aperture\":\"0\",\"credit\":\"\",\"camera\":\"\",\"caption\":\"\",\"created_timestamp\":\"0\",\"copyright\":\"\",\"focal_length\":\"0\",\"iso\":\"0\",\"shutter_speed\":\"0\",\"title\":\"\",\"orientation\":\"0\",\"keywords\":[]},\"meta\":false,\"postlink\":\"https:\/\/vedruna.org\/?attachment_id=35775\"},{\"id\":35776,\"title\":\"WhatsApp Image 2026-04-28 at 22.25.43\",\"url\":\"https:\/\/vedruna.org\/wp-content\/uploads\/2026\/04\/WhatsApp-Image-2026-04-28-at-22.25.43.jpeg\",\"link\":\"https:\/\/vedruna.org\/?attachment_id=35776\",\"alt\":\"\",\"description\":\"\",\"caption\":\"\",\"mime\":\"image\/jpeg\",\"type\":\"image\",\"width\":1080,\"height\":486,\"sizes\":{\"thumbnail\":{\"height\":150,\"width\":150,\"url\":\"https:\/\/vedruna.org\/wp-content\/uploads\/2026\/04\/WhatsApp-Image-2026-04-28-at-22.25.43-150x150.jpeg\",\"orientation\":\"landscape\"},\"medium\":{\"height\":135,\"width\":300,\"url\":\"https:\/\/vedruna.org\/wp-content\/uploads\/2026\/04\/WhatsApp-Image-2026-04-28-at-22.25.43-300x135.jpeg\",\"orientation\":\"landscape\"},\"large\":{\"height\":461,\"width\":1024,\"url\":\"https:\/\/vedruna.org\/wp-content\/uploads\/2026\/04\/WhatsApp-Image-2026-04-28-at-22.25.43-1024x461.jpeg\",\"orientation\":\"landscape\"},\"full\":{\"url\":\"https:\/\/vedruna.org\/wp-content\/uploads\/2026\/04\/WhatsApp-Image-2026-04-28-at-22.25.43.jpeg\",\"height\":486,\"width\":1080,\"orientation\":\"landscape\"}},\"imageMeta\":{\"aperture\":\"0\",\"credit\":\"\",\"camera\":\"\",\"caption\":\"\",\"created_timestamp\":\"0\",\"copyright\":\"\",\"focal_length\":\"0\",\"iso\":\"0\",\"shutter_speed\":\"0\",\"title\":\"\",\"orientation\":\"0\",\"keywords\":[]},\"meta\":false,\"postlink\":\"https:\/\/vedruna.org\/?attachment_id=35776\"},{\"id\":35777,\"title\":\"WhatsApp Image 2026-04-28 at 22.42.05 (1)\",\"url\":\"https:\/\/vedruna.org\/wp-content\/uploads\/2026\/04\/WhatsApp-Image-2026-04-28-at-22.42.05-1.jpeg\",\"link\":\"https:\/\/vedruna.org\/?attachment_id=35777\",\"alt\":\"\",\"description\":\"\",\"caption\":\"\",\"mime\":\"image\/jpeg\",\"type\":\"image\",\"width\":400,\"height\":400,\"sizes\":{\"thumbnail\":{\"height\":150,\"width\":150,\"url\":\"https:\/\/vedruna.org\/wp-content\/uploads\/2026\/04\/WhatsApp-Image-2026-04-28-at-22.42.05-1-150x150.jpeg\",\"orientation\":\"landscape\"},\"medium\":{\"height\":300,\"width\":300,\"url\":\"https:\/\/vedruna.org\/wp-content\/uploads\/2026\/04\/WhatsApp-Image-2026-04-28-at-22.42.05-1-300x300.jpeg\",\"orientation\":\"landscape\"},\"full\":{\"url\":\"https:\/\/vedruna.org\/wp-content\/uploads\/2026\/04\/WhatsApp-Image-2026-04-28-at-22.42.05-1.jpeg\",\"height\":400,\"width\":400,\"orientation\":\"landscape\"}},\"imageMeta\":{\"aperture\":\"0\",\"credit\":\"\",\"camera\":\"\",\"caption\":\"\",\"created_timestamp\":\"0\",\"copyright\":\"\",\"focal_length\":\"0\",\"iso\":\"0\",\"shutter_speed\":\"0\",\"title\":\"\",\"orientation\":\"0\",\"keywords\":[]},\"meta\":false,\"postlink\":\"https:\/\/vedruna.org\/?attachment_id=35777\"}],\"useClobalSettings\":true,\"translatedWithWPMLTM\":\"1\",\"itemsMetaDataCollection\":[]}<\/script><script>(function(){if(window.PGC_SGB && window.PGC_SGB.searcher){window.PGC_SGB.searcher.initBlocks()}})()<\/script><\/div>\n<div style=\"height:25px\" aria-hidden=\"true\" class=\"wp-block-spacer\"><\/div>\n\n<h2 class=\"wp-block-heading\"><strong>23 d&#8217;abril &#8211; Celebraci\u00f3 Eucar\u00edstica de cloenda<\/strong><\/h2>\n\n<p>El 23 d&#8217;abril, la visita va concloure amb una missa d&#8217;acci\u00f3 de gr\u00e0cies solemne, que va reunir una multitud de fidels de tot el pa\u00eds. Va ser el moment culminant de la visita, marcat per la preg\u00e0ria, la fe i la renovaci\u00f3 espiritual. <\/p>\n\n<p>Aquesta celebraci\u00f3 va permetre donar gr\u00e0cies pels 170 anys d&#8217;evangelitzaci\u00f3 i de renovar el comprom\u00eds missioner de tota l&#8217;Esgl\u00e9sia a Guinea Equatorial.<\/p>\n<div class=\"pgc-sgb-cb wp-block-pgcsimplygalleryblock-justified \" data-gallery-id=\"26f25247\"><div class=\"sgb-preloader\" id=\"pr_26f25247\">\n\t<div class=\"sgb-square\" style=\"background:#d4d4d4\"><\/div>\n\t<div class=\"sgb-square\" style=\"background:#d4d4d4\"><\/div>\n\t<div class=\"sgb-square\" style=\"background:#d4d4d4\"><\/div>\n\t<div class=\"sgb-square\" style=\"background:#d4d4d4\"><\/div><\/div><div class=\"simply-gallery-amp pgc_sgb_slider \"><noscript><div class=\"sgb-gallery\"><div class=\"sgb-item\"><a href=\"https:\/\/vedruna.org\/?attachment_id=35778\" target=\"_blank\"><img decoding=\"async\" alt=\"\" width=\"300\" height=\"173\" loading=\"lazy\" src=\"https:\/\/vedruna.org\/wp-content\/uploads\/2026\/04\/WhatsApp-Image-2026-04-28-at-22.42.05-300x173.jpeg\" srcset=\"https:\/\/vedruna.org\/wp-content\/uploads\/2026\/04\/WhatsApp-Image-2026-04-28-at-22.42.05-300x173.jpeg 300w,https:\/\/vedruna.org\/wp-content\/uploads\/2026\/04\/WhatsApp-Image-2026-04-28-at-22.42.05-1024x590.jpeg 1024w,https:\/\/vedruna.org\/wp-content\/uploads\/2026\/04\/WhatsApp-Image-2026-04-28-at-22.42.05.jpeg 1080w\" sizes=\"250px\"\/><\/a><\/div><\/div><\/noscript><\/div><script type=\"application\/json\" class=\"sgb-data\">{\"lastRowFill\":true,\"collectionThumbRecomendedHeight\":150,\"collectionThumbMiniScreenScale\":true,\"externalLink\":false,\"captions\":false,\"collectionThumbSubMenuDownload\":false,\"collectionThumbSubMenuShare\":false,\"galleryType\":\"pgc_sgb_justified\",\"galleryId\":\"26f25247\",\"images\":[{\"id\":35778,\"title\":\"WhatsApp Image 2026-04-28 at 22.42.05\",\"url\":\"https:\/\/vedruna.org\/wp-content\/uploads\/2026\/04\/WhatsApp-Image-2026-04-28-at-22.42.05.jpeg\",\"link\":\"https:\/\/vedruna.org\/?attachment_id=35778\",\"alt\":\"\",\"description\":\"\",\"caption\":\"\",\"mime\":\"image\/jpeg\",\"type\":\"image\",\"width\":1080,\"height\":622,\"sizes\":{\"thumbnail\":{\"height\":150,\"width\":150,\"url\":\"https:\/\/vedruna.org\/wp-content\/uploads\/2026\/04\/WhatsApp-Image-2026-04-28-at-22.42.05-150x150.jpeg\",\"orientation\":\"landscape\"},\"medium\":{\"height\":173,\"width\":300,\"url\":\"https:\/\/vedruna.org\/wp-content\/uploads\/2026\/04\/WhatsApp-Image-2026-04-28-at-22.42.05-300x173.jpeg\",\"orientation\":\"landscape\"},\"large\":{\"height\":590,\"width\":1024,\"url\":\"https:\/\/vedruna.org\/wp-content\/uploads\/2026\/04\/WhatsApp-Image-2026-04-28-at-22.42.05-1024x590.jpeg\",\"orientation\":\"landscape\"},\"full\":{\"url\":\"https:\/\/vedruna.org\/wp-content\/uploads\/2026\/04\/WhatsApp-Image-2026-04-28-at-22.42.05.jpeg\",\"height\":622,\"width\":1080,\"orientation\":\"landscape\"}},\"imageMeta\":{\"aperture\":\"0\",\"credit\":\"\",\"camera\":\"\",\"caption\":\"\",\"created_timestamp\":\"0\",\"copyright\":\"\",\"focal_length\":\"0\",\"iso\":\"0\",\"shutter_speed\":\"0\",\"title\":\"\",\"orientation\":\"0\",\"keywords\":[]},\"meta\":false,\"postlink\":\"https:\/\/vedruna.org\/?attachment_id=35778\"}],\"useClobalSettings\":true,\"translatedWithWPMLTM\":\"1\",\"itemsMetaDataCollection\":[]}<\/script><script>(function(){if(window.PGC_SGB && window.PGC_SGB.searcher){window.PGC_SGB.searcher.initBlocks()}})()<\/script><\/div>\n<div style=\"height:25px\" aria-hidden=\"true\" class=\"wp-block-spacer\"><\/div>\n\n<h2 class=\"wp-block-heading\"><strong>Un esdeveniment hist\u00f2ric per a la naci\u00f3<\/strong><\/h2>\n\n<p>Despr\u00e9s d&#8217;aquests tres dies, la visita del Papa Lle\u00f3 XIV va quedar com un esdeveniment hist\u00f2ric, deixant una profunda empremta als cors. Va enfortir la unitat nacional, va revifar la fe del poble i va obrir un nou horitz\u00f3 d&#8217;esperan\u00e7a per al futur. <\/p>\n\n<p>Com a Germanes Vedruna, donem gr\u00e0cies a D\u00e9u per aquesta experi\u00e8ncia viscuda al costat del poble. Hem pogut constatar que quan l&#8217;Esgl\u00e9sia camina unida, en esperit de col\u00b7laboraci\u00f3 i de fe, es converteix veritablement en signe d&#8217;esperan\u00e7a per al m\u00f3n. <\/p>\n\n<p>Aquesta viv\u00e8ncia ens impulsa a continuar acompanyant la comunitat amb un entusiasme renovat, ajudant cada persona a descobrir que \u00e9s part important de l&#8217;Esgl\u00e9sia i que est\u00e0 cridada a ser llum enmig de la societat.<\/p>\n\n<p class=\"has-text-align-right\"><strong>Hna. Rosette Kazunga, ccv<\/strong><\/p>\n","protected":false},"excerpt":{"rendered":"<p>Del 21 al 23 d&#8217;abril, la visita apost\u00f2lica del Papa Lle\u00f3 XIV a Guinea Equatorial , en ocasi\u00f3 dels 170 anys de l&#8217;evangelitzaci\u00f3 al pa\u00eds, va marcar un moment hist\u00f2ric per a l&#8217;Esgl\u00e9sia i per a tota la naci\u00f3. Sota el tema Crist, llum de Guinea Equatorial per a un futur d&#8217;esperan\u00e7a, aquesta visita va [&hellip;]<\/p>\n","protected":false},"author":21,"featured_media":35785,"comment_status":"closed","ping_status":"closed","sticky":false,"template":"","format":"standard","meta":{"_et_pb_use_builder":"","_et_pb_old_content":"","_et_gb_content_width":"","pgc_sgb_lightbox_settings":"","footnotes":""},"categories":[347,251],"tags":[],"class_list":["post-35784","post","type-post","status-publish","format-standard","has-post-thumbnail","hentry","category-guinea-ca","category-provincia-dafrica"],"yoast_head":"<!-- This site is optimized with the Yoast SEO plugin v27.5 - https:\/\/yoast.com\/product\/yoast-seo-wordpress\/ -->\n<title>Pres\u00e8ncia Vedruna a la visita del Papa Lle\u00f3 XIV a Guinea Equatorial - Carmelitas de la Caridad Vedruna<\/title>\n<meta name=\"description\" content=\"La nostra comunitat de germanes a Guinea Equatorial rep amb alegria i il\u00b7lusi\u00f3 el Papa Lle\u00f3 XIV en la visita apost\u00f2lica.\" \/>\n<meta name=\"robots\" content=\"index, follow, max-snippet:-1, max-image-preview:large, max-video-preview:-1\" \/>\n<link rel=\"canonical\" href=\"https:\/\/vedruna.org\/ca\/presencia-vedruna-a-la-visita-del-papa-lleo-xiv-a-guinea-equatorial\/\" \/>\n<meta property=\"og:locale\" content=\"ca_ES\" \/>\n<meta property=\"og:type\" content=\"article\" \/>\n<meta property=\"og:title\" content=\"Pres\u00e8ncia Vedruna a la visita del Papa Lle\u00f3 XIV a Guinea Equatorial - Carmelitas de la Caridad Vedruna\" \/>\n<meta property=\"og:description\" content=\"La nostra comunitat de germanes a Guinea Equatorial rep amb alegria i il\u00b7lusi\u00f3 el Papa Lle\u00f3 XIV en la visita apost\u00f2lica.\" \/>\n<meta property=\"og:url\" content=\"https:\/\/vedruna.org\/ca\/presencia-vedruna-a-la-visita-del-papa-lleo-xiv-a-guinea-equatorial\/\" \/>\n<meta property=\"og:site_name\" content=\"Carmelitas de la Caridad Vedruna\" \/>\n<meta property=\"article:published_time\" content=\"2026-04-24T10:40:49+00:00\" \/>\n<meta property=\"article:modified_time\" content=\"2026-04-30T10:46:12+00:00\" \/>\n<meta property=\"og:image\" content=\"https:\/\/vedruna.org\/wp-content\/uploads\/2026\/04\/WhatsApp-Image-2026-04-28-at-22.22.42-1-e1777545461859.jpeg\" \/>\n\t<meta property=\"og:image:width\" content=\"863\" \/>\n\t<meta property=\"og:image:height\" content=\"423\" \/>\n\t<meta property=\"og:image:type\" content=\"image\/jpeg\" \/>\n<meta name=\"author\" content=\"Maria Agustina G\u00f3mez\" \/>\n<meta name=\"twitter:card\" content=\"summary_large_image\" \/>\n<meta name=\"twitter:label1\" content=\"Escrit per\" \/>\n\t<meta name=\"twitter:data1\" content=\"Maria Agustina G\u00f3mez\" \/>\n\t<meta name=\"twitter:label2\" content=\"Temps estimat de lectura\" \/>\n\t<meta name=\"twitter:data2\" content=\"7 minuts\" \/>\n<script type=\"application\/ld+json\" class=\"yoast-schema-graph\">{\"@context\":\"https:\\\/\\\/schema.org\",\"@graph\":[{\"@type\":\"Article\",\"@id\":\"https:\\\/\\\/vedruna.org\\\/ca\\\/presencia-vedruna-a-la-visita-del-papa-lleo-xiv-a-guinea-equatorial\\\/#article\",\"isPartOf\":{\"@id\":\"https:\\\/\\\/vedruna.org\\\/ca\\\/presencia-vedruna-a-la-visita-del-papa-lleo-xiv-a-guinea-equatorial\\\/\"},\"author\":{\"name\":\"Maria Agustina G\u00f3mez\",\"@id\":\"https:\\\/\\\/vedruna.org\\\/ca\\\/#\\\/schema\\\/person\\\/95fe789adf27c2831fc5a049c727edf5\"},\"headline\":\"Pres\u00e8ncia Vedruna a la visita del Papa Lle\u00f3 XIV a Guinea Equatorial\",\"datePublished\":\"2026-04-24T10:40:49+00:00\",\"dateModified\":\"2026-04-30T10:46:12+00:00\",\"mainEntityOfPage\":{\"@id\":\"https:\\\/\\\/vedruna.org\\\/ca\\\/presencia-vedruna-a-la-visita-del-papa-lleo-xiv-a-guinea-equatorial\\\/\"},\"wordCount\":1492,\"publisher\":{\"@id\":\"https:\\\/\\\/vedruna.org\\\/ca\\\/#organization\"},\"image\":{\"@id\":\"https:\\\/\\\/vedruna.org\\\/ca\\\/presencia-vedruna-a-la-visita-del-papa-lleo-xiv-a-guinea-equatorial\\\/#primaryimage\"},\"thumbnailUrl\":\"https:\\\/\\\/vedruna.org\\\/wp-content\\\/uploads\\\/2026\\\/04\\\/WhatsApp-Image-2026-04-28-at-22.22.42-1-e1777545461859.jpeg\",\"articleSection\":[\"Guinea\",\"Prov\u00edncia d'\u00c0frica\"],\"inLanguage\":\"ca\"},{\"@type\":\"WebPage\",\"@id\":\"https:\\\/\\\/vedruna.org\\\/ca\\\/presencia-vedruna-a-la-visita-del-papa-lleo-xiv-a-guinea-equatorial\\\/\",\"url\":\"https:\\\/\\\/vedruna.org\\\/ca\\\/presencia-vedruna-a-la-visita-del-papa-lleo-xiv-a-guinea-equatorial\\\/\",\"name\":\"Pres\u00e8ncia Vedruna a la visita del Papa Lle\u00f3 XIV a Guinea Equatorial - Carmelitas de la Caridad Vedruna\",\"isPartOf\":{\"@id\":\"https:\\\/\\\/vedruna.org\\\/ca\\\/#website\"},\"primaryImageOfPage\":{\"@id\":\"https:\\\/\\\/vedruna.org\\\/ca\\\/presencia-vedruna-a-la-visita-del-papa-lleo-xiv-a-guinea-equatorial\\\/#primaryimage\"},\"image\":{\"@id\":\"https:\\\/\\\/vedruna.org\\\/ca\\\/presencia-vedruna-a-la-visita-del-papa-lleo-xiv-a-guinea-equatorial\\\/#primaryimage\"},\"thumbnailUrl\":\"https:\\\/\\\/vedruna.org\\\/wp-content\\\/uploads\\\/2026\\\/04\\\/WhatsApp-Image-2026-04-28-at-22.22.42-1-e1777545461859.jpeg\",\"datePublished\":\"2026-04-24T10:40:49+00:00\",\"dateModified\":\"2026-04-30T10:46:12+00:00\",\"description\":\"La nostra comunitat de germanes a Guinea Equatorial rep amb alegria i il\u00b7lusi\u00f3 el Papa Lle\u00f3 XIV en la visita apost\u00f2lica.\",\"breadcrumb\":{\"@id\":\"https:\\\/\\\/vedruna.org\\\/ca\\\/presencia-vedruna-a-la-visita-del-papa-lleo-xiv-a-guinea-equatorial\\\/#breadcrumb\"},\"inLanguage\":\"ca\",\"potentialAction\":[{\"@type\":\"ReadAction\",\"target\":[\"https:\\\/\\\/vedruna.org\\\/ca\\\/presencia-vedruna-a-la-visita-del-papa-lleo-xiv-a-guinea-equatorial\\\/\"]}]},{\"@type\":\"ImageObject\",\"inLanguage\":\"ca\",\"@id\":\"https:\\\/\\\/vedruna.org\\\/ca\\\/presencia-vedruna-a-la-visita-del-papa-lleo-xiv-a-guinea-equatorial\\\/#primaryimage\",\"url\":\"https:\\\/\\\/vedruna.org\\\/wp-content\\\/uploads\\\/2026\\\/04\\\/WhatsApp-Image-2026-04-28-at-22.22.42-1-e1777545461859.jpeg\",\"contentUrl\":\"https:\\\/\\\/vedruna.org\\\/wp-content\\\/uploads\\\/2026\\\/04\\\/WhatsApp-Image-2026-04-28-at-22.22.42-1-e1777545461859.jpeg\",\"width\":863,\"height\":423},{\"@type\":\"BreadcrumbList\",\"@id\":\"https:\\\/\\\/vedruna.org\\\/ca\\\/presencia-vedruna-a-la-visita-del-papa-lleo-xiv-a-guinea-equatorial\\\/#breadcrumb\",\"itemListElement\":[{\"@type\":\"ListItem\",\"position\":1,\"name\":\"Portada\",\"item\":\"https:\\\/\\\/vedruna.org\\\/ca\\\/\"},{\"@type\":\"ListItem\",\"position\":2,\"name\":\"Pres\u00e8ncia Vedruna a la visita del Papa Lle\u00f3 XIV a Guinea Equatorial\"}]},{\"@type\":\"WebSite\",\"@id\":\"https:\\\/\\\/vedruna.org\\\/ca\\\/#website\",\"url\":\"https:\\\/\\\/vedruna.org\\\/ca\\\/\",\"name\":\"Carmelitas de la Caridad Vedruna\",\"description\":\"Carmelitas de la caridad\",\"publisher\":{\"@id\":\"https:\\\/\\\/vedruna.org\\\/ca\\\/#organization\"},\"potentialAction\":[{\"@type\":\"SearchAction\",\"target\":{\"@type\":\"EntryPoint\",\"urlTemplate\":\"https:\\\/\\\/vedruna.org\\\/ca\\\/?s={search_term_string}\"},\"query-input\":{\"@type\":\"PropertyValueSpecification\",\"valueRequired\":true,\"valueName\":\"search_term_string\"}}],\"inLanguage\":\"ca\"},{\"@type\":\"Organization\",\"@id\":\"https:\\\/\\\/vedruna.org\\\/ca\\\/#organization\",\"name\":\"Carmelitas de la caridad Vedruna\",\"url\":\"https:\\\/\\\/vedruna.org\\\/ca\\\/\",\"logo\":{\"@type\":\"ImageObject\",\"inLanguage\":\"ca\",\"@id\":\"https:\\\/\\\/vedruna.org\\\/ca\\\/#\\\/schema\\\/logo\\\/image\\\/\",\"url\":\"https:\\\/\\\/vedruna.org\\\/wp-content\\\/uploads\\\/2022\\\/04\\\/LOGO-VEDRUNA-HORIZONTAL.png\",\"contentUrl\":\"https:\\\/\\\/vedruna.org\\\/wp-content\\\/uploads\\\/2022\\\/04\\\/LOGO-VEDRUNA-HORIZONTAL.png\",\"width\":1200,\"height\":463,\"caption\":\"Carmelitas de la caridad Vedruna\"},\"image\":{\"@id\":\"https:\\\/\\\/vedruna.org\\\/ca\\\/#\\\/schema\\\/logo\\\/image\\\/\"}},{\"@type\":\"Person\",\"@id\":\"https:\\\/\\\/vedruna.org\\\/ca\\\/#\\\/schema\\\/person\\\/95fe789adf27c2831fc5a049c727edf5\",\"name\":\"Maria Agustina G\u00f3mez\",\"image\":{\"@type\":\"ImageObject\",\"inLanguage\":\"ca\",\"@id\":\"https:\\\/\\\/secure.gravatar.com\\\/avatar\\\/8af3ece86571c098b978434bbc43b948c403c1ae191f09a04e94f916638ceb2c?s=96&d=mm&r=g\",\"url\":\"https:\\\/\\\/secure.gravatar.com\\\/avatar\\\/8af3ece86571c098b978434bbc43b948c403c1ae191f09a04e94f916638ceb2c?s=96&d=mm&r=g\",\"contentUrl\":\"https:\\\/\\\/secure.gravatar.com\\\/avatar\\\/8af3ece86571c098b978434bbc43b948c403c1ae191f09a04e94f916638ceb2c?s=96&d=mm&r=g\",\"caption\":\"Maria Agustina G\u00f3mez\"},\"url\":\"https:\\\/\\\/vedruna.org\\\/ca\\\/author\\\/agustina-gomez\\\/\"}]}<\/script>\n<!-- \/ Yoast SEO plugin. -->","yoast_head_json":{"title":"Pres\u00e8ncia Vedruna a la visita del Papa Lle\u00f3 XIV a Guinea Equatorial - Carmelitas de la Caridad Vedruna","description":"La nostra comunitat de germanes a Guinea Equatorial rep amb alegria i il\u00b7lusi\u00f3 el Papa Lle\u00f3 XIV en la visita apost\u00f2lica.","robots":{"index":"index","follow":"follow","max-snippet":"max-snippet:-1","max-image-preview":"max-image-preview:large","max-video-preview":"max-video-preview:-1"},"canonical":"https:\/\/vedruna.org\/ca\/presencia-vedruna-a-la-visita-del-papa-lleo-xiv-a-guinea-equatorial\/","og_locale":"ca_ES","og_type":"article","og_title":"Pres\u00e8ncia Vedruna a la visita del Papa Lle\u00f3 XIV a Guinea Equatorial - Carmelitas de la Caridad Vedruna","og_description":"La nostra comunitat de germanes a Guinea Equatorial rep amb alegria i il\u00b7lusi\u00f3 el Papa Lle\u00f3 XIV en la visita apost\u00f2lica.","og_url":"https:\/\/vedruna.org\/ca\/presencia-vedruna-a-la-visita-del-papa-lleo-xiv-a-guinea-equatorial\/","og_site_name":"Carmelitas de la Caridad Vedruna","article_published_time":"2026-04-24T10:40:49+00:00","article_modified_time":"2026-04-30T10:46:12+00:00","og_image":[{"width":863,"height":423,"url":"https:\/\/vedruna.org\/wp-content\/uploads\/2026\/04\/WhatsApp-Image-2026-04-28-at-22.22.42-1-e1777545461859.jpeg","type":"image\/jpeg"}],"author":"Maria Agustina G\u00f3mez","twitter_card":"summary_large_image","twitter_misc":{"Escrit per":"Maria Agustina G\u00f3mez","Temps estimat de lectura":"7 minuts"},"schema":{"@context":"https:\/\/schema.org","@graph":[{"@type":"Article","@id":"https:\/\/vedruna.org\/ca\/presencia-vedruna-a-la-visita-del-papa-lleo-xiv-a-guinea-equatorial\/#article","isPartOf":{"@id":"https:\/\/vedruna.org\/ca\/presencia-vedruna-a-la-visita-del-papa-lleo-xiv-a-guinea-equatorial\/"},"author":{"name":"Maria Agustina G\u00f3mez","@id":"https:\/\/vedruna.org\/ca\/#\/schema\/person\/95fe789adf27c2831fc5a049c727edf5"},"headline":"Pres\u00e8ncia Vedruna a la visita del Papa Lle\u00f3 XIV a Guinea Equatorial","datePublished":"2026-04-24T10:40:49+00:00","dateModified":"2026-04-30T10:46:12+00:00","mainEntityOfPage":{"@id":"https:\/\/vedruna.org\/ca\/presencia-vedruna-a-la-visita-del-papa-lleo-xiv-a-guinea-equatorial\/"},"wordCount":1492,"publisher":{"@id":"https:\/\/vedruna.org\/ca\/#organization"},"image":{"@id":"https:\/\/vedruna.org\/ca\/presencia-vedruna-a-la-visita-del-papa-lleo-xiv-a-guinea-equatorial\/#primaryimage"},"thumbnailUrl":"https:\/\/vedruna.org\/wp-content\/uploads\/2026\/04\/WhatsApp-Image-2026-04-28-at-22.22.42-1-e1777545461859.jpeg","articleSection":["Guinea","Prov\u00edncia d'\u00c0frica"],"inLanguage":"ca"},{"@type":"WebPage","@id":"https:\/\/vedruna.org\/ca\/presencia-vedruna-a-la-visita-del-papa-lleo-xiv-a-guinea-equatorial\/","url":"https:\/\/vedruna.org\/ca\/presencia-vedruna-a-la-visita-del-papa-lleo-xiv-a-guinea-equatorial\/","name":"Pres\u00e8ncia Vedruna a la visita del Papa Lle\u00f3 XIV a Guinea Equatorial - Carmelitas de la Caridad Vedruna","isPartOf":{"@id":"https:\/\/vedruna.org\/ca\/#website"},"primaryImageOfPage":{"@id":"https:\/\/vedruna.org\/ca\/presencia-vedruna-a-la-visita-del-papa-lleo-xiv-a-guinea-equatorial\/#primaryimage"},"image":{"@id":"https:\/\/vedruna.org\/ca\/presencia-vedruna-a-la-visita-del-papa-lleo-xiv-a-guinea-equatorial\/#primaryimage"},"thumbnailUrl":"https:\/\/vedruna.org\/wp-content\/uploads\/2026\/04\/WhatsApp-Image-2026-04-28-at-22.22.42-1-e1777545461859.jpeg","datePublished":"2026-04-24T10:40:49+00:00","dateModified":"2026-04-30T10:46:12+00:00","description":"La nostra comunitat de germanes a Guinea Equatorial rep amb alegria i il\u00b7lusi\u00f3 el Papa Lle\u00f3 XIV en la visita apost\u00f2lica.","breadcrumb":{"@id":"https:\/\/vedruna.org\/ca\/presencia-vedruna-a-la-visita-del-papa-lleo-xiv-a-guinea-equatorial\/#breadcrumb"},"inLanguage":"ca","potentialAction":[{"@type":"ReadAction","target":["https:\/\/vedruna.org\/ca\/presencia-vedruna-a-la-visita-del-papa-lleo-xiv-a-guinea-equatorial\/"]}]},{"@type":"ImageObject","inLanguage":"ca","@id":"https:\/\/vedruna.org\/ca\/presencia-vedruna-a-la-visita-del-papa-lleo-xiv-a-guinea-equatorial\/#primaryimage","url":"https:\/\/vedruna.org\/wp-content\/uploads\/2026\/04\/WhatsApp-Image-2026-04-28-at-22.22.42-1-e1777545461859.jpeg","contentUrl":"https:\/\/vedruna.org\/wp-content\/uploads\/2026\/04\/WhatsApp-Image-2026-04-28-at-22.22.42-1-e1777545461859.jpeg","width":863,"height":423},{"@type":"BreadcrumbList","@id":"https:\/\/vedruna.org\/ca\/presencia-vedruna-a-la-visita-del-papa-lleo-xiv-a-guinea-equatorial\/#breadcrumb","itemListElement":[{"@type":"ListItem","position":1,"name":"Portada","item":"https:\/\/vedruna.org\/ca\/"},{"@type":"ListItem","position":2,"name":"Pres\u00e8ncia Vedruna a la visita del Papa Lle\u00f3 XIV a Guinea Equatorial"}]},{"@type":"WebSite","@id":"https:\/\/vedruna.org\/ca\/#website","url":"https:\/\/vedruna.org\/ca\/","name":"Carmelitas de la Caridad Vedruna","description":"Carmelitas de la caridad","publisher":{"@id":"https:\/\/vedruna.org\/ca\/#organization"},"potentialAction":[{"@type":"SearchAction","target":{"@type":"EntryPoint","urlTemplate":"https:\/\/vedruna.org\/ca\/?s={search_term_string}"},"query-input":{"@type":"PropertyValueSpecification","valueRequired":true,"valueName":"search_term_string"}}],"inLanguage":"ca"},{"@type":"Organization","@id":"https:\/\/vedruna.org\/ca\/#organization","name":"Carmelitas de la caridad Vedruna","url":"https:\/\/vedruna.org\/ca\/","logo":{"@type":"ImageObject","inLanguage":"ca","@id":"https:\/\/vedruna.org\/ca\/#\/schema\/logo\/image\/","url":"https:\/\/vedruna.org\/wp-content\/uploads\/2022\/04\/LOGO-VEDRUNA-HORIZONTAL.png","contentUrl":"https:\/\/vedruna.org\/wp-content\/uploads\/2022\/04\/LOGO-VEDRUNA-HORIZONTAL.png","width":1200,"height":463,"caption":"Carmelitas de la caridad Vedruna"},"image":{"@id":"https:\/\/vedruna.org\/ca\/#\/schema\/logo\/image\/"}},{"@type":"Person","@id":"https:\/\/vedruna.org\/ca\/#\/schema\/person\/95fe789adf27c2831fc5a049c727edf5","name":"Maria Agustina G\u00f3mez","image":{"@type":"ImageObject","inLanguage":"ca","@id":"https:\/\/secure.gravatar.com\/avatar\/8af3ece86571c098b978434bbc43b948c403c1ae191f09a04e94f916638ceb2c?s=96&d=mm&r=g","url":"https:\/\/secure.gravatar.com\/avatar\/8af3ece86571c098b978434bbc43b948c403c1ae191f09a04e94f916638ceb2c?s=96&d=mm&r=g","contentUrl":"https:\/\/secure.gravatar.com\/avatar\/8af3ece86571c098b978434bbc43b948c403c1ae191f09a04e94f916638ceb2c?s=96&d=mm&r=g","caption":"Maria Agustina G\u00f3mez"},"url":"https:\/\/vedruna.org\/ca\/author\/agustina-gomez\/"}]}},"_links":{"self":[{"href":"https:\/\/vedruna.org\/ca\/wp-json\/wp\/v2\/posts\/35784","targetHints":{"allow":["GET"]}}],"collection":[{"href":"https:\/\/vedruna.org\/ca\/wp-json\/wp\/v2\/posts"}],"about":[{"href":"https:\/\/vedruna.org\/ca\/wp-json\/wp\/v2\/types\/post"}],"author":[{"embeddable":true,"href":"https:\/\/vedruna.org\/ca\/wp-json\/wp\/v2\/users\/21"}],"replies":[{"embeddable":true,"href":"https:\/\/vedruna.org\/ca\/wp-json\/wp\/v2\/comments?post=35784"}],"version-history":[{"count":1,"href":"https:\/\/vedruna.org\/ca\/wp-json\/wp\/v2\/posts\/35784\/revisions"}],"predecessor-version":[{"id":35787,"href":"https:\/\/vedruna.org\/ca\/wp-json\/wp\/v2\/posts\/35784\/revisions\/35787"}],"wp:featuredmedia":[{"embeddable":true,"href":"https:\/\/vedruna.org\/ca\/wp-json\/wp\/v2\/media\/35785"}],"wp:attachment":[{"href":"https:\/\/vedruna.org\/ca\/wp-json\/wp\/v2\/media?parent=35784"}],"wp:term":[{"taxonomy":"category","embeddable":true,"href":"https:\/\/vedruna.org\/ca\/wp-json\/wp\/v2\/categories?post=35784"},{"taxonomy":"post_tag","embeddable":true,"href":"https:\/\/vedruna.org\/ca\/wp-json\/wp\/v2\/tags?post=35784"}],"curies":[{"name":"wp","href":"https:\/\/api.w.org\/{rel}","templated":true}]}}