{"id":39585,"date":"2026-08-12T10:56:55","date_gmt":"2026-08-12T08:56:55","guid":{"rendered":"https:\/\/vedruna.org\/veus-per-a-altres-veus-el-resso-del-carisma-vedruna-a-la-joventut-damerica\/"},"modified":"2026-08-17T13:03:46","modified_gmt":"2026-08-17T11:03:46","slug":"veus-per-a-altres-veus-el-resso-del-carisma-vedruna-a-la-joventut-damerica","status":"publish","type":"post","link":"https:\/\/vedruna.org\/ca\/veus-per-a-altres-veus-el-resso-del-carisma-vedruna-a-la-joventut-damerica\/","title":{"rendered":"Veus per a altres veus: el ress\u00f2 del carisma Vedruna a la joventut d&#8217;Am\u00e8rica"},"content":{"rendered":"\n<p class=\"wp-block-paragraph\">En el marc del <strong>Bicentenari de la Congregaci\u00f3 de les Germanes Carmelites Vedruna<\/strong> , joves representants del <strong>Moviment Juvenil VedrunAm\u00e8rica (MJV)<\/strong> van viure una experi\u00e8ncia profundament significativa en pelegrinar cap als or\u00edgens del carisma. Rec\u00f3rrer els carrers de Barcelona i Vic, visitar el Manso Escorial i apropar-se als llocs on Santa Joaquima de Vedruna va iniciar la seva missi\u00f3 els va permetre passar de con\u00e8ixer la hist\u00f2ria a experimentar personalment la for\u00e7a d&#8217;un llegat que, dos-cents anys despr\u00e9s, continua viu. <\/p>\n\n<p class=\"wp-block-paragraph\">M\u00e9s que un viatge, la trobada va ser una experi\u00e8ncia de <strong>fe, fraternitat, espiritualitat i missi\u00f3<\/strong> . Els joves van tornar als seus pa\u00efsos amb el cor renovat i amb la certesa que el carisma Vedruna continua sent una invitaci\u00f3 actual a estimar, servir, acompanyar i transformar la realitat. <\/p>\n<div class=\"pgc-sgb-cb wp-block-pgcsimplygalleryblock-justified \" data-gallery-id=\"c0c75275\"><div class=\"sgb-preloader\" id=\"pr_c0c75275\">\n\t<div class=\"sgb-square\" style=\"background:#d4d4d4\"><\/div>\n\t<div class=\"sgb-square\" style=\"background:#d4d4d4\"><\/div>\n\t<div class=\"sgb-square\" style=\"background:#d4d4d4\"><\/div>\n\t<div class=\"sgb-square\" style=\"background:#d4d4d4\"><\/div><\/div><div class=\"simply-gallery-amp pgc_sgb_slider \"><noscript><div class=\"sgb-gallery\"><div class=\"sgb-item\"><a href=\"https:\/\/vedruna.org\/4-65\/\" target=\"_blank\"><img decoding=\"async\" alt=\"\" width=\"300\" height=\"60\" loading=\"lazy\" src=\"https:\/\/vedruna.org\/wp-content\/uploads\/2026\/08\/4-300x60.jpg\" srcset=\"https:\/\/vedruna.org\/wp-content\/uploads\/2026\/08\/4-300x60.jpg 300w,https:\/\/vedruna.org\/wp-content\/uploads\/2026\/08\/4-1024x206.jpg 1024w,https:\/\/vedruna.org\/wp-content\/uploads\/2026\/08\/4.jpg 1600w\" sizes=\"250px\"\/><\/a><\/div><\/div><\/noscript><\/div><script type=\"application\/json\" class=\"sgb-data\">{\"lastRowFill\":true,\"externalLink\":false,\"captions\":false,\"collectionThumbSubMenuDownload\":false,\"collectionThumbSubMenuShare\":false,\"galleryType\":\"pgc_sgb_justified\",\"galleryId\":\"c0c75275\",\"images\":[{\"id\":39576,\"title\":\"4\",\"url\":\"https:\/\/vedruna.org\/wp-content\/uploads\/2026\/08\/4.jpg\",\"link\":\"https:\/\/vedruna.org\/4-65\/\",\"alt\":\"\",\"description\":\"\",\"caption\":\"\",\"mime\":\"image\/jpeg\",\"type\":\"image\",\"width\":1600,\"height\":322,\"sizes\":{\"thumbnail\":{\"height\":150,\"width\":150,\"url\":\"https:\/\/vedruna.org\/wp-content\/uploads\/2026\/08\/4-150x150.jpg\",\"orientation\":\"landscape\"},\"medium\":{\"height\":60,\"width\":300,\"url\":\"https:\/\/vedruna.org\/wp-content\/uploads\/2026\/08\/4-300x60.jpg\",\"orientation\":\"landscape\"},\"large\":{\"height\":206,\"width\":1024,\"url\":\"https:\/\/vedruna.org\/wp-content\/uploads\/2026\/08\/4-1024x206.jpg\",\"orientation\":\"landscape\"},\"full\":{\"url\":\"https:\/\/vedruna.org\/wp-content\/uploads\/2026\/08\/4.jpg\",\"height\":322,\"width\":1600,\"orientation\":\"landscape\"}},\"imageMeta\":{\"aperture\":\"0\",\"credit\":\"\",\"camera\":\"\",\"caption\":\"\",\"created_timestamp\":\"0\",\"copyright\":\"\",\"focal_length\":\"0\",\"iso\":\"0\",\"shutter_speed\":\"0\",\"title\":\"\",\"orientation\":\"0\",\"keywords\":[],\"alt\":\"\"},\"meta\":false,\"postlink\":\"https:\/\/vedruna.org\/4-65\/\"}],\"useClobalSettings\":true,\"shareFacebook\":false,\"shareTwitter\":false,\"sharePinterest\":false,\"sliderItemDownload\":false,\"shareCopyLink\":false,\"sliderItemCounterEnable\":false,\"sliderItemTitleFontSize\":20,\"sliderSlideshow\":false,\"sliderSocialShareEnabled\":false,\"sliderZoomEnable\":false,\"translatedWithWPMLTM\":\"1\",\"itemsMetaDataCollection\":[]}<\/script><script>(function(){if(window.PGC_SGB && window.PGC_SGB.searcher){window.PGC_SGB.searcher.initBlocks()}})()<\/script><\/div>\n<div style=\"height:25px\" aria-hidden=\"true\" class=\"wp-block-spacer\"><\/div>\n\n<p class=\"wp-block-paragraph\">Per a <strong>Jhonneyck Moreno, de Col\u00f2mbia<\/strong> , peregrinar als llocs d&#8217;origen va significar passar dels llibres a la viv\u00e8ncia directa. Con\u00e8ixer el Manso, la casa natal de Joaquima i altres llocs significatius va adquirir un sentit especial, per\u00f2 el que m\u00e9s el va commoure va ser la trobada amb persones de diferents pa\u00efsos i cultures. Torna amb un profund afecte per aquesta gran fam\u00edlia internacional i amb la invitaci\u00f3 a altres joves a atrevir-se a caminar junts i fer passos grans.  <\/p>\n\n<p class=\"wp-block-paragraph\">Des de <strong>Brasil<\/strong> , <strong>\u00c1lvaro<\/strong> va viure la trobada com una crida especial de D\u00e9u. Rec\u00f3rrer Vic, visitar el Manso Escorial i pregar davant de Santa Joaquina li va permetre comprendre amb m\u00e9s profunditat que tota la seva vida va estar lliurada al Bon Jes\u00fas, font de l&#8217;amor gener\u00f3s que va impulsar la seva missi\u00f3. Va tornar amb la fe enfortida, esperan\u00e7a renovada i un comprom\u00eds missioner m\u00e9s ferm. <strong>Deyse, tamb\u00e9 del Brasil,<\/strong> reconeix que l&#8217;experi\u00e8ncia la va portar a revisar el cam\u00ed personal, professional i vocacional. Inspirada en Joaquima, va trobar for\u00e7a per viure amb m\u00e9s amor, valentia i esperan\u00e7a. Les amistats constru\u00efdes amb joves de diferents pa\u00efsos van ser, per a ella, un veritable regal i un aut\u00e8ntic ren\u00e9ixer.    <\/p>\n\n<p class=\"wp-block-paragraph\">Per a <strong>Lili, del Per\u00fa<\/strong> , la trobada va confirmar que no n&#8217;hi ha prou d&#8217;escoltar: cal actuar. Davant les dificultats del m\u00f3n actual, els joves estan cridats a ser una <strong>llum d&#8217;esperan\u00e7a<\/strong> ia mantenir-la encesa mitjan\u00e7ant la missi\u00f3 que fan a les seves comunitats. Com Santa Joaquina, estan convidats a sortir a trobar i portar el carisma a la vida quotidiana.  <\/p>\n\n<p class=\"wp-block-paragraph\"><strong>Sol, de Argentina<\/strong> , destaca l&#8217;alegria d&#8217;haver trobat amics, can\u00e7ons, abra\u00e7ades, oraci\u00f3 i una gran fam\u00edlia. All\u00f2 viscut es converteix ara en una invitaci\u00f3 a transmetre el carisma en cada acci\u00f3 i gest, amb amor i alegria. <strong>Mariana, de Col\u00f2mbia<\/strong> , resumeix la seva experi\u00e8ncia en paraules com pau, espiritualitat, cam\u00ed, direcci\u00f3 i amistat. Destaca l&#8217;acolliment rebut i l&#8217;alegria compartida, que li van permetre tornar amb una claredat espiritual renovada.  <\/p>\n\n<p class=\"wp-block-paragraph\"><strong>Valery, de Vene\u00e7uela<\/strong> , se sent crida a viure la fe amb la mateixa aud\u00e0cia de Santa Joaquina, qui mai va posar l\u00edmits a l&#8217;amor i va saber descobrir D\u00e9u en all\u00f2 senzill. Li va marcar especialment la visi\u00f3 de futur i la fraternitat experimentada durant la trobada. Va descobrir que, a cada rostre ia cada gest de suport, podia trobar-se la pres\u00e8ncia de Jes\u00fas.  <\/p>\n\n<p class=\"wp-block-paragraph\">Des d&#8217; <strong>Argentina<\/strong> , Carolin ressalta la riquesa de compartir amb persones de diferents cultures i reconeix a Santa Joaquina un llegat plenament actual: viure en comunitat, posar els propis dons al servei dels altres i ser sempre una <strong>casa de portes obertes<\/strong> . <strong>Ver\u00f3nica, de Vene\u00e7uela,<\/strong> va descobrir que la vocaci\u00f3 no es viu en solitud, sin\u00f3 dins una comunitat que acompanya, sost\u00e9 i anima. La trobada la impulsa a continuar buscant la voluntat de D\u00e9u amb un cor obert i confiat. <\/p>\n\n<p class=\"wp-block-paragraph\">Les joves de <strong>Xile<\/strong> , <strong>Micaela i Antonia<\/strong> expressen el comprom\u00eds de portar all\u00f2 viscut al seu pa\u00eds. Micaela reconeix que queda un llarg cam\u00ed per continuar escampant la llavor sembrada per Joaquina fa dos-cents anys. Ant\u00f2nia destaca que Santa Joaquina mai no va ser indiferent davant les necessitats dels altres, sin\u00f3 que va actuar per transformar-les. Per aix\u00f2, ent\u00e9n la trobada com una crida a mirar les diferents realitats, superar obstacles i convertir la fe en un corrent d&#8217;aigua viva.   <\/p>\n\n<p class=\"wp-block-paragraph\">Finalment, <strong>Nicol, del Per\u00fa<\/strong> , resumeix un sentiment compartit per tots: la <strong>Fam\u00edlia Vedruna no coneix fronteres<\/strong> . Des del primer moment va experimentar una acollida tan propera que es va sentir a casa. Les difer\u00e8ncies culturals van quedar superades per un mateix cor i un mateix carisma. Veure tants joves vivint la seva fe amb alegria va renovar el desig de servir i va confirmar que, quan es camina unit per un mateix somni i una mateixa fe, neixen vincles capa\u00e7os de superar qualsevol dist\u00e0ncia.   <\/p>\n\n<p class=\"wp-block-paragraph\">Aquests testimonis mostren que el <strong>Bicentenari no \u00e9s nom\u00e9s una celebraci\u00f3 de la hist\u00f2ria<\/strong> , sin\u00f3 una oportunitat per renovar el present i projectar el futur. Cada jove torna portant una part del viscut i el comprom\u00eds de fer cr\u00e9ixer el carisma en noves realitats. <\/p>\n\n<p class=\"wp-block-paragraph\">Dos segles despr\u00e9s, la llavor sembrada per Santa Joaquina continua donant fruit en noves generacions. S\u00f3n <strong>veus que es converteixen en altres veus<\/strong> , multiplicant esperan\u00e7a, fraternitat i amor gener\u00f3s. El cam\u00ed continua i el carisma Vedruna, en mans dels joves, encara t\u00e9 molt per florir.  <\/p>\n\n<p class=\"has-text-align-right wp-block-paragraph\"><strong>Hna. In\u00e9s Rojas Mori, ccv <\/strong><\/p>\n<div class=\"pgc-sgb-cb wp-block-pgcsimplygalleryblock-justified \" data-gallery-id=\"78784205\"><div class=\"sgb-preloader\" id=\"pr_78784205\">\n\t<div class=\"sgb-square\" style=\"background:#d4d4d4\"><\/div>\n\t<div class=\"sgb-square\" style=\"background:#d4d4d4\"><\/div>\n\t<div class=\"sgb-square\" style=\"background:#d4d4d4\"><\/div>\n\t<div class=\"sgb-square\" style=\"background:#d4d4d4\"><\/div><\/div><div class=\"simply-gallery-amp pgc_sgb_slider \"><noscript><div class=\"sgb-gallery\"><div class=\"sgb-item\"><a href=\"https:\/\/vedruna.org\/2-79\/\" target=\"_blank\"><img decoding=\"async\" alt=\"\" width=\"225\" height=\"300\" loading=\"lazy\" src=\"https:\/\/vedruna.org\/wp-content\/uploads\/2026\/08\/2-225x300.jpg\" srcset=\"https:\/\/vedruna.org\/wp-content\/uploads\/2026\/08\/2-225x300.jpg 225w,https:\/\/vedruna.org\/wp-content\/uploads\/2026\/08\/2-768x1024.jpg 768w,https:\/\/vedruna.org\/wp-content\/uploads\/2026\/08\/2.jpg 1200w\" sizes=\"250px\"\/><\/a><\/div><div class=\"sgb-item\"><a href=\"https:\/\/vedruna.org\/3-79\/\" target=\"_blank\"><img decoding=\"async\" alt=\"\" width=\"300\" height=\"225\" loading=\"lazy\" src=\"https:\/\/vedruna.org\/wp-content\/uploads\/2026\/08\/3-300x225.jpg\" srcset=\"https:\/\/vedruna.org\/wp-content\/uploads\/2026\/08\/3-300x225.jpg 300w,https:\/\/vedruna.org\/wp-content\/uploads\/2026\/08\/3-1024x768.jpg 1024w,https:\/\/vedruna.org\/wp-content\/uploads\/2026\/08\/3.jpg 1080w\" sizes=\"250px\"\/><\/a><\/div><div class=\"sgb-item\"><a href=\"https:\/\/vedruna.org\/5-57\/\" target=\"_blank\"><img decoding=\"async\" alt=\"\" width=\"225\" height=\"300\" loading=\"lazy\" src=\"https:\/\/vedruna.org\/wp-content\/uploads\/2026\/08\/5-225x300.jpeg\" srcset=\"https:\/\/vedruna.org\/wp-content\/uploads\/2026\/08\/5-225x300.jpeg 225w,https:\/\/vedruna.org\/wp-content\/uploads\/2026\/08\/5-768x1024.jpeg 768w,https:\/\/vedruna.org\/wp-content\/uploads\/2026\/08\/5.jpeg 810w\" sizes=\"250px\"\/><\/a><\/div><div class=\"sgb-item\"><a href=\"https:\/\/vedruna.org\/voces-para-otras-voces-el-eco-del-carisma-vedruna-en-la-juventud-de-america\/principal-170\/\" target=\"_blank\"><img decoding=\"async\" alt=\"\" width=\"300\" height=\"184\" loading=\"lazy\" src=\"https:\/\/vedruna.org\/wp-content\/uploads\/2026\/08\/principal-300x184.jpeg\" srcset=\"https:\/\/vedruna.org\/wp-content\/uploads\/2026\/08\/principal-300x184.jpeg 300w,https:\/\/vedruna.org\/wp-content\/uploads\/2026\/08\/principal-1024x626.jpeg 1024w,https:\/\/vedruna.org\/wp-content\/uploads\/2026\/08\/principal.jpeg 1280w\" sizes=\"250px\"\/><\/a><\/div><\/div><\/noscript><\/div><script type=\"application\/json\" class=\"sgb-data\">{\"lastRowFill\":true,\"externalLink\":false,\"captions\":false,\"collectionThumbSubMenuDownload\":false,\"collectionThumbSubMenuShare\":false,\"galleryType\":\"pgc_sgb_justified\",\"galleryId\":\"78784205\",\"images\":[{\"id\":39578,\"title\":\"2\",\"url\":\"https:\/\/vedruna.org\/wp-content\/uploads\/2026\/08\/2.jpg\",\"link\":\"https:\/\/vedruna.org\/2-79\/\",\"alt\":\"\",\"description\":\"\",\"caption\":\"\",\"mime\":\"image\/jpeg\",\"type\":\"image\",\"width\":1200,\"height\":1600,\"sizes\":{\"thumbnail\":{\"height\":150,\"width\":150,\"url\":\"https:\/\/vedruna.org\/wp-content\/uploads\/2026\/08\/2-150x150.jpg\",\"orientation\":\"landscape\"},\"medium\":{\"height\":300,\"width\":225,\"url\":\"https:\/\/vedruna.org\/wp-content\/uploads\/2026\/08\/2-225x300.jpg\",\"orientation\":\"portrait\"},\"large\":{\"height\":1024,\"width\":768,\"url\":\"https:\/\/vedruna.org\/wp-content\/uploads\/2026\/08\/2-768x1024.jpg\",\"orientation\":\"portrait\"},\"full\":{\"url\":\"https:\/\/vedruna.org\/wp-content\/uploads\/2026\/08\/2.jpg\",\"height\":1600,\"width\":1200,\"orientation\":\"portrait\"}},\"imageMeta\":{\"aperture\":\"0\",\"credit\":\"\",\"camera\":\"\",\"caption\":\"\",\"created_timestamp\":\"0\",\"copyright\":\"\",\"focal_length\":\"0\",\"iso\":\"0\",\"shutter_speed\":\"0\",\"title\":\"\",\"orientation\":\"0\",\"keywords\":[],\"alt\":\"\"},\"meta\":false,\"postlink\":\"https:\/\/vedruna.org\/2-79\/\"},{\"id\":39579,\"title\":\"3\",\"url\":\"https:\/\/vedruna.org\/wp-content\/uploads\/2026\/08\/3.jpg\",\"link\":\"https:\/\/vedruna.org\/3-79\/\",\"alt\":\"\",\"description\":\"\",\"caption\":\"\",\"mime\":\"image\/jpeg\",\"type\":\"image\",\"width\":1080,\"height\":810,\"sizes\":{\"thumbnail\":{\"height\":150,\"width\":150,\"url\":\"https:\/\/vedruna.org\/wp-content\/uploads\/2026\/08\/3-150x150.jpg\",\"orientation\":\"landscape\"},\"medium\":{\"height\":225,\"width\":300,\"url\":\"https:\/\/vedruna.org\/wp-content\/uploads\/2026\/08\/3-300x225.jpg\",\"orientation\":\"landscape\"},\"large\":{\"height\":768,\"width\":1024,\"url\":\"https:\/\/vedruna.org\/wp-content\/uploads\/2026\/08\/3-1024x768.jpg\",\"orientation\":\"landscape\"},\"full\":{\"url\":\"https:\/\/vedruna.org\/wp-content\/uploads\/2026\/08\/3.jpg\",\"height\":810,\"width\":1080,\"orientation\":\"landscape\"}},\"imageMeta\":{\"aperture\":\"0\",\"credit\":\"\",\"camera\":\"\",\"caption\":\"\",\"created_timestamp\":\"0\",\"copyright\":\"\",\"focal_length\":\"0\",\"iso\":\"0\",\"shutter_speed\":\"0\",\"title\":\"\",\"orientation\":\"0\",\"keywords\":[],\"alt\":\"\"},\"meta\":false,\"postlink\":\"https:\/\/vedruna.org\/3-79\/\"},{\"id\":39580,\"title\":\"5\",\"url\":\"https:\/\/vedruna.org\/wp-content\/uploads\/2026\/08\/5.jpeg\",\"link\":\"https:\/\/vedruna.org\/5-57\/\",\"alt\":\"\",\"description\":\"\",\"caption\":\"\",\"mime\":\"image\/jpeg\",\"type\":\"image\",\"width\":810,\"height\":1080,\"sizes\":{\"thumbnail\":{\"height\":150,\"width\":150,\"url\":\"https:\/\/vedruna.org\/wp-content\/uploads\/2026\/08\/5-150x150.jpeg\",\"orientation\":\"landscape\"},\"medium\":{\"height\":300,\"width\":225,\"url\":\"https:\/\/vedruna.org\/wp-content\/uploads\/2026\/08\/5-225x300.jpeg\",\"orientation\":\"portrait\"},\"large\":{\"height\":1024,\"width\":768,\"url\":\"https:\/\/vedruna.org\/wp-content\/uploads\/2026\/08\/5-768x1024.jpeg\",\"orientation\":\"portrait\"},\"full\":{\"url\":\"https:\/\/vedruna.org\/wp-content\/uploads\/2026\/08\/5.jpeg\",\"height\":1080,\"width\":810,\"orientation\":\"portrait\"}},\"imageMeta\":{\"aperture\":\"0\",\"credit\":\"\",\"camera\":\"\",\"caption\":\"\",\"created_timestamp\":\"0\",\"copyright\":\"\",\"focal_length\":\"0\",\"iso\":\"0\",\"shutter_speed\":\"0\",\"title\":\"\",\"orientation\":\"0\",\"keywords\":[],\"alt\":\"\"},\"meta\":false,\"postlink\":\"https:\/\/vedruna.org\/5-57\/\"},{\"id\":39581,\"title\":\"principal\",\"url\":\"https:\/\/vedruna.org\/wp-content\/uploads\/2026\/08\/principal.jpeg\",\"link\":\"https:\/\/vedruna.org\/voces-para-otras-voces-el-eco-del-carisma-vedruna-en-la-juventud-de-america\/principal-170\/\",\"alt\":\"\",\"description\":\"\",\"caption\":\"\",\"mime\":\"image\/jpeg\",\"type\":\"image\",\"width\":1280,\"height\":783,\"sizes\":{\"thumbnail\":{\"height\":150,\"width\":150,\"url\":\"https:\/\/vedruna.org\/wp-content\/uploads\/2026\/08\/principal-150x150.jpeg\",\"orientation\":\"landscape\"},\"medium\":{\"height\":184,\"width\":300,\"url\":\"https:\/\/vedruna.org\/wp-content\/uploads\/2026\/08\/principal-300x184.jpeg\",\"orientation\":\"landscape\"},\"large\":{\"height\":626,\"width\":1024,\"url\":\"https:\/\/vedruna.org\/wp-content\/uploads\/2026\/08\/principal-1024x626.jpeg\",\"orientation\":\"landscape\"},\"full\":{\"url\":\"https:\/\/vedruna.org\/wp-content\/uploads\/2026\/08\/principal.jpeg\",\"height\":783,\"width\":1280,\"orientation\":\"landscape\"}},\"imageMeta\":{\"aperture\":\"0\",\"credit\":\"\",\"camera\":\"\",\"caption\":\"\",\"created_timestamp\":\"0\",\"copyright\":\"\",\"focal_length\":\"0\",\"iso\":\"0\",\"shutter_speed\":\"0\",\"title\":\"\",\"orientation\":\"0\",\"keywords\":[],\"alt\":\"\"},\"meta\":false,\"postlink\":\"https:\/\/vedruna.org\/voces-para-otras-voces-el-eco-del-carisma-vedruna-en-la-juventud-de-america\/principal-170\/\"}],\"useClobalSettings\":true,\"orderBy\":\"id\",\"shareFacebook\":false,\"shareTwitter\":false,\"sharePinterest\":false,\"sliderItemDownload\":false,\"shareCopyLink\":false,\"sliderItemCounterEnable\":false,\"sliderItemTitleFontSize\":20,\"sliderSlideshow\":false,\"sliderSocialShareEnabled\":false,\"sliderZoomEnable\":false,\"translatedWithWPMLTM\":\"1\",\"itemsMetaDataCollection\":[]}<\/script><script>(function(){if(window.PGC_SGB && window.PGC_SGB.searcher){window.PGC_SGB.searcher.initBlocks()}})()<\/script><\/div>","protected":false},"excerpt":{"rendered":"<p>En el marc del Bicentenari de la Congregaci\u00f3 de les Germanes Carmelites Vedruna , joves representants del Moviment Juvenil VedrunAm\u00e8rica (MJV) van viure una experi\u00e8ncia profundament significativa en pelegrinar cap als or\u00edgens del carisma. Rec\u00f3rrer els carrers de Barcelona i Vic, visitar el Manso Escorial i apropar-se als llocs on Santa Joaquima de Vedruna va [&hellip;]<\/p>\n","protected":false},"author":4,"featured_media":39587,"comment_status":"closed","ping_status":"closed","sticky":false,"template":"","format":"standard","meta":{"_et_pb_use_builder":"","_et_pb_old_content":"","_et_gb_content_width":"","pgc_sgb_lightbox_settings":"","footnotes":""},"categories":[390,252,496,502,253,248,265,245],"tags":[],"class_list":["post-39585","post","type-post","status-publish","format-standard","has-post-thumbnail","hentry","category-argentina-ca","category-brasil-ca","category-colombia","category-joves","category-peru-ca","category-vedrunamerica-ca","category-venecuela","category-xile"],"yoast_head":"<!-- This site is optimized with the Yoast SEO plugin v28.4 - https:\/\/yoast.com\/product\/yoast-seo-wordpress\/ -->\n<title>El ress\u00f2 del carisma Vedruna a la joventut d&#039;Am\u00e8rica<\/title>\n<meta name=\"description\" content=\"En el marc del Bicentenari de la Congregaci\u00f3 de les Germanes Carmelites Vedruna, joves representants del Moviment Juvenil VedrunAm\u00e8rica (MJV) van viure una experi\u00e8ncia profundament significativa en pelegrinar cap als or\u00edgens del carisma.\" \/>\n<meta name=\"robots\" content=\"index, follow, max-snippet:-1, max-image-preview:large, max-video-preview:-1\" \/>\n<link rel=\"canonical\" href=\"https:\/\/vedruna.org\/ca\/veus-per-a-altres-veus-el-resso-del-carisma-vedruna-a-la-joventut-damerica\/\" \/>\n<meta property=\"og:locale\" content=\"ca_ES\" \/>\n<meta property=\"og:type\" content=\"article\" \/>\n<meta property=\"og:title\" content=\"El ress\u00f2 del carisma Vedruna a la joventut d&#039;Am\u00e8rica\" \/>\n<meta property=\"og:description\" content=\"En el marc del Bicentenari de la Congregaci\u00f3 de les Germanes Carmelites Vedruna, joves representants del Moviment Juvenil VedrunAm\u00e8rica (MJV) van viure una experi\u00e8ncia profundament significativa en pelegrinar cap als or\u00edgens del carisma.\" \/>\n<meta property=\"og:url\" content=\"https:\/\/vedruna.org\/ca\/veus-per-a-altres-veus-el-resso-del-carisma-vedruna-a-la-joventut-damerica\/\" \/>\n<meta property=\"og:site_name\" content=\"Carmelitas de la Caridad Vedruna\" \/>\n<meta property=\"article:published_time\" content=\"2026-08-12T08:56:55+00:00\" \/>\n<meta property=\"article:modified_time\" content=\"2026-08-17T11:03:46+00:00\" \/>\n<meta property=\"og:image\" content=\"https:\/\/vedruna.org\/wp-content\/uploads\/2026\/08\/1.jpg\" \/>\n\t<meta property=\"og:image:width\" content=\"1875\" \/>\n\t<meta property=\"og:image:height\" content=\"2500\" \/>\n\t<meta property=\"og:image:type\" content=\"image\/jpeg\" \/>\n<meta name=\"author\" content=\"Comunicaci\u00f3n Vedrunam\u00e9rica\" \/>\n<meta name=\"twitter:card\" content=\"summary_large_image\" \/>\n<meta name=\"twitter:label1\" content=\"Escrit per\" \/>\n\t<meta name=\"twitter:data1\" content=\"Comunicaci\u00f3n Vedrunam\u00e9rica\" \/>\n\t<meta name=\"twitter:label2\" content=\"Temps estimat de lectura\" \/>\n\t<meta name=\"twitter:data2\" content=\"5 minuts\" \/>\n<script type=\"application\/ld+json\" class=\"yoast-schema-graph\">{\"@context\":\"https:\\\/\\\/schema.org\",\"@graph\":[{\"@type\":\"Article\",\"@id\":\"https:\\\/\\\/vedruna.org\\\/ca\\\/veus-per-a-altres-veus-el-resso-del-carisma-vedruna-a-la-joventut-damerica\\\/#article\",\"isPartOf\":{\"@id\":\"https:\\\/\\\/vedruna.org\\\/ca\\\/veus-per-a-altres-veus-el-resso-del-carisma-vedruna-a-la-joventut-damerica\\\/\"},\"author\":{\"name\":\"Comunicaci\u00f3n Vedrunam\u00e9rica\",\"@id\":\"https:\\\/\\\/vedruna.org\\\/ca\\\/#\\\/schema\\\/person\\\/cf468646189533fb6a3aae475663fdc7\"},\"headline\":\"Veus per a altres veus: el ress\u00f2 del carisma Vedruna a la joventut d&#8217;Am\u00e8rica\",\"datePublished\":\"2026-08-12T08:56:55+00:00\",\"dateModified\":\"2026-08-17T11:03:46+00:00\",\"mainEntityOfPage\":{\"@id\":\"https:\\\/\\\/vedruna.org\\\/ca\\\/veus-per-a-altres-veus-el-resso-del-carisma-vedruna-a-la-joventut-damerica\\\/\"},\"wordCount\":955,\"publisher\":{\"@id\":\"https:\\\/\\\/vedruna.org\\\/ca\\\/#organization\"},\"image\":{\"@id\":\"https:\\\/\\\/vedruna.org\\\/ca\\\/veus-per-a-altres-veus-el-resso-del-carisma-vedruna-a-la-joventut-damerica\\\/#primaryimage\"},\"thumbnailUrl\":\"https:\\\/\\\/vedruna.org\\\/wp-content\\\/uploads\\\/2026\\\/08\\\/1.jpg\",\"articleSection\":[\"Argentina\",\"Brasil\",\"Col\u00f2mbia\",\"Joves\",\"Per\u00fa\",\"Vedrunam\u00e8rica\",\"Vene\u00e7uela\",\"Xile\"],\"inLanguage\":\"ca\"},{\"@type\":\"WebPage\",\"@id\":\"https:\\\/\\\/vedruna.org\\\/ca\\\/veus-per-a-altres-veus-el-resso-del-carisma-vedruna-a-la-joventut-damerica\\\/\",\"url\":\"https:\\\/\\\/vedruna.org\\\/ca\\\/veus-per-a-altres-veus-el-resso-del-carisma-vedruna-a-la-joventut-damerica\\\/\",\"name\":\"El ress\u00f2 del carisma Vedruna a la joventut d'Am\u00e8rica\",\"isPartOf\":{\"@id\":\"https:\\\/\\\/vedruna.org\\\/ca\\\/#website\"},\"primaryImageOfPage\":{\"@id\":\"https:\\\/\\\/vedruna.org\\\/ca\\\/veus-per-a-altres-veus-el-resso-del-carisma-vedruna-a-la-joventut-damerica\\\/#primaryimage\"},\"image\":{\"@id\":\"https:\\\/\\\/vedruna.org\\\/ca\\\/veus-per-a-altres-veus-el-resso-del-carisma-vedruna-a-la-joventut-damerica\\\/#primaryimage\"},\"thumbnailUrl\":\"https:\\\/\\\/vedruna.org\\\/wp-content\\\/uploads\\\/2026\\\/08\\\/1.jpg\",\"datePublished\":\"2026-08-12T08:56:55+00:00\",\"dateModified\":\"2026-08-17T11:03:46+00:00\",\"description\":\"En el marc del Bicentenari de la Congregaci\u00f3 de les Germanes Carmelites Vedruna, joves representants del Moviment Juvenil VedrunAm\u00e8rica (MJV) van viure una experi\u00e8ncia profundament significativa en pelegrinar cap als or\u00edgens del carisma.\",\"breadcrumb\":{\"@id\":\"https:\\\/\\\/vedruna.org\\\/ca\\\/veus-per-a-altres-veus-el-resso-del-carisma-vedruna-a-la-joventut-damerica\\\/#breadcrumb\"},\"inLanguage\":\"ca\",\"potentialAction\":[{\"@type\":\"ReadAction\",\"target\":[\"https:\\\/\\\/vedruna.org\\\/ca\\\/veus-per-a-altres-veus-el-resso-del-carisma-vedruna-a-la-joventut-damerica\\\/\"]}]},{\"@type\":\"ImageObject\",\"inLanguage\":\"ca\",\"@id\":\"https:\\\/\\\/vedruna.org\\\/ca\\\/veus-per-a-altres-veus-el-resso-del-carisma-vedruna-a-la-joventut-damerica\\\/#primaryimage\",\"url\":\"https:\\\/\\\/vedruna.org\\\/wp-content\\\/uploads\\\/2026\\\/08\\\/1.jpg\",\"contentUrl\":\"https:\\\/\\\/vedruna.org\\\/wp-content\\\/uploads\\\/2026\\\/08\\\/1.jpg\",\"width\":1875,\"height\":2500},{\"@type\":\"BreadcrumbList\",\"@id\":\"https:\\\/\\\/vedruna.org\\\/ca\\\/veus-per-a-altres-veus-el-resso-del-carisma-vedruna-a-la-joventut-damerica\\\/#breadcrumb\",\"itemListElement\":[{\"@type\":\"ListItem\",\"position\":1,\"name\":\"Portada\",\"item\":\"https:\\\/\\\/vedruna.org\\\/ca\\\/\"},{\"@type\":\"ListItem\",\"position\":2,\"name\":\"Veus per a altres veus: el ress\u00f2 del carisma Vedruna a la joventut d&#8217;Am\u00e8rica\"}]},{\"@type\":\"WebSite\",\"@id\":\"https:\\\/\\\/vedruna.org\\\/ca\\\/#website\",\"url\":\"https:\\\/\\\/vedruna.org\\\/ca\\\/\",\"name\":\"Carmelitas de la Caridad Vedruna\",\"description\":\"Carmelitas de la caridad\",\"publisher\":{\"@id\":\"https:\\\/\\\/vedruna.org\\\/ca\\\/#organization\"},\"potentialAction\":[{\"@type\":\"SearchAction\",\"target\":{\"@type\":\"EntryPoint\",\"urlTemplate\":\"https:\\\/\\\/vedruna.org\\\/ca\\\/?s={search_term_string}\"},\"query-input\":{\"@type\":\"PropertyValueSpecification\",\"valueRequired\":true,\"valueName\":\"search_term_string\"}}],\"inLanguage\":\"ca\"},{\"@type\":\"Organization\",\"@id\":\"https:\\\/\\\/vedruna.org\\\/ca\\\/#organization\",\"name\":\"Carmelitas de la caridad Vedruna\",\"url\":\"https:\\\/\\\/vedruna.org\\\/ca\\\/\",\"logo\":{\"@type\":\"ImageObject\",\"inLanguage\":\"ca\",\"@id\":\"https:\\\/\\\/vedruna.org\\\/ca\\\/#\\\/schema\\\/logo\\\/image\\\/\",\"url\":\"https:\\\/\\\/vedruna.org\\\/wp-content\\\/uploads\\\/2022\\\/04\\\/LOGO-VEDRUNA-HORIZONTAL.png\",\"contentUrl\":\"https:\\\/\\\/vedruna.org\\\/wp-content\\\/uploads\\\/2022\\\/04\\\/LOGO-VEDRUNA-HORIZONTAL.png\",\"width\":1200,\"height\":463,\"caption\":\"Carmelitas de la caridad Vedruna\"},\"image\":{\"@id\":\"https:\\\/\\\/vedruna.org\\\/ca\\\/#\\\/schema\\\/logo\\\/image\\\/\"}},{\"@type\":\"Person\",\"@id\":\"https:\\\/\\\/vedruna.org\\\/ca\\\/#\\\/schema\\\/person\\\/cf468646189533fb6a3aae475663fdc7\",\"name\":\"Comunicaci\u00f3n Vedrunam\u00e9rica\",\"image\":{\"@type\":\"ImageObject\",\"inLanguage\":\"ca\",\"@id\":\"https:\\\/\\\/secure.gravatar.com\\\/avatar\\\/b4eff91ff87ece2131a5d31270e1df0a7eeaffece756ce6503fd7dce879d1bfc?s=96&d=mm&r=g\",\"url\":\"https:\\\/\\\/secure.gravatar.com\\\/avatar\\\/b4eff91ff87ece2131a5d31270e1df0a7eeaffece756ce6503fd7dce879d1bfc?s=96&d=mm&r=g\",\"contentUrl\":\"https:\\\/\\\/secure.gravatar.com\\\/avatar\\\/b4eff91ff87ece2131a5d31270e1df0a7eeaffece756ce6503fd7dce879d1bfc?s=96&d=mm&r=g\",\"caption\":\"Comunicaci\u00f3n Vedrunam\u00e9rica\"},\"url\":\"https:\\\/\\\/vedruna.org\\\/ca\\\/author\\\/comunicacion-vedrunamerica\\\/\"}]}<\/script>\n<!-- \/ Yoast SEO plugin. -->","yoast_head_json":{"title":"El ress\u00f2 del carisma Vedruna a la joventut d'Am\u00e8rica","description":"En el marc del Bicentenari de la Congregaci\u00f3 de les Germanes Carmelites Vedruna, joves representants del Moviment Juvenil VedrunAm\u00e8rica (MJV) van viure una experi\u00e8ncia profundament significativa en pelegrinar cap als or\u00edgens del carisma.","robots":{"index":"index","follow":"follow","max-snippet":"max-snippet:-1","max-image-preview":"max-image-preview:large","max-video-preview":"max-video-preview:-1"},"canonical":"https:\/\/vedruna.org\/ca\/veus-per-a-altres-veus-el-resso-del-carisma-vedruna-a-la-joventut-damerica\/","og_locale":"ca_ES","og_type":"article","og_title":"El ress\u00f2 del carisma Vedruna a la joventut d'Am\u00e8rica","og_description":"En el marc del Bicentenari de la Congregaci\u00f3 de les Germanes Carmelites Vedruna, joves representants del Moviment Juvenil VedrunAm\u00e8rica (MJV) van viure una experi\u00e8ncia profundament significativa en pelegrinar cap als or\u00edgens del carisma.","og_url":"https:\/\/vedruna.org\/ca\/veus-per-a-altres-veus-el-resso-del-carisma-vedruna-a-la-joventut-damerica\/","og_site_name":"Carmelitas de la Caridad Vedruna","article_published_time":"2026-08-12T08:56:55+00:00","article_modified_time":"2026-08-17T11:03:46+00:00","og_image":[{"width":1875,"height":2500,"url":"https:\/\/vedruna.org\/wp-content\/uploads\/2026\/08\/1.jpg","type":"image\/jpeg"}],"author":"Comunicaci\u00f3n Vedrunam\u00e9rica","twitter_card":"summary_large_image","twitter_misc":{"Escrit per":"Comunicaci\u00f3n Vedrunam\u00e9rica","Temps estimat de lectura":"5 minuts"},"schema":{"@context":"https:\/\/schema.org","@graph":[{"@type":"Article","@id":"https:\/\/vedruna.org\/ca\/veus-per-a-altres-veus-el-resso-del-carisma-vedruna-a-la-joventut-damerica\/#article","isPartOf":{"@id":"https:\/\/vedruna.org\/ca\/veus-per-a-altres-veus-el-resso-del-carisma-vedruna-a-la-joventut-damerica\/"},"author":{"name":"Comunicaci\u00f3n Vedrunam\u00e9rica","@id":"https:\/\/vedruna.org\/ca\/#\/schema\/person\/cf468646189533fb6a3aae475663fdc7"},"headline":"Veus per a altres veus: el ress\u00f2 del carisma Vedruna a la joventut d&#8217;Am\u00e8rica","datePublished":"2026-08-12T08:56:55+00:00","dateModified":"2026-08-17T11:03:46+00:00","mainEntityOfPage":{"@id":"https:\/\/vedruna.org\/ca\/veus-per-a-altres-veus-el-resso-del-carisma-vedruna-a-la-joventut-damerica\/"},"wordCount":955,"publisher":{"@id":"https:\/\/vedruna.org\/ca\/#organization"},"image":{"@id":"https:\/\/vedruna.org\/ca\/veus-per-a-altres-veus-el-resso-del-carisma-vedruna-a-la-joventut-damerica\/#primaryimage"},"thumbnailUrl":"https:\/\/vedruna.org\/wp-content\/uploads\/2026\/08\/1.jpg","articleSection":["Argentina","Brasil","Col\u00f2mbia","Joves","Per\u00fa","Vedrunam\u00e8rica","Vene\u00e7uela","Xile"],"inLanguage":"ca"},{"@type":"WebPage","@id":"https:\/\/vedruna.org\/ca\/veus-per-a-altres-veus-el-resso-del-carisma-vedruna-a-la-joventut-damerica\/","url":"https:\/\/vedruna.org\/ca\/veus-per-a-altres-veus-el-resso-del-carisma-vedruna-a-la-joventut-damerica\/","name":"El ress\u00f2 del carisma Vedruna a la joventut d'Am\u00e8rica","isPartOf":{"@id":"https:\/\/vedruna.org\/ca\/#website"},"primaryImageOfPage":{"@id":"https:\/\/vedruna.org\/ca\/veus-per-a-altres-veus-el-resso-del-carisma-vedruna-a-la-joventut-damerica\/#primaryimage"},"image":{"@id":"https:\/\/vedruna.org\/ca\/veus-per-a-altres-veus-el-resso-del-carisma-vedruna-a-la-joventut-damerica\/#primaryimage"},"thumbnailUrl":"https:\/\/vedruna.org\/wp-content\/uploads\/2026\/08\/1.jpg","datePublished":"2026-08-12T08:56:55+00:00","dateModified":"2026-08-17T11:03:46+00:00","description":"En el marc del Bicentenari de la Congregaci\u00f3 de les Germanes Carmelites Vedruna, joves representants del Moviment Juvenil VedrunAm\u00e8rica (MJV) van viure una experi\u00e8ncia profundament significativa en pelegrinar cap als or\u00edgens del carisma.","breadcrumb":{"@id":"https:\/\/vedruna.org\/ca\/veus-per-a-altres-veus-el-resso-del-carisma-vedruna-a-la-joventut-damerica\/#breadcrumb"},"inLanguage":"ca","potentialAction":[{"@type":"ReadAction","target":["https:\/\/vedruna.org\/ca\/veus-per-a-altres-veus-el-resso-del-carisma-vedruna-a-la-joventut-damerica\/"]}]},{"@type":"ImageObject","inLanguage":"ca","@id":"https:\/\/vedruna.org\/ca\/veus-per-a-altres-veus-el-resso-del-carisma-vedruna-a-la-joventut-damerica\/#primaryimage","url":"https:\/\/vedruna.org\/wp-content\/uploads\/2026\/08\/1.jpg","contentUrl":"https:\/\/vedruna.org\/wp-content\/uploads\/2026\/08\/1.jpg","width":1875,"height":2500},{"@type":"BreadcrumbList","@id":"https:\/\/vedruna.org\/ca\/veus-per-a-altres-veus-el-resso-del-carisma-vedruna-a-la-joventut-damerica\/#breadcrumb","itemListElement":[{"@type":"ListItem","position":1,"name":"Portada","item":"https:\/\/vedruna.org\/ca\/"},{"@type":"ListItem","position":2,"name":"Veus per a altres veus: el ress\u00f2 del carisma Vedruna a la joventut d&#8217;Am\u00e8rica"}]},{"@type":"WebSite","@id":"https:\/\/vedruna.org\/ca\/#website","url":"https:\/\/vedruna.org\/ca\/","name":"Carmelitas de la Caridad Vedruna","description":"Carmelitas de la caridad","publisher":{"@id":"https:\/\/vedruna.org\/ca\/#organization"},"potentialAction":[{"@type":"SearchAction","target":{"@type":"EntryPoint","urlTemplate":"https:\/\/vedruna.org\/ca\/?s={search_term_string}"},"query-input":{"@type":"PropertyValueSpecification","valueRequired":true,"valueName":"search_term_string"}}],"inLanguage":"ca"},{"@type":"Organization","@id":"https:\/\/vedruna.org\/ca\/#organization","name":"Carmelitas de la caridad Vedruna","url":"https:\/\/vedruna.org\/ca\/","logo":{"@type":"ImageObject","inLanguage":"ca","@id":"https:\/\/vedruna.org\/ca\/#\/schema\/logo\/image\/","url":"https:\/\/vedruna.org\/wp-content\/uploads\/2022\/04\/LOGO-VEDRUNA-HORIZONTAL.png","contentUrl":"https:\/\/vedruna.org\/wp-content\/uploads\/2022\/04\/LOGO-VEDRUNA-HORIZONTAL.png","width":1200,"height":463,"caption":"Carmelitas de la caridad Vedruna"},"image":{"@id":"https:\/\/vedruna.org\/ca\/#\/schema\/logo\/image\/"}},{"@type":"Person","@id":"https:\/\/vedruna.org\/ca\/#\/schema\/person\/cf468646189533fb6a3aae475663fdc7","name":"Comunicaci\u00f3n Vedrunam\u00e9rica","image":{"@type":"ImageObject","inLanguage":"ca","@id":"https:\/\/secure.gravatar.com\/avatar\/b4eff91ff87ece2131a5d31270e1df0a7eeaffece756ce6503fd7dce879d1bfc?s=96&d=mm&r=g","url":"https:\/\/secure.gravatar.com\/avatar\/b4eff91ff87ece2131a5d31270e1df0a7eeaffece756ce6503fd7dce879d1bfc?s=96&d=mm&r=g","contentUrl":"https:\/\/secure.gravatar.com\/avatar\/b4eff91ff87ece2131a5d31270e1df0a7eeaffece756ce6503fd7dce879d1bfc?s=96&d=mm&r=g","caption":"Comunicaci\u00f3n Vedrunam\u00e9rica"},"url":"https:\/\/vedruna.org\/ca\/author\/comunicacion-vedrunamerica\/"}]}},"_links":{"self":[{"href":"https:\/\/vedruna.org\/ca\/wp-json\/wp\/v2\/posts\/39585","targetHints":{"allow":["GET"]}}],"collection":[{"href":"https:\/\/vedruna.org\/ca\/wp-json\/wp\/v2\/posts"}],"about":[{"href":"https:\/\/vedruna.org\/ca\/wp-json\/wp\/v2\/types\/post"}],"author":[{"embeddable":true,"href":"https:\/\/vedruna.org\/ca\/wp-json\/wp\/v2\/users\/4"}],"replies":[{"embeddable":true,"href":"https:\/\/vedruna.org\/ca\/wp-json\/wp\/v2\/comments?post=39585"}],"version-history":[{"count":2,"href":"https:\/\/vedruna.org\/ca\/wp-json\/wp\/v2\/posts\/39585\/revisions"}],"predecessor-version":[{"id":39599,"href":"https:\/\/vedruna.org\/ca\/wp-json\/wp\/v2\/posts\/39585\/revisions\/39599"}],"wp:featuredmedia":[{"embeddable":true,"href":"https:\/\/vedruna.org\/ca\/wp-json\/wp\/v2\/media\/39587"}],"wp:attachment":[{"href":"https:\/\/vedruna.org\/ca\/wp-json\/wp\/v2\/media?parent=39585"}],"wp:term":[{"taxonomy":"category","embeddable":true,"href":"https:\/\/vedruna.org\/ca\/wp-json\/wp\/v2\/categories?post=39585"},{"taxonomy":"post_tag","embeddable":true,"href":"https:\/\/vedruna.org\/ca\/wp-json\/wp\/v2\/tags?post=39585"}],"curies":[{"name":"wp","href":"https:\/\/api.w.org\/{rel}","templated":true}]}}