{"id":39998,"date":"2026-09-01T12:06:02","date_gmt":"2026-09-01T10:06:02","guid":{"rendered":"https:\/\/vedruna.org\/commemorant-els-172-anys-de-la-partida-de-santa-joaquina-a-la-casa-del-pare\/"},"modified":"2026-09-01T12:07:32","modified_gmt":"2026-09-01T10:07:32","slug":"commemorant-els-172-anys-de-la-partida-de-santa-joaquina-a-la-casa-del-pare","status":"publish","type":"post","link":"https:\/\/vedruna.org\/ca\/commemorant-els-172-anys-de-la-partida-de-santa-joaquina-a-la-casa-del-pare\/","title":{"rendered":"Commemorant els 172 anys de la partida de Santa Joaquina a la casa del Pare"},"content":{"rendered":"\n<p class=\"wp-block-paragraph\">El 28 d&#8217;agost a Sullana, departament de Piura del Per\u00fa, ens hem reunit les tres comunitats la\u00efcals: <strong>\u201cCaminant amb Joaquina\u201d<\/strong> , \u201c <strong>Esposos a l&#8217;estil Vedruna\u201d<\/strong> i <strong>\u201cSeguidores de Joaquina\u201d<\/strong> , al costat de les Hnas. Melania Silva, In\u00e9s Rojas i Emiliana Gonz\u00e1lez, de la comunitat de Sullana per celebrar el pas de Joaquima a la casa del Pare. <\/p>\n\n<p class=\"wp-block-paragraph\">Va ser un espai per pregar i compartir en comunitat, recordant experi\u00e8ncies viscudes, com els inicis del La\u00efcat a Sullana, els diferents laics que van passar per les comunitats i aquells que van partir a la casa del Pare.<\/p>\n\n<p class=\"wp-block-paragraph\">Un espai molt grat que ens va permetre estr\u00e8nyer m\u00e9s l&#8217;enlla\u00e7 que ens uneix com a Fam\u00edlia Carism\u00e0tica Vedruna i agrair el regal de la seva vida i el seu carisma.<\/p>\n\n<p class=\"wp-block-paragraph\"><strong>Gr\u00e0cies<\/strong> per aquesta gran dona, que enmig del dolor i les proves va dir <strong>s\u00ed a D\u00e9u<\/strong> i va fundar una fam\u00edlia que segueix servint a cada pa\u00eds ia cada continent.<\/p>\n\n<p class=\"wp-block-paragraph\"><strong>Gr\u00e0cies<\/strong> pel seu cor de mare, per la seva fe senzilla i per ensenyar-nos que \u201con hi ha caritat i amor, all\u00e0 ets Tu\u201d.<\/p>\n\n<p class=\"wp-block-paragraph\">Que aprenguem a continuar fent el b\u00e9, sense mirar a qui, descobrint D\u00e9u, en el m\u00e9s necessitat, que \u00e9s el nostre pro\u00efsme i que el puguem veure amb amor fratern.<\/p>\n\n<p class=\"wp-block-paragraph\">Que Joaquima ens segueixi enfortint amb un cor compassiu com el seu, sempre disposat a servir els altres i ens ajudi a veure Crist en el m\u00e9s necessitat.<\/p>\n\n<p class=\"has-text-align-center has-medium-font-size wp-block-paragraph\"><strong>Gr\u00e0cies Joaquima per romandre amb nosaltres els teus fills!<\/strong><\/p>\n\n<p class=\"has-text-align-right wp-block-paragraph\"><strong><em>Carolina Lucy Novoa Luy, LV. Cdat. \u201cSeguidores de Joaquina\u201d  <\/em><\/strong><\/p>\n<div class=\"pgc-sgb-cb wp-block-pgcsimplygalleryblock-justified \" data-gallery-id=\"f1b05530\"><div class=\"sgb-preloader\" id=\"pr_f1b05530\">\n\t<div class=\"sgb-square\" style=\"background:#d4d4d4\"><\/div>\n\t<div class=\"sgb-square\" style=\"background:#d4d4d4\"><\/div>\n\t<div class=\"sgb-square\" style=\"background:#d4d4d4\"><\/div>\n\t<div class=\"sgb-square\" style=\"background:#d4d4d4\"><\/div><\/div><div class=\"simply-gallery-amp pgc_sgb_slider \"><noscript><div class=\"sgb-gallery\"><div class=\"sgb-item\"><a href=\"https:\/\/vedruna.org\/wp-content\/uploads\/2026\/08\/4.jpeg\"><img decoding=\"async\" alt=\"\" width=\"300\" height=\"225\" loading=\"lazy\" src=\"https:\/\/vedruna.org\/wp-content\/uploads\/2026\/08\/4-300x225.jpeg\" srcset=\"https:\/\/vedruna.org\/wp-content\/uploads\/2026\/08\/4-300x225.jpeg 300w,https:\/\/vedruna.org\/wp-content\/uploads\/2026\/08\/4-1024x768.jpeg 1024w,https:\/\/vedruna.org\/wp-content\/uploads\/2026\/08\/4.jpeg 1600w\" sizes=\"250px\"\/><\/a><\/div><div class=\"sgb-item\"><a href=\"https:\/\/vedruna.org\/wp-content\/uploads\/2026\/08\/3.jpeg\"><img decoding=\"async\" alt=\"\" width=\"300\" height=\"225\" loading=\"lazy\" src=\"https:\/\/vedruna.org\/wp-content\/uploads\/2026\/08\/3-300x225.jpeg\" srcset=\"https:\/\/vedruna.org\/wp-content\/uploads\/2026\/08\/3-300x225.jpeg 300w,https:\/\/vedruna.org\/wp-content\/uploads\/2026\/08\/3-1024x768.jpeg 1024w,https:\/\/vedruna.org\/wp-content\/uploads\/2026\/08\/3.jpeg 1448w\" sizes=\"250px\"\/><\/a><\/div><div class=\"sgb-item\"><a href=\"https:\/\/vedruna.org\/wp-content\/uploads\/2026\/08\/2.jpeg\"><img decoding=\"async\" alt=\"\" width=\"225\" height=\"300\" loading=\"lazy\" src=\"https:\/\/vedruna.org\/wp-content\/uploads\/2026\/08\/2-225x300.jpeg\" srcset=\"https:\/\/vedruna.org\/wp-content\/uploads\/2026\/08\/2-225x300.jpeg 225w,https:\/\/vedruna.org\/wp-content\/uploads\/2026\/08\/2-768x1024.jpeg 768w,https:\/\/vedruna.org\/wp-content\/uploads\/2026\/08\/2.jpeg 1086w\" sizes=\"250px\"\/><\/a><\/div><div class=\"sgb-item\"><a href=\"https:\/\/vedruna.org\/wp-content\/uploads\/2026\/08\/1.jpeg\"><img decoding=\"async\" alt=\"\" width=\"300\" height=\"225\" loading=\"lazy\" src=\"https:\/\/vedruna.org\/wp-content\/uploads\/2026\/08\/1-300x225.jpeg\" srcset=\"https:\/\/vedruna.org\/wp-content\/uploads\/2026\/08\/1-300x225.jpeg 300w,https:\/\/vedruna.org\/wp-content\/uploads\/2026\/08\/1-1024x768.jpeg 1024w,https:\/\/vedruna.org\/wp-content\/uploads\/2026\/08\/1.jpeg 1448w\" sizes=\"250px\"\/><\/a><\/div><\/div><\/noscript><\/div><script type=\"application\/json\" class=\"sgb-data\">{\"lastRowFill\":true,\"externalLink\":false,\"captions\":false,\"collectionThumbSubMenuDownload\":false,\"collectionThumbSubMenuShare\":false,\"galleryType\":\"pgc_sgb_justified\",\"galleryId\":\"f1b05530\",\"images\":[{\"id\":39990,\"title\":\"4\",\"url\":\"https:\/\/vedruna.org\/wp-content\/uploads\/2026\/08\/4.jpeg\",\"link\":\"https:\/\/vedruna.org\/4-66\/\",\"alt\":\"\",\"description\":\"\",\"caption\":\"\",\"mime\":\"image\/jpeg\",\"type\":\"image\",\"width\":1600,\"height\":1200,\"sizes\":{\"thumbnail\":{\"height\":150,\"width\":150,\"url\":\"https:\/\/vedruna.org\/wp-content\/uploads\/2026\/08\/4-150x150.jpeg\",\"orientation\":\"landscape\"},\"medium\":{\"height\":225,\"width\":300,\"url\":\"https:\/\/vedruna.org\/wp-content\/uploads\/2026\/08\/4-300x225.jpeg\",\"orientation\":\"landscape\"},\"large\":{\"height\":768,\"width\":1024,\"url\":\"https:\/\/vedruna.org\/wp-content\/uploads\/2026\/08\/4-1024x768.jpeg\",\"orientation\":\"landscape\"},\"full\":{\"url\":\"https:\/\/vedruna.org\/wp-content\/uploads\/2026\/08\/4.jpeg\",\"height\":1200,\"width\":1600,\"orientation\":\"landscape\"}},\"imageMeta\":{\"aperture\":\"0\",\"credit\":\"\",\"camera\":\"\",\"caption\":\"\",\"created_timestamp\":\"0\",\"copyright\":\"\",\"focal_length\":\"0\",\"iso\":\"0\",\"shutter_speed\":\"0\",\"title\":\"\",\"orientation\":\"0\",\"keywords\":[],\"alt\":\"\"},\"meta\":false},{\"id\":39989,\"title\":\"3\",\"url\":\"https:\/\/vedruna.org\/wp-content\/uploads\/2026\/08\/3.jpeg\",\"link\":\"https:\/\/vedruna.org\/3-80\/\",\"alt\":\"\",\"description\":\"\",\"caption\":\"\",\"mime\":\"image\/jpeg\",\"type\":\"image\",\"width\":1448,\"height\":1086,\"sizes\":{\"thumbnail\":{\"height\":150,\"width\":150,\"url\":\"https:\/\/vedruna.org\/wp-content\/uploads\/2026\/08\/3-150x150.jpeg\",\"orientation\":\"landscape\"},\"medium\":{\"height\":225,\"width\":300,\"url\":\"https:\/\/vedruna.org\/wp-content\/uploads\/2026\/08\/3-300x225.jpeg\",\"orientation\":\"landscape\"},\"large\":{\"height\":768,\"width\":1024,\"url\":\"https:\/\/vedruna.org\/wp-content\/uploads\/2026\/08\/3-1024x768.jpeg\",\"orientation\":\"landscape\"},\"full\":{\"url\":\"https:\/\/vedruna.org\/wp-content\/uploads\/2026\/08\/3.jpeg\",\"height\":1086,\"width\":1448,\"orientation\":\"landscape\"}},\"imageMeta\":{\"aperture\":\"0\",\"credit\":\"\",\"camera\":\"\",\"caption\":\"\",\"created_timestamp\":\"0\",\"copyright\":\"\",\"focal_length\":\"0\",\"iso\":\"0\",\"shutter_speed\":\"0\",\"title\":\"\",\"orientation\":\"0\",\"keywords\":[],\"alt\":\"\"},\"meta\":false},{\"id\":39988,\"title\":\"2\",\"url\":\"https:\/\/vedruna.org\/wp-content\/uploads\/2026\/08\/2.jpeg\",\"link\":\"https:\/\/vedruna.org\/2-80\/\",\"alt\":\"\",\"description\":\"\",\"caption\":\"\",\"mime\":\"image\/jpeg\",\"type\":\"image\",\"width\":1086,\"height\":1448,\"sizes\":{\"thumbnail\":{\"height\":150,\"width\":150,\"url\":\"https:\/\/vedruna.org\/wp-content\/uploads\/2026\/08\/2-150x150.jpeg\",\"orientation\":\"landscape\"},\"medium\":{\"height\":300,\"width\":225,\"url\":\"https:\/\/vedruna.org\/wp-content\/uploads\/2026\/08\/2-225x300.jpeg\",\"orientation\":\"portrait\"},\"large\":{\"height\":1024,\"width\":768,\"url\":\"https:\/\/vedruna.org\/wp-content\/uploads\/2026\/08\/2-768x1024.jpeg\",\"orientation\":\"portrait\"},\"full\":{\"url\":\"https:\/\/vedruna.org\/wp-content\/uploads\/2026\/08\/2.jpeg\",\"height\":1448,\"width\":1086,\"orientation\":\"portrait\"}},\"imageMeta\":{\"aperture\":\"0\",\"credit\":\"\",\"camera\":\"\",\"caption\":\"\",\"created_timestamp\":\"0\",\"copyright\":\"\",\"focal_length\":\"0\",\"iso\":\"0\",\"shutter_speed\":\"0\",\"title\":\"\",\"orientation\":\"0\",\"keywords\":[],\"alt\":\"\"},\"meta\":false},{\"id\":39987,\"title\":\"1\",\"url\":\"https:\/\/vedruna.org\/wp-content\/uploads\/2026\/08\/1.jpeg\",\"link\":\"https:\/\/vedruna.org\/1-80\/\",\"alt\":\"\",\"description\":\"\",\"caption\":\"\",\"mime\":\"image\/jpeg\",\"type\":\"image\",\"width\":1448,\"height\":1086,\"sizes\":{\"thumbnail\":{\"height\":150,\"width\":150,\"url\":\"https:\/\/vedruna.org\/wp-content\/uploads\/2026\/08\/1-150x150.jpeg\",\"orientation\":\"landscape\"},\"medium\":{\"height\":225,\"width\":300,\"url\":\"https:\/\/vedruna.org\/wp-content\/uploads\/2026\/08\/1-300x225.jpeg\",\"orientation\":\"landscape\"},\"large\":{\"height\":768,\"width\":1024,\"url\":\"https:\/\/vedruna.org\/wp-content\/uploads\/2026\/08\/1-1024x768.jpeg\",\"orientation\":\"landscape\"},\"full\":{\"url\":\"https:\/\/vedruna.org\/wp-content\/uploads\/2026\/08\/1.jpeg\",\"height\":1086,\"width\":1448,\"orientation\":\"landscape\"}},\"imageMeta\":{\"aperture\":\"0\",\"credit\":\"\",\"camera\":\"\",\"caption\":\"\",\"created_timestamp\":\"0\",\"copyright\":\"\",\"focal_length\":\"0\",\"iso\":\"0\",\"shutter_speed\":\"0\",\"title\":\"\",\"orientation\":\"0\",\"keywords\":[],\"alt\":\"\"},\"meta\":false}],\"useClobalSettings\":true,\"shareFacebook\":false,\"shareTwitter\":false,\"sharePinterest\":false,\"sliderItemDownload\":false,\"shareCopyLink\":false,\"sliderItemCounterEnable\":false,\"sliderItemTitleFontSize\":20,\"sliderSlideshow\":false,\"sliderSocialShareEnabled\":false,\"sliderZoomEnable\":false,\"translatedWithWPMLTM\":\"1\",\"itemsMetaDataCollection\":[]}<\/script><script>(function(){if(window.PGC_SGB && window.PGC_SGB.searcher){window.PGC_SGB.searcher.initBlocks()}})()<\/script><\/div>","protected":false},"excerpt":{"rendered":"<p>El 28 d&#8217;agost a Sullana, departament de Piura del Per\u00fa, ens hem reunit les tres comunitats la\u00efcals: \u201cCaminant amb Joaquina\u201d , \u201c Esposos a l&#8217;estil Vedruna\u201d i \u201cSeguidores de Joaquina\u201d , al costat de les Hnas. Melania Silva, In\u00e9s Rojas i Emiliana Gonz\u00e1lez, de la comunitat de Sullana per celebrar el pas de Joaquima a [&hellip;]<\/p>\n","protected":false},"author":4,"featured_media":39999,"comment_status":"closed","ping_status":"closed","sticky":false,"template":"","format":"standard","meta":{"_et_pb_use_builder":"","_et_pb_old_content":"","_et_gb_content_width":"","pgc_sgb_lightbox_settings":"","footnotes":""},"categories":[304,253,248],"tags":[],"class_list":["post-39998","post","type-post","status-publish","format-standard","has-post-thumbnail","hentry","category-laicado-vedruna-ca","category-peru-ca","category-vedrunamerica-ca"],"yoast_head":"<!-- This site is optimized with the Yoast SEO plugin v28.4 - https:\/\/yoast.com\/product\/yoast-seo-wordpress\/ -->\n<title>Commemorant els 172 anys de la partida de Santa Joaquina a la casa del Pare - Carmelitas de la Caridad Vedruna<\/title>\n<meta name=\"description\" content=\"Les tres comunitats la\u00efcals Vedruna del Per\u00fa es reuneixen amb la comunitat de Sullana per celebrar el pas de Joaquima a la casa del Pare.\" \/>\n<meta name=\"robots\" content=\"index, follow, max-snippet:-1, max-image-preview:large, max-video-preview:-1\" \/>\n<link rel=\"canonical\" href=\"https:\/\/vedruna.org\/ca\/commemorant-els-172-anys-de-la-partida-de-santa-joaquina-a-la-casa-del-pare\/\" \/>\n<meta property=\"og:locale\" content=\"ca_ES\" \/>\n<meta property=\"og:type\" content=\"article\" \/>\n<meta property=\"og:title\" content=\"Commemorant els 172 anys de la partida de Santa Joaquina a la casa del Pare - Carmelitas de la Caridad Vedruna\" \/>\n<meta property=\"og:description\" content=\"Les tres comunitats la\u00efcals Vedruna del Per\u00fa es reuneixen amb la comunitat de Sullana per celebrar el pas de Joaquima a la casa del Pare.\" \/>\n<meta property=\"og:url\" content=\"https:\/\/vedruna.org\/ca\/commemorant-els-172-anys-de-la-partida-de-santa-joaquina-a-la-casa-del-pare\/\" \/>\n<meta property=\"og:site_name\" content=\"Carmelitas de la Caridad Vedruna\" \/>\n<meta property=\"article:published_time\" content=\"2026-09-01T10:06:02+00:00\" \/>\n<meta property=\"article:modified_time\" content=\"2026-09-01T10:07:32+00:00\" \/>\n<meta property=\"og:image\" content=\"https:\/\/vedruna.org\/wp-content\/uploads\/2026\/08\/PRINCIPAL-1.jpeg\" \/>\n\t<meta property=\"og:image:width\" content=\"1600\" \/>\n\t<meta property=\"og:image:height\" content=\"1056\" \/>\n\t<meta property=\"og:image:type\" content=\"image\/jpeg\" \/>\n<meta name=\"author\" content=\"Comunicaci\u00f3n Vedrunam\u00e9rica\" \/>\n<meta name=\"twitter:card\" content=\"summary_large_image\" \/>\n<meta name=\"twitter:label1\" content=\"Escrit per\" \/>\n\t<meta name=\"twitter:data1\" content=\"Comunicaci\u00f3n Vedrunam\u00e9rica\" \/>\n\t<meta name=\"twitter:label2\" content=\"Temps estimat de lectura\" \/>\n\t<meta name=\"twitter:data2\" content=\"1 minut\" \/>\n<script type=\"application\/ld+json\" class=\"yoast-schema-graph\">{\"@context\":\"https:\\\/\\\/schema.org\",\"@graph\":[{\"@type\":\"Article\",\"@id\":\"https:\\\/\\\/vedruna.org\\\/ca\\\/commemorant-els-172-anys-de-la-partida-de-santa-joaquina-a-la-casa-del-pare\\\/#article\",\"isPartOf\":{\"@id\":\"https:\\\/\\\/vedruna.org\\\/ca\\\/commemorant-els-172-anys-de-la-partida-de-santa-joaquina-a-la-casa-del-pare\\\/\"},\"author\":{\"name\":\"Comunicaci\u00f3n Vedrunam\u00e9rica\",\"@id\":\"https:\\\/\\\/vedruna.org\\\/ca\\\/#\\\/schema\\\/person\\\/cf468646189533fb6a3aae475663fdc7\"},\"headline\":\"Commemorant els 172 anys de la partida de Santa Joaquina a la casa del Pare\",\"datePublished\":\"2026-09-01T10:06:02+00:00\",\"dateModified\":\"2026-09-01T10:07:32+00:00\",\"mainEntityOfPage\":{\"@id\":\"https:\\\/\\\/vedruna.org\\\/ca\\\/commemorant-els-172-anys-de-la-partida-de-santa-joaquina-a-la-casa-del-pare\\\/\"},\"wordCount\":292,\"publisher\":{\"@id\":\"https:\\\/\\\/vedruna.org\\\/ca\\\/#organization\"},\"image\":{\"@id\":\"https:\\\/\\\/vedruna.org\\\/ca\\\/commemorant-els-172-anys-de-la-partida-de-santa-joaquina-a-la-casa-del-pare\\\/#primaryimage\"},\"thumbnailUrl\":\"https:\\\/\\\/vedruna.org\\\/wp-content\\\/uploads\\\/2026\\\/08\\\/PRINCIPAL-1.jpeg\",\"articleSection\":[\"Laicado Vedruna\",\"Per\u00fa\",\"Vedrunam\u00e8rica\"],\"inLanguage\":\"ca\"},{\"@type\":\"WebPage\",\"@id\":\"https:\\\/\\\/vedruna.org\\\/ca\\\/commemorant-els-172-anys-de-la-partida-de-santa-joaquina-a-la-casa-del-pare\\\/\",\"url\":\"https:\\\/\\\/vedruna.org\\\/ca\\\/commemorant-els-172-anys-de-la-partida-de-santa-joaquina-a-la-casa-del-pare\\\/\",\"name\":\"Commemorant els 172 anys de la partida de Santa Joaquina a la casa del Pare - Carmelitas de la Caridad Vedruna\",\"isPartOf\":{\"@id\":\"https:\\\/\\\/vedruna.org\\\/ca\\\/#website\"},\"primaryImageOfPage\":{\"@id\":\"https:\\\/\\\/vedruna.org\\\/ca\\\/commemorant-els-172-anys-de-la-partida-de-santa-joaquina-a-la-casa-del-pare\\\/#primaryimage\"},\"image\":{\"@id\":\"https:\\\/\\\/vedruna.org\\\/ca\\\/commemorant-els-172-anys-de-la-partida-de-santa-joaquina-a-la-casa-del-pare\\\/#primaryimage\"},\"thumbnailUrl\":\"https:\\\/\\\/vedruna.org\\\/wp-content\\\/uploads\\\/2026\\\/08\\\/PRINCIPAL-1.jpeg\",\"datePublished\":\"2026-09-01T10:06:02+00:00\",\"dateModified\":\"2026-09-01T10:07:32+00:00\",\"description\":\"Les tres comunitats la\u00efcals Vedruna del Per\u00fa es reuneixen amb la comunitat de Sullana per celebrar el pas de Joaquima a la casa del Pare.\",\"breadcrumb\":{\"@id\":\"https:\\\/\\\/vedruna.org\\\/ca\\\/commemorant-els-172-anys-de-la-partida-de-santa-joaquina-a-la-casa-del-pare\\\/#breadcrumb\"},\"inLanguage\":\"ca\",\"potentialAction\":[{\"@type\":\"ReadAction\",\"target\":[\"https:\\\/\\\/vedruna.org\\\/ca\\\/commemorant-els-172-anys-de-la-partida-de-santa-joaquina-a-la-casa-del-pare\\\/\"]}]},{\"@type\":\"ImageObject\",\"inLanguage\":\"ca\",\"@id\":\"https:\\\/\\\/vedruna.org\\\/ca\\\/commemorant-els-172-anys-de-la-partida-de-santa-joaquina-a-la-casa-del-pare\\\/#primaryimage\",\"url\":\"https:\\\/\\\/vedruna.org\\\/wp-content\\\/uploads\\\/2026\\\/08\\\/PRINCIPAL-1.jpeg\",\"contentUrl\":\"https:\\\/\\\/vedruna.org\\\/wp-content\\\/uploads\\\/2026\\\/08\\\/PRINCIPAL-1.jpeg\",\"width\":1600,\"height\":1056},{\"@type\":\"BreadcrumbList\",\"@id\":\"https:\\\/\\\/vedruna.org\\\/ca\\\/commemorant-els-172-anys-de-la-partida-de-santa-joaquina-a-la-casa-del-pare\\\/#breadcrumb\",\"itemListElement\":[{\"@type\":\"ListItem\",\"position\":1,\"name\":\"Portada\",\"item\":\"https:\\\/\\\/vedruna.org\\\/ca\\\/\"},{\"@type\":\"ListItem\",\"position\":2,\"name\":\"Commemorant els 172 anys de la partida de Santa Joaquina a la casa del Pare\"}]},{\"@type\":\"WebSite\",\"@id\":\"https:\\\/\\\/vedruna.org\\\/ca\\\/#website\",\"url\":\"https:\\\/\\\/vedruna.org\\\/ca\\\/\",\"name\":\"Carmelitas de la Caridad Vedruna\",\"description\":\"Carmelitas de la caridad\",\"publisher\":{\"@id\":\"https:\\\/\\\/vedruna.org\\\/ca\\\/#organization\"},\"potentialAction\":[{\"@type\":\"SearchAction\",\"target\":{\"@type\":\"EntryPoint\",\"urlTemplate\":\"https:\\\/\\\/vedruna.org\\\/ca\\\/?s={search_term_string}\"},\"query-input\":{\"@type\":\"PropertyValueSpecification\",\"valueRequired\":true,\"valueName\":\"search_term_string\"}}],\"inLanguage\":\"ca\"},{\"@type\":\"Organization\",\"@id\":\"https:\\\/\\\/vedruna.org\\\/ca\\\/#organization\",\"name\":\"Carmelitas de la caridad Vedruna\",\"url\":\"https:\\\/\\\/vedruna.org\\\/ca\\\/\",\"logo\":{\"@type\":\"ImageObject\",\"inLanguage\":\"ca\",\"@id\":\"https:\\\/\\\/vedruna.org\\\/ca\\\/#\\\/schema\\\/logo\\\/image\\\/\",\"url\":\"https:\\\/\\\/vedruna.org\\\/wp-content\\\/uploads\\\/2022\\\/04\\\/LOGO-VEDRUNA-HORIZONTAL.png\",\"contentUrl\":\"https:\\\/\\\/vedruna.org\\\/wp-content\\\/uploads\\\/2022\\\/04\\\/LOGO-VEDRUNA-HORIZONTAL.png\",\"width\":1200,\"height\":463,\"caption\":\"Carmelitas de la caridad Vedruna\"},\"image\":{\"@id\":\"https:\\\/\\\/vedruna.org\\\/ca\\\/#\\\/schema\\\/logo\\\/image\\\/\"}},{\"@type\":\"Person\",\"@id\":\"https:\\\/\\\/vedruna.org\\\/ca\\\/#\\\/schema\\\/person\\\/cf468646189533fb6a3aae475663fdc7\",\"name\":\"Comunicaci\u00f3n Vedrunam\u00e9rica\",\"image\":{\"@type\":\"ImageObject\",\"inLanguage\":\"ca\",\"@id\":\"https:\\\/\\\/secure.gravatar.com\\\/avatar\\\/b4eff91ff87ece2131a5d31270e1df0a7eeaffece756ce6503fd7dce879d1bfc?s=96&d=mm&r=g\",\"url\":\"https:\\\/\\\/secure.gravatar.com\\\/avatar\\\/b4eff91ff87ece2131a5d31270e1df0a7eeaffece756ce6503fd7dce879d1bfc?s=96&d=mm&r=g\",\"contentUrl\":\"https:\\\/\\\/secure.gravatar.com\\\/avatar\\\/b4eff91ff87ece2131a5d31270e1df0a7eeaffece756ce6503fd7dce879d1bfc?s=96&d=mm&r=g\",\"caption\":\"Comunicaci\u00f3n Vedrunam\u00e9rica\"},\"url\":\"https:\\\/\\\/vedruna.org\\\/ca\\\/author\\\/comunicacion-vedrunamerica\\\/\"}]}<\/script>\n<!-- \/ Yoast SEO plugin. -->","yoast_head_json":{"title":"Commemorant els 172 anys de la partida de Santa Joaquina a la casa del Pare - Carmelitas de la Caridad Vedruna","description":"Les tres comunitats la\u00efcals Vedruna del Per\u00fa es reuneixen amb la comunitat de Sullana per celebrar el pas de Joaquima a la casa del Pare.","robots":{"index":"index","follow":"follow","max-snippet":"max-snippet:-1","max-image-preview":"max-image-preview:large","max-video-preview":"max-video-preview:-1"},"canonical":"https:\/\/vedruna.org\/ca\/commemorant-els-172-anys-de-la-partida-de-santa-joaquina-a-la-casa-del-pare\/","og_locale":"ca_ES","og_type":"article","og_title":"Commemorant els 172 anys de la partida de Santa Joaquina a la casa del Pare - Carmelitas de la Caridad Vedruna","og_description":"Les tres comunitats la\u00efcals Vedruna del Per\u00fa es reuneixen amb la comunitat de Sullana per celebrar el pas de Joaquima a la casa del Pare.","og_url":"https:\/\/vedruna.org\/ca\/commemorant-els-172-anys-de-la-partida-de-santa-joaquina-a-la-casa-del-pare\/","og_site_name":"Carmelitas de la Caridad Vedruna","article_published_time":"2026-09-01T10:06:02+00:00","article_modified_time":"2026-09-01T10:07:32+00:00","og_image":[{"width":1600,"height":1056,"url":"https:\/\/vedruna.org\/wp-content\/uploads\/2026\/08\/PRINCIPAL-1.jpeg","type":"image\/jpeg"}],"author":"Comunicaci\u00f3n Vedrunam\u00e9rica","twitter_card":"summary_large_image","twitter_misc":{"Escrit per":"Comunicaci\u00f3n Vedrunam\u00e9rica","Temps estimat de lectura":"1 minut"},"schema":{"@context":"https:\/\/schema.org","@graph":[{"@type":"Article","@id":"https:\/\/vedruna.org\/ca\/commemorant-els-172-anys-de-la-partida-de-santa-joaquina-a-la-casa-del-pare\/#article","isPartOf":{"@id":"https:\/\/vedruna.org\/ca\/commemorant-els-172-anys-de-la-partida-de-santa-joaquina-a-la-casa-del-pare\/"},"author":{"name":"Comunicaci\u00f3n Vedrunam\u00e9rica","@id":"https:\/\/vedruna.org\/ca\/#\/schema\/person\/cf468646189533fb6a3aae475663fdc7"},"headline":"Commemorant els 172 anys de la partida de Santa Joaquina a la casa del Pare","datePublished":"2026-09-01T10:06:02+00:00","dateModified":"2026-09-01T10:07:32+00:00","mainEntityOfPage":{"@id":"https:\/\/vedruna.org\/ca\/commemorant-els-172-anys-de-la-partida-de-santa-joaquina-a-la-casa-del-pare\/"},"wordCount":292,"publisher":{"@id":"https:\/\/vedruna.org\/ca\/#organization"},"image":{"@id":"https:\/\/vedruna.org\/ca\/commemorant-els-172-anys-de-la-partida-de-santa-joaquina-a-la-casa-del-pare\/#primaryimage"},"thumbnailUrl":"https:\/\/vedruna.org\/wp-content\/uploads\/2026\/08\/PRINCIPAL-1.jpeg","articleSection":["Laicado Vedruna","Per\u00fa","Vedrunam\u00e8rica"],"inLanguage":"ca"},{"@type":"WebPage","@id":"https:\/\/vedruna.org\/ca\/commemorant-els-172-anys-de-la-partida-de-santa-joaquina-a-la-casa-del-pare\/","url":"https:\/\/vedruna.org\/ca\/commemorant-els-172-anys-de-la-partida-de-santa-joaquina-a-la-casa-del-pare\/","name":"Commemorant els 172 anys de la partida de Santa Joaquina a la casa del Pare - Carmelitas de la Caridad Vedruna","isPartOf":{"@id":"https:\/\/vedruna.org\/ca\/#website"},"primaryImageOfPage":{"@id":"https:\/\/vedruna.org\/ca\/commemorant-els-172-anys-de-la-partida-de-santa-joaquina-a-la-casa-del-pare\/#primaryimage"},"image":{"@id":"https:\/\/vedruna.org\/ca\/commemorant-els-172-anys-de-la-partida-de-santa-joaquina-a-la-casa-del-pare\/#primaryimage"},"thumbnailUrl":"https:\/\/vedruna.org\/wp-content\/uploads\/2026\/08\/PRINCIPAL-1.jpeg","datePublished":"2026-09-01T10:06:02+00:00","dateModified":"2026-09-01T10:07:32+00:00","description":"Les tres comunitats la\u00efcals Vedruna del Per\u00fa es reuneixen amb la comunitat de Sullana per celebrar el pas de Joaquima a la casa del Pare.","breadcrumb":{"@id":"https:\/\/vedruna.org\/ca\/commemorant-els-172-anys-de-la-partida-de-santa-joaquina-a-la-casa-del-pare\/#breadcrumb"},"inLanguage":"ca","potentialAction":[{"@type":"ReadAction","target":["https:\/\/vedruna.org\/ca\/commemorant-els-172-anys-de-la-partida-de-santa-joaquina-a-la-casa-del-pare\/"]}]},{"@type":"ImageObject","inLanguage":"ca","@id":"https:\/\/vedruna.org\/ca\/commemorant-els-172-anys-de-la-partida-de-santa-joaquina-a-la-casa-del-pare\/#primaryimage","url":"https:\/\/vedruna.org\/wp-content\/uploads\/2026\/08\/PRINCIPAL-1.jpeg","contentUrl":"https:\/\/vedruna.org\/wp-content\/uploads\/2026\/08\/PRINCIPAL-1.jpeg","width":1600,"height":1056},{"@type":"BreadcrumbList","@id":"https:\/\/vedruna.org\/ca\/commemorant-els-172-anys-de-la-partida-de-santa-joaquina-a-la-casa-del-pare\/#breadcrumb","itemListElement":[{"@type":"ListItem","position":1,"name":"Portada","item":"https:\/\/vedruna.org\/ca\/"},{"@type":"ListItem","position":2,"name":"Commemorant els 172 anys de la partida de Santa Joaquina a la casa del Pare"}]},{"@type":"WebSite","@id":"https:\/\/vedruna.org\/ca\/#website","url":"https:\/\/vedruna.org\/ca\/","name":"Carmelitas de la Caridad Vedruna","description":"Carmelitas de la caridad","publisher":{"@id":"https:\/\/vedruna.org\/ca\/#organization"},"potentialAction":[{"@type":"SearchAction","target":{"@type":"EntryPoint","urlTemplate":"https:\/\/vedruna.org\/ca\/?s={search_term_string}"},"query-input":{"@type":"PropertyValueSpecification","valueRequired":true,"valueName":"search_term_string"}}],"inLanguage":"ca"},{"@type":"Organization","@id":"https:\/\/vedruna.org\/ca\/#organization","name":"Carmelitas de la caridad Vedruna","url":"https:\/\/vedruna.org\/ca\/","logo":{"@type":"ImageObject","inLanguage":"ca","@id":"https:\/\/vedruna.org\/ca\/#\/schema\/logo\/image\/","url":"https:\/\/vedruna.org\/wp-content\/uploads\/2022\/04\/LOGO-VEDRUNA-HORIZONTAL.png","contentUrl":"https:\/\/vedruna.org\/wp-content\/uploads\/2022\/04\/LOGO-VEDRUNA-HORIZONTAL.png","width":1200,"height":463,"caption":"Carmelitas de la caridad Vedruna"},"image":{"@id":"https:\/\/vedruna.org\/ca\/#\/schema\/logo\/image\/"}},{"@type":"Person","@id":"https:\/\/vedruna.org\/ca\/#\/schema\/person\/cf468646189533fb6a3aae475663fdc7","name":"Comunicaci\u00f3n Vedrunam\u00e9rica","image":{"@type":"ImageObject","inLanguage":"ca","@id":"https:\/\/secure.gravatar.com\/avatar\/b4eff91ff87ece2131a5d31270e1df0a7eeaffece756ce6503fd7dce879d1bfc?s=96&d=mm&r=g","url":"https:\/\/secure.gravatar.com\/avatar\/b4eff91ff87ece2131a5d31270e1df0a7eeaffece756ce6503fd7dce879d1bfc?s=96&d=mm&r=g","contentUrl":"https:\/\/secure.gravatar.com\/avatar\/b4eff91ff87ece2131a5d31270e1df0a7eeaffece756ce6503fd7dce879d1bfc?s=96&d=mm&r=g","caption":"Comunicaci\u00f3n Vedrunam\u00e9rica"},"url":"https:\/\/vedruna.org\/ca\/author\/comunicacion-vedrunamerica\/"}]}},"_links":{"self":[{"href":"https:\/\/vedruna.org\/ca\/wp-json\/wp\/v2\/posts\/39998","targetHints":{"allow":["GET"]}}],"collection":[{"href":"https:\/\/vedruna.org\/ca\/wp-json\/wp\/v2\/posts"}],"about":[{"href":"https:\/\/vedruna.org\/ca\/wp-json\/wp\/v2\/types\/post"}],"author":[{"embeddable":true,"href":"https:\/\/vedruna.org\/ca\/wp-json\/wp\/v2\/users\/4"}],"replies":[{"embeddable":true,"href":"https:\/\/vedruna.org\/ca\/wp-json\/wp\/v2\/comments?post=39998"}],"version-history":[{"count":1,"href":"https:\/\/vedruna.org\/ca\/wp-json\/wp\/v2\/posts\/39998\/revisions"}],"predecessor-version":[{"id":40000,"href":"https:\/\/vedruna.org\/ca\/wp-json\/wp\/v2\/posts\/39998\/revisions\/40000"}],"wp:featuredmedia":[{"embeddable":true,"href":"https:\/\/vedruna.org\/ca\/wp-json\/wp\/v2\/media\/39999"}],"wp:attachment":[{"href":"https:\/\/vedruna.org\/ca\/wp-json\/wp\/v2\/media?parent=39998"}],"wp:term":[{"taxonomy":"category","embeddable":true,"href":"https:\/\/vedruna.org\/ca\/wp-json\/wp\/v2\/categories?post=39998"},{"taxonomy":"post_tag","embeddable":true,"href":"https:\/\/vedruna.org\/ca\/wp-json\/wp\/v2\/tags?post=39998"}],"curies":[{"name":"wp","href":"https:\/\/api.w.org\/{rel}","templated":true}]}}