{"id":40026,"date":"2026-08-29T15:51:08","date_gmt":"2026-08-29T13:51:08","guid":{"rendered":"https:\/\/vedruna.org\/les-germanes-de-mintong-vedruna-celebren-el-bicentenari\/"},"modified":"2026-09-01T16:06:38","modified_gmt":"2026-09-01T14:06:38","slug":"les-germanes-de-mintong-vedruna-celebren-el-bicentenari","status":"publish","type":"post","link":"https:\/\/vedruna.org\/ca\/les-germanes-de-mintong-vedruna-celebren-el-bicentenari\/","title":{"rendered":"Les germanes de Mintong Vedruna celebren el bicentenari"},"content":{"rendered":"\n<p class=\"wp-block-paragraph\">Les Germanes Vedruna de Mintong van celebrar els <strong>200 anys de la nostra Congregaci\u00f3 el 28 d&#8217;agost, la festa de Santa Joaquina de Vedruna<\/strong> . Va ser una ocasi\u00f3 plena de gr\u00e0cia, marcada per una profunda gratitud per la fidelitat de D\u00e9u i el llegat inspirador que hem heretat. <\/p>\n\n<p class=\"wp-block-paragraph\">La celebraci\u00f3 va comen\u00e7ar amb la nota correcta, amb la <strong>Sagrada Eucaristia<\/strong> . La germana Joysline va donar la benvinguda als presents i va destacar la import\u00e0ncia d&#8217;aquesta fita hist\u00f2rica, recordant els humils inicis de Santa Joaquina el 1826 i com la seva generosa resposta a la crida de D\u00e9u va florir fins a convertir-se en una missi\u00f3 que continua tocant i transformant vides a les perif\u00e8ries m\u00e9s remotes del m\u00f3n.  <\/p>\n\n<p class=\"wp-block-paragraph\">L&#8217;Eucaristia va ser celebrada per  <strong>P. Surjit, SDB, rector de la parr\u00f2quia de Mintong, <\/strong>  que va reflexionar sobre la vida i el testimoni de Santa Joaquina, centrant-se en la seva fidelitat i coratge en seguir la crida de D\u00e9u malgrat els molts obstacles i proves que va trobar. La seva vida va recordar a tothom que la fe i la confian\u00e7a inquebrantables en la provid\u00e8ncia de D\u00e9u poden transformar els reptes en oportunitats de creixement i servei. <\/p>\n\n<p class=\"wp-block-paragraph\">La festivitat alegre va continuar al vespre amb un <strong>programa cultural ple de color presentat pels nens de l&#8217;alberg<\/strong> . A trav\u00e9s de diverses actuacions culturals, els nens van expressar la seva alegria, gratitud i agra\u00efment per la benedicci\u00f3 de la pres\u00e8ncia de Vedruna a Mintong. L&#8217;escenografia sobre la vida de Santa Joaquina, bellament representada pels nens, va captar l&#8217;atenci\u00f3 de tothom mentre repassaven la seva inspiradora vida i missi\u00f3.  <\/p>\n\n<p class=\"wp-block-paragraph\">Els dies preparatoris de la festa van oferir als estudiants l&#8217;oportunitat de descobrir la hist\u00f2ria, l&#8217;espiritualitat i la missi\u00f3 de la Congregaci\u00f3 Vedruna, con\u00e8ixer m\u00e9s de prop Santa Joaquina i inspirar-se en la seva vida. La pres\u00e8ncia dels religiosos i de persones dels centres propers va multiplicar la nostra alegria.   <strong>El Bicentenari es va convertir en una celebraci\u00f3 agra\u00efda de les benediccions de D\u00e9u i una invitaci\u00f3 renovada a dur endavant la missi\u00f3 Vedruna.<\/strong><\/p>\n\n<p class=\"has-text-align-right wp-block-paragraph\"><strong>Sor Joysline Jonadass, ccv <\/strong><\/p>\n<div class=\"pgc-sgb-cb wp-block-pgcsimplygalleryblock-justified \" data-gallery-id=\"db981266\"><div class=\"sgb-preloader\" id=\"pr_db981266\">\n\t<div class=\"sgb-square\" style=\"background:#d4d4d4\"><\/div>\n\t<div class=\"sgb-square\" style=\"background:#d4d4d4\"><\/div>\n\t<div class=\"sgb-square\" style=\"background:#d4d4d4\"><\/div>\n\t<div class=\"sgb-square\" style=\"background:#d4d4d4\"><\/div><\/div><div class=\"simply-gallery-amp pgc_sgb_slider \"><noscript><div class=\"sgb-gallery\"><div class=\"sgb-item\"><a href=\"https:\/\/vedruna.org\/en\/mintong-bicentenary-1\/\" target=\"_blank\"><img decoding=\"async\" alt=\"\" width=\"300\" height=\"135\" loading=\"lazy\" src=\"https:\/\/vedruna.org\/wp-content\/uploads\/2026\/09\/Mintong-Bicentenary-1-300x135.png\" srcset=\"https:\/\/vedruna.org\/wp-content\/uploads\/2026\/09\/Mintong-Bicentenary-1-300x135.png 300w,https:\/\/vedruna.org\/wp-content\/uploads\/2026\/09\/Mintong-Bicentenary-1-1024x461.png 1024w,https:\/\/vedruna.org\/wp-content\/uploads\/2026\/09\/Mintong-Bicentenary-1.png 1870w\" sizes=\"250px\"\/><\/a><\/div><div class=\"sgb-item\"><a href=\"https:\/\/vedruna.org\/en\/mintong-bicentenary\/\" target=\"_blank\"><img decoding=\"async\" alt=\"\" width=\"300\" height=\"131\" loading=\"lazy\" src=\"https:\/\/vedruna.org\/wp-content\/uploads\/2026\/09\/Mintong-Bicentenary-300x131.jpeg\" srcset=\"https:\/\/vedruna.org\/wp-content\/uploads\/2026\/09\/Mintong-Bicentenary-300x131.jpeg 300w,https:\/\/vedruna.org\/wp-content\/uploads\/2026\/09\/Mintong-Bicentenary-1024x448.jpeg 1024w,https:\/\/vedruna.org\/wp-content\/uploads\/2026\/09\/Mintong-Bicentenary.jpeg 1407w\" sizes=\"250px\"\/><\/a><\/div><\/div><\/noscript><\/div><script type=\"application\/json\" class=\"sgb-data\">{\"lastRowFill\":true,\"externalLink\":false,\"captions\":false,\"collectionThumbSubMenuDownload\":false,\"collectionThumbSubMenuShare\":false,\"galleryType\":\"pgc_sgb_justified\",\"galleryId\":\"db981266\",\"images\":[{\"id\":40008,\"title\":\"Mintong-Bicentenary-1\",\"url\":\"https:\/\/vedruna.org\/wp-content\/uploads\/2026\/09\/Mintong-Bicentenary-1.png\",\"link\":\"https:\/\/vedruna.org\/en\/mintong-bicentenary-1\/\",\"alt\":\"\",\"description\":\"\",\"caption\":\"\",\"mime\":\"image\/png\",\"type\":\"image\",\"width\":1870,\"height\":841,\"sizes\":{\"thumbnail\":{\"height\":150,\"width\":150,\"url\":\"https:\/\/vedruna.org\/wp-content\/uploads\/2026\/09\/Mintong-Bicentenary-1-150x150.png\",\"orientation\":\"landscape\"},\"medium\":{\"height\":135,\"width\":300,\"url\":\"https:\/\/vedruna.org\/wp-content\/uploads\/2026\/09\/Mintong-Bicentenary-1-300x135.png\",\"orientation\":\"landscape\"},\"large\":{\"height\":461,\"width\":1024,\"url\":\"https:\/\/vedruna.org\/wp-content\/uploads\/2026\/09\/Mintong-Bicentenary-1-1024x461.png\",\"orientation\":\"landscape\"},\"full\":{\"url\":\"https:\/\/vedruna.org\/wp-content\/uploads\/2026\/09\/Mintong-Bicentenary-1.png\",\"height\":841,\"width\":1870,\"orientation\":\"landscape\"}},\"imageMeta\":{\"aperture\":\"0\",\"credit\":\"\",\"camera\":\"\",\"caption\":\"\",\"created_timestamp\":\"0\",\"copyright\":\"\",\"focal_length\":\"0\",\"iso\":\"0\",\"shutter_speed\":\"0\",\"title\":\"\",\"orientation\":\"0\",\"keywords\":[],\"alt\":\"\"},\"meta\":false,\"postlink\":\"https:\/\/vedruna.org\/en\/mintong-bicentenary-1\/\"},{\"id\":40009,\"title\":\"Mintong-Bicentenary\",\"url\":\"https:\/\/vedruna.org\/wp-content\/uploads\/2026\/09\/Mintong-Bicentenary.jpeg\",\"link\":\"https:\/\/vedruna.org\/en\/mintong-bicentenary\/\",\"alt\":\"\",\"description\":\"\",\"caption\":\"\",\"mime\":\"image\/jpeg\",\"type\":\"image\",\"width\":1407,\"height\":615,\"sizes\":{\"thumbnail\":{\"height\":150,\"width\":150,\"url\":\"https:\/\/vedruna.org\/wp-content\/uploads\/2026\/09\/Mintong-Bicentenary-150x150.jpeg\",\"orientation\":\"landscape\"},\"medium\":{\"height\":131,\"width\":300,\"url\":\"https:\/\/vedruna.org\/wp-content\/uploads\/2026\/09\/Mintong-Bicentenary-300x131.jpeg\",\"orientation\":\"landscape\"},\"large\":{\"height\":448,\"width\":1024,\"url\":\"https:\/\/vedruna.org\/wp-content\/uploads\/2026\/09\/Mintong-Bicentenary-1024x448.jpeg\",\"orientation\":\"landscape\"},\"full\":{\"url\":\"https:\/\/vedruna.org\/wp-content\/uploads\/2026\/09\/Mintong-Bicentenary.jpeg\",\"height\":615,\"width\":1407,\"orientation\":\"landscape\"}},\"imageMeta\":{\"aperture\":\"0\",\"credit\":\"\",\"camera\":\"\",\"caption\":\"\",\"created_timestamp\":\"1788090290\",\"copyright\":\"\",\"focal_length\":\"0\",\"iso\":\"0\",\"shutter_speed\":\"0\",\"title\":\"\",\"orientation\":\"1\",\"keywords\":[],\"alt\":\"\"},\"meta\":false,\"postlink\":\"https:\/\/vedruna.org\/en\/mintong-bicentenary\/\"}],\"useClobalSettings\":true,\"shareFacebook\":false,\"shareTwitter\":false,\"sharePinterest\":false,\"sliderItemDownload\":false,\"shareCopyLink\":false,\"sliderItemCounterEnable\":false,\"sliderItemTitleFontSize\":20,\"sliderSlideshow\":false,\"sliderSocialShareEnabled\":false,\"sliderZoomEnable\":false,\"translatedWithWPMLTM\":\"1\",\"itemsMetaDataCollection\":[]}<\/script><script>(function(){if(window.PGC_SGB && window.PGC_SGB.searcher){window.PGC_SGB.searcher.initBlocks()}})()<\/script><\/div>","protected":false},"excerpt":{"rendered":"<p>Les Germanes Vedruna de Mintong van celebrar els 200 anys de la nostra Congregaci\u00f3 el 28 d&#8217;agost, la festa de Santa Joaquina de Vedruna . Va ser una ocasi\u00f3 plena de gr\u00e0cia, marcada per una profunda gratitud per la fidelitat de D\u00e9u i el llegat inspirador que hem heretat. La celebraci\u00f3 va comen\u00e7ar amb la [&hellip;]<\/p>\n","protected":false},"author":21,"featured_media":40013,"comment_status":"closed","ping_status":"closed","sticky":false,"template":"","format":"standard","meta":{"_et_pb_use_builder":"","_et_pb_old_content":"","_et_gb_content_width":"","pgc_sgb_lightbox_settings":"","footnotes":""},"categories":[584,570,282],"tags":[],"class_list":["post-40026","post","type-post","status-publish","format-standard","has-post-thumbnail","hentry","category-bicentenari-de-lindia","category-bicentenari-india","category-provincia-dindia"],"yoast_head":"<!-- This site is optimized with the Yoast SEO plugin v28.4 - https:\/\/yoast.com\/product\/yoast-seo-wordpress\/ -->\n<title>Les germanes de Mintong Vedruna celebren el bicentenari - Carmelitas de la Caridad Vedruna<\/title>\n<meta name=\"description\" content=\"Les Germanes Vedruna de Mintong van celebrar els 200 anys de la nostra Congregaci\u00f3 el 28 d&#039;agost, la festa de Santa Joaquina de Vedruna.\" \/>\n<meta name=\"robots\" content=\"index, follow, max-snippet:-1, max-image-preview:large, max-video-preview:-1\" \/>\n<link rel=\"canonical\" href=\"https:\/\/vedruna.org\/ca\/les-germanes-de-mintong-vedruna-celebren-el-bicentenari\/\" \/>\n<meta property=\"og:locale\" content=\"ca_ES\" \/>\n<meta property=\"og:type\" content=\"article\" \/>\n<meta property=\"og:title\" content=\"Les germanes de Mintong Vedruna celebren el bicentenari - Carmelitas de la Caridad Vedruna\" \/>\n<meta property=\"og:description\" content=\"Les Germanes Vedruna de Mintong van celebrar els 200 anys de la nostra Congregaci\u00f3 el 28 d&#039;agost, la festa de Santa Joaquina de Vedruna.\" \/>\n<meta property=\"og:url\" content=\"https:\/\/vedruna.org\/ca\/les-germanes-de-mintong-vedruna-celebren-el-bicentenari\/\" \/>\n<meta property=\"og:site_name\" content=\"Carmelitas de la Caridad Vedruna\" \/>\n<meta property=\"article:published_time\" content=\"2026-08-29T13:51:08+00:00\" \/>\n<meta property=\"article:modified_time\" content=\"2026-09-01T14:06:38+00:00\" \/>\n<meta property=\"og:image\" content=\"https:\/\/vedruna.org\/wp-content\/uploads\/2026\/09\/Mintong-Bicentenary-1-1024x461.png\" \/>\n\t<meta property=\"og:image:width\" content=\"1024\" \/>\n\t<meta property=\"og:image:height\" content=\"461\" \/>\n\t<meta property=\"og:image:type\" content=\"image\/png\" \/>\n<meta name=\"author\" content=\"Maria Agustina G\u00f3mez\" \/>\n<meta name=\"twitter:card\" content=\"summary_large_image\" \/>\n<meta name=\"twitter:label1\" content=\"Escrit per\" \/>\n\t<meta name=\"twitter:data1\" content=\"Maria Agustina G\u00f3mez\" \/>\n\t<meta name=\"twitter:label2\" content=\"Temps estimat de lectura\" \/>\n\t<meta name=\"twitter:data2\" content=\"2 minuts\" \/>\n<script type=\"application\/ld+json\" class=\"yoast-schema-graph\">{\"@context\":\"https:\\\/\\\/schema.org\",\"@graph\":[{\"@type\":\"Article\",\"@id\":\"https:\\\/\\\/vedruna.org\\\/ca\\\/les-germanes-de-mintong-vedruna-celebren-el-bicentenari\\\/#article\",\"isPartOf\":{\"@id\":\"https:\\\/\\\/vedruna.org\\\/ca\\\/les-germanes-de-mintong-vedruna-celebren-el-bicentenari\\\/\"},\"author\":{\"name\":\"Maria Agustina G\u00f3mez\",\"@id\":\"https:\\\/\\\/vedruna.org\\\/ca\\\/#\\\/schema\\\/person\\\/95fe789adf27c2831fc5a049c727edf5\"},\"headline\":\"Les germanes de Mintong Vedruna celebren el bicentenari\",\"datePublished\":\"2026-08-29T13:51:08+00:00\",\"dateModified\":\"2026-09-01T14:06:38+00:00\",\"mainEntityOfPage\":{\"@id\":\"https:\\\/\\\/vedruna.org\\\/ca\\\/les-germanes-de-mintong-vedruna-celebren-el-bicentenari\\\/\"},\"wordCount\":378,\"publisher\":{\"@id\":\"https:\\\/\\\/vedruna.org\\\/ca\\\/#organization\"},\"image\":{\"@id\":\"https:\\\/\\\/vedruna.org\\\/ca\\\/les-germanes-de-mintong-vedruna-celebren-el-bicentenari\\\/#primaryimage\"},\"thumbnailUrl\":\"https:\\\/\\\/vedruna.org\\\/wp-content\\\/uploads\\\/2026\\\/09\\\/Mintong-Bicentenary-1.png\",\"articleSection\":[\"Bicentenari de l'\u00cdndia\",\"Bicentenari \u00cdndia\",\"Prov\u00edncia d'\u00cdndia\"],\"inLanguage\":\"ca\"},{\"@type\":\"WebPage\",\"@id\":\"https:\\\/\\\/vedruna.org\\\/ca\\\/les-germanes-de-mintong-vedruna-celebren-el-bicentenari\\\/\",\"url\":\"https:\\\/\\\/vedruna.org\\\/ca\\\/les-germanes-de-mintong-vedruna-celebren-el-bicentenari\\\/\",\"name\":\"Les germanes de Mintong Vedruna celebren el bicentenari - Carmelitas de la Caridad Vedruna\",\"isPartOf\":{\"@id\":\"https:\\\/\\\/vedruna.org\\\/ca\\\/#website\"},\"primaryImageOfPage\":{\"@id\":\"https:\\\/\\\/vedruna.org\\\/ca\\\/les-germanes-de-mintong-vedruna-celebren-el-bicentenari\\\/#primaryimage\"},\"image\":{\"@id\":\"https:\\\/\\\/vedruna.org\\\/ca\\\/les-germanes-de-mintong-vedruna-celebren-el-bicentenari\\\/#primaryimage\"},\"thumbnailUrl\":\"https:\\\/\\\/vedruna.org\\\/wp-content\\\/uploads\\\/2026\\\/09\\\/Mintong-Bicentenary-1.png\",\"datePublished\":\"2026-08-29T13:51:08+00:00\",\"dateModified\":\"2026-09-01T14:06:38+00:00\",\"description\":\"Les Germanes Vedruna de Mintong van celebrar els 200 anys de la nostra Congregaci\u00f3 el 28 d'agost, la festa de Santa Joaquina de Vedruna.\",\"breadcrumb\":{\"@id\":\"https:\\\/\\\/vedruna.org\\\/ca\\\/les-germanes-de-mintong-vedruna-celebren-el-bicentenari\\\/#breadcrumb\"},\"inLanguage\":\"ca\",\"potentialAction\":[{\"@type\":\"ReadAction\",\"target\":[\"https:\\\/\\\/vedruna.org\\\/ca\\\/les-germanes-de-mintong-vedruna-celebren-el-bicentenari\\\/\"]}]},{\"@type\":\"ImageObject\",\"inLanguage\":\"ca\",\"@id\":\"https:\\\/\\\/vedruna.org\\\/ca\\\/les-germanes-de-mintong-vedruna-celebren-el-bicentenari\\\/#primaryimage\",\"url\":\"https:\\\/\\\/vedruna.org\\\/wp-content\\\/uploads\\\/2026\\\/09\\\/Mintong-Bicentenary-1.png\",\"contentUrl\":\"https:\\\/\\\/vedruna.org\\\/wp-content\\\/uploads\\\/2026\\\/09\\\/Mintong-Bicentenary-1.png\",\"width\":1870,\"height\":841},{\"@type\":\"BreadcrumbList\",\"@id\":\"https:\\\/\\\/vedruna.org\\\/ca\\\/les-germanes-de-mintong-vedruna-celebren-el-bicentenari\\\/#breadcrumb\",\"itemListElement\":[{\"@type\":\"ListItem\",\"position\":1,\"name\":\"Portada\",\"item\":\"https:\\\/\\\/vedruna.org\\\/ca\\\/\"},{\"@type\":\"ListItem\",\"position\":2,\"name\":\"Les germanes de Mintong Vedruna celebren el bicentenari\"}]},{\"@type\":\"WebSite\",\"@id\":\"https:\\\/\\\/vedruna.org\\\/ca\\\/#website\",\"url\":\"https:\\\/\\\/vedruna.org\\\/ca\\\/\",\"name\":\"Carmelitas de la Caridad Vedruna\",\"description\":\"Carmelitas de la caridad\",\"publisher\":{\"@id\":\"https:\\\/\\\/vedruna.org\\\/ca\\\/#organization\"},\"potentialAction\":[{\"@type\":\"SearchAction\",\"target\":{\"@type\":\"EntryPoint\",\"urlTemplate\":\"https:\\\/\\\/vedruna.org\\\/ca\\\/?s={search_term_string}\"},\"query-input\":{\"@type\":\"PropertyValueSpecification\",\"valueRequired\":true,\"valueName\":\"search_term_string\"}}],\"inLanguage\":\"ca\"},{\"@type\":\"Organization\",\"@id\":\"https:\\\/\\\/vedruna.org\\\/ca\\\/#organization\",\"name\":\"Carmelitas de la caridad Vedruna\",\"url\":\"https:\\\/\\\/vedruna.org\\\/ca\\\/\",\"logo\":{\"@type\":\"ImageObject\",\"inLanguage\":\"ca\",\"@id\":\"https:\\\/\\\/vedruna.org\\\/ca\\\/#\\\/schema\\\/logo\\\/image\\\/\",\"url\":\"https:\\\/\\\/vedruna.org\\\/wp-content\\\/uploads\\\/2022\\\/04\\\/LOGO-VEDRUNA-HORIZONTAL.png\",\"contentUrl\":\"https:\\\/\\\/vedruna.org\\\/wp-content\\\/uploads\\\/2022\\\/04\\\/LOGO-VEDRUNA-HORIZONTAL.png\",\"width\":1200,\"height\":463,\"caption\":\"Carmelitas de la caridad Vedruna\"},\"image\":{\"@id\":\"https:\\\/\\\/vedruna.org\\\/ca\\\/#\\\/schema\\\/logo\\\/image\\\/\"}},{\"@type\":\"Person\",\"@id\":\"https:\\\/\\\/vedruna.org\\\/ca\\\/#\\\/schema\\\/person\\\/95fe789adf27c2831fc5a049c727edf5\",\"name\":\"Maria Agustina G\u00f3mez\",\"image\":{\"@type\":\"ImageObject\",\"inLanguage\":\"ca\",\"@id\":\"https:\\\/\\\/secure.gravatar.com\\\/avatar\\\/8af3ece86571c098b978434bbc43b948c403c1ae191f09a04e94f916638ceb2c?s=96&d=mm&r=g\",\"url\":\"https:\\\/\\\/secure.gravatar.com\\\/avatar\\\/8af3ece86571c098b978434bbc43b948c403c1ae191f09a04e94f916638ceb2c?s=96&d=mm&r=g\",\"contentUrl\":\"https:\\\/\\\/secure.gravatar.com\\\/avatar\\\/8af3ece86571c098b978434bbc43b948c403c1ae191f09a04e94f916638ceb2c?s=96&d=mm&r=g\",\"caption\":\"Maria Agustina G\u00f3mez\"},\"url\":\"https:\\\/\\\/vedruna.org\\\/ca\\\/author\\\/agustina-gomez\\\/\"}]}<\/script>\n<!-- \/ Yoast SEO plugin. -->","yoast_head_json":{"title":"Les germanes de Mintong Vedruna celebren el bicentenari - Carmelitas de la Caridad Vedruna","description":"Les Germanes Vedruna de Mintong van celebrar els 200 anys de la nostra Congregaci\u00f3 el 28 d'agost, la festa de Santa Joaquina de Vedruna.","robots":{"index":"index","follow":"follow","max-snippet":"max-snippet:-1","max-image-preview":"max-image-preview:large","max-video-preview":"max-video-preview:-1"},"canonical":"https:\/\/vedruna.org\/ca\/les-germanes-de-mintong-vedruna-celebren-el-bicentenari\/","og_locale":"ca_ES","og_type":"article","og_title":"Les germanes de Mintong Vedruna celebren el bicentenari - Carmelitas de la Caridad Vedruna","og_description":"Les Germanes Vedruna de Mintong van celebrar els 200 anys de la nostra Congregaci\u00f3 el 28 d'agost, la festa de Santa Joaquina de Vedruna.","og_url":"https:\/\/vedruna.org\/ca\/les-germanes-de-mintong-vedruna-celebren-el-bicentenari\/","og_site_name":"Carmelitas de la Caridad Vedruna","article_published_time":"2026-08-29T13:51:08+00:00","article_modified_time":"2026-09-01T14:06:38+00:00","og_image":[{"width":1024,"height":461,"url":"https:\/\/vedruna.org\/wp-content\/uploads\/2026\/09\/Mintong-Bicentenary-1-1024x461.png","type":"image\/png"}],"author":"Maria Agustina G\u00f3mez","twitter_card":"summary_large_image","twitter_misc":{"Escrit per":"Maria Agustina G\u00f3mez","Temps estimat de lectura":"2 minuts"},"schema":{"@context":"https:\/\/schema.org","@graph":[{"@type":"Article","@id":"https:\/\/vedruna.org\/ca\/les-germanes-de-mintong-vedruna-celebren-el-bicentenari\/#article","isPartOf":{"@id":"https:\/\/vedruna.org\/ca\/les-germanes-de-mintong-vedruna-celebren-el-bicentenari\/"},"author":{"name":"Maria Agustina G\u00f3mez","@id":"https:\/\/vedruna.org\/ca\/#\/schema\/person\/95fe789adf27c2831fc5a049c727edf5"},"headline":"Les germanes de Mintong Vedruna celebren el bicentenari","datePublished":"2026-08-29T13:51:08+00:00","dateModified":"2026-09-01T14:06:38+00:00","mainEntityOfPage":{"@id":"https:\/\/vedruna.org\/ca\/les-germanes-de-mintong-vedruna-celebren-el-bicentenari\/"},"wordCount":378,"publisher":{"@id":"https:\/\/vedruna.org\/ca\/#organization"},"image":{"@id":"https:\/\/vedruna.org\/ca\/les-germanes-de-mintong-vedruna-celebren-el-bicentenari\/#primaryimage"},"thumbnailUrl":"https:\/\/vedruna.org\/wp-content\/uploads\/2026\/09\/Mintong-Bicentenary-1.png","articleSection":["Bicentenari de l'\u00cdndia","Bicentenari \u00cdndia","Prov\u00edncia d'\u00cdndia"],"inLanguage":"ca"},{"@type":"WebPage","@id":"https:\/\/vedruna.org\/ca\/les-germanes-de-mintong-vedruna-celebren-el-bicentenari\/","url":"https:\/\/vedruna.org\/ca\/les-germanes-de-mintong-vedruna-celebren-el-bicentenari\/","name":"Les germanes de Mintong Vedruna celebren el bicentenari - Carmelitas de la Caridad Vedruna","isPartOf":{"@id":"https:\/\/vedruna.org\/ca\/#website"},"primaryImageOfPage":{"@id":"https:\/\/vedruna.org\/ca\/les-germanes-de-mintong-vedruna-celebren-el-bicentenari\/#primaryimage"},"image":{"@id":"https:\/\/vedruna.org\/ca\/les-germanes-de-mintong-vedruna-celebren-el-bicentenari\/#primaryimage"},"thumbnailUrl":"https:\/\/vedruna.org\/wp-content\/uploads\/2026\/09\/Mintong-Bicentenary-1.png","datePublished":"2026-08-29T13:51:08+00:00","dateModified":"2026-09-01T14:06:38+00:00","description":"Les Germanes Vedruna de Mintong van celebrar els 200 anys de la nostra Congregaci\u00f3 el 28 d'agost, la festa de Santa Joaquina de Vedruna.","breadcrumb":{"@id":"https:\/\/vedruna.org\/ca\/les-germanes-de-mintong-vedruna-celebren-el-bicentenari\/#breadcrumb"},"inLanguage":"ca","potentialAction":[{"@type":"ReadAction","target":["https:\/\/vedruna.org\/ca\/les-germanes-de-mintong-vedruna-celebren-el-bicentenari\/"]}]},{"@type":"ImageObject","inLanguage":"ca","@id":"https:\/\/vedruna.org\/ca\/les-germanes-de-mintong-vedruna-celebren-el-bicentenari\/#primaryimage","url":"https:\/\/vedruna.org\/wp-content\/uploads\/2026\/09\/Mintong-Bicentenary-1.png","contentUrl":"https:\/\/vedruna.org\/wp-content\/uploads\/2026\/09\/Mintong-Bicentenary-1.png","width":1870,"height":841},{"@type":"BreadcrumbList","@id":"https:\/\/vedruna.org\/ca\/les-germanes-de-mintong-vedruna-celebren-el-bicentenari\/#breadcrumb","itemListElement":[{"@type":"ListItem","position":1,"name":"Portada","item":"https:\/\/vedruna.org\/ca\/"},{"@type":"ListItem","position":2,"name":"Les germanes de Mintong Vedruna celebren el bicentenari"}]},{"@type":"WebSite","@id":"https:\/\/vedruna.org\/ca\/#website","url":"https:\/\/vedruna.org\/ca\/","name":"Carmelitas de la Caridad Vedruna","description":"Carmelitas de la caridad","publisher":{"@id":"https:\/\/vedruna.org\/ca\/#organization"},"potentialAction":[{"@type":"SearchAction","target":{"@type":"EntryPoint","urlTemplate":"https:\/\/vedruna.org\/ca\/?s={search_term_string}"},"query-input":{"@type":"PropertyValueSpecification","valueRequired":true,"valueName":"search_term_string"}}],"inLanguage":"ca"},{"@type":"Organization","@id":"https:\/\/vedruna.org\/ca\/#organization","name":"Carmelitas de la caridad Vedruna","url":"https:\/\/vedruna.org\/ca\/","logo":{"@type":"ImageObject","inLanguage":"ca","@id":"https:\/\/vedruna.org\/ca\/#\/schema\/logo\/image\/","url":"https:\/\/vedruna.org\/wp-content\/uploads\/2022\/04\/LOGO-VEDRUNA-HORIZONTAL.png","contentUrl":"https:\/\/vedruna.org\/wp-content\/uploads\/2022\/04\/LOGO-VEDRUNA-HORIZONTAL.png","width":1200,"height":463,"caption":"Carmelitas de la caridad Vedruna"},"image":{"@id":"https:\/\/vedruna.org\/ca\/#\/schema\/logo\/image\/"}},{"@type":"Person","@id":"https:\/\/vedruna.org\/ca\/#\/schema\/person\/95fe789adf27c2831fc5a049c727edf5","name":"Maria Agustina G\u00f3mez","image":{"@type":"ImageObject","inLanguage":"ca","@id":"https:\/\/secure.gravatar.com\/avatar\/8af3ece86571c098b978434bbc43b948c403c1ae191f09a04e94f916638ceb2c?s=96&d=mm&r=g","url":"https:\/\/secure.gravatar.com\/avatar\/8af3ece86571c098b978434bbc43b948c403c1ae191f09a04e94f916638ceb2c?s=96&d=mm&r=g","contentUrl":"https:\/\/secure.gravatar.com\/avatar\/8af3ece86571c098b978434bbc43b948c403c1ae191f09a04e94f916638ceb2c?s=96&d=mm&r=g","caption":"Maria Agustina G\u00f3mez"},"url":"https:\/\/vedruna.org\/ca\/author\/agustina-gomez\/"}]}},"_links":{"self":[{"href":"https:\/\/vedruna.org\/ca\/wp-json\/wp\/v2\/posts\/40026","targetHints":{"allow":["GET"]}}],"collection":[{"href":"https:\/\/vedruna.org\/ca\/wp-json\/wp\/v2\/posts"}],"about":[{"href":"https:\/\/vedruna.org\/ca\/wp-json\/wp\/v2\/types\/post"}],"author":[{"embeddable":true,"href":"https:\/\/vedruna.org\/ca\/wp-json\/wp\/v2\/users\/21"}],"replies":[{"embeddable":true,"href":"https:\/\/vedruna.org\/ca\/wp-json\/wp\/v2\/comments?post=40026"}],"version-history":[{"count":1,"href":"https:\/\/vedruna.org\/ca\/wp-json\/wp\/v2\/posts\/40026\/revisions"}],"predecessor-version":[{"id":40027,"href":"https:\/\/vedruna.org\/ca\/wp-json\/wp\/v2\/posts\/40026\/revisions\/40027"}],"wp:featuredmedia":[{"embeddable":true,"href":"https:\/\/vedruna.org\/ca\/wp-json\/wp\/v2\/media\/40013"}],"wp:attachment":[{"href":"https:\/\/vedruna.org\/ca\/wp-json\/wp\/v2\/media?parent=40026"}],"wp:term":[{"taxonomy":"category","embeddable":true,"href":"https:\/\/vedruna.org\/ca\/wp-json\/wp\/v2\/categories?post=40026"},{"taxonomy":"post_tag","embeddable":true,"href":"https:\/\/vedruna.org\/ca\/wp-json\/wp\/v2\/tags?post=40026"}],"curies":[{"name":"wp","href":"https:\/\/api.w.org\/{rel}","templated":true}]}}