{"id":40030,"date":"2026-08-24T16:05:59","date_gmt":"2026-08-24T14:05:59","guid":{"rendered":"https:\/\/vedruna.org\/classe-intercongregacional-sobre-interculturalitat-al-noviciat-de-shradhaseri-mumbai\/"},"modified":"2026-09-01T16:15:02","modified_gmt":"2026-09-01T14:15:02","slug":"classe-intercongregacional-sobre-interculturalitat-al-noviciat-de-shradhaseri-mumbai","status":"publish","type":"post","link":"https:\/\/vedruna.org\/ca\/classe-intercongregacional-sobre-interculturalitat-al-noviciat-de-shradhaseri-mumbai\/","title":{"rendered":"Classe intercongregacional sobre interculturalitat al Noviciat de Shradhaseri: Mumbai"},"content":{"rendered":"\n<p class=\"wp-block-paragraph\">Del 20 al 22 d&#8217;agost es va organitzar una <strong>classe intercongregacional sobre interculturalitat<\/strong> al nostre noviciat, Shradhaseri. Un total de 26 novicis de quatre congregacions van participar en aquest seminari. La persona de refer\u00e8ncia va ser el versat i experimentat P. Dr. Michael, SVD.   <\/p>\n\n<p class=\"wp-block-paragraph\">El P. Michael ens va recordar que \u00ab <strong>cada cultura \u00e9s un m\u00f3n en si mateix<\/strong> \u00bb. Cada cultura t\u00e9 la seva pr\u00f2pia riquesa, valors, tradicions, fortaleses i maneres d&#8217;expressar la vida. Al mateix temps, cap cultura \u00e9s perfecta; cada cultura t\u00e9 \u00e0rees que necessiten creixement i transformaci\u00f3. Aquesta transformaci\u00f3, va emfatitzar, comen\u00e7a per un mateix. En lloc d&#8217;esperar que els altres canvi\u00efn, se&#8217;ns convida a mirar dins nostre, recon\u00e8ixer les nostres limitacions i romandre oberts a l&#8217;aprenentatge i la transformaci\u00f3.     <\/p>\n\n<p class=\"wp-block-paragraph\">Va cridar la nostra atenci\u00f3 sobre les comunitats religioses, on conviuen membres de diferents cultures, lleng\u00fces, or\u00edgens i experi\u00e8ncies vitals. La veritable interculturalitat requereix autoconsci\u00e8ncia, apreciaci\u00f3 dels valors comuns que ens uneixen i la voluntat de compartir i contribuir amb la bondat que hem heretat de les nostres respectives cultures. La vida intercultural no significa renunciar a la nostra identitat; sin\u00f3 que significa enriquir-nos m\u00fatuament mitjan\u00e7ant l&#8217;acceptaci\u00f3 m\u00fatua, la comprensi\u00f3, el respecte i l&#8217;obertura.  <\/p>\n\n<p class=\"wp-block-paragraph\">El P. Michael tamb\u00e9 va destacar el triple prop\u00f2sit de la vida religiosa: construir una llar, convertir-se en una comunitat testimoni i ser persones religioses orientades a la missi\u00f3. <strong>Les nostres comunitats estan cridades a ser llocs on cada germana se senti acollida, acceptada, recolzada i valorada<\/strong> . Al mateix temps, la nostra vida comuna ha de donar testimoni de l&#8217;Evangeli i preparar-nos per servir els altres amb amor.  <\/p>\n\n<p class=\"wp-block-paragraph\">Les sessions ens van ajudar a entendre que acceptar i adaptar-nos a les cultures dels altres pot conduir a una nova comunitat religiosa intercultural, plena de fe i vibrant. Aquests tres dies van ser enriquidors i estimulants, i van aprofundir en la nostra apreciaci\u00f3 de la diversitat cultural i la seva import\u00e0ncia en la vida religiosa. <\/p>\n\n<p class=\"wp-block-paragraph\">Com a principiants, se&#8217;ns anima a ser m\u00e9s conscients de nosaltres mateixos, oberts de cor, adaptables i disposats a aprendre els uns dels altres. Sobretot, se&#8217;ns va recordar que la interculturalitat comen\u00e7a amb cadascun de nosaltres i creix a trav\u00e9s del respecte, la comprensi\u00f3, l&#8217;acceptaci\u00f3, la col\u00b7laboraci\u00f3 i l&#8217;amor. <\/p>\n\n<p class=\"has-text-align-right wp-block-paragraph\"><strong>Les novelles Lainya i Flevina<\/strong><\/p>\n<div class=\"pgc-sgb-cb wp-block-pgcsimplygalleryblock-justified \" data-gallery-id=\"12043997\"><div class=\"sgb-preloader\" id=\"pr_12043997\">\n\t<div class=\"sgb-square\" style=\"background:#d4d4d4\"><\/div>\n\t<div class=\"sgb-square\" style=\"background:#d4d4d4\"><\/div>\n\t<div class=\"sgb-square\" style=\"background:#d4d4d4\"><\/div>\n\t<div class=\"sgb-square\" style=\"background:#d4d4d4\"><\/div><\/div><div class=\"simply-gallery-amp pgc_sgb_slider \"><noscript><div class=\"sgb-gallery\"><div class=\"sgb-item\"><a href=\"https:\/\/vedruna.org\/en\/oplus_0\/\" target=\"_blank\"><img decoding=\"async\" alt=\"\" width=\"300\" height=\"217\" loading=\"lazy\" src=\"https:\/\/vedruna.org\/wp-content\/uploads\/2026\/09\/CCV-Novices-300x217.jpg\" srcset=\"https:\/\/vedruna.org\/wp-content\/uploads\/2026\/09\/CCV-Novices-300x217.jpg 300w,https:\/\/vedruna.org\/wp-content\/uploads\/2026\/09\/CCV-Novices-1024x739.jpg 1024w,https:\/\/vedruna.org\/wp-content\/uploads\/2026\/09\/CCV-Novices.jpg 2466w\" sizes=\"250px\"\/><\/a><div class=\"sgb-item-caption\"><em>oplus_0<\/em><\/div><\/div><div class=\"sgb-item\"><a href=\"https:\/\/vedruna.org\/en\/intercongregation-class\/\" target=\"_blank\"><img decoding=\"async\" alt=\"\" width=\"300\" height=\"170\" loading=\"lazy\" src=\"https:\/\/vedruna.org\/wp-content\/uploads\/2026\/09\/Intercongregation-Class-300x170.jpeg\" srcset=\"https:\/\/vedruna.org\/wp-content\/uploads\/2026\/09\/Intercongregation-Class-300x170.jpeg 300w,https:\/\/vedruna.org\/wp-content\/uploads\/2026\/09\/Intercongregation-Class-1024x581.jpeg 1024w,https:\/\/vedruna.org\/wp-content\/uploads\/2026\/09\/Intercongregation-Class.jpeg 1593w\" sizes=\"250px\"\/><\/a><\/div><\/div><\/noscript><\/div><script type=\"application\/json\" class=\"sgb-data\">{\"lastRowFill\":true,\"externalLink\":false,\"captions\":false,\"collectionThumbSubMenuDownload\":false,\"collectionThumbSubMenuShare\":false,\"galleryType\":\"pgc_sgb_justified\",\"galleryId\":\"12043997\",\"images\":[{\"id\":40023,\"title\":\"oplus_0\",\"url\":\"https:\/\/vedruna.org\/wp-content\/uploads\/2026\/09\/CCV-Novices.jpg\",\"link\":\"https:\/\/vedruna.org\/en\/oplus_0\/\",\"alt\":\"\",\"description\":\"\",\"caption\":\"oplus_0\",\"mime\":\"image\/jpeg\",\"type\":\"image\",\"width\":2466,\"height\":1780,\"sizes\":{\"thumbnail\":{\"height\":150,\"width\":150,\"url\":\"https:\/\/vedruna.org\/wp-content\/uploads\/2026\/09\/CCV-Novices-150x150.jpg\",\"orientation\":\"landscape\"},\"medium\":{\"height\":217,\"width\":300,\"url\":\"https:\/\/vedruna.org\/wp-content\/uploads\/2026\/09\/CCV-Novices-300x217.jpg\",\"orientation\":\"landscape\"},\"large\":{\"height\":739,\"width\":1024,\"url\":\"https:\/\/vedruna.org\/wp-content\/uploads\/2026\/09\/CCV-Novices-1024x739.jpg\",\"orientation\":\"landscape\"},\"full\":{\"url\":\"https:\/\/vedruna.org\/wp-content\/uploads\/2026\/09\/CCV-Novices.jpg\",\"height\":1780,\"width\":2466,\"orientation\":\"landscape\"}},\"imageMeta\":{\"aperture\":\"1.8\",\"credit\":\"\",\"camera\":\"OPPO A58\",\"caption\":\"oplus_0\",\"created_timestamp\":\"1787861116\",\"copyright\":\"\",\"focal_length\":\"3.98\",\"iso\":\"1252\",\"shutter_speed\":\"0.040001\",\"title\":\"oplus_0\",\"orientation\":\"1\",\"keywords\":[],\"alt\":\"\"},\"meta\":false,\"postlink\":\"https:\/\/vedruna.org\/en\/oplus_0\/\"},{\"id\":40024,\"title\":\"Intercongregation-Class\",\"url\":\"https:\/\/vedruna.org\/wp-content\/uploads\/2026\/09\/Intercongregation-Class.jpeg\",\"link\":\"https:\/\/vedruna.org\/en\/intercongregation-class\/\",\"alt\":\"\",\"description\":\"\",\"caption\":\"\",\"mime\":\"image\/jpeg\",\"type\":\"image\",\"width\":1593,\"height\":904,\"sizes\":{\"thumbnail\":{\"height\":150,\"width\":150,\"url\":\"https:\/\/vedruna.org\/wp-content\/uploads\/2026\/09\/Intercongregation-Class-150x150.jpeg\",\"orientation\":\"landscape\"},\"medium\":{\"height\":170,\"width\":300,\"url\":\"https:\/\/vedruna.org\/wp-content\/uploads\/2026\/09\/Intercongregation-Class-300x170.jpeg\",\"orientation\":\"landscape\"},\"large\":{\"height\":581,\"width\":1024,\"url\":\"https:\/\/vedruna.org\/wp-content\/uploads\/2026\/09\/Intercongregation-Class-1024x581.jpeg\",\"orientation\":\"landscape\"},\"full\":{\"url\":\"https:\/\/vedruna.org\/wp-content\/uploads\/2026\/09\/Intercongregation-Class.jpeg\",\"height\":904,\"width\":1593,\"orientation\":\"landscape\"}},\"imageMeta\":{\"aperture\":\"0\",\"credit\":\"\",\"camera\":\"\",\"caption\":\"\",\"created_timestamp\":\"1787839761\",\"copyright\":\"\",\"focal_length\":\"0\",\"iso\":\"0\",\"shutter_speed\":\"0\",\"title\":\"\",\"orientation\":\"1\",\"keywords\":[],\"alt\":\"\"},\"meta\":false,\"postlink\":\"https:\/\/vedruna.org\/en\/intercongregation-class\/\"}],\"useClobalSettings\":true,\"shareFacebook\":false,\"shareTwitter\":false,\"sharePinterest\":false,\"sliderItemDownload\":false,\"shareCopyLink\":false,\"sliderItemCounterEnable\":false,\"sliderItemTitleFontSize\":20,\"sliderSlideshow\":false,\"sliderSocialShareEnabled\":false,\"sliderZoomEnable\":false,\"translatedWithWPMLTM\":\"1\",\"itemsMetaDataCollection\":[]}<\/script><script>(function(){if(window.PGC_SGB && window.PGC_SGB.searcher){window.PGC_SGB.searcher.initBlocks()}})()<\/script><\/div>\n<p class=\"wp-block-paragraph\"><\/p>\n","protected":false},"excerpt":{"rendered":"<p>Del 20 al 22 d&#8217;agost es va organitzar una classe intercongregacional sobre interculturalitat al nostre noviciat, Shradhaseri. Un total de 26 novicis de quatre congregacions van participar en aquest seminari. La persona de refer\u00e8ncia va ser el versat i experimentat P. Dr. Michael, SVD. El P. Michael ens va recordar que \u00ab cada cultura \u00e9s [&hellip;]<\/p>\n","protected":false},"author":21,"featured_media":40029,"comment_status":"closed","ping_status":"closed","sticky":false,"template":"","format":"standard","meta":{"_et_pb_use_builder":"","_et_pb_old_content":"","_et_gb_content_width":"","pgc_sgb_lightbox_settings":"","footnotes":""},"categories":[282],"tags":[],"class_list":["post-40030","post","type-post","status-publish","format-standard","has-post-thumbnail","hentry","category-provincia-dindia"],"yoast_head":"<!-- This site is optimized with the Yoast SEO plugin v28.4 - https:\/\/yoast.com\/product\/yoast-seo-wordpress\/ -->\n<title>Classe intercongregacional sobre interculturalitat al Noviciat de Shradhaseri: Mumbai - Carmelitas de la Caridad Vedruna<\/title>\n<meta name=\"description\" content=\"26 novicis de 4 congregacions participen en aquest seminari, organitzat al Noviciat de Vedruna del 20 al 22 d&#039;agost.\" \/>\n<meta name=\"robots\" content=\"index, follow, max-snippet:-1, max-image-preview:large, max-video-preview:-1\" \/>\n<link rel=\"canonical\" href=\"https:\/\/vedruna.org\/ca\/classe-intercongregacional-sobre-interculturalitat-al-noviciat-de-shradhaseri-mumbai\/\" \/>\n<meta property=\"og:locale\" content=\"ca_ES\" \/>\n<meta property=\"og:type\" content=\"article\" \/>\n<meta property=\"og:title\" content=\"Classe intercongregacional sobre interculturalitat al Noviciat de Shradhaseri: Mumbai - Carmelitas de la Caridad Vedruna\" \/>\n<meta property=\"og:description\" content=\"26 novicis de 4 congregacions participen en aquest seminari, organitzat al Noviciat de Vedruna del 20 al 22 d&#039;agost.\" \/>\n<meta property=\"og:url\" content=\"https:\/\/vedruna.org\/ca\/classe-intercongregacional-sobre-interculturalitat-al-noviciat-de-shradhaseri-mumbai\/\" \/>\n<meta property=\"og:site_name\" content=\"Carmelitas de la Caridad Vedruna\" \/>\n<meta property=\"article:published_time\" content=\"2026-08-24T14:05:59+00:00\" \/>\n<meta property=\"article:modified_time\" content=\"2026-09-01T14:15:02+00:00\" \/>\n<meta property=\"og:image\" content=\"https:\/\/vedruna.org\/wp-content\/uploads\/2026\/09\/Intercongregation-Class.jpeg\" \/>\n\t<meta property=\"og:image:width\" content=\"1593\" \/>\n\t<meta property=\"og:image:height\" content=\"904\" \/>\n\t<meta property=\"og:image:type\" content=\"image\/jpeg\" \/>\n<meta name=\"author\" content=\"Maria Agustina G\u00f3mez\" \/>\n<meta name=\"twitter:card\" content=\"summary_large_image\" \/>\n<meta name=\"twitter:label1\" content=\"Escrit per\" \/>\n\t<meta name=\"twitter:data1\" content=\"Maria Agustina G\u00f3mez\" \/>\n\t<meta name=\"twitter:label2\" content=\"Temps estimat de lectura\" \/>\n\t<meta name=\"twitter:data2\" content=\"2 minuts\" \/>\n<script type=\"application\/ld+json\" class=\"yoast-schema-graph\">{\"@context\":\"https:\\\/\\\/schema.org\",\"@graph\":[{\"@type\":\"Article\",\"@id\":\"https:\\\/\\\/vedruna.org\\\/ca\\\/classe-intercongregacional-sobre-interculturalitat-al-noviciat-de-shradhaseri-mumbai\\\/#article\",\"isPartOf\":{\"@id\":\"https:\\\/\\\/vedruna.org\\\/ca\\\/classe-intercongregacional-sobre-interculturalitat-al-noviciat-de-shradhaseri-mumbai\\\/\"},\"author\":{\"name\":\"Maria Agustina G\u00f3mez\",\"@id\":\"https:\\\/\\\/vedruna.org\\\/ca\\\/#\\\/schema\\\/person\\\/95fe789adf27c2831fc5a049c727edf5\"},\"headline\":\"Classe intercongregacional sobre interculturalitat al Noviciat de Shradhaseri: Mumbai\",\"datePublished\":\"2026-08-24T14:05:59+00:00\",\"dateModified\":\"2026-09-01T14:15:02+00:00\",\"mainEntityOfPage\":{\"@id\":\"https:\\\/\\\/vedruna.org\\\/ca\\\/classe-intercongregacional-sobre-interculturalitat-al-noviciat-de-shradhaseri-mumbai\\\/\"},\"wordCount\":413,\"publisher\":{\"@id\":\"https:\\\/\\\/vedruna.org\\\/ca\\\/#organization\"},\"image\":{\"@id\":\"https:\\\/\\\/vedruna.org\\\/ca\\\/classe-intercongregacional-sobre-interculturalitat-al-noviciat-de-shradhaseri-mumbai\\\/#primaryimage\"},\"thumbnailUrl\":\"https:\\\/\\\/vedruna.org\\\/wp-content\\\/uploads\\\/2026\\\/09\\\/Intercongregation-Class.jpeg\",\"articleSection\":[\"Prov\u00edncia d'\u00cdndia\"],\"inLanguage\":\"ca\"},{\"@type\":\"WebPage\",\"@id\":\"https:\\\/\\\/vedruna.org\\\/ca\\\/classe-intercongregacional-sobre-interculturalitat-al-noviciat-de-shradhaseri-mumbai\\\/\",\"url\":\"https:\\\/\\\/vedruna.org\\\/ca\\\/classe-intercongregacional-sobre-interculturalitat-al-noviciat-de-shradhaseri-mumbai\\\/\",\"name\":\"Classe intercongregacional sobre interculturalitat al Noviciat de Shradhaseri: Mumbai - Carmelitas de la Caridad Vedruna\",\"isPartOf\":{\"@id\":\"https:\\\/\\\/vedruna.org\\\/ca\\\/#website\"},\"primaryImageOfPage\":{\"@id\":\"https:\\\/\\\/vedruna.org\\\/ca\\\/classe-intercongregacional-sobre-interculturalitat-al-noviciat-de-shradhaseri-mumbai\\\/#primaryimage\"},\"image\":{\"@id\":\"https:\\\/\\\/vedruna.org\\\/ca\\\/classe-intercongregacional-sobre-interculturalitat-al-noviciat-de-shradhaseri-mumbai\\\/#primaryimage\"},\"thumbnailUrl\":\"https:\\\/\\\/vedruna.org\\\/wp-content\\\/uploads\\\/2026\\\/09\\\/Intercongregation-Class.jpeg\",\"datePublished\":\"2026-08-24T14:05:59+00:00\",\"dateModified\":\"2026-09-01T14:15:02+00:00\",\"description\":\"26 novicis de 4 congregacions participen en aquest seminari, organitzat al Noviciat de Vedruna del 20 al 22 d'agost.\",\"breadcrumb\":{\"@id\":\"https:\\\/\\\/vedruna.org\\\/ca\\\/classe-intercongregacional-sobre-interculturalitat-al-noviciat-de-shradhaseri-mumbai\\\/#breadcrumb\"},\"inLanguage\":\"ca\",\"potentialAction\":[{\"@type\":\"ReadAction\",\"target\":[\"https:\\\/\\\/vedruna.org\\\/ca\\\/classe-intercongregacional-sobre-interculturalitat-al-noviciat-de-shradhaseri-mumbai\\\/\"]}]},{\"@type\":\"ImageObject\",\"inLanguage\":\"ca\",\"@id\":\"https:\\\/\\\/vedruna.org\\\/ca\\\/classe-intercongregacional-sobre-interculturalitat-al-noviciat-de-shradhaseri-mumbai\\\/#primaryimage\",\"url\":\"https:\\\/\\\/vedruna.org\\\/wp-content\\\/uploads\\\/2026\\\/09\\\/Intercongregation-Class.jpeg\",\"contentUrl\":\"https:\\\/\\\/vedruna.org\\\/wp-content\\\/uploads\\\/2026\\\/09\\\/Intercongregation-Class.jpeg\",\"width\":1593,\"height\":904},{\"@type\":\"BreadcrumbList\",\"@id\":\"https:\\\/\\\/vedruna.org\\\/ca\\\/classe-intercongregacional-sobre-interculturalitat-al-noviciat-de-shradhaseri-mumbai\\\/#breadcrumb\",\"itemListElement\":[{\"@type\":\"ListItem\",\"position\":1,\"name\":\"Portada\",\"item\":\"https:\\\/\\\/vedruna.org\\\/ca\\\/\"},{\"@type\":\"ListItem\",\"position\":2,\"name\":\"Classe intercongregacional sobre interculturalitat al Noviciat de Shradhaseri: Mumbai\"}]},{\"@type\":\"WebSite\",\"@id\":\"https:\\\/\\\/vedruna.org\\\/ca\\\/#website\",\"url\":\"https:\\\/\\\/vedruna.org\\\/ca\\\/\",\"name\":\"Carmelitas de la Caridad Vedruna\",\"description\":\"Carmelitas de la caridad\",\"publisher\":{\"@id\":\"https:\\\/\\\/vedruna.org\\\/ca\\\/#organization\"},\"potentialAction\":[{\"@type\":\"SearchAction\",\"target\":{\"@type\":\"EntryPoint\",\"urlTemplate\":\"https:\\\/\\\/vedruna.org\\\/ca\\\/?s={search_term_string}\"},\"query-input\":{\"@type\":\"PropertyValueSpecification\",\"valueRequired\":true,\"valueName\":\"search_term_string\"}}],\"inLanguage\":\"ca\"},{\"@type\":\"Organization\",\"@id\":\"https:\\\/\\\/vedruna.org\\\/ca\\\/#organization\",\"name\":\"Carmelitas de la caridad Vedruna\",\"url\":\"https:\\\/\\\/vedruna.org\\\/ca\\\/\",\"logo\":{\"@type\":\"ImageObject\",\"inLanguage\":\"ca\",\"@id\":\"https:\\\/\\\/vedruna.org\\\/ca\\\/#\\\/schema\\\/logo\\\/image\\\/\",\"url\":\"https:\\\/\\\/vedruna.org\\\/wp-content\\\/uploads\\\/2022\\\/04\\\/LOGO-VEDRUNA-HORIZONTAL.png\",\"contentUrl\":\"https:\\\/\\\/vedruna.org\\\/wp-content\\\/uploads\\\/2022\\\/04\\\/LOGO-VEDRUNA-HORIZONTAL.png\",\"width\":1200,\"height\":463,\"caption\":\"Carmelitas de la caridad Vedruna\"},\"image\":{\"@id\":\"https:\\\/\\\/vedruna.org\\\/ca\\\/#\\\/schema\\\/logo\\\/image\\\/\"}},{\"@type\":\"Person\",\"@id\":\"https:\\\/\\\/vedruna.org\\\/ca\\\/#\\\/schema\\\/person\\\/95fe789adf27c2831fc5a049c727edf5\",\"name\":\"Maria Agustina G\u00f3mez\",\"image\":{\"@type\":\"ImageObject\",\"inLanguage\":\"ca\",\"@id\":\"https:\\\/\\\/secure.gravatar.com\\\/avatar\\\/8af3ece86571c098b978434bbc43b948c403c1ae191f09a04e94f916638ceb2c?s=96&d=mm&r=g\",\"url\":\"https:\\\/\\\/secure.gravatar.com\\\/avatar\\\/8af3ece86571c098b978434bbc43b948c403c1ae191f09a04e94f916638ceb2c?s=96&d=mm&r=g\",\"contentUrl\":\"https:\\\/\\\/secure.gravatar.com\\\/avatar\\\/8af3ece86571c098b978434bbc43b948c403c1ae191f09a04e94f916638ceb2c?s=96&d=mm&r=g\",\"caption\":\"Maria Agustina G\u00f3mez\"},\"url\":\"https:\\\/\\\/vedruna.org\\\/ca\\\/author\\\/agustina-gomez\\\/\"}]}<\/script>\n<!-- \/ Yoast SEO plugin. -->","yoast_head_json":{"title":"Classe intercongregacional sobre interculturalitat al Noviciat de Shradhaseri: Mumbai - Carmelitas de la Caridad Vedruna","description":"26 novicis de 4 congregacions participen en aquest seminari, organitzat al Noviciat de Vedruna del 20 al 22 d'agost.","robots":{"index":"index","follow":"follow","max-snippet":"max-snippet:-1","max-image-preview":"max-image-preview:large","max-video-preview":"max-video-preview:-1"},"canonical":"https:\/\/vedruna.org\/ca\/classe-intercongregacional-sobre-interculturalitat-al-noviciat-de-shradhaseri-mumbai\/","og_locale":"ca_ES","og_type":"article","og_title":"Classe intercongregacional sobre interculturalitat al Noviciat de Shradhaseri: Mumbai - Carmelitas de la Caridad Vedruna","og_description":"26 novicis de 4 congregacions participen en aquest seminari, organitzat al Noviciat de Vedruna del 20 al 22 d'agost.","og_url":"https:\/\/vedruna.org\/ca\/classe-intercongregacional-sobre-interculturalitat-al-noviciat-de-shradhaseri-mumbai\/","og_site_name":"Carmelitas de la Caridad Vedruna","article_published_time":"2026-08-24T14:05:59+00:00","article_modified_time":"2026-09-01T14:15:02+00:00","og_image":[{"width":1593,"height":904,"url":"https:\/\/vedruna.org\/wp-content\/uploads\/2026\/09\/Intercongregation-Class.jpeg","type":"image\/jpeg"}],"author":"Maria Agustina G\u00f3mez","twitter_card":"summary_large_image","twitter_misc":{"Escrit per":"Maria Agustina G\u00f3mez","Temps estimat de lectura":"2 minuts"},"schema":{"@context":"https:\/\/schema.org","@graph":[{"@type":"Article","@id":"https:\/\/vedruna.org\/ca\/classe-intercongregacional-sobre-interculturalitat-al-noviciat-de-shradhaseri-mumbai\/#article","isPartOf":{"@id":"https:\/\/vedruna.org\/ca\/classe-intercongregacional-sobre-interculturalitat-al-noviciat-de-shradhaseri-mumbai\/"},"author":{"name":"Maria Agustina G\u00f3mez","@id":"https:\/\/vedruna.org\/ca\/#\/schema\/person\/95fe789adf27c2831fc5a049c727edf5"},"headline":"Classe intercongregacional sobre interculturalitat al Noviciat de Shradhaseri: Mumbai","datePublished":"2026-08-24T14:05:59+00:00","dateModified":"2026-09-01T14:15:02+00:00","mainEntityOfPage":{"@id":"https:\/\/vedruna.org\/ca\/classe-intercongregacional-sobre-interculturalitat-al-noviciat-de-shradhaseri-mumbai\/"},"wordCount":413,"publisher":{"@id":"https:\/\/vedruna.org\/ca\/#organization"},"image":{"@id":"https:\/\/vedruna.org\/ca\/classe-intercongregacional-sobre-interculturalitat-al-noviciat-de-shradhaseri-mumbai\/#primaryimage"},"thumbnailUrl":"https:\/\/vedruna.org\/wp-content\/uploads\/2026\/09\/Intercongregation-Class.jpeg","articleSection":["Prov\u00edncia d'\u00cdndia"],"inLanguage":"ca"},{"@type":"WebPage","@id":"https:\/\/vedruna.org\/ca\/classe-intercongregacional-sobre-interculturalitat-al-noviciat-de-shradhaseri-mumbai\/","url":"https:\/\/vedruna.org\/ca\/classe-intercongregacional-sobre-interculturalitat-al-noviciat-de-shradhaseri-mumbai\/","name":"Classe intercongregacional sobre interculturalitat al Noviciat de Shradhaseri: Mumbai - Carmelitas de la Caridad Vedruna","isPartOf":{"@id":"https:\/\/vedruna.org\/ca\/#website"},"primaryImageOfPage":{"@id":"https:\/\/vedruna.org\/ca\/classe-intercongregacional-sobre-interculturalitat-al-noviciat-de-shradhaseri-mumbai\/#primaryimage"},"image":{"@id":"https:\/\/vedruna.org\/ca\/classe-intercongregacional-sobre-interculturalitat-al-noviciat-de-shradhaseri-mumbai\/#primaryimage"},"thumbnailUrl":"https:\/\/vedruna.org\/wp-content\/uploads\/2026\/09\/Intercongregation-Class.jpeg","datePublished":"2026-08-24T14:05:59+00:00","dateModified":"2026-09-01T14:15:02+00:00","description":"26 novicis de 4 congregacions participen en aquest seminari, organitzat al Noviciat de Vedruna del 20 al 22 d'agost.","breadcrumb":{"@id":"https:\/\/vedruna.org\/ca\/classe-intercongregacional-sobre-interculturalitat-al-noviciat-de-shradhaseri-mumbai\/#breadcrumb"},"inLanguage":"ca","potentialAction":[{"@type":"ReadAction","target":["https:\/\/vedruna.org\/ca\/classe-intercongregacional-sobre-interculturalitat-al-noviciat-de-shradhaseri-mumbai\/"]}]},{"@type":"ImageObject","inLanguage":"ca","@id":"https:\/\/vedruna.org\/ca\/classe-intercongregacional-sobre-interculturalitat-al-noviciat-de-shradhaseri-mumbai\/#primaryimage","url":"https:\/\/vedruna.org\/wp-content\/uploads\/2026\/09\/Intercongregation-Class.jpeg","contentUrl":"https:\/\/vedruna.org\/wp-content\/uploads\/2026\/09\/Intercongregation-Class.jpeg","width":1593,"height":904},{"@type":"BreadcrumbList","@id":"https:\/\/vedruna.org\/ca\/classe-intercongregacional-sobre-interculturalitat-al-noviciat-de-shradhaseri-mumbai\/#breadcrumb","itemListElement":[{"@type":"ListItem","position":1,"name":"Portada","item":"https:\/\/vedruna.org\/ca\/"},{"@type":"ListItem","position":2,"name":"Classe intercongregacional sobre interculturalitat al Noviciat de Shradhaseri: Mumbai"}]},{"@type":"WebSite","@id":"https:\/\/vedruna.org\/ca\/#website","url":"https:\/\/vedruna.org\/ca\/","name":"Carmelitas de la Caridad Vedruna","description":"Carmelitas de la caridad","publisher":{"@id":"https:\/\/vedruna.org\/ca\/#organization"},"potentialAction":[{"@type":"SearchAction","target":{"@type":"EntryPoint","urlTemplate":"https:\/\/vedruna.org\/ca\/?s={search_term_string}"},"query-input":{"@type":"PropertyValueSpecification","valueRequired":true,"valueName":"search_term_string"}}],"inLanguage":"ca"},{"@type":"Organization","@id":"https:\/\/vedruna.org\/ca\/#organization","name":"Carmelitas de la caridad Vedruna","url":"https:\/\/vedruna.org\/ca\/","logo":{"@type":"ImageObject","inLanguage":"ca","@id":"https:\/\/vedruna.org\/ca\/#\/schema\/logo\/image\/","url":"https:\/\/vedruna.org\/wp-content\/uploads\/2022\/04\/LOGO-VEDRUNA-HORIZONTAL.png","contentUrl":"https:\/\/vedruna.org\/wp-content\/uploads\/2022\/04\/LOGO-VEDRUNA-HORIZONTAL.png","width":1200,"height":463,"caption":"Carmelitas de la caridad Vedruna"},"image":{"@id":"https:\/\/vedruna.org\/ca\/#\/schema\/logo\/image\/"}},{"@type":"Person","@id":"https:\/\/vedruna.org\/ca\/#\/schema\/person\/95fe789adf27c2831fc5a049c727edf5","name":"Maria Agustina G\u00f3mez","image":{"@type":"ImageObject","inLanguage":"ca","@id":"https:\/\/secure.gravatar.com\/avatar\/8af3ece86571c098b978434bbc43b948c403c1ae191f09a04e94f916638ceb2c?s=96&d=mm&r=g","url":"https:\/\/secure.gravatar.com\/avatar\/8af3ece86571c098b978434bbc43b948c403c1ae191f09a04e94f916638ceb2c?s=96&d=mm&r=g","contentUrl":"https:\/\/secure.gravatar.com\/avatar\/8af3ece86571c098b978434bbc43b948c403c1ae191f09a04e94f916638ceb2c?s=96&d=mm&r=g","caption":"Maria Agustina G\u00f3mez"},"url":"https:\/\/vedruna.org\/ca\/author\/agustina-gomez\/"}]}},"_links":{"self":[{"href":"https:\/\/vedruna.org\/ca\/wp-json\/wp\/v2\/posts\/40030","targetHints":{"allow":["GET"]}}],"collection":[{"href":"https:\/\/vedruna.org\/ca\/wp-json\/wp\/v2\/posts"}],"about":[{"href":"https:\/\/vedruna.org\/ca\/wp-json\/wp\/v2\/types\/post"}],"author":[{"embeddable":true,"href":"https:\/\/vedruna.org\/ca\/wp-json\/wp\/v2\/users\/21"}],"replies":[{"embeddable":true,"href":"https:\/\/vedruna.org\/ca\/wp-json\/wp\/v2\/comments?post=40030"}],"version-history":[{"count":1,"href":"https:\/\/vedruna.org\/ca\/wp-json\/wp\/v2\/posts\/40030\/revisions"}],"predecessor-version":[{"id":40031,"href":"https:\/\/vedruna.org\/ca\/wp-json\/wp\/v2\/posts\/40030\/revisions\/40031"}],"wp:featuredmedia":[{"embeddable":true,"href":"https:\/\/vedruna.org\/ca\/wp-json\/wp\/v2\/media\/40029"}],"wp:attachment":[{"href":"https:\/\/vedruna.org\/ca\/wp-json\/wp\/v2\/media?parent=40030"}],"wp:term":[{"taxonomy":"category","embeddable":true,"href":"https:\/\/vedruna.org\/ca\/wp-json\/wp\/v2\/categories?post=40030"},{"taxonomy":"post_tag","embeddable":true,"href":"https:\/\/vedruna.org\/ca\/wp-json\/wp\/v2\/tags?post=40030"}],"curies":[{"name":"wp","href":"https:\/\/api.w.org\/{rel}","templated":true}]}}