{"id":40087,"date":"2026-08-25T10:30:22","date_gmt":"2026-08-25T08:30:22","guid":{"rendered":"https:\/\/vedruna.org\/llavors-de-vocacio-esperant-creixer\/"},"modified":"2026-09-02T10:44:41","modified_gmt":"2026-09-02T08:44:41","slug":"llavors-de-vocacio-esperant-creixer","status":"publish","type":"post","link":"https:\/\/vedruna.org\/ca\/llavors-de-vocacio-esperant-creixer\/","title":{"rendered":"Llavors de vocaci\u00f3 esperant cr\u00e9ixer"},"content":{"rendered":"\n<p class=\"wp-block-paragraph\">El 21 d&#8217;agost de 2026 vam tenir l&#8217;oportunitat de participar al <strong>Jamboree Vocacional a la Catedral del Bon Pastor de Novaliches.<\/strong> La germana Nelly i jo vam estar encantades de con\u00e8ixer i compartir amb els servidors de l&#8217;altar, tant homes com dones de les diferents parr\u00f2quies de la di\u00f2cesi de Novaliches. A trav\u00e9s de la nostra senzilla parada, vam presentar la nostra Congregaci\u00f3, vam compartir la nostra missi\u00f3 i carisma, i vam donar fullets, estampitas i paraules inspiradores de la nostra Fundadora, Santa Joaquina de Vedruna. Va ser commovedor veure alguns dels joves commoguts i inspirats pel seu missatge.     <\/p>\n\n<p class=\"wp-block-paragraph\">El diumenge 23 d&#8217;agost de 2026, vam ser convidats a participar a la <strong>Jornada Vocacional de la Parr\u00f2quia de la Immaculada Concepci\u00f3-GSIS Village<\/strong> . Abans de la benedicci\u00f3 final, vam tenir l&#8217;oportunitat de presentar la nostra Congregaci\u00f3, la nostra Fundadora, Santa Joaquina de Vedruna, i la nostra missi\u00f3 i carisma. Va ser un moment meravell\u00f3s per compartir qui som i com continuem servint D\u00e9u i el seu poble.    <\/p>\n\n<p class=\"wp-block-paragraph\">A la tarda, van reunir alguns joves a la parr\u00f2quia i la germana Elma va fer una xerrada sobre els quatre estats de la vida: solteria, matrimoni, vida consagrada\/religiosa i sacerdoci. Tamb\u00e9 vam tenir la sort de compartir les nostres pr\u00f2pies hist\u00f2ries vocacionals, com D\u00e9u ens crida a aquest tipus de vida. Esperem inspirar els joves a discernir amb oraci\u00f3 la crida de D\u00e9u a les seves vides.     <\/p>\n\n<p class=\"wp-block-paragraph\">Creiem que cada trobada \u00e9s una oportunitat per plantar una llavor de vocaci\u00f3. Potser no sabem on ens portar\u00e0 aquesta llavor, per\u00f2 confiem que D\u00e9u la far\u00e0 cr\u00e9ixer al seu temps.   <\/p>\n\n<p class=\"wp-block-paragraph\"><strong>Que algunes de les joves que coneixem escoltin la crida de D\u00e9u i diguin amb valentia &#8220;S\u00ed&#8221; per seguir-lo com a Vedruna.<\/strong><\/p>\n\n<p class=\"has-text-align-right wp-block-paragraph\"><strong>Sor Ivy Lupiba, ccv <\/strong><\/p>\n<div class=\"pgc-sgb-cb wp-block-pgcsimplygalleryblock-justified \" data-gallery-id=\"e8771784\"><div class=\"sgb-preloader\" id=\"pr_e8771784\">\n\t<div class=\"sgb-square\" style=\"background:#d4d4d4\"><\/div>\n\t<div class=\"sgb-square\" style=\"background:#d4d4d4\"><\/div>\n\t<div class=\"sgb-square\" style=\"background:#d4d4d4\"><\/div>\n\t<div class=\"sgb-square\" style=\"background:#d4d4d4\"><\/div><\/div><div class=\"simply-gallery-amp pgc_sgb_slider \"><noscript><div class=\"sgb-gallery\"><div class=\"sgb-item\"><a href=\"https:\/\/vedruna.org\/en\/whatsapp-image-2026-09-01-at-17-00-47\/\" target=\"_blank\"><img decoding=\"async\" alt=\"\" width=\"300\" height=\"226\" loading=\"lazy\" src=\"https:\/\/vedruna.org\/wp-content\/uploads\/2026\/09\/WhatsApp-Image-2026-09-01-at-17.00.47-300x226.jpeg\" srcset=\"https:\/\/vedruna.org\/wp-content\/uploads\/2026\/09\/WhatsApp-Image-2026-09-01-at-17.00.47-300x226.jpeg 300w,https:\/\/vedruna.org\/wp-content\/uploads\/2026\/09\/WhatsApp-Image-2026-09-01-at-17.00.47-1024x771.jpeg 1024w,https:\/\/vedruna.org\/wp-content\/uploads\/2026\/09\/WhatsApp-Image-2026-09-01-at-17.00.47.jpeg 1600w\" sizes=\"250px\"\/><\/a><\/div><div class=\"sgb-item\"><a href=\"https:\/\/vedruna.org\/en\/whatsapp-image-2026-09-01-at-17-00-45\/\" target=\"_blank\"><img decoding=\"async\" alt=\"\" width=\"300\" height=\"225\" loading=\"lazy\" src=\"https:\/\/vedruna.org\/wp-content\/uploads\/2026\/09\/WhatsApp-Image-2026-09-01-at-17.00.45-300x225.jpeg\" srcset=\"https:\/\/vedruna.org\/wp-content\/uploads\/2026\/09\/WhatsApp-Image-2026-09-01-at-17.00.45-300x225.jpeg 300w,https:\/\/vedruna.org\/wp-content\/uploads\/2026\/09\/WhatsApp-Image-2026-09-01-at-17.00.45-1024x768.jpeg 1024w,https:\/\/vedruna.org\/wp-content\/uploads\/2026\/09\/WhatsApp-Image-2026-09-01-at-17.00.45.jpeg 1296w\" sizes=\"250px\"\/><\/a><\/div><div class=\"sgb-item\"><a href=\"https:\/\/vedruna.org\/en\/whatsapp-image-2026-09-01-at-17-00-43\/\" target=\"_blank\"><img decoding=\"async\" alt=\"\" width=\"300\" height=\"135\" loading=\"lazy\" src=\"https:\/\/vedruna.org\/wp-content\/uploads\/2026\/09\/WhatsApp-Image-2026-09-01-at-17.00.43-300x135.jpeg\" srcset=\"https:\/\/vedruna.org\/wp-content\/uploads\/2026\/09\/WhatsApp-Image-2026-09-01-at-17.00.43-300x135.jpeg 300w,https:\/\/vedruna.org\/wp-content\/uploads\/2026\/09\/WhatsApp-Image-2026-09-01-at-17.00.43-1024x461.jpeg 1024w,https:\/\/vedruna.org\/wp-content\/uploads\/2026\/09\/WhatsApp-Image-2026-09-01-at-17.00.43.jpeg 2048w\" sizes=\"250px\"\/><\/a><\/div><div class=\"sgb-item\"><a href=\"https:\/\/vedruna.org\/en\/whatsapp-image-2026-09-01-at-17-00-45-1\/\" target=\"_blank\"><img decoding=\"async\" alt=\"\" width=\"226\" height=\"300\" loading=\"lazy\" src=\"https:\/\/vedruna.org\/wp-content\/uploads\/2026\/09\/WhatsApp-Image-2026-09-01-at-17.00.45-1-226x300.jpeg\" srcset=\"https:\/\/vedruna.org\/wp-content\/uploads\/2026\/09\/WhatsApp-Image-2026-09-01-at-17.00.45-1-226x300.jpeg 226w,https:\/\/vedruna.org\/wp-content\/uploads\/2026\/09\/WhatsApp-Image-2026-09-01-at-17.00.45-1-771x1024.jpeg 771w,https:\/\/vedruna.org\/wp-content\/uploads\/2026\/09\/WhatsApp-Image-2026-09-01-at-17.00.45-1.jpeg 1204w\" sizes=\"250px\"\/><\/a><\/div><div class=\"sgb-item\"><a href=\"https:\/\/vedruna.org\/en\/whatsapp-image-2026-09-01-at-17-00-45-2\/\" target=\"_blank\"><img decoding=\"async\" alt=\"\" width=\"226\" height=\"300\" loading=\"lazy\" src=\"https:\/\/vedruna.org\/wp-content\/uploads\/2026\/09\/WhatsApp-Image-2026-09-01-at-17.00.45-2-226x300.jpeg\" srcset=\"https:\/\/vedruna.org\/wp-content\/uploads\/2026\/09\/WhatsApp-Image-2026-09-01-at-17.00.45-2-226x300.jpeg 226w,https:\/\/vedruna.org\/wp-content\/uploads\/2026\/09\/WhatsApp-Image-2026-09-01-at-17.00.45-2-771x1024.jpeg 771w,https:\/\/vedruna.org\/wp-content\/uploads\/2026\/09\/WhatsApp-Image-2026-09-01-at-17.00.45-2.jpeg 1204w\" sizes=\"250px\"\/><\/a><\/div><div class=\"sgb-item\"><a href=\"https:\/\/vedruna.org\/en\/whatsapp-image-2026-09-01-at-17-00-46\/\" target=\"_blank\"><img decoding=\"async\" alt=\"\" width=\"300\" height=\"226\" loading=\"lazy\" src=\"https:\/\/vedruna.org\/wp-content\/uploads\/2026\/09\/WhatsApp-Image-2026-09-01-at-17.00.46-300x226.jpeg\" srcset=\"https:\/\/vedruna.org\/wp-content\/uploads\/2026\/09\/WhatsApp-Image-2026-09-01-at-17.00.46-300x226.jpeg 300w,https:\/\/vedruna.org\/wp-content\/uploads\/2026\/09\/WhatsApp-Image-2026-09-01-at-17.00.46-1024x771.jpeg 1024w,https:\/\/vedruna.org\/wp-content\/uploads\/2026\/09\/WhatsApp-Image-2026-09-01-at-17.00.46.jpeg 1600w\" sizes=\"250px\"\/><\/a><\/div><div class=\"sgb-item\"><a href=\"https:\/\/vedruna.org\/en\/whatsapp-image-2026-09-01-at-17-00-46-1\/\" target=\"_blank\"><img decoding=\"async\" alt=\"\" width=\"300\" height=\"226\" loading=\"lazy\" src=\"https:\/\/vedruna.org\/wp-content\/uploads\/2026\/09\/WhatsApp-Image-2026-09-01-at-17.00.46-1-300x226.jpeg\" srcset=\"https:\/\/vedruna.org\/wp-content\/uploads\/2026\/09\/WhatsApp-Image-2026-09-01-at-17.00.46-1-300x226.jpeg 300w,https:\/\/vedruna.org\/wp-content\/uploads\/2026\/09\/WhatsApp-Image-2026-09-01-at-17.00.46-1-1024x771.jpeg 1024w,https:\/\/vedruna.org\/wp-content\/uploads\/2026\/09\/WhatsApp-Image-2026-09-01-at-17.00.46-1.jpeg 1600w\" sizes=\"250px\"\/><\/a><\/div><div class=\"sgb-item\"><a href=\"https:\/\/vedruna.org\/en\/whatsapp-image-2026-09-01-at-17-00-46-2\/\" target=\"_blank\"><img decoding=\"async\" alt=\"\" width=\"225\" height=\"300\" loading=\"lazy\" src=\"https:\/\/vedruna.org\/wp-content\/uploads\/2026\/09\/WhatsApp-Image-2026-09-01-at-17.00.46-2-225x300.jpeg\" srcset=\"https:\/\/vedruna.org\/wp-content\/uploads\/2026\/09\/WhatsApp-Image-2026-09-01-at-17.00.46-2-225x300.jpeg 225w,https:\/\/vedruna.org\/wp-content\/uploads\/2026\/09\/WhatsApp-Image-2026-09-01-at-17.00.46-2-768x1024.jpeg 768w,https:\/\/vedruna.org\/wp-content\/uploads\/2026\/09\/WhatsApp-Image-2026-09-01-at-17.00.46-2.jpeg 1200w\" sizes=\"250px\"\/><\/a><\/div><\/div><\/noscript><\/div><script type=\"application\/json\" class=\"sgb-data\">{\"lastRowFill\":true,\"externalLink\":false,\"captions\":false,\"collectionThumbSubMenuDownload\":false,\"collectionThumbSubMenuShare\":false,\"galleryType\":\"pgc_sgb_justified\",\"galleryId\":\"e8771784\",\"images\":[{\"id\":40049,\"title\":\"WhatsApp-Image-2026-09-01-at-17.00.47\",\"url\":\"https:\/\/vedruna.org\/wp-content\/uploads\/2026\/09\/WhatsApp-Image-2026-09-01-at-17.00.47.jpeg\",\"link\":\"https:\/\/vedruna.org\/en\/whatsapp-image-2026-09-01-at-17-00-47\/\",\"alt\":\"\",\"description\":\"\",\"caption\":\"\",\"mime\":\"image\/jpeg\",\"type\":\"image\",\"width\":1600,\"height\":1204,\"sizes\":{\"thumbnail\":{\"height\":150,\"width\":150,\"url\":\"https:\/\/vedruna.org\/wp-content\/uploads\/2026\/09\/WhatsApp-Image-2026-09-01-at-17.00.47-150x150.jpeg\",\"orientation\":\"landscape\"},\"medium\":{\"height\":226,\"width\":300,\"url\":\"https:\/\/vedruna.org\/wp-content\/uploads\/2026\/09\/WhatsApp-Image-2026-09-01-at-17.00.47-300x226.jpeg\",\"orientation\":\"landscape\"},\"large\":{\"height\":771,\"width\":1024,\"url\":\"https:\/\/vedruna.org\/wp-content\/uploads\/2026\/09\/WhatsApp-Image-2026-09-01-at-17.00.47-1024x771.jpeg\",\"orientation\":\"landscape\"},\"full\":{\"url\":\"https:\/\/vedruna.org\/wp-content\/uploads\/2026\/09\/WhatsApp-Image-2026-09-01-at-17.00.47.jpeg\",\"height\":1204,\"width\":1600,\"orientation\":\"landscape\"}},\"imageMeta\":{\"aperture\":\"0\",\"credit\":\"\",\"camera\":\"\",\"caption\":\"\",\"created_timestamp\":\"0\",\"copyright\":\"\",\"focal_length\":\"0\",\"iso\":\"0\",\"shutter_speed\":\"0\",\"title\":\"\",\"orientation\":\"0\",\"keywords\":[],\"alt\":\"\"},\"meta\":false,\"postlink\":\"https:\/\/vedruna.org\/en\/whatsapp-image-2026-09-01-at-17-00-47\/\"},{\"id\":40048,\"title\":\"WhatsApp-Image-2026-09-01-at-17.00.45\",\"url\":\"https:\/\/vedruna.org\/wp-content\/uploads\/2026\/09\/WhatsApp-Image-2026-09-01-at-17.00.45.jpeg\",\"link\":\"https:\/\/vedruna.org\/en\/whatsapp-image-2026-09-01-at-17-00-45\/\",\"alt\":\"\",\"description\":\"\",\"caption\":\"\",\"mime\":\"image\/jpeg\",\"type\":\"image\",\"width\":1296,\"height\":972,\"sizes\":{\"thumbnail\":{\"height\":150,\"width\":150,\"url\":\"https:\/\/vedruna.org\/wp-content\/uploads\/2026\/09\/WhatsApp-Image-2026-09-01-at-17.00.45-150x150.jpeg\",\"orientation\":\"landscape\"},\"medium\":{\"height\":225,\"width\":300,\"url\":\"https:\/\/vedruna.org\/wp-content\/uploads\/2026\/09\/WhatsApp-Image-2026-09-01-at-17.00.45-300x225.jpeg\",\"orientation\":\"landscape\"},\"large\":{\"height\":768,\"width\":1024,\"url\":\"https:\/\/vedruna.org\/wp-content\/uploads\/2026\/09\/WhatsApp-Image-2026-09-01-at-17.00.45-1024x768.jpeg\",\"orientation\":\"landscape\"},\"full\":{\"url\":\"https:\/\/vedruna.org\/wp-content\/uploads\/2026\/09\/WhatsApp-Image-2026-09-01-at-17.00.45.jpeg\",\"height\":972,\"width\":1296,\"orientation\":\"landscape\"}},\"imageMeta\":{\"aperture\":\"0\",\"credit\":\"\",\"camera\":\"\",\"caption\":\"\",\"created_timestamp\":\"0\",\"copyright\":\"\",\"focal_length\":\"0\",\"iso\":\"0\",\"shutter_speed\":\"0\",\"title\":\"\",\"orientation\":\"0\",\"keywords\":[],\"alt\":\"\"},\"meta\":false,\"postlink\":\"https:\/\/vedruna.org\/en\/whatsapp-image-2026-09-01-at-17-00-45\/\"},{\"id\":40047,\"title\":\"WhatsApp-Image-2026-09-01-at-17.00.43\",\"url\":\"https:\/\/vedruna.org\/wp-content\/uploads\/2026\/09\/WhatsApp-Image-2026-09-01-at-17.00.43.jpeg\",\"link\":\"https:\/\/vedruna.org\/en\/whatsapp-image-2026-09-01-at-17-00-43\/\",\"alt\":\"\",\"description\":\"\",\"caption\":\"\",\"mime\":\"image\/jpeg\",\"type\":\"image\",\"width\":2048,\"height\":921,\"sizes\":{\"thumbnail\":{\"height\":150,\"width\":150,\"url\":\"https:\/\/vedruna.org\/wp-content\/uploads\/2026\/09\/WhatsApp-Image-2026-09-01-at-17.00.43-150x150.jpeg\",\"orientation\":\"landscape\"},\"medium\":{\"height\":135,\"width\":300,\"url\":\"https:\/\/vedruna.org\/wp-content\/uploads\/2026\/09\/WhatsApp-Image-2026-09-01-at-17.00.43-300x135.jpeg\",\"orientation\":\"landscape\"},\"large\":{\"height\":461,\"width\":1024,\"url\":\"https:\/\/vedruna.org\/wp-content\/uploads\/2026\/09\/WhatsApp-Image-2026-09-01-at-17.00.43-1024x461.jpeg\",\"orientation\":\"landscape\"},\"full\":{\"url\":\"https:\/\/vedruna.org\/wp-content\/uploads\/2026\/09\/WhatsApp-Image-2026-09-01-at-17.00.43.jpeg\",\"height\":921,\"width\":2048,\"orientation\":\"landscape\"}},\"imageMeta\":{\"aperture\":\"0\",\"credit\":\"\",\"camera\":\"\",\"caption\":\"\",\"created_timestamp\":\"0\",\"copyright\":\"\",\"focal_length\":\"0\",\"iso\":\"0\",\"shutter_speed\":\"0\",\"title\":\"\",\"orientation\":\"0\",\"keywords\":[],\"alt\":\"\"},\"meta\":false,\"postlink\":\"https:\/\/vedruna.org\/en\/whatsapp-image-2026-09-01-at-17-00-43\/\"},{\"id\":40046,\"title\":\"WhatsApp-Image-2026-09-01-at-17.00.45-1\",\"url\":\"https:\/\/vedruna.org\/wp-content\/uploads\/2026\/09\/WhatsApp-Image-2026-09-01-at-17.00.45-1.jpeg\",\"link\":\"https:\/\/vedruna.org\/en\/whatsapp-image-2026-09-01-at-17-00-45-1\/\",\"alt\":\"\",\"description\":\"\",\"caption\":\"\",\"mime\":\"image\/jpeg\",\"type\":\"image\",\"width\":1204,\"height\":1600,\"sizes\":{\"thumbnail\":{\"height\":150,\"width\":150,\"url\":\"https:\/\/vedruna.org\/wp-content\/uploads\/2026\/09\/WhatsApp-Image-2026-09-01-at-17.00.45-1-150x150.jpeg\",\"orientation\":\"landscape\"},\"medium\":{\"height\":300,\"width\":226,\"url\":\"https:\/\/vedruna.org\/wp-content\/uploads\/2026\/09\/WhatsApp-Image-2026-09-01-at-17.00.45-1-226x300.jpeg\",\"orientation\":\"portrait\"},\"large\":{\"height\":1024,\"width\":771,\"url\":\"https:\/\/vedruna.org\/wp-content\/uploads\/2026\/09\/WhatsApp-Image-2026-09-01-at-17.00.45-1-771x1024.jpeg\",\"orientation\":\"portrait\"},\"full\":{\"url\":\"https:\/\/vedruna.org\/wp-content\/uploads\/2026\/09\/WhatsApp-Image-2026-09-01-at-17.00.45-1.jpeg\",\"height\":1600,\"width\":1204,\"orientation\":\"portrait\"}},\"imageMeta\":{\"aperture\":\"0\",\"credit\":\"\",\"camera\":\"\",\"caption\":\"\",\"created_timestamp\":\"0\",\"copyright\":\"\",\"focal_length\":\"0\",\"iso\":\"0\",\"shutter_speed\":\"0\",\"title\":\"\",\"orientation\":\"0\",\"keywords\":[],\"alt\":\"\"},\"meta\":false,\"postlink\":\"https:\/\/vedruna.org\/en\/whatsapp-image-2026-09-01-at-17-00-45-1\/\"},{\"id\":40045,\"title\":\"WhatsApp-Image-2026-09-01-at-17.00.45-2\",\"url\":\"https:\/\/vedruna.org\/wp-content\/uploads\/2026\/09\/WhatsApp-Image-2026-09-01-at-17.00.45-2.jpeg\",\"link\":\"https:\/\/vedruna.org\/en\/whatsapp-image-2026-09-01-at-17-00-45-2\/\",\"alt\":\"\",\"description\":\"\",\"caption\":\"\",\"mime\":\"image\/jpeg\",\"type\":\"image\",\"width\":1204,\"height\":1600,\"sizes\":{\"thumbnail\":{\"height\":150,\"width\":150,\"url\":\"https:\/\/vedruna.org\/wp-content\/uploads\/2026\/09\/WhatsApp-Image-2026-09-01-at-17.00.45-2-150x150.jpeg\",\"orientation\":\"landscape\"},\"medium\":{\"height\":300,\"width\":226,\"url\":\"https:\/\/vedruna.org\/wp-content\/uploads\/2026\/09\/WhatsApp-Image-2026-09-01-at-17.00.45-2-226x300.jpeg\",\"orientation\":\"portrait\"},\"large\":{\"height\":1024,\"width\":771,\"url\":\"https:\/\/vedruna.org\/wp-content\/uploads\/2026\/09\/WhatsApp-Image-2026-09-01-at-17.00.45-2-771x1024.jpeg\",\"orientation\":\"portrait\"},\"full\":{\"url\":\"https:\/\/vedruna.org\/wp-content\/uploads\/2026\/09\/WhatsApp-Image-2026-09-01-at-17.00.45-2.jpeg\",\"height\":1600,\"width\":1204,\"orientation\":\"portrait\"}},\"imageMeta\":{\"aperture\":\"0\",\"credit\":\"\",\"camera\":\"\",\"caption\":\"\",\"created_timestamp\":\"0\",\"copyright\":\"\",\"focal_length\":\"0\",\"iso\":\"0\",\"shutter_speed\":\"0\",\"title\":\"\",\"orientation\":\"0\",\"keywords\":[],\"alt\":\"\"},\"meta\":false,\"postlink\":\"https:\/\/vedruna.org\/en\/whatsapp-image-2026-09-01-at-17-00-45-2\/\"},{\"id\":40044,\"title\":\"WhatsApp-Image-2026-09-01-at-17.00.46\",\"url\":\"https:\/\/vedruna.org\/wp-content\/uploads\/2026\/09\/WhatsApp-Image-2026-09-01-at-17.00.46.jpeg\",\"link\":\"https:\/\/vedruna.org\/en\/whatsapp-image-2026-09-01-at-17-00-46\/\",\"alt\":\"\",\"description\":\"\",\"caption\":\"\",\"mime\":\"image\/jpeg\",\"type\":\"image\",\"width\":1600,\"height\":1204,\"sizes\":{\"thumbnail\":{\"height\":150,\"width\":150,\"url\":\"https:\/\/vedruna.org\/wp-content\/uploads\/2026\/09\/WhatsApp-Image-2026-09-01-at-17.00.46-150x150.jpeg\",\"orientation\":\"landscape\"},\"medium\":{\"height\":226,\"width\":300,\"url\":\"https:\/\/vedruna.org\/wp-content\/uploads\/2026\/09\/WhatsApp-Image-2026-09-01-at-17.00.46-300x226.jpeg\",\"orientation\":\"landscape\"},\"large\":{\"height\":771,\"width\":1024,\"url\":\"https:\/\/vedruna.org\/wp-content\/uploads\/2026\/09\/WhatsApp-Image-2026-09-01-at-17.00.46-1024x771.jpeg\",\"orientation\":\"landscape\"},\"full\":{\"url\":\"https:\/\/vedruna.org\/wp-content\/uploads\/2026\/09\/WhatsApp-Image-2026-09-01-at-17.00.46.jpeg\",\"height\":1204,\"width\":1600,\"orientation\":\"landscape\"}},\"imageMeta\":{\"aperture\":\"0\",\"credit\":\"\",\"camera\":\"\",\"caption\":\"\",\"created_timestamp\":\"0\",\"copyright\":\"\",\"focal_length\":\"0\",\"iso\":\"0\",\"shutter_speed\":\"0\",\"title\":\"\",\"orientation\":\"0\",\"keywords\":[],\"alt\":\"\"},\"meta\":false,\"postlink\":\"https:\/\/vedruna.org\/en\/whatsapp-image-2026-09-01-at-17-00-46\/\"},{\"id\":40043,\"title\":\"WhatsApp-Image-2026-09-01-at-17.00.46-1\",\"url\":\"https:\/\/vedruna.org\/wp-content\/uploads\/2026\/09\/WhatsApp-Image-2026-09-01-at-17.00.46-1.jpeg\",\"link\":\"https:\/\/vedruna.org\/en\/whatsapp-image-2026-09-01-at-17-00-46-1\/\",\"alt\":\"\",\"description\":\"\",\"caption\":\"\",\"mime\":\"image\/jpeg\",\"type\":\"image\",\"width\":1600,\"height\":1204,\"sizes\":{\"thumbnail\":{\"height\":150,\"width\":150,\"url\":\"https:\/\/vedruna.org\/wp-content\/uploads\/2026\/09\/WhatsApp-Image-2026-09-01-at-17.00.46-1-150x150.jpeg\",\"orientation\":\"landscape\"},\"medium\":{\"height\":226,\"width\":300,\"url\":\"https:\/\/vedruna.org\/wp-content\/uploads\/2026\/09\/WhatsApp-Image-2026-09-01-at-17.00.46-1-300x226.jpeg\",\"orientation\":\"landscape\"},\"large\":{\"height\":771,\"width\":1024,\"url\":\"https:\/\/vedruna.org\/wp-content\/uploads\/2026\/09\/WhatsApp-Image-2026-09-01-at-17.00.46-1-1024x771.jpeg\",\"orientation\":\"landscape\"},\"full\":{\"url\":\"https:\/\/vedruna.org\/wp-content\/uploads\/2026\/09\/WhatsApp-Image-2026-09-01-at-17.00.46-1.jpeg\",\"height\":1204,\"width\":1600,\"orientation\":\"landscape\"}},\"imageMeta\":{\"aperture\":\"0\",\"credit\":\"\",\"camera\":\"\",\"caption\":\"\",\"created_timestamp\":\"0\",\"copyright\":\"\",\"focal_length\":\"0\",\"iso\":\"0\",\"shutter_speed\":\"0\",\"title\":\"\",\"orientation\":\"0\",\"keywords\":[],\"alt\":\"\"},\"meta\":false,\"postlink\":\"https:\/\/vedruna.org\/en\/whatsapp-image-2026-09-01-at-17-00-46-1\/\"},{\"id\":40042,\"title\":\"WhatsApp-Image-2026-09-01-at-17.00.46-2\",\"url\":\"https:\/\/vedruna.org\/wp-content\/uploads\/2026\/09\/WhatsApp-Image-2026-09-01-at-17.00.46-2.jpeg\",\"link\":\"https:\/\/vedruna.org\/en\/whatsapp-image-2026-09-01-at-17-00-46-2\/\",\"alt\":\"\",\"description\":\"\",\"caption\":\"\",\"mime\":\"image\/jpeg\",\"type\":\"image\",\"width\":1200,\"height\":1600,\"sizes\":{\"thumbnail\":{\"height\":150,\"width\":150,\"url\":\"https:\/\/vedruna.org\/wp-content\/uploads\/2026\/09\/WhatsApp-Image-2026-09-01-at-17.00.46-2-150x150.jpeg\",\"orientation\":\"landscape\"},\"medium\":{\"height\":300,\"width\":225,\"url\":\"https:\/\/vedruna.org\/wp-content\/uploads\/2026\/09\/WhatsApp-Image-2026-09-01-at-17.00.46-2-225x300.jpeg\",\"orientation\":\"portrait\"},\"large\":{\"height\":1024,\"width\":768,\"url\":\"https:\/\/vedruna.org\/wp-content\/uploads\/2026\/09\/WhatsApp-Image-2026-09-01-at-17.00.46-2-768x1024.jpeg\",\"orientation\":\"portrait\"},\"full\":{\"url\":\"https:\/\/vedruna.org\/wp-content\/uploads\/2026\/09\/WhatsApp-Image-2026-09-01-at-17.00.46-2.jpeg\",\"height\":1600,\"width\":1200,\"orientation\":\"portrait\"}},\"imageMeta\":{\"aperture\":\"0\",\"credit\":\"\",\"camera\":\"\",\"caption\":\"\",\"created_timestamp\":\"0\",\"copyright\":\"\",\"focal_length\":\"0\",\"iso\":\"0\",\"shutter_speed\":\"0\",\"title\":\"\",\"orientation\":\"0\",\"keywords\":[],\"alt\":\"\"},\"meta\":false,\"postlink\":\"https:\/\/vedruna.org\/en\/whatsapp-image-2026-09-01-at-17-00-46-2\/\"}],\"useClobalSettings\":true,\"shareFacebook\":false,\"shareTwitter\":false,\"sharePinterest\":false,\"sliderItemDownload\":false,\"shareCopyLink\":false,\"sliderItemCounterEnable\":false,\"sliderItemTitleFontSize\":20,\"sliderSlideshow\":false,\"sliderSocialShareEnabled\":false,\"sliderZoomEnable\":false,\"translatedWithWPMLTM\":\"1\",\"itemsMetaDataCollection\":[]}<\/script><script>(function(){if(window.PGC_SGB && window.PGC_SGB.searcher){window.PGC_SGB.searcher.initBlocks()}})()<\/script><\/div>","protected":false},"excerpt":{"rendered":"<p>El 21 d&#8217;agost de 2026 vam tenir l&#8217;oportunitat de participar al Jamboree Vocacional a la Catedral del Bon Pastor de Novaliches. La germana Nelly i jo vam estar encantades de con\u00e8ixer i compartir amb els servidors de l&#8217;altar, tant homes com dones de les diferents parr\u00f2quies de la di\u00f2cesi de Novaliches. A trav\u00e9s de la [&hellip;]<\/p>\n","protected":false},"author":21,"featured_media":40082,"comment_status":"closed","ping_status":"closed","sticky":false,"template":"","format":"standard","meta":{"_et_pb_use_builder":"","_et_pb_old_content":"","_et_gb_content_width":"","pgc_sgb_lightbox_settings":"","footnotes":""},"categories":[297],"tags":[],"class_list":["post-40087","post","type-post","status-publish","format-standard","has-post-thumbnail","hentry","category-delegacio-de-filipines"],"yoast_head":"<!-- This site is optimized with the Yoast SEO plugin v28.4 - https:\/\/yoast.com\/product\/yoast-seo-wordpress\/ -->\n<title>Llavors de vocaci\u00f3 esperant cr\u00e9ixer - Carmelitas de la Caridad Vedruna<\/title>\n<meta name=\"description\" content=\"Les germanes Vedruna a les Filipines participen en diferents esdeveniments vocacionals, presentant el nostre carisma a les dones joves.\" \/>\n<meta name=\"robots\" content=\"index, follow, max-snippet:-1, max-image-preview:large, max-video-preview:-1\" \/>\n<link rel=\"canonical\" href=\"https:\/\/vedruna.org\/ca\/llavors-de-vocacio-esperant-creixer\/\" \/>\n<meta property=\"og:locale\" content=\"ca_ES\" \/>\n<meta property=\"og:type\" content=\"article\" \/>\n<meta property=\"og:title\" content=\"Llavors de vocaci\u00f3 esperant cr\u00e9ixer - Carmelitas de la Caridad Vedruna\" \/>\n<meta property=\"og:description\" content=\"Les germanes Vedruna a les Filipines participen en diferents esdeveniments vocacionals, presentant el nostre carisma a les dones joves.\" \/>\n<meta property=\"og:url\" content=\"https:\/\/vedruna.org\/ca\/llavors-de-vocacio-esperant-creixer\/\" \/>\n<meta property=\"og:site_name\" content=\"Carmelitas de la Caridad Vedruna\" \/>\n<meta property=\"article:published_time\" content=\"2026-08-25T08:30:22+00:00\" \/>\n<meta property=\"article:modified_time\" content=\"2026-09-02T08:44:41+00:00\" \/>\n<meta property=\"og:image\" content=\"https:\/\/vedruna.org\/wp-content\/uploads\/2026\/09\/WhatsApp-Image-2026-09-01-at-17.00.46.jpeg\" \/>\n\t<meta property=\"og:image:width\" content=\"1600\" \/>\n\t<meta property=\"og:image:height\" content=\"1204\" \/>\n\t<meta property=\"og:image:type\" content=\"image\/jpeg\" \/>\n<meta name=\"author\" content=\"Maria Agustina G\u00f3mez\" \/>\n<meta name=\"twitter:card\" content=\"summary_large_image\" \/>\n<meta name=\"twitter:label1\" content=\"Escrit per\" \/>\n\t<meta name=\"twitter:data1\" content=\"Maria Agustina G\u00f3mez\" \/>\n\t<meta name=\"twitter:label2\" content=\"Temps estimat de lectura\" \/>\n\t<meta name=\"twitter:data2\" content=\"2 minuts\" \/>\n<script type=\"application\/ld+json\" class=\"yoast-schema-graph\">{\"@context\":\"https:\\\/\\\/schema.org\",\"@graph\":[{\"@type\":\"Article\",\"@id\":\"https:\\\/\\\/vedruna.org\\\/ca\\\/llavors-de-vocacio-esperant-creixer\\\/#article\",\"isPartOf\":{\"@id\":\"https:\\\/\\\/vedruna.org\\\/ca\\\/llavors-de-vocacio-esperant-creixer\\\/\"},\"author\":{\"name\":\"Maria Agustina G\u00f3mez\",\"@id\":\"https:\\\/\\\/vedruna.org\\\/ca\\\/#\\\/schema\\\/person\\\/95fe789adf27c2831fc5a049c727edf5\"},\"headline\":\"Llavors de vocaci\u00f3 esperant cr\u00e9ixer\",\"datePublished\":\"2026-08-25T08:30:22+00:00\",\"dateModified\":\"2026-09-02T08:44:41+00:00\",\"mainEntityOfPage\":{\"@id\":\"https:\\\/\\\/vedruna.org\\\/ca\\\/llavors-de-vocacio-esperant-creixer\\\/\"},\"wordCount\":315,\"publisher\":{\"@id\":\"https:\\\/\\\/vedruna.org\\\/ca\\\/#organization\"},\"image\":{\"@id\":\"https:\\\/\\\/vedruna.org\\\/ca\\\/llavors-de-vocacio-esperant-creixer\\\/#primaryimage\"},\"thumbnailUrl\":\"https:\\\/\\\/vedruna.org\\\/wp-content\\\/uploads\\\/2026\\\/09\\\/WhatsApp-Image-2026-09-01-at-17.00.46.jpeg\",\"articleSection\":[\"Delegaci\u00f3 de Filipines\"],\"inLanguage\":\"ca\"},{\"@type\":\"WebPage\",\"@id\":\"https:\\\/\\\/vedruna.org\\\/ca\\\/llavors-de-vocacio-esperant-creixer\\\/\",\"url\":\"https:\\\/\\\/vedruna.org\\\/ca\\\/llavors-de-vocacio-esperant-creixer\\\/\",\"name\":\"Llavors de vocaci\u00f3 esperant cr\u00e9ixer - Carmelitas de la Caridad Vedruna\",\"isPartOf\":{\"@id\":\"https:\\\/\\\/vedruna.org\\\/ca\\\/#website\"},\"primaryImageOfPage\":{\"@id\":\"https:\\\/\\\/vedruna.org\\\/ca\\\/llavors-de-vocacio-esperant-creixer\\\/#primaryimage\"},\"image\":{\"@id\":\"https:\\\/\\\/vedruna.org\\\/ca\\\/llavors-de-vocacio-esperant-creixer\\\/#primaryimage\"},\"thumbnailUrl\":\"https:\\\/\\\/vedruna.org\\\/wp-content\\\/uploads\\\/2026\\\/09\\\/WhatsApp-Image-2026-09-01-at-17.00.46.jpeg\",\"datePublished\":\"2026-08-25T08:30:22+00:00\",\"dateModified\":\"2026-09-02T08:44:41+00:00\",\"description\":\"Les germanes Vedruna a les Filipines participen en diferents esdeveniments vocacionals, presentant el nostre carisma a les dones joves.\",\"breadcrumb\":{\"@id\":\"https:\\\/\\\/vedruna.org\\\/ca\\\/llavors-de-vocacio-esperant-creixer\\\/#breadcrumb\"},\"inLanguage\":\"ca\",\"potentialAction\":[{\"@type\":\"ReadAction\",\"target\":[\"https:\\\/\\\/vedruna.org\\\/ca\\\/llavors-de-vocacio-esperant-creixer\\\/\"]}]},{\"@type\":\"ImageObject\",\"inLanguage\":\"ca\",\"@id\":\"https:\\\/\\\/vedruna.org\\\/ca\\\/llavors-de-vocacio-esperant-creixer\\\/#primaryimage\",\"url\":\"https:\\\/\\\/vedruna.org\\\/wp-content\\\/uploads\\\/2026\\\/09\\\/WhatsApp-Image-2026-09-01-at-17.00.46.jpeg\",\"contentUrl\":\"https:\\\/\\\/vedruna.org\\\/wp-content\\\/uploads\\\/2026\\\/09\\\/WhatsApp-Image-2026-09-01-at-17.00.46.jpeg\",\"width\":1600,\"height\":1204},{\"@type\":\"BreadcrumbList\",\"@id\":\"https:\\\/\\\/vedruna.org\\\/ca\\\/llavors-de-vocacio-esperant-creixer\\\/#breadcrumb\",\"itemListElement\":[{\"@type\":\"ListItem\",\"position\":1,\"name\":\"Portada\",\"item\":\"https:\\\/\\\/vedruna.org\\\/ca\\\/\"},{\"@type\":\"ListItem\",\"position\":2,\"name\":\"Llavors de vocaci\u00f3 esperant cr\u00e9ixer\"}]},{\"@type\":\"WebSite\",\"@id\":\"https:\\\/\\\/vedruna.org\\\/ca\\\/#website\",\"url\":\"https:\\\/\\\/vedruna.org\\\/ca\\\/\",\"name\":\"Carmelitas de la Caridad Vedruna\",\"description\":\"Carmelitas de la caridad\",\"publisher\":{\"@id\":\"https:\\\/\\\/vedruna.org\\\/ca\\\/#organization\"},\"potentialAction\":[{\"@type\":\"SearchAction\",\"target\":{\"@type\":\"EntryPoint\",\"urlTemplate\":\"https:\\\/\\\/vedruna.org\\\/ca\\\/?s={search_term_string}\"},\"query-input\":{\"@type\":\"PropertyValueSpecification\",\"valueRequired\":true,\"valueName\":\"search_term_string\"}}],\"inLanguage\":\"ca\"},{\"@type\":\"Organization\",\"@id\":\"https:\\\/\\\/vedruna.org\\\/ca\\\/#organization\",\"name\":\"Carmelitas de la caridad Vedruna\",\"url\":\"https:\\\/\\\/vedruna.org\\\/ca\\\/\",\"logo\":{\"@type\":\"ImageObject\",\"inLanguage\":\"ca\",\"@id\":\"https:\\\/\\\/vedruna.org\\\/ca\\\/#\\\/schema\\\/logo\\\/image\\\/\",\"url\":\"https:\\\/\\\/vedruna.org\\\/wp-content\\\/uploads\\\/2022\\\/04\\\/LOGO-VEDRUNA-HORIZONTAL.png\",\"contentUrl\":\"https:\\\/\\\/vedruna.org\\\/wp-content\\\/uploads\\\/2022\\\/04\\\/LOGO-VEDRUNA-HORIZONTAL.png\",\"width\":1200,\"height\":463,\"caption\":\"Carmelitas de la caridad Vedruna\"},\"image\":{\"@id\":\"https:\\\/\\\/vedruna.org\\\/ca\\\/#\\\/schema\\\/logo\\\/image\\\/\"}},{\"@type\":\"Person\",\"@id\":\"https:\\\/\\\/vedruna.org\\\/ca\\\/#\\\/schema\\\/person\\\/95fe789adf27c2831fc5a049c727edf5\",\"name\":\"Maria Agustina G\u00f3mez\",\"image\":{\"@type\":\"ImageObject\",\"inLanguage\":\"ca\",\"@id\":\"https:\\\/\\\/secure.gravatar.com\\\/avatar\\\/8af3ece86571c098b978434bbc43b948c403c1ae191f09a04e94f916638ceb2c?s=96&d=mm&r=g\",\"url\":\"https:\\\/\\\/secure.gravatar.com\\\/avatar\\\/8af3ece86571c098b978434bbc43b948c403c1ae191f09a04e94f916638ceb2c?s=96&d=mm&r=g\",\"contentUrl\":\"https:\\\/\\\/secure.gravatar.com\\\/avatar\\\/8af3ece86571c098b978434bbc43b948c403c1ae191f09a04e94f916638ceb2c?s=96&d=mm&r=g\",\"caption\":\"Maria Agustina G\u00f3mez\"},\"url\":\"https:\\\/\\\/vedruna.org\\\/ca\\\/author\\\/agustina-gomez\\\/\"}]}<\/script>\n<!-- \/ Yoast SEO plugin. -->","yoast_head_json":{"title":"Llavors de vocaci\u00f3 esperant cr\u00e9ixer - Carmelitas de la Caridad Vedruna","description":"Les germanes Vedruna a les Filipines participen en diferents esdeveniments vocacionals, presentant el nostre carisma a les dones joves.","robots":{"index":"index","follow":"follow","max-snippet":"max-snippet:-1","max-image-preview":"max-image-preview:large","max-video-preview":"max-video-preview:-1"},"canonical":"https:\/\/vedruna.org\/ca\/llavors-de-vocacio-esperant-creixer\/","og_locale":"ca_ES","og_type":"article","og_title":"Llavors de vocaci\u00f3 esperant cr\u00e9ixer - Carmelitas de la Caridad Vedruna","og_description":"Les germanes Vedruna a les Filipines participen en diferents esdeveniments vocacionals, presentant el nostre carisma a les dones joves.","og_url":"https:\/\/vedruna.org\/ca\/llavors-de-vocacio-esperant-creixer\/","og_site_name":"Carmelitas de la Caridad Vedruna","article_published_time":"2026-08-25T08:30:22+00:00","article_modified_time":"2026-09-02T08:44:41+00:00","og_image":[{"width":1600,"height":1204,"url":"https:\/\/vedruna.org\/wp-content\/uploads\/2026\/09\/WhatsApp-Image-2026-09-01-at-17.00.46.jpeg","type":"image\/jpeg"}],"author":"Maria Agustina G\u00f3mez","twitter_card":"summary_large_image","twitter_misc":{"Escrit per":"Maria Agustina G\u00f3mez","Temps estimat de lectura":"2 minuts"},"schema":{"@context":"https:\/\/schema.org","@graph":[{"@type":"Article","@id":"https:\/\/vedruna.org\/ca\/llavors-de-vocacio-esperant-creixer\/#article","isPartOf":{"@id":"https:\/\/vedruna.org\/ca\/llavors-de-vocacio-esperant-creixer\/"},"author":{"name":"Maria Agustina G\u00f3mez","@id":"https:\/\/vedruna.org\/ca\/#\/schema\/person\/95fe789adf27c2831fc5a049c727edf5"},"headline":"Llavors de vocaci\u00f3 esperant cr\u00e9ixer","datePublished":"2026-08-25T08:30:22+00:00","dateModified":"2026-09-02T08:44:41+00:00","mainEntityOfPage":{"@id":"https:\/\/vedruna.org\/ca\/llavors-de-vocacio-esperant-creixer\/"},"wordCount":315,"publisher":{"@id":"https:\/\/vedruna.org\/ca\/#organization"},"image":{"@id":"https:\/\/vedruna.org\/ca\/llavors-de-vocacio-esperant-creixer\/#primaryimage"},"thumbnailUrl":"https:\/\/vedruna.org\/wp-content\/uploads\/2026\/09\/WhatsApp-Image-2026-09-01-at-17.00.46.jpeg","articleSection":["Delegaci\u00f3 de Filipines"],"inLanguage":"ca"},{"@type":"WebPage","@id":"https:\/\/vedruna.org\/ca\/llavors-de-vocacio-esperant-creixer\/","url":"https:\/\/vedruna.org\/ca\/llavors-de-vocacio-esperant-creixer\/","name":"Llavors de vocaci\u00f3 esperant cr\u00e9ixer - Carmelitas de la Caridad Vedruna","isPartOf":{"@id":"https:\/\/vedruna.org\/ca\/#website"},"primaryImageOfPage":{"@id":"https:\/\/vedruna.org\/ca\/llavors-de-vocacio-esperant-creixer\/#primaryimage"},"image":{"@id":"https:\/\/vedruna.org\/ca\/llavors-de-vocacio-esperant-creixer\/#primaryimage"},"thumbnailUrl":"https:\/\/vedruna.org\/wp-content\/uploads\/2026\/09\/WhatsApp-Image-2026-09-01-at-17.00.46.jpeg","datePublished":"2026-08-25T08:30:22+00:00","dateModified":"2026-09-02T08:44:41+00:00","description":"Les germanes Vedruna a les Filipines participen en diferents esdeveniments vocacionals, presentant el nostre carisma a les dones joves.","breadcrumb":{"@id":"https:\/\/vedruna.org\/ca\/llavors-de-vocacio-esperant-creixer\/#breadcrumb"},"inLanguage":"ca","potentialAction":[{"@type":"ReadAction","target":["https:\/\/vedruna.org\/ca\/llavors-de-vocacio-esperant-creixer\/"]}]},{"@type":"ImageObject","inLanguage":"ca","@id":"https:\/\/vedruna.org\/ca\/llavors-de-vocacio-esperant-creixer\/#primaryimage","url":"https:\/\/vedruna.org\/wp-content\/uploads\/2026\/09\/WhatsApp-Image-2026-09-01-at-17.00.46.jpeg","contentUrl":"https:\/\/vedruna.org\/wp-content\/uploads\/2026\/09\/WhatsApp-Image-2026-09-01-at-17.00.46.jpeg","width":1600,"height":1204},{"@type":"BreadcrumbList","@id":"https:\/\/vedruna.org\/ca\/llavors-de-vocacio-esperant-creixer\/#breadcrumb","itemListElement":[{"@type":"ListItem","position":1,"name":"Portada","item":"https:\/\/vedruna.org\/ca\/"},{"@type":"ListItem","position":2,"name":"Llavors de vocaci\u00f3 esperant cr\u00e9ixer"}]},{"@type":"WebSite","@id":"https:\/\/vedruna.org\/ca\/#website","url":"https:\/\/vedruna.org\/ca\/","name":"Carmelitas de la Caridad Vedruna","description":"Carmelitas de la caridad","publisher":{"@id":"https:\/\/vedruna.org\/ca\/#organization"},"potentialAction":[{"@type":"SearchAction","target":{"@type":"EntryPoint","urlTemplate":"https:\/\/vedruna.org\/ca\/?s={search_term_string}"},"query-input":{"@type":"PropertyValueSpecification","valueRequired":true,"valueName":"search_term_string"}}],"inLanguage":"ca"},{"@type":"Organization","@id":"https:\/\/vedruna.org\/ca\/#organization","name":"Carmelitas de la caridad Vedruna","url":"https:\/\/vedruna.org\/ca\/","logo":{"@type":"ImageObject","inLanguage":"ca","@id":"https:\/\/vedruna.org\/ca\/#\/schema\/logo\/image\/","url":"https:\/\/vedruna.org\/wp-content\/uploads\/2022\/04\/LOGO-VEDRUNA-HORIZONTAL.png","contentUrl":"https:\/\/vedruna.org\/wp-content\/uploads\/2022\/04\/LOGO-VEDRUNA-HORIZONTAL.png","width":1200,"height":463,"caption":"Carmelitas de la caridad Vedruna"},"image":{"@id":"https:\/\/vedruna.org\/ca\/#\/schema\/logo\/image\/"}},{"@type":"Person","@id":"https:\/\/vedruna.org\/ca\/#\/schema\/person\/95fe789adf27c2831fc5a049c727edf5","name":"Maria Agustina G\u00f3mez","image":{"@type":"ImageObject","inLanguage":"ca","@id":"https:\/\/secure.gravatar.com\/avatar\/8af3ece86571c098b978434bbc43b948c403c1ae191f09a04e94f916638ceb2c?s=96&d=mm&r=g","url":"https:\/\/secure.gravatar.com\/avatar\/8af3ece86571c098b978434bbc43b948c403c1ae191f09a04e94f916638ceb2c?s=96&d=mm&r=g","contentUrl":"https:\/\/secure.gravatar.com\/avatar\/8af3ece86571c098b978434bbc43b948c403c1ae191f09a04e94f916638ceb2c?s=96&d=mm&r=g","caption":"Maria Agustina G\u00f3mez"},"url":"https:\/\/vedruna.org\/ca\/author\/agustina-gomez\/"}]}},"_links":{"self":[{"href":"https:\/\/vedruna.org\/ca\/wp-json\/wp\/v2\/posts\/40087","targetHints":{"allow":["GET"]}}],"collection":[{"href":"https:\/\/vedruna.org\/ca\/wp-json\/wp\/v2\/posts"}],"about":[{"href":"https:\/\/vedruna.org\/ca\/wp-json\/wp\/v2\/types\/post"}],"author":[{"embeddable":true,"href":"https:\/\/vedruna.org\/ca\/wp-json\/wp\/v2\/users\/21"}],"replies":[{"embeddable":true,"href":"https:\/\/vedruna.org\/ca\/wp-json\/wp\/v2\/comments?post=40087"}],"version-history":[{"count":1,"href":"https:\/\/vedruna.org\/ca\/wp-json\/wp\/v2\/posts\/40087\/revisions"}],"predecessor-version":[{"id":40088,"href":"https:\/\/vedruna.org\/ca\/wp-json\/wp\/v2\/posts\/40087\/revisions\/40088"}],"wp:featuredmedia":[{"embeddable":true,"href":"https:\/\/vedruna.org\/ca\/wp-json\/wp\/v2\/media\/40082"}],"wp:attachment":[{"href":"https:\/\/vedruna.org\/ca\/wp-json\/wp\/v2\/media?parent=40087"}],"wp:term":[{"taxonomy":"category","embeddable":true,"href":"https:\/\/vedruna.org\/ca\/wp-json\/wp\/v2\/categories?post=40087"},{"taxonomy":"post_tag","embeddable":true,"href":"https:\/\/vedruna.org\/ca\/wp-json\/wp\/v2\/tags?post=40087"}],"curies":[{"name":"wp","href":"https:\/\/api.w.org\/{rel}","templated":true}]}}