{"id":40100,"date":"2026-08-29T10:44:34","date_gmt":"2026-08-29T08:44:34","guid":{"rendered":"https:\/\/vedruna.org\/a-labracada-de-la-llar-de-la-nostra-mare\/"},"modified":"2026-09-02T15:47:45","modified_gmt":"2026-09-02T13:47:45","slug":"a-labracada-de-la-llar-de-la-nostra-mare","status":"publish","type":"post","link":"https:\/\/vedruna.org\/ca\/a-labracada-de-la-llar-de-la-nostra-mare\/","title":{"rendered":"A l&#8217;abra\u00e7ada de la llar de la nostra mare"},"content":{"rendered":"\n<p class=\"wp-block-paragraph\">Va ser una de les celebracions del Bicentenari m\u00e9s alegres i gratificants, que reflectia fidelment l&#8217;esperit i els sentiments del Manso Escorial de 1826.<\/p>\n\n<p class=\"wp-block-paragraph\">La comunitat Vedruna d&#8217;Oshiwara \u00e9s una llar plena d&#8217;amor per a 23 noies sense llar que han estat rescatades dels carrers. Durant els darrers 29 anys, hem estat col\u00b7laborant en aquesta missi\u00f3 jesu\u00efta de proporcionar una llar a les persones sense llar, un comprom\u00eds que continua les 24 hores del dia, amb amor, cura i dedicaci\u00f3. <\/p>\n\n<p class=\"wp-block-paragraph\">L&#8217;alegria d&#8217;aquestes 23 noies va ser incommensurable mentre es preparaven per celebrar aquest dia especial amb les germanes i altres convidats. Els nens de la casa propera, atesos per les Germanes de Santa Anna, tamb\u00e9 es van unir a nosaltres per a la celebraci\u00f3 eucar\u00edstica, que va ser concelebrada pel director del Centre, el P. Francis Fernandes, SJ.  <\/p>\n\n<p class=\"wp-block-paragraph\">La pres\u00e8ncia i les paraules d&#8217;agra\u00efment de la germana Daisy van ser molt valorades per la comunitat i van servir com una gran font d&#8217;\u00e0nim i motivaci\u00f3 per a la comunitat d&#8217;Oshiwara. <\/p>\n\n<p class=\"wp-block-paragraph\">Que Santa Joaquina ens inspiri i ens doni la for\u00e7a i el zel per mantenir aquests nens a prop dels nostres cors, abra\u00e7ant-los amb compassi\u00f3, amor i tendresa.<\/p>\n\n<p class=\"has-text-align-right wp-block-paragraph\"><strong>Sor Sulochana Gamit, ccv <\/strong><\/p>\n<div class=\"pgc-sgb-cb wp-block-pgcsimplygalleryblock-justified \" data-gallery-id=\"38c78725\"><div class=\"sgb-preloader\" id=\"pr_38c78725\">\n\t<div class=\"sgb-square\" style=\"background:#d4d4d4\"><\/div>\n\t<div class=\"sgb-square\" style=\"background:#d4d4d4\"><\/div>\n\t<div class=\"sgb-square\" style=\"background:#d4d4d4\"><\/div>\n\t<div class=\"sgb-square\" style=\"background:#d4d4d4\"><\/div><\/div><div class=\"simply-gallery-amp pgc_sgb_slider \"><noscript><div class=\"sgb-gallery\"><div class=\"sgb-item\"><a href=\"https:\/\/vedruna.org\/en\/oshiwara\/\" target=\"_blank\"><img decoding=\"async\" alt=\"\" width=\"300\" height=\"160\" loading=\"lazy\" src=\"https:\/\/vedruna.org\/wp-content\/uploads\/2026\/09\/Oshiwara-300x160.jpg\" srcset=\"https:\/\/vedruna.org\/wp-content\/uploads\/2026\/09\/Oshiwara-300x160.jpg 300w,https:\/\/vedruna.org\/wp-content\/uploads\/2026\/09\/Oshiwara-1024x546.jpg 1024w,https:\/\/vedruna.org\/wp-content\/uploads\/2026\/09\/Oshiwara.jpg 1920w\" sizes=\"250px\"\/><\/a><\/div><div class=\"sgb-item\"><a href=\"https:\/\/vedruna.org\/en\/oshiwara-1\/\" target=\"_blank\"><img decoding=\"async\" alt=\"\" width=\"300\" height=\"156\" loading=\"lazy\" src=\"https:\/\/vedruna.org\/wp-content\/uploads\/2026\/09\/Oshiwara-1-300x156.jpg\" srcset=\"https:\/\/vedruna.org\/wp-content\/uploads\/2026\/09\/Oshiwara-1-300x156.jpg 300w,https:\/\/vedruna.org\/wp-content\/uploads\/2026\/09\/Oshiwara-1-1024x534.jpg 1024w,https:\/\/vedruna.org\/wp-content\/uploads\/2026\/09\/Oshiwara-1-scaled.jpg 2560w\" sizes=\"250px\"\/><\/a><\/div><\/div><\/noscript><\/div><script type=\"application\/json\" class=\"sgb-data\">{\"lastRowFill\":true,\"externalLink\":false,\"captions\":false,\"collectionThumbSubMenuDownload\":false,\"collectionThumbSubMenuShare\":false,\"galleryType\":\"pgc_sgb_justified\",\"galleryId\":\"38c78725\",\"images\":[{\"id\":40065,\"title\":\"Oshiwara\",\"url\":\"https:\/\/vedruna.org\/wp-content\/uploads\/2026\/09\/Oshiwara.jpg\",\"link\":\"https:\/\/vedruna.org\/en\/oshiwara\/\",\"alt\":\"\",\"description\":\"\",\"caption\":\"\",\"mime\":\"image\/jpeg\",\"type\":\"image\",\"width\":1920,\"height\":1024,\"sizes\":{\"thumbnail\":{\"height\":150,\"width\":150,\"url\":\"https:\/\/vedruna.org\/wp-content\/uploads\/2026\/09\/Oshiwara-150x150.jpg\",\"orientation\":\"landscape\"},\"medium\":{\"height\":160,\"width\":300,\"url\":\"https:\/\/vedruna.org\/wp-content\/uploads\/2026\/09\/Oshiwara-300x160.jpg\",\"orientation\":\"landscape\"},\"large\":{\"height\":546,\"width\":1024,\"url\":\"https:\/\/vedruna.org\/wp-content\/uploads\/2026\/09\/Oshiwara-1024x546.jpg\",\"orientation\":\"landscape\"},\"full\":{\"url\":\"https:\/\/vedruna.org\/wp-content\/uploads\/2026\/09\/Oshiwara.jpg\",\"height\":1024,\"width\":1920,\"orientation\":\"landscape\"}},\"imageMeta\":{\"aperture\":\"1.65\",\"credit\":\"\",\"camera\":\"22101316UP\",\"caption\":\"\",\"created_timestamp\":\"1788117180\",\"copyright\":\"\",\"focal_length\":\"6.14\",\"iso\":\"4963\",\"shutter_speed\":\"0.009997\",\"title\":\"\",\"orientation\":\"1\",\"keywords\":[],\"alt\":\"\"},\"meta\":false,\"postlink\":\"https:\/\/vedruna.org\/en\/oshiwara\/\"},{\"id\":40064,\"title\":\"Oshiwara-1\",\"url\":\"https:\/\/vedruna.org\/wp-content\/uploads\/2026\/09\/Oshiwara-1-scaled.jpg\",\"link\":\"https:\/\/vedruna.org\/en\/oshiwara-1\/\",\"alt\":\"\",\"description\":\"\",\"caption\":\"\",\"mime\":\"image\/jpeg\",\"type\":\"image\",\"width\":2560,\"height\":1335,\"sizes\":{\"thumbnail\":{\"height\":150,\"width\":150,\"url\":\"https:\/\/vedruna.org\/wp-content\/uploads\/2026\/09\/Oshiwara-1-150x150.jpg\",\"orientation\":\"landscape\"},\"medium\":{\"height\":156,\"width\":300,\"url\":\"https:\/\/vedruna.org\/wp-content\/uploads\/2026\/09\/Oshiwara-1-300x156.jpg\",\"orientation\":\"landscape\"},\"large\":{\"height\":534,\"width\":1024,\"url\":\"https:\/\/vedruna.org\/wp-content\/uploads\/2026\/09\/Oshiwara-1-1024x534.jpg\",\"orientation\":\"landscape\"},\"full\":{\"url\":\"https:\/\/vedruna.org\/wp-content\/uploads\/2026\/09\/Oshiwara-1-scaled.jpg\",\"height\":1335,\"width\":2560,\"orientation\":\"landscape\"}},\"imageMeta\":{\"aperture\":\"1.65\",\"credit\":\"\",\"camera\":\"22101316UP\",\"caption\":\"\",\"created_timestamp\":\"1788121462\",\"copyright\":\"\",\"focal_length\":\"6.14\",\"iso\":\"1284\",\"shutter_speed\":\"0.030009\",\"title\":\"\",\"orientation\":\"1\",\"keywords\":[],\"alt\":\"\"},\"meta\":false,\"postlink\":\"https:\/\/vedruna.org\/en\/oshiwara-1\/\"}],\"useClobalSettings\":true,\"shareFacebook\":false,\"shareTwitter\":false,\"sharePinterest\":false,\"sliderItemDownload\":false,\"shareCopyLink\":false,\"sliderItemCounterEnable\":false,\"sliderItemTitleFontSize\":20,\"sliderSlideshow\":false,\"sliderSocialShareEnabled\":false,\"sliderZoomEnable\":false,\"translatedWithWPMLTM\":\"1\",\"itemsMetaDataCollection\":[]}<\/script><script>(function(){if(window.PGC_SGB && window.PGC_SGB.searcher){window.PGC_SGB.searcher.initBlocks()}})()<\/script><\/div>","protected":false},"excerpt":{"rendered":"<p>Va ser una de les celebracions del Bicentenari m\u00e9s alegres i gratificants, que reflectia fidelment l&#8217;esperit i els sentiments del Manso Escorial de 1826. La comunitat Vedruna d&#8217;Oshiwara \u00e9s una llar plena d&#8217;amor per a 23 noies sense llar que han estat rescatades dels carrers. Durant els darrers 29 anys, hem estat col\u00b7laborant en aquesta [&hellip;]<\/p>\n","protected":false},"author":21,"featured_media":40099,"comment_status":"closed","ping_status":"closed","sticky":false,"template":"","format":"standard","meta":{"_et_pb_use_builder":"","_et_pb_old_content":"","_et_gb_content_width":"","pgc_sgb_lightbox_settings":"","footnotes":""},"categories":[584,570,282],"tags":[],"class_list":["post-40100","post","type-post","status-publish","format-standard","has-post-thumbnail","hentry","category-bicentenari-de-lindia","category-bicentenari-india","category-provincia-dindia"],"yoast_head":"<!-- This site is optimized with the Yoast SEO plugin v28.4 - https:\/\/yoast.com\/product\/yoast-seo-wordpress\/ -->\n<title>A l&#039;abra\u00e7ada de la llar de la nostra mare - Carmelitas de la Caridad Vedruna<\/title>\n<meta name=\"description\" content=\"La comunitat d&#039;Oshiwara celebra el bicentenari de Vedruna amb les seves 23 nenes, nens de la casa propera i germanes.\" \/>\n<meta name=\"robots\" content=\"index, follow, max-snippet:-1, max-image-preview:large, max-video-preview:-1\" \/>\n<link rel=\"canonical\" href=\"https:\/\/vedruna.org\/ca\/a-labracada-de-la-llar-de-la-nostra-mare\/\" \/>\n<meta property=\"og:locale\" content=\"ca_ES\" \/>\n<meta property=\"og:type\" content=\"article\" \/>\n<meta property=\"og:title\" content=\"A l&#039;abra\u00e7ada de la llar de la nostra mare - Carmelitas de la Caridad Vedruna\" \/>\n<meta property=\"og:description\" content=\"La comunitat d&#039;Oshiwara celebra el bicentenari de Vedruna amb les seves 23 nenes, nens de la casa propera i germanes.\" \/>\n<meta property=\"og:url\" content=\"https:\/\/vedruna.org\/ca\/a-labracada-de-la-llar-de-la-nostra-mare\/\" \/>\n<meta property=\"og:site_name\" content=\"Carmelitas de la Caridad Vedruna\" \/>\n<meta property=\"article:published_time\" content=\"2026-08-29T08:44:34+00:00\" \/>\n<meta property=\"article:modified_time\" content=\"2026-09-02T13:47:45+00:00\" \/>\n<meta property=\"og:image\" content=\"https:\/\/vedruna.org\/wp-content\/uploads\/2026\/09\/Oshiwara-1-scaled.jpg\" \/>\n\t<meta property=\"og:image:width\" content=\"2560\" \/>\n\t<meta property=\"og:image:height\" content=\"1335\" \/>\n\t<meta property=\"og:image:type\" content=\"image\/jpeg\" \/>\n<meta name=\"author\" content=\"Maria Agustina G\u00f3mez\" \/>\n<meta name=\"twitter:card\" content=\"summary_large_image\" \/>\n<meta name=\"twitter:label1\" content=\"Escrit per\" \/>\n\t<meta name=\"twitter:data1\" content=\"Maria Agustina G\u00f3mez\" \/>\n\t<meta name=\"twitter:label2\" content=\"Temps estimat de lectura\" \/>\n\t<meta name=\"twitter:data2\" content=\"1 minut\" \/>\n<script type=\"application\/ld+json\" class=\"yoast-schema-graph\">{\"@context\":\"https:\\\/\\\/schema.org\",\"@graph\":[{\"@type\":\"Article\",\"@id\":\"https:\\\/\\\/vedruna.org\\\/ca\\\/a-labracada-de-la-llar-de-la-nostra-mare\\\/#article\",\"isPartOf\":{\"@id\":\"https:\\\/\\\/vedruna.org\\\/ca\\\/a-labracada-de-la-llar-de-la-nostra-mare\\\/\"},\"author\":{\"name\":\"Maria Agustina G\u00f3mez\",\"@id\":\"https:\\\/\\\/vedruna.org\\\/ca\\\/#\\\/schema\\\/person\\\/95fe789adf27c2831fc5a049c727edf5\"},\"headline\":\"A l&#8217;abra\u00e7ada de la llar de la nostra mare\",\"datePublished\":\"2026-08-29T08:44:34+00:00\",\"dateModified\":\"2026-09-02T13:47:45+00:00\",\"mainEntityOfPage\":{\"@id\":\"https:\\\/\\\/vedruna.org\\\/ca\\\/a-labracada-de-la-llar-de-la-nostra-mare\\\/\"},\"wordCount\":225,\"publisher\":{\"@id\":\"https:\\\/\\\/vedruna.org\\\/ca\\\/#organization\"},\"image\":{\"@id\":\"https:\\\/\\\/vedruna.org\\\/ca\\\/a-labracada-de-la-llar-de-la-nostra-mare\\\/#primaryimage\"},\"thumbnailUrl\":\"https:\\\/\\\/vedruna.org\\\/wp-content\\\/uploads\\\/2026\\\/09\\\/Oshiwara-1-scaled.jpg\",\"articleSection\":[\"Bicentenari de l'\u00cdndia\",\"Bicentenari \u00cdndia\",\"Prov\u00edncia d'\u00cdndia\"],\"inLanguage\":\"ca\"},{\"@type\":\"WebPage\",\"@id\":\"https:\\\/\\\/vedruna.org\\\/ca\\\/a-labracada-de-la-llar-de-la-nostra-mare\\\/\",\"url\":\"https:\\\/\\\/vedruna.org\\\/ca\\\/a-labracada-de-la-llar-de-la-nostra-mare\\\/\",\"name\":\"A l'abra\u00e7ada de la llar de la nostra mare - Carmelitas de la Caridad Vedruna\",\"isPartOf\":{\"@id\":\"https:\\\/\\\/vedruna.org\\\/ca\\\/#website\"},\"primaryImageOfPage\":{\"@id\":\"https:\\\/\\\/vedruna.org\\\/ca\\\/a-labracada-de-la-llar-de-la-nostra-mare\\\/#primaryimage\"},\"image\":{\"@id\":\"https:\\\/\\\/vedruna.org\\\/ca\\\/a-labracada-de-la-llar-de-la-nostra-mare\\\/#primaryimage\"},\"thumbnailUrl\":\"https:\\\/\\\/vedruna.org\\\/wp-content\\\/uploads\\\/2026\\\/09\\\/Oshiwara-1-scaled.jpg\",\"datePublished\":\"2026-08-29T08:44:34+00:00\",\"dateModified\":\"2026-09-02T13:47:45+00:00\",\"description\":\"La comunitat d'Oshiwara celebra el bicentenari de Vedruna amb les seves 23 nenes, nens de la casa propera i germanes.\",\"breadcrumb\":{\"@id\":\"https:\\\/\\\/vedruna.org\\\/ca\\\/a-labracada-de-la-llar-de-la-nostra-mare\\\/#breadcrumb\"},\"inLanguage\":\"ca\",\"potentialAction\":[{\"@type\":\"ReadAction\",\"target\":[\"https:\\\/\\\/vedruna.org\\\/ca\\\/a-labracada-de-la-llar-de-la-nostra-mare\\\/\"]}]},{\"@type\":\"ImageObject\",\"inLanguage\":\"ca\",\"@id\":\"https:\\\/\\\/vedruna.org\\\/ca\\\/a-labracada-de-la-llar-de-la-nostra-mare\\\/#primaryimage\",\"url\":\"https:\\\/\\\/vedruna.org\\\/wp-content\\\/uploads\\\/2026\\\/09\\\/Oshiwara-1-scaled.jpg\",\"contentUrl\":\"https:\\\/\\\/vedruna.org\\\/wp-content\\\/uploads\\\/2026\\\/09\\\/Oshiwara-1-scaled.jpg\",\"width\":2560,\"height\":1335},{\"@type\":\"BreadcrumbList\",\"@id\":\"https:\\\/\\\/vedruna.org\\\/ca\\\/a-labracada-de-la-llar-de-la-nostra-mare\\\/#breadcrumb\",\"itemListElement\":[{\"@type\":\"ListItem\",\"position\":1,\"name\":\"Portada\",\"item\":\"https:\\\/\\\/vedruna.org\\\/ca\\\/\"},{\"@type\":\"ListItem\",\"position\":2,\"name\":\"A l&#8217;abra\u00e7ada de la llar de la nostra mare\"}]},{\"@type\":\"WebSite\",\"@id\":\"https:\\\/\\\/vedruna.org\\\/ca\\\/#website\",\"url\":\"https:\\\/\\\/vedruna.org\\\/ca\\\/\",\"name\":\"Carmelitas de la Caridad Vedruna\",\"description\":\"Carmelitas de la caridad\",\"publisher\":{\"@id\":\"https:\\\/\\\/vedruna.org\\\/ca\\\/#organization\"},\"potentialAction\":[{\"@type\":\"SearchAction\",\"target\":{\"@type\":\"EntryPoint\",\"urlTemplate\":\"https:\\\/\\\/vedruna.org\\\/ca\\\/?s={search_term_string}\"},\"query-input\":{\"@type\":\"PropertyValueSpecification\",\"valueRequired\":true,\"valueName\":\"search_term_string\"}}],\"inLanguage\":\"ca\"},{\"@type\":\"Organization\",\"@id\":\"https:\\\/\\\/vedruna.org\\\/ca\\\/#organization\",\"name\":\"Carmelitas de la caridad Vedruna\",\"url\":\"https:\\\/\\\/vedruna.org\\\/ca\\\/\",\"logo\":{\"@type\":\"ImageObject\",\"inLanguage\":\"ca\",\"@id\":\"https:\\\/\\\/vedruna.org\\\/ca\\\/#\\\/schema\\\/logo\\\/image\\\/\",\"url\":\"https:\\\/\\\/vedruna.org\\\/wp-content\\\/uploads\\\/2022\\\/04\\\/LOGO-VEDRUNA-HORIZONTAL.png\",\"contentUrl\":\"https:\\\/\\\/vedruna.org\\\/wp-content\\\/uploads\\\/2022\\\/04\\\/LOGO-VEDRUNA-HORIZONTAL.png\",\"width\":1200,\"height\":463,\"caption\":\"Carmelitas de la caridad Vedruna\"},\"image\":{\"@id\":\"https:\\\/\\\/vedruna.org\\\/ca\\\/#\\\/schema\\\/logo\\\/image\\\/\"}},{\"@type\":\"Person\",\"@id\":\"https:\\\/\\\/vedruna.org\\\/ca\\\/#\\\/schema\\\/person\\\/95fe789adf27c2831fc5a049c727edf5\",\"name\":\"Maria Agustina G\u00f3mez\",\"image\":{\"@type\":\"ImageObject\",\"inLanguage\":\"ca\",\"@id\":\"https:\\\/\\\/secure.gravatar.com\\\/avatar\\\/8af3ece86571c098b978434bbc43b948c403c1ae191f09a04e94f916638ceb2c?s=96&d=mm&r=g\",\"url\":\"https:\\\/\\\/secure.gravatar.com\\\/avatar\\\/8af3ece86571c098b978434bbc43b948c403c1ae191f09a04e94f916638ceb2c?s=96&d=mm&r=g\",\"contentUrl\":\"https:\\\/\\\/secure.gravatar.com\\\/avatar\\\/8af3ece86571c098b978434bbc43b948c403c1ae191f09a04e94f916638ceb2c?s=96&d=mm&r=g\",\"caption\":\"Maria Agustina G\u00f3mez\"},\"url\":\"https:\\\/\\\/vedruna.org\\\/ca\\\/author\\\/agustina-gomez\\\/\"}]}<\/script>\n<!-- \/ Yoast SEO plugin. -->","yoast_head_json":{"title":"A l'abra\u00e7ada de la llar de la nostra mare - Carmelitas de la Caridad Vedruna","description":"La comunitat d'Oshiwara celebra el bicentenari de Vedruna amb les seves 23 nenes, nens de la casa propera i germanes.","robots":{"index":"index","follow":"follow","max-snippet":"max-snippet:-1","max-image-preview":"max-image-preview:large","max-video-preview":"max-video-preview:-1"},"canonical":"https:\/\/vedruna.org\/ca\/a-labracada-de-la-llar-de-la-nostra-mare\/","og_locale":"ca_ES","og_type":"article","og_title":"A l'abra\u00e7ada de la llar de la nostra mare - Carmelitas de la Caridad Vedruna","og_description":"La comunitat d'Oshiwara celebra el bicentenari de Vedruna amb les seves 23 nenes, nens de la casa propera i germanes.","og_url":"https:\/\/vedruna.org\/ca\/a-labracada-de-la-llar-de-la-nostra-mare\/","og_site_name":"Carmelitas de la Caridad Vedruna","article_published_time":"2026-08-29T08:44:34+00:00","article_modified_time":"2026-09-02T13:47:45+00:00","og_image":[{"width":2560,"height":1335,"url":"https:\/\/vedruna.org\/wp-content\/uploads\/2026\/09\/Oshiwara-1-scaled.jpg","type":"image\/jpeg"}],"author":"Maria Agustina G\u00f3mez","twitter_card":"summary_large_image","twitter_misc":{"Escrit per":"Maria Agustina G\u00f3mez","Temps estimat de lectura":"1 minut"},"schema":{"@context":"https:\/\/schema.org","@graph":[{"@type":"Article","@id":"https:\/\/vedruna.org\/ca\/a-labracada-de-la-llar-de-la-nostra-mare\/#article","isPartOf":{"@id":"https:\/\/vedruna.org\/ca\/a-labracada-de-la-llar-de-la-nostra-mare\/"},"author":{"name":"Maria Agustina G\u00f3mez","@id":"https:\/\/vedruna.org\/ca\/#\/schema\/person\/95fe789adf27c2831fc5a049c727edf5"},"headline":"A l&#8217;abra\u00e7ada de la llar de la nostra mare","datePublished":"2026-08-29T08:44:34+00:00","dateModified":"2026-09-02T13:47:45+00:00","mainEntityOfPage":{"@id":"https:\/\/vedruna.org\/ca\/a-labracada-de-la-llar-de-la-nostra-mare\/"},"wordCount":225,"publisher":{"@id":"https:\/\/vedruna.org\/ca\/#organization"},"image":{"@id":"https:\/\/vedruna.org\/ca\/a-labracada-de-la-llar-de-la-nostra-mare\/#primaryimage"},"thumbnailUrl":"https:\/\/vedruna.org\/wp-content\/uploads\/2026\/09\/Oshiwara-1-scaled.jpg","articleSection":["Bicentenari de l'\u00cdndia","Bicentenari \u00cdndia","Prov\u00edncia d'\u00cdndia"],"inLanguage":"ca"},{"@type":"WebPage","@id":"https:\/\/vedruna.org\/ca\/a-labracada-de-la-llar-de-la-nostra-mare\/","url":"https:\/\/vedruna.org\/ca\/a-labracada-de-la-llar-de-la-nostra-mare\/","name":"A l'abra\u00e7ada de la llar de la nostra mare - Carmelitas de la Caridad Vedruna","isPartOf":{"@id":"https:\/\/vedruna.org\/ca\/#website"},"primaryImageOfPage":{"@id":"https:\/\/vedruna.org\/ca\/a-labracada-de-la-llar-de-la-nostra-mare\/#primaryimage"},"image":{"@id":"https:\/\/vedruna.org\/ca\/a-labracada-de-la-llar-de-la-nostra-mare\/#primaryimage"},"thumbnailUrl":"https:\/\/vedruna.org\/wp-content\/uploads\/2026\/09\/Oshiwara-1-scaled.jpg","datePublished":"2026-08-29T08:44:34+00:00","dateModified":"2026-09-02T13:47:45+00:00","description":"La comunitat d'Oshiwara celebra el bicentenari de Vedruna amb les seves 23 nenes, nens de la casa propera i germanes.","breadcrumb":{"@id":"https:\/\/vedruna.org\/ca\/a-labracada-de-la-llar-de-la-nostra-mare\/#breadcrumb"},"inLanguage":"ca","potentialAction":[{"@type":"ReadAction","target":["https:\/\/vedruna.org\/ca\/a-labracada-de-la-llar-de-la-nostra-mare\/"]}]},{"@type":"ImageObject","inLanguage":"ca","@id":"https:\/\/vedruna.org\/ca\/a-labracada-de-la-llar-de-la-nostra-mare\/#primaryimage","url":"https:\/\/vedruna.org\/wp-content\/uploads\/2026\/09\/Oshiwara-1-scaled.jpg","contentUrl":"https:\/\/vedruna.org\/wp-content\/uploads\/2026\/09\/Oshiwara-1-scaled.jpg","width":2560,"height":1335},{"@type":"BreadcrumbList","@id":"https:\/\/vedruna.org\/ca\/a-labracada-de-la-llar-de-la-nostra-mare\/#breadcrumb","itemListElement":[{"@type":"ListItem","position":1,"name":"Portada","item":"https:\/\/vedruna.org\/ca\/"},{"@type":"ListItem","position":2,"name":"A l&#8217;abra\u00e7ada de la llar de la nostra mare"}]},{"@type":"WebSite","@id":"https:\/\/vedruna.org\/ca\/#website","url":"https:\/\/vedruna.org\/ca\/","name":"Carmelitas de la Caridad Vedruna","description":"Carmelitas de la caridad","publisher":{"@id":"https:\/\/vedruna.org\/ca\/#organization"},"potentialAction":[{"@type":"SearchAction","target":{"@type":"EntryPoint","urlTemplate":"https:\/\/vedruna.org\/ca\/?s={search_term_string}"},"query-input":{"@type":"PropertyValueSpecification","valueRequired":true,"valueName":"search_term_string"}}],"inLanguage":"ca"},{"@type":"Organization","@id":"https:\/\/vedruna.org\/ca\/#organization","name":"Carmelitas de la caridad Vedruna","url":"https:\/\/vedruna.org\/ca\/","logo":{"@type":"ImageObject","inLanguage":"ca","@id":"https:\/\/vedruna.org\/ca\/#\/schema\/logo\/image\/","url":"https:\/\/vedruna.org\/wp-content\/uploads\/2022\/04\/LOGO-VEDRUNA-HORIZONTAL.png","contentUrl":"https:\/\/vedruna.org\/wp-content\/uploads\/2022\/04\/LOGO-VEDRUNA-HORIZONTAL.png","width":1200,"height":463,"caption":"Carmelitas de la caridad Vedruna"},"image":{"@id":"https:\/\/vedruna.org\/ca\/#\/schema\/logo\/image\/"}},{"@type":"Person","@id":"https:\/\/vedruna.org\/ca\/#\/schema\/person\/95fe789adf27c2831fc5a049c727edf5","name":"Maria Agustina G\u00f3mez","image":{"@type":"ImageObject","inLanguage":"ca","@id":"https:\/\/secure.gravatar.com\/avatar\/8af3ece86571c098b978434bbc43b948c403c1ae191f09a04e94f916638ceb2c?s=96&d=mm&r=g","url":"https:\/\/secure.gravatar.com\/avatar\/8af3ece86571c098b978434bbc43b948c403c1ae191f09a04e94f916638ceb2c?s=96&d=mm&r=g","contentUrl":"https:\/\/secure.gravatar.com\/avatar\/8af3ece86571c098b978434bbc43b948c403c1ae191f09a04e94f916638ceb2c?s=96&d=mm&r=g","caption":"Maria Agustina G\u00f3mez"},"url":"https:\/\/vedruna.org\/ca\/author\/agustina-gomez\/"}]}},"_links":{"self":[{"href":"https:\/\/vedruna.org\/ca\/wp-json\/wp\/v2\/posts\/40100","targetHints":{"allow":["GET"]}}],"collection":[{"href":"https:\/\/vedruna.org\/ca\/wp-json\/wp\/v2\/posts"}],"about":[{"href":"https:\/\/vedruna.org\/ca\/wp-json\/wp\/v2\/types\/post"}],"author":[{"embeddable":true,"href":"https:\/\/vedruna.org\/ca\/wp-json\/wp\/v2\/users\/21"}],"replies":[{"embeddable":true,"href":"https:\/\/vedruna.org\/ca\/wp-json\/wp\/v2\/comments?post=40100"}],"version-history":[{"count":1,"href":"https:\/\/vedruna.org\/ca\/wp-json\/wp\/v2\/posts\/40100\/revisions"}],"predecessor-version":[{"id":40101,"href":"https:\/\/vedruna.org\/ca\/wp-json\/wp\/v2\/posts\/40100\/revisions\/40101"}],"wp:featuredmedia":[{"embeddable":true,"href":"https:\/\/vedruna.org\/ca\/wp-json\/wp\/v2\/media\/40099"}],"wp:attachment":[{"href":"https:\/\/vedruna.org\/ca\/wp-json\/wp\/v2\/media?parent=40100"}],"wp:term":[{"taxonomy":"category","embeddable":true,"href":"https:\/\/vedruna.org\/ca\/wp-json\/wp\/v2\/categories?post=40100"},{"taxonomy":"post_tag","embeddable":true,"href":"https:\/\/vedruna.org\/ca\/wp-json\/wp\/v2\/tags?post=40100"}],"curies":[{"name":"wp","href":"https:\/\/api.w.org\/{rel}","templated":true}]}}