{"id":40131,"date":"2026-09-02T16:04:46","date_gmt":"2026-09-02T14:04:46","guid":{"rendered":"https:\/\/vedruna.org\/companyia-pregaria-compartir-i-esperanca-renovada-a-la-celebracio-de-les-vidues\/"},"modified":"2026-09-02T16:19:53","modified_gmt":"2026-09-02T14:19:53","slug":"companyia-pregaria-compartir-i-esperanca-renovada-a-la-celebracio-de-les-vidues","status":"publish","type":"post","link":"https:\/\/vedruna.org\/ca\/companyia-pregaria-compartir-i-esperanca-renovada-a-la-celebracio-de-les-vidues\/","title":{"rendered":"Companyia, preg\u00e0ria, compartir i esperan\u00e7a renovada a la celebraci\u00f3 de les v\u00eddues"},"content":{"rendered":"\n<p class=\"wp-block-paragraph\">Com a part de la celebraci\u00f3 del nostre bicentenari, hem volgut honrar i celebrar la vida, la dignitat i la for\u00e7a de les v\u00eddues de la nostra societat.  <\/p>\n\n<p class=\"wp-block-paragraph\">El programa es va celebrar amb gran alegria i entusiasme, reunint v\u00eddues dels pobles dels voltants. Va ser una ocasi\u00f3 de companyonia, preg\u00e0ria, compartir i esperan\u00e7a renovada. La celebraci\u00f3 va recordar a tothom que la vidu\u00eftat no \u00e9s el final del cam\u00ed, sin\u00f3 que pot convertir-se en un nou comen\u00e7ament ple de coratge, dignitat i prop\u00f2sit.  <\/p>\n\n<p class=\"wp-block-paragraph\">Vam comen\u00e7ar el programa compartint la hist\u00f2ria de la vida de Santa Joaquina a trav\u00e9s d&#8217;una presentaci\u00f3 PowerPoint a trav\u00e9s de la qual vam presentar Santa Joaquina a les nostres dones.  <\/p>\n\n<p class=\"wp-block-paragraph\">Vam continuar la nostra celebraci\u00f3 amb l&#8217;Eucaristia solemne, durant la qual es va portar l&#8217;est\u00e0tua de Santa Joaquina com a s\u00edmbol de la fundadora que va iniciar el seu cam\u00ed amb fe, coratge i confian\u00e7a en D\u00e9u. Darrere d&#8217;ella, quatre dones portaven espelmes enceses. Cada espelma representava un dels continents on s&#8217;ha est\u00e8s la missi\u00f3 de la Congregaci\u00f3 i com la llum i l&#8217;esperit rebuts de Santa Joaquina continuen portant-se d&#8217;un continent a un altre.  <\/p>\n\n<p class=\"wp-block-paragraph\">El simbolisme expressava bellament que una petita flama d&#8217;amor gener\u00f3s pot convertir-se en una llum per a tot el m\u00f3n. La visi\u00f3 de Santa Joaquina, nascuda en un lloc petit, ha traspassat fronteres i continua tocant vides a trav\u00e9s de l&#8217;educaci\u00f3, l&#8217;atenci\u00f3 sanit\u00e0ria, el ministeri pastoral, l&#8217;atenci\u00f3 als pobres i el servei a les dones i els nens. <\/p>\n\n<p class=\"wp-block-paragraph\">El dia va concloure amb agra\u00efment a D\u00e9u pel do de Santa Joaquina, pels dos-cents anys de missi\u00f3 de la Congregaci\u00f3, i especialment pel do de cada v\u00eddua que continua caminant amb coratge i fe.<\/p>\n\n<p class=\"has-text-align-right wp-block-paragraph\"><strong>Comunitat d&#8217;Unai<\/strong><\/p>\n<div class=\"pgc-sgb-cb wp-block-pgcsimplygalleryblock-justified \" data-gallery-id=\"21078705\"><div class=\"sgb-preloader\" id=\"pr_21078705\">\n\t<div class=\"sgb-square\" style=\"background:#d4d4d4\"><\/div>\n\t<div class=\"sgb-square\" style=\"background:#d4d4d4\"><\/div>\n\t<div class=\"sgb-square\" style=\"background:#d4d4d4\"><\/div>\n\t<div class=\"sgb-square\" style=\"background:#d4d4d4\"><\/div><\/div><div class=\"simply-gallery-amp pgc_sgb_slider \"><noscript><div class=\"sgb-gallery\"><div class=\"sgb-item\"><a href=\"https:\/\/vedruna.org\/en\/widows-day_5\/\" target=\"_blank\"><img decoding=\"async\" alt=\"\" width=\"300\" height=\"225\" loading=\"lazy\" src=\"https:\/\/vedruna.org\/wp-content\/uploads\/2026\/09\/widows-day_5-300x225.jpeg\" srcset=\"https:\/\/vedruna.org\/wp-content\/uploads\/2026\/09\/widows-day_5-300x225.jpeg 300w,https:\/\/vedruna.org\/wp-content\/uploads\/2026\/09\/widows-day_5-1024x768.jpeg 1024w,https:\/\/vedruna.org\/wp-content\/uploads\/2026\/09\/widows-day_5.jpeg 1600w\" sizes=\"250px\"\/><\/a><\/div><div class=\"sgb-item\"><a href=\"https:\/\/vedruna.org\/en\/widows-day_4\/\" target=\"_blank\"><img decoding=\"async\" alt=\"\" width=\"300\" height=\"225\" loading=\"lazy\" src=\"https:\/\/vedruna.org\/wp-content\/uploads\/2026\/09\/widows-day_4-300x225.jpeg\" srcset=\"https:\/\/vedruna.org\/wp-content\/uploads\/2026\/09\/widows-day_4-300x225.jpeg 300w,https:\/\/vedruna.org\/wp-content\/uploads\/2026\/09\/widows-day_4-1024x768.jpeg 1024w,https:\/\/vedruna.org\/wp-content\/uploads\/2026\/09\/widows-day_4.jpeg 1600w\" sizes=\"250px\"\/><\/a><\/div><div class=\"sgb-item\"><a href=\"https:\/\/vedruna.org\/en\/widows-day_3\/\" target=\"_blank\"><img decoding=\"async\" alt=\"\" width=\"300\" height=\"137\" loading=\"lazy\" src=\"https:\/\/vedruna.org\/wp-content\/uploads\/2026\/09\/widows-day_3-300x137.jpeg\" srcset=\"https:\/\/vedruna.org\/wp-content\/uploads\/2026\/09\/widows-day_3-300x137.jpeg 300w,https:\/\/vedruna.org\/wp-content\/uploads\/2026\/09\/widows-day_3-1024x469.jpeg 1024w,https:\/\/vedruna.org\/wp-content\/uploads\/2026\/09\/widows-day_3.jpeg 1040w\" sizes=\"250px\"\/><\/a><\/div><div class=\"sgb-item\"><a href=\"https:\/\/vedruna.org\/en\/widows-day_2\/\" target=\"_blank\"><img decoding=\"async\" alt=\"\" width=\"300\" height=\"137\" loading=\"lazy\" src=\"https:\/\/vedruna.org\/wp-content\/uploads\/2026\/09\/widows-day_2-300x137.jpeg\" srcset=\"https:\/\/vedruna.org\/wp-content\/uploads\/2026\/09\/widows-day_2-300x137.jpeg 300w,https:\/\/vedruna.org\/wp-content\/uploads\/2026\/09\/widows-day_2-1024x469.jpeg 1024w,https:\/\/vedruna.org\/wp-content\/uploads\/2026\/09\/widows-day_2.jpeg 1040w\" sizes=\"250px\"\/><\/a><\/div><\/div><\/noscript><\/div><script type=\"application\/json\" class=\"sgb-data\">{\"lastRowFill\":true,\"externalLink\":false,\"captions\":false,\"collectionThumbSubMenuDownload\":false,\"collectionThumbSubMenuShare\":false,\"galleryType\":\"pgc_sgb_justified\",\"galleryId\":\"21078705\",\"images\":[{\"id\":40119,\"title\":\"widows-day_5\",\"url\":\"https:\/\/vedruna.org\/wp-content\/uploads\/2026\/09\/widows-day_5.jpeg\",\"link\":\"https:\/\/vedruna.org\/en\/widows-day_5\/\",\"alt\":\"\",\"description\":\"\",\"caption\":\"\",\"mime\":\"image\/jpeg\",\"type\":\"image\",\"width\":1600,\"height\":1200,\"sizes\":{\"thumbnail\":{\"height\":150,\"width\":150,\"url\":\"https:\/\/vedruna.org\/wp-content\/uploads\/2026\/09\/widows-day_5-150x150.jpeg\",\"orientation\":\"landscape\"},\"medium\":{\"height\":225,\"width\":300,\"url\":\"https:\/\/vedruna.org\/wp-content\/uploads\/2026\/09\/widows-day_5-300x225.jpeg\",\"orientation\":\"landscape\"},\"large\":{\"height\":768,\"width\":1024,\"url\":\"https:\/\/vedruna.org\/wp-content\/uploads\/2026\/09\/widows-day_5-1024x768.jpeg\",\"orientation\":\"landscape\"},\"full\":{\"url\":\"https:\/\/vedruna.org\/wp-content\/uploads\/2026\/09\/widows-day_5.jpeg\",\"height\":1200,\"width\":1600,\"orientation\":\"landscape\"}},\"imageMeta\":{\"aperture\":\"0\",\"credit\":\"\",\"camera\":\"\",\"caption\":\"\",\"created_timestamp\":\"0\",\"copyright\":\"\",\"focal_length\":\"0\",\"iso\":\"0\",\"shutter_speed\":\"0\",\"title\":\"\",\"orientation\":\"0\",\"keywords\":[],\"alt\":\"\"},\"meta\":false,\"postlink\":\"https:\/\/vedruna.org\/en\/widows-day_5\/\"},{\"id\":40118,\"title\":\"widows-day_4\",\"url\":\"https:\/\/vedruna.org\/wp-content\/uploads\/2026\/09\/widows-day_4.jpeg\",\"link\":\"https:\/\/vedruna.org\/en\/widows-day_4\/\",\"alt\":\"\",\"description\":\"\",\"caption\":\"\",\"mime\":\"image\/jpeg\",\"type\":\"image\",\"width\":1600,\"height\":1200,\"sizes\":{\"thumbnail\":{\"height\":150,\"width\":150,\"url\":\"https:\/\/vedruna.org\/wp-content\/uploads\/2026\/09\/widows-day_4-150x150.jpeg\",\"orientation\":\"landscape\"},\"medium\":{\"height\":225,\"width\":300,\"url\":\"https:\/\/vedruna.org\/wp-content\/uploads\/2026\/09\/widows-day_4-300x225.jpeg\",\"orientation\":\"landscape\"},\"large\":{\"height\":768,\"width\":1024,\"url\":\"https:\/\/vedruna.org\/wp-content\/uploads\/2026\/09\/widows-day_4-1024x768.jpeg\",\"orientation\":\"landscape\"},\"full\":{\"url\":\"https:\/\/vedruna.org\/wp-content\/uploads\/2026\/09\/widows-day_4.jpeg\",\"height\":1200,\"width\":1600,\"orientation\":\"landscape\"}},\"imageMeta\":{\"aperture\":\"0\",\"credit\":\"\",\"camera\":\"\",\"caption\":\"\",\"created_timestamp\":\"0\",\"copyright\":\"\",\"focal_length\":\"0\",\"iso\":\"0\",\"shutter_speed\":\"0\",\"title\":\"\",\"orientation\":\"0\",\"keywords\":[],\"alt\":\"\"},\"meta\":false,\"postlink\":\"https:\/\/vedruna.org\/en\/widows-day_4\/\"},{\"id\":40117,\"title\":\"widows-day_3\",\"url\":\"https:\/\/vedruna.org\/wp-content\/uploads\/2026\/09\/widows-day_3.jpeg\",\"link\":\"https:\/\/vedruna.org\/en\/widows-day_3\/\",\"alt\":\"\",\"description\":\"\",\"caption\":\"\",\"mime\":\"image\/jpeg\",\"type\":\"image\",\"width\":1040,\"height\":476,\"sizes\":{\"thumbnail\":{\"height\":150,\"width\":150,\"url\":\"https:\/\/vedruna.org\/wp-content\/uploads\/2026\/09\/widows-day_3-150x150.jpeg\",\"orientation\":\"landscape\"},\"medium\":{\"height\":137,\"width\":300,\"url\":\"https:\/\/vedruna.org\/wp-content\/uploads\/2026\/09\/widows-day_3-300x137.jpeg\",\"orientation\":\"landscape\"},\"large\":{\"height\":469,\"width\":1024,\"url\":\"https:\/\/vedruna.org\/wp-content\/uploads\/2026\/09\/widows-day_3-1024x469.jpeg\",\"orientation\":\"landscape\"},\"full\":{\"url\":\"https:\/\/vedruna.org\/wp-content\/uploads\/2026\/09\/widows-day_3.jpeg\",\"height\":476,\"width\":1040,\"orientation\":\"landscape\"}},\"imageMeta\":{\"aperture\":\"0\",\"credit\":\"\",\"camera\":\"\",\"caption\":\"\",\"created_timestamp\":\"0\",\"copyright\":\"\",\"focal_length\":\"0\",\"iso\":\"0\",\"shutter_speed\":\"0\",\"title\":\"\",\"orientation\":\"0\",\"keywords\":[],\"alt\":\"\"},\"meta\":false,\"postlink\":\"https:\/\/vedruna.org\/en\/widows-day_3\/\"},{\"id\":40116,\"title\":\"widows-day_2\",\"url\":\"https:\/\/vedruna.org\/wp-content\/uploads\/2026\/09\/widows-day_2.jpeg\",\"link\":\"https:\/\/vedruna.org\/en\/widows-day_2\/\",\"alt\":\"\",\"description\":\"\",\"caption\":\"\",\"mime\":\"image\/jpeg\",\"type\":\"image\",\"width\":1040,\"height\":476,\"sizes\":{\"thumbnail\":{\"height\":150,\"width\":150,\"url\":\"https:\/\/vedruna.org\/wp-content\/uploads\/2026\/09\/widows-day_2-150x150.jpeg\",\"orientation\":\"landscape\"},\"medium\":{\"height\":137,\"width\":300,\"url\":\"https:\/\/vedruna.org\/wp-content\/uploads\/2026\/09\/widows-day_2-300x137.jpeg\",\"orientation\":\"landscape\"},\"large\":{\"height\":469,\"width\":1024,\"url\":\"https:\/\/vedruna.org\/wp-content\/uploads\/2026\/09\/widows-day_2-1024x469.jpeg\",\"orientation\":\"landscape\"},\"full\":{\"url\":\"https:\/\/vedruna.org\/wp-content\/uploads\/2026\/09\/widows-day_2.jpeg\",\"height\":476,\"width\":1040,\"orientation\":\"landscape\"}},\"imageMeta\":{\"aperture\":\"0\",\"credit\":\"\",\"camera\":\"\",\"caption\":\"\",\"created_timestamp\":\"0\",\"copyright\":\"\",\"focal_length\":\"0\",\"iso\":\"0\",\"shutter_speed\":\"0\",\"title\":\"\",\"orientation\":\"0\",\"keywords\":[],\"alt\":\"\"},\"meta\":false,\"postlink\":\"https:\/\/vedruna.org\/en\/widows-day_2\/\"}],\"useClobalSettings\":true,\"shareFacebook\":false,\"shareTwitter\":false,\"sharePinterest\":false,\"sliderItemDownload\":false,\"shareCopyLink\":false,\"sliderItemCounterEnable\":false,\"sliderItemTitleFontSize\":20,\"sliderSlideshow\":false,\"sliderSocialShareEnabled\":false,\"sliderZoomEnable\":false,\"translatedWithWPMLTM\":\"1\",\"itemsMetaDataCollection\":[]}<\/script><script>(function(){if(window.PGC_SGB && window.PGC_SGB.searcher){window.PGC_SGB.searcher.initBlocks()}})()<\/script><\/div>","protected":false},"excerpt":{"rendered":"<p>Com a part de la celebraci\u00f3 del nostre bicentenari, hem volgut honrar i celebrar la vida, la dignitat i la for\u00e7a de les v\u00eddues de la nostra societat. El programa es va celebrar amb gran alegria i entusiasme, reunint v\u00eddues dels pobles dels voltants. Va ser una ocasi\u00f3 de companyonia, preg\u00e0ria, compartir i esperan\u00e7a renovada. [&hellip;]<\/p>\n","protected":false},"author":21,"featured_media":40128,"comment_status":"closed","ping_status":"closed","sticky":false,"template":"","format":"standard","meta":{"_et_pb_use_builder":"","_et_pb_old_content":"","_et_gb_content_width":"","pgc_sgb_lightbox_settings":"","footnotes":""},"categories":[584,570,282],"tags":[],"class_list":["post-40131","post","type-post","status-publish","format-standard","has-post-thumbnail","hentry","category-bicentenari-de-lindia","category-bicentenari-india","category-provincia-dindia"],"yoast_head":"<!-- This site is optimized with the Yoast SEO plugin v28.4 - https:\/\/yoast.com\/product\/yoast-seo-wordpress\/ -->\n<title>Companyia, preg\u00e0ria, compartir i esperan\u00e7a renovada a la celebraci\u00f3 de les v\u00eddues - Carmelitas de la Caridad Vedruna<\/title>\n<meta name=\"description\" content=\"Com a part de la celebraci\u00f3 del nostre bicentenari, hem volgut honrar i celebrar la vida, la dignitat i la for\u00e7a de les v\u00eddues de la nostra societat.\" \/>\n<meta name=\"robots\" content=\"index, follow, max-snippet:-1, max-image-preview:large, max-video-preview:-1\" \/>\n<link rel=\"canonical\" href=\"https:\/\/vedruna.org\/ca\/companyia-pregaria-compartir-i-esperanca-renovada-a-la-celebracio-de-les-vidues\/\" \/>\n<meta property=\"og:locale\" content=\"ca_ES\" \/>\n<meta property=\"og:type\" content=\"article\" \/>\n<meta property=\"og:title\" content=\"Companyia, preg\u00e0ria, compartir i esperan\u00e7a renovada a la celebraci\u00f3 de les v\u00eddues - Carmelitas de la Caridad Vedruna\" \/>\n<meta property=\"og:description\" content=\"Com a part de la celebraci\u00f3 del nostre bicentenari, hem volgut honrar i celebrar la vida, la dignitat i la for\u00e7a de les v\u00eddues de la nostra societat.\" \/>\n<meta property=\"og:url\" content=\"https:\/\/vedruna.org\/ca\/companyia-pregaria-compartir-i-esperanca-renovada-a-la-celebracio-de-les-vidues\/\" \/>\n<meta property=\"og:site_name\" content=\"Carmelitas de la Caridad Vedruna\" \/>\n<meta property=\"article:published_time\" content=\"2026-09-02T14:04:46+00:00\" \/>\n<meta property=\"article:modified_time\" content=\"2026-09-02T14:19:53+00:00\" \/>\n<meta property=\"og:image\" content=\"https:\/\/vedruna.org\/wp-content\/uploads\/2026\/09\/widows-day_4.jpeg\" \/>\n\t<meta property=\"og:image:width\" content=\"1600\" \/>\n\t<meta property=\"og:image:height\" content=\"1200\" \/>\n\t<meta property=\"og:image:type\" content=\"image\/jpeg\" \/>\n<meta name=\"author\" content=\"Maria Agustina G\u00f3mez\" \/>\n<meta name=\"twitter:card\" content=\"summary_large_image\" \/>\n<meta name=\"twitter:label1\" content=\"Escrit per\" \/>\n\t<meta name=\"twitter:data1\" content=\"Maria Agustina G\u00f3mez\" \/>\n\t<meta name=\"twitter:label2\" content=\"Temps estimat de lectura\" \/>\n\t<meta name=\"twitter:data2\" content=\"2 minuts\" \/>\n<script type=\"application\/ld+json\" class=\"yoast-schema-graph\">{\"@context\":\"https:\\\/\\\/schema.org\",\"@graph\":[{\"@type\":\"Article\",\"@id\":\"https:\\\/\\\/vedruna.org\\\/ca\\\/companyia-pregaria-compartir-i-esperanca-renovada-a-la-celebracio-de-les-vidues\\\/#article\",\"isPartOf\":{\"@id\":\"https:\\\/\\\/vedruna.org\\\/ca\\\/companyia-pregaria-compartir-i-esperanca-renovada-a-la-celebracio-de-les-vidues\\\/\"},\"author\":{\"name\":\"Maria Agustina G\u00f3mez\",\"@id\":\"https:\\\/\\\/vedruna.org\\\/ca\\\/#\\\/schema\\\/person\\\/95fe789adf27c2831fc5a049c727edf5\"},\"headline\":\"Companyia, preg\u00e0ria, compartir i esperan\u00e7a renovada a la celebraci\u00f3 de les v\u00eddues\",\"datePublished\":\"2026-09-02T14:04:46+00:00\",\"dateModified\":\"2026-09-02T14:19:53+00:00\",\"mainEntityOfPage\":{\"@id\":\"https:\\\/\\\/vedruna.org\\\/ca\\\/companyia-pregaria-compartir-i-esperanca-renovada-a-la-celebracio-de-les-vidues\\\/\"},\"wordCount\":336,\"publisher\":{\"@id\":\"https:\\\/\\\/vedruna.org\\\/ca\\\/#organization\"},\"image\":{\"@id\":\"https:\\\/\\\/vedruna.org\\\/ca\\\/companyia-pregaria-compartir-i-esperanca-renovada-a-la-celebracio-de-les-vidues\\\/#primaryimage\"},\"thumbnailUrl\":\"https:\\\/\\\/vedruna.org\\\/wp-content\\\/uploads\\\/2026\\\/09\\\/widows-day_4.jpeg\",\"articleSection\":[\"Bicentenari de l'\u00cdndia\",\"Bicentenari \u00cdndia\",\"Prov\u00edncia d'\u00cdndia\"],\"inLanguage\":\"ca\"},{\"@type\":\"WebPage\",\"@id\":\"https:\\\/\\\/vedruna.org\\\/ca\\\/companyia-pregaria-compartir-i-esperanca-renovada-a-la-celebracio-de-les-vidues\\\/\",\"url\":\"https:\\\/\\\/vedruna.org\\\/ca\\\/companyia-pregaria-compartir-i-esperanca-renovada-a-la-celebracio-de-les-vidues\\\/\",\"name\":\"Companyia, preg\u00e0ria, compartir i esperan\u00e7a renovada a la celebraci\u00f3 de les v\u00eddues - Carmelitas de la Caridad Vedruna\",\"isPartOf\":{\"@id\":\"https:\\\/\\\/vedruna.org\\\/ca\\\/#website\"},\"primaryImageOfPage\":{\"@id\":\"https:\\\/\\\/vedruna.org\\\/ca\\\/companyia-pregaria-compartir-i-esperanca-renovada-a-la-celebracio-de-les-vidues\\\/#primaryimage\"},\"image\":{\"@id\":\"https:\\\/\\\/vedruna.org\\\/ca\\\/companyia-pregaria-compartir-i-esperanca-renovada-a-la-celebracio-de-les-vidues\\\/#primaryimage\"},\"thumbnailUrl\":\"https:\\\/\\\/vedruna.org\\\/wp-content\\\/uploads\\\/2026\\\/09\\\/widows-day_4.jpeg\",\"datePublished\":\"2026-09-02T14:04:46+00:00\",\"dateModified\":\"2026-09-02T14:19:53+00:00\",\"description\":\"Com a part de la celebraci\u00f3 del nostre bicentenari, hem volgut honrar i celebrar la vida, la dignitat i la for\u00e7a de les v\u00eddues de la nostra societat.\",\"breadcrumb\":{\"@id\":\"https:\\\/\\\/vedruna.org\\\/ca\\\/companyia-pregaria-compartir-i-esperanca-renovada-a-la-celebracio-de-les-vidues\\\/#breadcrumb\"},\"inLanguage\":\"ca\",\"potentialAction\":[{\"@type\":\"ReadAction\",\"target\":[\"https:\\\/\\\/vedruna.org\\\/ca\\\/companyia-pregaria-compartir-i-esperanca-renovada-a-la-celebracio-de-les-vidues\\\/\"]}]},{\"@type\":\"ImageObject\",\"inLanguage\":\"ca\",\"@id\":\"https:\\\/\\\/vedruna.org\\\/ca\\\/companyia-pregaria-compartir-i-esperanca-renovada-a-la-celebracio-de-les-vidues\\\/#primaryimage\",\"url\":\"https:\\\/\\\/vedruna.org\\\/wp-content\\\/uploads\\\/2026\\\/09\\\/widows-day_4.jpeg\",\"contentUrl\":\"https:\\\/\\\/vedruna.org\\\/wp-content\\\/uploads\\\/2026\\\/09\\\/widows-day_4.jpeg\",\"width\":1600,\"height\":1200},{\"@type\":\"BreadcrumbList\",\"@id\":\"https:\\\/\\\/vedruna.org\\\/ca\\\/companyia-pregaria-compartir-i-esperanca-renovada-a-la-celebracio-de-les-vidues\\\/#breadcrumb\",\"itemListElement\":[{\"@type\":\"ListItem\",\"position\":1,\"name\":\"Portada\",\"item\":\"https:\\\/\\\/vedruna.org\\\/ca\\\/\"},{\"@type\":\"ListItem\",\"position\":2,\"name\":\"Companyia, preg\u00e0ria, compartir i esperan\u00e7a renovada a la celebraci\u00f3 de les v\u00eddues\"}]},{\"@type\":\"WebSite\",\"@id\":\"https:\\\/\\\/vedruna.org\\\/ca\\\/#website\",\"url\":\"https:\\\/\\\/vedruna.org\\\/ca\\\/\",\"name\":\"Carmelitas de la Caridad Vedruna\",\"description\":\"Carmelitas de la caridad\",\"publisher\":{\"@id\":\"https:\\\/\\\/vedruna.org\\\/ca\\\/#organization\"},\"potentialAction\":[{\"@type\":\"SearchAction\",\"target\":{\"@type\":\"EntryPoint\",\"urlTemplate\":\"https:\\\/\\\/vedruna.org\\\/ca\\\/?s={search_term_string}\"},\"query-input\":{\"@type\":\"PropertyValueSpecification\",\"valueRequired\":true,\"valueName\":\"search_term_string\"}}],\"inLanguage\":\"ca\"},{\"@type\":\"Organization\",\"@id\":\"https:\\\/\\\/vedruna.org\\\/ca\\\/#organization\",\"name\":\"Carmelitas de la caridad Vedruna\",\"url\":\"https:\\\/\\\/vedruna.org\\\/ca\\\/\",\"logo\":{\"@type\":\"ImageObject\",\"inLanguage\":\"ca\",\"@id\":\"https:\\\/\\\/vedruna.org\\\/ca\\\/#\\\/schema\\\/logo\\\/image\\\/\",\"url\":\"https:\\\/\\\/vedruna.org\\\/wp-content\\\/uploads\\\/2022\\\/04\\\/LOGO-VEDRUNA-HORIZONTAL.png\",\"contentUrl\":\"https:\\\/\\\/vedruna.org\\\/wp-content\\\/uploads\\\/2022\\\/04\\\/LOGO-VEDRUNA-HORIZONTAL.png\",\"width\":1200,\"height\":463,\"caption\":\"Carmelitas de la caridad Vedruna\"},\"image\":{\"@id\":\"https:\\\/\\\/vedruna.org\\\/ca\\\/#\\\/schema\\\/logo\\\/image\\\/\"}},{\"@type\":\"Person\",\"@id\":\"https:\\\/\\\/vedruna.org\\\/ca\\\/#\\\/schema\\\/person\\\/95fe789adf27c2831fc5a049c727edf5\",\"name\":\"Maria Agustina G\u00f3mez\",\"image\":{\"@type\":\"ImageObject\",\"inLanguage\":\"ca\",\"@id\":\"https:\\\/\\\/secure.gravatar.com\\\/avatar\\\/8af3ece86571c098b978434bbc43b948c403c1ae191f09a04e94f916638ceb2c?s=96&d=mm&r=g\",\"url\":\"https:\\\/\\\/secure.gravatar.com\\\/avatar\\\/8af3ece86571c098b978434bbc43b948c403c1ae191f09a04e94f916638ceb2c?s=96&d=mm&r=g\",\"contentUrl\":\"https:\\\/\\\/secure.gravatar.com\\\/avatar\\\/8af3ece86571c098b978434bbc43b948c403c1ae191f09a04e94f916638ceb2c?s=96&d=mm&r=g\",\"caption\":\"Maria Agustina G\u00f3mez\"},\"url\":\"https:\\\/\\\/vedruna.org\\\/ca\\\/author\\\/agustina-gomez\\\/\"}]}<\/script>\n<!-- \/ Yoast SEO plugin. -->","yoast_head_json":{"title":"Companyia, preg\u00e0ria, compartir i esperan\u00e7a renovada a la celebraci\u00f3 de les v\u00eddues - Carmelitas de la Caridad Vedruna","description":"Com a part de la celebraci\u00f3 del nostre bicentenari, hem volgut honrar i celebrar la vida, la dignitat i la for\u00e7a de les v\u00eddues de la nostra societat.","robots":{"index":"index","follow":"follow","max-snippet":"max-snippet:-1","max-image-preview":"max-image-preview:large","max-video-preview":"max-video-preview:-1"},"canonical":"https:\/\/vedruna.org\/ca\/companyia-pregaria-compartir-i-esperanca-renovada-a-la-celebracio-de-les-vidues\/","og_locale":"ca_ES","og_type":"article","og_title":"Companyia, preg\u00e0ria, compartir i esperan\u00e7a renovada a la celebraci\u00f3 de les v\u00eddues - Carmelitas de la Caridad Vedruna","og_description":"Com a part de la celebraci\u00f3 del nostre bicentenari, hem volgut honrar i celebrar la vida, la dignitat i la for\u00e7a de les v\u00eddues de la nostra societat.","og_url":"https:\/\/vedruna.org\/ca\/companyia-pregaria-compartir-i-esperanca-renovada-a-la-celebracio-de-les-vidues\/","og_site_name":"Carmelitas de la Caridad Vedruna","article_published_time":"2026-09-02T14:04:46+00:00","article_modified_time":"2026-09-02T14:19:53+00:00","og_image":[{"width":1600,"height":1200,"url":"https:\/\/vedruna.org\/wp-content\/uploads\/2026\/09\/widows-day_4.jpeg","type":"image\/jpeg"}],"author":"Maria Agustina G\u00f3mez","twitter_card":"summary_large_image","twitter_misc":{"Escrit per":"Maria Agustina G\u00f3mez","Temps estimat de lectura":"2 minuts"},"schema":{"@context":"https:\/\/schema.org","@graph":[{"@type":"Article","@id":"https:\/\/vedruna.org\/ca\/companyia-pregaria-compartir-i-esperanca-renovada-a-la-celebracio-de-les-vidues\/#article","isPartOf":{"@id":"https:\/\/vedruna.org\/ca\/companyia-pregaria-compartir-i-esperanca-renovada-a-la-celebracio-de-les-vidues\/"},"author":{"name":"Maria Agustina G\u00f3mez","@id":"https:\/\/vedruna.org\/ca\/#\/schema\/person\/95fe789adf27c2831fc5a049c727edf5"},"headline":"Companyia, preg\u00e0ria, compartir i esperan\u00e7a renovada a la celebraci\u00f3 de les v\u00eddues","datePublished":"2026-09-02T14:04:46+00:00","dateModified":"2026-09-02T14:19:53+00:00","mainEntityOfPage":{"@id":"https:\/\/vedruna.org\/ca\/companyia-pregaria-compartir-i-esperanca-renovada-a-la-celebracio-de-les-vidues\/"},"wordCount":336,"publisher":{"@id":"https:\/\/vedruna.org\/ca\/#organization"},"image":{"@id":"https:\/\/vedruna.org\/ca\/companyia-pregaria-compartir-i-esperanca-renovada-a-la-celebracio-de-les-vidues\/#primaryimage"},"thumbnailUrl":"https:\/\/vedruna.org\/wp-content\/uploads\/2026\/09\/widows-day_4.jpeg","articleSection":["Bicentenari de l'\u00cdndia","Bicentenari \u00cdndia","Prov\u00edncia d'\u00cdndia"],"inLanguage":"ca"},{"@type":"WebPage","@id":"https:\/\/vedruna.org\/ca\/companyia-pregaria-compartir-i-esperanca-renovada-a-la-celebracio-de-les-vidues\/","url":"https:\/\/vedruna.org\/ca\/companyia-pregaria-compartir-i-esperanca-renovada-a-la-celebracio-de-les-vidues\/","name":"Companyia, preg\u00e0ria, compartir i esperan\u00e7a renovada a la celebraci\u00f3 de les v\u00eddues - Carmelitas de la Caridad Vedruna","isPartOf":{"@id":"https:\/\/vedruna.org\/ca\/#website"},"primaryImageOfPage":{"@id":"https:\/\/vedruna.org\/ca\/companyia-pregaria-compartir-i-esperanca-renovada-a-la-celebracio-de-les-vidues\/#primaryimage"},"image":{"@id":"https:\/\/vedruna.org\/ca\/companyia-pregaria-compartir-i-esperanca-renovada-a-la-celebracio-de-les-vidues\/#primaryimage"},"thumbnailUrl":"https:\/\/vedruna.org\/wp-content\/uploads\/2026\/09\/widows-day_4.jpeg","datePublished":"2026-09-02T14:04:46+00:00","dateModified":"2026-09-02T14:19:53+00:00","description":"Com a part de la celebraci\u00f3 del nostre bicentenari, hem volgut honrar i celebrar la vida, la dignitat i la for\u00e7a de les v\u00eddues de la nostra societat.","breadcrumb":{"@id":"https:\/\/vedruna.org\/ca\/companyia-pregaria-compartir-i-esperanca-renovada-a-la-celebracio-de-les-vidues\/#breadcrumb"},"inLanguage":"ca","potentialAction":[{"@type":"ReadAction","target":["https:\/\/vedruna.org\/ca\/companyia-pregaria-compartir-i-esperanca-renovada-a-la-celebracio-de-les-vidues\/"]}]},{"@type":"ImageObject","inLanguage":"ca","@id":"https:\/\/vedruna.org\/ca\/companyia-pregaria-compartir-i-esperanca-renovada-a-la-celebracio-de-les-vidues\/#primaryimage","url":"https:\/\/vedruna.org\/wp-content\/uploads\/2026\/09\/widows-day_4.jpeg","contentUrl":"https:\/\/vedruna.org\/wp-content\/uploads\/2026\/09\/widows-day_4.jpeg","width":1600,"height":1200},{"@type":"BreadcrumbList","@id":"https:\/\/vedruna.org\/ca\/companyia-pregaria-compartir-i-esperanca-renovada-a-la-celebracio-de-les-vidues\/#breadcrumb","itemListElement":[{"@type":"ListItem","position":1,"name":"Portada","item":"https:\/\/vedruna.org\/ca\/"},{"@type":"ListItem","position":2,"name":"Companyia, preg\u00e0ria, compartir i esperan\u00e7a renovada a la celebraci\u00f3 de les v\u00eddues"}]},{"@type":"WebSite","@id":"https:\/\/vedruna.org\/ca\/#website","url":"https:\/\/vedruna.org\/ca\/","name":"Carmelitas de la Caridad Vedruna","description":"Carmelitas de la caridad","publisher":{"@id":"https:\/\/vedruna.org\/ca\/#organization"},"potentialAction":[{"@type":"SearchAction","target":{"@type":"EntryPoint","urlTemplate":"https:\/\/vedruna.org\/ca\/?s={search_term_string}"},"query-input":{"@type":"PropertyValueSpecification","valueRequired":true,"valueName":"search_term_string"}}],"inLanguage":"ca"},{"@type":"Organization","@id":"https:\/\/vedruna.org\/ca\/#organization","name":"Carmelitas de la caridad Vedruna","url":"https:\/\/vedruna.org\/ca\/","logo":{"@type":"ImageObject","inLanguage":"ca","@id":"https:\/\/vedruna.org\/ca\/#\/schema\/logo\/image\/","url":"https:\/\/vedruna.org\/wp-content\/uploads\/2022\/04\/LOGO-VEDRUNA-HORIZONTAL.png","contentUrl":"https:\/\/vedruna.org\/wp-content\/uploads\/2022\/04\/LOGO-VEDRUNA-HORIZONTAL.png","width":1200,"height":463,"caption":"Carmelitas de la caridad Vedruna"},"image":{"@id":"https:\/\/vedruna.org\/ca\/#\/schema\/logo\/image\/"}},{"@type":"Person","@id":"https:\/\/vedruna.org\/ca\/#\/schema\/person\/95fe789adf27c2831fc5a049c727edf5","name":"Maria Agustina G\u00f3mez","image":{"@type":"ImageObject","inLanguage":"ca","@id":"https:\/\/secure.gravatar.com\/avatar\/8af3ece86571c098b978434bbc43b948c403c1ae191f09a04e94f916638ceb2c?s=96&d=mm&r=g","url":"https:\/\/secure.gravatar.com\/avatar\/8af3ece86571c098b978434bbc43b948c403c1ae191f09a04e94f916638ceb2c?s=96&d=mm&r=g","contentUrl":"https:\/\/secure.gravatar.com\/avatar\/8af3ece86571c098b978434bbc43b948c403c1ae191f09a04e94f916638ceb2c?s=96&d=mm&r=g","caption":"Maria Agustina G\u00f3mez"},"url":"https:\/\/vedruna.org\/ca\/author\/agustina-gomez\/"}]}},"_links":{"self":[{"href":"https:\/\/vedruna.org\/ca\/wp-json\/wp\/v2\/posts\/40131","targetHints":{"allow":["GET"]}}],"collection":[{"href":"https:\/\/vedruna.org\/ca\/wp-json\/wp\/v2\/posts"}],"about":[{"href":"https:\/\/vedruna.org\/ca\/wp-json\/wp\/v2\/types\/post"}],"author":[{"embeddable":true,"href":"https:\/\/vedruna.org\/ca\/wp-json\/wp\/v2\/users\/21"}],"replies":[{"embeddable":true,"href":"https:\/\/vedruna.org\/ca\/wp-json\/wp\/v2\/comments?post=40131"}],"version-history":[{"count":1,"href":"https:\/\/vedruna.org\/ca\/wp-json\/wp\/v2\/posts\/40131\/revisions"}],"predecessor-version":[{"id":40132,"href":"https:\/\/vedruna.org\/ca\/wp-json\/wp\/v2\/posts\/40131\/revisions\/40132"}],"wp:featuredmedia":[{"embeddable":true,"href":"https:\/\/vedruna.org\/ca\/wp-json\/wp\/v2\/media\/40128"}],"wp:attachment":[{"href":"https:\/\/vedruna.org\/ca\/wp-json\/wp\/v2\/media?parent=40131"}],"wp:term":[{"taxonomy":"category","embeddable":true,"href":"https:\/\/vedruna.org\/ca\/wp-json\/wp\/v2\/categories?post=40131"},{"taxonomy":"post_tag","embeddable":true,"href":"https:\/\/vedruna.org\/ca\/wp-json\/wp\/v2\/tags?post=40131"}],"curies":[{"name":"wp","href":"https:\/\/api.w.org\/{rel}","templated":true}]}}