{"id":40227,"date":"2026-09-03T13:07:22","date_gmt":"2026-09-03T11:07:22","guid":{"rendered":"https:\/\/vedruna.org\/una-doble-celebracio-de-gratitud-a-adkur\/"},"modified":"2026-09-03T13:11:31","modified_gmt":"2026-09-03T11:11:31","slug":"una-doble-celebracio-de-gratitud-a-adkur","status":"publish","type":"post","link":"https:\/\/vedruna.org\/ca\/una-doble-celebracio-de-gratitud-a-adkur\/","title":{"rendered":"Una doble celebraci\u00f3 de gratitud a Adkur"},"content":{"rendered":"\n<p class=\"wp-block-paragraph\">La comunitat d&#8217;Adkur va tenir una doble celebraci\u00f3 el 28 d&#8217;agost, el Bicentenari i els 50 anys de vida religiosa de la germana Carmen Borges, ccv. Durant l&#8217;Eucaristia, van donar gr\u00e0cies a D\u00e9u pel do de la germana Joaquina i el seu carisma a l&#8217;Esgl\u00e9sia i pels anys daurats de la germana Carmen Borges a la Prov\u00edncia de l&#8217;\u00cdndia.    <\/p>\n\n<p class=\"wp-block-paragraph\">Mireu la celebraci\u00f3 sencera:  <\/p>\n\n<div style=\"height:25px\" aria-hidden=\"true\" class=\"wp-block-spacer\"><\/div>\n\n<figure class=\"wp-block-embed is-type-video is-provider-youtube wp-block-embed-youtube wp-embed-aspect-16-9 wp-has-aspect-ratio\"><div class=\"wp-block-embed__wrapper\">\n<iframe loading=\"lazy\" title=\"Bicentenary celebration of Vedruna Congregation &amp; Golden Jubilee celebration of Sr. Carmen Borges\" width=\"1080\" height=\"608\" src=\"https:\/\/www.youtube.com\/embed\/DI0oPoL5ID8?feature=oembed\"  allow=\"accelerometer; autoplay; clipboard-write; encrypted-media; gyroscope; picture-in-picture; web-share\" referrerpolicy=\"strict-origin-when-cross-origin\" allowfullscreen><\/iframe>\n<\/div><\/figure>\n\n<div style=\"height:25px\" aria-hidden=\"true\" class=\"wp-block-spacer\"><\/div>\n<div class=\"pgc-sgb-cb wp-block-pgcsimplygalleryblock-justified \" data-gallery-id=\"68c39574\"><div class=\"sgb-preloader\" id=\"pr_68c39574\">\n\t<div class=\"sgb-square\" style=\"background:#d4d4d4\"><\/div>\n\t<div class=\"sgb-square\" style=\"background:#d4d4d4\"><\/div>\n\t<div class=\"sgb-square\" style=\"background:#d4d4d4\"><\/div>\n\t<div class=\"sgb-square\" style=\"background:#d4d4d4\"><\/div><\/div><div class=\"simply-gallery-amp pgc_sgb_slider \"><noscript><div class=\"sgb-gallery\"><div class=\"sgb-item\"><a href=\"https:\/\/vedruna.org\/en\/adkur-1\/\" target=\"_blank\"><img decoding=\"async\" alt=\"\" width=\"300\" height=\"225\" loading=\"lazy\" src=\"https:\/\/vedruna.org\/wp-content\/uploads\/2026\/09\/Adkur-1-300x225.jpg\" srcset=\"https:\/\/vedruna.org\/wp-content\/uploads\/2026\/09\/Adkur-1-300x225.jpg 300w,https:\/\/vedruna.org\/wp-content\/uploads\/2026\/09\/Adkur-1-1024x768.jpg 1024w,https:\/\/vedruna.org\/wp-content\/uploads\/2026\/09\/Adkur-1.jpg 1280w\" sizes=\"250px\"\/><\/a><\/div><div class=\"sgb-item\"><a href=\"https:\/\/vedruna.org\/en\/adkur_5\/\" target=\"_blank\"><img decoding=\"async\" alt=\"\" width=\"300\" height=\"225\" loading=\"lazy\" src=\"https:\/\/vedruna.org\/wp-content\/uploads\/2026\/09\/Adkur_5-300x225.jpg\" srcset=\"https:\/\/vedruna.org\/wp-content\/uploads\/2026\/09\/Adkur_5-300x225.jpg 300w,https:\/\/vedruna.org\/wp-content\/uploads\/2026\/09\/Adkur_5-1024x768.jpg 1024w,https:\/\/vedruna.org\/wp-content\/uploads\/2026\/09\/Adkur_5.jpg 1280w\" sizes=\"250px\"\/><\/a><\/div><div class=\"sgb-item\"><a href=\"https:\/\/vedruna.org\/en\/adkur_4-2\/\" target=\"_blank\"><img decoding=\"async\" alt=\"\" width=\"300\" height=\"169\" loading=\"lazy\" src=\"https:\/\/vedruna.org\/wp-content\/uploads\/2026\/09\/Adkur_4-300x169.jpg\" srcset=\"https:\/\/vedruna.org\/wp-content\/uploads\/2026\/09\/Adkur_4-300x169.jpg 300w,https:\/\/vedruna.org\/wp-content\/uploads\/2026\/09\/Adkur_4-1024x576.jpg 1024w,https:\/\/vedruna.org\/wp-content\/uploads\/2026\/09\/Adkur_4.jpg 1280w\" sizes=\"250px\"\/><\/a><\/div><div class=\"sgb-item\"><a href=\"https:\/\/vedruna.org\/en\/adkur_3\/\" target=\"_blank\"><img decoding=\"async\" alt=\"\" width=\"225\" height=\"300\" loading=\"lazy\" src=\"https:\/\/vedruna.org\/wp-content\/uploads\/2026\/09\/Adkur_3-225x300.jpg\" srcset=\"https:\/\/vedruna.org\/wp-content\/uploads\/2026\/09\/Adkur_3-225x300.jpg 225w,https:\/\/vedruna.org\/wp-content\/uploads\/2026\/09\/Adkur_3-768x1024.jpg 768w,https:\/\/vedruna.org\/wp-content\/uploads\/2026\/09\/Adkur_3.jpg 960w\" sizes=\"250px\"\/><\/a><\/div><div class=\"sgb-item\"><a href=\"https:\/\/vedruna.org\/en\/adkur_2-2\/\" target=\"_blank\"><img decoding=\"async\" alt=\"\" width=\"300\" height=\"225\" loading=\"lazy\" src=\"https:\/\/vedruna.org\/wp-content\/uploads\/2026\/09\/Adkur_2-300x225.jpg\" srcset=\"https:\/\/vedruna.org\/wp-content\/uploads\/2026\/09\/Adkur_2-300x225.jpg 300w,https:\/\/vedruna.org\/wp-content\/uploads\/2026\/09\/Adkur_2-1024x768.jpg 1024w,https:\/\/vedruna.org\/wp-content\/uploads\/2026\/09\/Adkur_2.jpg 1280w\" sizes=\"250px\"\/><\/a><\/div><\/div><\/noscript><\/div><script type=\"application\/json\" class=\"sgb-data\">{\"lastRowFill\":true,\"externalLink\":false,\"captions\":false,\"collectionThumbSubMenuDownload\":false,\"collectionThumbSubMenuShare\":false,\"galleryType\":\"pgc_sgb_justified\",\"galleryId\":\"68c39574\",\"images\":[{\"id\":40198,\"title\":\"Adkur-1\",\"url\":\"https:\/\/vedruna.org\/wp-content\/uploads\/2026\/09\/Adkur-1.jpg\",\"link\":\"https:\/\/vedruna.org\/en\/adkur-1\/\",\"alt\":\"\",\"description\":\"\",\"caption\":\"\",\"mime\":\"image\/jpeg\",\"type\":\"image\",\"width\":1280,\"height\":960,\"sizes\":{\"thumbnail\":{\"height\":150,\"width\":150,\"url\":\"https:\/\/vedruna.org\/wp-content\/uploads\/2026\/09\/Adkur-1-150x150.jpg\",\"orientation\":\"landscape\"},\"medium\":{\"height\":225,\"width\":300,\"url\":\"https:\/\/vedruna.org\/wp-content\/uploads\/2026\/09\/Adkur-1-300x225.jpg\",\"orientation\":\"landscape\"},\"large\":{\"height\":768,\"width\":1024,\"url\":\"https:\/\/vedruna.org\/wp-content\/uploads\/2026\/09\/Adkur-1-1024x768.jpg\",\"orientation\":\"landscape\"},\"full\":{\"url\":\"https:\/\/vedruna.org\/wp-content\/uploads\/2026\/09\/Adkur-1.jpg\",\"height\":960,\"width\":1280,\"orientation\":\"landscape\"}},\"imageMeta\":{\"aperture\":\"0\",\"credit\":\"\",\"camera\":\"\",\"caption\":\"\",\"created_timestamp\":\"0\",\"copyright\":\"\",\"focal_length\":\"0\",\"iso\":\"0\",\"shutter_speed\":\"0\",\"title\":\"\",\"orientation\":\"0\",\"keywords\":[],\"alt\":\"\"},\"meta\":false,\"postlink\":\"https:\/\/vedruna.org\/en\/adkur-1\/\"},{\"id\":40197,\"title\":\"Adkur_5\",\"url\":\"https:\/\/vedruna.org\/wp-content\/uploads\/2026\/09\/Adkur_5.jpg\",\"link\":\"https:\/\/vedruna.org\/en\/adkur_5\/\",\"alt\":\"\",\"description\":\"\",\"caption\":\"\",\"mime\":\"image\/jpeg\",\"type\":\"image\",\"width\":1280,\"height\":960,\"sizes\":{\"thumbnail\":{\"height\":150,\"width\":150,\"url\":\"https:\/\/vedruna.org\/wp-content\/uploads\/2026\/09\/Adkur_5-150x150.jpg\",\"orientation\":\"landscape\"},\"medium\":{\"height\":225,\"width\":300,\"url\":\"https:\/\/vedruna.org\/wp-content\/uploads\/2026\/09\/Adkur_5-300x225.jpg\",\"orientation\":\"landscape\"},\"large\":{\"height\":768,\"width\":1024,\"url\":\"https:\/\/vedruna.org\/wp-content\/uploads\/2026\/09\/Adkur_5-1024x768.jpg\",\"orientation\":\"landscape\"},\"full\":{\"url\":\"https:\/\/vedruna.org\/wp-content\/uploads\/2026\/09\/Adkur_5.jpg\",\"height\":960,\"width\":1280,\"orientation\":\"landscape\"}},\"imageMeta\":{\"aperture\":\"0\",\"credit\":\"\",\"camera\":\"\",\"caption\":\"\",\"created_timestamp\":\"0\",\"copyright\":\"\",\"focal_length\":\"0\",\"iso\":\"0\",\"shutter_speed\":\"0\",\"title\":\"\",\"orientation\":\"0\",\"keywords\":[],\"alt\":\"\"},\"meta\":false,\"postlink\":\"https:\/\/vedruna.org\/en\/adkur_5\/\"},{\"id\":40196,\"title\":\"Adkur_4\",\"url\":\"https:\/\/vedruna.org\/wp-content\/uploads\/2026\/09\/Adkur_4.jpg\",\"link\":\"https:\/\/vedruna.org\/en\/adkur_4-2\/\",\"alt\":\"\",\"description\":\"\",\"caption\":\"\",\"mime\":\"image\/jpeg\",\"type\":\"image\",\"width\":1280,\"height\":720,\"sizes\":{\"thumbnail\":{\"height\":150,\"width\":150,\"url\":\"https:\/\/vedruna.org\/wp-content\/uploads\/2026\/09\/Adkur_4-150x150.jpg\",\"orientation\":\"landscape\"},\"medium\":{\"height\":169,\"width\":300,\"url\":\"https:\/\/vedruna.org\/wp-content\/uploads\/2026\/09\/Adkur_4-300x169.jpg\",\"orientation\":\"landscape\"},\"large\":{\"height\":576,\"width\":1024,\"url\":\"https:\/\/vedruna.org\/wp-content\/uploads\/2026\/09\/Adkur_4-1024x576.jpg\",\"orientation\":\"landscape\"},\"full\":{\"url\":\"https:\/\/vedruna.org\/wp-content\/uploads\/2026\/09\/Adkur_4.jpg\",\"height\":720,\"width\":1280,\"orientation\":\"landscape\"}},\"imageMeta\":{\"aperture\":\"0\",\"credit\":\"\",\"camera\":\"\",\"caption\":\"\",\"created_timestamp\":\"0\",\"copyright\":\"\",\"focal_length\":\"0\",\"iso\":\"0\",\"shutter_speed\":\"0\",\"title\":\"\",\"orientation\":\"0\",\"keywords\":[],\"alt\":\"\"},\"meta\":false,\"postlink\":\"https:\/\/vedruna.org\/en\/adkur_4-2\/\"},{\"id\":40195,\"title\":\"Adkur_3\",\"url\":\"https:\/\/vedruna.org\/wp-content\/uploads\/2026\/09\/Adkur_3.jpg\",\"link\":\"https:\/\/vedruna.org\/en\/adkur_3\/\",\"alt\":\"\",\"description\":\"\",\"caption\":\"\",\"mime\":\"image\/jpeg\",\"type\":\"image\",\"width\":960,\"height\":1280,\"sizes\":{\"thumbnail\":{\"height\":150,\"width\":150,\"url\":\"https:\/\/vedruna.org\/wp-content\/uploads\/2026\/09\/Adkur_3-150x150.jpg\",\"orientation\":\"landscape\"},\"medium\":{\"height\":300,\"width\":225,\"url\":\"https:\/\/vedruna.org\/wp-content\/uploads\/2026\/09\/Adkur_3-225x300.jpg\",\"orientation\":\"portrait\"},\"large\":{\"height\":1024,\"width\":768,\"url\":\"https:\/\/vedruna.org\/wp-content\/uploads\/2026\/09\/Adkur_3-768x1024.jpg\",\"orientation\":\"portrait\"},\"full\":{\"url\":\"https:\/\/vedruna.org\/wp-content\/uploads\/2026\/09\/Adkur_3.jpg\",\"height\":1280,\"width\":960,\"orientation\":\"portrait\"}},\"imageMeta\":{\"aperture\":\"0\",\"credit\":\"\",\"camera\":\"\",\"caption\":\"\",\"created_timestamp\":\"0\",\"copyright\":\"\",\"focal_length\":\"0\",\"iso\":\"0\",\"shutter_speed\":\"0\",\"title\":\"\",\"orientation\":\"0\",\"keywords\":[],\"alt\":\"\"},\"meta\":false,\"postlink\":\"https:\/\/vedruna.org\/en\/adkur_3\/\"},{\"id\":40194,\"title\":\"Adkur_2\",\"url\":\"https:\/\/vedruna.org\/wp-content\/uploads\/2026\/09\/Adkur_2.jpg\",\"link\":\"https:\/\/vedruna.org\/en\/adkur_2-2\/\",\"alt\":\"\",\"description\":\"\",\"caption\":\"\",\"mime\":\"image\/jpeg\",\"type\":\"image\",\"width\":1280,\"height\":960,\"sizes\":{\"thumbnail\":{\"height\":150,\"width\":150,\"url\":\"https:\/\/vedruna.org\/wp-content\/uploads\/2026\/09\/Adkur_2-150x150.jpg\",\"orientation\":\"landscape\"},\"medium\":{\"height\":225,\"width\":300,\"url\":\"https:\/\/vedruna.org\/wp-content\/uploads\/2026\/09\/Adkur_2-300x225.jpg\",\"orientation\":\"landscape\"},\"large\":{\"height\":768,\"width\":1024,\"url\":\"https:\/\/vedruna.org\/wp-content\/uploads\/2026\/09\/Adkur_2-1024x768.jpg\",\"orientation\":\"landscape\"},\"full\":{\"url\":\"https:\/\/vedruna.org\/wp-content\/uploads\/2026\/09\/Adkur_2.jpg\",\"height\":960,\"width\":1280,\"orientation\":\"landscape\"}},\"imageMeta\":{\"aperture\":\"0\",\"credit\":\"\",\"camera\":\"\",\"caption\":\"\",\"created_timestamp\":\"0\",\"copyright\":\"\",\"focal_length\":\"0\",\"iso\":\"0\",\"shutter_speed\":\"0\",\"title\":\"\",\"orientation\":\"0\",\"keywords\":[],\"alt\":\"\"},\"meta\":false,\"postlink\":\"https:\/\/vedruna.org\/en\/adkur_2-2\/\"}],\"useClobalSettings\":true,\"shareFacebook\":false,\"shareTwitter\":false,\"sharePinterest\":false,\"sliderItemDownload\":false,\"shareCopyLink\":false,\"sliderItemCounterEnable\":false,\"sliderItemTitleFontSize\":20,\"sliderSlideshow\":false,\"sliderSocialShareEnabled\":false,\"sliderZoomEnable\":false,\"translatedWithWPMLTM\":\"1\",\"itemsMetaDataCollection\":[]}<\/script><script>(function(){if(window.PGC_SGB && window.PGC_SGB.searcher){window.PGC_SGB.searcher.initBlocks()}})()<\/script><\/div>","protected":false},"excerpt":{"rendered":"<p>La comunitat d&#8217;Adkur va tenir una doble celebraci\u00f3 el 28 d&#8217;agost, el Bicentenari i els 50 anys de vida religiosa de la germana Carmen Borges, ccv. Durant l&#8217;Eucaristia, van donar gr\u00e0cies a D\u00e9u pel do de la germana Joaquina i el seu carisma a l&#8217;Esgl\u00e9sia i pels anys daurats de la germana Carmen Borges a [&hellip;]<\/p>\n","protected":false},"author":21,"featured_media":40224,"comment_status":"closed","ping_status":"closed","sticky":false,"template":"","format":"standard","meta":{"_et_pb_use_builder":"","_et_pb_old_content":"","_et_gb_content_width":"","pgc_sgb_lightbox_settings":"","footnotes":""},"categories":[584,570,282],"tags":[],"class_list":["post-40227","post","type-post","status-publish","format-standard","has-post-thumbnail","hentry","category-bicentenari-de-lindia","category-bicentenari-india","category-provincia-dindia"],"yoast_head":"<!-- This site is optimized with the Yoast SEO plugin v28.4 - https:\/\/yoast.com\/product\/yoast-seo-wordpress\/ -->\n<title>Una doble celebraci\u00f3 de gratitud a Adkur - Carmelitas de la Caridad Vedruna<\/title>\n<meta name=\"description\" content=\"El 28 d&#039;agost, la comunitat d&#039;Adkur va celebrar el bicentenari de Vedruna i els 50 anys de vida religiosa de la germana Carmen Borges, ccv.\" \/>\n<meta name=\"robots\" content=\"index, follow, max-snippet:-1, max-image-preview:large, max-video-preview:-1\" \/>\n<link rel=\"canonical\" href=\"https:\/\/vedruna.org\/ca\/una-doble-celebracio-de-gratitud-a-adkur\/\" \/>\n<meta property=\"og:locale\" content=\"ca_ES\" \/>\n<meta property=\"og:type\" content=\"article\" \/>\n<meta property=\"og:title\" content=\"Una doble celebraci\u00f3 de gratitud a Adkur - Carmelitas de la Caridad Vedruna\" \/>\n<meta property=\"og:description\" content=\"El 28 d&#039;agost, la comunitat d&#039;Adkur va celebrar el bicentenari de Vedruna i els 50 anys de vida religiosa de la germana Carmen Borges, ccv.\" \/>\n<meta property=\"og:url\" content=\"https:\/\/vedruna.org\/ca\/una-doble-celebracio-de-gratitud-a-adkur\/\" \/>\n<meta property=\"og:site_name\" content=\"Carmelitas de la Caridad Vedruna\" \/>\n<meta property=\"article:published_time\" content=\"2026-09-03T11:07:22+00:00\" \/>\n<meta property=\"article:modified_time\" content=\"2026-09-03T11:11:31+00:00\" \/>\n<meta property=\"og:image\" content=\"https:\/\/vedruna.org\/wp-content\/uploads\/2026\/09\/Adkur_4.jpg\" \/>\n\t<meta property=\"og:image:width\" content=\"1280\" \/>\n\t<meta property=\"og:image:height\" content=\"720\" \/>\n\t<meta property=\"og:image:type\" content=\"image\/jpeg\" \/>\n<meta name=\"author\" content=\"Maria Agustina G\u00f3mez\" \/>\n<meta name=\"twitter:card\" content=\"summary_large_image\" \/>\n<meta name=\"twitter:label1\" content=\"Escrit per\" \/>\n\t<meta name=\"twitter:data1\" content=\"Maria Agustina G\u00f3mez\" \/>\n<script type=\"application\/ld+json\" class=\"yoast-schema-graph\">{\"@context\":\"https:\\\/\\\/schema.org\",\"@graph\":[{\"@type\":\"Article\",\"@id\":\"https:\\\/\\\/vedruna.org\\\/ca\\\/una-doble-celebracio-de-gratitud-a-adkur\\\/#article\",\"isPartOf\":{\"@id\":\"https:\\\/\\\/vedruna.org\\\/ca\\\/una-doble-celebracio-de-gratitud-a-adkur\\\/\"},\"author\":{\"name\":\"Maria Agustina G\u00f3mez\",\"@id\":\"https:\\\/\\\/vedruna.org\\\/ca\\\/#\\\/schema\\\/person\\\/95fe789adf27c2831fc5a049c727edf5\"},\"headline\":\"Una doble celebraci\u00f3 de gratitud a Adkur\",\"datePublished\":\"2026-09-03T11:07:22+00:00\",\"dateModified\":\"2026-09-03T11:11:31+00:00\",\"mainEntityOfPage\":{\"@id\":\"https:\\\/\\\/vedruna.org\\\/ca\\\/una-doble-celebracio-de-gratitud-a-adkur\\\/\"},\"wordCount\":87,\"publisher\":{\"@id\":\"https:\\\/\\\/vedruna.org\\\/ca\\\/#organization\"},\"image\":{\"@id\":\"https:\\\/\\\/vedruna.org\\\/ca\\\/una-doble-celebracio-de-gratitud-a-adkur\\\/#primaryimage\"},\"thumbnailUrl\":\"https:\\\/\\\/vedruna.org\\\/wp-content\\\/uploads\\\/2026\\\/09\\\/Adkur_4.jpg\",\"articleSection\":[\"Bicentenari de l'\u00cdndia\",\"Bicentenari \u00cdndia\",\"Prov\u00edncia d'\u00cdndia\"],\"inLanguage\":\"ca\"},{\"@type\":\"WebPage\",\"@id\":\"https:\\\/\\\/vedruna.org\\\/ca\\\/una-doble-celebracio-de-gratitud-a-adkur\\\/\",\"url\":\"https:\\\/\\\/vedruna.org\\\/ca\\\/una-doble-celebracio-de-gratitud-a-adkur\\\/\",\"name\":\"Una doble celebraci\u00f3 de gratitud a Adkur - Carmelitas de la Caridad Vedruna\",\"isPartOf\":{\"@id\":\"https:\\\/\\\/vedruna.org\\\/ca\\\/#website\"},\"primaryImageOfPage\":{\"@id\":\"https:\\\/\\\/vedruna.org\\\/ca\\\/una-doble-celebracio-de-gratitud-a-adkur\\\/#primaryimage\"},\"image\":{\"@id\":\"https:\\\/\\\/vedruna.org\\\/ca\\\/una-doble-celebracio-de-gratitud-a-adkur\\\/#primaryimage\"},\"thumbnailUrl\":\"https:\\\/\\\/vedruna.org\\\/wp-content\\\/uploads\\\/2026\\\/09\\\/Adkur_4.jpg\",\"datePublished\":\"2026-09-03T11:07:22+00:00\",\"dateModified\":\"2026-09-03T11:11:31+00:00\",\"description\":\"El 28 d'agost, la comunitat d'Adkur va celebrar el bicentenari de Vedruna i els 50 anys de vida religiosa de la germana Carmen Borges, ccv.\",\"breadcrumb\":{\"@id\":\"https:\\\/\\\/vedruna.org\\\/ca\\\/una-doble-celebracio-de-gratitud-a-adkur\\\/#breadcrumb\"},\"inLanguage\":\"ca\",\"potentialAction\":[{\"@type\":\"ReadAction\",\"target\":[\"https:\\\/\\\/vedruna.org\\\/ca\\\/una-doble-celebracio-de-gratitud-a-adkur\\\/\"]}]},{\"@type\":\"ImageObject\",\"inLanguage\":\"ca\",\"@id\":\"https:\\\/\\\/vedruna.org\\\/ca\\\/una-doble-celebracio-de-gratitud-a-adkur\\\/#primaryimage\",\"url\":\"https:\\\/\\\/vedruna.org\\\/wp-content\\\/uploads\\\/2026\\\/09\\\/Adkur_4.jpg\",\"contentUrl\":\"https:\\\/\\\/vedruna.org\\\/wp-content\\\/uploads\\\/2026\\\/09\\\/Adkur_4.jpg\",\"width\":1280,\"height\":720},{\"@type\":\"BreadcrumbList\",\"@id\":\"https:\\\/\\\/vedruna.org\\\/ca\\\/una-doble-celebracio-de-gratitud-a-adkur\\\/#breadcrumb\",\"itemListElement\":[{\"@type\":\"ListItem\",\"position\":1,\"name\":\"Portada\",\"item\":\"https:\\\/\\\/vedruna.org\\\/ca\\\/\"},{\"@type\":\"ListItem\",\"position\":2,\"name\":\"Una doble celebraci\u00f3 de gratitud a Adkur\"}]},{\"@type\":\"WebSite\",\"@id\":\"https:\\\/\\\/vedruna.org\\\/ca\\\/#website\",\"url\":\"https:\\\/\\\/vedruna.org\\\/ca\\\/\",\"name\":\"Carmelitas de la Caridad Vedruna\",\"description\":\"Carmelitas de la caridad\",\"publisher\":{\"@id\":\"https:\\\/\\\/vedruna.org\\\/ca\\\/#organization\"},\"potentialAction\":[{\"@type\":\"SearchAction\",\"target\":{\"@type\":\"EntryPoint\",\"urlTemplate\":\"https:\\\/\\\/vedruna.org\\\/ca\\\/?s={search_term_string}\"},\"query-input\":{\"@type\":\"PropertyValueSpecification\",\"valueRequired\":true,\"valueName\":\"search_term_string\"}}],\"inLanguage\":\"ca\"},{\"@type\":\"Organization\",\"@id\":\"https:\\\/\\\/vedruna.org\\\/ca\\\/#organization\",\"name\":\"Carmelitas de la caridad Vedruna\",\"url\":\"https:\\\/\\\/vedruna.org\\\/ca\\\/\",\"logo\":{\"@type\":\"ImageObject\",\"inLanguage\":\"ca\",\"@id\":\"https:\\\/\\\/vedruna.org\\\/ca\\\/#\\\/schema\\\/logo\\\/image\\\/\",\"url\":\"https:\\\/\\\/vedruna.org\\\/wp-content\\\/uploads\\\/2022\\\/04\\\/LOGO-VEDRUNA-HORIZONTAL.png\",\"contentUrl\":\"https:\\\/\\\/vedruna.org\\\/wp-content\\\/uploads\\\/2022\\\/04\\\/LOGO-VEDRUNA-HORIZONTAL.png\",\"width\":1200,\"height\":463,\"caption\":\"Carmelitas de la caridad Vedruna\"},\"image\":{\"@id\":\"https:\\\/\\\/vedruna.org\\\/ca\\\/#\\\/schema\\\/logo\\\/image\\\/\"}},{\"@type\":\"Person\",\"@id\":\"https:\\\/\\\/vedruna.org\\\/ca\\\/#\\\/schema\\\/person\\\/95fe789adf27c2831fc5a049c727edf5\",\"name\":\"Maria Agustina G\u00f3mez\",\"image\":{\"@type\":\"ImageObject\",\"inLanguage\":\"ca\",\"@id\":\"https:\\\/\\\/secure.gravatar.com\\\/avatar\\\/8af3ece86571c098b978434bbc43b948c403c1ae191f09a04e94f916638ceb2c?s=96&d=mm&r=g\",\"url\":\"https:\\\/\\\/secure.gravatar.com\\\/avatar\\\/8af3ece86571c098b978434bbc43b948c403c1ae191f09a04e94f916638ceb2c?s=96&d=mm&r=g\",\"contentUrl\":\"https:\\\/\\\/secure.gravatar.com\\\/avatar\\\/8af3ece86571c098b978434bbc43b948c403c1ae191f09a04e94f916638ceb2c?s=96&d=mm&r=g\",\"caption\":\"Maria Agustina G\u00f3mez\"},\"url\":\"https:\\\/\\\/vedruna.org\\\/ca\\\/author\\\/agustina-gomez\\\/\"}]}<\/script>\n<!-- \/ Yoast SEO plugin. -->","yoast_head_json":{"title":"Una doble celebraci\u00f3 de gratitud a Adkur - Carmelitas de la Caridad Vedruna","description":"El 28 d'agost, la comunitat d'Adkur va celebrar el bicentenari de Vedruna i els 50 anys de vida religiosa de la germana Carmen Borges, ccv.","robots":{"index":"index","follow":"follow","max-snippet":"max-snippet:-1","max-image-preview":"max-image-preview:large","max-video-preview":"max-video-preview:-1"},"canonical":"https:\/\/vedruna.org\/ca\/una-doble-celebracio-de-gratitud-a-adkur\/","og_locale":"ca_ES","og_type":"article","og_title":"Una doble celebraci\u00f3 de gratitud a Adkur - Carmelitas de la Caridad Vedruna","og_description":"El 28 d'agost, la comunitat d'Adkur va celebrar el bicentenari de Vedruna i els 50 anys de vida religiosa de la germana Carmen Borges, ccv.","og_url":"https:\/\/vedruna.org\/ca\/una-doble-celebracio-de-gratitud-a-adkur\/","og_site_name":"Carmelitas de la Caridad Vedruna","article_published_time":"2026-09-03T11:07:22+00:00","article_modified_time":"2026-09-03T11:11:31+00:00","og_image":[{"width":1280,"height":720,"url":"https:\/\/vedruna.org\/wp-content\/uploads\/2026\/09\/Adkur_4.jpg","type":"image\/jpeg"}],"author":"Maria Agustina G\u00f3mez","twitter_card":"summary_large_image","twitter_misc":{"Escrit per":"Maria Agustina G\u00f3mez"},"schema":{"@context":"https:\/\/schema.org","@graph":[{"@type":"Article","@id":"https:\/\/vedruna.org\/ca\/una-doble-celebracio-de-gratitud-a-adkur\/#article","isPartOf":{"@id":"https:\/\/vedruna.org\/ca\/una-doble-celebracio-de-gratitud-a-adkur\/"},"author":{"name":"Maria Agustina G\u00f3mez","@id":"https:\/\/vedruna.org\/ca\/#\/schema\/person\/95fe789adf27c2831fc5a049c727edf5"},"headline":"Una doble celebraci\u00f3 de gratitud a Adkur","datePublished":"2026-09-03T11:07:22+00:00","dateModified":"2026-09-03T11:11:31+00:00","mainEntityOfPage":{"@id":"https:\/\/vedruna.org\/ca\/una-doble-celebracio-de-gratitud-a-adkur\/"},"wordCount":87,"publisher":{"@id":"https:\/\/vedruna.org\/ca\/#organization"},"image":{"@id":"https:\/\/vedruna.org\/ca\/una-doble-celebracio-de-gratitud-a-adkur\/#primaryimage"},"thumbnailUrl":"https:\/\/vedruna.org\/wp-content\/uploads\/2026\/09\/Adkur_4.jpg","articleSection":["Bicentenari de l'\u00cdndia","Bicentenari \u00cdndia","Prov\u00edncia d'\u00cdndia"],"inLanguage":"ca"},{"@type":"WebPage","@id":"https:\/\/vedruna.org\/ca\/una-doble-celebracio-de-gratitud-a-adkur\/","url":"https:\/\/vedruna.org\/ca\/una-doble-celebracio-de-gratitud-a-adkur\/","name":"Una doble celebraci\u00f3 de gratitud a Adkur - Carmelitas de la Caridad Vedruna","isPartOf":{"@id":"https:\/\/vedruna.org\/ca\/#website"},"primaryImageOfPage":{"@id":"https:\/\/vedruna.org\/ca\/una-doble-celebracio-de-gratitud-a-adkur\/#primaryimage"},"image":{"@id":"https:\/\/vedruna.org\/ca\/una-doble-celebracio-de-gratitud-a-adkur\/#primaryimage"},"thumbnailUrl":"https:\/\/vedruna.org\/wp-content\/uploads\/2026\/09\/Adkur_4.jpg","datePublished":"2026-09-03T11:07:22+00:00","dateModified":"2026-09-03T11:11:31+00:00","description":"El 28 d'agost, la comunitat d'Adkur va celebrar el bicentenari de Vedruna i els 50 anys de vida religiosa de la germana Carmen Borges, ccv.","breadcrumb":{"@id":"https:\/\/vedruna.org\/ca\/una-doble-celebracio-de-gratitud-a-adkur\/#breadcrumb"},"inLanguage":"ca","potentialAction":[{"@type":"ReadAction","target":["https:\/\/vedruna.org\/ca\/una-doble-celebracio-de-gratitud-a-adkur\/"]}]},{"@type":"ImageObject","inLanguage":"ca","@id":"https:\/\/vedruna.org\/ca\/una-doble-celebracio-de-gratitud-a-adkur\/#primaryimage","url":"https:\/\/vedruna.org\/wp-content\/uploads\/2026\/09\/Adkur_4.jpg","contentUrl":"https:\/\/vedruna.org\/wp-content\/uploads\/2026\/09\/Adkur_4.jpg","width":1280,"height":720},{"@type":"BreadcrumbList","@id":"https:\/\/vedruna.org\/ca\/una-doble-celebracio-de-gratitud-a-adkur\/#breadcrumb","itemListElement":[{"@type":"ListItem","position":1,"name":"Portada","item":"https:\/\/vedruna.org\/ca\/"},{"@type":"ListItem","position":2,"name":"Una doble celebraci\u00f3 de gratitud a Adkur"}]},{"@type":"WebSite","@id":"https:\/\/vedruna.org\/ca\/#website","url":"https:\/\/vedruna.org\/ca\/","name":"Carmelitas de la Caridad Vedruna","description":"Carmelitas de la caridad","publisher":{"@id":"https:\/\/vedruna.org\/ca\/#organization"},"potentialAction":[{"@type":"SearchAction","target":{"@type":"EntryPoint","urlTemplate":"https:\/\/vedruna.org\/ca\/?s={search_term_string}"},"query-input":{"@type":"PropertyValueSpecification","valueRequired":true,"valueName":"search_term_string"}}],"inLanguage":"ca"},{"@type":"Organization","@id":"https:\/\/vedruna.org\/ca\/#organization","name":"Carmelitas de la caridad Vedruna","url":"https:\/\/vedruna.org\/ca\/","logo":{"@type":"ImageObject","inLanguage":"ca","@id":"https:\/\/vedruna.org\/ca\/#\/schema\/logo\/image\/","url":"https:\/\/vedruna.org\/wp-content\/uploads\/2022\/04\/LOGO-VEDRUNA-HORIZONTAL.png","contentUrl":"https:\/\/vedruna.org\/wp-content\/uploads\/2022\/04\/LOGO-VEDRUNA-HORIZONTAL.png","width":1200,"height":463,"caption":"Carmelitas de la caridad Vedruna"},"image":{"@id":"https:\/\/vedruna.org\/ca\/#\/schema\/logo\/image\/"}},{"@type":"Person","@id":"https:\/\/vedruna.org\/ca\/#\/schema\/person\/95fe789adf27c2831fc5a049c727edf5","name":"Maria Agustina G\u00f3mez","image":{"@type":"ImageObject","inLanguage":"ca","@id":"https:\/\/secure.gravatar.com\/avatar\/8af3ece86571c098b978434bbc43b948c403c1ae191f09a04e94f916638ceb2c?s=96&d=mm&r=g","url":"https:\/\/secure.gravatar.com\/avatar\/8af3ece86571c098b978434bbc43b948c403c1ae191f09a04e94f916638ceb2c?s=96&d=mm&r=g","contentUrl":"https:\/\/secure.gravatar.com\/avatar\/8af3ece86571c098b978434bbc43b948c403c1ae191f09a04e94f916638ceb2c?s=96&d=mm&r=g","caption":"Maria Agustina G\u00f3mez"},"url":"https:\/\/vedruna.org\/ca\/author\/agustina-gomez\/"}]}},"_links":{"self":[{"href":"https:\/\/vedruna.org\/ca\/wp-json\/wp\/v2\/posts\/40227","targetHints":{"allow":["GET"]}}],"collection":[{"href":"https:\/\/vedruna.org\/ca\/wp-json\/wp\/v2\/posts"}],"about":[{"href":"https:\/\/vedruna.org\/ca\/wp-json\/wp\/v2\/types\/post"}],"author":[{"embeddable":true,"href":"https:\/\/vedruna.org\/ca\/wp-json\/wp\/v2\/users\/21"}],"replies":[{"embeddable":true,"href":"https:\/\/vedruna.org\/ca\/wp-json\/wp\/v2\/comments?post=40227"}],"version-history":[{"count":1,"href":"https:\/\/vedruna.org\/ca\/wp-json\/wp\/v2\/posts\/40227\/revisions"}],"predecessor-version":[{"id":40228,"href":"https:\/\/vedruna.org\/ca\/wp-json\/wp\/v2\/posts\/40227\/revisions\/40228"}],"wp:featuredmedia":[{"embeddable":true,"href":"https:\/\/vedruna.org\/ca\/wp-json\/wp\/v2\/media\/40224"}],"wp:attachment":[{"href":"https:\/\/vedruna.org\/ca\/wp-json\/wp\/v2\/media?parent=40227"}],"wp:term":[{"taxonomy":"category","embeddable":true,"href":"https:\/\/vedruna.org\/ca\/wp-json\/wp\/v2\/categories?post=40227"},{"taxonomy":"post_tag","embeddable":true,"href":"https:\/\/vedruna.org\/ca\/wp-json\/wp\/v2\/tags?post=40227"}],"curies":[{"name":"wp","href":"https:\/\/api.w.org\/{rel}","templated":true}]}}