{"id":40291,"date":"2026-09-03T21:43:58","date_gmt":"2026-09-03T19:43:58","guid":{"rendered":"https:\/\/vedruna.org\/la-missio-vedruna-continua-a-caceres-a-traves-del-collegi-santa-cecilia\/"},"modified":"2026-09-03T21:44:59","modified_gmt":"2026-09-03T19:44:59","slug":"la-missio-vedruna-continua-a-caceres-a-traves-del-collegi-santa-cecilia","status":"publish","type":"post","link":"https:\/\/vedruna.org\/ca\/la-missio-vedruna-continua-a-caceres-a-traves-del-collegi-santa-cecilia\/","title":{"rendered":"La missi\u00f3 Vedruna continua a C\u00e0ceres a trav\u00e9s del Col\u00b7legi Santa Cec\u00edlia"},"content":{"rendered":"\n<p class=\"wp-block-paragraph\">Despr\u00e9s de m\u00e9s de 135 anys de pres\u00e8ncia a C\u00e0ceres, formant part de la hist\u00f2ria de la ciutat i de la vida de moltes generacions, la comunitat de germanes Vedruna comen\u00e7a una nova etapa, mentre el Col\u00b7legi Santa Cec\u00edlia continua desenvolupant el seu projecte educatiu i mantenint viu el llegat de Santa Joaquina a la ciutat.<\/p>\n\n<p class=\"wp-block-paragraph\">Compartim el comunicat de l&#8217;Equip Provincial de Vedruna, avui publicat amb motiu d&#8217;aquest moment significatiu. Per con\u00e8ixer tots els detalls d&#8217;aquest comiat i de la continu\u00eftat de la missi\u00f3 al Col\u00b7legi Santa Cec\u00edlia, convidem a llegir la not\u00edcia publicada a <a href=\"https:\/\/vedruna.eu\/portfolio-item\/la-comunidad-de-hermanas-vedruna-se-despide-de-caceres-pero-la-labor-del-colegio-santa-cecilia-continua\/\">vedruna.eu.<\/a> <\/p>\n\n<figure class=\"wp-block-embed is-type-wp-embed is-provider-provincia-vedruna-europa wp-block-embed-provincia-vedruna-europa\"><div class=\"wp-block-embed__wrapper\">\n<blockquote class=\"wp-embedded-content\" data-secret=\"fiO8PK09FK\"><a href=\"https:\/\/vedruna.eu\/portfolio-item\/la-comunidad-de-hermanas-vedruna-se-despide-de-caceres-pero-la-labor-del-colegio-santa-cecilia-continua\/\">La comunidad de hermanas Vedruna se despide de C\u00e1ceres, pero la labor del Colegio Santa Cecilia contin\u00faa<\/a><\/blockquote><iframe loading=\"lazy\" class=\"wp-embedded-content\" sandbox=\"allow-scripts\" security=\"restricted\" style=\"position: absolute; visibility: hidden;\" title=\"\u00abLa comunidad de hermanas Vedruna se despide de C\u00e1ceres, pero la labor del Colegio Santa Cecilia contin\u00faa\u00bb \u2014 Provincia Vedruna Europa\" src=\"https:\/\/vedruna.eu\/portfolio-item\/la-comunidad-de-hermanas-vedruna-se-despide-de-caceres-pero-la-labor-del-colegio-santa-cecilia-continua\/embed\/#?secret=fiO8PK09FK\" data-secret=\"fiO8PK09FK\" width=\"600\" height=\"338\" frameborder=\"0\" marginwidth=\"0\" marginheight=\"0\" scrolling=\"no\"><\/iframe>\n<\/div><\/figure>\n","protected":false},"excerpt":{"rendered":"<p>Despr\u00e9s de m\u00e9s de 135 anys de pres\u00e8ncia a C\u00e0ceres, formant part de la hist\u00f2ria de la ciutat i de la vida de moltes generacions, la comunitat de germanes Vedruna comen\u00e7a una nova etapa, mentre el Col\u00b7legi Santa Cec\u00edlia continua desenvolupant el seu projecte educatiu i mantenint viu el llegat de Santa Joaquina a la [&hellip;]<\/p>\n","protected":false},"author":21,"featured_media":40292,"comment_status":"closed","ping_status":"closed","sticky":false,"template":"","format":"standard","meta":{"_et_pb_use_builder":"","_et_pb_old_content":"","_et_gb_content_width":"","pgc_sgb_lightbox_settings":"","footnotes":""},"categories":[255],"tags":[],"class_list":["post-40291","post","type-post","status-publish","format-standard","has-post-thumbnail","hentry","category-provincia-deuropa"],"yoast_head":"<!-- This site is optimized with the Yoast SEO plugin v28.4 - https:\/\/yoast.com\/product\/yoast-seo-wordpress\/ -->\n<title>La missi\u00f3 Vedruna continua a C\u00e0ceres a trav\u00e9s del Col\u00b7legi Santa Cec\u00edlia - Carmelitas de la Caridad Vedruna<\/title>\n<meta name=\"description\" content=\"Despr\u00e9s de m\u00e9s de 135 anys de pres\u00e8ncia a C\u00e0ceres, formant part de la hist\u00f2ria de la ciutat i de la vida de moltes generacions, la comunitat de germanes Vedruna comen\u00e7a una nova etapa, mentre el Col\u00b7legi Santa Cec\u00edlia continua desenvolupant el seu projecte educatiu i mantenint viu el llegat de Santa Joaquina a la ciutat\" \/>\n<meta name=\"robots\" content=\"index, follow, max-snippet:-1, max-image-preview:large, max-video-preview:-1\" \/>\n<link rel=\"canonical\" href=\"https:\/\/vedruna.org\/ca\/la-missio-vedruna-continua-a-caceres-a-traves-del-collegi-santa-cecilia\/\" \/>\n<meta property=\"og:locale\" content=\"ca_ES\" \/>\n<meta property=\"og:type\" content=\"article\" \/>\n<meta property=\"og:title\" content=\"La missi\u00f3 Vedruna continua a C\u00e0ceres a trav\u00e9s del Col\u00b7legi Santa Cec\u00edlia - Carmelitas de la Caridad Vedruna\" \/>\n<meta property=\"og:description\" content=\"Despr\u00e9s de m\u00e9s de 135 anys de pres\u00e8ncia a C\u00e0ceres, formant part de la hist\u00f2ria de la ciutat i de la vida de moltes generacions, la comunitat de germanes Vedruna comen\u00e7a una nova etapa, mentre el Col\u00b7legi Santa Cec\u00edlia continua desenvolupant el seu projecte educatiu i mantenint viu el llegat de Santa Joaquina a la ciutat\" \/>\n<meta property=\"og:url\" content=\"https:\/\/vedruna.org\/ca\/la-missio-vedruna-continua-a-caceres-a-traves-del-collegi-santa-cecilia\/\" \/>\n<meta property=\"og:site_name\" content=\"Carmelitas de la Caridad Vedruna\" \/>\n<meta property=\"article:published_time\" content=\"2026-09-03T19:43:58+00:00\" \/>\n<meta property=\"article:modified_time\" content=\"2026-09-03T19:44:59+00:00\" \/>\n<meta property=\"og:image\" content=\"https:\/\/vedruna.org\/wp-content\/uploads\/2026\/09\/Caceres.jpeg\" \/>\n\t<meta property=\"og:image:width\" content=\"2000\" \/>\n\t<meta property=\"og:image:height\" content=\"1126\" \/>\n\t<meta property=\"og:image:type\" content=\"image\/jpeg\" \/>\n<meta name=\"author\" content=\"Maria Agustina G\u00f3mez\" \/>\n<meta name=\"twitter:card\" content=\"summary_large_image\" \/>\n<meta name=\"twitter:label1\" content=\"Escrit per\" \/>\n\t<meta name=\"twitter:data1\" content=\"Maria Agustina G\u00f3mez\" \/>\n\t<meta name=\"twitter:label2\" content=\"Temps estimat de lectura\" \/>\n\t<meta name=\"twitter:data2\" content=\"1 minut\" \/>\n<script type=\"application\/ld+json\" class=\"yoast-schema-graph\">{\"@context\":\"https:\\\/\\\/schema.org\",\"@graph\":[{\"@type\":\"Article\",\"@id\":\"https:\\\/\\\/vedruna.org\\\/ca\\\/la-missio-vedruna-continua-a-caceres-a-traves-del-collegi-santa-cecilia\\\/#article\",\"isPartOf\":{\"@id\":\"https:\\\/\\\/vedruna.org\\\/ca\\\/la-missio-vedruna-continua-a-caceres-a-traves-del-collegi-santa-cecilia\\\/\"},\"author\":{\"name\":\"Maria Agustina G\u00f3mez\",\"@id\":\"https:\\\/\\\/vedruna.org\\\/ca\\\/#\\\/schema\\\/person\\\/95fe789adf27c2831fc5a049c727edf5\"},\"headline\":\"La missi\u00f3 Vedruna continua a C\u00e0ceres a trav\u00e9s del Col\u00b7legi Santa Cec\u00edlia\",\"datePublished\":\"2026-09-03T19:43:58+00:00\",\"dateModified\":\"2026-09-03T19:44:59+00:00\",\"mainEntityOfPage\":{\"@id\":\"https:\\\/\\\/vedruna.org\\\/ca\\\/la-missio-vedruna-continua-a-caceres-a-traves-del-collegi-santa-cecilia\\\/\"},\"wordCount\":134,\"publisher\":{\"@id\":\"https:\\\/\\\/vedruna.org\\\/ca\\\/#organization\"},\"image\":{\"@id\":\"https:\\\/\\\/vedruna.org\\\/ca\\\/la-missio-vedruna-continua-a-caceres-a-traves-del-collegi-santa-cecilia\\\/#primaryimage\"},\"thumbnailUrl\":\"https:\\\/\\\/vedruna.org\\\/wp-content\\\/uploads\\\/2026\\\/09\\\/Caceres.jpeg\",\"articleSection\":[\"Prov\u00edncia d'Europa\"],\"inLanguage\":\"ca\"},{\"@type\":\"WebPage\",\"@id\":\"https:\\\/\\\/vedruna.org\\\/ca\\\/la-missio-vedruna-continua-a-caceres-a-traves-del-collegi-santa-cecilia\\\/\",\"url\":\"https:\\\/\\\/vedruna.org\\\/ca\\\/la-missio-vedruna-continua-a-caceres-a-traves-del-collegi-santa-cecilia\\\/\",\"name\":\"La missi\u00f3 Vedruna continua a C\u00e0ceres a trav\u00e9s del Col\u00b7legi Santa Cec\u00edlia - Carmelitas de la Caridad Vedruna\",\"isPartOf\":{\"@id\":\"https:\\\/\\\/vedruna.org\\\/ca\\\/#website\"},\"primaryImageOfPage\":{\"@id\":\"https:\\\/\\\/vedruna.org\\\/ca\\\/la-missio-vedruna-continua-a-caceres-a-traves-del-collegi-santa-cecilia\\\/#primaryimage\"},\"image\":{\"@id\":\"https:\\\/\\\/vedruna.org\\\/ca\\\/la-missio-vedruna-continua-a-caceres-a-traves-del-collegi-santa-cecilia\\\/#primaryimage\"},\"thumbnailUrl\":\"https:\\\/\\\/vedruna.org\\\/wp-content\\\/uploads\\\/2026\\\/09\\\/Caceres.jpeg\",\"datePublished\":\"2026-09-03T19:43:58+00:00\",\"dateModified\":\"2026-09-03T19:44:59+00:00\",\"description\":\"Despr\u00e9s de m\u00e9s de 135 anys de pres\u00e8ncia a C\u00e0ceres, formant part de la hist\u00f2ria de la ciutat i de la vida de moltes generacions, la comunitat de germanes Vedruna comen\u00e7a una nova etapa, mentre el Col\u00b7legi Santa Cec\u00edlia continua desenvolupant el seu projecte educatiu i mantenint viu el llegat de Santa Joaquina a la ciutat\",\"breadcrumb\":{\"@id\":\"https:\\\/\\\/vedruna.org\\\/ca\\\/la-missio-vedruna-continua-a-caceres-a-traves-del-collegi-santa-cecilia\\\/#breadcrumb\"},\"inLanguage\":\"ca\",\"potentialAction\":[{\"@type\":\"ReadAction\",\"target\":[\"https:\\\/\\\/vedruna.org\\\/ca\\\/la-missio-vedruna-continua-a-caceres-a-traves-del-collegi-santa-cecilia\\\/\"]}]},{\"@type\":\"ImageObject\",\"inLanguage\":\"ca\",\"@id\":\"https:\\\/\\\/vedruna.org\\\/ca\\\/la-missio-vedruna-continua-a-caceres-a-traves-del-collegi-santa-cecilia\\\/#primaryimage\",\"url\":\"https:\\\/\\\/vedruna.org\\\/wp-content\\\/uploads\\\/2026\\\/09\\\/Caceres.jpeg\",\"contentUrl\":\"https:\\\/\\\/vedruna.org\\\/wp-content\\\/uploads\\\/2026\\\/09\\\/Caceres.jpeg\",\"width\":2000,\"height\":1126},{\"@type\":\"BreadcrumbList\",\"@id\":\"https:\\\/\\\/vedruna.org\\\/ca\\\/la-missio-vedruna-continua-a-caceres-a-traves-del-collegi-santa-cecilia\\\/#breadcrumb\",\"itemListElement\":[{\"@type\":\"ListItem\",\"position\":1,\"name\":\"Portada\",\"item\":\"https:\\\/\\\/vedruna.org\\\/ca\\\/\"},{\"@type\":\"ListItem\",\"position\":2,\"name\":\"La missi\u00f3 Vedruna continua a C\u00e0ceres a trav\u00e9s del Col\u00b7legi Santa Cec\u00edlia\"}]},{\"@type\":\"WebSite\",\"@id\":\"https:\\\/\\\/vedruna.org\\\/ca\\\/#website\",\"url\":\"https:\\\/\\\/vedruna.org\\\/ca\\\/\",\"name\":\"Carmelitas de la Caridad Vedruna\",\"description\":\"Carmelitas de la caridad\",\"publisher\":{\"@id\":\"https:\\\/\\\/vedruna.org\\\/ca\\\/#organization\"},\"potentialAction\":[{\"@type\":\"SearchAction\",\"target\":{\"@type\":\"EntryPoint\",\"urlTemplate\":\"https:\\\/\\\/vedruna.org\\\/ca\\\/?s={search_term_string}\"},\"query-input\":{\"@type\":\"PropertyValueSpecification\",\"valueRequired\":true,\"valueName\":\"search_term_string\"}}],\"inLanguage\":\"ca\"},{\"@type\":\"Organization\",\"@id\":\"https:\\\/\\\/vedruna.org\\\/ca\\\/#organization\",\"name\":\"Carmelitas de la caridad Vedruna\",\"url\":\"https:\\\/\\\/vedruna.org\\\/ca\\\/\",\"logo\":{\"@type\":\"ImageObject\",\"inLanguage\":\"ca\",\"@id\":\"https:\\\/\\\/vedruna.org\\\/ca\\\/#\\\/schema\\\/logo\\\/image\\\/\",\"url\":\"https:\\\/\\\/vedruna.org\\\/wp-content\\\/uploads\\\/2022\\\/04\\\/LOGO-VEDRUNA-HORIZONTAL.png\",\"contentUrl\":\"https:\\\/\\\/vedruna.org\\\/wp-content\\\/uploads\\\/2022\\\/04\\\/LOGO-VEDRUNA-HORIZONTAL.png\",\"width\":1200,\"height\":463,\"caption\":\"Carmelitas de la caridad Vedruna\"},\"image\":{\"@id\":\"https:\\\/\\\/vedruna.org\\\/ca\\\/#\\\/schema\\\/logo\\\/image\\\/\"}},{\"@type\":\"Person\",\"@id\":\"https:\\\/\\\/vedruna.org\\\/ca\\\/#\\\/schema\\\/person\\\/95fe789adf27c2831fc5a049c727edf5\",\"name\":\"Maria Agustina G\u00f3mez\",\"image\":{\"@type\":\"ImageObject\",\"inLanguage\":\"ca\",\"@id\":\"https:\\\/\\\/secure.gravatar.com\\\/avatar\\\/8af3ece86571c098b978434bbc43b948c403c1ae191f09a04e94f916638ceb2c?s=96&d=mm&r=g\",\"url\":\"https:\\\/\\\/secure.gravatar.com\\\/avatar\\\/8af3ece86571c098b978434bbc43b948c403c1ae191f09a04e94f916638ceb2c?s=96&d=mm&r=g\",\"contentUrl\":\"https:\\\/\\\/secure.gravatar.com\\\/avatar\\\/8af3ece86571c098b978434bbc43b948c403c1ae191f09a04e94f916638ceb2c?s=96&d=mm&r=g\",\"caption\":\"Maria Agustina G\u00f3mez\"},\"url\":\"https:\\\/\\\/vedruna.org\\\/ca\\\/author\\\/agustina-gomez\\\/\"}]}<\/script>\n<!-- \/ Yoast SEO plugin. -->","yoast_head_json":{"title":"La missi\u00f3 Vedruna continua a C\u00e0ceres a trav\u00e9s del Col\u00b7legi Santa Cec\u00edlia - Carmelitas de la Caridad Vedruna","description":"Despr\u00e9s de m\u00e9s de 135 anys de pres\u00e8ncia a C\u00e0ceres, formant part de la hist\u00f2ria de la ciutat i de la vida de moltes generacions, la comunitat de germanes Vedruna comen\u00e7a una nova etapa, mentre el Col\u00b7legi Santa Cec\u00edlia continua desenvolupant el seu projecte educatiu i mantenint viu el llegat de Santa Joaquina a la ciutat","robots":{"index":"index","follow":"follow","max-snippet":"max-snippet:-1","max-image-preview":"max-image-preview:large","max-video-preview":"max-video-preview:-1"},"canonical":"https:\/\/vedruna.org\/ca\/la-missio-vedruna-continua-a-caceres-a-traves-del-collegi-santa-cecilia\/","og_locale":"ca_ES","og_type":"article","og_title":"La missi\u00f3 Vedruna continua a C\u00e0ceres a trav\u00e9s del Col\u00b7legi Santa Cec\u00edlia - Carmelitas de la Caridad Vedruna","og_description":"Despr\u00e9s de m\u00e9s de 135 anys de pres\u00e8ncia a C\u00e0ceres, formant part de la hist\u00f2ria de la ciutat i de la vida de moltes generacions, la comunitat de germanes Vedruna comen\u00e7a una nova etapa, mentre el Col\u00b7legi Santa Cec\u00edlia continua desenvolupant el seu projecte educatiu i mantenint viu el llegat de Santa Joaquina a la ciutat","og_url":"https:\/\/vedruna.org\/ca\/la-missio-vedruna-continua-a-caceres-a-traves-del-collegi-santa-cecilia\/","og_site_name":"Carmelitas de la Caridad Vedruna","article_published_time":"2026-09-03T19:43:58+00:00","article_modified_time":"2026-09-03T19:44:59+00:00","og_image":[{"width":2000,"height":1126,"url":"https:\/\/vedruna.org\/wp-content\/uploads\/2026\/09\/Caceres.jpeg","type":"image\/jpeg"}],"author":"Maria Agustina G\u00f3mez","twitter_card":"summary_large_image","twitter_misc":{"Escrit per":"Maria Agustina G\u00f3mez","Temps estimat de lectura":"1 minut"},"schema":{"@context":"https:\/\/schema.org","@graph":[{"@type":"Article","@id":"https:\/\/vedruna.org\/ca\/la-missio-vedruna-continua-a-caceres-a-traves-del-collegi-santa-cecilia\/#article","isPartOf":{"@id":"https:\/\/vedruna.org\/ca\/la-missio-vedruna-continua-a-caceres-a-traves-del-collegi-santa-cecilia\/"},"author":{"name":"Maria Agustina G\u00f3mez","@id":"https:\/\/vedruna.org\/ca\/#\/schema\/person\/95fe789adf27c2831fc5a049c727edf5"},"headline":"La missi\u00f3 Vedruna continua a C\u00e0ceres a trav\u00e9s del Col\u00b7legi Santa Cec\u00edlia","datePublished":"2026-09-03T19:43:58+00:00","dateModified":"2026-09-03T19:44:59+00:00","mainEntityOfPage":{"@id":"https:\/\/vedruna.org\/ca\/la-missio-vedruna-continua-a-caceres-a-traves-del-collegi-santa-cecilia\/"},"wordCount":134,"publisher":{"@id":"https:\/\/vedruna.org\/ca\/#organization"},"image":{"@id":"https:\/\/vedruna.org\/ca\/la-missio-vedruna-continua-a-caceres-a-traves-del-collegi-santa-cecilia\/#primaryimage"},"thumbnailUrl":"https:\/\/vedruna.org\/wp-content\/uploads\/2026\/09\/Caceres.jpeg","articleSection":["Prov\u00edncia d'Europa"],"inLanguage":"ca"},{"@type":"WebPage","@id":"https:\/\/vedruna.org\/ca\/la-missio-vedruna-continua-a-caceres-a-traves-del-collegi-santa-cecilia\/","url":"https:\/\/vedruna.org\/ca\/la-missio-vedruna-continua-a-caceres-a-traves-del-collegi-santa-cecilia\/","name":"La missi\u00f3 Vedruna continua a C\u00e0ceres a trav\u00e9s del Col\u00b7legi Santa Cec\u00edlia - Carmelitas de la Caridad Vedruna","isPartOf":{"@id":"https:\/\/vedruna.org\/ca\/#website"},"primaryImageOfPage":{"@id":"https:\/\/vedruna.org\/ca\/la-missio-vedruna-continua-a-caceres-a-traves-del-collegi-santa-cecilia\/#primaryimage"},"image":{"@id":"https:\/\/vedruna.org\/ca\/la-missio-vedruna-continua-a-caceres-a-traves-del-collegi-santa-cecilia\/#primaryimage"},"thumbnailUrl":"https:\/\/vedruna.org\/wp-content\/uploads\/2026\/09\/Caceres.jpeg","datePublished":"2026-09-03T19:43:58+00:00","dateModified":"2026-09-03T19:44:59+00:00","description":"Despr\u00e9s de m\u00e9s de 135 anys de pres\u00e8ncia a C\u00e0ceres, formant part de la hist\u00f2ria de la ciutat i de la vida de moltes generacions, la comunitat de germanes Vedruna comen\u00e7a una nova etapa, mentre el Col\u00b7legi Santa Cec\u00edlia continua desenvolupant el seu projecte educatiu i mantenint viu el llegat de Santa Joaquina a la ciutat","breadcrumb":{"@id":"https:\/\/vedruna.org\/ca\/la-missio-vedruna-continua-a-caceres-a-traves-del-collegi-santa-cecilia\/#breadcrumb"},"inLanguage":"ca","potentialAction":[{"@type":"ReadAction","target":["https:\/\/vedruna.org\/ca\/la-missio-vedruna-continua-a-caceres-a-traves-del-collegi-santa-cecilia\/"]}]},{"@type":"ImageObject","inLanguage":"ca","@id":"https:\/\/vedruna.org\/ca\/la-missio-vedruna-continua-a-caceres-a-traves-del-collegi-santa-cecilia\/#primaryimage","url":"https:\/\/vedruna.org\/wp-content\/uploads\/2026\/09\/Caceres.jpeg","contentUrl":"https:\/\/vedruna.org\/wp-content\/uploads\/2026\/09\/Caceres.jpeg","width":2000,"height":1126},{"@type":"BreadcrumbList","@id":"https:\/\/vedruna.org\/ca\/la-missio-vedruna-continua-a-caceres-a-traves-del-collegi-santa-cecilia\/#breadcrumb","itemListElement":[{"@type":"ListItem","position":1,"name":"Portada","item":"https:\/\/vedruna.org\/ca\/"},{"@type":"ListItem","position":2,"name":"La missi\u00f3 Vedruna continua a C\u00e0ceres a trav\u00e9s del Col\u00b7legi Santa Cec\u00edlia"}]},{"@type":"WebSite","@id":"https:\/\/vedruna.org\/ca\/#website","url":"https:\/\/vedruna.org\/ca\/","name":"Carmelitas de la Caridad Vedruna","description":"Carmelitas de la caridad","publisher":{"@id":"https:\/\/vedruna.org\/ca\/#organization"},"potentialAction":[{"@type":"SearchAction","target":{"@type":"EntryPoint","urlTemplate":"https:\/\/vedruna.org\/ca\/?s={search_term_string}"},"query-input":{"@type":"PropertyValueSpecification","valueRequired":true,"valueName":"search_term_string"}}],"inLanguage":"ca"},{"@type":"Organization","@id":"https:\/\/vedruna.org\/ca\/#organization","name":"Carmelitas de la caridad Vedruna","url":"https:\/\/vedruna.org\/ca\/","logo":{"@type":"ImageObject","inLanguage":"ca","@id":"https:\/\/vedruna.org\/ca\/#\/schema\/logo\/image\/","url":"https:\/\/vedruna.org\/wp-content\/uploads\/2022\/04\/LOGO-VEDRUNA-HORIZONTAL.png","contentUrl":"https:\/\/vedruna.org\/wp-content\/uploads\/2022\/04\/LOGO-VEDRUNA-HORIZONTAL.png","width":1200,"height":463,"caption":"Carmelitas de la caridad Vedruna"},"image":{"@id":"https:\/\/vedruna.org\/ca\/#\/schema\/logo\/image\/"}},{"@type":"Person","@id":"https:\/\/vedruna.org\/ca\/#\/schema\/person\/95fe789adf27c2831fc5a049c727edf5","name":"Maria Agustina G\u00f3mez","image":{"@type":"ImageObject","inLanguage":"ca","@id":"https:\/\/secure.gravatar.com\/avatar\/8af3ece86571c098b978434bbc43b948c403c1ae191f09a04e94f916638ceb2c?s=96&d=mm&r=g","url":"https:\/\/secure.gravatar.com\/avatar\/8af3ece86571c098b978434bbc43b948c403c1ae191f09a04e94f916638ceb2c?s=96&d=mm&r=g","contentUrl":"https:\/\/secure.gravatar.com\/avatar\/8af3ece86571c098b978434bbc43b948c403c1ae191f09a04e94f916638ceb2c?s=96&d=mm&r=g","caption":"Maria Agustina G\u00f3mez"},"url":"https:\/\/vedruna.org\/ca\/author\/agustina-gomez\/"}]}},"_links":{"self":[{"href":"https:\/\/vedruna.org\/ca\/wp-json\/wp\/v2\/posts\/40291","targetHints":{"allow":["GET"]}}],"collection":[{"href":"https:\/\/vedruna.org\/ca\/wp-json\/wp\/v2\/posts"}],"about":[{"href":"https:\/\/vedruna.org\/ca\/wp-json\/wp\/v2\/types\/post"}],"author":[{"embeddable":true,"href":"https:\/\/vedruna.org\/ca\/wp-json\/wp\/v2\/users\/21"}],"replies":[{"embeddable":true,"href":"https:\/\/vedruna.org\/ca\/wp-json\/wp\/v2\/comments?post=40291"}],"version-history":[{"count":1,"href":"https:\/\/vedruna.org\/ca\/wp-json\/wp\/v2\/posts\/40291\/revisions"}],"predecessor-version":[{"id":40293,"href":"https:\/\/vedruna.org\/ca\/wp-json\/wp\/v2\/posts\/40291\/revisions\/40293"}],"wp:featuredmedia":[{"embeddable":true,"href":"https:\/\/vedruna.org\/ca\/wp-json\/wp\/v2\/media\/40292"}],"wp:attachment":[{"href":"https:\/\/vedruna.org\/ca\/wp-json\/wp\/v2\/media?parent=40291"}],"wp:term":[{"taxonomy":"category","embeddable":true,"href":"https:\/\/vedruna.org\/ca\/wp-json\/wp\/v2\/categories?post=40291"},{"taxonomy":"post_tag","embeddable":true,"href":"https:\/\/vedruna.org\/ca\/wp-json\/wp\/v2\/tags?post=40291"}],"curies":[{"name":"wp","href":"https:\/\/api.w.org\/{rel}","templated":true}]}}