{"id":40319,"date":"2026-09-04T10:45:45","date_gmt":"2026-09-04T08:45:45","guid":{"rendered":"https:\/\/vedruna.org\/nous-camins-de-vocacio-i-missio-a-la-pastoral-juvenil-vocacional-de-venecuela\/"},"modified":"2026-09-04T10:48:10","modified_gmt":"2026-09-04T08:48:10","slug":"nous-camins-de-vocacio-i-missio-a-la-pastoral-juvenil-vocacional-de-venecuela","status":"publish","type":"post","link":"https:\/\/vedruna.org\/ca\/nous-camins-de-vocacio-i-missio-a-la-pastoral-juvenil-vocacional-de-venecuela\/","title":{"rendered":"Nous camins de vocaci\u00f3 i missi\u00f3 a la Pastoral Juvenil Vocacional de Vene\u00e7uela"},"content":{"rendered":"\n<p class=\"wp-block-paragraph\">Els dies 2 i 3 de setembre es va dur a terme, a Anaco, la <strong>I Conviv\u00e8ncia Vocacional<\/strong> , un espai de trobada, reflexi\u00f3 i discerniment destinat a aprofundir en la crida de D\u00e9u ia donar a con\u00e8ixer el carisma de les <strong>Carmelites de la Caritat Vedruna<\/strong> , llegat iniciat fa 200 anys a Espanya per <strong>Santa Joaquina de Vedruna<\/strong> .<\/p>\n\n<p class=\"wp-block-paragraph\">La trobada va comptar amb la participaci\u00f3 de <strong>vuit joves<\/strong> : set d&#8217;Anaco i una exalumne del Col\u00b7legi El Carmel de Caracas. M\u00e9s que una invitaci\u00f3 immediata a la vida religiosa, aquesta experi\u00e8ncia cerca oferir a cada participant eines que li permetin <strong>recon\u00e8ixer, escoltar i destriar el projecte de D\u00e9u en la seva pr\u00f2pia vida<\/strong> , des de la llibertat i l&#8217;amor. <\/p>\n\n<p class=\"wp-block-paragraph\">Durant aquestes jornades es van abordar temes fonamentals com la fe, el seguiment de Jesucrist, la vocaci\u00f3, el discerniment, la missi\u00f3 i la vida de Santa Joaquina. A trav\u00e9s d&#8217;espais de reflexi\u00f3, oraci\u00f3 i conviv\u00e8ncia, els joves van ser convidats a preguntar-se pel sentit de la seva vida i per la missi\u00f3 a qu\u00e8 estan cridats. <\/p>\n\n<blockquote class=\"wp-block-quote is-layout-flow wp-block-quote-is-layout-flow\">\n<p class=\"wp-block-paragraph\"><strong>De la reflexi\u00f3 a lacci\u00f3. Experi\u00e8ncia de les joves participants. <\/strong><\/p>\n\n\n\n<p class=\"wp-block-paragraph\">La conviv\u00e8ncia va ser una oportunitat per <strong>disposar el cor, descobrir el prop\u00f2sit de la nostra vida i recon\u00e8ixer la vocaci\u00f3 com un cam\u00ed de resposta a l&#8217;amor de D\u00e9u<\/strong> . Cada persona \u00e9s cridada de manera \u00fanica i est\u00e0 convidada a descobrir com posar els seus dons al servei dels altres i de la construcci\u00f3 del Regne de D\u00e9u. <\/p>\n\n\n\n<p class=\"wp-block-paragraph\">Guiats per l&#8217;Esperit Sant, vam anar descobrint que tota vida neix amb una missi\u00f3. D\u00e9u ens mira amb amor i ens convida: <strong>\u00abVine i segueix-me\u00bb<\/strong> . La seva crida no est\u00e0 condicionada per les nostres limitacions o pobreses, sin\u00f3 que fa cremar en nosaltres el foc del seu amor i ens ofereix l&#8217;aigua viva que renova la nostra fe i ens impulsa a sortir a trobar els altres.  <\/p>\n<\/blockquote>\n<div class=\"pgc-sgb-cb wp-block-pgcsimplygalleryblock-justified \" data-gallery-id=\"d3250030\"><div class=\"sgb-preloader\" id=\"pr_d3250030\">\n\t<div class=\"sgb-square\" style=\"background:#d4d4d4\"><\/div>\n\t<div class=\"sgb-square\" style=\"background:#d4d4d4\"><\/div>\n\t<div class=\"sgb-square\" style=\"background:#d4d4d4\"><\/div>\n\t<div class=\"sgb-square\" style=\"background:#d4d4d4\"><\/div><\/div><div class=\"simply-gallery-amp pgc_sgb_slider \"><noscript><div class=\"sgb-gallery\"><div class=\"sgb-item\"><a href=\"https:\/\/vedruna.org\/jovenes-pjv-anaco-5\/\" target=\"_blank\"><img decoding=\"async\" alt=\"\" width=\"225\" height=\"300\" loading=\"lazy\" src=\"https:\/\/vedruna.org\/wp-content\/uploads\/2026\/09\/JOVENES-PJV-ANACO-5-225x300.jpeg\" srcset=\"https:\/\/vedruna.org\/wp-content\/uploads\/2026\/09\/JOVENES-PJV-ANACO-5-225x300.jpeg 225w,https:\/\/vedruna.org\/wp-content\/uploads\/2026\/09\/JOVENES-PJV-ANACO-5-768x1024.jpeg 768w,https:\/\/vedruna.org\/wp-content\/uploads\/2026\/09\/JOVENES-PJV-ANACO-5.jpeg 810w\" sizes=\"250px\"\/><\/a><\/div><div class=\"sgb-item\"><a href=\"https:\/\/vedruna.org\/jovenes-pjv-anaco-4\/\" target=\"_blank\"><img decoding=\"async\" alt=\"\" width=\"225\" height=\"300\" loading=\"lazy\" src=\"https:\/\/vedruna.org\/wp-content\/uploads\/2026\/09\/JOVENES-PJV-ANACO-4-225x300.jpeg\" srcset=\"https:\/\/vedruna.org\/wp-content\/uploads\/2026\/09\/JOVENES-PJV-ANACO-4-225x300.jpeg 225w,https:\/\/vedruna.org\/wp-content\/uploads\/2026\/09\/JOVENES-PJV-ANACO-4-768x1024.jpeg 768w,https:\/\/vedruna.org\/wp-content\/uploads\/2026\/09\/JOVENES-PJV-ANACO-4.jpeg 810w\" sizes=\"250px\"\/><\/a><\/div><div class=\"sgb-item\"><a href=\"https:\/\/vedruna.org\/jovenes-pjv-anaco-3\/\" target=\"_blank\"><img decoding=\"async\" alt=\"\" width=\"225\" height=\"300\" loading=\"lazy\" src=\"https:\/\/vedruna.org\/wp-content\/uploads\/2026\/09\/JOVENES-PJV-ANACO-3-225x300.jpeg\" srcset=\"https:\/\/vedruna.org\/wp-content\/uploads\/2026\/09\/JOVENES-PJV-ANACO-3-225x300.jpeg 225w,https:\/\/vedruna.org\/wp-content\/uploads\/2026\/09\/JOVENES-PJV-ANACO-3-768x1024.jpeg 768w,https:\/\/vedruna.org\/wp-content\/uploads\/2026\/09\/JOVENES-PJV-ANACO-3.jpeg 810w\" sizes=\"250px\"\/><\/a><\/div><div class=\"sgb-item\"><a href=\"https:\/\/vedruna.org\/pjv-anaco-6\/\" target=\"_blank\"><img decoding=\"async\" alt=\"\" width=\"300\" height=\"225\" loading=\"lazy\" src=\"https:\/\/vedruna.org\/wp-content\/uploads\/2026\/09\/pjv-anaco-6-300x225.jpeg\" srcset=\"https:\/\/vedruna.org\/wp-content\/uploads\/2026\/09\/pjv-anaco-6-300x225.jpeg 300w,https:\/\/vedruna.org\/wp-content\/uploads\/2026\/09\/pjv-anaco-6.jpeg 1016w\" sizes=\"250px\"\/><\/a><\/div><div class=\"sgb-item\"><a href=\"https:\/\/vedruna.org\/jovenes-pjv-anaco-1\/\" target=\"_blank\"><img decoding=\"async\" alt=\"\" width=\"225\" height=\"300\" loading=\"lazy\" src=\"https:\/\/vedruna.org\/wp-content\/uploads\/2026\/09\/JOVENES-PJV-ANACO-1-225x300.jpeg\" srcset=\"https:\/\/vedruna.org\/wp-content\/uploads\/2026\/09\/JOVENES-PJV-ANACO-1-225x300.jpeg 225w,https:\/\/vedruna.org\/wp-content\/uploads\/2026\/09\/JOVENES-PJV-ANACO-1-768x1024.jpeg 768w,https:\/\/vedruna.org\/wp-content\/uploads\/2026\/09\/JOVENES-PJV-ANACO-1.jpeg 810w\" sizes=\"250px\"\/><\/a><\/div><div class=\"sgb-item\"><a href=\"https:\/\/vedruna.org\/jovenes-pjv-anaco-2\/\" target=\"_blank\"><img decoding=\"async\" alt=\"\" width=\"225\" height=\"300\" loading=\"lazy\" src=\"https:\/\/vedruna.org\/wp-content\/uploads\/2026\/09\/JOVENES-PJV-ANACO-2-225x300.jpeg\" srcset=\"https:\/\/vedruna.org\/wp-content\/uploads\/2026\/09\/JOVENES-PJV-ANACO-2-225x300.jpeg 225w,https:\/\/vedruna.org\/wp-content\/uploads\/2026\/09\/JOVENES-PJV-ANACO-2-768x1024.jpeg 768w,https:\/\/vedruna.org\/wp-content\/uploads\/2026\/09\/JOVENES-PJV-ANACO-2.jpeg 810w\" sizes=\"250px\"\/><\/a><\/div><\/div><\/noscript><\/div><script type=\"application\/json\" class=\"sgb-data\">{\"lastRowFill\":true,\"externalLink\":false,\"captions\":false,\"collectionThumbSubMenuDownload\":false,\"collectionThumbSubMenuShare\":false,\"galleryType\":\"pgc_sgb_justified\",\"galleryId\":\"d3250030\",\"images\":[{\"id\":40312,\"title\":\"JOVENES-PJV-ANACO-5\",\"url\":\"https:\/\/vedruna.org\/wp-content\/uploads\/2026\/09\/JOVENES-PJV-ANACO-5.jpeg\",\"link\":\"https:\/\/vedruna.org\/jovenes-pjv-anaco-5\/\",\"alt\":\"\",\"description\":\"\",\"caption\":\"\",\"mime\":\"image\/jpeg\",\"type\":\"image\",\"width\":810,\"height\":1080,\"sizes\":{\"thumbnail\":{\"height\":150,\"width\":150,\"url\":\"https:\/\/vedruna.org\/wp-content\/uploads\/2026\/09\/JOVENES-PJV-ANACO-5-150x150.jpeg\",\"orientation\":\"landscape\"},\"medium\":{\"height\":300,\"width\":225,\"url\":\"https:\/\/vedruna.org\/wp-content\/uploads\/2026\/09\/JOVENES-PJV-ANACO-5-225x300.jpeg\",\"orientation\":\"portrait\"},\"large\":{\"height\":1024,\"width\":768,\"url\":\"https:\/\/vedruna.org\/wp-content\/uploads\/2026\/09\/JOVENES-PJV-ANACO-5-768x1024.jpeg\",\"orientation\":\"portrait\"},\"full\":{\"url\":\"https:\/\/vedruna.org\/wp-content\/uploads\/2026\/09\/JOVENES-PJV-ANACO-5.jpeg\",\"height\":1080,\"width\":810,\"orientation\":\"portrait\"}},\"imageMeta\":{\"aperture\":\"0\",\"credit\":\"\",\"camera\":\"\",\"caption\":\"\",\"created_timestamp\":\"0\",\"copyright\":\"\",\"focal_length\":\"0\",\"iso\":\"0\",\"shutter_speed\":\"0\",\"title\":\"\",\"orientation\":\"0\",\"keywords\":[],\"alt\":\"\"},\"meta\":false,\"postlink\":\"https:\/\/vedruna.org\/jovenes-pjv-anaco-5\/\"},{\"id\":40311,\"title\":\"JOVENES-PJV-ANACO-4\",\"url\":\"https:\/\/vedruna.org\/wp-content\/uploads\/2026\/09\/JOVENES-PJV-ANACO-4.jpeg\",\"link\":\"https:\/\/vedruna.org\/jovenes-pjv-anaco-4\/\",\"alt\":\"\",\"description\":\"\",\"caption\":\"\",\"mime\":\"image\/jpeg\",\"type\":\"image\",\"width\":810,\"height\":1080,\"sizes\":{\"thumbnail\":{\"height\":150,\"width\":150,\"url\":\"https:\/\/vedruna.org\/wp-content\/uploads\/2026\/09\/JOVENES-PJV-ANACO-4-150x150.jpeg\",\"orientation\":\"landscape\"},\"medium\":{\"height\":300,\"width\":225,\"url\":\"https:\/\/vedruna.org\/wp-content\/uploads\/2026\/09\/JOVENES-PJV-ANACO-4-225x300.jpeg\",\"orientation\":\"portrait\"},\"large\":{\"height\":1024,\"width\":768,\"url\":\"https:\/\/vedruna.org\/wp-content\/uploads\/2026\/09\/JOVENES-PJV-ANACO-4-768x1024.jpeg\",\"orientation\":\"portrait\"},\"full\":{\"url\":\"https:\/\/vedruna.org\/wp-content\/uploads\/2026\/09\/JOVENES-PJV-ANACO-4.jpeg\",\"height\":1080,\"width\":810,\"orientation\":\"portrait\"}},\"imageMeta\":{\"aperture\":\"0\",\"credit\":\"\",\"camera\":\"\",\"caption\":\"\",\"created_timestamp\":\"0\",\"copyright\":\"\",\"focal_length\":\"0\",\"iso\":\"0\",\"shutter_speed\":\"0\",\"title\":\"\",\"orientation\":\"0\",\"keywords\":[],\"alt\":\"\"},\"meta\":false,\"postlink\":\"https:\/\/vedruna.org\/jovenes-pjv-anaco-4\/\"},{\"id\":40310,\"title\":\"JOVENES-PJV-ANACO-3\",\"url\":\"https:\/\/vedruna.org\/wp-content\/uploads\/2026\/09\/JOVENES-PJV-ANACO-3.jpeg\",\"link\":\"https:\/\/vedruna.org\/jovenes-pjv-anaco-3\/\",\"alt\":\"\",\"description\":\"\",\"caption\":\"\",\"mime\":\"image\/jpeg\",\"type\":\"image\",\"width\":810,\"height\":1080,\"sizes\":{\"thumbnail\":{\"height\":150,\"width\":150,\"url\":\"https:\/\/vedruna.org\/wp-content\/uploads\/2026\/09\/JOVENES-PJV-ANACO-3-150x150.jpeg\",\"orientation\":\"landscape\"},\"medium\":{\"height\":300,\"width\":225,\"url\":\"https:\/\/vedruna.org\/wp-content\/uploads\/2026\/09\/JOVENES-PJV-ANACO-3-225x300.jpeg\",\"orientation\":\"portrait\"},\"large\":{\"height\":1024,\"width\":768,\"url\":\"https:\/\/vedruna.org\/wp-content\/uploads\/2026\/09\/JOVENES-PJV-ANACO-3-768x1024.jpeg\",\"orientation\":\"portrait\"},\"full\":{\"url\":\"https:\/\/vedruna.org\/wp-content\/uploads\/2026\/09\/JOVENES-PJV-ANACO-3.jpeg\",\"height\":1080,\"width\":810,\"orientation\":\"portrait\"}},\"imageMeta\":{\"aperture\":\"0\",\"credit\":\"\",\"camera\":\"\",\"caption\":\"\",\"created_timestamp\":\"0\",\"copyright\":\"\",\"focal_length\":\"0\",\"iso\":\"0\",\"shutter_speed\":\"0\",\"title\":\"\",\"orientation\":\"0\",\"keywords\":[],\"alt\":\"\"},\"meta\":false,\"postlink\":\"https:\/\/vedruna.org\/jovenes-pjv-anaco-3\/\"},{\"id\":40307,\"title\":\"pjv-anaco-6\",\"url\":\"https:\/\/vedruna.org\/wp-content\/uploads\/2026\/09\/pjv-anaco-6.jpeg\",\"link\":\"https:\/\/vedruna.org\/pjv-anaco-6\/\",\"alt\":\"\",\"description\":\"\",\"caption\":\"\",\"mime\":\"image\/jpeg\",\"type\":\"image\",\"width\":1016,\"height\":762,\"sizes\":{\"thumbnail\":{\"height\":150,\"width\":150,\"url\":\"https:\/\/vedruna.org\/wp-content\/uploads\/2026\/09\/pjv-anaco-6-150x150.jpeg\",\"orientation\":\"landscape\"},\"medium\":{\"height\":225,\"width\":300,\"url\":\"https:\/\/vedruna.org\/wp-content\/uploads\/2026\/09\/pjv-anaco-6-300x225.jpeg\",\"orientation\":\"landscape\"},\"full\":{\"url\":\"https:\/\/vedruna.org\/wp-content\/uploads\/2026\/09\/pjv-anaco-6.jpeg\",\"height\":762,\"width\":1016,\"orientation\":\"landscape\"}},\"imageMeta\":{\"aperture\":\"0\",\"credit\":\"\",\"camera\":\"\",\"caption\":\"\",\"created_timestamp\":\"0\",\"copyright\":\"\",\"focal_length\":\"0\",\"iso\":\"0\",\"shutter_speed\":\"0\",\"title\":\"\",\"orientation\":\"0\",\"keywords\":[],\"alt\":\"\"},\"meta\":false,\"postlink\":\"https:\/\/vedruna.org\/pjv-anaco-6\/\"},{\"id\":40308,\"title\":\"JOVENES-PJV-ANACO-1\",\"url\":\"https:\/\/vedruna.org\/wp-content\/uploads\/2026\/09\/JOVENES-PJV-ANACO-1.jpeg\",\"link\":\"https:\/\/vedruna.org\/jovenes-pjv-anaco-1\/\",\"alt\":\"\",\"description\":\"\",\"caption\":\"\",\"mime\":\"image\/jpeg\",\"type\":\"image\",\"width\":810,\"height\":1080,\"sizes\":{\"thumbnail\":{\"height\":150,\"width\":150,\"url\":\"https:\/\/vedruna.org\/wp-content\/uploads\/2026\/09\/JOVENES-PJV-ANACO-1-150x150.jpeg\",\"orientation\":\"landscape\"},\"medium\":{\"height\":300,\"width\":225,\"url\":\"https:\/\/vedruna.org\/wp-content\/uploads\/2026\/09\/JOVENES-PJV-ANACO-1-225x300.jpeg\",\"orientation\":\"portrait\"},\"large\":{\"height\":1024,\"width\":768,\"url\":\"https:\/\/vedruna.org\/wp-content\/uploads\/2026\/09\/JOVENES-PJV-ANACO-1-768x1024.jpeg\",\"orientation\":\"portrait\"},\"full\":{\"url\":\"https:\/\/vedruna.org\/wp-content\/uploads\/2026\/09\/JOVENES-PJV-ANACO-1.jpeg\",\"height\":1080,\"width\":810,\"orientation\":\"portrait\"}},\"imageMeta\":{\"aperture\":\"0\",\"credit\":\"\",\"camera\":\"\",\"caption\":\"\",\"created_timestamp\":\"0\",\"copyright\":\"\",\"focal_length\":\"0\",\"iso\":\"0\",\"shutter_speed\":\"0\",\"title\":\"\",\"orientation\":\"0\",\"keywords\":[],\"alt\":\"\"},\"meta\":false,\"postlink\":\"https:\/\/vedruna.org\/jovenes-pjv-anaco-1\/\"},{\"id\":40309,\"title\":\"JOVENES-PJV-ANACO-2\",\"url\":\"https:\/\/vedruna.org\/wp-content\/uploads\/2026\/09\/JOVENES-PJV-ANACO-2.jpeg\",\"link\":\"https:\/\/vedruna.org\/jovenes-pjv-anaco-2\/\",\"alt\":\"\",\"description\":\"\",\"caption\":\"\",\"mime\":\"image\/jpeg\",\"type\":\"image\",\"width\":810,\"height\":1080,\"sizes\":{\"thumbnail\":{\"height\":150,\"width\":150,\"url\":\"https:\/\/vedruna.org\/wp-content\/uploads\/2026\/09\/JOVENES-PJV-ANACO-2-150x150.jpeg\",\"orientation\":\"landscape\"},\"medium\":{\"height\":300,\"width\":225,\"url\":\"https:\/\/vedruna.org\/wp-content\/uploads\/2026\/09\/JOVENES-PJV-ANACO-2-225x300.jpeg\",\"orientation\":\"portrait\"},\"large\":{\"height\":1024,\"width\":768,\"url\":\"https:\/\/vedruna.org\/wp-content\/uploads\/2026\/09\/JOVENES-PJV-ANACO-2-768x1024.jpeg\",\"orientation\":\"portrait\"},\"full\":{\"url\":\"https:\/\/vedruna.org\/wp-content\/uploads\/2026\/09\/JOVENES-PJV-ANACO-2.jpeg\",\"height\":1080,\"width\":810,\"orientation\":\"portrait\"}},\"imageMeta\":{\"aperture\":\"0\",\"credit\":\"\",\"camera\":\"\",\"caption\":\"\",\"created_timestamp\":\"0\",\"copyright\":\"\",\"focal_length\":\"0\",\"iso\":\"0\",\"shutter_speed\":\"0\",\"title\":\"\",\"orientation\":\"0\",\"keywords\":[],\"alt\":\"\"},\"meta\":false,\"postlink\":\"https:\/\/vedruna.org\/jovenes-pjv-anaco-2\/\"}],\"useClobalSettings\":true,\"shareFacebook\":false,\"shareTwitter\":false,\"sharePinterest\":false,\"sliderItemDownload\":false,\"shareCopyLink\":false,\"sliderItemCounterEnable\":false,\"sliderItemTitleFontSize\":20,\"sliderSlideshow\":false,\"sliderSocialShareEnabled\":false,\"sliderZoomEnable\":false,\"translatedWithWPMLTM\":\"1\",\"itemsMetaDataCollection\":[]}<\/script><script>(function(){if(window.PGC_SGB && window.PGC_SGB.searcher){window.PGC_SGB.searcher.initBlocks()}})()<\/script><\/div>\n<div style=\"height:25px\" aria-hidden=\"true\" class=\"wp-block-spacer\"><\/div>\n\n<p class=\"wp-block-paragraph\">En aquest cam\u00ed de recerca i discerniment, la vida de <strong>Santa Joaquima de Vedruna<\/strong> continua sent una refer\u00e8ncia inspiradora. Ella va saber escoltar la veu de D\u00e9u, descobrir la seva missi\u00f3 i respondre amb generositat, deixant com a llegat una invitaci\u00f3 que segueix il\u00b7luminant avui el nostre caminar: <strong>\u00abFeu-ho tot per amor i res per for\u00e7a\u00bb<\/strong> . <\/p>\n\n<p class=\"wp-block-paragraph\">L&#8217; <strong>Equip Nacional de Pastoral Vocacional<\/strong> , integrat per germanes Vedruna i membres de les nostres comunitats educatives, continuar\u00e0 acompanyant de prop cada participant, respectant els seus processos i animant-los a descobrir, amb llibertat i confian\u00e7a, la missi\u00f3 espec\u00edfica que D\u00e9u els crida.<\/p>\n\n<p class=\"wp-block-paragraph\">Aquesta primera conviv\u00e8ncia obre aix\u00ed <strong>una nova etapa per a la Pastoral Juvenil-Vocacional a Vene\u00e7uela<\/strong> , marcada per l&#8217;escolta, l&#8217;acompanyament i el desig de caminar juntament amb els joves a la recerca de la seva vocaci\u00f3 i projecte de vida.<\/p>\n\n<blockquote class=\"wp-block-quote is-layout-flow wp-block-quote-is-layout-flow\">\n<p class=\"wp-block-paragraph\"><strong>\u00abFeu-ho tot per amor i res per for\u00e7a\u00bb.<\/strong><br\/><em>Santa Joaquina de Vedruna<\/em><\/p>\n<\/blockquote>\n\n<p class=\"has-text-align-right wp-block-paragraph\"><strong><em>Equip de Pastoral Vocacional Vene\u00e7uela<\/em><\/strong><\/p>\n<div class=\"pgc-sgb-cb wp-block-pgcsimplygalleryblock-slider \" data-gallery-id=\"77d43662\"style=&quot;min-height:320px&quot;><div class=\"sgb-preloader\" id=\"pr_77d43662\">\n\t<div class=\"sgb-square\" style=\"background:#d4d4d4\"><\/div>\n\t<div class=\"sgb-square\" style=\"background:#d4d4d4\"><\/div>\n\t<div class=\"sgb-square\" style=\"background:#d4d4d4\"><\/div>\n\t<div class=\"sgb-square\" style=\"background:#d4d4d4\"><\/div><\/div><div class=\"simply-gallery-amp pgc_sgb_slider \"><noscript><div class=\"sgb-gallery\"><div class=\"sgb-item\"><a href=\"https:\/\/vedruna.org\/wp-content\/uploads\/2026\/09\/pjv-anaco-6.jpeg\"><img decoding=\"async\" alt=\"\" width=\"300\" height=\"225\" loading=\"lazy\" src=\"https:\/\/vedruna.org\/wp-content\/uploads\/2026\/09\/pjv-anaco-6-300x225.jpeg\" srcset=\"https:\/\/vedruna.org\/wp-content\/uploads\/2026\/09\/pjv-anaco-6-300x225.jpeg 300w,https:\/\/vedruna.org\/wp-content\/uploads\/2026\/09\/pjv-anaco-6.jpeg 1016w\" sizes=\"250px\"\/><\/a><\/div><div class=\"sgb-item\"><a href=\"https:\/\/vedruna.org\/wp-content\/uploads\/2026\/09\/pjv-anaco-5.jpeg\"><img decoding=\"async\" alt=\"\" width=\"300\" height=\"225\" loading=\"lazy\" src=\"https:\/\/vedruna.org\/wp-content\/uploads\/2026\/09\/pjv-anaco-5-300x225.jpeg\" srcset=\"https:\/\/vedruna.org\/wp-content\/uploads\/2026\/09\/pjv-anaco-5-300x225.jpeg 300w,https:\/\/vedruna.org\/wp-content\/uploads\/2026\/09\/pjv-anaco-5-1024x768.jpeg 1024w,https:\/\/vedruna.org\/wp-content\/uploads\/2026\/09\/pjv-anaco-5.jpeg 1080w\" sizes=\"250px\"\/><\/a><\/div><div class=\"sgb-item\"><a href=\"https:\/\/vedruna.org\/wp-content\/uploads\/2026\/09\/pjv-anaco-4-1.jpeg\"><img decoding=\"async\" alt=\"\" width=\"225\" height=\"300\" loading=\"lazy\" src=\"https:\/\/vedruna.org\/wp-content\/uploads\/2026\/09\/pjv-anaco-4-1-225x300.jpeg\" srcset=\"https:\/\/vedruna.org\/wp-content\/uploads\/2026\/09\/pjv-anaco-4-1-225x300.jpeg 225w,https:\/\/vedruna.org\/wp-content\/uploads\/2026\/09\/pjv-anaco-4-1.jpeg 762w\" sizes=\"250px\"\/><\/a><\/div><div class=\"sgb-item\"><a href=\"https:\/\/vedruna.org\/wp-content\/uploads\/2026\/09\/pjv-anaco-4.jpeg\"><img decoding=\"async\" alt=\"\" width=\"225\" height=\"300\" loading=\"lazy\" src=\"https:\/\/vedruna.org\/wp-content\/uploads\/2026\/09\/pjv-anaco-4-225x300.jpeg\" srcset=\"https:\/\/vedruna.org\/wp-content\/uploads\/2026\/09\/pjv-anaco-4-225x300.jpeg 225w,https:\/\/vedruna.org\/wp-content\/uploads\/2026\/09\/pjv-anaco-4-768x1024.jpeg 768w,https:\/\/vedruna.org\/wp-content\/uploads\/2026\/09\/pjv-anaco-4.jpeg 810w\" sizes=\"250px\"\/><\/a><\/div><div class=\"sgb-item\"><a href=\"https:\/\/vedruna.org\/wp-content\/uploads\/2026\/09\/pjv-anaco-3.jpeg\"><img decoding=\"async\" alt=\"\" width=\"225\" height=\"300\" loading=\"lazy\" src=\"https:\/\/vedruna.org\/wp-content\/uploads\/2026\/09\/pjv-anaco-3-225x300.jpeg\" srcset=\"https:\/\/vedruna.org\/wp-content\/uploads\/2026\/09\/pjv-anaco-3-225x300.jpeg 225w,https:\/\/vedruna.org\/wp-content\/uploads\/2026\/09\/pjv-anaco-3-768x1024.jpeg 768w,https:\/\/vedruna.org\/wp-content\/uploads\/2026\/09\/pjv-anaco-3.jpeg 810w\" sizes=\"250px\"\/><\/a><\/div><div class=\"sgb-item\"><a href=\"https:\/\/vedruna.org\/wp-content\/uploads\/2026\/09\/pjv-anaco-2.jpeg\"><img decoding=\"async\" alt=\"\" width=\"300\" height=\"225\" loading=\"lazy\" src=\"https:\/\/vedruna.org\/wp-content\/uploads\/2026\/09\/pjv-anaco-2-300x225.jpeg\" srcset=\"https:\/\/vedruna.org\/wp-content\/uploads\/2026\/09\/pjv-anaco-2-300x225.jpeg 300w,https:\/\/vedruna.org\/wp-content\/uploads\/2026\/09\/pjv-anaco-2-1024x768.jpeg 1024w,https:\/\/vedruna.org\/wp-content\/uploads\/2026\/09\/pjv-anaco-2.jpeg 1080w\" sizes=\"250px\"\/><\/a><\/div><div class=\"sgb-item\"><a href=\"https:\/\/vedruna.org\/wp-content\/uploads\/2026\/09\/pjv-anaco-1.jpeg\"><img decoding=\"async\" alt=\"\" width=\"300\" height=\"196\" loading=\"lazy\" src=\"https:\/\/vedruna.org\/wp-content\/uploads\/2026\/09\/pjv-anaco-1-300x196.jpeg\" srcset=\"https:\/\/vedruna.org\/wp-content\/uploads\/2026\/09\/pjv-anaco-1-300x196.jpeg 300w,https:\/\/vedruna.org\/wp-content\/uploads\/2026\/09\/pjv-anaco-1-1024x668.jpeg 1024w,https:\/\/vedruna.org\/wp-content\/uploads\/2026\/09\/pjv-anaco-1.jpeg 1080w\" sizes=\"250px\"\/><\/a><\/div><\/div><\/noscript><\/div><script type=\"application\/json\" class=\"sgb-data\">{\"externalLink\":false,\"captions\":false,\"collectionThumbSubMenuDownload\":false,\"collectionThumbSubMenuShare\":false,\"sliderMaxHeight\":320,\"sliderAdminWidth\":823,\"responsiveHeight\":true,\"galleryType\":\"pgc_sgb_slider\",\"galleryId\":\"77d43662\",\"images\":[{\"id\":40307,\"title\":\"pjv-anaco-6\",\"url\":\"https:\/\/vedruna.org\/wp-content\/uploads\/2026\/09\/pjv-anaco-6.jpeg\",\"link\":\"https:\/\/vedruna.org\/pjv-anaco-6\/\",\"alt\":\"\",\"description\":\"\",\"caption\":\"\",\"mime\":\"image\/jpeg\",\"type\":\"image\",\"width\":1016,\"height\":762,\"sizes\":{\"thumbnail\":{\"height\":150,\"width\":150,\"url\":\"https:\/\/vedruna.org\/wp-content\/uploads\/2026\/09\/pjv-anaco-6-150x150.jpeg\",\"orientation\":\"landscape\"},\"medium\":{\"height\":225,\"width\":300,\"url\":\"https:\/\/vedruna.org\/wp-content\/uploads\/2026\/09\/pjv-anaco-6-300x225.jpeg\",\"orientation\":\"landscape\"},\"full\":{\"url\":\"https:\/\/vedruna.org\/wp-content\/uploads\/2026\/09\/pjv-anaco-6.jpeg\",\"height\":762,\"width\":1016,\"orientation\":\"landscape\"}},\"imageMeta\":{\"aperture\":\"0\",\"credit\":\"\",\"camera\":\"\",\"caption\":\"\",\"created_timestamp\":\"0\",\"copyright\":\"\",\"focal_length\":\"0\",\"iso\":\"0\",\"shutter_speed\":\"0\",\"title\":\"\",\"orientation\":\"0\",\"keywords\":[],\"alt\":\"\"},\"meta\":false},{\"id\":40306,\"title\":\"pjv-anaco-5\",\"url\":\"https:\/\/vedruna.org\/wp-content\/uploads\/2026\/09\/pjv-anaco-5.jpeg\",\"link\":\"https:\/\/vedruna.org\/pjv-anaco-5\/\",\"alt\":\"\",\"description\":\"\",\"caption\":\"\",\"mime\":\"image\/jpeg\",\"type\":\"image\",\"width\":1080,\"height\":810,\"sizes\":{\"thumbnail\":{\"height\":150,\"width\":150,\"url\":\"https:\/\/vedruna.org\/wp-content\/uploads\/2026\/09\/pjv-anaco-5-150x150.jpeg\",\"orientation\":\"landscape\"},\"medium\":{\"height\":225,\"width\":300,\"url\":\"https:\/\/vedruna.org\/wp-content\/uploads\/2026\/09\/pjv-anaco-5-300x225.jpeg\",\"orientation\":\"landscape\"},\"large\":{\"height\":768,\"width\":1024,\"url\":\"https:\/\/vedruna.org\/wp-content\/uploads\/2026\/09\/pjv-anaco-5-1024x768.jpeg\",\"orientation\":\"landscape\"},\"full\":{\"url\":\"https:\/\/vedruna.org\/wp-content\/uploads\/2026\/09\/pjv-anaco-5.jpeg\",\"height\":810,\"width\":1080,\"orientation\":\"landscape\"}},\"imageMeta\":{\"aperture\":\"0\",\"credit\":\"\",\"camera\":\"\",\"caption\":\"\",\"created_timestamp\":\"0\",\"copyright\":\"\",\"focal_length\":\"0\",\"iso\":\"0\",\"shutter_speed\":\"0\",\"title\":\"\",\"orientation\":\"0\",\"keywords\":[],\"alt\":\"\"},\"meta\":false},{\"id\":40305,\"title\":\"pjv-anaco-4-1\",\"url\":\"https:\/\/vedruna.org\/wp-content\/uploads\/2026\/09\/pjv-anaco-4-1.jpeg\",\"link\":\"https:\/\/vedruna.org\/pjv-anaco-4-1\/\",\"alt\":\"\",\"description\":\"\",\"caption\":\"\",\"mime\":\"image\/jpeg\",\"type\":\"image\",\"width\":762,\"height\":1016,\"sizes\":{\"thumbnail\":{\"height\":150,\"width\":150,\"url\":\"https:\/\/vedruna.org\/wp-content\/uploads\/2026\/09\/pjv-anaco-4-1-150x150.jpeg\",\"orientation\":\"landscape\"},\"medium\":{\"height\":300,\"width\":225,\"url\":\"https:\/\/vedruna.org\/wp-content\/uploads\/2026\/09\/pjv-anaco-4-1-225x300.jpeg\",\"orientation\":\"portrait\"},\"full\":{\"url\":\"https:\/\/vedruna.org\/wp-content\/uploads\/2026\/09\/pjv-anaco-4-1.jpeg\",\"height\":1016,\"width\":762,\"orientation\":\"portrait\"}},\"imageMeta\":{\"aperture\":\"0\",\"credit\":\"\",\"camera\":\"\",\"caption\":\"\",\"created_timestamp\":\"0\",\"copyright\":\"\",\"focal_length\":\"0\",\"iso\":\"0\",\"shutter_speed\":\"0\",\"title\":\"\",\"orientation\":\"0\",\"keywords\":[],\"alt\":\"\"},\"meta\":false},{\"id\":40304,\"title\":\"pjv-anaco-4\",\"url\":\"https:\/\/vedruna.org\/wp-content\/uploads\/2026\/09\/pjv-anaco-4.jpeg\",\"link\":\"https:\/\/vedruna.org\/pjv-anaco-4\/\",\"alt\":\"\",\"description\":\"\",\"caption\":\"\",\"mime\":\"image\/jpeg\",\"type\":\"image\",\"width\":810,\"height\":1080,\"sizes\":{\"thumbnail\":{\"height\":150,\"width\":150,\"url\":\"https:\/\/vedruna.org\/wp-content\/uploads\/2026\/09\/pjv-anaco-4-150x150.jpeg\",\"orientation\":\"landscape\"},\"medium\":{\"height\":300,\"width\":225,\"url\":\"https:\/\/vedruna.org\/wp-content\/uploads\/2026\/09\/pjv-anaco-4-225x300.jpeg\",\"orientation\":\"portrait\"},\"large\":{\"height\":1024,\"width\":768,\"url\":\"https:\/\/vedruna.org\/wp-content\/uploads\/2026\/09\/pjv-anaco-4-768x1024.jpeg\",\"orientation\":\"portrait\"},\"full\":{\"url\":\"https:\/\/vedruna.org\/wp-content\/uploads\/2026\/09\/pjv-anaco-4.jpeg\",\"height\":1080,\"width\":810,\"orientation\":\"portrait\"}},\"imageMeta\":{\"aperture\":\"0\",\"credit\":\"\",\"camera\":\"\",\"caption\":\"\",\"created_timestamp\":\"0\",\"copyright\":\"\",\"focal_length\":\"0\",\"iso\":\"0\",\"shutter_speed\":\"0\",\"title\":\"\",\"orientation\":\"0\",\"keywords\":[],\"alt\":\"\"},\"meta\":false},{\"id\":40303,\"title\":\"pjv-anaco-3\",\"url\":\"https:\/\/vedruna.org\/wp-content\/uploads\/2026\/09\/pjv-anaco-3.jpeg\",\"link\":\"https:\/\/vedruna.org\/pjv-anaco-3\/\",\"alt\":\"\",\"description\":\"\",\"caption\":\"\",\"mime\":\"image\/jpeg\",\"type\":\"image\",\"width\":810,\"height\":1080,\"sizes\":{\"thumbnail\":{\"height\":150,\"width\":150,\"url\":\"https:\/\/vedruna.org\/wp-content\/uploads\/2026\/09\/pjv-anaco-3-150x150.jpeg\",\"orientation\":\"landscape\"},\"medium\":{\"height\":300,\"width\":225,\"url\":\"https:\/\/vedruna.org\/wp-content\/uploads\/2026\/09\/pjv-anaco-3-225x300.jpeg\",\"orientation\":\"portrait\"},\"large\":{\"height\":1024,\"width\":768,\"url\":\"https:\/\/vedruna.org\/wp-content\/uploads\/2026\/09\/pjv-anaco-3-768x1024.jpeg\",\"orientation\":\"portrait\"},\"full\":{\"url\":\"https:\/\/vedruna.org\/wp-content\/uploads\/2026\/09\/pjv-anaco-3.jpeg\",\"height\":1080,\"width\":810,\"orientation\":\"portrait\"}},\"imageMeta\":{\"aperture\":\"0\",\"credit\":\"\",\"camera\":\"\",\"caption\":\"\",\"created_timestamp\":\"0\",\"copyright\":\"\",\"focal_length\":\"0\",\"iso\":\"0\",\"shutter_speed\":\"0\",\"title\":\"\",\"orientation\":\"0\",\"keywords\":[],\"alt\":\"\"},\"meta\":false},{\"id\":40302,\"title\":\"pjv-anaco-2\",\"url\":\"https:\/\/vedruna.org\/wp-content\/uploads\/2026\/09\/pjv-anaco-2.jpeg\",\"link\":\"https:\/\/vedruna.org\/pjv-anaco-2\/\",\"alt\":\"\",\"description\":\"\",\"caption\":\"\",\"mime\":\"image\/jpeg\",\"type\":\"image\",\"width\":1080,\"height\":810,\"sizes\":{\"thumbnail\":{\"height\":150,\"width\":150,\"url\":\"https:\/\/vedruna.org\/wp-content\/uploads\/2026\/09\/pjv-anaco-2-150x150.jpeg\",\"orientation\":\"landscape\"},\"medium\":{\"height\":225,\"width\":300,\"url\":\"https:\/\/vedruna.org\/wp-content\/uploads\/2026\/09\/pjv-anaco-2-300x225.jpeg\",\"orientation\":\"landscape\"},\"large\":{\"height\":768,\"width\":1024,\"url\":\"https:\/\/vedruna.org\/wp-content\/uploads\/2026\/09\/pjv-anaco-2-1024x768.jpeg\",\"orientation\":\"landscape\"},\"full\":{\"url\":\"https:\/\/vedruna.org\/wp-content\/uploads\/2026\/09\/pjv-anaco-2.jpeg\",\"height\":810,\"width\":1080,\"orientation\":\"landscape\"}},\"imageMeta\":{\"aperture\":\"0\",\"credit\":\"\",\"camera\":\"\",\"caption\":\"\",\"created_timestamp\":\"0\",\"copyright\":\"\",\"focal_length\":\"0\",\"iso\":\"0\",\"shutter_speed\":\"0\",\"title\":\"\",\"orientation\":\"0\",\"keywords\":[],\"alt\":\"\"},\"meta\":false},{\"id\":40301,\"title\":\"pjv-anaco-1\",\"url\":\"https:\/\/vedruna.org\/wp-content\/uploads\/2026\/09\/pjv-anaco-1.jpeg\",\"link\":\"https:\/\/vedruna.org\/pjv-anaco-1\/\",\"alt\":\"\",\"description\":\"\",\"caption\":\"\",\"mime\":\"image\/jpeg\",\"type\":\"image\",\"width\":1080,\"height\":705,\"sizes\":{\"thumbnail\":{\"height\":150,\"width\":150,\"url\":\"https:\/\/vedruna.org\/wp-content\/uploads\/2026\/09\/pjv-anaco-1-150x150.jpeg\",\"orientation\":\"landscape\"},\"medium\":{\"height\":196,\"width\":300,\"url\":\"https:\/\/vedruna.org\/wp-content\/uploads\/2026\/09\/pjv-anaco-1-300x196.jpeg\",\"orientation\":\"landscape\"},\"large\":{\"height\":668,\"width\":1024,\"url\":\"https:\/\/vedruna.org\/wp-content\/uploads\/2026\/09\/pjv-anaco-1-1024x668.jpeg\",\"orientation\":\"landscape\"},\"full\":{\"url\":\"https:\/\/vedruna.org\/wp-content\/uploads\/2026\/09\/pjv-anaco-1.jpeg\",\"height\":705,\"width\":1080,\"orientation\":\"landscape\"}},\"imageMeta\":{\"aperture\":\"0\",\"credit\":\"\",\"camera\":\"\",\"caption\":\"\",\"created_timestamp\":\"0\",\"copyright\":\"\",\"focal_length\":\"0\",\"iso\":\"0\",\"shutter_speed\":\"0\",\"title\":\"\",\"orientation\":\"0\",\"keywords\":[],\"alt\":\"\"},\"meta\":false}],\"useClobalSettings\":true,\"shareFacebook\":false,\"shareTwitter\":false,\"sharePinterest\":false,\"sliderItemDownload\":false,\"shareCopyLink\":false,\"sliderItemCounterEnable\":false,\"sliderItemTitleFontSize\":20,\"sliderSlideshow\":false,\"sliderSocialShareEnabled\":false,\"sliderZoomEnable\":false,\"translatedWithWPMLTM\":\"1\",\"itemsMetaDataCollection\":[]}<\/script><script>(function(){if(window.PGC_SGB && window.PGC_SGB.searcher){window.PGC_SGB.searcher.initBlocks()}})()<\/script><\/div>","protected":false},"excerpt":{"rendered":"<p>Els dies 2 i 3 de setembre es va dur a terme, a Anaco, la I Conviv\u00e8ncia Vocacional , un espai de trobada, reflexi\u00f3 i discerniment destinat a aprofundir en la crida de D\u00e9u ia donar a con\u00e8ixer el carisma de les Carmelites de la Caritat Vedruna , llegat iniciat fa 200 anys a Espanya [&hellip;]<\/p>\n","protected":false},"author":4,"featured_media":40320,"comment_status":"closed","ping_status":"closed","sticky":false,"template":"","format":"standard","meta":{"_et_pb_use_builder":"","_et_pb_old_content":"","_et_gb_content_width":"","pgc_sgb_lightbox_settings":"","footnotes":""},"categories":[577,502,248,265],"tags":[],"class_list":["post-40319","post","type-post","status-publish","format-standard","has-post-thumbnail","hentry","category-barcelona","category-joves","category-vedrunamerica-ca","category-venecuela"],"yoast_head":"<!-- This site is optimized with the Yoast SEO plugin v28.4 - https:\/\/yoast.com\/product\/yoast-seo-wordpress\/ -->\n<title>Nous camins de vocaci\u00f3 i missi\u00f3 a la Pastoral Juvenil Vocacional de Vene\u00e7uela - Carmelitas de la Caridad Vedruna<\/title>\n<meta name=\"description\" content=\"Va tenir lloc la I Conviv\u00e8ncia Vocacional a Anaco, per aprofundir en la crida de D\u00e9u ia donar a con\u00e8ixer el carisma de les Carmelites de la Caritat Vedruna.\" \/>\n<meta name=\"robots\" content=\"index, follow, max-snippet:-1, max-image-preview:large, max-video-preview:-1\" \/>\n<link rel=\"canonical\" href=\"https:\/\/vedruna.org\/ca\/nous-camins-de-vocacio-i-missio-a-la-pastoral-juvenil-vocacional-de-venecuela\/\" \/>\n<meta property=\"og:locale\" content=\"ca_ES\" \/>\n<meta property=\"og:type\" content=\"article\" \/>\n<meta property=\"og:title\" content=\"Nous camins de vocaci\u00f3 i missi\u00f3 a la Pastoral Juvenil Vocacional de Vene\u00e7uela - Carmelitas de la Caridad Vedruna\" \/>\n<meta property=\"og:description\" content=\"Va tenir lloc la I Conviv\u00e8ncia Vocacional a Anaco, per aprofundir en la crida de D\u00e9u ia donar a con\u00e8ixer el carisma de les Carmelites de la Caritat Vedruna.\" \/>\n<meta property=\"og:url\" content=\"https:\/\/vedruna.org\/ca\/nous-camins-de-vocacio-i-missio-a-la-pastoral-juvenil-vocacional-de-venecuela\/\" \/>\n<meta property=\"og:site_name\" content=\"Carmelitas de la Caridad Vedruna\" \/>\n<meta property=\"article:published_time\" content=\"2026-09-04T08:45:45+00:00\" \/>\n<meta property=\"article:modified_time\" content=\"2026-09-04T08:48:10+00:00\" \/>\n<meta property=\"og:image\" content=\"https:\/\/vedruna.org\/wp-content\/uploads\/2026\/09\/principal.jpeg\" \/>\n\t<meta property=\"og:image:width\" content=\"1080\" \/>\n\t<meta property=\"og:image:height\" content=\"622\" \/>\n\t<meta property=\"og:image:type\" content=\"image\/jpeg\" \/>\n<meta name=\"author\" content=\"Comunicaci\u00f3n Vedrunam\u00e9rica\" \/>\n<meta name=\"twitter:card\" content=\"summary_large_image\" \/>\n<meta name=\"twitter:label1\" content=\"Escrit per\" \/>\n\t<meta name=\"twitter:data1\" content=\"Comunicaci\u00f3n Vedrunam\u00e9rica\" \/>\n\t<meta name=\"twitter:label2\" content=\"Temps estimat de lectura\" \/>\n\t<meta name=\"twitter:data2\" content=\"2 minuts\" \/>\n<script type=\"application\/ld+json\" class=\"yoast-schema-graph\">{\"@context\":\"https:\\\/\\\/schema.org\",\"@graph\":[{\"@type\":\"Article\",\"@id\":\"https:\\\/\\\/vedruna.org\\\/ca\\\/nous-camins-de-vocacio-i-missio-a-la-pastoral-juvenil-vocacional-de-venecuela\\\/#article\",\"isPartOf\":{\"@id\":\"https:\\\/\\\/vedruna.org\\\/ca\\\/nous-camins-de-vocacio-i-missio-a-la-pastoral-juvenil-vocacional-de-venecuela\\\/\"},\"author\":{\"name\":\"Comunicaci\u00f3n Vedrunam\u00e9rica\",\"@id\":\"https:\\\/\\\/vedruna.org\\\/ca\\\/#\\\/schema\\\/person\\\/cf468646189533fb6a3aae475663fdc7\"},\"headline\":\"Nous camins de vocaci\u00f3 i missi\u00f3 a la Pastoral Juvenil Vocacional de Vene\u00e7uela\",\"datePublished\":\"2026-09-04T08:45:45+00:00\",\"dateModified\":\"2026-09-04T08:48:10+00:00\",\"mainEntityOfPage\":{\"@id\":\"https:\\\/\\\/vedruna.org\\\/ca\\\/nous-camins-de-vocacio-i-missio-a-la-pastoral-juvenil-vocacional-de-venecuela\\\/\"},\"wordCount\":512,\"publisher\":{\"@id\":\"https:\\\/\\\/vedruna.org\\\/ca\\\/#organization\"},\"image\":{\"@id\":\"https:\\\/\\\/vedruna.org\\\/ca\\\/nous-camins-de-vocacio-i-missio-a-la-pastoral-juvenil-vocacional-de-venecuela\\\/#primaryimage\"},\"thumbnailUrl\":\"https:\\\/\\\/vedruna.org\\\/wp-content\\\/uploads\\\/2026\\\/09\\\/principal.jpeg\",\"articleSection\":[\"Barcelona\",\"Joves\",\"Vedrunam\u00e8rica\",\"Vene\u00e7uela\"],\"inLanguage\":\"ca\"},{\"@type\":\"WebPage\",\"@id\":\"https:\\\/\\\/vedruna.org\\\/ca\\\/nous-camins-de-vocacio-i-missio-a-la-pastoral-juvenil-vocacional-de-venecuela\\\/\",\"url\":\"https:\\\/\\\/vedruna.org\\\/ca\\\/nous-camins-de-vocacio-i-missio-a-la-pastoral-juvenil-vocacional-de-venecuela\\\/\",\"name\":\"Nous camins de vocaci\u00f3 i missi\u00f3 a la Pastoral Juvenil Vocacional de Vene\u00e7uela - Carmelitas de la Caridad Vedruna\",\"isPartOf\":{\"@id\":\"https:\\\/\\\/vedruna.org\\\/ca\\\/#website\"},\"primaryImageOfPage\":{\"@id\":\"https:\\\/\\\/vedruna.org\\\/ca\\\/nous-camins-de-vocacio-i-missio-a-la-pastoral-juvenil-vocacional-de-venecuela\\\/#primaryimage\"},\"image\":{\"@id\":\"https:\\\/\\\/vedruna.org\\\/ca\\\/nous-camins-de-vocacio-i-missio-a-la-pastoral-juvenil-vocacional-de-venecuela\\\/#primaryimage\"},\"thumbnailUrl\":\"https:\\\/\\\/vedruna.org\\\/wp-content\\\/uploads\\\/2026\\\/09\\\/principal.jpeg\",\"datePublished\":\"2026-09-04T08:45:45+00:00\",\"dateModified\":\"2026-09-04T08:48:10+00:00\",\"description\":\"Va tenir lloc la I Conviv\u00e8ncia Vocacional a Anaco, per aprofundir en la crida de D\u00e9u ia donar a con\u00e8ixer el carisma de les Carmelites de la Caritat Vedruna.\",\"breadcrumb\":{\"@id\":\"https:\\\/\\\/vedruna.org\\\/ca\\\/nous-camins-de-vocacio-i-missio-a-la-pastoral-juvenil-vocacional-de-venecuela\\\/#breadcrumb\"},\"inLanguage\":\"ca\",\"potentialAction\":[{\"@type\":\"ReadAction\",\"target\":[\"https:\\\/\\\/vedruna.org\\\/ca\\\/nous-camins-de-vocacio-i-missio-a-la-pastoral-juvenil-vocacional-de-venecuela\\\/\"]}]},{\"@type\":\"ImageObject\",\"inLanguage\":\"ca\",\"@id\":\"https:\\\/\\\/vedruna.org\\\/ca\\\/nous-camins-de-vocacio-i-missio-a-la-pastoral-juvenil-vocacional-de-venecuela\\\/#primaryimage\",\"url\":\"https:\\\/\\\/vedruna.org\\\/wp-content\\\/uploads\\\/2026\\\/09\\\/principal.jpeg\",\"contentUrl\":\"https:\\\/\\\/vedruna.org\\\/wp-content\\\/uploads\\\/2026\\\/09\\\/principal.jpeg\",\"width\":1080,\"height\":622},{\"@type\":\"BreadcrumbList\",\"@id\":\"https:\\\/\\\/vedruna.org\\\/ca\\\/nous-camins-de-vocacio-i-missio-a-la-pastoral-juvenil-vocacional-de-venecuela\\\/#breadcrumb\",\"itemListElement\":[{\"@type\":\"ListItem\",\"position\":1,\"name\":\"Portada\",\"item\":\"https:\\\/\\\/vedruna.org\\\/ca\\\/\"},{\"@type\":\"ListItem\",\"position\":2,\"name\":\"Nous camins de vocaci\u00f3 i missi\u00f3 a la Pastoral Juvenil Vocacional de Vene\u00e7uela\"}]},{\"@type\":\"WebSite\",\"@id\":\"https:\\\/\\\/vedruna.org\\\/ca\\\/#website\",\"url\":\"https:\\\/\\\/vedruna.org\\\/ca\\\/\",\"name\":\"Carmelitas de la Caridad Vedruna\",\"description\":\"Carmelitas de la caridad\",\"publisher\":{\"@id\":\"https:\\\/\\\/vedruna.org\\\/ca\\\/#organization\"},\"potentialAction\":[{\"@type\":\"SearchAction\",\"target\":{\"@type\":\"EntryPoint\",\"urlTemplate\":\"https:\\\/\\\/vedruna.org\\\/ca\\\/?s={search_term_string}\"},\"query-input\":{\"@type\":\"PropertyValueSpecification\",\"valueRequired\":true,\"valueName\":\"search_term_string\"}}],\"inLanguage\":\"ca\"},{\"@type\":\"Organization\",\"@id\":\"https:\\\/\\\/vedruna.org\\\/ca\\\/#organization\",\"name\":\"Carmelitas de la caridad Vedruna\",\"url\":\"https:\\\/\\\/vedruna.org\\\/ca\\\/\",\"logo\":{\"@type\":\"ImageObject\",\"inLanguage\":\"ca\",\"@id\":\"https:\\\/\\\/vedruna.org\\\/ca\\\/#\\\/schema\\\/logo\\\/image\\\/\",\"url\":\"https:\\\/\\\/vedruna.org\\\/wp-content\\\/uploads\\\/2022\\\/04\\\/LOGO-VEDRUNA-HORIZONTAL.png\",\"contentUrl\":\"https:\\\/\\\/vedruna.org\\\/wp-content\\\/uploads\\\/2022\\\/04\\\/LOGO-VEDRUNA-HORIZONTAL.png\",\"width\":1200,\"height\":463,\"caption\":\"Carmelitas de la caridad Vedruna\"},\"image\":{\"@id\":\"https:\\\/\\\/vedruna.org\\\/ca\\\/#\\\/schema\\\/logo\\\/image\\\/\"}},{\"@type\":\"Person\",\"@id\":\"https:\\\/\\\/vedruna.org\\\/ca\\\/#\\\/schema\\\/person\\\/cf468646189533fb6a3aae475663fdc7\",\"name\":\"Comunicaci\u00f3n Vedrunam\u00e9rica\",\"image\":{\"@type\":\"ImageObject\",\"inLanguage\":\"ca\",\"@id\":\"https:\\\/\\\/secure.gravatar.com\\\/avatar\\\/b4eff91ff87ece2131a5d31270e1df0a7eeaffece756ce6503fd7dce879d1bfc?s=96&d=mm&r=g\",\"url\":\"https:\\\/\\\/secure.gravatar.com\\\/avatar\\\/b4eff91ff87ece2131a5d31270e1df0a7eeaffece756ce6503fd7dce879d1bfc?s=96&d=mm&r=g\",\"contentUrl\":\"https:\\\/\\\/secure.gravatar.com\\\/avatar\\\/b4eff91ff87ece2131a5d31270e1df0a7eeaffece756ce6503fd7dce879d1bfc?s=96&d=mm&r=g\",\"caption\":\"Comunicaci\u00f3n Vedrunam\u00e9rica\"},\"url\":\"https:\\\/\\\/vedruna.org\\\/ca\\\/author\\\/comunicacion-vedrunamerica\\\/\"}]}<\/script>\n<!-- \/ Yoast SEO plugin. -->","yoast_head_json":{"title":"Nous camins de vocaci\u00f3 i missi\u00f3 a la Pastoral Juvenil Vocacional de Vene\u00e7uela - Carmelitas de la Caridad Vedruna","description":"Va tenir lloc la I Conviv\u00e8ncia Vocacional a Anaco, per aprofundir en la crida de D\u00e9u ia donar a con\u00e8ixer el carisma de les Carmelites de la Caritat Vedruna.","robots":{"index":"index","follow":"follow","max-snippet":"max-snippet:-1","max-image-preview":"max-image-preview:large","max-video-preview":"max-video-preview:-1"},"canonical":"https:\/\/vedruna.org\/ca\/nous-camins-de-vocacio-i-missio-a-la-pastoral-juvenil-vocacional-de-venecuela\/","og_locale":"ca_ES","og_type":"article","og_title":"Nous camins de vocaci\u00f3 i missi\u00f3 a la Pastoral Juvenil Vocacional de Vene\u00e7uela - Carmelitas de la Caridad Vedruna","og_description":"Va tenir lloc la I Conviv\u00e8ncia Vocacional a Anaco, per aprofundir en la crida de D\u00e9u ia donar a con\u00e8ixer el carisma de les Carmelites de la Caritat Vedruna.","og_url":"https:\/\/vedruna.org\/ca\/nous-camins-de-vocacio-i-missio-a-la-pastoral-juvenil-vocacional-de-venecuela\/","og_site_name":"Carmelitas de la Caridad Vedruna","article_published_time":"2026-09-04T08:45:45+00:00","article_modified_time":"2026-09-04T08:48:10+00:00","og_image":[{"width":1080,"height":622,"url":"https:\/\/vedruna.org\/wp-content\/uploads\/2026\/09\/principal.jpeg","type":"image\/jpeg"}],"author":"Comunicaci\u00f3n Vedrunam\u00e9rica","twitter_card":"summary_large_image","twitter_misc":{"Escrit per":"Comunicaci\u00f3n Vedrunam\u00e9rica","Temps estimat de lectura":"2 minuts"},"schema":{"@context":"https:\/\/schema.org","@graph":[{"@type":"Article","@id":"https:\/\/vedruna.org\/ca\/nous-camins-de-vocacio-i-missio-a-la-pastoral-juvenil-vocacional-de-venecuela\/#article","isPartOf":{"@id":"https:\/\/vedruna.org\/ca\/nous-camins-de-vocacio-i-missio-a-la-pastoral-juvenil-vocacional-de-venecuela\/"},"author":{"name":"Comunicaci\u00f3n Vedrunam\u00e9rica","@id":"https:\/\/vedruna.org\/ca\/#\/schema\/person\/cf468646189533fb6a3aae475663fdc7"},"headline":"Nous camins de vocaci\u00f3 i missi\u00f3 a la Pastoral Juvenil Vocacional de Vene\u00e7uela","datePublished":"2026-09-04T08:45:45+00:00","dateModified":"2026-09-04T08:48:10+00:00","mainEntityOfPage":{"@id":"https:\/\/vedruna.org\/ca\/nous-camins-de-vocacio-i-missio-a-la-pastoral-juvenil-vocacional-de-venecuela\/"},"wordCount":512,"publisher":{"@id":"https:\/\/vedruna.org\/ca\/#organization"},"image":{"@id":"https:\/\/vedruna.org\/ca\/nous-camins-de-vocacio-i-missio-a-la-pastoral-juvenil-vocacional-de-venecuela\/#primaryimage"},"thumbnailUrl":"https:\/\/vedruna.org\/wp-content\/uploads\/2026\/09\/principal.jpeg","articleSection":["Barcelona","Joves","Vedrunam\u00e8rica","Vene\u00e7uela"],"inLanguage":"ca"},{"@type":"WebPage","@id":"https:\/\/vedruna.org\/ca\/nous-camins-de-vocacio-i-missio-a-la-pastoral-juvenil-vocacional-de-venecuela\/","url":"https:\/\/vedruna.org\/ca\/nous-camins-de-vocacio-i-missio-a-la-pastoral-juvenil-vocacional-de-venecuela\/","name":"Nous camins de vocaci\u00f3 i missi\u00f3 a la Pastoral Juvenil Vocacional de Vene\u00e7uela - Carmelitas de la Caridad Vedruna","isPartOf":{"@id":"https:\/\/vedruna.org\/ca\/#website"},"primaryImageOfPage":{"@id":"https:\/\/vedruna.org\/ca\/nous-camins-de-vocacio-i-missio-a-la-pastoral-juvenil-vocacional-de-venecuela\/#primaryimage"},"image":{"@id":"https:\/\/vedruna.org\/ca\/nous-camins-de-vocacio-i-missio-a-la-pastoral-juvenil-vocacional-de-venecuela\/#primaryimage"},"thumbnailUrl":"https:\/\/vedruna.org\/wp-content\/uploads\/2026\/09\/principal.jpeg","datePublished":"2026-09-04T08:45:45+00:00","dateModified":"2026-09-04T08:48:10+00:00","description":"Va tenir lloc la I Conviv\u00e8ncia Vocacional a Anaco, per aprofundir en la crida de D\u00e9u ia donar a con\u00e8ixer el carisma de les Carmelites de la Caritat Vedruna.","breadcrumb":{"@id":"https:\/\/vedruna.org\/ca\/nous-camins-de-vocacio-i-missio-a-la-pastoral-juvenil-vocacional-de-venecuela\/#breadcrumb"},"inLanguage":"ca","potentialAction":[{"@type":"ReadAction","target":["https:\/\/vedruna.org\/ca\/nous-camins-de-vocacio-i-missio-a-la-pastoral-juvenil-vocacional-de-venecuela\/"]}]},{"@type":"ImageObject","inLanguage":"ca","@id":"https:\/\/vedruna.org\/ca\/nous-camins-de-vocacio-i-missio-a-la-pastoral-juvenil-vocacional-de-venecuela\/#primaryimage","url":"https:\/\/vedruna.org\/wp-content\/uploads\/2026\/09\/principal.jpeg","contentUrl":"https:\/\/vedruna.org\/wp-content\/uploads\/2026\/09\/principal.jpeg","width":1080,"height":622},{"@type":"BreadcrumbList","@id":"https:\/\/vedruna.org\/ca\/nous-camins-de-vocacio-i-missio-a-la-pastoral-juvenil-vocacional-de-venecuela\/#breadcrumb","itemListElement":[{"@type":"ListItem","position":1,"name":"Portada","item":"https:\/\/vedruna.org\/ca\/"},{"@type":"ListItem","position":2,"name":"Nous camins de vocaci\u00f3 i missi\u00f3 a la Pastoral Juvenil Vocacional de Vene\u00e7uela"}]},{"@type":"WebSite","@id":"https:\/\/vedruna.org\/ca\/#website","url":"https:\/\/vedruna.org\/ca\/","name":"Carmelitas de la Caridad Vedruna","description":"Carmelitas de la caridad","publisher":{"@id":"https:\/\/vedruna.org\/ca\/#organization"},"potentialAction":[{"@type":"SearchAction","target":{"@type":"EntryPoint","urlTemplate":"https:\/\/vedruna.org\/ca\/?s={search_term_string}"},"query-input":{"@type":"PropertyValueSpecification","valueRequired":true,"valueName":"search_term_string"}}],"inLanguage":"ca"},{"@type":"Organization","@id":"https:\/\/vedruna.org\/ca\/#organization","name":"Carmelitas de la caridad Vedruna","url":"https:\/\/vedruna.org\/ca\/","logo":{"@type":"ImageObject","inLanguage":"ca","@id":"https:\/\/vedruna.org\/ca\/#\/schema\/logo\/image\/","url":"https:\/\/vedruna.org\/wp-content\/uploads\/2022\/04\/LOGO-VEDRUNA-HORIZONTAL.png","contentUrl":"https:\/\/vedruna.org\/wp-content\/uploads\/2022\/04\/LOGO-VEDRUNA-HORIZONTAL.png","width":1200,"height":463,"caption":"Carmelitas de la caridad Vedruna"},"image":{"@id":"https:\/\/vedruna.org\/ca\/#\/schema\/logo\/image\/"}},{"@type":"Person","@id":"https:\/\/vedruna.org\/ca\/#\/schema\/person\/cf468646189533fb6a3aae475663fdc7","name":"Comunicaci\u00f3n Vedrunam\u00e9rica","image":{"@type":"ImageObject","inLanguage":"ca","@id":"https:\/\/secure.gravatar.com\/avatar\/b4eff91ff87ece2131a5d31270e1df0a7eeaffece756ce6503fd7dce879d1bfc?s=96&d=mm&r=g","url":"https:\/\/secure.gravatar.com\/avatar\/b4eff91ff87ece2131a5d31270e1df0a7eeaffece756ce6503fd7dce879d1bfc?s=96&d=mm&r=g","contentUrl":"https:\/\/secure.gravatar.com\/avatar\/b4eff91ff87ece2131a5d31270e1df0a7eeaffece756ce6503fd7dce879d1bfc?s=96&d=mm&r=g","caption":"Comunicaci\u00f3n Vedrunam\u00e9rica"},"url":"https:\/\/vedruna.org\/ca\/author\/comunicacion-vedrunamerica\/"}]}},"_links":{"self":[{"href":"https:\/\/vedruna.org\/ca\/wp-json\/wp\/v2\/posts\/40319","targetHints":{"allow":["GET"]}}],"collection":[{"href":"https:\/\/vedruna.org\/ca\/wp-json\/wp\/v2\/posts"}],"about":[{"href":"https:\/\/vedruna.org\/ca\/wp-json\/wp\/v2\/types\/post"}],"author":[{"embeddable":true,"href":"https:\/\/vedruna.org\/ca\/wp-json\/wp\/v2\/users\/4"}],"replies":[{"embeddable":true,"href":"https:\/\/vedruna.org\/ca\/wp-json\/wp\/v2\/comments?post=40319"}],"version-history":[{"count":1,"href":"https:\/\/vedruna.org\/ca\/wp-json\/wp\/v2\/posts\/40319\/revisions"}],"predecessor-version":[{"id":40321,"href":"https:\/\/vedruna.org\/ca\/wp-json\/wp\/v2\/posts\/40319\/revisions\/40321"}],"wp:featuredmedia":[{"embeddable":true,"href":"https:\/\/vedruna.org\/ca\/wp-json\/wp\/v2\/media\/40320"}],"wp:attachment":[{"href":"https:\/\/vedruna.org\/ca\/wp-json\/wp\/v2\/media?parent=40319"}],"wp:term":[{"taxonomy":"category","embeddable":true,"href":"https:\/\/vedruna.org\/ca\/wp-json\/wp\/v2\/categories?post=40319"},{"taxonomy":"post_tag","embeddable":true,"href":"https:\/\/vedruna.org\/ca\/wp-json\/wp\/v2\/tags?post=40319"}],"curies":[{"name":"wp","href":"https:\/\/api.w.org\/{rel}","templated":true}]}}