{"id":13665,"date":"2024-10-08T12:29:49","date_gmt":"2024-10-08T10:29:49","guid":{"rendered":"https:\/\/vedruna.org\/tributes-to-the-bible-palabra-viva-in-the-dominican-republic\/"},"modified":"2024-10-08T13:37:22","modified_gmt":"2024-10-08T11:37:22","slug":"tributes-to-the-bible-palabra-viva-in-the-dominican-republic","status":"publish","type":"post","link":"https:\/\/vedruna.org\/en\/tributes-to-the-bible-palabra-viva-in-the-dominican-republic\/","title":{"rendered":"Tributes to the Bible, Palabra Viva, in the Dominican Republic"},"content":{"rendered":"\n<p>On September 27, National Bible Day in the Dominican Republic, a significant activity was held at the civic event of the Vedruna Basic School, with the participation of the entire educational community.<\/p>\n\n<figure class=\"wp-block-image alignright size-full is-resized\"><img loading=\"lazy\" decoding=\"async\" width=\"720\" height=\"962\" src=\"https:\/\/vedruna.org\/wp-content\/uploads\/2024\/09\/texto-1.jpg\" alt=\"\" class=\"wp-image-13486\" style=\"width:313px;height:auto\" srcset=\"https:\/\/vedruna.org\/wp-content\/uploads\/2024\/09\/texto-1.jpg 720w, https:\/\/vedruna.org\/wp-content\/uploads\/2024\/09\/texto-1-480x641.jpg 480w\" sizes=\"(min-width: 0px) and (max-width: 480px) 480px, (min-width: 481px) 720px, 100vw\" \/><\/figure>\n\n<p>This day closed the triduum with activities allusive to the Holy Bible, where boys and girls participated with biblical readings, reflections and songs of animation.<\/p>\n\n<p>The activity was carried out in conjunction with the elaboration and exhibition of bibles made by the students, songs of animation, dramatization in monologue of a living Bible and dances alluding to the Bible. There was also a special decoration of the space where the activity took place. <\/p>\n\n<p>The Bible corner that has accompanied us throughout the month of September was also renewed.<\/p>\n\n<p>The objective was achieved: to <strong>promote the values and knowledge that the Bible teaches us as the Word of God<\/strong> that illuminates our lives and our actions. We also became aware of the importance of knowing and reading the Bible, the values it offers us, the obedience and practice of living according to God&#8217;s will. The shared atmosphere was one of prayer and spirituality.  <\/p>\n\n<p>The children received support from the school&#8217;s faculty, administration, parents and guardians, and alumni.<\/p>\n\n<p class=\"has-text-align-right\"><strong>Sr. Cruz Maria Reyes, CCV<\/strong><\/p>\n\n<div style=\"height:25px\" aria-hidden=\"true\" class=\"wp-block-spacer\"><\/div>\n\n<figure class=\"wp-block-gallery has-nested-images columns-default is-cropped wp-block-gallery-1 is-layout-flex wp-block-gallery-is-layout-flex\">\n<figure class=\"wp-block-image size-large\"><img loading=\"lazy\" decoding=\"async\" width=\"1024\" height=\"472\" data-id=\"13470\" src=\"https:\/\/vedruna.org\/wp-content\/uploads\/2024\/09\/1-11-1024x472.jpg\" alt=\"\" class=\"wp-image-13470\" srcset=\"https:\/\/vedruna.org\/wp-content\/uploads\/2024\/09\/1-11-980x452.jpg 980w, https:\/\/vedruna.org\/wp-content\/uploads\/2024\/09\/1-11-480x221.jpg 480w\" sizes=\"(min-width: 0px) and (max-width: 480px) 480px, (min-width: 481px) and (max-width: 980px) 980px, (min-width: 981px) 1024px, 100vw\" \/><\/figure>\n\n\n\n<figure class=\"wp-block-image size-large\"><img loading=\"lazy\" decoding=\"async\" width=\"1024\" height=\"576\" data-id=\"13472\" src=\"https:\/\/vedruna.org\/wp-content\/uploads\/2024\/09\/2-1-1024x576.jpg\" alt=\"\" class=\"wp-image-13472\" srcset=\"https:\/\/vedruna.org\/wp-content\/uploads\/2024\/09\/2-1-1024x576.jpg 1024w, https:\/\/vedruna.org\/wp-content\/uploads\/2024\/09\/2-1-980x551.jpg 980w, https:\/\/vedruna.org\/wp-content\/uploads\/2024\/09\/2-1-480x270.jpg 480w\" sizes=\"(min-width: 0px) and (max-width: 480px) 480px, (min-width: 481px) and (max-width: 980px) 980px, (min-width: 981px) 1024px, 100vw\" \/><\/figure>\n\n\n\n<figure class=\"wp-block-image size-large\"><img loading=\"lazy\" decoding=\"async\" width=\"1024\" height=\"472\" data-id=\"13478\" src=\"https:\/\/vedruna.org\/wp-content\/uploads\/2024\/09\/3-1-1024x472.jpg\" alt=\"\" class=\"wp-image-13478\" srcset=\"https:\/\/vedruna.org\/wp-content\/uploads\/2024\/09\/3-1-980x452.jpg 980w, https:\/\/vedruna.org\/wp-content\/uploads\/2024\/09\/3-1-480x221.jpg 480w\" sizes=\"(min-width: 0px) and (max-width: 480px) 480px, (min-width: 481px) and (max-width: 980px) 980px, (min-width: 981px) 1024px, 100vw\" \/><\/figure>\n\n\n\n<figure class=\"wp-block-image size-large\"><img loading=\"lazy\" decoding=\"async\" width=\"1024\" height=\"576\" data-id=\"13482\" src=\"https:\/\/vedruna.org\/wp-content\/uploads\/2024\/09\/4-1-1024x576.jpg\" alt=\"\" class=\"wp-image-13482\" srcset=\"https:\/\/vedruna.org\/wp-content\/uploads\/2024\/09\/4-1-1024x576.jpg 1024w, https:\/\/vedruna.org\/wp-content\/uploads\/2024\/09\/4-1-980x551.jpg 980w, https:\/\/vedruna.org\/wp-content\/uploads\/2024\/09\/4-1-480x270.jpg 480w\" sizes=\"(min-width: 0px) and (max-width: 480px) 480px, (min-width: 481px) and (max-width: 980px) 980px, (min-width: 981px) 1024px, 100vw\" \/><\/figure>\n<\/figure>\n","protected":false},"excerpt":{"rendered":"<p>On September 27, National Bible Day in the Dominican Republic, a significant activity was held at the civic event of the Vedruna Basic School, with the participation of the entire educational community. This day closed the triduum with activities allusive to the Holy Bible, where boys and girls participated with biblical readings, reflections and songs [&hellip;]<\/p>\n","protected":false},"author":4,"featured_media":13492,"comment_status":"closed","ping_status":"closed","sticky":false,"template":"","format":"standard","meta":{"_et_pb_use_builder":"","_et_pb_old_content":"","_et_gb_content_width":"","pgc_sgb_lightbox_settings":"","footnotes":""},"categories":[310,420,144],"tags":[],"class_list":["post-13665","post","type-post","status-publish","format-standard","has-post-thumbnail","hentry","category-dominican-republic","category-santo-domingo","category-vedrunamerica-en"],"yoast_head":"<!-- This site is optimized with the Yoast SEO plugin v27.5 - https:\/\/yoast.com\/product\/yoast-seo-wordpress\/ -->\n<title>Tributes to the Bible, Palabra Viva, in the Dominican Republic - Carmelitas de la Caridad Vedruna<\/title>\n<meta name=\"description\" content=\"The educational community of the Escuela B\u00e1sica held three days of activities to honor the Holy Bible, Word of God.\" \/>\n<meta name=\"robots\" content=\"index, follow, max-snippet:-1, max-image-preview:large, max-video-preview:-1\" \/>\n<link rel=\"canonical\" href=\"https:\/\/vedruna.org\/en\/tributes-to-the-bible-palabra-viva-in-the-dominican-republic\/\" \/>\n<meta property=\"og:locale\" content=\"en_US\" \/>\n<meta property=\"og:type\" content=\"article\" \/>\n<meta property=\"og:title\" content=\"Tributes to the Bible, Palabra Viva, in the Dominican Republic - Carmelitas de la Caridad Vedruna\" \/>\n<meta property=\"og:description\" content=\"The educational community of the Escuela B\u00e1sica held three days of activities to honor the Holy Bible, Word of God.\" \/>\n<meta property=\"og:url\" content=\"https:\/\/vedruna.org\/en\/tributes-to-the-bible-palabra-viva-in-the-dominican-republic\/\" \/>\n<meta property=\"og:site_name\" content=\"Carmelitas de la Caridad Vedruna\" \/>\n<meta property=\"article:published_time\" content=\"2024-10-08T10:29:49+00:00\" \/>\n<meta property=\"article:modified_time\" content=\"2024-10-08T11:37:22+00:00\" \/>\n<meta property=\"og:image\" content=\"https:\/\/vedruna.org\/wp-content\/uploads\/2024\/09\/principal-4.jpg\" \/>\n\t<meta property=\"og:image:width\" content=\"1600\" \/>\n\t<meta property=\"og:image:height\" content=\"738\" \/>\n\t<meta property=\"og:image:type\" content=\"image\/jpeg\" \/>\n<meta name=\"author\" content=\"Comunicaci\u00f3n Vedrunam\u00e9rica\" \/>\n<meta name=\"twitter:card\" content=\"summary_large_image\" \/>\n<meta name=\"twitter:label1\" content=\"Written by\" \/>\n\t<meta name=\"twitter:data1\" content=\"Comunicaci\u00f3n Vedrunam\u00e9rica\" \/>\n\t<meta name=\"twitter:label2\" content=\"Est. reading time\" \/>\n\t<meta name=\"twitter:data2\" content=\"1 minute\" \/>\n<script type=\"application\/ld+json\" class=\"yoast-schema-graph\">{\"@context\":\"https:\\\/\\\/schema.org\",\"@graph\":[{\"@type\":\"Article\",\"@id\":\"https:\\\/\\\/vedruna.org\\\/en\\\/tributes-to-the-bible-palabra-viva-in-the-dominican-republic\\\/#article\",\"isPartOf\":{\"@id\":\"https:\\\/\\\/vedruna.org\\\/en\\\/tributes-to-the-bible-palabra-viva-in-the-dominican-republic\\\/\"},\"author\":{\"name\":\"Comunicaci\u00f3n Vedrunam\u00e9rica\",\"@id\":\"https:\\\/\\\/vedruna.org\\\/en\\\/#\\\/schema\\\/person\\\/cf468646189533fb6a3aae475663fdc7\"},\"headline\":\"Tributes to the Bible, Palabra Viva, in the Dominican Republic\",\"datePublished\":\"2024-10-08T10:29:49+00:00\",\"dateModified\":\"2024-10-08T11:37:22+00:00\",\"mainEntityOfPage\":{\"@id\":\"https:\\\/\\\/vedruna.org\\\/en\\\/tributes-to-the-bible-palabra-viva-in-the-dominican-republic\\\/\"},\"wordCount\":214,\"publisher\":{\"@id\":\"https:\\\/\\\/vedruna.org\\\/en\\\/#organization\"},\"image\":{\"@id\":\"https:\\\/\\\/vedruna.org\\\/en\\\/tributes-to-the-bible-palabra-viva-in-the-dominican-republic\\\/#primaryimage\"},\"thumbnailUrl\":\"https:\\\/\\\/vedruna.org\\\/wp-content\\\/uploads\\\/2024\\\/09\\\/principal-4.jpg\",\"articleSection\":[\"Dominican Republic\",\"Santo Domingo\",\"Vedrunamerica\"],\"inLanguage\":\"en-US\"},{\"@type\":\"WebPage\",\"@id\":\"https:\\\/\\\/vedruna.org\\\/en\\\/tributes-to-the-bible-palabra-viva-in-the-dominican-republic\\\/\",\"url\":\"https:\\\/\\\/vedruna.org\\\/en\\\/tributes-to-the-bible-palabra-viva-in-the-dominican-republic\\\/\",\"name\":\"Tributes to the Bible, Palabra Viva, in the Dominican Republic - Carmelitas de la Caridad Vedruna\",\"isPartOf\":{\"@id\":\"https:\\\/\\\/vedruna.org\\\/en\\\/#website\"},\"primaryImageOfPage\":{\"@id\":\"https:\\\/\\\/vedruna.org\\\/en\\\/tributes-to-the-bible-palabra-viva-in-the-dominican-republic\\\/#primaryimage\"},\"image\":{\"@id\":\"https:\\\/\\\/vedruna.org\\\/en\\\/tributes-to-the-bible-palabra-viva-in-the-dominican-republic\\\/#primaryimage\"},\"thumbnailUrl\":\"https:\\\/\\\/vedruna.org\\\/wp-content\\\/uploads\\\/2024\\\/09\\\/principal-4.jpg\",\"datePublished\":\"2024-10-08T10:29:49+00:00\",\"dateModified\":\"2024-10-08T11:37:22+00:00\",\"description\":\"The educational community of the Escuela B\u00e1sica held three days of activities to honor the Holy Bible, Word of God.\",\"breadcrumb\":{\"@id\":\"https:\\\/\\\/vedruna.org\\\/en\\\/tributes-to-the-bible-palabra-viva-in-the-dominican-republic\\\/#breadcrumb\"},\"inLanguage\":\"en-US\",\"potentialAction\":[{\"@type\":\"ReadAction\",\"target\":[\"https:\\\/\\\/vedruna.org\\\/en\\\/tributes-to-the-bible-palabra-viva-in-the-dominican-republic\\\/\"]}]},{\"@type\":\"ImageObject\",\"inLanguage\":\"en-US\",\"@id\":\"https:\\\/\\\/vedruna.org\\\/en\\\/tributes-to-the-bible-palabra-viva-in-the-dominican-republic\\\/#primaryimage\",\"url\":\"https:\\\/\\\/vedruna.org\\\/wp-content\\\/uploads\\\/2024\\\/09\\\/principal-4.jpg\",\"contentUrl\":\"https:\\\/\\\/vedruna.org\\\/wp-content\\\/uploads\\\/2024\\\/09\\\/principal-4.jpg\",\"width\":1600,\"height\":738},{\"@type\":\"BreadcrumbList\",\"@id\":\"https:\\\/\\\/vedruna.org\\\/en\\\/tributes-to-the-bible-palabra-viva-in-the-dominican-republic\\\/#breadcrumb\",\"itemListElement\":[{\"@type\":\"ListItem\",\"position\":1,\"name\":\"Portada\",\"item\":\"https:\\\/\\\/vedruna.org\\\/en\\\/\"},{\"@type\":\"ListItem\",\"position\":2,\"name\":\"Tributes to the Bible, Palabra Viva, in the Dominican Republic\"}]},{\"@type\":\"WebSite\",\"@id\":\"https:\\\/\\\/vedruna.org\\\/en\\\/#website\",\"url\":\"https:\\\/\\\/vedruna.org\\\/en\\\/\",\"name\":\"Carmelitas de la Caridad Vedruna\",\"description\":\"Carmelitas de la caridad\",\"publisher\":{\"@id\":\"https:\\\/\\\/vedruna.org\\\/en\\\/#organization\"},\"potentialAction\":[{\"@type\":\"SearchAction\",\"target\":{\"@type\":\"EntryPoint\",\"urlTemplate\":\"https:\\\/\\\/vedruna.org\\\/en\\\/?s={search_term_string}\"},\"query-input\":{\"@type\":\"PropertyValueSpecification\",\"valueRequired\":true,\"valueName\":\"search_term_string\"}}],\"inLanguage\":\"en-US\"},{\"@type\":\"Organization\",\"@id\":\"https:\\\/\\\/vedruna.org\\\/en\\\/#organization\",\"name\":\"Carmelitas de la caridad Vedruna\",\"url\":\"https:\\\/\\\/vedruna.org\\\/en\\\/\",\"logo\":{\"@type\":\"ImageObject\",\"inLanguage\":\"en-US\",\"@id\":\"https:\\\/\\\/vedruna.org\\\/en\\\/#\\\/schema\\\/logo\\\/image\\\/\",\"url\":\"https:\\\/\\\/vedruna.org\\\/wp-content\\\/uploads\\\/2022\\\/04\\\/LOGO-VEDRUNA-HORIZONTAL.png\",\"contentUrl\":\"https:\\\/\\\/vedruna.org\\\/wp-content\\\/uploads\\\/2022\\\/04\\\/LOGO-VEDRUNA-HORIZONTAL.png\",\"width\":1200,\"height\":463,\"caption\":\"Carmelitas de la caridad Vedruna\"},\"image\":{\"@id\":\"https:\\\/\\\/vedruna.org\\\/en\\\/#\\\/schema\\\/logo\\\/image\\\/\"}},{\"@type\":\"Person\",\"@id\":\"https:\\\/\\\/vedruna.org\\\/en\\\/#\\\/schema\\\/person\\\/cf468646189533fb6a3aae475663fdc7\",\"name\":\"Comunicaci\u00f3n Vedrunam\u00e9rica\",\"image\":{\"@type\":\"ImageObject\",\"inLanguage\":\"en-US\",\"@id\":\"https:\\\/\\\/secure.gravatar.com\\\/avatar\\\/b4eff91ff87ece2131a5d31270e1df0a7eeaffece756ce6503fd7dce879d1bfc?s=96&d=mm&r=g\",\"url\":\"https:\\\/\\\/secure.gravatar.com\\\/avatar\\\/b4eff91ff87ece2131a5d31270e1df0a7eeaffece756ce6503fd7dce879d1bfc?s=96&d=mm&r=g\",\"contentUrl\":\"https:\\\/\\\/secure.gravatar.com\\\/avatar\\\/b4eff91ff87ece2131a5d31270e1df0a7eeaffece756ce6503fd7dce879d1bfc?s=96&d=mm&r=g\",\"caption\":\"Comunicaci\u00f3n Vedrunam\u00e9rica\"},\"url\":\"https:\\\/\\\/vedruna.org\\\/en\\\/author\\\/comunicacion-vedrunamerica\\\/\"}]}<\/script>\n<!-- \/ Yoast SEO plugin. -->","yoast_head_json":{"title":"Tributes to the Bible, Palabra Viva, in the Dominican Republic - Carmelitas de la Caridad Vedruna","description":"The educational community of the Escuela B\u00e1sica held three days of activities to honor the Holy Bible, Word of God.","robots":{"index":"index","follow":"follow","max-snippet":"max-snippet:-1","max-image-preview":"max-image-preview:large","max-video-preview":"max-video-preview:-1"},"canonical":"https:\/\/vedruna.org\/en\/tributes-to-the-bible-palabra-viva-in-the-dominican-republic\/","og_locale":"en_US","og_type":"article","og_title":"Tributes to the Bible, Palabra Viva, in the Dominican Republic - Carmelitas de la Caridad Vedruna","og_description":"The educational community of the Escuela B\u00e1sica held three days of activities to honor the Holy Bible, Word of God.","og_url":"https:\/\/vedruna.org\/en\/tributes-to-the-bible-palabra-viva-in-the-dominican-republic\/","og_site_name":"Carmelitas de la Caridad Vedruna","article_published_time":"2024-10-08T10:29:49+00:00","article_modified_time":"2024-10-08T11:37:22+00:00","og_image":[{"width":1600,"height":738,"url":"https:\/\/vedruna.org\/wp-content\/uploads\/2024\/09\/principal-4.jpg","type":"image\/jpeg"}],"author":"Comunicaci\u00f3n Vedrunam\u00e9rica","twitter_card":"summary_large_image","twitter_misc":{"Written by":"Comunicaci\u00f3n Vedrunam\u00e9rica","Est. reading time":"1 minute"},"schema":{"@context":"https:\/\/schema.org","@graph":[{"@type":"Article","@id":"https:\/\/vedruna.org\/en\/tributes-to-the-bible-palabra-viva-in-the-dominican-republic\/#article","isPartOf":{"@id":"https:\/\/vedruna.org\/en\/tributes-to-the-bible-palabra-viva-in-the-dominican-republic\/"},"author":{"name":"Comunicaci\u00f3n Vedrunam\u00e9rica","@id":"https:\/\/vedruna.org\/en\/#\/schema\/person\/cf468646189533fb6a3aae475663fdc7"},"headline":"Tributes to the Bible, Palabra Viva, in the Dominican Republic","datePublished":"2024-10-08T10:29:49+00:00","dateModified":"2024-10-08T11:37:22+00:00","mainEntityOfPage":{"@id":"https:\/\/vedruna.org\/en\/tributes-to-the-bible-palabra-viva-in-the-dominican-republic\/"},"wordCount":214,"publisher":{"@id":"https:\/\/vedruna.org\/en\/#organization"},"image":{"@id":"https:\/\/vedruna.org\/en\/tributes-to-the-bible-palabra-viva-in-the-dominican-republic\/#primaryimage"},"thumbnailUrl":"https:\/\/vedruna.org\/wp-content\/uploads\/2024\/09\/principal-4.jpg","articleSection":["Dominican Republic","Santo Domingo","Vedrunamerica"],"inLanguage":"en-US"},{"@type":"WebPage","@id":"https:\/\/vedruna.org\/en\/tributes-to-the-bible-palabra-viva-in-the-dominican-republic\/","url":"https:\/\/vedruna.org\/en\/tributes-to-the-bible-palabra-viva-in-the-dominican-republic\/","name":"Tributes to the Bible, Palabra Viva, in the Dominican Republic - Carmelitas de la Caridad Vedruna","isPartOf":{"@id":"https:\/\/vedruna.org\/en\/#website"},"primaryImageOfPage":{"@id":"https:\/\/vedruna.org\/en\/tributes-to-the-bible-palabra-viva-in-the-dominican-republic\/#primaryimage"},"image":{"@id":"https:\/\/vedruna.org\/en\/tributes-to-the-bible-palabra-viva-in-the-dominican-republic\/#primaryimage"},"thumbnailUrl":"https:\/\/vedruna.org\/wp-content\/uploads\/2024\/09\/principal-4.jpg","datePublished":"2024-10-08T10:29:49+00:00","dateModified":"2024-10-08T11:37:22+00:00","description":"The educational community of the Escuela B\u00e1sica held three days of activities to honor the Holy Bible, Word of God.","breadcrumb":{"@id":"https:\/\/vedruna.org\/en\/tributes-to-the-bible-palabra-viva-in-the-dominican-republic\/#breadcrumb"},"inLanguage":"en-US","potentialAction":[{"@type":"ReadAction","target":["https:\/\/vedruna.org\/en\/tributes-to-the-bible-palabra-viva-in-the-dominican-republic\/"]}]},{"@type":"ImageObject","inLanguage":"en-US","@id":"https:\/\/vedruna.org\/en\/tributes-to-the-bible-palabra-viva-in-the-dominican-republic\/#primaryimage","url":"https:\/\/vedruna.org\/wp-content\/uploads\/2024\/09\/principal-4.jpg","contentUrl":"https:\/\/vedruna.org\/wp-content\/uploads\/2024\/09\/principal-4.jpg","width":1600,"height":738},{"@type":"BreadcrumbList","@id":"https:\/\/vedruna.org\/en\/tributes-to-the-bible-palabra-viva-in-the-dominican-republic\/#breadcrumb","itemListElement":[{"@type":"ListItem","position":1,"name":"Portada","item":"https:\/\/vedruna.org\/en\/"},{"@type":"ListItem","position":2,"name":"Tributes to the Bible, Palabra Viva, in the Dominican Republic"}]},{"@type":"WebSite","@id":"https:\/\/vedruna.org\/en\/#website","url":"https:\/\/vedruna.org\/en\/","name":"Carmelitas de la Caridad Vedruna","description":"Carmelitas de la caridad","publisher":{"@id":"https:\/\/vedruna.org\/en\/#organization"},"potentialAction":[{"@type":"SearchAction","target":{"@type":"EntryPoint","urlTemplate":"https:\/\/vedruna.org\/en\/?s={search_term_string}"},"query-input":{"@type":"PropertyValueSpecification","valueRequired":true,"valueName":"search_term_string"}}],"inLanguage":"en-US"},{"@type":"Organization","@id":"https:\/\/vedruna.org\/en\/#organization","name":"Carmelitas de la caridad Vedruna","url":"https:\/\/vedruna.org\/en\/","logo":{"@type":"ImageObject","inLanguage":"en-US","@id":"https:\/\/vedruna.org\/en\/#\/schema\/logo\/image\/","url":"https:\/\/vedruna.org\/wp-content\/uploads\/2022\/04\/LOGO-VEDRUNA-HORIZONTAL.png","contentUrl":"https:\/\/vedruna.org\/wp-content\/uploads\/2022\/04\/LOGO-VEDRUNA-HORIZONTAL.png","width":1200,"height":463,"caption":"Carmelitas de la caridad Vedruna"},"image":{"@id":"https:\/\/vedruna.org\/en\/#\/schema\/logo\/image\/"}},{"@type":"Person","@id":"https:\/\/vedruna.org\/en\/#\/schema\/person\/cf468646189533fb6a3aae475663fdc7","name":"Comunicaci\u00f3n Vedrunam\u00e9rica","image":{"@type":"ImageObject","inLanguage":"en-US","@id":"https:\/\/secure.gravatar.com\/avatar\/b4eff91ff87ece2131a5d31270e1df0a7eeaffece756ce6503fd7dce879d1bfc?s=96&d=mm&r=g","url":"https:\/\/secure.gravatar.com\/avatar\/b4eff91ff87ece2131a5d31270e1df0a7eeaffece756ce6503fd7dce879d1bfc?s=96&d=mm&r=g","contentUrl":"https:\/\/secure.gravatar.com\/avatar\/b4eff91ff87ece2131a5d31270e1df0a7eeaffece756ce6503fd7dce879d1bfc?s=96&d=mm&r=g","caption":"Comunicaci\u00f3n Vedrunam\u00e9rica"},"url":"https:\/\/vedruna.org\/en\/author\/comunicacion-vedrunamerica\/"}]}},"_links":{"self":[{"href":"https:\/\/vedruna.org\/en\/wp-json\/wp\/v2\/posts\/13665","targetHints":{"allow":["GET"]}}],"collection":[{"href":"https:\/\/vedruna.org\/en\/wp-json\/wp\/v2\/posts"}],"about":[{"href":"https:\/\/vedruna.org\/en\/wp-json\/wp\/v2\/types\/post"}],"author":[{"embeddable":true,"href":"https:\/\/vedruna.org\/en\/wp-json\/wp\/v2\/users\/4"}],"replies":[{"embeddable":true,"href":"https:\/\/vedruna.org\/en\/wp-json\/wp\/v2\/comments?post=13665"}],"version-history":[{"count":1,"href":"https:\/\/vedruna.org\/en\/wp-json\/wp\/v2\/posts\/13665\/revisions"}],"predecessor-version":[{"id":13666,"href":"https:\/\/vedruna.org\/en\/wp-json\/wp\/v2\/posts\/13665\/revisions\/13666"}],"wp:featuredmedia":[{"embeddable":true,"href":"https:\/\/vedruna.org\/en\/wp-json\/wp\/v2\/media\/13492"}],"wp:attachment":[{"href":"https:\/\/vedruna.org\/en\/wp-json\/wp\/v2\/media?parent=13665"}],"wp:term":[{"taxonomy":"category","embeddable":true,"href":"https:\/\/vedruna.org\/en\/wp-json\/wp\/v2\/categories?post=13665"},{"taxonomy":"post_tag","embeddable":true,"href":"https:\/\/vedruna.org\/en\/wp-json\/wp\/v2\/tags?post=13665"}],"curies":[{"name":"wp","href":"https:\/\/api.w.org\/{rel}","templated":true}]}}