{"id":23401,"date":"2025-05-01T07:52:00","date_gmt":"2025-05-01T05:52:00","guid":{"rendered":"https:\/\/vedruna.org\/pope-francis-guardian-of-creation\/"},"modified":"2025-05-01T07:53:13","modified_gmt":"2025-05-01T05:53:13","slug":"pope-francis-guardian-of-creation","status":"publish","type":"post","link":"https:\/\/vedruna.org\/en\/pope-francis-guardian-of-creation\/","title":{"rendered":"Pope Francis, Guardian of Creation"},"content":{"rendered":"\n<p>On the occasion of <strong>International Mother Earth Day<\/strong>, which in 2025 coincides with the tenth anniversary of Pope Francis&#8217; encyclical &#8220;<strong><a href=\"https:\/\/www.vatican.va\/content\/francesco\/es\/encyclicals\/documents\/papa-francesco_20150524_enciclica-laudato-si.html\">Laudato Si<\/a><\/strong>&#8216;&#8221;, we note the echoes of this text in our <a href=\"https:\/\/vedruna.org\/download-category\/documento-capitular\/\">Chapter Document &#8220;Born Again&#8221;<\/a>, and share images of the activities organized for this day in the Vedruna schools of the Vedrun America Province, such as the<strong> Vedruna Assistance Center<\/strong> in Maring\u00e1, Brazil; or in the <strong>College of St. Ursula<\/strong>, in Sullana, Peru.<\/p>\n\n<hr class=\"wp-block-separator has-alpha-channel-opacity\"\/>\n\n<p><strong>International Mother Earth Day<\/strong> 2025, which was celebrated on April 22, coincided with the tenth anniversary of Pope Francis&#8217; encyclical<a href=\"https:\/\/www.vatican.va\/content\/francesco\/es\/encyclicals\/documents\/papa-francesco_20150524_enciclica-laudato-si.html\">&#8220;Laudato Si<\/a>&#8216;&#8221;, a key document on caring for our planet and fighting climate change. Just one day before, the Pope passed away. <\/p>\n\n<p>This year, the day emphasizes the importance of renewable energies and collective action. We are called to reflect on the Catholic Church&#8217;s call for environmental stewardship, inspired by &#8220;Laudato Si'&#8221;, considering care for the Earth a moral imperative and a fundamental part of its mission. Although St. Joaquina de Vedruna did not leave specific writings on ecology or the environment, her life and spirituality reflect a deep sensitivity to creation and care for the environment.  <\/p>\n<div class=\"pgc-sgb-cb wp-block-pgcsimplygalleryblock-masonry \" data-gallery-id=\"81c13073\"><div class=\"sgb-preloader\" id=\"pr_81c13073\">\n\t<div class=\"sgb-square\" style=\"background:#d4d4d4\"><\/div>\n\t<div class=\"sgb-square\" style=\"background:#d4d4d4\"><\/div>\n\t<div class=\"sgb-square\" style=\"background:#d4d4d4\"><\/div>\n\t<div class=\"sgb-square\" style=\"background:#d4d4d4\"><\/div><\/div><div class=\"simply-gallery-amp pgc_sgb_slider \"><noscript><div class=\"sgb-gallery\"><div class=\"sgb-item\"><a href=\"https:\/\/vedruna.org\/?attachment_id=23000\" target=\"_blank\"><img decoding=\"async\" alt=\"\" width=\"300\" height=\"135\" loading=\"lazy\" src=\"https:\/\/vedruna.org\/wp-content\/uploads\/2025\/04\/1-1-300x135.png\" srcset=\"https:\/\/vedruna.org\/wp-content\/uploads\/2025\/04\/1-1-300x135.png 300w,https:\/\/vedruna.org\/wp-content\/uploads\/2025\/04\/1-1-1024x461.png 1024w,https:\/\/vedruna.org\/wp-content\/uploads\/2025\/04\/1-1-scaled.png 2560w\" sizes=\"250px\"\/><\/a><\/div><div class=\"sgb-item\"><a href=\"https:\/\/vedruna.org\/?attachment_id=23008\" target=\"_blank\"><img decoding=\"async\" alt=\"\" width=\"300\" height=\"135\" loading=\"lazy\" src=\"https:\/\/vedruna.org\/wp-content\/uploads\/2025\/04\/3-1-300x135.png\" srcset=\"https:\/\/vedruna.org\/wp-content\/uploads\/2025\/04\/3-1-300x135.png 300w,https:\/\/vedruna.org\/wp-content\/uploads\/2025\/04\/3-1-1024x461.png 1024w,https:\/\/vedruna.org\/wp-content\/uploads\/2025\/04\/3-1.png 2160w\" sizes=\"250px\"\/><\/a><\/div><div class=\"sgb-item\"><a href=\"https:\/\/vedruna.org\/?attachment_id=23004\" target=\"_blank\"><img decoding=\"async\" alt=\"\" width=\"300\" height=\"135\" loading=\"lazy\" src=\"https:\/\/vedruna.org\/wp-content\/uploads\/2025\/04\/2-1-300x135.png\" srcset=\"https:\/\/vedruna.org\/wp-content\/uploads\/2025\/04\/2-1-300x135.png 300w,https:\/\/vedruna.org\/wp-content\/uploads\/2025\/04\/2-1-1024x461.png 1024w,https:\/\/vedruna.org\/wp-content\/uploads\/2025\/04\/2-1.png 2160w\" sizes=\"250px\"\/><\/a><\/div><div class=\"sgb-item\"><a href=\"https:\/\/vedruna.org\/?attachment_id=23012\" target=\"_blank\"><img decoding=\"async\" alt=\"\" width=\"300\" height=\"214\" loading=\"lazy\" src=\"https:\/\/vedruna.org\/wp-content\/uploads\/2025\/04\/4-1-300x214.png\" srcset=\"https:\/\/vedruna.org\/wp-content\/uploads\/2025\/04\/4-1-300x214.png 300w,https:\/\/vedruna.org\/wp-content\/uploads\/2025\/04\/4-1-1024x732.png 1024w,https:\/\/vedruna.org\/wp-content\/uploads\/2025\/04\/4-1.png 1360w\" sizes=\"250px\"\/><\/a><\/div><div class=\"sgb-item\"><a href=\"https:\/\/vedruna.org\/?attachment_id=23016\" target=\"_blank\"><img decoding=\"async\" alt=\"\" width=\"300\" height=\"191\" loading=\"lazy\" src=\"https:\/\/vedruna.org\/wp-content\/uploads\/2025\/04\/5-300x191.png\" srcset=\"https:\/\/vedruna.org\/wp-content\/uploads\/2025\/04\/5-300x191.png 300w,https:\/\/vedruna.org\/wp-content\/uploads\/2025\/04\/5-1024x652.png 1024w,https:\/\/vedruna.org\/wp-content\/uploads\/2025\/04\/5.png 1527w\" sizes=\"250px\"\/><\/a><\/div><\/div><\/noscript><\/div><script type=\"application\/json\" class=\"sgb-data\">{\"collectionColumns\":2,\"externalLink\":false,\"captions\":false,\"collectionThumbSubMenuDownload\":false,\"collectionThumbSubMenuShare\":false,\"galleryType\":\"pgc_sgb_masonry\",\"galleryId\":\"81c13073\",\"images\":[{\"id\":23000,\"title\":\"1\",\"url\":\"https:\/\/vedruna.org\/wp-content\/uploads\/2025\/04\/1-1-scaled.png\",\"link\":\"https:\/\/vedruna.org\/?attachment_id=23000\",\"alt\":\"\",\"description\":\"\",\"caption\":\"\",\"mime\":\"image\/png\",\"type\":\"image\",\"width\":2560,\"height\":1152,\"sizes\":{\"thumbnail\":{\"height\":150,\"width\":150,\"url\":\"https:\/\/vedruna.org\/wp-content\/uploads\/2025\/04\/1-1-150x150.png\",\"orientation\":\"landscape\"},\"medium\":{\"height\":135,\"width\":300,\"url\":\"https:\/\/vedruna.org\/wp-content\/uploads\/2025\/04\/1-1-300x135.png\",\"orientation\":\"landscape\"},\"large\":{\"height\":461,\"width\":1024,\"url\":\"https:\/\/vedruna.org\/wp-content\/uploads\/2025\/04\/1-1-1024x461.png\",\"orientation\":\"landscape\"},\"full\":{\"url\":\"https:\/\/vedruna.org\/wp-content\/uploads\/2025\/04\/1-1-scaled.png\",\"height\":1152,\"width\":2560,\"orientation\":\"landscape\"}},\"imageMeta\":{\"aperture\":\"0\",\"credit\":\"\",\"camera\":\"\",\"caption\":\"\",\"created_timestamp\":\"0\",\"copyright\":\"\",\"focal_length\":\"0\",\"iso\":\"0\",\"shutter_speed\":\"0\",\"title\":\"\",\"orientation\":\"0\",\"keywords\":[]},\"meta\":false,\"postlink\":\"https:\/\/vedruna.org\/?attachment_id=23000\"},{\"id\":23008,\"title\":\"3\",\"url\":\"https:\/\/vedruna.org\/wp-content\/uploads\/2025\/04\/3-1.png\",\"link\":\"https:\/\/vedruna.org\/?attachment_id=23008\",\"alt\":\"\",\"description\":\"\",\"caption\":\"\",\"mime\":\"image\/png\",\"type\":\"image\",\"width\":2160,\"height\":972,\"sizes\":{\"thumbnail\":{\"height\":150,\"width\":150,\"url\":\"https:\/\/vedruna.org\/wp-content\/uploads\/2025\/04\/3-1-150x150.png\",\"orientation\":\"landscape\"},\"medium\":{\"height\":135,\"width\":300,\"url\":\"https:\/\/vedruna.org\/wp-content\/uploads\/2025\/04\/3-1-300x135.png\",\"orientation\":\"landscape\"},\"large\":{\"height\":461,\"width\":1024,\"url\":\"https:\/\/vedruna.org\/wp-content\/uploads\/2025\/04\/3-1-1024x461.png\",\"orientation\":\"landscape\"},\"full\":{\"url\":\"https:\/\/vedruna.org\/wp-content\/uploads\/2025\/04\/3-1.png\",\"height\":972,\"width\":2160,\"orientation\":\"landscape\"}},\"imageMeta\":{\"aperture\":\"0\",\"credit\":\"\",\"camera\":\"\",\"caption\":\"\",\"created_timestamp\":\"0\",\"copyright\":\"\",\"focal_length\":\"0\",\"iso\":\"0\",\"shutter_speed\":\"0\",\"title\":\"\",\"orientation\":\"0\",\"keywords\":[]},\"meta\":false,\"postlink\":\"https:\/\/vedruna.org\/?attachment_id=23008\"},{\"id\":23004,\"title\":\"2\",\"url\":\"https:\/\/vedruna.org\/wp-content\/uploads\/2025\/04\/2-1.png\",\"link\":\"https:\/\/vedruna.org\/?attachment_id=23004\",\"alt\":\"\",\"description\":\"\",\"caption\":\"\",\"mime\":\"image\/png\",\"type\":\"image\",\"width\":2160,\"height\":972,\"sizes\":{\"thumbnail\":{\"height\":150,\"width\":150,\"url\":\"https:\/\/vedruna.org\/wp-content\/uploads\/2025\/04\/2-1-150x150.png\",\"orientation\":\"landscape\"},\"medium\":{\"height\":135,\"width\":300,\"url\":\"https:\/\/vedruna.org\/wp-content\/uploads\/2025\/04\/2-1-300x135.png\",\"orientation\":\"landscape\"},\"large\":{\"height\":461,\"width\":1024,\"url\":\"https:\/\/vedruna.org\/wp-content\/uploads\/2025\/04\/2-1-1024x461.png\",\"orientation\":\"landscape\"},\"full\":{\"url\":\"https:\/\/vedruna.org\/wp-content\/uploads\/2025\/04\/2-1.png\",\"height\":972,\"width\":2160,\"orientation\":\"landscape\"}},\"imageMeta\":{\"aperture\":\"0\",\"credit\":\"\",\"camera\":\"\",\"caption\":\"\",\"created_timestamp\":\"0\",\"copyright\":\"\",\"focal_length\":\"0\",\"iso\":\"0\",\"shutter_speed\":\"0\",\"title\":\"\",\"orientation\":\"0\",\"keywords\":[]},\"meta\":false,\"postlink\":\"https:\/\/vedruna.org\/?attachment_id=23004\"},{\"id\":23012,\"title\":\"4\",\"url\":\"https:\/\/vedruna.org\/wp-content\/uploads\/2025\/04\/4-1.png\",\"link\":\"https:\/\/vedruna.org\/?attachment_id=23012\",\"alt\":\"\",\"description\":\"\",\"caption\":\"\",\"mime\":\"image\/png\",\"type\":\"image\",\"width\":1360,\"height\":972,\"sizes\":{\"thumbnail\":{\"height\":150,\"width\":150,\"url\":\"https:\/\/vedruna.org\/wp-content\/uploads\/2025\/04\/4-1-150x150.png\",\"orientation\":\"landscape\"},\"medium\":{\"height\":214,\"width\":300,\"url\":\"https:\/\/vedruna.org\/wp-content\/uploads\/2025\/04\/4-1-300x214.png\",\"orientation\":\"landscape\"},\"large\":{\"height\":732,\"width\":1024,\"url\":\"https:\/\/vedruna.org\/wp-content\/uploads\/2025\/04\/4-1-1024x732.png\",\"orientation\":\"landscape\"},\"full\":{\"url\":\"https:\/\/vedruna.org\/wp-content\/uploads\/2025\/04\/4-1.png\",\"height\":972,\"width\":1360,\"orientation\":\"landscape\"}},\"imageMeta\":{\"aperture\":\"0\",\"credit\":\"\",\"camera\":\"\",\"caption\":\"\",\"created_timestamp\":\"0\",\"copyright\":\"\",\"focal_length\":\"0\",\"iso\":\"0\",\"shutter_speed\":\"0\",\"title\":\"\",\"orientation\":\"0\",\"keywords\":[]},\"meta\":false,\"postlink\":\"https:\/\/vedruna.org\/?attachment_id=23012\"},{\"id\":23016,\"title\":\"5\",\"url\":\"https:\/\/vedruna.org\/wp-content\/uploads\/2025\/04\/5.png\",\"link\":\"https:\/\/vedruna.org\/?attachment_id=23016\",\"alt\":\"\",\"description\":\"\",\"caption\":\"\",\"mime\":\"image\/png\",\"type\":\"image\",\"width\":1527,\"height\":972,\"sizes\":{\"thumbnail\":{\"height\":150,\"width\":150,\"url\":\"https:\/\/vedruna.org\/wp-content\/uploads\/2025\/04\/5-150x150.png\",\"orientation\":\"landscape\"},\"medium\":{\"height\":191,\"width\":300,\"url\":\"https:\/\/vedruna.org\/wp-content\/uploads\/2025\/04\/5-300x191.png\",\"orientation\":\"landscape\"},\"large\":{\"height\":652,\"width\":1024,\"url\":\"https:\/\/vedruna.org\/wp-content\/uploads\/2025\/04\/5-1024x652.png\",\"orientation\":\"landscape\"},\"full\":{\"url\":\"https:\/\/vedruna.org\/wp-content\/uploads\/2025\/04\/5.png\",\"height\":972,\"width\":1527,\"orientation\":\"landscape\"}},\"imageMeta\":{\"aperture\":\"0\",\"credit\":\"\",\"camera\":\"\",\"caption\":\"\",\"created_timestamp\":\"0\",\"copyright\":\"\",\"focal_length\":\"0\",\"iso\":\"0\",\"shutter_speed\":\"0\",\"title\":\"\",\"orientation\":\"0\",\"keywords\":[]},\"meta\":false,\"postlink\":\"https:\/\/vedruna.org\/?attachment_id=23016\"}],\"translatedWithWPMLTM\":\"1\",\"itemsMetaDataCollection\":[]}<\/script><script>(function(){if(window.PGC_SGB && window.PGC_SGB.searcher){window.PGC_SGB.searcher.initBlocks()}})()<\/script><\/div>\n<p><em>Centro Asistencial Vedruna de Maring\u00e1, Brazil<\/em><\/p>\n\n<div style=\"height:25px\" aria-hidden=\"true\" class=\"wp-block-spacer\"><\/div>\n\n<p>In our <a href=\"https:\/\/vedruna.org\/download-category\/documento-capitular\/\">Chapter Document &#8220;Born Again&#8221;<\/a>, we emphasize our <strong>commitment to peace, justice and integral ecology<\/strong> in harmony with a spirituality that recognizes God in all Creation, promoting a simple, fraternal and supportive life.<\/p>\n\n<blockquote class=\"wp-block-quote is-layout-flow wp-block-quote-is-layout-flow\">\n<p>&#8220;The reality of indigenous peoples also places us on the peripheries. We are walking in some places with them and with international organizations that work for their causes, often related to the care of Mother Earth. As Laudato Si&#8217; reminds us: Care for the environment and care for the poor are &#8220;inseparable&#8221;.<\/p>\n\n\n\n<p>(NdN21)<\/p>\n<\/blockquote>\n\n<p>The <a href=\"https:\/\/laudatosimovement.org\/es\/\">Laudato Si&#8217; Movement<\/a>, of which we as a Congregation are a part, organizes Laudato Si&#8217; Week, a celebration of the teachings of the encyclical, which often includes events and discussions on environmental stewardship. Parishes and communities are encouraged to organize events and activities that promote environmental awareness and action. This includes raising awareness about climate change, promoting sustainable practices and engaging in dialogue on environmental issues. The Laudato Si&#8217; Movement also encourages individuals and organizations to share their efforts to protect creation, both online and in their communities. Year after year, in our schools, there is always some project linked to the care of the Common Home, such as recycling, greenhouses, vegetable gardens, etc.    <\/p>\n\n<p>Francis, through &#8220;Laudato Si'&#8221;, became a moral compass for the ecological movement and a fatherly guide for all humanity. &#8220;The climate is a common good, of all and for all&#8221; (LS 23). In the same document the Pope stated that we cannot speak of two separate crises (environmental and social) but of a single, complex socio-environmental crisis.  <\/p>\n\n<p>As a Congregation, we aspire to keep alive the mandates of &#8220;Laudato Si'&#8221;, caring for the Common Home by promoting ecological conversion through education and commitment. In the Vedruna spirit, caring for the Earth is also caring for life, dignity and the future of people. <\/p>\n\n<p>We bid farewell to a Pope who gave voice to the voiceless. Not only to migrants, indigenous peoples, victims of war or trafficking but also to our wounded planet. <\/p>\n<div class=\"pgc-sgb-cb wp-block-pgcsimplygalleryblock-masonry \" data-gallery-id=\"76812018\"><div class=\"sgb-preloader\" id=\"pr_76812018\">\n\t<div class=\"sgb-square\" style=\"background:#d4d4d4\"><\/div>\n\t<div class=\"sgb-square\" style=\"background:#d4d4d4\"><\/div>\n\t<div class=\"sgb-square\" style=\"background:#d4d4d4\"><\/div>\n\t<div class=\"sgb-square\" style=\"background:#d4d4d4\"><\/div><\/div><div class=\"simply-gallery-amp pgc_sgb_slider \"><noscript><div class=\"sgb-gallery\"><div class=\"sgb-item\"><a href=\"https:\/\/vedruna.org\/?attachment_id=23195\" target=\"_blank\"><img decoding=\"async\" alt=\"\" width=\"300\" height=\"200\" loading=\"lazy\" src=\"https:\/\/vedruna.org\/wp-content\/uploads\/2025\/04\/WhatsApp-Image-2025-04-26-at-02.21.29-3-300x200.jpeg\" srcset=\"https:\/\/vedruna.org\/wp-content\/uploads\/2025\/04\/WhatsApp-Image-2025-04-26-at-02.21.29-3-300x200.jpeg 300w,https:\/\/vedruna.org\/wp-content\/uploads\/2025\/04\/WhatsApp-Image-2025-04-26-at-02.21.29-3-1024x682.jpeg 1024w,https:\/\/vedruna.org\/wp-content\/uploads\/2025\/04\/WhatsApp-Image-2025-04-26-at-02.21.29-3.jpeg 1280w\" sizes=\"250px\"\/><\/a><\/div><div class=\"sgb-item\"><a href=\"https:\/\/vedruna.org\/?attachment_id=23199\" target=\"_blank\"><img decoding=\"async\" alt=\"\" width=\"300\" height=\"200\" loading=\"lazy\" src=\"https:\/\/vedruna.org\/wp-content\/uploads\/2025\/04\/WhatsApp-Image-2025-04-26-at-02.21.29-2-300x200.jpeg\" srcset=\"https:\/\/vedruna.org\/wp-content\/uploads\/2025\/04\/WhatsApp-Image-2025-04-26-at-02.21.29-2-300x200.jpeg 300w,https:\/\/vedruna.org\/wp-content\/uploads\/2025\/04\/WhatsApp-Image-2025-04-26-at-02.21.29-2-1024x682.jpeg 1024w,https:\/\/vedruna.org\/wp-content\/uploads\/2025\/04\/WhatsApp-Image-2025-04-26-at-02.21.29-2.jpeg 1280w\" sizes=\"250px\"\/><\/a><\/div><div class=\"sgb-item\"><a href=\"https:\/\/vedruna.org\/?attachment_id=23203\" target=\"_blank\"><img decoding=\"async\" alt=\"\" width=\"300\" height=\"200\" loading=\"lazy\" src=\"https:\/\/vedruna.org\/wp-content\/uploads\/2025\/04\/WhatsApp-Image-2025-04-26-at-02.21.29-1-300x200.jpeg\" srcset=\"https:\/\/vedruna.org\/wp-content\/uploads\/2025\/04\/WhatsApp-Image-2025-04-26-at-02.21.29-1-300x200.jpeg 300w,https:\/\/vedruna.org\/wp-content\/uploads\/2025\/04\/WhatsApp-Image-2025-04-26-at-02.21.29-1-1024x682.jpeg 1024w,https:\/\/vedruna.org\/wp-content\/uploads\/2025\/04\/WhatsApp-Image-2025-04-26-at-02.21.29-1.jpeg 1280w\" sizes=\"250px\"\/><\/a><\/div><div class=\"sgb-item\"><a href=\"https:\/\/vedruna.org\/?attachment_id=23207\" target=\"_blank\"><img decoding=\"async\" alt=\"\" width=\"300\" height=\"200\" loading=\"lazy\" src=\"https:\/\/vedruna.org\/wp-content\/uploads\/2025\/04\/WhatsApp-Image-2025-04-26-at-02.21.29-300x200.jpeg\" srcset=\"https:\/\/vedruna.org\/wp-content\/uploads\/2025\/04\/WhatsApp-Image-2025-04-26-at-02.21.29-300x200.jpeg 300w,https:\/\/vedruna.org\/wp-content\/uploads\/2025\/04\/WhatsApp-Image-2025-04-26-at-02.21.29-1024x682.jpeg 1024w,https:\/\/vedruna.org\/wp-content\/uploads\/2025\/04\/WhatsApp-Image-2025-04-26-at-02.21.29.jpeg 1280w\" sizes=\"250px\"\/><\/a><\/div><div class=\"sgb-item\"><a href=\"https:\/\/vedruna.org\/?attachment_id=23211\" target=\"_blank\"><img decoding=\"async\" alt=\"\" width=\"300\" height=\"200\" loading=\"lazy\" src=\"https:\/\/vedruna.org\/wp-content\/uploads\/2025\/04\/WhatsApp-Image-2025-04-26-at-02.21.28-2-300x200.jpeg\" srcset=\"https:\/\/vedruna.org\/wp-content\/uploads\/2025\/04\/WhatsApp-Image-2025-04-26-at-02.21.28-2-300x200.jpeg 300w,https:\/\/vedruna.org\/wp-content\/uploads\/2025\/04\/WhatsApp-Image-2025-04-26-at-02.21.28-2-1024x682.jpeg 1024w,https:\/\/vedruna.org\/wp-content\/uploads\/2025\/04\/WhatsApp-Image-2025-04-26-at-02.21.28-2.jpeg 1280w\" sizes=\"250px\"\/><\/a><\/div><div class=\"sgb-item\"><a href=\"https:\/\/vedruna.org\/?attachment_id=23215\" target=\"_blank\"><img decoding=\"async\" alt=\"\" width=\"300\" height=\"200\" loading=\"lazy\" src=\"https:\/\/vedruna.org\/wp-content\/uploads\/2025\/04\/WhatsApp-Image-2025-04-26-at-02.21.28-1-300x200.jpeg\" srcset=\"https:\/\/vedruna.org\/wp-content\/uploads\/2025\/04\/WhatsApp-Image-2025-04-26-at-02.21.28-1-300x200.jpeg 300w,https:\/\/vedruna.org\/wp-content\/uploads\/2025\/04\/WhatsApp-Image-2025-04-26-at-02.21.28-1-1024x682.jpeg 1024w,https:\/\/vedruna.org\/wp-content\/uploads\/2025\/04\/WhatsApp-Image-2025-04-26-at-02.21.28-1.jpeg 1280w\" sizes=\"250px\"\/><\/a><\/div><div class=\"sgb-item\"><a href=\"https:\/\/vedruna.org\/?attachment_id=23219\" target=\"_blank\"><img decoding=\"async\" alt=\"\" width=\"300\" height=\"200\" loading=\"lazy\" src=\"https:\/\/vedruna.org\/wp-content\/uploads\/2025\/04\/WhatsApp-Image-2025-04-26-at-02.21.28-300x200.jpeg\" srcset=\"https:\/\/vedruna.org\/wp-content\/uploads\/2025\/04\/WhatsApp-Image-2025-04-26-at-02.21.28-300x200.jpeg 300w,https:\/\/vedruna.org\/wp-content\/uploads\/2025\/04\/WhatsApp-Image-2025-04-26-at-02.21.28-1024x682.jpeg 1024w,https:\/\/vedruna.org\/wp-content\/uploads\/2025\/04\/WhatsApp-Image-2025-04-26-at-02.21.28.jpeg 1280w\" sizes=\"250px\"\/><\/a><\/div><div class=\"sgb-item\"><a href=\"https:\/\/vedruna.org\/?attachment_id=23223\" target=\"_blank\"><img decoding=\"async\" alt=\"\" width=\"300\" height=\"200\" loading=\"lazy\" src=\"https:\/\/vedruna.org\/wp-content\/uploads\/2025\/04\/WhatsApp-Image-2025-04-26-at-02.21.27-300x200.jpeg\" srcset=\"https:\/\/vedruna.org\/wp-content\/uploads\/2025\/04\/WhatsApp-Image-2025-04-26-at-02.21.27-300x200.jpeg 300w,https:\/\/vedruna.org\/wp-content\/uploads\/2025\/04\/WhatsApp-Image-2025-04-26-at-02.21.27-1024x682.jpeg 1024w,https:\/\/vedruna.org\/wp-content\/uploads\/2025\/04\/WhatsApp-Image-2025-04-26-at-02.21.27.jpeg 1280w\" sizes=\"250px\"\/><\/a><\/div><\/div><\/noscript><\/div><script type=\"application\/json\" class=\"sgb-data\">{\"externalLink\":false,\"captions\":false,\"collectionThumbSubMenuDownload\":false,\"collectionThumbSubMenuShare\":false,\"galleryType\":\"pgc_sgb_masonry\",\"galleryId\":\"76812018\",\"images\":[{\"id\":23195,\"title\":\"WhatsApp Image 2025-04-26 at 02.21.29 (3)\",\"url\":\"https:\/\/vedruna.org\/wp-content\/uploads\/2025\/04\/WhatsApp-Image-2025-04-26-at-02.21.29-3.jpeg\",\"link\":\"https:\/\/vedruna.org\/?attachment_id=23195\",\"alt\":\"\",\"description\":\"\",\"caption\":\"\",\"mime\":\"image\/jpeg\",\"type\":\"image\",\"width\":1280,\"height\":853,\"sizes\":{\"thumbnail\":{\"height\":150,\"width\":150,\"url\":\"https:\/\/vedruna.org\/wp-content\/uploads\/2025\/04\/WhatsApp-Image-2025-04-26-at-02.21.29-3-150x150.jpeg\",\"orientation\":\"landscape\"},\"medium\":{\"height\":200,\"width\":300,\"url\":\"https:\/\/vedruna.org\/wp-content\/uploads\/2025\/04\/WhatsApp-Image-2025-04-26-at-02.21.29-3-300x200.jpeg\",\"orientation\":\"landscape\"},\"large\":{\"height\":682,\"width\":1024,\"url\":\"https:\/\/vedruna.org\/wp-content\/uploads\/2025\/04\/WhatsApp-Image-2025-04-26-at-02.21.29-3-1024x682.jpeg\",\"orientation\":\"landscape\"},\"full\":{\"url\":\"https:\/\/vedruna.org\/wp-content\/uploads\/2025\/04\/WhatsApp-Image-2025-04-26-at-02.21.29-3.jpeg\",\"height\":853,\"width\":1280,\"orientation\":\"landscape\"}},\"imageMeta\":{\"aperture\":\"0\",\"credit\":\"\",\"camera\":\"\",\"caption\":\"\",\"created_timestamp\":\"0\",\"copyright\":\"\",\"focal_length\":\"0\",\"iso\":\"0\",\"shutter_speed\":\"0\",\"title\":\"\",\"orientation\":\"0\",\"keywords\":[]},\"meta\":false,\"postlink\":\"https:\/\/vedruna.org\/?attachment_id=23195\"},{\"id\":23199,\"title\":\"WhatsApp Image 2025-04-26 at 02.21.29 (2)\",\"url\":\"https:\/\/vedruna.org\/wp-content\/uploads\/2025\/04\/WhatsApp-Image-2025-04-26-at-02.21.29-2.jpeg\",\"link\":\"https:\/\/vedruna.org\/?attachment_id=23199\",\"alt\":\"\",\"description\":\"\",\"caption\":\"\",\"mime\":\"image\/jpeg\",\"type\":\"image\",\"width\":1280,\"height\":853,\"sizes\":{\"thumbnail\":{\"height\":150,\"width\":150,\"url\":\"https:\/\/vedruna.org\/wp-content\/uploads\/2025\/04\/WhatsApp-Image-2025-04-26-at-02.21.29-2-150x150.jpeg\",\"orientation\":\"landscape\"},\"medium\":{\"height\":200,\"width\":300,\"url\":\"https:\/\/vedruna.org\/wp-content\/uploads\/2025\/04\/WhatsApp-Image-2025-04-26-at-02.21.29-2-300x200.jpeg\",\"orientation\":\"landscape\"},\"large\":{\"height\":682,\"width\":1024,\"url\":\"https:\/\/vedruna.org\/wp-content\/uploads\/2025\/04\/WhatsApp-Image-2025-04-26-at-02.21.29-2-1024x682.jpeg\",\"orientation\":\"landscape\"},\"full\":{\"url\":\"https:\/\/vedruna.org\/wp-content\/uploads\/2025\/04\/WhatsApp-Image-2025-04-26-at-02.21.29-2.jpeg\",\"height\":853,\"width\":1280,\"orientation\":\"landscape\"}},\"imageMeta\":{\"aperture\":\"0\",\"credit\":\"\",\"camera\":\"\",\"caption\":\"\",\"created_timestamp\":\"0\",\"copyright\":\"\",\"focal_length\":\"0\",\"iso\":\"0\",\"shutter_speed\":\"0\",\"title\":\"\",\"orientation\":\"0\",\"keywords\":[]},\"meta\":false,\"postlink\":\"https:\/\/vedruna.org\/?attachment_id=23199\"},{\"id\":23203,\"title\":\"WhatsApp Image 2025-04-26 at 02.21.29 (1)\",\"url\":\"https:\/\/vedruna.org\/wp-content\/uploads\/2025\/04\/WhatsApp-Image-2025-04-26-at-02.21.29-1.jpeg\",\"link\":\"https:\/\/vedruna.org\/?attachment_id=23203\",\"alt\":\"\",\"description\":\"\",\"caption\":\"\",\"mime\":\"image\/jpeg\",\"type\":\"image\",\"width\":1280,\"height\":853,\"sizes\":{\"thumbnail\":{\"height\":150,\"width\":150,\"url\":\"https:\/\/vedruna.org\/wp-content\/uploads\/2025\/04\/WhatsApp-Image-2025-04-26-at-02.21.29-1-150x150.jpeg\",\"orientation\":\"landscape\"},\"medium\":{\"height\":200,\"width\":300,\"url\":\"https:\/\/vedruna.org\/wp-content\/uploads\/2025\/04\/WhatsApp-Image-2025-04-26-at-02.21.29-1-300x200.jpeg\",\"orientation\":\"landscape\"},\"large\":{\"height\":682,\"width\":1024,\"url\":\"https:\/\/vedruna.org\/wp-content\/uploads\/2025\/04\/WhatsApp-Image-2025-04-26-at-02.21.29-1-1024x682.jpeg\",\"orientation\":\"landscape\"},\"full\":{\"url\":\"https:\/\/vedruna.org\/wp-content\/uploads\/2025\/04\/WhatsApp-Image-2025-04-26-at-02.21.29-1.jpeg\",\"height\":853,\"width\":1280,\"orientation\":\"landscape\"}},\"imageMeta\":{\"aperture\":\"0\",\"credit\":\"\",\"camera\":\"\",\"caption\":\"\",\"created_timestamp\":\"0\",\"copyright\":\"\",\"focal_length\":\"0\",\"iso\":\"0\",\"shutter_speed\":\"0\",\"title\":\"\",\"orientation\":\"0\",\"keywords\":[]},\"meta\":false,\"postlink\":\"https:\/\/vedruna.org\/?attachment_id=23203\"},{\"id\":23207,\"title\":\"WhatsApp Image 2025-04-26 at 02.21.29\",\"url\":\"https:\/\/vedruna.org\/wp-content\/uploads\/2025\/04\/WhatsApp-Image-2025-04-26-at-02.21.29.jpeg\",\"link\":\"https:\/\/vedruna.org\/?attachment_id=23207\",\"alt\":\"\",\"description\":\"\",\"caption\":\"\",\"mime\":\"image\/jpeg\",\"type\":\"image\",\"width\":1280,\"height\":853,\"sizes\":{\"thumbnail\":{\"height\":150,\"width\":150,\"url\":\"https:\/\/vedruna.org\/wp-content\/uploads\/2025\/04\/WhatsApp-Image-2025-04-26-at-02.21.29-150x150.jpeg\",\"orientation\":\"landscape\"},\"medium\":{\"height\":200,\"width\":300,\"url\":\"https:\/\/vedruna.org\/wp-content\/uploads\/2025\/04\/WhatsApp-Image-2025-04-26-at-02.21.29-300x200.jpeg\",\"orientation\":\"landscape\"},\"large\":{\"height\":682,\"width\":1024,\"url\":\"https:\/\/vedruna.org\/wp-content\/uploads\/2025\/04\/WhatsApp-Image-2025-04-26-at-02.21.29-1024x682.jpeg\",\"orientation\":\"landscape\"},\"full\":{\"url\":\"https:\/\/vedruna.org\/wp-content\/uploads\/2025\/04\/WhatsApp-Image-2025-04-26-at-02.21.29.jpeg\",\"height\":853,\"width\":1280,\"orientation\":\"landscape\"}},\"imageMeta\":{\"aperture\":\"0\",\"credit\":\"\",\"camera\":\"\",\"caption\":\"\",\"created_timestamp\":\"0\",\"copyright\":\"\",\"focal_length\":\"0\",\"iso\":\"0\",\"shutter_speed\":\"0\",\"title\":\"\",\"orientation\":\"0\",\"keywords\":[]},\"meta\":false,\"postlink\":\"https:\/\/vedruna.org\/?attachment_id=23207\"},{\"id\":23211,\"title\":\"WhatsApp Image 2025-04-26 at 02.21.28 (2)\",\"url\":\"https:\/\/vedruna.org\/wp-content\/uploads\/2025\/04\/WhatsApp-Image-2025-04-26-at-02.21.28-2.jpeg\",\"link\":\"https:\/\/vedruna.org\/?attachment_id=23211\",\"alt\":\"\",\"description\":\"\",\"caption\":\"\",\"mime\":\"image\/jpeg\",\"type\":\"image\",\"width\":1280,\"height\":853,\"sizes\":{\"thumbnail\":{\"height\":150,\"width\":150,\"url\":\"https:\/\/vedruna.org\/wp-content\/uploads\/2025\/04\/WhatsApp-Image-2025-04-26-at-02.21.28-2-150x150.jpeg\",\"orientation\":\"landscape\"},\"medium\":{\"height\":200,\"width\":300,\"url\":\"https:\/\/vedruna.org\/wp-content\/uploads\/2025\/04\/WhatsApp-Image-2025-04-26-at-02.21.28-2-300x200.jpeg\",\"orientation\":\"landscape\"},\"large\":{\"height\":682,\"width\":1024,\"url\":\"https:\/\/vedruna.org\/wp-content\/uploads\/2025\/04\/WhatsApp-Image-2025-04-26-at-02.21.28-2-1024x682.jpeg\",\"orientation\":\"landscape\"},\"full\":{\"url\":\"https:\/\/vedruna.org\/wp-content\/uploads\/2025\/04\/WhatsApp-Image-2025-04-26-at-02.21.28-2.jpeg\",\"height\":853,\"width\":1280,\"orientation\":\"landscape\"}},\"imageMeta\":{\"aperture\":\"0\",\"credit\":\"\",\"camera\":\"\",\"caption\":\"\",\"created_timestamp\":\"0\",\"copyright\":\"\",\"focal_length\":\"0\",\"iso\":\"0\",\"shutter_speed\":\"0\",\"title\":\"\",\"orientation\":\"0\",\"keywords\":[]},\"meta\":false,\"postlink\":\"https:\/\/vedruna.org\/?attachment_id=23211\"},{\"id\":23215,\"title\":\"WhatsApp Image 2025-04-26 at 02.21.28 (1)\",\"url\":\"https:\/\/vedruna.org\/wp-content\/uploads\/2025\/04\/WhatsApp-Image-2025-04-26-at-02.21.28-1.jpeg\",\"link\":\"https:\/\/vedruna.org\/?attachment_id=23215\",\"alt\":\"\",\"description\":\"\",\"caption\":\"\",\"mime\":\"image\/jpeg\",\"type\":\"image\",\"width\":1280,\"height\":853,\"sizes\":{\"thumbnail\":{\"height\":150,\"width\":150,\"url\":\"https:\/\/vedruna.org\/wp-content\/uploads\/2025\/04\/WhatsApp-Image-2025-04-26-at-02.21.28-1-150x150.jpeg\",\"orientation\":\"landscape\"},\"medium\":{\"height\":200,\"width\":300,\"url\":\"https:\/\/vedruna.org\/wp-content\/uploads\/2025\/04\/WhatsApp-Image-2025-04-26-at-02.21.28-1-300x200.jpeg\",\"orientation\":\"landscape\"},\"large\":{\"height\":682,\"width\":1024,\"url\":\"https:\/\/vedruna.org\/wp-content\/uploads\/2025\/04\/WhatsApp-Image-2025-04-26-at-02.21.28-1-1024x682.jpeg\",\"orientation\":\"landscape\"},\"full\":{\"url\":\"https:\/\/vedruna.org\/wp-content\/uploads\/2025\/04\/WhatsApp-Image-2025-04-26-at-02.21.28-1.jpeg\",\"height\":853,\"width\":1280,\"orientation\":\"landscape\"}},\"imageMeta\":{\"aperture\":\"0\",\"credit\":\"\",\"camera\":\"\",\"caption\":\"\",\"created_timestamp\":\"0\",\"copyright\":\"\",\"focal_length\":\"0\",\"iso\":\"0\",\"shutter_speed\":\"0\",\"title\":\"\",\"orientation\":\"0\",\"keywords\":[]},\"meta\":false,\"postlink\":\"https:\/\/vedruna.org\/?attachment_id=23215\"},{\"id\":23219,\"title\":\"WhatsApp Image 2025-04-26 at 02.21.28\",\"url\":\"https:\/\/vedruna.org\/wp-content\/uploads\/2025\/04\/WhatsApp-Image-2025-04-26-at-02.21.28.jpeg\",\"link\":\"https:\/\/vedruna.org\/?attachment_id=23219\",\"alt\":\"\",\"description\":\"\",\"caption\":\"\",\"mime\":\"image\/jpeg\",\"type\":\"image\",\"width\":1280,\"height\":853,\"sizes\":{\"thumbnail\":{\"height\":150,\"width\":150,\"url\":\"https:\/\/vedruna.org\/wp-content\/uploads\/2025\/04\/WhatsApp-Image-2025-04-26-at-02.21.28-150x150.jpeg\",\"orientation\":\"landscape\"},\"medium\":{\"height\":200,\"width\":300,\"url\":\"https:\/\/vedruna.org\/wp-content\/uploads\/2025\/04\/WhatsApp-Image-2025-04-26-at-02.21.28-300x200.jpeg\",\"orientation\":\"landscape\"},\"large\":{\"height\":682,\"width\":1024,\"url\":\"https:\/\/vedruna.org\/wp-content\/uploads\/2025\/04\/WhatsApp-Image-2025-04-26-at-02.21.28-1024x682.jpeg\",\"orientation\":\"landscape\"},\"full\":{\"url\":\"https:\/\/vedruna.org\/wp-content\/uploads\/2025\/04\/WhatsApp-Image-2025-04-26-at-02.21.28.jpeg\",\"height\":853,\"width\":1280,\"orientation\":\"landscape\"}},\"imageMeta\":{\"aperture\":\"0\",\"credit\":\"\",\"camera\":\"\",\"caption\":\"\",\"created_timestamp\":\"0\",\"copyright\":\"\",\"focal_length\":\"0\",\"iso\":\"0\",\"shutter_speed\":\"0\",\"title\":\"\",\"orientation\":\"0\",\"keywords\":[]},\"meta\":false,\"postlink\":\"https:\/\/vedruna.org\/?attachment_id=23219\"},{\"id\":23223,\"title\":\"WhatsApp Image 2025-04-26 at 02.21.27\",\"url\":\"https:\/\/vedruna.org\/wp-content\/uploads\/2025\/04\/WhatsApp-Image-2025-04-26-at-02.21.27.jpeg\",\"link\":\"https:\/\/vedruna.org\/?attachment_id=23223\",\"alt\":\"\",\"description\":\"\",\"caption\":\"\",\"mime\":\"image\/jpeg\",\"type\":\"image\",\"width\":1280,\"height\":853,\"sizes\":{\"thumbnail\":{\"height\":150,\"width\":150,\"url\":\"https:\/\/vedruna.org\/wp-content\/uploads\/2025\/04\/WhatsApp-Image-2025-04-26-at-02.21.27-150x150.jpeg\",\"orientation\":\"landscape\"},\"medium\":{\"height\":200,\"width\":300,\"url\":\"https:\/\/vedruna.org\/wp-content\/uploads\/2025\/04\/WhatsApp-Image-2025-04-26-at-02.21.27-300x200.jpeg\",\"orientation\":\"landscape\"},\"large\":{\"height\":682,\"width\":1024,\"url\":\"https:\/\/vedruna.org\/wp-content\/uploads\/2025\/04\/WhatsApp-Image-2025-04-26-at-02.21.27-1024x682.jpeg\",\"orientation\":\"landscape\"},\"full\":{\"url\":\"https:\/\/vedruna.org\/wp-content\/uploads\/2025\/04\/WhatsApp-Image-2025-04-26-at-02.21.27.jpeg\",\"height\":853,\"width\":1280,\"orientation\":\"landscape\"}},\"imageMeta\":{\"aperture\":\"0\",\"credit\":\"\",\"camera\":\"\",\"caption\":\"\",\"created_timestamp\":\"0\",\"copyright\":\"\",\"focal_length\":\"0\",\"iso\":\"0\",\"shutter_speed\":\"0\",\"title\":\"\",\"orientation\":\"0\",\"keywords\":[]},\"meta\":false,\"postlink\":\"https:\/\/vedruna.org\/?attachment_id=23223\"}],\"translatedWithWPMLTM\":\"1\",\"itemsMetaDataCollection\":[]}<\/script><script>(function(){if(window.PGC_SGB && window.PGC_SGB.searcher){window.PGC_SGB.searcher.initBlocks()}})()<\/script><\/div>\n<p><em>Santa Ursula School, in Sullana, Peru<\/em><\/p>\n\n<div style=\"height:25px\" aria-hidden=\"true\" class=\"wp-block-spacer\"><\/div>\n\n<p class=\"has-text-align-right\"><strong>Francisco J\u00e1uregui<\/strong><\/p>\n\n<p class=\"has-text-align-right\"><strong>Communication, prophecy and care of Creation VedrunAmerica<\/strong><\/p>\n","protected":false},"excerpt":{"rendered":"<p>On the occasion of International Mother Earth Day, which in 2025 coincides with the tenth anniversary of Pope Francis&#8217; encyclical &#8220;Laudato Si&#8216;&#8221;, we note the echoes of this text in our Chapter Document &#8220;Born Again&#8221;, and share images of the activities organized for this day in the Vedruna schools of the Vedrun America Province, such [&hellip;]<\/p>\n","protected":false},"author":4,"featured_media":23022,"comment_status":"closed","ping_status":"closed","sticky":false,"template":"","format":"standard","meta":{"_et_pb_use_builder":"","_et_pb_old_content":"","_et_gb_content_width":"","pgc_sgb_lightbox_settings":"","footnotes":""},"categories":[215,144],"tags":[],"class_list":["post-23401","post","type-post","status-publish","format-standard","has-post-thumbnail","hentry","category-vedruna-communication","category-vedrunamerica-en"],"yoast_head":"<!-- This site is optimized with the Yoast SEO plugin v27.5 - https:\/\/yoast.com\/product\/yoast-seo-wordpress\/ -->\n<title>Pope Francis, Guardian of Creation - Carmelitas de la Caridad Vedruna<\/title>\n<meta name=\"description\" content=\"On International Mother Earth Day, we recall Pope Francis&#039; encyclical &quot;Laudato Si&#039;&quot;, whose mandates we aspire to keep alive as a congregation.\" \/>\n<meta name=\"robots\" content=\"index, follow, max-snippet:-1, max-image-preview:large, max-video-preview:-1\" \/>\n<link rel=\"canonical\" href=\"https:\/\/vedruna.org\/en\/pope-francis-guardian-of-creation\/\" \/>\n<meta property=\"og:locale\" content=\"en_US\" \/>\n<meta property=\"og:type\" content=\"article\" \/>\n<meta property=\"og:title\" content=\"Pope Francis, Guardian of Creation - Carmelitas de la Caridad Vedruna\" \/>\n<meta property=\"og:description\" content=\"On International Mother Earth Day, we recall Pope Francis&#039; encyclical &quot;Laudato Si&#039;&quot;, whose mandates we aspire to keep alive as a congregation.\" \/>\n<meta property=\"og:url\" content=\"https:\/\/vedruna.org\/en\/pope-francis-guardian-of-creation\/\" \/>\n<meta property=\"og:site_name\" content=\"Carmelitas de la Caridad Vedruna\" \/>\n<meta property=\"article:published_time\" content=\"2025-05-01T05:52:00+00:00\" \/>\n<meta property=\"article:modified_time\" content=\"2025-05-01T05:53:13+00:00\" \/>\n<meta property=\"og:image\" content=\"https:\/\/vedruna.org\/wp-content\/uploads\/2025\/04\/principal-2-1024x766.png\" \/>\n\t<meta property=\"og:image:width\" content=\"1024\" \/>\n\t<meta property=\"og:image:height\" content=\"766\" \/>\n\t<meta property=\"og:image:type\" content=\"image\/png\" \/>\n<meta name=\"author\" content=\"Comunicaci\u00f3n Vedrunam\u00e9rica\" \/>\n<meta name=\"twitter:card\" content=\"summary_large_image\" \/>\n<meta name=\"twitter:label1\" content=\"Written by\" \/>\n\t<meta name=\"twitter:data1\" content=\"Comunicaci\u00f3n Vedrunam\u00e9rica\" \/>\n\t<meta name=\"twitter:label2\" content=\"Est. reading time\" \/>\n\t<meta name=\"twitter:data2\" content=\"3 minutes\" \/>\n<script type=\"application\/ld+json\" class=\"yoast-schema-graph\">{\"@context\":\"https:\\\/\\\/schema.org\",\"@graph\":[{\"@type\":\"Article\",\"@id\":\"https:\\\/\\\/vedruna.org\\\/en\\\/pope-francis-guardian-of-creation\\\/#article\",\"isPartOf\":{\"@id\":\"https:\\\/\\\/vedruna.org\\\/en\\\/pope-francis-guardian-of-creation\\\/\"},\"author\":{\"name\":\"Comunicaci\u00f3n Vedrunam\u00e9rica\",\"@id\":\"https:\\\/\\\/vedruna.org\\\/en\\\/#\\\/schema\\\/person\\\/cf468646189533fb6a3aae475663fdc7\"},\"headline\":\"Pope Francis, Guardian of Creation\",\"datePublished\":\"2025-05-01T05:52:00+00:00\",\"dateModified\":\"2025-05-01T05:53:13+00:00\",\"mainEntityOfPage\":{\"@id\":\"https:\\\/\\\/vedruna.org\\\/en\\\/pope-francis-guardian-of-creation\\\/\"},\"wordCount\":547,\"publisher\":{\"@id\":\"https:\\\/\\\/vedruna.org\\\/en\\\/#organization\"},\"image\":{\"@id\":\"https:\\\/\\\/vedruna.org\\\/en\\\/pope-francis-guardian-of-creation\\\/#primaryimage\"},\"thumbnailUrl\":\"https:\\\/\\\/vedruna.org\\\/wp-content\\\/uploads\\\/2025\\\/04\\\/principal-2.png\",\"articleSection\":[\"Vedruna Communication\",\"Vedrunamerica\"],\"inLanguage\":\"en-US\"},{\"@type\":\"WebPage\",\"@id\":\"https:\\\/\\\/vedruna.org\\\/en\\\/pope-francis-guardian-of-creation\\\/\",\"url\":\"https:\\\/\\\/vedruna.org\\\/en\\\/pope-francis-guardian-of-creation\\\/\",\"name\":\"Pope Francis, Guardian of Creation - Carmelitas de la Caridad Vedruna\",\"isPartOf\":{\"@id\":\"https:\\\/\\\/vedruna.org\\\/en\\\/#website\"},\"primaryImageOfPage\":{\"@id\":\"https:\\\/\\\/vedruna.org\\\/en\\\/pope-francis-guardian-of-creation\\\/#primaryimage\"},\"image\":{\"@id\":\"https:\\\/\\\/vedruna.org\\\/en\\\/pope-francis-guardian-of-creation\\\/#primaryimage\"},\"thumbnailUrl\":\"https:\\\/\\\/vedruna.org\\\/wp-content\\\/uploads\\\/2025\\\/04\\\/principal-2.png\",\"datePublished\":\"2025-05-01T05:52:00+00:00\",\"dateModified\":\"2025-05-01T05:53:13+00:00\",\"description\":\"On International Mother Earth Day, we recall Pope Francis' encyclical \\\"Laudato Si'\\\", whose mandates we aspire to keep alive as a congregation.\",\"breadcrumb\":{\"@id\":\"https:\\\/\\\/vedruna.org\\\/en\\\/pope-francis-guardian-of-creation\\\/#breadcrumb\"},\"inLanguage\":\"en-US\",\"potentialAction\":[{\"@type\":\"ReadAction\",\"target\":[\"https:\\\/\\\/vedruna.org\\\/en\\\/pope-francis-guardian-of-creation\\\/\"]}]},{\"@type\":\"ImageObject\",\"inLanguage\":\"en-US\",\"@id\":\"https:\\\/\\\/vedruna.org\\\/en\\\/pope-francis-guardian-of-creation\\\/#primaryimage\",\"url\":\"https:\\\/\\\/vedruna.org\\\/wp-content\\\/uploads\\\/2025\\\/04\\\/principal-2.png\",\"contentUrl\":\"https:\\\/\\\/vedruna.org\\\/wp-content\\\/uploads\\\/2025\\\/04\\\/principal-2.png\",\"width\":1677,\"height\":1254},{\"@type\":\"BreadcrumbList\",\"@id\":\"https:\\\/\\\/vedruna.org\\\/en\\\/pope-francis-guardian-of-creation\\\/#breadcrumb\",\"itemListElement\":[{\"@type\":\"ListItem\",\"position\":1,\"name\":\"Portada\",\"item\":\"https:\\\/\\\/vedruna.org\\\/en\\\/\"},{\"@type\":\"ListItem\",\"position\":2,\"name\":\"Pope Francis, Guardian of Creation\"}]},{\"@type\":\"WebSite\",\"@id\":\"https:\\\/\\\/vedruna.org\\\/en\\\/#website\",\"url\":\"https:\\\/\\\/vedruna.org\\\/en\\\/\",\"name\":\"Carmelitas de la Caridad Vedruna\",\"description\":\"Carmelitas de la caridad\",\"publisher\":{\"@id\":\"https:\\\/\\\/vedruna.org\\\/en\\\/#organization\"},\"potentialAction\":[{\"@type\":\"SearchAction\",\"target\":{\"@type\":\"EntryPoint\",\"urlTemplate\":\"https:\\\/\\\/vedruna.org\\\/en\\\/?s={search_term_string}\"},\"query-input\":{\"@type\":\"PropertyValueSpecification\",\"valueRequired\":true,\"valueName\":\"search_term_string\"}}],\"inLanguage\":\"en-US\"},{\"@type\":\"Organization\",\"@id\":\"https:\\\/\\\/vedruna.org\\\/en\\\/#organization\",\"name\":\"Carmelitas de la caridad Vedruna\",\"url\":\"https:\\\/\\\/vedruna.org\\\/en\\\/\",\"logo\":{\"@type\":\"ImageObject\",\"inLanguage\":\"en-US\",\"@id\":\"https:\\\/\\\/vedruna.org\\\/en\\\/#\\\/schema\\\/logo\\\/image\\\/\",\"url\":\"https:\\\/\\\/vedruna.org\\\/wp-content\\\/uploads\\\/2022\\\/04\\\/LOGO-VEDRUNA-HORIZONTAL.png\",\"contentUrl\":\"https:\\\/\\\/vedruna.org\\\/wp-content\\\/uploads\\\/2022\\\/04\\\/LOGO-VEDRUNA-HORIZONTAL.png\",\"width\":1200,\"height\":463,\"caption\":\"Carmelitas de la caridad Vedruna\"},\"image\":{\"@id\":\"https:\\\/\\\/vedruna.org\\\/en\\\/#\\\/schema\\\/logo\\\/image\\\/\"}},{\"@type\":\"Person\",\"@id\":\"https:\\\/\\\/vedruna.org\\\/en\\\/#\\\/schema\\\/person\\\/cf468646189533fb6a3aae475663fdc7\",\"name\":\"Comunicaci\u00f3n Vedrunam\u00e9rica\",\"image\":{\"@type\":\"ImageObject\",\"inLanguage\":\"en-US\",\"@id\":\"https:\\\/\\\/secure.gravatar.com\\\/avatar\\\/b4eff91ff87ece2131a5d31270e1df0a7eeaffece756ce6503fd7dce879d1bfc?s=96&d=mm&r=g\",\"url\":\"https:\\\/\\\/secure.gravatar.com\\\/avatar\\\/b4eff91ff87ece2131a5d31270e1df0a7eeaffece756ce6503fd7dce879d1bfc?s=96&d=mm&r=g\",\"contentUrl\":\"https:\\\/\\\/secure.gravatar.com\\\/avatar\\\/b4eff91ff87ece2131a5d31270e1df0a7eeaffece756ce6503fd7dce879d1bfc?s=96&d=mm&r=g\",\"caption\":\"Comunicaci\u00f3n Vedrunam\u00e9rica\"},\"url\":\"https:\\\/\\\/vedruna.org\\\/en\\\/author\\\/comunicacion-vedrunamerica\\\/\"}]}<\/script>\n<!-- \/ Yoast SEO plugin. -->","yoast_head_json":{"title":"Pope Francis, Guardian of Creation - Carmelitas de la Caridad Vedruna","description":"On International Mother Earth Day, we recall Pope Francis' encyclical \"Laudato Si'\", whose mandates we aspire to keep alive as a congregation.","robots":{"index":"index","follow":"follow","max-snippet":"max-snippet:-1","max-image-preview":"max-image-preview:large","max-video-preview":"max-video-preview:-1"},"canonical":"https:\/\/vedruna.org\/en\/pope-francis-guardian-of-creation\/","og_locale":"en_US","og_type":"article","og_title":"Pope Francis, Guardian of Creation - Carmelitas de la Caridad Vedruna","og_description":"On International Mother Earth Day, we recall Pope Francis' encyclical \"Laudato Si'\", whose mandates we aspire to keep alive as a congregation.","og_url":"https:\/\/vedruna.org\/en\/pope-francis-guardian-of-creation\/","og_site_name":"Carmelitas de la Caridad Vedruna","article_published_time":"2025-05-01T05:52:00+00:00","article_modified_time":"2025-05-01T05:53:13+00:00","og_image":[{"width":1024,"height":766,"url":"https:\/\/vedruna.org\/wp-content\/uploads\/2025\/04\/principal-2-1024x766.png","type":"image\/png"}],"author":"Comunicaci\u00f3n Vedrunam\u00e9rica","twitter_card":"summary_large_image","twitter_misc":{"Written by":"Comunicaci\u00f3n Vedrunam\u00e9rica","Est. reading time":"3 minutes"},"schema":{"@context":"https:\/\/schema.org","@graph":[{"@type":"Article","@id":"https:\/\/vedruna.org\/en\/pope-francis-guardian-of-creation\/#article","isPartOf":{"@id":"https:\/\/vedruna.org\/en\/pope-francis-guardian-of-creation\/"},"author":{"name":"Comunicaci\u00f3n Vedrunam\u00e9rica","@id":"https:\/\/vedruna.org\/en\/#\/schema\/person\/cf468646189533fb6a3aae475663fdc7"},"headline":"Pope Francis, Guardian of Creation","datePublished":"2025-05-01T05:52:00+00:00","dateModified":"2025-05-01T05:53:13+00:00","mainEntityOfPage":{"@id":"https:\/\/vedruna.org\/en\/pope-francis-guardian-of-creation\/"},"wordCount":547,"publisher":{"@id":"https:\/\/vedruna.org\/en\/#organization"},"image":{"@id":"https:\/\/vedruna.org\/en\/pope-francis-guardian-of-creation\/#primaryimage"},"thumbnailUrl":"https:\/\/vedruna.org\/wp-content\/uploads\/2025\/04\/principal-2.png","articleSection":["Vedruna Communication","Vedrunamerica"],"inLanguage":"en-US"},{"@type":"WebPage","@id":"https:\/\/vedruna.org\/en\/pope-francis-guardian-of-creation\/","url":"https:\/\/vedruna.org\/en\/pope-francis-guardian-of-creation\/","name":"Pope Francis, Guardian of Creation - Carmelitas de la Caridad Vedruna","isPartOf":{"@id":"https:\/\/vedruna.org\/en\/#website"},"primaryImageOfPage":{"@id":"https:\/\/vedruna.org\/en\/pope-francis-guardian-of-creation\/#primaryimage"},"image":{"@id":"https:\/\/vedruna.org\/en\/pope-francis-guardian-of-creation\/#primaryimage"},"thumbnailUrl":"https:\/\/vedruna.org\/wp-content\/uploads\/2025\/04\/principal-2.png","datePublished":"2025-05-01T05:52:00+00:00","dateModified":"2025-05-01T05:53:13+00:00","description":"On International Mother Earth Day, we recall Pope Francis' encyclical \"Laudato Si'\", whose mandates we aspire to keep alive as a congregation.","breadcrumb":{"@id":"https:\/\/vedruna.org\/en\/pope-francis-guardian-of-creation\/#breadcrumb"},"inLanguage":"en-US","potentialAction":[{"@type":"ReadAction","target":["https:\/\/vedruna.org\/en\/pope-francis-guardian-of-creation\/"]}]},{"@type":"ImageObject","inLanguage":"en-US","@id":"https:\/\/vedruna.org\/en\/pope-francis-guardian-of-creation\/#primaryimage","url":"https:\/\/vedruna.org\/wp-content\/uploads\/2025\/04\/principal-2.png","contentUrl":"https:\/\/vedruna.org\/wp-content\/uploads\/2025\/04\/principal-2.png","width":1677,"height":1254},{"@type":"BreadcrumbList","@id":"https:\/\/vedruna.org\/en\/pope-francis-guardian-of-creation\/#breadcrumb","itemListElement":[{"@type":"ListItem","position":1,"name":"Portada","item":"https:\/\/vedruna.org\/en\/"},{"@type":"ListItem","position":2,"name":"Pope Francis, Guardian of Creation"}]},{"@type":"WebSite","@id":"https:\/\/vedruna.org\/en\/#website","url":"https:\/\/vedruna.org\/en\/","name":"Carmelitas de la Caridad Vedruna","description":"Carmelitas de la caridad","publisher":{"@id":"https:\/\/vedruna.org\/en\/#organization"},"potentialAction":[{"@type":"SearchAction","target":{"@type":"EntryPoint","urlTemplate":"https:\/\/vedruna.org\/en\/?s={search_term_string}"},"query-input":{"@type":"PropertyValueSpecification","valueRequired":true,"valueName":"search_term_string"}}],"inLanguage":"en-US"},{"@type":"Organization","@id":"https:\/\/vedruna.org\/en\/#organization","name":"Carmelitas de la caridad Vedruna","url":"https:\/\/vedruna.org\/en\/","logo":{"@type":"ImageObject","inLanguage":"en-US","@id":"https:\/\/vedruna.org\/en\/#\/schema\/logo\/image\/","url":"https:\/\/vedruna.org\/wp-content\/uploads\/2022\/04\/LOGO-VEDRUNA-HORIZONTAL.png","contentUrl":"https:\/\/vedruna.org\/wp-content\/uploads\/2022\/04\/LOGO-VEDRUNA-HORIZONTAL.png","width":1200,"height":463,"caption":"Carmelitas de la caridad Vedruna"},"image":{"@id":"https:\/\/vedruna.org\/en\/#\/schema\/logo\/image\/"}},{"@type":"Person","@id":"https:\/\/vedruna.org\/en\/#\/schema\/person\/cf468646189533fb6a3aae475663fdc7","name":"Comunicaci\u00f3n Vedrunam\u00e9rica","image":{"@type":"ImageObject","inLanguage":"en-US","@id":"https:\/\/secure.gravatar.com\/avatar\/b4eff91ff87ece2131a5d31270e1df0a7eeaffece756ce6503fd7dce879d1bfc?s=96&d=mm&r=g","url":"https:\/\/secure.gravatar.com\/avatar\/b4eff91ff87ece2131a5d31270e1df0a7eeaffece756ce6503fd7dce879d1bfc?s=96&d=mm&r=g","contentUrl":"https:\/\/secure.gravatar.com\/avatar\/b4eff91ff87ece2131a5d31270e1df0a7eeaffece756ce6503fd7dce879d1bfc?s=96&d=mm&r=g","caption":"Comunicaci\u00f3n Vedrunam\u00e9rica"},"url":"https:\/\/vedruna.org\/en\/author\/comunicacion-vedrunamerica\/"}]}},"_links":{"self":[{"href":"https:\/\/vedruna.org\/en\/wp-json\/wp\/v2\/posts\/23401","targetHints":{"allow":["GET"]}}],"collection":[{"href":"https:\/\/vedruna.org\/en\/wp-json\/wp\/v2\/posts"}],"about":[{"href":"https:\/\/vedruna.org\/en\/wp-json\/wp\/v2\/types\/post"}],"author":[{"embeddable":true,"href":"https:\/\/vedruna.org\/en\/wp-json\/wp\/v2\/users\/4"}],"replies":[{"embeddable":true,"href":"https:\/\/vedruna.org\/en\/wp-json\/wp\/v2\/comments?post=23401"}],"version-history":[{"count":1,"href":"https:\/\/vedruna.org\/en\/wp-json\/wp\/v2\/posts\/23401\/revisions"}],"predecessor-version":[{"id":23404,"href":"https:\/\/vedruna.org\/en\/wp-json\/wp\/v2\/posts\/23401\/revisions\/23404"}],"wp:featuredmedia":[{"embeddable":true,"href":"https:\/\/vedruna.org\/en\/wp-json\/wp\/v2\/media\/23022"}],"wp:attachment":[{"href":"https:\/\/vedruna.org\/en\/wp-json\/wp\/v2\/media?parent=23401"}],"wp:term":[{"taxonomy":"category","embeddable":true,"href":"https:\/\/vedruna.org\/en\/wp-json\/wp\/v2\/categories?post=23401"},{"taxonomy":"post_tag","embeddable":true,"href":"https:\/\/vedruna.org\/en\/wp-json\/wp\/v2\/tags?post=23401"}],"curies":[{"name":"wp","href":"https:\/\/api.w.org\/{rel}","templated":true}]}}