{"id":40001,"date":"2026-09-01T12:06:02","date_gmt":"2026-09-01T10:06:02","guid":{"rendered":"https:\/\/vedruna.org\/commemorating-the-172nd-anniversary-of-saint-joaquinas-departure-to-the-fathers-house\/"},"modified":"2026-09-01T12:07:33","modified_gmt":"2026-09-01T10:07:33","slug":"commemorating-the-172nd-anniversary-of-saint-joaquinas-departure-to-the-fathers-house","status":"publish","type":"post","link":"https:\/\/vedruna.org\/en\/commemorating-the-172nd-anniversary-of-saint-joaquinas-departure-to-the-fathers-house\/","title":{"rendered":"Commemorating the 172nd anniversary of Saint Joaquina&#8217;s departure to the Father&#8217;s house"},"content":{"rendered":"\n<p class=\"wp-block-paragraph\">On August 28 in Sullana, in the Piura department of Peru, the three lay communities\u2014 <strong>\u201cWalking with Joaquina<\/strong>,<strong>\u201d \u201cSpouses in the Vedruna Style<\/strong>,<strong>\u201d<\/strong> and <strong>\u201cFollowers of Joaquina\u201d<\/strong>\u2014gathered together with Sisters Melania Silva, In\u00e9s Rojas, and Emiliana Gonz\u00e1lez, from the Sullana community, to commemorate Joaquina\u2019s passing into the Father\u2019s house. <\/p>\n\n<p class=\"wp-block-paragraph\">It was a time for prayer and sharing as a community, recalling past experiences\u2014such as the early days of the Laity in Sullana\u2014the various laypeople who had been part of the communities, and those who had gone to the Father\u2019s house.<\/p>\n\n<p class=\"wp-block-paragraph\">It was a very pleasant gathering that allowed us to strengthen the bond that unites us as the Vedruna Charismatic Family and to give thanks for the gift of his life and his charism.<\/p>\n\n<p class=\"wp-block-paragraph\"><strong>Thank you<\/strong> for this remarkable woman, who\u2014in the midst of pain and trials\u2014said <strong>\u201cyes\u201d to God<\/strong> and founded a family that continues to serve in every country and on every continent.<\/p>\n\n<p class=\"wp-block-paragraph\"><strong>Thank you<\/strong> for your motherly heart, for your simple faith, and for teaching us that \u201cwhere there is charity and love, there You are.\u201d<\/p>\n\n<p class=\"wp-block-paragraph\">May we learn to continue doing good, without regard for whom, discovering God in those most in need\u2014who are our neighbors\u2014and may we look upon them with brotherly love.<\/p>\n\n<p class=\"wp-block-paragraph\">May Joaquina continue to strengthen us with a compassionate heart like hers, always ready to serve others, and help us see Christ in those most in need.<\/p>\n\n<p class=\"has-text-align-center has-medium-font-size wp-block-paragraph\"><strong>Thank you, Joaquina, for staying by our side\u2014your children!<\/strong><\/p>\n\n<p class=\"has-text-align-right wp-block-paragraph\"><strong><em>Carolina Lucy Novoa Luy, LV. Community of \u201cFollowers of Joaquina\u201d  <\/em><\/strong><\/p>\n<div class=\"pgc-sgb-cb wp-block-pgcsimplygalleryblock-justified \" data-gallery-id=\"f1b05530\"><div class=\"sgb-preloader\" id=\"pr_f1b05530\">\n\t<div class=\"sgb-square\" style=\"background:#d4d4d4\"><\/div>\n\t<div class=\"sgb-square\" style=\"background:#d4d4d4\"><\/div>\n\t<div class=\"sgb-square\" style=\"background:#d4d4d4\"><\/div>\n\t<div class=\"sgb-square\" style=\"background:#d4d4d4\"><\/div><\/div><div class=\"simply-gallery-amp pgc_sgb_slider \"><noscript><div class=\"sgb-gallery\"><div class=\"sgb-item\"><a href=\"https:\/\/vedruna.org\/wp-content\/uploads\/2026\/08\/4.jpeg\"><img decoding=\"async\" alt=\"\" width=\"300\" height=\"225\" loading=\"lazy\" src=\"https:\/\/vedruna.org\/wp-content\/uploads\/2026\/08\/4-300x225.jpeg\" srcset=\"https:\/\/vedruna.org\/wp-content\/uploads\/2026\/08\/4-300x225.jpeg 300w,https:\/\/vedruna.org\/wp-content\/uploads\/2026\/08\/4-1024x768.jpeg 1024w,https:\/\/vedruna.org\/wp-content\/uploads\/2026\/08\/4.jpeg 1600w\" sizes=\"250px\"\/><\/a><\/div><div class=\"sgb-item\"><a href=\"https:\/\/vedruna.org\/wp-content\/uploads\/2026\/08\/3.jpeg\"><img decoding=\"async\" alt=\"\" width=\"300\" height=\"225\" loading=\"lazy\" src=\"https:\/\/vedruna.org\/wp-content\/uploads\/2026\/08\/3-300x225.jpeg\" srcset=\"https:\/\/vedruna.org\/wp-content\/uploads\/2026\/08\/3-300x225.jpeg 300w,https:\/\/vedruna.org\/wp-content\/uploads\/2026\/08\/3-1024x768.jpeg 1024w,https:\/\/vedruna.org\/wp-content\/uploads\/2026\/08\/3.jpeg 1448w\" sizes=\"250px\"\/><\/a><\/div><div class=\"sgb-item\"><a href=\"https:\/\/vedruna.org\/wp-content\/uploads\/2026\/08\/2.jpeg\"><img decoding=\"async\" alt=\"\" width=\"225\" height=\"300\" loading=\"lazy\" src=\"https:\/\/vedruna.org\/wp-content\/uploads\/2026\/08\/2-225x300.jpeg\" srcset=\"https:\/\/vedruna.org\/wp-content\/uploads\/2026\/08\/2-225x300.jpeg 225w,https:\/\/vedruna.org\/wp-content\/uploads\/2026\/08\/2-768x1024.jpeg 768w,https:\/\/vedruna.org\/wp-content\/uploads\/2026\/08\/2.jpeg 1086w\" sizes=\"250px\"\/><\/a><\/div><div class=\"sgb-item\"><a href=\"https:\/\/vedruna.org\/wp-content\/uploads\/2026\/08\/1.jpeg\"><img decoding=\"async\" alt=\"\" width=\"300\" height=\"225\" loading=\"lazy\" src=\"https:\/\/vedruna.org\/wp-content\/uploads\/2026\/08\/1-300x225.jpeg\" srcset=\"https:\/\/vedruna.org\/wp-content\/uploads\/2026\/08\/1-300x225.jpeg 300w,https:\/\/vedruna.org\/wp-content\/uploads\/2026\/08\/1-1024x768.jpeg 1024w,https:\/\/vedruna.org\/wp-content\/uploads\/2026\/08\/1.jpeg 1448w\" sizes=\"250px\"\/><\/a><\/div><\/div><\/noscript><\/div><script type=\"application\/json\" class=\"sgb-data\">{\"lastRowFill\":true,\"externalLink\":false,\"captions\":false,\"collectionThumbSubMenuDownload\":false,\"collectionThumbSubMenuShare\":false,\"galleryType\":\"pgc_sgb_justified\",\"galleryId\":\"f1b05530\",\"images\":[{\"id\":39990,\"title\":\"4\",\"url\":\"https:\/\/vedruna.org\/wp-content\/uploads\/2026\/08\/4.jpeg\",\"link\":\"https:\/\/vedruna.org\/4-66\/\",\"alt\":\"\",\"description\":\"\",\"caption\":\"\",\"mime\":\"image\/jpeg\",\"type\":\"image\",\"width\":1600,\"height\":1200,\"sizes\":{\"thumbnail\":{\"height\":150,\"width\":150,\"url\":\"https:\/\/vedruna.org\/wp-content\/uploads\/2026\/08\/4-150x150.jpeg\",\"orientation\":\"landscape\"},\"medium\":{\"height\":225,\"width\":300,\"url\":\"https:\/\/vedruna.org\/wp-content\/uploads\/2026\/08\/4-300x225.jpeg\",\"orientation\":\"landscape\"},\"large\":{\"height\":768,\"width\":1024,\"url\":\"https:\/\/vedruna.org\/wp-content\/uploads\/2026\/08\/4-1024x768.jpeg\",\"orientation\":\"landscape\"},\"full\":{\"url\":\"https:\/\/vedruna.org\/wp-content\/uploads\/2026\/08\/4.jpeg\",\"height\":1200,\"width\":1600,\"orientation\":\"landscape\"}},\"imageMeta\":{\"aperture\":\"0\",\"credit\":\"\",\"camera\":\"\",\"caption\":\"\",\"created_timestamp\":\"0\",\"copyright\":\"\",\"focal_length\":\"0\",\"iso\":\"0\",\"shutter_speed\":\"0\",\"title\":\"\",\"orientation\":\"0\",\"keywords\":[],\"alt\":\"\"},\"meta\":false},{\"id\":39989,\"title\":\"3\",\"url\":\"https:\/\/vedruna.org\/wp-content\/uploads\/2026\/08\/3.jpeg\",\"link\":\"https:\/\/vedruna.org\/3-80\/\",\"alt\":\"\",\"description\":\"\",\"caption\":\"\",\"mime\":\"image\/jpeg\",\"type\":\"image\",\"width\":1448,\"height\":1086,\"sizes\":{\"thumbnail\":{\"height\":150,\"width\":150,\"url\":\"https:\/\/vedruna.org\/wp-content\/uploads\/2026\/08\/3-150x150.jpeg\",\"orientation\":\"landscape\"},\"medium\":{\"height\":225,\"width\":300,\"url\":\"https:\/\/vedruna.org\/wp-content\/uploads\/2026\/08\/3-300x225.jpeg\",\"orientation\":\"landscape\"},\"large\":{\"height\":768,\"width\":1024,\"url\":\"https:\/\/vedruna.org\/wp-content\/uploads\/2026\/08\/3-1024x768.jpeg\",\"orientation\":\"landscape\"},\"full\":{\"url\":\"https:\/\/vedruna.org\/wp-content\/uploads\/2026\/08\/3.jpeg\",\"height\":1086,\"width\":1448,\"orientation\":\"landscape\"}},\"imageMeta\":{\"aperture\":\"0\",\"credit\":\"\",\"camera\":\"\",\"caption\":\"\",\"created_timestamp\":\"0\",\"copyright\":\"\",\"focal_length\":\"0\",\"iso\":\"0\",\"shutter_speed\":\"0\",\"title\":\"\",\"orientation\":\"0\",\"keywords\":[],\"alt\":\"\"},\"meta\":false},{\"id\":39988,\"title\":\"2\",\"url\":\"https:\/\/vedruna.org\/wp-content\/uploads\/2026\/08\/2.jpeg\",\"link\":\"https:\/\/vedruna.org\/2-80\/\",\"alt\":\"\",\"description\":\"\",\"caption\":\"\",\"mime\":\"image\/jpeg\",\"type\":\"image\",\"width\":1086,\"height\":1448,\"sizes\":{\"thumbnail\":{\"height\":150,\"width\":150,\"url\":\"https:\/\/vedruna.org\/wp-content\/uploads\/2026\/08\/2-150x150.jpeg\",\"orientation\":\"landscape\"},\"medium\":{\"height\":300,\"width\":225,\"url\":\"https:\/\/vedruna.org\/wp-content\/uploads\/2026\/08\/2-225x300.jpeg\",\"orientation\":\"portrait\"},\"large\":{\"height\":1024,\"width\":768,\"url\":\"https:\/\/vedruna.org\/wp-content\/uploads\/2026\/08\/2-768x1024.jpeg\",\"orientation\":\"portrait\"},\"full\":{\"url\":\"https:\/\/vedruna.org\/wp-content\/uploads\/2026\/08\/2.jpeg\",\"height\":1448,\"width\":1086,\"orientation\":\"portrait\"}},\"imageMeta\":{\"aperture\":\"0\",\"credit\":\"\",\"camera\":\"\",\"caption\":\"\",\"created_timestamp\":\"0\",\"copyright\":\"\",\"focal_length\":\"0\",\"iso\":\"0\",\"shutter_speed\":\"0\",\"title\":\"\",\"orientation\":\"0\",\"keywords\":[],\"alt\":\"\"},\"meta\":false},{\"id\":39987,\"title\":\"1\",\"url\":\"https:\/\/vedruna.org\/wp-content\/uploads\/2026\/08\/1.jpeg\",\"link\":\"https:\/\/vedruna.org\/1-80\/\",\"alt\":\"\",\"description\":\"\",\"caption\":\"\",\"mime\":\"image\/jpeg\",\"type\":\"image\",\"width\":1448,\"height\":1086,\"sizes\":{\"thumbnail\":{\"height\":150,\"width\":150,\"url\":\"https:\/\/vedruna.org\/wp-content\/uploads\/2026\/08\/1-150x150.jpeg\",\"orientation\":\"landscape\"},\"medium\":{\"height\":225,\"width\":300,\"url\":\"https:\/\/vedruna.org\/wp-content\/uploads\/2026\/08\/1-300x225.jpeg\",\"orientation\":\"landscape\"},\"large\":{\"height\":768,\"width\":1024,\"url\":\"https:\/\/vedruna.org\/wp-content\/uploads\/2026\/08\/1-1024x768.jpeg\",\"orientation\":\"landscape\"},\"full\":{\"url\":\"https:\/\/vedruna.org\/wp-content\/uploads\/2026\/08\/1.jpeg\",\"height\":1086,\"width\":1448,\"orientation\":\"landscape\"}},\"imageMeta\":{\"aperture\":\"0\",\"credit\":\"\",\"camera\":\"\",\"caption\":\"\",\"created_timestamp\":\"0\",\"copyright\":\"\",\"focal_length\":\"0\",\"iso\":\"0\",\"shutter_speed\":\"0\",\"title\":\"\",\"orientation\":\"0\",\"keywords\":[],\"alt\":\"\"},\"meta\":false}],\"useClobalSettings\":true,\"shareFacebook\":false,\"shareTwitter\":false,\"sharePinterest\":false,\"sliderItemDownload\":false,\"shareCopyLink\":false,\"sliderItemCounterEnable\":false,\"sliderItemTitleFontSize\":20,\"sliderSlideshow\":false,\"sliderSocialShareEnabled\":false,\"sliderZoomEnable\":false,\"translatedWithWPMLTM\":\"1\",\"itemsMetaDataCollection\":[]}<\/script><script>(function(){if(window.PGC_SGB && window.PGC_SGB.searcher){window.PGC_SGB.searcher.initBlocks()}})()<\/script><\/div>","protected":false},"excerpt":{"rendered":"<p>On August 28 in Sullana, in the Piura department of Peru, the three lay communities\u2014 \u201cWalking with Joaquina,\u201d \u201cSpouses in the Vedruna Style,\u201d and \u201cFollowers of Joaquina\u201d\u2014gathered together with Sisters Melania Silva, In\u00e9s Rojas, and Emiliana Gonz\u00e1lez, from the Sullana community, to commemorate Joaquina\u2019s passing into the Father\u2019s house. It was a time for prayer [&hellip;]<\/p>\n","protected":false},"author":4,"featured_media":40002,"comment_status":"closed","ping_status":"closed","sticky":false,"template":"","format":"standard","meta":{"_et_pb_use_builder":"","_et_pb_old_content":"","_et_gb_content_width":"","pgc_sgb_lightbox_settings":"","footnotes":""},"categories":[154,305,144],"tags":[],"class_list":["post-40001","post","type-post","status-publish","format-standard","has-post-thumbnail","hentry","category-peru-en","category-vedruna-laity","category-vedrunamerica-en"],"yoast_head":"<!-- This site is optimized with the Yoast SEO plugin v28.4 - https:\/\/yoast.com\/product\/yoast-seo-wordpress\/ -->\n<title>Commemorating the 172nd anniversary of Saint Joaquina&#039;s departure to the Father&#039;s house - Carmelitas de la Caridad Vedruna<\/title>\n<meta name=\"description\" content=\"The three Vedruna lay communities in Peru are gathering with the community in Sullana to celebrate Joaquina&#039;s passing into the Father&#039;s house.\" \/>\n<meta name=\"robots\" content=\"index, follow, max-snippet:-1, max-image-preview:large, max-video-preview:-1\" \/>\n<link rel=\"canonical\" href=\"https:\/\/vedruna.org\/en\/commemorating-the-172nd-anniversary-of-saint-joaquinas-departure-to-the-fathers-house\/\" \/>\n<meta property=\"og:locale\" content=\"en_US\" \/>\n<meta property=\"og:type\" content=\"article\" \/>\n<meta property=\"og:title\" content=\"Commemorating the 172nd anniversary of Saint Joaquina&#039;s departure to the Father&#039;s house - Carmelitas de la Caridad Vedruna\" \/>\n<meta property=\"og:description\" content=\"The three Vedruna lay communities in Peru are gathering with the community in Sullana to celebrate Joaquina&#039;s passing into the Father&#039;s house.\" \/>\n<meta property=\"og:url\" content=\"https:\/\/vedruna.org\/en\/commemorating-the-172nd-anniversary-of-saint-joaquinas-departure-to-the-fathers-house\/\" \/>\n<meta property=\"og:site_name\" content=\"Carmelitas de la Caridad Vedruna\" \/>\n<meta property=\"article:published_time\" content=\"2026-09-01T10:06:02+00:00\" \/>\n<meta property=\"article:modified_time\" content=\"2026-09-01T10:07:33+00:00\" \/>\n<meta property=\"og:image\" content=\"https:\/\/vedruna.org\/wp-content\/uploads\/2026\/08\/PRINCIPAL-1.jpeg\" \/>\n\t<meta property=\"og:image:width\" content=\"1600\" \/>\n\t<meta property=\"og:image:height\" content=\"1056\" \/>\n\t<meta property=\"og:image:type\" content=\"image\/jpeg\" \/>\n<meta name=\"author\" content=\"Comunicaci\u00f3n Vedrunam\u00e9rica\" \/>\n<meta name=\"twitter:card\" content=\"summary_large_image\" \/>\n<meta name=\"twitter:label1\" content=\"Written by\" \/>\n\t<meta name=\"twitter:data1\" content=\"Comunicaci\u00f3n Vedrunam\u00e9rica\" \/>\n\t<meta name=\"twitter:label2\" content=\"Est. reading time\" \/>\n\t<meta name=\"twitter:data2\" content=\"1 minute\" \/>\n<script type=\"application\/ld+json\" class=\"yoast-schema-graph\">{\"@context\":\"https:\\\/\\\/schema.org\",\"@graph\":[{\"@type\":\"Article\",\"@id\":\"https:\\\/\\\/vedruna.org\\\/en\\\/commemorating-the-172nd-anniversary-of-saint-joaquinas-departure-to-the-fathers-house\\\/#article\",\"isPartOf\":{\"@id\":\"https:\\\/\\\/vedruna.org\\\/en\\\/commemorating-the-172nd-anniversary-of-saint-joaquinas-departure-to-the-fathers-house\\\/\"},\"author\":{\"name\":\"Comunicaci\u00f3n Vedrunam\u00e9rica\",\"@id\":\"https:\\\/\\\/vedruna.org\\\/en\\\/#\\\/schema\\\/person\\\/cf468646189533fb6a3aae475663fdc7\"},\"headline\":\"Commemorating the 172nd anniversary of Saint Joaquina&#8217;s departure to the Father&#8217;s house\",\"datePublished\":\"2026-09-01T10:06:02+00:00\",\"dateModified\":\"2026-09-01T10:07:33+00:00\",\"mainEntityOfPage\":{\"@id\":\"https:\\\/\\\/vedruna.org\\\/en\\\/commemorating-the-172nd-anniversary-of-saint-joaquinas-departure-to-the-fathers-house\\\/\"},\"wordCount\":280,\"publisher\":{\"@id\":\"https:\\\/\\\/vedruna.org\\\/en\\\/#organization\"},\"image\":{\"@id\":\"https:\\\/\\\/vedruna.org\\\/en\\\/commemorating-the-172nd-anniversary-of-saint-joaquinas-departure-to-the-fathers-house\\\/#primaryimage\"},\"thumbnailUrl\":\"https:\\\/\\\/vedruna.org\\\/wp-content\\\/uploads\\\/2026\\\/08\\\/PRINCIPAL-1.jpeg\",\"articleSection\":[\"Peru\",\"Vedruna Laity\",\"Vedrunamerica\"],\"inLanguage\":\"en-US\"},{\"@type\":\"WebPage\",\"@id\":\"https:\\\/\\\/vedruna.org\\\/en\\\/commemorating-the-172nd-anniversary-of-saint-joaquinas-departure-to-the-fathers-house\\\/\",\"url\":\"https:\\\/\\\/vedruna.org\\\/en\\\/commemorating-the-172nd-anniversary-of-saint-joaquinas-departure-to-the-fathers-house\\\/\",\"name\":\"Commemorating the 172nd anniversary of Saint Joaquina's departure to the Father's house - Carmelitas de la Caridad Vedruna\",\"isPartOf\":{\"@id\":\"https:\\\/\\\/vedruna.org\\\/en\\\/#website\"},\"primaryImageOfPage\":{\"@id\":\"https:\\\/\\\/vedruna.org\\\/en\\\/commemorating-the-172nd-anniversary-of-saint-joaquinas-departure-to-the-fathers-house\\\/#primaryimage\"},\"image\":{\"@id\":\"https:\\\/\\\/vedruna.org\\\/en\\\/commemorating-the-172nd-anniversary-of-saint-joaquinas-departure-to-the-fathers-house\\\/#primaryimage\"},\"thumbnailUrl\":\"https:\\\/\\\/vedruna.org\\\/wp-content\\\/uploads\\\/2026\\\/08\\\/PRINCIPAL-1.jpeg\",\"datePublished\":\"2026-09-01T10:06:02+00:00\",\"dateModified\":\"2026-09-01T10:07:33+00:00\",\"description\":\"The three Vedruna lay communities in Peru are gathering with the community in Sullana to celebrate Joaquina's passing into the Father's house.\",\"breadcrumb\":{\"@id\":\"https:\\\/\\\/vedruna.org\\\/en\\\/commemorating-the-172nd-anniversary-of-saint-joaquinas-departure-to-the-fathers-house\\\/#breadcrumb\"},\"inLanguage\":\"en-US\",\"potentialAction\":[{\"@type\":\"ReadAction\",\"target\":[\"https:\\\/\\\/vedruna.org\\\/en\\\/commemorating-the-172nd-anniversary-of-saint-joaquinas-departure-to-the-fathers-house\\\/\"]}]},{\"@type\":\"ImageObject\",\"inLanguage\":\"en-US\",\"@id\":\"https:\\\/\\\/vedruna.org\\\/en\\\/commemorating-the-172nd-anniversary-of-saint-joaquinas-departure-to-the-fathers-house\\\/#primaryimage\",\"url\":\"https:\\\/\\\/vedruna.org\\\/wp-content\\\/uploads\\\/2026\\\/08\\\/PRINCIPAL-1.jpeg\",\"contentUrl\":\"https:\\\/\\\/vedruna.org\\\/wp-content\\\/uploads\\\/2026\\\/08\\\/PRINCIPAL-1.jpeg\",\"width\":1600,\"height\":1056},{\"@type\":\"BreadcrumbList\",\"@id\":\"https:\\\/\\\/vedruna.org\\\/en\\\/commemorating-the-172nd-anniversary-of-saint-joaquinas-departure-to-the-fathers-house\\\/#breadcrumb\",\"itemListElement\":[{\"@type\":\"ListItem\",\"position\":1,\"name\":\"Portada\",\"item\":\"https:\\\/\\\/vedruna.org\\\/en\\\/\"},{\"@type\":\"ListItem\",\"position\":2,\"name\":\"Commemorating the 172nd anniversary of Saint Joaquina&#8217;s departure to the Father&#8217;s house\"}]},{\"@type\":\"WebSite\",\"@id\":\"https:\\\/\\\/vedruna.org\\\/en\\\/#website\",\"url\":\"https:\\\/\\\/vedruna.org\\\/en\\\/\",\"name\":\"Carmelitas de la Caridad Vedruna\",\"description\":\"Carmelitas de la caridad\",\"publisher\":{\"@id\":\"https:\\\/\\\/vedruna.org\\\/en\\\/#organization\"},\"potentialAction\":[{\"@type\":\"SearchAction\",\"target\":{\"@type\":\"EntryPoint\",\"urlTemplate\":\"https:\\\/\\\/vedruna.org\\\/en\\\/?s={search_term_string}\"},\"query-input\":{\"@type\":\"PropertyValueSpecification\",\"valueRequired\":true,\"valueName\":\"search_term_string\"}}],\"inLanguage\":\"en-US\"},{\"@type\":\"Organization\",\"@id\":\"https:\\\/\\\/vedruna.org\\\/en\\\/#organization\",\"name\":\"Carmelitas de la caridad Vedruna\",\"url\":\"https:\\\/\\\/vedruna.org\\\/en\\\/\",\"logo\":{\"@type\":\"ImageObject\",\"inLanguage\":\"en-US\",\"@id\":\"https:\\\/\\\/vedruna.org\\\/en\\\/#\\\/schema\\\/logo\\\/image\\\/\",\"url\":\"https:\\\/\\\/vedruna.org\\\/wp-content\\\/uploads\\\/2022\\\/04\\\/LOGO-VEDRUNA-HORIZONTAL.png\",\"contentUrl\":\"https:\\\/\\\/vedruna.org\\\/wp-content\\\/uploads\\\/2022\\\/04\\\/LOGO-VEDRUNA-HORIZONTAL.png\",\"width\":1200,\"height\":463,\"caption\":\"Carmelitas de la caridad Vedruna\"},\"image\":{\"@id\":\"https:\\\/\\\/vedruna.org\\\/en\\\/#\\\/schema\\\/logo\\\/image\\\/\"}},{\"@type\":\"Person\",\"@id\":\"https:\\\/\\\/vedruna.org\\\/en\\\/#\\\/schema\\\/person\\\/cf468646189533fb6a3aae475663fdc7\",\"name\":\"Comunicaci\u00f3n Vedrunam\u00e9rica\",\"image\":{\"@type\":\"ImageObject\",\"inLanguage\":\"en-US\",\"@id\":\"https:\\\/\\\/secure.gravatar.com\\\/avatar\\\/b4eff91ff87ece2131a5d31270e1df0a7eeaffece756ce6503fd7dce879d1bfc?s=96&d=mm&r=g\",\"url\":\"https:\\\/\\\/secure.gravatar.com\\\/avatar\\\/b4eff91ff87ece2131a5d31270e1df0a7eeaffece756ce6503fd7dce879d1bfc?s=96&d=mm&r=g\",\"contentUrl\":\"https:\\\/\\\/secure.gravatar.com\\\/avatar\\\/b4eff91ff87ece2131a5d31270e1df0a7eeaffece756ce6503fd7dce879d1bfc?s=96&d=mm&r=g\",\"caption\":\"Comunicaci\u00f3n Vedrunam\u00e9rica\"},\"url\":\"https:\\\/\\\/vedruna.org\\\/en\\\/author\\\/comunicacion-vedrunamerica\\\/\"}]}<\/script>\n<!-- \/ Yoast SEO plugin. -->","yoast_head_json":{"title":"Commemorating the 172nd anniversary of Saint Joaquina's departure to the Father's house - Carmelitas de la Caridad Vedruna","description":"The three Vedruna lay communities in Peru are gathering with the community in Sullana to celebrate Joaquina's passing into the Father's house.","robots":{"index":"index","follow":"follow","max-snippet":"max-snippet:-1","max-image-preview":"max-image-preview:large","max-video-preview":"max-video-preview:-1"},"canonical":"https:\/\/vedruna.org\/en\/commemorating-the-172nd-anniversary-of-saint-joaquinas-departure-to-the-fathers-house\/","og_locale":"en_US","og_type":"article","og_title":"Commemorating the 172nd anniversary of Saint Joaquina's departure to the Father's house - Carmelitas de la Caridad Vedruna","og_description":"The three Vedruna lay communities in Peru are gathering with the community in Sullana to celebrate Joaquina's passing into the Father's house.","og_url":"https:\/\/vedruna.org\/en\/commemorating-the-172nd-anniversary-of-saint-joaquinas-departure-to-the-fathers-house\/","og_site_name":"Carmelitas de la Caridad Vedruna","article_published_time":"2026-09-01T10:06:02+00:00","article_modified_time":"2026-09-01T10:07:33+00:00","og_image":[{"width":1600,"height":1056,"url":"https:\/\/vedruna.org\/wp-content\/uploads\/2026\/08\/PRINCIPAL-1.jpeg","type":"image\/jpeg"}],"author":"Comunicaci\u00f3n Vedrunam\u00e9rica","twitter_card":"summary_large_image","twitter_misc":{"Written by":"Comunicaci\u00f3n Vedrunam\u00e9rica","Est. reading time":"1 minute"},"schema":{"@context":"https:\/\/schema.org","@graph":[{"@type":"Article","@id":"https:\/\/vedruna.org\/en\/commemorating-the-172nd-anniversary-of-saint-joaquinas-departure-to-the-fathers-house\/#article","isPartOf":{"@id":"https:\/\/vedruna.org\/en\/commemorating-the-172nd-anniversary-of-saint-joaquinas-departure-to-the-fathers-house\/"},"author":{"name":"Comunicaci\u00f3n Vedrunam\u00e9rica","@id":"https:\/\/vedruna.org\/en\/#\/schema\/person\/cf468646189533fb6a3aae475663fdc7"},"headline":"Commemorating the 172nd anniversary of Saint Joaquina&#8217;s departure to the Father&#8217;s house","datePublished":"2026-09-01T10:06:02+00:00","dateModified":"2026-09-01T10:07:33+00:00","mainEntityOfPage":{"@id":"https:\/\/vedruna.org\/en\/commemorating-the-172nd-anniversary-of-saint-joaquinas-departure-to-the-fathers-house\/"},"wordCount":280,"publisher":{"@id":"https:\/\/vedruna.org\/en\/#organization"},"image":{"@id":"https:\/\/vedruna.org\/en\/commemorating-the-172nd-anniversary-of-saint-joaquinas-departure-to-the-fathers-house\/#primaryimage"},"thumbnailUrl":"https:\/\/vedruna.org\/wp-content\/uploads\/2026\/08\/PRINCIPAL-1.jpeg","articleSection":["Peru","Vedruna Laity","Vedrunamerica"],"inLanguage":"en-US"},{"@type":"WebPage","@id":"https:\/\/vedruna.org\/en\/commemorating-the-172nd-anniversary-of-saint-joaquinas-departure-to-the-fathers-house\/","url":"https:\/\/vedruna.org\/en\/commemorating-the-172nd-anniversary-of-saint-joaquinas-departure-to-the-fathers-house\/","name":"Commemorating the 172nd anniversary of Saint Joaquina's departure to the Father's house - Carmelitas de la Caridad Vedruna","isPartOf":{"@id":"https:\/\/vedruna.org\/en\/#website"},"primaryImageOfPage":{"@id":"https:\/\/vedruna.org\/en\/commemorating-the-172nd-anniversary-of-saint-joaquinas-departure-to-the-fathers-house\/#primaryimage"},"image":{"@id":"https:\/\/vedruna.org\/en\/commemorating-the-172nd-anniversary-of-saint-joaquinas-departure-to-the-fathers-house\/#primaryimage"},"thumbnailUrl":"https:\/\/vedruna.org\/wp-content\/uploads\/2026\/08\/PRINCIPAL-1.jpeg","datePublished":"2026-09-01T10:06:02+00:00","dateModified":"2026-09-01T10:07:33+00:00","description":"The three Vedruna lay communities in Peru are gathering with the community in Sullana to celebrate Joaquina's passing into the Father's house.","breadcrumb":{"@id":"https:\/\/vedruna.org\/en\/commemorating-the-172nd-anniversary-of-saint-joaquinas-departure-to-the-fathers-house\/#breadcrumb"},"inLanguage":"en-US","potentialAction":[{"@type":"ReadAction","target":["https:\/\/vedruna.org\/en\/commemorating-the-172nd-anniversary-of-saint-joaquinas-departure-to-the-fathers-house\/"]}]},{"@type":"ImageObject","inLanguage":"en-US","@id":"https:\/\/vedruna.org\/en\/commemorating-the-172nd-anniversary-of-saint-joaquinas-departure-to-the-fathers-house\/#primaryimage","url":"https:\/\/vedruna.org\/wp-content\/uploads\/2026\/08\/PRINCIPAL-1.jpeg","contentUrl":"https:\/\/vedruna.org\/wp-content\/uploads\/2026\/08\/PRINCIPAL-1.jpeg","width":1600,"height":1056},{"@type":"BreadcrumbList","@id":"https:\/\/vedruna.org\/en\/commemorating-the-172nd-anniversary-of-saint-joaquinas-departure-to-the-fathers-house\/#breadcrumb","itemListElement":[{"@type":"ListItem","position":1,"name":"Portada","item":"https:\/\/vedruna.org\/en\/"},{"@type":"ListItem","position":2,"name":"Commemorating the 172nd anniversary of Saint Joaquina&#8217;s departure to the Father&#8217;s house"}]},{"@type":"WebSite","@id":"https:\/\/vedruna.org\/en\/#website","url":"https:\/\/vedruna.org\/en\/","name":"Carmelitas de la Caridad Vedruna","description":"Carmelitas de la caridad","publisher":{"@id":"https:\/\/vedruna.org\/en\/#organization"},"potentialAction":[{"@type":"SearchAction","target":{"@type":"EntryPoint","urlTemplate":"https:\/\/vedruna.org\/en\/?s={search_term_string}"},"query-input":{"@type":"PropertyValueSpecification","valueRequired":true,"valueName":"search_term_string"}}],"inLanguage":"en-US"},{"@type":"Organization","@id":"https:\/\/vedruna.org\/en\/#organization","name":"Carmelitas de la caridad Vedruna","url":"https:\/\/vedruna.org\/en\/","logo":{"@type":"ImageObject","inLanguage":"en-US","@id":"https:\/\/vedruna.org\/en\/#\/schema\/logo\/image\/","url":"https:\/\/vedruna.org\/wp-content\/uploads\/2022\/04\/LOGO-VEDRUNA-HORIZONTAL.png","contentUrl":"https:\/\/vedruna.org\/wp-content\/uploads\/2022\/04\/LOGO-VEDRUNA-HORIZONTAL.png","width":1200,"height":463,"caption":"Carmelitas de la caridad Vedruna"},"image":{"@id":"https:\/\/vedruna.org\/en\/#\/schema\/logo\/image\/"}},{"@type":"Person","@id":"https:\/\/vedruna.org\/en\/#\/schema\/person\/cf468646189533fb6a3aae475663fdc7","name":"Comunicaci\u00f3n Vedrunam\u00e9rica","image":{"@type":"ImageObject","inLanguage":"en-US","@id":"https:\/\/secure.gravatar.com\/avatar\/b4eff91ff87ece2131a5d31270e1df0a7eeaffece756ce6503fd7dce879d1bfc?s=96&d=mm&r=g","url":"https:\/\/secure.gravatar.com\/avatar\/b4eff91ff87ece2131a5d31270e1df0a7eeaffece756ce6503fd7dce879d1bfc?s=96&d=mm&r=g","contentUrl":"https:\/\/secure.gravatar.com\/avatar\/b4eff91ff87ece2131a5d31270e1df0a7eeaffece756ce6503fd7dce879d1bfc?s=96&d=mm&r=g","caption":"Comunicaci\u00f3n Vedrunam\u00e9rica"},"url":"https:\/\/vedruna.org\/en\/author\/comunicacion-vedrunamerica\/"}]}},"_links":{"self":[{"href":"https:\/\/vedruna.org\/en\/wp-json\/wp\/v2\/posts\/40001","targetHints":{"allow":["GET"]}}],"collection":[{"href":"https:\/\/vedruna.org\/en\/wp-json\/wp\/v2\/posts"}],"about":[{"href":"https:\/\/vedruna.org\/en\/wp-json\/wp\/v2\/types\/post"}],"author":[{"embeddable":true,"href":"https:\/\/vedruna.org\/en\/wp-json\/wp\/v2\/users\/4"}],"replies":[{"embeddable":true,"href":"https:\/\/vedruna.org\/en\/wp-json\/wp\/v2\/comments?post=40001"}],"version-history":[{"count":1,"href":"https:\/\/vedruna.org\/en\/wp-json\/wp\/v2\/posts\/40001\/revisions"}],"predecessor-version":[{"id":40003,"href":"https:\/\/vedruna.org\/en\/wp-json\/wp\/v2\/posts\/40001\/revisions\/40003"}],"wp:featuredmedia":[{"embeddable":true,"href":"https:\/\/vedruna.org\/en\/wp-json\/wp\/v2\/media\/40002"}],"wp:attachment":[{"href":"https:\/\/vedruna.org\/en\/wp-json\/wp\/v2\/media?parent=40001"}],"wp:term":[{"taxonomy":"category","embeddable":true,"href":"https:\/\/vedruna.org\/en\/wp-json\/wp\/v2\/categories?post=40001"},{"taxonomy":"post_tag","embeddable":true,"href":"https:\/\/vedruna.org\/en\/wp-json\/wp\/v2\/tags?post=40001"}],"curies":[{"name":"wp","href":"https:\/\/api.w.org\/{rel}","templated":true}]}}