{"id":13138,"date":"2024-09-11T13:43:00","date_gmt":"2024-09-11T11:43:00","guid":{"rendered":"https:\/\/vedruna.org\/celebration-de-la-journee-internationale-des-peuples-autochtones-avec-la-tribu-erumanen-menuvu-aux-philippines\/"},"modified":"2024-09-12T10:08:18","modified_gmt":"2024-09-12T08:08:18","slug":"celebration-de-la-journee-internationale-des-peuples-autochtones-avec-la-tribu-erumanen-menuvu-aux-philippines","status":"publish","type":"post","link":"https:\/\/vedruna.org\/fr\/celebration-de-la-journee-internationale-des-peuples-autochtones-avec-la-tribu-erumanen-menuvu-aux-philippines\/","title":{"rendered":"C\u00e9l\u00e9bration de la Journ\u00e9e internationale des peuples autochtones avec la tribu Erumanen Menuvu aux Philippines"},"content":{"rendered":"\n<p>Il existe environ 200 groupes de peuples indig\u00e8nes dans le monde, soit 476 millions de personnes.\nParmi eux, la tribu Erumanen Menuvu, dont les membres re\u00e7oivent un soutien quotidien de la famille Vedruna aux Philippines.\nC&rsquo;est pourquoi la communaut\u00e9 leur a rendu hommage le 5 ao\u00fbt dernier \u00e0 l&rsquo;occasion de la Journ\u00e9e internationale des peuples autochtones.    <\/p>\n\n<p>La c\u00e9l\u00e9bration a \u00e9t\u00e9 baptis\u00e9e \u00ab\u00a0Programme Kubing\u00a0\u00bb, en r\u00e9f\u00e9rence \u00e0 l&rsquo;instrument de musique du m\u00eame nom, tr\u00e8s sp\u00e9cial pour cette tribu, qui a occup\u00e9 le devant de la sc\u00e8ne lors de la f\u00eate.\nIl s&rsquo;agit d&rsquo;une sorte de guimbarde, g\u00e9n\u00e9ralement utilis\u00e9e pour la communication entre les membres d&rsquo;une famille ou les proches sur de courtes distances et lors de c\u00e9l\u00e9brations.\nVous pouvez l&rsquo;\u00e9couter dans cette vid\u00e9o :    <\/p>\n\n<figure class=\"wp-block-embed is-type-video is-provider-youtube wp-block-embed-youtube wp-embed-aspect-16-9 wp-has-aspect-ratio\"><div class=\"wp-block-embed__wrapper\"> \n<iframe loading=\"lazy\" title=\"The Kubing.   An ancient musical instrument from the Philippines. #jawharp #mouthharp #kubing\" width=\"1080\" height=\"608\" src=\"https:\/\/www.youtube.com\/embed\/Xv4jxf4YTWg?feature=oembed\"  allow=\"accelerometer; autoplay; clipboard-write; encrypted-media; gyroscope; picture-in-picture; web-share\" referrerpolicy=\"strict-origin-when-cross-origin\" allowfullscreen><\/iframe>\n <\/div><\/figure>\n\n<p>Le jour de la c\u00e9l\u00e9bration, les b\u00e9n\u00e9ficiaires ont pu partir avant l&rsquo;heure habituelle, et c&rsquo;est donc \u00e0 15h30 qu&rsquo;ils ont commenc\u00e9 le programme de la c\u00e9l\u00e9bration.\nLes enfants de la communaut\u00e9 ont jou\u00e9 de l&rsquo;instrument Kubing et ont interpr\u00e9t\u00e9 des chansons et des danses tribales.\nIls ont \u00e9galement appr\u00e9ci\u00e9 les jeux amusants et les surprises qui avaient \u00e9t\u00e9 pr\u00e9par\u00e9s pour eux.  <\/p>\n\n<p>S\u0153ur Rhoda Patribo, ccv, l&rsquo;assistante sociale, les femmes au foyer et l&rsquo;enseignante culturelle Lina Flora \u00e9taient pr\u00e9sentes lors de la c\u00e9l\u00e9bration du programme.<\/p>\n\n<p>Chaque ann\u00e9e, le 9 ao\u00fbt est comm\u00e9mor\u00e9 comme la Journ\u00e9e internationale des peuples autochtones, en reconnaissance de la premi\u00e8re r\u00e9union de travail des Nations unies sur les peuples autochtones, qui s&rsquo;est tenue \u00e0 Gen\u00e8ve en 1982.\nComme notre communaut\u00e9 entretient des relations \u00e9troites avec les membres de la tribu Erumanen Menuvu, il s&rsquo;agit de l&rsquo;une des c\u00e9l\u00e9brations les plus sp\u00e9ciales pour eux, car elle les aide \u00e0 pr\u00e9server leur culture et \u00e0 renforcer leur identit\u00e9 en tant que peuples autochtones. <\/p>\n\n<figure class=\"wp-block-gallery has-nested-images columns-default is-cropped wp-block-gallery-1 is-layout-flex wp-block-gallery-is-layout-flex\">\n<figure class=\"wp-block-image size-large\"><img loading=\"lazy\" decoding=\"async\" width=\"303\" height=\"229\" data-id=\"13125\" src=\"https:\/\/vedruna.org\/wp-content\/uploads\/2024\/09\/tribu-Menuvu-Filipinas2.jpg\" alt=\"\" class=\"wp-image-13125\" srcset=\"https:\/\/vedruna.org\/wp-content\/uploads\/2024\/09\/tribu-Menuvu-Filipinas2.jpg 303w, https:\/\/vedruna.org\/wp-content\/uploads\/2024\/09\/tribu-Menuvu-Filipinas2-300x227.jpg 300w\" sizes=\"(max-width: 303px) 100vw, 303px\" \/><\/figure>\n\n\n\n<figure class=\"wp-block-image size-large\"><img loading=\"lazy\" decoding=\"async\" width=\"289\" height=\"219\" data-id=\"13129\" src=\"https:\/\/vedruna.org\/wp-content\/uploads\/2024\/09\/tribu-Menuvu-Filipinas1.jpg\" alt=\"\" class=\"wp-image-13129\"\/><\/figure>\n\n\n\n<figure class=\"wp-block-image size-large\"><img loading=\"lazy\" decoding=\"async\" width=\"314\" height=\"238\" data-id=\"13109\" src=\"https:\/\/vedruna.org\/wp-content\/uploads\/2024\/09\/tribu-Menuvu-Filipinas3.jpg\" alt=\"\" class=\"wp-image-13109\" srcset=\"https:\/\/vedruna.org\/wp-content\/uploads\/2024\/09\/tribu-Menuvu-Filipinas3.jpg 314w, https:\/\/vedruna.org\/wp-content\/uploads\/2024\/09\/tribu-Menuvu-Filipinas3-300x227.jpg 300w\" sizes=\"(max-width: 314px) 100vw, 314px\" \/><\/figure>\n\n\n\n<figure class=\"wp-block-image size-large\"><img loading=\"lazy\" decoding=\"async\" width=\"265\" height=\"199\" data-id=\"13113\" src=\"https:\/\/vedruna.org\/wp-content\/uploads\/2024\/09\/tribu-Menuvu-Filipinas4.jpg\" alt=\"\" class=\"wp-image-13113\"\/><\/figure>\n\n\n\n<figure class=\"wp-block-image size-large\"><img loading=\"lazy\" decoding=\"async\" width=\"299\" height=\"224\" data-id=\"13117\" src=\"https:\/\/vedruna.org\/wp-content\/uploads\/2024\/09\/tribu-Menuvu-Filipinas5.jpg\" alt=\"\" class=\"wp-image-13117\"\/><\/figure>\n\n\n\n<figure class=\"wp-block-image size-large\"><img loading=\"lazy\" decoding=\"async\" width=\"285\" height=\"213\" data-id=\"13121\" src=\"https:\/\/vedruna.org\/wp-content\/uploads\/2024\/09\/tribu-Menuvu-Filipinas6.jpg\" alt=\"\" class=\"wp-image-13121\"\/><\/figure>\n<\/figure>\n","protected":false},"excerpt":{"rendered":"<p>Il existe environ 200 groupes de peuples indig\u00e8nes dans le monde, soit 476 millions de personnes. Parmi eux, la tribu Erumanen Menuvu, dont les membres re\u00e7oivent un soutien quotidien de la famille Vedruna aux Philippines. C&rsquo;est pourquoi la communaut\u00e9 leur a rendu hommage le 5 ao\u00fbt dernier \u00e0 l&rsquo;occasion de la Journ\u00e9e internationale des peuples [&hellip;]<\/p>\n","protected":false},"author":21,"featured_media":13132,"comment_status":"closed","ping_status":"closed","sticky":false,"template":"","format":"standard","meta":{"_et_pb_use_builder":"","_et_pb_old_content":"","_et_gb_content_width":"","pgc_sgb_lightbox_settings":"","footnotes":""},"categories":[301,81],"tags":[],"class_list":["post-13138","post","type-post","status-publish","format-standard","has-post-thumbnail","hentry","category-delegation-des-philippines","category-non-classifiee"],"yoast_head":"<!-- This site is optimized with the Yoast SEO plugin v27.5 - https:\/\/yoast.com\/product\/yoast-seo-wordpress\/ -->\n<title>Journ\u00e9e internationale des peuples autochtones avec la tribu Erumanen Menuvu aux Philippines<\/title>\n<meta name=\"description\" content=\"Il existe environ 200 groupes de peuples indig\u00e8nes dans le monde. Parmi eux, la tribu Erumanen Menuvu, dont les membres re\u00e7oivent un soutien quotidien de la famille Vedruna aux Philippines. C&#039;est pourquoi la communaut\u00e9 leur a rendu hommage le 5 ao\u00fbt dernier \u00e0 l&#039;occasion de la Journ\u00e9e internationale des peuples autochtones.\" \/>\n<meta name=\"robots\" content=\"index, follow, max-snippet:-1, max-image-preview:large, max-video-preview:-1\" \/>\n<link rel=\"canonical\" href=\"https:\/\/vedruna.org\/fr\/celebration-de-la-journee-internationale-des-peuples-autochtones-avec-la-tribu-erumanen-menuvu-aux-philippines\/\" \/>\n<meta property=\"og:locale\" content=\"fr_FR\" \/>\n<meta property=\"og:type\" content=\"article\" \/>\n<meta property=\"og:title\" content=\"Journ\u00e9e internationale des peuples autochtones avec la tribu Erumanen Menuvu aux Philippines\" \/>\n<meta property=\"og:description\" content=\"Il existe environ 200 groupes de peuples indig\u00e8nes dans le monde. Parmi eux, la tribu Erumanen Menuvu, dont les membres re\u00e7oivent un soutien quotidien de la famille Vedruna aux Philippines. C&#039;est pourquoi la communaut\u00e9 leur a rendu hommage le 5 ao\u00fbt dernier \u00e0 l&#039;occasion de la Journ\u00e9e internationale des peuples autochtones.\" \/>\n<meta property=\"og:url\" content=\"https:\/\/vedruna.org\/fr\/celebration-de-la-journee-internationale-des-peuples-autochtones-avec-la-tribu-erumanen-menuvu-aux-philippines\/\" \/>\n<meta property=\"og:site_name\" content=\"Carmelitas de la Caridad Vedruna\" \/>\n<meta property=\"article:published_time\" content=\"2024-09-11T11:43:00+00:00\" \/>\n<meta property=\"article:modified_time\" content=\"2024-09-12T08:08:18+00:00\" \/>\n<meta property=\"og:image\" content=\"https:\/\/vedruna.org\/wp-content\/uploads\/2024\/09\/tribu-Menuvu-Filipinas1.jpg\" \/>\n\t<meta property=\"og:image:width\" content=\"289\" \/>\n\t<meta property=\"og:image:height\" content=\"219\" \/>\n\t<meta property=\"og:image:type\" content=\"image\/jpeg\" \/>\n<meta name=\"author\" content=\"Maria Agustina G\u00f3mez\" \/>\n<meta name=\"twitter:card\" content=\"summary_large_image\" \/>\n<meta name=\"twitter:label1\" content=\"\u00c9crit par\" \/>\n\t<meta name=\"twitter:data1\" content=\"Maria Agustina G\u00f3mez\" \/>\n\t<meta name=\"twitter:label2\" content=\"Dur\u00e9e de lecture estim\u00e9e\" \/>\n\t<meta name=\"twitter:data2\" content=\"2 minutes\" \/>\n<script type=\"application\/ld+json\" class=\"yoast-schema-graph\">{\"@context\":\"https:\\\/\\\/schema.org\",\"@graph\":[{\"@type\":\"Article\",\"@id\":\"https:\\\/\\\/vedruna.org\\\/fr\\\/celebration-de-la-journee-internationale-des-peuples-autochtones-avec-la-tribu-erumanen-menuvu-aux-philippines\\\/#article\",\"isPartOf\":{\"@id\":\"https:\\\/\\\/vedruna.org\\\/fr\\\/celebration-de-la-journee-internationale-des-peuples-autochtones-avec-la-tribu-erumanen-menuvu-aux-philippines\\\/\"},\"author\":{\"name\":\"Maria Agustina G\u00f3mez\",\"@id\":\"https:\\\/\\\/vedruna.org\\\/fr\\\/#\\\/schema\\\/person\\\/95fe789adf27c2831fc5a049c727edf5\"},\"headline\":\"C\u00e9l\u00e9bration de la Journ\u00e9e internationale des peuples autochtones avec la tribu Erumanen Menuvu aux Philippines\",\"datePublished\":\"2024-09-11T11:43:00+00:00\",\"dateModified\":\"2024-09-12T08:08:18+00:00\",\"mainEntityOfPage\":{\"@id\":\"https:\\\/\\\/vedruna.org\\\/fr\\\/celebration-de-la-journee-internationale-des-peuples-autochtones-avec-la-tribu-erumanen-menuvu-aux-philippines\\\/\"},\"wordCount\":362,\"publisher\":{\"@id\":\"https:\\\/\\\/vedruna.org\\\/fr\\\/#organization\"},\"image\":{\"@id\":\"https:\\\/\\\/vedruna.org\\\/fr\\\/celebration-de-la-journee-internationale-des-peuples-autochtones-avec-la-tribu-erumanen-menuvu-aux-philippines\\\/#primaryimage\"},\"thumbnailUrl\":\"https:\\\/\\\/vedruna.org\\\/wp-content\\\/uploads\\\/2024\\\/09\\\/tribu-Menuvu-Filipinas1.jpg\",\"articleSection\":[\"D\u00e9l\u00e9gation des Philippines\",\"Non classifi\u00e9(e)\"],\"inLanguage\":\"fr-FR\"},{\"@type\":\"WebPage\",\"@id\":\"https:\\\/\\\/vedruna.org\\\/fr\\\/celebration-de-la-journee-internationale-des-peuples-autochtones-avec-la-tribu-erumanen-menuvu-aux-philippines\\\/\",\"url\":\"https:\\\/\\\/vedruna.org\\\/fr\\\/celebration-de-la-journee-internationale-des-peuples-autochtones-avec-la-tribu-erumanen-menuvu-aux-philippines\\\/\",\"name\":\"Journ\u00e9e internationale des peuples autochtones avec la tribu Erumanen Menuvu aux Philippines\",\"isPartOf\":{\"@id\":\"https:\\\/\\\/vedruna.org\\\/fr\\\/#website\"},\"primaryImageOfPage\":{\"@id\":\"https:\\\/\\\/vedruna.org\\\/fr\\\/celebration-de-la-journee-internationale-des-peuples-autochtones-avec-la-tribu-erumanen-menuvu-aux-philippines\\\/#primaryimage\"},\"image\":{\"@id\":\"https:\\\/\\\/vedruna.org\\\/fr\\\/celebration-de-la-journee-internationale-des-peuples-autochtones-avec-la-tribu-erumanen-menuvu-aux-philippines\\\/#primaryimage\"},\"thumbnailUrl\":\"https:\\\/\\\/vedruna.org\\\/wp-content\\\/uploads\\\/2024\\\/09\\\/tribu-Menuvu-Filipinas1.jpg\",\"datePublished\":\"2024-09-11T11:43:00+00:00\",\"dateModified\":\"2024-09-12T08:08:18+00:00\",\"description\":\"Il existe environ 200 groupes de peuples indig\u00e8nes dans le monde. Parmi eux, la tribu Erumanen Menuvu, dont les membres re\u00e7oivent un soutien quotidien de la famille Vedruna aux Philippines. C'est pourquoi la communaut\u00e9 leur a rendu hommage le 5 ao\u00fbt dernier \u00e0 l'occasion de la Journ\u00e9e internationale des peuples autochtones.\",\"breadcrumb\":{\"@id\":\"https:\\\/\\\/vedruna.org\\\/fr\\\/celebration-de-la-journee-internationale-des-peuples-autochtones-avec-la-tribu-erumanen-menuvu-aux-philippines\\\/#breadcrumb\"},\"inLanguage\":\"fr-FR\",\"potentialAction\":[{\"@type\":\"ReadAction\",\"target\":[\"https:\\\/\\\/vedruna.org\\\/fr\\\/celebration-de-la-journee-internationale-des-peuples-autochtones-avec-la-tribu-erumanen-menuvu-aux-philippines\\\/\"]}]},{\"@type\":\"ImageObject\",\"inLanguage\":\"fr-FR\",\"@id\":\"https:\\\/\\\/vedruna.org\\\/fr\\\/celebration-de-la-journee-internationale-des-peuples-autochtones-avec-la-tribu-erumanen-menuvu-aux-philippines\\\/#primaryimage\",\"url\":\"https:\\\/\\\/vedruna.org\\\/wp-content\\\/uploads\\\/2024\\\/09\\\/tribu-Menuvu-Filipinas1.jpg\",\"contentUrl\":\"https:\\\/\\\/vedruna.org\\\/wp-content\\\/uploads\\\/2024\\\/09\\\/tribu-Menuvu-Filipinas1.jpg\",\"width\":289,\"height\":219},{\"@type\":\"BreadcrumbList\",\"@id\":\"https:\\\/\\\/vedruna.org\\\/fr\\\/celebration-de-la-journee-internationale-des-peuples-autochtones-avec-la-tribu-erumanen-menuvu-aux-philippines\\\/#breadcrumb\",\"itemListElement\":[{\"@type\":\"ListItem\",\"position\":1,\"name\":\"Portada\",\"item\":\"https:\\\/\\\/vedruna.org\\\/fr\\\/\"},{\"@type\":\"ListItem\",\"position\":2,\"name\":\"C\u00e9l\u00e9bration de la Journ\u00e9e internationale des peuples autochtones avec la tribu Erumanen Menuvu aux Philippines\"}]},{\"@type\":\"WebSite\",\"@id\":\"https:\\\/\\\/vedruna.org\\\/fr\\\/#website\",\"url\":\"https:\\\/\\\/vedruna.org\\\/fr\\\/\",\"name\":\"Carmelitas de la Caridad Vedruna\",\"description\":\"Carmelitas de la caridad\",\"publisher\":{\"@id\":\"https:\\\/\\\/vedruna.org\\\/fr\\\/#organization\"},\"potentialAction\":[{\"@type\":\"SearchAction\",\"target\":{\"@type\":\"EntryPoint\",\"urlTemplate\":\"https:\\\/\\\/vedruna.org\\\/fr\\\/?s={search_term_string}\"},\"query-input\":{\"@type\":\"PropertyValueSpecification\",\"valueRequired\":true,\"valueName\":\"search_term_string\"}}],\"inLanguage\":\"fr-FR\"},{\"@type\":\"Organization\",\"@id\":\"https:\\\/\\\/vedruna.org\\\/fr\\\/#organization\",\"name\":\"Carmelitas de la caridad Vedruna\",\"url\":\"https:\\\/\\\/vedruna.org\\\/fr\\\/\",\"logo\":{\"@type\":\"ImageObject\",\"inLanguage\":\"fr-FR\",\"@id\":\"https:\\\/\\\/vedruna.org\\\/fr\\\/#\\\/schema\\\/logo\\\/image\\\/\",\"url\":\"https:\\\/\\\/vedruna.org\\\/wp-content\\\/uploads\\\/2022\\\/04\\\/LOGO-VEDRUNA-HORIZONTAL.png\",\"contentUrl\":\"https:\\\/\\\/vedruna.org\\\/wp-content\\\/uploads\\\/2022\\\/04\\\/LOGO-VEDRUNA-HORIZONTAL.png\",\"width\":1200,\"height\":463,\"caption\":\"Carmelitas de la caridad Vedruna\"},\"image\":{\"@id\":\"https:\\\/\\\/vedruna.org\\\/fr\\\/#\\\/schema\\\/logo\\\/image\\\/\"}},{\"@type\":\"Person\",\"@id\":\"https:\\\/\\\/vedruna.org\\\/fr\\\/#\\\/schema\\\/person\\\/95fe789adf27c2831fc5a049c727edf5\",\"name\":\"Maria Agustina G\u00f3mez\",\"image\":{\"@type\":\"ImageObject\",\"inLanguage\":\"fr-FR\",\"@id\":\"https:\\\/\\\/secure.gravatar.com\\\/avatar\\\/8af3ece86571c098b978434bbc43b948c403c1ae191f09a04e94f916638ceb2c?s=96&d=mm&r=g\",\"url\":\"https:\\\/\\\/secure.gravatar.com\\\/avatar\\\/8af3ece86571c098b978434bbc43b948c403c1ae191f09a04e94f916638ceb2c?s=96&d=mm&r=g\",\"contentUrl\":\"https:\\\/\\\/secure.gravatar.com\\\/avatar\\\/8af3ece86571c098b978434bbc43b948c403c1ae191f09a04e94f916638ceb2c?s=96&d=mm&r=g\",\"caption\":\"Maria Agustina G\u00f3mez\"},\"url\":\"https:\\\/\\\/vedruna.org\\\/fr\\\/author\\\/agustina-gomez\\\/\"}]}<\/script>\n<!-- \/ Yoast SEO plugin. -->","yoast_head_json":{"title":"Journ\u00e9e internationale des peuples autochtones avec la tribu Erumanen Menuvu aux Philippines","description":"Il existe environ 200 groupes de peuples indig\u00e8nes dans le monde. Parmi eux, la tribu Erumanen Menuvu, dont les membres re\u00e7oivent un soutien quotidien de la famille Vedruna aux Philippines. C'est pourquoi la communaut\u00e9 leur a rendu hommage le 5 ao\u00fbt dernier \u00e0 l'occasion de la Journ\u00e9e internationale des peuples autochtones.","robots":{"index":"index","follow":"follow","max-snippet":"max-snippet:-1","max-image-preview":"max-image-preview:large","max-video-preview":"max-video-preview:-1"},"canonical":"https:\/\/vedruna.org\/fr\/celebration-de-la-journee-internationale-des-peuples-autochtones-avec-la-tribu-erumanen-menuvu-aux-philippines\/","og_locale":"fr_FR","og_type":"article","og_title":"Journ\u00e9e internationale des peuples autochtones avec la tribu Erumanen Menuvu aux Philippines","og_description":"Il existe environ 200 groupes de peuples indig\u00e8nes dans le monde. Parmi eux, la tribu Erumanen Menuvu, dont les membres re\u00e7oivent un soutien quotidien de la famille Vedruna aux Philippines. C'est pourquoi la communaut\u00e9 leur a rendu hommage le 5 ao\u00fbt dernier \u00e0 l'occasion de la Journ\u00e9e internationale des peuples autochtones.","og_url":"https:\/\/vedruna.org\/fr\/celebration-de-la-journee-internationale-des-peuples-autochtones-avec-la-tribu-erumanen-menuvu-aux-philippines\/","og_site_name":"Carmelitas de la Caridad Vedruna","article_published_time":"2024-09-11T11:43:00+00:00","article_modified_time":"2024-09-12T08:08:18+00:00","og_image":[{"width":289,"height":219,"url":"https:\/\/vedruna.org\/wp-content\/uploads\/2024\/09\/tribu-Menuvu-Filipinas1.jpg","type":"image\/jpeg"}],"author":"Maria Agustina G\u00f3mez","twitter_card":"summary_large_image","twitter_misc":{"\u00c9crit par":"Maria Agustina G\u00f3mez","Dur\u00e9e de lecture estim\u00e9e":"2 minutes"},"schema":{"@context":"https:\/\/schema.org","@graph":[{"@type":"Article","@id":"https:\/\/vedruna.org\/fr\/celebration-de-la-journee-internationale-des-peuples-autochtones-avec-la-tribu-erumanen-menuvu-aux-philippines\/#article","isPartOf":{"@id":"https:\/\/vedruna.org\/fr\/celebration-de-la-journee-internationale-des-peuples-autochtones-avec-la-tribu-erumanen-menuvu-aux-philippines\/"},"author":{"name":"Maria Agustina G\u00f3mez","@id":"https:\/\/vedruna.org\/fr\/#\/schema\/person\/95fe789adf27c2831fc5a049c727edf5"},"headline":"C\u00e9l\u00e9bration de la Journ\u00e9e internationale des peuples autochtones avec la tribu Erumanen Menuvu aux Philippines","datePublished":"2024-09-11T11:43:00+00:00","dateModified":"2024-09-12T08:08:18+00:00","mainEntityOfPage":{"@id":"https:\/\/vedruna.org\/fr\/celebration-de-la-journee-internationale-des-peuples-autochtones-avec-la-tribu-erumanen-menuvu-aux-philippines\/"},"wordCount":362,"publisher":{"@id":"https:\/\/vedruna.org\/fr\/#organization"},"image":{"@id":"https:\/\/vedruna.org\/fr\/celebration-de-la-journee-internationale-des-peuples-autochtones-avec-la-tribu-erumanen-menuvu-aux-philippines\/#primaryimage"},"thumbnailUrl":"https:\/\/vedruna.org\/wp-content\/uploads\/2024\/09\/tribu-Menuvu-Filipinas1.jpg","articleSection":["D\u00e9l\u00e9gation des Philippines","Non classifi\u00e9(e)"],"inLanguage":"fr-FR"},{"@type":"WebPage","@id":"https:\/\/vedruna.org\/fr\/celebration-de-la-journee-internationale-des-peuples-autochtones-avec-la-tribu-erumanen-menuvu-aux-philippines\/","url":"https:\/\/vedruna.org\/fr\/celebration-de-la-journee-internationale-des-peuples-autochtones-avec-la-tribu-erumanen-menuvu-aux-philippines\/","name":"Journ\u00e9e internationale des peuples autochtones avec la tribu Erumanen Menuvu aux Philippines","isPartOf":{"@id":"https:\/\/vedruna.org\/fr\/#website"},"primaryImageOfPage":{"@id":"https:\/\/vedruna.org\/fr\/celebration-de-la-journee-internationale-des-peuples-autochtones-avec-la-tribu-erumanen-menuvu-aux-philippines\/#primaryimage"},"image":{"@id":"https:\/\/vedruna.org\/fr\/celebration-de-la-journee-internationale-des-peuples-autochtones-avec-la-tribu-erumanen-menuvu-aux-philippines\/#primaryimage"},"thumbnailUrl":"https:\/\/vedruna.org\/wp-content\/uploads\/2024\/09\/tribu-Menuvu-Filipinas1.jpg","datePublished":"2024-09-11T11:43:00+00:00","dateModified":"2024-09-12T08:08:18+00:00","description":"Il existe environ 200 groupes de peuples indig\u00e8nes dans le monde. Parmi eux, la tribu Erumanen Menuvu, dont les membres re\u00e7oivent un soutien quotidien de la famille Vedruna aux Philippines. C'est pourquoi la communaut\u00e9 leur a rendu hommage le 5 ao\u00fbt dernier \u00e0 l'occasion de la Journ\u00e9e internationale des peuples autochtones.","breadcrumb":{"@id":"https:\/\/vedruna.org\/fr\/celebration-de-la-journee-internationale-des-peuples-autochtones-avec-la-tribu-erumanen-menuvu-aux-philippines\/#breadcrumb"},"inLanguage":"fr-FR","potentialAction":[{"@type":"ReadAction","target":["https:\/\/vedruna.org\/fr\/celebration-de-la-journee-internationale-des-peuples-autochtones-avec-la-tribu-erumanen-menuvu-aux-philippines\/"]}]},{"@type":"ImageObject","inLanguage":"fr-FR","@id":"https:\/\/vedruna.org\/fr\/celebration-de-la-journee-internationale-des-peuples-autochtones-avec-la-tribu-erumanen-menuvu-aux-philippines\/#primaryimage","url":"https:\/\/vedruna.org\/wp-content\/uploads\/2024\/09\/tribu-Menuvu-Filipinas1.jpg","contentUrl":"https:\/\/vedruna.org\/wp-content\/uploads\/2024\/09\/tribu-Menuvu-Filipinas1.jpg","width":289,"height":219},{"@type":"BreadcrumbList","@id":"https:\/\/vedruna.org\/fr\/celebration-de-la-journee-internationale-des-peuples-autochtones-avec-la-tribu-erumanen-menuvu-aux-philippines\/#breadcrumb","itemListElement":[{"@type":"ListItem","position":1,"name":"Portada","item":"https:\/\/vedruna.org\/fr\/"},{"@type":"ListItem","position":2,"name":"C\u00e9l\u00e9bration de la Journ\u00e9e internationale des peuples autochtones avec la tribu Erumanen Menuvu aux Philippines"}]},{"@type":"WebSite","@id":"https:\/\/vedruna.org\/fr\/#website","url":"https:\/\/vedruna.org\/fr\/","name":"Carmelitas de la Caridad Vedruna","description":"Carmelitas de la caridad","publisher":{"@id":"https:\/\/vedruna.org\/fr\/#organization"},"potentialAction":[{"@type":"SearchAction","target":{"@type":"EntryPoint","urlTemplate":"https:\/\/vedruna.org\/fr\/?s={search_term_string}"},"query-input":{"@type":"PropertyValueSpecification","valueRequired":true,"valueName":"search_term_string"}}],"inLanguage":"fr-FR"},{"@type":"Organization","@id":"https:\/\/vedruna.org\/fr\/#organization","name":"Carmelitas de la caridad Vedruna","url":"https:\/\/vedruna.org\/fr\/","logo":{"@type":"ImageObject","inLanguage":"fr-FR","@id":"https:\/\/vedruna.org\/fr\/#\/schema\/logo\/image\/","url":"https:\/\/vedruna.org\/wp-content\/uploads\/2022\/04\/LOGO-VEDRUNA-HORIZONTAL.png","contentUrl":"https:\/\/vedruna.org\/wp-content\/uploads\/2022\/04\/LOGO-VEDRUNA-HORIZONTAL.png","width":1200,"height":463,"caption":"Carmelitas de la caridad Vedruna"},"image":{"@id":"https:\/\/vedruna.org\/fr\/#\/schema\/logo\/image\/"}},{"@type":"Person","@id":"https:\/\/vedruna.org\/fr\/#\/schema\/person\/95fe789adf27c2831fc5a049c727edf5","name":"Maria Agustina G\u00f3mez","image":{"@type":"ImageObject","inLanguage":"fr-FR","@id":"https:\/\/secure.gravatar.com\/avatar\/8af3ece86571c098b978434bbc43b948c403c1ae191f09a04e94f916638ceb2c?s=96&d=mm&r=g","url":"https:\/\/secure.gravatar.com\/avatar\/8af3ece86571c098b978434bbc43b948c403c1ae191f09a04e94f916638ceb2c?s=96&d=mm&r=g","contentUrl":"https:\/\/secure.gravatar.com\/avatar\/8af3ece86571c098b978434bbc43b948c403c1ae191f09a04e94f916638ceb2c?s=96&d=mm&r=g","caption":"Maria Agustina G\u00f3mez"},"url":"https:\/\/vedruna.org\/fr\/author\/agustina-gomez\/"}]}},"_links":{"self":[{"href":"https:\/\/vedruna.org\/fr\/wp-json\/wp\/v2\/posts\/13138","targetHints":{"allow":["GET"]}}],"collection":[{"href":"https:\/\/vedruna.org\/fr\/wp-json\/wp\/v2\/posts"}],"about":[{"href":"https:\/\/vedruna.org\/fr\/wp-json\/wp\/v2\/types\/post"}],"author":[{"embeddable":true,"href":"https:\/\/vedruna.org\/fr\/wp-json\/wp\/v2\/users\/21"}],"replies":[{"embeddable":true,"href":"https:\/\/vedruna.org\/fr\/wp-json\/wp\/v2\/comments?post=13138"}],"version-history":[{"count":1,"href":"https:\/\/vedruna.org\/fr\/wp-json\/wp\/v2\/posts\/13138\/revisions"}],"predecessor-version":[{"id":13139,"href":"https:\/\/vedruna.org\/fr\/wp-json\/wp\/v2\/posts\/13138\/revisions\/13139"}],"wp:featuredmedia":[{"embeddable":true,"href":"https:\/\/vedruna.org\/fr\/wp-json\/wp\/v2\/media\/13132"}],"wp:attachment":[{"href":"https:\/\/vedruna.org\/fr\/wp-json\/wp\/v2\/media?parent=13138"}],"wp:term":[{"taxonomy":"category","embeddable":true,"href":"https:\/\/vedruna.org\/fr\/wp-json\/wp\/v2\/categories?post=13138"},{"taxonomy":"post_tag","embeddable":true,"href":"https:\/\/vedruna.org\/fr\/wp-json\/wp\/v2\/tags?post=13138"}],"curies":[{"name":"wp","href":"https:\/\/api.w.org\/{rel}","templated":true}]}}