{"id":13663,"date":"2024-10-08T12:29:49","date_gmt":"2024-10-08T10:29:49","guid":{"rendered":"https:\/\/vedruna.org\/hommage-a-la-bible-parole-vivante-en-republique-dominicaine\/"},"modified":"2024-10-08T13:37:21","modified_gmt":"2024-10-08T11:37:21","slug":"hommage-a-la-bible-parole-vivante-en-republique-dominicaine","status":"publish","type":"post","link":"https:\/\/vedruna.org\/fr\/hommage-a-la-bible-parole-vivante-en-republique-dominicaine\/","title":{"rendered":"Hommage \u00e0 la Bible, Parole vivante, en R\u00e9publique dominicaine"},"content":{"rendered":"\n<p>Le 27 septembre, Journ\u00e9e nationale de la Bible en R\u00e9publique dominicaine, une activit\u00e9 importante a eu lieu dans le cadre de l&rsquo;acte civique de l&rsquo;Escuela B\u00e1sica Vedruna, avec la participation de l&rsquo;ensemble de la communaut\u00e9 \u00e9ducative.<\/p>\n\n<figure class=\"wp-block-image alignright size-full is-resized\"><img loading=\"lazy\" decoding=\"async\" width=\"720\" height=\"962\" src=\"https:\/\/vedruna.org\/wp-content\/uploads\/2024\/09\/texto-1.jpg\" alt=\"\" class=\"wp-image-13486\" style=\"width:313px;height:auto\" srcset=\"https:\/\/vedruna.org\/wp-content\/uploads\/2024\/09\/texto-1.jpg 720w, https:\/\/vedruna.org\/wp-content\/uploads\/2024\/09\/texto-1-480x641.jpg 480w\" sizes=\"(min-width: 0px) and (max-width: 480px) 480px, (min-width: 481px) 720px, 100vw\" \/><\/figure>\n\n<p>La journ\u00e9e a cl\u00f4tur\u00e9 le triduum par des activit\u00e9s faisant r\u00e9f\u00e9rence \u00e0 la Sainte Bible, o\u00f9 les enfants ont particip\u00e9 \u00e0 des lectures bibliques, des r\u00e9flexions et des chants d&rsquo;animation.<\/p>\n\n<p>L&rsquo;activit\u00e9 s&rsquo;est d\u00e9roul\u00e9e parall\u00e8lement \u00e0 l&rsquo;\u00e9laboration et \u00e0 l&rsquo;exposition de bibles fabriqu\u00e9es par les \u00e9l\u00e8ves, de chansons d&rsquo;animation, de la dramatisation en monologue d&rsquo;une Bible vivante et de danses faisant allusion \u00e0 la Bible. L&rsquo;espace o\u00f9 elle s&rsquo;est d\u00e9roul\u00e9e a \u00e9galement fait l&rsquo;objet d&rsquo;une d\u00e9coration sp\u00e9ciale. <\/p>\n\n<p>Le coin biblique, qui nous a accompagn\u00e9s tout au long du mois de septembre, a \u00e9galement \u00e9t\u00e9 renouvel\u00e9.<\/p>\n\n<p>L&rsquo;objectif a \u00e9t\u00e9 atteint : <strong>promouvoir les valeurs et les connaissances que la Bible nous enseigne en tant que Parole de Dieu<\/strong> qui illumine nos vies et nos actions. Les participants ont \u00e9galement pris conscience de l&rsquo;importance de conna\u00eetre et de lire la Bible, des valeurs qu&rsquo;elle nous offre, ainsi que de l&rsquo;ob\u00e9issance et de la pratique d&rsquo;une vie conforme \u00e0 la volont\u00e9 de Dieu. L&rsquo;atmosph\u00e8re partag\u00e9e \u00e9tait celle de la pri\u00e8re et de la spiritualit\u00e9.  <\/p>\n\n<p>Les enfants ont \u00e9t\u00e9 soutenus par le corps enseignant, l&rsquo;administration, les parents, les tuteurs et les anciens \u00e9l\u00e8ves de l&rsquo;\u00e9cole.<\/p>\n\n<p class=\"has-text-align-right\"><strong>Sr. Cruz Mar\u00eda Reyes, CCV<\/strong><\/p>\n\n<div style=\"height:25px\" aria-hidden=\"true\" class=\"wp-block-spacer\"><\/div>\n\n<figure class=\"wp-block-gallery has-nested-images columns-default is-cropped wp-block-gallery-1 is-layout-flex wp-block-gallery-is-layout-flex\">\n<figure class=\"wp-block-image size-large\"><img loading=\"lazy\" decoding=\"async\" width=\"1024\" height=\"472\" data-id=\"13470\" src=\"https:\/\/vedruna.org\/wp-content\/uploads\/2024\/09\/1-11-1024x472.jpg\" alt=\"\" class=\"wp-image-13470\" srcset=\"https:\/\/vedruna.org\/wp-content\/uploads\/2024\/09\/1-11-980x452.jpg 980w, https:\/\/vedruna.org\/wp-content\/uploads\/2024\/09\/1-11-480x221.jpg 480w\" sizes=\"(min-width: 0px) and (max-width: 480px) 480px, (min-width: 481px) and (max-width: 980px) 980px, (min-width: 981px) 1024px, 100vw\" \/><\/figure>\n\n\n\n<figure class=\"wp-block-image size-large\"><img loading=\"lazy\" decoding=\"async\" width=\"1024\" height=\"576\" data-id=\"13472\" src=\"https:\/\/vedruna.org\/wp-content\/uploads\/2024\/09\/2-1-1024x576.jpg\" alt=\"\" class=\"wp-image-13472\" srcset=\"https:\/\/vedruna.org\/wp-content\/uploads\/2024\/09\/2-1-1024x576.jpg 1024w, https:\/\/vedruna.org\/wp-content\/uploads\/2024\/09\/2-1-980x551.jpg 980w, https:\/\/vedruna.org\/wp-content\/uploads\/2024\/09\/2-1-480x270.jpg 480w\" sizes=\"(min-width: 0px) and (max-width: 480px) 480px, (min-width: 481px) and (max-width: 980px) 980px, (min-width: 981px) 1024px, 100vw\" \/><\/figure>\n\n\n\n<figure class=\"wp-block-image size-large\"><img loading=\"lazy\" decoding=\"async\" width=\"1024\" height=\"472\" data-id=\"13478\" src=\"https:\/\/vedruna.org\/wp-content\/uploads\/2024\/09\/3-1-1024x472.jpg\" alt=\"\" class=\"wp-image-13478\" srcset=\"https:\/\/vedruna.org\/wp-content\/uploads\/2024\/09\/3-1-980x452.jpg 980w, https:\/\/vedruna.org\/wp-content\/uploads\/2024\/09\/3-1-480x221.jpg 480w\" sizes=\"(min-width: 0px) and (max-width: 480px) 480px, (min-width: 481px) and (max-width: 980px) 980px, (min-width: 981px) 1024px, 100vw\" \/><\/figure>\n\n\n\n<figure class=\"wp-block-image size-large\"><img loading=\"lazy\" decoding=\"async\" width=\"1024\" height=\"576\" data-id=\"13482\" src=\"https:\/\/vedruna.org\/wp-content\/uploads\/2024\/09\/4-1-1024x576.jpg\" alt=\"\" class=\"wp-image-13482\" srcset=\"https:\/\/vedruna.org\/wp-content\/uploads\/2024\/09\/4-1-1024x576.jpg 1024w, https:\/\/vedruna.org\/wp-content\/uploads\/2024\/09\/4-1-980x551.jpg 980w, https:\/\/vedruna.org\/wp-content\/uploads\/2024\/09\/4-1-480x270.jpg 480w\" sizes=\"(min-width: 0px) and (max-width: 480px) 480px, (min-width: 481px) and (max-width: 980px) 980px, (min-width: 981px) 1024px, 100vw\" \/><\/figure>\n<\/figure>\n","protected":false},"excerpt":{"rendered":"<p>Le 27 septembre, Journ\u00e9e nationale de la Bible en R\u00e9publique dominicaine, une activit\u00e9 importante a eu lieu dans le cadre de l&rsquo;acte civique de l&rsquo;Escuela B\u00e1sica Vedruna, avec la participation de l&rsquo;ensemble de la communaut\u00e9 \u00e9ducative. La journ\u00e9e a cl\u00f4tur\u00e9 le triduum par des activit\u00e9s faisant r\u00e9f\u00e9rence \u00e0 la Sainte Bible, o\u00f9 les enfants ont [&hellip;]<\/p>\n","protected":false},"author":4,"featured_media":13493,"comment_status":"closed","ping_status":"closed","sticky":false,"template":"","format":"standard","meta":{"_et_pb_use_builder":"","_et_pb_old_content":"","_et_gb_content_width":"","pgc_sgb_lightbox_settings":"","footnotes":""},"categories":[311,419,146],"tags":[],"class_list":["post-13663","post","type-post","status-publish","format-standard","has-post-thumbnail","hentry","category-republique-dominicaine","category-saint-domingue","category-vedrunamerica-fr"],"yoast_head":"<!-- This site is optimized with the Yoast SEO plugin v27.5 - https:\/\/yoast.com\/product\/yoast-seo-wordpress\/ -->\n<title>Hommage \u00e0 la Bible, Parole vivante, en R\u00e9publique dominicaine - Carmelitas de la Caridad Vedruna<\/title>\n<meta name=\"description\" content=\"La communaut\u00e9 \u00e9ducative de l&#039;\u00e9cole fondamentale a organis\u00e9 trois jours d&#039;activit\u00e9s pour honorer la Sainte Bible, Parole de Dieu.\" \/>\n<meta name=\"robots\" content=\"index, follow, max-snippet:-1, max-image-preview:large, max-video-preview:-1\" \/>\n<link rel=\"canonical\" href=\"https:\/\/vedruna.org\/fr\/hommage-a-la-bible-parole-vivante-en-republique-dominicaine\/\" \/>\n<meta property=\"og:locale\" content=\"fr_FR\" \/>\n<meta property=\"og:type\" content=\"article\" \/>\n<meta property=\"og:title\" content=\"Hommage \u00e0 la Bible, Parole vivante, en R\u00e9publique dominicaine - Carmelitas de la Caridad Vedruna\" \/>\n<meta property=\"og:description\" content=\"La communaut\u00e9 \u00e9ducative de l&#039;\u00e9cole fondamentale a organis\u00e9 trois jours d&#039;activit\u00e9s pour honorer la Sainte Bible, Parole de Dieu.\" \/>\n<meta property=\"og:url\" content=\"https:\/\/vedruna.org\/fr\/hommage-a-la-bible-parole-vivante-en-republique-dominicaine\/\" \/>\n<meta property=\"og:site_name\" content=\"Carmelitas de la Caridad Vedruna\" \/>\n<meta property=\"article:published_time\" content=\"2024-10-08T10:29:49+00:00\" \/>\n<meta property=\"article:modified_time\" content=\"2024-10-08T11:37:21+00:00\" \/>\n<meta property=\"og:image\" content=\"https:\/\/vedruna.org\/wp-content\/uploads\/2024\/09\/principal-4.jpg\" \/>\n\t<meta property=\"og:image:width\" content=\"1600\" \/>\n\t<meta property=\"og:image:height\" content=\"738\" \/>\n\t<meta property=\"og:image:type\" content=\"image\/jpeg\" \/>\n<meta name=\"author\" content=\"Comunicaci\u00f3n Vedrunam\u00e9rica\" \/>\n<meta name=\"twitter:card\" content=\"summary_large_image\" \/>\n<meta name=\"twitter:label1\" content=\"\u00c9crit par\" \/>\n\t<meta name=\"twitter:data1\" content=\"Comunicaci\u00f3n Vedrunam\u00e9rica\" \/>\n\t<meta name=\"twitter:label2\" content=\"Dur\u00e9e de lecture estim\u00e9e\" \/>\n\t<meta name=\"twitter:data2\" content=\"1 minute\" \/>\n<script type=\"application\/ld+json\" class=\"yoast-schema-graph\">{\"@context\":\"https:\\\/\\\/schema.org\",\"@graph\":[{\"@type\":\"Article\",\"@id\":\"https:\\\/\\\/vedruna.org\\\/fr\\\/hommage-a-la-bible-parole-vivante-en-republique-dominicaine\\\/#article\",\"isPartOf\":{\"@id\":\"https:\\\/\\\/vedruna.org\\\/fr\\\/hommage-a-la-bible-parole-vivante-en-republique-dominicaine\\\/\"},\"author\":{\"name\":\"Comunicaci\u00f3n Vedrunam\u00e9rica\",\"@id\":\"https:\\\/\\\/vedruna.org\\\/fr\\\/#\\\/schema\\\/person\\\/cf468646189533fb6a3aae475663fdc7\"},\"headline\":\"Hommage \u00e0 la Bible, Parole vivante, en R\u00e9publique dominicaine\",\"datePublished\":\"2024-10-08T10:29:49+00:00\",\"dateModified\":\"2024-10-08T11:37:21+00:00\",\"mainEntityOfPage\":{\"@id\":\"https:\\\/\\\/vedruna.org\\\/fr\\\/hommage-a-la-bible-parole-vivante-en-republique-dominicaine\\\/\"},\"wordCount\":280,\"publisher\":{\"@id\":\"https:\\\/\\\/vedruna.org\\\/fr\\\/#organization\"},\"image\":{\"@id\":\"https:\\\/\\\/vedruna.org\\\/fr\\\/hommage-a-la-bible-parole-vivante-en-republique-dominicaine\\\/#primaryimage\"},\"thumbnailUrl\":\"https:\\\/\\\/vedruna.org\\\/wp-content\\\/uploads\\\/2024\\\/09\\\/principal-4.jpg\",\"articleSection\":[\"R\u00e9publique dominicaine\",\"Saint-Domingue\",\"Vedrunamerica\"],\"inLanguage\":\"fr-FR\"},{\"@type\":\"WebPage\",\"@id\":\"https:\\\/\\\/vedruna.org\\\/fr\\\/hommage-a-la-bible-parole-vivante-en-republique-dominicaine\\\/\",\"url\":\"https:\\\/\\\/vedruna.org\\\/fr\\\/hommage-a-la-bible-parole-vivante-en-republique-dominicaine\\\/\",\"name\":\"Hommage \u00e0 la Bible, Parole vivante, en R\u00e9publique dominicaine - Carmelitas de la Caridad Vedruna\",\"isPartOf\":{\"@id\":\"https:\\\/\\\/vedruna.org\\\/fr\\\/#website\"},\"primaryImageOfPage\":{\"@id\":\"https:\\\/\\\/vedruna.org\\\/fr\\\/hommage-a-la-bible-parole-vivante-en-republique-dominicaine\\\/#primaryimage\"},\"image\":{\"@id\":\"https:\\\/\\\/vedruna.org\\\/fr\\\/hommage-a-la-bible-parole-vivante-en-republique-dominicaine\\\/#primaryimage\"},\"thumbnailUrl\":\"https:\\\/\\\/vedruna.org\\\/wp-content\\\/uploads\\\/2024\\\/09\\\/principal-4.jpg\",\"datePublished\":\"2024-10-08T10:29:49+00:00\",\"dateModified\":\"2024-10-08T11:37:21+00:00\",\"description\":\"La communaut\u00e9 \u00e9ducative de l'\u00e9cole fondamentale a organis\u00e9 trois jours d'activit\u00e9s pour honorer la Sainte Bible, Parole de Dieu.\",\"breadcrumb\":{\"@id\":\"https:\\\/\\\/vedruna.org\\\/fr\\\/hommage-a-la-bible-parole-vivante-en-republique-dominicaine\\\/#breadcrumb\"},\"inLanguage\":\"fr-FR\",\"potentialAction\":[{\"@type\":\"ReadAction\",\"target\":[\"https:\\\/\\\/vedruna.org\\\/fr\\\/hommage-a-la-bible-parole-vivante-en-republique-dominicaine\\\/\"]}]},{\"@type\":\"ImageObject\",\"inLanguage\":\"fr-FR\",\"@id\":\"https:\\\/\\\/vedruna.org\\\/fr\\\/hommage-a-la-bible-parole-vivante-en-republique-dominicaine\\\/#primaryimage\",\"url\":\"https:\\\/\\\/vedruna.org\\\/wp-content\\\/uploads\\\/2024\\\/09\\\/principal-4.jpg\",\"contentUrl\":\"https:\\\/\\\/vedruna.org\\\/wp-content\\\/uploads\\\/2024\\\/09\\\/principal-4.jpg\",\"width\":1600,\"height\":738},{\"@type\":\"BreadcrumbList\",\"@id\":\"https:\\\/\\\/vedruna.org\\\/fr\\\/hommage-a-la-bible-parole-vivante-en-republique-dominicaine\\\/#breadcrumb\",\"itemListElement\":[{\"@type\":\"ListItem\",\"position\":1,\"name\":\"Portada\",\"item\":\"https:\\\/\\\/vedruna.org\\\/fr\\\/\"},{\"@type\":\"ListItem\",\"position\":2,\"name\":\"Hommage \u00e0 la Bible, Parole vivante, en R\u00e9publique dominicaine\"}]},{\"@type\":\"WebSite\",\"@id\":\"https:\\\/\\\/vedruna.org\\\/fr\\\/#website\",\"url\":\"https:\\\/\\\/vedruna.org\\\/fr\\\/\",\"name\":\"Carmelitas de la Caridad Vedruna\",\"description\":\"Carmelitas de la caridad\",\"publisher\":{\"@id\":\"https:\\\/\\\/vedruna.org\\\/fr\\\/#organization\"},\"potentialAction\":[{\"@type\":\"SearchAction\",\"target\":{\"@type\":\"EntryPoint\",\"urlTemplate\":\"https:\\\/\\\/vedruna.org\\\/fr\\\/?s={search_term_string}\"},\"query-input\":{\"@type\":\"PropertyValueSpecification\",\"valueRequired\":true,\"valueName\":\"search_term_string\"}}],\"inLanguage\":\"fr-FR\"},{\"@type\":\"Organization\",\"@id\":\"https:\\\/\\\/vedruna.org\\\/fr\\\/#organization\",\"name\":\"Carmelitas de la caridad Vedruna\",\"url\":\"https:\\\/\\\/vedruna.org\\\/fr\\\/\",\"logo\":{\"@type\":\"ImageObject\",\"inLanguage\":\"fr-FR\",\"@id\":\"https:\\\/\\\/vedruna.org\\\/fr\\\/#\\\/schema\\\/logo\\\/image\\\/\",\"url\":\"https:\\\/\\\/vedruna.org\\\/wp-content\\\/uploads\\\/2022\\\/04\\\/LOGO-VEDRUNA-HORIZONTAL.png\",\"contentUrl\":\"https:\\\/\\\/vedruna.org\\\/wp-content\\\/uploads\\\/2022\\\/04\\\/LOGO-VEDRUNA-HORIZONTAL.png\",\"width\":1200,\"height\":463,\"caption\":\"Carmelitas de la caridad Vedruna\"},\"image\":{\"@id\":\"https:\\\/\\\/vedruna.org\\\/fr\\\/#\\\/schema\\\/logo\\\/image\\\/\"}},{\"@type\":\"Person\",\"@id\":\"https:\\\/\\\/vedruna.org\\\/fr\\\/#\\\/schema\\\/person\\\/cf468646189533fb6a3aae475663fdc7\",\"name\":\"Comunicaci\u00f3n Vedrunam\u00e9rica\",\"image\":{\"@type\":\"ImageObject\",\"inLanguage\":\"fr-FR\",\"@id\":\"https:\\\/\\\/secure.gravatar.com\\\/avatar\\\/b4eff91ff87ece2131a5d31270e1df0a7eeaffece756ce6503fd7dce879d1bfc?s=96&d=mm&r=g\",\"url\":\"https:\\\/\\\/secure.gravatar.com\\\/avatar\\\/b4eff91ff87ece2131a5d31270e1df0a7eeaffece756ce6503fd7dce879d1bfc?s=96&d=mm&r=g\",\"contentUrl\":\"https:\\\/\\\/secure.gravatar.com\\\/avatar\\\/b4eff91ff87ece2131a5d31270e1df0a7eeaffece756ce6503fd7dce879d1bfc?s=96&d=mm&r=g\",\"caption\":\"Comunicaci\u00f3n Vedrunam\u00e9rica\"},\"url\":\"https:\\\/\\\/vedruna.org\\\/fr\\\/author\\\/comunicacion-vedrunamerica\\\/\"}]}<\/script>\n<!-- \/ Yoast SEO plugin. -->","yoast_head_json":{"title":"Hommage \u00e0 la Bible, Parole vivante, en R\u00e9publique dominicaine - Carmelitas de la Caridad Vedruna","description":"La communaut\u00e9 \u00e9ducative de l'\u00e9cole fondamentale a organis\u00e9 trois jours d'activit\u00e9s pour honorer la Sainte Bible, Parole de Dieu.","robots":{"index":"index","follow":"follow","max-snippet":"max-snippet:-1","max-image-preview":"max-image-preview:large","max-video-preview":"max-video-preview:-1"},"canonical":"https:\/\/vedruna.org\/fr\/hommage-a-la-bible-parole-vivante-en-republique-dominicaine\/","og_locale":"fr_FR","og_type":"article","og_title":"Hommage \u00e0 la Bible, Parole vivante, en R\u00e9publique dominicaine - Carmelitas de la Caridad Vedruna","og_description":"La communaut\u00e9 \u00e9ducative de l'\u00e9cole fondamentale a organis\u00e9 trois jours d'activit\u00e9s pour honorer la Sainte Bible, Parole de Dieu.","og_url":"https:\/\/vedruna.org\/fr\/hommage-a-la-bible-parole-vivante-en-republique-dominicaine\/","og_site_name":"Carmelitas de la Caridad Vedruna","article_published_time":"2024-10-08T10:29:49+00:00","article_modified_time":"2024-10-08T11:37:21+00:00","og_image":[{"width":1600,"height":738,"url":"https:\/\/vedruna.org\/wp-content\/uploads\/2024\/09\/principal-4.jpg","type":"image\/jpeg"}],"author":"Comunicaci\u00f3n Vedrunam\u00e9rica","twitter_card":"summary_large_image","twitter_misc":{"\u00c9crit par":"Comunicaci\u00f3n Vedrunam\u00e9rica","Dur\u00e9e de lecture estim\u00e9e":"1 minute"},"schema":{"@context":"https:\/\/schema.org","@graph":[{"@type":"Article","@id":"https:\/\/vedruna.org\/fr\/hommage-a-la-bible-parole-vivante-en-republique-dominicaine\/#article","isPartOf":{"@id":"https:\/\/vedruna.org\/fr\/hommage-a-la-bible-parole-vivante-en-republique-dominicaine\/"},"author":{"name":"Comunicaci\u00f3n Vedrunam\u00e9rica","@id":"https:\/\/vedruna.org\/fr\/#\/schema\/person\/cf468646189533fb6a3aae475663fdc7"},"headline":"Hommage \u00e0 la Bible, Parole vivante, en R\u00e9publique dominicaine","datePublished":"2024-10-08T10:29:49+00:00","dateModified":"2024-10-08T11:37:21+00:00","mainEntityOfPage":{"@id":"https:\/\/vedruna.org\/fr\/hommage-a-la-bible-parole-vivante-en-republique-dominicaine\/"},"wordCount":280,"publisher":{"@id":"https:\/\/vedruna.org\/fr\/#organization"},"image":{"@id":"https:\/\/vedruna.org\/fr\/hommage-a-la-bible-parole-vivante-en-republique-dominicaine\/#primaryimage"},"thumbnailUrl":"https:\/\/vedruna.org\/wp-content\/uploads\/2024\/09\/principal-4.jpg","articleSection":["R\u00e9publique dominicaine","Saint-Domingue","Vedrunamerica"],"inLanguage":"fr-FR"},{"@type":"WebPage","@id":"https:\/\/vedruna.org\/fr\/hommage-a-la-bible-parole-vivante-en-republique-dominicaine\/","url":"https:\/\/vedruna.org\/fr\/hommage-a-la-bible-parole-vivante-en-republique-dominicaine\/","name":"Hommage \u00e0 la Bible, Parole vivante, en R\u00e9publique dominicaine - Carmelitas de la Caridad Vedruna","isPartOf":{"@id":"https:\/\/vedruna.org\/fr\/#website"},"primaryImageOfPage":{"@id":"https:\/\/vedruna.org\/fr\/hommage-a-la-bible-parole-vivante-en-republique-dominicaine\/#primaryimage"},"image":{"@id":"https:\/\/vedruna.org\/fr\/hommage-a-la-bible-parole-vivante-en-republique-dominicaine\/#primaryimage"},"thumbnailUrl":"https:\/\/vedruna.org\/wp-content\/uploads\/2024\/09\/principal-4.jpg","datePublished":"2024-10-08T10:29:49+00:00","dateModified":"2024-10-08T11:37:21+00:00","description":"La communaut\u00e9 \u00e9ducative de l'\u00e9cole fondamentale a organis\u00e9 trois jours d'activit\u00e9s pour honorer la Sainte Bible, Parole de Dieu.","breadcrumb":{"@id":"https:\/\/vedruna.org\/fr\/hommage-a-la-bible-parole-vivante-en-republique-dominicaine\/#breadcrumb"},"inLanguage":"fr-FR","potentialAction":[{"@type":"ReadAction","target":["https:\/\/vedruna.org\/fr\/hommage-a-la-bible-parole-vivante-en-republique-dominicaine\/"]}]},{"@type":"ImageObject","inLanguage":"fr-FR","@id":"https:\/\/vedruna.org\/fr\/hommage-a-la-bible-parole-vivante-en-republique-dominicaine\/#primaryimage","url":"https:\/\/vedruna.org\/wp-content\/uploads\/2024\/09\/principal-4.jpg","contentUrl":"https:\/\/vedruna.org\/wp-content\/uploads\/2024\/09\/principal-4.jpg","width":1600,"height":738},{"@type":"BreadcrumbList","@id":"https:\/\/vedruna.org\/fr\/hommage-a-la-bible-parole-vivante-en-republique-dominicaine\/#breadcrumb","itemListElement":[{"@type":"ListItem","position":1,"name":"Portada","item":"https:\/\/vedruna.org\/fr\/"},{"@type":"ListItem","position":2,"name":"Hommage \u00e0 la Bible, Parole vivante, en R\u00e9publique dominicaine"}]},{"@type":"WebSite","@id":"https:\/\/vedruna.org\/fr\/#website","url":"https:\/\/vedruna.org\/fr\/","name":"Carmelitas de la Caridad Vedruna","description":"Carmelitas de la caridad","publisher":{"@id":"https:\/\/vedruna.org\/fr\/#organization"},"potentialAction":[{"@type":"SearchAction","target":{"@type":"EntryPoint","urlTemplate":"https:\/\/vedruna.org\/fr\/?s={search_term_string}"},"query-input":{"@type":"PropertyValueSpecification","valueRequired":true,"valueName":"search_term_string"}}],"inLanguage":"fr-FR"},{"@type":"Organization","@id":"https:\/\/vedruna.org\/fr\/#organization","name":"Carmelitas de la caridad Vedruna","url":"https:\/\/vedruna.org\/fr\/","logo":{"@type":"ImageObject","inLanguage":"fr-FR","@id":"https:\/\/vedruna.org\/fr\/#\/schema\/logo\/image\/","url":"https:\/\/vedruna.org\/wp-content\/uploads\/2022\/04\/LOGO-VEDRUNA-HORIZONTAL.png","contentUrl":"https:\/\/vedruna.org\/wp-content\/uploads\/2022\/04\/LOGO-VEDRUNA-HORIZONTAL.png","width":1200,"height":463,"caption":"Carmelitas de la caridad Vedruna"},"image":{"@id":"https:\/\/vedruna.org\/fr\/#\/schema\/logo\/image\/"}},{"@type":"Person","@id":"https:\/\/vedruna.org\/fr\/#\/schema\/person\/cf468646189533fb6a3aae475663fdc7","name":"Comunicaci\u00f3n Vedrunam\u00e9rica","image":{"@type":"ImageObject","inLanguage":"fr-FR","@id":"https:\/\/secure.gravatar.com\/avatar\/b4eff91ff87ece2131a5d31270e1df0a7eeaffece756ce6503fd7dce879d1bfc?s=96&d=mm&r=g","url":"https:\/\/secure.gravatar.com\/avatar\/b4eff91ff87ece2131a5d31270e1df0a7eeaffece756ce6503fd7dce879d1bfc?s=96&d=mm&r=g","contentUrl":"https:\/\/secure.gravatar.com\/avatar\/b4eff91ff87ece2131a5d31270e1df0a7eeaffece756ce6503fd7dce879d1bfc?s=96&d=mm&r=g","caption":"Comunicaci\u00f3n Vedrunam\u00e9rica"},"url":"https:\/\/vedruna.org\/fr\/author\/comunicacion-vedrunamerica\/"}]}},"_links":{"self":[{"href":"https:\/\/vedruna.org\/fr\/wp-json\/wp\/v2\/posts\/13663","targetHints":{"allow":["GET"]}}],"collection":[{"href":"https:\/\/vedruna.org\/fr\/wp-json\/wp\/v2\/posts"}],"about":[{"href":"https:\/\/vedruna.org\/fr\/wp-json\/wp\/v2\/types\/post"}],"author":[{"embeddable":true,"href":"https:\/\/vedruna.org\/fr\/wp-json\/wp\/v2\/users\/4"}],"replies":[{"embeddable":true,"href":"https:\/\/vedruna.org\/fr\/wp-json\/wp\/v2\/comments?post=13663"}],"version-history":[{"count":1,"href":"https:\/\/vedruna.org\/fr\/wp-json\/wp\/v2\/posts\/13663\/revisions"}],"predecessor-version":[{"id":13664,"href":"https:\/\/vedruna.org\/fr\/wp-json\/wp\/v2\/posts\/13663\/revisions\/13664"}],"wp:featuredmedia":[{"embeddable":true,"href":"https:\/\/vedruna.org\/fr\/wp-json\/wp\/v2\/media\/13493"}],"wp:attachment":[{"href":"https:\/\/vedruna.org\/fr\/wp-json\/wp\/v2\/media?parent=13663"}],"wp:term":[{"taxonomy":"category","embeddable":true,"href":"https:\/\/vedruna.org\/fr\/wp-json\/wp\/v2\/categories?post=13663"},{"taxonomy":"post_tag","embeddable":true,"href":"https:\/\/vedruna.org\/fr\/wp-json\/wp\/v2\/tags?post=13663"}],"curies":[{"name":"wp","href":"https:\/\/api.w.org\/{rel}","templated":true}]}}