{"id":15750,"date":"2024-12-03T11:26:22","date_gmt":"2024-12-03T10:26:22","guid":{"rendered":"https:\/\/vedruna.org\/esprit-de-famille-et-joie-a-lassemblee-de-la-province-vedruna-dafrique\/"},"modified":"2025-01-06T14:24:22","modified_gmt":"2025-01-06T13:24:22","slug":"esprit-de-famille-et-joie-a-lassemblee-de-la-province-vedruna-dafrique","status":"publish","type":"post","link":"https:\/\/vedruna.org\/fr\/esprit-de-famille-et-joie-a-lassemblee-de-la-province-vedruna-dafrique\/","title":{"rendered":"Esprit de famille et joie lors des Assembl\u00e9es de la Province d&rsquo;Afrique Vedruna"},"content":{"rendered":"\n<p>Depuis le mois de novembre 2024, l&rsquo;\u00c9quipe G\u00e9n\u00e9rale, conduite par la R\u00e9v\u00e9rende S\u0153ur G\u00e9n\u00e9rale, est en visite dans la Province d&rsquo;Afrique. Le but de cette grande et importante visite est de visiter les diff\u00e9rentes communaut\u00e9s de la province, d&rsquo;organiser quelques rencontres avec les s\u0153urs afin de conna\u00eetre plus ou moins parfaitement chacune d&rsquo;elles, \u00e9videmment en parlant et en partageant avec elles pour une meilleure collaboration. Il faut noter que S\u0153ur G\u00e9n\u00e9rale a profit\u00e9 de l&rsquo;occasion pour recevoir les <a href=\"https:\/\/vedruna.org\/fr\/chronique-de-la-visite-de-lequipe-generale-dans-la-province-dafrique-2\/\">v\u0153ux perp\u00e9tuels de S\u0153ur Agn\u00e8s<\/a> pour la premi\u00e8re fois depuis le d\u00e9but de son mandat, l&rsquo;acceptant comme membre d\u00e9finitif de la grande famille, et ces \u00e9v\u00e9nements se sont d\u00e9roul\u00e9s au Togo.<\/p>\n\n\n\n<p>Afin de dynamiser l&rsquo;existence et la pr\u00e9sence r\u00e9elle de notre ch\u00e8re congr\u00e9gation, l&rsquo;\u00e9quipe s&rsquo;est relay\u00e9e pour convoquer une <strong>Assembl\u00e9e g\u00e9n\u00e9rale<\/strong>, d&rsquo;abord au Gabon, puis en R\u00e9publique d\u00e9mocratique du Congo, sous la devise <em>\u00ab\u00a0synodalit\u00e9, leadership partag\u00e9\u00a0\u00bb<\/em>, tir\u00e9e du document du <a href=\"https:\/\/vedruna.org\/download-category\/documento-capitular\/\">chapitre \u00ab\u00a0<em>Rena\u00eetre \u00e0 nouveau\u00a0\u00bb<\/em><\/a>.<\/p>\n\n\n<div class=\"pgc-sgb-cb wp-block-pgcsimplygalleryblock-slider \" data-gallery-id=\"55527904\"style=&quot;min-height:240px&quot;><div class=\"sgb-preloader\" id=\"pr_55527904\">\n\t<div class=\"sgb-square\" style=\"background:#d4d4d4\"><\/div>\n\t<div class=\"sgb-square\" style=\"background:#d4d4d4\"><\/div>\n\t<div class=\"sgb-square\" style=\"background:#d4d4d4\"><\/div>\n\t<div class=\"sgb-square\" style=\"background:#d4d4d4\"><\/div><\/div><div class=\"simply-gallery-amp pgc_sgb_slider \"><noscript><div class=\"sgb-gallery\"><div class=\"sgb-item\"><a href=\"https:\/\/vedruna.org\/wp-content\/uploads\/2024\/12\/WhatsApp-Image-2025-01-02-at-10.31.29.jpeg\"><img decoding=\"async\" alt=\"\" width=\"300\" height=\"225\" loading=\"lazy\" src=\"https:\/\/vedruna.org\/wp-content\/uploads\/2024\/12\/WhatsApp-Image-2025-01-02-at-10.31.29-300x225.jpeg\" srcset=\"https:\/\/vedruna.org\/wp-content\/uploads\/2024\/12\/WhatsApp-Image-2025-01-02-at-10.31.29-300x225.jpeg 300w,https:\/\/vedruna.org\/wp-content\/uploads\/2024\/12\/WhatsApp-Image-2025-01-02-at-10.31.29.jpeg 761w\" sizes=\"250px\"\/><\/a><\/div><div class=\"sgb-item\"><a href=\"https:\/\/vedruna.org\/wp-content\/uploads\/2024\/12\/WhatsApp-Image-2025-01-02-at-10.36.00-1.jpeg\"><img decoding=\"async\" alt=\"\" width=\"225\" height=\"300\" loading=\"lazy\" src=\"https:\/\/vedruna.org\/wp-content\/uploads\/2024\/12\/WhatsApp-Image-2025-01-02-at-10.36.00-1-225x300.jpeg\" srcset=\"https:\/\/vedruna.org\/wp-content\/uploads\/2024\/12\/WhatsApp-Image-2025-01-02-at-10.36.00-1-225x300.jpeg 225w,https:\/\/vedruna.org\/wp-content\/uploads\/2024\/12\/WhatsApp-Image-2025-01-02-at-10.36.00-1.jpeg 710w\" sizes=\"250px\"\/><\/a><\/div><div class=\"sgb-item\"><a href=\"https:\/\/vedruna.org\/wp-content\/uploads\/2024\/12\/WhatsApp-Image-2025-01-02-at-10.31.48.jpeg\"><img decoding=\"async\" alt=\"\" width=\"300\" height=\"225\" loading=\"lazy\" src=\"https:\/\/vedruna.org\/wp-content\/uploads\/2024\/12\/WhatsApp-Image-2025-01-02-at-10.31.48-300x225.jpeg\" srcset=\"https:\/\/vedruna.org\/wp-content\/uploads\/2024\/12\/WhatsApp-Image-2025-01-02-at-10.31.48-300x225.jpeg 300w,https:\/\/vedruna.org\/wp-content\/uploads\/2024\/12\/WhatsApp-Image-2025-01-02-at-10.31.48-1024x768.jpeg 1024w,https:\/\/vedruna.org\/wp-content\/uploads\/2024\/12\/WhatsApp-Image-2025-01-02-at-10.31.48.jpeg 1032w\" sizes=\"250px\"\/><\/a><\/div><div class=\"sgb-item\"><a href=\"https:\/\/vedruna.org\/wp-content\/uploads\/2024\/12\/WhatsApp-Image-2025-01-02-at-10.36.00.jpeg\"><img decoding=\"async\" alt=\"\" width=\"300\" height=\"262\" loading=\"lazy\" src=\"https:\/\/vedruna.org\/wp-content\/uploads\/2024\/12\/WhatsApp-Image-2025-01-02-at-10.36.00-300x262.jpeg\" srcset=\"https:\/\/vedruna.org\/wp-content\/uploads\/2024\/12\/WhatsApp-Image-2025-01-02-at-10.36.00-300x262.jpeg 300w,https:\/\/vedruna.org\/wp-content\/uploads\/2024\/12\/WhatsApp-Image-2025-01-02-at-10.36.00.jpeg 860w\" sizes=\"250px\"\/><\/a><\/div><div class=\"sgb-item\"><a href=\"https:\/\/vedruna.org\/wp-content\/uploads\/2024\/12\/Com-kolokoso.jpeg\"><img decoding=\"async\" alt=\"\" width=\"225\" height=\"300\" loading=\"lazy\" src=\"https:\/\/vedruna.org\/wp-content\/uploads\/2024\/12\/Com-kolokoso-225x300.jpeg\" srcset=\"https:\/\/vedruna.org\/wp-content\/uploads\/2024\/12\/Com-kolokoso-225x300.jpeg 225w,https:\/\/vedruna.org\/wp-content\/uploads\/2024\/12\/Com-kolokoso.jpeg 599w\" sizes=\"250px\"\/><\/a><\/div><div class=\"sgb-item\"><a href=\"https:\/\/vedruna.org\/wp-content\/uploads\/2024\/12\/Com-ndjili.jpeg\"><img decoding=\"async\" alt=\"\" width=\"225\" height=\"300\" loading=\"lazy\" src=\"https:\/\/vedruna.org\/wp-content\/uploads\/2024\/12\/Com-ndjili-225x300.jpeg\" srcset=\"https:\/\/vedruna.org\/wp-content\/uploads\/2024\/12\/Com-ndjili-225x300.jpeg 225w,https:\/\/vedruna.org\/wp-content\/uploads\/2024\/12\/Com-ndjili.jpeg 652w\" sizes=\"250px\"\/><\/a><\/div><div class=\"sgb-item\"><a href=\"https:\/\/vedruna.org\/wp-content\/uploads\/2024\/12\/Com-kingungi.jpeg\"><img decoding=\"async\" alt=\"\" width=\"225\" height=\"300\" loading=\"lazy\" src=\"https:\/\/vedruna.org\/wp-content\/uploads\/2024\/12\/Com-kingungi-225x300.jpeg\" srcset=\"https:\/\/vedruna.org\/wp-content\/uploads\/2024\/12\/Com-kingungi-225x300.jpeg 225w,https:\/\/vedruna.org\/wp-content\/uploads\/2024\/12\/Com-kingungi.jpeg 625w\" sizes=\"250px\"\/><\/a><\/div><div class=\"sgb-item\"><a href=\"https:\/\/vedruna.org\/wp-content\/uploads\/2024\/12\/WhatsApp-Image-2025-01-02-at-10.59.27.jpeg\"><img decoding=\"async\" alt=\"\" width=\"300\" height=\"225\" loading=\"lazy\" src=\"https:\/\/vedruna.org\/wp-content\/uploads\/2024\/12\/WhatsApp-Image-2025-01-02-at-10.59.27-300x225.jpeg\" srcset=\"https:\/\/vedruna.org\/wp-content\/uploads\/2024\/12\/WhatsApp-Image-2025-01-02-at-10.59.27-300x225.jpeg 300w,https:\/\/vedruna.org\/wp-content\/uploads\/2024\/12\/WhatsApp-Image-2025-01-02-at-10.59.27.jpeg 1000w\" sizes=\"250px\"\/><\/a><\/div><\/div><\/noscript><\/div><script type=\"application\/json\" class=\"sgb-data\">{\"externalLink\":false,\"captions\":false,\"collectionThumbSubMenuDownload\":false,\"collectionThumbSubMenuShare\":false,\"sliderMaxHeight\":240,\"sliderAdminWidth\":823,\"responsiveHeight\":true,\"collectionColumns\":4,\"autoPlay\":true,\"galleryType\":\"pgc_sgb_slider\",\"galleryId\":\"55527904\",\"images\":[{\"id\":17381,\"title\":\"WhatsApp Image 2025-01-02 at 10.31.29\",\"url\":\"https:\/\/vedruna.org\/wp-content\/uploads\/2024\/12\/WhatsApp-Image-2025-01-02-at-10.31.29.jpeg\",\"link\":\"https:\/\/vedruna.org\/fr\/esprit-de-famille-et-joie-a-lassemblee-de-la-province-vedruna-dafrique\/whatsapp-image-2025-01-02-at-10-31-29-2\/\",\"alt\":\"\",\"description\":\"\",\"caption\":\"\",\"mime\":\"image\/jpeg\",\"type\":\"image\",\"width\":761,\"height\":570,\"sizes\":{\"thumbnail\":{\"height\":150,\"width\":150,\"url\":\"https:\/\/vedruna.org\/wp-content\/uploads\/2024\/12\/WhatsApp-Image-2025-01-02-at-10.31.29-150x150.jpeg\",\"orientation\":\"landscape\"},\"medium\":{\"height\":225,\"width\":300,\"url\":\"https:\/\/vedruna.org\/wp-content\/uploads\/2024\/12\/WhatsApp-Image-2025-01-02-at-10.31.29-300x225.jpeg\",\"orientation\":\"landscape\"},\"full\":{\"url\":\"https:\/\/vedruna.org\/wp-content\/uploads\/2024\/12\/WhatsApp-Image-2025-01-02-at-10.31.29.jpeg\",\"height\":570,\"width\":761,\"orientation\":\"landscape\"}},\"imageMeta\":{\"aperture\":\"0\",\"credit\":\"\",\"camera\":\"\",\"caption\":\"\",\"created_timestamp\":\"0\",\"copyright\":\"\",\"focal_length\":\"0\",\"iso\":\"0\",\"shutter_speed\":\"0\",\"title\":\"\",\"orientation\":\"0\",\"keywords\":[]},\"meta\":false},{\"id\":17385,\"title\":\"WhatsApp Image 2025-01-02 at 10.36.00 (1)\",\"url\":\"https:\/\/vedruna.org\/wp-content\/uploads\/2024\/12\/WhatsApp-Image-2025-01-02-at-10.36.00-1.jpeg\",\"link\":\"https:\/\/vedruna.org\/fr\/esprit-de-famille-et-joie-a-lassemblee-de-la-province-vedruna-dafrique\/whatsapp-image-2025-01-02-at-10-36-00-1-2\/\",\"alt\":\"\",\"description\":\"\",\"caption\":\"\",\"mime\":\"image\/jpeg\",\"type\":\"image\",\"width\":710,\"height\":946,\"sizes\":{\"thumbnail\":{\"height\":150,\"width\":150,\"url\":\"https:\/\/vedruna.org\/wp-content\/uploads\/2024\/12\/WhatsApp-Image-2025-01-02-at-10.36.00-1-150x150.jpeg\",\"orientation\":\"landscape\"},\"medium\":{\"height\":300,\"width\":225,\"url\":\"https:\/\/vedruna.org\/wp-content\/uploads\/2024\/12\/WhatsApp-Image-2025-01-02-at-10.36.00-1-225x300.jpeg\",\"orientation\":\"portrait\"},\"full\":{\"url\":\"https:\/\/vedruna.org\/wp-content\/uploads\/2024\/12\/WhatsApp-Image-2025-01-02-at-10.36.00-1.jpeg\",\"height\":946,\"width\":710,\"orientation\":\"portrait\"}},\"imageMeta\":{\"aperture\":\"0\",\"credit\":\"\",\"camera\":\"\",\"caption\":\"\",\"created_timestamp\":\"0\",\"copyright\":\"\",\"focal_length\":\"0\",\"iso\":\"0\",\"shutter_speed\":\"0\",\"title\":\"\",\"orientation\":\"0\",\"keywords\":[]},\"meta\":false},{\"id\":17389,\"title\":\"WhatsApp Image 2025-01-02 at 10.31.48\",\"url\":\"https:\/\/vedruna.org\/wp-content\/uploads\/2024\/12\/WhatsApp-Image-2025-01-02-at-10.31.48.jpeg\",\"link\":\"https:\/\/vedruna.org\/fr\/esprit-de-famille-et-joie-a-lassemblee-de-la-province-vedruna-dafrique\/whatsapp-image-2025-01-02-at-10-31-48-2\/\",\"alt\":\"\",\"description\":\"\",\"caption\":\"\",\"mime\":\"image\/jpeg\",\"type\":\"image\",\"width\":1032,\"height\":774,\"sizes\":{\"thumbnail\":{\"height\":150,\"width\":150,\"url\":\"https:\/\/vedruna.org\/wp-content\/uploads\/2024\/12\/WhatsApp-Image-2025-01-02-at-10.31.48-150x150.jpeg\",\"orientation\":\"landscape\"},\"medium\":{\"height\":225,\"width\":300,\"url\":\"https:\/\/vedruna.org\/wp-content\/uploads\/2024\/12\/WhatsApp-Image-2025-01-02-at-10.31.48-300x225.jpeg\",\"orientation\":\"landscape\"},\"large\":{\"height\":768,\"width\":1024,\"url\":\"https:\/\/vedruna.org\/wp-content\/uploads\/2024\/12\/WhatsApp-Image-2025-01-02-at-10.31.48-1024x768.jpeg\",\"orientation\":\"landscape\"},\"full\":{\"url\":\"https:\/\/vedruna.org\/wp-content\/uploads\/2024\/12\/WhatsApp-Image-2025-01-02-at-10.31.48.jpeg\",\"height\":774,\"width\":1032,\"orientation\":\"landscape\"}},\"imageMeta\":{\"aperture\":\"0\",\"credit\":\"\",\"camera\":\"\",\"caption\":\"\",\"created_timestamp\":\"0\",\"copyright\":\"\",\"focal_length\":\"0\",\"iso\":\"0\",\"shutter_speed\":\"0\",\"title\":\"\",\"orientation\":\"0\",\"keywords\":[]},\"meta\":false},{\"id\":17393,\"title\":\"WhatsApp Image 2025-01-02 at 10.36.00\",\"url\":\"https:\/\/vedruna.org\/wp-content\/uploads\/2024\/12\/WhatsApp-Image-2025-01-02-at-10.36.00.jpeg\",\"link\":\"https:\/\/vedruna.org\/fr\/esprit-de-famille-et-joie-a-lassemblee-de-la-province-vedruna-dafrique\/whatsapp-image-2025-01-02-at-10-36-00-2\/\",\"alt\":\"\",\"description\":\"\",\"caption\":\"\",\"mime\":\"image\/jpeg\",\"type\":\"image\",\"width\":860,\"height\":750,\"sizes\":{\"thumbnail\":{\"height\":150,\"width\":150,\"url\":\"https:\/\/vedruna.org\/wp-content\/uploads\/2024\/12\/WhatsApp-Image-2025-01-02-at-10.36.00-150x150.jpeg\",\"orientation\":\"landscape\"},\"medium\":{\"height\":262,\"width\":300,\"url\":\"https:\/\/vedruna.org\/wp-content\/uploads\/2024\/12\/WhatsApp-Image-2025-01-02-at-10.36.00-300x262.jpeg\",\"orientation\":\"landscape\"},\"full\":{\"url\":\"https:\/\/vedruna.org\/wp-content\/uploads\/2024\/12\/WhatsApp-Image-2025-01-02-at-10.36.00.jpeg\",\"height\":750,\"width\":860,\"orientation\":\"landscape\"}},\"imageMeta\":{\"aperture\":\"0\",\"credit\":\"\",\"camera\":\"\",\"caption\":\"\",\"created_timestamp\":\"0\",\"copyright\":\"\",\"focal_length\":\"0\",\"iso\":\"0\",\"shutter_speed\":\"0\",\"title\":\"\",\"orientation\":\"0\",\"keywords\":[]},\"meta\":false},{\"id\":17331,\"title\":\"Com kolokoso\",\"url\":\"https:\/\/vedruna.org\/wp-content\/uploads\/2024\/12\/Com-kolokoso.jpeg\",\"link\":\"https:\/\/vedruna.org\/fr\/esprit-de-famille-et-joie-a-lassemblee-de-la-province-vedruna-dafrique\/com-kolokoso-2\/\",\"alt\":\"\",\"description\":\"\",\"caption\":\"\",\"mime\":\"image\/jpeg\",\"type\":\"image\",\"width\":599,\"height\":798,\"sizes\":{\"thumbnail\":{\"height\":150,\"width\":150,\"url\":\"https:\/\/vedruna.org\/wp-content\/uploads\/2024\/12\/Com-kolokoso-150x150.jpeg\",\"orientation\":\"landscape\"},\"medium\":{\"height\":300,\"width\":225,\"url\":\"https:\/\/vedruna.org\/wp-content\/uploads\/2024\/12\/Com-kolokoso-225x300.jpeg\",\"orientation\":\"portrait\"},\"full\":{\"url\":\"https:\/\/vedruna.org\/wp-content\/uploads\/2024\/12\/Com-kolokoso.jpeg\",\"height\":798,\"width\":599,\"orientation\":\"portrait\"}},\"imageMeta\":{\"aperture\":\"0\",\"credit\":\"\",\"camera\":\"\",\"caption\":\"\",\"created_timestamp\":\"0\",\"copyright\":\"\",\"focal_length\":\"0\",\"iso\":\"0\",\"shutter_speed\":\"0\",\"title\":\"\",\"orientation\":\"0\",\"keywords\":[]},\"meta\":false},{\"id\":17335,\"title\":\"Com n'djili\",\"url\":\"https:\/\/vedruna.org\/wp-content\/uploads\/2024\/12\/Com-ndjili.jpeg\",\"link\":\"https:\/\/vedruna.org\/fr\/esprit-de-famille-et-joie-a-lassemblee-de-la-province-vedruna-dafrique\/com-ndjili-2\/\",\"alt\":\"\",\"description\":\"\",\"caption\":\"\",\"mime\":\"image\/jpeg\",\"type\":\"image\",\"width\":652,\"height\":871,\"sizes\":{\"thumbnail\":{\"height\":150,\"width\":150,\"url\":\"https:\/\/vedruna.org\/wp-content\/uploads\/2024\/12\/Com-ndjili-150x150.jpeg\",\"orientation\":\"landscape\"},\"medium\":{\"height\":300,\"width\":225,\"url\":\"https:\/\/vedruna.org\/wp-content\/uploads\/2024\/12\/Com-ndjili-225x300.jpeg\",\"orientation\":\"portrait\"},\"full\":{\"url\":\"https:\/\/vedruna.org\/wp-content\/uploads\/2024\/12\/Com-ndjili.jpeg\",\"height\":871,\"width\":652,\"orientation\":\"portrait\"}},\"imageMeta\":{\"aperture\":\"0\",\"credit\":\"\",\"camera\":\"\",\"caption\":\"\",\"created_timestamp\":\"0\",\"copyright\":\"\",\"focal_length\":\"0\",\"iso\":\"0\",\"shutter_speed\":\"0\",\"title\":\"\",\"orientation\":\"0\",\"keywords\":[]},\"meta\":false},{\"id\":17327,\"title\":\"Com kingungi\",\"url\":\"https:\/\/vedruna.org\/wp-content\/uploads\/2024\/12\/Com-kingungi.jpeg\",\"link\":\"https:\/\/vedruna.org\/fr\/esprit-de-famille-et-joie-a-lassemblee-de-la-province-vedruna-dafrique\/com-kingungi-2\/\",\"alt\":\"\",\"description\":\"\",\"caption\":\"\",\"mime\":\"image\/jpeg\",\"type\":\"image\",\"width\":625,\"height\":835,\"sizes\":{\"thumbnail\":{\"height\":150,\"width\":150,\"url\":\"https:\/\/vedruna.org\/wp-content\/uploads\/2024\/12\/Com-kingungi-150x150.jpeg\",\"orientation\":\"landscape\"},\"medium\":{\"height\":300,\"width\":225,\"url\":\"https:\/\/vedruna.org\/wp-content\/uploads\/2024\/12\/Com-kingungi-225x300.jpeg\",\"orientation\":\"portrait\"},\"full\":{\"url\":\"https:\/\/vedruna.org\/wp-content\/uploads\/2024\/12\/Com-kingungi.jpeg\",\"height\":835,\"width\":625,\"orientation\":\"portrait\"}},\"imageMeta\":{\"aperture\":\"0\",\"credit\":\"\",\"camera\":\"\",\"caption\":\"\",\"created_timestamp\":\"0\",\"copyright\":\"\",\"focal_length\":\"0\",\"iso\":\"0\",\"shutter_speed\":\"0\",\"title\":\"\",\"orientation\":\"0\",\"keywords\":[]},\"meta\":false},{\"id\":17339,\"title\":\"WhatsApp Image 2025-01-02 at 10.59.27\",\"url\":\"https:\/\/vedruna.org\/wp-content\/uploads\/2024\/12\/WhatsApp-Image-2025-01-02-at-10.59.27.jpeg\",\"link\":\"https:\/\/vedruna.org\/fr\/esprit-de-famille-et-joie-a-lassemblee-de-la-province-vedruna-dafrique\/whatsapp-image-2025-01-02-at-10-59-27-2\/\",\"alt\":\"\",\"description\":\"\",\"caption\":\"\",\"mime\":\"image\/jpeg\",\"type\":\"image\",\"width\":1000,\"height\":750,\"sizes\":{\"thumbnail\":{\"height\":150,\"width\":150,\"url\":\"https:\/\/vedruna.org\/wp-content\/uploads\/2024\/12\/WhatsApp-Image-2025-01-02-at-10.59.27-150x150.jpeg\",\"orientation\":\"landscape\"},\"medium\":{\"height\":225,\"width\":300,\"url\":\"https:\/\/vedruna.org\/wp-content\/uploads\/2024\/12\/WhatsApp-Image-2025-01-02-at-10.59.27-300x225.jpeg\",\"orientation\":\"landscape\"},\"full\":{\"url\":\"https:\/\/vedruna.org\/wp-content\/uploads\/2024\/12\/WhatsApp-Image-2025-01-02-at-10.59.27.jpeg\",\"height\":750,\"width\":1000,\"orientation\":\"landscape\"}},\"imageMeta\":{\"aperture\":\"0\",\"credit\":\"\",\"camera\":\"\",\"caption\":\"\",\"created_timestamp\":\"0\",\"copyright\":\"\",\"focal_length\":\"0\",\"iso\":\"0\",\"shutter_speed\":\"0\",\"title\":\"\",\"orientation\":\"0\",\"keywords\":[]},\"meta\":false}],\"itemsMetaDataCollection\":[]}<\/script><script>(function(){if(window.PGC_SGB && window.PGC_SGB.searcher){window.PGC_SGB.searcher.initBlocks()}})()<\/script><\/div>\n\n\n<hr class=\"wp-block-separator has-alpha-channel-opacity\"\/>\n\n\n\n<div style=\"height:25px\" aria-hidden=\"true\" class=\"wp-block-spacer\"><\/div>\n\n\n\n<h2 class=\"wp-block-heading\">Premi\u00e8re Assembl\u00e9e au Gabon<\/h2>\n\n\n\n<p>L&rsquo;<strong>Assembl\u00e9e de la Province Vedruna d&rsquo;Afrique<\/strong> s&rsquo;est tenue \u00e0 Libreville, capitale du Gabon, du 23 au 25 novembre 2024. Les s\u0153urs de <strong>Guin\u00e9e \u00e9quatoriale, du Togo et du Gabon<\/strong> y ont particip\u00e9 avec pour th\u00e8me principal \u00ab\u00a0Na\u00eetre \u00e0 nouveau\u00a0\u00bb.  <\/p>\n\n\n\n<p>Le premier jour, la s\u0153ur provinciale Marguerite Bima a accueilli l&rsquo;\u00e9quipe g\u00e9n\u00e9rale en exprimant sa joie et sa gratitude pour sa pr\u00e9sence en Afrique. S\u0153ur Maguy Bwandala a ensuite anim\u00e9 une pri\u00e8re tout en pr\u00e9sentant les symboles :   <\/p>\n\n\n\n<ul class=\"wp-block-list\">\n<li>une bougie allum\u00e9e : la lumi\u00e8re du Christ sur notre chemin<\/li>\n\n\n\n<li>les sandales : elles prot\u00e8gent nos pieds et sont un signe d&rsquo;humilit\u00e9 lorsque l&rsquo;on s&rsquo;approche des autres.<\/li>\n\n\n\n<li>le b\u00e2ton de marche : notre soutien pour continuer \u00e0 marcher.  <\/li>\n<\/ul>\n\n\n\n<blockquote class=\"wp-block-quote has-medium-font-size is-layout-flow wp-block-quote-is-layout-flow\">\n<p>J\u00e9sus est notre soutien par excellence pour poursuivre la mission.  <\/p>\n<\/blockquote>\n\n\n\n<p>S\u0153ur G\u00e9n\u00e9rale Maria Teresa Cuervo a pris la parole pour exprimer sa joie de la d\u00e9couverte de l&rsquo;Afrique, de la beaut\u00e9 des paysages, de la joie des gens et surtout de la d\u00e9couverte des communaut\u00e9s et de leurs missions.  <\/p>\n\n\n<div class=\"pgc-sgb-cb wp-block-pgcsimplygalleryblock-slider \" data-gallery-id=\"19040419\"style=&quot;min-height:280px&quot;><div class=\"sgb-preloader\" id=\"pr_19040419\">\n\t<div class=\"sgb-square\" style=\"background:#d4d4d4\"><\/div>\n\t<div class=\"sgb-square\" style=\"background:#d4d4d4\"><\/div>\n\t<div class=\"sgb-square\" style=\"background:#d4d4d4\"><\/div>\n\t<div class=\"sgb-square\" style=\"background:#d4d4d4\"><\/div><\/div><div class=\"simply-gallery-amp pgc_sgb_slider \"><noscript><div class=\"sgb-gallery\"><div class=\"sgb-item\"><a href=\"https:\/\/vedruna.org\/cronica-del-viaje-del-equipo-general-a-la-provincia-de-africa-2\/img_20241123_094211110\/\" target=\"_blank\"><img decoding=\"async\" alt=\"\" width=\"300\" height=\"225\" loading=\"lazy\" src=\"https:\/\/vedruna.org\/wp-content\/uploads\/2024\/11\/IMG_20241123_094211110-300x225.jpg\" srcset=\"https:\/\/vedruna.org\/wp-content\/uploads\/2024\/11\/IMG_20241123_094211110-300x225.jpg 300w,https:\/\/vedruna.org\/wp-content\/uploads\/2024\/11\/IMG_20241123_094211110-1024x768.jpg 1024w,https:\/\/vedruna.org\/wp-content\/uploads\/2024\/11\/IMG_20241123_094211110-scaled.jpg 2560w\" sizes=\"250px\"\/><\/a><\/div><div class=\"sgb-item\"><a href=\"https:\/\/vedruna.org\/cronica-del-viaje-del-equipo-general-a-la-provincia-de-africa-2\/img_20241123_111509567_hdr\/\" target=\"_blank\"><img decoding=\"async\" alt=\"\" width=\"300\" height=\"225\" loading=\"lazy\" src=\"https:\/\/vedruna.org\/wp-content\/uploads\/2024\/11\/IMG_20241123_111509567_HDR-300x225.jpg\" srcset=\"https:\/\/vedruna.org\/wp-content\/uploads\/2024\/11\/IMG_20241123_111509567_HDR-300x225.jpg 300w,https:\/\/vedruna.org\/wp-content\/uploads\/2024\/11\/IMG_20241123_111509567_HDR-1024x768.jpg 1024w,https:\/\/vedruna.org\/wp-content\/uploads\/2024\/11\/IMG_20241123_111509567_HDR-scaled.jpg 2560w\" sizes=\"250px\"\/><\/a><\/div><div class=\"sgb-item\"><a href=\"https:\/\/vedruna.org\/cronica-del-viaje-del-equipo-general-a-la-provincia-de-africa-2\/img_20241123_094220581\/\" target=\"_blank\"><img decoding=\"async\" alt=\"\" width=\"300\" height=\"225\" loading=\"lazy\" src=\"https:\/\/vedruna.org\/wp-content\/uploads\/2024\/11\/IMG_20241123_094220581-300x225.jpg\" srcset=\"https:\/\/vedruna.org\/wp-content\/uploads\/2024\/11\/IMG_20241123_094220581-300x225.jpg 300w,https:\/\/vedruna.org\/wp-content\/uploads\/2024\/11\/IMG_20241123_094220581-1024x768.jpg 1024w,https:\/\/vedruna.org\/wp-content\/uploads\/2024\/11\/IMG_20241123_094220581-scaled.jpg 2560w\" sizes=\"250px\"\/><\/a><\/div><div class=\"sgb-item\"><a href=\"https:\/\/vedruna.org\/cronica-del-viaje-del-equipo-general-a-la-provincia-de-africa-2\/img_20241123_111600749_hdr\/\" target=\"_blank\"><img decoding=\"async\" alt=\"\" width=\"300\" height=\"225\" loading=\"lazy\" src=\"https:\/\/vedruna.org\/wp-content\/uploads\/2024\/11\/IMG_20241123_111600749_HDR-300x225.jpg\" srcset=\"https:\/\/vedruna.org\/wp-content\/uploads\/2024\/11\/IMG_20241123_111600749_HDR-300x225.jpg 300w,https:\/\/vedruna.org\/wp-content\/uploads\/2024\/11\/IMG_20241123_111600749_HDR-1024x768.jpg 1024w,https:\/\/vedruna.org\/wp-content\/uploads\/2024\/11\/IMG_20241123_111600749_HDR-scaled.jpg 2560w\" sizes=\"250px\"\/><\/a><\/div><div class=\"sgb-item\"><a href=\"https:\/\/vedruna.org\/cronica-del-viaje-del-equipo-general-a-la-provincia-de-africa-2\/img_20241123_094306072\/\" target=\"_blank\"><img decoding=\"async\" alt=\"\" width=\"300\" height=\"225\" loading=\"lazy\" src=\"https:\/\/vedruna.org\/wp-content\/uploads\/2024\/11\/IMG_20241123_094306072-300x225.jpg\" srcset=\"https:\/\/vedruna.org\/wp-content\/uploads\/2024\/11\/IMG_20241123_094306072-300x225.jpg 300w,https:\/\/vedruna.org\/wp-content\/uploads\/2024\/11\/IMG_20241123_094306072-1024x768.jpg 1024w,https:\/\/vedruna.org\/wp-content\/uploads\/2024\/11\/IMG_20241123_094306072-scaled.jpg 2560w\" sizes=\"250px\"\/><\/a><\/div><div class=\"sgb-item\"><a href=\"https:\/\/vedruna.org\/cronica-del-viaje-del-equipo-general-a-la-provincia-de-africa-2\/img_20241123_094312250_burst000_cover_top2\/\" target=\"_blank\"><img decoding=\"async\" alt=\"\" width=\"300\" height=\"264\" loading=\"lazy\" src=\"https:\/\/vedruna.org\/wp-content\/uploads\/2024\/11\/IMG_20241123_094312250_BURST000_COVER_TOP2-300x264.jpg\" srcset=\"https:\/\/vedruna.org\/wp-content\/uploads\/2024\/11\/IMG_20241123_094312250_BURST000_COVER_TOP2-300x264.jpg 300w,https:\/\/vedruna.org\/wp-content\/uploads\/2024\/11\/IMG_20241123_094312250_BURST000_COVER_TOP2-1024x901.jpg 1024w,https:\/\/vedruna.org\/wp-content\/uploads\/2024\/11\/IMG_20241123_094312250_BURST000_COVER_TOP2-scaled.jpg 2560w\" sizes=\"250px\"\/><\/a><\/div><div class=\"sgb-item\"><a href=\"https:\/\/vedruna.org\/cronica-del-viaje-del-equipo-general-a-la-provincia-de-africa-2\/img_20241123_104338652\/\" target=\"_blank\"><img decoding=\"async\" alt=\"\" width=\"300\" height=\"225\" loading=\"lazy\" src=\"https:\/\/vedruna.org\/wp-content\/uploads\/2024\/11\/IMG_20241123_104338652-300x225.jpg\" srcset=\"https:\/\/vedruna.org\/wp-content\/uploads\/2024\/11\/IMG_20241123_104338652-300x225.jpg 300w,https:\/\/vedruna.org\/wp-content\/uploads\/2024\/11\/IMG_20241123_104338652-1024x768.jpg 1024w,https:\/\/vedruna.org\/wp-content\/uploads\/2024\/11\/IMG_20241123_104338652-scaled.jpg 2560w\" sizes=\"250px\"\/><\/a><\/div><div class=\"sgb-item\"><a href=\"https:\/\/vedruna.org\/cronica-del-viaje-del-equipo-general-a-la-provincia-de-africa-2\/img_20241123_111311650_hdr\/\" target=\"_blank\"><img decoding=\"async\" alt=\"\" width=\"300\" height=\"225\" loading=\"lazy\" src=\"https:\/\/vedruna.org\/wp-content\/uploads\/2024\/11\/IMG_20241123_111311650_HDR-300x225.jpg\" srcset=\"https:\/\/vedruna.org\/wp-content\/uploads\/2024\/11\/IMG_20241123_111311650_HDR-300x225.jpg 300w,https:\/\/vedruna.org\/wp-content\/uploads\/2024\/11\/IMG_20241123_111311650_HDR-1024x768.jpg 1024w,https:\/\/vedruna.org\/wp-content\/uploads\/2024\/11\/IMG_20241123_111311650_HDR-scaled.jpg 2560w\" sizes=\"250px\"\/><\/a><\/div><div class=\"sgb-item\"><a href=\"https:\/\/vedruna.org\/cronica-del-viaje-del-equipo-general-a-la-provincia-de-africa-2\/img_20241124_114521234\/\" target=\"_blank\"><img decoding=\"async\" alt=\"\" width=\"300\" height=\"225\" loading=\"lazy\" src=\"https:\/\/vedruna.org\/wp-content\/uploads\/2024\/11\/IMG_20241124_114521234-300x225.jpg\" srcset=\"https:\/\/vedruna.org\/wp-content\/uploads\/2024\/11\/IMG_20241124_114521234-300x225.jpg 300w,https:\/\/vedruna.org\/wp-content\/uploads\/2024\/11\/IMG_20241124_114521234-1024x768.jpg 1024w,https:\/\/vedruna.org\/wp-content\/uploads\/2024\/11\/IMG_20241124_114521234-scaled.jpg 2560w\" sizes=\"250px\"\/><\/a><\/div><\/div><\/noscript><\/div><script type=\"application\/json\" class=\"sgb-data\">{\"externalLink\":false,\"captions\":false,\"collectionThumbSubMenuDownload\":false,\"collectionThumbSubMenuShare\":false,\"sliderMaxHeight\":280,\"sliderAdminWidth\":823,\"responsiveHeight\":true,\"galleryType\":\"pgc_sgb_slider\",\"galleryId\":\"19040419\",\"images\":[{\"id\":15271,\"title\":\"IMG_20241123_094211110\",\"url\":\"https:\/\/vedruna.org\/wp-content\/uploads\/2024\/11\/IMG_20241123_094211110-scaled.jpg\",\"link\":\"https:\/\/vedruna.org\/cronica-del-viaje-del-equipo-general-a-la-provincia-de-africa-2\/img_20241123_094211110\/\",\"alt\":\"\",\"description\":\"\",\"caption\":\"\",\"mime\":\"image\/jpeg\",\"type\":\"image\",\"width\":2560,\"height\":1920,\"sizes\":{\"thumbnail\":{\"height\":150,\"width\":150,\"url\":\"https:\/\/vedruna.org\/wp-content\/uploads\/2024\/11\/IMG_20241123_094211110-150x150.jpg\",\"orientation\":\"landscape\"},\"medium\":{\"height\":225,\"width\":300,\"url\":\"https:\/\/vedruna.org\/wp-content\/uploads\/2024\/11\/IMG_20241123_094211110-300x225.jpg\",\"orientation\":\"landscape\"},\"large\":{\"height\":768,\"width\":1024,\"url\":\"https:\/\/vedruna.org\/wp-content\/uploads\/2024\/11\/IMG_20241123_094211110-1024x768.jpg\",\"orientation\":\"landscape\"},\"full\":{\"url\":\"https:\/\/vedruna.org\/wp-content\/uploads\/2024\/11\/IMG_20241123_094211110-scaled.jpg\",\"height\":1920,\"width\":2560,\"orientation\":\"landscape\"}},\"imageMeta\":{\"aperture\":\"2\",\"credit\":\"\",\"camera\":\"motorola one\",\"caption\":\"\",\"created_timestamp\":\"1732354932\",\"copyright\":\"\",\"focal_length\":\"3.463\",\"iso\":\"425\",\"shutter_speed\":\"0.03030303030303\",\"title\":\"\",\"orientation\":\"1\",\"keywords\":[]},\"meta\":false,\"postlink\":\"https:\/\/vedruna.org\/cronica-del-viaje-del-equipo-general-a-la-provincia-de-africa-2\/img_20241123_094211110\/\"},{\"id\":15295,\"title\":\"IMG_20241123_111509567_HDR\",\"url\":\"https:\/\/vedruna.org\/wp-content\/uploads\/2024\/11\/IMG_20241123_111509567_HDR-scaled.jpg\",\"link\":\"https:\/\/vedruna.org\/cronica-del-viaje-del-equipo-general-a-la-provincia-de-africa-2\/img_20241123_111509567_hdr\/\",\"alt\":\"\",\"description\":\"\",\"caption\":\"\",\"mime\":\"image\/jpeg\",\"type\":\"image\",\"width\":2560,\"height\":1920,\"sizes\":{\"thumbnail\":{\"height\":150,\"width\":150,\"url\":\"https:\/\/vedruna.org\/wp-content\/uploads\/2024\/11\/IMG_20241123_111509567_HDR-150x150.jpg\",\"orientation\":\"landscape\"},\"medium\":{\"height\":225,\"width\":300,\"url\":\"https:\/\/vedruna.org\/wp-content\/uploads\/2024\/11\/IMG_20241123_111509567_HDR-300x225.jpg\",\"orientation\":\"landscape\"},\"large\":{\"height\":768,\"width\":1024,\"url\":\"https:\/\/vedruna.org\/wp-content\/uploads\/2024\/11\/IMG_20241123_111509567_HDR-1024x768.jpg\",\"orientation\":\"landscape\"},\"full\":{\"url\":\"https:\/\/vedruna.org\/wp-content\/uploads\/2024\/11\/IMG_20241123_111509567_HDR-scaled.jpg\",\"height\":1920,\"width\":2560,\"orientation\":\"landscape\"}},\"imageMeta\":{\"aperture\":\"2\",\"credit\":\"\",\"camera\":\"motorola one\",\"caption\":\"\",\"created_timestamp\":\"1732360515\",\"copyright\":\"\",\"focal_length\":\"3.463\",\"iso\":\"100\",\"shutter_speed\":\"0.0085470085470085\",\"title\":\"\",\"orientation\":\"1\",\"keywords\":[]},\"meta\":false,\"postlink\":\"https:\/\/vedruna.org\/cronica-del-viaje-del-equipo-general-a-la-provincia-de-africa-2\/img_20241123_111509567_hdr\/\"},{\"id\":15275,\"title\":\"IMG_20241123_094220581\",\"url\":\"https:\/\/vedruna.org\/wp-content\/uploads\/2024\/11\/IMG_20241123_094220581-scaled.jpg\",\"link\":\"https:\/\/vedruna.org\/cronica-del-viaje-del-equipo-general-a-la-provincia-de-africa-2\/img_20241123_094220581\/\",\"alt\":\"\",\"description\":\"\",\"caption\":\"\",\"mime\":\"image\/jpeg\",\"type\":\"image\",\"width\":2560,\"height\":1920,\"sizes\":{\"thumbnail\":{\"height\":150,\"width\":150,\"url\":\"https:\/\/vedruna.org\/wp-content\/uploads\/2024\/11\/IMG_20241123_094220581-150x150.jpg\",\"orientation\":\"landscape\"},\"medium\":{\"height\":225,\"width\":300,\"url\":\"https:\/\/vedruna.org\/wp-content\/uploads\/2024\/11\/IMG_20241123_094220581-300x225.jpg\",\"orientation\":\"landscape\"},\"large\":{\"height\":768,\"width\":1024,\"url\":\"https:\/\/vedruna.org\/wp-content\/uploads\/2024\/11\/IMG_20241123_094220581-1024x768.jpg\",\"orientation\":\"landscape\"},\"full\":{\"url\":\"https:\/\/vedruna.org\/wp-content\/uploads\/2024\/11\/IMG_20241123_094220581-scaled.jpg\",\"height\":1920,\"width\":2560,\"orientation\":\"landscape\"}},\"imageMeta\":{\"aperture\":\"2\",\"credit\":\"\",\"camera\":\"motorola one\",\"caption\":\"\",\"created_timestamp\":\"1732354941\",\"copyright\":\"\",\"focal_length\":\"3.463\",\"iso\":\"539\",\"shutter_speed\":\"0.03030303030303\",\"title\":\"\",\"orientation\":\"1\",\"keywords\":[]},\"meta\":false,\"postlink\":\"https:\/\/vedruna.org\/cronica-del-viaje-del-equipo-general-a-la-provincia-de-africa-2\/img_20241123_094220581\/\"},{\"id\":15299,\"title\":\"IMG_20241123_111600749_HDR\",\"url\":\"https:\/\/vedruna.org\/wp-content\/uploads\/2024\/11\/IMG_20241123_111600749_HDR-scaled.jpg\",\"link\":\"https:\/\/vedruna.org\/cronica-del-viaje-del-equipo-general-a-la-provincia-de-africa-2\/img_20241123_111600749_hdr\/\",\"alt\":\"\",\"description\":\"\",\"caption\":\"\",\"mime\":\"image\/jpeg\",\"type\":\"image\",\"width\":2560,\"height\":1920,\"sizes\":{\"thumbnail\":{\"height\":150,\"width\":150,\"url\":\"https:\/\/vedruna.org\/wp-content\/uploads\/2024\/11\/IMG_20241123_111600749_HDR-150x150.jpg\",\"orientation\":\"landscape\"},\"medium\":{\"height\":225,\"width\":300,\"url\":\"https:\/\/vedruna.org\/wp-content\/uploads\/2024\/11\/IMG_20241123_111600749_HDR-300x225.jpg\",\"orientation\":\"landscape\"},\"large\":{\"height\":768,\"width\":1024,\"url\":\"https:\/\/vedruna.org\/wp-content\/uploads\/2024\/11\/IMG_20241123_111600749_HDR-1024x768.jpg\",\"orientation\":\"landscape\"},\"full\":{\"url\":\"https:\/\/vedruna.org\/wp-content\/uploads\/2024\/11\/IMG_20241123_111600749_HDR-scaled.jpg\",\"height\":1920,\"width\":2560,\"orientation\":\"landscape\"}},\"imageMeta\":{\"aperture\":\"2\",\"credit\":\"\",\"camera\":\"motorola one\",\"caption\":\"\",\"created_timestamp\":\"1732360563\",\"copyright\":\"\",\"focal_length\":\"3.463\",\"iso\":\"100\",\"shutter_speed\":\"0.0042918454935622\",\"title\":\"\",\"orientation\":\"1\",\"keywords\":[]},\"meta\":false,\"postlink\":\"https:\/\/vedruna.org\/cronica-del-viaje-del-equipo-general-a-la-provincia-de-africa-2\/img_20241123_111600749_hdr\/\"},{\"id\":15279,\"title\":\"IMG_20241123_094306072\",\"url\":\"https:\/\/vedruna.org\/wp-content\/uploads\/2024\/11\/IMG_20241123_094306072-scaled.jpg\",\"link\":\"https:\/\/vedruna.org\/cronica-del-viaje-del-equipo-general-a-la-provincia-de-africa-2\/img_20241123_094306072\/\",\"alt\":\"\",\"description\":\"\",\"caption\":\"\",\"mime\":\"image\/jpeg\",\"type\":\"image\",\"width\":2560,\"height\":1920,\"sizes\":{\"thumbnail\":{\"height\":150,\"width\":150,\"url\":\"https:\/\/vedruna.org\/wp-content\/uploads\/2024\/11\/IMG_20241123_094306072-150x150.jpg\",\"orientation\":\"landscape\"},\"medium\":{\"height\":225,\"width\":300,\"url\":\"https:\/\/vedruna.org\/wp-content\/uploads\/2024\/11\/IMG_20241123_094306072-300x225.jpg\",\"orientation\":\"landscape\"},\"large\":{\"height\":768,\"width\":1024,\"url\":\"https:\/\/vedruna.org\/wp-content\/uploads\/2024\/11\/IMG_20241123_094306072-1024x768.jpg\",\"orientation\":\"landscape\"},\"full\":{\"url\":\"https:\/\/vedruna.org\/wp-content\/uploads\/2024\/11\/IMG_20241123_094306072-scaled.jpg\",\"height\":1920,\"width\":2560,\"orientation\":\"landscape\"}},\"imageMeta\":{\"aperture\":\"2\",\"credit\":\"\",\"camera\":\"motorola one\",\"caption\":\"\",\"created_timestamp\":\"1732354986\",\"copyright\":\"\",\"focal_length\":\"3.463\",\"iso\":\"589\",\"shutter_speed\":\"0.03030303030303\",\"title\":\"\",\"orientation\":\"1\",\"keywords\":[]},\"meta\":false,\"postlink\":\"https:\/\/vedruna.org\/cronica-del-viaje-del-equipo-general-a-la-provincia-de-africa-2\/img_20241123_094306072\/\"},{\"id\":15283,\"title\":\"IMG_20241123_094312250_BURST000_COVER_TOP~2\",\"url\":\"https:\/\/vedruna.org\/wp-content\/uploads\/2024\/11\/IMG_20241123_094312250_BURST000_COVER_TOP2-scaled.jpg\",\"link\":\"https:\/\/vedruna.org\/cronica-del-viaje-del-equipo-general-a-la-provincia-de-africa-2\/img_20241123_094312250_burst000_cover_top2\/\",\"alt\":\"\",\"description\":\"\",\"caption\":\"\",\"mime\":\"image\/jpeg\",\"type\":\"image\",\"width\":2560,\"height\":2252,\"sizes\":{\"thumbnail\":{\"height\":150,\"width\":150,\"url\":\"https:\/\/vedruna.org\/wp-content\/uploads\/2024\/11\/IMG_20241123_094312250_BURST000_COVER_TOP2-150x150.jpg\",\"orientation\":\"landscape\"},\"medium\":{\"height\":264,\"width\":300,\"url\":\"https:\/\/vedruna.org\/wp-content\/uploads\/2024\/11\/IMG_20241123_094312250_BURST000_COVER_TOP2-300x264.jpg\",\"orientation\":\"landscape\"},\"large\":{\"height\":901,\"width\":1024,\"url\":\"https:\/\/vedruna.org\/wp-content\/uploads\/2024\/11\/IMG_20241123_094312250_BURST000_COVER_TOP2-1024x901.jpg\",\"orientation\":\"landscape\"},\"full\":{\"url\":\"https:\/\/vedruna.org\/wp-content\/uploads\/2024\/11\/IMG_20241123_094312250_BURST000_COVER_TOP2-scaled.jpg\",\"height\":2252,\"width\":2560,\"orientation\":\"landscape\"}},\"imageMeta\":{\"aperture\":\"2\",\"credit\":\"\",\"camera\":\"motorola one\",\"caption\":\"\",\"created_timestamp\":\"1732354993\",\"copyright\":\"\",\"focal_length\":\"3.463\",\"iso\":\"571\",\"shutter_speed\":\"0.03030303030303\",\"title\":\"\",\"orientation\":\"1\",\"keywords\":[]},\"meta\":false,\"postlink\":\"https:\/\/vedruna.org\/cronica-del-viaje-del-equipo-general-a-la-provincia-de-africa-2\/img_20241123_094312250_burst000_cover_top2\/\"},{\"id\":15287,\"title\":\"IMG_20241123_104338652\",\"url\":\"https:\/\/vedruna.org\/wp-content\/uploads\/2024\/11\/IMG_20241123_104338652-scaled.jpg\",\"link\":\"https:\/\/vedruna.org\/cronica-del-viaje-del-equipo-general-a-la-provincia-de-africa-2\/img_20241123_104338652\/\",\"alt\":\"\",\"description\":\"\",\"caption\":\"\",\"mime\":\"image\/jpeg\",\"type\":\"image\",\"width\":2560,\"height\":1920,\"sizes\":{\"thumbnail\":{\"height\":150,\"width\":150,\"url\":\"https:\/\/vedruna.org\/wp-content\/uploads\/2024\/11\/IMG_20241123_104338652-150x150.jpg\",\"orientation\":\"landscape\"},\"medium\":{\"height\":225,\"width\":300,\"url\":\"https:\/\/vedruna.org\/wp-content\/uploads\/2024\/11\/IMG_20241123_104338652-300x225.jpg\",\"orientation\":\"landscape\"},\"large\":{\"height\":768,\"width\":1024,\"url\":\"https:\/\/vedruna.org\/wp-content\/uploads\/2024\/11\/IMG_20241123_104338652-1024x768.jpg\",\"orientation\":\"landscape\"},\"full\":{\"url\":\"https:\/\/vedruna.org\/wp-content\/uploads\/2024\/11\/IMG_20241123_104338652-scaled.jpg\",\"height\":1920,\"width\":2560,\"orientation\":\"landscape\"}},\"imageMeta\":{\"aperture\":\"0\",\"credit\":\"\",\"camera\":\"motorola one\",\"caption\":\"\",\"created_timestamp\":\"1732358620\",\"copyright\":\"\",\"focal_length\":\"0\",\"iso\":\"188\",\"shutter_speed\":\"0\",\"title\":\"\",\"orientation\":\"0\",\"keywords\":[]},\"meta\":false,\"postlink\":\"https:\/\/vedruna.org\/cronica-del-viaje-del-equipo-general-a-la-provincia-de-africa-2\/img_20241123_104338652\/\"},{\"id\":15291,\"title\":\"IMG_20241123_111311650_HDR\",\"url\":\"https:\/\/vedruna.org\/wp-content\/uploads\/2024\/11\/IMG_20241123_111311650_HDR-scaled.jpg\",\"link\":\"https:\/\/vedruna.org\/cronica-del-viaje-del-equipo-general-a-la-provincia-de-africa-2\/img_20241123_111311650_hdr\/\",\"alt\":\"\",\"description\":\"\",\"caption\":\"\",\"mime\":\"image\/jpeg\",\"type\":\"image\",\"width\":2560,\"height\":1920,\"sizes\":{\"thumbnail\":{\"height\":150,\"width\":150,\"url\":\"https:\/\/vedruna.org\/wp-content\/uploads\/2024\/11\/IMG_20241123_111311650_HDR-150x150.jpg\",\"orientation\":\"landscape\"},\"medium\":{\"height\":225,\"width\":300,\"url\":\"https:\/\/vedruna.org\/wp-content\/uploads\/2024\/11\/IMG_20241123_111311650_HDR-300x225.jpg\",\"orientation\":\"landscape\"},\"large\":{\"height\":768,\"width\":1024,\"url\":\"https:\/\/vedruna.org\/wp-content\/uploads\/2024\/11\/IMG_20241123_111311650_HDR-1024x768.jpg\",\"orientation\":\"landscape\"},\"full\":{\"url\":\"https:\/\/vedruna.org\/wp-content\/uploads\/2024\/11\/IMG_20241123_111311650_HDR-scaled.jpg\",\"height\":1920,\"width\":2560,\"orientation\":\"landscape\"}},\"imageMeta\":{\"aperture\":\"2\",\"credit\":\"\",\"camera\":\"motorola one\",\"caption\":\"\",\"created_timestamp\":\"1732360395\",\"copyright\":\"\",\"focal_length\":\"3.463\",\"iso\":\"100\",\"shutter_speed\":\"0.0033783783783784\",\"title\":\"\",\"orientation\":\"1\",\"keywords\":[]},\"meta\":false,\"postlink\":\"https:\/\/vedruna.org\/cronica-del-viaje-del-equipo-general-a-la-provincia-de-africa-2\/img_20241123_111311650_hdr\/\"},{\"id\":15303,\"title\":\"IMG_20241124_114521234\",\"url\":\"https:\/\/vedruna.org\/wp-content\/uploads\/2024\/11\/IMG_20241124_114521234-scaled.jpg\",\"link\":\"https:\/\/vedruna.org\/cronica-del-viaje-del-equipo-general-a-la-provincia-de-africa-2\/img_20241124_114521234\/\",\"alt\":\"\",\"description\":\"\",\"caption\":\"\",\"mime\":\"image\/jpeg\",\"type\":\"image\",\"width\":2560,\"height\":1920,\"sizes\":{\"thumbnail\":{\"height\":150,\"width\":150,\"url\":\"https:\/\/vedruna.org\/wp-content\/uploads\/2024\/11\/IMG_20241124_114521234-150x150.jpg\",\"orientation\":\"landscape\"},\"medium\":{\"height\":225,\"width\":300,\"url\":\"https:\/\/vedruna.org\/wp-content\/uploads\/2024\/11\/IMG_20241124_114521234-300x225.jpg\",\"orientation\":\"landscape\"},\"large\":{\"height\":768,\"width\":1024,\"url\":\"https:\/\/vedruna.org\/wp-content\/uploads\/2024\/11\/IMG_20241124_114521234-1024x768.jpg\",\"orientation\":\"landscape\"},\"full\":{\"url\":\"https:\/\/vedruna.org\/wp-content\/uploads\/2024\/11\/IMG_20241124_114521234-scaled.jpg\",\"height\":1920,\"width\":2560,\"orientation\":\"landscape\"}},\"imageMeta\":{\"aperture\":\"2\",\"credit\":\"\",\"camera\":\"motorola one\",\"caption\":\"\",\"created_timestamp\":\"1732448722\",\"copyright\":\"\",\"focal_length\":\"3.463\",\"iso\":\"100\",\"shutter_speed\":\"0.0055555555555556\",\"title\":\"\",\"orientation\":\"1\",\"keywords\":[]},\"meta\":false,\"postlink\":\"https:\/\/vedruna.org\/cronica-del-viaje-del-equipo-general-a-la-provincia-de-africa-2\/img_20241124_114521234\/\"}],\"itemsMetaDataCollection\":[]}<\/script><script>(function(){if(window.PGC_SGB && window.PGC_SGB.searcher){window.PGC_SGB.searcher.initBlocks()}})()<\/script><\/div>\n\n\n<div style=\"height:25px\" aria-hidden=\"true\" class=\"wp-block-spacer\"><\/div>\n\n\n\n<p>La r\u00e9union \u00e9tait bas\u00e9e sur les<strong> 7 chapitres du <a href=\"https:\/\/vedruna.org\/download-category\/documento-capitular\/\">document<\/a><\/strong>, avec 7 groupes lisant chacun un chapitre et soulignant 3 points essentiels.<\/p>\n\n\n\n<p>La deuxi\u00e8me journ\u00e9e a \u00e9t\u00e9 bas\u00e9e sur le <strong>leadership partag\u00e9<\/strong>, avec une question qui nous a accompagn\u00e9es dans la r\u00e9flexion : <em>comment est-ce que je vis cette renaissance au niveau personnel, communautaire, de la Province et de la Congr\u00e9gation ? <\/em>Pour que nous puissions vivre une spiritualit\u00e9 int\u00e9grale et \u00e9cologique.<\/p>\n\n\n\n<p>Le troisi\u00e8me jour a \u00e9t\u00e9 consacr\u00e9 au <strong>rapport financier de la province<\/strong> afin que toutes les s\u0153urs puissent conna\u00eetre l&rsquo;\u00e9tat g\u00e9n\u00e9ral de la province et quelques informations importantes, la pr\u00e9paration du bicentenaire et les perspectives d&rsquo;avenir.<\/p>\n\n\n\n<p>Il y a eu beaucoup de cr\u00e9ativit\u00e9 dans la formation des groupes de travail, ce qui nous a permis de participer sans fatigue et avec beaucoup d&rsquo;enthousiasme. L&rsquo;Assembl\u00e9e provinciale s&rsquo;est termin\u00e9e dans un<strong> esprit de famille et de joie<\/strong>. <\/p>\n\n\n\n<div style=\"height:25px\" aria-hidden=\"true\" class=\"wp-block-spacer\"><\/div>\n\n\n\n<hr class=\"wp-block-separator has-alpha-channel-opacity\"\/>\n\n\n\n<div style=\"height:25px\" aria-hidden=\"true\" class=\"wp-block-spacer\"><\/div>\n\n\n\n<h2 class=\"wp-block-heading\">Deuxi\u00e8me assembl\u00e9e au Congo<\/h2>\n\n\n<div class=\"pgc-sgb-cb wp-block-pgcsimplygalleryblock-slider \" data-gallery-id=\"a7625625\"style=&quot;min-height:220px&quot;><div class=\"sgb-preloader\" id=\"pr_a7625625\">\n\t<div class=\"sgb-square\" style=\"background:#d4d4d4\"><\/div>\n\t<div class=\"sgb-square\" style=\"background:#d4d4d4\"><\/div>\n\t<div class=\"sgb-square\" style=\"background:#d4d4d4\"><\/div>\n\t<div class=\"sgb-square\" style=\"background:#d4d4d4\"><\/div><\/div><div class=\"simply-gallery-amp pgc_sgb_slider \"><noscript><div class=\"sgb-gallery\"><div class=\"sgb-item\"><a href=\"https:\/\/vedruna.org\/fr\/esprit-de-famille-et-joie-a-lassemblee-de-la-province-vedruna-dafrique\/whatsapp-image-2025-01-02-at-12-08-22-2\/\" target=\"_blank\"><img decoding=\"async\" alt=\"\" width=\"300\" height=\"225\" loading=\"lazy\" src=\"https:\/\/vedruna.org\/wp-content\/uploads\/2024\/12\/WhatsApp-Image-2025-01-02-at-12.08.22-300x225.jpeg\" srcset=\"https:\/\/vedruna.org\/wp-content\/uploads\/2024\/12\/WhatsApp-Image-2025-01-02-at-12.08.22-300x225.jpeg 300w,https:\/\/vedruna.org\/wp-content\/uploads\/2024\/12\/WhatsApp-Image-2025-01-02-at-12.08.22.jpeg 909w\" sizes=\"250px\"\/><\/a><\/div><div class=\"sgb-item\"><a href=\"https:\/\/vedruna.org\/fr\/esprit-de-famille-et-joie-a-lassemblee-de-la-province-vedruna-dafrique\/whatsapp-image-2025-01-02-at-11-00-46-1-2\/\" target=\"_blank\"><img decoding=\"async\" alt=\"\" width=\"300\" height=\"132\" loading=\"lazy\" src=\"https:\/\/vedruna.org\/wp-content\/uploads\/2024\/12\/WhatsApp-Image-2025-01-02-at-11.00.46-1-300x132.jpeg\" srcset=\"https:\/\/vedruna.org\/wp-content\/uploads\/2024\/12\/WhatsApp-Image-2025-01-02-at-11.00.46-1-300x132.jpeg 300w,https:\/\/vedruna.org\/wp-content\/uploads\/2024\/12\/WhatsApp-Image-2025-01-02-at-11.00.46-1.jpeg 641w\" sizes=\"250px\"\/><\/a><\/div><div class=\"sgb-item\"><a href=\"https:\/\/vedruna.org\/fr\/esprit-de-famille-et-joie-a-lassemblee-de-la-province-vedruna-dafrique\/whatsapp-image-2025-01-02-at-11-00-46-2\/\" target=\"_blank\"><img decoding=\"async\" alt=\"\" width=\"300\" height=\"169\" loading=\"lazy\" src=\"https:\/\/vedruna.org\/wp-content\/uploads\/2024\/12\/WhatsApp-Image-2025-01-02-at-11.00.46-300x169.jpeg\" srcset=\"https:\/\/vedruna.org\/wp-content\/uploads\/2024\/12\/WhatsApp-Image-2025-01-02-at-11.00.46-300x169.jpeg 300w,https:\/\/vedruna.org\/wp-content\/uploads\/2024\/12\/WhatsApp-Image-2025-01-02-at-11.00.46.jpeg 767w\" sizes=\"250px\"\/><\/a><\/div><div class=\"sgb-item\"><a href=\"https:\/\/vedruna.org\/fr\/esprit-de-famille-et-joie-a-lassemblee-de-la-province-vedruna-dafrique\/whatsapp-image-2025-01-02-at-11-00-47-1-2\/\" target=\"_blank\"><img decoding=\"async\" alt=\"\" width=\"300\" height=\"122\" loading=\"lazy\" src=\"https:\/\/vedruna.org\/wp-content\/uploads\/2024\/12\/WhatsApp-Image-2025-01-02-at-11.00.47-1-300x122.jpeg\" srcset=\"https:\/\/vedruna.org\/wp-content\/uploads\/2024\/12\/WhatsApp-Image-2025-01-02-at-11.00.47-1-300x122.jpeg 300w,https:\/\/vedruna.org\/wp-content\/uploads\/2024\/12\/WhatsApp-Image-2025-01-02-at-11.00.47-1.jpeg 801w\" sizes=\"250px\"\/><\/a><\/div><div class=\"sgb-item\"><a href=\"https:\/\/vedruna.org\/fr\/esprit-de-famille-et-joie-a-lassemblee-de-la-province-vedruna-dafrique\/whatsapp-image-2025-01-02-at-11-00-47-2\/\" target=\"_blank\"><img decoding=\"async\" alt=\"\" width=\"300\" height=\"150\" loading=\"lazy\" src=\"https:\/\/vedruna.org\/wp-content\/uploads\/2024\/12\/WhatsApp-Image-2025-01-02-at-11.00.47-300x150.jpeg\" srcset=\"https:\/\/vedruna.org\/wp-content\/uploads\/2024\/12\/WhatsApp-Image-2025-01-02-at-11.00.47-300x150.jpeg 300w,https:\/\/vedruna.org\/wp-content\/uploads\/2024\/12\/WhatsApp-Image-2025-01-02-at-11.00.47.jpeg 773w\" sizes=\"250px\"\/><\/a><\/div><\/div><\/noscript><\/div><script type=\"application\/json\" class=\"sgb-data\">{\"externalLink\":false,\"captions\":false,\"collectionThumbSubMenuDownload\":false,\"collectionThumbSubMenuShare\":false,\"sliderMaxHeight\":220,\"sliderAdminWidth\":823,\"galleryType\":\"pgc_sgb_slider\",\"galleryId\":\"a7625625\",\"images\":[{\"id\":17359,\"title\":\"WhatsApp Image 2025-01-02 at 12.08.22\",\"url\":\"https:\/\/vedruna.org\/wp-content\/uploads\/2024\/12\/WhatsApp-Image-2025-01-02-at-12.08.22.jpeg\",\"link\":\"https:\/\/vedruna.org\/fr\/esprit-de-famille-et-joie-a-lassemblee-de-la-province-vedruna-dafrique\/whatsapp-image-2025-01-02-at-12-08-22-2\/\",\"alt\":\"\",\"description\":\"\",\"caption\":\"\",\"mime\":\"image\/jpeg\",\"type\":\"image\",\"width\":909,\"height\":682,\"sizes\":{\"thumbnail\":{\"height\":150,\"width\":150,\"url\":\"https:\/\/vedruna.org\/wp-content\/uploads\/2024\/12\/WhatsApp-Image-2025-01-02-at-12.08.22-150x150.jpeg\",\"orientation\":\"landscape\"},\"medium\":{\"height\":225,\"width\":300,\"url\":\"https:\/\/vedruna.org\/wp-content\/uploads\/2024\/12\/WhatsApp-Image-2025-01-02-at-12.08.22-300x225.jpeg\",\"orientation\":\"landscape\"},\"full\":{\"url\":\"https:\/\/vedruna.org\/wp-content\/uploads\/2024\/12\/WhatsApp-Image-2025-01-02-at-12.08.22.jpeg\",\"height\":682,\"width\":909,\"orientation\":\"landscape\"}},\"imageMeta\":{\"aperture\":\"0\",\"credit\":\"\",\"camera\":\"\",\"caption\":\"\",\"created_timestamp\":\"0\",\"copyright\":\"\",\"focal_length\":\"0\",\"iso\":\"0\",\"shutter_speed\":\"0\",\"title\":\"\",\"orientation\":\"0\",\"keywords\":[]},\"meta\":false,\"postlink\":\"https:\/\/vedruna.org\/fr\/esprit-de-famille-et-joie-a-lassemblee-de-la-province-vedruna-dafrique\/whatsapp-image-2025-01-02-at-12-08-22-2\/\"},{\"id\":17343,\"title\":\"WhatsApp Image 2025-01-02 at 11.00.46 (1)\",\"url\":\"https:\/\/vedruna.org\/wp-content\/uploads\/2024\/12\/WhatsApp-Image-2025-01-02-at-11.00.46-1.jpeg\",\"link\":\"https:\/\/vedruna.org\/fr\/esprit-de-famille-et-joie-a-lassemblee-de-la-province-vedruna-dafrique\/whatsapp-image-2025-01-02-at-11-00-46-1-2\/\",\"alt\":\"\",\"description\":\"\",\"caption\":\"\",\"mime\":\"image\/jpeg\",\"type\":\"image\",\"width\":641,\"height\":281,\"sizes\":{\"thumbnail\":{\"height\":150,\"width\":150,\"url\":\"https:\/\/vedruna.org\/wp-content\/uploads\/2024\/12\/WhatsApp-Image-2025-01-02-at-11.00.46-1-150x150.jpeg\",\"orientation\":\"landscape\"},\"medium\":{\"height\":132,\"width\":300,\"url\":\"https:\/\/vedruna.org\/wp-content\/uploads\/2024\/12\/WhatsApp-Image-2025-01-02-at-11.00.46-1-300x132.jpeg\",\"orientation\":\"landscape\"},\"full\":{\"url\":\"https:\/\/vedruna.org\/wp-content\/uploads\/2024\/12\/WhatsApp-Image-2025-01-02-at-11.00.46-1.jpeg\",\"height\":281,\"width\":641,\"orientation\":\"landscape\"}},\"imageMeta\":{\"aperture\":\"0\",\"credit\":\"\",\"camera\":\"\",\"caption\":\"\",\"created_timestamp\":\"0\",\"copyright\":\"\",\"focal_length\":\"0\",\"iso\":\"0\",\"shutter_speed\":\"0\",\"title\":\"\",\"orientation\":\"0\",\"keywords\":[]},\"meta\":false,\"postlink\":\"https:\/\/vedruna.org\/fr\/esprit-de-famille-et-joie-a-lassemblee-de-la-province-vedruna-dafrique\/whatsapp-image-2025-01-02-at-11-00-46-1-2\/\"},{\"id\":17347,\"title\":\"WhatsApp Image 2025-01-02 at 11.00.46\",\"url\":\"https:\/\/vedruna.org\/wp-content\/uploads\/2024\/12\/WhatsApp-Image-2025-01-02-at-11.00.46.jpeg\",\"link\":\"https:\/\/vedruna.org\/fr\/esprit-de-famille-et-joie-a-lassemblee-de-la-province-vedruna-dafrique\/whatsapp-image-2025-01-02-at-11-00-46-2\/\",\"alt\":\"\",\"description\":\"\",\"caption\":\"\",\"mime\":\"image\/jpeg\",\"type\":\"image\",\"width\":767,\"height\":432,\"sizes\":{\"thumbnail\":{\"height\":150,\"width\":150,\"url\":\"https:\/\/vedruna.org\/wp-content\/uploads\/2024\/12\/WhatsApp-Image-2025-01-02-at-11.00.46-150x150.jpeg\",\"orientation\":\"landscape\"},\"medium\":{\"height\":169,\"width\":300,\"url\":\"https:\/\/vedruna.org\/wp-content\/uploads\/2024\/12\/WhatsApp-Image-2025-01-02-at-11.00.46-300x169.jpeg\",\"orientation\":\"landscape\"},\"full\":{\"url\":\"https:\/\/vedruna.org\/wp-content\/uploads\/2024\/12\/WhatsApp-Image-2025-01-02-at-11.00.46.jpeg\",\"height\":432,\"width\":767,\"orientation\":\"landscape\"}},\"imageMeta\":{\"aperture\":\"0\",\"credit\":\"\",\"camera\":\"\",\"caption\":\"\",\"created_timestamp\":\"0\",\"copyright\":\"\",\"focal_length\":\"0\",\"iso\":\"0\",\"shutter_speed\":\"0\",\"title\":\"\",\"orientation\":\"0\",\"keywords\":[]},\"meta\":false,\"postlink\":\"https:\/\/vedruna.org\/fr\/esprit-de-famille-et-joie-a-lassemblee-de-la-province-vedruna-dafrique\/whatsapp-image-2025-01-02-at-11-00-46-2\/\"},{\"id\":17351,\"title\":\"WhatsApp Image 2025-01-02 at 11.00.47 (1)\",\"url\":\"https:\/\/vedruna.org\/wp-content\/uploads\/2024\/12\/WhatsApp-Image-2025-01-02-at-11.00.47-1.jpeg\",\"link\":\"https:\/\/vedruna.org\/fr\/esprit-de-famille-et-joie-a-lassemblee-de-la-province-vedruna-dafrique\/whatsapp-image-2025-01-02-at-11-00-47-1-2\/\",\"alt\":\"\",\"description\":\"\",\"caption\":\"\",\"mime\":\"image\/jpeg\",\"type\":\"image\",\"width\":801,\"height\":327,\"sizes\":{\"thumbnail\":{\"height\":150,\"width\":150,\"url\":\"https:\/\/vedruna.org\/wp-content\/uploads\/2024\/12\/WhatsApp-Image-2025-01-02-at-11.00.47-1-150x150.jpeg\",\"orientation\":\"landscape\"},\"medium\":{\"height\":122,\"width\":300,\"url\":\"https:\/\/vedruna.org\/wp-content\/uploads\/2024\/12\/WhatsApp-Image-2025-01-02-at-11.00.47-1-300x122.jpeg\",\"orientation\":\"landscape\"},\"full\":{\"url\":\"https:\/\/vedruna.org\/wp-content\/uploads\/2024\/12\/WhatsApp-Image-2025-01-02-at-11.00.47-1.jpeg\",\"height\":327,\"width\":801,\"orientation\":\"landscape\"}},\"imageMeta\":{\"aperture\":\"0\",\"credit\":\"\",\"camera\":\"\",\"caption\":\"\",\"created_timestamp\":\"0\",\"copyright\":\"\",\"focal_length\":\"0\",\"iso\":\"0\",\"shutter_speed\":\"0\",\"title\":\"\",\"orientation\":\"0\",\"keywords\":[]},\"meta\":false,\"postlink\":\"https:\/\/vedruna.org\/fr\/esprit-de-famille-et-joie-a-lassemblee-de-la-province-vedruna-dafrique\/whatsapp-image-2025-01-02-at-11-00-47-1-2\/\"},{\"id\":17355,\"title\":\"WhatsApp Image 2025-01-02 at 11.00.47\",\"url\":\"https:\/\/vedruna.org\/wp-content\/uploads\/2024\/12\/WhatsApp-Image-2025-01-02-at-11.00.47.jpeg\",\"link\":\"https:\/\/vedruna.org\/fr\/esprit-de-famille-et-joie-a-lassemblee-de-la-province-vedruna-dafrique\/whatsapp-image-2025-01-02-at-11-00-47-2\/\",\"alt\":\"\",\"description\":\"\",\"caption\":\"\",\"mime\":\"image\/jpeg\",\"type\":\"image\",\"width\":773,\"height\":387,\"sizes\":{\"thumbnail\":{\"height\":150,\"width\":150,\"url\":\"https:\/\/vedruna.org\/wp-content\/uploads\/2024\/12\/WhatsApp-Image-2025-01-02-at-11.00.47-150x150.jpeg\",\"orientation\":\"landscape\"},\"medium\":{\"height\":150,\"width\":300,\"url\":\"https:\/\/vedruna.org\/wp-content\/uploads\/2024\/12\/WhatsApp-Image-2025-01-02-at-11.00.47-300x150.jpeg\",\"orientation\":\"landscape\"},\"full\":{\"url\":\"https:\/\/vedruna.org\/wp-content\/uploads\/2024\/12\/WhatsApp-Image-2025-01-02-at-11.00.47.jpeg\",\"height\":387,\"width\":773,\"orientation\":\"landscape\"}},\"imageMeta\":{\"aperture\":\"0\",\"credit\":\"\",\"camera\":\"\",\"caption\":\"\",\"created_timestamp\":\"0\",\"copyright\":\"\",\"focal_length\":\"0\",\"iso\":\"0\",\"shutter_speed\":\"0\",\"title\":\"\",\"orientation\":\"0\",\"keywords\":[]},\"meta\":false,\"postlink\":\"https:\/\/vedruna.org\/fr\/esprit-de-famille-et-joie-a-lassemblee-de-la-province-vedruna-dafrique\/whatsapp-image-2025-01-02-at-11-00-47-2\/\"}],\"itemsMetaDataCollection\":[]}<\/script><script>(function(){if(window.PGC_SGB && window.PGC_SGB.searcher){window.PGC_SGB.searcher.initBlocks()}})()<\/script><\/div>\n\n\n<p class=\"has-text-align-right\"><strong>Hermine Mutshili, CCV<\/strong><\/p>\n","protected":false},"excerpt":{"rendered":"<p>Depuis le mois de novembre 2024, l&rsquo;\u00c9quipe G\u00e9n\u00e9rale, conduite par la R\u00e9v\u00e9rende S\u0153ur G\u00e9n\u00e9rale, est en visite dans la Province d&rsquo;Afrique. Le but de cette grande et importante visite est de visiter les diff\u00e9rentes communaut\u00e9s de la province, d&rsquo;organiser quelques rencontres avec les s\u0153urs afin de conna\u00eetre plus ou moins parfaitement chacune d&rsquo;elles, \u00e9videmment en [&hellip;]<\/p>\n","protected":false},"author":21,"featured_media":15290,"comment_status":"closed","ping_status":"closed","sticky":false,"template":"","format":"standard","meta":{"_et_pb_use_builder":"","_et_pb_old_content":"","_et_gb_content_width":"","pgc_sgb_lightbox_settings":"","footnotes":""},"categories":[433,349,152,293,231],"tags":[],"class_list":["post-15750","post","type-post","status-publish","format-standard","has-post-thumbnail","hentry","category-gabon-fr","category-guinee","category-province-dafrique","category-rep-dem-congo-fr","category-togo-fr"],"yoast_head":"<!-- This site is optimized with the Yoast SEO plugin v27.5 - https:\/\/yoast.com\/product\/yoast-seo-wordpress\/ -->\n<title>Esprit de famille et joie lors des Assembl\u00e9es de la Province d&#039;Afrique Vedruna - Carmelitas de la Caridad Vedruna<\/title>\n<meta name=\"description\" content=\"En raison de la visite de l&#039;\u00c9quipe G\u00e9n\u00e9rale et la R\u00e9v\u00e9rende S\u0153ur G\u00e9n\u00e9rale, une Assembl\u00e9e g\u00e9n\u00e9rale, d&#039;abord au Gabon, puis en R\u00e9publique d\u00e9mocratique du Congo, a \u00e9t\u00e9 convoqu\u00e9e.\" \/>\n<meta name=\"robots\" content=\"index, follow, max-snippet:-1, max-image-preview:large, max-video-preview:-1\" \/>\n<link rel=\"canonical\" href=\"https:\/\/vedruna.org\/fr\/esprit-de-famille-et-joie-a-lassemblee-de-la-province-vedruna-dafrique\/\" \/>\n<meta property=\"og:locale\" content=\"fr_FR\" \/>\n<meta property=\"og:type\" content=\"article\" \/>\n<meta property=\"og:title\" content=\"Esprit de famille et joie lors des Assembl\u00e9es de la Province d&#039;Afrique Vedruna - Carmelitas de la Caridad Vedruna\" \/>\n<meta property=\"og:description\" content=\"En raison de la visite de l&#039;\u00c9quipe G\u00e9n\u00e9rale et la R\u00e9v\u00e9rende S\u0153ur G\u00e9n\u00e9rale, une Assembl\u00e9e g\u00e9n\u00e9rale, d&#039;abord au Gabon, puis en R\u00e9publique d\u00e9mocratique du Congo, a \u00e9t\u00e9 convoqu\u00e9e.\" \/>\n<meta property=\"og:url\" content=\"https:\/\/vedruna.org\/fr\/esprit-de-famille-et-joie-a-lassemblee-de-la-province-vedruna-dafrique\/\" \/>\n<meta property=\"og:site_name\" content=\"Carmelitas de la Caridad Vedruna\" \/>\n<meta property=\"article:published_time\" content=\"2024-12-03T10:26:22+00:00\" \/>\n<meta property=\"article:modified_time\" content=\"2025-01-06T13:24:22+00:00\" \/>\n<meta property=\"og:image\" content=\"https:\/\/vedruna.org\/wp-content\/uploads\/2024\/11\/IMG_20241123_104338652-scaled.jpg\" \/>\n\t<meta property=\"og:image:width\" content=\"2560\" \/>\n\t<meta property=\"og:image:height\" content=\"1920\" \/>\n\t<meta property=\"og:image:type\" content=\"image\/jpeg\" \/>\n<meta name=\"author\" content=\"Maria Agustina G\u00f3mez\" \/>\n<meta name=\"twitter:card\" content=\"summary_large_image\" \/>\n<meta name=\"twitter:label1\" content=\"\u00c9crit par\" \/>\n\t<meta name=\"twitter:data1\" content=\"Maria Agustina G\u00f3mez\" \/>\n\t<meta name=\"twitter:label2\" content=\"Dur\u00e9e de lecture estim\u00e9e\" \/>\n\t<meta name=\"twitter:data2\" content=\"7 minutes\" \/>\n<script type=\"application\/ld+json\" class=\"yoast-schema-graph\">{\"@context\":\"https:\\\/\\\/schema.org\",\"@graph\":[{\"@type\":\"Article\",\"@id\":\"https:\\\/\\\/vedruna.org\\\/fr\\\/esprit-de-famille-et-joie-a-lassemblee-de-la-province-vedruna-dafrique\\\/#article\",\"isPartOf\":{\"@id\":\"https:\\\/\\\/vedruna.org\\\/fr\\\/esprit-de-famille-et-joie-a-lassemblee-de-la-province-vedruna-dafrique\\\/\"},\"author\":{\"name\":\"Maria Agustina G\u00f3mez\",\"@id\":\"https:\\\/\\\/vedruna.org\\\/fr\\\/#\\\/schema\\\/person\\\/95fe789adf27c2831fc5a049c727edf5\"},\"headline\":\"Esprit de famille et joie lors des Assembl\u00e9es de la Province d&rsquo;Afrique Vedruna\",\"datePublished\":\"2024-12-03T10:26:22+00:00\",\"dateModified\":\"2025-01-06T13:24:22+00:00\",\"mainEntityOfPage\":{\"@id\":\"https:\\\/\\\/vedruna.org\\\/fr\\\/esprit-de-famille-et-joie-a-lassemblee-de-la-province-vedruna-dafrique\\\/\"},\"wordCount\":577,\"publisher\":{\"@id\":\"https:\\\/\\\/vedruna.org\\\/fr\\\/#organization\"},\"image\":{\"@id\":\"https:\\\/\\\/vedruna.org\\\/fr\\\/esprit-de-famille-et-joie-a-lassemblee-de-la-province-vedruna-dafrique\\\/#primaryimage\"},\"thumbnailUrl\":\"https:\\\/\\\/vedruna.org\\\/wp-content\\\/uploads\\\/2024\\\/11\\\/IMG_20241123_104338652-scaled.jpg\",\"articleSection\":[\"Gabon\",\"Guin\u00e9e\",\"Province d'Afrique\",\"Rep. D\u00e9m. Congo\",\"Togo\"],\"inLanguage\":\"fr-FR\"},{\"@type\":\"WebPage\",\"@id\":\"https:\\\/\\\/vedruna.org\\\/fr\\\/esprit-de-famille-et-joie-a-lassemblee-de-la-province-vedruna-dafrique\\\/\",\"url\":\"https:\\\/\\\/vedruna.org\\\/fr\\\/esprit-de-famille-et-joie-a-lassemblee-de-la-province-vedruna-dafrique\\\/\",\"name\":\"Esprit de famille et joie lors des Assembl\u00e9es de la Province d'Afrique Vedruna - Carmelitas de la Caridad Vedruna\",\"isPartOf\":{\"@id\":\"https:\\\/\\\/vedruna.org\\\/fr\\\/#website\"},\"primaryImageOfPage\":{\"@id\":\"https:\\\/\\\/vedruna.org\\\/fr\\\/esprit-de-famille-et-joie-a-lassemblee-de-la-province-vedruna-dafrique\\\/#primaryimage\"},\"image\":{\"@id\":\"https:\\\/\\\/vedruna.org\\\/fr\\\/esprit-de-famille-et-joie-a-lassemblee-de-la-province-vedruna-dafrique\\\/#primaryimage\"},\"thumbnailUrl\":\"https:\\\/\\\/vedruna.org\\\/wp-content\\\/uploads\\\/2024\\\/11\\\/IMG_20241123_104338652-scaled.jpg\",\"datePublished\":\"2024-12-03T10:26:22+00:00\",\"dateModified\":\"2025-01-06T13:24:22+00:00\",\"description\":\"En raison de la visite de l'\u00c9quipe G\u00e9n\u00e9rale et la R\u00e9v\u00e9rende S\u0153ur G\u00e9n\u00e9rale, une Assembl\u00e9e g\u00e9n\u00e9rale, d'abord au Gabon, puis en R\u00e9publique d\u00e9mocratique du Congo, a \u00e9t\u00e9 convoqu\u00e9e.\",\"breadcrumb\":{\"@id\":\"https:\\\/\\\/vedruna.org\\\/fr\\\/esprit-de-famille-et-joie-a-lassemblee-de-la-province-vedruna-dafrique\\\/#breadcrumb\"},\"inLanguage\":\"fr-FR\",\"potentialAction\":[{\"@type\":\"ReadAction\",\"target\":[\"https:\\\/\\\/vedruna.org\\\/fr\\\/esprit-de-famille-et-joie-a-lassemblee-de-la-province-vedruna-dafrique\\\/\"]}]},{\"@type\":\"ImageObject\",\"inLanguage\":\"fr-FR\",\"@id\":\"https:\\\/\\\/vedruna.org\\\/fr\\\/esprit-de-famille-et-joie-a-lassemblee-de-la-province-vedruna-dafrique\\\/#primaryimage\",\"url\":\"https:\\\/\\\/vedruna.org\\\/wp-content\\\/uploads\\\/2024\\\/11\\\/IMG_20241123_104338652-scaled.jpg\",\"contentUrl\":\"https:\\\/\\\/vedruna.org\\\/wp-content\\\/uploads\\\/2024\\\/11\\\/IMG_20241123_104338652-scaled.jpg\",\"width\":2560,\"height\":1920},{\"@type\":\"BreadcrumbList\",\"@id\":\"https:\\\/\\\/vedruna.org\\\/fr\\\/esprit-de-famille-et-joie-a-lassemblee-de-la-province-vedruna-dafrique\\\/#breadcrumb\",\"itemListElement\":[{\"@type\":\"ListItem\",\"position\":1,\"name\":\"Portada\",\"item\":\"https:\\\/\\\/vedruna.org\\\/fr\\\/\"},{\"@type\":\"ListItem\",\"position\":2,\"name\":\"Esprit de famille et joie lors des Assembl\u00e9es de la Province d&#8217;Afrique Vedruna\"}]},{\"@type\":\"WebSite\",\"@id\":\"https:\\\/\\\/vedruna.org\\\/fr\\\/#website\",\"url\":\"https:\\\/\\\/vedruna.org\\\/fr\\\/\",\"name\":\"Carmelitas de la Caridad Vedruna\",\"description\":\"Carmelitas de la caridad\",\"publisher\":{\"@id\":\"https:\\\/\\\/vedruna.org\\\/fr\\\/#organization\"},\"potentialAction\":[{\"@type\":\"SearchAction\",\"target\":{\"@type\":\"EntryPoint\",\"urlTemplate\":\"https:\\\/\\\/vedruna.org\\\/fr\\\/?s={search_term_string}\"},\"query-input\":{\"@type\":\"PropertyValueSpecification\",\"valueRequired\":true,\"valueName\":\"search_term_string\"}}],\"inLanguage\":\"fr-FR\"},{\"@type\":\"Organization\",\"@id\":\"https:\\\/\\\/vedruna.org\\\/fr\\\/#organization\",\"name\":\"Carmelitas de la caridad Vedruna\",\"url\":\"https:\\\/\\\/vedruna.org\\\/fr\\\/\",\"logo\":{\"@type\":\"ImageObject\",\"inLanguage\":\"fr-FR\",\"@id\":\"https:\\\/\\\/vedruna.org\\\/fr\\\/#\\\/schema\\\/logo\\\/image\\\/\",\"url\":\"https:\\\/\\\/vedruna.org\\\/wp-content\\\/uploads\\\/2022\\\/04\\\/LOGO-VEDRUNA-HORIZONTAL.png\",\"contentUrl\":\"https:\\\/\\\/vedruna.org\\\/wp-content\\\/uploads\\\/2022\\\/04\\\/LOGO-VEDRUNA-HORIZONTAL.png\",\"width\":1200,\"height\":463,\"caption\":\"Carmelitas de la caridad Vedruna\"},\"image\":{\"@id\":\"https:\\\/\\\/vedruna.org\\\/fr\\\/#\\\/schema\\\/logo\\\/image\\\/\"}},{\"@type\":\"Person\",\"@id\":\"https:\\\/\\\/vedruna.org\\\/fr\\\/#\\\/schema\\\/person\\\/95fe789adf27c2831fc5a049c727edf5\",\"name\":\"Maria Agustina G\u00f3mez\",\"image\":{\"@type\":\"ImageObject\",\"inLanguage\":\"fr-FR\",\"@id\":\"https:\\\/\\\/secure.gravatar.com\\\/avatar\\\/8af3ece86571c098b978434bbc43b948c403c1ae191f09a04e94f916638ceb2c?s=96&d=mm&r=g\",\"url\":\"https:\\\/\\\/secure.gravatar.com\\\/avatar\\\/8af3ece86571c098b978434bbc43b948c403c1ae191f09a04e94f916638ceb2c?s=96&d=mm&r=g\",\"contentUrl\":\"https:\\\/\\\/secure.gravatar.com\\\/avatar\\\/8af3ece86571c098b978434bbc43b948c403c1ae191f09a04e94f916638ceb2c?s=96&d=mm&r=g\",\"caption\":\"Maria Agustina G\u00f3mez\"},\"url\":\"https:\\\/\\\/vedruna.org\\\/fr\\\/author\\\/agustina-gomez\\\/\"}]}<\/script>\n<!-- \/ Yoast SEO plugin. -->","yoast_head_json":{"title":"Esprit de famille et joie lors des Assembl\u00e9es de la Province d'Afrique Vedruna - Carmelitas de la Caridad Vedruna","description":"En raison de la visite de l'\u00c9quipe G\u00e9n\u00e9rale et la R\u00e9v\u00e9rende S\u0153ur G\u00e9n\u00e9rale, une Assembl\u00e9e g\u00e9n\u00e9rale, d'abord au Gabon, puis en R\u00e9publique d\u00e9mocratique du Congo, a \u00e9t\u00e9 convoqu\u00e9e.","robots":{"index":"index","follow":"follow","max-snippet":"max-snippet:-1","max-image-preview":"max-image-preview:large","max-video-preview":"max-video-preview:-1"},"canonical":"https:\/\/vedruna.org\/fr\/esprit-de-famille-et-joie-a-lassemblee-de-la-province-vedruna-dafrique\/","og_locale":"fr_FR","og_type":"article","og_title":"Esprit de famille et joie lors des Assembl\u00e9es de la Province d'Afrique Vedruna - Carmelitas de la Caridad Vedruna","og_description":"En raison de la visite de l'\u00c9quipe G\u00e9n\u00e9rale et la R\u00e9v\u00e9rende S\u0153ur G\u00e9n\u00e9rale, une Assembl\u00e9e g\u00e9n\u00e9rale, d'abord au Gabon, puis en R\u00e9publique d\u00e9mocratique du Congo, a \u00e9t\u00e9 convoqu\u00e9e.","og_url":"https:\/\/vedruna.org\/fr\/esprit-de-famille-et-joie-a-lassemblee-de-la-province-vedruna-dafrique\/","og_site_name":"Carmelitas de la Caridad Vedruna","article_published_time":"2024-12-03T10:26:22+00:00","article_modified_time":"2025-01-06T13:24:22+00:00","og_image":[{"width":2560,"height":1920,"url":"https:\/\/vedruna.org\/wp-content\/uploads\/2024\/11\/IMG_20241123_104338652-scaled.jpg","type":"image\/jpeg"}],"author":"Maria Agustina G\u00f3mez","twitter_card":"summary_large_image","twitter_misc":{"\u00c9crit par":"Maria Agustina G\u00f3mez","Dur\u00e9e de lecture estim\u00e9e":"7 minutes"},"schema":{"@context":"https:\/\/schema.org","@graph":[{"@type":"Article","@id":"https:\/\/vedruna.org\/fr\/esprit-de-famille-et-joie-a-lassemblee-de-la-province-vedruna-dafrique\/#article","isPartOf":{"@id":"https:\/\/vedruna.org\/fr\/esprit-de-famille-et-joie-a-lassemblee-de-la-province-vedruna-dafrique\/"},"author":{"name":"Maria Agustina G\u00f3mez","@id":"https:\/\/vedruna.org\/fr\/#\/schema\/person\/95fe789adf27c2831fc5a049c727edf5"},"headline":"Esprit de famille et joie lors des Assembl\u00e9es de la Province d&rsquo;Afrique Vedruna","datePublished":"2024-12-03T10:26:22+00:00","dateModified":"2025-01-06T13:24:22+00:00","mainEntityOfPage":{"@id":"https:\/\/vedruna.org\/fr\/esprit-de-famille-et-joie-a-lassemblee-de-la-province-vedruna-dafrique\/"},"wordCount":577,"publisher":{"@id":"https:\/\/vedruna.org\/fr\/#organization"},"image":{"@id":"https:\/\/vedruna.org\/fr\/esprit-de-famille-et-joie-a-lassemblee-de-la-province-vedruna-dafrique\/#primaryimage"},"thumbnailUrl":"https:\/\/vedruna.org\/wp-content\/uploads\/2024\/11\/IMG_20241123_104338652-scaled.jpg","articleSection":["Gabon","Guin\u00e9e","Province d'Afrique","Rep. D\u00e9m. Congo","Togo"],"inLanguage":"fr-FR"},{"@type":"WebPage","@id":"https:\/\/vedruna.org\/fr\/esprit-de-famille-et-joie-a-lassemblee-de-la-province-vedruna-dafrique\/","url":"https:\/\/vedruna.org\/fr\/esprit-de-famille-et-joie-a-lassemblee-de-la-province-vedruna-dafrique\/","name":"Esprit de famille et joie lors des Assembl\u00e9es de la Province d'Afrique Vedruna - Carmelitas de la Caridad Vedruna","isPartOf":{"@id":"https:\/\/vedruna.org\/fr\/#website"},"primaryImageOfPage":{"@id":"https:\/\/vedruna.org\/fr\/esprit-de-famille-et-joie-a-lassemblee-de-la-province-vedruna-dafrique\/#primaryimage"},"image":{"@id":"https:\/\/vedruna.org\/fr\/esprit-de-famille-et-joie-a-lassemblee-de-la-province-vedruna-dafrique\/#primaryimage"},"thumbnailUrl":"https:\/\/vedruna.org\/wp-content\/uploads\/2024\/11\/IMG_20241123_104338652-scaled.jpg","datePublished":"2024-12-03T10:26:22+00:00","dateModified":"2025-01-06T13:24:22+00:00","description":"En raison de la visite de l'\u00c9quipe G\u00e9n\u00e9rale et la R\u00e9v\u00e9rende S\u0153ur G\u00e9n\u00e9rale, une Assembl\u00e9e g\u00e9n\u00e9rale, d'abord au Gabon, puis en R\u00e9publique d\u00e9mocratique du Congo, a \u00e9t\u00e9 convoqu\u00e9e.","breadcrumb":{"@id":"https:\/\/vedruna.org\/fr\/esprit-de-famille-et-joie-a-lassemblee-de-la-province-vedruna-dafrique\/#breadcrumb"},"inLanguage":"fr-FR","potentialAction":[{"@type":"ReadAction","target":["https:\/\/vedruna.org\/fr\/esprit-de-famille-et-joie-a-lassemblee-de-la-province-vedruna-dafrique\/"]}]},{"@type":"ImageObject","inLanguage":"fr-FR","@id":"https:\/\/vedruna.org\/fr\/esprit-de-famille-et-joie-a-lassemblee-de-la-province-vedruna-dafrique\/#primaryimage","url":"https:\/\/vedruna.org\/wp-content\/uploads\/2024\/11\/IMG_20241123_104338652-scaled.jpg","contentUrl":"https:\/\/vedruna.org\/wp-content\/uploads\/2024\/11\/IMG_20241123_104338652-scaled.jpg","width":2560,"height":1920},{"@type":"BreadcrumbList","@id":"https:\/\/vedruna.org\/fr\/esprit-de-famille-et-joie-a-lassemblee-de-la-province-vedruna-dafrique\/#breadcrumb","itemListElement":[{"@type":"ListItem","position":1,"name":"Portada","item":"https:\/\/vedruna.org\/fr\/"},{"@type":"ListItem","position":2,"name":"Esprit de famille et joie lors des Assembl\u00e9es de la Province d&#8217;Afrique Vedruna"}]},{"@type":"WebSite","@id":"https:\/\/vedruna.org\/fr\/#website","url":"https:\/\/vedruna.org\/fr\/","name":"Carmelitas de la Caridad Vedruna","description":"Carmelitas de la caridad","publisher":{"@id":"https:\/\/vedruna.org\/fr\/#organization"},"potentialAction":[{"@type":"SearchAction","target":{"@type":"EntryPoint","urlTemplate":"https:\/\/vedruna.org\/fr\/?s={search_term_string}"},"query-input":{"@type":"PropertyValueSpecification","valueRequired":true,"valueName":"search_term_string"}}],"inLanguage":"fr-FR"},{"@type":"Organization","@id":"https:\/\/vedruna.org\/fr\/#organization","name":"Carmelitas de la caridad Vedruna","url":"https:\/\/vedruna.org\/fr\/","logo":{"@type":"ImageObject","inLanguage":"fr-FR","@id":"https:\/\/vedruna.org\/fr\/#\/schema\/logo\/image\/","url":"https:\/\/vedruna.org\/wp-content\/uploads\/2022\/04\/LOGO-VEDRUNA-HORIZONTAL.png","contentUrl":"https:\/\/vedruna.org\/wp-content\/uploads\/2022\/04\/LOGO-VEDRUNA-HORIZONTAL.png","width":1200,"height":463,"caption":"Carmelitas de la caridad Vedruna"},"image":{"@id":"https:\/\/vedruna.org\/fr\/#\/schema\/logo\/image\/"}},{"@type":"Person","@id":"https:\/\/vedruna.org\/fr\/#\/schema\/person\/95fe789adf27c2831fc5a049c727edf5","name":"Maria Agustina G\u00f3mez","image":{"@type":"ImageObject","inLanguage":"fr-FR","@id":"https:\/\/secure.gravatar.com\/avatar\/8af3ece86571c098b978434bbc43b948c403c1ae191f09a04e94f916638ceb2c?s=96&d=mm&r=g","url":"https:\/\/secure.gravatar.com\/avatar\/8af3ece86571c098b978434bbc43b948c403c1ae191f09a04e94f916638ceb2c?s=96&d=mm&r=g","contentUrl":"https:\/\/secure.gravatar.com\/avatar\/8af3ece86571c098b978434bbc43b948c403c1ae191f09a04e94f916638ceb2c?s=96&d=mm&r=g","caption":"Maria Agustina G\u00f3mez"},"url":"https:\/\/vedruna.org\/fr\/author\/agustina-gomez\/"}]}},"_links":{"self":[{"href":"https:\/\/vedruna.org\/fr\/wp-json\/wp\/v2\/posts\/15750","targetHints":{"allow":["GET"]}}],"collection":[{"href":"https:\/\/vedruna.org\/fr\/wp-json\/wp\/v2\/posts"}],"about":[{"href":"https:\/\/vedruna.org\/fr\/wp-json\/wp\/v2\/types\/post"}],"author":[{"embeddable":true,"href":"https:\/\/vedruna.org\/fr\/wp-json\/wp\/v2\/users\/21"}],"replies":[{"embeddable":true,"href":"https:\/\/vedruna.org\/fr\/wp-json\/wp\/v2\/comments?post=15750"}],"version-history":[{"count":13,"href":"https:\/\/vedruna.org\/fr\/wp-json\/wp\/v2\/posts\/15750\/revisions"}],"predecessor-version":[{"id":17412,"href":"https:\/\/vedruna.org\/fr\/wp-json\/wp\/v2\/posts\/15750\/revisions\/17412"}],"wp:featuredmedia":[{"embeddable":true,"href":"https:\/\/vedruna.org\/fr\/wp-json\/wp\/v2\/media\/15290"}],"wp:attachment":[{"href":"https:\/\/vedruna.org\/fr\/wp-json\/wp\/v2\/media?parent=15750"}],"wp:term":[{"taxonomy":"category","embeddable":true,"href":"https:\/\/vedruna.org\/fr\/wp-json\/wp\/v2\/categories?post=15750"},{"taxonomy":"post_tag","embeddable":true,"href":"https:\/\/vedruna.org\/fr\/wp-json\/wp\/v2\/tags?post=15750"}],"curies":[{"name":"wp","href":"https:\/\/api.w.org\/{rel}","templated":true}]}}