{"id":16495,"date":"2024-12-18T17:18:41","date_gmt":"2024-12-18T16:18:41","guid":{"rendered":"https:\/\/vedruna.org\/lavent-un-temps-pour-partager-et-se-rejouir-de-la-vie-des-personnes-agees\/"},"modified":"2024-12-18T17:18:52","modified_gmt":"2024-12-18T16:18:52","slug":"lavent-un-temps-pour-partager-et-se-rejouir-de-la-vie-des-personnes-agees","status":"publish","type":"post","link":"https:\/\/vedruna.org\/fr\/lavent-un-temps-pour-partager-et-se-rejouir-de-la-vie-des-personnes-agees\/","title":{"rendered":"L&rsquo;Avent, un temps pour partager et se r\u00e9jouir de la vie des personnes \u00e2g\u00e9es"},"content":{"rendered":"\n<p>En ce temps de l&rsquo;Avent, les membres de la Mission des Jeunes de Vedruna et du groupe de confirmation de l&rsquo;\u00e9cole Vedruna de San Felipe, Chili, ainsi que l&rsquo;enseignante et responsable de la pastorale, Gleny Acevedo, ont consacr\u00e9 du temps \u00e0 pr\u00e9parer des \u00ab\u00a0onces\u00a0\u00bb (go\u00fbter) pleins de d\u00e9tails pour les personnes \u00e2g\u00e9es de la paroisse d&rsquo;Andacollo.<\/p>\n\n<p>Il y a un mois, ils ont commenc\u00e9 \u00e0 collecter de l&rsquo;argent pour acheter un cadeau \u00e0 chacun d&rsquo;entre eux et pr\u00e9parer tout ce qu&rsquo;ils voulaient leur offrir. Cette semaine, c&rsquo;est avec enthousiasme qu&rsquo;ils ont pr\u00e9par\u00e9 de d\u00e9licieux biscuits de No\u00ebl pour les servir et les offrir \u00e0 chacun des 15 invit\u00e9s. <\/p>\n\n<p>Dans une ambiance simple, les invit\u00e9s ont pass\u00e9 un bel apr\u00e8s-midi au cours duquel, outre le lait chocolat\u00e9, le pain de P\u00e2ques, le g\u00e2teau et les sandwiches, ils ont jou\u00e9 \u00e0 une loterie dont les prix ont \u00e9t\u00e9 fournis par eux.<\/p>\n\n<p>Nous remercions Dieu pour cette exp\u00e9rience qui permet aux jeunes d&rsquo;exp\u00e9rimenter que<strong>\u00ab\u00a0nous sommes heureux lorsque nous nous donnons aux autres<\/strong>\u00a0\u00bb et que leur d\u00e9sir d&rsquo;\u00eatre solidaires les pousse \u00e0 \u00eatre cr\u00e9atifs et \u00e0 mener des actions qui apportent joie et espoir \u00e0 d&rsquo;autres personnes qui ont d\u00e9j\u00e0 donn\u00e9 leur vie et qui connaissent souvent la solitude.<\/p>\n\n<p class=\"has-text-align-right\"><strong>Sr. Flor Mar\u00eda Garrido, CCV<\/strong><\/p>\n<div class=\"pgc-sgb-cb wp-block-pgcsimplygalleryblock-slider \" data-gallery-id=\"a1351253\"style=&quot;min-height:280px&quot;><div class=\"sgb-preloader\" id=\"pr_a1351253\">\n\t<div class=\"sgb-square\" style=\"background:#d4d4d4\"><\/div>\n\t<div class=\"sgb-square\" style=\"background:#d4d4d4\"><\/div>\n\t<div class=\"sgb-square\" style=\"background:#d4d4d4\"><\/div>\n\t<div class=\"sgb-square\" style=\"background:#d4d4d4\"><\/div><\/div><div class=\"simply-gallery-amp pgc_sgb_slider \"><noscript><div class=\"sgb-gallery\"><div class=\"sgb-item\"><a href=\"https:\/\/vedruna.org\/?attachment_id=16313\" target=\"_blank\"><img decoding=\"async\" alt=\"\" width=\"225\" height=\"300\" loading=\"lazy\" src=\"https:\/\/vedruna.org\/wp-content\/uploads\/2024\/12\/3-225x300.jpg\" srcset=\"https:\/\/vedruna.org\/wp-content\/uploads\/2024\/12\/3-225x300.jpg 225w,https:\/\/vedruna.org\/wp-content\/uploads\/2024\/12\/3-768x1024.jpg 768w,https:\/\/vedruna.org\/wp-content\/uploads\/2024\/12\/3.jpg 1200w\" sizes=\"250px\"\/><\/a><\/div><div class=\"sgb-item\"><a href=\"https:\/\/vedruna.org\/?attachment_id=16317\" target=\"_blank\"><img decoding=\"async\" alt=\"\" width=\"225\" height=\"300\" loading=\"lazy\" src=\"https:\/\/vedruna.org\/wp-content\/uploads\/2024\/12\/2-225x300.jpg\" srcset=\"https:\/\/vedruna.org\/wp-content\/uploads\/2024\/12\/2-225x300.jpg 225w,https:\/\/vedruna.org\/wp-content\/uploads\/2024\/12\/2-768x1024.jpg 768w,https:\/\/vedruna.org\/wp-content\/uploads\/2024\/12\/2.jpg 1200w\" sizes=\"250px\"\/><\/a><\/div><div class=\"sgb-item\"><a href=\"https:\/\/vedruna.org\/?attachment_id=16321\" target=\"_blank\"><img decoding=\"async\" alt=\"\" width=\"300\" height=\"169\" loading=\"lazy\" src=\"https:\/\/vedruna.org\/wp-content\/uploads\/2024\/12\/5-300x169.jpg\" srcset=\"https:\/\/vedruna.org\/wp-content\/uploads\/2024\/12\/5-300x169.jpg 300w,https:\/\/vedruna.org\/wp-content\/uploads\/2024\/12\/5-1024x576.jpg 1024w,https:\/\/vedruna.org\/wp-content\/uploads\/2024\/12\/5-scaled.jpg 2560w\" sizes=\"250px\"\/><\/a><\/div><div class=\"sgb-item\"><a href=\"https:\/\/vedruna.org\/?attachment_id=16325\" target=\"_blank\"><img decoding=\"async\" alt=\"\" width=\"300\" height=\"169\" loading=\"lazy\" src=\"https:\/\/vedruna.org\/wp-content\/uploads\/2024\/12\/6-300x169.jpg\" srcset=\"https:\/\/vedruna.org\/wp-content\/uploads\/2024\/12\/6-300x169.jpg 300w,https:\/\/vedruna.org\/wp-content\/uploads\/2024\/12\/6-1024x576.jpg 1024w,https:\/\/vedruna.org\/wp-content\/uploads\/2024\/12\/6-scaled.jpg 2560w\" sizes=\"250px\"\/><\/a><\/div><div class=\"sgb-item\"><a href=\"https:\/\/vedruna.org\/?attachment_id=16329\" target=\"_blank\"><img decoding=\"async\" alt=\"\" width=\"169\" height=\"300\" loading=\"lazy\" src=\"https:\/\/vedruna.org\/wp-content\/uploads\/2024\/12\/7-169x300.jpg\" srcset=\"https:\/\/vedruna.org\/wp-content\/uploads\/2024\/12\/7-169x300.jpg 169w,https:\/\/vedruna.org\/wp-content\/uploads\/2024\/12\/7-576x1024.jpg 576w,https:\/\/vedruna.org\/wp-content\/uploads\/2024\/12\/7-scaled.jpg 1440w\" sizes=\"250px\"\/><\/a><\/div><\/div><\/noscript><\/div><script type=\"application\/json\" class=\"sgb-data\">{\"externalLink\":false,\"captions\":false,\"collectionThumbSubMenuDownload\":false,\"collectionThumbSubMenuShare\":false,\"sliderMaxHeight\":280,\"sliderAdminWidth\":823,\"responsiveHeight\":true,\"galleryType\":\"pgc_sgb_slider\",\"galleryId\":\"a1351253\",\"images\":[{\"id\":16313,\"title\":\"3\",\"url\":\"https:\/\/vedruna.org\/wp-content\/uploads\/2024\/12\/3.jpg\",\"link\":\"https:\/\/vedruna.org\/?attachment_id=16313\",\"alt\":\"\",\"description\":\"\",\"caption\":\"\",\"mime\":\"image\/jpeg\",\"type\":\"image\",\"width\":1200,\"height\":1600,\"sizes\":{\"thumbnail\":{\"height\":150,\"width\":150,\"url\":\"https:\/\/vedruna.org\/wp-content\/uploads\/2024\/12\/3-150x150.jpg\",\"orientation\":\"landscape\"},\"medium\":{\"height\":300,\"width\":225,\"url\":\"https:\/\/vedruna.org\/wp-content\/uploads\/2024\/12\/3-225x300.jpg\",\"orientation\":\"portrait\"},\"large\":{\"height\":1024,\"width\":768,\"url\":\"https:\/\/vedruna.org\/wp-content\/uploads\/2024\/12\/3-768x1024.jpg\",\"orientation\":\"portrait\"},\"full\":{\"url\":\"https:\/\/vedruna.org\/wp-content\/uploads\/2024\/12\/3.jpg\",\"height\":1600,\"width\":1200,\"orientation\":\"portrait\"}},\"imageMeta\":{\"aperture\":\"0\",\"credit\":\"\",\"camera\":\"\",\"caption\":\"\",\"created_timestamp\":\"0\",\"copyright\":\"\",\"focal_length\":\"0\",\"iso\":\"0\",\"shutter_speed\":\"0\",\"title\":\"\",\"orientation\":\"0\",\"keywords\":[]},\"meta\":false,\"postlink\":\"https:\/\/vedruna.org\/?attachment_id=16313\"},{\"id\":16317,\"title\":\"2\",\"url\":\"https:\/\/vedruna.org\/wp-content\/uploads\/2024\/12\/2.jpg\",\"link\":\"https:\/\/vedruna.org\/?attachment_id=16317\",\"alt\":\"\",\"description\":\"\",\"caption\":\"\",\"mime\":\"image\/jpeg\",\"type\":\"image\",\"width\":1200,\"height\":1600,\"sizes\":{\"thumbnail\":{\"height\":150,\"width\":150,\"url\":\"https:\/\/vedruna.org\/wp-content\/uploads\/2024\/12\/2-150x150.jpg\",\"orientation\":\"landscape\"},\"medium\":{\"height\":300,\"width\":225,\"url\":\"https:\/\/vedruna.org\/wp-content\/uploads\/2024\/12\/2-225x300.jpg\",\"orientation\":\"portrait\"},\"large\":{\"height\":1024,\"width\":768,\"url\":\"https:\/\/vedruna.org\/wp-content\/uploads\/2024\/12\/2-768x1024.jpg\",\"orientation\":\"portrait\"},\"full\":{\"url\":\"https:\/\/vedruna.org\/wp-content\/uploads\/2024\/12\/2.jpg\",\"height\":1600,\"width\":1200,\"orientation\":\"portrait\"}},\"imageMeta\":{\"aperture\":\"0\",\"credit\":\"\",\"camera\":\"\",\"caption\":\"\",\"created_timestamp\":\"0\",\"copyright\":\"\",\"focal_length\":\"0\",\"iso\":\"0\",\"shutter_speed\":\"0\",\"title\":\"\",\"orientation\":\"1\",\"keywords\":[]},\"meta\":false,\"postlink\":\"https:\/\/vedruna.org\/?attachment_id=16317\"},{\"id\":16321,\"title\":\"5\",\"url\":\"https:\/\/vedruna.org\/wp-content\/uploads\/2024\/12\/5-scaled.jpg\",\"link\":\"https:\/\/vedruna.org\/?attachment_id=16321\",\"alt\":\"\",\"description\":\"\",\"caption\":\"\",\"mime\":\"image\/jpeg\",\"type\":\"image\",\"width\":2560,\"height\":1440,\"sizes\":{\"thumbnail\":{\"height\":150,\"width\":150,\"url\":\"https:\/\/vedruna.org\/wp-content\/uploads\/2024\/12\/5-150x150.jpg\",\"orientation\":\"landscape\"},\"medium\":{\"height\":169,\"width\":300,\"url\":\"https:\/\/vedruna.org\/wp-content\/uploads\/2024\/12\/5-300x169.jpg\",\"orientation\":\"landscape\"},\"large\":{\"height\":576,\"width\":1024,\"url\":\"https:\/\/vedruna.org\/wp-content\/uploads\/2024\/12\/5-1024x576.jpg\",\"orientation\":\"landscape\"},\"full\":{\"url\":\"https:\/\/vedruna.org\/wp-content\/uploads\/2024\/12\/5-scaled.jpg\",\"height\":1440,\"width\":2560,\"orientation\":\"landscape\"}},\"imageMeta\":{\"aperture\":\"1.9\",\"credit\":\"\",\"camera\":\"SM-A205G\",\"caption\":\"\",\"created_timestamp\":\"1734452287\",\"copyright\":\"\",\"focal_length\":\"3.6\",\"iso\":\"125\",\"shutter_speed\":\"0.02\",\"title\":\"\",\"orientation\":1,\"keywords\":[]},\"meta\":false,\"postlink\":\"https:\/\/vedruna.org\/?attachment_id=16321\"},{\"id\":16325,\"title\":\"6\",\"url\":\"https:\/\/vedruna.org\/wp-content\/uploads\/2024\/12\/6-scaled.jpg\",\"link\":\"https:\/\/vedruna.org\/?attachment_id=16325\",\"alt\":\"\",\"description\":\"\",\"caption\":\"\",\"mime\":\"image\/jpeg\",\"type\":\"image\",\"width\":2560,\"height\":1440,\"sizes\":{\"thumbnail\":{\"height\":150,\"width\":150,\"url\":\"https:\/\/vedruna.org\/wp-content\/uploads\/2024\/12\/6-150x150.jpg\",\"orientation\":\"landscape\"},\"medium\":{\"height\":169,\"width\":300,\"url\":\"https:\/\/vedruna.org\/wp-content\/uploads\/2024\/12\/6-300x169.jpg\",\"orientation\":\"landscape\"},\"large\":{\"height\":576,\"width\":1024,\"url\":\"https:\/\/vedruna.org\/wp-content\/uploads\/2024\/12\/6-1024x576.jpg\",\"orientation\":\"landscape\"},\"full\":{\"url\":\"https:\/\/vedruna.org\/wp-content\/uploads\/2024\/12\/6-scaled.jpg\",\"height\":1440,\"width\":2560,\"orientation\":\"landscape\"}},\"imageMeta\":{\"aperture\":\"1.9\",\"credit\":\"\",\"camera\":\"SM-A205G\",\"caption\":\"\",\"created_timestamp\":\"1734458584\",\"copyright\":\"\",\"focal_length\":\"3.6\",\"iso\":\"250\",\"shutter_speed\":\"0.02\",\"title\":\"\",\"orientation\":1,\"keywords\":[]},\"meta\":false,\"postlink\":\"https:\/\/vedruna.org\/?attachment_id=16325\"},{\"id\":16329,\"title\":\"7\",\"url\":\"https:\/\/vedruna.org\/wp-content\/uploads\/2024\/12\/7-scaled.jpg\",\"link\":\"https:\/\/vedruna.org\/?attachment_id=16329\",\"alt\":\"\",\"description\":\"\",\"caption\":\"\",\"mime\":\"image\/jpeg\",\"type\":\"image\",\"width\":1440,\"height\":2560,\"sizes\":{\"thumbnail\":{\"height\":150,\"width\":150,\"url\":\"https:\/\/vedruna.org\/wp-content\/uploads\/2024\/12\/7-150x150.jpg\",\"orientation\":\"landscape\"},\"medium\":{\"height\":300,\"width\":169,\"url\":\"https:\/\/vedruna.org\/wp-content\/uploads\/2024\/12\/7-169x300.jpg\",\"orientation\":\"portrait\"},\"large\":{\"height\":1024,\"width\":576,\"url\":\"https:\/\/vedruna.org\/wp-content\/uploads\/2024\/12\/7-576x1024.jpg\",\"orientation\":\"portrait\"},\"full\":{\"url\":\"https:\/\/vedruna.org\/wp-content\/uploads\/2024\/12\/7-scaled.jpg\",\"height\":2560,\"width\":1440,\"orientation\":\"portrait\"}},\"imageMeta\":{\"aperture\":\"1.9\",\"credit\":\"\",\"camera\":\"SM-A205G\",\"caption\":\"\",\"created_timestamp\":\"1734458613\",\"copyright\":\"\",\"focal_length\":\"3.6\",\"iso\":\"250\",\"shutter_speed\":\"0.02\",\"title\":\"\",\"orientation\":1,\"keywords\":[]},\"meta\":false,\"postlink\":\"https:\/\/vedruna.org\/?attachment_id=16329\"}],\"translatedWithWPMLTM\":\"1\",\"itemsMetaDataCollection\":[]}<\/script><script>(function(){if(window.PGC_SGB && window.PGC_SGB.searcher){window.PGC_SGB.searcher.initBlocks()}})()<\/script><\/div>","protected":false},"excerpt":{"rendered":"<p>En ce temps de l&rsquo;Avent, les membres de la Mission des Jeunes de Vedruna et du groupe de confirmation de l&rsquo;\u00e9cole Vedruna de San Felipe, Chili, ainsi que l&rsquo;enseignante et responsable de la pastorale, Gleny Acevedo, ont consacr\u00e9 du temps \u00e0 pr\u00e9parer des \u00ab\u00a0onces\u00a0\u00bb (go\u00fbter) pleins de d\u00e9tails pour les personnes \u00e2g\u00e9es de la paroisse [&hellip;]<\/p>\n","protected":false},"author":4,"featured_media":16336,"comment_status":"closed","ping_status":"closed","sticky":false,"template":"","format":"standard","meta":{"_et_pb_use_builder":"","_et_pb_old_content":"","_et_gb_content_width":"","pgc_sgb_lightbox_settings":"","footnotes":""},"categories":[99,100,146],"tags":[],"class_list":["post-16495","post","type-post","status-publish","format-standard","has-post-thumbnail","hentry","category-chili","category-melipilla-fr","category-vedrunamerica-fr"],"yoast_head":"<!-- This site is optimized with the Yoast SEO plugin v27.5 - https:\/\/yoast.com\/product\/yoast-seo-wordpress\/ -->\n<title>L&#039;Avent, un temps pour partager et se r\u00e9jouir de la vie des personnes \u00e2g\u00e9es - Carmelitas de la Caridad Vedruna<\/title>\n<meta name=\"description\" content=\"Les jeunes de la Mission des jeunes de Vedruna et le groupe de confirmation de l&#039;\u00e9cole Vedruna de San Felipe pr\u00e9parent un go\u00fbter pour les personnes \u00e2g\u00e9es de la paroisse d&#039;Andacollo.\" \/>\n<meta name=\"robots\" content=\"index, follow, max-snippet:-1, max-image-preview:large, max-video-preview:-1\" \/>\n<link rel=\"canonical\" href=\"https:\/\/vedruna.org\/fr\/lavent-un-temps-pour-partager-et-se-rejouir-de-la-vie-des-personnes-agees\/\" \/>\n<meta property=\"og:locale\" content=\"fr_FR\" \/>\n<meta property=\"og:type\" content=\"article\" \/>\n<meta property=\"og:title\" content=\"L&#039;Avent, un temps pour partager et se r\u00e9jouir de la vie des personnes \u00e2g\u00e9es - Carmelitas de la Caridad Vedruna\" \/>\n<meta property=\"og:description\" content=\"Les jeunes de la Mission des jeunes de Vedruna et le groupe de confirmation de l&#039;\u00e9cole Vedruna de San Felipe pr\u00e9parent un go\u00fbter pour les personnes \u00e2g\u00e9es de la paroisse d&#039;Andacollo.\" \/>\n<meta property=\"og:url\" content=\"https:\/\/vedruna.org\/fr\/lavent-un-temps-pour-partager-et-se-rejouir-de-la-vie-des-personnes-agees\/\" \/>\n<meta property=\"og:site_name\" content=\"Carmelitas de la Caridad Vedruna\" \/>\n<meta property=\"article:published_time\" content=\"2024-12-18T16:18:41+00:00\" \/>\n<meta property=\"article:modified_time\" content=\"2024-12-18T16:18:52+00:00\" \/>\n<meta property=\"og:image\" content=\"https:\/\/vedruna.org\/wp-content\/uploads\/2024\/12\/principal.jpg\" \/>\n\t<meta property=\"og:image:width\" content=\"1600\" \/>\n\t<meta property=\"og:image:height\" content=\"1200\" \/>\n\t<meta property=\"og:image:type\" content=\"image\/jpeg\" \/>\n<meta name=\"author\" content=\"Comunicaci\u00f3n Vedrunam\u00e9rica\" \/>\n<meta name=\"twitter:card\" content=\"summary_large_image\" \/>\n<meta name=\"twitter:label1\" content=\"\u00c9crit par\" \/>\n\t<meta name=\"twitter:data1\" content=\"Comunicaci\u00f3n Vedrunam\u00e9rica\" \/>\n\t<meta name=\"twitter:label2\" content=\"Dur\u00e9e de lecture estim\u00e9e\" \/>\n\t<meta name=\"twitter:data2\" content=\"1 minute\" \/>\n<script type=\"application\/ld+json\" class=\"yoast-schema-graph\">{\"@context\":\"https:\\\/\\\/schema.org\",\"@graph\":[{\"@type\":\"Article\",\"@id\":\"https:\\\/\\\/vedruna.org\\\/fr\\\/lavent-un-temps-pour-partager-et-se-rejouir-de-la-vie-des-personnes-agees\\\/#article\",\"isPartOf\":{\"@id\":\"https:\\\/\\\/vedruna.org\\\/fr\\\/lavent-un-temps-pour-partager-et-se-rejouir-de-la-vie-des-personnes-agees\\\/\"},\"author\":{\"name\":\"Comunicaci\u00f3n Vedrunam\u00e9rica\",\"@id\":\"https:\\\/\\\/vedruna.org\\\/fr\\\/#\\\/schema\\\/person\\\/cf468646189533fb6a3aae475663fdc7\"},\"headline\":\"L&rsquo;Avent, un temps pour partager et se r\u00e9jouir de la vie des personnes \u00e2g\u00e9es\",\"datePublished\":\"2024-12-18T16:18:41+00:00\",\"dateModified\":\"2024-12-18T16:18:52+00:00\",\"mainEntityOfPage\":{\"@id\":\"https:\\\/\\\/vedruna.org\\\/fr\\\/lavent-un-temps-pour-partager-et-se-rejouir-de-la-vie-des-personnes-agees\\\/\"},\"wordCount\":250,\"publisher\":{\"@id\":\"https:\\\/\\\/vedruna.org\\\/fr\\\/#organization\"},\"image\":{\"@id\":\"https:\\\/\\\/vedruna.org\\\/fr\\\/lavent-un-temps-pour-partager-et-se-rejouir-de-la-vie-des-personnes-agees\\\/#primaryimage\"},\"thumbnailUrl\":\"https:\\\/\\\/vedruna.org\\\/wp-content\\\/uploads\\\/2024\\\/12\\\/principal.jpg\",\"articleSection\":[\"Chili\",\"Melipilla\",\"Vedrunamerica\"],\"inLanguage\":\"fr-FR\"},{\"@type\":\"WebPage\",\"@id\":\"https:\\\/\\\/vedruna.org\\\/fr\\\/lavent-un-temps-pour-partager-et-se-rejouir-de-la-vie-des-personnes-agees\\\/\",\"url\":\"https:\\\/\\\/vedruna.org\\\/fr\\\/lavent-un-temps-pour-partager-et-se-rejouir-de-la-vie-des-personnes-agees\\\/\",\"name\":\"L'Avent, un temps pour partager et se r\u00e9jouir de la vie des personnes \u00e2g\u00e9es - Carmelitas de la Caridad Vedruna\",\"isPartOf\":{\"@id\":\"https:\\\/\\\/vedruna.org\\\/fr\\\/#website\"},\"primaryImageOfPage\":{\"@id\":\"https:\\\/\\\/vedruna.org\\\/fr\\\/lavent-un-temps-pour-partager-et-se-rejouir-de-la-vie-des-personnes-agees\\\/#primaryimage\"},\"image\":{\"@id\":\"https:\\\/\\\/vedruna.org\\\/fr\\\/lavent-un-temps-pour-partager-et-se-rejouir-de-la-vie-des-personnes-agees\\\/#primaryimage\"},\"thumbnailUrl\":\"https:\\\/\\\/vedruna.org\\\/wp-content\\\/uploads\\\/2024\\\/12\\\/principal.jpg\",\"datePublished\":\"2024-12-18T16:18:41+00:00\",\"dateModified\":\"2024-12-18T16:18:52+00:00\",\"description\":\"Les jeunes de la Mission des jeunes de Vedruna et le groupe de confirmation de l'\u00e9cole Vedruna de San Felipe pr\u00e9parent un go\u00fbter pour les personnes \u00e2g\u00e9es de la paroisse d'Andacollo.\",\"breadcrumb\":{\"@id\":\"https:\\\/\\\/vedruna.org\\\/fr\\\/lavent-un-temps-pour-partager-et-se-rejouir-de-la-vie-des-personnes-agees\\\/#breadcrumb\"},\"inLanguage\":\"fr-FR\",\"potentialAction\":[{\"@type\":\"ReadAction\",\"target\":[\"https:\\\/\\\/vedruna.org\\\/fr\\\/lavent-un-temps-pour-partager-et-se-rejouir-de-la-vie-des-personnes-agees\\\/\"]}]},{\"@type\":\"ImageObject\",\"inLanguage\":\"fr-FR\",\"@id\":\"https:\\\/\\\/vedruna.org\\\/fr\\\/lavent-un-temps-pour-partager-et-se-rejouir-de-la-vie-des-personnes-agees\\\/#primaryimage\",\"url\":\"https:\\\/\\\/vedruna.org\\\/wp-content\\\/uploads\\\/2024\\\/12\\\/principal.jpg\",\"contentUrl\":\"https:\\\/\\\/vedruna.org\\\/wp-content\\\/uploads\\\/2024\\\/12\\\/principal.jpg\",\"width\":1600,\"height\":1200},{\"@type\":\"BreadcrumbList\",\"@id\":\"https:\\\/\\\/vedruna.org\\\/fr\\\/lavent-un-temps-pour-partager-et-se-rejouir-de-la-vie-des-personnes-agees\\\/#breadcrumb\",\"itemListElement\":[{\"@type\":\"ListItem\",\"position\":1,\"name\":\"Portada\",\"item\":\"https:\\\/\\\/vedruna.org\\\/fr\\\/\"},{\"@type\":\"ListItem\",\"position\":2,\"name\":\"L&rsquo;Avent, un temps pour partager et se r\u00e9jouir de la vie des personnes \u00e2g\u00e9es\"}]},{\"@type\":\"WebSite\",\"@id\":\"https:\\\/\\\/vedruna.org\\\/fr\\\/#website\",\"url\":\"https:\\\/\\\/vedruna.org\\\/fr\\\/\",\"name\":\"Carmelitas de la Caridad Vedruna\",\"description\":\"Carmelitas de la caridad\",\"publisher\":{\"@id\":\"https:\\\/\\\/vedruna.org\\\/fr\\\/#organization\"},\"potentialAction\":[{\"@type\":\"SearchAction\",\"target\":{\"@type\":\"EntryPoint\",\"urlTemplate\":\"https:\\\/\\\/vedruna.org\\\/fr\\\/?s={search_term_string}\"},\"query-input\":{\"@type\":\"PropertyValueSpecification\",\"valueRequired\":true,\"valueName\":\"search_term_string\"}}],\"inLanguage\":\"fr-FR\"},{\"@type\":\"Organization\",\"@id\":\"https:\\\/\\\/vedruna.org\\\/fr\\\/#organization\",\"name\":\"Carmelitas de la caridad Vedruna\",\"url\":\"https:\\\/\\\/vedruna.org\\\/fr\\\/\",\"logo\":{\"@type\":\"ImageObject\",\"inLanguage\":\"fr-FR\",\"@id\":\"https:\\\/\\\/vedruna.org\\\/fr\\\/#\\\/schema\\\/logo\\\/image\\\/\",\"url\":\"https:\\\/\\\/vedruna.org\\\/wp-content\\\/uploads\\\/2022\\\/04\\\/LOGO-VEDRUNA-HORIZONTAL.png\",\"contentUrl\":\"https:\\\/\\\/vedruna.org\\\/wp-content\\\/uploads\\\/2022\\\/04\\\/LOGO-VEDRUNA-HORIZONTAL.png\",\"width\":1200,\"height\":463,\"caption\":\"Carmelitas de la caridad Vedruna\"},\"image\":{\"@id\":\"https:\\\/\\\/vedruna.org\\\/fr\\\/#\\\/schema\\\/logo\\\/image\\\/\"}},{\"@type\":\"Person\",\"@id\":\"https:\\\/\\\/vedruna.org\\\/fr\\\/#\\\/schema\\\/person\\\/cf468646189533fb6a3aae475663fdc7\",\"name\":\"Comunicaci\u00f3n Vedrunam\u00e9rica\",\"image\":{\"@type\":\"ImageObject\",\"inLanguage\":\"fr-FR\",\"@id\":\"https:\\\/\\\/secure.gravatar.com\\\/avatar\\\/b4eff91ff87ece2131a5d31270e1df0a7eeaffece756ce6503fd7dce879d1bfc?s=96&d=mm&r=g\",\"url\":\"https:\\\/\\\/secure.gravatar.com\\\/avatar\\\/b4eff91ff87ece2131a5d31270e1df0a7eeaffece756ce6503fd7dce879d1bfc?s=96&d=mm&r=g\",\"contentUrl\":\"https:\\\/\\\/secure.gravatar.com\\\/avatar\\\/b4eff91ff87ece2131a5d31270e1df0a7eeaffece756ce6503fd7dce879d1bfc?s=96&d=mm&r=g\",\"caption\":\"Comunicaci\u00f3n Vedrunam\u00e9rica\"},\"url\":\"https:\\\/\\\/vedruna.org\\\/fr\\\/author\\\/comunicacion-vedrunamerica\\\/\"}]}<\/script>\n<!-- \/ Yoast SEO plugin. -->","yoast_head_json":{"title":"L'Avent, un temps pour partager et se r\u00e9jouir de la vie des personnes \u00e2g\u00e9es - Carmelitas de la Caridad Vedruna","description":"Les jeunes de la Mission des jeunes de Vedruna et le groupe de confirmation de l'\u00e9cole Vedruna de San Felipe pr\u00e9parent un go\u00fbter pour les personnes \u00e2g\u00e9es de la paroisse d'Andacollo.","robots":{"index":"index","follow":"follow","max-snippet":"max-snippet:-1","max-image-preview":"max-image-preview:large","max-video-preview":"max-video-preview:-1"},"canonical":"https:\/\/vedruna.org\/fr\/lavent-un-temps-pour-partager-et-se-rejouir-de-la-vie-des-personnes-agees\/","og_locale":"fr_FR","og_type":"article","og_title":"L'Avent, un temps pour partager et se r\u00e9jouir de la vie des personnes \u00e2g\u00e9es - Carmelitas de la Caridad Vedruna","og_description":"Les jeunes de la Mission des jeunes de Vedruna et le groupe de confirmation de l'\u00e9cole Vedruna de San Felipe pr\u00e9parent un go\u00fbter pour les personnes \u00e2g\u00e9es de la paroisse d'Andacollo.","og_url":"https:\/\/vedruna.org\/fr\/lavent-un-temps-pour-partager-et-se-rejouir-de-la-vie-des-personnes-agees\/","og_site_name":"Carmelitas de la Caridad Vedruna","article_published_time":"2024-12-18T16:18:41+00:00","article_modified_time":"2024-12-18T16:18:52+00:00","og_image":[{"width":1600,"height":1200,"url":"https:\/\/vedruna.org\/wp-content\/uploads\/2024\/12\/principal.jpg","type":"image\/jpeg"}],"author":"Comunicaci\u00f3n Vedrunam\u00e9rica","twitter_card":"summary_large_image","twitter_misc":{"\u00c9crit par":"Comunicaci\u00f3n Vedrunam\u00e9rica","Dur\u00e9e de lecture estim\u00e9e":"1 minute"},"schema":{"@context":"https:\/\/schema.org","@graph":[{"@type":"Article","@id":"https:\/\/vedruna.org\/fr\/lavent-un-temps-pour-partager-et-se-rejouir-de-la-vie-des-personnes-agees\/#article","isPartOf":{"@id":"https:\/\/vedruna.org\/fr\/lavent-un-temps-pour-partager-et-se-rejouir-de-la-vie-des-personnes-agees\/"},"author":{"name":"Comunicaci\u00f3n Vedrunam\u00e9rica","@id":"https:\/\/vedruna.org\/fr\/#\/schema\/person\/cf468646189533fb6a3aae475663fdc7"},"headline":"L&rsquo;Avent, un temps pour partager et se r\u00e9jouir de la vie des personnes \u00e2g\u00e9es","datePublished":"2024-12-18T16:18:41+00:00","dateModified":"2024-12-18T16:18:52+00:00","mainEntityOfPage":{"@id":"https:\/\/vedruna.org\/fr\/lavent-un-temps-pour-partager-et-se-rejouir-de-la-vie-des-personnes-agees\/"},"wordCount":250,"publisher":{"@id":"https:\/\/vedruna.org\/fr\/#organization"},"image":{"@id":"https:\/\/vedruna.org\/fr\/lavent-un-temps-pour-partager-et-se-rejouir-de-la-vie-des-personnes-agees\/#primaryimage"},"thumbnailUrl":"https:\/\/vedruna.org\/wp-content\/uploads\/2024\/12\/principal.jpg","articleSection":["Chili","Melipilla","Vedrunamerica"],"inLanguage":"fr-FR"},{"@type":"WebPage","@id":"https:\/\/vedruna.org\/fr\/lavent-un-temps-pour-partager-et-se-rejouir-de-la-vie-des-personnes-agees\/","url":"https:\/\/vedruna.org\/fr\/lavent-un-temps-pour-partager-et-se-rejouir-de-la-vie-des-personnes-agees\/","name":"L'Avent, un temps pour partager et se r\u00e9jouir de la vie des personnes \u00e2g\u00e9es - Carmelitas de la Caridad Vedruna","isPartOf":{"@id":"https:\/\/vedruna.org\/fr\/#website"},"primaryImageOfPage":{"@id":"https:\/\/vedruna.org\/fr\/lavent-un-temps-pour-partager-et-se-rejouir-de-la-vie-des-personnes-agees\/#primaryimage"},"image":{"@id":"https:\/\/vedruna.org\/fr\/lavent-un-temps-pour-partager-et-se-rejouir-de-la-vie-des-personnes-agees\/#primaryimage"},"thumbnailUrl":"https:\/\/vedruna.org\/wp-content\/uploads\/2024\/12\/principal.jpg","datePublished":"2024-12-18T16:18:41+00:00","dateModified":"2024-12-18T16:18:52+00:00","description":"Les jeunes de la Mission des jeunes de Vedruna et le groupe de confirmation de l'\u00e9cole Vedruna de San Felipe pr\u00e9parent un go\u00fbter pour les personnes \u00e2g\u00e9es de la paroisse d'Andacollo.","breadcrumb":{"@id":"https:\/\/vedruna.org\/fr\/lavent-un-temps-pour-partager-et-se-rejouir-de-la-vie-des-personnes-agees\/#breadcrumb"},"inLanguage":"fr-FR","potentialAction":[{"@type":"ReadAction","target":["https:\/\/vedruna.org\/fr\/lavent-un-temps-pour-partager-et-se-rejouir-de-la-vie-des-personnes-agees\/"]}]},{"@type":"ImageObject","inLanguage":"fr-FR","@id":"https:\/\/vedruna.org\/fr\/lavent-un-temps-pour-partager-et-se-rejouir-de-la-vie-des-personnes-agees\/#primaryimage","url":"https:\/\/vedruna.org\/wp-content\/uploads\/2024\/12\/principal.jpg","contentUrl":"https:\/\/vedruna.org\/wp-content\/uploads\/2024\/12\/principal.jpg","width":1600,"height":1200},{"@type":"BreadcrumbList","@id":"https:\/\/vedruna.org\/fr\/lavent-un-temps-pour-partager-et-se-rejouir-de-la-vie-des-personnes-agees\/#breadcrumb","itemListElement":[{"@type":"ListItem","position":1,"name":"Portada","item":"https:\/\/vedruna.org\/fr\/"},{"@type":"ListItem","position":2,"name":"L&rsquo;Avent, un temps pour partager et se r\u00e9jouir de la vie des personnes \u00e2g\u00e9es"}]},{"@type":"WebSite","@id":"https:\/\/vedruna.org\/fr\/#website","url":"https:\/\/vedruna.org\/fr\/","name":"Carmelitas de la Caridad Vedruna","description":"Carmelitas de la caridad","publisher":{"@id":"https:\/\/vedruna.org\/fr\/#organization"},"potentialAction":[{"@type":"SearchAction","target":{"@type":"EntryPoint","urlTemplate":"https:\/\/vedruna.org\/fr\/?s={search_term_string}"},"query-input":{"@type":"PropertyValueSpecification","valueRequired":true,"valueName":"search_term_string"}}],"inLanguage":"fr-FR"},{"@type":"Organization","@id":"https:\/\/vedruna.org\/fr\/#organization","name":"Carmelitas de la caridad Vedruna","url":"https:\/\/vedruna.org\/fr\/","logo":{"@type":"ImageObject","inLanguage":"fr-FR","@id":"https:\/\/vedruna.org\/fr\/#\/schema\/logo\/image\/","url":"https:\/\/vedruna.org\/wp-content\/uploads\/2022\/04\/LOGO-VEDRUNA-HORIZONTAL.png","contentUrl":"https:\/\/vedruna.org\/wp-content\/uploads\/2022\/04\/LOGO-VEDRUNA-HORIZONTAL.png","width":1200,"height":463,"caption":"Carmelitas de la caridad Vedruna"},"image":{"@id":"https:\/\/vedruna.org\/fr\/#\/schema\/logo\/image\/"}},{"@type":"Person","@id":"https:\/\/vedruna.org\/fr\/#\/schema\/person\/cf468646189533fb6a3aae475663fdc7","name":"Comunicaci\u00f3n Vedrunam\u00e9rica","image":{"@type":"ImageObject","inLanguage":"fr-FR","@id":"https:\/\/secure.gravatar.com\/avatar\/b4eff91ff87ece2131a5d31270e1df0a7eeaffece756ce6503fd7dce879d1bfc?s=96&d=mm&r=g","url":"https:\/\/secure.gravatar.com\/avatar\/b4eff91ff87ece2131a5d31270e1df0a7eeaffece756ce6503fd7dce879d1bfc?s=96&d=mm&r=g","contentUrl":"https:\/\/secure.gravatar.com\/avatar\/b4eff91ff87ece2131a5d31270e1df0a7eeaffece756ce6503fd7dce879d1bfc?s=96&d=mm&r=g","caption":"Comunicaci\u00f3n Vedrunam\u00e9rica"},"url":"https:\/\/vedruna.org\/fr\/author\/comunicacion-vedrunamerica\/"}]}},"_links":{"self":[{"href":"https:\/\/vedruna.org\/fr\/wp-json\/wp\/v2\/posts\/16495","targetHints":{"allow":["GET"]}}],"collection":[{"href":"https:\/\/vedruna.org\/fr\/wp-json\/wp\/v2\/posts"}],"about":[{"href":"https:\/\/vedruna.org\/fr\/wp-json\/wp\/v2\/types\/post"}],"author":[{"embeddable":true,"href":"https:\/\/vedruna.org\/fr\/wp-json\/wp\/v2\/users\/4"}],"replies":[{"embeddable":true,"href":"https:\/\/vedruna.org\/fr\/wp-json\/wp\/v2\/comments?post=16495"}],"version-history":[{"count":1,"href":"https:\/\/vedruna.org\/fr\/wp-json\/wp\/v2\/posts\/16495\/revisions"}],"predecessor-version":[{"id":16497,"href":"https:\/\/vedruna.org\/fr\/wp-json\/wp\/v2\/posts\/16495\/revisions\/16497"}],"wp:featuredmedia":[{"embeddable":true,"href":"https:\/\/vedruna.org\/fr\/wp-json\/wp\/v2\/media\/16336"}],"wp:attachment":[{"href":"https:\/\/vedruna.org\/fr\/wp-json\/wp\/v2\/media?parent=16495"}],"wp:term":[{"taxonomy":"category","embeddable":true,"href":"https:\/\/vedruna.org\/fr\/wp-json\/wp\/v2\/categories?post=16495"},{"taxonomy":"post_tag","embeddable":true,"href":"https:\/\/vedruna.org\/fr\/wp-json\/wp\/v2\/tags?post=16495"}],"curies":[{"name":"wp","href":"https:\/\/api.w.org\/{rel}","templated":true}]}}