{"id":19061,"date":"2025-02-07T07:36:00","date_gmt":"2025-02-07T06:36:00","guid":{"rendered":"https:\/\/vedruna.org\/?p=19061"},"modified":"2025-02-06T14:17:00","modified_gmt":"2025-02-06T13:17:00","slug":"les-equipes-de-gestion-educative-au-venezuela-partagent-accueillent-et-promeuvent","status":"publish","type":"post","link":"https:\/\/vedruna.org\/fr\/les-equipes-de-gestion-educative-au-venezuela-partagent-accueillent-et-promeuvent\/","title":{"rendered":"Les \u00e9quipes de gestion \u00e9ducative au Venezuela partagent, accueillent et promeuvent"},"content":{"rendered":"\n<p>\u00ab\u00a0<strong>Na\u00eetre \u00e0 nouveau<\/strong>\u00a0\u00bb est notre devise et notre horizon d&rsquo;inspiration pour l&rsquo;ann\u00e9e scolaire 2024-2025. C&rsquo;est dans cet esprit et avec cette intention que s&rsquo;est tenue, du 23 au 25 janvier, notre <strong>r\u00e9union des \u00e9quipes de direction <\/strong>. Tous les centres \u00e9ducatifs de la famille Vedruna au Venezuela y ont particip\u00e9 : El Carmelo de Caracas, El Carmelo de Cagua, Guaicaipuro II, Teresita Gonz\u00e1lez-Quevedo et Nuestra Se\u00f1ora del Valle \u00e0 Bella Vista.   <\/p>\n\n<p>La <strong>maison de retraite \u00ab\u00a0La Consolaci\u00f3n\u00a0\u00bb<\/strong> \u00e0 El Junquito, o\u00f9 nous nous r\u00e9unissons, est entour\u00e9e d&rsquo;un merveilleux climat de montagnes, de brume et de for\u00eats. Le paysage est propice au silence, \u00e0 l&rsquo;\u00e9coute patiente, au dialogue constructif, \u00e0 la compr\u00e9hension mutuelle et \u00e0 la relation avec Dieu et nos fr\u00e8res et s\u0153urs.   <\/p>\n\n<figure class=\"wp-block-image alignright size-full is-resized\"><img loading=\"lazy\" decoding=\"async\" width=\"608\" height=\"920\" src=\"https:\/\/vedruna.org\/wp-content\/uploads\/2025\/01\/texto-4.jpg\" alt=\"\" class=\"wp-image-18786\" style=\"width:422px;height:auto\" srcset=\"https:\/\/vedruna.org\/wp-content\/uploads\/2025\/01\/texto-4.jpg 608w, https:\/\/vedruna.org\/wp-content\/uploads\/2025\/01\/texto-4-480x726.jpg 480w\" sizes=\"(min-width: 0px) and (max-width: 480px) 480px, (min-width: 481px) 608px, 100vw\" \/><\/figure>\n\n<p>Dans cette atmosph\u00e8re, les \u00e9quipes de direction, avec l&rsquo;organisation de l&rsquo;\u00e9quipe nationale, ont v\u00e9cu des moments de joie, de pri\u00e8re, de r\u00e9flexion, de formation, de travail et de partage de ce que nous faisons dans nos \u00e9coles et de ce qui est \u00e0 venir. Nous avons m\u00eame v\u00e9cu un moment festif de jeux, de chants et de rires, qui a rempli nos c\u0153urs d&rsquo;enthousiasme et de familiarit\u00e9, avec la certitude que <strong><em>un autre monde est possible<\/em><\/strong>. <\/p>\n\n<p>Tous les participants ont jug\u00e9 l&rsquo;espace opportun, n\u00e9cessaire et enrichissant. Il s&rsquo;agit d&rsquo;une proposition r\u00e9f\u00e9rentielle qui clarifie et affirme notre identit\u00e9, notre mission et notre charisme. Tout cela \u00e9claire notre parcours professionnel, pastoral, p\u00e9dagogique et humain en tant qu&rsquo;\u00e9ducateurs de Vedruna. L&rsquo;exp\u00e9rience partag\u00e9e par chacun des porte-parole des institutions pr\u00e9sentes nous encourage, nous nourrit et nous guide pour avancer vers la r\u00e9alisation des objectifs fix\u00e9s. Pour nous tous, il s&rsquo;agit d&rsquo;une bonne nouvelle qui renforce nos comp\u00e9tences, aiguise notre vision dans le contexte actuel et nous aide \u00e0 nous approprier les lignes nationales et congr\u00e9ganistes qui recherchent une \u00e9ducation de qualit\u00e9 avec des crit\u00e8res unifi\u00e9s.    <\/p>\n\n<p>Nous sentons que ces r\u00e9unions de formation-pri\u00e8re nous s\u00e9curisent dans les projets que nous sommes en train d&rsquo;incarner et, bien que nous vivions, comme on dit, les <em>douleurs de l&rsquo;accouchement, <\/em>\u00e0 la fin nous aurons la satisfaction de permettre \u00e0 quelque chose de nouveau de na\u00eetre, de grandir, de continuer \u00e0 se renouveler et \u00e0 se d\u00e9velopper.  <\/p>\n\n<p>Ce moment nous a aid\u00e9s \u00e0 nous reconna\u00eetre, \u00e0 continuer \u00e0 nous consolider en tant qu&rsquo;\u00e9quipes locales et en r\u00e9seau. Nous sommes reconnaissants \u00e0 l&rsquo;\u00e9quipe nationale pour ses efforts et aux s\u0153urs carm\u00e9lites de Vedruna pour nous avoir offert cet espace.  <\/p>\n\n<p>Nous avons saisi l&rsquo;approche de l&rsquo;unit\u00e9 des crit\u00e8res autour de la <strong>proposition \u00e9ducative Vedruna<\/strong>, de sorte que dans toutes les \u00e9coles nous \u00e9voluons dans le style, la m\u00e9thodologie, la mystique et la spiritualit\u00e9 Vedruna dans un monde qui nous d\u00e9fie et nous appelle \u00e0 donner le meilleur pour ceux \u00e0 qui nous devons : nos familles, nos enfants, les jeunes, les hommes et les femmes pour qu&rsquo;ils atteignent la profondeur humaine et chr\u00e9tienne, pour qu&rsquo;ils soient capables de transformer leur environnement et d&rsquo;amener le pays \u00e0 avoir un d\u00e9veloppement, une croissance productive avec la solidarit\u00e9 et la fraternit\u00e9. Telle est notre contribution personnelle et sociale en tant qu&rsquo;\u00e9ducateurs de Vedruna :<strong> \u00e9duquer, gu\u00e9rir et lib\u00e9rer<\/strong><em>.<\/em>  <\/p>\n\n<p>Que le bon J\u00e9sus, par l&rsquo;intercession de notre M\u00e8re Marie du Mont Carmel et de Sainte Joaquina, nous aide dans cette t\u00e2che. Amen.  <\/p>\n\n<p class=\"has-text-align-right\"><strong>Professeur N\u00e9stor Figueroa<\/strong><\/p>\n<div class=\"pgc-sgb-cb wp-block-pgcsimplygalleryblock-slider \" data-gallery-id=\"e9c43437\"style=&quot;min-height:400px&quot;><div class=\"sgb-preloader\" id=\"pr_e9c43437\">\n\t<div class=\"sgb-square\" style=\"background:#d4d4d4\"><\/div>\n\t<div class=\"sgb-square\" style=\"background:#d4d4d4\"><\/div>\n\t<div class=\"sgb-square\" style=\"background:#d4d4d4\"><\/div>\n\t<div class=\"sgb-square\" style=\"background:#d4d4d4\"><\/div><\/div><div class=\"simply-gallery-amp pgc_sgb_slider \"><noscript><div class=\"sgb-gallery\"><div class=\"sgb-item\"><a href=\"https:\/\/vedruna.org\/?attachment_id=18798\" target=\"_blank\"><img decoding=\"async\" alt=\"\" width=\"225\" height=\"300\" loading=\"lazy\" src=\"https:\/\/vedruna.org\/wp-content\/uploads\/2025\/01\/1-3-225x300.jpg\" srcset=\"https:\/\/vedruna.org\/wp-content\/uploads\/2025\/01\/1-3-225x300.jpg 225w,https:\/\/vedruna.org\/wp-content\/uploads\/2025\/01\/1-3-768x1024.jpg 768w,https:\/\/vedruna.org\/wp-content\/uploads\/2025\/01\/1-3.jpg 960w\" sizes=\"250px\"\/><\/a><\/div><div class=\"sgb-item\"><a href=\"https:\/\/vedruna.org\/?attachment_id=18810\" target=\"_blank\"><img decoding=\"async\" alt=\"\" width=\"223\" height=\"300\" loading=\"lazy\" src=\"https:\/\/vedruna.org\/wp-content\/uploads\/2025\/01\/2-3-223x300.jpg\" srcset=\"https:\/\/vedruna.org\/wp-content\/uploads\/2025\/01\/2-3-223x300.jpg 223w,https:\/\/vedruna.org\/wp-content\/uploads\/2025\/01\/2-3.jpg 608w\" sizes=\"250px\"\/><\/a><\/div><div class=\"sgb-item\"><a href=\"https:\/\/vedruna.org\/?attachment_id=18830\" target=\"_blank\"><img decoding=\"async\" alt=\"\" width=\"225\" height=\"300\" loading=\"lazy\" src=\"https:\/\/vedruna.org\/wp-content\/uploads\/2025\/01\/11-225x300.jpg\" srcset=\"https:\/\/vedruna.org\/wp-content\/uploads\/2025\/01\/11-225x300.jpg 225w,https:\/\/vedruna.org\/wp-content\/uploads\/2025\/01\/11-768x1024.jpg 768w,https:\/\/vedruna.org\/wp-content\/uploads\/2025\/01\/11.jpg 960w\" sizes=\"250px\"\/><\/a><\/div><div class=\"sgb-item\"><a href=\"https:\/\/vedruna.org\/?attachment_id=18794\" target=\"_blank\"><img decoding=\"async\" alt=\"\" width=\"300\" height=\"165\" loading=\"lazy\" src=\"https:\/\/vedruna.org\/wp-content\/uploads\/2025\/01\/4-4-300x165.jpg\" srcset=\"https:\/\/vedruna.org\/wp-content\/uploads\/2025\/01\/4-4-300x165.jpg 300w,https:\/\/vedruna.org\/wp-content\/uploads\/2025\/01\/4-4.jpg 816w\" sizes=\"250px\"\/><\/a><\/div><div class=\"sgb-item\"><a href=\"https:\/\/vedruna.org\/?attachment_id=18790\" target=\"_blank\"><img decoding=\"async\" alt=\"\" width=\"300\" height=\"249\" loading=\"lazy\" src=\"https:\/\/vedruna.org\/wp-content\/uploads\/2025\/01\/5-3-300x249.jpg\" srcset=\"https:\/\/vedruna.org\/wp-content\/uploads\/2025\/01\/5-3-300x249.jpg 300w,https:\/\/vedruna.org\/wp-content\/uploads\/2025\/01\/5-3.jpg 450w\" sizes=\"250px\"\/><\/a><\/div><div class=\"sgb-item\"><a href=\"https:\/\/vedruna.org\/?attachment_id=18806\" target=\"_blank\"><img decoding=\"async\" alt=\"\" width=\"300\" height=\"225\" loading=\"lazy\" src=\"https:\/\/vedruna.org\/wp-content\/uploads\/2025\/01\/6-4-300x225.jpg\" srcset=\"https:\/\/vedruna.org\/wp-content\/uploads\/2025\/01\/6-4-300x225.jpg 300w,https:\/\/vedruna.org\/wp-content\/uploads\/2025\/01\/6-4-1024x768.jpg 1024w,https:\/\/vedruna.org\/wp-content\/uploads\/2025\/01\/6-4.jpg 1280w\" sizes=\"250px\"\/><\/a><\/div><div class=\"sgb-item\"><a href=\"https:\/\/vedruna.org\/?attachment_id=18814\" target=\"_blank\"><img decoding=\"async\" alt=\"\" width=\"300\" height=\"225\" loading=\"lazy\" src=\"https:\/\/vedruna.org\/wp-content\/uploads\/2025\/01\/7-3-300x225.jpg\" srcset=\"https:\/\/vedruna.org\/wp-content\/uploads\/2025\/01\/7-3-300x225.jpg 300w,https:\/\/vedruna.org\/wp-content\/uploads\/2025\/01\/7-3-1024x768.jpg 1024w,https:\/\/vedruna.org\/wp-content\/uploads\/2025\/01\/7-3.jpg 1280w\" sizes=\"250px\"\/><\/a><\/div><div class=\"sgb-item\"><a href=\"https:\/\/vedruna.org\/?attachment_id=18822\" target=\"_blank\"><img decoding=\"async\" alt=\"\" width=\"300\" height=\"225\" loading=\"lazy\" src=\"https:\/\/vedruna.org\/wp-content\/uploads\/2025\/01\/8-1-300x225.jpg\" srcset=\"https:\/\/vedruna.org\/wp-content\/uploads\/2025\/01\/8-1-300x225.jpg 300w,https:\/\/vedruna.org\/wp-content\/uploads\/2025\/01\/8-1-1024x768.jpg 1024w,https:\/\/vedruna.org\/wp-content\/uploads\/2025\/01\/8-1.jpg 1280w\" sizes=\"250px\"\/><\/a><\/div><div class=\"sgb-item\"><a href=\"https:\/\/vedruna.org\/?attachment_id=18826\" target=\"_blank\"><img decoding=\"async\" alt=\"\" width=\"300\" height=\"192\" loading=\"lazy\" src=\"https:\/\/vedruna.org\/wp-content\/uploads\/2025\/01\/9-300x192.jpg\" srcset=\"https:\/\/vedruna.org\/wp-content\/uploads\/2025\/01\/9-300x192.jpg 300w,https:\/\/vedruna.org\/wp-content\/uploads\/2025\/01\/9-1024x656.jpg 1024w,https:\/\/vedruna.org\/wp-content\/uploads\/2025\/01\/9.jpg 1139w\" sizes=\"250px\"\/><\/a><\/div><div class=\"sgb-item\"><a href=\"https:\/\/vedruna.org\/?attachment_id=18816\" target=\"_blank\"><img decoding=\"async\" alt=\"\" width=\"300\" height=\"225\" loading=\"lazy\" src=\"https:\/\/vedruna.org\/wp-content\/uploads\/2025\/01\/10-300x225.jpg\" srcset=\"https:\/\/vedruna.org\/wp-content\/uploads\/2025\/01\/10-300x225.jpg 300w,https:\/\/vedruna.org\/wp-content\/uploads\/2025\/01\/10-1024x768.jpg 1024w,https:\/\/vedruna.org\/wp-content\/uploads\/2025\/01\/10.jpg 1280w\" sizes=\"250px\"\/><\/a><\/div><div class=\"sgb-item\"><a href=\"https:\/\/vedruna.org\/?attachment_id=18802\" target=\"_blank\"><img decoding=\"async\" alt=\"\" width=\"300\" height=\"225\" loading=\"lazy\" src=\"https:\/\/vedruna.org\/wp-content\/uploads\/2025\/01\/3-3-300x225.jpg\" srcset=\"https:\/\/vedruna.org\/wp-content\/uploads\/2025\/01\/3-3-300x225.jpg 300w,https:\/\/vedruna.org\/wp-content\/uploads\/2025\/01\/3-3-1024x768.jpg 1024w,https:\/\/vedruna.org\/wp-content\/uploads\/2025\/01\/3-3.jpg 1280w\" sizes=\"250px\"\/><\/a><\/div><\/div><\/noscript><\/div><script type=\"application\/json\" class=\"sgb-data\">{\"externalLink\":false,\"captions\":false,\"collectionThumbSubMenuDownload\":false,\"collectionThumbSubMenuShare\":false,\"sliderAdminWidth\":823,\"responsiveHeight\":true,\"galleryType\":\"pgc_sgb_slider\",\"galleryId\":\"e9c43437\",\"images\":[{\"id\":18798,\"title\":\"1\",\"url\":\"https:\/\/vedruna.org\/wp-content\/uploads\/2025\/01\/1-3.jpg\",\"link\":\"https:\/\/vedruna.org\/?attachment_id=18798\",\"alt\":\"\",\"description\":\"\",\"caption\":\"\",\"mime\":\"image\/jpeg\",\"type\":\"image\",\"width\":960,\"height\":1280,\"sizes\":{\"thumbnail\":{\"height\":150,\"width\":150,\"url\":\"https:\/\/vedruna.org\/wp-content\/uploads\/2025\/01\/1-3-150x150.jpg\",\"orientation\":\"landscape\"},\"medium\":{\"height\":300,\"width\":225,\"url\":\"https:\/\/vedruna.org\/wp-content\/uploads\/2025\/01\/1-3-225x300.jpg\",\"orientation\":\"portrait\"},\"large\":{\"height\":1024,\"width\":768,\"url\":\"https:\/\/vedruna.org\/wp-content\/uploads\/2025\/01\/1-3-768x1024.jpg\",\"orientation\":\"portrait\"},\"full\":{\"url\":\"https:\/\/vedruna.org\/wp-content\/uploads\/2025\/01\/1-3.jpg\",\"height\":1280,\"width\":960,\"orientation\":\"portrait\"}},\"imageMeta\":{\"aperture\":\"0\",\"credit\":\"\",\"camera\":\"\",\"caption\":\"\",\"created_timestamp\":\"0\",\"copyright\":\"\",\"focal_length\":\"0\",\"iso\":\"0\",\"shutter_speed\":\"0\",\"title\":\"\",\"orientation\":\"0\",\"keywords\":[]},\"meta\":false,\"postlink\":\"https:\/\/vedruna.org\/?attachment_id=18798\"},{\"id\":18810,\"title\":\"2\",\"url\":\"https:\/\/vedruna.org\/wp-content\/uploads\/2025\/01\/2-3.jpg\",\"link\":\"https:\/\/vedruna.org\/?attachment_id=18810\",\"alt\":\"\",\"description\":\"\",\"caption\":\"\",\"mime\":\"image\/jpeg\",\"type\":\"image\",\"width\":608,\"height\":817,\"sizes\":{\"thumbnail\":{\"height\":150,\"width\":150,\"url\":\"https:\/\/vedruna.org\/wp-content\/uploads\/2025\/01\/2-3-150x150.jpg\",\"orientation\":\"landscape\"},\"medium\":{\"height\":300,\"width\":223,\"url\":\"https:\/\/vedruna.org\/wp-content\/uploads\/2025\/01\/2-3-223x300.jpg\",\"orientation\":\"portrait\"},\"full\":{\"url\":\"https:\/\/vedruna.org\/wp-content\/uploads\/2025\/01\/2-3.jpg\",\"height\":817,\"width\":608,\"orientation\":\"portrait\"}},\"imageMeta\":{\"aperture\":\"0\",\"credit\":\"\",\"camera\":\"\",\"caption\":\"\",\"created_timestamp\":\"0\",\"copyright\":\"\",\"focal_length\":\"0\",\"iso\":\"0\",\"shutter_speed\":\"0\",\"title\":\"\",\"orientation\":\"0\",\"keywords\":[]},\"meta\":false,\"postlink\":\"https:\/\/vedruna.org\/?attachment_id=18810\"},{\"id\":18830,\"title\":\"11\",\"url\":\"https:\/\/vedruna.org\/wp-content\/uploads\/2025\/01\/11.jpg\",\"link\":\"https:\/\/vedruna.org\/?attachment_id=18830\",\"alt\":\"\",\"description\":\"\",\"caption\":\"\",\"mime\":\"image\/jpeg\",\"type\":\"image\",\"width\":960,\"height\":1280,\"sizes\":{\"thumbnail\":{\"height\":150,\"width\":150,\"url\":\"https:\/\/vedruna.org\/wp-content\/uploads\/2025\/01\/11-150x150.jpg\",\"orientation\":\"landscape\"},\"medium\":{\"height\":300,\"width\":225,\"url\":\"https:\/\/vedruna.org\/wp-content\/uploads\/2025\/01\/11-225x300.jpg\",\"orientation\":\"portrait\"},\"large\":{\"height\":1024,\"width\":768,\"url\":\"https:\/\/vedruna.org\/wp-content\/uploads\/2025\/01\/11-768x1024.jpg\",\"orientation\":\"portrait\"},\"full\":{\"url\":\"https:\/\/vedruna.org\/wp-content\/uploads\/2025\/01\/11.jpg\",\"height\":1280,\"width\":960,\"orientation\":\"portrait\"}},\"imageMeta\":{\"aperture\":\"0\",\"credit\":\"\",\"camera\":\"\",\"caption\":\"\",\"created_timestamp\":\"0\",\"copyright\":\"\",\"focal_length\":\"0\",\"iso\":\"0\",\"shutter_speed\":\"0\",\"title\":\"\",\"orientation\":\"0\",\"keywords\":[]},\"meta\":false,\"postlink\":\"https:\/\/vedruna.org\/?attachment_id=18830\"},{\"id\":18794,\"title\":\"4\",\"url\":\"https:\/\/vedruna.org\/wp-content\/uploads\/2025\/01\/4-4.jpg\",\"link\":\"https:\/\/vedruna.org\/?attachment_id=18794\",\"alt\":\"\",\"description\":\"\",\"caption\":\"\",\"mime\":\"image\/jpeg\",\"type\":\"image\",\"width\":816,\"height\":450,\"sizes\":{\"thumbnail\":{\"height\":150,\"width\":150,\"url\":\"https:\/\/vedruna.org\/wp-content\/uploads\/2025\/01\/4-4-150x150.jpg\",\"orientation\":\"landscape\"},\"medium\":{\"height\":165,\"width\":300,\"url\":\"https:\/\/vedruna.org\/wp-content\/uploads\/2025\/01\/4-4-300x165.jpg\",\"orientation\":\"landscape\"},\"full\":{\"url\":\"https:\/\/vedruna.org\/wp-content\/uploads\/2025\/01\/4-4.jpg\",\"height\":450,\"width\":816,\"orientation\":\"landscape\"}},\"imageMeta\":{\"aperture\":\"0\",\"credit\":\"\",\"camera\":\"\",\"caption\":\"\",\"created_timestamp\":\"0\",\"copyright\":\"\",\"focal_length\":\"0\",\"iso\":\"0\",\"shutter_speed\":\"0\",\"title\":\"\",\"orientation\":\"0\",\"keywords\":[]},\"meta\":false,\"postlink\":\"https:\/\/vedruna.org\/?attachment_id=18794\"},{\"id\":18790,\"title\":\"5\",\"url\":\"https:\/\/vedruna.org\/wp-content\/uploads\/2025\/01\/5-3.jpg\",\"link\":\"https:\/\/vedruna.org\/?attachment_id=18790\",\"alt\":\"\",\"description\":\"\",\"caption\":\"\",\"mime\":\"image\/jpeg\",\"type\":\"image\",\"width\":450,\"height\":373,\"sizes\":{\"thumbnail\":{\"height\":150,\"width\":150,\"url\":\"https:\/\/vedruna.org\/wp-content\/uploads\/2025\/01\/5-3-150x150.jpg\",\"orientation\":\"landscape\"},\"medium\":{\"height\":249,\"width\":300,\"url\":\"https:\/\/vedruna.org\/wp-content\/uploads\/2025\/01\/5-3-300x249.jpg\",\"orientation\":\"landscape\"},\"full\":{\"url\":\"https:\/\/vedruna.org\/wp-content\/uploads\/2025\/01\/5-3.jpg\",\"height\":373,\"width\":450,\"orientation\":\"landscape\"}},\"imageMeta\":{\"aperture\":\"0\",\"credit\":\"\",\"camera\":\"\",\"caption\":\"\",\"created_timestamp\":\"0\",\"copyright\":\"\",\"focal_length\":\"0\",\"iso\":\"0\",\"shutter_speed\":\"0\",\"title\":\"\",\"orientation\":\"0\",\"keywords\":[]},\"meta\":false,\"postlink\":\"https:\/\/vedruna.org\/?attachment_id=18790\"},{\"id\":18806,\"title\":\"6\",\"url\":\"https:\/\/vedruna.org\/wp-content\/uploads\/2025\/01\/6-4.jpg\",\"link\":\"https:\/\/vedruna.org\/?attachment_id=18806\",\"alt\":\"\",\"description\":\"\",\"caption\":\"\",\"mime\":\"image\/jpeg\",\"type\":\"image\",\"width\":1280,\"height\":960,\"sizes\":{\"thumbnail\":{\"height\":150,\"width\":150,\"url\":\"https:\/\/vedruna.org\/wp-content\/uploads\/2025\/01\/6-4-150x150.jpg\",\"orientation\":\"landscape\"},\"medium\":{\"height\":225,\"width\":300,\"url\":\"https:\/\/vedruna.org\/wp-content\/uploads\/2025\/01\/6-4-300x225.jpg\",\"orientation\":\"landscape\"},\"large\":{\"height\":768,\"width\":1024,\"url\":\"https:\/\/vedruna.org\/wp-content\/uploads\/2025\/01\/6-4-1024x768.jpg\",\"orientation\":\"landscape\"},\"full\":{\"url\":\"https:\/\/vedruna.org\/wp-content\/uploads\/2025\/01\/6-4.jpg\",\"height\":960,\"width\":1280,\"orientation\":\"landscape\"}},\"imageMeta\":{\"aperture\":\"0\",\"credit\":\"\",\"camera\":\"\",\"caption\":\"\",\"created_timestamp\":\"0\",\"copyright\":\"\",\"focal_length\":\"0\",\"iso\":\"0\",\"shutter_speed\":\"0\",\"title\":\"\",\"orientation\":\"0\",\"keywords\":[]},\"meta\":false,\"postlink\":\"https:\/\/vedruna.org\/?attachment_id=18806\"},{\"id\":18814,\"title\":\"7\",\"url\":\"https:\/\/vedruna.org\/wp-content\/uploads\/2025\/01\/7-3.jpg\",\"link\":\"https:\/\/vedruna.org\/?attachment_id=18814\",\"alt\":\"\",\"description\":\"\",\"caption\":\"\",\"mime\":\"image\/jpeg\",\"type\":\"image\",\"width\":1280,\"height\":960,\"sizes\":{\"thumbnail\":{\"height\":150,\"width\":150,\"url\":\"https:\/\/vedruna.org\/wp-content\/uploads\/2025\/01\/7-3-150x150.jpg\",\"orientation\":\"landscape\"},\"medium\":{\"height\":225,\"width\":300,\"url\":\"https:\/\/vedruna.org\/wp-content\/uploads\/2025\/01\/7-3-300x225.jpg\",\"orientation\":\"landscape\"},\"large\":{\"height\":768,\"width\":1024,\"url\":\"https:\/\/vedruna.org\/wp-content\/uploads\/2025\/01\/7-3-1024x768.jpg\",\"orientation\":\"landscape\"},\"full\":{\"url\":\"https:\/\/vedruna.org\/wp-content\/uploads\/2025\/01\/7-3.jpg\",\"height\":960,\"width\":1280,\"orientation\":\"landscape\"}},\"imageMeta\":{\"aperture\":\"0\",\"credit\":\"\",\"camera\":\"\",\"caption\":\"\",\"created_timestamp\":\"0\",\"copyright\":\"\",\"focal_length\":\"0\",\"iso\":\"0\",\"shutter_speed\":\"0\",\"title\":\"\",\"orientation\":\"0\",\"keywords\":[]},\"meta\":false,\"postlink\":\"https:\/\/vedruna.org\/?attachment_id=18814\"},{\"id\":18822,\"title\":\"8\",\"url\":\"https:\/\/vedruna.org\/wp-content\/uploads\/2025\/01\/8-1.jpg\",\"link\":\"https:\/\/vedruna.org\/?attachment_id=18822\",\"alt\":\"\",\"description\":\"\",\"caption\":\"\",\"mime\":\"image\/jpeg\",\"type\":\"image\",\"width\":1280,\"height\":960,\"sizes\":{\"thumbnail\":{\"height\":150,\"width\":150,\"url\":\"https:\/\/vedruna.org\/wp-content\/uploads\/2025\/01\/8-1-150x150.jpg\",\"orientation\":\"landscape\"},\"medium\":{\"height\":225,\"width\":300,\"url\":\"https:\/\/vedruna.org\/wp-content\/uploads\/2025\/01\/8-1-300x225.jpg\",\"orientation\":\"landscape\"},\"large\":{\"height\":768,\"width\":1024,\"url\":\"https:\/\/vedruna.org\/wp-content\/uploads\/2025\/01\/8-1-1024x768.jpg\",\"orientation\":\"landscape\"},\"full\":{\"url\":\"https:\/\/vedruna.org\/wp-content\/uploads\/2025\/01\/8-1.jpg\",\"height\":960,\"width\":1280,\"orientation\":\"landscape\"}},\"imageMeta\":{\"aperture\":\"0\",\"credit\":\"\",\"camera\":\"\",\"caption\":\"\",\"created_timestamp\":\"0\",\"copyright\":\"\",\"focal_length\":\"0\",\"iso\":\"0\",\"shutter_speed\":\"0\",\"title\":\"\",\"orientation\":\"0\",\"keywords\":[]},\"meta\":false,\"postlink\":\"https:\/\/vedruna.org\/?attachment_id=18822\"},{\"id\":18826,\"title\":\"9\",\"url\":\"https:\/\/vedruna.org\/wp-content\/uploads\/2025\/01\/9.jpg\",\"link\":\"https:\/\/vedruna.org\/?attachment_id=18826\",\"alt\":\"\",\"description\":\"\",\"caption\":\"\",\"mime\":\"image\/jpeg\",\"type\":\"image\",\"width\":1139,\"height\":730,\"sizes\":{\"thumbnail\":{\"height\":150,\"width\":150,\"url\":\"https:\/\/vedruna.org\/wp-content\/uploads\/2025\/01\/9-150x150.jpg\",\"orientation\":\"landscape\"},\"medium\":{\"height\":192,\"width\":300,\"url\":\"https:\/\/vedruna.org\/wp-content\/uploads\/2025\/01\/9-300x192.jpg\",\"orientation\":\"landscape\"},\"large\":{\"height\":656,\"width\":1024,\"url\":\"https:\/\/vedruna.org\/wp-content\/uploads\/2025\/01\/9-1024x656.jpg\",\"orientation\":\"landscape\"},\"full\":{\"url\":\"https:\/\/vedruna.org\/wp-content\/uploads\/2025\/01\/9.jpg\",\"height\":730,\"width\":1139,\"orientation\":\"landscape\"}},\"imageMeta\":{\"aperture\":\"0\",\"credit\":\"\",\"camera\":\"\",\"caption\":\"\",\"created_timestamp\":\"0\",\"copyright\":\"\",\"focal_length\":\"0\",\"iso\":\"0\",\"shutter_speed\":\"0\",\"title\":\"\",\"orientation\":\"0\",\"keywords\":[]},\"meta\":false,\"postlink\":\"https:\/\/vedruna.org\/?attachment_id=18826\"},{\"id\":18816,\"title\":\"10\",\"url\":\"https:\/\/vedruna.org\/wp-content\/uploads\/2025\/01\/10.jpg\",\"link\":\"https:\/\/vedruna.org\/?attachment_id=18816\",\"alt\":\"\",\"description\":\"\",\"caption\":\"\",\"mime\":\"image\/jpeg\",\"type\":\"image\",\"width\":1280,\"height\":960,\"sizes\":{\"thumbnail\":{\"height\":150,\"width\":150,\"url\":\"https:\/\/vedruna.org\/wp-content\/uploads\/2025\/01\/10-150x150.jpg\",\"orientation\":\"landscape\"},\"medium\":{\"height\":225,\"width\":300,\"url\":\"https:\/\/vedruna.org\/wp-content\/uploads\/2025\/01\/10-300x225.jpg\",\"orientation\":\"landscape\"},\"large\":{\"height\":768,\"width\":1024,\"url\":\"https:\/\/vedruna.org\/wp-content\/uploads\/2025\/01\/10-1024x768.jpg\",\"orientation\":\"landscape\"},\"full\":{\"url\":\"https:\/\/vedruna.org\/wp-content\/uploads\/2025\/01\/10.jpg\",\"height\":960,\"width\":1280,\"orientation\":\"landscape\"}},\"imageMeta\":{\"aperture\":\"0\",\"credit\":\"\",\"camera\":\"\",\"caption\":\"\",\"created_timestamp\":\"0\",\"copyright\":\"\",\"focal_length\":\"0\",\"iso\":\"0\",\"shutter_speed\":\"0\",\"title\":\"\",\"orientation\":\"0\",\"keywords\":[]},\"meta\":false,\"postlink\":\"https:\/\/vedruna.org\/?attachment_id=18816\"},{\"id\":18802,\"title\":\"3\",\"url\":\"https:\/\/vedruna.org\/wp-content\/uploads\/2025\/01\/3-3.jpg\",\"link\":\"https:\/\/vedruna.org\/?attachment_id=18802\",\"alt\":\"\",\"description\":\"\",\"caption\":\"\",\"mime\":\"image\/jpeg\",\"type\":\"image\",\"width\":1280,\"height\":960,\"sizes\":{\"thumbnail\":{\"height\":150,\"width\":150,\"url\":\"https:\/\/vedruna.org\/wp-content\/uploads\/2025\/01\/3-3-150x150.jpg\",\"orientation\":\"landscape\"},\"medium\":{\"height\":225,\"width\":300,\"url\":\"https:\/\/vedruna.org\/wp-content\/uploads\/2025\/01\/3-3-300x225.jpg\",\"orientation\":\"landscape\"},\"large\":{\"height\":768,\"width\":1024,\"url\":\"https:\/\/vedruna.org\/wp-content\/uploads\/2025\/01\/3-3-1024x768.jpg\",\"orientation\":\"landscape\"},\"full\":{\"url\":\"https:\/\/vedruna.org\/wp-content\/uploads\/2025\/01\/3-3.jpg\",\"height\":960,\"width\":1280,\"orientation\":\"landscape\"}},\"imageMeta\":{\"aperture\":\"0\",\"credit\":\"\",\"camera\":\"\",\"caption\":\"\",\"created_timestamp\":\"0\",\"copyright\":\"\",\"focal_length\":\"0\",\"iso\":\"0\",\"shutter_speed\":\"0\",\"title\":\"\",\"orientation\":\"0\",\"keywords\":[]},\"meta\":false,\"postlink\":\"https:\/\/vedruna.org\/?attachment_id=18802\"}],\"translatedWithWPMLTM\":\"1\",\"itemsMetaDataCollection\":[]}<\/script><script>(function(){if(window.PGC_SGB && window.PGC_SGB.searcher){window.PGC_SGB.searcher.initBlocks()}})()<\/script><\/div>","protected":false},"excerpt":{"rendered":"<p>\u00ab\u00a0Na\u00eetre \u00e0 nouveau\u00a0\u00bb est notre devise et notre horizon d&rsquo;inspiration pour l&rsquo;ann\u00e9e scolaire 2024-2025. C&rsquo;est dans cet esprit et avec cette intention que s&rsquo;est tenue, du 23 au 25 janvier, notre r\u00e9union des \u00e9quipes de direction . Tous les centres \u00e9ducatifs de la famille Vedruna au Venezuela y ont particip\u00e9 : El Carmelo de Caracas, [&hellip;]<\/p>\n","protected":false},"author":4,"featured_media":18842,"comment_status":"closed","ping_status":"closed","sticky":false,"template":"","format":"standard","meta":{"_et_pb_use_builder":"","_et_pb_old_content":"","_et_gb_content_width":"","pgc_sgb_lightbox_settings":"","footnotes":""},"categories":[146,92],"tags":[],"class_list":["post-19061","post","type-post","status-publish","format-standard","has-post-thumbnail","hentry","category-vedrunamerica-fr","category-venezuela-fr"],"yoast_head":"<!-- This site is optimized with the Yoast SEO plugin v27.5 - https:\/\/yoast.com\/product\/yoast-seo-wordpress\/ -->\n<title>Les \u00e9quipes de gestion \u00e9ducative au Venezuela partagent, accueillent et promeuvent - Carmelitas de la Caridad Vedruna<\/title>\n<meta name=\"description\" content=\"Le professeur N\u00e9stor Figueroa partage l&#039;exp\u00e9rience de la derni\u00e8re r\u00e9union de formation-pri\u00e8re pour les \u00e9quipes de direction des \u00e9coles Vedruna au Venezuela.\" \/>\n<meta name=\"robots\" content=\"index, follow, max-snippet:-1, max-image-preview:large, max-video-preview:-1\" \/>\n<link rel=\"canonical\" href=\"https:\/\/vedruna.org\/fr\/les-equipes-de-gestion-educative-au-venezuela-partagent-accueillent-et-promeuvent\/\" \/>\n<meta property=\"og:locale\" content=\"fr_FR\" \/>\n<meta property=\"og:type\" content=\"article\" \/>\n<meta property=\"og:title\" content=\"Les \u00e9quipes de gestion \u00e9ducative au Venezuela partagent, accueillent et promeuvent - Carmelitas de la Caridad Vedruna\" \/>\n<meta property=\"og:description\" content=\"Le professeur N\u00e9stor Figueroa partage l&#039;exp\u00e9rience de la derni\u00e8re r\u00e9union de formation-pri\u00e8re pour les \u00e9quipes de direction des \u00e9coles Vedruna au Venezuela.\" \/>\n<meta property=\"og:url\" content=\"https:\/\/vedruna.org\/fr\/les-equipes-de-gestion-educative-au-venezuela-partagent-accueillent-et-promeuvent\/\" \/>\n<meta property=\"og:site_name\" content=\"Carmelitas de la Caridad Vedruna\" \/>\n<meta property=\"article:published_time\" content=\"2025-02-07T06:36:00+00:00\" \/>\n<meta property=\"og:image\" content=\"https:\/\/vedruna.org\/wp-content\/uploads\/2025\/01\/principal-7.jpg\" \/>\n\t<meta property=\"og:image:width\" content=\"960\" \/>\n\t<meta property=\"og:image:height\" content=\"786\" \/>\n\t<meta property=\"og:image:type\" content=\"image\/jpeg\" \/>\n<meta name=\"author\" content=\"Comunicaci\u00f3n Vedrunam\u00e9rica\" \/>\n<meta name=\"twitter:card\" content=\"summary_large_image\" \/>\n<meta name=\"twitter:label1\" content=\"\u00c9crit par\" \/>\n\t<meta name=\"twitter:data1\" content=\"Comunicaci\u00f3n Vedrunam\u00e9rica\" \/>\n\t<meta name=\"twitter:label2\" content=\"Dur\u00e9e de lecture estim\u00e9e\" \/>\n\t<meta name=\"twitter:data2\" content=\"3 minutes\" \/>\n<script type=\"application\/ld+json\" class=\"yoast-schema-graph\">{\"@context\":\"https:\\\/\\\/schema.org\",\"@graph\":[{\"@type\":\"Article\",\"@id\":\"https:\\\/\\\/vedruna.org\\\/fr\\\/les-equipes-de-gestion-educative-au-venezuela-partagent-accueillent-et-promeuvent\\\/#article\",\"isPartOf\":{\"@id\":\"https:\\\/\\\/vedruna.org\\\/fr\\\/les-equipes-de-gestion-educative-au-venezuela-partagent-accueillent-et-promeuvent\\\/\"},\"author\":{\"name\":\"Comunicaci\u00f3n Vedrunam\u00e9rica\",\"@id\":\"https:\\\/\\\/vedruna.org\\\/fr\\\/#\\\/schema\\\/person\\\/cf468646189533fb6a3aae475663fdc7\"},\"headline\":\"Les \u00e9quipes de gestion \u00e9ducative au Venezuela partagent, accueillent et promeuvent\",\"datePublished\":\"2025-02-07T06:36:00+00:00\",\"mainEntityOfPage\":{\"@id\":\"https:\\\/\\\/vedruna.org\\\/fr\\\/les-equipes-de-gestion-educative-au-venezuela-partagent-accueillent-et-promeuvent\\\/\"},\"wordCount\":609,\"publisher\":{\"@id\":\"https:\\\/\\\/vedruna.org\\\/fr\\\/#organization\"},\"image\":{\"@id\":\"https:\\\/\\\/vedruna.org\\\/fr\\\/les-equipes-de-gestion-educative-au-venezuela-partagent-accueillent-et-promeuvent\\\/#primaryimage\"},\"thumbnailUrl\":\"https:\\\/\\\/vedruna.org\\\/wp-content\\\/uploads\\\/2025\\\/01\\\/principal-7.jpg\",\"articleSection\":[\"Vedrunamerica\",\"Venezuela\"],\"inLanguage\":\"fr-FR\"},{\"@type\":\"WebPage\",\"@id\":\"https:\\\/\\\/vedruna.org\\\/fr\\\/les-equipes-de-gestion-educative-au-venezuela-partagent-accueillent-et-promeuvent\\\/\",\"url\":\"https:\\\/\\\/vedruna.org\\\/fr\\\/les-equipes-de-gestion-educative-au-venezuela-partagent-accueillent-et-promeuvent\\\/\",\"name\":\"Les \u00e9quipes de gestion \u00e9ducative au Venezuela partagent, accueillent et promeuvent - Carmelitas de la Caridad Vedruna\",\"isPartOf\":{\"@id\":\"https:\\\/\\\/vedruna.org\\\/fr\\\/#website\"},\"primaryImageOfPage\":{\"@id\":\"https:\\\/\\\/vedruna.org\\\/fr\\\/les-equipes-de-gestion-educative-au-venezuela-partagent-accueillent-et-promeuvent\\\/#primaryimage\"},\"image\":{\"@id\":\"https:\\\/\\\/vedruna.org\\\/fr\\\/les-equipes-de-gestion-educative-au-venezuela-partagent-accueillent-et-promeuvent\\\/#primaryimage\"},\"thumbnailUrl\":\"https:\\\/\\\/vedruna.org\\\/wp-content\\\/uploads\\\/2025\\\/01\\\/principal-7.jpg\",\"datePublished\":\"2025-02-07T06:36:00+00:00\",\"description\":\"Le professeur N\u00e9stor Figueroa partage l'exp\u00e9rience de la derni\u00e8re r\u00e9union de formation-pri\u00e8re pour les \u00e9quipes de direction des \u00e9coles Vedruna au Venezuela.\",\"breadcrumb\":{\"@id\":\"https:\\\/\\\/vedruna.org\\\/fr\\\/les-equipes-de-gestion-educative-au-venezuela-partagent-accueillent-et-promeuvent\\\/#breadcrumb\"},\"inLanguage\":\"fr-FR\",\"potentialAction\":[{\"@type\":\"ReadAction\",\"target\":[\"https:\\\/\\\/vedruna.org\\\/fr\\\/les-equipes-de-gestion-educative-au-venezuela-partagent-accueillent-et-promeuvent\\\/\"]}]},{\"@type\":\"ImageObject\",\"inLanguage\":\"fr-FR\",\"@id\":\"https:\\\/\\\/vedruna.org\\\/fr\\\/les-equipes-de-gestion-educative-au-venezuela-partagent-accueillent-et-promeuvent\\\/#primaryimage\",\"url\":\"https:\\\/\\\/vedruna.org\\\/wp-content\\\/uploads\\\/2025\\\/01\\\/principal-7.jpg\",\"contentUrl\":\"https:\\\/\\\/vedruna.org\\\/wp-content\\\/uploads\\\/2025\\\/01\\\/principal-7.jpg\",\"width\":960,\"height\":786},{\"@type\":\"BreadcrumbList\",\"@id\":\"https:\\\/\\\/vedruna.org\\\/fr\\\/les-equipes-de-gestion-educative-au-venezuela-partagent-accueillent-et-promeuvent\\\/#breadcrumb\",\"itemListElement\":[{\"@type\":\"ListItem\",\"position\":1,\"name\":\"Portada\",\"item\":\"https:\\\/\\\/vedruna.org\\\/fr\\\/\"},{\"@type\":\"ListItem\",\"position\":2,\"name\":\"Les \u00e9quipes de gestion \u00e9ducative au Venezuela partagent, accueillent et promeuvent\"}]},{\"@type\":\"WebSite\",\"@id\":\"https:\\\/\\\/vedruna.org\\\/fr\\\/#website\",\"url\":\"https:\\\/\\\/vedruna.org\\\/fr\\\/\",\"name\":\"Carmelitas de la Caridad Vedruna\",\"description\":\"Carmelitas de la caridad\",\"publisher\":{\"@id\":\"https:\\\/\\\/vedruna.org\\\/fr\\\/#organization\"},\"potentialAction\":[{\"@type\":\"SearchAction\",\"target\":{\"@type\":\"EntryPoint\",\"urlTemplate\":\"https:\\\/\\\/vedruna.org\\\/fr\\\/?s={search_term_string}\"},\"query-input\":{\"@type\":\"PropertyValueSpecification\",\"valueRequired\":true,\"valueName\":\"search_term_string\"}}],\"inLanguage\":\"fr-FR\"},{\"@type\":\"Organization\",\"@id\":\"https:\\\/\\\/vedruna.org\\\/fr\\\/#organization\",\"name\":\"Carmelitas de la caridad Vedruna\",\"url\":\"https:\\\/\\\/vedruna.org\\\/fr\\\/\",\"logo\":{\"@type\":\"ImageObject\",\"inLanguage\":\"fr-FR\",\"@id\":\"https:\\\/\\\/vedruna.org\\\/fr\\\/#\\\/schema\\\/logo\\\/image\\\/\",\"url\":\"https:\\\/\\\/vedruna.org\\\/wp-content\\\/uploads\\\/2022\\\/04\\\/LOGO-VEDRUNA-HORIZONTAL.png\",\"contentUrl\":\"https:\\\/\\\/vedruna.org\\\/wp-content\\\/uploads\\\/2022\\\/04\\\/LOGO-VEDRUNA-HORIZONTAL.png\",\"width\":1200,\"height\":463,\"caption\":\"Carmelitas de la caridad Vedruna\"},\"image\":{\"@id\":\"https:\\\/\\\/vedruna.org\\\/fr\\\/#\\\/schema\\\/logo\\\/image\\\/\"}},{\"@type\":\"Person\",\"@id\":\"https:\\\/\\\/vedruna.org\\\/fr\\\/#\\\/schema\\\/person\\\/cf468646189533fb6a3aae475663fdc7\",\"name\":\"Comunicaci\u00f3n Vedrunam\u00e9rica\",\"image\":{\"@type\":\"ImageObject\",\"inLanguage\":\"fr-FR\",\"@id\":\"https:\\\/\\\/secure.gravatar.com\\\/avatar\\\/b4eff91ff87ece2131a5d31270e1df0a7eeaffece756ce6503fd7dce879d1bfc?s=96&d=mm&r=g\",\"url\":\"https:\\\/\\\/secure.gravatar.com\\\/avatar\\\/b4eff91ff87ece2131a5d31270e1df0a7eeaffece756ce6503fd7dce879d1bfc?s=96&d=mm&r=g\",\"contentUrl\":\"https:\\\/\\\/secure.gravatar.com\\\/avatar\\\/b4eff91ff87ece2131a5d31270e1df0a7eeaffece756ce6503fd7dce879d1bfc?s=96&d=mm&r=g\",\"caption\":\"Comunicaci\u00f3n Vedrunam\u00e9rica\"},\"url\":\"https:\\\/\\\/vedruna.org\\\/fr\\\/author\\\/comunicacion-vedrunamerica\\\/\"}]}<\/script>\n<!-- \/ Yoast SEO plugin. -->","yoast_head_json":{"title":"Les \u00e9quipes de gestion \u00e9ducative au Venezuela partagent, accueillent et promeuvent - Carmelitas de la Caridad Vedruna","description":"Le professeur N\u00e9stor Figueroa partage l'exp\u00e9rience de la derni\u00e8re r\u00e9union de formation-pri\u00e8re pour les \u00e9quipes de direction des \u00e9coles Vedruna au Venezuela.","robots":{"index":"index","follow":"follow","max-snippet":"max-snippet:-1","max-image-preview":"max-image-preview:large","max-video-preview":"max-video-preview:-1"},"canonical":"https:\/\/vedruna.org\/fr\/les-equipes-de-gestion-educative-au-venezuela-partagent-accueillent-et-promeuvent\/","og_locale":"fr_FR","og_type":"article","og_title":"Les \u00e9quipes de gestion \u00e9ducative au Venezuela partagent, accueillent et promeuvent - Carmelitas de la Caridad Vedruna","og_description":"Le professeur N\u00e9stor Figueroa partage l'exp\u00e9rience de la derni\u00e8re r\u00e9union de formation-pri\u00e8re pour les \u00e9quipes de direction des \u00e9coles Vedruna au Venezuela.","og_url":"https:\/\/vedruna.org\/fr\/les-equipes-de-gestion-educative-au-venezuela-partagent-accueillent-et-promeuvent\/","og_site_name":"Carmelitas de la Caridad Vedruna","article_published_time":"2025-02-07T06:36:00+00:00","og_image":[{"width":960,"height":786,"url":"https:\/\/vedruna.org\/wp-content\/uploads\/2025\/01\/principal-7.jpg","type":"image\/jpeg"}],"author":"Comunicaci\u00f3n Vedrunam\u00e9rica","twitter_card":"summary_large_image","twitter_misc":{"\u00c9crit par":"Comunicaci\u00f3n Vedrunam\u00e9rica","Dur\u00e9e de lecture estim\u00e9e":"3 minutes"},"schema":{"@context":"https:\/\/schema.org","@graph":[{"@type":"Article","@id":"https:\/\/vedruna.org\/fr\/les-equipes-de-gestion-educative-au-venezuela-partagent-accueillent-et-promeuvent\/#article","isPartOf":{"@id":"https:\/\/vedruna.org\/fr\/les-equipes-de-gestion-educative-au-venezuela-partagent-accueillent-et-promeuvent\/"},"author":{"name":"Comunicaci\u00f3n Vedrunam\u00e9rica","@id":"https:\/\/vedruna.org\/fr\/#\/schema\/person\/cf468646189533fb6a3aae475663fdc7"},"headline":"Les \u00e9quipes de gestion \u00e9ducative au Venezuela partagent, accueillent et promeuvent","datePublished":"2025-02-07T06:36:00+00:00","mainEntityOfPage":{"@id":"https:\/\/vedruna.org\/fr\/les-equipes-de-gestion-educative-au-venezuela-partagent-accueillent-et-promeuvent\/"},"wordCount":609,"publisher":{"@id":"https:\/\/vedruna.org\/fr\/#organization"},"image":{"@id":"https:\/\/vedruna.org\/fr\/les-equipes-de-gestion-educative-au-venezuela-partagent-accueillent-et-promeuvent\/#primaryimage"},"thumbnailUrl":"https:\/\/vedruna.org\/wp-content\/uploads\/2025\/01\/principal-7.jpg","articleSection":["Vedrunamerica","Venezuela"],"inLanguage":"fr-FR"},{"@type":"WebPage","@id":"https:\/\/vedruna.org\/fr\/les-equipes-de-gestion-educative-au-venezuela-partagent-accueillent-et-promeuvent\/","url":"https:\/\/vedruna.org\/fr\/les-equipes-de-gestion-educative-au-venezuela-partagent-accueillent-et-promeuvent\/","name":"Les \u00e9quipes de gestion \u00e9ducative au Venezuela partagent, accueillent et promeuvent - Carmelitas de la Caridad Vedruna","isPartOf":{"@id":"https:\/\/vedruna.org\/fr\/#website"},"primaryImageOfPage":{"@id":"https:\/\/vedruna.org\/fr\/les-equipes-de-gestion-educative-au-venezuela-partagent-accueillent-et-promeuvent\/#primaryimage"},"image":{"@id":"https:\/\/vedruna.org\/fr\/les-equipes-de-gestion-educative-au-venezuela-partagent-accueillent-et-promeuvent\/#primaryimage"},"thumbnailUrl":"https:\/\/vedruna.org\/wp-content\/uploads\/2025\/01\/principal-7.jpg","datePublished":"2025-02-07T06:36:00+00:00","description":"Le professeur N\u00e9stor Figueroa partage l'exp\u00e9rience de la derni\u00e8re r\u00e9union de formation-pri\u00e8re pour les \u00e9quipes de direction des \u00e9coles Vedruna au Venezuela.","breadcrumb":{"@id":"https:\/\/vedruna.org\/fr\/les-equipes-de-gestion-educative-au-venezuela-partagent-accueillent-et-promeuvent\/#breadcrumb"},"inLanguage":"fr-FR","potentialAction":[{"@type":"ReadAction","target":["https:\/\/vedruna.org\/fr\/les-equipes-de-gestion-educative-au-venezuela-partagent-accueillent-et-promeuvent\/"]}]},{"@type":"ImageObject","inLanguage":"fr-FR","@id":"https:\/\/vedruna.org\/fr\/les-equipes-de-gestion-educative-au-venezuela-partagent-accueillent-et-promeuvent\/#primaryimage","url":"https:\/\/vedruna.org\/wp-content\/uploads\/2025\/01\/principal-7.jpg","contentUrl":"https:\/\/vedruna.org\/wp-content\/uploads\/2025\/01\/principal-7.jpg","width":960,"height":786},{"@type":"BreadcrumbList","@id":"https:\/\/vedruna.org\/fr\/les-equipes-de-gestion-educative-au-venezuela-partagent-accueillent-et-promeuvent\/#breadcrumb","itemListElement":[{"@type":"ListItem","position":1,"name":"Portada","item":"https:\/\/vedruna.org\/fr\/"},{"@type":"ListItem","position":2,"name":"Les \u00e9quipes de gestion \u00e9ducative au Venezuela partagent, accueillent et promeuvent"}]},{"@type":"WebSite","@id":"https:\/\/vedruna.org\/fr\/#website","url":"https:\/\/vedruna.org\/fr\/","name":"Carmelitas de la Caridad Vedruna","description":"Carmelitas de la caridad","publisher":{"@id":"https:\/\/vedruna.org\/fr\/#organization"},"potentialAction":[{"@type":"SearchAction","target":{"@type":"EntryPoint","urlTemplate":"https:\/\/vedruna.org\/fr\/?s={search_term_string}"},"query-input":{"@type":"PropertyValueSpecification","valueRequired":true,"valueName":"search_term_string"}}],"inLanguage":"fr-FR"},{"@type":"Organization","@id":"https:\/\/vedruna.org\/fr\/#organization","name":"Carmelitas de la caridad Vedruna","url":"https:\/\/vedruna.org\/fr\/","logo":{"@type":"ImageObject","inLanguage":"fr-FR","@id":"https:\/\/vedruna.org\/fr\/#\/schema\/logo\/image\/","url":"https:\/\/vedruna.org\/wp-content\/uploads\/2022\/04\/LOGO-VEDRUNA-HORIZONTAL.png","contentUrl":"https:\/\/vedruna.org\/wp-content\/uploads\/2022\/04\/LOGO-VEDRUNA-HORIZONTAL.png","width":1200,"height":463,"caption":"Carmelitas de la caridad Vedruna"},"image":{"@id":"https:\/\/vedruna.org\/fr\/#\/schema\/logo\/image\/"}},{"@type":"Person","@id":"https:\/\/vedruna.org\/fr\/#\/schema\/person\/cf468646189533fb6a3aae475663fdc7","name":"Comunicaci\u00f3n Vedrunam\u00e9rica","image":{"@type":"ImageObject","inLanguage":"fr-FR","@id":"https:\/\/secure.gravatar.com\/avatar\/b4eff91ff87ece2131a5d31270e1df0a7eeaffece756ce6503fd7dce879d1bfc?s=96&d=mm&r=g","url":"https:\/\/secure.gravatar.com\/avatar\/b4eff91ff87ece2131a5d31270e1df0a7eeaffece756ce6503fd7dce879d1bfc?s=96&d=mm&r=g","contentUrl":"https:\/\/secure.gravatar.com\/avatar\/b4eff91ff87ece2131a5d31270e1df0a7eeaffece756ce6503fd7dce879d1bfc?s=96&d=mm&r=g","caption":"Comunicaci\u00f3n Vedrunam\u00e9rica"},"url":"https:\/\/vedruna.org\/fr\/author\/comunicacion-vedrunamerica\/"}]}},"_links":{"self":[{"href":"https:\/\/vedruna.org\/fr\/wp-json\/wp\/v2\/posts\/19061","targetHints":{"allow":["GET"]}}],"collection":[{"href":"https:\/\/vedruna.org\/fr\/wp-json\/wp\/v2\/posts"}],"about":[{"href":"https:\/\/vedruna.org\/fr\/wp-json\/wp\/v2\/types\/post"}],"author":[{"embeddable":true,"href":"https:\/\/vedruna.org\/fr\/wp-json\/wp\/v2\/users\/4"}],"replies":[{"embeddable":true,"href":"https:\/\/vedruna.org\/fr\/wp-json\/wp\/v2\/comments?post=19061"}],"version-history":[{"count":2,"href":"https:\/\/vedruna.org\/fr\/wp-json\/wp\/v2\/posts\/19061\/revisions"}],"predecessor-version":[{"id":19182,"href":"https:\/\/vedruna.org\/fr\/wp-json\/wp\/v2\/posts\/19061\/revisions\/19182"}],"wp:featuredmedia":[{"embeddable":true,"href":"https:\/\/vedruna.org\/fr\/wp-json\/wp\/v2\/media\/18842"}],"wp:attachment":[{"href":"https:\/\/vedruna.org\/fr\/wp-json\/wp\/v2\/media?parent=19061"}],"wp:term":[{"taxonomy":"category","embeddable":true,"href":"https:\/\/vedruna.org\/fr\/wp-json\/wp\/v2\/categories?post=19061"},{"taxonomy":"post_tag","embeddable":true,"href":"https:\/\/vedruna.org\/fr\/wp-json\/wp\/v2\/tags?post=19061"}],"curies":[{"name":"wp","href":"https:\/\/api.w.org\/{rel}","templated":true}]}}