{"id":19955,"date":"2025-02-26T15:04:15","date_gmt":"2025-02-26T14:04:15","guid":{"rendered":"https:\/\/vedruna.org\/famille-charismatique-de-vedrun-amerique-vers-le-bicentenaire-de-la-congregation\/"},"modified":"2025-02-26T15:04:34","modified_gmt":"2025-02-26T14:04:34","slug":"famille-charismatique-de-vedrun-amerique-vers-le-bicentenaire-de-la-congregation","status":"publish","type":"post","link":"https:\/\/vedruna.org\/fr\/famille-charismatique-de-vedrun-amerique-vers-le-bicentenaire-de-la-congregation\/","title":{"rendered":"Famille charismatique de Vedrun-Am\u00e9rique, vers le bicentenaire de la Congr\u00e9gation"},"content":{"rendered":"\n<p>Le dimanche 23 f\u00e9vrier, <strong>plus de 200 personnes appartenant \u00e0 la famille charismatique de Vedrun-America<\/strong> se sont r\u00e9unies en ligne pour s&rsquo;unir en famille dans la pri\u00e8re, remerciant Dieu pour le don du charisme Vedruna qu&rsquo;il a sem\u00e9 dans nos c\u0153urs.<\/p>\n\n<p>L&rsquo;invitation s&rsquo;adressait \u00e0 toute la famille charismatique : s\u0153urs, la\u00efcs associ\u00e9s, jeunes, \u00e9ducateurs, anciens \u00e9l\u00e8ves et autres groupes, des 13 pays o\u00f9 nous avons une pr\u00e9sence Vedruna en Am\u00e9rique : Argentine, Chili, Uruguay, P\u00e9rou, Porto Rico, Br\u00e9sil, R\u00e9publique dominicaine, Venezuela, \u00c9tats-Unis, Colombie, Bolivie, Cuba et Ha\u00efti. <\/p>\n<div class=\"pgc-sgb-cb wp-block-pgcsimplygalleryblock-slider \" data-gallery-id=\"1ef99372\"style=&quot;min-height:160px&quot;><div class=\"sgb-preloader\" id=\"pr_1ef99372\">\n\t<div class=\"sgb-square\" style=\"background:#d4d4d4\"><\/div>\n\t<div class=\"sgb-square\" style=\"background:#d4d4d4\"><\/div>\n\t<div class=\"sgb-square\" style=\"background:#d4d4d4\"><\/div>\n\t<div class=\"sgb-square\" style=\"background:#d4d4d4\"><\/div><\/div><div class=\"simply-gallery-amp pgc_sgb_slider \"><noscript><div class=\"sgb-gallery\"><div class=\"sgb-item\"><a href=\"https:\/\/vedruna.org\/?attachment_id=19851\" target=\"_blank\"><img decoding=\"async\" alt=\"\" width=\"300\" height=\"188\" loading=\"lazy\" src=\"https:\/\/vedruna.org\/wp-content\/uploads\/2025\/02\/1-Equipo-Provincial-300x188.png\" srcset=\"https:\/\/vedruna.org\/wp-content\/uploads\/2025\/02\/1-Equipo-Provincial-300x188.png 300w,https:\/\/vedruna.org\/wp-content\/uploads\/2025\/02\/1-Equipo-Provincial-1024x640.png 1024w,https:\/\/vedruna.org\/wp-content\/uploads\/2025\/02\/1-Equipo-Provincial.png 1920w\" sizes=\"250px\"\/><\/a><\/div><div class=\"sgb-item\"><a href=\"https:\/\/vedruna.org\/?attachment_id=19859\" target=\"_blank\"><img decoding=\"async\" alt=\"\" width=\"300\" height=\"213\" loading=\"lazy\" src=\"https:\/\/vedruna.org\/wp-content\/uploads\/2025\/02\/2-300x213.png\" srcset=\"https:\/\/vedruna.org\/wp-content\/uploads\/2025\/02\/2-300x213.png 300w,https:\/\/vedruna.org\/wp-content\/uploads\/2025\/02\/2-1024x727.png 1024w,https:\/\/vedruna.org\/wp-content\/uploads\/2025\/02\/2.png 1690w\" sizes=\"250px\"\/><\/a><\/div><div class=\"sgb-item\"><a href=\"https:\/\/vedruna.org\/?attachment_id=19855\" target=\"_blank\"><img decoding=\"async\" alt=\"\" width=\"300\" height=\"188\" loading=\"lazy\" src=\"https:\/\/vedruna.org\/wp-content\/uploads\/2025\/02\/3-Maria-Cecilia-Torres-LV-300x188.png\" srcset=\"https:\/\/vedruna.org\/wp-content\/uploads\/2025\/02\/3-Maria-Cecilia-Torres-LV-300x188.png 300w,https:\/\/vedruna.org\/wp-content\/uploads\/2025\/02\/3-Maria-Cecilia-Torres-LV-1024x640.png 1024w,https:\/\/vedruna.org\/wp-content\/uploads\/2025\/02\/3-Maria-Cecilia-Torres-LV.png 1920w\" sizes=\"250px\"\/><\/a><\/div><\/div><\/noscript><\/div><script type=\"application\/json\" class=\"sgb-data\">{\"externalLink\":false,\"captions\":false,\"collectionThumbSubMenuDownload\":false,\"collectionThumbSubMenuShare\":false,\"sliderMaxHeight\":160,\"sliderAdminWidth\":823,\"responsiveHeight\":true,\"sliderNextPrevNavigation\":false,\"sliderThumbsNavi\":false,\"galleryType\":\"pgc_sgb_slider\",\"galleryId\":\"1ef99372\",\"images\":[{\"id\":19851,\"title\":\"1-Equipo Provincial\",\"url\":\"https:\/\/vedruna.org\/wp-content\/uploads\/2025\/02\/1-Equipo-Provincial.png\",\"link\":\"https:\/\/vedruna.org\/?attachment_id=19851\",\"alt\":\"\",\"description\":\"\",\"caption\":\"\",\"mime\":\"image\/png\",\"type\":\"image\",\"width\":1920,\"height\":1200,\"sizes\":{\"thumbnail\":{\"height\":150,\"width\":150,\"url\":\"https:\/\/vedruna.org\/wp-content\/uploads\/2025\/02\/1-Equipo-Provincial-150x150.png\",\"orientation\":\"landscape\"},\"medium\":{\"height\":188,\"width\":300,\"url\":\"https:\/\/vedruna.org\/wp-content\/uploads\/2025\/02\/1-Equipo-Provincial-300x188.png\",\"orientation\":\"landscape\"},\"large\":{\"height\":640,\"width\":1024,\"url\":\"https:\/\/vedruna.org\/wp-content\/uploads\/2025\/02\/1-Equipo-Provincial-1024x640.png\",\"orientation\":\"landscape\"},\"full\":{\"url\":\"https:\/\/vedruna.org\/wp-content\/uploads\/2025\/02\/1-Equipo-Provincial.png\",\"height\":1200,\"width\":1920,\"orientation\":\"landscape\"}},\"imageMeta\":{\"aperture\":\"0\",\"credit\":\"\",\"camera\":\"\",\"caption\":\"\",\"created_timestamp\":\"0\",\"copyright\":\"\",\"focal_length\":\"0\",\"iso\":\"0\",\"shutter_speed\":\"0\",\"title\":\"\",\"orientation\":\"0\",\"keywords\":[]},\"meta\":false,\"postlink\":\"https:\/\/vedruna.org\/?attachment_id=19851\"},{\"id\":19859,\"title\":\"2\",\"url\":\"https:\/\/vedruna.org\/wp-content\/uploads\/2025\/02\/2.png\",\"link\":\"https:\/\/vedruna.org\/?attachment_id=19859\",\"alt\":\"\",\"description\":\"\",\"caption\":\"\",\"mime\":\"image\/png\",\"type\":\"image\",\"width\":1690,\"height\":1200,\"sizes\":{\"thumbnail\":{\"height\":150,\"width\":150,\"url\":\"https:\/\/vedruna.org\/wp-content\/uploads\/2025\/02\/2-150x150.png\",\"orientation\":\"landscape\"},\"medium\":{\"height\":213,\"width\":300,\"url\":\"https:\/\/vedruna.org\/wp-content\/uploads\/2025\/02\/2-300x213.png\",\"orientation\":\"landscape\"},\"large\":{\"height\":727,\"width\":1024,\"url\":\"https:\/\/vedruna.org\/wp-content\/uploads\/2025\/02\/2-1024x727.png\",\"orientation\":\"landscape\"},\"full\":{\"url\":\"https:\/\/vedruna.org\/wp-content\/uploads\/2025\/02\/2.png\",\"height\":1200,\"width\":1690,\"orientation\":\"landscape\"}},\"imageMeta\":{\"aperture\":\"0\",\"credit\":\"\",\"camera\":\"\",\"caption\":\"\",\"created_timestamp\":\"0\",\"copyright\":\"\",\"focal_length\":\"0\",\"iso\":\"0\",\"shutter_speed\":\"0\",\"title\":\"\",\"orientation\":\"0\",\"keywords\":[]},\"meta\":false,\"postlink\":\"https:\/\/vedruna.org\/?attachment_id=19859\"},{\"id\":19855,\"title\":\"3-Mar\u00eda Cecilia Torres, LV\",\"url\":\"https:\/\/vedruna.org\/wp-content\/uploads\/2025\/02\/3-Maria-Cecilia-Torres-LV.png\",\"link\":\"https:\/\/vedruna.org\/?attachment_id=19855\",\"alt\":\"\",\"description\":\"\",\"caption\":\"\",\"mime\":\"image\/png\",\"type\":\"image\",\"width\":1920,\"height\":1200,\"sizes\":{\"thumbnail\":{\"height\":150,\"width\":150,\"url\":\"https:\/\/vedruna.org\/wp-content\/uploads\/2025\/02\/3-Maria-Cecilia-Torres-LV-150x150.png\",\"orientation\":\"landscape\"},\"medium\":{\"height\":188,\"width\":300,\"url\":\"https:\/\/vedruna.org\/wp-content\/uploads\/2025\/02\/3-Maria-Cecilia-Torres-LV-300x188.png\",\"orientation\":\"landscape\"},\"large\":{\"height\":640,\"width\":1024,\"url\":\"https:\/\/vedruna.org\/wp-content\/uploads\/2025\/02\/3-Maria-Cecilia-Torres-LV-1024x640.png\",\"orientation\":\"landscape\"},\"full\":{\"url\":\"https:\/\/vedruna.org\/wp-content\/uploads\/2025\/02\/3-Maria-Cecilia-Torres-LV.png\",\"height\":1200,\"width\":1920,\"orientation\":\"landscape\"}},\"imageMeta\":{\"aperture\":\"0\",\"credit\":\"\",\"camera\":\"\",\"caption\":\"\",\"created_timestamp\":\"0\",\"copyright\":\"\",\"focal_length\":\"0\",\"iso\":\"0\",\"shutter_speed\":\"0\",\"title\":\"\",\"orientation\":\"0\",\"keywords\":[]},\"meta\":false,\"postlink\":\"https:\/\/vedruna.org\/?attachment_id=19855\"}],\"translatedWithWPMLTM\":\"1\",\"itemsMetaDataCollection\":[]}<\/script><script>(function(){if(window.PGC_SGB && window.PGC_SGB.searcher){window.PGC_SGB.searcher.initBlocks()}})()<\/script><\/div>\n<div style=\"height:25px\" aria-hidden=\"true\" class=\"wp-block-spacer\"><\/div>\n\n<p>Joyeusement, alors que nous entrions sur la plate-forme, \u00e0 travers l&rsquo;\u00e9cran, nous nous reconnaissions, nous nous saluions et nous prenions soin les uns des autres.<\/p>\n\n<p>Apr\u00e8s l&rsquo;ouverture par l&rsquo;<strong>\u00e9quipe provinciale<\/strong>, la pri\u00e8re a \u00e9t\u00e9 guid\u00e9e par l&rsquo;<strong>\u00e9quipe de la famille charismatique<\/strong> qui, par l&rsquo;interm\u00e9diaire de Maria Cecilia Torres du la\u00efcat Vedruna, avec beaucoup de cr\u00e9ativit\u00e9, nous a fait entrer dans ce moment de pri\u00e8re, en donnant de l&rsquo;espace \u00e0 tous, s\u0153urs, la\u00efcs, jeunes, \u00e9ducateurs&#8230; selon la date d&rsquo;arriv\u00e9e du charisme Vedruna dans chaque pays.<\/p>\n\n<p>Il y a eu des moments de silence, de partage, de chant, de remerciement pour tant de dons re\u00e7us, et aussi de pri\u00e8re pour qu&rsquo;il y ait toujours des personnes d\u00e9sireuses de continuer \u00e0 enraciner et \u00e0 fonder le charisme dans tous les lieux o\u00f9 nous sommes ou avons \u00e9t\u00e9 pr\u00e9sents.<\/p>\n\n<p>La cl\u00f4ture a \u00e9t\u00e9 laiss\u00e9e \u00e0 l&rsquo;\u00e9quipe mise en place pour organiser et dynamiser les activit\u00e9s du bicentenaire dans la province. Un \u00e9lan de vie et d&rsquo;esp\u00e9rance nous a envahis, la d\u00e9couverte de la <strong>vitalit\u00e9<\/strong> et de la diffusion du <strong>charisme<\/strong> apr\u00e8s 200 ans nous a remplis de joie. <\/p>\n<div class=\"pgc-sgb-cb wp-block-pgcsimplygalleryblock-slider \" data-gallery-id=\"adf16819\"style=&quot;min-height:200px&quot;><div class=\"sgb-preloader\" id=\"pr_adf16819\">\n\t<div class=\"sgb-square\" style=\"background:#d4d4d4\"><\/div>\n\t<div class=\"sgb-square\" style=\"background:#d4d4d4\"><\/div>\n\t<div class=\"sgb-square\" style=\"background:#d4d4d4\"><\/div>\n\t<div class=\"sgb-square\" style=\"background:#d4d4d4\"><\/div><\/div><div class=\"simply-gallery-amp pgc_sgb_slider \"><noscript><div class=\"sgb-gallery\"><div class=\"sgb-item\"><a href=\"https:\/\/vedruna.org\/?attachment_id=19867\" target=\"_blank\"><img decoding=\"async\" alt=\"\" width=\"300\" height=\"188\" loading=\"lazy\" src=\"https:\/\/vedruna.org\/wp-content\/uploads\/2025\/02\/4-bicentenario8-300x188.png\" srcset=\"https:\/\/vedruna.org\/wp-content\/uploads\/2025\/02\/4-bicentenario8-300x188.png 300w,https:\/\/vedruna.org\/wp-content\/uploads\/2025\/02\/4-bicentenario8-1024x640.png 1024w,https:\/\/vedruna.org\/wp-content\/uploads\/2025\/02\/4-bicentenario8.png 1920w\" sizes=\"250px\"\/><\/a><\/div><div class=\"sgb-item\"><a href=\"https:\/\/vedruna.org\/?attachment_id=19871\" target=\"_blank\"><img decoding=\"async\" alt=\"\" width=\"300\" height=\"188\" loading=\"lazy\" src=\"https:\/\/vedruna.org\/wp-content\/uploads\/2025\/02\/5-bicentenario3-300x188.png\" srcset=\"https:\/\/vedruna.org\/wp-content\/uploads\/2025\/02\/5-bicentenario3-300x188.png 300w,https:\/\/vedruna.org\/wp-content\/uploads\/2025\/02\/5-bicentenario3-1024x640.png 1024w,https:\/\/vedruna.org\/wp-content\/uploads\/2025\/02\/5-bicentenario3.png 1920w\" sizes=\"250px\"\/><\/a><\/div><div class=\"sgb-item\"><a href=\"https:\/\/vedruna.org\/?attachment_id=19863\" target=\"_blank\"><img decoding=\"async\" alt=\"\" width=\"300\" height=\"188\" loading=\"lazy\" src=\"https:\/\/vedruna.org\/wp-content\/uploads\/2025\/02\/6-bicentenario1-300x188.png\" srcset=\"https:\/\/vedruna.org\/wp-content\/uploads\/2025\/02\/6-bicentenario1-300x188.png 300w,https:\/\/vedruna.org\/wp-content\/uploads\/2025\/02\/6-bicentenario1-1024x640.png 1024w,https:\/\/vedruna.org\/wp-content\/uploads\/2025\/02\/6-bicentenario1.png 1920w\" sizes=\"250px\"\/><\/a><\/div><\/div><\/noscript><\/div><script type=\"application\/json\" class=\"sgb-data\">{\"externalLink\":false,\"captions\":false,\"collectionThumbSubMenuDownload\":false,\"collectionThumbSubMenuShare\":false,\"sliderMaxHeight\":200,\"sliderAdminWidth\":823,\"responsiveHeight\":true,\"sliderNextPrevNavigation\":false,\"sliderThumbsNavi\":false,\"galleryType\":\"pgc_sgb_slider\",\"galleryId\":\"adf16819\",\"images\":[{\"id\":19867,\"title\":\"4-bicentenario8\",\"url\":\"https:\/\/vedruna.org\/wp-content\/uploads\/2025\/02\/4-bicentenario8.png\",\"link\":\"https:\/\/vedruna.org\/?attachment_id=19867\",\"alt\":\"\",\"description\":\"\",\"caption\":\"\",\"mime\":\"image\/png\",\"type\":\"image\",\"width\":1920,\"height\":1200,\"sizes\":{\"thumbnail\":{\"height\":150,\"width\":150,\"url\":\"https:\/\/vedruna.org\/wp-content\/uploads\/2025\/02\/4-bicentenario8-150x150.png\",\"orientation\":\"landscape\"},\"medium\":{\"height\":188,\"width\":300,\"url\":\"https:\/\/vedruna.org\/wp-content\/uploads\/2025\/02\/4-bicentenario8-300x188.png\",\"orientation\":\"landscape\"},\"large\":{\"height\":640,\"width\":1024,\"url\":\"https:\/\/vedruna.org\/wp-content\/uploads\/2025\/02\/4-bicentenario8-1024x640.png\",\"orientation\":\"landscape\"},\"full\":{\"url\":\"https:\/\/vedruna.org\/wp-content\/uploads\/2025\/02\/4-bicentenario8.png\",\"height\":1200,\"width\":1920,\"orientation\":\"landscape\"}},\"imageMeta\":{\"aperture\":\"0\",\"credit\":\"\",\"camera\":\"\",\"caption\":\"\",\"created_timestamp\":\"0\",\"copyright\":\"\",\"focal_length\":\"0\",\"iso\":\"0\",\"shutter_speed\":\"0\",\"title\":\"\",\"orientation\":\"0\",\"keywords\":[]},\"meta\":false,\"postlink\":\"https:\/\/vedruna.org\/?attachment_id=19867\"},{\"id\":19871,\"title\":\"5-bicentenario3\",\"url\":\"https:\/\/vedruna.org\/wp-content\/uploads\/2025\/02\/5-bicentenario3.png\",\"link\":\"https:\/\/vedruna.org\/?attachment_id=19871\",\"alt\":\"\",\"description\":\"\",\"caption\":\"\",\"mime\":\"image\/png\",\"type\":\"image\",\"width\":1920,\"height\":1200,\"sizes\":{\"thumbnail\":{\"height\":150,\"width\":150,\"url\":\"https:\/\/vedruna.org\/wp-content\/uploads\/2025\/02\/5-bicentenario3-150x150.png\",\"orientation\":\"landscape\"},\"medium\":{\"height\":188,\"width\":300,\"url\":\"https:\/\/vedruna.org\/wp-content\/uploads\/2025\/02\/5-bicentenario3-300x188.png\",\"orientation\":\"landscape\"},\"large\":{\"height\":640,\"width\":1024,\"url\":\"https:\/\/vedruna.org\/wp-content\/uploads\/2025\/02\/5-bicentenario3-1024x640.png\",\"orientation\":\"landscape\"},\"full\":{\"url\":\"https:\/\/vedruna.org\/wp-content\/uploads\/2025\/02\/5-bicentenario3.png\",\"height\":1200,\"width\":1920,\"orientation\":\"landscape\"}},\"imageMeta\":{\"aperture\":\"0\",\"credit\":\"\",\"camera\":\"\",\"caption\":\"\",\"created_timestamp\":\"0\",\"copyright\":\"\",\"focal_length\":\"0\",\"iso\":\"0\",\"shutter_speed\":\"0\",\"title\":\"\",\"orientation\":\"0\",\"keywords\":[]},\"meta\":false,\"postlink\":\"https:\/\/vedruna.org\/?attachment_id=19871\"},{\"id\":19863,\"title\":\"6-bicentenario1\",\"url\":\"https:\/\/vedruna.org\/wp-content\/uploads\/2025\/02\/6-bicentenario1.png\",\"link\":\"https:\/\/vedruna.org\/?attachment_id=19863\",\"alt\":\"\",\"description\":\"\",\"caption\":\"\",\"mime\":\"image\/png\",\"type\":\"image\",\"width\":1920,\"height\":1200,\"sizes\":{\"thumbnail\":{\"height\":150,\"width\":150,\"url\":\"https:\/\/vedruna.org\/wp-content\/uploads\/2025\/02\/6-bicentenario1-150x150.png\",\"orientation\":\"landscape\"},\"medium\":{\"height\":188,\"width\":300,\"url\":\"https:\/\/vedruna.org\/wp-content\/uploads\/2025\/02\/6-bicentenario1-300x188.png\",\"orientation\":\"landscape\"},\"large\":{\"height\":640,\"width\":1024,\"url\":\"https:\/\/vedruna.org\/wp-content\/uploads\/2025\/02\/6-bicentenario1-1024x640.png\",\"orientation\":\"landscape\"},\"full\":{\"url\":\"https:\/\/vedruna.org\/wp-content\/uploads\/2025\/02\/6-bicentenario1.png\",\"height\":1200,\"width\":1920,\"orientation\":\"landscape\"}},\"imageMeta\":{\"aperture\":\"0\",\"credit\":\"\",\"camera\":\"\",\"caption\":\"\",\"created_timestamp\":\"0\",\"copyright\":\"\",\"focal_length\":\"0\",\"iso\":\"0\",\"shutter_speed\":\"0\",\"title\":\"\",\"orientation\":\"0\",\"keywords\":[]},\"meta\":false,\"postlink\":\"https:\/\/vedruna.org\/?attachment_id=19863\"}],\"translatedWithWPMLTM\":\"1\",\"itemsMetaDataCollection\":[]}<\/script><script>(function(){if(window.PGC_SGB && window.PGC_SGB.searcher){window.PGC_SGB.searcher.initBlocks()}})()<\/script><\/div>\n<div style=\"height:25px\" aria-hidden=\"true\" class=\"wp-block-spacer\"><\/div>\n\n<p><strong>Sr. Yulian Torres<\/strong>Le coordinateur de cette \u00e9quipe, apr\u00e8s avoir expliqu\u00e9 ses objectifs, nous a donn\u00e9 quelques lignes directrices sur le chemin \u00e0 suivre pendant ces deux ann\u00e9es de c\u00e9l\u00e9bration, de f\u00e9vrier 2025 \u00e0 f\u00e9vrier 2027. Deux ans parce qu&rsquo;il y a beaucoup de vie \u00e0 dynamiser, \u00e0 partager, \u00e0 c\u00e9l\u00e9brer et \u00e0 transmettre aux nouvelles g\u00e9n\u00e9rations. <\/p>\n<div class=\"pgc-sgb-cb wp-block-pgcsimplygalleryblock-slider \" data-gallery-id=\"a9321266\"style=&quot;min-height:280px&quot;><div class=\"sgb-preloader\" id=\"pr_a9321266\">\n\t<div class=\"sgb-square\" style=\"background:#d4d4d4\"><\/div>\n\t<div class=\"sgb-square\" style=\"background:#d4d4d4\"><\/div>\n\t<div class=\"sgb-square\" style=\"background:#d4d4d4\"><\/div>\n\t<div class=\"sgb-square\" style=\"background:#d4d4d4\"><\/div><\/div><div class=\"simply-gallery-amp pgc_sgb_slider \"><noscript><div class=\"sgb-gallery\"><div class=\"sgb-item\"><a href=\"https:\/\/vedruna.org\/?attachment_id=19875\" target=\"_blank\"><img decoding=\"async\" alt=\"\" width=\"300\" height=\"188\" loading=\"lazy\" src=\"https:\/\/vedruna.org\/wp-content\/uploads\/2025\/02\/7-bicentenario4-300x188.png\" srcset=\"https:\/\/vedruna.org\/wp-content\/uploads\/2025\/02\/7-bicentenario4-300x188.png 300w,https:\/\/vedruna.org\/wp-content\/uploads\/2025\/02\/7-bicentenario4-1024x640.png 1024w,https:\/\/vedruna.org\/wp-content\/uploads\/2025\/02\/7-bicentenario4.png 1920w\" sizes=\"250px\"\/><\/a><\/div><div class=\"sgb-item\"><a href=\"https:\/\/vedruna.org\/?attachment_id=19883\" target=\"_blank\"><img decoding=\"async\" alt=\"\" width=\"300\" height=\"188\" loading=\"lazy\" src=\"https:\/\/vedruna.org\/wp-content\/uploads\/2025\/02\/8-bicentenario7-300x188.png\" srcset=\"https:\/\/vedruna.org\/wp-content\/uploads\/2025\/02\/8-bicentenario7-300x188.png 300w,https:\/\/vedruna.org\/wp-content\/uploads\/2025\/02\/8-bicentenario7-1024x640.png 1024w,https:\/\/vedruna.org\/wp-content\/uploads\/2025\/02\/8-bicentenario7.png 1920w\" sizes=\"250px\"\/><\/a><\/div><div class=\"sgb-item\"><a href=\"https:\/\/vedruna.org\/?attachment_id=19879\" target=\"_blank\"><img decoding=\"async\" alt=\"\" width=\"300\" height=\"188\" loading=\"lazy\" src=\"https:\/\/vedruna.org\/wp-content\/uploads\/2025\/02\/9-bicentenario5-300x188.png\" srcset=\"https:\/\/vedruna.org\/wp-content\/uploads\/2025\/02\/9-bicentenario5-300x188.png 300w,https:\/\/vedruna.org\/wp-content\/uploads\/2025\/02\/9-bicentenario5-1024x640.png 1024w,https:\/\/vedruna.org\/wp-content\/uploads\/2025\/02\/9-bicentenario5.png 1920w\" sizes=\"250px\"\/><\/a><\/div><div class=\"sgb-item\"><a href=\"https:\/\/vedruna.org\/?attachment_id=19887\" target=\"_blank\"><img decoding=\"async\" alt=\"\" width=\"300\" height=\"188\" loading=\"lazy\" src=\"https:\/\/vedruna.org\/wp-content\/uploads\/2025\/02\/10-bicentenario6-300x188.png\" srcset=\"https:\/\/vedruna.org\/wp-content\/uploads\/2025\/02\/10-bicentenario6-300x188.png 300w,https:\/\/vedruna.org\/wp-content\/uploads\/2025\/02\/10-bicentenario6-1024x640.png 1024w,https:\/\/vedruna.org\/wp-content\/uploads\/2025\/02\/10-bicentenario6.png 1920w\" sizes=\"250px\"\/><\/a><\/div><\/div><\/noscript><\/div><script type=\"application\/json\" class=\"sgb-data\">{\"externalLink\":false,\"captions\":false,\"collectionThumbSubMenuDownload\":false,\"collectionThumbSubMenuShare\":false,\"sliderMaxHeight\":280,\"sliderAdminWidth\":823,\"collectionColumns\":2,\"galleryType\":\"pgc_sgb_slider\",\"galleryId\":\"a9321266\",\"images\":[{\"id\":19875,\"title\":\"7-bicentenario4\",\"url\":\"https:\/\/vedruna.org\/wp-content\/uploads\/2025\/02\/7-bicentenario4.png\",\"link\":\"https:\/\/vedruna.org\/?attachment_id=19875\",\"alt\":\"\",\"description\":\"\",\"caption\":\"\",\"mime\":\"image\/png\",\"type\":\"image\",\"width\":1920,\"height\":1200,\"sizes\":{\"thumbnail\":{\"height\":150,\"width\":150,\"url\":\"https:\/\/vedruna.org\/wp-content\/uploads\/2025\/02\/7-bicentenario4-150x150.png\",\"orientation\":\"landscape\"},\"medium\":{\"height\":188,\"width\":300,\"url\":\"https:\/\/vedruna.org\/wp-content\/uploads\/2025\/02\/7-bicentenario4-300x188.png\",\"orientation\":\"landscape\"},\"large\":{\"height\":640,\"width\":1024,\"url\":\"https:\/\/vedruna.org\/wp-content\/uploads\/2025\/02\/7-bicentenario4-1024x640.png\",\"orientation\":\"landscape\"},\"full\":{\"url\":\"https:\/\/vedruna.org\/wp-content\/uploads\/2025\/02\/7-bicentenario4.png\",\"height\":1200,\"width\":1920,\"orientation\":\"landscape\"}},\"imageMeta\":{\"aperture\":\"0\",\"credit\":\"\",\"camera\":\"\",\"caption\":\"\",\"created_timestamp\":\"0\",\"copyright\":\"\",\"focal_length\":\"0\",\"iso\":\"0\",\"shutter_speed\":\"0\",\"title\":\"\",\"orientation\":\"0\",\"keywords\":[]},\"meta\":false,\"postlink\":\"https:\/\/vedruna.org\/?attachment_id=19875\"},{\"id\":19883,\"title\":\"8-bicentenario7\",\"url\":\"https:\/\/vedruna.org\/wp-content\/uploads\/2025\/02\/8-bicentenario7.png\",\"link\":\"https:\/\/vedruna.org\/?attachment_id=19883\",\"alt\":\"\",\"description\":\"\",\"caption\":\"\",\"mime\":\"image\/png\",\"type\":\"image\",\"width\":1920,\"height\":1200,\"sizes\":{\"thumbnail\":{\"height\":150,\"width\":150,\"url\":\"https:\/\/vedruna.org\/wp-content\/uploads\/2025\/02\/8-bicentenario7-150x150.png\",\"orientation\":\"landscape\"},\"medium\":{\"height\":188,\"width\":300,\"url\":\"https:\/\/vedruna.org\/wp-content\/uploads\/2025\/02\/8-bicentenario7-300x188.png\",\"orientation\":\"landscape\"},\"large\":{\"height\":640,\"width\":1024,\"url\":\"https:\/\/vedruna.org\/wp-content\/uploads\/2025\/02\/8-bicentenario7-1024x640.png\",\"orientation\":\"landscape\"},\"full\":{\"url\":\"https:\/\/vedruna.org\/wp-content\/uploads\/2025\/02\/8-bicentenario7.png\",\"height\":1200,\"width\":1920,\"orientation\":\"landscape\"}},\"imageMeta\":{\"aperture\":\"0\",\"credit\":\"\",\"camera\":\"\",\"caption\":\"\",\"created_timestamp\":\"0\",\"copyright\":\"\",\"focal_length\":\"0\",\"iso\":\"0\",\"shutter_speed\":\"0\",\"title\":\"\",\"orientation\":\"0\",\"keywords\":[]},\"meta\":false,\"postlink\":\"https:\/\/vedruna.org\/?attachment_id=19883\"},{\"id\":19879,\"title\":\"9-bicentenario5\",\"url\":\"https:\/\/vedruna.org\/wp-content\/uploads\/2025\/02\/9-bicentenario5.png\",\"link\":\"https:\/\/vedruna.org\/?attachment_id=19879\",\"alt\":\"\",\"description\":\"\",\"caption\":\"\",\"mime\":\"image\/png\",\"type\":\"image\",\"width\":1920,\"height\":1200,\"sizes\":{\"thumbnail\":{\"height\":150,\"width\":150,\"url\":\"https:\/\/vedruna.org\/wp-content\/uploads\/2025\/02\/9-bicentenario5-150x150.png\",\"orientation\":\"landscape\"},\"medium\":{\"height\":188,\"width\":300,\"url\":\"https:\/\/vedruna.org\/wp-content\/uploads\/2025\/02\/9-bicentenario5-300x188.png\",\"orientation\":\"landscape\"},\"large\":{\"height\":640,\"width\":1024,\"url\":\"https:\/\/vedruna.org\/wp-content\/uploads\/2025\/02\/9-bicentenario5-1024x640.png\",\"orientation\":\"landscape\"},\"full\":{\"url\":\"https:\/\/vedruna.org\/wp-content\/uploads\/2025\/02\/9-bicentenario5.png\",\"height\":1200,\"width\":1920,\"orientation\":\"landscape\"}},\"imageMeta\":{\"aperture\":\"0\",\"credit\":\"\",\"camera\":\"\",\"caption\":\"\",\"created_timestamp\":\"0\",\"copyright\":\"\",\"focal_length\":\"0\",\"iso\":\"0\",\"shutter_speed\":\"0\",\"title\":\"\",\"orientation\":\"0\",\"keywords\":[]},\"meta\":false,\"postlink\":\"https:\/\/vedruna.org\/?attachment_id=19879\"},{\"id\":19887,\"title\":\"10-bicentenario6\",\"url\":\"https:\/\/vedruna.org\/wp-content\/uploads\/2025\/02\/10-bicentenario6.png\",\"link\":\"https:\/\/vedruna.org\/?attachment_id=19887\",\"alt\":\"\",\"description\":\"\",\"caption\":\"\",\"mime\":\"image\/png\",\"type\":\"image\",\"width\":1920,\"height\":1200,\"sizes\":{\"thumbnail\":{\"height\":150,\"width\":150,\"url\":\"https:\/\/vedruna.org\/wp-content\/uploads\/2025\/02\/10-bicentenario6-150x150.png\",\"orientation\":\"landscape\"},\"medium\":{\"height\":188,\"width\":300,\"url\":\"https:\/\/vedruna.org\/wp-content\/uploads\/2025\/02\/10-bicentenario6-300x188.png\",\"orientation\":\"landscape\"},\"large\":{\"height\":640,\"width\":1024,\"url\":\"https:\/\/vedruna.org\/wp-content\/uploads\/2025\/02\/10-bicentenario6-1024x640.png\",\"orientation\":\"landscape\"},\"full\":{\"url\":\"https:\/\/vedruna.org\/wp-content\/uploads\/2025\/02\/10-bicentenario6.png\",\"height\":1200,\"width\":1920,\"orientation\":\"landscape\"}},\"imageMeta\":{\"aperture\":\"0\",\"credit\":\"\",\"camera\":\"\",\"caption\":\"\",\"created_timestamp\":\"0\",\"copyright\":\"\",\"focal_length\":\"0\",\"iso\":\"0\",\"shutter_speed\":\"0\",\"title\":\"\",\"orientation\":\"0\",\"keywords\":[]},\"meta\":false,\"postlink\":\"https:\/\/vedruna.org\/?attachment_id=19887\"}],\"translatedWithWPMLTM\":\"1\",\"itemsMetaDataCollection\":[]}<\/script><script>(function(){if(window.PGC_SGB && window.PGC_SGB.searcher){window.PGC_SGB.searcher.initBlocks()}})()<\/script><\/div>\n<div style=\"height:25px\" aria-hidden=\"true\" class=\"wp-block-spacer\"><\/div>\n\n<p>Il a partag\u00e9 avec nous la devise avec laquelle nous c\u00e9l\u00e9brerons ce bicentenaire, \u00e0 savoir <strong>\u00ab\u00a0Amour g\u00e9n\u00e9reux, mission inspirante\u00a0\u00bb.<\/strong> Il a \u00e9galement expliqu\u00e9 le contenu et la signification de chaque \u00e9l\u00e9ment qui compose le logo (c\u0153ur, bourgeon v\u00e9g\u00e9tal, \u00e9toile et colombe), la signification des couleurs utilis\u00e9es (rouge, vert, bleu et orange) et la mani\u00e8re dont nous allons y travailler en Am\u00e9rique. En 2025, nous nous concentrerons sur la premi\u00e8re partie de la devise : <strong>\u00ab\u00a0Amour g\u00e9n\u00e9reux, &#8230;\u00a0\u00bb ;<\/strong> tandis qu&rsquo;en 2026, nous nous concentrerons sur la deuxi\u00e8me partie \u00ab\u00a0..<strong>.mission qui inspire\u00a0\u00bb.<\/strong>  <\/p>\n\n<p>A partir de ce moment, l&rsquo;<strong>ann\u00e9e du Bicentenaire de<\/strong> <strong>la Congr\u00e9gation des Carm\u00e9lites de la Charit\u00e9 Vedruna dans le monde<\/strong> est <strong>inaugur\u00e9e<\/strong>, et nous sommes encourag\u00e9s \u00e0 la vivre avec force, \u00e9nergie et surtout avec beaucoup d&rsquo;amour et de d\u00e9vouement.<\/p>\n\n<p class=\"has-text-align-right\"><strong>Sr. Isabel Migu\u00e9lez, CCV<\/strong><\/p>\n\n<figure class=\"wp-block-gallery has-nested-images columns-default is-cropped wp-block-gallery-1 is-layout-flex wp-block-gallery-is-layout-flex\">\n<figure class=\"wp-block-image size-large\"><img loading=\"lazy\" decoding=\"async\" width=\"1024\" height=\"640\" data-id=\"19891\" src=\"https:\/\/vedruna.org\/wp-content\/uploads\/2025\/02\/11-Alvaro_-Brasil-1024x640.png\" alt=\"\" class=\"wp-image-19891\" srcset=\"https:\/\/vedruna.org\/wp-content\/uploads\/2025\/02\/11-Alvaro_-Brasil-980x613.png 980w, https:\/\/vedruna.org\/wp-content\/uploads\/2025\/02\/11-Alvaro_-Brasil-480x300.png 480w\" sizes=\"(min-width: 0px) and (max-width: 480px) 480px, (min-width: 481px) and (max-width: 980px) 980px, (min-width: 981px) 1024px, 100vw\" \/><\/figure>\n\n\n\n<figure class=\"wp-block-image size-large\"><img loading=\"lazy\" decoding=\"async\" width=\"1024\" height=\"640\" data-id=\"19903\" src=\"https:\/\/vedruna.org\/wp-content\/uploads\/2025\/02\/12-Karla-Baldivian-Bolivia-1024x640.png\" alt=\"\" class=\"wp-image-19903\" srcset=\"https:\/\/vedruna.org\/wp-content\/uploads\/2025\/02\/12-Karla-Baldivian-Bolivia-980x613.png 980w, https:\/\/vedruna.org\/wp-content\/uploads\/2025\/02\/12-Karla-Baldivian-Bolivia-480x300.png 480w\" sizes=\"(min-width: 0px) and (max-width: 480px) 480px, (min-width: 481px) and (max-width: 980px) 980px, (min-width: 981px) 1024px, 100vw\" \/><\/figure>\n\n\n\n<figure class=\"wp-block-image size-large\"><img loading=\"lazy\" decoding=\"async\" width=\"1024\" height=\"640\" data-id=\"19899\" src=\"https:\/\/vedruna.org\/wp-content\/uploads\/2025\/02\/13-Cuba-MJV-1024x640.png\" alt=\"\" class=\"wp-image-19899\" srcset=\"https:\/\/vedruna.org\/wp-content\/uploads\/2025\/02\/13-Cuba-MJV-980x613.png 980w, https:\/\/vedruna.org\/wp-content\/uploads\/2025\/02\/13-Cuba-MJV-480x300.png 480w\" sizes=\"(min-width: 0px) and (max-width: 480px) 480px, (min-width: 481px) and (max-width: 980px) 980px, (min-width: 981px) 1024px, 100vw\" \/><\/figure>\n\n\n\n<figure class=\"wp-block-image size-large\"><img loading=\"lazy\" decoding=\"async\" width=\"1024\" height=\"640\" data-id=\"19919\" src=\"https:\/\/vedruna.org\/wp-content\/uploads\/2025\/02\/14-Estados-Unidos-1024x640.png\" alt=\"\" class=\"wp-image-19919\" srcset=\"https:\/\/vedruna.org\/wp-content\/uploads\/2025\/02\/14-Estados-Unidos-980x613.png 980w, https:\/\/vedruna.org\/wp-content\/uploads\/2025\/02\/14-Estados-Unidos-480x300.png 480w\" sizes=\"(min-width: 0px) and (max-width: 480px) 480px, (min-width: 481px) and (max-width: 980px) 980px, (min-width: 981px) 1024px, 100vw\" \/><\/figure>\n\n\n\n<figure class=\"wp-block-image size-large\"><img loading=\"lazy\" decoding=\"async\" width=\"1024\" height=\"640\" data-id=\"19907\" src=\"https:\/\/vedruna.org\/wp-content\/uploads\/2025\/02\/15-Trina-Hernandez-Venezuela-1024x640.png\" alt=\"\" class=\"wp-image-19907\" srcset=\"https:\/\/vedruna.org\/wp-content\/uploads\/2025\/02\/15-Trina-Hernandez-Venezuela-980x613.png 980w, https:\/\/vedruna.org\/wp-content\/uploads\/2025\/02\/15-Trina-Hernandez-Venezuela-480x300.png 480w\" sizes=\"(min-width: 0px) and (max-width: 480px) 480px, (min-width: 481px) and (max-width: 980px) 980px, (min-width: 981px) 1024px, 100vw\" \/><\/figure>\n\n\n\n<figure class=\"wp-block-image size-large\"><img loading=\"lazy\" decoding=\"async\" width=\"1024\" height=\"640\" data-id=\"19911\" src=\"https:\/\/vedruna.org\/wp-content\/uploads\/2025\/02\/16-Hna.-Maria-Lopez-1024x640.png\" alt=\"\" class=\"wp-image-19911\" srcset=\"https:\/\/vedruna.org\/wp-content\/uploads\/2025\/02\/16-Hna.-Maria-Lopez-980x613.png 980w, https:\/\/vedruna.org\/wp-content\/uploads\/2025\/02\/16-Hna.-Maria-Lopez-480x300.png 480w\" sizes=\"(min-width: 0px) and (max-width: 480px) 480px, (min-width: 481px) and (max-width: 980px) 980px, (min-width: 981px) 1024px, 100vw\" \/><\/figure>\n\n\n\n<figure class=\"wp-block-image size-large\"><img loading=\"lazy\" decoding=\"async\" width=\"1024\" height=\"640\" data-id=\"19915\" src=\"https:\/\/vedruna.org\/wp-content\/uploads\/2025\/02\/17-casa-Noviciado-Brasil-1024x640.png\" alt=\"\" class=\"wp-image-19915\" srcset=\"https:\/\/vedruna.org\/wp-content\/uploads\/2025\/02\/17-casa-Noviciado-Brasil-980x613.png 980w, https:\/\/vedruna.org\/wp-content\/uploads\/2025\/02\/17-casa-Noviciado-Brasil-480x300.png 480w\" sizes=\"(min-width: 0px) and (max-width: 480px) 480px, (min-width: 481px) and (max-width: 980px) 980px, (min-width: 981px) 1024px, 100vw\" \/><\/figure>\n\n\n\n<figure class=\"wp-block-image size-large\"><img loading=\"lazy\" decoding=\"async\" width=\"1024\" height=\"640\" data-id=\"19895\" src=\"https:\/\/vedruna.org\/wp-content\/uploads\/2025\/02\/18-Atilio-Argentina-1024x640.png\" alt=\"\" class=\"wp-image-19895\" srcset=\"https:\/\/vedruna.org\/wp-content\/uploads\/2025\/02\/18-Atilio-Argentina-980x613.png 980w, https:\/\/vedruna.org\/wp-content\/uploads\/2025\/02\/18-Atilio-Argentina-480x300.png 480w\" sizes=\"(min-width: 0px) and (max-width: 480px) 480px, (min-width: 481px) and (max-width: 980px) 980px, (min-width: 981px) 1024px, 100vw\" \/><\/figure>\n<\/figure>\n","protected":false},"excerpt":{"rendered":"<p>Le dimanche 23 f\u00e9vrier, plus de 200 personnes appartenant \u00e0 la famille charismatique de Vedrun-America se sont r\u00e9unies en ligne pour s&rsquo;unir en famille dans la pri\u00e8re, remerciant Dieu pour le don du charisme Vedruna qu&rsquo;il a sem\u00e9 dans nos c\u0153urs. L&rsquo;invitation s&rsquo;adressait \u00e0 toute la famille charismatique : s\u0153urs, la\u00efcs associ\u00e9s, jeunes, \u00e9ducateurs, anciens [&hellip;]<\/p>\n","protected":false},"author":4,"featured_media":19931,"comment_status":"closed","ping_status":"closed","sticky":false,"template":"","format":"standard","meta":{"_et_pb_use_builder":"","_et_pb_old_content":"","_et_gb_content_width":"","pgc_sgb_lightbox_settings":"","footnotes":""},"categories":[449,81,146],"tags":[],"class_list":["post-19955","post","type-post","status-publish","format-standard","has-post-thumbnail","hentry","category-bicentenaire-vedruna","category-non-classifiee","category-vedrunamerica-fr"],"yoast_head":"<!-- This site is optimized with the Yoast SEO plugin v27.5 - https:\/\/yoast.com\/product\/yoast-seo-wordpress\/ -->\n<title>Famille charismatique de Vedrun-Am\u00e9rique, vers le bicentenaire de la Congr\u00e9gation - Carmelitas de la Caridad Vedruna<\/title>\n<meta name=\"description\" content=\"Un compte-rendu de la r\u00e9union en ligne qui s&#039;est tenue le 23 f\u00e9vrier dans la province de Vedrunamerica pour lancer le voyage vers le bicentenaire.\" \/>\n<meta name=\"robots\" content=\"index, follow, max-snippet:-1, max-image-preview:large, max-video-preview:-1\" \/>\n<link rel=\"canonical\" href=\"https:\/\/vedruna.org\/fr\/famille-charismatique-de-vedrun-amerique-vers-le-bicentenaire-de-la-congregation\/\" \/>\n<meta property=\"og:locale\" content=\"fr_FR\" \/>\n<meta property=\"og:type\" content=\"article\" \/>\n<meta property=\"og:title\" content=\"Famille charismatique de Vedrun-Am\u00e9rique, vers le bicentenaire de la Congr\u00e9gation - Carmelitas de la Caridad Vedruna\" \/>\n<meta property=\"og:description\" content=\"Un compte-rendu de la r\u00e9union en ligne qui s&#039;est tenue le 23 f\u00e9vrier dans la province de Vedrunamerica pour lancer le voyage vers le bicentenaire.\" \/>\n<meta property=\"og:url\" content=\"https:\/\/vedruna.org\/fr\/famille-charismatique-de-vedrun-amerique-vers-le-bicentenaire-de-la-congregation\/\" \/>\n<meta property=\"og:site_name\" content=\"Carmelitas de la Caridad Vedruna\" \/>\n<meta property=\"article:published_time\" content=\"2025-02-26T14:04:15+00:00\" \/>\n<meta property=\"article:modified_time\" content=\"2025-02-26T14:04:34+00:00\" \/>\n<meta property=\"og:image\" content=\"https:\/\/vedruna.org\/wp-content\/uploads\/2025\/02\/principal.2-1024x721.png\" \/>\n\t<meta property=\"og:image:width\" content=\"1024\" \/>\n\t<meta property=\"og:image:height\" content=\"721\" \/>\n\t<meta property=\"og:image:type\" content=\"image\/png\" \/>\n<meta name=\"author\" content=\"Comunicaci\u00f3n Vedrunam\u00e9rica\" \/>\n<meta name=\"twitter:card\" content=\"summary_large_image\" \/>\n<meta name=\"twitter:label1\" content=\"\u00c9crit par\" \/>\n\t<meta name=\"twitter:data1\" content=\"Comunicaci\u00f3n Vedrunam\u00e9rica\" \/>\n\t<meta name=\"twitter:label2\" content=\"Dur\u00e9e de lecture estim\u00e9e\" \/>\n\t<meta name=\"twitter:data2\" content=\"3 minutes\" \/>\n<script type=\"application\/ld+json\" class=\"yoast-schema-graph\">{\"@context\":\"https:\\\/\\\/schema.org\",\"@graph\":[{\"@type\":\"Article\",\"@id\":\"https:\\\/\\\/vedruna.org\\\/fr\\\/famille-charismatique-de-vedrun-amerique-vers-le-bicentenaire-de-la-congregation\\\/#article\",\"isPartOf\":{\"@id\":\"https:\\\/\\\/vedruna.org\\\/fr\\\/famille-charismatique-de-vedrun-amerique-vers-le-bicentenaire-de-la-congregation\\\/\"},\"author\":{\"name\":\"Comunicaci\u00f3n Vedrunam\u00e9rica\",\"@id\":\"https:\\\/\\\/vedruna.org\\\/fr\\\/#\\\/schema\\\/person\\\/cf468646189533fb6a3aae475663fdc7\"},\"headline\":\"Famille charismatique de Vedrun-Am\u00e9rique, vers le bicentenaire de la Congr\u00e9gation\",\"datePublished\":\"2025-02-26T14:04:15+00:00\",\"dateModified\":\"2025-02-26T14:04:34+00:00\",\"mainEntityOfPage\":{\"@id\":\"https:\\\/\\\/vedruna.org\\\/fr\\\/famille-charismatique-de-vedrun-amerique-vers-le-bicentenaire-de-la-congregation\\\/\"},\"wordCount\":530,\"publisher\":{\"@id\":\"https:\\\/\\\/vedruna.org\\\/fr\\\/#organization\"},\"image\":{\"@id\":\"https:\\\/\\\/vedruna.org\\\/fr\\\/famille-charismatique-de-vedrun-amerique-vers-le-bicentenaire-de-la-congregation\\\/#primaryimage\"},\"thumbnailUrl\":\"https:\\\/\\\/vedruna.org\\\/wp-content\\\/uploads\\\/2025\\\/02\\\/principal.2-e1740578536860.png\",\"articleSection\":[\"Bicentenaire Vedruna\",\"Non classifi\u00e9(e)\",\"Vedrunamerica\"],\"inLanguage\":\"fr-FR\"},{\"@type\":\"WebPage\",\"@id\":\"https:\\\/\\\/vedruna.org\\\/fr\\\/famille-charismatique-de-vedrun-amerique-vers-le-bicentenaire-de-la-congregation\\\/\",\"url\":\"https:\\\/\\\/vedruna.org\\\/fr\\\/famille-charismatique-de-vedrun-amerique-vers-le-bicentenaire-de-la-congregation\\\/\",\"name\":\"Famille charismatique de Vedrun-Am\u00e9rique, vers le bicentenaire de la Congr\u00e9gation - Carmelitas de la Caridad Vedruna\",\"isPartOf\":{\"@id\":\"https:\\\/\\\/vedruna.org\\\/fr\\\/#website\"},\"primaryImageOfPage\":{\"@id\":\"https:\\\/\\\/vedruna.org\\\/fr\\\/famille-charismatique-de-vedrun-amerique-vers-le-bicentenaire-de-la-congregation\\\/#primaryimage\"},\"image\":{\"@id\":\"https:\\\/\\\/vedruna.org\\\/fr\\\/famille-charismatique-de-vedrun-amerique-vers-le-bicentenaire-de-la-congregation\\\/#primaryimage\"},\"thumbnailUrl\":\"https:\\\/\\\/vedruna.org\\\/wp-content\\\/uploads\\\/2025\\\/02\\\/principal.2-e1740578536860.png\",\"datePublished\":\"2025-02-26T14:04:15+00:00\",\"dateModified\":\"2025-02-26T14:04:34+00:00\",\"description\":\"Un compte-rendu de la r\u00e9union en ligne qui s'est tenue le 23 f\u00e9vrier dans la province de Vedrunamerica pour lancer le voyage vers le bicentenaire.\",\"breadcrumb\":{\"@id\":\"https:\\\/\\\/vedruna.org\\\/fr\\\/famille-charismatique-de-vedrun-amerique-vers-le-bicentenaire-de-la-congregation\\\/#breadcrumb\"},\"inLanguage\":\"fr-FR\",\"potentialAction\":[{\"@type\":\"ReadAction\",\"target\":[\"https:\\\/\\\/vedruna.org\\\/fr\\\/famille-charismatique-de-vedrun-amerique-vers-le-bicentenaire-de-la-congregation\\\/\"]}]},{\"@type\":\"ImageObject\",\"inLanguage\":\"fr-FR\",\"@id\":\"https:\\\/\\\/vedruna.org\\\/fr\\\/famille-charismatique-de-vedrun-amerique-vers-le-bicentenaire-de-la-congregation\\\/#primaryimage\",\"url\":\"https:\\\/\\\/vedruna.org\\\/wp-content\\\/uploads\\\/2025\\\/02\\\/principal.2-e1740578536860.png\",\"contentUrl\":\"https:\\\/\\\/vedruna.org\\\/wp-content\\\/uploads\\\/2025\\\/02\\\/principal.2-e1740578536860.png\",\"width\":3516,\"height\":2475},{\"@type\":\"BreadcrumbList\",\"@id\":\"https:\\\/\\\/vedruna.org\\\/fr\\\/famille-charismatique-de-vedrun-amerique-vers-le-bicentenaire-de-la-congregation\\\/#breadcrumb\",\"itemListElement\":[{\"@type\":\"ListItem\",\"position\":1,\"name\":\"Portada\",\"item\":\"https:\\\/\\\/vedruna.org\\\/fr\\\/\"},{\"@type\":\"ListItem\",\"position\":2,\"name\":\"Famille charismatique de Vedrun-Am\u00e9rique, vers le bicentenaire de la Congr\u00e9gation\"}]},{\"@type\":\"WebSite\",\"@id\":\"https:\\\/\\\/vedruna.org\\\/fr\\\/#website\",\"url\":\"https:\\\/\\\/vedruna.org\\\/fr\\\/\",\"name\":\"Carmelitas de la Caridad Vedruna\",\"description\":\"Carmelitas de la caridad\",\"publisher\":{\"@id\":\"https:\\\/\\\/vedruna.org\\\/fr\\\/#organization\"},\"potentialAction\":[{\"@type\":\"SearchAction\",\"target\":{\"@type\":\"EntryPoint\",\"urlTemplate\":\"https:\\\/\\\/vedruna.org\\\/fr\\\/?s={search_term_string}\"},\"query-input\":{\"@type\":\"PropertyValueSpecification\",\"valueRequired\":true,\"valueName\":\"search_term_string\"}}],\"inLanguage\":\"fr-FR\"},{\"@type\":\"Organization\",\"@id\":\"https:\\\/\\\/vedruna.org\\\/fr\\\/#organization\",\"name\":\"Carmelitas de la caridad Vedruna\",\"url\":\"https:\\\/\\\/vedruna.org\\\/fr\\\/\",\"logo\":{\"@type\":\"ImageObject\",\"inLanguage\":\"fr-FR\",\"@id\":\"https:\\\/\\\/vedruna.org\\\/fr\\\/#\\\/schema\\\/logo\\\/image\\\/\",\"url\":\"https:\\\/\\\/vedruna.org\\\/wp-content\\\/uploads\\\/2022\\\/04\\\/LOGO-VEDRUNA-HORIZONTAL.png\",\"contentUrl\":\"https:\\\/\\\/vedruna.org\\\/wp-content\\\/uploads\\\/2022\\\/04\\\/LOGO-VEDRUNA-HORIZONTAL.png\",\"width\":1200,\"height\":463,\"caption\":\"Carmelitas de la caridad Vedruna\"},\"image\":{\"@id\":\"https:\\\/\\\/vedruna.org\\\/fr\\\/#\\\/schema\\\/logo\\\/image\\\/\"}},{\"@type\":\"Person\",\"@id\":\"https:\\\/\\\/vedruna.org\\\/fr\\\/#\\\/schema\\\/person\\\/cf468646189533fb6a3aae475663fdc7\",\"name\":\"Comunicaci\u00f3n Vedrunam\u00e9rica\",\"image\":{\"@type\":\"ImageObject\",\"inLanguage\":\"fr-FR\",\"@id\":\"https:\\\/\\\/secure.gravatar.com\\\/avatar\\\/b4eff91ff87ece2131a5d31270e1df0a7eeaffece756ce6503fd7dce879d1bfc?s=96&d=mm&r=g\",\"url\":\"https:\\\/\\\/secure.gravatar.com\\\/avatar\\\/b4eff91ff87ece2131a5d31270e1df0a7eeaffece756ce6503fd7dce879d1bfc?s=96&d=mm&r=g\",\"contentUrl\":\"https:\\\/\\\/secure.gravatar.com\\\/avatar\\\/b4eff91ff87ece2131a5d31270e1df0a7eeaffece756ce6503fd7dce879d1bfc?s=96&d=mm&r=g\",\"caption\":\"Comunicaci\u00f3n Vedrunam\u00e9rica\"},\"url\":\"https:\\\/\\\/vedruna.org\\\/fr\\\/author\\\/comunicacion-vedrunamerica\\\/\"}]}<\/script>\n<!-- \/ Yoast SEO plugin. -->","yoast_head_json":{"title":"Famille charismatique de Vedrun-Am\u00e9rique, vers le bicentenaire de la Congr\u00e9gation - Carmelitas de la Caridad Vedruna","description":"Un compte-rendu de la r\u00e9union en ligne qui s'est tenue le 23 f\u00e9vrier dans la province de Vedrunamerica pour lancer le voyage vers le bicentenaire.","robots":{"index":"index","follow":"follow","max-snippet":"max-snippet:-1","max-image-preview":"max-image-preview:large","max-video-preview":"max-video-preview:-1"},"canonical":"https:\/\/vedruna.org\/fr\/famille-charismatique-de-vedrun-amerique-vers-le-bicentenaire-de-la-congregation\/","og_locale":"fr_FR","og_type":"article","og_title":"Famille charismatique de Vedrun-Am\u00e9rique, vers le bicentenaire de la Congr\u00e9gation - Carmelitas de la Caridad Vedruna","og_description":"Un compte-rendu de la r\u00e9union en ligne qui s'est tenue le 23 f\u00e9vrier dans la province de Vedrunamerica pour lancer le voyage vers le bicentenaire.","og_url":"https:\/\/vedruna.org\/fr\/famille-charismatique-de-vedrun-amerique-vers-le-bicentenaire-de-la-congregation\/","og_site_name":"Carmelitas de la Caridad Vedruna","article_published_time":"2025-02-26T14:04:15+00:00","article_modified_time":"2025-02-26T14:04:34+00:00","og_image":[{"width":1024,"height":721,"url":"https:\/\/vedruna.org\/wp-content\/uploads\/2025\/02\/principal.2-1024x721.png","type":"image\/png"}],"author":"Comunicaci\u00f3n Vedrunam\u00e9rica","twitter_card":"summary_large_image","twitter_misc":{"\u00c9crit par":"Comunicaci\u00f3n Vedrunam\u00e9rica","Dur\u00e9e de lecture estim\u00e9e":"3 minutes"},"schema":{"@context":"https:\/\/schema.org","@graph":[{"@type":"Article","@id":"https:\/\/vedruna.org\/fr\/famille-charismatique-de-vedrun-amerique-vers-le-bicentenaire-de-la-congregation\/#article","isPartOf":{"@id":"https:\/\/vedruna.org\/fr\/famille-charismatique-de-vedrun-amerique-vers-le-bicentenaire-de-la-congregation\/"},"author":{"name":"Comunicaci\u00f3n Vedrunam\u00e9rica","@id":"https:\/\/vedruna.org\/fr\/#\/schema\/person\/cf468646189533fb6a3aae475663fdc7"},"headline":"Famille charismatique de Vedrun-Am\u00e9rique, vers le bicentenaire de la Congr\u00e9gation","datePublished":"2025-02-26T14:04:15+00:00","dateModified":"2025-02-26T14:04:34+00:00","mainEntityOfPage":{"@id":"https:\/\/vedruna.org\/fr\/famille-charismatique-de-vedrun-amerique-vers-le-bicentenaire-de-la-congregation\/"},"wordCount":530,"publisher":{"@id":"https:\/\/vedruna.org\/fr\/#organization"},"image":{"@id":"https:\/\/vedruna.org\/fr\/famille-charismatique-de-vedrun-amerique-vers-le-bicentenaire-de-la-congregation\/#primaryimage"},"thumbnailUrl":"https:\/\/vedruna.org\/wp-content\/uploads\/2025\/02\/principal.2-e1740578536860.png","articleSection":["Bicentenaire Vedruna","Non classifi\u00e9(e)","Vedrunamerica"],"inLanguage":"fr-FR"},{"@type":"WebPage","@id":"https:\/\/vedruna.org\/fr\/famille-charismatique-de-vedrun-amerique-vers-le-bicentenaire-de-la-congregation\/","url":"https:\/\/vedruna.org\/fr\/famille-charismatique-de-vedrun-amerique-vers-le-bicentenaire-de-la-congregation\/","name":"Famille charismatique de Vedrun-Am\u00e9rique, vers le bicentenaire de la Congr\u00e9gation - Carmelitas de la Caridad Vedruna","isPartOf":{"@id":"https:\/\/vedruna.org\/fr\/#website"},"primaryImageOfPage":{"@id":"https:\/\/vedruna.org\/fr\/famille-charismatique-de-vedrun-amerique-vers-le-bicentenaire-de-la-congregation\/#primaryimage"},"image":{"@id":"https:\/\/vedruna.org\/fr\/famille-charismatique-de-vedrun-amerique-vers-le-bicentenaire-de-la-congregation\/#primaryimage"},"thumbnailUrl":"https:\/\/vedruna.org\/wp-content\/uploads\/2025\/02\/principal.2-e1740578536860.png","datePublished":"2025-02-26T14:04:15+00:00","dateModified":"2025-02-26T14:04:34+00:00","description":"Un compte-rendu de la r\u00e9union en ligne qui s'est tenue le 23 f\u00e9vrier dans la province de Vedrunamerica pour lancer le voyage vers le bicentenaire.","breadcrumb":{"@id":"https:\/\/vedruna.org\/fr\/famille-charismatique-de-vedrun-amerique-vers-le-bicentenaire-de-la-congregation\/#breadcrumb"},"inLanguage":"fr-FR","potentialAction":[{"@type":"ReadAction","target":["https:\/\/vedruna.org\/fr\/famille-charismatique-de-vedrun-amerique-vers-le-bicentenaire-de-la-congregation\/"]}]},{"@type":"ImageObject","inLanguage":"fr-FR","@id":"https:\/\/vedruna.org\/fr\/famille-charismatique-de-vedrun-amerique-vers-le-bicentenaire-de-la-congregation\/#primaryimage","url":"https:\/\/vedruna.org\/wp-content\/uploads\/2025\/02\/principal.2-e1740578536860.png","contentUrl":"https:\/\/vedruna.org\/wp-content\/uploads\/2025\/02\/principal.2-e1740578536860.png","width":3516,"height":2475},{"@type":"BreadcrumbList","@id":"https:\/\/vedruna.org\/fr\/famille-charismatique-de-vedrun-amerique-vers-le-bicentenaire-de-la-congregation\/#breadcrumb","itemListElement":[{"@type":"ListItem","position":1,"name":"Portada","item":"https:\/\/vedruna.org\/fr\/"},{"@type":"ListItem","position":2,"name":"Famille charismatique de Vedrun-Am\u00e9rique, vers le bicentenaire de la Congr\u00e9gation"}]},{"@type":"WebSite","@id":"https:\/\/vedruna.org\/fr\/#website","url":"https:\/\/vedruna.org\/fr\/","name":"Carmelitas de la Caridad Vedruna","description":"Carmelitas de la caridad","publisher":{"@id":"https:\/\/vedruna.org\/fr\/#organization"},"potentialAction":[{"@type":"SearchAction","target":{"@type":"EntryPoint","urlTemplate":"https:\/\/vedruna.org\/fr\/?s={search_term_string}"},"query-input":{"@type":"PropertyValueSpecification","valueRequired":true,"valueName":"search_term_string"}}],"inLanguage":"fr-FR"},{"@type":"Organization","@id":"https:\/\/vedruna.org\/fr\/#organization","name":"Carmelitas de la caridad Vedruna","url":"https:\/\/vedruna.org\/fr\/","logo":{"@type":"ImageObject","inLanguage":"fr-FR","@id":"https:\/\/vedruna.org\/fr\/#\/schema\/logo\/image\/","url":"https:\/\/vedruna.org\/wp-content\/uploads\/2022\/04\/LOGO-VEDRUNA-HORIZONTAL.png","contentUrl":"https:\/\/vedruna.org\/wp-content\/uploads\/2022\/04\/LOGO-VEDRUNA-HORIZONTAL.png","width":1200,"height":463,"caption":"Carmelitas de la caridad Vedruna"},"image":{"@id":"https:\/\/vedruna.org\/fr\/#\/schema\/logo\/image\/"}},{"@type":"Person","@id":"https:\/\/vedruna.org\/fr\/#\/schema\/person\/cf468646189533fb6a3aae475663fdc7","name":"Comunicaci\u00f3n Vedrunam\u00e9rica","image":{"@type":"ImageObject","inLanguage":"fr-FR","@id":"https:\/\/secure.gravatar.com\/avatar\/b4eff91ff87ece2131a5d31270e1df0a7eeaffece756ce6503fd7dce879d1bfc?s=96&d=mm&r=g","url":"https:\/\/secure.gravatar.com\/avatar\/b4eff91ff87ece2131a5d31270e1df0a7eeaffece756ce6503fd7dce879d1bfc?s=96&d=mm&r=g","contentUrl":"https:\/\/secure.gravatar.com\/avatar\/b4eff91ff87ece2131a5d31270e1df0a7eeaffece756ce6503fd7dce879d1bfc?s=96&d=mm&r=g","caption":"Comunicaci\u00f3n Vedrunam\u00e9rica"},"url":"https:\/\/vedruna.org\/fr\/author\/comunicacion-vedrunamerica\/"}]}},"_links":{"self":[{"href":"https:\/\/vedruna.org\/fr\/wp-json\/wp\/v2\/posts\/19955","targetHints":{"allow":["GET"]}}],"collection":[{"href":"https:\/\/vedruna.org\/fr\/wp-json\/wp\/v2\/posts"}],"about":[{"href":"https:\/\/vedruna.org\/fr\/wp-json\/wp\/v2\/types\/post"}],"author":[{"embeddable":true,"href":"https:\/\/vedruna.org\/fr\/wp-json\/wp\/v2\/users\/4"}],"replies":[{"embeddable":true,"href":"https:\/\/vedruna.org\/fr\/wp-json\/wp\/v2\/comments?post=19955"}],"version-history":[{"count":1,"href":"https:\/\/vedruna.org\/fr\/wp-json\/wp\/v2\/posts\/19955\/revisions"}],"predecessor-version":[{"id":19956,"href":"https:\/\/vedruna.org\/fr\/wp-json\/wp\/v2\/posts\/19955\/revisions\/19956"}],"wp:featuredmedia":[{"embeddable":true,"href":"https:\/\/vedruna.org\/fr\/wp-json\/wp\/v2\/media\/19931"}],"wp:attachment":[{"href":"https:\/\/vedruna.org\/fr\/wp-json\/wp\/v2\/media?parent=19955"}],"wp:term":[{"taxonomy":"category","embeddable":true,"href":"https:\/\/vedruna.org\/fr\/wp-json\/wp\/v2\/categories?post=19955"},{"taxonomy":"post_tag","embeddable":true,"href":"https:\/\/vedruna.org\/fr\/wp-json\/wp\/v2\/tags?post=19955"}],"curies":[{"name":"wp","href":"https:\/\/api.w.org\/{rel}","templated":true}]}}