{"id":26314,"date":"2025-07-21T10:30:27","date_gmt":"2025-07-21T08:30:27","guid":{"rendered":"https:\/\/vedruna.org\/rires-foi-et-solidarite-cest-ainsi-que-les-camps-vedruna-2025-ont-ete-vecus-a-la-vega\/"},"modified":"2025-07-21T10:32:00","modified_gmt":"2025-07-21T08:32:00","slug":"rires-foi-et-solidarite-cest-ainsi-que-les-camps-vedruna-2025-ont-ete-vecus-a-la-vega","status":"publish","type":"post","link":"https:\/\/vedruna.org\/fr\/rires-foi-et-solidarite-cest-ainsi-que-les-camps-vedruna-2025-ont-ete-vecus-a-la-vega\/","title":{"rendered":"Rires, foi et solidarit\u00e9 : c&rsquo;est ainsi que les camps Vedruna 2025 ont \u00e9t\u00e9 v\u00e9cus \u00e0 La Vega."},"content":{"rendered":"\n<p>Les camps Vedruna 2025 \u00ab\u00a0Semer l&rsquo;amour, cultiver l&rsquo;espoir\u00a0\u00bb, comme depuis tant d&rsquo;ann\u00e9es, ont eu lieu dans la communaut\u00e9 de Matanzas (La Vega), du 30 juin au 4 juillet, et dans la communaut\u00e9 d&rsquo;El Pinito (La Vega), du 7 au 11 juillet.<\/p>\n\n<p>Les deux communaut\u00e9s ont \u00e9t\u00e9 remplies de rires, de jeux et de beaucoup de joie, ainsi que de la solidarit\u00e9 de la population pour pouvoir r\u00e9aliser les camps. Les camps ont \u00e9t\u00e9 un espace de croissance humaine, spirituelle et communautaire. \u00c0 Sabaneta, 80 enfants ont particip\u00e9, accompagn\u00e9s de 15 moniteurs engag\u00e9s ; \u00e0 El Pinito, 96 enfants et 17 moniteurs.  <\/p>\n\n<p>Pendant ces cinq jours, les participants ont b\u00e9n\u00e9fici\u00e9 de dynamiques, de jeux, de r\u00e9flexions, de moments de pri\u00e8re et d&rsquo;activit\u00e9s cr\u00e9atives qui ont promu les valeurs de coexistence, de respect et de foi. L&rsquo;enthousiasme des enfants et le d\u00e9vouement de l&rsquo;\u00e9quipe organisatrice ont transform\u00e9 chaque jour en une graine d&rsquo;espoir pour tous les participants. <\/p>\n\n<p>Ces camps r\u00e9affirment l&rsquo;engagement de la communaut\u00e9 de Vedruna dans la formation int\u00e9grale des enfants et des jeunes, en semant l&rsquo;amour dans le c\u0153ur de chaque enfant, dans l&rsquo;espoir qu&rsquo;il s&rsquo;\u00e9panouisse dans un avenir plein de lumi\u00e8re.<\/p>\n\n<h2 class=\"wp-block-heading has-text-align-left\"><strong>T\u00e9moignages des moniteurs<\/strong><\/h2>\n\n<blockquote class=\"wp-block-quote is-layout-flow wp-block-quote-is-layout-flow\">\n<figure class=\"wp-block-image alignright size-full is-resized\"><img loading=\"lazy\" decoding=\"async\" width=\"298\" height=\"373\" src=\"https:\/\/vedruna.org\/wp-content\/uploads\/2025\/07\/Nayeli-Matanzas.jpg\" alt=\"\" class=\"wp-image-26005\" style=\"width:135px;height:auto\" srcset=\"https:\/\/vedruna.org\/wp-content\/uploads\/2025\/07\/Nayeli-Matanzas.jpg 298w, https:\/\/vedruna.org\/wp-content\/uploads\/2025\/07\/Nayeli-Matanzas-240x300.jpg 240w\" sizes=\"(max-width: 298px) 100vw, 298px\" \/><figcaption class=\"wp-element-caption\"><strong>Nayeli<\/strong><\/figcaption><\/figure>\n\n\n\n<p><em>Ce fut une exp\u00e9rience profond\u00e9ment enrichissante. Pouvoir partager une atmosph\u00e8re de joie, de d\u00e9vouement et de camaraderie \u00e9tait vraiment sp\u00e9cial. Je suis \u00e9mue de voir l&rsquo;excitation sur les visages des enfants, leur enthousiasme \u00e0 participer \u00e0 chaque activit\u00e9 et la gratitude avec laquelle ils r\u00e9pondent \u00e0 chaque geste d&rsquo;affection et d&rsquo;attention.  <\/em><\/p>\n\n\n\n<p><em>Cette ann\u00e9e, le travail d&rsquo;\u00e9quipe a \u00e9t\u00e9 l&rsquo;un des piliers les plus importants. En tant que groupe de moniteurs, nous nous sommes soutenus mutuellement, nous nous sommes \u00e9cout\u00e9s et nous avons collabor\u00e9 pour offrir le meilleur de nous-m\u00eames aux enfants et \u00e0 la communaut\u00e9. Ce fut une exp\u00e9rience riche d&rsquo;enseignements, \u00e0 la fois personnels et collectifs.  <\/em>.<\/p>\n\n\n\n<p><em>Sans aucun doute, cette ann\u00e9e a \u00e9t\u00e9 l&rsquo;une des meilleures du camp. Je pars le c\u0153ur plein, avec de nouveaux souvenirs et la certitude que chaque moment partag\u00e9 a contribu\u00e9 \u00e0 semer l&rsquo;amour et \u00e0 cultiver l&rsquo;espoir chez chacun des participants. <\/em><\/p>\n\n\n\n<p>Nayeli B\u00e1ez, moniteur de camp \u00e0 Matanzas<\/p>\n<\/blockquote>\n\n<div style=\"height:25px\" aria-hidden=\"true\" class=\"wp-block-spacer\"><\/div>\n\n<blockquote class=\"wp-block-quote is-layout-flow wp-block-quote-is-layout-flow\">\n<figure class=\"wp-block-image alignright size-full is-resized\"><img loading=\"lazy\" decoding=\"async\" width=\"378\" height=\"442\" src=\"https:\/\/vedruna.org\/wp-content\/uploads\/2025\/07\/Dniela-El-Pinito.jpg\" alt=\"\" class=\"wp-image-26009\" style=\"width:157px;height:auto\" srcset=\"https:\/\/vedruna.org\/wp-content\/uploads\/2025\/07\/Dniela-El-Pinito.jpg 378w, https:\/\/vedruna.org\/wp-content\/uploads\/2025\/07\/Dniela-El-Pinito-257x300.jpg 257w\" sizes=\"(max-width: 378px) 100vw, 378px\" \/><figcaption class=\"wp-element-caption\"><strong>Daniela<\/strong><\/figcaption><\/figure>\n\n\n\n<p><em>Le camp a \u00e9t\u00e9 une exp\u00e9rience incroyable qui m&rsquo;a permis de grandir, d&rsquo;apprendre et de m&rsquo;amuser. J&#8217;emporte avec moi aujourd&rsquo;hui des souvenirs inoubliables et de nouvelles amiti\u00e9s, et je suis reconnaissante d&rsquo;avoir eu l&rsquo;occasion d&rsquo;y participer. Ce camp m&rsquo;a aid\u00e9 \u00e0 travailler sur le trac et bien d&rsquo;autres choses, il m&rsquo;encourage \u00e0 continuer \u00e0 travailler en \u00e9quipe et \u00e0 donner le meilleur de moi-m\u00eame. J&rsquo;esp\u00e8re revenir bient\u00f4t, avec enthousiasme, l&rsquo;instructeur     <\/em>&#8211; Daniela Sanchez  <\/p>\n<\/blockquote>\n\n<div style=\"height:30px\" aria-hidden=\"true\" class=\"wp-block-spacer\"><\/div>\n\n<p class=\"has-text-align-right\"><strong>Sr. Mar\u00eda Victoria Fr\u00edas, ccv<\/strong><\/p>\n<div class=\"pgc-sgb-cb wp-block-pgcsimplygalleryblock-justified \" data-gallery-id=\"a3611920\"><div class=\"sgb-preloader\" id=\"pr_a3611920\">\n\t<div class=\"sgb-square\" style=\"background:#d4d4d4\"><\/div>\n\t<div class=\"sgb-square\" style=\"background:#d4d4d4\"><\/div>\n\t<div class=\"sgb-square\" style=\"background:#d4d4d4\"><\/div>\n\t<div class=\"sgb-square\" style=\"background:#d4d4d4\"><\/div><\/div><div class=\"simply-gallery-amp pgc_sgb_slider \"><noscript><div class=\"sgb-gallery\"><div class=\"sgb-item\"><a href=\"https:\/\/vedruna.org\/?attachment_id=26050\" target=\"_blank\"><img decoding=\"async\" alt=\"\" width=\"300\" height=\"143\" loading=\"lazy\" src=\"https:\/\/vedruna.org\/wp-content\/uploads\/2025\/07\/El-Pinito-2-300x143.jpg\" srcset=\"https:\/\/vedruna.org\/wp-content\/uploads\/2025\/07\/El-Pinito-2-300x143.jpg 300w,https:\/\/vedruna.org\/wp-content\/uploads\/2025\/07\/El-Pinito-2-1024x489.jpg 1024w,https:\/\/vedruna.org\/wp-content\/uploads\/2025\/07\/El-Pinito-2-scaled.jpg 2560w\" sizes=\"250px\"\/><\/a><\/div><div class=\"sgb-item\"><a href=\"https:\/\/vedruna.org\/?attachment_id=26046\" target=\"_blank\"><img decoding=\"async\" alt=\"\" width=\"300\" height=\"131\" loading=\"lazy\" src=\"https:\/\/vedruna.org\/wp-content\/uploads\/2025\/07\/El-Pinito-3-300x131.jpg\" srcset=\"https:\/\/vedruna.org\/wp-content\/uploads\/2025\/07\/El-Pinito-3-300x131.jpg 300w,https:\/\/vedruna.org\/wp-content\/uploads\/2025\/07\/El-Pinito-3-1024x446.jpg 1024w,https:\/\/vedruna.org\/wp-content\/uploads\/2025\/07\/El-Pinito-3-scaled.jpg 2560w\" sizes=\"250px\"\/><\/a><\/div><div class=\"sgb-item\"><a href=\"https:\/\/vedruna.org\/?attachment_id=26058\" target=\"_blank\"><img decoding=\"async\" alt=\"\" width=\"300\" height=\"225\" loading=\"lazy\" src=\"https:\/\/vedruna.org\/wp-content\/uploads\/2025\/07\/El-Pinito-4-300x225.jpg\" srcset=\"https:\/\/vedruna.org\/wp-content\/uploads\/2025\/07\/El-Pinito-4-300x225.jpg 300w,https:\/\/vedruna.org\/wp-content\/uploads\/2025\/07\/El-Pinito-4-1024x768.jpg 1024w,https:\/\/vedruna.org\/wp-content\/uploads\/2025\/07\/El-Pinito-4-scaled.jpg 2560w\" sizes=\"250px\"\/><\/a><\/div><div class=\"sgb-item\"><a href=\"https:\/\/vedruna.org\/?attachment_id=26042\" target=\"_blank\"><img decoding=\"async\" alt=\"\" width=\"300\" height=\"142\" loading=\"lazy\" src=\"https:\/\/vedruna.org\/wp-content\/uploads\/2025\/07\/El-Pinito-5-300x142.jpg\" srcset=\"https:\/\/vedruna.org\/wp-content\/uploads\/2025\/07\/El-Pinito-5-300x142.jpg 300w,https:\/\/vedruna.org\/wp-content\/uploads\/2025\/07\/El-Pinito-5.jpg 363w\" sizes=\"250px\"\/><\/a><\/div><div class=\"sgb-item\"><a href=\"https:\/\/vedruna.org\/?attachment_id=26054\" target=\"_blank\"><img decoding=\"async\" alt=\"\" width=\"300\" height=\"215\" loading=\"lazy\" src=\"https:\/\/vedruna.org\/wp-content\/uploads\/2025\/07\/el-pinito2-300x215.jpg\" srcset=\"https:\/\/vedruna.org\/wp-content\/uploads\/2025\/07\/el-pinito2-300x215.jpg 300w,https:\/\/vedruna.org\/wp-content\/uploads\/2025\/07\/el-pinito2-1024x733.jpg 1024w,https:\/\/vedruna.org\/wp-content\/uploads\/2025\/07\/el-pinito2-scaled.jpg 2560w\" sizes=\"250px\"\/><\/a><\/div><\/div><\/noscript><\/div><script type=\"application\/json\" class=\"sgb-data\">{\"lastRowFill\":true,\"collectionThumbMiniScreenScale\":true,\"externalLink\":false,\"captionSrc\":\"title\",\"captionHAlign\":\"bottom\",\"collectionthumbHoverTitleFontSize\":14,\"collectionthumbHoverTitleTextBgColor\":\"rgba(0,0,0,0.34)\",\"collectionThumbSubMenuDownload\":false,\"collectionThumbSubMenuShare\":false,\"galleryType\":\"pgc_sgb_justified\",\"galleryId\":\"a3611920\",\"images\":[{\"id\":26050,\"title\":\"El Pinito\",\"url\":\"https:\/\/vedruna.org\/wp-content\/uploads\/2025\/07\/El-Pinito-2-scaled.jpg\",\"link\":\"https:\/\/vedruna.org\/?attachment_id=26050\",\"alt\":\"\",\"description\":\"\",\"caption\":\"\",\"mime\":\"image\/jpeg\",\"type\":\"image\",\"width\":2560,\"height\":1221,\"sizes\":{\"thumbnail\":{\"height\":150,\"width\":150,\"url\":\"https:\/\/vedruna.org\/wp-content\/uploads\/2025\/07\/El-Pinito-2-150x150.jpg\",\"orientation\":\"landscape\"},\"medium\":{\"height\":143,\"width\":300,\"url\":\"https:\/\/vedruna.org\/wp-content\/uploads\/2025\/07\/El-Pinito-2-300x143.jpg\",\"orientation\":\"landscape\"},\"large\":{\"height\":489,\"width\":1024,\"url\":\"https:\/\/vedruna.org\/wp-content\/uploads\/2025\/07\/El-Pinito-2-1024x489.jpg\",\"orientation\":\"landscape\"},\"full\":{\"url\":\"https:\/\/vedruna.org\/wp-content\/uploads\/2025\/07\/El-Pinito-2-scaled.jpg\",\"height\":1221,\"width\":2560,\"orientation\":\"landscape\"}},\"imageMeta\":{\"aperture\":\"0\",\"credit\":\"\",\"camera\":\"Galaxy A06\",\"caption\":\"\",\"created_timestamp\":\"1752049724\",\"copyright\":\"\",\"focal_length\":\"0\",\"iso\":\"64\",\"shutter_speed\":\"0\",\"title\":\"\",\"orientation\":\"0\",\"keywords\":[]},\"meta\":false,\"postlink\":\"https:\/\/vedruna.org\/?attachment_id=26050\"},{\"id\":26046,\"title\":\"El Pinito \",\"url\":\"https:\/\/vedruna.org\/wp-content\/uploads\/2025\/07\/El-Pinito-3-scaled.jpg\",\"link\":\"https:\/\/vedruna.org\/?attachment_id=26046\",\"alt\":\"\",\"description\":\"\",\"caption\":\"\",\"mime\":\"image\/jpeg\",\"type\":\"image\",\"width\":2560,\"height\":1116,\"sizes\":{\"thumbnail\":{\"height\":150,\"width\":150,\"url\":\"https:\/\/vedruna.org\/wp-content\/uploads\/2025\/07\/El-Pinito-3-150x150.jpg\",\"orientation\":\"landscape\"},\"medium\":{\"height\":131,\"width\":300,\"url\":\"https:\/\/vedruna.org\/wp-content\/uploads\/2025\/07\/El-Pinito-3-300x131.jpg\",\"orientation\":\"landscape\"},\"large\":{\"height\":446,\"width\":1024,\"url\":\"https:\/\/vedruna.org\/wp-content\/uploads\/2025\/07\/El-Pinito-3-1024x446.jpg\",\"orientation\":\"landscape\"},\"full\":{\"url\":\"https:\/\/vedruna.org\/wp-content\/uploads\/2025\/07\/El-Pinito-3-scaled.jpg\",\"height\":1116,\"width\":2560,\"orientation\":\"landscape\"}},\"imageMeta\":{\"aperture\":\"0\",\"credit\":\"\",\"camera\":\"Galaxy A06\",\"caption\":\"\",\"created_timestamp\":\"1752052294\",\"copyright\":\"\",\"focal_length\":\"0\",\"iso\":\"64\",\"shutter_speed\":\"0\",\"title\":\"\",\"orientation\":\"0\",\"keywords\":[]},\"meta\":false,\"postlink\":\"https:\/\/vedruna.org\/?attachment_id=26046\"},{\"id\":26058,\"title\":\"El Pinito \",\"url\":\"https:\/\/vedruna.org\/wp-content\/uploads\/2025\/07\/El-Pinito-4-scaled.jpg\",\"link\":\"https:\/\/vedruna.org\/?attachment_id=26058\",\"alt\":\"\",\"description\":\"\",\"caption\":\"\",\"mime\":\"image\/jpeg\",\"type\":\"image\",\"width\":2560,\"height\":1920,\"sizes\":{\"thumbnail\":{\"height\":150,\"width\":150,\"url\":\"https:\/\/vedruna.org\/wp-content\/uploads\/2025\/07\/El-Pinito-4-150x150.jpg\",\"orientation\":\"landscape\"},\"medium\":{\"height\":225,\"width\":300,\"url\":\"https:\/\/vedruna.org\/wp-content\/uploads\/2025\/07\/El-Pinito-4-300x225.jpg\",\"orientation\":\"landscape\"},\"large\":{\"height\":768,\"width\":1024,\"url\":\"https:\/\/vedruna.org\/wp-content\/uploads\/2025\/07\/El-Pinito-4-1024x768.jpg\",\"orientation\":\"landscape\"},\"full\":{\"url\":\"https:\/\/vedruna.org\/wp-content\/uploads\/2025\/07\/El-Pinito-4-scaled.jpg\",\"height\":1920,\"width\":2560,\"orientation\":\"landscape\"}},\"imageMeta\":{\"aperture\":\"1.8\",\"credit\":\"\",\"camera\":\"Galaxy A06\",\"caption\":\"\",\"created_timestamp\":\"1752052319\",\"copyright\":\"\",\"focal_length\":\"3.98\",\"iso\":\"50\",\"shutter_speed\":\"0.033333\",\"title\":\"\",\"orientation\":\"1\",\"keywords\":[]},\"meta\":false,\"postlink\":\"https:\/\/vedruna.org\/?attachment_id=26058\"},{\"id\":26042,\"title\":\"El Pinito \",\"url\":\"https:\/\/vedruna.org\/wp-content\/uploads\/2025\/07\/El-Pinito-5.jpg\",\"link\":\"https:\/\/vedruna.org\/?attachment_id=26042\",\"alt\":\"\",\"description\":\"\",\"caption\":\"\",\"mime\":\"image\/jpeg\",\"type\":\"image\",\"width\":363,\"height\":172,\"sizes\":{\"thumbnail\":{\"height\":150,\"width\":150,\"url\":\"https:\/\/vedruna.org\/wp-content\/uploads\/2025\/07\/El-Pinito-5-150x150.jpg\",\"orientation\":\"landscape\"},\"medium\":{\"height\":142,\"width\":300,\"url\":\"https:\/\/vedruna.org\/wp-content\/uploads\/2025\/07\/El-Pinito-5-300x142.jpg\",\"orientation\":\"landscape\"},\"full\":{\"url\":\"https:\/\/vedruna.org\/wp-content\/uploads\/2025\/07\/El-Pinito-5.jpg\",\"height\":172,\"width\":363,\"orientation\":\"landscape\"}},\"imageMeta\":{\"aperture\":\"0\",\"credit\":\"\",\"camera\":\"\",\"caption\":\"\",\"created_timestamp\":\"0\",\"copyright\":\"\",\"focal_length\":\"0\",\"iso\":\"0\",\"shutter_speed\":\"0\",\"title\":\"\",\"orientation\":\"0\",\"keywords\":[]},\"meta\":false,\"postlink\":\"https:\/\/vedruna.org\/?attachment_id=26042\"},{\"id\":26054,\"title\":\"El Pinito \",\"url\":\"https:\/\/vedruna.org\/wp-content\/uploads\/2025\/07\/el-pinito2-scaled.jpg\",\"link\":\"https:\/\/vedruna.org\/?attachment_id=26054\",\"alt\":\"\",\"description\":\"\",\"caption\":\"\",\"mime\":\"image\/jpeg\",\"type\":\"image\",\"width\":2560,\"height\":1833,\"sizes\":{\"thumbnail\":{\"height\":150,\"width\":150,\"url\":\"https:\/\/vedruna.org\/wp-content\/uploads\/2025\/07\/el-pinito2-150x150.jpg\",\"orientation\":\"landscape\"},\"medium\":{\"height\":215,\"width\":300,\"url\":\"https:\/\/vedruna.org\/wp-content\/uploads\/2025\/07\/el-pinito2-300x215.jpg\",\"orientation\":\"landscape\"},\"large\":{\"height\":733,\"width\":1024,\"url\":\"https:\/\/vedruna.org\/wp-content\/uploads\/2025\/07\/el-pinito2-1024x733.jpg\",\"orientation\":\"landscape\"},\"full\":{\"url\":\"https:\/\/vedruna.org\/wp-content\/uploads\/2025\/07\/el-pinito2-scaled.jpg\",\"height\":1833,\"width\":2560,\"orientation\":\"landscape\"}},\"imageMeta\":{\"aperture\":\"1.8\",\"credit\":\"\",\"camera\":\"Galaxy A06\",\"caption\":\"\",\"created_timestamp\":\"1751884656\",\"copyright\":\"\",\"focal_length\":\"3.98\",\"iso\":\"100\",\"shutter_speed\":\"0.033333\",\"title\":\"\",\"orientation\":\"1\",\"keywords\":[]},\"meta\":false,\"postlink\":\"https:\/\/vedruna.org\/?attachment_id=26054\"}],\"translatedWithWPMLTM\":\"1\",\"itemsMetaDataCollection\":[]}<\/script><script>(function(){if(window.PGC_SGB && window.PGC_SGB.searcher){window.PGC_SGB.searcher.initBlocks()}})()<\/script><\/div><div class=\"pgc-sgb-cb wp-block-pgcsimplygalleryblock-justified \" data-gallery-id=\"7aa11415\"><div class=\"sgb-preloader\" id=\"pr_7aa11415\">\n\t<div class=\"sgb-square\" style=\"background:#d4d4d4\"><\/div>\n\t<div class=\"sgb-square\" style=\"background:#d4d4d4\"><\/div>\n\t<div class=\"sgb-square\" style=\"background:#d4d4d4\"><\/div>\n\t<div class=\"sgb-square\" style=\"background:#d4d4d4\"><\/div><\/div><div class=\"simply-gallery-amp pgc_sgb_slider \"><noscript><div class=\"sgb-gallery\"><div class=\"sgb-item\"><a href=\"https:\/\/vedruna.org\/?attachment_id=26037\" target=\"_blank\"><img decoding=\"async\" alt=\"\" width=\"300\" height=\"136\" loading=\"lazy\" src=\"https:\/\/vedruna.org\/wp-content\/uploads\/2025\/07\/Matanza-1-1-300x136.jpg\" srcset=\"https:\/\/vedruna.org\/wp-content\/uploads\/2025\/07\/Matanza-1-1-300x136.jpg 300w,https:\/\/vedruna.org\/wp-content\/uploads\/2025\/07\/Matanza-1-1-1024x465.jpg 1024w,https:\/\/vedruna.org\/wp-content\/uploads\/2025\/07\/Matanza-1-1-scaled.jpg 2560w\" sizes=\"250px\"\/><\/a><\/div><div class=\"sgb-item\"><a href=\"https:\/\/vedruna.org\/?attachment_id=26033\" target=\"_blank\"><img decoding=\"async\" alt=\"\" width=\"300\" height=\"282\" loading=\"lazy\" src=\"https:\/\/vedruna.org\/wp-content\/uploads\/2025\/07\/matanza-1-300x282.jpg\" srcset=\"https:\/\/vedruna.org\/wp-content\/uploads\/2025\/07\/matanza-1-300x282.jpg 300w,https:\/\/vedruna.org\/wp-content\/uploads\/2025\/07\/matanza-1-1024x962.jpg 1024w,https:\/\/vedruna.org\/wp-content\/uploads\/2025\/07\/matanza-1.jpg 1084w\" sizes=\"250px\"\/><\/a><\/div><div class=\"sgb-item\"><a href=\"https:\/\/vedruna.org\/?attachment_id=26027\" target=\"_blank\"><img decoding=\"async\" alt=\"\" width=\"300\" height=\"230\" loading=\"lazy\" src=\"https:\/\/vedruna.org\/wp-content\/uploads\/2025\/07\/Matanza-2-300x230.jpeg\" srcset=\"https:\/\/vedruna.org\/wp-content\/uploads\/2025\/07\/Matanza-2-300x230.jpeg 300w,https:\/\/vedruna.org\/wp-content\/uploads\/2025\/07\/Matanza-2-1024x785.jpeg 1024w,https:\/\/vedruna.org\/wp-content\/uploads\/2025\/07\/Matanza-2.jpeg 1253w\" sizes=\"250px\"\/><\/a><\/div><div class=\"sgb-item\"><a href=\"https:\/\/vedruna.org\/?attachment_id=26025\" target=\"_blank\"><img decoding=\"async\" alt=\"\" width=\"300\" height=\"208\" loading=\"lazy\" src=\"https:\/\/vedruna.org\/wp-content\/uploads\/2025\/07\/Matanza-3-300x208.jpeg\" srcset=\"https:\/\/vedruna.org\/wp-content\/uploads\/2025\/07\/Matanza-3-300x208.jpeg 300w,https:\/\/vedruna.org\/wp-content\/uploads\/2025\/07\/Matanza-3-1024x710.jpeg 1024w,https:\/\/vedruna.org\/wp-content\/uploads\/2025\/07\/Matanza-3.jpeg 1178w\" sizes=\"250px\"\/><\/a><\/div><div class=\"sgb-item\"><a href=\"https:\/\/vedruna.org\/?attachment_id=26021\" target=\"_blank\"><img decoding=\"async\" alt=\"\" width=\"300\" height=\"203\" loading=\"lazy\" src=\"https:\/\/vedruna.org\/wp-content\/uploads\/2025\/07\/Matanza-2-300x203.jpg\" srcset=\"https:\/\/vedruna.org\/wp-content\/uploads\/2025\/07\/Matanza-2-300x203.jpg 300w,https:\/\/vedruna.org\/wp-content\/uploads\/2025\/07\/Matanza-2-1024x692.jpg 1024w,https:\/\/vedruna.org\/wp-content\/uploads\/2025\/07\/Matanza-2.jpg 1076w\" sizes=\"250px\"\/><\/a><\/div><div class=\"sgb-item\"><a href=\"https:\/\/vedruna.org\/?attachment_id=26017\" target=\"_blank\"><img decoding=\"async\" alt=\"\" width=\"251\" height=\"300\" loading=\"lazy\" src=\"https:\/\/vedruna.org\/wp-content\/uploads\/2025\/07\/Matanza-1-251x300.jpeg\" srcset=\"https:\/\/vedruna.org\/wp-content\/uploads\/2025\/07\/Matanza-1-251x300.jpeg 251w,https:\/\/vedruna.org\/wp-content\/uploads\/2025\/07\/Matanza-1.jpeg 634w\" sizes=\"250px\"\/><\/a><\/div><\/div><\/noscript><\/div><script type=\"application\/json\" class=\"sgb-data\">{\"lastRowFill\":true,\"externalLink\":false,\"captionSrc\":\"title\",\"captionHAlign\":\"bottom\",\"collectionthumbHoverTitleFontSize\":14,\"collectionthumbHoverTitleTextBgColor\":\"rgba(0,0,0,0.34)\",\"collectionThumbSubMenuDownload\":false,\"collectionThumbSubMenuShare\":false,\"galleryType\":\"pgc_sgb_justified\",\"galleryId\":\"7aa11415\",\"images\":[{\"id\":26037,\"title\":\"Matanza \",\"url\":\"https:\/\/vedruna.org\/wp-content\/uploads\/2025\/07\/Matanza-1-1-scaled.jpg\",\"link\":\"https:\/\/vedruna.org\/?attachment_id=26037\",\"alt\":\"\",\"description\":\"\",\"caption\":\"\",\"mime\":\"image\/jpeg\",\"type\":\"image\",\"width\":2560,\"height\":1162,\"sizes\":{\"thumbnail\":{\"height\":150,\"width\":150,\"url\":\"https:\/\/vedruna.org\/wp-content\/uploads\/2025\/07\/Matanza-1-1-150x150.jpg\",\"orientation\":\"landscape\"},\"medium\":{\"height\":136,\"width\":300,\"url\":\"https:\/\/vedruna.org\/wp-content\/uploads\/2025\/07\/Matanza-1-1-300x136.jpg\",\"orientation\":\"landscape\"},\"large\":{\"height\":465,\"width\":1024,\"url\":\"https:\/\/vedruna.org\/wp-content\/uploads\/2025\/07\/Matanza-1-1-1024x465.jpg\",\"orientation\":\"landscape\"},\"full\":{\"url\":\"https:\/\/vedruna.org\/wp-content\/uploads\/2025\/07\/Matanza-1-1-scaled.jpg\",\"height\":1162,\"width\":2560,\"orientation\":\"landscape\"}},\"imageMeta\":{\"aperture\":\"0\",\"credit\":\"\",\"camera\":\"Galaxy A06\",\"caption\":\"\",\"created_timestamp\":\"1751972302\",\"copyright\":\"\",\"focal_length\":\"0\",\"iso\":\"64\",\"shutter_speed\":\"0\",\"title\":\"\",\"orientation\":\"0\",\"keywords\":[]},\"meta\":false,\"postlink\":\"https:\/\/vedruna.org\/?attachment_id=26037\"},{\"id\":26033,\"title\":\"Matanza\",\"url\":\"https:\/\/vedruna.org\/wp-content\/uploads\/2025\/07\/matanza-1.jpg\",\"link\":\"https:\/\/vedruna.org\/?attachment_id=26033\",\"alt\":\"\",\"description\":\"\",\"caption\":\"\",\"mime\":\"image\/jpeg\",\"type\":\"image\",\"width\":1084,\"height\":1018,\"sizes\":{\"thumbnail\":{\"height\":150,\"width\":150,\"url\":\"https:\/\/vedruna.org\/wp-content\/uploads\/2025\/07\/matanza-1-150x150.jpg\",\"orientation\":\"landscape\"},\"medium\":{\"height\":282,\"width\":300,\"url\":\"https:\/\/vedruna.org\/wp-content\/uploads\/2025\/07\/matanza-1-300x282.jpg\",\"orientation\":\"landscape\"},\"large\":{\"height\":962,\"width\":1024,\"url\":\"https:\/\/vedruna.org\/wp-content\/uploads\/2025\/07\/matanza-1-1024x962.jpg\",\"orientation\":\"landscape\"},\"full\":{\"url\":\"https:\/\/vedruna.org\/wp-content\/uploads\/2025\/07\/matanza-1.jpg\",\"height\":1018,\"width\":1084,\"orientation\":\"landscape\"}},\"imageMeta\":{\"aperture\":\"0\",\"credit\":\"\",\"camera\":\"\",\"caption\":\"\",\"created_timestamp\":\"0\",\"copyright\":\"\",\"focal_length\":\"0\",\"iso\":\"0\",\"shutter_speed\":\"0\",\"title\":\"\",\"orientation\":\"0\",\"keywords\":[]},\"meta\":false,\"postlink\":\"https:\/\/vedruna.org\/?attachment_id=26033\"},{\"id\":26027,\"title\":\"Matanza\",\"url\":\"https:\/\/vedruna.org\/wp-content\/uploads\/2025\/07\/Matanza-2.jpeg\",\"link\":\"https:\/\/vedruna.org\/?attachment_id=26027\",\"alt\":\"\",\"description\":\"\",\"caption\":\"\",\"mime\":\"image\/jpeg\",\"type\":\"image\",\"width\":1253,\"height\":960,\"sizes\":{\"thumbnail\":{\"height\":150,\"width\":150,\"url\":\"https:\/\/vedruna.org\/wp-content\/uploads\/2025\/07\/Matanza-2-150x150.jpeg\",\"orientation\":\"landscape\"},\"medium\":{\"height\":230,\"width\":300,\"url\":\"https:\/\/vedruna.org\/wp-content\/uploads\/2025\/07\/Matanza-2-300x230.jpeg\",\"orientation\":\"landscape\"},\"large\":{\"height\":785,\"width\":1024,\"url\":\"https:\/\/vedruna.org\/wp-content\/uploads\/2025\/07\/Matanza-2-1024x785.jpeg\",\"orientation\":\"landscape\"},\"full\":{\"url\":\"https:\/\/vedruna.org\/wp-content\/uploads\/2025\/07\/Matanza-2.jpeg\",\"height\":960,\"width\":1253,\"orientation\":\"landscape\"}},\"imageMeta\":{\"aperture\":\"0\",\"credit\":\"\",\"camera\":\"\",\"caption\":\"\",\"created_timestamp\":\"0\",\"copyright\":\"\",\"focal_length\":\"0\",\"iso\":\"0\",\"shutter_speed\":\"0\",\"title\":\"\",\"orientation\":\"0\",\"keywords\":[]},\"meta\":false,\"postlink\":\"https:\/\/vedruna.org\/?attachment_id=26027\"},{\"id\":26025,\"title\":\"Matanza\",\"url\":\"https:\/\/vedruna.org\/wp-content\/uploads\/2025\/07\/Matanza-3.jpeg\",\"link\":\"https:\/\/vedruna.org\/?attachment_id=26025\",\"alt\":\"\",\"description\":\"\",\"caption\":\"\",\"mime\":\"image\/jpeg\",\"type\":\"image\",\"width\":1178,\"height\":817,\"sizes\":{\"thumbnail\":{\"height\":150,\"width\":150,\"url\":\"https:\/\/vedruna.org\/wp-content\/uploads\/2025\/07\/Matanza-3-150x150.jpeg\",\"orientation\":\"landscape\"},\"medium\":{\"height\":208,\"width\":300,\"url\":\"https:\/\/vedruna.org\/wp-content\/uploads\/2025\/07\/Matanza-3-300x208.jpeg\",\"orientation\":\"landscape\"},\"large\":{\"height\":710,\"width\":1024,\"url\":\"https:\/\/vedruna.org\/wp-content\/uploads\/2025\/07\/Matanza-3-1024x710.jpeg\",\"orientation\":\"landscape\"},\"full\":{\"url\":\"https:\/\/vedruna.org\/wp-content\/uploads\/2025\/07\/Matanza-3.jpeg\",\"height\":817,\"width\":1178,\"orientation\":\"landscape\"}},\"imageMeta\":{\"aperture\":\"0\",\"credit\":\"\",\"camera\":\"\",\"caption\":\"\",\"created_timestamp\":\"0\",\"copyright\":\"\",\"focal_length\":\"0\",\"iso\":\"0\",\"shutter_speed\":\"0\",\"title\":\"\",\"orientation\":\"0\",\"keywords\":[]},\"meta\":false,\"postlink\":\"https:\/\/vedruna.org\/?attachment_id=26025\"},{\"id\":26021,\"title\":\"Matanza \",\"url\":\"https:\/\/vedruna.org\/wp-content\/uploads\/2025\/07\/Matanza-2.jpg\",\"link\":\"https:\/\/vedruna.org\/?attachment_id=26021\",\"alt\":\"\",\"description\":\"\",\"caption\":\"\",\"mime\":\"image\/jpeg\",\"type\":\"image\",\"width\":1076,\"height\":727,\"sizes\":{\"thumbnail\":{\"height\":150,\"width\":150,\"url\":\"https:\/\/vedruna.org\/wp-content\/uploads\/2025\/07\/Matanza-2-150x150.jpg\",\"orientation\":\"landscape\"},\"medium\":{\"height\":203,\"width\":300,\"url\":\"https:\/\/vedruna.org\/wp-content\/uploads\/2025\/07\/Matanza-2-300x203.jpg\",\"orientation\":\"landscape\"},\"large\":{\"height\":692,\"width\":1024,\"url\":\"https:\/\/vedruna.org\/wp-content\/uploads\/2025\/07\/Matanza-2-1024x692.jpg\",\"orientation\":\"landscape\"},\"full\":{\"url\":\"https:\/\/vedruna.org\/wp-content\/uploads\/2025\/07\/Matanza-2.jpg\",\"height\":727,\"width\":1076,\"orientation\":\"landscape\"}},\"imageMeta\":{\"aperture\":\"0\",\"credit\":\"\",\"camera\":\"\",\"caption\":\"\",\"created_timestamp\":\"0\",\"copyright\":\"\",\"focal_length\":\"0\",\"iso\":\"0\",\"shutter_speed\":\"0\",\"title\":\"\",\"orientation\":\"0\",\"keywords\":[]},\"meta\":false,\"postlink\":\"https:\/\/vedruna.org\/?attachment_id=26021\"},{\"id\":26017,\"title\":\"Matanza \",\"url\":\"https:\/\/vedruna.org\/wp-content\/uploads\/2025\/07\/Matanza-1.jpeg\",\"link\":\"https:\/\/vedruna.org\/?attachment_id=26017\",\"alt\":\"\",\"description\":\"\",\"caption\":\"\",\"mime\":\"image\/jpeg\",\"type\":\"image\",\"width\":634,\"height\":758,\"sizes\":{\"thumbnail\":{\"height\":150,\"width\":150,\"url\":\"https:\/\/vedruna.org\/wp-content\/uploads\/2025\/07\/Matanza-1-150x150.jpeg\",\"orientation\":\"landscape\"},\"medium\":{\"height\":300,\"width\":251,\"url\":\"https:\/\/vedruna.org\/wp-content\/uploads\/2025\/07\/Matanza-1-251x300.jpeg\",\"orientation\":\"portrait\"},\"full\":{\"url\":\"https:\/\/vedruna.org\/wp-content\/uploads\/2025\/07\/Matanza-1.jpeg\",\"height\":758,\"width\":634,\"orientation\":\"portrait\"}},\"imageMeta\":{\"aperture\":\"0\",\"credit\":\"\",\"camera\":\"\",\"caption\":\"\",\"created_timestamp\":\"0\",\"copyright\":\"\",\"focal_length\":\"0\",\"iso\":\"0\",\"shutter_speed\":\"0\",\"title\":\"\",\"orientation\":\"0\",\"keywords\":[]},\"meta\":false,\"postlink\":\"https:\/\/vedruna.org\/?attachment_id=26017\"}],\"translatedWithWPMLTM\":\"1\",\"itemsMetaDataCollection\":[]}<\/script><script>(function(){if(window.PGC_SGB && window.PGC_SGB.searcher){window.PGC_SGB.searcher.initBlocks()}})()<\/script><\/div>","protected":false},"excerpt":{"rendered":"<p>Les camps Vedruna 2025 \u00ab\u00a0Semer l&rsquo;amour, cultiver l&rsquo;espoir\u00a0\u00bb, comme depuis tant d&rsquo;ann\u00e9es, ont eu lieu dans la communaut\u00e9 de Matanzas (La Vega), du 30 juin au 4 juillet, et dans la communaut\u00e9 d&rsquo;El Pinito (La Vega), du 7 au 11 juillet. Les deux communaut\u00e9s ont \u00e9t\u00e9 remplies de rires, de jeux et de beaucoup de [&hellip;]<\/p>\n","protected":false},"author":4,"featured_media":26065,"comment_status":"closed","ping_status":"closed","sticky":false,"template":"","format":"standard","meta":{"_et_pb_use_builder":"","_et_pb_old_content":"","_et_gb_content_width":"","pgc_sgb_lightbox_settings":"","footnotes":""},"categories":[386,81,311,146],"tags":[],"class_list":["post-26314","post","type-post","status-publish","format-standard","has-post-thumbnail","hentry","category-la-vega-fr","category-non-classifiee","category-republique-dominicaine","category-vedrunamerica-fr"],"yoast_head":"<!-- This site is optimized with the Yoast SEO plugin v27.5 - https:\/\/yoast.com\/product\/yoast-seo-wordpress\/ -->\n<title>Rires, foi et solidarit\u00e9 : c&#039;est ainsi que les camps Vedruna 2025 ont \u00e9t\u00e9 v\u00e9cus \u00e0 La Vega. - Carmelitas de la Caridad Vedruna<\/title>\n<meta name=\"description\" content=\"L&#039;exp\u00e9rience dans les camps a \u00e9t\u00e9 une exp\u00e9rience de croissance humaine, spirituelle et communautaire. Nous partageons les photos et les t\u00e9moignages des moniteurs.\" \/>\n<meta name=\"robots\" content=\"index, follow, max-snippet:-1, max-image-preview:large, max-video-preview:-1\" \/>\n<link rel=\"canonical\" href=\"https:\/\/vedruna.org\/fr\/rires-foi-et-solidarite-cest-ainsi-que-les-camps-vedruna-2025-ont-ete-vecus-a-la-vega\/\" \/>\n<meta property=\"og:locale\" content=\"fr_FR\" \/>\n<meta property=\"og:type\" content=\"article\" \/>\n<meta property=\"og:title\" content=\"Rires, foi et solidarit\u00e9 : c&#039;est ainsi que les camps Vedruna 2025 ont \u00e9t\u00e9 v\u00e9cus \u00e0 La Vega. - Carmelitas de la Caridad Vedruna\" \/>\n<meta property=\"og:description\" content=\"L&#039;exp\u00e9rience dans les camps a \u00e9t\u00e9 une exp\u00e9rience de croissance humaine, spirituelle et communautaire. Nous partageons les photos et les t\u00e9moignages des moniteurs.\" \/>\n<meta property=\"og:url\" content=\"https:\/\/vedruna.org\/fr\/rires-foi-et-solidarite-cest-ainsi-que-les-camps-vedruna-2025-ont-ete-vecus-a-la-vega\/\" \/>\n<meta property=\"og:site_name\" content=\"Carmelitas de la Caridad Vedruna\" \/>\n<meta property=\"article:published_time\" content=\"2025-07-21T08:30:27+00:00\" \/>\n<meta property=\"article:modified_time\" content=\"2025-07-21T08:32:00+00:00\" \/>\n<meta property=\"og:image\" content=\"https:\/\/vedruna.org\/wp-content\/uploads\/2025\/07\/principal.png\" \/>\n\t<meta property=\"og:image:width\" content=\"1000\" \/>\n\t<meta property=\"og:image:height\" content=\"750\" \/>\n\t<meta property=\"og:image:type\" content=\"image\/png\" \/>\n<meta name=\"author\" content=\"Comunicaci\u00f3n Vedrunam\u00e9rica\" \/>\n<meta name=\"twitter:card\" content=\"summary_large_image\" \/>\n<meta name=\"twitter:label1\" content=\"\u00c9crit par\" \/>\n\t<meta name=\"twitter:data1\" content=\"Comunicaci\u00f3n Vedrunam\u00e9rica\" \/>\n\t<meta name=\"twitter:label2\" content=\"Dur\u00e9e de lecture estim\u00e9e\" \/>\n\t<meta name=\"twitter:data2\" content=\"2 minutes\" \/>\n<script type=\"application\/ld+json\" class=\"yoast-schema-graph\">{\"@context\":\"https:\\\/\\\/schema.org\",\"@graph\":[{\"@type\":\"Article\",\"@id\":\"https:\\\/\\\/vedruna.org\\\/fr\\\/rires-foi-et-solidarite-cest-ainsi-que-les-camps-vedruna-2025-ont-ete-vecus-a-la-vega\\\/#article\",\"isPartOf\":{\"@id\":\"https:\\\/\\\/vedruna.org\\\/fr\\\/rires-foi-et-solidarite-cest-ainsi-que-les-camps-vedruna-2025-ont-ete-vecus-a-la-vega\\\/\"},\"author\":{\"name\":\"Comunicaci\u00f3n Vedrunam\u00e9rica\",\"@id\":\"https:\\\/\\\/vedruna.org\\\/fr\\\/#\\\/schema\\\/person\\\/cf468646189533fb6a3aae475663fdc7\"},\"headline\":\"Rires, foi et solidarit\u00e9 : c&rsquo;est ainsi que les camps Vedruna 2025 ont \u00e9t\u00e9 v\u00e9cus \u00e0 La Vega.\",\"datePublished\":\"2025-07-21T08:30:27+00:00\",\"dateModified\":\"2025-07-21T08:32:00+00:00\",\"mainEntityOfPage\":{\"@id\":\"https:\\\/\\\/vedruna.org\\\/fr\\\/rires-foi-et-solidarite-cest-ainsi-que-les-camps-vedruna-2025-ont-ete-vecus-a-la-vega\\\/\"},\"wordCount\":495,\"publisher\":{\"@id\":\"https:\\\/\\\/vedruna.org\\\/fr\\\/#organization\"},\"image\":{\"@id\":\"https:\\\/\\\/vedruna.org\\\/fr\\\/rires-foi-et-solidarite-cest-ainsi-que-les-camps-vedruna-2025-ont-ete-vecus-a-la-vega\\\/#primaryimage\"},\"thumbnailUrl\":\"https:\\\/\\\/vedruna.org\\\/wp-content\\\/uploads\\\/2025\\\/07\\\/principal.png\",\"articleSection\":[\"La Vega\",\"Non classifi\u00e9(e)\",\"R\u00e9publique dominicaine\",\"Vedrunamerica\"],\"inLanguage\":\"fr-FR\"},{\"@type\":\"WebPage\",\"@id\":\"https:\\\/\\\/vedruna.org\\\/fr\\\/rires-foi-et-solidarite-cest-ainsi-que-les-camps-vedruna-2025-ont-ete-vecus-a-la-vega\\\/\",\"url\":\"https:\\\/\\\/vedruna.org\\\/fr\\\/rires-foi-et-solidarite-cest-ainsi-que-les-camps-vedruna-2025-ont-ete-vecus-a-la-vega\\\/\",\"name\":\"Rires, foi et solidarit\u00e9 : c'est ainsi que les camps Vedruna 2025 ont \u00e9t\u00e9 v\u00e9cus \u00e0 La Vega. - Carmelitas de la Caridad Vedruna\",\"isPartOf\":{\"@id\":\"https:\\\/\\\/vedruna.org\\\/fr\\\/#website\"},\"primaryImageOfPage\":{\"@id\":\"https:\\\/\\\/vedruna.org\\\/fr\\\/rires-foi-et-solidarite-cest-ainsi-que-les-camps-vedruna-2025-ont-ete-vecus-a-la-vega\\\/#primaryimage\"},\"image\":{\"@id\":\"https:\\\/\\\/vedruna.org\\\/fr\\\/rires-foi-et-solidarite-cest-ainsi-que-les-camps-vedruna-2025-ont-ete-vecus-a-la-vega\\\/#primaryimage\"},\"thumbnailUrl\":\"https:\\\/\\\/vedruna.org\\\/wp-content\\\/uploads\\\/2025\\\/07\\\/principal.png\",\"datePublished\":\"2025-07-21T08:30:27+00:00\",\"dateModified\":\"2025-07-21T08:32:00+00:00\",\"description\":\"L'exp\u00e9rience dans les camps a \u00e9t\u00e9 une exp\u00e9rience de croissance humaine, spirituelle et communautaire. Nous partageons les photos et les t\u00e9moignages des moniteurs.\",\"breadcrumb\":{\"@id\":\"https:\\\/\\\/vedruna.org\\\/fr\\\/rires-foi-et-solidarite-cest-ainsi-que-les-camps-vedruna-2025-ont-ete-vecus-a-la-vega\\\/#breadcrumb\"},\"inLanguage\":\"fr-FR\",\"potentialAction\":[{\"@type\":\"ReadAction\",\"target\":[\"https:\\\/\\\/vedruna.org\\\/fr\\\/rires-foi-et-solidarite-cest-ainsi-que-les-camps-vedruna-2025-ont-ete-vecus-a-la-vega\\\/\"]}]},{\"@type\":\"ImageObject\",\"inLanguage\":\"fr-FR\",\"@id\":\"https:\\\/\\\/vedruna.org\\\/fr\\\/rires-foi-et-solidarite-cest-ainsi-que-les-camps-vedruna-2025-ont-ete-vecus-a-la-vega\\\/#primaryimage\",\"url\":\"https:\\\/\\\/vedruna.org\\\/wp-content\\\/uploads\\\/2025\\\/07\\\/principal.png\",\"contentUrl\":\"https:\\\/\\\/vedruna.org\\\/wp-content\\\/uploads\\\/2025\\\/07\\\/principal.png\",\"width\":1000,\"height\":750},{\"@type\":\"BreadcrumbList\",\"@id\":\"https:\\\/\\\/vedruna.org\\\/fr\\\/rires-foi-et-solidarite-cest-ainsi-que-les-camps-vedruna-2025-ont-ete-vecus-a-la-vega\\\/#breadcrumb\",\"itemListElement\":[{\"@type\":\"ListItem\",\"position\":1,\"name\":\"Portada\",\"item\":\"https:\\\/\\\/vedruna.org\\\/fr\\\/\"},{\"@type\":\"ListItem\",\"position\":2,\"name\":\"Rires, foi et solidarit\u00e9 : c&rsquo;est ainsi que les camps Vedruna 2025 ont \u00e9t\u00e9 v\u00e9cus \u00e0 La Vega.\"}]},{\"@type\":\"WebSite\",\"@id\":\"https:\\\/\\\/vedruna.org\\\/fr\\\/#website\",\"url\":\"https:\\\/\\\/vedruna.org\\\/fr\\\/\",\"name\":\"Carmelitas de la Caridad Vedruna\",\"description\":\"Carmelitas de la caridad\",\"publisher\":{\"@id\":\"https:\\\/\\\/vedruna.org\\\/fr\\\/#organization\"},\"potentialAction\":[{\"@type\":\"SearchAction\",\"target\":{\"@type\":\"EntryPoint\",\"urlTemplate\":\"https:\\\/\\\/vedruna.org\\\/fr\\\/?s={search_term_string}\"},\"query-input\":{\"@type\":\"PropertyValueSpecification\",\"valueRequired\":true,\"valueName\":\"search_term_string\"}}],\"inLanguage\":\"fr-FR\"},{\"@type\":\"Organization\",\"@id\":\"https:\\\/\\\/vedruna.org\\\/fr\\\/#organization\",\"name\":\"Carmelitas de la caridad Vedruna\",\"url\":\"https:\\\/\\\/vedruna.org\\\/fr\\\/\",\"logo\":{\"@type\":\"ImageObject\",\"inLanguage\":\"fr-FR\",\"@id\":\"https:\\\/\\\/vedruna.org\\\/fr\\\/#\\\/schema\\\/logo\\\/image\\\/\",\"url\":\"https:\\\/\\\/vedruna.org\\\/wp-content\\\/uploads\\\/2022\\\/04\\\/LOGO-VEDRUNA-HORIZONTAL.png\",\"contentUrl\":\"https:\\\/\\\/vedruna.org\\\/wp-content\\\/uploads\\\/2022\\\/04\\\/LOGO-VEDRUNA-HORIZONTAL.png\",\"width\":1200,\"height\":463,\"caption\":\"Carmelitas de la caridad Vedruna\"},\"image\":{\"@id\":\"https:\\\/\\\/vedruna.org\\\/fr\\\/#\\\/schema\\\/logo\\\/image\\\/\"}},{\"@type\":\"Person\",\"@id\":\"https:\\\/\\\/vedruna.org\\\/fr\\\/#\\\/schema\\\/person\\\/cf468646189533fb6a3aae475663fdc7\",\"name\":\"Comunicaci\u00f3n Vedrunam\u00e9rica\",\"image\":{\"@type\":\"ImageObject\",\"inLanguage\":\"fr-FR\",\"@id\":\"https:\\\/\\\/secure.gravatar.com\\\/avatar\\\/b4eff91ff87ece2131a5d31270e1df0a7eeaffece756ce6503fd7dce879d1bfc?s=96&d=mm&r=g\",\"url\":\"https:\\\/\\\/secure.gravatar.com\\\/avatar\\\/b4eff91ff87ece2131a5d31270e1df0a7eeaffece756ce6503fd7dce879d1bfc?s=96&d=mm&r=g\",\"contentUrl\":\"https:\\\/\\\/secure.gravatar.com\\\/avatar\\\/b4eff91ff87ece2131a5d31270e1df0a7eeaffece756ce6503fd7dce879d1bfc?s=96&d=mm&r=g\",\"caption\":\"Comunicaci\u00f3n Vedrunam\u00e9rica\"},\"url\":\"https:\\\/\\\/vedruna.org\\\/fr\\\/author\\\/comunicacion-vedrunamerica\\\/\"}]}<\/script>\n<!-- \/ Yoast SEO plugin. -->","yoast_head_json":{"title":"Rires, foi et solidarit\u00e9 : c'est ainsi que les camps Vedruna 2025 ont \u00e9t\u00e9 v\u00e9cus \u00e0 La Vega. - Carmelitas de la Caridad Vedruna","description":"L'exp\u00e9rience dans les camps a \u00e9t\u00e9 une exp\u00e9rience de croissance humaine, spirituelle et communautaire. Nous partageons les photos et les t\u00e9moignages des moniteurs.","robots":{"index":"index","follow":"follow","max-snippet":"max-snippet:-1","max-image-preview":"max-image-preview:large","max-video-preview":"max-video-preview:-1"},"canonical":"https:\/\/vedruna.org\/fr\/rires-foi-et-solidarite-cest-ainsi-que-les-camps-vedruna-2025-ont-ete-vecus-a-la-vega\/","og_locale":"fr_FR","og_type":"article","og_title":"Rires, foi et solidarit\u00e9 : c'est ainsi que les camps Vedruna 2025 ont \u00e9t\u00e9 v\u00e9cus \u00e0 La Vega. - Carmelitas de la Caridad Vedruna","og_description":"L'exp\u00e9rience dans les camps a \u00e9t\u00e9 une exp\u00e9rience de croissance humaine, spirituelle et communautaire. Nous partageons les photos et les t\u00e9moignages des moniteurs.","og_url":"https:\/\/vedruna.org\/fr\/rires-foi-et-solidarite-cest-ainsi-que-les-camps-vedruna-2025-ont-ete-vecus-a-la-vega\/","og_site_name":"Carmelitas de la Caridad Vedruna","article_published_time":"2025-07-21T08:30:27+00:00","article_modified_time":"2025-07-21T08:32:00+00:00","og_image":[{"width":1000,"height":750,"url":"https:\/\/vedruna.org\/wp-content\/uploads\/2025\/07\/principal.png","type":"image\/png"}],"author":"Comunicaci\u00f3n Vedrunam\u00e9rica","twitter_card":"summary_large_image","twitter_misc":{"\u00c9crit par":"Comunicaci\u00f3n Vedrunam\u00e9rica","Dur\u00e9e de lecture estim\u00e9e":"2 minutes"},"schema":{"@context":"https:\/\/schema.org","@graph":[{"@type":"Article","@id":"https:\/\/vedruna.org\/fr\/rires-foi-et-solidarite-cest-ainsi-que-les-camps-vedruna-2025-ont-ete-vecus-a-la-vega\/#article","isPartOf":{"@id":"https:\/\/vedruna.org\/fr\/rires-foi-et-solidarite-cest-ainsi-que-les-camps-vedruna-2025-ont-ete-vecus-a-la-vega\/"},"author":{"name":"Comunicaci\u00f3n Vedrunam\u00e9rica","@id":"https:\/\/vedruna.org\/fr\/#\/schema\/person\/cf468646189533fb6a3aae475663fdc7"},"headline":"Rires, foi et solidarit\u00e9 : c&rsquo;est ainsi que les camps Vedruna 2025 ont \u00e9t\u00e9 v\u00e9cus \u00e0 La Vega.","datePublished":"2025-07-21T08:30:27+00:00","dateModified":"2025-07-21T08:32:00+00:00","mainEntityOfPage":{"@id":"https:\/\/vedruna.org\/fr\/rires-foi-et-solidarite-cest-ainsi-que-les-camps-vedruna-2025-ont-ete-vecus-a-la-vega\/"},"wordCount":495,"publisher":{"@id":"https:\/\/vedruna.org\/fr\/#organization"},"image":{"@id":"https:\/\/vedruna.org\/fr\/rires-foi-et-solidarite-cest-ainsi-que-les-camps-vedruna-2025-ont-ete-vecus-a-la-vega\/#primaryimage"},"thumbnailUrl":"https:\/\/vedruna.org\/wp-content\/uploads\/2025\/07\/principal.png","articleSection":["La Vega","Non classifi\u00e9(e)","R\u00e9publique dominicaine","Vedrunamerica"],"inLanguage":"fr-FR"},{"@type":"WebPage","@id":"https:\/\/vedruna.org\/fr\/rires-foi-et-solidarite-cest-ainsi-que-les-camps-vedruna-2025-ont-ete-vecus-a-la-vega\/","url":"https:\/\/vedruna.org\/fr\/rires-foi-et-solidarite-cest-ainsi-que-les-camps-vedruna-2025-ont-ete-vecus-a-la-vega\/","name":"Rires, foi et solidarit\u00e9 : c'est ainsi que les camps Vedruna 2025 ont \u00e9t\u00e9 v\u00e9cus \u00e0 La Vega. - Carmelitas de la Caridad Vedruna","isPartOf":{"@id":"https:\/\/vedruna.org\/fr\/#website"},"primaryImageOfPage":{"@id":"https:\/\/vedruna.org\/fr\/rires-foi-et-solidarite-cest-ainsi-que-les-camps-vedruna-2025-ont-ete-vecus-a-la-vega\/#primaryimage"},"image":{"@id":"https:\/\/vedruna.org\/fr\/rires-foi-et-solidarite-cest-ainsi-que-les-camps-vedruna-2025-ont-ete-vecus-a-la-vega\/#primaryimage"},"thumbnailUrl":"https:\/\/vedruna.org\/wp-content\/uploads\/2025\/07\/principal.png","datePublished":"2025-07-21T08:30:27+00:00","dateModified":"2025-07-21T08:32:00+00:00","description":"L'exp\u00e9rience dans les camps a \u00e9t\u00e9 une exp\u00e9rience de croissance humaine, spirituelle et communautaire. Nous partageons les photos et les t\u00e9moignages des moniteurs.","breadcrumb":{"@id":"https:\/\/vedruna.org\/fr\/rires-foi-et-solidarite-cest-ainsi-que-les-camps-vedruna-2025-ont-ete-vecus-a-la-vega\/#breadcrumb"},"inLanguage":"fr-FR","potentialAction":[{"@type":"ReadAction","target":["https:\/\/vedruna.org\/fr\/rires-foi-et-solidarite-cest-ainsi-que-les-camps-vedruna-2025-ont-ete-vecus-a-la-vega\/"]}]},{"@type":"ImageObject","inLanguage":"fr-FR","@id":"https:\/\/vedruna.org\/fr\/rires-foi-et-solidarite-cest-ainsi-que-les-camps-vedruna-2025-ont-ete-vecus-a-la-vega\/#primaryimage","url":"https:\/\/vedruna.org\/wp-content\/uploads\/2025\/07\/principal.png","contentUrl":"https:\/\/vedruna.org\/wp-content\/uploads\/2025\/07\/principal.png","width":1000,"height":750},{"@type":"BreadcrumbList","@id":"https:\/\/vedruna.org\/fr\/rires-foi-et-solidarite-cest-ainsi-que-les-camps-vedruna-2025-ont-ete-vecus-a-la-vega\/#breadcrumb","itemListElement":[{"@type":"ListItem","position":1,"name":"Portada","item":"https:\/\/vedruna.org\/fr\/"},{"@type":"ListItem","position":2,"name":"Rires, foi et solidarit\u00e9 : c&rsquo;est ainsi que les camps Vedruna 2025 ont \u00e9t\u00e9 v\u00e9cus \u00e0 La Vega."}]},{"@type":"WebSite","@id":"https:\/\/vedruna.org\/fr\/#website","url":"https:\/\/vedruna.org\/fr\/","name":"Carmelitas de la Caridad Vedruna","description":"Carmelitas de la caridad","publisher":{"@id":"https:\/\/vedruna.org\/fr\/#organization"},"potentialAction":[{"@type":"SearchAction","target":{"@type":"EntryPoint","urlTemplate":"https:\/\/vedruna.org\/fr\/?s={search_term_string}"},"query-input":{"@type":"PropertyValueSpecification","valueRequired":true,"valueName":"search_term_string"}}],"inLanguage":"fr-FR"},{"@type":"Organization","@id":"https:\/\/vedruna.org\/fr\/#organization","name":"Carmelitas de la caridad Vedruna","url":"https:\/\/vedruna.org\/fr\/","logo":{"@type":"ImageObject","inLanguage":"fr-FR","@id":"https:\/\/vedruna.org\/fr\/#\/schema\/logo\/image\/","url":"https:\/\/vedruna.org\/wp-content\/uploads\/2022\/04\/LOGO-VEDRUNA-HORIZONTAL.png","contentUrl":"https:\/\/vedruna.org\/wp-content\/uploads\/2022\/04\/LOGO-VEDRUNA-HORIZONTAL.png","width":1200,"height":463,"caption":"Carmelitas de la caridad Vedruna"},"image":{"@id":"https:\/\/vedruna.org\/fr\/#\/schema\/logo\/image\/"}},{"@type":"Person","@id":"https:\/\/vedruna.org\/fr\/#\/schema\/person\/cf468646189533fb6a3aae475663fdc7","name":"Comunicaci\u00f3n Vedrunam\u00e9rica","image":{"@type":"ImageObject","inLanguage":"fr-FR","@id":"https:\/\/secure.gravatar.com\/avatar\/b4eff91ff87ece2131a5d31270e1df0a7eeaffece756ce6503fd7dce879d1bfc?s=96&d=mm&r=g","url":"https:\/\/secure.gravatar.com\/avatar\/b4eff91ff87ece2131a5d31270e1df0a7eeaffece756ce6503fd7dce879d1bfc?s=96&d=mm&r=g","contentUrl":"https:\/\/secure.gravatar.com\/avatar\/b4eff91ff87ece2131a5d31270e1df0a7eeaffece756ce6503fd7dce879d1bfc?s=96&d=mm&r=g","caption":"Comunicaci\u00f3n Vedrunam\u00e9rica"},"url":"https:\/\/vedruna.org\/fr\/author\/comunicacion-vedrunamerica\/"}]}},"_links":{"self":[{"href":"https:\/\/vedruna.org\/fr\/wp-json\/wp\/v2\/posts\/26314","targetHints":{"allow":["GET"]}}],"collection":[{"href":"https:\/\/vedruna.org\/fr\/wp-json\/wp\/v2\/posts"}],"about":[{"href":"https:\/\/vedruna.org\/fr\/wp-json\/wp\/v2\/types\/post"}],"author":[{"embeddable":true,"href":"https:\/\/vedruna.org\/fr\/wp-json\/wp\/v2\/users\/4"}],"replies":[{"embeddable":true,"href":"https:\/\/vedruna.org\/fr\/wp-json\/wp\/v2\/comments?post=26314"}],"version-history":[{"count":1,"href":"https:\/\/vedruna.org\/fr\/wp-json\/wp\/v2\/posts\/26314\/revisions"}],"predecessor-version":[{"id":26317,"href":"https:\/\/vedruna.org\/fr\/wp-json\/wp\/v2\/posts\/26314\/revisions\/26317"}],"wp:featuredmedia":[{"embeddable":true,"href":"https:\/\/vedruna.org\/fr\/wp-json\/wp\/v2\/media\/26065"}],"wp:attachment":[{"href":"https:\/\/vedruna.org\/fr\/wp-json\/wp\/v2\/media?parent=26314"}],"wp:term":[{"taxonomy":"category","embeddable":true,"href":"https:\/\/vedruna.org\/fr\/wp-json\/wp\/v2\/categories?post=26314"},{"taxonomy":"post_tag","embeddable":true,"href":"https:\/\/vedruna.org\/fr\/wp-json\/wp\/v2\/tags?post=26314"}],"curies":[{"name":"wp","href":"https:\/\/api.w.org\/{rel}","templated":true}]}}