{"id":28465,"date":"2025-09-19T10:39:11","date_gmt":"2025-09-19T08:39:11","guid":{"rendered":"https:\/\/vedruna.org\/nous-commencons-lannee-scolaire-dans-lesprit-du-bicentenaire\/"},"modified":"2025-10-06T14:07:43","modified_gmt":"2025-10-06T12:07:43","slug":"nous-commencons-lannee-scolaire-dans-lesprit-du-bicentenaire","status":"publish","type":"post","link":"https:\/\/vedruna.org\/fr\/nous-commencons-lannee-scolaire-dans-lesprit-du-bicentenaire\/","title":{"rendered":"Nous commen\u00e7ons l&rsquo;ann\u00e9e scolaire dans l&rsquo;esprit du Bicentenaire"},"content":{"rendered":"\n<p><ins>L<\/ins>&lsquo;\u00e9cole <strong>El Carmelo de Cagua<\/strong> a commenc\u00e9 l&rsquo;ann\u00e9e scolaire avec comme <strong>th\u00e8me central le bicentenaire de la<\/strong> Congr\u00e9gation carm\u00e9litaine de la Charit\u00e9 carm\u00e9litaine de Vedruna, bas\u00e9 sur la synodalit\u00e9.<\/p>\n\n<p>Lors de la derni\u00e8re r\u00e9union des \u00e9ducateurs, qui s&rsquo;est tenue d\u00e9but mai \u00e0 Boca de Uchire, Anzo\u00e1tegui, la devise pastorale \u00e0 travailler durant cette ann\u00e9e du Bicentenaire dans tous les centres Vedruna du pays a \u00e9t\u00e9 \u00e9tablie : <strong>\u00ab\u00a0Vedruna en synodalit\u00e9\u00a0\u00bb<\/strong>.<\/p>\n\n<p>Nous quittons nos espaces quotidiens pour nous concentrer sur ce que nous voulons, pour marcher ensemble, enseignants, travailleurs, personnel administratif et \u00e9quipe de direction. Tous ensemble, nous voulons construire le chemin ensemble et vers le nouvel horizon que la c\u00e9l\u00e9bration du Bicentenaire marque pour nous. <\/p>\n\n<p>Dans une atmosph\u00e8re familiale et joyeuse, nous avons d\u00e9couvert la valeur<del>de<\/del> marcher ensemble, en accueillant<ins>les<\/ins> diff\u00e9rences non pas comme un obstacle, mais comme un don, en reconnaissant l&rsquo;h\u00e9ritage que Joaquina nous a laiss\u00e9, que les s\u0153urs ont soutenu pendant ces 200 ans de vie congr\u00e9gationnelle et qui sont aujourd&rsquo;hui \u00ab\u00a0notre mission et notre engagement\u00a0\u00bb, qu&rsquo;il est de notre mission de garder vivant : <strong>son h\u00e9ritage, le charisme de Vedruna <\/strong>.  <\/p>\n\n<p style=\"font-size:14px\">C&rsquo;est ainsi que nous commen\u00e7ons cette ann\u00e9e scolaire 2025-2026, en renfor\u00e7ant notre esprit et notre \u00e2me. Au nom de la Sainte Trinit\u00e9. <\/p>\n\n<p class=\"has-text-align-right\"><strong>Prof. Carolina Quintero<\/strong><\/p>\n<div class=\"pgc-sgb-cb wp-block-pgcsimplygalleryblock-justified \" data-gallery-id=\"bc183153\"><div class=\"sgb-preloader\" id=\"pr_bc183153\">\n\t<div class=\"sgb-square\" style=\"background:#d4d4d4\"><\/div>\n\t<div class=\"sgb-square\" style=\"background:#d4d4d4\"><\/div>\n\t<div class=\"sgb-square\" style=\"background:#d4d4d4\"><\/div>\n\t<div class=\"sgb-square\" style=\"background:#d4d4d4\"><\/div><\/div><div class=\"simply-gallery-amp pgc_sgb_slider \"><noscript><div class=\"sgb-gallery\"><div class=\"sgb-item\"><a href=\"https:\/\/vedruna.org\/?attachment_id=28417\" target=\"_blank\"><img decoding=\"async\" alt=\"\" width=\"225\" height=\"300\" loading=\"lazy\" src=\"https:\/\/vedruna.org\/wp-content\/uploads\/2025\/09\/Imagen-de-WhatsApp-2025-09-18-a-las-14.12.50_3351adc7-225x300.jpg\" srcset=\"https:\/\/vedruna.org\/wp-content\/uploads\/2025\/09\/Imagen-de-WhatsApp-2025-09-18-a-las-14.12.50_3351adc7-225x300.jpg 225w,https:\/\/vedruna.org\/wp-content\/uploads\/2025\/09\/Imagen-de-WhatsApp-2025-09-18-a-las-14.12.50_3351adc7-768x1024.jpg 768w,https:\/\/vedruna.org\/wp-content\/uploads\/2025\/09\/Imagen-de-WhatsApp-2025-09-18-a-las-14.12.50_3351adc7.jpg 810w\" sizes=\"250px\"\/><\/a><\/div><div class=\"sgb-item\"><a href=\"https:\/\/vedruna.org\/?attachment_id=28418\" target=\"_blank\"><img decoding=\"async\" alt=\"\" width=\"225\" height=\"300\" loading=\"lazy\" src=\"https:\/\/vedruna.org\/wp-content\/uploads\/2025\/09\/IMG-20250918-WA0042-225x300.jpg\" srcset=\"https:\/\/vedruna.org\/wp-content\/uploads\/2025\/09\/IMG-20250918-WA0042-225x300.jpg 225w,https:\/\/vedruna.org\/wp-content\/uploads\/2025\/09\/IMG-20250918-WA0042.jpg 762w\" sizes=\"250px\"\/><\/a><\/div><div class=\"sgb-item\"><a href=\"https:\/\/vedruna.org\/?attachment_id=28422\" target=\"_blank\"><img decoding=\"async\" alt=\"\" width=\"300\" height=\"225\" loading=\"lazy\" src=\"https:\/\/vedruna.org\/wp-content\/uploads\/2025\/09\/IMG-20250918-WA0029-300x225.jpg\" srcset=\"https:\/\/vedruna.org\/wp-content\/uploads\/2025\/09\/IMG-20250918-WA0029-300x225.jpg 300w,https:\/\/vedruna.org\/wp-content\/uploads\/2025\/09\/IMG-20250918-WA0029-1024x768.jpg 1024w,https:\/\/vedruna.org\/wp-content\/uploads\/2025\/09\/IMG-20250918-WA0029.jpg 1280w\" sizes=\"250px\"\/><\/a><\/div><div class=\"sgb-item\"><a href=\"https:\/\/vedruna.org\/?attachment_id=28419\" target=\"_blank\"><img decoding=\"async\" alt=\"\" width=\"300\" height=\"225\" loading=\"lazy\" src=\"https:\/\/vedruna.org\/wp-content\/uploads\/2025\/09\/IMG-20250918-WA0025-300x225.jpg\" srcset=\"https:\/\/vedruna.org\/wp-content\/uploads\/2025\/09\/IMG-20250918-WA0025-300x225.jpg 300w,https:\/\/vedruna.org\/wp-content\/uploads\/2025\/09\/IMG-20250918-WA0025-1024x768.jpg 1024w,https:\/\/vedruna.org\/wp-content\/uploads\/2025\/09\/IMG-20250918-WA0025.jpg 1280w\" sizes=\"250px\"\/><\/a><\/div><div class=\"sgb-item\"><a href=\"https:\/\/vedruna.org\/?attachment_id=28420\" target=\"_blank\"><img decoding=\"async\" alt=\"\" width=\"300\" height=\"225\" loading=\"lazy\" src=\"https:\/\/vedruna.org\/wp-content\/uploads\/2025\/09\/IMG-20250918-WA0028-300x225.jpg\" srcset=\"https:\/\/vedruna.org\/wp-content\/uploads\/2025\/09\/IMG-20250918-WA0028-300x225.jpg 300w,https:\/\/vedruna.org\/wp-content\/uploads\/2025\/09\/IMG-20250918-WA0028.jpg 1016w\" sizes=\"250px\"\/><\/a><\/div><div class=\"sgb-item\"><a href=\"https:\/\/vedruna.org\/?attachment_id=28421\" target=\"_blank\"><img decoding=\"async\" alt=\"\" width=\"300\" height=\"225\" loading=\"lazy\" src=\"https:\/\/vedruna.org\/wp-content\/uploads\/2025\/09\/IMG-20250918-WA0043-300x225.jpg\" srcset=\"https:\/\/vedruna.org\/wp-content\/uploads\/2025\/09\/IMG-20250918-WA0043-300x225.jpg 300w,https:\/\/vedruna.org\/wp-content\/uploads\/2025\/09\/IMG-20250918-WA0043-1024x768.jpg 1024w,https:\/\/vedruna.org\/wp-content\/uploads\/2025\/09\/IMG-20250918-WA0043.jpg 1080w\" sizes=\"250px\"\/><\/a><\/div><\/div><\/noscript><\/div><script type=\"application\/json\" class=\"sgb-data\">{\"lastRowFill\":true,\"collectionThumbMiniScreenScale\":true,\"externalLink\":false,\"captions\":false,\"collectionThumbSubMenuDownload\":false,\"collectionThumbSubMenuShare\":false,\"galleryType\":\"pgc_sgb_justified\",\"galleryId\":\"bc183153\",\"images\":[{\"id\":28417,\"title\":\"Imagen de WhatsApp 2025-09-18 a las 14.12.50_3351adc7\",\"url\":\"https:\/\/vedruna.org\/wp-content\/uploads\/2025\/09\/Imagen-de-WhatsApp-2025-09-18-a-las-14.12.50_3351adc7.jpg\",\"link\":\"https:\/\/vedruna.org\/?attachment_id=28417\",\"alt\":\"\",\"description\":\"\",\"caption\":\"\",\"mime\":\"image\/jpeg\",\"type\":\"image\",\"width\":810,\"height\":1080,\"sizes\":{\"thumbnail\":{\"height\":150,\"width\":150,\"url\":\"https:\/\/vedruna.org\/wp-content\/uploads\/2025\/09\/Imagen-de-WhatsApp-2025-09-18-a-las-14.12.50_3351adc7-150x150.jpg\",\"orientation\":\"landscape\"},\"medium\":{\"height\":300,\"width\":225,\"url\":\"https:\/\/vedruna.org\/wp-content\/uploads\/2025\/09\/Imagen-de-WhatsApp-2025-09-18-a-las-14.12.50_3351adc7-225x300.jpg\",\"orientation\":\"portrait\"},\"large\":{\"height\":1024,\"width\":768,\"url\":\"https:\/\/vedruna.org\/wp-content\/uploads\/2025\/09\/Imagen-de-WhatsApp-2025-09-18-a-las-14.12.50_3351adc7-768x1024.jpg\",\"orientation\":\"portrait\"},\"full\":{\"url\":\"https:\/\/vedruna.org\/wp-content\/uploads\/2025\/09\/Imagen-de-WhatsApp-2025-09-18-a-las-14.12.50_3351adc7.jpg\",\"height\":1080,\"width\":810,\"orientation\":\"portrait\"}},\"imageMeta\":{\"aperture\":\"0\",\"credit\":\"\",\"camera\":\"\",\"caption\":\"\",\"created_timestamp\":\"0\",\"copyright\":\"\",\"focal_length\":\"0\",\"iso\":\"0\",\"shutter_speed\":\"0\",\"title\":\"\",\"orientation\":\"0\",\"keywords\":[]},\"meta\":false,\"postlink\":\"https:\/\/vedruna.org\/?attachment_id=28417\"},{\"id\":28418,\"title\":\"IMG-20250918-WA0042\",\"url\":\"https:\/\/vedruna.org\/wp-content\/uploads\/2025\/09\/IMG-20250918-WA0042.jpg\",\"link\":\"https:\/\/vedruna.org\/?attachment_id=28418\",\"alt\":\"\",\"description\":\"\",\"caption\":\"\",\"mime\":\"image\/jpeg\",\"type\":\"image\",\"width\":762,\"height\":1016,\"sizes\":{\"thumbnail\":{\"height\":150,\"width\":150,\"url\":\"https:\/\/vedruna.org\/wp-content\/uploads\/2025\/09\/IMG-20250918-WA0042-150x150.jpg\",\"orientation\":\"landscape\"},\"medium\":{\"height\":300,\"width\":225,\"url\":\"https:\/\/vedruna.org\/wp-content\/uploads\/2025\/09\/IMG-20250918-WA0042-225x300.jpg\",\"orientation\":\"portrait\"},\"full\":{\"url\":\"https:\/\/vedruna.org\/wp-content\/uploads\/2025\/09\/IMG-20250918-WA0042.jpg\",\"height\":1016,\"width\":762,\"orientation\":\"portrait\"}},\"imageMeta\":{\"aperture\":\"0\",\"credit\":\"\",\"camera\":\"\",\"caption\":\"\",\"created_timestamp\":\"0\",\"copyright\":\"\",\"focal_length\":\"0\",\"iso\":\"0\",\"shutter_speed\":\"0\",\"title\":\"\",\"orientation\":\"0\",\"keywords\":[]},\"meta\":false,\"postlink\":\"https:\/\/vedruna.org\/?attachment_id=28418\"},{\"id\":28422,\"title\":\"IMG-20250918-WA0029\",\"url\":\"https:\/\/vedruna.org\/wp-content\/uploads\/2025\/09\/IMG-20250918-WA0029.jpg\",\"link\":\"https:\/\/vedruna.org\/?attachment_id=28422\",\"alt\":\"\",\"description\":\"\",\"caption\":\"\",\"mime\":\"image\/jpeg\",\"type\":\"image\",\"width\":1280,\"height\":960,\"sizes\":{\"thumbnail\":{\"height\":150,\"width\":150,\"url\":\"https:\/\/vedruna.org\/wp-content\/uploads\/2025\/09\/IMG-20250918-WA0029-150x150.jpg\",\"orientation\":\"landscape\"},\"medium\":{\"height\":225,\"width\":300,\"url\":\"https:\/\/vedruna.org\/wp-content\/uploads\/2025\/09\/IMG-20250918-WA0029-300x225.jpg\",\"orientation\":\"landscape\"},\"large\":{\"height\":768,\"width\":1024,\"url\":\"https:\/\/vedruna.org\/wp-content\/uploads\/2025\/09\/IMG-20250918-WA0029-1024x768.jpg\",\"orientation\":\"landscape\"},\"full\":{\"url\":\"https:\/\/vedruna.org\/wp-content\/uploads\/2025\/09\/IMG-20250918-WA0029.jpg\",\"height\":960,\"width\":1280,\"orientation\":\"landscape\"}},\"imageMeta\":{\"aperture\":\"0\",\"credit\":\"\",\"camera\":\"\",\"caption\":\"\",\"created_timestamp\":\"0\",\"copyright\":\"\",\"focal_length\":\"0\",\"iso\":\"0\",\"shutter_speed\":\"0\",\"title\":\"\",\"orientation\":\"0\",\"keywords\":[]},\"meta\":false,\"postlink\":\"https:\/\/vedruna.org\/?attachment_id=28422\"},{\"id\":28419,\"title\":\"IMG-20250918-WA0025\",\"url\":\"https:\/\/vedruna.org\/wp-content\/uploads\/2025\/09\/IMG-20250918-WA0025.jpg\",\"link\":\"https:\/\/vedruna.org\/?attachment_id=28419\",\"alt\":\"\",\"description\":\"\",\"caption\":\"\",\"mime\":\"image\/jpeg\",\"type\":\"image\",\"width\":1280,\"height\":960,\"sizes\":{\"thumbnail\":{\"height\":150,\"width\":150,\"url\":\"https:\/\/vedruna.org\/wp-content\/uploads\/2025\/09\/IMG-20250918-WA0025-150x150.jpg\",\"orientation\":\"landscape\"},\"medium\":{\"height\":225,\"width\":300,\"url\":\"https:\/\/vedruna.org\/wp-content\/uploads\/2025\/09\/IMG-20250918-WA0025-300x225.jpg\",\"orientation\":\"landscape\"},\"large\":{\"height\":768,\"width\":1024,\"url\":\"https:\/\/vedruna.org\/wp-content\/uploads\/2025\/09\/IMG-20250918-WA0025-1024x768.jpg\",\"orientation\":\"landscape\"},\"full\":{\"url\":\"https:\/\/vedruna.org\/wp-content\/uploads\/2025\/09\/IMG-20250918-WA0025.jpg\",\"height\":960,\"width\":1280,\"orientation\":\"landscape\"}},\"imageMeta\":{\"aperture\":\"0\",\"credit\":\"\",\"camera\":\"\",\"caption\":\"\",\"created_timestamp\":\"0\",\"copyright\":\"\",\"focal_length\":\"0\",\"iso\":\"0\",\"shutter_speed\":\"0\",\"title\":\"\",\"orientation\":\"0\",\"keywords\":[]},\"meta\":false,\"postlink\":\"https:\/\/vedruna.org\/?attachment_id=28419\"},{\"id\":28420,\"title\":\"IMG-20250918-WA0028\",\"url\":\"https:\/\/vedruna.org\/wp-content\/uploads\/2025\/09\/IMG-20250918-WA0028.jpg\",\"link\":\"https:\/\/vedruna.org\/?attachment_id=28420\",\"alt\":\"\",\"description\":\"\",\"caption\":\"\",\"mime\":\"image\/jpeg\",\"type\":\"image\",\"width\":1016,\"height\":762,\"sizes\":{\"thumbnail\":{\"height\":150,\"width\":150,\"url\":\"https:\/\/vedruna.org\/wp-content\/uploads\/2025\/09\/IMG-20250918-WA0028-150x150.jpg\",\"orientation\":\"landscape\"},\"medium\":{\"height\":225,\"width\":300,\"url\":\"https:\/\/vedruna.org\/wp-content\/uploads\/2025\/09\/IMG-20250918-WA0028-300x225.jpg\",\"orientation\":\"landscape\"},\"full\":{\"url\":\"https:\/\/vedruna.org\/wp-content\/uploads\/2025\/09\/IMG-20250918-WA0028.jpg\",\"height\":762,\"width\":1016,\"orientation\":\"landscape\"}},\"imageMeta\":{\"aperture\":\"0\",\"credit\":\"\",\"camera\":\"\",\"caption\":\"\",\"created_timestamp\":\"0\",\"copyright\":\"\",\"focal_length\":\"0\",\"iso\":\"0\",\"shutter_speed\":\"0\",\"title\":\"\",\"orientation\":\"0\",\"keywords\":[]},\"meta\":false,\"postlink\":\"https:\/\/vedruna.org\/?attachment_id=28420\"},{\"id\":28421,\"title\":\"IMG-20250918-WA0043\",\"url\":\"https:\/\/vedruna.org\/wp-content\/uploads\/2025\/09\/IMG-20250918-WA0043.jpg\",\"link\":\"https:\/\/vedruna.org\/?attachment_id=28421\",\"alt\":\"\",\"description\":\"\",\"caption\":\"\",\"mime\":\"image\/jpeg\",\"type\":\"image\",\"width\":1080,\"height\":810,\"sizes\":{\"thumbnail\":{\"height\":150,\"width\":150,\"url\":\"https:\/\/vedruna.org\/wp-content\/uploads\/2025\/09\/IMG-20250918-WA0043-150x150.jpg\",\"orientation\":\"landscape\"},\"medium\":{\"height\":225,\"width\":300,\"url\":\"https:\/\/vedruna.org\/wp-content\/uploads\/2025\/09\/IMG-20250918-WA0043-300x225.jpg\",\"orientation\":\"landscape\"},\"large\":{\"height\":768,\"width\":1024,\"url\":\"https:\/\/vedruna.org\/wp-content\/uploads\/2025\/09\/IMG-20250918-WA0043-1024x768.jpg\",\"orientation\":\"landscape\"},\"full\":{\"url\":\"https:\/\/vedruna.org\/wp-content\/uploads\/2025\/09\/IMG-20250918-WA0043.jpg\",\"height\":810,\"width\":1080,\"orientation\":\"landscape\"}},\"imageMeta\":{\"aperture\":\"0\",\"credit\":\"\",\"camera\":\"\",\"caption\":\"\",\"created_timestamp\":\"0\",\"copyright\":\"\",\"focal_length\":\"0\",\"iso\":\"0\",\"shutter_speed\":\"0\",\"title\":\"\",\"orientation\":\"0\",\"keywords\":[]},\"meta\":false,\"postlink\":\"https:\/\/vedruna.org\/?attachment_id=28421\"}],\"translatedWithWPMLTM\":\"1\",\"itemsMetaDataCollection\":[]}<\/script><script>(function(){if(window.PGC_SGB && window.PGC_SGB.searcher){window.PGC_SGB.searcher.initBlocks()}})()<\/script><\/div>","protected":false},"excerpt":{"rendered":"<p>L&lsquo;\u00e9cole El Carmelo de Cagua a commenc\u00e9 l&rsquo;ann\u00e9e scolaire avec comme th\u00e8me central le bicentenaire de la Congr\u00e9gation carm\u00e9litaine de la Charit\u00e9 carm\u00e9litaine de Vedruna, bas\u00e9 sur la synodalit\u00e9. Lors de la derni\u00e8re r\u00e9union des \u00e9ducateurs, qui s&rsquo;est tenue d\u00e9but mai \u00e0 Boca de Uchire, Anzo\u00e1tegui, la devise pastorale \u00e0 travailler durant cette ann\u00e9e du [&hellip;]<\/p>\n","protected":false},"author":4,"featured_media":28466,"comment_status":"closed","ping_status":"closed","sticky":false,"template":"","format":"standard","meta":{"_et_pb_use_builder":"","_et_pb_old_content":"","_et_gb_content_width":"","pgc_sgb_lightbox_settings":"","footnotes":""},"categories":[449,338,146,92],"tags":[478],"class_list":["post-28465","post","type-post","status-publish","format-standard","has-post-thumbnail","hentry","category-bicentenaire-vedruna","category-maracay-fr","category-vedrunamerica-fr","category-venezuela-fr","tag-education"],"yoast_head":"<!-- This site is optimized with the Yoast SEO plugin v27.5 - https:\/\/yoast.com\/product\/yoast-seo-wordpress\/ -->\n<title>Nous commen\u00e7ons l&#039;ann\u00e9e scolaire dans l&#039;esprit du Bicentenaire - Carmelitas de la Caridad Vedruna<\/title>\n<meta name=\"description\" content=\"L&#039;\u00e9cole El Carmelo de Cagua a commenc\u00e9 l&#039;ann\u00e9e scolaire avec comme th\u00e8me central le bicentenaire de la Congr\u00e9gation carm\u00e9litaine de la Charit\u00e9 carm\u00e9litaine de Vedruna, bas\u00e9 sur la synodalit\u00e9.\" \/>\n<meta name=\"robots\" content=\"index, follow, max-snippet:-1, max-image-preview:large, max-video-preview:-1\" \/>\n<link rel=\"canonical\" href=\"https:\/\/vedruna.org\/fr\/nous-commencons-lannee-scolaire-dans-lesprit-du-bicentenaire\/\" \/>\n<meta property=\"og:locale\" content=\"fr_FR\" \/>\n<meta property=\"og:type\" content=\"article\" \/>\n<meta property=\"og:title\" content=\"Nous commen\u00e7ons l&#039;ann\u00e9e scolaire dans l&#039;esprit du Bicentenaire - Carmelitas de la Caridad Vedruna\" \/>\n<meta property=\"og:description\" content=\"L&#039;\u00e9cole El Carmelo de Cagua a commenc\u00e9 l&#039;ann\u00e9e scolaire avec comme th\u00e8me central le bicentenaire de la Congr\u00e9gation carm\u00e9litaine de la Charit\u00e9 carm\u00e9litaine de Vedruna, bas\u00e9 sur la synodalit\u00e9.\" \/>\n<meta property=\"og:url\" content=\"https:\/\/vedruna.org\/fr\/nous-commencons-lannee-scolaire-dans-lesprit-du-bicentenaire\/\" \/>\n<meta property=\"og:site_name\" content=\"Carmelitas de la Caridad Vedruna\" \/>\n<meta property=\"article:published_time\" content=\"2025-09-19T08:39:11+00:00\" \/>\n<meta property=\"article:modified_time\" content=\"2025-10-06T12:07:43+00:00\" \/>\n<meta property=\"og:image\" content=\"https:\/\/vedruna.org\/wp-content\/uploads\/2025\/09\/IMG-20250918-WA0031.jpg\" \/>\n\t<meta property=\"og:image:width\" content=\"1080\" \/>\n\t<meta property=\"og:image:height\" content=\"810\" \/>\n\t<meta property=\"og:image:type\" content=\"image\/jpeg\" \/>\n<meta name=\"author\" content=\"Comunicaci\u00f3n Vedrunam\u00e9rica\" \/>\n<meta name=\"twitter:card\" content=\"summary_large_image\" \/>\n<meta name=\"twitter:label1\" content=\"\u00c9crit par\" \/>\n\t<meta name=\"twitter:data1\" content=\"Comunicaci\u00f3n Vedrunam\u00e9rica\" \/>\n\t<meta name=\"twitter:label2\" content=\"Dur\u00e9e de lecture estim\u00e9e\" \/>\n\t<meta name=\"twitter:data2\" content=\"1 minute\" \/>\n<script type=\"application\/ld+json\" class=\"yoast-schema-graph\">{\"@context\":\"https:\\\/\\\/schema.org\",\"@graph\":[{\"@type\":\"Article\",\"@id\":\"https:\\\/\\\/vedruna.org\\\/fr\\\/nous-commencons-lannee-scolaire-dans-lesprit-du-bicentenaire\\\/#article\",\"isPartOf\":{\"@id\":\"https:\\\/\\\/vedruna.org\\\/fr\\\/nous-commencons-lannee-scolaire-dans-lesprit-du-bicentenaire\\\/\"},\"author\":{\"name\":\"Comunicaci\u00f3n Vedrunam\u00e9rica\",\"@id\":\"https:\\\/\\\/vedruna.org\\\/fr\\\/#\\\/schema\\\/person\\\/cf468646189533fb6a3aae475663fdc7\"},\"headline\":\"Nous commen\u00e7ons l&rsquo;ann\u00e9e scolaire dans l&rsquo;esprit du Bicentenaire\",\"datePublished\":\"2025-09-19T08:39:11+00:00\",\"dateModified\":\"2025-10-06T12:07:43+00:00\",\"mainEntityOfPage\":{\"@id\":\"https:\\\/\\\/vedruna.org\\\/fr\\\/nous-commencons-lannee-scolaire-dans-lesprit-du-bicentenaire\\\/\"},\"wordCount\":245,\"publisher\":{\"@id\":\"https:\\\/\\\/vedruna.org\\\/fr\\\/#organization\"},\"image\":{\"@id\":\"https:\\\/\\\/vedruna.org\\\/fr\\\/nous-commencons-lannee-scolaire-dans-lesprit-du-bicentenaire\\\/#primaryimage\"},\"thumbnailUrl\":\"https:\\\/\\\/vedruna.org\\\/wp-content\\\/uploads\\\/2025\\\/09\\\/IMG-20250918-WA0031.jpg\",\"keywords\":[\"\u00c9ducation\"],\"articleSection\":[\"Bicentenaire Vedruna\",\"Maracay\",\"Vedrunamerica\",\"Venezuela\"],\"inLanguage\":\"fr-FR\"},{\"@type\":\"WebPage\",\"@id\":\"https:\\\/\\\/vedruna.org\\\/fr\\\/nous-commencons-lannee-scolaire-dans-lesprit-du-bicentenaire\\\/\",\"url\":\"https:\\\/\\\/vedruna.org\\\/fr\\\/nous-commencons-lannee-scolaire-dans-lesprit-du-bicentenaire\\\/\",\"name\":\"Nous commen\u00e7ons l'ann\u00e9e scolaire dans l'esprit du Bicentenaire - Carmelitas de la Caridad Vedruna\",\"isPartOf\":{\"@id\":\"https:\\\/\\\/vedruna.org\\\/fr\\\/#website\"},\"primaryImageOfPage\":{\"@id\":\"https:\\\/\\\/vedruna.org\\\/fr\\\/nous-commencons-lannee-scolaire-dans-lesprit-du-bicentenaire\\\/#primaryimage\"},\"image\":{\"@id\":\"https:\\\/\\\/vedruna.org\\\/fr\\\/nous-commencons-lannee-scolaire-dans-lesprit-du-bicentenaire\\\/#primaryimage\"},\"thumbnailUrl\":\"https:\\\/\\\/vedruna.org\\\/wp-content\\\/uploads\\\/2025\\\/09\\\/IMG-20250918-WA0031.jpg\",\"datePublished\":\"2025-09-19T08:39:11+00:00\",\"dateModified\":\"2025-10-06T12:07:43+00:00\",\"description\":\"L'\u00e9cole El Carmelo de Cagua a commenc\u00e9 l'ann\u00e9e scolaire avec comme th\u00e8me central le bicentenaire de la Congr\u00e9gation carm\u00e9litaine de la Charit\u00e9 carm\u00e9litaine de Vedruna, bas\u00e9 sur la synodalit\u00e9.\",\"breadcrumb\":{\"@id\":\"https:\\\/\\\/vedruna.org\\\/fr\\\/nous-commencons-lannee-scolaire-dans-lesprit-du-bicentenaire\\\/#breadcrumb\"},\"inLanguage\":\"fr-FR\",\"potentialAction\":[{\"@type\":\"ReadAction\",\"target\":[\"https:\\\/\\\/vedruna.org\\\/fr\\\/nous-commencons-lannee-scolaire-dans-lesprit-du-bicentenaire\\\/\"]}]},{\"@type\":\"ImageObject\",\"inLanguage\":\"fr-FR\",\"@id\":\"https:\\\/\\\/vedruna.org\\\/fr\\\/nous-commencons-lannee-scolaire-dans-lesprit-du-bicentenaire\\\/#primaryimage\",\"url\":\"https:\\\/\\\/vedruna.org\\\/wp-content\\\/uploads\\\/2025\\\/09\\\/IMG-20250918-WA0031.jpg\",\"contentUrl\":\"https:\\\/\\\/vedruna.org\\\/wp-content\\\/uploads\\\/2025\\\/09\\\/IMG-20250918-WA0031.jpg\",\"width\":1080,\"height\":810},{\"@type\":\"BreadcrumbList\",\"@id\":\"https:\\\/\\\/vedruna.org\\\/fr\\\/nous-commencons-lannee-scolaire-dans-lesprit-du-bicentenaire\\\/#breadcrumb\",\"itemListElement\":[{\"@type\":\"ListItem\",\"position\":1,\"name\":\"Portada\",\"item\":\"https:\\\/\\\/vedruna.org\\\/fr\\\/\"},{\"@type\":\"ListItem\",\"position\":2,\"name\":\"Nous commen\u00e7ons l&rsquo;ann\u00e9e scolaire dans l&rsquo;esprit du Bicentenaire\"}]},{\"@type\":\"WebSite\",\"@id\":\"https:\\\/\\\/vedruna.org\\\/fr\\\/#website\",\"url\":\"https:\\\/\\\/vedruna.org\\\/fr\\\/\",\"name\":\"Carmelitas de la Caridad Vedruna\",\"description\":\"Carmelitas de la caridad\",\"publisher\":{\"@id\":\"https:\\\/\\\/vedruna.org\\\/fr\\\/#organization\"},\"potentialAction\":[{\"@type\":\"SearchAction\",\"target\":{\"@type\":\"EntryPoint\",\"urlTemplate\":\"https:\\\/\\\/vedruna.org\\\/fr\\\/?s={search_term_string}\"},\"query-input\":{\"@type\":\"PropertyValueSpecification\",\"valueRequired\":true,\"valueName\":\"search_term_string\"}}],\"inLanguage\":\"fr-FR\"},{\"@type\":\"Organization\",\"@id\":\"https:\\\/\\\/vedruna.org\\\/fr\\\/#organization\",\"name\":\"Carmelitas de la caridad Vedruna\",\"url\":\"https:\\\/\\\/vedruna.org\\\/fr\\\/\",\"logo\":{\"@type\":\"ImageObject\",\"inLanguage\":\"fr-FR\",\"@id\":\"https:\\\/\\\/vedruna.org\\\/fr\\\/#\\\/schema\\\/logo\\\/image\\\/\",\"url\":\"https:\\\/\\\/vedruna.org\\\/wp-content\\\/uploads\\\/2022\\\/04\\\/LOGO-VEDRUNA-HORIZONTAL.png\",\"contentUrl\":\"https:\\\/\\\/vedruna.org\\\/wp-content\\\/uploads\\\/2022\\\/04\\\/LOGO-VEDRUNA-HORIZONTAL.png\",\"width\":1200,\"height\":463,\"caption\":\"Carmelitas de la caridad Vedruna\"},\"image\":{\"@id\":\"https:\\\/\\\/vedruna.org\\\/fr\\\/#\\\/schema\\\/logo\\\/image\\\/\"}},{\"@type\":\"Person\",\"@id\":\"https:\\\/\\\/vedruna.org\\\/fr\\\/#\\\/schema\\\/person\\\/cf468646189533fb6a3aae475663fdc7\",\"name\":\"Comunicaci\u00f3n Vedrunam\u00e9rica\",\"image\":{\"@type\":\"ImageObject\",\"inLanguage\":\"fr-FR\",\"@id\":\"https:\\\/\\\/secure.gravatar.com\\\/avatar\\\/b4eff91ff87ece2131a5d31270e1df0a7eeaffece756ce6503fd7dce879d1bfc?s=96&d=mm&r=g\",\"url\":\"https:\\\/\\\/secure.gravatar.com\\\/avatar\\\/b4eff91ff87ece2131a5d31270e1df0a7eeaffece756ce6503fd7dce879d1bfc?s=96&d=mm&r=g\",\"contentUrl\":\"https:\\\/\\\/secure.gravatar.com\\\/avatar\\\/b4eff91ff87ece2131a5d31270e1df0a7eeaffece756ce6503fd7dce879d1bfc?s=96&d=mm&r=g\",\"caption\":\"Comunicaci\u00f3n Vedrunam\u00e9rica\"},\"url\":\"https:\\\/\\\/vedruna.org\\\/fr\\\/author\\\/comunicacion-vedrunamerica\\\/\"}]}<\/script>\n<!-- \/ Yoast SEO plugin. -->","yoast_head_json":{"title":"Nous commen\u00e7ons l'ann\u00e9e scolaire dans l'esprit du Bicentenaire - Carmelitas de la Caridad Vedruna","description":"L'\u00e9cole El Carmelo de Cagua a commenc\u00e9 l'ann\u00e9e scolaire avec comme th\u00e8me central le bicentenaire de la Congr\u00e9gation carm\u00e9litaine de la Charit\u00e9 carm\u00e9litaine de Vedruna, bas\u00e9 sur la synodalit\u00e9.","robots":{"index":"index","follow":"follow","max-snippet":"max-snippet:-1","max-image-preview":"max-image-preview:large","max-video-preview":"max-video-preview:-1"},"canonical":"https:\/\/vedruna.org\/fr\/nous-commencons-lannee-scolaire-dans-lesprit-du-bicentenaire\/","og_locale":"fr_FR","og_type":"article","og_title":"Nous commen\u00e7ons l'ann\u00e9e scolaire dans l'esprit du Bicentenaire - Carmelitas de la Caridad Vedruna","og_description":"L'\u00e9cole El Carmelo de Cagua a commenc\u00e9 l'ann\u00e9e scolaire avec comme th\u00e8me central le bicentenaire de la Congr\u00e9gation carm\u00e9litaine de la Charit\u00e9 carm\u00e9litaine de Vedruna, bas\u00e9 sur la synodalit\u00e9.","og_url":"https:\/\/vedruna.org\/fr\/nous-commencons-lannee-scolaire-dans-lesprit-du-bicentenaire\/","og_site_name":"Carmelitas de la Caridad Vedruna","article_published_time":"2025-09-19T08:39:11+00:00","article_modified_time":"2025-10-06T12:07:43+00:00","og_image":[{"width":1080,"height":810,"url":"https:\/\/vedruna.org\/wp-content\/uploads\/2025\/09\/IMG-20250918-WA0031.jpg","type":"image\/jpeg"}],"author":"Comunicaci\u00f3n Vedrunam\u00e9rica","twitter_card":"summary_large_image","twitter_misc":{"\u00c9crit par":"Comunicaci\u00f3n Vedrunam\u00e9rica","Dur\u00e9e de lecture estim\u00e9e":"1 minute"},"schema":{"@context":"https:\/\/schema.org","@graph":[{"@type":"Article","@id":"https:\/\/vedruna.org\/fr\/nous-commencons-lannee-scolaire-dans-lesprit-du-bicentenaire\/#article","isPartOf":{"@id":"https:\/\/vedruna.org\/fr\/nous-commencons-lannee-scolaire-dans-lesprit-du-bicentenaire\/"},"author":{"name":"Comunicaci\u00f3n Vedrunam\u00e9rica","@id":"https:\/\/vedruna.org\/fr\/#\/schema\/person\/cf468646189533fb6a3aae475663fdc7"},"headline":"Nous commen\u00e7ons l&rsquo;ann\u00e9e scolaire dans l&rsquo;esprit du Bicentenaire","datePublished":"2025-09-19T08:39:11+00:00","dateModified":"2025-10-06T12:07:43+00:00","mainEntityOfPage":{"@id":"https:\/\/vedruna.org\/fr\/nous-commencons-lannee-scolaire-dans-lesprit-du-bicentenaire\/"},"wordCount":245,"publisher":{"@id":"https:\/\/vedruna.org\/fr\/#organization"},"image":{"@id":"https:\/\/vedruna.org\/fr\/nous-commencons-lannee-scolaire-dans-lesprit-du-bicentenaire\/#primaryimage"},"thumbnailUrl":"https:\/\/vedruna.org\/wp-content\/uploads\/2025\/09\/IMG-20250918-WA0031.jpg","keywords":["\u00c9ducation"],"articleSection":["Bicentenaire Vedruna","Maracay","Vedrunamerica","Venezuela"],"inLanguage":"fr-FR"},{"@type":"WebPage","@id":"https:\/\/vedruna.org\/fr\/nous-commencons-lannee-scolaire-dans-lesprit-du-bicentenaire\/","url":"https:\/\/vedruna.org\/fr\/nous-commencons-lannee-scolaire-dans-lesprit-du-bicentenaire\/","name":"Nous commen\u00e7ons l'ann\u00e9e scolaire dans l'esprit du Bicentenaire - Carmelitas de la Caridad Vedruna","isPartOf":{"@id":"https:\/\/vedruna.org\/fr\/#website"},"primaryImageOfPage":{"@id":"https:\/\/vedruna.org\/fr\/nous-commencons-lannee-scolaire-dans-lesprit-du-bicentenaire\/#primaryimage"},"image":{"@id":"https:\/\/vedruna.org\/fr\/nous-commencons-lannee-scolaire-dans-lesprit-du-bicentenaire\/#primaryimage"},"thumbnailUrl":"https:\/\/vedruna.org\/wp-content\/uploads\/2025\/09\/IMG-20250918-WA0031.jpg","datePublished":"2025-09-19T08:39:11+00:00","dateModified":"2025-10-06T12:07:43+00:00","description":"L'\u00e9cole El Carmelo de Cagua a commenc\u00e9 l'ann\u00e9e scolaire avec comme th\u00e8me central le bicentenaire de la Congr\u00e9gation carm\u00e9litaine de la Charit\u00e9 carm\u00e9litaine de Vedruna, bas\u00e9 sur la synodalit\u00e9.","breadcrumb":{"@id":"https:\/\/vedruna.org\/fr\/nous-commencons-lannee-scolaire-dans-lesprit-du-bicentenaire\/#breadcrumb"},"inLanguage":"fr-FR","potentialAction":[{"@type":"ReadAction","target":["https:\/\/vedruna.org\/fr\/nous-commencons-lannee-scolaire-dans-lesprit-du-bicentenaire\/"]}]},{"@type":"ImageObject","inLanguage":"fr-FR","@id":"https:\/\/vedruna.org\/fr\/nous-commencons-lannee-scolaire-dans-lesprit-du-bicentenaire\/#primaryimage","url":"https:\/\/vedruna.org\/wp-content\/uploads\/2025\/09\/IMG-20250918-WA0031.jpg","contentUrl":"https:\/\/vedruna.org\/wp-content\/uploads\/2025\/09\/IMG-20250918-WA0031.jpg","width":1080,"height":810},{"@type":"BreadcrumbList","@id":"https:\/\/vedruna.org\/fr\/nous-commencons-lannee-scolaire-dans-lesprit-du-bicentenaire\/#breadcrumb","itemListElement":[{"@type":"ListItem","position":1,"name":"Portada","item":"https:\/\/vedruna.org\/fr\/"},{"@type":"ListItem","position":2,"name":"Nous commen\u00e7ons l&rsquo;ann\u00e9e scolaire dans l&rsquo;esprit du Bicentenaire"}]},{"@type":"WebSite","@id":"https:\/\/vedruna.org\/fr\/#website","url":"https:\/\/vedruna.org\/fr\/","name":"Carmelitas de la Caridad Vedruna","description":"Carmelitas de la caridad","publisher":{"@id":"https:\/\/vedruna.org\/fr\/#organization"},"potentialAction":[{"@type":"SearchAction","target":{"@type":"EntryPoint","urlTemplate":"https:\/\/vedruna.org\/fr\/?s={search_term_string}"},"query-input":{"@type":"PropertyValueSpecification","valueRequired":true,"valueName":"search_term_string"}}],"inLanguage":"fr-FR"},{"@type":"Organization","@id":"https:\/\/vedruna.org\/fr\/#organization","name":"Carmelitas de la caridad Vedruna","url":"https:\/\/vedruna.org\/fr\/","logo":{"@type":"ImageObject","inLanguage":"fr-FR","@id":"https:\/\/vedruna.org\/fr\/#\/schema\/logo\/image\/","url":"https:\/\/vedruna.org\/wp-content\/uploads\/2022\/04\/LOGO-VEDRUNA-HORIZONTAL.png","contentUrl":"https:\/\/vedruna.org\/wp-content\/uploads\/2022\/04\/LOGO-VEDRUNA-HORIZONTAL.png","width":1200,"height":463,"caption":"Carmelitas de la caridad Vedruna"},"image":{"@id":"https:\/\/vedruna.org\/fr\/#\/schema\/logo\/image\/"}},{"@type":"Person","@id":"https:\/\/vedruna.org\/fr\/#\/schema\/person\/cf468646189533fb6a3aae475663fdc7","name":"Comunicaci\u00f3n Vedrunam\u00e9rica","image":{"@type":"ImageObject","inLanguage":"fr-FR","@id":"https:\/\/secure.gravatar.com\/avatar\/b4eff91ff87ece2131a5d31270e1df0a7eeaffece756ce6503fd7dce879d1bfc?s=96&d=mm&r=g","url":"https:\/\/secure.gravatar.com\/avatar\/b4eff91ff87ece2131a5d31270e1df0a7eeaffece756ce6503fd7dce879d1bfc?s=96&d=mm&r=g","contentUrl":"https:\/\/secure.gravatar.com\/avatar\/b4eff91ff87ece2131a5d31270e1df0a7eeaffece756ce6503fd7dce879d1bfc?s=96&d=mm&r=g","caption":"Comunicaci\u00f3n Vedrunam\u00e9rica"},"url":"https:\/\/vedruna.org\/fr\/author\/comunicacion-vedrunamerica\/"}]}},"_links":{"self":[{"href":"https:\/\/vedruna.org\/fr\/wp-json\/wp\/v2\/posts\/28465","targetHints":{"allow":["GET"]}}],"collection":[{"href":"https:\/\/vedruna.org\/fr\/wp-json\/wp\/v2\/posts"}],"about":[{"href":"https:\/\/vedruna.org\/fr\/wp-json\/wp\/v2\/types\/post"}],"author":[{"embeddable":true,"href":"https:\/\/vedruna.org\/fr\/wp-json\/wp\/v2\/users\/4"}],"replies":[{"embeddable":true,"href":"https:\/\/vedruna.org\/fr\/wp-json\/wp\/v2\/comments?post=28465"}],"version-history":[{"count":1,"href":"https:\/\/vedruna.org\/fr\/wp-json\/wp\/v2\/posts\/28465\/revisions"}],"predecessor-version":[{"id":28469,"href":"https:\/\/vedruna.org\/fr\/wp-json\/wp\/v2\/posts\/28465\/revisions\/28469"}],"wp:featuredmedia":[{"embeddable":true,"href":"https:\/\/vedruna.org\/fr\/wp-json\/wp\/v2\/media\/28466"}],"wp:attachment":[{"href":"https:\/\/vedruna.org\/fr\/wp-json\/wp\/v2\/media?parent=28465"}],"wp:term":[{"taxonomy":"category","embeddable":true,"href":"https:\/\/vedruna.org\/fr\/wp-json\/wp\/v2\/categories?post=28465"},{"taxonomy":"post_tag","embeddable":true,"href":"https:\/\/vedruna.org\/fr\/wp-json\/wp\/v2\/tags?post=28465"}],"curies":[{"name":"wp","href":"https:\/\/api.w.org\/{rel}","templated":true}]}}