{"id":29305,"date":"2025-10-02T15:13:20","date_gmt":"2025-10-02T13:13:20","guid":{"rendered":"https:\/\/vedruna.org\/marche-vers-le-bicentenaire-montee-au-belvedere-de-la-casinha\/"},"modified":"2025-12-12T14:13:37","modified_gmt":"2025-12-12T13:13:37","slug":"marche-vers-le-bicentenaire-montee-au-belvedere-de-la-casinha","status":"publish","type":"post","link":"https:\/\/vedruna.org\/fr\/marche-vers-le-bicentenaire-montee-au-belvedere-de-la-casinha\/","title":{"rendered":"Marche vers le bicentenaire : mont\u00e9e au belv\u00e9d\u00e8re de la Casinha"},"content":{"rendered":"\n<blockquote class=\"wp-block-quote is-layout-flow wp-block-quote-is-layout-flow\">\n<p class=\"has-medium-font-size\"><strong>\u00ab\u00a0Nous, les jeunes, avec Joaquina, nous marchons avec espoir et pour la vie de la jeunesse !<\/strong> \u00a0\u00bb \ud83c\udf3f\u2728\u2728.<\/p>\n<\/blockquote>\n\n<p>Le matin du dimanche 28 septembre, les jeunes de la Pastorale des Jeunes, de Confirmandi, du Cat\u00e9chum\u00e9nat et de Vedruna Youth ont particip\u00e9 \u00e0 une marche vers le belv\u00e9d\u00e8re de Casinha, dans la ville de Salgueiro, au c\u0153ur du Sert\u00e3o Central de Pernambuco &#8211; Br\u00e9sil. L&rsquo;activit\u00e9 faisait partie du <strong>\u00ab\u00a0Septembre jaune\u00a0\u00bb, un<\/strong> mois d\u00e9di\u00e9 \u00e0 la valorisation de la vie et, d&rsquo;une mani\u00e8re sp\u00e9ciale, \u00e0 la prise en charge de la jeunesse. <\/p>\n\n<figure class=\"wp-block-image alignright size-large is-resized\"><img loading=\"lazy\" decoding=\"async\" width=\"1024\" height=\"768\" src=\"https:\/\/vedruna.org\/wp-content\/uploads\/2025\/10\/texto-1-1024x768.jpg\" alt=\"\" class=\"wp-image-29277\" style=\"width:386px;height:auto\" srcset=\"https:\/\/vedruna.org\/wp-content\/uploads\/2025\/10\/texto-1-980x735.jpg 980w, https:\/\/vedruna.org\/wp-content\/uploads\/2025\/10\/texto-1-480x360.jpg 480w\" sizes=\"(min-width: 0px) and (max-width: 480px) 480px, (min-width: 481px) and (max-width: 980px) 980px, (min-width: 981px) 1024px, 100vw\" \/><\/figure>\n\n<p>Salgueiro, avec ses 62 000 habitants, est connu comme le \u00ab\u00a0carrefour du nord-est\u00a0\u00bb, car il est le point de rencontre d&rsquo;importantes routes qui relient plusieurs r\u00e9gions. Terre de riche tradition culturelle et religieuse, elle garde aussi le souvenir de la pr\u00e9sence des s\u0153urs de Vedruna, qui ont laiss\u00e9 des traces de foi, de service et d&rsquo;engagement aupr\u00e8s des familles et des jeunes de la r\u00e9gion. <\/p>\n\n<p>Au cours de la visite, les jeunes ont pri\u00e9 le Saint Rosaire en r\u00e9fl\u00e9chissant \u00e0 la pr\u00e9vention du suicide et \u00e0 la promotion de la vie. Dans chaque myst\u00e8re, ils ont invoqu\u00e9 l&rsquo;intercession de <strong>sainte Joaquina de Vedruna<\/strong>, rappelant sa confiance dans les jeunes, sa capacit\u00e9 \u00e0 inspirer le courage et son exemple d&rsquo;espoir et de g\u00e9n\u00e9rosit\u00e9. <\/p>\n\n<p>Plus qu&rsquo;un geste symbolique, la marche est devenue un <strong>moment de spiritualit\u00e9, de m\u00e9moire et d&rsquo;engagement<\/strong>. Inspir\u00e9s par le t\u00e9moignage de Joaquina, les participants ont \u00e9t\u00e9 invit\u00e9s \u00e0 regarder leur propre vie avec plus de confiance, \u00e0 cultiver la foi et \u00e0 garder l&rsquo;espoir m\u00eame au milieu des difficult\u00e9s. <\/p>\n\n<p>La mont\u00e9e au mirador de la Casinha est ainsi devenue un signe visible que les jeunes de Salgueiro veulent \u00eatre une <strong>semence de vie, d&rsquo;union et de solidarit\u00e9<\/strong>. \u00c0 chaque pas, ils ont renouvel\u00e9 la certitude que la foi partag\u00e9e en communaut\u00e9 fortifie les c\u0153urs et ouvre de nouveaux horizons. <\/p>\n\n<p class=\"has-text-align-right\"><strong>Alvaro Danilo, Vedruna Layman<\/strong><\/p>\n<div class=\"pgc-sgb-cb wp-block-pgcsimplygalleryblock-justified \" data-gallery-id=\"68752695\"><div class=\"sgb-preloader\" id=\"pr_68752695\">\n\t<div class=\"sgb-square\" style=\"background:#d4d4d4\"><\/div>\n\t<div class=\"sgb-square\" style=\"background:#d4d4d4\"><\/div>\n\t<div class=\"sgb-square\" style=\"background:#d4d4d4\"><\/div>\n\t<div class=\"sgb-square\" style=\"background:#d4d4d4\"><\/div><\/div><div class=\"simply-gallery-amp pgc_sgb_slider \"><noscript><div class=\"sgb-gallery\"><div class=\"sgb-item\"><a href=\"https:\/\/vedruna.org\/?attachment_id=29278\" target=\"_blank\"><img decoding=\"async\" alt=\"\" width=\"300\" height=\"225\" loading=\"lazy\" src=\"https:\/\/vedruna.org\/wp-content\/uploads\/2025\/10\/1-1-300x225.jpg\" srcset=\"https:\/\/vedruna.org\/wp-content\/uploads\/2025\/10\/1-1-300x225.jpg 300w,https:\/\/vedruna.org\/wp-content\/uploads\/2025\/10\/1-1-1024x768.jpg 1024w,https:\/\/vedruna.org\/wp-content\/uploads\/2025\/10\/1-1.jpg 1280w\" sizes=\"250px\"\/><\/a><\/div><div class=\"sgb-item\"><a href=\"https:\/\/vedruna.org\/?attachment_id=29279\" target=\"_blank\"><img decoding=\"async\" alt=\"\" width=\"300\" height=\"225\" loading=\"lazy\" src=\"https:\/\/vedruna.org\/wp-content\/uploads\/2025\/10\/1-2-300x225.jpg\" srcset=\"https:\/\/vedruna.org\/wp-content\/uploads\/2025\/10\/1-2-300x225.jpg 300w,https:\/\/vedruna.org\/wp-content\/uploads\/2025\/10\/1-2-1024x768.jpg 1024w,https:\/\/vedruna.org\/wp-content\/uploads\/2025\/10\/1-2.jpg 1280w\" sizes=\"250px\"\/><\/a><\/div><div class=\"sgb-item\"><a href=\"https:\/\/vedruna.org\/?attachment_id=29280\" target=\"_blank\"><img decoding=\"async\" alt=\"\" width=\"300\" height=\"225\" loading=\"lazy\" src=\"https:\/\/vedruna.org\/wp-content\/uploads\/2025\/10\/1-3-300x225.jpg\" srcset=\"https:\/\/vedruna.org\/wp-content\/uploads\/2025\/10\/1-3-300x225.jpg 300w,https:\/\/vedruna.org\/wp-content\/uploads\/2025\/10\/1-3-1024x767.jpg 1024w,https:\/\/vedruna.org\/wp-content\/uploads\/2025\/10\/1-3.jpg 1280w\" sizes=\"250px\"\/><\/a><\/div><div class=\"sgb-item\"><a href=\"https:\/\/vedruna.org\/?attachment_id=29281\" target=\"_blank\"><img decoding=\"async\" alt=\"\" width=\"300\" height=\"225\" loading=\"lazy\" src=\"https:\/\/vedruna.org\/wp-content\/uploads\/2025\/10\/1-4-300x225.jpg\" srcset=\"https:\/\/vedruna.org\/wp-content\/uploads\/2025\/10\/1-4-300x225.jpg 300w,https:\/\/vedruna.org\/wp-content\/uploads\/2025\/10\/1-4-1024x768.jpg 1024w,https:\/\/vedruna.org\/wp-content\/uploads\/2025\/10\/1-4.jpg 1280w\" sizes=\"250px\"\/><\/a><\/div><div class=\"sgb-item\"><a href=\"https:\/\/vedruna.org\/?attachment_id=29282\" target=\"_blank\"><img decoding=\"async\" alt=\"\" width=\"225\" height=\"300\" loading=\"lazy\" src=\"https:\/\/vedruna.org\/wp-content\/uploads\/2025\/10\/1-5-225x300.jpg\" srcset=\"https:\/\/vedruna.org\/wp-content\/uploads\/2025\/10\/1-5-225x300.jpg 225w,https:\/\/vedruna.org\/wp-content\/uploads\/2025\/10\/1-5-768x1024.jpg 768w,https:\/\/vedruna.org\/wp-content\/uploads\/2025\/10\/1-5.jpg 960w\" sizes=\"250px\"\/><\/a><\/div><div class=\"sgb-item\"><a href=\"https:\/\/vedruna.org\/?attachment_id=29283\" target=\"_blank\"><img decoding=\"async\" alt=\"\" width=\"225\" height=\"300\" loading=\"lazy\" src=\"https:\/\/vedruna.org\/wp-content\/uploads\/2025\/10\/1-6-225x300.jpg\" srcset=\"https:\/\/vedruna.org\/wp-content\/uploads\/2025\/10\/1-6-225x300.jpg 225w,https:\/\/vedruna.org\/wp-content\/uploads\/2025\/10\/1-6-768x1024.jpg 768w,https:\/\/vedruna.org\/wp-content\/uploads\/2025\/10\/1-6.jpg 960w\" sizes=\"250px\"\/><\/a><\/div><\/div><\/noscript><\/div><script type=\"application\/json\" class=\"sgb-data\">{\"lastRowFill\":true,\"collectionThumbMiniScreenScale\":true,\"externalLink\":false,\"captions\":false,\"collectionThumbSubMenuDownload\":false,\"collectionThumbSubMenuShare\":false,\"galleryType\":\"pgc_sgb_justified\",\"galleryId\":\"68752695\",\"images\":[{\"id\":29278,\"title\":\"1 (1)\",\"url\":\"https:\/\/vedruna.org\/wp-content\/uploads\/2025\/10\/1-1.jpg\",\"link\":\"https:\/\/vedruna.org\/?attachment_id=29278\",\"alt\":\"\",\"description\":\"\",\"caption\":\"\",\"mime\":\"image\/jpeg\",\"type\":\"image\",\"width\":1280,\"height\":960,\"sizes\":{\"thumbnail\":{\"height\":150,\"width\":150,\"url\":\"https:\/\/vedruna.org\/wp-content\/uploads\/2025\/10\/1-1-150x150.jpg\",\"orientation\":\"landscape\"},\"medium\":{\"height\":225,\"width\":300,\"url\":\"https:\/\/vedruna.org\/wp-content\/uploads\/2025\/10\/1-1-300x225.jpg\",\"orientation\":\"landscape\"},\"large\":{\"height\":768,\"width\":1024,\"url\":\"https:\/\/vedruna.org\/wp-content\/uploads\/2025\/10\/1-1-1024x768.jpg\",\"orientation\":\"landscape\"},\"full\":{\"url\":\"https:\/\/vedruna.org\/wp-content\/uploads\/2025\/10\/1-1.jpg\",\"height\":960,\"width\":1280,\"orientation\":\"landscape\"}},\"imageMeta\":{\"aperture\":\"0\",\"credit\":\"\",\"camera\":\"\",\"caption\":\"\",\"created_timestamp\":\"0\",\"copyright\":\"\",\"focal_length\":\"0\",\"iso\":\"0\",\"shutter_speed\":\"0\",\"title\":\"\",\"orientation\":\"0\",\"keywords\":[]},\"meta\":false,\"postlink\":\"https:\/\/vedruna.org\/?attachment_id=29278\"},{\"id\":29279,\"title\":\"1 (2)\",\"url\":\"https:\/\/vedruna.org\/wp-content\/uploads\/2025\/10\/1-2.jpg\",\"link\":\"https:\/\/vedruna.org\/?attachment_id=29279\",\"alt\":\"\",\"description\":\"\",\"caption\":\"\",\"mime\":\"image\/jpeg\",\"type\":\"image\",\"width\":1280,\"height\":960,\"sizes\":{\"thumbnail\":{\"height\":150,\"width\":150,\"url\":\"https:\/\/vedruna.org\/wp-content\/uploads\/2025\/10\/1-2-150x150.jpg\",\"orientation\":\"landscape\"},\"medium\":{\"height\":225,\"width\":300,\"url\":\"https:\/\/vedruna.org\/wp-content\/uploads\/2025\/10\/1-2-300x225.jpg\",\"orientation\":\"landscape\"},\"large\":{\"height\":768,\"width\":1024,\"url\":\"https:\/\/vedruna.org\/wp-content\/uploads\/2025\/10\/1-2-1024x768.jpg\",\"orientation\":\"landscape\"},\"full\":{\"url\":\"https:\/\/vedruna.org\/wp-content\/uploads\/2025\/10\/1-2.jpg\",\"height\":960,\"width\":1280,\"orientation\":\"landscape\"}},\"imageMeta\":{\"aperture\":\"0\",\"credit\":\"\",\"camera\":\"\",\"caption\":\"\",\"created_timestamp\":\"0\",\"copyright\":\"\",\"focal_length\":\"0\",\"iso\":\"0\",\"shutter_speed\":\"0\",\"title\":\"\",\"orientation\":\"0\",\"keywords\":[]},\"meta\":false,\"postlink\":\"https:\/\/vedruna.org\/?attachment_id=29279\"},{\"id\":29280,\"title\":\"1 (3)\",\"url\":\"https:\/\/vedruna.org\/wp-content\/uploads\/2025\/10\/1-3.jpg\",\"link\":\"https:\/\/vedruna.org\/?attachment_id=29280\",\"alt\":\"\",\"description\":\"\",\"caption\":\"\",\"mime\":\"image\/jpeg\",\"type\":\"image\",\"width\":1280,\"height\":959,\"sizes\":{\"thumbnail\":{\"height\":150,\"width\":150,\"url\":\"https:\/\/vedruna.org\/wp-content\/uploads\/2025\/10\/1-3-150x150.jpg\",\"orientation\":\"landscape\"},\"medium\":{\"height\":225,\"width\":300,\"url\":\"https:\/\/vedruna.org\/wp-content\/uploads\/2025\/10\/1-3-300x225.jpg\",\"orientation\":\"landscape\"},\"large\":{\"height\":767,\"width\":1024,\"url\":\"https:\/\/vedruna.org\/wp-content\/uploads\/2025\/10\/1-3-1024x767.jpg\",\"orientation\":\"landscape\"},\"full\":{\"url\":\"https:\/\/vedruna.org\/wp-content\/uploads\/2025\/10\/1-3.jpg\",\"height\":959,\"width\":1280,\"orientation\":\"landscape\"}},\"imageMeta\":{\"aperture\":\"0\",\"credit\":\"\",\"camera\":\"\",\"caption\":\"\",\"created_timestamp\":\"0\",\"copyright\":\"\",\"focal_length\":\"0\",\"iso\":\"0\",\"shutter_speed\":\"0\",\"title\":\"\",\"orientation\":\"0\",\"keywords\":[]},\"meta\":false,\"postlink\":\"https:\/\/vedruna.org\/?attachment_id=29280\"},{\"id\":29281,\"title\":\"1 (4)\",\"url\":\"https:\/\/vedruna.org\/wp-content\/uploads\/2025\/10\/1-4.jpg\",\"link\":\"https:\/\/vedruna.org\/?attachment_id=29281\",\"alt\":\"\",\"description\":\"\",\"caption\":\"\",\"mime\":\"image\/jpeg\",\"type\":\"image\",\"width\":1280,\"height\":960,\"sizes\":{\"thumbnail\":{\"height\":150,\"width\":150,\"url\":\"https:\/\/vedruna.org\/wp-content\/uploads\/2025\/10\/1-4-150x150.jpg\",\"orientation\":\"landscape\"},\"medium\":{\"height\":225,\"width\":300,\"url\":\"https:\/\/vedruna.org\/wp-content\/uploads\/2025\/10\/1-4-300x225.jpg\",\"orientation\":\"landscape\"},\"large\":{\"height\":768,\"width\":1024,\"url\":\"https:\/\/vedruna.org\/wp-content\/uploads\/2025\/10\/1-4-1024x768.jpg\",\"orientation\":\"landscape\"},\"full\":{\"url\":\"https:\/\/vedruna.org\/wp-content\/uploads\/2025\/10\/1-4.jpg\",\"height\":960,\"width\":1280,\"orientation\":\"landscape\"}},\"imageMeta\":{\"aperture\":\"0\",\"credit\":\"\",\"camera\":\"\",\"caption\":\"\",\"created_timestamp\":\"0\",\"copyright\":\"\",\"focal_length\":\"0\",\"iso\":\"0\",\"shutter_speed\":\"0\",\"title\":\"\",\"orientation\":\"0\",\"keywords\":[]},\"meta\":false,\"postlink\":\"https:\/\/vedruna.org\/?attachment_id=29281\"},{\"id\":29282,\"title\":\"1 (5)\",\"url\":\"https:\/\/vedruna.org\/wp-content\/uploads\/2025\/10\/1-5.jpg\",\"link\":\"https:\/\/vedruna.org\/?attachment_id=29282\",\"alt\":\"\",\"description\":\"\",\"caption\":\"\",\"mime\":\"image\/jpeg\",\"type\":\"image\",\"width\":960,\"height\":1280,\"sizes\":{\"thumbnail\":{\"height\":150,\"width\":150,\"url\":\"https:\/\/vedruna.org\/wp-content\/uploads\/2025\/10\/1-5-150x150.jpg\",\"orientation\":\"landscape\"},\"medium\":{\"height\":300,\"width\":225,\"url\":\"https:\/\/vedruna.org\/wp-content\/uploads\/2025\/10\/1-5-225x300.jpg\",\"orientation\":\"portrait\"},\"large\":{\"height\":1024,\"width\":768,\"url\":\"https:\/\/vedruna.org\/wp-content\/uploads\/2025\/10\/1-5-768x1024.jpg\",\"orientation\":\"portrait\"},\"full\":{\"url\":\"https:\/\/vedruna.org\/wp-content\/uploads\/2025\/10\/1-5.jpg\",\"height\":1280,\"width\":960,\"orientation\":\"portrait\"}},\"imageMeta\":{\"aperture\":\"0\",\"credit\":\"\",\"camera\":\"\",\"caption\":\"\",\"created_timestamp\":\"0\",\"copyright\":\"\",\"focal_length\":\"0\",\"iso\":\"0\",\"shutter_speed\":\"0\",\"title\":\"\",\"orientation\":\"0\",\"keywords\":[]},\"meta\":false,\"postlink\":\"https:\/\/vedruna.org\/?attachment_id=29282\"},{\"id\":29283,\"title\":\"1 (6)\",\"url\":\"https:\/\/vedruna.org\/wp-content\/uploads\/2025\/10\/1-6.jpg\",\"link\":\"https:\/\/vedruna.org\/?attachment_id=29283\",\"alt\":\"\",\"description\":\"\",\"caption\":\"\",\"mime\":\"image\/jpeg\",\"type\":\"image\",\"width\":960,\"height\":1280,\"sizes\":{\"thumbnail\":{\"height\":150,\"width\":150,\"url\":\"https:\/\/vedruna.org\/wp-content\/uploads\/2025\/10\/1-6-150x150.jpg\",\"orientation\":\"landscape\"},\"medium\":{\"height\":300,\"width\":225,\"url\":\"https:\/\/vedruna.org\/wp-content\/uploads\/2025\/10\/1-6-225x300.jpg\",\"orientation\":\"portrait\"},\"large\":{\"height\":1024,\"width\":768,\"url\":\"https:\/\/vedruna.org\/wp-content\/uploads\/2025\/10\/1-6-768x1024.jpg\",\"orientation\":\"portrait\"},\"full\":{\"url\":\"https:\/\/vedruna.org\/wp-content\/uploads\/2025\/10\/1-6.jpg\",\"height\":1280,\"width\":960,\"orientation\":\"portrait\"}},\"imageMeta\":{\"aperture\":\"0\",\"credit\":\"\",\"camera\":\"\",\"caption\":\"\",\"created_timestamp\":\"0\",\"copyright\":\"\",\"focal_length\":\"0\",\"iso\":\"0\",\"shutter_speed\":\"0\",\"title\":\"\",\"orientation\":\"0\",\"keywords\":[]},\"meta\":false,\"postlink\":\"https:\/\/vedruna.org\/?attachment_id=29283\"}],\"translatedWithWPMLTM\":\"1\",\"itemsMetaDataCollection\":[]}<\/script><script>(function(){if(window.PGC_SGB && window.PGC_SGB.searcher){window.PGC_SGB.searcher.initBlocks()}})()<\/script><\/div>","protected":false},"excerpt":{"rendered":"<p>\u00ab\u00a0Nous, les jeunes, avec Joaquina, nous marchons avec espoir et pour la vie de la jeunesse ! \u00a0\u00bb \ud83c\udf3f\u2728\u2728. Le matin du dimanche 28 septembre, les jeunes de la Pastorale des Jeunes, de Confirmandi, du Cat\u00e9chum\u00e9nat et de Vedruna Youth ont particip\u00e9 \u00e0 une marche vers le belv\u00e9d\u00e8re de Casinha, dans la ville de Salgueiro, [&hellip;]<\/p>\n","protected":false},"author":4,"featured_media":29307,"comment_status":"closed","ping_status":"closed","sticky":false,"template":"","format":"standard","meta":{"_et_pb_use_builder":"","_et_pb_old_content":"","_et_gb_content_width":"","pgc_sgb_lightbox_settings":"","footnotes":""},"categories":[449,145,503,81,146],"tags":[470],"class_list":["post-29305","post","type-post","status-publish","format-standard","has-post-thumbnail","hentry","category-bicentenaire-vedruna","category-bresil","category-les-jeunes","category-non-classifiee","category-vedrunamerica-fr","tag-les-jeunes"],"yoast_head":"<!-- This site is optimized with the Yoast SEO plugin v27.5 - https:\/\/yoast.com\/product\/yoast-seo-wordpress\/ -->\n<title>Marche vers le bicentenaire : mont\u00e9e au belv\u00e9d\u00e8re de la Casinha - Carmelitas de la Caridad Vedruna<\/title>\n<meta name=\"description\" content=\"Le dimanche 28 septembre au matin, des jeunes de la Pastorale des jeunes, de Confirmandi, du Cat\u00e9chum\u00e9nat et de Vedruna Youth ont particip\u00e9 \u00e0 une marche vers le belv\u00e9d\u00e8re de la Casinha.\" \/>\n<meta name=\"robots\" content=\"index, follow, max-snippet:-1, max-image-preview:large, max-video-preview:-1\" \/>\n<link rel=\"canonical\" href=\"https:\/\/vedruna.org\/fr\/marche-vers-le-bicentenaire-montee-au-belvedere-de-la-casinha\/\" \/>\n<meta property=\"og:locale\" content=\"fr_FR\" \/>\n<meta property=\"og:type\" content=\"article\" \/>\n<meta property=\"og:title\" content=\"Marche vers le bicentenaire : mont\u00e9e au belv\u00e9d\u00e8re de la Casinha - Carmelitas de la Caridad Vedruna\" \/>\n<meta property=\"og:description\" content=\"Le dimanche 28 septembre au matin, des jeunes de la Pastorale des jeunes, de Confirmandi, du Cat\u00e9chum\u00e9nat et de Vedruna Youth ont particip\u00e9 \u00e0 une marche vers le belv\u00e9d\u00e8re de la Casinha.\" \/>\n<meta property=\"og:url\" content=\"https:\/\/vedruna.org\/fr\/marche-vers-le-bicentenaire-montee-au-belvedere-de-la-casinha\/\" \/>\n<meta property=\"og:site_name\" content=\"Carmelitas de la Caridad Vedruna\" \/>\n<meta property=\"article:published_time\" content=\"2025-10-02T13:13:20+00:00\" \/>\n<meta property=\"article:modified_time\" content=\"2025-12-12T13:13:37+00:00\" \/>\n<meta property=\"og:image\" content=\"https:\/\/vedruna.org\/wp-content\/uploads\/2025\/10\/principal.jpg\" \/>\n\t<meta property=\"og:image:width\" content=\"1280\" \/>\n\t<meta property=\"og:image:height\" content=\"960\" \/>\n\t<meta property=\"og:image:type\" content=\"image\/jpeg\" \/>\n<meta name=\"author\" content=\"Comunicaci\u00f3n Vedrunam\u00e9rica\" \/>\n<meta name=\"twitter:card\" content=\"summary_large_image\" \/>\n<meta name=\"twitter:label1\" content=\"\u00c9crit par\" \/>\n\t<meta name=\"twitter:data1\" content=\"Comunicaci\u00f3n Vedrunam\u00e9rica\" \/>\n\t<meta name=\"twitter:label2\" content=\"Dur\u00e9e de lecture estim\u00e9e\" \/>\n\t<meta name=\"twitter:data2\" content=\"2 minutes\" \/>\n<script type=\"application\/ld+json\" class=\"yoast-schema-graph\">{\"@context\":\"https:\\\/\\\/schema.org\",\"@graph\":[{\"@type\":\"Article\",\"@id\":\"https:\\\/\\\/vedruna.org\\\/fr\\\/marche-vers-le-bicentenaire-montee-au-belvedere-de-la-casinha\\\/#article\",\"isPartOf\":{\"@id\":\"https:\\\/\\\/vedruna.org\\\/fr\\\/marche-vers-le-bicentenaire-montee-au-belvedere-de-la-casinha\\\/\"},\"author\":{\"name\":\"Comunicaci\u00f3n Vedrunam\u00e9rica\",\"@id\":\"https:\\\/\\\/vedruna.org\\\/fr\\\/#\\\/schema\\\/person\\\/cf468646189533fb6a3aae475663fdc7\"},\"headline\":\"Marche vers le bicentenaire : mont\u00e9e au belv\u00e9d\u00e8re de la Casinha\",\"datePublished\":\"2025-10-02T13:13:20+00:00\",\"dateModified\":\"2025-12-12T13:13:37+00:00\",\"mainEntityOfPage\":{\"@id\":\"https:\\\/\\\/vedruna.org\\\/fr\\\/marche-vers-le-bicentenaire-montee-au-belvedere-de-la-casinha\\\/\"},\"wordCount\":353,\"publisher\":{\"@id\":\"https:\\\/\\\/vedruna.org\\\/fr\\\/#organization\"},\"image\":{\"@id\":\"https:\\\/\\\/vedruna.org\\\/fr\\\/marche-vers-le-bicentenaire-montee-au-belvedere-de-la-casinha\\\/#primaryimage\"},\"thumbnailUrl\":\"https:\\\/\\\/vedruna.org\\\/wp-content\\\/uploads\\\/2025\\\/10\\\/principal.jpg\",\"keywords\":[\"Les jeunes\"],\"articleSection\":[\"Bicentenaire Vedruna\",\"Br\u00e9sil\",\"Les jeunes\",\"Non classifi\u00e9(e)\",\"Vedrunamerica\"],\"inLanguage\":\"fr-FR\"},{\"@type\":\"WebPage\",\"@id\":\"https:\\\/\\\/vedruna.org\\\/fr\\\/marche-vers-le-bicentenaire-montee-au-belvedere-de-la-casinha\\\/\",\"url\":\"https:\\\/\\\/vedruna.org\\\/fr\\\/marche-vers-le-bicentenaire-montee-au-belvedere-de-la-casinha\\\/\",\"name\":\"Marche vers le bicentenaire : mont\u00e9e au belv\u00e9d\u00e8re de la Casinha - Carmelitas de la Caridad Vedruna\",\"isPartOf\":{\"@id\":\"https:\\\/\\\/vedruna.org\\\/fr\\\/#website\"},\"primaryImageOfPage\":{\"@id\":\"https:\\\/\\\/vedruna.org\\\/fr\\\/marche-vers-le-bicentenaire-montee-au-belvedere-de-la-casinha\\\/#primaryimage\"},\"image\":{\"@id\":\"https:\\\/\\\/vedruna.org\\\/fr\\\/marche-vers-le-bicentenaire-montee-au-belvedere-de-la-casinha\\\/#primaryimage\"},\"thumbnailUrl\":\"https:\\\/\\\/vedruna.org\\\/wp-content\\\/uploads\\\/2025\\\/10\\\/principal.jpg\",\"datePublished\":\"2025-10-02T13:13:20+00:00\",\"dateModified\":\"2025-12-12T13:13:37+00:00\",\"description\":\"Le dimanche 28 septembre au matin, des jeunes de la Pastorale des jeunes, de Confirmandi, du Cat\u00e9chum\u00e9nat et de Vedruna Youth ont particip\u00e9 \u00e0 une marche vers le belv\u00e9d\u00e8re de la Casinha.\",\"breadcrumb\":{\"@id\":\"https:\\\/\\\/vedruna.org\\\/fr\\\/marche-vers-le-bicentenaire-montee-au-belvedere-de-la-casinha\\\/#breadcrumb\"},\"inLanguage\":\"fr-FR\",\"potentialAction\":[{\"@type\":\"ReadAction\",\"target\":[\"https:\\\/\\\/vedruna.org\\\/fr\\\/marche-vers-le-bicentenaire-montee-au-belvedere-de-la-casinha\\\/\"]}]},{\"@type\":\"ImageObject\",\"inLanguage\":\"fr-FR\",\"@id\":\"https:\\\/\\\/vedruna.org\\\/fr\\\/marche-vers-le-bicentenaire-montee-au-belvedere-de-la-casinha\\\/#primaryimage\",\"url\":\"https:\\\/\\\/vedruna.org\\\/wp-content\\\/uploads\\\/2025\\\/10\\\/principal.jpg\",\"contentUrl\":\"https:\\\/\\\/vedruna.org\\\/wp-content\\\/uploads\\\/2025\\\/10\\\/principal.jpg\",\"width\":1280,\"height\":960},{\"@type\":\"BreadcrumbList\",\"@id\":\"https:\\\/\\\/vedruna.org\\\/fr\\\/marche-vers-le-bicentenaire-montee-au-belvedere-de-la-casinha\\\/#breadcrumb\",\"itemListElement\":[{\"@type\":\"ListItem\",\"position\":1,\"name\":\"Portada\",\"item\":\"https:\\\/\\\/vedruna.org\\\/fr\\\/\"},{\"@type\":\"ListItem\",\"position\":2,\"name\":\"Marche vers le bicentenaire : mont\u00e9e au belv\u00e9d\u00e8re de la Casinha\"}]},{\"@type\":\"WebSite\",\"@id\":\"https:\\\/\\\/vedruna.org\\\/fr\\\/#website\",\"url\":\"https:\\\/\\\/vedruna.org\\\/fr\\\/\",\"name\":\"Carmelitas de la Caridad Vedruna\",\"description\":\"Carmelitas de la caridad\",\"publisher\":{\"@id\":\"https:\\\/\\\/vedruna.org\\\/fr\\\/#organization\"},\"potentialAction\":[{\"@type\":\"SearchAction\",\"target\":{\"@type\":\"EntryPoint\",\"urlTemplate\":\"https:\\\/\\\/vedruna.org\\\/fr\\\/?s={search_term_string}\"},\"query-input\":{\"@type\":\"PropertyValueSpecification\",\"valueRequired\":true,\"valueName\":\"search_term_string\"}}],\"inLanguage\":\"fr-FR\"},{\"@type\":\"Organization\",\"@id\":\"https:\\\/\\\/vedruna.org\\\/fr\\\/#organization\",\"name\":\"Carmelitas de la caridad Vedruna\",\"url\":\"https:\\\/\\\/vedruna.org\\\/fr\\\/\",\"logo\":{\"@type\":\"ImageObject\",\"inLanguage\":\"fr-FR\",\"@id\":\"https:\\\/\\\/vedruna.org\\\/fr\\\/#\\\/schema\\\/logo\\\/image\\\/\",\"url\":\"https:\\\/\\\/vedruna.org\\\/wp-content\\\/uploads\\\/2022\\\/04\\\/LOGO-VEDRUNA-HORIZONTAL.png\",\"contentUrl\":\"https:\\\/\\\/vedruna.org\\\/wp-content\\\/uploads\\\/2022\\\/04\\\/LOGO-VEDRUNA-HORIZONTAL.png\",\"width\":1200,\"height\":463,\"caption\":\"Carmelitas de la caridad Vedruna\"},\"image\":{\"@id\":\"https:\\\/\\\/vedruna.org\\\/fr\\\/#\\\/schema\\\/logo\\\/image\\\/\"}},{\"@type\":\"Person\",\"@id\":\"https:\\\/\\\/vedruna.org\\\/fr\\\/#\\\/schema\\\/person\\\/cf468646189533fb6a3aae475663fdc7\",\"name\":\"Comunicaci\u00f3n Vedrunam\u00e9rica\",\"image\":{\"@type\":\"ImageObject\",\"inLanguage\":\"fr-FR\",\"@id\":\"https:\\\/\\\/secure.gravatar.com\\\/avatar\\\/b4eff91ff87ece2131a5d31270e1df0a7eeaffece756ce6503fd7dce879d1bfc?s=96&d=mm&r=g\",\"url\":\"https:\\\/\\\/secure.gravatar.com\\\/avatar\\\/b4eff91ff87ece2131a5d31270e1df0a7eeaffece756ce6503fd7dce879d1bfc?s=96&d=mm&r=g\",\"contentUrl\":\"https:\\\/\\\/secure.gravatar.com\\\/avatar\\\/b4eff91ff87ece2131a5d31270e1df0a7eeaffece756ce6503fd7dce879d1bfc?s=96&d=mm&r=g\",\"caption\":\"Comunicaci\u00f3n Vedrunam\u00e9rica\"},\"url\":\"https:\\\/\\\/vedruna.org\\\/fr\\\/author\\\/comunicacion-vedrunamerica\\\/\"}]}<\/script>\n<!-- \/ Yoast SEO plugin. -->","yoast_head_json":{"title":"Marche vers le bicentenaire : mont\u00e9e au belv\u00e9d\u00e8re de la Casinha - Carmelitas de la Caridad Vedruna","description":"Le dimanche 28 septembre au matin, des jeunes de la Pastorale des jeunes, de Confirmandi, du Cat\u00e9chum\u00e9nat et de Vedruna Youth ont particip\u00e9 \u00e0 une marche vers le belv\u00e9d\u00e8re de la Casinha.","robots":{"index":"index","follow":"follow","max-snippet":"max-snippet:-1","max-image-preview":"max-image-preview:large","max-video-preview":"max-video-preview:-1"},"canonical":"https:\/\/vedruna.org\/fr\/marche-vers-le-bicentenaire-montee-au-belvedere-de-la-casinha\/","og_locale":"fr_FR","og_type":"article","og_title":"Marche vers le bicentenaire : mont\u00e9e au belv\u00e9d\u00e8re de la Casinha - Carmelitas de la Caridad Vedruna","og_description":"Le dimanche 28 septembre au matin, des jeunes de la Pastorale des jeunes, de Confirmandi, du Cat\u00e9chum\u00e9nat et de Vedruna Youth ont particip\u00e9 \u00e0 une marche vers le belv\u00e9d\u00e8re de la Casinha.","og_url":"https:\/\/vedruna.org\/fr\/marche-vers-le-bicentenaire-montee-au-belvedere-de-la-casinha\/","og_site_name":"Carmelitas de la Caridad Vedruna","article_published_time":"2025-10-02T13:13:20+00:00","article_modified_time":"2025-12-12T13:13:37+00:00","og_image":[{"width":1280,"height":960,"url":"https:\/\/vedruna.org\/wp-content\/uploads\/2025\/10\/principal.jpg","type":"image\/jpeg"}],"author":"Comunicaci\u00f3n Vedrunam\u00e9rica","twitter_card":"summary_large_image","twitter_misc":{"\u00c9crit par":"Comunicaci\u00f3n Vedrunam\u00e9rica","Dur\u00e9e de lecture estim\u00e9e":"2 minutes"},"schema":{"@context":"https:\/\/schema.org","@graph":[{"@type":"Article","@id":"https:\/\/vedruna.org\/fr\/marche-vers-le-bicentenaire-montee-au-belvedere-de-la-casinha\/#article","isPartOf":{"@id":"https:\/\/vedruna.org\/fr\/marche-vers-le-bicentenaire-montee-au-belvedere-de-la-casinha\/"},"author":{"name":"Comunicaci\u00f3n Vedrunam\u00e9rica","@id":"https:\/\/vedruna.org\/fr\/#\/schema\/person\/cf468646189533fb6a3aae475663fdc7"},"headline":"Marche vers le bicentenaire : mont\u00e9e au belv\u00e9d\u00e8re de la Casinha","datePublished":"2025-10-02T13:13:20+00:00","dateModified":"2025-12-12T13:13:37+00:00","mainEntityOfPage":{"@id":"https:\/\/vedruna.org\/fr\/marche-vers-le-bicentenaire-montee-au-belvedere-de-la-casinha\/"},"wordCount":353,"publisher":{"@id":"https:\/\/vedruna.org\/fr\/#organization"},"image":{"@id":"https:\/\/vedruna.org\/fr\/marche-vers-le-bicentenaire-montee-au-belvedere-de-la-casinha\/#primaryimage"},"thumbnailUrl":"https:\/\/vedruna.org\/wp-content\/uploads\/2025\/10\/principal.jpg","keywords":["Les jeunes"],"articleSection":["Bicentenaire Vedruna","Br\u00e9sil","Les jeunes","Non classifi\u00e9(e)","Vedrunamerica"],"inLanguage":"fr-FR"},{"@type":"WebPage","@id":"https:\/\/vedruna.org\/fr\/marche-vers-le-bicentenaire-montee-au-belvedere-de-la-casinha\/","url":"https:\/\/vedruna.org\/fr\/marche-vers-le-bicentenaire-montee-au-belvedere-de-la-casinha\/","name":"Marche vers le bicentenaire : mont\u00e9e au belv\u00e9d\u00e8re de la Casinha - Carmelitas de la Caridad Vedruna","isPartOf":{"@id":"https:\/\/vedruna.org\/fr\/#website"},"primaryImageOfPage":{"@id":"https:\/\/vedruna.org\/fr\/marche-vers-le-bicentenaire-montee-au-belvedere-de-la-casinha\/#primaryimage"},"image":{"@id":"https:\/\/vedruna.org\/fr\/marche-vers-le-bicentenaire-montee-au-belvedere-de-la-casinha\/#primaryimage"},"thumbnailUrl":"https:\/\/vedruna.org\/wp-content\/uploads\/2025\/10\/principal.jpg","datePublished":"2025-10-02T13:13:20+00:00","dateModified":"2025-12-12T13:13:37+00:00","description":"Le dimanche 28 septembre au matin, des jeunes de la Pastorale des jeunes, de Confirmandi, du Cat\u00e9chum\u00e9nat et de Vedruna Youth ont particip\u00e9 \u00e0 une marche vers le belv\u00e9d\u00e8re de la Casinha.","breadcrumb":{"@id":"https:\/\/vedruna.org\/fr\/marche-vers-le-bicentenaire-montee-au-belvedere-de-la-casinha\/#breadcrumb"},"inLanguage":"fr-FR","potentialAction":[{"@type":"ReadAction","target":["https:\/\/vedruna.org\/fr\/marche-vers-le-bicentenaire-montee-au-belvedere-de-la-casinha\/"]}]},{"@type":"ImageObject","inLanguage":"fr-FR","@id":"https:\/\/vedruna.org\/fr\/marche-vers-le-bicentenaire-montee-au-belvedere-de-la-casinha\/#primaryimage","url":"https:\/\/vedruna.org\/wp-content\/uploads\/2025\/10\/principal.jpg","contentUrl":"https:\/\/vedruna.org\/wp-content\/uploads\/2025\/10\/principal.jpg","width":1280,"height":960},{"@type":"BreadcrumbList","@id":"https:\/\/vedruna.org\/fr\/marche-vers-le-bicentenaire-montee-au-belvedere-de-la-casinha\/#breadcrumb","itemListElement":[{"@type":"ListItem","position":1,"name":"Portada","item":"https:\/\/vedruna.org\/fr\/"},{"@type":"ListItem","position":2,"name":"Marche vers le bicentenaire : mont\u00e9e au belv\u00e9d\u00e8re de la Casinha"}]},{"@type":"WebSite","@id":"https:\/\/vedruna.org\/fr\/#website","url":"https:\/\/vedruna.org\/fr\/","name":"Carmelitas de la Caridad Vedruna","description":"Carmelitas de la caridad","publisher":{"@id":"https:\/\/vedruna.org\/fr\/#organization"},"potentialAction":[{"@type":"SearchAction","target":{"@type":"EntryPoint","urlTemplate":"https:\/\/vedruna.org\/fr\/?s={search_term_string}"},"query-input":{"@type":"PropertyValueSpecification","valueRequired":true,"valueName":"search_term_string"}}],"inLanguage":"fr-FR"},{"@type":"Organization","@id":"https:\/\/vedruna.org\/fr\/#organization","name":"Carmelitas de la caridad Vedruna","url":"https:\/\/vedruna.org\/fr\/","logo":{"@type":"ImageObject","inLanguage":"fr-FR","@id":"https:\/\/vedruna.org\/fr\/#\/schema\/logo\/image\/","url":"https:\/\/vedruna.org\/wp-content\/uploads\/2022\/04\/LOGO-VEDRUNA-HORIZONTAL.png","contentUrl":"https:\/\/vedruna.org\/wp-content\/uploads\/2022\/04\/LOGO-VEDRUNA-HORIZONTAL.png","width":1200,"height":463,"caption":"Carmelitas de la caridad Vedruna"},"image":{"@id":"https:\/\/vedruna.org\/fr\/#\/schema\/logo\/image\/"}},{"@type":"Person","@id":"https:\/\/vedruna.org\/fr\/#\/schema\/person\/cf468646189533fb6a3aae475663fdc7","name":"Comunicaci\u00f3n Vedrunam\u00e9rica","image":{"@type":"ImageObject","inLanguage":"fr-FR","@id":"https:\/\/secure.gravatar.com\/avatar\/b4eff91ff87ece2131a5d31270e1df0a7eeaffece756ce6503fd7dce879d1bfc?s=96&d=mm&r=g","url":"https:\/\/secure.gravatar.com\/avatar\/b4eff91ff87ece2131a5d31270e1df0a7eeaffece756ce6503fd7dce879d1bfc?s=96&d=mm&r=g","contentUrl":"https:\/\/secure.gravatar.com\/avatar\/b4eff91ff87ece2131a5d31270e1df0a7eeaffece756ce6503fd7dce879d1bfc?s=96&d=mm&r=g","caption":"Comunicaci\u00f3n Vedrunam\u00e9rica"},"url":"https:\/\/vedruna.org\/fr\/author\/comunicacion-vedrunamerica\/"}]}},"_links":{"self":[{"href":"https:\/\/vedruna.org\/fr\/wp-json\/wp\/v2\/posts\/29305","targetHints":{"allow":["GET"]}}],"collection":[{"href":"https:\/\/vedruna.org\/fr\/wp-json\/wp\/v2\/posts"}],"about":[{"href":"https:\/\/vedruna.org\/fr\/wp-json\/wp\/v2\/types\/post"}],"author":[{"embeddable":true,"href":"https:\/\/vedruna.org\/fr\/wp-json\/wp\/v2\/users\/4"}],"replies":[{"embeddable":true,"href":"https:\/\/vedruna.org\/fr\/wp-json\/wp\/v2\/comments?post=29305"}],"version-history":[{"count":1,"href":"https:\/\/vedruna.org\/fr\/wp-json\/wp\/v2\/posts\/29305\/revisions"}],"predecessor-version":[{"id":29308,"href":"https:\/\/vedruna.org\/fr\/wp-json\/wp\/v2\/posts\/29305\/revisions\/29308"}],"wp:featuredmedia":[{"embeddable":true,"href":"https:\/\/vedruna.org\/fr\/wp-json\/wp\/v2\/media\/29307"}],"wp:attachment":[{"href":"https:\/\/vedruna.org\/fr\/wp-json\/wp\/v2\/media?parent=29305"}],"wp:term":[{"taxonomy":"category","embeddable":true,"href":"https:\/\/vedruna.org\/fr\/wp-json\/wp\/v2\/categories?post=29305"},{"taxonomy":"post_tag","embeddable":true,"href":"https:\/\/vedruna.org\/fr\/wp-json\/wp\/v2\/tags?post=29305"}],"curies":[{"name":"wp","href":"https:\/\/api.w.org\/{rel}","templated":true}]}}