{"id":29565,"date":"2025-10-25T08:12:00","date_gmt":"2025-10-25T06:12:00","guid":{"rendered":"https:\/\/vedruna.org\/?p=29565"},"modified":"2025-10-23T15:32:09","modified_gmt":"2025-10-23T13:32:09","slug":"dieu-seul-suffit-celebration-de-la-fete-de-sainte-therese-davila","status":"publish","type":"post","link":"https:\/\/vedruna.org\/fr\/dieu-seul-suffit-celebration-de-la-fete-de-sainte-therese-davila\/","title":{"rendered":"Dieu seul suffit : c\u00e9l\u00e9bration de la f\u00eate de Sainte Th\u00e9r\u00e8se d&rsquo;\u00c1vila"},"content":{"rendered":"\n<p>Le 15 octobre 2025, nous avons c\u00e9l\u00e9br\u00e9 la f\u00eate de Sainte Th\u00e9r\u00e8se d&rsquo;Avila, patronne de notre Congr\u00e9gation. La c\u00e9l\u00e9bration eucharistique a \u00e9t\u00e9 pr\u00e9sid\u00e9e par le p\u00e8re Dionesio Balute, OCD, dans la chapelle de la maison de la d\u00e9l\u00e9gation. C&rsquo;\u00e9tait la premi\u00e8re fois que nous c\u00e9l\u00e9brions cette f\u00eate dans la D\u00e9l\u00e9gation.     <\/p>\n\n<p>Dans son hom\u00e9lie, le p\u00e8re Balute a soulign\u00e9 le <strong>secret de la connaissance de Dieu<\/strong>: tout d&rsquo;abord, nous devons nous demander \u00ab\u00a0<strong>Qui suis-je ?<\/strong>\u00ab\u00a0, et au fur et \u00e0 mesure que nous grandissons, nous nous effor\u00e7ons de d\u00e9couvrir notre identit\u00e9 et nos dons. Sainte Th\u00e9r\u00e8se a beaucoup lutt\u00e9 pour se conna\u00eetre elle-m\u00eame. Nous ne pouvons pas nous conna\u00eetre nous-m\u00eames si nous ne connaissons pas Dieu. Notre relation avec Dieu et l&rsquo;essence de notre existence sont tr\u00e8s importantes. Gr\u00e2ce \u00e0 la pri\u00e8re, nous nous conna\u00eetrons mieux nous-m\u00eames. Nous devons apprendre \u00e0 nous conna\u00eetre davantage avant de pouvoir entrer dans las Siete Moradas. Le deuxi\u00e8me secret est de se demander \u00ab\u00a0<strong>\u00c0 qui appartenons-nous ?<\/strong> \u00c0 qui est-ce que j&rsquo;appartiens ? C&rsquo;est \u00e0 ce moment-l\u00e0 que l&rsquo;engagement entre en jeu. Nous appartenons \u00e0 J\u00e9sus, qui est le sens et l&rsquo;essence de notre existence.       <\/p>\n\n<p>Faisant \u00e9cho \u00e0 la sagesse de sainte Th\u00e9r\u00e8se d&rsquo;\u00c1vila, qui s&rsquo;exclamait : \u00a0\u00bb <strong>Solo Dios basta\u00a0\u00bb, \u00ab\u00a0Dieu seul suffit\u00a0\u00bb,<\/strong> sainte Joaquina nous en donne la raison : \u00ab\u00a0\u00fanicamente dios es nuestro bien\u00a0\u00bb, ce qui signifie qu&rsquo;il est le seul \u00e0 qui nous devons nous donner totalement.  <\/p>\n\n<blockquote class=\"wp-block-quote is-layout-flow wp-block-quote-is-layout-flow\">\n<p><em>Que notre volont\u00e9, nos capacit\u00e9s, nos sentiments soient pour J\u00e9sus&#8230; Que nous ne fassions rien pour Dieu, mais que nous fassions tout, tout, et que nous soyons tous pour Dieu.<\/em><\/p>\n\n\n\n<p><em>Que notre volont\u00e9, nos forces, nos sens soient pour J\u00e9sus&#8230; Que ferons-nous pour Dieu si ce n&rsquo;est lui donner tout, tout, et que tout soit \u00e0 lui. <\/em><\/p>\n<\/blockquote>\n\n<p>Juste apr\u00e8s l&rsquo;eucharistie, \u00e0 laquelle assistaient certains de nos voisins, nous nous sommes retrouv\u00e9s dans la salle \u00e0 manger de la maison de la d\u00e9l\u00e9gation pour un d\u00e9jeuner simple mais somptueux.<\/p>\n\n<p class=\"has-text-align-right\"><strong>Sr Marilou M. Manicad, ccv <\/strong><\/p>\n<div class=\"pgc-sgb-cb wp-block-pgcsimplygalleryblock-justified \" data-gallery-id=\"9b289064\"><div class=\"sgb-preloader\" id=\"pr_9b289064\">\n\t<div class=\"sgb-square\" style=\"background:#d4d4d4\"><\/div>\n\t<div class=\"sgb-square\" style=\"background:#d4d4d4\"><\/div>\n\t<div class=\"sgb-square\" style=\"background:#d4d4d4\"><\/div>\n\t<div class=\"sgb-square\" style=\"background:#d4d4d4\"><\/div><\/div><div class=\"simply-gallery-amp pgc_sgb_slider \"><noscript><div class=\"sgb-gallery\"><div class=\"sgb-item\"><a href=\"https:\/\/vedruna.org\/en\/?attachment_id=29556\" target=\"_blank\"><img decoding=\"async\" alt=\"\" width=\"300\" height=\"225\" loading=\"lazy\" src=\"https:\/\/vedruna.org\/wp-content\/uploads\/2025\/10\/S.-Teresa-2-300x225.jpg\" srcset=\"https:\/\/vedruna.org\/wp-content\/uploads\/2025\/10\/S.-Teresa-2-300x225.jpg 300w,https:\/\/vedruna.org\/wp-content\/uploads\/2025\/10\/S.-Teresa-2-1024x768.jpg 1024w,https:\/\/vedruna.org\/wp-content\/uploads\/2025\/10\/S.-Teresa-2.jpg 1538w\" sizes=\"250px\"\/><\/a><\/div><div class=\"sgb-item\"><a href=\"https:\/\/vedruna.org\/en\/?attachment_id=29557\" target=\"_blank\"><img decoding=\"async\" alt=\"\" width=\"225\" height=\"300\" loading=\"lazy\" src=\"https:\/\/vedruna.org\/wp-content\/uploads\/2025\/10\/S.-Teresa-1-225x300.jpg\" srcset=\"https:\/\/vedruna.org\/wp-content\/uploads\/2025\/10\/S.-Teresa-1-225x300.jpg 225w,https:\/\/vedruna.org\/wp-content\/uploads\/2025\/10\/S.-Teresa-1-768x1024.jpg 768w,https:\/\/vedruna.org\/wp-content\/uploads\/2025\/10\/S.-Teresa-1.jpg 1200w\" sizes=\"250px\"\/><\/a><\/div><\/div><\/noscript><\/div><script type=\"application\/json\" class=\"sgb-data\">{\"lastRowFill\":true,\"collectionThumbMiniScreenScale\":true,\"externalLink\":false,\"captions\":false,\"collectionThumbSubMenuDownload\":false,\"collectionThumbSubMenuShare\":false,\"galleryType\":\"pgc_sgb_justified\",\"galleryId\":\"9b289064\",\"images\":[{\"id\":29556,\"title\":\"S. Teresa 2\",\"url\":\"https:\/\/vedruna.org\/wp-content\/uploads\/2025\/10\/S.-Teresa-2.jpg\",\"link\":\"https:\/\/vedruna.org\/en\/?attachment_id=29556\",\"alt\":\"\",\"description\":\"\",\"caption\":\"\",\"mime\":\"image\/jpeg\",\"type\":\"image\",\"width\":1538,\"height\":1153,\"sizes\":{\"thumbnail\":{\"height\":150,\"width\":150,\"url\":\"https:\/\/vedruna.org\/wp-content\/uploads\/2025\/10\/S.-Teresa-2-150x150.jpg\",\"orientation\":\"landscape\"},\"medium\":{\"height\":225,\"width\":300,\"url\":\"https:\/\/vedruna.org\/wp-content\/uploads\/2025\/10\/S.-Teresa-2-300x225.jpg\",\"orientation\":\"landscape\"},\"large\":{\"height\":768,\"width\":1024,\"url\":\"https:\/\/vedruna.org\/wp-content\/uploads\/2025\/10\/S.-Teresa-2-1024x768.jpg\",\"orientation\":\"landscape\"},\"full\":{\"url\":\"https:\/\/vedruna.org\/wp-content\/uploads\/2025\/10\/S.-Teresa-2.jpg\",\"height\":1153,\"width\":1538,\"orientation\":\"landscape\"}},\"imageMeta\":{\"aperture\":\"0\",\"credit\":\"\",\"camera\":\"\",\"caption\":\"\",\"created_timestamp\":\"0\",\"copyright\":\"\",\"focal_length\":\"0\",\"iso\":\"0\",\"shutter_speed\":\"0\",\"title\":\"\",\"orientation\":\"0\",\"keywords\":[]},\"meta\":false,\"postlink\":\"https:\/\/vedruna.org\/en\/?attachment_id=29556\"},{\"id\":29557,\"title\":\"S. Teresa 1\",\"url\":\"https:\/\/vedruna.org\/wp-content\/uploads\/2025\/10\/S.-Teresa-1.jpg\",\"link\":\"https:\/\/vedruna.org\/en\/?attachment_id=29557\",\"alt\":\"\",\"description\":\"\",\"caption\":\"\",\"mime\":\"image\/jpeg\",\"type\":\"image\",\"width\":1200,\"height\":1600,\"sizes\":{\"thumbnail\":{\"height\":150,\"width\":150,\"url\":\"https:\/\/vedruna.org\/wp-content\/uploads\/2025\/10\/S.-Teresa-1-150x150.jpg\",\"orientation\":\"landscape\"},\"medium\":{\"height\":300,\"width\":225,\"url\":\"https:\/\/vedruna.org\/wp-content\/uploads\/2025\/10\/S.-Teresa-1-225x300.jpg\",\"orientation\":\"portrait\"},\"large\":{\"height\":1024,\"width\":768,\"url\":\"https:\/\/vedruna.org\/wp-content\/uploads\/2025\/10\/S.-Teresa-1-768x1024.jpg\",\"orientation\":\"portrait\"},\"full\":{\"url\":\"https:\/\/vedruna.org\/wp-content\/uploads\/2025\/10\/S.-Teresa-1.jpg\",\"height\":1600,\"width\":1200,\"orientation\":\"portrait\"}},\"imageMeta\":{\"aperture\":\"0\",\"credit\":\"\",\"camera\":\"\",\"caption\":\"\",\"created_timestamp\":\"0\",\"copyright\":\"\",\"focal_length\":\"0\",\"iso\":\"0\",\"shutter_speed\":\"0\",\"title\":\"\",\"orientation\":\"0\",\"keywords\":[]},\"meta\":false,\"postlink\":\"https:\/\/vedruna.org\/en\/?attachment_id=29557\"}],\"translatedWithWPMLTM\":\"1\",\"itemsMetaDataCollection\":[]}<\/script><script>(function(){if(window.PGC_SGB && window.PGC_SGB.searcher){window.PGC_SGB.searcher.initBlocks()}})()<\/script><\/div>","protected":false},"excerpt":{"rendered":"<p>Le 15 octobre 2025, nous avons c\u00e9l\u00e9br\u00e9 la f\u00eate de Sainte Th\u00e9r\u00e8se d&rsquo;Avila, patronne de notre Congr\u00e9gation. La c\u00e9l\u00e9bration eucharistique a \u00e9t\u00e9 pr\u00e9sid\u00e9e par le p\u00e8re Dionesio Balute, OCD, dans la chapelle de la maison de la d\u00e9l\u00e9gation. C&rsquo;\u00e9tait la premi\u00e8re fois que nous c\u00e9l\u00e9brions cette f\u00eate dans la D\u00e9l\u00e9gation. Dans son hom\u00e9lie, le p\u00e8re [&hellip;]<\/p>\n","protected":false},"author":21,"featured_media":0,"comment_status":"closed","ping_status":"closed","sticky":false,"template":"","format":"standard","meta":{"_et_pb_use_builder":"","_et_pb_old_content":"","_et_gb_content_width":"","pgc_sgb_lightbox_settings":"","footnotes":""},"categories":[301],"tags":[],"class_list":["post-29565","post","type-post","status-publish","format-standard","hentry","category-delegation-des-philippines"],"yoast_head":"<!-- This site is optimized with the Yoast SEO plugin v27.5 - https:\/\/yoast.com\/product\/yoast-seo-wordpress\/ -->\n<title>Dieu seul suffit : c\u00e9l\u00e9bration de la f\u00eate de Sainte Th\u00e9r\u00e8se d&#039;\u00c1vila - Carmelitas de la Caridad Vedruna<\/title>\n<meta name=\"description\" content=\"Pour la premi\u00e8re fois, cette f\u00eate a \u00e9t\u00e9 c\u00e9l\u00e9br\u00e9e dans la chapelle de la d\u00e9l\u00e9gation des Philippines par une c\u00e9l\u00e9bration eucharistique.\" \/>\n<meta name=\"robots\" content=\"index, follow, max-snippet:-1, max-image-preview:large, max-video-preview:-1\" \/>\n<link rel=\"canonical\" href=\"https:\/\/vedruna.org\/fr\/dieu-seul-suffit-celebration-de-la-fete-de-sainte-therese-davila\/\" \/>\n<meta property=\"og:locale\" content=\"fr_FR\" \/>\n<meta property=\"og:type\" content=\"article\" \/>\n<meta property=\"og:title\" content=\"Dieu seul suffit : c\u00e9l\u00e9bration de la f\u00eate de Sainte Th\u00e9r\u00e8se d&#039;\u00c1vila - Carmelitas de la Caridad Vedruna\" \/>\n<meta property=\"og:description\" content=\"Pour la premi\u00e8re fois, cette f\u00eate a \u00e9t\u00e9 c\u00e9l\u00e9br\u00e9e dans la chapelle de la d\u00e9l\u00e9gation des Philippines par une c\u00e9l\u00e9bration eucharistique.\" \/>\n<meta property=\"og:url\" content=\"https:\/\/vedruna.org\/fr\/dieu-seul-suffit-celebration-de-la-fete-de-sainte-therese-davila\/\" \/>\n<meta property=\"og:site_name\" content=\"Carmelitas de la Caridad Vedruna\" \/>\n<meta property=\"article:published_time\" content=\"2025-10-25T06:12:00+00:00\" \/>\n<meta property=\"og:image\" content=\"https:\/\/vedruna.org\/wp-content\/uploads\/2025\/10\/S.-Teresa-2.jpg\" \/>\n\t<meta property=\"og:image:width\" content=\"1538\" \/>\n\t<meta property=\"og:image:height\" content=\"1153\" \/>\n\t<meta property=\"og:image:type\" content=\"image\/jpeg\" \/>\n<meta name=\"author\" content=\"Maria Agustina G\u00f3mez\" \/>\n<meta name=\"twitter:card\" content=\"summary_large_image\" \/>\n<meta name=\"twitter:label1\" content=\"\u00c9crit par\" \/>\n\t<meta name=\"twitter:data1\" content=\"Maria Agustina G\u00f3mez\" \/>\n\t<meta name=\"twitter:label2\" content=\"Dur\u00e9e de lecture estim\u00e9e\" \/>\n\t<meta name=\"twitter:data2\" content=\"2 minutes\" \/>\n<script type=\"application\/ld+json\" class=\"yoast-schema-graph\">{\"@context\":\"https:\\\/\\\/schema.org\",\"@graph\":[{\"@type\":\"Article\",\"@id\":\"https:\\\/\\\/vedruna.org\\\/fr\\\/dieu-seul-suffit-celebration-de-la-fete-de-sainte-therese-davila\\\/#article\",\"isPartOf\":{\"@id\":\"https:\\\/\\\/vedruna.org\\\/fr\\\/dieu-seul-suffit-celebration-de-la-fete-de-sainte-therese-davila\\\/\"},\"author\":{\"name\":\"Maria Agustina G\u00f3mez\",\"@id\":\"https:\\\/\\\/vedruna.org\\\/fr\\\/#\\\/schema\\\/person\\\/95fe789adf27c2831fc5a049c727edf5\"},\"headline\":\"Dieu seul suffit : c\u00e9l\u00e9bration de la f\u00eate de Sainte Th\u00e9r\u00e8se d&rsquo;\u00c1vila\",\"datePublished\":\"2025-10-25T06:12:00+00:00\",\"mainEntityOfPage\":{\"@id\":\"https:\\\/\\\/vedruna.org\\\/fr\\\/dieu-seul-suffit-celebration-de-la-fete-de-sainte-therese-davila\\\/\"},\"wordCount\":386,\"publisher\":{\"@id\":\"https:\\\/\\\/vedruna.org\\\/fr\\\/#organization\"},\"image\":{\"@id\":\"https:\\\/\\\/vedruna.org\\\/fr\\\/dieu-seul-suffit-celebration-de-la-fete-de-sainte-therese-davila\\\/#primaryimage\"},\"thumbnailUrl\":\"https:\\\/\\\/vedruna.org\\\/wp-content\\\/uploads\\\/2025\\\/10\\\/S.-Teresa-2-1024x768.jpg\",\"articleSection\":[\"D\u00e9l\u00e9gation des Philippines\"],\"inLanguage\":\"fr-FR\"},{\"@type\":\"WebPage\",\"@id\":\"https:\\\/\\\/vedruna.org\\\/fr\\\/dieu-seul-suffit-celebration-de-la-fete-de-sainte-therese-davila\\\/\",\"url\":\"https:\\\/\\\/vedruna.org\\\/fr\\\/dieu-seul-suffit-celebration-de-la-fete-de-sainte-therese-davila\\\/\",\"name\":\"Dieu seul suffit : c\u00e9l\u00e9bration de la f\u00eate de Sainte Th\u00e9r\u00e8se d'\u00c1vila - Carmelitas de la Caridad Vedruna\",\"isPartOf\":{\"@id\":\"https:\\\/\\\/vedruna.org\\\/fr\\\/#website\"},\"primaryImageOfPage\":{\"@id\":\"https:\\\/\\\/vedruna.org\\\/fr\\\/dieu-seul-suffit-celebration-de-la-fete-de-sainte-therese-davila\\\/#primaryimage\"},\"image\":{\"@id\":\"https:\\\/\\\/vedruna.org\\\/fr\\\/dieu-seul-suffit-celebration-de-la-fete-de-sainte-therese-davila\\\/#primaryimage\"},\"thumbnailUrl\":\"https:\\\/\\\/vedruna.org\\\/wp-content\\\/uploads\\\/2025\\\/10\\\/S.-Teresa-2-1024x768.jpg\",\"datePublished\":\"2025-10-25T06:12:00+00:00\",\"description\":\"Pour la premi\u00e8re fois, cette f\u00eate a \u00e9t\u00e9 c\u00e9l\u00e9br\u00e9e dans la chapelle de la d\u00e9l\u00e9gation des Philippines par une c\u00e9l\u00e9bration eucharistique.\",\"breadcrumb\":{\"@id\":\"https:\\\/\\\/vedruna.org\\\/fr\\\/dieu-seul-suffit-celebration-de-la-fete-de-sainte-therese-davila\\\/#breadcrumb\"},\"inLanguage\":\"fr-FR\",\"potentialAction\":[{\"@type\":\"ReadAction\",\"target\":[\"https:\\\/\\\/vedruna.org\\\/fr\\\/dieu-seul-suffit-celebration-de-la-fete-de-sainte-therese-davila\\\/\"]}]},{\"@type\":\"ImageObject\",\"inLanguage\":\"fr-FR\",\"@id\":\"https:\\\/\\\/vedruna.org\\\/fr\\\/dieu-seul-suffit-celebration-de-la-fete-de-sainte-therese-davila\\\/#primaryimage\",\"url\":\"https:\\\/\\\/vedruna.org\\\/wp-content\\\/uploads\\\/2025\\\/10\\\/S.-Teresa-2-1024x768.jpg\",\"contentUrl\":\"https:\\\/\\\/vedruna.org\\\/wp-content\\\/uploads\\\/2025\\\/10\\\/S.-Teresa-2-1024x768.jpg\"},{\"@type\":\"BreadcrumbList\",\"@id\":\"https:\\\/\\\/vedruna.org\\\/fr\\\/dieu-seul-suffit-celebration-de-la-fete-de-sainte-therese-davila\\\/#breadcrumb\",\"itemListElement\":[{\"@type\":\"ListItem\",\"position\":1,\"name\":\"Portada\",\"item\":\"https:\\\/\\\/vedruna.org\\\/fr\\\/\"},{\"@type\":\"ListItem\",\"position\":2,\"name\":\"Dieu seul suffit : c\u00e9l\u00e9bration de la f\u00eate de Sainte Th\u00e9r\u00e8se d&#8217;\u00c1vila\"}]},{\"@type\":\"WebSite\",\"@id\":\"https:\\\/\\\/vedruna.org\\\/fr\\\/#website\",\"url\":\"https:\\\/\\\/vedruna.org\\\/fr\\\/\",\"name\":\"Carmelitas de la Caridad Vedruna\",\"description\":\"Carmelitas de la caridad\",\"publisher\":{\"@id\":\"https:\\\/\\\/vedruna.org\\\/fr\\\/#organization\"},\"potentialAction\":[{\"@type\":\"SearchAction\",\"target\":{\"@type\":\"EntryPoint\",\"urlTemplate\":\"https:\\\/\\\/vedruna.org\\\/fr\\\/?s={search_term_string}\"},\"query-input\":{\"@type\":\"PropertyValueSpecification\",\"valueRequired\":true,\"valueName\":\"search_term_string\"}}],\"inLanguage\":\"fr-FR\"},{\"@type\":\"Organization\",\"@id\":\"https:\\\/\\\/vedruna.org\\\/fr\\\/#organization\",\"name\":\"Carmelitas de la caridad Vedruna\",\"url\":\"https:\\\/\\\/vedruna.org\\\/fr\\\/\",\"logo\":{\"@type\":\"ImageObject\",\"inLanguage\":\"fr-FR\",\"@id\":\"https:\\\/\\\/vedruna.org\\\/fr\\\/#\\\/schema\\\/logo\\\/image\\\/\",\"url\":\"https:\\\/\\\/vedruna.org\\\/wp-content\\\/uploads\\\/2022\\\/04\\\/LOGO-VEDRUNA-HORIZONTAL.png\",\"contentUrl\":\"https:\\\/\\\/vedruna.org\\\/wp-content\\\/uploads\\\/2022\\\/04\\\/LOGO-VEDRUNA-HORIZONTAL.png\",\"width\":1200,\"height\":463,\"caption\":\"Carmelitas de la caridad Vedruna\"},\"image\":{\"@id\":\"https:\\\/\\\/vedruna.org\\\/fr\\\/#\\\/schema\\\/logo\\\/image\\\/\"}},{\"@type\":\"Person\",\"@id\":\"https:\\\/\\\/vedruna.org\\\/fr\\\/#\\\/schema\\\/person\\\/95fe789adf27c2831fc5a049c727edf5\",\"name\":\"Maria Agustina G\u00f3mez\",\"image\":{\"@type\":\"ImageObject\",\"inLanguage\":\"fr-FR\",\"@id\":\"https:\\\/\\\/secure.gravatar.com\\\/avatar\\\/8af3ece86571c098b978434bbc43b948c403c1ae191f09a04e94f916638ceb2c?s=96&d=mm&r=g\",\"url\":\"https:\\\/\\\/secure.gravatar.com\\\/avatar\\\/8af3ece86571c098b978434bbc43b948c403c1ae191f09a04e94f916638ceb2c?s=96&d=mm&r=g\",\"contentUrl\":\"https:\\\/\\\/secure.gravatar.com\\\/avatar\\\/8af3ece86571c098b978434bbc43b948c403c1ae191f09a04e94f916638ceb2c?s=96&d=mm&r=g\",\"caption\":\"Maria Agustina G\u00f3mez\"},\"url\":\"https:\\\/\\\/vedruna.org\\\/fr\\\/author\\\/agustina-gomez\\\/\"}]}<\/script>\n<!-- \/ Yoast SEO plugin. -->","yoast_head_json":{"title":"Dieu seul suffit : c\u00e9l\u00e9bration de la f\u00eate de Sainte Th\u00e9r\u00e8se d'\u00c1vila - Carmelitas de la Caridad Vedruna","description":"Pour la premi\u00e8re fois, cette f\u00eate a \u00e9t\u00e9 c\u00e9l\u00e9br\u00e9e dans la chapelle de la d\u00e9l\u00e9gation des Philippines par une c\u00e9l\u00e9bration eucharistique.","robots":{"index":"index","follow":"follow","max-snippet":"max-snippet:-1","max-image-preview":"max-image-preview:large","max-video-preview":"max-video-preview:-1"},"canonical":"https:\/\/vedruna.org\/fr\/dieu-seul-suffit-celebration-de-la-fete-de-sainte-therese-davila\/","og_locale":"fr_FR","og_type":"article","og_title":"Dieu seul suffit : c\u00e9l\u00e9bration de la f\u00eate de Sainte Th\u00e9r\u00e8se d'\u00c1vila - Carmelitas de la Caridad Vedruna","og_description":"Pour la premi\u00e8re fois, cette f\u00eate a \u00e9t\u00e9 c\u00e9l\u00e9br\u00e9e dans la chapelle de la d\u00e9l\u00e9gation des Philippines par une c\u00e9l\u00e9bration eucharistique.","og_url":"https:\/\/vedruna.org\/fr\/dieu-seul-suffit-celebration-de-la-fete-de-sainte-therese-davila\/","og_site_name":"Carmelitas de la Caridad Vedruna","article_published_time":"2025-10-25T06:12:00+00:00","og_image":[{"width":1538,"height":1153,"url":"https:\/\/vedruna.org\/wp-content\/uploads\/2025\/10\/S.-Teresa-2.jpg","type":"image\/jpeg"}],"author":"Maria Agustina G\u00f3mez","twitter_card":"summary_large_image","twitter_misc":{"\u00c9crit par":"Maria Agustina G\u00f3mez","Dur\u00e9e de lecture estim\u00e9e":"2 minutes"},"schema":{"@context":"https:\/\/schema.org","@graph":[{"@type":"Article","@id":"https:\/\/vedruna.org\/fr\/dieu-seul-suffit-celebration-de-la-fete-de-sainte-therese-davila\/#article","isPartOf":{"@id":"https:\/\/vedruna.org\/fr\/dieu-seul-suffit-celebration-de-la-fete-de-sainte-therese-davila\/"},"author":{"name":"Maria Agustina G\u00f3mez","@id":"https:\/\/vedruna.org\/fr\/#\/schema\/person\/95fe789adf27c2831fc5a049c727edf5"},"headline":"Dieu seul suffit : c\u00e9l\u00e9bration de la f\u00eate de Sainte Th\u00e9r\u00e8se d&rsquo;\u00c1vila","datePublished":"2025-10-25T06:12:00+00:00","mainEntityOfPage":{"@id":"https:\/\/vedruna.org\/fr\/dieu-seul-suffit-celebration-de-la-fete-de-sainte-therese-davila\/"},"wordCount":386,"publisher":{"@id":"https:\/\/vedruna.org\/fr\/#organization"},"image":{"@id":"https:\/\/vedruna.org\/fr\/dieu-seul-suffit-celebration-de-la-fete-de-sainte-therese-davila\/#primaryimage"},"thumbnailUrl":"https:\/\/vedruna.org\/wp-content\/uploads\/2025\/10\/S.-Teresa-2-1024x768.jpg","articleSection":["D\u00e9l\u00e9gation des Philippines"],"inLanguage":"fr-FR"},{"@type":"WebPage","@id":"https:\/\/vedruna.org\/fr\/dieu-seul-suffit-celebration-de-la-fete-de-sainte-therese-davila\/","url":"https:\/\/vedruna.org\/fr\/dieu-seul-suffit-celebration-de-la-fete-de-sainte-therese-davila\/","name":"Dieu seul suffit : c\u00e9l\u00e9bration de la f\u00eate de Sainte Th\u00e9r\u00e8se d'\u00c1vila - Carmelitas de la Caridad Vedruna","isPartOf":{"@id":"https:\/\/vedruna.org\/fr\/#website"},"primaryImageOfPage":{"@id":"https:\/\/vedruna.org\/fr\/dieu-seul-suffit-celebration-de-la-fete-de-sainte-therese-davila\/#primaryimage"},"image":{"@id":"https:\/\/vedruna.org\/fr\/dieu-seul-suffit-celebration-de-la-fete-de-sainte-therese-davila\/#primaryimage"},"thumbnailUrl":"https:\/\/vedruna.org\/wp-content\/uploads\/2025\/10\/S.-Teresa-2-1024x768.jpg","datePublished":"2025-10-25T06:12:00+00:00","description":"Pour la premi\u00e8re fois, cette f\u00eate a \u00e9t\u00e9 c\u00e9l\u00e9br\u00e9e dans la chapelle de la d\u00e9l\u00e9gation des Philippines par une c\u00e9l\u00e9bration eucharistique.","breadcrumb":{"@id":"https:\/\/vedruna.org\/fr\/dieu-seul-suffit-celebration-de-la-fete-de-sainte-therese-davila\/#breadcrumb"},"inLanguage":"fr-FR","potentialAction":[{"@type":"ReadAction","target":["https:\/\/vedruna.org\/fr\/dieu-seul-suffit-celebration-de-la-fete-de-sainte-therese-davila\/"]}]},{"@type":"ImageObject","inLanguage":"fr-FR","@id":"https:\/\/vedruna.org\/fr\/dieu-seul-suffit-celebration-de-la-fete-de-sainte-therese-davila\/#primaryimage","url":"https:\/\/vedruna.org\/wp-content\/uploads\/2025\/10\/S.-Teresa-2-1024x768.jpg","contentUrl":"https:\/\/vedruna.org\/wp-content\/uploads\/2025\/10\/S.-Teresa-2-1024x768.jpg"},{"@type":"BreadcrumbList","@id":"https:\/\/vedruna.org\/fr\/dieu-seul-suffit-celebration-de-la-fete-de-sainte-therese-davila\/#breadcrumb","itemListElement":[{"@type":"ListItem","position":1,"name":"Portada","item":"https:\/\/vedruna.org\/fr\/"},{"@type":"ListItem","position":2,"name":"Dieu seul suffit : c\u00e9l\u00e9bration de la f\u00eate de Sainte Th\u00e9r\u00e8se d&#8217;\u00c1vila"}]},{"@type":"WebSite","@id":"https:\/\/vedruna.org\/fr\/#website","url":"https:\/\/vedruna.org\/fr\/","name":"Carmelitas de la Caridad Vedruna","description":"Carmelitas de la caridad","publisher":{"@id":"https:\/\/vedruna.org\/fr\/#organization"},"potentialAction":[{"@type":"SearchAction","target":{"@type":"EntryPoint","urlTemplate":"https:\/\/vedruna.org\/fr\/?s={search_term_string}"},"query-input":{"@type":"PropertyValueSpecification","valueRequired":true,"valueName":"search_term_string"}}],"inLanguage":"fr-FR"},{"@type":"Organization","@id":"https:\/\/vedruna.org\/fr\/#organization","name":"Carmelitas de la caridad Vedruna","url":"https:\/\/vedruna.org\/fr\/","logo":{"@type":"ImageObject","inLanguage":"fr-FR","@id":"https:\/\/vedruna.org\/fr\/#\/schema\/logo\/image\/","url":"https:\/\/vedruna.org\/wp-content\/uploads\/2022\/04\/LOGO-VEDRUNA-HORIZONTAL.png","contentUrl":"https:\/\/vedruna.org\/wp-content\/uploads\/2022\/04\/LOGO-VEDRUNA-HORIZONTAL.png","width":1200,"height":463,"caption":"Carmelitas de la caridad Vedruna"},"image":{"@id":"https:\/\/vedruna.org\/fr\/#\/schema\/logo\/image\/"}},{"@type":"Person","@id":"https:\/\/vedruna.org\/fr\/#\/schema\/person\/95fe789adf27c2831fc5a049c727edf5","name":"Maria Agustina G\u00f3mez","image":{"@type":"ImageObject","inLanguage":"fr-FR","@id":"https:\/\/secure.gravatar.com\/avatar\/8af3ece86571c098b978434bbc43b948c403c1ae191f09a04e94f916638ceb2c?s=96&d=mm&r=g","url":"https:\/\/secure.gravatar.com\/avatar\/8af3ece86571c098b978434bbc43b948c403c1ae191f09a04e94f916638ceb2c?s=96&d=mm&r=g","contentUrl":"https:\/\/secure.gravatar.com\/avatar\/8af3ece86571c098b978434bbc43b948c403c1ae191f09a04e94f916638ceb2c?s=96&d=mm&r=g","caption":"Maria Agustina G\u00f3mez"},"url":"https:\/\/vedruna.org\/fr\/author\/agustina-gomez\/"}]}},"_links":{"self":[{"href":"https:\/\/vedruna.org\/fr\/wp-json\/wp\/v2\/posts\/29565","targetHints":{"allow":["GET"]}}],"collection":[{"href":"https:\/\/vedruna.org\/fr\/wp-json\/wp\/v2\/posts"}],"about":[{"href":"https:\/\/vedruna.org\/fr\/wp-json\/wp\/v2\/types\/post"}],"author":[{"embeddable":true,"href":"https:\/\/vedruna.org\/fr\/wp-json\/wp\/v2\/users\/21"}],"replies":[{"embeddable":true,"href":"https:\/\/vedruna.org\/fr\/wp-json\/wp\/v2\/comments?post=29565"}],"version-history":[{"count":2,"href":"https:\/\/vedruna.org\/fr\/wp-json\/wp\/v2\/posts\/29565\/revisions"}],"predecessor-version":[{"id":29623,"href":"https:\/\/vedruna.org\/fr\/wp-json\/wp\/v2\/posts\/29565\/revisions\/29623"}],"wp:attachment":[{"href":"https:\/\/vedruna.org\/fr\/wp-json\/wp\/v2\/media?parent=29565"}],"wp:term":[{"taxonomy":"category","embeddable":true,"href":"https:\/\/vedruna.org\/fr\/wp-json\/wp\/v2\/categories?post=29565"},{"taxonomy":"post_tag","embeddable":true,"href":"https:\/\/vedruna.org\/fr\/wp-json\/wp\/v2\/tags?post=29565"}],"curies":[{"name":"wp","href":"https:\/\/api.w.org\/{rel}","templated":true}]}}