{"id":29654,"date":"2025-10-27T13:05:31","date_gmt":"2025-10-27T12:05:31","guid":{"rendered":"https:\/\/vedruna.org\/avec-joaquina-vedrunamerica-marche-vers-le-bicentenaire\/"},"modified":"2025-10-27T13:07:09","modified_gmt":"2025-10-27T12:07:09","slug":"avec-joaquina-vedrunamerica-marche-vers-le-bicentenaire","status":"publish","type":"post","link":"https:\/\/vedruna.org\/fr\/avec-joaquina-vedrunamerica-marche-vers-le-bicentenaire\/","title":{"rendered":"Avec Joaquina, VedrunAmerica marche vers le bicentenaire"},"content":{"rendered":"\n<p>Le chemin vers le bicentenaire de la Congr\u00e9gation de Vedruna (1826-2026) est parcouru avec <strong>espoir, joie et esprit communautaire <\/strong>dans toute la Province de Vedrun America. Dans les \u00e9coles, les communaut\u00e9s et les diff\u00e9rentes \u0153uvres, le charisme de sainte Joaquina de Vedruna continue d&rsquo;inspirer des gestes simples, des rencontres fraternelles et des engagements de service. <\/p>\n\n<h2 class=\"wp-block-heading\"><strong>Marcher \u00ab\u00a0Avec Joaquina de Vedruna, nous marchons avec espoir\u00a0\u00bb.<\/strong><\/h2>\n\n<p>L&rsquo;une des propositions de l&rsquo;\u00e9quipe charg\u00e9e d&rsquo;animer le bicentenaire dans la province \u00e9tait la r\u00e9alisation d&rsquo;une marche, sous le slogan <strong>\u00ab\u00a0Avec Joaquina de Vedruna, nous marchons avec l&rsquo;espoir\u00a0\u00bb.<\/strong> <\/p>\n\n<p>Le 22 septembre, la communaut\u00e9 de l&rsquo;<strong>\u00e9cole Vedruna en R\u00e9publique dominicaine<\/strong> a march\u00e9 avec espoir et pour la paix. La marche a compt\u00e9 avec la participation des \u00e9l\u00e8ves du deuxi\u00e8me cycle de l&rsquo;\u00e9cole primaire, accompagn\u00e9s de leurs professeurs et de leurs parents, qui ont parcouru les rues autour du centre avec des chants, des slogans et beaucoup de joie. <\/p>\n\n<p>\u00c0 <strong>Maring\u00e1 (Br\u00e9sil)<\/strong>, la m\u00eame chose a \u00e9t\u00e9 faite dans ce qui a \u00e9t\u00e9 une expression vivante de l&rsquo;engagement pour la paix, l&rsquo;espoir et les valeurs que Sainte Joaquina nous a enseign\u00e9es. Dans un monde qui a besoin d&rsquo;unit\u00e9 et d&rsquo;harmonie, cette activit\u00e9 a rappel\u00e9 que l&rsquo;\u00e9ducation marche aussi pour la paix, en semant l&rsquo;espoir \u00e0 chaque pas. Les jeunes de la Vedruna de <g id=\"gid_1\">Salgueiro<\/g>, \u00e9galement au Br\u00e9sil, \u00e9taient les co-organisateurs d&rsquo;une autre marche qui comportait plusieurs arr\u00eats sur le chemin menant au sommet d&rsquo;une montagne. L&rsquo;une des \u00e9tapes avait pour protagoniste Joaquina, qui r\u00e9fl\u00e9chissait et priait pour un exemple encore vivant.   <\/p>\n\n<p>\u00c0 <strong>Melo <\/strong>(Uruguay), la communaut\u00e9 Vedruna a v\u00e9cu une journ\u00e9e de joie et de c\u00e9l\u00e9bration du charisme dans le cadre d&rsquo;une marche vers le bicentenaire qui s&rsquo;est d\u00e9roul\u00e9e dans les derniers jours d&rsquo;octobre.<\/p>\n\n<p>Les la\u00efcs et les s\u0153urs de Vedruna, ainsi que les \u00e9ducateurs et les \u00e9tudiants du <strong>Colegio Agust\u00edn de la Rosa<\/strong> ont march\u00e9 avec Joaquina dans l&rsquo;espoir, la foi et la joie.<\/p>\n\n<p>Au <strong>P\u00e9rou<\/strong>, malgr\u00e9 les probl\u00e8mes politiques et sociaux que traverse le pays, il y a eu un espace pour la marche avec Joaquina \u00e0 travers les quartiers de Lima, avec une grande impulsion de la part de la Mission des Jeunes de Vedruna.<\/p>\n\n<h2 class=\"wp-block-heading\">Il y a encore beaucoup de choses \u00e0 c\u00e9l\u00e9brer<\/h2>\n\n<p>Mais comme il reste encore quelques mois avant la principale c\u00e9l\u00e9bration du continent, qui aura lieu le <strong>28 f\u00e9vrier 2026 \u00e0 Suipacha (Buenos Aires, Argentine), <\/strong>de nombreuses communaut\u00e9s planifient d\u00e9j\u00e0 des activit\u00e9s futures. L&rsquo;\u00e9cole Santa Joaquina de Vedruna \u00e0 <strong>Puente Alto (Chili)<\/strong> a lanc\u00e9 une campagne de collecte de fonds pour l&rsquo;achat de mat\u00e9riaux en vue de la cr\u00e9ation d&rsquo;une peinture murale communautaire qui tentera de refl\u00e9ter l&rsquo;histoire et les valeurs d&rsquo;une communaut\u00e9 \u00e9ducative qui a toujours \u00e9t\u00e9 guid\u00e9e par Joaquina. <\/p>\n\n<p>A Suipacha, les directeurs, professeurs et \u00e9l\u00e8ves du Colegio Nuestra Se\u00f1ora del Carmen, participeront au d\u00e9fil\u00e9 de l&rsquo;anniversaire de la ville repr\u00e9sentant (avec drapeaux et couleurs) chacun des pays du continent o\u00f9 la Congr\u00e9gation est pr\u00e9sente sur le continent.<\/p>\n\n<p>Nous sommes face \u00e0 <strong>un continent en marche vers le bicentenaire. <\/strong>Du nord au sud, les communaut\u00e9s Vedruna d&rsquo;Am\u00e9rique vivent ce temps de pr\u00e9paration comme une occasion de renouveler la foi, de renforcer les liens et de projeter l&rsquo;avenir ensemble.<\/p>\n\n<p>Chaque geste, chaque pri\u00e8re et chaque rencontre sont les graines d&rsquo;un m\u00eame arbre : l&rsquo;amour fait service, sem\u00e9 par Joaquina il y a deux si\u00e8cles.<\/p>\n\n<p class=\"has-text-align-right\"><strong>Francisco J\u00e1uregui, Communication en \u00e9quipe, proph\u00e9tie et sauvegarde de la cr\u00e9ation, VedrunAmerica<\/strong><\/p>\n<div class=\"pgc-sgb-cb wp-block-pgcsimplygalleryblock-justified \" data-gallery-id=\"28a77311\"><div class=\"sgb-preloader\" id=\"pr_28a77311\">\n\t<div class=\"sgb-square\" style=\"background:#d4d4d4\"><\/div>\n\t<div class=\"sgb-square\" style=\"background:#d4d4d4\"><\/div>\n\t<div class=\"sgb-square\" style=\"background:#d4d4d4\"><\/div>\n\t<div class=\"sgb-square\" style=\"background:#d4d4d4\"><\/div><\/div><div class=\"simply-gallery-amp pgc_sgb_slider \"><noscript><div class=\"sgb-gallery\"><div class=\"sgb-item\"><a href=\"https:\/\/vedruna.org\/con-joaquina-vedrunamerica-camina-hacia-el-bicentenario\/uruguay-2\/\" target=\"_blank\"><img decoding=\"async\" alt=\"\" width=\"237\" height=\"300\" loading=\"lazy\" src=\"https:\/\/vedruna.org\/wp-content\/uploads\/2025\/10\/uruguay-2-237x300.jpg\" srcset=\"https:\/\/vedruna.org\/wp-content\/uploads\/2025\/10\/uruguay-2-237x300.jpg 237w,https:\/\/vedruna.org\/wp-content\/uploads\/2025\/10\/uruguay-2-810x1024.jpg 810w,https:\/\/vedruna.org\/wp-content\/uploads\/2025\/10\/uruguay-2.jpg 1012w\" sizes=\"250px\"\/><\/a><\/div><div class=\"sgb-item\"><a href=\"https:\/\/vedruna.org\/con-joaquina-vedrunamerica-camina-hacia-el-bicentenario\/brasil-2-3\/\" target=\"_blank\"><img decoding=\"async\" alt=\"\" width=\"292\" height=\"300\" loading=\"lazy\" src=\"https:\/\/vedruna.org\/wp-content\/uploads\/2025\/10\/brasil-2-1-292x300.jpg\" srcset=\"https:\/\/vedruna.org\/wp-content\/uploads\/2025\/10\/brasil-2-1-292x300.jpg 292w,https:\/\/vedruna.org\/wp-content\/uploads\/2025\/10\/brasil-2-1-998x1024.jpg 998w,https:\/\/vedruna.org\/wp-content\/uploads\/2025\/10\/brasil-2-1.jpg 1080w\" sizes=\"250px\"\/><\/a><\/div><\/div><\/noscript><\/div><script type=\"application\/json\" class=\"sgb-data\">{\"lastRowFill\":true,\"collectionThumbMiniScreenScale\":true,\"externalLink\":false,\"captions\":false,\"collectionThumbSubMenuDownload\":false,\"collectionThumbSubMenuShare\":false,\"galleryType\":\"pgc_sgb_justified\",\"galleryId\":\"28a77311\",\"images\":[{\"id\":29598,\"title\":\"uruguay-2\",\"url\":\"https:\/\/vedruna.org\/wp-content\/uploads\/2025\/10\/uruguay-2.jpg\",\"link\":\"https:\/\/vedruna.org\/con-joaquina-vedrunamerica-camina-hacia-el-bicentenario\/uruguay-2\/\",\"alt\":\"\",\"description\":\"\",\"caption\":\"\",\"mime\":\"image\/jpeg\",\"type\":\"image\",\"width\":1012,\"height\":1280,\"sizes\":{\"thumbnail\":{\"height\":150,\"width\":150,\"url\":\"https:\/\/vedruna.org\/wp-content\/uploads\/2025\/10\/uruguay-2-150x150.jpg\",\"orientation\":\"landscape\"},\"medium\":{\"height\":300,\"width\":237,\"url\":\"https:\/\/vedruna.org\/wp-content\/uploads\/2025\/10\/uruguay-2-237x300.jpg\",\"orientation\":\"portrait\"},\"large\":{\"height\":1024,\"width\":810,\"url\":\"https:\/\/vedruna.org\/wp-content\/uploads\/2025\/10\/uruguay-2-810x1024.jpg\",\"orientation\":\"portrait\"},\"full\":{\"url\":\"https:\/\/vedruna.org\/wp-content\/uploads\/2025\/10\/uruguay-2.jpg\",\"height\":1280,\"width\":1012,\"orientation\":\"portrait\"}},\"imageMeta\":{\"aperture\":\"0\",\"credit\":\"\",\"camera\":\"\",\"caption\":\"\",\"created_timestamp\":\"0\",\"copyright\":\"\",\"focal_length\":\"0\",\"iso\":\"0\",\"shutter_speed\":\"0\",\"title\":\"\",\"orientation\":\"0\",\"keywords\":[]},\"meta\":false,\"postlink\":\"https:\/\/vedruna.org\/con-joaquina-vedrunamerica-camina-hacia-el-bicentenario\/uruguay-2\/\"},{\"id\":29596,\"title\":\"brasil-2\",\"url\":\"https:\/\/vedruna.org\/wp-content\/uploads\/2025\/10\/brasil-2-1.jpg\",\"link\":\"https:\/\/vedruna.org\/con-joaquina-vedrunamerica-camina-hacia-el-bicentenario\/brasil-2-3\/\",\"alt\":\"\",\"description\":\"\",\"caption\":\"\",\"mime\":\"image\/jpeg\",\"type\":\"image\",\"width\":1080,\"height\":1108,\"sizes\":{\"thumbnail\":{\"height\":150,\"width\":150,\"url\":\"https:\/\/vedruna.org\/wp-content\/uploads\/2025\/10\/brasil-2-1-150x150.jpg\",\"orientation\":\"landscape\"},\"medium\":{\"height\":300,\"width\":292,\"url\":\"https:\/\/vedruna.org\/wp-content\/uploads\/2025\/10\/brasil-2-1-292x300.jpg\",\"orientation\":\"portrait\"},\"large\":{\"height\":1024,\"width\":998,\"url\":\"https:\/\/vedruna.org\/wp-content\/uploads\/2025\/10\/brasil-2-1-998x1024.jpg\",\"orientation\":\"portrait\"},\"full\":{\"url\":\"https:\/\/vedruna.org\/wp-content\/uploads\/2025\/10\/brasil-2-1.jpg\",\"height\":1108,\"width\":1080,\"orientation\":\"portrait\"}},\"imageMeta\":{\"aperture\":\"0\",\"credit\":\"\",\"camera\":\"\",\"caption\":\"\",\"created_timestamp\":\"0\",\"copyright\":\"\",\"focal_length\":\"0\",\"iso\":\"0\",\"shutter_speed\":\"0\",\"title\":\"\",\"orientation\":\"0\",\"keywords\":[]},\"meta\":false,\"postlink\":\"https:\/\/vedruna.org\/con-joaquina-vedrunamerica-camina-hacia-el-bicentenario\/brasil-2-3\/\"}],\"translatedWithWPMLTM\":\"1\",\"itemsMetaDataCollection\":[]}<\/script><script>(function(){if(window.PGC_SGB && window.PGC_SGB.searcher){window.PGC_SGB.searcher.initBlocks()}})()<\/script><\/div>","protected":false},"excerpt":{"rendered":"<p>Le chemin vers le bicentenaire de la Congr\u00e9gation de Vedruna (1826-2026) est parcouru avec espoir, joie et esprit communautaire dans toute la Province de Vedrun America. Dans les \u00e9coles, les communaut\u00e9s et les diff\u00e9rentes \u0153uvres, le charisme de sainte Joaquina de Vedruna continue d&rsquo;inspirer des gestes simples, des rencontres fraternelles et des engagements de service. [&hellip;]<\/p>\n","protected":false},"author":4,"featured_media":29655,"comment_status":"closed","ping_status":"closed","sticky":false,"template":"","format":"standard","meta":{"_et_pb_use_builder":"","_et_pb_old_content":"","_et_gb_content_width":"","pgc_sgb_lightbox_settings":"","footnotes":""},"categories":[449,145,155,311,429,146],"tags":[],"class_list":["post-29654","post","type-post","status-publish","format-standard","has-post-thumbnail","hentry","category-bicentenaire-vedruna","category-bresil","category-perou","category-republique-dominicaine","category-uruguay-fr","category-vedrunamerica-fr"],"yoast_head":"<!-- This site is optimized with the Yoast SEO plugin v27.5 - https:\/\/yoast.com\/product\/yoast-seo-wordpress\/ -->\n<title>Avec Joaquina, VedrunAmerica marche vers le bicentenaire - Carmelitas de la Caridad Vedruna<\/title>\n<meta name=\"description\" content=\"Le chemin vers le bicentenaire de la Congr\u00e9gation de Vedruna (1826-2026) est parcouru avec espoir, joie et esprit communautaire dans toute la Province de Vedrun America.\" \/>\n<meta name=\"robots\" content=\"index, follow, max-snippet:-1, max-image-preview:large, max-video-preview:-1\" \/>\n<link rel=\"canonical\" href=\"https:\/\/vedruna.org\/fr\/avec-joaquina-vedrunamerica-marche-vers-le-bicentenaire\/\" \/>\n<meta property=\"og:locale\" content=\"fr_FR\" \/>\n<meta property=\"og:type\" content=\"article\" \/>\n<meta property=\"og:title\" content=\"Avec Joaquina, VedrunAmerica marche vers le bicentenaire - Carmelitas de la Caridad Vedruna\" \/>\n<meta property=\"og:description\" content=\"Le chemin vers le bicentenaire de la Congr\u00e9gation de Vedruna (1826-2026) est parcouru avec espoir, joie et esprit communautaire dans toute la Province de Vedrun America.\" \/>\n<meta property=\"og:url\" content=\"https:\/\/vedruna.org\/fr\/avec-joaquina-vedrunamerica-marche-vers-le-bicentenaire\/\" \/>\n<meta property=\"og:site_name\" content=\"Carmelitas de la Caridad Vedruna\" \/>\n<meta property=\"article:published_time\" content=\"2025-10-27T12:05:31+00:00\" \/>\n<meta property=\"article:modified_time\" content=\"2025-10-27T12:07:09+00:00\" \/>\n<meta property=\"og:image\" content=\"https:\/\/vedruna.org\/wp-content\/uploads\/2025\/10\/brasil.jpg\" \/>\n\t<meta property=\"og:image:width\" content=\"590\" \/>\n\t<meta property=\"og:image:height\" content=\"444\" \/>\n\t<meta property=\"og:image:type\" content=\"image\/jpeg\" \/>\n<meta name=\"author\" content=\"Comunicaci\u00f3n Vedrunam\u00e9rica\" \/>\n<meta name=\"twitter:card\" content=\"summary_large_image\" \/>\n<meta name=\"twitter:label1\" content=\"\u00c9crit par\" \/>\n\t<meta name=\"twitter:data1\" content=\"Comunicaci\u00f3n Vedrunam\u00e9rica\" \/>\n\t<meta name=\"twitter:label2\" content=\"Dur\u00e9e de lecture estim\u00e9e\" \/>\n\t<meta name=\"twitter:data2\" content=\"3 minutes\" \/>\n<script type=\"application\/ld+json\" class=\"yoast-schema-graph\">{\"@context\":\"https:\\\/\\\/schema.org\",\"@graph\":[{\"@type\":\"Article\",\"@id\":\"https:\\\/\\\/vedruna.org\\\/fr\\\/avec-joaquina-vedrunamerica-marche-vers-le-bicentenaire\\\/#article\",\"isPartOf\":{\"@id\":\"https:\\\/\\\/vedruna.org\\\/fr\\\/avec-joaquina-vedrunamerica-marche-vers-le-bicentenaire\\\/\"},\"author\":{\"name\":\"Comunicaci\u00f3n Vedrunam\u00e9rica\",\"@id\":\"https:\\\/\\\/vedruna.org\\\/fr\\\/#\\\/schema\\\/person\\\/cf468646189533fb6a3aae475663fdc7\"},\"headline\":\"Avec Joaquina, VedrunAmerica marche vers le bicentenaire\",\"datePublished\":\"2025-10-27T12:05:31+00:00\",\"dateModified\":\"2025-10-27T12:07:09+00:00\",\"mainEntityOfPage\":{\"@id\":\"https:\\\/\\\/vedruna.org\\\/fr\\\/avec-joaquina-vedrunamerica-marche-vers-le-bicentenaire\\\/\"},\"wordCount\":646,\"publisher\":{\"@id\":\"https:\\\/\\\/vedruna.org\\\/fr\\\/#organization\"},\"image\":{\"@id\":\"https:\\\/\\\/vedruna.org\\\/fr\\\/avec-joaquina-vedrunamerica-marche-vers-le-bicentenaire\\\/#primaryimage\"},\"thumbnailUrl\":\"https:\\\/\\\/vedruna.org\\\/wp-content\\\/uploads\\\/2025\\\/10\\\/brasil.jpg\",\"articleSection\":[\"Bicentenaire Vedruna\",\"Br\u00e9sil\",\"P\u00e9rou\",\"R\u00e9publique dominicaine\",\"Uruguay\",\"Vedrunamerica\"],\"inLanguage\":\"fr-FR\"},{\"@type\":\"WebPage\",\"@id\":\"https:\\\/\\\/vedruna.org\\\/fr\\\/avec-joaquina-vedrunamerica-marche-vers-le-bicentenaire\\\/\",\"url\":\"https:\\\/\\\/vedruna.org\\\/fr\\\/avec-joaquina-vedrunamerica-marche-vers-le-bicentenaire\\\/\",\"name\":\"Avec Joaquina, VedrunAmerica marche vers le bicentenaire - Carmelitas de la Caridad Vedruna\",\"isPartOf\":{\"@id\":\"https:\\\/\\\/vedruna.org\\\/fr\\\/#website\"},\"primaryImageOfPage\":{\"@id\":\"https:\\\/\\\/vedruna.org\\\/fr\\\/avec-joaquina-vedrunamerica-marche-vers-le-bicentenaire\\\/#primaryimage\"},\"image\":{\"@id\":\"https:\\\/\\\/vedruna.org\\\/fr\\\/avec-joaquina-vedrunamerica-marche-vers-le-bicentenaire\\\/#primaryimage\"},\"thumbnailUrl\":\"https:\\\/\\\/vedruna.org\\\/wp-content\\\/uploads\\\/2025\\\/10\\\/brasil.jpg\",\"datePublished\":\"2025-10-27T12:05:31+00:00\",\"dateModified\":\"2025-10-27T12:07:09+00:00\",\"description\":\"Le chemin vers le bicentenaire de la Congr\u00e9gation de Vedruna (1826-2026) est parcouru avec espoir, joie et esprit communautaire dans toute la Province de Vedrun America.\",\"breadcrumb\":{\"@id\":\"https:\\\/\\\/vedruna.org\\\/fr\\\/avec-joaquina-vedrunamerica-marche-vers-le-bicentenaire\\\/#breadcrumb\"},\"inLanguage\":\"fr-FR\",\"potentialAction\":[{\"@type\":\"ReadAction\",\"target\":[\"https:\\\/\\\/vedruna.org\\\/fr\\\/avec-joaquina-vedrunamerica-marche-vers-le-bicentenaire\\\/\"]}]},{\"@type\":\"ImageObject\",\"inLanguage\":\"fr-FR\",\"@id\":\"https:\\\/\\\/vedruna.org\\\/fr\\\/avec-joaquina-vedrunamerica-marche-vers-le-bicentenaire\\\/#primaryimage\",\"url\":\"https:\\\/\\\/vedruna.org\\\/wp-content\\\/uploads\\\/2025\\\/10\\\/brasil.jpg\",\"contentUrl\":\"https:\\\/\\\/vedruna.org\\\/wp-content\\\/uploads\\\/2025\\\/10\\\/brasil.jpg\",\"width\":590,\"height\":444},{\"@type\":\"BreadcrumbList\",\"@id\":\"https:\\\/\\\/vedruna.org\\\/fr\\\/avec-joaquina-vedrunamerica-marche-vers-le-bicentenaire\\\/#breadcrumb\",\"itemListElement\":[{\"@type\":\"ListItem\",\"position\":1,\"name\":\"Portada\",\"item\":\"https:\\\/\\\/vedruna.org\\\/fr\\\/\"},{\"@type\":\"ListItem\",\"position\":2,\"name\":\"Avec Joaquina, VedrunAmerica marche vers le bicentenaire\"}]},{\"@type\":\"WebSite\",\"@id\":\"https:\\\/\\\/vedruna.org\\\/fr\\\/#website\",\"url\":\"https:\\\/\\\/vedruna.org\\\/fr\\\/\",\"name\":\"Carmelitas de la Caridad Vedruna\",\"description\":\"Carmelitas de la caridad\",\"publisher\":{\"@id\":\"https:\\\/\\\/vedruna.org\\\/fr\\\/#organization\"},\"potentialAction\":[{\"@type\":\"SearchAction\",\"target\":{\"@type\":\"EntryPoint\",\"urlTemplate\":\"https:\\\/\\\/vedruna.org\\\/fr\\\/?s={search_term_string}\"},\"query-input\":{\"@type\":\"PropertyValueSpecification\",\"valueRequired\":true,\"valueName\":\"search_term_string\"}}],\"inLanguage\":\"fr-FR\"},{\"@type\":\"Organization\",\"@id\":\"https:\\\/\\\/vedruna.org\\\/fr\\\/#organization\",\"name\":\"Carmelitas de la caridad Vedruna\",\"url\":\"https:\\\/\\\/vedruna.org\\\/fr\\\/\",\"logo\":{\"@type\":\"ImageObject\",\"inLanguage\":\"fr-FR\",\"@id\":\"https:\\\/\\\/vedruna.org\\\/fr\\\/#\\\/schema\\\/logo\\\/image\\\/\",\"url\":\"https:\\\/\\\/vedruna.org\\\/wp-content\\\/uploads\\\/2022\\\/04\\\/LOGO-VEDRUNA-HORIZONTAL.png\",\"contentUrl\":\"https:\\\/\\\/vedruna.org\\\/wp-content\\\/uploads\\\/2022\\\/04\\\/LOGO-VEDRUNA-HORIZONTAL.png\",\"width\":1200,\"height\":463,\"caption\":\"Carmelitas de la caridad Vedruna\"},\"image\":{\"@id\":\"https:\\\/\\\/vedruna.org\\\/fr\\\/#\\\/schema\\\/logo\\\/image\\\/\"}},{\"@type\":\"Person\",\"@id\":\"https:\\\/\\\/vedruna.org\\\/fr\\\/#\\\/schema\\\/person\\\/cf468646189533fb6a3aae475663fdc7\",\"name\":\"Comunicaci\u00f3n Vedrunam\u00e9rica\",\"image\":{\"@type\":\"ImageObject\",\"inLanguage\":\"fr-FR\",\"@id\":\"https:\\\/\\\/secure.gravatar.com\\\/avatar\\\/b4eff91ff87ece2131a5d31270e1df0a7eeaffece756ce6503fd7dce879d1bfc?s=96&d=mm&r=g\",\"url\":\"https:\\\/\\\/secure.gravatar.com\\\/avatar\\\/b4eff91ff87ece2131a5d31270e1df0a7eeaffece756ce6503fd7dce879d1bfc?s=96&d=mm&r=g\",\"contentUrl\":\"https:\\\/\\\/secure.gravatar.com\\\/avatar\\\/b4eff91ff87ece2131a5d31270e1df0a7eeaffece756ce6503fd7dce879d1bfc?s=96&d=mm&r=g\",\"caption\":\"Comunicaci\u00f3n Vedrunam\u00e9rica\"},\"url\":\"https:\\\/\\\/vedruna.org\\\/fr\\\/author\\\/comunicacion-vedrunamerica\\\/\"}]}<\/script>\n<!-- \/ Yoast SEO plugin. -->","yoast_head_json":{"title":"Avec Joaquina, VedrunAmerica marche vers le bicentenaire - Carmelitas de la Caridad Vedruna","description":"Le chemin vers le bicentenaire de la Congr\u00e9gation de Vedruna (1826-2026) est parcouru avec espoir, joie et esprit communautaire dans toute la Province de Vedrun America.","robots":{"index":"index","follow":"follow","max-snippet":"max-snippet:-1","max-image-preview":"max-image-preview:large","max-video-preview":"max-video-preview:-1"},"canonical":"https:\/\/vedruna.org\/fr\/avec-joaquina-vedrunamerica-marche-vers-le-bicentenaire\/","og_locale":"fr_FR","og_type":"article","og_title":"Avec Joaquina, VedrunAmerica marche vers le bicentenaire - Carmelitas de la Caridad Vedruna","og_description":"Le chemin vers le bicentenaire de la Congr\u00e9gation de Vedruna (1826-2026) est parcouru avec espoir, joie et esprit communautaire dans toute la Province de Vedrun America.","og_url":"https:\/\/vedruna.org\/fr\/avec-joaquina-vedrunamerica-marche-vers-le-bicentenaire\/","og_site_name":"Carmelitas de la Caridad Vedruna","article_published_time":"2025-10-27T12:05:31+00:00","article_modified_time":"2025-10-27T12:07:09+00:00","og_image":[{"width":590,"height":444,"url":"https:\/\/vedruna.org\/wp-content\/uploads\/2025\/10\/brasil.jpg","type":"image\/jpeg"}],"author":"Comunicaci\u00f3n Vedrunam\u00e9rica","twitter_card":"summary_large_image","twitter_misc":{"\u00c9crit par":"Comunicaci\u00f3n Vedrunam\u00e9rica","Dur\u00e9e de lecture estim\u00e9e":"3 minutes"},"schema":{"@context":"https:\/\/schema.org","@graph":[{"@type":"Article","@id":"https:\/\/vedruna.org\/fr\/avec-joaquina-vedrunamerica-marche-vers-le-bicentenaire\/#article","isPartOf":{"@id":"https:\/\/vedruna.org\/fr\/avec-joaquina-vedrunamerica-marche-vers-le-bicentenaire\/"},"author":{"name":"Comunicaci\u00f3n Vedrunam\u00e9rica","@id":"https:\/\/vedruna.org\/fr\/#\/schema\/person\/cf468646189533fb6a3aae475663fdc7"},"headline":"Avec Joaquina, VedrunAmerica marche vers le bicentenaire","datePublished":"2025-10-27T12:05:31+00:00","dateModified":"2025-10-27T12:07:09+00:00","mainEntityOfPage":{"@id":"https:\/\/vedruna.org\/fr\/avec-joaquina-vedrunamerica-marche-vers-le-bicentenaire\/"},"wordCount":646,"publisher":{"@id":"https:\/\/vedruna.org\/fr\/#organization"},"image":{"@id":"https:\/\/vedruna.org\/fr\/avec-joaquina-vedrunamerica-marche-vers-le-bicentenaire\/#primaryimage"},"thumbnailUrl":"https:\/\/vedruna.org\/wp-content\/uploads\/2025\/10\/brasil.jpg","articleSection":["Bicentenaire Vedruna","Br\u00e9sil","P\u00e9rou","R\u00e9publique dominicaine","Uruguay","Vedrunamerica"],"inLanguage":"fr-FR"},{"@type":"WebPage","@id":"https:\/\/vedruna.org\/fr\/avec-joaquina-vedrunamerica-marche-vers-le-bicentenaire\/","url":"https:\/\/vedruna.org\/fr\/avec-joaquina-vedrunamerica-marche-vers-le-bicentenaire\/","name":"Avec Joaquina, VedrunAmerica marche vers le bicentenaire - Carmelitas de la Caridad Vedruna","isPartOf":{"@id":"https:\/\/vedruna.org\/fr\/#website"},"primaryImageOfPage":{"@id":"https:\/\/vedruna.org\/fr\/avec-joaquina-vedrunamerica-marche-vers-le-bicentenaire\/#primaryimage"},"image":{"@id":"https:\/\/vedruna.org\/fr\/avec-joaquina-vedrunamerica-marche-vers-le-bicentenaire\/#primaryimage"},"thumbnailUrl":"https:\/\/vedruna.org\/wp-content\/uploads\/2025\/10\/brasil.jpg","datePublished":"2025-10-27T12:05:31+00:00","dateModified":"2025-10-27T12:07:09+00:00","description":"Le chemin vers le bicentenaire de la Congr\u00e9gation de Vedruna (1826-2026) est parcouru avec espoir, joie et esprit communautaire dans toute la Province de Vedrun America.","breadcrumb":{"@id":"https:\/\/vedruna.org\/fr\/avec-joaquina-vedrunamerica-marche-vers-le-bicentenaire\/#breadcrumb"},"inLanguage":"fr-FR","potentialAction":[{"@type":"ReadAction","target":["https:\/\/vedruna.org\/fr\/avec-joaquina-vedrunamerica-marche-vers-le-bicentenaire\/"]}]},{"@type":"ImageObject","inLanguage":"fr-FR","@id":"https:\/\/vedruna.org\/fr\/avec-joaquina-vedrunamerica-marche-vers-le-bicentenaire\/#primaryimage","url":"https:\/\/vedruna.org\/wp-content\/uploads\/2025\/10\/brasil.jpg","contentUrl":"https:\/\/vedruna.org\/wp-content\/uploads\/2025\/10\/brasil.jpg","width":590,"height":444},{"@type":"BreadcrumbList","@id":"https:\/\/vedruna.org\/fr\/avec-joaquina-vedrunamerica-marche-vers-le-bicentenaire\/#breadcrumb","itemListElement":[{"@type":"ListItem","position":1,"name":"Portada","item":"https:\/\/vedruna.org\/fr\/"},{"@type":"ListItem","position":2,"name":"Avec Joaquina, VedrunAmerica marche vers le bicentenaire"}]},{"@type":"WebSite","@id":"https:\/\/vedruna.org\/fr\/#website","url":"https:\/\/vedruna.org\/fr\/","name":"Carmelitas de la Caridad Vedruna","description":"Carmelitas de la caridad","publisher":{"@id":"https:\/\/vedruna.org\/fr\/#organization"},"potentialAction":[{"@type":"SearchAction","target":{"@type":"EntryPoint","urlTemplate":"https:\/\/vedruna.org\/fr\/?s={search_term_string}"},"query-input":{"@type":"PropertyValueSpecification","valueRequired":true,"valueName":"search_term_string"}}],"inLanguage":"fr-FR"},{"@type":"Organization","@id":"https:\/\/vedruna.org\/fr\/#organization","name":"Carmelitas de la caridad Vedruna","url":"https:\/\/vedruna.org\/fr\/","logo":{"@type":"ImageObject","inLanguage":"fr-FR","@id":"https:\/\/vedruna.org\/fr\/#\/schema\/logo\/image\/","url":"https:\/\/vedruna.org\/wp-content\/uploads\/2022\/04\/LOGO-VEDRUNA-HORIZONTAL.png","contentUrl":"https:\/\/vedruna.org\/wp-content\/uploads\/2022\/04\/LOGO-VEDRUNA-HORIZONTAL.png","width":1200,"height":463,"caption":"Carmelitas de la caridad Vedruna"},"image":{"@id":"https:\/\/vedruna.org\/fr\/#\/schema\/logo\/image\/"}},{"@type":"Person","@id":"https:\/\/vedruna.org\/fr\/#\/schema\/person\/cf468646189533fb6a3aae475663fdc7","name":"Comunicaci\u00f3n Vedrunam\u00e9rica","image":{"@type":"ImageObject","inLanguage":"fr-FR","@id":"https:\/\/secure.gravatar.com\/avatar\/b4eff91ff87ece2131a5d31270e1df0a7eeaffece756ce6503fd7dce879d1bfc?s=96&d=mm&r=g","url":"https:\/\/secure.gravatar.com\/avatar\/b4eff91ff87ece2131a5d31270e1df0a7eeaffece756ce6503fd7dce879d1bfc?s=96&d=mm&r=g","contentUrl":"https:\/\/secure.gravatar.com\/avatar\/b4eff91ff87ece2131a5d31270e1df0a7eeaffece756ce6503fd7dce879d1bfc?s=96&d=mm&r=g","caption":"Comunicaci\u00f3n Vedrunam\u00e9rica"},"url":"https:\/\/vedruna.org\/fr\/author\/comunicacion-vedrunamerica\/"}]}},"_links":{"self":[{"href":"https:\/\/vedruna.org\/fr\/wp-json\/wp\/v2\/posts\/29654","targetHints":{"allow":["GET"]}}],"collection":[{"href":"https:\/\/vedruna.org\/fr\/wp-json\/wp\/v2\/posts"}],"about":[{"href":"https:\/\/vedruna.org\/fr\/wp-json\/wp\/v2\/types\/post"}],"author":[{"embeddable":true,"href":"https:\/\/vedruna.org\/fr\/wp-json\/wp\/v2\/users\/4"}],"replies":[{"embeddable":true,"href":"https:\/\/vedruna.org\/fr\/wp-json\/wp\/v2\/comments?post=29654"}],"version-history":[{"count":6,"href":"https:\/\/vedruna.org\/fr\/wp-json\/wp\/v2\/posts\/29654\/revisions"}],"predecessor-version":[{"id":29668,"href":"https:\/\/vedruna.org\/fr\/wp-json\/wp\/v2\/posts\/29654\/revisions\/29668"}],"wp:featuredmedia":[{"embeddable":true,"href":"https:\/\/vedruna.org\/fr\/wp-json\/wp\/v2\/media\/29655"}],"wp:attachment":[{"href":"https:\/\/vedruna.org\/fr\/wp-json\/wp\/v2\/media?parent=29654"}],"wp:term":[{"taxonomy":"category","embeddable":true,"href":"https:\/\/vedruna.org\/fr\/wp-json\/wp\/v2\/categories?post=29654"},{"taxonomy":"post_tag","embeddable":true,"href":"https:\/\/vedruna.org\/fr\/wp-json\/wp\/v2\/tags?post=29654"}],"curies":[{"name":"wp","href":"https:\/\/api.w.org\/{rel}","templated":true}]}}