{"id":29674,"date":"2025-10-27T14:53:19","date_gmt":"2025-10-27T13:53:19","guid":{"rendered":"https:\/\/vedruna.org\/el-carmelo-de-cagua-au-venezuela-realise-la-marche-ecologique-vers-le-bicentenaire\/"},"modified":"2025-10-27T14:54:31","modified_gmt":"2025-10-27T13:54:31","slug":"el-carmelo-de-cagua-au-venezuela-realise-la-marche-ecologique-vers-le-bicentenaire","status":"publish","type":"post","link":"https:\/\/vedruna.org\/fr\/el-carmelo-de-cagua-au-venezuela-realise-la-marche-ecologique-vers-le-bicentenaire\/","title":{"rendered":"El Carmelo de Cagua, au Venezuela, r\u00e9alise la \u00ab\u00a0Marche \u00e9cologique vers le bicentenaire\u00a0\u00bb."},"content":{"rendered":"\n<p>La cr\u00e9ativit\u00e9 nous remplit de joie, d&rsquo;espoir et renforce notre parcours en tant que peuple r\u00e9silient.<\/p>\n\n<p>Une fois de plus, nous nous r\u00e9unissons en famille pour c\u00e9l\u00e9brer la sant\u00e9, la vie et la joie de savoir que nous sommes les enfants d&rsquo;un Dieu cr\u00e9ateur. Ensemble, nous sommes appel\u00e9s \u00e0 prendre soin de notre maison commune et \u00e0 la prot\u00e9ger, dans un sens \u00e9cologique synodal. <\/p>\n\n<p>Nous concr\u00e9tisons cette <strong>\u00ab\u00a0marche ensemble\u00a0\u00bb<\/strong> dans le cadre de notre devise pour l&rsquo;ann\u00e9e : <strong>\u00ab\u00a0Vedruna in synodality\u00a0\u00bb.<\/strong><\/p>\n\n<p>C&rsquo;est aussi une mani\u00e8re cr\u00e9ative et globale de repr\u00e9senter que <strong>nous entrons dans l&rsquo;ann\u00e9e du bicentenaire<\/strong> avec joie, \u00e9nergie et enthousiasme.<\/p>\n\n<p>Cette famille, nous la disons aujourd&rsquo;hui : Vedruna en synodalit\u00e9, sur le chemin des 200 ans de la Fondation.  <\/p>\n\n<p class=\"has-text-align-right\"><strong>Prof. Carolina Quintero, Coordinaci\u00f3n Pastoral Venezuela<\/strong><\/p>\n<div class=\"pgc-sgb-cb wp-block-pgcsimplygalleryblock-justified \" data-gallery-id=\"02105234\"><div class=\"sgb-preloader\" id=\"pr_02105234\">\n\t<div class=\"sgb-square\" style=\"background:#d4d4d4\"><\/div>\n\t<div class=\"sgb-square\" style=\"background:#d4d4d4\"><\/div>\n\t<div class=\"sgb-square\" style=\"background:#d4d4d4\"><\/div>\n\t<div class=\"sgb-square\" style=\"background:#d4d4d4\"><\/div><\/div><div class=\"simply-gallery-amp pgc_sgb_slider \"><noscript><div class=\"sgb-gallery\"><div class=\"sgb-item\"><a href=\"https:\/\/vedruna.org\/?attachment_id=29603\" target=\"_blank\"><img decoding=\"async\" alt=\"\" width=\"182\" height=\"300\" loading=\"lazy\" src=\"https:\/\/vedruna.org\/wp-content\/uploads\/2025\/10\/1-4-3-182x300.jpg\" srcset=\"https:\/\/vedruna.org\/wp-content\/uploads\/2025\/10\/1-4-3-182x300.jpg 182w,https:\/\/vedruna.org\/wp-content\/uploads\/2025\/10\/1-4-3.jpg 608w\" sizes=\"250px\"\/><\/a><\/div><div class=\"sgb-item\"><a href=\"https:\/\/vedruna.org\/?attachment_id=29608\" target=\"_blank\"><img decoding=\"async\" alt=\"\" width=\"225\" height=\"300\" loading=\"lazy\" src=\"https:\/\/vedruna.org\/wp-content\/uploads\/2025\/10\/1-1-2-225x300.jpg\" srcset=\"https:\/\/vedruna.org\/wp-content\/uploads\/2025\/10\/1-1-2-225x300.jpg 225w,https:\/\/vedruna.org\/wp-content\/uploads\/2025\/10\/1-1-2-768x1024.jpg 768w,https:\/\/vedruna.org\/wp-content\/uploads\/2025\/10\/1-1-2.jpg 960w\" sizes=\"250px\"\/><\/a><\/div><div class=\"sgb-item\"><a href=\"https:\/\/vedruna.org\/?attachment_id=29607\" target=\"_blank\"><img decoding=\"async\" alt=\"\" width=\"225\" height=\"300\" loading=\"lazy\" src=\"https:\/\/vedruna.org\/wp-content\/uploads\/2025\/10\/1-3-3-225x300.jpg\" srcset=\"https:\/\/vedruna.org\/wp-content\/uploads\/2025\/10\/1-3-3-225x300.jpg 225w,https:\/\/vedruna.org\/wp-content\/uploads\/2025\/10\/1-3-3-768x1024.jpg 768w,https:\/\/vedruna.org\/wp-content\/uploads\/2025\/10\/1-3-3.jpg 810w\" sizes=\"250px\"\/><\/a><\/div><div class=\"sgb-item\"><a href=\"https:\/\/vedruna.org\/?attachment_id=29604\" target=\"_blank\"><img decoding=\"async\" alt=\"\" width=\"226\" height=\"300\" loading=\"lazy\" src=\"https:\/\/vedruna.org\/wp-content\/uploads\/2025\/10\/1-5-2-226x300.jpg\" srcset=\"https:\/\/vedruna.org\/wp-content\/uploads\/2025\/10\/1-5-2-226x300.jpg 226w,https:\/\/vedruna.org\/wp-content\/uploads\/2025\/10\/1-5-2.jpg 768w\" sizes=\"250px\"\/><\/a><\/div><div class=\"sgb-item\"><a href=\"https:\/\/vedruna.org\/?attachment_id=29611\" target=\"_blank\"><img decoding=\"async\" alt=\"\" width=\"225\" height=\"300\" loading=\"lazy\" src=\"https:\/\/vedruna.org\/wp-content\/uploads\/2025\/10\/1-6-1-225x300.jpg\" srcset=\"https:\/\/vedruna.org\/wp-content\/uploads\/2025\/10\/1-6-1-225x300.jpg 225w,https:\/\/vedruna.org\/wp-content\/uploads\/2025\/10\/1-6-1-768x1024.jpg 768w,https:\/\/vedruna.org\/wp-content\/uploads\/2025\/10\/1-6-1.jpg 810w\" sizes=\"250px\"\/><\/a><\/div><div class=\"sgb-item\"><a href=\"https:\/\/vedruna.org\/?attachment_id=29610\" target=\"_blank\"><img decoding=\"async\" alt=\"\" width=\"225\" height=\"300\" loading=\"lazy\" src=\"https:\/\/vedruna.org\/wp-content\/uploads\/2025\/10\/1-7-1-225x300.jpg\" srcset=\"https:\/\/vedruna.org\/wp-content\/uploads\/2025\/10\/1-7-1-225x300.jpg 225w,https:\/\/vedruna.org\/wp-content\/uploads\/2025\/10\/1-7-1-768x1024.jpg 768w,https:\/\/vedruna.org\/wp-content\/uploads\/2025\/10\/1-7-1.jpg 810w\" sizes=\"250px\"\/><\/a><\/div><div class=\"sgb-item\"><a href=\"https:\/\/vedruna.org\/?attachment_id=29606\" target=\"_blank\"><img decoding=\"async\" alt=\"\" width=\"169\" height=\"300\" loading=\"lazy\" src=\"https:\/\/vedruna.org\/wp-content\/uploads\/2025\/10\/1-8-169x300.jpg\" srcset=\"https:\/\/vedruna.org\/wp-content\/uploads\/2025\/10\/1-8-169x300.jpg 169w,https:\/\/vedruna.org\/wp-content\/uploads\/2025\/10\/1-8-576x1024.jpg 576w,https:\/\/vedruna.org\/wp-content\/uploads\/2025\/10\/1-8.jpg 607w\" sizes=\"250px\"\/><\/a><\/div><div class=\"sgb-item\"><a href=\"https:\/\/vedruna.org\/?attachment_id=29605\" target=\"_blank\"><img decoding=\"async\" alt=\"\" width=\"169\" height=\"300\" loading=\"lazy\" src=\"https:\/\/vedruna.org\/wp-content\/uploads\/2025\/10\/1-9-169x300.jpg\" srcset=\"https:\/\/vedruna.org\/wp-content\/uploads\/2025\/10\/1-9-169x300.jpg 169w,https:\/\/vedruna.org\/wp-content\/uploads\/2025\/10\/1-9-576x1024.jpg 576w,https:\/\/vedruna.org\/wp-content\/uploads\/2025\/10\/1-9.jpg 607w\" sizes=\"250px\"\/><\/a><\/div><div class=\"sgb-item\"><a href=\"https:\/\/vedruna.org\/?attachment_id=29609\" target=\"_blank\"><img decoding=\"async\" alt=\"\" width=\"225\" height=\"300\" loading=\"lazy\" src=\"https:\/\/vedruna.org\/wp-content\/uploads\/2025\/10\/1-10-225x300.jpg\" srcset=\"https:\/\/vedruna.org\/wp-content\/uploads\/2025\/10\/1-10-225x300.jpg 225w,https:\/\/vedruna.org\/wp-content\/uploads\/2025\/10\/1-10-768x1024.jpg 768w,https:\/\/vedruna.org\/wp-content\/uploads\/2025\/10\/1-10.jpg 810w\" sizes=\"250px\"\/><\/a><\/div><\/div><\/noscript><\/div><script type=\"application\/json\" class=\"sgb-data\">{\"lastRowFill\":true,\"collectionThumbMiniScreenScale\":true,\"externalLink\":false,\"captions\":false,\"collectionThumbSubMenuDownload\":false,\"collectionThumbSubMenuShare\":false,\"galleryType\":\"pgc_sgb_justified\",\"galleryId\":\"02105234\",\"images\":[{\"id\":29603,\"title\":\"1 (4)\",\"url\":\"https:\/\/vedruna.org\/wp-content\/uploads\/2025\/10\/1-4-3.jpg\",\"link\":\"https:\/\/vedruna.org\/?attachment_id=29603\",\"alt\":\"\",\"description\":\"\",\"caption\":\"\",\"mime\":\"image\/jpeg\",\"type\":\"image\",\"width\":608,\"height\":1000,\"sizes\":{\"thumbnail\":{\"height\":150,\"width\":150,\"url\":\"https:\/\/vedruna.org\/wp-content\/uploads\/2025\/10\/1-4-3-150x150.jpg\",\"orientation\":\"landscape\"},\"medium\":{\"height\":300,\"width\":182,\"url\":\"https:\/\/vedruna.org\/wp-content\/uploads\/2025\/10\/1-4-3-182x300.jpg\",\"orientation\":\"portrait\"},\"full\":{\"url\":\"https:\/\/vedruna.org\/wp-content\/uploads\/2025\/10\/1-4-3.jpg\",\"height\":1000,\"width\":608,\"orientation\":\"portrait\"}},\"imageMeta\":{\"aperture\":\"0\",\"credit\":\"\",\"camera\":\"\",\"caption\":\"\",\"created_timestamp\":\"0\",\"copyright\":\"\",\"focal_length\":\"0\",\"iso\":\"0\",\"shutter_speed\":\"0\",\"title\":\"\",\"orientation\":\"0\",\"keywords\":[]},\"meta\":false,\"postlink\":\"https:\/\/vedruna.org\/?attachment_id=29603\"},{\"id\":29608,\"title\":\"1 (1)\",\"url\":\"https:\/\/vedruna.org\/wp-content\/uploads\/2025\/10\/1-1-2.jpg\",\"link\":\"https:\/\/vedruna.org\/?attachment_id=29608\",\"alt\":\"\",\"description\":\"\",\"caption\":\"\",\"mime\":\"image\/jpeg\",\"type\":\"image\",\"width\":960,\"height\":1280,\"sizes\":{\"thumbnail\":{\"height\":150,\"width\":150,\"url\":\"https:\/\/vedruna.org\/wp-content\/uploads\/2025\/10\/1-1-2-150x150.jpg\",\"orientation\":\"landscape\"},\"medium\":{\"height\":300,\"width\":225,\"url\":\"https:\/\/vedruna.org\/wp-content\/uploads\/2025\/10\/1-1-2-225x300.jpg\",\"orientation\":\"portrait\"},\"large\":{\"height\":1024,\"width\":768,\"url\":\"https:\/\/vedruna.org\/wp-content\/uploads\/2025\/10\/1-1-2-768x1024.jpg\",\"orientation\":\"portrait\"},\"full\":{\"url\":\"https:\/\/vedruna.org\/wp-content\/uploads\/2025\/10\/1-1-2.jpg\",\"height\":1280,\"width\":960,\"orientation\":\"portrait\"}},\"imageMeta\":{\"aperture\":\"0\",\"credit\":\"\",\"camera\":\"\",\"caption\":\"\",\"created_timestamp\":\"0\",\"copyright\":\"\",\"focal_length\":\"0\",\"iso\":\"0\",\"shutter_speed\":\"0\",\"title\":\"\",\"orientation\":\"0\",\"keywords\":[]},\"meta\":false,\"postlink\":\"https:\/\/vedruna.org\/?attachment_id=29608\"},{\"id\":29607,\"title\":\"1 (3)\",\"url\":\"https:\/\/vedruna.org\/wp-content\/uploads\/2025\/10\/1-3-3.jpg\",\"link\":\"https:\/\/vedruna.org\/?attachment_id=29607\",\"alt\":\"\",\"description\":\"\",\"caption\":\"\",\"mime\":\"image\/jpeg\",\"type\":\"image\",\"width\":810,\"height\":1080,\"sizes\":{\"thumbnail\":{\"height\":150,\"width\":150,\"url\":\"https:\/\/vedruna.org\/wp-content\/uploads\/2025\/10\/1-3-3-150x150.jpg\",\"orientation\":\"landscape\"},\"medium\":{\"height\":300,\"width\":225,\"url\":\"https:\/\/vedruna.org\/wp-content\/uploads\/2025\/10\/1-3-3-225x300.jpg\",\"orientation\":\"portrait\"},\"large\":{\"height\":1024,\"width\":768,\"url\":\"https:\/\/vedruna.org\/wp-content\/uploads\/2025\/10\/1-3-3-768x1024.jpg\",\"orientation\":\"portrait\"},\"full\":{\"url\":\"https:\/\/vedruna.org\/wp-content\/uploads\/2025\/10\/1-3-3.jpg\",\"height\":1080,\"width\":810,\"orientation\":\"portrait\"}},\"imageMeta\":{\"aperture\":\"0\",\"credit\":\"\",\"camera\":\"\",\"caption\":\"\",\"created_timestamp\":\"0\",\"copyright\":\"\",\"focal_length\":\"0\",\"iso\":\"0\",\"shutter_speed\":\"0\",\"title\":\"\",\"orientation\":\"0\",\"keywords\":[]},\"meta\":false,\"postlink\":\"https:\/\/vedruna.org\/?attachment_id=29607\"},{\"id\":29604,\"title\":\"1 (5)\",\"url\":\"https:\/\/vedruna.org\/wp-content\/uploads\/2025\/10\/1-5-2.jpg\",\"link\":\"https:\/\/vedruna.org\/?attachment_id=29604\",\"alt\":\"\",\"description\":\"\",\"caption\":\"\",\"mime\":\"image\/jpeg\",\"type\":\"image\",\"width\":768,\"height\":1020,\"sizes\":{\"thumbnail\":{\"height\":150,\"width\":150,\"url\":\"https:\/\/vedruna.org\/wp-content\/uploads\/2025\/10\/1-5-2-150x150.jpg\",\"orientation\":\"landscape\"},\"medium\":{\"height\":300,\"width\":226,\"url\":\"https:\/\/vedruna.org\/wp-content\/uploads\/2025\/10\/1-5-2-226x300.jpg\",\"orientation\":\"portrait\"},\"full\":{\"url\":\"https:\/\/vedruna.org\/wp-content\/uploads\/2025\/10\/1-5-2.jpg\",\"height\":1020,\"width\":768,\"orientation\":\"portrait\"}},\"imageMeta\":{\"aperture\":\"0\",\"credit\":\"\",\"camera\":\"\",\"caption\":\"\",\"created_timestamp\":\"0\",\"copyright\":\"\",\"focal_length\":\"0\",\"iso\":\"0\",\"shutter_speed\":\"0\",\"title\":\"\",\"orientation\":\"0\",\"keywords\":[]},\"meta\":false,\"postlink\":\"https:\/\/vedruna.org\/?attachment_id=29604\"},{\"id\":29611,\"title\":\"1 (6)\",\"url\":\"https:\/\/vedruna.org\/wp-content\/uploads\/2025\/10\/1-6-1.jpg\",\"link\":\"https:\/\/vedruna.org\/?attachment_id=29611\",\"alt\":\"\",\"description\":\"\",\"caption\":\"\",\"mime\":\"image\/jpeg\",\"type\":\"image\",\"width\":810,\"height\":1080,\"sizes\":{\"thumbnail\":{\"height\":150,\"width\":150,\"url\":\"https:\/\/vedruna.org\/wp-content\/uploads\/2025\/10\/1-6-1-150x150.jpg\",\"orientation\":\"landscape\"},\"medium\":{\"height\":300,\"width\":225,\"url\":\"https:\/\/vedruna.org\/wp-content\/uploads\/2025\/10\/1-6-1-225x300.jpg\",\"orientation\":\"portrait\"},\"large\":{\"height\":1024,\"width\":768,\"url\":\"https:\/\/vedruna.org\/wp-content\/uploads\/2025\/10\/1-6-1-768x1024.jpg\",\"orientation\":\"portrait\"},\"full\":{\"url\":\"https:\/\/vedruna.org\/wp-content\/uploads\/2025\/10\/1-6-1.jpg\",\"height\":1080,\"width\":810,\"orientation\":\"portrait\"}},\"imageMeta\":{\"aperture\":\"0\",\"credit\":\"\",\"camera\":\"\",\"caption\":\"\",\"created_timestamp\":\"0\",\"copyright\":\"\",\"focal_length\":\"0\",\"iso\":\"0\",\"shutter_speed\":\"0\",\"title\":\"\",\"orientation\":\"0\",\"keywords\":[]},\"meta\":false,\"postlink\":\"https:\/\/vedruna.org\/?attachment_id=29611\"},{\"id\":29610,\"title\":\"1 (7)\",\"url\":\"https:\/\/vedruna.org\/wp-content\/uploads\/2025\/10\/1-7-1.jpg\",\"link\":\"https:\/\/vedruna.org\/?attachment_id=29610\",\"alt\":\"\",\"description\":\"\",\"caption\":\"\",\"mime\":\"image\/jpeg\",\"type\":\"image\",\"width\":810,\"height\":1080,\"sizes\":{\"thumbnail\":{\"height\":150,\"width\":150,\"url\":\"https:\/\/vedruna.org\/wp-content\/uploads\/2025\/10\/1-7-1-150x150.jpg\",\"orientation\":\"landscape\"},\"medium\":{\"height\":300,\"width\":225,\"url\":\"https:\/\/vedruna.org\/wp-content\/uploads\/2025\/10\/1-7-1-225x300.jpg\",\"orientation\":\"portrait\"},\"large\":{\"height\":1024,\"width\":768,\"url\":\"https:\/\/vedruna.org\/wp-content\/uploads\/2025\/10\/1-7-1-768x1024.jpg\",\"orientation\":\"portrait\"},\"full\":{\"url\":\"https:\/\/vedruna.org\/wp-content\/uploads\/2025\/10\/1-7-1.jpg\",\"height\":1080,\"width\":810,\"orientation\":\"portrait\"}},\"imageMeta\":{\"aperture\":\"0\",\"credit\":\"\",\"camera\":\"\",\"caption\":\"\",\"created_timestamp\":\"0\",\"copyright\":\"\",\"focal_length\":\"0\",\"iso\":\"0\",\"shutter_speed\":\"0\",\"title\":\"\",\"orientation\":\"0\",\"keywords\":[]},\"meta\":false,\"postlink\":\"https:\/\/vedruna.org\/?attachment_id=29610\"},{\"id\":29606,\"title\":\"1 (8)\",\"url\":\"https:\/\/vedruna.org\/wp-content\/uploads\/2025\/10\/1-8.jpg\",\"link\":\"https:\/\/vedruna.org\/?attachment_id=29606\",\"alt\":\"\",\"description\":\"\",\"caption\":\"\",\"mime\":\"image\/jpeg\",\"type\":\"image\",\"width\":607,\"height\":1080,\"sizes\":{\"thumbnail\":{\"height\":150,\"width\":150,\"url\":\"https:\/\/vedruna.org\/wp-content\/uploads\/2025\/10\/1-8-150x150.jpg\",\"orientation\":\"landscape\"},\"medium\":{\"height\":300,\"width\":169,\"url\":\"https:\/\/vedruna.org\/wp-content\/uploads\/2025\/10\/1-8-169x300.jpg\",\"orientation\":\"portrait\"},\"large\":{\"height\":1024,\"width\":576,\"url\":\"https:\/\/vedruna.org\/wp-content\/uploads\/2025\/10\/1-8-576x1024.jpg\",\"orientation\":\"portrait\"},\"full\":{\"url\":\"https:\/\/vedruna.org\/wp-content\/uploads\/2025\/10\/1-8.jpg\",\"height\":1080,\"width\":607,\"orientation\":\"portrait\"}},\"imageMeta\":{\"aperture\":\"0\",\"credit\":\"\",\"camera\":\"\",\"caption\":\"\",\"created_timestamp\":\"0\",\"copyright\":\"\",\"focal_length\":\"0\",\"iso\":\"0\",\"shutter_speed\":\"0\",\"title\":\"\",\"orientation\":\"0\",\"keywords\":[]},\"meta\":false,\"postlink\":\"https:\/\/vedruna.org\/?attachment_id=29606\"},{\"id\":29605,\"title\":\"1 (9)\",\"url\":\"https:\/\/vedruna.org\/wp-content\/uploads\/2025\/10\/1-9.jpg\",\"link\":\"https:\/\/vedruna.org\/?attachment_id=29605\",\"alt\":\"\",\"description\":\"\",\"caption\":\"\",\"mime\":\"image\/jpeg\",\"type\":\"image\",\"width\":607,\"height\":1080,\"sizes\":{\"thumbnail\":{\"height\":150,\"width\":150,\"url\":\"https:\/\/vedruna.org\/wp-content\/uploads\/2025\/10\/1-9-150x150.jpg\",\"orientation\":\"landscape\"},\"medium\":{\"height\":300,\"width\":169,\"url\":\"https:\/\/vedruna.org\/wp-content\/uploads\/2025\/10\/1-9-169x300.jpg\",\"orientation\":\"portrait\"},\"large\":{\"height\":1024,\"width\":576,\"url\":\"https:\/\/vedruna.org\/wp-content\/uploads\/2025\/10\/1-9-576x1024.jpg\",\"orientation\":\"portrait\"},\"full\":{\"url\":\"https:\/\/vedruna.org\/wp-content\/uploads\/2025\/10\/1-9.jpg\",\"height\":1080,\"width\":607,\"orientation\":\"portrait\"}},\"imageMeta\":{\"aperture\":\"0\",\"credit\":\"\",\"camera\":\"\",\"caption\":\"\",\"created_timestamp\":\"0\",\"copyright\":\"\",\"focal_length\":\"0\",\"iso\":\"0\",\"shutter_speed\":\"0\",\"title\":\"\",\"orientation\":\"0\",\"keywords\":[]},\"meta\":false,\"postlink\":\"https:\/\/vedruna.org\/?attachment_id=29605\"},{\"id\":29609,\"title\":\"1 (10)\",\"url\":\"https:\/\/vedruna.org\/wp-content\/uploads\/2025\/10\/1-10.jpg\",\"link\":\"https:\/\/vedruna.org\/?attachment_id=29609\",\"alt\":\"\",\"description\":\"\",\"caption\":\"\",\"mime\":\"image\/jpeg\",\"type\":\"image\",\"width\":810,\"height\":1080,\"sizes\":{\"thumbnail\":{\"height\":150,\"width\":150,\"url\":\"https:\/\/vedruna.org\/wp-content\/uploads\/2025\/10\/1-10-150x150.jpg\",\"orientation\":\"landscape\"},\"medium\":{\"height\":300,\"width\":225,\"url\":\"https:\/\/vedruna.org\/wp-content\/uploads\/2025\/10\/1-10-225x300.jpg\",\"orientation\":\"portrait\"},\"large\":{\"height\":1024,\"width\":768,\"url\":\"https:\/\/vedruna.org\/wp-content\/uploads\/2025\/10\/1-10-768x1024.jpg\",\"orientation\":\"portrait\"},\"full\":{\"url\":\"https:\/\/vedruna.org\/wp-content\/uploads\/2025\/10\/1-10.jpg\",\"height\":1080,\"width\":810,\"orientation\":\"portrait\"}},\"imageMeta\":{\"aperture\":\"0\",\"credit\":\"\",\"camera\":\"\",\"caption\":\"\",\"created_timestamp\":\"0\",\"copyright\":\"\",\"focal_length\":\"0\",\"iso\":\"0\",\"shutter_speed\":\"0\",\"title\":\"\",\"orientation\":\"0\",\"keywords\":[]},\"meta\":false,\"postlink\":\"https:\/\/vedruna.org\/?attachment_id=29609\"}],\"translatedWithWPMLTM\":\"1\",\"itemsMetaDataCollection\":[]}<\/script><script>(function(){if(window.PGC_SGB && window.PGC_SGB.searcher){window.PGC_SGB.searcher.initBlocks()}})()<\/script><\/div>","protected":false},"excerpt":{"rendered":"<p>La cr\u00e9ativit\u00e9 nous remplit de joie, d&rsquo;espoir et renforce notre parcours en tant que peuple r\u00e9silient. Une fois de plus, nous nous r\u00e9unissons en famille pour c\u00e9l\u00e9brer la sant\u00e9, la vie et la joie de savoir que nous sommes les enfants d&rsquo;un Dieu cr\u00e9ateur. Ensemble, nous sommes appel\u00e9s \u00e0 prendre soin de notre maison commune [&hellip;]<\/p>\n","protected":false},"author":4,"featured_media":29675,"comment_status":"closed","ping_status":"closed","sticky":false,"template":"","format":"standard","meta":{"_et_pb_use_builder":"","_et_pb_old_content":"","_et_gb_content_width":"","pgc_sgb_lightbox_settings":"","footnotes":""},"categories":[449,338,92],"tags":[],"class_list":["post-29674","post","type-post","status-publish","format-standard","has-post-thumbnail","hentry","category-bicentenaire-vedruna","category-maracay-fr","category-venezuela-fr"],"yoast_head":"<!-- This site is optimized with the Yoast SEO plugin v27.5 - https:\/\/yoast.com\/product\/yoast-seo-wordpress\/ -->\n<title>El Carmelo de Cagua, au Venezuela, r\u00e9alise la &quot;Marche \u00e9cologique vers le bicentenaire&quot;. - Carmelitas de la Caridad Vedruna<\/title>\n<meta name=\"description\" content=\"Une fois de plus, nous nous r\u00e9unissons en famille pour c\u00e9l\u00e9brer la sant\u00e9, la vie et la joie de savoir que nous sommes les enfants d&#039;un Dieu cr\u00e9ateur. Ensemble, nous sommes appel\u00e9s \u00e0 prendre soin de notre maison commune et \u00e0 la prot\u00e9ger, dans un sens \u00e9cologique synodal.\" \/>\n<meta name=\"robots\" content=\"index, follow, max-snippet:-1, max-image-preview:large, max-video-preview:-1\" \/>\n<link rel=\"canonical\" href=\"https:\/\/vedruna.org\/fr\/el-carmelo-de-cagua-au-venezuela-realise-la-marche-ecologique-vers-le-bicentenaire\/\" \/>\n<meta property=\"og:locale\" content=\"fr_FR\" \/>\n<meta property=\"og:type\" content=\"article\" \/>\n<meta property=\"og:title\" content=\"El Carmelo de Cagua, au Venezuela, r\u00e9alise la &quot;Marche \u00e9cologique vers le bicentenaire&quot;. - Carmelitas de la Caridad Vedruna\" \/>\n<meta property=\"og:description\" content=\"Une fois de plus, nous nous r\u00e9unissons en famille pour c\u00e9l\u00e9brer la sant\u00e9, la vie et la joie de savoir que nous sommes les enfants d&#039;un Dieu cr\u00e9ateur. Ensemble, nous sommes appel\u00e9s \u00e0 prendre soin de notre maison commune et \u00e0 la prot\u00e9ger, dans un sens \u00e9cologique synodal.\" \/>\n<meta property=\"og:url\" content=\"https:\/\/vedruna.org\/fr\/el-carmelo-de-cagua-au-venezuela-realise-la-marche-ecologique-vers-le-bicentenaire\/\" \/>\n<meta property=\"og:site_name\" content=\"Carmelitas de la Caridad Vedruna\" \/>\n<meta property=\"article:published_time\" content=\"2025-10-27T13:53:19+00:00\" \/>\n<meta property=\"article:modified_time\" content=\"2025-10-27T13:54:31+00:00\" \/>\n<meta property=\"og:image\" content=\"https:\/\/vedruna.org\/wp-content\/uploads\/2025\/10\/princiapl.jpg\" \/>\n\t<meta property=\"og:image:width\" content=\"1080\" \/>\n\t<meta property=\"og:image:height\" content=\"810\" \/>\n\t<meta property=\"og:image:type\" content=\"image\/jpeg\" \/>\n<meta name=\"author\" content=\"Comunicaci\u00f3n Vedrunam\u00e9rica\" \/>\n<meta name=\"twitter:card\" content=\"summary_large_image\" \/>\n<meta name=\"twitter:label1\" content=\"\u00c9crit par\" \/>\n\t<meta name=\"twitter:data1\" content=\"Comunicaci\u00f3n Vedrunam\u00e9rica\" \/>\n\t<meta name=\"twitter:label2\" content=\"Dur\u00e9e de lecture estim\u00e9e\" \/>\n\t<meta name=\"twitter:data2\" content=\"1 minute\" \/>\n<script type=\"application\/ld+json\" class=\"yoast-schema-graph\">{\"@context\":\"https:\\\/\\\/schema.org\",\"@graph\":[{\"@type\":\"Article\",\"@id\":\"https:\\\/\\\/vedruna.org\\\/fr\\\/el-carmelo-de-cagua-au-venezuela-realise-la-marche-ecologique-vers-le-bicentenaire\\\/#article\",\"isPartOf\":{\"@id\":\"https:\\\/\\\/vedruna.org\\\/fr\\\/el-carmelo-de-cagua-au-venezuela-realise-la-marche-ecologique-vers-le-bicentenaire\\\/\"},\"author\":{\"name\":\"Comunicaci\u00f3n Vedrunam\u00e9rica\",\"@id\":\"https:\\\/\\\/vedruna.org\\\/fr\\\/#\\\/schema\\\/person\\\/cf468646189533fb6a3aae475663fdc7\"},\"headline\":\"El Carmelo de Cagua, au Venezuela, r\u00e9alise la \u00ab\u00a0Marche \u00e9cologique vers le bicentenaire\u00a0\u00bb.\",\"datePublished\":\"2025-10-27T13:53:19+00:00\",\"dateModified\":\"2025-10-27T13:54:31+00:00\",\"mainEntityOfPage\":{\"@id\":\"https:\\\/\\\/vedruna.org\\\/fr\\\/el-carmelo-de-cagua-au-venezuela-realise-la-marche-ecologique-vers-le-bicentenaire\\\/\"},\"wordCount\":157,\"publisher\":{\"@id\":\"https:\\\/\\\/vedruna.org\\\/fr\\\/#organization\"},\"image\":{\"@id\":\"https:\\\/\\\/vedruna.org\\\/fr\\\/el-carmelo-de-cagua-au-venezuela-realise-la-marche-ecologique-vers-le-bicentenaire\\\/#primaryimage\"},\"thumbnailUrl\":\"https:\\\/\\\/vedruna.org\\\/wp-content\\\/uploads\\\/2025\\\/10\\\/princiapl.jpg\",\"articleSection\":[\"Bicentenaire Vedruna\",\"Maracay\",\"Venezuela\"],\"inLanguage\":\"fr-FR\"},{\"@type\":\"WebPage\",\"@id\":\"https:\\\/\\\/vedruna.org\\\/fr\\\/el-carmelo-de-cagua-au-venezuela-realise-la-marche-ecologique-vers-le-bicentenaire\\\/\",\"url\":\"https:\\\/\\\/vedruna.org\\\/fr\\\/el-carmelo-de-cagua-au-venezuela-realise-la-marche-ecologique-vers-le-bicentenaire\\\/\",\"name\":\"El Carmelo de Cagua, au Venezuela, r\u00e9alise la \\\"Marche \u00e9cologique vers le bicentenaire\\\". - Carmelitas de la Caridad Vedruna\",\"isPartOf\":{\"@id\":\"https:\\\/\\\/vedruna.org\\\/fr\\\/#website\"},\"primaryImageOfPage\":{\"@id\":\"https:\\\/\\\/vedruna.org\\\/fr\\\/el-carmelo-de-cagua-au-venezuela-realise-la-marche-ecologique-vers-le-bicentenaire\\\/#primaryimage\"},\"image\":{\"@id\":\"https:\\\/\\\/vedruna.org\\\/fr\\\/el-carmelo-de-cagua-au-venezuela-realise-la-marche-ecologique-vers-le-bicentenaire\\\/#primaryimage\"},\"thumbnailUrl\":\"https:\\\/\\\/vedruna.org\\\/wp-content\\\/uploads\\\/2025\\\/10\\\/princiapl.jpg\",\"datePublished\":\"2025-10-27T13:53:19+00:00\",\"dateModified\":\"2025-10-27T13:54:31+00:00\",\"description\":\"Une fois de plus, nous nous r\u00e9unissons en famille pour c\u00e9l\u00e9brer la sant\u00e9, la vie et la joie de savoir que nous sommes les enfants d'un Dieu cr\u00e9ateur. Ensemble, nous sommes appel\u00e9s \u00e0 prendre soin de notre maison commune et \u00e0 la prot\u00e9ger, dans un sens \u00e9cologique synodal.\",\"breadcrumb\":{\"@id\":\"https:\\\/\\\/vedruna.org\\\/fr\\\/el-carmelo-de-cagua-au-venezuela-realise-la-marche-ecologique-vers-le-bicentenaire\\\/#breadcrumb\"},\"inLanguage\":\"fr-FR\",\"potentialAction\":[{\"@type\":\"ReadAction\",\"target\":[\"https:\\\/\\\/vedruna.org\\\/fr\\\/el-carmelo-de-cagua-au-venezuela-realise-la-marche-ecologique-vers-le-bicentenaire\\\/\"]}]},{\"@type\":\"ImageObject\",\"inLanguage\":\"fr-FR\",\"@id\":\"https:\\\/\\\/vedruna.org\\\/fr\\\/el-carmelo-de-cagua-au-venezuela-realise-la-marche-ecologique-vers-le-bicentenaire\\\/#primaryimage\",\"url\":\"https:\\\/\\\/vedruna.org\\\/wp-content\\\/uploads\\\/2025\\\/10\\\/princiapl.jpg\",\"contentUrl\":\"https:\\\/\\\/vedruna.org\\\/wp-content\\\/uploads\\\/2025\\\/10\\\/princiapl.jpg\",\"width\":1080,\"height\":810},{\"@type\":\"BreadcrumbList\",\"@id\":\"https:\\\/\\\/vedruna.org\\\/fr\\\/el-carmelo-de-cagua-au-venezuela-realise-la-marche-ecologique-vers-le-bicentenaire\\\/#breadcrumb\",\"itemListElement\":[{\"@type\":\"ListItem\",\"position\":1,\"name\":\"Portada\",\"item\":\"https:\\\/\\\/vedruna.org\\\/fr\\\/\"},{\"@type\":\"ListItem\",\"position\":2,\"name\":\"El Carmelo de Cagua, au Venezuela, r\u00e9alise la \u00ab\u00a0Marche \u00e9cologique vers le bicentenaire\u00a0\u00bb.\"}]},{\"@type\":\"WebSite\",\"@id\":\"https:\\\/\\\/vedruna.org\\\/fr\\\/#website\",\"url\":\"https:\\\/\\\/vedruna.org\\\/fr\\\/\",\"name\":\"Carmelitas de la Caridad Vedruna\",\"description\":\"Carmelitas de la caridad\",\"publisher\":{\"@id\":\"https:\\\/\\\/vedruna.org\\\/fr\\\/#organization\"},\"potentialAction\":[{\"@type\":\"SearchAction\",\"target\":{\"@type\":\"EntryPoint\",\"urlTemplate\":\"https:\\\/\\\/vedruna.org\\\/fr\\\/?s={search_term_string}\"},\"query-input\":{\"@type\":\"PropertyValueSpecification\",\"valueRequired\":true,\"valueName\":\"search_term_string\"}}],\"inLanguage\":\"fr-FR\"},{\"@type\":\"Organization\",\"@id\":\"https:\\\/\\\/vedruna.org\\\/fr\\\/#organization\",\"name\":\"Carmelitas de la caridad Vedruna\",\"url\":\"https:\\\/\\\/vedruna.org\\\/fr\\\/\",\"logo\":{\"@type\":\"ImageObject\",\"inLanguage\":\"fr-FR\",\"@id\":\"https:\\\/\\\/vedruna.org\\\/fr\\\/#\\\/schema\\\/logo\\\/image\\\/\",\"url\":\"https:\\\/\\\/vedruna.org\\\/wp-content\\\/uploads\\\/2022\\\/04\\\/LOGO-VEDRUNA-HORIZONTAL.png\",\"contentUrl\":\"https:\\\/\\\/vedruna.org\\\/wp-content\\\/uploads\\\/2022\\\/04\\\/LOGO-VEDRUNA-HORIZONTAL.png\",\"width\":1200,\"height\":463,\"caption\":\"Carmelitas de la caridad Vedruna\"},\"image\":{\"@id\":\"https:\\\/\\\/vedruna.org\\\/fr\\\/#\\\/schema\\\/logo\\\/image\\\/\"}},{\"@type\":\"Person\",\"@id\":\"https:\\\/\\\/vedruna.org\\\/fr\\\/#\\\/schema\\\/person\\\/cf468646189533fb6a3aae475663fdc7\",\"name\":\"Comunicaci\u00f3n Vedrunam\u00e9rica\",\"image\":{\"@type\":\"ImageObject\",\"inLanguage\":\"fr-FR\",\"@id\":\"https:\\\/\\\/secure.gravatar.com\\\/avatar\\\/b4eff91ff87ece2131a5d31270e1df0a7eeaffece756ce6503fd7dce879d1bfc?s=96&d=mm&r=g\",\"url\":\"https:\\\/\\\/secure.gravatar.com\\\/avatar\\\/b4eff91ff87ece2131a5d31270e1df0a7eeaffece756ce6503fd7dce879d1bfc?s=96&d=mm&r=g\",\"contentUrl\":\"https:\\\/\\\/secure.gravatar.com\\\/avatar\\\/b4eff91ff87ece2131a5d31270e1df0a7eeaffece756ce6503fd7dce879d1bfc?s=96&d=mm&r=g\",\"caption\":\"Comunicaci\u00f3n Vedrunam\u00e9rica\"},\"url\":\"https:\\\/\\\/vedruna.org\\\/fr\\\/author\\\/comunicacion-vedrunamerica\\\/\"}]}<\/script>\n<!-- \/ Yoast SEO plugin. -->","yoast_head_json":{"title":"El Carmelo de Cagua, au Venezuela, r\u00e9alise la \"Marche \u00e9cologique vers le bicentenaire\". - Carmelitas de la Caridad Vedruna","description":"Une fois de plus, nous nous r\u00e9unissons en famille pour c\u00e9l\u00e9brer la sant\u00e9, la vie et la joie de savoir que nous sommes les enfants d'un Dieu cr\u00e9ateur. Ensemble, nous sommes appel\u00e9s \u00e0 prendre soin de notre maison commune et \u00e0 la prot\u00e9ger, dans un sens \u00e9cologique synodal.","robots":{"index":"index","follow":"follow","max-snippet":"max-snippet:-1","max-image-preview":"max-image-preview:large","max-video-preview":"max-video-preview:-1"},"canonical":"https:\/\/vedruna.org\/fr\/el-carmelo-de-cagua-au-venezuela-realise-la-marche-ecologique-vers-le-bicentenaire\/","og_locale":"fr_FR","og_type":"article","og_title":"El Carmelo de Cagua, au Venezuela, r\u00e9alise la \"Marche \u00e9cologique vers le bicentenaire\". - Carmelitas de la Caridad Vedruna","og_description":"Une fois de plus, nous nous r\u00e9unissons en famille pour c\u00e9l\u00e9brer la sant\u00e9, la vie et la joie de savoir que nous sommes les enfants d'un Dieu cr\u00e9ateur. Ensemble, nous sommes appel\u00e9s \u00e0 prendre soin de notre maison commune et \u00e0 la prot\u00e9ger, dans un sens \u00e9cologique synodal.","og_url":"https:\/\/vedruna.org\/fr\/el-carmelo-de-cagua-au-venezuela-realise-la-marche-ecologique-vers-le-bicentenaire\/","og_site_name":"Carmelitas de la Caridad Vedruna","article_published_time":"2025-10-27T13:53:19+00:00","article_modified_time":"2025-10-27T13:54:31+00:00","og_image":[{"width":1080,"height":810,"url":"https:\/\/vedruna.org\/wp-content\/uploads\/2025\/10\/princiapl.jpg","type":"image\/jpeg"}],"author":"Comunicaci\u00f3n Vedrunam\u00e9rica","twitter_card":"summary_large_image","twitter_misc":{"\u00c9crit par":"Comunicaci\u00f3n Vedrunam\u00e9rica","Dur\u00e9e de lecture estim\u00e9e":"1 minute"},"schema":{"@context":"https:\/\/schema.org","@graph":[{"@type":"Article","@id":"https:\/\/vedruna.org\/fr\/el-carmelo-de-cagua-au-venezuela-realise-la-marche-ecologique-vers-le-bicentenaire\/#article","isPartOf":{"@id":"https:\/\/vedruna.org\/fr\/el-carmelo-de-cagua-au-venezuela-realise-la-marche-ecologique-vers-le-bicentenaire\/"},"author":{"name":"Comunicaci\u00f3n Vedrunam\u00e9rica","@id":"https:\/\/vedruna.org\/fr\/#\/schema\/person\/cf468646189533fb6a3aae475663fdc7"},"headline":"El Carmelo de Cagua, au Venezuela, r\u00e9alise la \u00ab\u00a0Marche \u00e9cologique vers le bicentenaire\u00a0\u00bb.","datePublished":"2025-10-27T13:53:19+00:00","dateModified":"2025-10-27T13:54:31+00:00","mainEntityOfPage":{"@id":"https:\/\/vedruna.org\/fr\/el-carmelo-de-cagua-au-venezuela-realise-la-marche-ecologique-vers-le-bicentenaire\/"},"wordCount":157,"publisher":{"@id":"https:\/\/vedruna.org\/fr\/#organization"},"image":{"@id":"https:\/\/vedruna.org\/fr\/el-carmelo-de-cagua-au-venezuela-realise-la-marche-ecologique-vers-le-bicentenaire\/#primaryimage"},"thumbnailUrl":"https:\/\/vedruna.org\/wp-content\/uploads\/2025\/10\/princiapl.jpg","articleSection":["Bicentenaire Vedruna","Maracay","Venezuela"],"inLanguage":"fr-FR"},{"@type":"WebPage","@id":"https:\/\/vedruna.org\/fr\/el-carmelo-de-cagua-au-venezuela-realise-la-marche-ecologique-vers-le-bicentenaire\/","url":"https:\/\/vedruna.org\/fr\/el-carmelo-de-cagua-au-venezuela-realise-la-marche-ecologique-vers-le-bicentenaire\/","name":"El Carmelo de Cagua, au Venezuela, r\u00e9alise la \"Marche \u00e9cologique vers le bicentenaire\". - Carmelitas de la Caridad Vedruna","isPartOf":{"@id":"https:\/\/vedruna.org\/fr\/#website"},"primaryImageOfPage":{"@id":"https:\/\/vedruna.org\/fr\/el-carmelo-de-cagua-au-venezuela-realise-la-marche-ecologique-vers-le-bicentenaire\/#primaryimage"},"image":{"@id":"https:\/\/vedruna.org\/fr\/el-carmelo-de-cagua-au-venezuela-realise-la-marche-ecologique-vers-le-bicentenaire\/#primaryimage"},"thumbnailUrl":"https:\/\/vedruna.org\/wp-content\/uploads\/2025\/10\/princiapl.jpg","datePublished":"2025-10-27T13:53:19+00:00","dateModified":"2025-10-27T13:54:31+00:00","description":"Une fois de plus, nous nous r\u00e9unissons en famille pour c\u00e9l\u00e9brer la sant\u00e9, la vie et la joie de savoir que nous sommes les enfants d'un Dieu cr\u00e9ateur. Ensemble, nous sommes appel\u00e9s \u00e0 prendre soin de notre maison commune et \u00e0 la prot\u00e9ger, dans un sens \u00e9cologique synodal.","breadcrumb":{"@id":"https:\/\/vedruna.org\/fr\/el-carmelo-de-cagua-au-venezuela-realise-la-marche-ecologique-vers-le-bicentenaire\/#breadcrumb"},"inLanguage":"fr-FR","potentialAction":[{"@type":"ReadAction","target":["https:\/\/vedruna.org\/fr\/el-carmelo-de-cagua-au-venezuela-realise-la-marche-ecologique-vers-le-bicentenaire\/"]}]},{"@type":"ImageObject","inLanguage":"fr-FR","@id":"https:\/\/vedruna.org\/fr\/el-carmelo-de-cagua-au-venezuela-realise-la-marche-ecologique-vers-le-bicentenaire\/#primaryimage","url":"https:\/\/vedruna.org\/wp-content\/uploads\/2025\/10\/princiapl.jpg","contentUrl":"https:\/\/vedruna.org\/wp-content\/uploads\/2025\/10\/princiapl.jpg","width":1080,"height":810},{"@type":"BreadcrumbList","@id":"https:\/\/vedruna.org\/fr\/el-carmelo-de-cagua-au-venezuela-realise-la-marche-ecologique-vers-le-bicentenaire\/#breadcrumb","itemListElement":[{"@type":"ListItem","position":1,"name":"Portada","item":"https:\/\/vedruna.org\/fr\/"},{"@type":"ListItem","position":2,"name":"El Carmelo de Cagua, au Venezuela, r\u00e9alise la \u00ab\u00a0Marche \u00e9cologique vers le bicentenaire\u00a0\u00bb."}]},{"@type":"WebSite","@id":"https:\/\/vedruna.org\/fr\/#website","url":"https:\/\/vedruna.org\/fr\/","name":"Carmelitas de la Caridad Vedruna","description":"Carmelitas de la caridad","publisher":{"@id":"https:\/\/vedruna.org\/fr\/#organization"},"potentialAction":[{"@type":"SearchAction","target":{"@type":"EntryPoint","urlTemplate":"https:\/\/vedruna.org\/fr\/?s={search_term_string}"},"query-input":{"@type":"PropertyValueSpecification","valueRequired":true,"valueName":"search_term_string"}}],"inLanguage":"fr-FR"},{"@type":"Organization","@id":"https:\/\/vedruna.org\/fr\/#organization","name":"Carmelitas de la caridad Vedruna","url":"https:\/\/vedruna.org\/fr\/","logo":{"@type":"ImageObject","inLanguage":"fr-FR","@id":"https:\/\/vedruna.org\/fr\/#\/schema\/logo\/image\/","url":"https:\/\/vedruna.org\/wp-content\/uploads\/2022\/04\/LOGO-VEDRUNA-HORIZONTAL.png","contentUrl":"https:\/\/vedruna.org\/wp-content\/uploads\/2022\/04\/LOGO-VEDRUNA-HORIZONTAL.png","width":1200,"height":463,"caption":"Carmelitas de la caridad Vedruna"},"image":{"@id":"https:\/\/vedruna.org\/fr\/#\/schema\/logo\/image\/"}},{"@type":"Person","@id":"https:\/\/vedruna.org\/fr\/#\/schema\/person\/cf468646189533fb6a3aae475663fdc7","name":"Comunicaci\u00f3n Vedrunam\u00e9rica","image":{"@type":"ImageObject","inLanguage":"fr-FR","@id":"https:\/\/secure.gravatar.com\/avatar\/b4eff91ff87ece2131a5d31270e1df0a7eeaffece756ce6503fd7dce879d1bfc?s=96&d=mm&r=g","url":"https:\/\/secure.gravatar.com\/avatar\/b4eff91ff87ece2131a5d31270e1df0a7eeaffece756ce6503fd7dce879d1bfc?s=96&d=mm&r=g","contentUrl":"https:\/\/secure.gravatar.com\/avatar\/b4eff91ff87ece2131a5d31270e1df0a7eeaffece756ce6503fd7dce879d1bfc?s=96&d=mm&r=g","caption":"Comunicaci\u00f3n Vedrunam\u00e9rica"},"url":"https:\/\/vedruna.org\/fr\/author\/comunicacion-vedrunamerica\/"}]}},"_links":{"self":[{"href":"https:\/\/vedruna.org\/fr\/wp-json\/wp\/v2\/posts\/29674","targetHints":{"allow":["GET"]}}],"collection":[{"href":"https:\/\/vedruna.org\/fr\/wp-json\/wp\/v2\/posts"}],"about":[{"href":"https:\/\/vedruna.org\/fr\/wp-json\/wp\/v2\/types\/post"}],"author":[{"embeddable":true,"href":"https:\/\/vedruna.org\/fr\/wp-json\/wp\/v2\/users\/4"}],"replies":[{"embeddable":true,"href":"https:\/\/vedruna.org\/fr\/wp-json\/wp\/v2\/comments?post=29674"}],"version-history":[{"count":1,"href":"https:\/\/vedruna.org\/fr\/wp-json\/wp\/v2\/posts\/29674\/revisions"}],"predecessor-version":[{"id":29676,"href":"https:\/\/vedruna.org\/fr\/wp-json\/wp\/v2\/posts\/29674\/revisions\/29676"}],"wp:featuredmedia":[{"embeddable":true,"href":"https:\/\/vedruna.org\/fr\/wp-json\/wp\/v2\/media\/29675"}],"wp:attachment":[{"href":"https:\/\/vedruna.org\/fr\/wp-json\/wp\/v2\/media?parent=29674"}],"wp:term":[{"taxonomy":"category","embeddable":true,"href":"https:\/\/vedruna.org\/fr\/wp-json\/wp\/v2\/categories?post=29674"},{"taxonomy":"post_tag","embeddable":true,"href":"https:\/\/vedruna.org\/fr\/wp-json\/wp\/v2\/tags?post=29674"}],"curies":[{"name":"wp","href":"https:\/\/api.w.org\/{rel}","templated":true}]}}