{"id":31145,"date":"2025-11-27T14:23:30","date_gmt":"2025-11-27T13:23:30","guid":{"rendered":"https:\/\/vedruna.org\/tisser-des-chemins-de-lumiere-et-despoir-iie-rencontre-virtuelle-des-laics-de-vedruna-perou\/"},"modified":"2025-11-27T14:25:25","modified_gmt":"2025-11-27T13:25:25","slug":"tisser-des-chemins-de-lumiere-et-despoir-iie-rencontre-virtuelle-des-laics-de-vedruna-perou","status":"publish","type":"post","link":"https:\/\/vedruna.org\/fr\/tisser-des-chemins-de-lumiere-et-despoir-iie-rencontre-virtuelle-des-laics-de-vedruna-perou\/","title":{"rendered":"Tisser des chemins de lumi\u00e8re et d&rsquo;espoir : IIe Rencontre virtuelle des la\u00efcs de Vedruna P\u00e9rou"},"content":{"rendered":"\n<h3 class=\"wp-block-heading has-text-align-center\">Le dimanche 16 novembre, nous avons c\u00e9l\u00e9br\u00e9, de mani\u00e8re virtuelle, la <strong>IIe Rencontre interm\u00e9diaire des la\u00efcs de Vedruna<\/strong>, avec la devise <strong>\u00ab\u00a0Avancer dans l&rsquo;esp\u00e9rance\u00a0\u00bb.<\/strong><\/h3>\n\n<div style=\"height:25px\" aria-hidden=\"true\" class=\"wp-block-spacer\"><\/div>\n\n<p>\u00c0 8 heures du matin, nous avons r\u00e9uni ponctuellement les communaut\u00e9s \u00a0\u00bb Marcher avec Joaquina \u00ab\u00a0, \u00a0\u00bb \u00c9poux \u00e0 la mode de Vedruna \u00a0\u00bb et \u00a0\u00bb Suivants de Joaquina \u00a0\u00bb de Sullana ; la communaut\u00e9 de Celend\u00edn ; Gina Pardo et la communaut\u00e9 d&rsquo;El Ermita\u00f1o \u00e0 Lima ; ainsi que les Compagnons de route : Mar\u00eda Jos\u00e9 Gimeno, Rubelia Reto (liaison du P\u00e9rou) et Alicia Zanichelli, Provinciale d&rsquo;Am\u00e9rique. Au total, <strong>35 la\u00efcs et 8 s\u0153urs<\/strong> y ont particip\u00e9. <\/p>\n\n<p>La <strong>pri\u00e8re d&rsquo;ouverture et les salutations<\/strong> ont ouvert la r\u00e9union. Ensuite, nous avons travaill\u00e9 sur le th\u00e8me : <strong>\u00a0\u00bb Pr\u00e9parant sa venue, nous accueillons son arriv\u00e9e \u00ab\u00a0,<\/strong> anim\u00e9 par Sr <strong>Inma Eibe, ccv<\/strong>, et nous avons avanc\u00e9 dans l&rsquo;organisation des c\u00e9l\u00e9brations du Bicentenaire. <\/p>\n\n<p>. Inma nous a rappel\u00e9 que l <strong>&lsquo;Avent est un temps de pr\u00e9paration et d&rsquo;opportunit\u00e9<\/strong>. Chaque ann\u00e9e, l&rsquo;Eglise nous donne une p\u00e9riode prolong\u00e9e pour revoir nos vies \u00e0 la lumi\u00e8re de la Parole et pour contempler le myst\u00e8re d&rsquo;un Dieu qui se fait enfant. Il ne s&rsquo;agit pas seulement d&rsquo;attendre un \u00e9v\u00e9nement futur, mais de reconna\u00eetre que la Venue se produit aussi <g id=\"gid_1\">ici et maintenant<\/g>. Nous ne sommes pas de simples spectateurs, mais <g id=\"gid_2\">les protagonistes<\/g> d&rsquo;une rencontre qui a d\u00e9j\u00e0 lieu, parce que Celui que nous attendons nous a \u00e9t\u00e9 donn\u00e9 d\u00e8s le d\u00e9but (cf. Jn 1,1.9-10). Son appel a \u00e9t\u00e9 d&rsquo;<strong>accueillir nos bruits int\u00e9rieurs<\/strong>, de les pr\u00e9senter au Seigneur et de retrouver notre \u00e9tonnement pour nous ouvrir au Myst\u00e8re.    <\/p>\n\n<p>Ensuite, nous avons pass\u00e9 en revue les <strong>activit\u00e9s du bicentenaire<\/strong>, en \u00e9valuant celles qui ont d\u00e9j\u00e0 \u00e9t\u00e9 r\u00e9alis\u00e9es et en encourageant celles qui sont encore en cours de r\u00e9alisation. Les <g id=\"gid_1\">nouvelles \u00e9quipes<\/g> ont \u00e9t\u00e9 pr\u00e9sent\u00e9es, en remerciant avec affection et gratitude le service des \u00e9quipes sortantes et de l&rsquo;\u00e9quipe nationale -Ela Mondrag\u00f3n, Anita C\u00f3rdova et Charo Alvarado-. Nous demandons la b\u00e9n\u00e9diction du Seigneur et l&rsquo;accompagnement de la <strong>famille Vedruna<\/strong>, afin que Sainte Joaquina et le Bon J\u00e9sus puissent renforcer leur mission.  <\/p>\n\n<p>Certains <strong>d\u00e9fis pour cette nouvelle p\u00e9riode<\/strong> ont \u00e9t\u00e9 d\u00e9finis :<\/p>\n\n<ul class=\"wp-block-list\">\n<li>Approfondir le travail sur la spiritualit\u00e9 int\u00e9grale, \u00e9cologique et synodale.<\/li>\n\n\n\n<li>Lire, r\u00e9fl\u00e9chir et incarner le chapitre <strong>Born Again<\/strong>.<\/li>\n\n\n\n<li>Participer activement aux r\u00e9unions et aux espaces de formation.<\/li>\n\n\n\n<li>\u00c9laborer un projet commun entre toutes les communaut\u00e9s du P\u00e9rou pour renforcer l&rsquo;\u00e9ducation int\u00e9grale.<\/li>\n\n\n\n<li>Encouragez une communication fluide et r\u00e9ciproque.<\/li>\n<\/ul>\n\n<p>Enfin, S\u0153ur Mar\u00eda Jos\u00e9 <strong>a envoy\u00e9<\/strong> les nouvelles \u00e9quipes des communaut\u00e9s et du pays. <\/p>\n\n<p>Dans un esprit reconnaissant et renouvel\u00e9, nous r\u00e9affirmons notre engagement :<\/p>\n\n<p class=\"has-text-align-center\"><strong>Travaillons pour la gloire de Dieu et le bien de notre prochain !<\/strong><\/p>\n\n<p class=\"has-text-align-right\"><strong>Charo Alvarado, la\u00efque de la Vedruna \u00e0 Celend\u00edn<\/strong><\/p>\n<div class=\"pgc-sgb-cb wp-block-pgcsimplygalleryblock-justified \" data-gallery-id=\"29638030\"><div class=\"sgb-preloader\" id=\"pr_29638030\">\n\t<div class=\"sgb-square\" style=\"background:#d4d4d4\"><\/div>\n\t<div class=\"sgb-square\" style=\"background:#d4d4d4\"><\/div>\n\t<div class=\"sgb-square\" style=\"background:#d4d4d4\"><\/div>\n\t<div class=\"sgb-square\" style=\"background:#d4d4d4\"><\/div><\/div><div class=\"simply-gallery-amp pgc_sgb_slider \"><noscript><div class=\"sgb-gallery\"><div class=\"sgb-item\"><a href=\"https:\/\/vedruna.org\/?attachment_id=31110\" target=\"_blank\"><img decoding=\"async\" alt=\"\" width=\"300\" height=\"142\" loading=\"lazy\" src=\"https:\/\/vedruna.org\/wp-content\/uploads\/2025\/11\/Imagen1-300x142.png\" srcset=\"https:\/\/vedruna.org\/wp-content\/uploads\/2025\/11\/Imagen1-300x142.png 300w,https:\/\/vedruna.org\/wp-content\/uploads\/2025\/11\/Imagen1.png 936w\" sizes=\"250px\"\/><\/a><\/div><div class=\"sgb-item\"><a href=\"https:\/\/vedruna.org\/?attachment_id=31111\" target=\"_blank\"><img decoding=\"async\" alt=\"\" width=\"300\" height=\"181\" loading=\"lazy\" src=\"https:\/\/vedruna.org\/wp-content\/uploads\/2025\/11\/IMG-20251126-WA0001-300x181.jpg\" srcset=\"https:\/\/vedruna.org\/wp-content\/uploads\/2025\/11\/IMG-20251126-WA0001-300x181.jpg 300w,https:\/\/vedruna.org\/wp-content\/uploads\/2025\/11\/IMG-20251126-WA0001-1024x618.jpg 1024w,https:\/\/vedruna.org\/wp-content\/uploads\/2025\/11\/IMG-20251126-WA0001.jpg 1049w\" sizes=\"250px\"\/><\/a><\/div><\/div><\/noscript><\/div><script type=\"application\/json\" class=\"sgb-data\">{\"lastRowFill\":true,\"externalLink\":false,\"captions\":false,\"collectionThumbSubMenuDownload\":false,\"collectionThumbSubMenuShare\":false,\"galleryType\":\"pgc_sgb_justified\",\"galleryId\":\"29638030\",\"images\":[{\"id\":31110,\"title\":\"Imagen1\",\"url\":\"https:\/\/vedruna.org\/wp-content\/uploads\/2025\/11\/Imagen1.png\",\"link\":\"https:\/\/vedruna.org\/?attachment_id=31110\",\"alt\":\"\",\"description\":\"\",\"caption\":\"\",\"mime\":\"image\/png\",\"type\":\"image\",\"width\":936,\"height\":444,\"sizes\":{\"thumbnail\":{\"height\":150,\"width\":150,\"url\":\"https:\/\/vedruna.org\/wp-content\/uploads\/2025\/11\/Imagen1-150x150.png\",\"orientation\":\"landscape\"},\"medium\":{\"height\":142,\"width\":300,\"url\":\"https:\/\/vedruna.org\/wp-content\/uploads\/2025\/11\/Imagen1-300x142.png\",\"orientation\":\"landscape\"},\"full\":{\"url\":\"https:\/\/vedruna.org\/wp-content\/uploads\/2025\/11\/Imagen1.png\",\"height\":444,\"width\":936,\"orientation\":\"landscape\"}},\"imageMeta\":{\"aperture\":\"0\",\"credit\":\"\",\"camera\":\"\",\"caption\":\"\",\"created_timestamp\":\"0\",\"copyright\":\"\",\"focal_length\":\"0\",\"iso\":\"0\",\"shutter_speed\":\"0\",\"title\":\"\",\"orientation\":\"0\",\"keywords\":[]},\"meta\":false,\"postlink\":\"https:\/\/vedruna.org\/?attachment_id=31110\"},{\"id\":31111,\"title\":\"IMG-20251126-WA0001\",\"url\":\"https:\/\/vedruna.org\/wp-content\/uploads\/2025\/11\/IMG-20251126-WA0001.jpg\",\"link\":\"https:\/\/vedruna.org\/?attachment_id=31111\",\"alt\":\"\",\"description\":\"\",\"caption\":\"\",\"mime\":\"image\/jpeg\",\"type\":\"image\",\"width\":1049,\"height\":633,\"sizes\":{\"thumbnail\":{\"height\":150,\"width\":150,\"url\":\"https:\/\/vedruna.org\/wp-content\/uploads\/2025\/11\/IMG-20251126-WA0001-150x150.jpg\",\"orientation\":\"landscape\"},\"medium\":{\"height\":181,\"width\":300,\"url\":\"https:\/\/vedruna.org\/wp-content\/uploads\/2025\/11\/IMG-20251126-WA0001-300x181.jpg\",\"orientation\":\"landscape\"},\"large\":{\"height\":618,\"width\":1024,\"url\":\"https:\/\/vedruna.org\/wp-content\/uploads\/2025\/11\/IMG-20251126-WA0001-1024x618.jpg\",\"orientation\":\"landscape\"},\"full\":{\"url\":\"https:\/\/vedruna.org\/wp-content\/uploads\/2025\/11\/IMG-20251126-WA0001.jpg\",\"height\":633,\"width\":1049,\"orientation\":\"landscape\"}},\"imageMeta\":{\"aperture\":\"0\",\"credit\":\"\",\"camera\":\"\",\"caption\":\"\",\"created_timestamp\":\"0\",\"copyright\":\"\",\"focal_length\":\"0\",\"iso\":\"0\",\"shutter_speed\":\"0\",\"title\":\"\",\"orientation\":\"0\",\"keywords\":[]},\"meta\":false,\"postlink\":\"https:\/\/vedruna.org\/?attachment_id=31111\"}],\"translatedWithWPMLTM\":\"1\",\"itemsMetaDataCollection\":[]}<\/script><script>(function(){if(window.PGC_SGB && window.PGC_SGB.searcher){window.PGC_SGB.searcher.initBlocks()}})()<\/script><\/div>","protected":false},"excerpt":{"rendered":"<p>Le dimanche 16 novembre, nous avons c\u00e9l\u00e9br\u00e9, de mani\u00e8re virtuelle, la IIe Rencontre interm\u00e9diaire des la\u00efcs de Vedruna, avec la devise \u00ab\u00a0Avancer dans l&rsquo;esp\u00e9rance\u00a0\u00bb. \u00c0 8 heures du matin, nous avons r\u00e9uni ponctuellement les communaut\u00e9s \u00a0\u00bb Marcher avec Joaquina \u00ab\u00a0, \u00a0\u00bb \u00c9poux \u00e0 la mode de Vedruna \u00a0\u00bb et \u00a0\u00bb Suivants de Joaquina \u00a0\u00bb de [&hellip;]<\/p>\n","protected":false},"author":4,"featured_media":31146,"comment_status":"closed","ping_status":"closed","sticky":false,"template":"","format":"standard","meta":{"_et_pb_use_builder":"","_et_pb_old_content":"","_et_gb_content_width":"","pgc_sgb_lightbox_settings":"","footnotes":""},"categories":[332,155,306,146],"tags":[],"class_list":["post-31145","post","type-post","status-publish","format-standard","has-post-thumbnail","hentry","category-avent-2023","category-perou","category-vedruna-laity-fr","category-vedrunamerica-fr"],"yoast_head":"<!-- This site is optimized with the Yoast SEO plugin v27.5 - https:\/\/yoast.com\/product\/yoast-seo-wordpress\/ -->\n<title>Tisser des chemins de lumi\u00e8re et d&#039;espoir : IIe Rencontre virtuelle des la\u00efcs de Vedruna P\u00e9rou - Carmelitas de la Caridad Vedruna<\/title>\n<meta name=\"description\" content=\"Le dimanche 16 novembre, nous avons c\u00e9l\u00e9br\u00e9, de mani\u00e8re virtuelle, la IIe Rencontre interm\u00e9diaire des la\u00efcs de Vedruna, avec la devise &quot;Avancer dans l&#039;esp\u00e9rance&quot;.\" \/>\n<meta name=\"robots\" content=\"index, follow, max-snippet:-1, max-image-preview:large, max-video-preview:-1\" \/>\n<link rel=\"canonical\" href=\"https:\/\/vedruna.org\/fr\/tisser-des-chemins-de-lumiere-et-despoir-iie-rencontre-virtuelle-des-laics-de-vedruna-perou\/\" \/>\n<meta property=\"og:locale\" content=\"fr_FR\" \/>\n<meta property=\"og:type\" content=\"article\" \/>\n<meta property=\"og:title\" content=\"Tisser des chemins de lumi\u00e8re et d&#039;espoir : IIe Rencontre virtuelle des la\u00efcs de Vedruna P\u00e9rou - Carmelitas de la Caridad Vedruna\" \/>\n<meta property=\"og:description\" content=\"Le dimanche 16 novembre, nous avons c\u00e9l\u00e9br\u00e9, de mani\u00e8re virtuelle, la IIe Rencontre interm\u00e9diaire des la\u00efcs de Vedruna, avec la devise &quot;Avancer dans l&#039;esp\u00e9rance&quot;.\" \/>\n<meta property=\"og:url\" content=\"https:\/\/vedruna.org\/fr\/tisser-des-chemins-de-lumiere-et-despoir-iie-rencontre-virtuelle-des-laics-de-vedruna-perou\/\" \/>\n<meta property=\"og:site_name\" content=\"Carmelitas de la Caridad Vedruna\" \/>\n<meta property=\"article:published_time\" content=\"2025-11-27T13:23:30+00:00\" \/>\n<meta property=\"article:modified_time\" content=\"2025-11-27T13:25:25+00:00\" \/>\n<meta property=\"og:image\" content=\"https:\/\/vedruna.org\/wp-content\/uploads\/2025\/11\/IMG-20251126-WA0004.jpg\" \/>\n\t<meta property=\"og:image:width\" content=\"1112\" \/>\n\t<meta property=\"og:image:height\" content=\"617\" \/>\n\t<meta property=\"og:image:type\" content=\"image\/jpeg\" \/>\n<meta name=\"author\" content=\"Comunicaci\u00f3n Vedrunam\u00e9rica\" \/>\n<meta name=\"twitter:card\" content=\"summary_large_image\" \/>\n<meta name=\"twitter:label1\" content=\"\u00c9crit par\" \/>\n\t<meta name=\"twitter:data1\" content=\"Comunicaci\u00f3n Vedrunam\u00e9rica\" \/>\n\t<meta name=\"twitter:label2\" content=\"Dur\u00e9e de lecture estim\u00e9e\" \/>\n\t<meta name=\"twitter:data2\" content=\"2 minutes\" \/>\n<script type=\"application\/ld+json\" class=\"yoast-schema-graph\">{\"@context\":\"https:\\\/\\\/schema.org\",\"@graph\":[{\"@type\":\"Article\",\"@id\":\"https:\\\/\\\/vedruna.org\\\/fr\\\/tisser-des-chemins-de-lumiere-et-despoir-iie-rencontre-virtuelle-des-laics-de-vedruna-perou\\\/#article\",\"isPartOf\":{\"@id\":\"https:\\\/\\\/vedruna.org\\\/fr\\\/tisser-des-chemins-de-lumiere-et-despoir-iie-rencontre-virtuelle-des-laics-de-vedruna-perou\\\/\"},\"author\":{\"name\":\"Comunicaci\u00f3n Vedrunam\u00e9rica\",\"@id\":\"https:\\\/\\\/vedruna.org\\\/fr\\\/#\\\/schema\\\/person\\\/cf468646189533fb6a3aae475663fdc7\"},\"headline\":\"Tisser des chemins de lumi\u00e8re et d&rsquo;espoir : IIe Rencontre virtuelle des la\u00efcs de Vedruna P\u00e9rou\",\"datePublished\":\"2025-11-27T13:23:30+00:00\",\"dateModified\":\"2025-11-27T13:25:25+00:00\",\"mainEntityOfPage\":{\"@id\":\"https:\\\/\\\/vedruna.org\\\/fr\\\/tisser-des-chemins-de-lumiere-et-despoir-iie-rencontre-virtuelle-des-laics-de-vedruna-perou\\\/\"},\"wordCount\":522,\"publisher\":{\"@id\":\"https:\\\/\\\/vedruna.org\\\/fr\\\/#organization\"},\"image\":{\"@id\":\"https:\\\/\\\/vedruna.org\\\/fr\\\/tisser-des-chemins-de-lumiere-et-despoir-iie-rencontre-virtuelle-des-laics-de-vedruna-perou\\\/#primaryimage\"},\"thumbnailUrl\":\"https:\\\/\\\/vedruna.org\\\/wp-content\\\/uploads\\\/2025\\\/11\\\/IMG-20251126-WA0004.jpg\",\"articleSection\":[\"Avent 2023\",\"P\u00e9rou\",\"Vedruna Laity\",\"Vedrunamerica\"],\"inLanguage\":\"fr-FR\"},{\"@type\":\"WebPage\",\"@id\":\"https:\\\/\\\/vedruna.org\\\/fr\\\/tisser-des-chemins-de-lumiere-et-despoir-iie-rencontre-virtuelle-des-laics-de-vedruna-perou\\\/\",\"url\":\"https:\\\/\\\/vedruna.org\\\/fr\\\/tisser-des-chemins-de-lumiere-et-despoir-iie-rencontre-virtuelle-des-laics-de-vedruna-perou\\\/\",\"name\":\"Tisser des chemins de lumi\u00e8re et d'espoir : IIe Rencontre virtuelle des la\u00efcs de Vedruna P\u00e9rou - Carmelitas de la Caridad Vedruna\",\"isPartOf\":{\"@id\":\"https:\\\/\\\/vedruna.org\\\/fr\\\/#website\"},\"primaryImageOfPage\":{\"@id\":\"https:\\\/\\\/vedruna.org\\\/fr\\\/tisser-des-chemins-de-lumiere-et-despoir-iie-rencontre-virtuelle-des-laics-de-vedruna-perou\\\/#primaryimage\"},\"image\":{\"@id\":\"https:\\\/\\\/vedruna.org\\\/fr\\\/tisser-des-chemins-de-lumiere-et-despoir-iie-rencontre-virtuelle-des-laics-de-vedruna-perou\\\/#primaryimage\"},\"thumbnailUrl\":\"https:\\\/\\\/vedruna.org\\\/wp-content\\\/uploads\\\/2025\\\/11\\\/IMG-20251126-WA0004.jpg\",\"datePublished\":\"2025-11-27T13:23:30+00:00\",\"dateModified\":\"2025-11-27T13:25:25+00:00\",\"description\":\"Le dimanche 16 novembre, nous avons c\u00e9l\u00e9br\u00e9, de mani\u00e8re virtuelle, la IIe Rencontre interm\u00e9diaire des la\u00efcs de Vedruna, avec la devise \\\"Avancer dans l'esp\u00e9rance\\\".\",\"breadcrumb\":{\"@id\":\"https:\\\/\\\/vedruna.org\\\/fr\\\/tisser-des-chemins-de-lumiere-et-despoir-iie-rencontre-virtuelle-des-laics-de-vedruna-perou\\\/#breadcrumb\"},\"inLanguage\":\"fr-FR\",\"potentialAction\":[{\"@type\":\"ReadAction\",\"target\":[\"https:\\\/\\\/vedruna.org\\\/fr\\\/tisser-des-chemins-de-lumiere-et-despoir-iie-rencontre-virtuelle-des-laics-de-vedruna-perou\\\/\"]}]},{\"@type\":\"ImageObject\",\"inLanguage\":\"fr-FR\",\"@id\":\"https:\\\/\\\/vedruna.org\\\/fr\\\/tisser-des-chemins-de-lumiere-et-despoir-iie-rencontre-virtuelle-des-laics-de-vedruna-perou\\\/#primaryimage\",\"url\":\"https:\\\/\\\/vedruna.org\\\/wp-content\\\/uploads\\\/2025\\\/11\\\/IMG-20251126-WA0004.jpg\",\"contentUrl\":\"https:\\\/\\\/vedruna.org\\\/wp-content\\\/uploads\\\/2025\\\/11\\\/IMG-20251126-WA0004.jpg\",\"width\":1112,\"height\":617},{\"@type\":\"BreadcrumbList\",\"@id\":\"https:\\\/\\\/vedruna.org\\\/fr\\\/tisser-des-chemins-de-lumiere-et-despoir-iie-rencontre-virtuelle-des-laics-de-vedruna-perou\\\/#breadcrumb\",\"itemListElement\":[{\"@type\":\"ListItem\",\"position\":1,\"name\":\"Portada\",\"item\":\"https:\\\/\\\/vedruna.org\\\/fr\\\/\"},{\"@type\":\"ListItem\",\"position\":2,\"name\":\"Tisser des chemins de lumi\u00e8re et d&rsquo;espoir : IIe Rencontre virtuelle des la\u00efcs de Vedruna P\u00e9rou\"}]},{\"@type\":\"WebSite\",\"@id\":\"https:\\\/\\\/vedruna.org\\\/fr\\\/#website\",\"url\":\"https:\\\/\\\/vedruna.org\\\/fr\\\/\",\"name\":\"Carmelitas de la Caridad Vedruna\",\"description\":\"Carmelitas de la caridad\",\"publisher\":{\"@id\":\"https:\\\/\\\/vedruna.org\\\/fr\\\/#organization\"},\"potentialAction\":[{\"@type\":\"SearchAction\",\"target\":{\"@type\":\"EntryPoint\",\"urlTemplate\":\"https:\\\/\\\/vedruna.org\\\/fr\\\/?s={search_term_string}\"},\"query-input\":{\"@type\":\"PropertyValueSpecification\",\"valueRequired\":true,\"valueName\":\"search_term_string\"}}],\"inLanguage\":\"fr-FR\"},{\"@type\":\"Organization\",\"@id\":\"https:\\\/\\\/vedruna.org\\\/fr\\\/#organization\",\"name\":\"Carmelitas de la caridad Vedruna\",\"url\":\"https:\\\/\\\/vedruna.org\\\/fr\\\/\",\"logo\":{\"@type\":\"ImageObject\",\"inLanguage\":\"fr-FR\",\"@id\":\"https:\\\/\\\/vedruna.org\\\/fr\\\/#\\\/schema\\\/logo\\\/image\\\/\",\"url\":\"https:\\\/\\\/vedruna.org\\\/wp-content\\\/uploads\\\/2022\\\/04\\\/LOGO-VEDRUNA-HORIZONTAL.png\",\"contentUrl\":\"https:\\\/\\\/vedruna.org\\\/wp-content\\\/uploads\\\/2022\\\/04\\\/LOGO-VEDRUNA-HORIZONTAL.png\",\"width\":1200,\"height\":463,\"caption\":\"Carmelitas de la caridad Vedruna\"},\"image\":{\"@id\":\"https:\\\/\\\/vedruna.org\\\/fr\\\/#\\\/schema\\\/logo\\\/image\\\/\"}},{\"@type\":\"Person\",\"@id\":\"https:\\\/\\\/vedruna.org\\\/fr\\\/#\\\/schema\\\/person\\\/cf468646189533fb6a3aae475663fdc7\",\"name\":\"Comunicaci\u00f3n Vedrunam\u00e9rica\",\"image\":{\"@type\":\"ImageObject\",\"inLanguage\":\"fr-FR\",\"@id\":\"https:\\\/\\\/secure.gravatar.com\\\/avatar\\\/b4eff91ff87ece2131a5d31270e1df0a7eeaffece756ce6503fd7dce879d1bfc?s=96&d=mm&r=g\",\"url\":\"https:\\\/\\\/secure.gravatar.com\\\/avatar\\\/b4eff91ff87ece2131a5d31270e1df0a7eeaffece756ce6503fd7dce879d1bfc?s=96&d=mm&r=g\",\"contentUrl\":\"https:\\\/\\\/secure.gravatar.com\\\/avatar\\\/b4eff91ff87ece2131a5d31270e1df0a7eeaffece756ce6503fd7dce879d1bfc?s=96&d=mm&r=g\",\"caption\":\"Comunicaci\u00f3n Vedrunam\u00e9rica\"},\"url\":\"https:\\\/\\\/vedruna.org\\\/fr\\\/author\\\/comunicacion-vedrunamerica\\\/\"}]}<\/script>\n<!-- \/ Yoast SEO plugin. -->","yoast_head_json":{"title":"Tisser des chemins de lumi\u00e8re et d'espoir : IIe Rencontre virtuelle des la\u00efcs de Vedruna P\u00e9rou - Carmelitas de la Caridad Vedruna","description":"Le dimanche 16 novembre, nous avons c\u00e9l\u00e9br\u00e9, de mani\u00e8re virtuelle, la IIe Rencontre interm\u00e9diaire des la\u00efcs de Vedruna, avec la devise \"Avancer dans l'esp\u00e9rance\".","robots":{"index":"index","follow":"follow","max-snippet":"max-snippet:-1","max-image-preview":"max-image-preview:large","max-video-preview":"max-video-preview:-1"},"canonical":"https:\/\/vedruna.org\/fr\/tisser-des-chemins-de-lumiere-et-despoir-iie-rencontre-virtuelle-des-laics-de-vedruna-perou\/","og_locale":"fr_FR","og_type":"article","og_title":"Tisser des chemins de lumi\u00e8re et d'espoir : IIe Rencontre virtuelle des la\u00efcs de Vedruna P\u00e9rou - Carmelitas de la Caridad Vedruna","og_description":"Le dimanche 16 novembre, nous avons c\u00e9l\u00e9br\u00e9, de mani\u00e8re virtuelle, la IIe Rencontre interm\u00e9diaire des la\u00efcs de Vedruna, avec la devise \"Avancer dans l'esp\u00e9rance\".","og_url":"https:\/\/vedruna.org\/fr\/tisser-des-chemins-de-lumiere-et-despoir-iie-rencontre-virtuelle-des-laics-de-vedruna-perou\/","og_site_name":"Carmelitas de la Caridad Vedruna","article_published_time":"2025-11-27T13:23:30+00:00","article_modified_time":"2025-11-27T13:25:25+00:00","og_image":[{"width":1112,"height":617,"url":"https:\/\/vedruna.org\/wp-content\/uploads\/2025\/11\/IMG-20251126-WA0004.jpg","type":"image\/jpeg"}],"author":"Comunicaci\u00f3n Vedrunam\u00e9rica","twitter_card":"summary_large_image","twitter_misc":{"\u00c9crit par":"Comunicaci\u00f3n Vedrunam\u00e9rica","Dur\u00e9e de lecture estim\u00e9e":"2 minutes"},"schema":{"@context":"https:\/\/schema.org","@graph":[{"@type":"Article","@id":"https:\/\/vedruna.org\/fr\/tisser-des-chemins-de-lumiere-et-despoir-iie-rencontre-virtuelle-des-laics-de-vedruna-perou\/#article","isPartOf":{"@id":"https:\/\/vedruna.org\/fr\/tisser-des-chemins-de-lumiere-et-despoir-iie-rencontre-virtuelle-des-laics-de-vedruna-perou\/"},"author":{"name":"Comunicaci\u00f3n Vedrunam\u00e9rica","@id":"https:\/\/vedruna.org\/fr\/#\/schema\/person\/cf468646189533fb6a3aae475663fdc7"},"headline":"Tisser des chemins de lumi\u00e8re et d&rsquo;espoir : IIe Rencontre virtuelle des la\u00efcs de Vedruna P\u00e9rou","datePublished":"2025-11-27T13:23:30+00:00","dateModified":"2025-11-27T13:25:25+00:00","mainEntityOfPage":{"@id":"https:\/\/vedruna.org\/fr\/tisser-des-chemins-de-lumiere-et-despoir-iie-rencontre-virtuelle-des-laics-de-vedruna-perou\/"},"wordCount":522,"publisher":{"@id":"https:\/\/vedruna.org\/fr\/#organization"},"image":{"@id":"https:\/\/vedruna.org\/fr\/tisser-des-chemins-de-lumiere-et-despoir-iie-rencontre-virtuelle-des-laics-de-vedruna-perou\/#primaryimage"},"thumbnailUrl":"https:\/\/vedruna.org\/wp-content\/uploads\/2025\/11\/IMG-20251126-WA0004.jpg","articleSection":["Avent 2023","P\u00e9rou","Vedruna Laity","Vedrunamerica"],"inLanguage":"fr-FR"},{"@type":"WebPage","@id":"https:\/\/vedruna.org\/fr\/tisser-des-chemins-de-lumiere-et-despoir-iie-rencontre-virtuelle-des-laics-de-vedruna-perou\/","url":"https:\/\/vedruna.org\/fr\/tisser-des-chemins-de-lumiere-et-despoir-iie-rencontre-virtuelle-des-laics-de-vedruna-perou\/","name":"Tisser des chemins de lumi\u00e8re et d'espoir : IIe Rencontre virtuelle des la\u00efcs de Vedruna P\u00e9rou - Carmelitas de la Caridad Vedruna","isPartOf":{"@id":"https:\/\/vedruna.org\/fr\/#website"},"primaryImageOfPage":{"@id":"https:\/\/vedruna.org\/fr\/tisser-des-chemins-de-lumiere-et-despoir-iie-rencontre-virtuelle-des-laics-de-vedruna-perou\/#primaryimage"},"image":{"@id":"https:\/\/vedruna.org\/fr\/tisser-des-chemins-de-lumiere-et-despoir-iie-rencontre-virtuelle-des-laics-de-vedruna-perou\/#primaryimage"},"thumbnailUrl":"https:\/\/vedruna.org\/wp-content\/uploads\/2025\/11\/IMG-20251126-WA0004.jpg","datePublished":"2025-11-27T13:23:30+00:00","dateModified":"2025-11-27T13:25:25+00:00","description":"Le dimanche 16 novembre, nous avons c\u00e9l\u00e9br\u00e9, de mani\u00e8re virtuelle, la IIe Rencontre interm\u00e9diaire des la\u00efcs de Vedruna, avec la devise \"Avancer dans l'esp\u00e9rance\".","breadcrumb":{"@id":"https:\/\/vedruna.org\/fr\/tisser-des-chemins-de-lumiere-et-despoir-iie-rencontre-virtuelle-des-laics-de-vedruna-perou\/#breadcrumb"},"inLanguage":"fr-FR","potentialAction":[{"@type":"ReadAction","target":["https:\/\/vedruna.org\/fr\/tisser-des-chemins-de-lumiere-et-despoir-iie-rencontre-virtuelle-des-laics-de-vedruna-perou\/"]}]},{"@type":"ImageObject","inLanguage":"fr-FR","@id":"https:\/\/vedruna.org\/fr\/tisser-des-chemins-de-lumiere-et-despoir-iie-rencontre-virtuelle-des-laics-de-vedruna-perou\/#primaryimage","url":"https:\/\/vedruna.org\/wp-content\/uploads\/2025\/11\/IMG-20251126-WA0004.jpg","contentUrl":"https:\/\/vedruna.org\/wp-content\/uploads\/2025\/11\/IMG-20251126-WA0004.jpg","width":1112,"height":617},{"@type":"BreadcrumbList","@id":"https:\/\/vedruna.org\/fr\/tisser-des-chemins-de-lumiere-et-despoir-iie-rencontre-virtuelle-des-laics-de-vedruna-perou\/#breadcrumb","itemListElement":[{"@type":"ListItem","position":1,"name":"Portada","item":"https:\/\/vedruna.org\/fr\/"},{"@type":"ListItem","position":2,"name":"Tisser des chemins de lumi\u00e8re et d&rsquo;espoir : IIe Rencontre virtuelle des la\u00efcs de Vedruna P\u00e9rou"}]},{"@type":"WebSite","@id":"https:\/\/vedruna.org\/fr\/#website","url":"https:\/\/vedruna.org\/fr\/","name":"Carmelitas de la Caridad Vedruna","description":"Carmelitas de la caridad","publisher":{"@id":"https:\/\/vedruna.org\/fr\/#organization"},"potentialAction":[{"@type":"SearchAction","target":{"@type":"EntryPoint","urlTemplate":"https:\/\/vedruna.org\/fr\/?s={search_term_string}"},"query-input":{"@type":"PropertyValueSpecification","valueRequired":true,"valueName":"search_term_string"}}],"inLanguage":"fr-FR"},{"@type":"Organization","@id":"https:\/\/vedruna.org\/fr\/#organization","name":"Carmelitas de la caridad Vedruna","url":"https:\/\/vedruna.org\/fr\/","logo":{"@type":"ImageObject","inLanguage":"fr-FR","@id":"https:\/\/vedruna.org\/fr\/#\/schema\/logo\/image\/","url":"https:\/\/vedruna.org\/wp-content\/uploads\/2022\/04\/LOGO-VEDRUNA-HORIZONTAL.png","contentUrl":"https:\/\/vedruna.org\/wp-content\/uploads\/2022\/04\/LOGO-VEDRUNA-HORIZONTAL.png","width":1200,"height":463,"caption":"Carmelitas de la caridad Vedruna"},"image":{"@id":"https:\/\/vedruna.org\/fr\/#\/schema\/logo\/image\/"}},{"@type":"Person","@id":"https:\/\/vedruna.org\/fr\/#\/schema\/person\/cf468646189533fb6a3aae475663fdc7","name":"Comunicaci\u00f3n Vedrunam\u00e9rica","image":{"@type":"ImageObject","inLanguage":"fr-FR","@id":"https:\/\/secure.gravatar.com\/avatar\/b4eff91ff87ece2131a5d31270e1df0a7eeaffece756ce6503fd7dce879d1bfc?s=96&d=mm&r=g","url":"https:\/\/secure.gravatar.com\/avatar\/b4eff91ff87ece2131a5d31270e1df0a7eeaffece756ce6503fd7dce879d1bfc?s=96&d=mm&r=g","contentUrl":"https:\/\/secure.gravatar.com\/avatar\/b4eff91ff87ece2131a5d31270e1df0a7eeaffece756ce6503fd7dce879d1bfc?s=96&d=mm&r=g","caption":"Comunicaci\u00f3n Vedrunam\u00e9rica"},"url":"https:\/\/vedruna.org\/fr\/author\/comunicacion-vedrunamerica\/"}]}},"_links":{"self":[{"href":"https:\/\/vedruna.org\/fr\/wp-json\/wp\/v2\/posts\/31145","targetHints":{"allow":["GET"]}}],"collection":[{"href":"https:\/\/vedruna.org\/fr\/wp-json\/wp\/v2\/posts"}],"about":[{"href":"https:\/\/vedruna.org\/fr\/wp-json\/wp\/v2\/types\/post"}],"author":[{"embeddable":true,"href":"https:\/\/vedruna.org\/fr\/wp-json\/wp\/v2\/users\/4"}],"replies":[{"embeddable":true,"href":"https:\/\/vedruna.org\/fr\/wp-json\/wp\/v2\/comments?post=31145"}],"version-history":[{"count":1,"href":"https:\/\/vedruna.org\/fr\/wp-json\/wp\/v2\/posts\/31145\/revisions"}],"predecessor-version":[{"id":31147,"href":"https:\/\/vedruna.org\/fr\/wp-json\/wp\/v2\/posts\/31145\/revisions\/31147"}],"wp:featuredmedia":[{"embeddable":true,"href":"https:\/\/vedruna.org\/fr\/wp-json\/wp\/v2\/media\/31146"}],"wp:attachment":[{"href":"https:\/\/vedruna.org\/fr\/wp-json\/wp\/v2\/media?parent=31145"}],"wp:term":[{"taxonomy":"category","embeddable":true,"href":"https:\/\/vedruna.org\/fr\/wp-json\/wp\/v2\/categories?post=31145"},{"taxonomy":"post_tag","embeddable":true,"href":"https:\/\/vedruna.org\/fr\/wp-json\/wp\/v2\/tags?post=31145"}],"curies":[{"name":"wp","href":"https:\/\/api.w.org\/{rel}","templated":true}]}}