{"id":32331,"date":"2025-12-29T12:19:01","date_gmt":"2025-12-29T11:19:01","guid":{"rendered":"https:\/\/vedruna.org\/venezuela-une-rencontre-annuelle-qui-nous-renforce-en-tant-que-famille-charismatique-vedruna\/"},"modified":"2025-12-29T12:20:53","modified_gmt":"2025-12-29T11:20:53","slug":"venezuela-une-rencontre-annuelle-qui-nous-renforce-en-tant-que-famille-charismatique-vedruna","status":"publish","type":"post","link":"https:\/\/vedruna.org\/fr\/venezuela-une-rencontre-annuelle-qui-nous-renforce-en-tant-que-famille-charismatique-vedruna\/","title":{"rendered":"Venezuela : une rencontre annuelle qui nous renforce en tant que famille charismatique Vedruna"},"content":{"rendered":"\n<p>Comme chaque ann\u00e9e, les communaut\u00e9s la\u00efques du centre (Cagua et Bella Vista) se r\u00e9unissent le 28 d\u00e9cembre pour une rencontre de formation et de c\u00e9l\u00e9bration, anim\u00e9e par la s\u0153ur de liaison des la\u00efcs Vedruna du Venezuela. Cette ann\u00e9e, la rencontre a eu lieu \u00e0 Bella Vista. <\/p>\n\n<p>Nous avons commenc\u00e9 la journ\u00e9e par la lecture de l&rsquo;\u00c9vangile du jour, qui fait r\u00e9f\u00e9rence \u00e0 la Sainte Famille et aux Saints Innocents, accompagn\u00e9e d&rsquo;une br\u00e8ve r\u00e9flexion. Sur cette toile de fond, nous avons \u00e9t\u00e9 invit\u00e9s \u00e0 nous identifier \u00e0 un personnage de la cr\u00e8che, ce qui a donn\u00e9 lieu \u00e0 un partage tr\u00e8s riche, simple et en m\u00eame temps profond. Certains se sont identifi\u00e9s \u00e0 Marie pour sa simplicit\u00e9 et son oui \u00e0 Dieu, d&rsquo;autres \u00e0 la mule pour sa r\u00e9sistance et sa combativit\u00e9 dans l&rsquo;adversit\u00e9, d&rsquo;autres \u00e0 St Joseph pour sa patience.  <\/p>\n\n<p>Les participants devaient ensuite d\u00e9couvrir le th\u00e8me de la formation. Pour ce faire, des petites cartes ont \u00e9t\u00e9 distribu\u00e9es avec la d\u00e9finition de chaque lien de Vedruna, sans identifier son nom, afin qu&rsquo;elles puissent le d\u00e9duire par elles-m\u00eames. Chacune a lu sa carte \u00e0 haute voix et, ensemble, elles ont sugg\u00e9r\u00e9 \u00e0 quel lien elle correspondait ; elles n&rsquo;y sont pas toujours parvenues. A la fin, les titres correspondants ont \u00e9t\u00e9 donn\u00e9s pour \u00eatre plac\u00e9s \u00e0 c\u00f4t\u00e9 de chaque d\u00e9finition : Associ\u00e9s la\u00efcs, Amis de Vedruna, Collaborateurs de Vedruna, S\u0153urs de Vedruna, Gu\u00e9risseurs de Vedruna, Educateurs de Vedruna, VJV, <a href=\"https:\/\/vedruna.org\/fr\/volontariat\/\"><strong>Volontaires Vedruna<\/strong><\/a>Volontaires Vedruna, Sympathisants Vedruna, entre autres.   <\/p>\n\n<p>Cette introduction nous invitait \u00e0 d\u00e9couvrir le th\u00e8me central. Apr\u00e8s plusieurs tentatives, nous avons finalement compris qu&rsquo;il s&rsquo;agissait de la famille charismatique. <\/p>\n\n<p>Pour d\u00e9velopper le th\u00e8me, nous sommes partis des mod\u00e8les g\u00e9ocentrique et h\u00e9liocentrique : dans le premier, la vie consacr\u00e9e est le centre ; dans le second, le charisme est le centre. Dans cette perspective, nous avons compris que la famille charismatique est une communion de diff\u00e9rents charismes et vocations. Nous avons \u00e9galement tenu compte de ce que notre document NdN nous dit \u00e0 ce sujet. Apr\u00e8s cette discussion, nous avons \u00e9galement d\u00e9couvert que \u00a0\u00bb l&rsquo;innocence de ce jour \u00a0\u00bb consistait \u00e0 avoir cru &#8211; \u00e0 la fois les <strong><a href=\"https:\/\/vedruna.org\/fr\/laics\/\">Associ\u00e9s la\u00efcs de Vedruna<\/a><\/strong> que les s\u0153urs &#8211; que nous \u00e9tions les seuls membres de la Congr\u00e9gation (une plante \u00e0 deux branches), alors qu&rsquo;en r\u00e9alit\u00e9 nous sommes un arbre feuillu.   <\/p>\n\n<p>Nous avons envie d&rsquo;approfondir cette question, sur laquelle nous reviendrons ult\u00e9rieurement.<\/p>\n\n<p>Nous ne pouvions pas terminer la r\u00e9union sans partager le g\u00e2teau de la f\u00eat\u00e9e. Nous avons \u00e9galement tir\u00e9 au sort quelques cadeaux et c&rsquo;est avec une grande joie que nous avons termin\u00e9 la journ\u00e9e. <\/p>\n\n<p class=\"has-text-align-right\"><strong>Sr. Trina de Jes\u00fas Hern\u00e1ndez, ccv<\/strong><\/p>\n<div class=\"pgc-sgb-cb wp-block-pgcsimplygalleryblock-justified \" data-gallery-id=\"bad23229\"><div class=\"sgb-preloader\" id=\"pr_bad23229\">\n\t<div class=\"sgb-square\" style=\"background:#d4d4d4\"><\/div>\n\t<div class=\"sgb-square\" style=\"background:#d4d4d4\"><\/div>\n\t<div class=\"sgb-square\" style=\"background:#d4d4d4\"><\/div>\n\t<div class=\"sgb-square\" style=\"background:#d4d4d4\"><\/div><\/div><div class=\"simply-gallery-amp pgc_sgb_slider \"><noscript><div class=\"sgb-gallery\"><div class=\"sgb-item\"><a href=\"https:\/\/vedruna.org\/?attachment_id=32320\" target=\"_blank\"><img decoding=\"async\" alt=\"\" width=\"300\" height=\"242\" loading=\"lazy\" src=\"https:\/\/vedruna.org\/wp-content\/uploads\/2025\/12\/principal-4-300x242.jpeg\" srcset=\"https:\/\/vedruna.org\/wp-content\/uploads\/2025\/12\/principal-4-300x242.jpeg 300w,https:\/\/vedruna.org\/wp-content\/uploads\/2025\/12\/principal-4.jpeg 765w\" sizes=\"250px\"\/><\/a><\/div><div class=\"sgb-item\"><a href=\"https:\/\/vedruna.org\/?attachment_id=32323\" target=\"_blank\"><img decoding=\"async\" alt=\"\" width=\"300\" height=\"225\" loading=\"lazy\" src=\"https:\/\/vedruna.org\/wp-content\/uploads\/2025\/12\/1-2-300x225.jpeg\" srcset=\"https:\/\/vedruna.org\/wp-content\/uploads\/2025\/12\/1-2-300x225.jpeg 300w,https:\/\/vedruna.org\/wp-content\/uploads\/2025\/12\/1-2-1024x768.jpeg 1024w,https:\/\/vedruna.org\/wp-content\/uploads\/2025\/12\/1-2-rotated.jpeg 1280w\" sizes=\"250px\"\/><\/a><\/div><div class=\"sgb-item\"><a href=\"https:\/\/vedruna.org\/?attachment_id=32325\" target=\"_blank\"><img decoding=\"async\" alt=\"\" width=\"300\" height=\"225\" loading=\"lazy\" src=\"https:\/\/vedruna.org\/wp-content\/uploads\/2025\/12\/3-2-300x225.jpeg\" srcset=\"https:\/\/vedruna.org\/wp-content\/uploads\/2025\/12\/3-2-300x225.jpeg 300w,https:\/\/vedruna.org\/wp-content\/uploads\/2025\/12\/3-2-1024x768.jpeg 1024w,https:\/\/vedruna.org\/wp-content\/uploads\/2025\/12\/3-2.jpeg 1280w\" sizes=\"250px\"\/><\/a><\/div><\/div><\/noscript><\/div><script type=\"application\/json\" class=\"sgb-data\">{\"lastRowFill\":true,\"collectionThumbMiniScreenScale\":true,\"externalLink\":false,\"captions\":false,\"collectionThumbSubMenuDownload\":false,\"collectionThumbSubMenuShare\":false,\"galleryType\":\"pgc_sgb_justified\",\"galleryId\":\"bad23229\",\"images\":[{\"id\":32320,\"title\":\"principal\",\"url\":\"https:\/\/vedruna.org\/wp-content\/uploads\/2025\/12\/principal-4.jpeg\",\"link\":\"https:\/\/vedruna.org\/?attachment_id=32320\",\"alt\":\"\",\"description\":\"\",\"caption\":\"\",\"mime\":\"image\/jpeg\",\"type\":\"image\",\"width\":765,\"height\":618,\"sizes\":{\"thumbnail\":{\"height\":150,\"width\":150,\"url\":\"https:\/\/vedruna.org\/wp-content\/uploads\/2025\/12\/principal-4-150x150.jpeg\",\"orientation\":\"landscape\"},\"medium\":{\"height\":242,\"width\":300,\"url\":\"https:\/\/vedruna.org\/wp-content\/uploads\/2025\/12\/principal-4-300x242.jpeg\",\"orientation\":\"landscape\"},\"full\":{\"url\":\"https:\/\/vedruna.org\/wp-content\/uploads\/2025\/12\/principal-4.jpeg\",\"height\":618,\"width\":765,\"orientation\":\"landscape\"}},\"imageMeta\":{\"aperture\":\"0\",\"credit\":\"\",\"camera\":\"\",\"caption\":\"\",\"created_timestamp\":\"0\",\"copyright\":\"\",\"focal_length\":\"0\",\"iso\":\"0\",\"shutter_speed\":\"0\",\"title\":\"\",\"orientation\":\"0\",\"keywords\":[]},\"meta\":false,\"postlink\":\"https:\/\/vedruna.org\/?attachment_id=32320\"},{\"id\":32323,\"title\":\"1\",\"url\":\"https:\/\/vedruna.org\/wp-content\/uploads\/2025\/12\/1-2-rotated.jpeg\",\"link\":\"https:\/\/vedruna.org\/?attachment_id=32323\",\"alt\":\"\",\"description\":\"\",\"caption\":\"\",\"mime\":\"image\/jpeg\",\"type\":\"image\",\"width\":1280,\"height\":960,\"sizes\":{\"thumbnail\":{\"height\":150,\"width\":150,\"url\":\"https:\/\/vedruna.org\/wp-content\/uploads\/2025\/12\/1-2-150x150.jpeg\",\"orientation\":\"landscape\"},\"medium\":{\"height\":225,\"width\":300,\"url\":\"https:\/\/vedruna.org\/wp-content\/uploads\/2025\/12\/1-2-300x225.jpeg\",\"orientation\":\"landscape\"},\"large\":{\"height\":768,\"width\":1024,\"url\":\"https:\/\/vedruna.org\/wp-content\/uploads\/2025\/12\/1-2-1024x768.jpeg\",\"orientation\":\"landscape\"},\"full\":{\"url\":\"https:\/\/vedruna.org\/wp-content\/uploads\/2025\/12\/1-2-rotated.jpeg\",\"height\":960,\"width\":1280,\"orientation\":\"landscape\"}},\"imageMeta\":{\"aperture\":\"0\",\"credit\":\"\",\"camera\":\"\",\"caption\":\"\",\"created_timestamp\":\"0\",\"copyright\":\"\",\"focal_length\":\"0\",\"iso\":\"0\",\"shutter_speed\":\"0\",\"title\":\"\",\"orientation\":1,\"keywords\":[]},\"meta\":false,\"postlink\":\"https:\/\/vedruna.org\/?attachment_id=32323\"},{\"id\":32325,\"title\":\"3\",\"url\":\"https:\/\/vedruna.org\/wp-content\/uploads\/2025\/12\/3-2.jpeg\",\"link\":\"https:\/\/vedruna.org\/?attachment_id=32325\",\"alt\":\"\",\"description\":\"\",\"caption\":\"\",\"mime\":\"image\/jpeg\",\"type\":\"image\",\"width\":1280,\"height\":960,\"sizes\":{\"thumbnail\":{\"height\":150,\"width\":150,\"url\":\"https:\/\/vedruna.org\/wp-content\/uploads\/2025\/12\/3-2-150x150.jpeg\",\"orientation\":\"landscape\"},\"medium\":{\"height\":225,\"width\":300,\"url\":\"https:\/\/vedruna.org\/wp-content\/uploads\/2025\/12\/3-2-300x225.jpeg\",\"orientation\":\"landscape\"},\"large\":{\"height\":768,\"width\":1024,\"url\":\"https:\/\/vedruna.org\/wp-content\/uploads\/2025\/12\/3-2-1024x768.jpeg\",\"orientation\":\"landscape\"},\"full\":{\"url\":\"https:\/\/vedruna.org\/wp-content\/uploads\/2025\/12\/3-2.jpeg\",\"height\":960,\"width\":1280,\"orientation\":\"landscape\"}},\"imageMeta\":{\"aperture\":\"0\",\"credit\":\"\",\"camera\":\"\",\"caption\":\"\",\"created_timestamp\":\"0\",\"copyright\":\"\",\"focal_length\":\"0\",\"iso\":\"0\",\"shutter_speed\":\"0\",\"title\":\"\",\"orientation\":\"0\",\"keywords\":[]},\"meta\":false,\"postlink\":\"https:\/\/vedruna.org\/?attachment_id=32325\"}],\"translatedWithWPMLTM\":\"1\",\"itemsMetaDataCollection\":[]}<\/script><script>(function(){if(window.PGC_SGB && window.PGC_SGB.searcher){window.PGC_SGB.searcher.initBlocks()}})()<\/script><\/div>","protected":false},"excerpt":{"rendered":"<p>Comme chaque ann\u00e9e, les communaut\u00e9s la\u00efques du centre (Cagua et Bella Vista) se r\u00e9unissent le 28 d\u00e9cembre pour une rencontre de formation et de c\u00e9l\u00e9bration, anim\u00e9e par la s\u0153ur de liaison des la\u00efcs Vedruna du Venezuela. Cette ann\u00e9e, la rencontre a eu lieu \u00e0 Bella Vista. Nous avons commenc\u00e9 la journ\u00e9e par la lecture de [&hellip;]<\/p>\n","protected":false},"author":4,"featured_media":32332,"comment_status":"closed","ping_status":"closed","sticky":false,"template":"","format":"standard","meta":{"_et_pb_use_builder":"","_et_pb_old_content":"","_et_gb_content_width":"","pgc_sgb_lightbox_settings":"","footnotes":""},"categories":[338,81,306,146,92],"tags":[509,508,483],"class_list":["post-32331","post","type-post","status-publish","format-standard","has-post-thumbnail","hentry","category-maracay-fr","category-non-classifiee","category-vedruna-laity-fr","category-vedrunamerica-fr","category-venezuela-fr","tag-vedruna","tag-vedrunamerica","tag-laics"],"yoast_head":"<!-- This site is optimized with the Yoast SEO plugin v27.5 - https:\/\/yoast.com\/product\/yoast-seo-wordpress\/ -->\n<title>Venezuela : une rencontre annuelle qui nous renforce en tant que famille charismatique Vedruna<\/title>\n<meta name=\"description\" content=\"Comme chaque ann\u00e9e, les communaut\u00e9s la\u00efques du centre (Cagua et Bella Vista) se r\u00e9unissent le 28 d\u00e9cembre pour une rencontre de formation et de c\u00e9l\u00e9bration, anim\u00e9e par la s\u0153ur de liaison des la\u00efcs Vedruna du Venezuela. Cette ann\u00e9e, la rencontre a eu lieu \u00e0 Bella Vista.\" \/>\n<meta name=\"robots\" content=\"index, follow, max-snippet:-1, max-image-preview:large, max-video-preview:-1\" \/>\n<link rel=\"canonical\" href=\"https:\/\/vedruna.org\/fr\/venezuela-une-rencontre-annuelle-qui-nous-renforce-en-tant-que-famille-charismatique-vedruna\/\" \/>\n<meta property=\"og:locale\" content=\"fr_FR\" \/>\n<meta property=\"og:type\" content=\"article\" \/>\n<meta property=\"og:title\" content=\"Venezuela : une rencontre annuelle qui nous renforce en tant que famille charismatique Vedruna\" \/>\n<meta property=\"og:description\" content=\"Comme chaque ann\u00e9e, les communaut\u00e9s la\u00efques du centre (Cagua et Bella Vista) se r\u00e9unissent le 28 d\u00e9cembre pour une rencontre de formation et de c\u00e9l\u00e9bration, anim\u00e9e par la s\u0153ur de liaison des la\u00efcs Vedruna du Venezuela. Cette ann\u00e9e, la rencontre a eu lieu \u00e0 Bella Vista.\" \/>\n<meta property=\"og:url\" content=\"https:\/\/vedruna.org\/fr\/venezuela-une-rencontre-annuelle-qui-nous-renforce-en-tant-que-famille-charismatique-vedruna\/\" \/>\n<meta property=\"og:site_name\" content=\"Carmelitas de la Caridad Vedruna\" \/>\n<meta property=\"article:published_time\" content=\"2025-12-29T11:19:01+00:00\" \/>\n<meta property=\"article:modified_time\" content=\"2025-12-29T11:20:53+00:00\" \/>\n<meta property=\"og:image\" content=\"https:\/\/vedruna.org\/wp-content\/uploads\/2025\/12\/3-1.jpeg\" \/>\n\t<meta property=\"og:image:width\" content=\"960\" \/>\n\t<meta property=\"og:image:height\" content=\"793\" \/>\n\t<meta property=\"og:image:type\" content=\"image\/jpeg\" \/>\n<meta name=\"author\" content=\"Comunicaci\u00f3n Vedrunam\u00e9rica\" \/>\n<meta name=\"twitter:card\" content=\"summary_large_image\" \/>\n<meta name=\"twitter:label1\" content=\"\u00c9crit par\" \/>\n\t<meta name=\"twitter:data1\" content=\"Comunicaci\u00f3n Vedrunam\u00e9rica\" \/>\n\t<meta name=\"twitter:label2\" content=\"Dur\u00e9e de lecture estim\u00e9e\" \/>\n\t<meta name=\"twitter:data2\" content=\"2 minutes\" \/>\n<script type=\"application\/ld+json\" class=\"yoast-schema-graph\">{\"@context\":\"https:\\\/\\\/schema.org\",\"@graph\":[{\"@type\":\"Article\",\"@id\":\"https:\\\/\\\/vedruna.org\\\/fr\\\/venezuela-une-rencontre-annuelle-qui-nous-renforce-en-tant-que-famille-charismatique-vedruna\\\/#article\",\"isPartOf\":{\"@id\":\"https:\\\/\\\/vedruna.org\\\/fr\\\/venezuela-une-rencontre-annuelle-qui-nous-renforce-en-tant-que-famille-charismatique-vedruna\\\/\"},\"author\":{\"name\":\"Comunicaci\u00f3n Vedrunam\u00e9rica\",\"@id\":\"https:\\\/\\\/vedruna.org\\\/fr\\\/#\\\/schema\\\/person\\\/cf468646189533fb6a3aae475663fdc7\"},\"headline\":\"Venezuela : une rencontre annuelle qui nous renforce en tant que famille charismatique Vedruna\",\"datePublished\":\"2025-12-29T11:19:01+00:00\",\"dateModified\":\"2025-12-29T11:20:53+00:00\",\"mainEntityOfPage\":{\"@id\":\"https:\\\/\\\/vedruna.org\\\/fr\\\/venezuela-une-rencontre-annuelle-qui-nous-renforce-en-tant-que-famille-charismatique-vedruna\\\/\"},\"wordCount\":503,\"publisher\":{\"@id\":\"https:\\\/\\\/vedruna.org\\\/fr\\\/#organization\"},\"image\":{\"@id\":\"https:\\\/\\\/vedruna.org\\\/fr\\\/venezuela-une-rencontre-annuelle-qui-nous-renforce-en-tant-que-famille-charismatique-vedruna\\\/#primaryimage\"},\"thumbnailUrl\":\"https:\\\/\\\/vedruna.org\\\/wp-content\\\/uploads\\\/2025\\\/12\\\/3-1.jpeg\",\"keywords\":[\"#vedruna\",\"#vedrunamerica\",\"La\u00efcs\"],\"articleSection\":[\"Maracay\",\"Non classifi\u00e9(e)\",\"Vedruna Laity\",\"Vedrunamerica\",\"Venezuela\"],\"inLanguage\":\"fr-FR\"},{\"@type\":\"WebPage\",\"@id\":\"https:\\\/\\\/vedruna.org\\\/fr\\\/venezuela-une-rencontre-annuelle-qui-nous-renforce-en-tant-que-famille-charismatique-vedruna\\\/\",\"url\":\"https:\\\/\\\/vedruna.org\\\/fr\\\/venezuela-une-rencontre-annuelle-qui-nous-renforce-en-tant-que-famille-charismatique-vedruna\\\/\",\"name\":\"Venezuela : une rencontre annuelle qui nous renforce en tant que famille charismatique Vedruna\",\"isPartOf\":{\"@id\":\"https:\\\/\\\/vedruna.org\\\/fr\\\/#website\"},\"primaryImageOfPage\":{\"@id\":\"https:\\\/\\\/vedruna.org\\\/fr\\\/venezuela-une-rencontre-annuelle-qui-nous-renforce-en-tant-que-famille-charismatique-vedruna\\\/#primaryimage\"},\"image\":{\"@id\":\"https:\\\/\\\/vedruna.org\\\/fr\\\/venezuela-une-rencontre-annuelle-qui-nous-renforce-en-tant-que-famille-charismatique-vedruna\\\/#primaryimage\"},\"thumbnailUrl\":\"https:\\\/\\\/vedruna.org\\\/wp-content\\\/uploads\\\/2025\\\/12\\\/3-1.jpeg\",\"datePublished\":\"2025-12-29T11:19:01+00:00\",\"dateModified\":\"2025-12-29T11:20:53+00:00\",\"description\":\"Comme chaque ann\u00e9e, les communaut\u00e9s la\u00efques du centre (Cagua et Bella Vista) se r\u00e9unissent le 28 d\u00e9cembre pour une rencontre de formation et de c\u00e9l\u00e9bration, anim\u00e9e par la s\u0153ur de liaison des la\u00efcs Vedruna du Venezuela. Cette ann\u00e9e, la rencontre a eu lieu \u00e0 Bella Vista.\",\"breadcrumb\":{\"@id\":\"https:\\\/\\\/vedruna.org\\\/fr\\\/venezuela-une-rencontre-annuelle-qui-nous-renforce-en-tant-que-famille-charismatique-vedruna\\\/#breadcrumb\"},\"inLanguage\":\"fr-FR\",\"potentialAction\":[{\"@type\":\"ReadAction\",\"target\":[\"https:\\\/\\\/vedruna.org\\\/fr\\\/venezuela-une-rencontre-annuelle-qui-nous-renforce-en-tant-que-famille-charismatique-vedruna\\\/\"]}]},{\"@type\":\"ImageObject\",\"inLanguage\":\"fr-FR\",\"@id\":\"https:\\\/\\\/vedruna.org\\\/fr\\\/venezuela-une-rencontre-annuelle-qui-nous-renforce-en-tant-que-famille-charismatique-vedruna\\\/#primaryimage\",\"url\":\"https:\\\/\\\/vedruna.org\\\/wp-content\\\/uploads\\\/2025\\\/12\\\/3-1.jpeg\",\"contentUrl\":\"https:\\\/\\\/vedruna.org\\\/wp-content\\\/uploads\\\/2025\\\/12\\\/3-1.jpeg\",\"width\":960,\"height\":793},{\"@type\":\"BreadcrumbList\",\"@id\":\"https:\\\/\\\/vedruna.org\\\/fr\\\/venezuela-une-rencontre-annuelle-qui-nous-renforce-en-tant-que-famille-charismatique-vedruna\\\/#breadcrumb\",\"itemListElement\":[{\"@type\":\"ListItem\",\"position\":1,\"name\":\"Portada\",\"item\":\"https:\\\/\\\/vedruna.org\\\/fr\\\/\"},{\"@type\":\"ListItem\",\"position\":2,\"name\":\"Venezuela : une rencontre annuelle qui nous renforce en tant que famille charismatique Vedruna\"}]},{\"@type\":\"WebSite\",\"@id\":\"https:\\\/\\\/vedruna.org\\\/fr\\\/#website\",\"url\":\"https:\\\/\\\/vedruna.org\\\/fr\\\/\",\"name\":\"Carmelitas de la Caridad Vedruna\",\"description\":\"Carmelitas de la caridad\",\"publisher\":{\"@id\":\"https:\\\/\\\/vedruna.org\\\/fr\\\/#organization\"},\"potentialAction\":[{\"@type\":\"SearchAction\",\"target\":{\"@type\":\"EntryPoint\",\"urlTemplate\":\"https:\\\/\\\/vedruna.org\\\/fr\\\/?s={search_term_string}\"},\"query-input\":{\"@type\":\"PropertyValueSpecification\",\"valueRequired\":true,\"valueName\":\"search_term_string\"}}],\"inLanguage\":\"fr-FR\"},{\"@type\":\"Organization\",\"@id\":\"https:\\\/\\\/vedruna.org\\\/fr\\\/#organization\",\"name\":\"Carmelitas de la caridad Vedruna\",\"url\":\"https:\\\/\\\/vedruna.org\\\/fr\\\/\",\"logo\":{\"@type\":\"ImageObject\",\"inLanguage\":\"fr-FR\",\"@id\":\"https:\\\/\\\/vedruna.org\\\/fr\\\/#\\\/schema\\\/logo\\\/image\\\/\",\"url\":\"https:\\\/\\\/vedruna.org\\\/wp-content\\\/uploads\\\/2022\\\/04\\\/LOGO-VEDRUNA-HORIZONTAL.png\",\"contentUrl\":\"https:\\\/\\\/vedruna.org\\\/wp-content\\\/uploads\\\/2022\\\/04\\\/LOGO-VEDRUNA-HORIZONTAL.png\",\"width\":1200,\"height\":463,\"caption\":\"Carmelitas de la caridad Vedruna\"},\"image\":{\"@id\":\"https:\\\/\\\/vedruna.org\\\/fr\\\/#\\\/schema\\\/logo\\\/image\\\/\"}},{\"@type\":\"Person\",\"@id\":\"https:\\\/\\\/vedruna.org\\\/fr\\\/#\\\/schema\\\/person\\\/cf468646189533fb6a3aae475663fdc7\",\"name\":\"Comunicaci\u00f3n Vedrunam\u00e9rica\",\"image\":{\"@type\":\"ImageObject\",\"inLanguage\":\"fr-FR\",\"@id\":\"https:\\\/\\\/secure.gravatar.com\\\/avatar\\\/b4eff91ff87ece2131a5d31270e1df0a7eeaffece756ce6503fd7dce879d1bfc?s=96&d=mm&r=g\",\"url\":\"https:\\\/\\\/secure.gravatar.com\\\/avatar\\\/b4eff91ff87ece2131a5d31270e1df0a7eeaffece756ce6503fd7dce879d1bfc?s=96&d=mm&r=g\",\"contentUrl\":\"https:\\\/\\\/secure.gravatar.com\\\/avatar\\\/b4eff91ff87ece2131a5d31270e1df0a7eeaffece756ce6503fd7dce879d1bfc?s=96&d=mm&r=g\",\"caption\":\"Comunicaci\u00f3n Vedrunam\u00e9rica\"},\"url\":\"https:\\\/\\\/vedruna.org\\\/fr\\\/author\\\/comunicacion-vedrunamerica\\\/\"}]}<\/script>\n<!-- \/ Yoast SEO plugin. -->","yoast_head_json":{"title":"Venezuela : une rencontre annuelle qui nous renforce en tant que famille charismatique Vedruna","description":"Comme chaque ann\u00e9e, les communaut\u00e9s la\u00efques du centre (Cagua et Bella Vista) se r\u00e9unissent le 28 d\u00e9cembre pour une rencontre de formation et de c\u00e9l\u00e9bration, anim\u00e9e par la s\u0153ur de liaison des la\u00efcs Vedruna du Venezuela. Cette ann\u00e9e, la rencontre a eu lieu \u00e0 Bella Vista.","robots":{"index":"index","follow":"follow","max-snippet":"max-snippet:-1","max-image-preview":"max-image-preview:large","max-video-preview":"max-video-preview:-1"},"canonical":"https:\/\/vedruna.org\/fr\/venezuela-une-rencontre-annuelle-qui-nous-renforce-en-tant-que-famille-charismatique-vedruna\/","og_locale":"fr_FR","og_type":"article","og_title":"Venezuela : une rencontre annuelle qui nous renforce en tant que famille charismatique Vedruna","og_description":"Comme chaque ann\u00e9e, les communaut\u00e9s la\u00efques du centre (Cagua et Bella Vista) se r\u00e9unissent le 28 d\u00e9cembre pour une rencontre de formation et de c\u00e9l\u00e9bration, anim\u00e9e par la s\u0153ur de liaison des la\u00efcs Vedruna du Venezuela. Cette ann\u00e9e, la rencontre a eu lieu \u00e0 Bella Vista.","og_url":"https:\/\/vedruna.org\/fr\/venezuela-une-rencontre-annuelle-qui-nous-renforce-en-tant-que-famille-charismatique-vedruna\/","og_site_name":"Carmelitas de la Caridad Vedruna","article_published_time":"2025-12-29T11:19:01+00:00","article_modified_time":"2025-12-29T11:20:53+00:00","og_image":[{"width":960,"height":793,"url":"https:\/\/vedruna.org\/wp-content\/uploads\/2025\/12\/3-1.jpeg","type":"image\/jpeg"}],"author":"Comunicaci\u00f3n Vedrunam\u00e9rica","twitter_card":"summary_large_image","twitter_misc":{"\u00c9crit par":"Comunicaci\u00f3n Vedrunam\u00e9rica","Dur\u00e9e de lecture estim\u00e9e":"2 minutes"},"schema":{"@context":"https:\/\/schema.org","@graph":[{"@type":"Article","@id":"https:\/\/vedruna.org\/fr\/venezuela-une-rencontre-annuelle-qui-nous-renforce-en-tant-que-famille-charismatique-vedruna\/#article","isPartOf":{"@id":"https:\/\/vedruna.org\/fr\/venezuela-une-rencontre-annuelle-qui-nous-renforce-en-tant-que-famille-charismatique-vedruna\/"},"author":{"name":"Comunicaci\u00f3n Vedrunam\u00e9rica","@id":"https:\/\/vedruna.org\/fr\/#\/schema\/person\/cf468646189533fb6a3aae475663fdc7"},"headline":"Venezuela : une rencontre annuelle qui nous renforce en tant que famille charismatique Vedruna","datePublished":"2025-12-29T11:19:01+00:00","dateModified":"2025-12-29T11:20:53+00:00","mainEntityOfPage":{"@id":"https:\/\/vedruna.org\/fr\/venezuela-une-rencontre-annuelle-qui-nous-renforce-en-tant-que-famille-charismatique-vedruna\/"},"wordCount":503,"publisher":{"@id":"https:\/\/vedruna.org\/fr\/#organization"},"image":{"@id":"https:\/\/vedruna.org\/fr\/venezuela-une-rencontre-annuelle-qui-nous-renforce-en-tant-que-famille-charismatique-vedruna\/#primaryimage"},"thumbnailUrl":"https:\/\/vedruna.org\/wp-content\/uploads\/2025\/12\/3-1.jpeg","keywords":["#vedruna","#vedrunamerica","La\u00efcs"],"articleSection":["Maracay","Non classifi\u00e9(e)","Vedruna Laity","Vedrunamerica","Venezuela"],"inLanguage":"fr-FR"},{"@type":"WebPage","@id":"https:\/\/vedruna.org\/fr\/venezuela-une-rencontre-annuelle-qui-nous-renforce-en-tant-que-famille-charismatique-vedruna\/","url":"https:\/\/vedruna.org\/fr\/venezuela-une-rencontre-annuelle-qui-nous-renforce-en-tant-que-famille-charismatique-vedruna\/","name":"Venezuela : une rencontre annuelle qui nous renforce en tant que famille charismatique Vedruna","isPartOf":{"@id":"https:\/\/vedruna.org\/fr\/#website"},"primaryImageOfPage":{"@id":"https:\/\/vedruna.org\/fr\/venezuela-une-rencontre-annuelle-qui-nous-renforce-en-tant-que-famille-charismatique-vedruna\/#primaryimage"},"image":{"@id":"https:\/\/vedruna.org\/fr\/venezuela-une-rencontre-annuelle-qui-nous-renforce-en-tant-que-famille-charismatique-vedruna\/#primaryimage"},"thumbnailUrl":"https:\/\/vedruna.org\/wp-content\/uploads\/2025\/12\/3-1.jpeg","datePublished":"2025-12-29T11:19:01+00:00","dateModified":"2025-12-29T11:20:53+00:00","description":"Comme chaque ann\u00e9e, les communaut\u00e9s la\u00efques du centre (Cagua et Bella Vista) se r\u00e9unissent le 28 d\u00e9cembre pour une rencontre de formation et de c\u00e9l\u00e9bration, anim\u00e9e par la s\u0153ur de liaison des la\u00efcs Vedruna du Venezuela. Cette ann\u00e9e, la rencontre a eu lieu \u00e0 Bella Vista.","breadcrumb":{"@id":"https:\/\/vedruna.org\/fr\/venezuela-une-rencontre-annuelle-qui-nous-renforce-en-tant-que-famille-charismatique-vedruna\/#breadcrumb"},"inLanguage":"fr-FR","potentialAction":[{"@type":"ReadAction","target":["https:\/\/vedruna.org\/fr\/venezuela-une-rencontre-annuelle-qui-nous-renforce-en-tant-que-famille-charismatique-vedruna\/"]}]},{"@type":"ImageObject","inLanguage":"fr-FR","@id":"https:\/\/vedruna.org\/fr\/venezuela-une-rencontre-annuelle-qui-nous-renforce-en-tant-que-famille-charismatique-vedruna\/#primaryimage","url":"https:\/\/vedruna.org\/wp-content\/uploads\/2025\/12\/3-1.jpeg","contentUrl":"https:\/\/vedruna.org\/wp-content\/uploads\/2025\/12\/3-1.jpeg","width":960,"height":793},{"@type":"BreadcrumbList","@id":"https:\/\/vedruna.org\/fr\/venezuela-une-rencontre-annuelle-qui-nous-renforce-en-tant-que-famille-charismatique-vedruna\/#breadcrumb","itemListElement":[{"@type":"ListItem","position":1,"name":"Portada","item":"https:\/\/vedruna.org\/fr\/"},{"@type":"ListItem","position":2,"name":"Venezuela : une rencontre annuelle qui nous renforce en tant que famille charismatique Vedruna"}]},{"@type":"WebSite","@id":"https:\/\/vedruna.org\/fr\/#website","url":"https:\/\/vedruna.org\/fr\/","name":"Carmelitas de la Caridad Vedruna","description":"Carmelitas de la caridad","publisher":{"@id":"https:\/\/vedruna.org\/fr\/#organization"},"potentialAction":[{"@type":"SearchAction","target":{"@type":"EntryPoint","urlTemplate":"https:\/\/vedruna.org\/fr\/?s={search_term_string}"},"query-input":{"@type":"PropertyValueSpecification","valueRequired":true,"valueName":"search_term_string"}}],"inLanguage":"fr-FR"},{"@type":"Organization","@id":"https:\/\/vedruna.org\/fr\/#organization","name":"Carmelitas de la caridad Vedruna","url":"https:\/\/vedruna.org\/fr\/","logo":{"@type":"ImageObject","inLanguage":"fr-FR","@id":"https:\/\/vedruna.org\/fr\/#\/schema\/logo\/image\/","url":"https:\/\/vedruna.org\/wp-content\/uploads\/2022\/04\/LOGO-VEDRUNA-HORIZONTAL.png","contentUrl":"https:\/\/vedruna.org\/wp-content\/uploads\/2022\/04\/LOGO-VEDRUNA-HORIZONTAL.png","width":1200,"height":463,"caption":"Carmelitas de la caridad Vedruna"},"image":{"@id":"https:\/\/vedruna.org\/fr\/#\/schema\/logo\/image\/"}},{"@type":"Person","@id":"https:\/\/vedruna.org\/fr\/#\/schema\/person\/cf468646189533fb6a3aae475663fdc7","name":"Comunicaci\u00f3n Vedrunam\u00e9rica","image":{"@type":"ImageObject","inLanguage":"fr-FR","@id":"https:\/\/secure.gravatar.com\/avatar\/b4eff91ff87ece2131a5d31270e1df0a7eeaffece756ce6503fd7dce879d1bfc?s=96&d=mm&r=g","url":"https:\/\/secure.gravatar.com\/avatar\/b4eff91ff87ece2131a5d31270e1df0a7eeaffece756ce6503fd7dce879d1bfc?s=96&d=mm&r=g","contentUrl":"https:\/\/secure.gravatar.com\/avatar\/b4eff91ff87ece2131a5d31270e1df0a7eeaffece756ce6503fd7dce879d1bfc?s=96&d=mm&r=g","caption":"Comunicaci\u00f3n Vedrunam\u00e9rica"},"url":"https:\/\/vedruna.org\/fr\/author\/comunicacion-vedrunamerica\/"}]}},"_links":{"self":[{"href":"https:\/\/vedruna.org\/fr\/wp-json\/wp\/v2\/posts\/32331","targetHints":{"allow":["GET"]}}],"collection":[{"href":"https:\/\/vedruna.org\/fr\/wp-json\/wp\/v2\/posts"}],"about":[{"href":"https:\/\/vedruna.org\/fr\/wp-json\/wp\/v2\/types\/post"}],"author":[{"embeddable":true,"href":"https:\/\/vedruna.org\/fr\/wp-json\/wp\/v2\/users\/4"}],"replies":[{"embeddable":true,"href":"https:\/\/vedruna.org\/fr\/wp-json\/wp\/v2\/comments?post=32331"}],"version-history":[{"count":3,"href":"https:\/\/vedruna.org\/fr\/wp-json\/wp\/v2\/posts\/32331\/revisions"}],"predecessor-version":[{"id":32350,"href":"https:\/\/vedruna.org\/fr\/wp-json\/wp\/v2\/posts\/32331\/revisions\/32350"}],"wp:featuredmedia":[{"embeddable":true,"href":"https:\/\/vedruna.org\/fr\/wp-json\/wp\/v2\/media\/32332"}],"wp:attachment":[{"href":"https:\/\/vedruna.org\/fr\/wp-json\/wp\/v2\/media?parent=32331"}],"wp:term":[{"taxonomy":"category","embeddable":true,"href":"https:\/\/vedruna.org\/fr\/wp-json\/wp\/v2\/categories?post=32331"},{"taxonomy":"post_tag","embeddable":true,"href":"https:\/\/vedruna.org\/fr\/wp-json\/wp\/v2\/tags?post=32331"}],"curies":[{"name":"wp","href":"https:\/\/api.w.org\/{rel}","templated":true}]}}