{"id":35788,"date":"2026-04-24T12:40:49","date_gmt":"2026-04-24T10:40:49","guid":{"rendered":"https:\/\/vedruna.org\/presence-de-vedruna-lors-de-la-visite-du-pape-leon-xiv-en-guinee-equatoriale\/"},"modified":"2026-04-30T13:02:04","modified_gmt":"2026-04-30T11:02:04","slug":"presence-de-vedruna-lors-de-la-visite-du-pape-leon-xiv-en-guinee-equatoriale","status":"publish","type":"post","link":"https:\/\/vedruna.org\/fr\/presence-de-vedruna-lors-de-la-visite-du-pape-leon-xiv-en-guinee-equatoriale\/","title":{"rendered":"Pr\u00e9sence de Vedruna lors de la visite du Pape L\u00e9on XIV en Guin\u00e9e \u00c9quatoriale"},"content":{"rendered":"\n<p>Du 21 au 23 avril, <strong>la visite apostolique du Pape L\u00e9on XIV en Guin\u00e9e Equatoriale<\/strong>, \u00e0 l&rsquo;occasion du 170\u00e8me anniversaire de l&rsquo;\u00e9vang\u00e9lisation du pays, a marqu\u00e9 un moment historique pour l&rsquo;Eglise et pour toute la nation. Plac\u00e9e sous le th\u00e8me \u00ab\u00a0Christ, lumi\u00e8re de la Guin\u00e9e \u00e9quatoriale pour un avenir d&rsquo;esp\u00e9rance\u00a0\u00bb, cette visite a \u00e9t\u00e9 v\u00e9cue comme un temps de gr\u00e2ce, de communion et de renouveau spirituel pour tout le peuple de Dieu. <\/p>\n\n\n\n<p><strong>En tant que s\u0153urs Vedruna, nous vivons notre mission dans l&rsquo;\u00c9glise par la proximit\u00e9, le service et le travail d&rsquo;\u00e9quipe.<\/strong>  En communion avec l&rsquo;\u00e9quipe dioc\u00e9saine, nous d\u00e9veloppons notre travail pastoral \u00e0 partir de notre paroisse et des diff\u00e9rentes chapelles de notre quartier, en accompagnant non seulement les jeunes, mais l&rsquo;ensemble de la communaut\u00e9 chr\u00e9tienne.<\/p>\n\n\n\n<h2 class=\"wp-block-heading\"><strong>Un pays en pr\u00e9paration spirituelle<\/strong><\/h2>\n\n\n\n<p>Avant l&rsquo;arriv\u00e9e du Saint-P\u00e8re, toute la nation s&rsquo;est mobilis\u00e9e dans un profond processus de pr\u00e9paration spirituelle. Les communaut\u00e9s chr\u00e9tiennes, les familles, les \u00e9coles, les universit\u00e9s et les h\u00f4pitaux ont v\u00e9cu des journ\u00e9es intenses de pri\u00e8re et de cat\u00e9ch\u00e8se. Cette pr\u00e9paration visait \u00e0 pr\u00e9parer les c\u0153urs \u00e0 accueillir le successeur de saint Pierre avec foi, respect et ouverture \u00e0 la gr\u00e2ce de Dieu.  <\/p>\n\n\n\n<p>Des r\u00e9unions de pri\u00e8re et de r\u00e9flexion ont \u00e9t\u00e9 organis\u00e9es en divers lieux pour aider les fid\u00e8les \u00e0 comprendre l&rsquo;importance de cet \u00e9v\u00e9nement exceptionnel. L&rsquo;\u00c9glise a invit\u00e9 chacun \u00e0 vivre cette visite non seulement comme un \u00e9v\u00e9nement ext\u00e9rieur, mais comme une v\u00e9ritable exp\u00e9rience de foi et de transformation int\u00e9rieure. <\/p>\n\n\n\n<p>Pendant cette p\u00e9riode de pr\u00e9paration et d&rsquo;exp\u00e9rience de la visite du Saint-P\u00e8re, nous avons ressenti plus fortement l&rsquo;appel \u00e0 aller \u00e0 la rencontre des gens, \u00e0 \u00eatre pr\u00e9sents parmi eux et \u00e0 partager la foi d&rsquo;une mani\u00e8re simple, proche et profonde. Nous avons promu des espaces de rencontre, d&rsquo;\u00e9coute et de formation, o\u00f9 chaque personne peut se sentir accueillie et partie int\u00e9grante de l&rsquo;\u00c9glise. <\/p>\n\n\n\n<p>De mani\u00e8re sp\u00e9ciale, nous avons offert des cat\u00e9ch\u00e8ses non seulement aux jeunes, mais aussi aux adultes, aux familles et aux personnes qui, dans de nombreux cas, ne savaient pas bien qui est le pape et quelle est sa mission au sein de l&rsquo;\u00c9glise. Avec patience et d\u00e9vouement, nous avons essay\u00e9 d&rsquo;expliquer son r\u00f4le de successeur de saint Pierre, de signe d&rsquo;unit\u00e9 et de pasteur universel, ainsi que de partager certains aspects de sa vie et de son d\u00e9vouement au service de l&rsquo;\u00c9vangile. <\/p>\n\n\n\n<p>Ce processus a \u00e9t\u00e9 non seulement instructif, mais aussi profond\u00e9ment formateur et spirituel. Il a permis \u00e0 de nombreuses personnes de red\u00e9couvrir un sentiment d&rsquo;appartenance \u00e0 l&rsquo;\u00c9glise, de renforcer leur foi et d&rsquo;ouvrir leur c\u0153ur \u00e0 une exp\u00e9rience plus vivante de la communion eccl\u00e9siale. <\/p>\n\n\n\n<p>En m\u00eame temps, nous avons travaill\u00e9 pour que toute la communaut\u00e9 &#8211; jeunes, familles, adultes et personnes \u00e2g\u00e9es &#8211; se sente sensibilis\u00e9e et pr\u00e9par\u00e9e \u00e0 accueillir ce grand \u00e9v\u00e9nement. Nous avons cherch\u00e9 \u00e0 \u00e9veiller en chacun une attitude d&rsquo;ouverture, de joie et d&rsquo;engagement, en comprenant que la visite du Saint-P\u00e8re n&rsquo;est pas seulement un \u00e9v\u00e9nement ext\u00e9rieur, mais une occasion de renouveau int\u00e9rieur et communautaire. <\/p>\n\n\n\n<p>Ce parcours a \u00e9t\u00e9 marqu\u00e9 par l&rsquo;effort, le d\u00e9vouement et aussi par des moments de fatigue, en raison des nombreuses r\u00e9unions, rencontres et activit\u00e9s r\u00e9alis\u00e9es. Mais ce fut aussi un temps de gr\u00e2ce, o\u00f9 nous avons exp\u00e9riment\u00e9 la force du travail en communion et la joie de servir. <\/p>\n\n\n<div class=\"pgc-sgb-cb wp-block-pgcsimplygalleryblock-justified \" data-gallery-id=\"49578462\"><div class=\"sgb-preloader\" id=\"pr_49578462\">\n\t<div class=\"sgb-square\" style=\"background:#d4d4d4\"><\/div>\n\t<div class=\"sgb-square\" style=\"background:#d4d4d4\"><\/div>\n\t<div class=\"sgb-square\" style=\"background:#d4d4d4\"><\/div>\n\t<div class=\"sgb-square\" style=\"background:#d4d4d4\"><\/div><\/div><div class=\"simply-gallery-amp pgc_sgb_slider \"><noscript><div class=\"sgb-gallery\"><div class=\"sgb-item\"><a href=\"https:\/\/vedruna.org\/fr\/presence-de-vedruna-lors-de-la-visite-du-pape-leon-xiv-en-guinee-equatoriale\/whatsapp-image-2026-04-28-at-22-22-42\/\" target=\"_blank\"><img decoding=\"async\" alt=\"\" width=\"225\" height=\"300\" loading=\"lazy\" src=\"https:\/\/vedruna.org\/wp-content\/uploads\/2026\/04\/WhatsApp-Image-2026-04-28-at-22.22.42-225x300.jpeg\" srcset=\"https:\/\/vedruna.org\/wp-content\/uploads\/2026\/04\/WhatsApp-Image-2026-04-28-at-22.22.42-225x300.jpeg 225w,https:\/\/vedruna.org\/wp-content\/uploads\/2026\/04\/WhatsApp-Image-2026-04-28-at-22.22.42-768x1024.jpeg 768w,https:\/\/vedruna.org\/wp-content\/uploads\/2026\/04\/WhatsApp-Image-2026-04-28-at-22.22.42.jpeg 864w\" sizes=\"250px\"\/><\/a><\/div><div class=\"sgb-item\"><a href=\"https:\/\/vedruna.org\/fr\/presence-de-vedruna-lors-de-la-visite-du-pape-leon-xiv-en-guinee-equatoriale\/whatsapp-image-2026-04-28-at-22-22-41-1\/\" target=\"_blank\"><img decoding=\"async\" alt=\"\" width=\"300\" height=\"225\" loading=\"lazy\" src=\"https:\/\/vedruna.org\/wp-content\/uploads\/2026\/04\/WhatsApp-Image-2026-04-28-at-22.22.41-1-300x225.jpeg\" srcset=\"https:\/\/vedruna.org\/wp-content\/uploads\/2026\/04\/WhatsApp-Image-2026-04-28-at-22.22.41-1-300x225.jpeg 300w,https:\/\/vedruna.org\/wp-content\/uploads\/2026\/04\/WhatsApp-Image-2026-04-28-at-22.22.41-1-1024x768.jpeg 1024w,https:\/\/vedruna.org\/wp-content\/uploads\/2026\/04\/WhatsApp-Image-2026-04-28-at-22.22.41-1.jpeg 1152w\" sizes=\"250px\"\/><\/a><\/div><div class=\"sgb-item\"><a href=\"https:\/\/vedruna.org\/fr\/presence-de-vedruna-lors-de-la-visite-du-pape-leon-xiv-en-guinee-equatoriale\/whatsapp-image-2026-04-28-at-22-22-41\/\" target=\"_blank\"><img decoding=\"async\" alt=\"\" width=\"300\" height=\"225\" loading=\"lazy\" src=\"https:\/\/vedruna.org\/wp-content\/uploads\/2026\/04\/WhatsApp-Image-2026-04-28-at-22.22.41-300x225.jpeg\" srcset=\"https:\/\/vedruna.org\/wp-content\/uploads\/2026\/04\/WhatsApp-Image-2026-04-28-at-22.22.41-300x225.jpeg 300w,https:\/\/vedruna.org\/wp-content\/uploads\/2026\/04\/WhatsApp-Image-2026-04-28-at-22.22.41.jpeg 1016w\" sizes=\"250px\"\/><\/a><\/div><div class=\"sgb-item\"><a href=\"https:\/\/vedruna.org\/fr\/presence-de-vedruna-lors-de-la-visite-du-pape-leon-xiv-en-guinee-equatoriale\/whatsapp-image-2026-04-28-at-22-22-40\/\" target=\"_blank\"><img decoding=\"async\" alt=\"\" width=\"225\" height=\"300\" loading=\"lazy\" src=\"https:\/\/vedruna.org\/wp-content\/uploads\/2026\/04\/WhatsApp-Image-2026-04-28-at-22.22.40-225x300.jpeg\" srcset=\"https:\/\/vedruna.org\/wp-content\/uploads\/2026\/04\/WhatsApp-Image-2026-04-28-at-22.22.40-225x300.jpeg 225w,https:\/\/vedruna.org\/wp-content\/uploads\/2026\/04\/WhatsApp-Image-2026-04-28-at-22.22.40-768x1024.jpeg 768w,https:\/\/vedruna.org\/wp-content\/uploads\/2026\/04\/WhatsApp-Image-2026-04-28-at-22.22.40.jpeg 864w\" sizes=\"250px\"\/><\/a><\/div><\/div><\/noscript><\/div><script type=\"application\/json\" class=\"sgb-data\">{\"lastRowFill\":true,\"collectionThumbRecomendedHeight\":150,\"collectionThumbMiniScreenScale\":true,\"externalLink\":false,\"captions\":false,\"collectionThumbSubMenuDownload\":false,\"collectionThumbSubMenuShare\":false,\"galleryType\":\"pgc_sgb_justified\",\"galleryId\":\"49578462\",\"images\":[{\"id\":35800,\"title\":\"WhatsApp Image 2026-04-28 at 22.22.42\",\"url\":\"https:\/\/vedruna.org\/wp-content\/uploads\/2026\/04\/WhatsApp-Image-2026-04-28-at-22.22.42.jpeg\",\"link\":\"https:\/\/vedruna.org\/fr\/presence-de-vedruna-lors-de-la-visite-du-pape-leon-xiv-en-guinee-equatoriale\/whatsapp-image-2026-04-28-at-22-22-42\/\",\"alt\":\"\",\"description\":\"\",\"caption\":\"\",\"mime\":\"image\/jpeg\",\"type\":\"image\",\"width\":864,\"height\":1152,\"sizes\":{\"thumbnail\":{\"height\":150,\"width\":150,\"url\":\"https:\/\/vedruna.org\/wp-content\/uploads\/2026\/04\/WhatsApp-Image-2026-04-28-at-22.22.42-150x150.jpeg\",\"orientation\":\"landscape\"},\"medium\":{\"height\":300,\"width\":225,\"url\":\"https:\/\/vedruna.org\/wp-content\/uploads\/2026\/04\/WhatsApp-Image-2026-04-28-at-22.22.42-225x300.jpeg\",\"orientation\":\"portrait\"},\"large\":{\"height\":1024,\"width\":768,\"url\":\"https:\/\/vedruna.org\/wp-content\/uploads\/2026\/04\/WhatsApp-Image-2026-04-28-at-22.22.42-768x1024.jpeg\",\"orientation\":\"portrait\"},\"full\":{\"url\":\"https:\/\/vedruna.org\/wp-content\/uploads\/2026\/04\/WhatsApp-Image-2026-04-28-at-22.22.42.jpeg\",\"height\":1152,\"width\":864,\"orientation\":\"portrait\"}},\"imageMeta\":{\"aperture\":\"0\",\"credit\":\"\",\"camera\":\"\",\"caption\":\"\",\"created_timestamp\":\"0\",\"copyright\":\"\",\"focal_length\":\"0\",\"iso\":\"0\",\"shutter_speed\":\"0\",\"title\":\"\",\"orientation\":\"0\",\"keywords\":[]},\"meta\":false,\"postlink\":\"https:\/\/vedruna.org\/fr\/presence-de-vedruna-lors-de-la-visite-du-pape-leon-xiv-en-guinee-equatoriale\/whatsapp-image-2026-04-28-at-22-22-42\/\"},{\"id\":35801,\"title\":\"WhatsApp Image 2026-04-28 at 22.22.41 (1)\",\"url\":\"https:\/\/vedruna.org\/wp-content\/uploads\/2026\/04\/WhatsApp-Image-2026-04-28-at-22.22.41-1.jpeg\",\"link\":\"https:\/\/vedruna.org\/fr\/presence-de-vedruna-lors-de-la-visite-du-pape-leon-xiv-en-guinee-equatoriale\/whatsapp-image-2026-04-28-at-22-22-41-1\/\",\"alt\":\"\",\"description\":\"\",\"caption\":\"\",\"mime\":\"image\/jpeg\",\"type\":\"image\",\"width\":1152,\"height\":864,\"sizes\":{\"thumbnail\":{\"height\":150,\"width\":150,\"url\":\"https:\/\/vedruna.org\/wp-content\/uploads\/2026\/04\/WhatsApp-Image-2026-04-28-at-22.22.41-1-150x150.jpeg\",\"orientation\":\"landscape\"},\"medium\":{\"height\":225,\"width\":300,\"url\":\"https:\/\/vedruna.org\/wp-content\/uploads\/2026\/04\/WhatsApp-Image-2026-04-28-at-22.22.41-1-300x225.jpeg\",\"orientation\":\"landscape\"},\"large\":{\"height\":768,\"width\":1024,\"url\":\"https:\/\/vedruna.org\/wp-content\/uploads\/2026\/04\/WhatsApp-Image-2026-04-28-at-22.22.41-1-1024x768.jpeg\",\"orientation\":\"landscape\"},\"full\":{\"url\":\"https:\/\/vedruna.org\/wp-content\/uploads\/2026\/04\/WhatsApp-Image-2026-04-28-at-22.22.41-1.jpeg\",\"height\":864,\"width\":1152,\"orientation\":\"landscape\"}},\"imageMeta\":{\"aperture\":\"0\",\"credit\":\"\",\"camera\":\"\",\"caption\":\"\",\"created_timestamp\":\"0\",\"copyright\":\"\",\"focal_length\":\"0\",\"iso\":\"0\",\"shutter_speed\":\"0\",\"title\":\"\",\"orientation\":\"0\",\"keywords\":[]},\"meta\":false,\"postlink\":\"https:\/\/vedruna.org\/fr\/presence-de-vedruna-lors-de-la-visite-du-pape-leon-xiv-en-guinee-equatoriale\/whatsapp-image-2026-04-28-at-22-22-41-1\/\"},{\"id\":35802,\"title\":\"WhatsApp Image 2026-04-28 at 22.22.41\",\"url\":\"https:\/\/vedruna.org\/wp-content\/uploads\/2026\/04\/WhatsApp-Image-2026-04-28-at-22.22.41.jpeg\",\"link\":\"https:\/\/vedruna.org\/fr\/presence-de-vedruna-lors-de-la-visite-du-pape-leon-xiv-en-guinee-equatoriale\/whatsapp-image-2026-04-28-at-22-22-41\/\",\"alt\":\"\",\"description\":\"\",\"caption\":\"\",\"mime\":\"image\/jpeg\",\"type\":\"image\",\"width\":1016,\"height\":762,\"sizes\":{\"thumbnail\":{\"height\":150,\"width\":150,\"url\":\"https:\/\/vedruna.org\/wp-content\/uploads\/2026\/04\/WhatsApp-Image-2026-04-28-at-22.22.41-150x150.jpeg\",\"orientation\":\"landscape\"},\"medium\":{\"height\":225,\"width\":300,\"url\":\"https:\/\/vedruna.org\/wp-content\/uploads\/2026\/04\/WhatsApp-Image-2026-04-28-at-22.22.41-300x225.jpeg\",\"orientation\":\"landscape\"},\"full\":{\"url\":\"https:\/\/vedruna.org\/wp-content\/uploads\/2026\/04\/WhatsApp-Image-2026-04-28-at-22.22.41.jpeg\",\"height\":762,\"width\":1016,\"orientation\":\"landscape\"}},\"imageMeta\":{\"aperture\":\"0\",\"credit\":\"\",\"camera\":\"\",\"caption\":\"\",\"created_timestamp\":\"0\",\"copyright\":\"\",\"focal_length\":\"0\",\"iso\":\"0\",\"shutter_speed\":\"0\",\"title\":\"\",\"orientation\":\"0\",\"keywords\":[]},\"meta\":false,\"postlink\":\"https:\/\/vedruna.org\/fr\/presence-de-vedruna-lors-de-la-visite-du-pape-leon-xiv-en-guinee-equatoriale\/whatsapp-image-2026-04-28-at-22-22-41\/\"},{\"id\":35803,\"title\":\"WhatsApp Image 2026-04-28 at 22.22.40\",\"url\":\"https:\/\/vedruna.org\/wp-content\/uploads\/2026\/04\/WhatsApp-Image-2026-04-28-at-22.22.40.jpeg\",\"link\":\"https:\/\/vedruna.org\/fr\/presence-de-vedruna-lors-de-la-visite-du-pape-leon-xiv-en-guinee-equatoriale\/whatsapp-image-2026-04-28-at-22-22-40\/\",\"alt\":\"\",\"description\":\"\",\"caption\":\"\",\"mime\":\"image\/jpeg\",\"type\":\"image\",\"width\":864,\"height\":1152,\"sizes\":{\"thumbnail\":{\"height\":150,\"width\":150,\"url\":\"https:\/\/vedruna.org\/wp-content\/uploads\/2026\/04\/WhatsApp-Image-2026-04-28-at-22.22.40-150x150.jpeg\",\"orientation\":\"landscape\"},\"medium\":{\"height\":300,\"width\":225,\"url\":\"https:\/\/vedruna.org\/wp-content\/uploads\/2026\/04\/WhatsApp-Image-2026-04-28-at-22.22.40-225x300.jpeg\",\"orientation\":\"portrait\"},\"large\":{\"height\":1024,\"width\":768,\"url\":\"https:\/\/vedruna.org\/wp-content\/uploads\/2026\/04\/WhatsApp-Image-2026-04-28-at-22.22.40-768x1024.jpeg\",\"orientation\":\"portrait\"},\"full\":{\"url\":\"https:\/\/vedruna.org\/wp-content\/uploads\/2026\/04\/WhatsApp-Image-2026-04-28-at-22.22.40.jpeg\",\"height\":1152,\"width\":864,\"orientation\":\"portrait\"}},\"imageMeta\":{\"aperture\":\"0\",\"credit\":\"\",\"camera\":\"\",\"caption\":\"\",\"created_timestamp\":\"0\",\"copyright\":\"\",\"focal_length\":\"0\",\"iso\":\"0\",\"shutter_speed\":\"0\",\"title\":\"\",\"orientation\":\"0\",\"keywords\":[]},\"meta\":false,\"postlink\":\"https:\/\/vedruna.org\/fr\/presence-de-vedruna-lors-de-la-visite-du-pape-leon-xiv-en-guinee-equatoriale\/whatsapp-image-2026-04-28-at-22-22-40\/\"}],\"useClobalSettings\":true,\"itemsMetaDataCollection\":[]}<\/script><script>(function(){if(window.PGC_SGB && window.PGC_SGB.searcher){window.PGC_SGB.searcher.initBlocks()}})()<\/script><\/div>\n\n\n<div style=\"height:25px\" aria-hidden=\"true\" class=\"wp-block-spacer\"><\/div>\n\n\n\n<h2 class=\"wp-block-heading\"><strong>21 avril &#8211; Rencontre avec les autorit\u00e9s politiques et eccl\u00e9siastiques<\/strong><\/h2>\n\n\n\n<p>La visite a d\u00e9but\u00e9 le 21 avril par une rencontre entre le Pape L\u00e9on XIV, les autorit\u00e9s politiques et les responsables eccl\u00e9siastiques. Ce fut un moment de dialogue profond sur les d\u00e9fis auxquels le pays est confront\u00e9 et sur la responsabilit\u00e9 de chacun dans la construction du bien commun. <\/p>\n\n\n\n<p>Le Saint-P\u00e8re a rappel\u00e9 que l&rsquo;autorit\u00e9 est un service et non un pouvoir, et qu&rsquo;elle doit toujours \u00eatre exerc\u00e9e avec justice, v\u00e9rit\u00e9, honn\u00eatet\u00e9 et sens du bien commun. Il a invit\u00e9 les responsables politiques \u00e0 \u0153uvrer pour la paix sociale, la coh\u00e9sion nationale et le d\u00e9veloppement int\u00e9gral de la personne humaine. <\/p>\n\n\n\n<p>Il a appel\u00e9 les responsables d&rsquo;\u00e9glise \u00e0 poursuivre fid\u00e8lement leur mission d&rsquo;accompagnement spirituel, d&rsquo;unit\u00e9 et de proclamation de l&rsquo;\u00c9vangile, en restant proches des gens, en particulier des plus pauvres et des plus vuln\u00e9rables.<\/p>\n\n\n<div class=\"pgc-sgb-cb wp-block-pgcsimplygalleryblock-justified \" data-gallery-id=\"bba68178\"><div class=\"sgb-preloader\" id=\"pr_bba68178\">\n\t<div class=\"sgb-square\" style=\"background:#d4d4d4\"><\/div>\n\t<div class=\"sgb-square\" style=\"background:#d4d4d4\"><\/div>\n\t<div class=\"sgb-square\" style=\"background:#d4d4d4\"><\/div>\n\t<div class=\"sgb-square\" style=\"background:#d4d4d4\"><\/div><\/div><div class=\"simply-gallery-amp pgc_sgb_slider \"><noscript><div class=\"sgb-gallery\"><div class=\"sgb-item\"><a href=\"https:\/\/vedruna.org\/fr\/presence-de-vedruna-lors-de-la-visite-du-pape-leon-xiv-en-guinee-equatoriale\/whatsapp-image-2026-04-28-at-22-42-03\/\" target=\"_blank\"><img decoding=\"async\" alt=\"\" width=\"300\" height=\"200\" loading=\"lazy\" src=\"https:\/\/vedruna.org\/wp-content\/uploads\/2026\/04\/WhatsApp-Image-2026-04-28-at-22.42.03-300x200.jpeg\" srcset=\"https:\/\/vedruna.org\/wp-content\/uploads\/2026\/04\/WhatsApp-Image-2026-04-28-at-22.42.03-300x200.jpeg 300w,https:\/\/vedruna.org\/wp-content\/uploads\/2026\/04\/WhatsApp-Image-2026-04-28-at-22.42.03-1024x683.jpeg 1024w,https:\/\/vedruna.org\/wp-content\/uploads\/2026\/04\/WhatsApp-Image-2026-04-28-at-22.42.03.jpeg 1080w\" sizes=\"250px\"\/><\/a><\/div><div class=\"sgb-item\"><a href=\"https:\/\/vedruna.org\/fr\/presence-de-vedruna-lors-de-la-visite-du-pape-leon-xiv-en-guinee-equatoriale\/whatsapp-image-2026-04-28-at-22-41-57\/\" target=\"_blank\"><img decoding=\"async\" alt=\"\" width=\"300\" height=\"200\" loading=\"lazy\" src=\"https:\/\/vedruna.org\/wp-content\/uploads\/2026\/04\/WhatsApp-Image-2026-04-28-at-22.41.57-300x200.jpeg\" srcset=\"https:\/\/vedruna.org\/wp-content\/uploads\/2026\/04\/WhatsApp-Image-2026-04-28-at-22.41.57-300x200.jpeg 300w,https:\/\/vedruna.org\/wp-content\/uploads\/2026\/04\/WhatsApp-Image-2026-04-28-at-22.41.57-1024x683.jpeg 1024w,https:\/\/vedruna.org\/wp-content\/uploads\/2026\/04\/WhatsApp-Image-2026-04-28-at-22.41.57.jpeg 1080w\" sizes=\"250px\"\/><\/a><\/div><div class=\"sgb-item\"><a href=\"https:\/\/vedruna.org\/fr\/presence-de-vedruna-lors-de-la-visite-du-pape-leon-xiv-en-guinee-equatoriale\/whatsapp-image-2026-04-28-at-22-41-56\/\" target=\"_blank\"><img decoding=\"async\" alt=\"\" width=\"300\" height=\"200\" loading=\"lazy\" src=\"https:\/\/vedruna.org\/wp-content\/uploads\/2026\/04\/WhatsApp-Image-2026-04-28-at-22.41.56-300x200.jpeg\" srcset=\"https:\/\/vedruna.org\/wp-content\/uploads\/2026\/04\/WhatsApp-Image-2026-04-28-at-22.41.56-300x200.jpeg 300w,https:\/\/vedruna.org\/wp-content\/uploads\/2026\/04\/WhatsApp-Image-2026-04-28-at-22.41.56-1024x683.jpeg 1024w,https:\/\/vedruna.org\/wp-content\/uploads\/2026\/04\/WhatsApp-Image-2026-04-28-at-22.41.56.jpeg 1080w\" sizes=\"250px\"\/><\/a><\/div><\/div><\/noscript><\/div><script type=\"application\/json\" class=\"sgb-data\">{\"lastRowFill\":true,\"collectionThumbRecomendedHeight\":150,\"collectionThumbMiniScreenScale\":true,\"externalLink\":false,\"captions\":false,\"collectionThumbSubMenuDownload\":false,\"collectionThumbSubMenuShare\":false,\"galleryType\":\"pgc_sgb_justified\",\"galleryId\":\"bba68178\",\"images\":[{\"id\":35804,\"title\":\"WhatsApp Image 2026-04-28 at 22.42.03\",\"url\":\"https:\/\/vedruna.org\/wp-content\/uploads\/2026\/04\/WhatsApp-Image-2026-04-28-at-22.42.03.jpeg\",\"link\":\"https:\/\/vedruna.org\/fr\/presence-de-vedruna-lors-de-la-visite-du-pape-leon-xiv-en-guinee-equatoriale\/whatsapp-image-2026-04-28-at-22-42-03\/\",\"alt\":\"\",\"description\":\"\",\"caption\":\"\",\"mime\":\"image\/jpeg\",\"type\":\"image\",\"width\":1080,\"height\":720,\"sizes\":{\"thumbnail\":{\"height\":150,\"width\":150,\"url\":\"https:\/\/vedruna.org\/wp-content\/uploads\/2026\/04\/WhatsApp-Image-2026-04-28-at-22.42.03-150x150.jpeg\",\"orientation\":\"landscape\"},\"medium\":{\"height\":200,\"width\":300,\"url\":\"https:\/\/vedruna.org\/wp-content\/uploads\/2026\/04\/WhatsApp-Image-2026-04-28-at-22.42.03-300x200.jpeg\",\"orientation\":\"landscape\"},\"large\":{\"height\":683,\"width\":1024,\"url\":\"https:\/\/vedruna.org\/wp-content\/uploads\/2026\/04\/WhatsApp-Image-2026-04-28-at-22.42.03-1024x683.jpeg\",\"orientation\":\"landscape\"},\"full\":{\"url\":\"https:\/\/vedruna.org\/wp-content\/uploads\/2026\/04\/WhatsApp-Image-2026-04-28-at-22.42.03.jpeg\",\"height\":720,\"width\":1080,\"orientation\":\"landscape\"}},\"imageMeta\":{\"aperture\":\"0\",\"credit\":\"\",\"camera\":\"\",\"caption\":\"\",\"created_timestamp\":\"0\",\"copyright\":\"\",\"focal_length\":\"0\",\"iso\":\"0\",\"shutter_speed\":\"0\",\"title\":\"\",\"orientation\":\"0\",\"keywords\":[]},\"meta\":false,\"postlink\":\"https:\/\/vedruna.org\/fr\/presence-de-vedruna-lors-de-la-visite-du-pape-leon-xiv-en-guinee-equatoriale\/whatsapp-image-2026-04-28-at-22-42-03\/\"},{\"id\":35805,\"title\":\"WhatsApp Image 2026-04-28 at 22.41.57\",\"url\":\"https:\/\/vedruna.org\/wp-content\/uploads\/2026\/04\/WhatsApp-Image-2026-04-28-at-22.41.57.jpeg\",\"link\":\"https:\/\/vedruna.org\/fr\/presence-de-vedruna-lors-de-la-visite-du-pape-leon-xiv-en-guinee-equatoriale\/whatsapp-image-2026-04-28-at-22-41-57\/\",\"alt\":\"\",\"description\":\"\",\"caption\":\"\",\"mime\":\"image\/jpeg\",\"type\":\"image\",\"width\":1080,\"height\":720,\"sizes\":{\"thumbnail\":{\"height\":150,\"width\":150,\"url\":\"https:\/\/vedruna.org\/wp-content\/uploads\/2026\/04\/WhatsApp-Image-2026-04-28-at-22.41.57-150x150.jpeg\",\"orientation\":\"landscape\"},\"medium\":{\"height\":200,\"width\":300,\"url\":\"https:\/\/vedruna.org\/wp-content\/uploads\/2026\/04\/WhatsApp-Image-2026-04-28-at-22.41.57-300x200.jpeg\",\"orientation\":\"landscape\"},\"large\":{\"height\":683,\"width\":1024,\"url\":\"https:\/\/vedruna.org\/wp-content\/uploads\/2026\/04\/WhatsApp-Image-2026-04-28-at-22.41.57-1024x683.jpeg\",\"orientation\":\"landscape\"},\"full\":{\"url\":\"https:\/\/vedruna.org\/wp-content\/uploads\/2026\/04\/WhatsApp-Image-2026-04-28-at-22.41.57.jpeg\",\"height\":720,\"width\":1080,\"orientation\":\"landscape\"}},\"imageMeta\":{\"aperture\":\"0\",\"credit\":\"\",\"camera\":\"\",\"caption\":\"\",\"created_timestamp\":\"0\",\"copyright\":\"\",\"focal_length\":\"0\",\"iso\":\"0\",\"shutter_speed\":\"0\",\"title\":\"\",\"orientation\":\"0\",\"keywords\":[]},\"meta\":false,\"postlink\":\"https:\/\/vedruna.org\/fr\/presence-de-vedruna-lors-de-la-visite-du-pape-leon-xiv-en-guinee-equatoriale\/whatsapp-image-2026-04-28-at-22-41-57\/\"},{\"id\":35806,\"title\":\"WhatsApp Image 2026-04-28 at 22.41.56\",\"url\":\"https:\/\/vedruna.org\/wp-content\/uploads\/2026\/04\/WhatsApp-Image-2026-04-28-at-22.41.56.jpeg\",\"link\":\"https:\/\/vedruna.org\/fr\/presence-de-vedruna-lors-de-la-visite-du-pape-leon-xiv-en-guinee-equatoriale\/whatsapp-image-2026-04-28-at-22-41-56\/\",\"alt\":\"\",\"description\":\"\",\"caption\":\"\",\"mime\":\"image\/jpeg\",\"type\":\"image\",\"width\":1080,\"height\":720,\"sizes\":{\"thumbnail\":{\"height\":150,\"width\":150,\"url\":\"https:\/\/vedruna.org\/wp-content\/uploads\/2026\/04\/WhatsApp-Image-2026-04-28-at-22.41.56-150x150.jpeg\",\"orientation\":\"landscape\"},\"medium\":{\"height\":200,\"width\":300,\"url\":\"https:\/\/vedruna.org\/wp-content\/uploads\/2026\/04\/WhatsApp-Image-2026-04-28-at-22.41.56-300x200.jpeg\",\"orientation\":\"landscape\"},\"large\":{\"height\":683,\"width\":1024,\"url\":\"https:\/\/vedruna.org\/wp-content\/uploads\/2026\/04\/WhatsApp-Image-2026-04-28-at-22.41.56-1024x683.jpeg\",\"orientation\":\"landscape\"},\"full\":{\"url\":\"https:\/\/vedruna.org\/wp-content\/uploads\/2026\/04\/WhatsApp-Image-2026-04-28-at-22.41.56.jpeg\",\"height\":720,\"width\":1080,\"orientation\":\"landscape\"}},\"imageMeta\":{\"aperture\":\"0\",\"credit\":\"\",\"camera\":\"\",\"caption\":\"\",\"created_timestamp\":\"0\",\"copyright\":\"\",\"focal_length\":\"0\",\"iso\":\"0\",\"shutter_speed\":\"0\",\"title\":\"\",\"orientation\":\"0\",\"keywords\":[]},\"meta\":false,\"postlink\":\"https:\/\/vedruna.org\/fr\/presence-de-vedruna-lors-de-la-visite-du-pape-leon-xiv-en-guinee-equatoriale\/whatsapp-image-2026-04-28-at-22-41-56\/\"}],\"useClobalSettings\":true,\"itemsMetaDataCollection\":[]}<\/script><script>(function(){if(window.PGC_SGB && window.PGC_SGB.searcher){window.PGC_SGB.searcher.initBlocks()}})()<\/script><\/div>\n\n\n<div style=\"height:25px\" aria-hidden=\"true\" class=\"wp-block-spacer\"><\/div>\n\n\n\n<h2 class=\"wp-block-heading\"><strong>Visite de la prison et des h\u00f4pitaux locaux<\/strong><\/h2>\n\n\n\n<p>Apr\u00e8s cette rencontre officielle, le Pape a poursuivi sa visite pastorale dans la prison locale. Ce moment a \u00e9t\u00e9 un signe fort de proximit\u00e9 avec les personnes priv\u00e9es de libert\u00e9. Il a rappel\u00e9 que toute personne humaine conserve sa dignit\u00e9, m\u00eame dans la culpabilit\u00e9, et que la soci\u00e9t\u00e9 est appel\u00e9e \u00e0 promouvoir le pardon, la r\u00e9insertion et la mis\u00e9ricorde.  <\/p>\n\n\n\n<p>Il a ensuite visit\u00e9 plusieurs h\u00f4pitaux, o\u00f9 il a rencontr\u00e9 les malades et les personnes les plus vuln\u00e9rables. Sa pr\u00e9sence a \u00e9t\u00e9 un moment de consolation, de pri\u00e8re et d&rsquo;esp\u00e9rance, manifestant la tendresse de l&rsquo;\u00c9glise et la proximit\u00e9 du Christ avec ceux qui souffrent. <\/p>\n\n\n<div class=\"pgc-sgb-cb wp-block-pgcsimplygalleryblock-justified \" data-gallery-id=\"c1669956\"><div class=\"sgb-preloader\" id=\"pr_c1669956\">\n\t<div class=\"sgb-square\" style=\"background:#d4d4d4\"><\/div>\n\t<div class=\"sgb-square\" style=\"background:#d4d4d4\"><\/div>\n\t<div class=\"sgb-square\" style=\"background:#d4d4d4\"><\/div>\n\t<div class=\"sgb-square\" style=\"background:#d4d4d4\"><\/div><\/div><div class=\"simply-gallery-amp pgc_sgb_slider \"><noscript><div class=\"sgb-gallery\"><div class=\"sgb-item\"><a href=\"https:\/\/vedruna.org\/fr\/presence-de-vedruna-lors-de-la-visite-du-pape-leon-xiv-en-guinee-equatoriale\/whatsapp-image-2026-04-28-at-22-42-04\/\" target=\"_blank\"><img decoding=\"async\" alt=\"\" width=\"300\" height=\"300\" loading=\"lazy\" src=\"https:\/\/vedruna.org\/wp-content\/uploads\/2026\/04\/WhatsApp-Image-2026-04-28-at-22.42.04-300x300.jpeg\" srcset=\"https:\/\/vedruna.org\/wp-content\/uploads\/2026\/04\/WhatsApp-Image-2026-04-28-at-22.42.04-300x300.jpeg 300w,https:\/\/vedruna.org\/wp-content\/uploads\/2026\/04\/WhatsApp-Image-2026-04-28-at-22.42.04.jpeg 852w\" sizes=\"250px\"\/><\/a><\/div><div class=\"sgb-item\"><a href=\"https:\/\/vedruna.org\/fr\/presence-de-vedruna-lors-de-la-visite-du-pape-leon-xiv-en-guinee-equatoriale\/whatsapp-image-2026-04-28-at-22-41-59\/\" target=\"_blank\"><img decoding=\"async\" alt=\"\" width=\"300\" height=\"300\" loading=\"lazy\" src=\"https:\/\/vedruna.org\/wp-content\/uploads\/2026\/04\/WhatsApp-Image-2026-04-28-at-22.41.59-300x300.jpeg\" srcset=\"https:\/\/vedruna.org\/wp-content\/uploads\/2026\/04\/WhatsApp-Image-2026-04-28-at-22.41.59-300x300.jpeg 300w,https:\/\/vedruna.org\/wp-content\/uploads\/2026\/04\/WhatsApp-Image-2026-04-28-at-22.41.59-1024x1024.jpeg 1024w,https:\/\/vedruna.org\/wp-content\/uploads\/2026\/04\/WhatsApp-Image-2026-04-28-at-22.41.59.jpeg 1080w\" sizes=\"250px\"\/><\/a><\/div><\/div><\/noscript><\/div><script type=\"application\/json\" class=\"sgb-data\">{\"lastRowFill\":true,\"collectionThumbRecomendedHeight\":150,\"collectionThumbMiniScreenScale\":true,\"externalLink\":false,\"captions\":false,\"collectionThumbSubMenuDownload\":false,\"collectionThumbSubMenuShare\":false,\"galleryType\":\"pgc_sgb_justified\",\"galleryId\":\"c1669956\",\"images\":[{\"id\":35807,\"title\":\"WhatsApp Image 2026-04-28 at 22.42.04\",\"url\":\"https:\/\/vedruna.org\/wp-content\/uploads\/2026\/04\/WhatsApp-Image-2026-04-28-at-22.42.04.jpeg\",\"link\":\"https:\/\/vedruna.org\/fr\/presence-de-vedruna-lors-de-la-visite-du-pape-leon-xiv-en-guinee-equatoriale\/whatsapp-image-2026-04-28-at-22-42-04\/\",\"alt\":\"\",\"description\":\"\",\"caption\":\"\",\"mime\":\"image\/jpeg\",\"type\":\"image\",\"width\":852,\"height\":852,\"sizes\":{\"thumbnail\":{\"height\":150,\"width\":150,\"url\":\"https:\/\/vedruna.org\/wp-content\/uploads\/2026\/04\/WhatsApp-Image-2026-04-28-at-22.42.04-150x150.jpeg\",\"orientation\":\"landscape\"},\"medium\":{\"height\":300,\"width\":300,\"url\":\"https:\/\/vedruna.org\/wp-content\/uploads\/2026\/04\/WhatsApp-Image-2026-04-28-at-22.42.04-300x300.jpeg\",\"orientation\":\"landscape\"},\"full\":{\"url\":\"https:\/\/vedruna.org\/wp-content\/uploads\/2026\/04\/WhatsApp-Image-2026-04-28-at-22.42.04.jpeg\",\"height\":852,\"width\":852,\"orientation\":\"landscape\"}},\"imageMeta\":{\"aperture\":\"0\",\"credit\":\"\",\"camera\":\"\",\"caption\":\"\",\"created_timestamp\":\"0\",\"copyright\":\"\",\"focal_length\":\"0\",\"iso\":\"0\",\"shutter_speed\":\"0\",\"title\":\"\",\"orientation\":\"0\",\"keywords\":[]},\"meta\":false,\"postlink\":\"https:\/\/vedruna.org\/fr\/presence-de-vedruna-lors-de-la-visite-du-pape-leon-xiv-en-guinee-equatoriale\/whatsapp-image-2026-04-28-at-22-42-04\/\"},{\"id\":35808,\"title\":\"WhatsApp Image 2026-04-28 at 22.41.59\",\"url\":\"https:\/\/vedruna.org\/wp-content\/uploads\/2026\/04\/WhatsApp-Image-2026-04-28-at-22.41.59.jpeg\",\"link\":\"https:\/\/vedruna.org\/fr\/presence-de-vedruna-lors-de-la-visite-du-pape-leon-xiv-en-guinee-equatoriale\/whatsapp-image-2026-04-28-at-22-41-59\/\",\"alt\":\"\",\"description\":\"\",\"caption\":\"\",\"mime\":\"image\/jpeg\",\"type\":\"image\",\"width\":1080,\"height\":1080,\"sizes\":{\"thumbnail\":{\"height\":150,\"width\":150,\"url\":\"https:\/\/vedruna.org\/wp-content\/uploads\/2026\/04\/WhatsApp-Image-2026-04-28-at-22.41.59-150x150.jpeg\",\"orientation\":\"landscape\"},\"medium\":{\"height\":300,\"width\":300,\"url\":\"https:\/\/vedruna.org\/wp-content\/uploads\/2026\/04\/WhatsApp-Image-2026-04-28-at-22.41.59-300x300.jpeg\",\"orientation\":\"landscape\"},\"large\":{\"height\":1024,\"width\":1024,\"url\":\"https:\/\/vedruna.org\/wp-content\/uploads\/2026\/04\/WhatsApp-Image-2026-04-28-at-22.41.59-1024x1024.jpeg\",\"orientation\":\"landscape\"},\"full\":{\"url\":\"https:\/\/vedruna.org\/wp-content\/uploads\/2026\/04\/WhatsApp-Image-2026-04-28-at-22.41.59.jpeg\",\"height\":1080,\"width\":1080,\"orientation\":\"landscape\"}},\"imageMeta\":{\"aperture\":\"0\",\"credit\":\"\",\"camera\":\"\",\"caption\":\"\",\"created_timestamp\":\"0\",\"copyright\":\"\",\"focal_length\":\"0\",\"iso\":\"0\",\"shutter_speed\":\"0\",\"title\":\"\",\"orientation\":\"0\",\"keywords\":[]},\"meta\":false,\"postlink\":\"https:\/\/vedruna.org\/fr\/presence-de-vedruna-lors-de-la-visite-du-pape-leon-xiv-en-guinee-equatoriale\/whatsapp-image-2026-04-28-at-22-41-59\/\"}],\"useClobalSettings\":true,\"itemsMetaDataCollection\":[]}<\/script><script>(function(){if(window.PGC_SGB && window.PGC_SGB.searcher){window.PGC_SGB.searcher.initBlocks()}})()<\/script><\/div>\n\n\n<div style=\"height:25px\" aria-hidden=\"true\" class=\"wp-block-spacer\"><\/div>\n\n\n\n<h2 class=\"wp-block-heading\"><strong>Rencontre avec des jeunes et des familles sous la pluie<\/strong><\/h2>\n\n\n\n<p>L&rsquo;un des moments les plus importants de la visite a \u00e9t\u00e9 la rencontre avec les jeunes et les familles. Malgr\u00e9 une pluie battante, la foule est rest\u00e9e dans la joie, la foi et la pers\u00e9v\u00e9rance. Cette sc\u00e8ne est devenue un signe vivant de la vitalit\u00e9 spirituelle du peuple.  <\/p>\n\n\n\n<p>Le pape L\u00e9on XIV a demand\u00e9 avec simplicit\u00e9 si la pluie pouvait arr\u00eater la joie, et la r\u00e9ponse a \u00e9t\u00e9 claire : la foi et l&rsquo;esp\u00e9rance sont plus fortes que toutes les difficult\u00e9s. Dans son message, il a encourag\u00e9 les jeunes \u00e0 ne pas avoir peur de l&rsquo;avenir, mais \u00e0 le construire sur la foi. <\/p>\n\n\n\n<p>Il a rappel\u00e9 que les jeunes sont le pr\u00e9sent vivant de l&rsquo;\u00c9glise, appel\u00e9s \u00e0 \u00eatre des t\u00e9moins courageux du Christ, des b\u00e2tisseurs de paix et des porteurs d&rsquo;espoir dans leurs familles, leurs \u00e9coles et leurs communaut\u00e9s.<\/p>\n\n\n\n<p>S&rsquo;adressant aux familles, le Saint-P\u00e8re a d\u00e9velopp\u00e9 un message qui a profond\u00e9ment touch\u00e9 les c\u0153urs, rappelant que la famille est avant tout un lieu de pardon. Il a soulign\u00e9 qu&rsquo;il n&rsquo;existe pas de famille parfaite, parce qu&rsquo;il n&rsquo;y a pas de personnes parfaites. Chacun est appel\u00e9 \u00e0 vivre ensemble au milieu de ses faiblesses, de ses blessures et de ses diff\u00e9rences.  <\/p>\n\n\n\n<p>Il a insist\u00e9 sur le fait qu&rsquo;il n&rsquo;y a pas de famille saine sans la pratique du pardon. Le pardon, a-t-il dit, est le rem\u00e8de \u00e0 la joie, la gu\u00e9rison du c\u0153ur et la base d&rsquo;une v\u00e9ritable vie de famille. Sans lui, la famille devient un lieu de conflit, alors qu&rsquo;avec lui, elle devient un lieu de paix, de vie et de croissance.  <\/p>\n\n\n\n<p>Le Saint-P\u00e8re a rappel\u00e9 que la rancune d\u00e9truit int\u00e9rieurement, alors que le pardon lib\u00e8re, gu\u00e9rit et r\u00e9tablit la paix. C&rsquo;est pourquoi il a invit\u00e9 les familles \u00e0 \u00eatre des espaces d&rsquo;accueil, de soutien, d&rsquo;amour et de r\u00e9conciliation, o\u00f9 chaque membre peut se sentir valoris\u00e9 et accompagn\u00e9. <\/p>\n\n\n\n<p>Il a \u00e9galement soulign\u00e9 que les familles sont appel\u00e9es \u00e0 \u00eatre une lumi\u00e8re dans la soci\u00e9t\u00e9, en vivant l&rsquo;amour v\u00e9ritable, le respect mutuel et le don de soi. En ce sens, il a soulign\u00e9 que les plus grandes joies proviennent du service et du d\u00e9vouement, en particulier \u00e0 l&rsquo;\u00e9gard des plus d\u00e9munis. <\/p>\n\n\n\n<p>Il a \u00e9galement exhort\u00e9 l&rsquo;ensemble de la soci\u00e9t\u00e9 \u00e0 promouvoir une culture fond\u00e9e sur l&rsquo;effort, le travail et la responsabilit\u00e9, en s&rsquo;\u00e9loignant de la recherche d&rsquo;un succ\u00e8s facile.<\/p>\n\n\n<div class=\"pgc-sgb-cb wp-block-pgcsimplygalleryblock-justified \" data-gallery-id=\"94492209\"><div class=\"sgb-preloader\" id=\"pr_94492209\">\n\t<div class=\"sgb-square\" style=\"background:#d4d4d4\"><\/div>\n\t<div class=\"sgb-square\" style=\"background:#d4d4d4\"><\/div>\n\t<div class=\"sgb-square\" style=\"background:#d4d4d4\"><\/div>\n\t<div class=\"sgb-square\" style=\"background:#d4d4d4\"><\/div><\/div><div class=\"simply-gallery-amp pgc_sgb_slider \"><noscript><div class=\"sgb-gallery\"><div class=\"sgb-item\"><a href=\"https:\/\/vedruna.org\/fr\/presence-de-vedruna-lors-de-la-visite-du-pape-leon-xiv-en-guinee-equatoriale\/whatsapp-image-2026-04-28-at-22-25-49-1\/\" target=\"_blank\"><img decoding=\"async\" alt=\"\" width=\"300\" height=\"135\" loading=\"lazy\" src=\"https:\/\/vedruna.org\/wp-content\/uploads\/2026\/04\/WhatsApp-Image-2026-04-28-at-22.25.49-1-300x135.jpeg\" srcset=\"https:\/\/vedruna.org\/wp-content\/uploads\/2026\/04\/WhatsApp-Image-2026-04-28-at-22.25.49-1-300x135.jpeg 300w,https:\/\/vedruna.org\/wp-content\/uploads\/2026\/04\/WhatsApp-Image-2026-04-28-at-22.25.49-1-1024x461.jpeg 1024w,https:\/\/vedruna.org\/wp-content\/uploads\/2026\/04\/WhatsApp-Image-2026-04-28-at-22.25.49-1.jpeg 1080w\" sizes=\"250px\"\/><\/a><\/div><div class=\"sgb-item\"><a href=\"https:\/\/vedruna.org\/fr\/presence-de-vedruna-lors-de-la-visite-du-pape-leon-xiv-en-guinee-equatoriale\/whatsapp-image-2026-04-28-at-22-25-49\/\" target=\"_blank\"><img decoding=\"async\" alt=\"\" width=\"300\" height=\"135\" loading=\"lazy\" src=\"https:\/\/vedruna.org\/wp-content\/uploads\/2026\/04\/WhatsApp-Image-2026-04-28-at-22.25.49-300x135.jpeg\" srcset=\"https:\/\/vedruna.org\/wp-content\/uploads\/2026\/04\/WhatsApp-Image-2026-04-28-at-22.25.49-300x135.jpeg 300w,https:\/\/vedruna.org\/wp-content\/uploads\/2026\/04\/WhatsApp-Image-2026-04-28-at-22.25.49-1024x461.jpeg 1024w,https:\/\/vedruna.org\/wp-content\/uploads\/2026\/04\/WhatsApp-Image-2026-04-28-at-22.25.49.jpeg 1080w\" sizes=\"250px\"\/><\/a><\/div><div class=\"sgb-item\"><a href=\"https:\/\/vedruna.org\/fr\/presence-de-vedruna-lors-de-la-visite-du-pape-leon-xiv-en-guinee-equatoriale\/imagen3-5\/\" target=\"_blank\"><img decoding=\"async\" alt=\"\" width=\"300\" height=\"173\" loading=\"lazy\" src=\"https:\/\/vedruna.org\/wp-content\/uploads\/2026\/04\/Imagen3-300x173.jpg\" srcset=\"https:\/\/vedruna.org\/wp-content\/uploads\/2026\/04\/Imagen3-300x173.jpg 300w,https:\/\/vedruna.org\/wp-content\/uploads\/2026\/04\/Imagen3.jpg 554w\" sizes=\"250px\"\/><\/a><\/div><div class=\"sgb-item\"><a href=\"https:\/\/vedruna.org\/fr\/presence-de-vedruna-lors-de-la-visite-du-pape-leon-xiv-en-guinee-equatoriale\/imagen2-6\/\" target=\"_blank\"><img decoding=\"async\" alt=\"\" width=\"226\" height=\"300\" loading=\"lazy\" src=\"https:\/\/vedruna.org\/wp-content\/uploads\/2026\/04\/Imagen2-226x300.jpg\" srcset=\"https:\/\/vedruna.org\/wp-content\/uploads\/2026\/04\/Imagen2-226x300.jpg 226w,https:\/\/vedruna.org\/wp-content\/uploads\/2026\/04\/Imagen2.jpg 554w\" sizes=\"250px\"\/><\/a><\/div><div class=\"sgb-item\"><a href=\"https:\/\/vedruna.org\/fr\/presence-de-vedruna-lors-de-la-visite-du-pape-leon-xiv-en-guinee-equatoriale\/imagen1-8\/\" target=\"_blank\"><img decoding=\"async\" alt=\"\" width=\"225\" height=\"300\" loading=\"lazy\" src=\"https:\/\/vedruna.org\/wp-content\/uploads\/2026\/04\/Imagen1-225x300.jpg\" srcset=\"https:\/\/vedruna.org\/wp-content\/uploads\/2026\/04\/Imagen1-225x300.jpg 225w,https:\/\/vedruna.org\/wp-content\/uploads\/2026\/04\/Imagen1.jpg 554w\" sizes=\"250px\"\/><\/a><\/div><div class=\"sgb-item\"><a href=\"https:\/\/vedruna.org\/fr\/presence-de-vedruna-lors-de-la-visite-du-pape-leon-xiv-en-guinee-equatoriale\/whatsapp-image-2026-04-28-at-22-25-43\/\" target=\"_blank\"><img decoding=\"async\" alt=\"\" width=\"300\" height=\"135\" loading=\"lazy\" src=\"https:\/\/vedruna.org\/wp-content\/uploads\/2026\/04\/WhatsApp-Image-2026-04-28-at-22.25.43-300x135.jpeg\" srcset=\"https:\/\/vedruna.org\/wp-content\/uploads\/2026\/04\/WhatsApp-Image-2026-04-28-at-22.25.43-300x135.jpeg 300w,https:\/\/vedruna.org\/wp-content\/uploads\/2026\/04\/WhatsApp-Image-2026-04-28-at-22.25.43-1024x461.jpeg 1024w,https:\/\/vedruna.org\/wp-content\/uploads\/2026\/04\/WhatsApp-Image-2026-04-28-at-22.25.43.jpeg 1080w\" sizes=\"250px\"\/><\/a><\/div><div class=\"sgb-item\"><a href=\"https:\/\/vedruna.org\/fr\/presence-de-vedruna-lors-de-la-visite-du-pape-leon-xiv-en-guinee-equatoriale\/whatsapp-image-2026-04-28-at-22-42-05-1\/\" target=\"_blank\"><img decoding=\"async\" alt=\"\" width=\"300\" height=\"300\" loading=\"lazy\" src=\"https:\/\/vedruna.org\/wp-content\/uploads\/2026\/04\/WhatsApp-Image-2026-04-28-at-22.42.05-1-300x300.jpeg\" srcset=\"https:\/\/vedruna.org\/wp-content\/uploads\/2026\/04\/WhatsApp-Image-2026-04-28-at-22.42.05-1-300x300.jpeg 300w,https:\/\/vedruna.org\/wp-content\/uploads\/2026\/04\/WhatsApp-Image-2026-04-28-at-22.42.05-1.jpeg 400w\" sizes=\"250px\"\/><\/a><\/div><\/div><\/noscript><\/div><script type=\"application\/json\" class=\"sgb-data\">{\"lastRowFill\":true,\"collectionThumbRecomendedHeight\":150,\"collectionThumbMiniScreenScale\":true,\"externalLink\":false,\"captions\":false,\"collectionThumbSubMenuDownload\":false,\"collectionThumbSubMenuShare\":false,\"galleryType\":\"pgc_sgb_justified\",\"galleryId\":\"94492209\",\"images\":[{\"id\":35809,\"title\":\"WhatsApp Image 2026-04-28 at 22.25.49 (1)\",\"url\":\"https:\/\/vedruna.org\/wp-content\/uploads\/2026\/04\/WhatsApp-Image-2026-04-28-at-22.25.49-1.jpeg\",\"link\":\"https:\/\/vedruna.org\/fr\/presence-de-vedruna-lors-de-la-visite-du-pape-leon-xiv-en-guinee-equatoriale\/whatsapp-image-2026-04-28-at-22-25-49-1\/\",\"alt\":\"\",\"description\":\"\",\"caption\":\"\",\"mime\":\"image\/jpeg\",\"type\":\"image\",\"width\":1080,\"height\":486,\"sizes\":{\"thumbnail\":{\"height\":150,\"width\":150,\"url\":\"https:\/\/vedruna.org\/wp-content\/uploads\/2026\/04\/WhatsApp-Image-2026-04-28-at-22.25.49-1-150x150.jpeg\",\"orientation\":\"landscape\"},\"medium\":{\"height\":135,\"width\":300,\"url\":\"https:\/\/vedruna.org\/wp-content\/uploads\/2026\/04\/WhatsApp-Image-2026-04-28-at-22.25.49-1-300x135.jpeg\",\"orientation\":\"landscape\"},\"large\":{\"height\":461,\"width\":1024,\"url\":\"https:\/\/vedruna.org\/wp-content\/uploads\/2026\/04\/WhatsApp-Image-2026-04-28-at-22.25.49-1-1024x461.jpeg\",\"orientation\":\"landscape\"},\"full\":{\"url\":\"https:\/\/vedruna.org\/wp-content\/uploads\/2026\/04\/WhatsApp-Image-2026-04-28-at-22.25.49-1.jpeg\",\"height\":486,\"width\":1080,\"orientation\":\"landscape\"}},\"imageMeta\":{\"aperture\":\"0\",\"credit\":\"\",\"camera\":\"\",\"caption\":\"\",\"created_timestamp\":\"0\",\"copyright\":\"\",\"focal_length\":\"0\",\"iso\":\"0\",\"shutter_speed\":\"0\",\"title\":\"\",\"orientation\":\"0\",\"keywords\":[]},\"meta\":false,\"postlink\":\"https:\/\/vedruna.org\/fr\/presence-de-vedruna-lors-de-la-visite-du-pape-leon-xiv-en-guinee-equatoriale\/whatsapp-image-2026-04-28-at-22-25-49-1\/\"},{\"id\":35810,\"title\":\"WhatsApp Image 2026-04-28 at 22.25.49\",\"url\":\"https:\/\/vedruna.org\/wp-content\/uploads\/2026\/04\/WhatsApp-Image-2026-04-28-at-22.25.49.jpeg\",\"link\":\"https:\/\/vedruna.org\/fr\/presence-de-vedruna-lors-de-la-visite-du-pape-leon-xiv-en-guinee-equatoriale\/whatsapp-image-2026-04-28-at-22-25-49\/\",\"alt\":\"\",\"description\":\"\",\"caption\":\"\",\"mime\":\"image\/jpeg\",\"type\":\"image\",\"width\":1080,\"height\":486,\"sizes\":{\"thumbnail\":{\"height\":150,\"width\":150,\"url\":\"https:\/\/vedruna.org\/wp-content\/uploads\/2026\/04\/WhatsApp-Image-2026-04-28-at-22.25.49-150x150.jpeg\",\"orientation\":\"landscape\"},\"medium\":{\"height\":135,\"width\":300,\"url\":\"https:\/\/vedruna.org\/wp-content\/uploads\/2026\/04\/WhatsApp-Image-2026-04-28-at-22.25.49-300x135.jpeg\",\"orientation\":\"landscape\"},\"large\":{\"height\":461,\"width\":1024,\"url\":\"https:\/\/vedruna.org\/wp-content\/uploads\/2026\/04\/WhatsApp-Image-2026-04-28-at-22.25.49-1024x461.jpeg\",\"orientation\":\"landscape\"},\"full\":{\"url\":\"https:\/\/vedruna.org\/wp-content\/uploads\/2026\/04\/WhatsApp-Image-2026-04-28-at-22.25.49.jpeg\",\"height\":486,\"width\":1080,\"orientation\":\"landscape\"}},\"imageMeta\":{\"aperture\":\"0\",\"credit\":\"\",\"camera\":\"\",\"caption\":\"\",\"created_timestamp\":\"0\",\"copyright\":\"\",\"focal_length\":\"0\",\"iso\":\"0\",\"shutter_speed\":\"0\",\"title\":\"\",\"orientation\":\"0\",\"keywords\":[]},\"meta\":false,\"postlink\":\"https:\/\/vedruna.org\/fr\/presence-de-vedruna-lors-de-la-visite-du-pape-leon-xiv-en-guinee-equatoriale\/whatsapp-image-2026-04-28-at-22-25-49\/\"},{\"id\":35811,\"title\":\"Imagen3\",\"url\":\"https:\/\/vedruna.org\/wp-content\/uploads\/2026\/04\/Imagen3.jpg\",\"link\":\"https:\/\/vedruna.org\/fr\/presence-de-vedruna-lors-de-la-visite-du-pape-leon-xiv-en-guinee-equatoriale\/imagen3-5\/\",\"alt\":\"\",\"description\":\"\",\"caption\":\"\",\"mime\":\"image\/jpeg\",\"type\":\"image\",\"width\":554,\"height\":320,\"sizes\":{\"thumbnail\":{\"height\":150,\"width\":150,\"url\":\"https:\/\/vedruna.org\/wp-content\/uploads\/2026\/04\/Imagen3-150x150.jpg\",\"orientation\":\"landscape\"},\"medium\":{\"height\":173,\"width\":300,\"url\":\"https:\/\/vedruna.org\/wp-content\/uploads\/2026\/04\/Imagen3-300x173.jpg\",\"orientation\":\"landscape\"},\"full\":{\"url\":\"https:\/\/vedruna.org\/wp-content\/uploads\/2026\/04\/Imagen3.jpg\",\"height\":320,\"width\":554,\"orientation\":\"landscape\"}},\"imageMeta\":{\"aperture\":\"0\",\"credit\":\"\",\"camera\":\"\",\"caption\":\"\",\"created_timestamp\":\"0\",\"copyright\":\"\",\"focal_length\":\"0\",\"iso\":\"0\",\"shutter_speed\":\"0\",\"title\":\"\",\"orientation\":\"0\",\"keywords\":[]},\"meta\":false,\"postlink\":\"https:\/\/vedruna.org\/fr\/presence-de-vedruna-lors-de-la-visite-du-pape-leon-xiv-en-guinee-equatoriale\/imagen3-5\/\"},{\"id\":35812,\"title\":\"Imagen2\",\"url\":\"https:\/\/vedruna.org\/wp-content\/uploads\/2026\/04\/Imagen2.jpg\",\"link\":\"https:\/\/vedruna.org\/fr\/presence-de-vedruna-lors-de-la-visite-du-pape-leon-xiv-en-guinee-equatoriale\/imagen2-6\/\",\"alt\":\"\",\"description\":\"\",\"caption\":\"\",\"mime\":\"image\/jpeg\",\"type\":\"image\",\"width\":554,\"height\":736,\"sizes\":{\"thumbnail\":{\"height\":150,\"width\":150,\"url\":\"https:\/\/vedruna.org\/wp-content\/uploads\/2026\/04\/Imagen2-150x150.jpg\",\"orientation\":\"landscape\"},\"medium\":{\"height\":300,\"width\":226,\"url\":\"https:\/\/vedruna.org\/wp-content\/uploads\/2026\/04\/Imagen2-226x300.jpg\",\"orientation\":\"portrait\"},\"full\":{\"url\":\"https:\/\/vedruna.org\/wp-content\/uploads\/2026\/04\/Imagen2.jpg\",\"height\":736,\"width\":554,\"orientation\":\"portrait\"}},\"imageMeta\":{\"aperture\":\"0\",\"credit\":\"\",\"camera\":\"\",\"caption\":\"\",\"created_timestamp\":\"0\",\"copyright\":\"\",\"focal_length\":\"0\",\"iso\":\"0\",\"shutter_speed\":\"0\",\"title\":\"\",\"orientation\":\"0\",\"keywords\":[]},\"meta\":false,\"postlink\":\"https:\/\/vedruna.org\/fr\/presence-de-vedruna-lors-de-la-visite-du-pape-leon-xiv-en-guinee-equatoriale\/imagen2-6\/\"},{\"id\":35813,\"title\":\"Imagen1\",\"url\":\"https:\/\/vedruna.org\/wp-content\/uploads\/2026\/04\/Imagen1.jpg\",\"link\":\"https:\/\/vedruna.org\/fr\/presence-de-vedruna-lors-de-la-visite-du-pape-leon-xiv-en-guinee-equatoriale\/imagen1-8\/\",\"alt\":\"\",\"description\":\"\",\"caption\":\"\",\"mime\":\"image\/jpeg\",\"type\":\"image\",\"width\":554,\"height\":738,\"sizes\":{\"thumbnail\":{\"height\":150,\"width\":150,\"url\":\"https:\/\/vedruna.org\/wp-content\/uploads\/2026\/04\/Imagen1-150x150.jpg\",\"orientation\":\"landscape\"},\"medium\":{\"height\":300,\"width\":225,\"url\":\"https:\/\/vedruna.org\/wp-content\/uploads\/2026\/04\/Imagen1-225x300.jpg\",\"orientation\":\"portrait\"},\"full\":{\"url\":\"https:\/\/vedruna.org\/wp-content\/uploads\/2026\/04\/Imagen1.jpg\",\"height\":738,\"width\":554,\"orientation\":\"portrait\"}},\"imageMeta\":{\"aperture\":\"0\",\"credit\":\"\",\"camera\":\"\",\"caption\":\"\",\"created_timestamp\":\"0\",\"copyright\":\"\",\"focal_length\":\"0\",\"iso\":\"0\",\"shutter_speed\":\"0\",\"title\":\"\",\"orientation\":\"0\",\"keywords\":[]},\"meta\":false,\"postlink\":\"https:\/\/vedruna.org\/fr\/presence-de-vedruna-lors-de-la-visite-du-pape-leon-xiv-en-guinee-equatoriale\/imagen1-8\/\"},{\"id\":35814,\"title\":\"WhatsApp Image 2026-04-28 at 22.25.43\",\"url\":\"https:\/\/vedruna.org\/wp-content\/uploads\/2026\/04\/WhatsApp-Image-2026-04-28-at-22.25.43.jpeg\",\"link\":\"https:\/\/vedruna.org\/fr\/presence-de-vedruna-lors-de-la-visite-du-pape-leon-xiv-en-guinee-equatoriale\/whatsapp-image-2026-04-28-at-22-25-43\/\",\"alt\":\"\",\"description\":\"\",\"caption\":\"\",\"mime\":\"image\/jpeg\",\"type\":\"image\",\"width\":1080,\"height\":486,\"sizes\":{\"thumbnail\":{\"height\":150,\"width\":150,\"url\":\"https:\/\/vedruna.org\/wp-content\/uploads\/2026\/04\/WhatsApp-Image-2026-04-28-at-22.25.43-150x150.jpeg\",\"orientation\":\"landscape\"},\"medium\":{\"height\":135,\"width\":300,\"url\":\"https:\/\/vedruna.org\/wp-content\/uploads\/2026\/04\/WhatsApp-Image-2026-04-28-at-22.25.43-300x135.jpeg\",\"orientation\":\"landscape\"},\"large\":{\"height\":461,\"width\":1024,\"url\":\"https:\/\/vedruna.org\/wp-content\/uploads\/2026\/04\/WhatsApp-Image-2026-04-28-at-22.25.43-1024x461.jpeg\",\"orientation\":\"landscape\"},\"full\":{\"url\":\"https:\/\/vedruna.org\/wp-content\/uploads\/2026\/04\/WhatsApp-Image-2026-04-28-at-22.25.43.jpeg\",\"height\":486,\"width\":1080,\"orientation\":\"landscape\"}},\"imageMeta\":{\"aperture\":\"0\",\"credit\":\"\",\"camera\":\"\",\"caption\":\"\",\"created_timestamp\":\"0\",\"copyright\":\"\",\"focal_length\":\"0\",\"iso\":\"0\",\"shutter_speed\":\"0\",\"title\":\"\",\"orientation\":\"0\",\"keywords\":[]},\"meta\":false,\"postlink\":\"https:\/\/vedruna.org\/fr\/presence-de-vedruna-lors-de-la-visite-du-pape-leon-xiv-en-guinee-equatoriale\/whatsapp-image-2026-04-28-at-22-25-43\/\"},{\"id\":35815,\"title\":\"WhatsApp Image 2026-04-28 at 22.42.05 (1)\",\"url\":\"https:\/\/vedruna.org\/wp-content\/uploads\/2026\/04\/WhatsApp-Image-2026-04-28-at-22.42.05-1.jpeg\",\"link\":\"https:\/\/vedruna.org\/fr\/presence-de-vedruna-lors-de-la-visite-du-pape-leon-xiv-en-guinee-equatoriale\/whatsapp-image-2026-04-28-at-22-42-05-1\/\",\"alt\":\"\",\"description\":\"\",\"caption\":\"\",\"mime\":\"image\/jpeg\",\"type\":\"image\",\"width\":400,\"height\":400,\"sizes\":{\"thumbnail\":{\"height\":150,\"width\":150,\"url\":\"https:\/\/vedruna.org\/wp-content\/uploads\/2026\/04\/WhatsApp-Image-2026-04-28-at-22.42.05-1-150x150.jpeg\",\"orientation\":\"landscape\"},\"medium\":{\"height\":300,\"width\":300,\"url\":\"https:\/\/vedruna.org\/wp-content\/uploads\/2026\/04\/WhatsApp-Image-2026-04-28-at-22.42.05-1-300x300.jpeg\",\"orientation\":\"landscape\"},\"full\":{\"url\":\"https:\/\/vedruna.org\/wp-content\/uploads\/2026\/04\/WhatsApp-Image-2026-04-28-at-22.42.05-1.jpeg\",\"height\":400,\"width\":400,\"orientation\":\"landscape\"}},\"imageMeta\":{\"aperture\":\"0\",\"credit\":\"\",\"camera\":\"\",\"caption\":\"\",\"created_timestamp\":\"0\",\"copyright\":\"\",\"focal_length\":\"0\",\"iso\":\"0\",\"shutter_speed\":\"0\",\"title\":\"\",\"orientation\":\"0\",\"keywords\":[]},\"meta\":false,\"postlink\":\"https:\/\/vedruna.org\/fr\/presence-de-vedruna-lors-de-la-visite-du-pape-leon-xiv-en-guinee-equatoriale\/whatsapp-image-2026-04-28-at-22-42-05-1\/\"}],\"useClobalSettings\":true,\"itemsMetaDataCollection\":[]}<\/script><script>(function(){if(window.PGC_SGB && window.PGC_SGB.searcher){window.PGC_SGB.searcher.initBlocks()}})()<\/script><\/div>\n\n\n<div style=\"height:25px\" aria-hidden=\"true\" class=\"wp-block-spacer\"><\/div>\n\n\n\n<h2 class=\"wp-block-heading\"><strong>23 avril &#8211; C\u00e9l\u00e9bration eucharistique de cl\u00f4ture<\/strong><\/h2>\n\n\n\n<p>Le 23 avril, la visite s&rsquo;est achev\u00e9e par une messe solennelle d&rsquo;action de gr\u00e2ce, qui a rassembl\u00e9 une multitude de fid\u00e8les venus de tout le pays. Ce fut le point culminant de la visite, marqu\u00e9e par la pri\u00e8re, la foi et le renouveau spirituel. <\/p>\n\n\n\n<p>Cette c\u00e9l\u00e9bration a \u00e9t\u00e9 l&rsquo;occasion de rendre gr\u00e2ce pour 170 ans d&rsquo;\u00e9vang\u00e9lisation et de renouveler l&rsquo;engagement missionnaire de toute l&rsquo;\u00c9glise en Guin\u00e9e \u00e9quatoriale.<\/p>\n\n\n<div class=\"pgc-sgb-cb wp-block-pgcsimplygalleryblock-justified \" data-gallery-id=\"26f25247\"><div class=\"sgb-preloader\" id=\"pr_26f25247\">\n\t<div class=\"sgb-square\" style=\"background:#d4d4d4\"><\/div>\n\t<div class=\"sgb-square\" style=\"background:#d4d4d4\"><\/div>\n\t<div class=\"sgb-square\" style=\"background:#d4d4d4\"><\/div>\n\t<div class=\"sgb-square\" style=\"background:#d4d4d4\"><\/div><\/div><div class=\"simply-gallery-amp pgc_sgb_slider \"><noscript><div class=\"sgb-gallery\"><div class=\"sgb-item\"><a href=\"https:\/\/vedruna.org\/wp-content\/uploads\/2026\/04\/WhatsApp-Image-2026-04-28-at-22.42.05.jpeg\"><img decoding=\"async\" alt=\"\" width=\"300\" height=\"173\" loading=\"lazy\" src=\"https:\/\/vedruna.org\/wp-content\/uploads\/2026\/04\/WhatsApp-Image-2026-04-28-at-22.42.05-300x173.jpeg\" srcset=\"https:\/\/vedruna.org\/wp-content\/uploads\/2026\/04\/WhatsApp-Image-2026-04-28-at-22.42.05-300x173.jpeg 300w,https:\/\/vedruna.org\/wp-content\/uploads\/2026\/04\/WhatsApp-Image-2026-04-28-at-22.42.05-1024x590.jpeg 1024w,https:\/\/vedruna.org\/wp-content\/uploads\/2026\/04\/WhatsApp-Image-2026-04-28-at-22.42.05.jpeg 1080w\" sizes=\"250px\"\/><\/a><\/div><\/div><\/noscript><\/div><script type=\"application\/json\" class=\"sgb-data\">{\"lastRowFill\":true,\"collectionThumbRecomendedHeight\":150,\"collectionThumbMiniScreenScale\":true,\"externalLink\":false,\"captions\":false,\"collectionThumbSubMenuDownload\":false,\"collectionThumbSubMenuShare\":false,\"galleryType\":\"pgc_sgb_justified\",\"galleryId\":\"26f25247\",\"images\":[{\"id\":35816,\"title\":\"WhatsApp Image 2026-04-28 at 22.42.05\",\"url\":\"https:\/\/vedruna.org\/wp-content\/uploads\/2026\/04\/WhatsApp-Image-2026-04-28-at-22.42.05.jpeg\",\"link\":\"https:\/\/vedruna.org\/fr\/presence-de-vedruna-lors-de-la-visite-du-pape-leon-xiv-en-guinee-equatoriale\/whatsapp-image-2026-04-28-at-22-42-05\/\",\"alt\":\"\",\"description\":\"\",\"caption\":\"\",\"mime\":\"image\/jpeg\",\"type\":\"image\",\"width\":1080,\"height\":622,\"sizes\":{\"thumbnail\":{\"height\":150,\"width\":150,\"url\":\"https:\/\/vedruna.org\/wp-content\/uploads\/2026\/04\/WhatsApp-Image-2026-04-28-at-22.42.05-150x150.jpeg\",\"orientation\":\"landscape\"},\"medium\":{\"height\":173,\"width\":300,\"url\":\"https:\/\/vedruna.org\/wp-content\/uploads\/2026\/04\/WhatsApp-Image-2026-04-28-at-22.42.05-300x173.jpeg\",\"orientation\":\"landscape\"},\"large\":{\"height\":590,\"width\":1024,\"url\":\"https:\/\/vedruna.org\/wp-content\/uploads\/2026\/04\/WhatsApp-Image-2026-04-28-at-22.42.05-1024x590.jpeg\",\"orientation\":\"landscape\"},\"full\":{\"url\":\"https:\/\/vedruna.org\/wp-content\/uploads\/2026\/04\/WhatsApp-Image-2026-04-28-at-22.42.05.jpeg\",\"height\":622,\"width\":1080,\"orientation\":\"landscape\"}},\"imageMeta\":{\"aperture\":\"0\",\"credit\":\"\",\"camera\":\"\",\"caption\":\"\",\"created_timestamp\":\"0\",\"copyright\":\"\",\"focal_length\":\"0\",\"iso\":\"0\",\"shutter_speed\":\"0\",\"title\":\"\",\"orientation\":\"0\",\"keywords\":[]},\"meta\":false}],\"useClobalSettings\":true,\"itemsMetaDataCollection\":[]}<\/script><script>(function(){if(window.PGC_SGB && window.PGC_SGB.searcher){window.PGC_SGB.searcher.initBlocks()}})()<\/script><\/div>\n\n\n<div style=\"height:25px\" aria-hidden=\"true\" class=\"wp-block-spacer\"><\/div>\n\n\n\n<h2 class=\"wp-block-heading\"><strong>Un \u00e9v\u00e9nement historique pour la nation<\/strong><\/h2>\n\n\n\n<p>Apr\u00e8s ces trois jours, la visite du pape L\u00e9on XIV est rest\u00e9e un \u00e9v\u00e9nement historique, laissant une profonde impression dans les c\u0153urs. Elle a renforc\u00e9 l&rsquo;unit\u00e9 nationale, raviv\u00e9 la foi du peuple et ouvert un nouvel horizon d&rsquo;espoir pour l&rsquo;avenir. <\/p>\n\n\n\n<p>En tant que s\u0153urs Vedruna, nous remercions Dieu pour cette exp\u00e9rience avec les gens. Nous avons pu constater que lorsque l&rsquo;\u00c9glise marche ensemble, dans un esprit de collaboration et de foi, elle devient vraiment un signe d&rsquo;espoir pour le monde. <\/p>\n\n\n\n<p>Cette exp\u00e9rience nous encourage \u00e0 poursuivre l&rsquo;accompagnement de la communaut\u00e9 avec un enthousiasme renouvel\u00e9, en aidant chaque personne \u00e0 d\u00e9couvrir qu&rsquo;elle est une partie importante de l&rsquo;\u00c9glise et qu&rsquo;elle est appel\u00e9e \u00e0 \u00eatre une lumi\u00e8re au milieu de la soci\u00e9t\u00e9.<\/p>\n\n\n\n<p class=\"has-text-align-right\"><strong>Sr. Rosette Kazunga, ccv<\/strong><\/p>\n","protected":false},"excerpt":{"rendered":"<p>Du 21 au 23 avril, la visite apostolique du Pape L\u00e9on XIV en Guin\u00e9e Equatoriale, \u00e0 l&rsquo;occasion du 170\u00e8me anniversaire de l&rsquo;\u00e9vang\u00e9lisation du pays, a marqu\u00e9 un moment historique pour l&rsquo;Eglise et pour toute la nation. Plac\u00e9e sous le th\u00e8me \u00ab\u00a0Christ, lumi\u00e8re de la Guin\u00e9e \u00e9quatoriale pour un avenir d&rsquo;esp\u00e9rance\u00a0\u00bb, cette visite a \u00e9t\u00e9 v\u00e9cue [&hellip;]<\/p>\n","protected":false},"author":21,"featured_media":35789,"comment_status":"closed","ping_status":"closed","sticky":false,"template":"","format":"standard","meta":{"_et_pb_use_builder":"","_et_pb_old_content":"","_et_gb_content_width":"","pgc_sgb_lightbox_settings":"","footnotes":""},"categories":[349,152],"tags":[],"class_list":["post-35788","post","type-post","status-publish","format-standard","has-post-thumbnail","hentry","category-guinee","category-province-dafrique"],"yoast_head":"<!-- This site is optimized with the Yoast SEO plugin v27.5 - https:\/\/yoast.com\/product\/yoast-seo-wordpress\/ -->\n<title>Pr\u00e9sence de Vedruna lors de la visite du Pape L\u00e9on XIV en Guin\u00e9e \u00c9quatoriale - Carmelitas de la Caridad Vedruna<\/title>\n<meta name=\"description\" content=\"Notre communaut\u00e9 de s\u0153urs en Guin\u00e9e Equatoriale accueille avec joie et enthousiasme la visite apostolique du Pape L\u00e9on XIV.\" \/>\n<meta name=\"robots\" content=\"index, follow, max-snippet:-1, max-image-preview:large, max-video-preview:-1\" \/>\n<link rel=\"canonical\" href=\"https:\/\/vedruna.org\/fr\/presence-de-vedruna-lors-de-la-visite-du-pape-leon-xiv-en-guinee-equatoriale\/\" \/>\n<meta property=\"og:locale\" content=\"fr_FR\" \/>\n<meta property=\"og:type\" content=\"article\" \/>\n<meta property=\"og:title\" content=\"Pr\u00e9sence de Vedruna lors de la visite du Pape L\u00e9on XIV en Guin\u00e9e \u00c9quatoriale - Carmelitas de la Caridad Vedruna\" \/>\n<meta property=\"og:description\" content=\"Notre communaut\u00e9 de s\u0153urs en Guin\u00e9e Equatoriale accueille avec joie et enthousiasme la visite apostolique du Pape L\u00e9on XIV.\" \/>\n<meta property=\"og:url\" content=\"https:\/\/vedruna.org\/fr\/presence-de-vedruna-lors-de-la-visite-du-pape-leon-xiv-en-guinee-equatoriale\/\" \/>\n<meta property=\"og:site_name\" content=\"Carmelitas de la Caridad Vedruna\" \/>\n<meta property=\"article:published_time\" content=\"2026-04-24T10:40:49+00:00\" \/>\n<meta property=\"article:modified_time\" content=\"2026-04-30T11:02:04+00:00\" \/>\n<meta property=\"og:image\" content=\"https:\/\/vedruna.org\/wp-content\/uploads\/2026\/04\/WhatsApp-Image-2026-04-28-at-22.22.42-1-e1777545461859.jpeg\" \/>\n\t<meta property=\"og:image:width\" content=\"863\" \/>\n\t<meta property=\"og:image:height\" content=\"423\" \/>\n\t<meta property=\"og:image:type\" content=\"image\/jpeg\" \/>\n<meta name=\"author\" content=\"Maria Agustina G\u00f3mez\" \/>\n<meta name=\"twitter:card\" content=\"summary_large_image\" \/>\n<meta name=\"twitter:label1\" content=\"\u00c9crit par\" \/>\n\t<meta name=\"twitter:data1\" content=\"Maria Agustina G\u00f3mez\" \/>\n\t<meta name=\"twitter:label2\" content=\"Dur\u00e9e de lecture estim\u00e9e\" \/>\n\t<meta name=\"twitter:data2\" content=\"11 minutes\" \/>\n<script type=\"application\/ld+json\" class=\"yoast-schema-graph\">{\"@context\":\"https:\\\/\\\/schema.org\",\"@graph\":[{\"@type\":\"Article\",\"@id\":\"https:\\\/\\\/vedruna.org\\\/fr\\\/presence-de-vedruna-lors-de-la-visite-du-pape-leon-xiv-en-guinee-equatoriale\\\/#article\",\"isPartOf\":{\"@id\":\"https:\\\/\\\/vedruna.org\\\/fr\\\/presence-de-vedruna-lors-de-la-visite-du-pape-leon-xiv-en-guinee-equatoriale\\\/\"},\"author\":{\"name\":\"Maria Agustina G\u00f3mez\",\"@id\":\"https:\\\/\\\/vedruna.org\\\/fr\\\/#\\\/schema\\\/person\\\/95fe789adf27c2831fc5a049c727edf5\"},\"headline\":\"Pr\u00e9sence de Vedruna lors de la visite du Pape L\u00e9on XIV en Guin\u00e9e \u00c9quatoriale\",\"datePublished\":\"2026-04-24T10:40:49+00:00\",\"dateModified\":\"2026-04-30T11:02:04+00:00\",\"mainEntityOfPage\":{\"@id\":\"https:\\\/\\\/vedruna.org\\\/fr\\\/presence-de-vedruna-lors-de-la-visite-du-pape-leon-xiv-en-guinee-equatoriale\\\/\"},\"wordCount\":1627,\"publisher\":{\"@id\":\"https:\\\/\\\/vedruna.org\\\/fr\\\/#organization\"},\"image\":{\"@id\":\"https:\\\/\\\/vedruna.org\\\/fr\\\/presence-de-vedruna-lors-de-la-visite-du-pape-leon-xiv-en-guinee-equatoriale\\\/#primaryimage\"},\"thumbnailUrl\":\"https:\\\/\\\/vedruna.org\\\/wp-content\\\/uploads\\\/2026\\\/04\\\/WhatsApp-Image-2026-04-28-at-22.22.42-1-e1777545461859.jpeg\",\"articleSection\":[\"Guin\u00e9e\",\"Province d'Afrique\"],\"inLanguage\":\"fr-FR\"},{\"@type\":\"WebPage\",\"@id\":\"https:\\\/\\\/vedruna.org\\\/fr\\\/presence-de-vedruna-lors-de-la-visite-du-pape-leon-xiv-en-guinee-equatoriale\\\/\",\"url\":\"https:\\\/\\\/vedruna.org\\\/fr\\\/presence-de-vedruna-lors-de-la-visite-du-pape-leon-xiv-en-guinee-equatoriale\\\/\",\"name\":\"Pr\u00e9sence de Vedruna lors de la visite du Pape L\u00e9on XIV en Guin\u00e9e \u00c9quatoriale - Carmelitas de la Caridad Vedruna\",\"isPartOf\":{\"@id\":\"https:\\\/\\\/vedruna.org\\\/fr\\\/#website\"},\"primaryImageOfPage\":{\"@id\":\"https:\\\/\\\/vedruna.org\\\/fr\\\/presence-de-vedruna-lors-de-la-visite-du-pape-leon-xiv-en-guinee-equatoriale\\\/#primaryimage\"},\"image\":{\"@id\":\"https:\\\/\\\/vedruna.org\\\/fr\\\/presence-de-vedruna-lors-de-la-visite-du-pape-leon-xiv-en-guinee-equatoriale\\\/#primaryimage\"},\"thumbnailUrl\":\"https:\\\/\\\/vedruna.org\\\/wp-content\\\/uploads\\\/2026\\\/04\\\/WhatsApp-Image-2026-04-28-at-22.22.42-1-e1777545461859.jpeg\",\"datePublished\":\"2026-04-24T10:40:49+00:00\",\"dateModified\":\"2026-04-30T11:02:04+00:00\",\"description\":\"Notre communaut\u00e9 de s\u0153urs en Guin\u00e9e Equatoriale accueille avec joie et enthousiasme la visite apostolique du Pape L\u00e9on XIV.\",\"breadcrumb\":{\"@id\":\"https:\\\/\\\/vedruna.org\\\/fr\\\/presence-de-vedruna-lors-de-la-visite-du-pape-leon-xiv-en-guinee-equatoriale\\\/#breadcrumb\"},\"inLanguage\":\"fr-FR\",\"potentialAction\":[{\"@type\":\"ReadAction\",\"target\":[\"https:\\\/\\\/vedruna.org\\\/fr\\\/presence-de-vedruna-lors-de-la-visite-du-pape-leon-xiv-en-guinee-equatoriale\\\/\"]}]},{\"@type\":\"ImageObject\",\"inLanguage\":\"fr-FR\",\"@id\":\"https:\\\/\\\/vedruna.org\\\/fr\\\/presence-de-vedruna-lors-de-la-visite-du-pape-leon-xiv-en-guinee-equatoriale\\\/#primaryimage\",\"url\":\"https:\\\/\\\/vedruna.org\\\/wp-content\\\/uploads\\\/2026\\\/04\\\/WhatsApp-Image-2026-04-28-at-22.22.42-1-e1777545461859.jpeg\",\"contentUrl\":\"https:\\\/\\\/vedruna.org\\\/wp-content\\\/uploads\\\/2026\\\/04\\\/WhatsApp-Image-2026-04-28-at-22.22.42-1-e1777545461859.jpeg\",\"width\":863,\"height\":423},{\"@type\":\"BreadcrumbList\",\"@id\":\"https:\\\/\\\/vedruna.org\\\/fr\\\/presence-de-vedruna-lors-de-la-visite-du-pape-leon-xiv-en-guinee-equatoriale\\\/#breadcrumb\",\"itemListElement\":[{\"@type\":\"ListItem\",\"position\":1,\"name\":\"Portada\",\"item\":\"https:\\\/\\\/vedruna.org\\\/fr\\\/\"},{\"@type\":\"ListItem\",\"position\":2,\"name\":\"Pr\u00e9sence de Vedruna lors de la visite du Pape L\u00e9on XIV en Guin\u00e9e \u00c9quatoriale\"}]},{\"@type\":\"WebSite\",\"@id\":\"https:\\\/\\\/vedruna.org\\\/fr\\\/#website\",\"url\":\"https:\\\/\\\/vedruna.org\\\/fr\\\/\",\"name\":\"Carmelitas de la Caridad Vedruna\",\"description\":\"Carmelitas de la caridad\",\"publisher\":{\"@id\":\"https:\\\/\\\/vedruna.org\\\/fr\\\/#organization\"},\"potentialAction\":[{\"@type\":\"SearchAction\",\"target\":{\"@type\":\"EntryPoint\",\"urlTemplate\":\"https:\\\/\\\/vedruna.org\\\/fr\\\/?s={search_term_string}\"},\"query-input\":{\"@type\":\"PropertyValueSpecification\",\"valueRequired\":true,\"valueName\":\"search_term_string\"}}],\"inLanguage\":\"fr-FR\"},{\"@type\":\"Organization\",\"@id\":\"https:\\\/\\\/vedruna.org\\\/fr\\\/#organization\",\"name\":\"Carmelitas de la caridad Vedruna\",\"url\":\"https:\\\/\\\/vedruna.org\\\/fr\\\/\",\"logo\":{\"@type\":\"ImageObject\",\"inLanguage\":\"fr-FR\",\"@id\":\"https:\\\/\\\/vedruna.org\\\/fr\\\/#\\\/schema\\\/logo\\\/image\\\/\",\"url\":\"https:\\\/\\\/vedruna.org\\\/wp-content\\\/uploads\\\/2022\\\/04\\\/LOGO-VEDRUNA-HORIZONTAL.png\",\"contentUrl\":\"https:\\\/\\\/vedruna.org\\\/wp-content\\\/uploads\\\/2022\\\/04\\\/LOGO-VEDRUNA-HORIZONTAL.png\",\"width\":1200,\"height\":463,\"caption\":\"Carmelitas de la caridad Vedruna\"},\"image\":{\"@id\":\"https:\\\/\\\/vedruna.org\\\/fr\\\/#\\\/schema\\\/logo\\\/image\\\/\"}},{\"@type\":\"Person\",\"@id\":\"https:\\\/\\\/vedruna.org\\\/fr\\\/#\\\/schema\\\/person\\\/95fe789adf27c2831fc5a049c727edf5\",\"name\":\"Maria Agustina G\u00f3mez\",\"image\":{\"@type\":\"ImageObject\",\"inLanguage\":\"fr-FR\",\"@id\":\"https:\\\/\\\/secure.gravatar.com\\\/avatar\\\/8af3ece86571c098b978434bbc43b948c403c1ae191f09a04e94f916638ceb2c?s=96&d=mm&r=g\",\"url\":\"https:\\\/\\\/secure.gravatar.com\\\/avatar\\\/8af3ece86571c098b978434bbc43b948c403c1ae191f09a04e94f916638ceb2c?s=96&d=mm&r=g\",\"contentUrl\":\"https:\\\/\\\/secure.gravatar.com\\\/avatar\\\/8af3ece86571c098b978434bbc43b948c403c1ae191f09a04e94f916638ceb2c?s=96&d=mm&r=g\",\"caption\":\"Maria Agustina G\u00f3mez\"},\"url\":\"https:\\\/\\\/vedruna.org\\\/fr\\\/author\\\/agustina-gomez\\\/\"}]}<\/script>\n<!-- \/ Yoast SEO plugin. -->","yoast_head_json":{"title":"Pr\u00e9sence de Vedruna lors de la visite du Pape L\u00e9on XIV en Guin\u00e9e \u00c9quatoriale - Carmelitas de la Caridad Vedruna","description":"Notre communaut\u00e9 de s\u0153urs en Guin\u00e9e Equatoriale accueille avec joie et enthousiasme la visite apostolique du Pape L\u00e9on XIV.","robots":{"index":"index","follow":"follow","max-snippet":"max-snippet:-1","max-image-preview":"max-image-preview:large","max-video-preview":"max-video-preview:-1"},"canonical":"https:\/\/vedruna.org\/fr\/presence-de-vedruna-lors-de-la-visite-du-pape-leon-xiv-en-guinee-equatoriale\/","og_locale":"fr_FR","og_type":"article","og_title":"Pr\u00e9sence de Vedruna lors de la visite du Pape L\u00e9on XIV en Guin\u00e9e \u00c9quatoriale - Carmelitas de la Caridad Vedruna","og_description":"Notre communaut\u00e9 de s\u0153urs en Guin\u00e9e Equatoriale accueille avec joie et enthousiasme la visite apostolique du Pape L\u00e9on XIV.","og_url":"https:\/\/vedruna.org\/fr\/presence-de-vedruna-lors-de-la-visite-du-pape-leon-xiv-en-guinee-equatoriale\/","og_site_name":"Carmelitas de la Caridad Vedruna","article_published_time":"2026-04-24T10:40:49+00:00","article_modified_time":"2026-04-30T11:02:04+00:00","og_image":[{"width":863,"height":423,"url":"https:\/\/vedruna.org\/wp-content\/uploads\/2026\/04\/WhatsApp-Image-2026-04-28-at-22.22.42-1-e1777545461859.jpeg","type":"image\/jpeg"}],"author":"Maria Agustina G\u00f3mez","twitter_card":"summary_large_image","twitter_misc":{"\u00c9crit par":"Maria Agustina G\u00f3mez","Dur\u00e9e de lecture estim\u00e9e":"11 minutes"},"schema":{"@context":"https:\/\/schema.org","@graph":[{"@type":"Article","@id":"https:\/\/vedruna.org\/fr\/presence-de-vedruna-lors-de-la-visite-du-pape-leon-xiv-en-guinee-equatoriale\/#article","isPartOf":{"@id":"https:\/\/vedruna.org\/fr\/presence-de-vedruna-lors-de-la-visite-du-pape-leon-xiv-en-guinee-equatoriale\/"},"author":{"name":"Maria Agustina G\u00f3mez","@id":"https:\/\/vedruna.org\/fr\/#\/schema\/person\/95fe789adf27c2831fc5a049c727edf5"},"headline":"Pr\u00e9sence de Vedruna lors de la visite du Pape L\u00e9on XIV en Guin\u00e9e \u00c9quatoriale","datePublished":"2026-04-24T10:40:49+00:00","dateModified":"2026-04-30T11:02:04+00:00","mainEntityOfPage":{"@id":"https:\/\/vedruna.org\/fr\/presence-de-vedruna-lors-de-la-visite-du-pape-leon-xiv-en-guinee-equatoriale\/"},"wordCount":1627,"publisher":{"@id":"https:\/\/vedruna.org\/fr\/#organization"},"image":{"@id":"https:\/\/vedruna.org\/fr\/presence-de-vedruna-lors-de-la-visite-du-pape-leon-xiv-en-guinee-equatoriale\/#primaryimage"},"thumbnailUrl":"https:\/\/vedruna.org\/wp-content\/uploads\/2026\/04\/WhatsApp-Image-2026-04-28-at-22.22.42-1-e1777545461859.jpeg","articleSection":["Guin\u00e9e","Province d'Afrique"],"inLanguage":"fr-FR"},{"@type":"WebPage","@id":"https:\/\/vedruna.org\/fr\/presence-de-vedruna-lors-de-la-visite-du-pape-leon-xiv-en-guinee-equatoriale\/","url":"https:\/\/vedruna.org\/fr\/presence-de-vedruna-lors-de-la-visite-du-pape-leon-xiv-en-guinee-equatoriale\/","name":"Pr\u00e9sence de Vedruna lors de la visite du Pape L\u00e9on XIV en Guin\u00e9e \u00c9quatoriale - Carmelitas de la Caridad Vedruna","isPartOf":{"@id":"https:\/\/vedruna.org\/fr\/#website"},"primaryImageOfPage":{"@id":"https:\/\/vedruna.org\/fr\/presence-de-vedruna-lors-de-la-visite-du-pape-leon-xiv-en-guinee-equatoriale\/#primaryimage"},"image":{"@id":"https:\/\/vedruna.org\/fr\/presence-de-vedruna-lors-de-la-visite-du-pape-leon-xiv-en-guinee-equatoriale\/#primaryimage"},"thumbnailUrl":"https:\/\/vedruna.org\/wp-content\/uploads\/2026\/04\/WhatsApp-Image-2026-04-28-at-22.22.42-1-e1777545461859.jpeg","datePublished":"2026-04-24T10:40:49+00:00","dateModified":"2026-04-30T11:02:04+00:00","description":"Notre communaut\u00e9 de s\u0153urs en Guin\u00e9e Equatoriale accueille avec joie et enthousiasme la visite apostolique du Pape L\u00e9on XIV.","breadcrumb":{"@id":"https:\/\/vedruna.org\/fr\/presence-de-vedruna-lors-de-la-visite-du-pape-leon-xiv-en-guinee-equatoriale\/#breadcrumb"},"inLanguage":"fr-FR","potentialAction":[{"@type":"ReadAction","target":["https:\/\/vedruna.org\/fr\/presence-de-vedruna-lors-de-la-visite-du-pape-leon-xiv-en-guinee-equatoriale\/"]}]},{"@type":"ImageObject","inLanguage":"fr-FR","@id":"https:\/\/vedruna.org\/fr\/presence-de-vedruna-lors-de-la-visite-du-pape-leon-xiv-en-guinee-equatoriale\/#primaryimage","url":"https:\/\/vedruna.org\/wp-content\/uploads\/2026\/04\/WhatsApp-Image-2026-04-28-at-22.22.42-1-e1777545461859.jpeg","contentUrl":"https:\/\/vedruna.org\/wp-content\/uploads\/2026\/04\/WhatsApp-Image-2026-04-28-at-22.22.42-1-e1777545461859.jpeg","width":863,"height":423},{"@type":"BreadcrumbList","@id":"https:\/\/vedruna.org\/fr\/presence-de-vedruna-lors-de-la-visite-du-pape-leon-xiv-en-guinee-equatoriale\/#breadcrumb","itemListElement":[{"@type":"ListItem","position":1,"name":"Portada","item":"https:\/\/vedruna.org\/fr\/"},{"@type":"ListItem","position":2,"name":"Pr\u00e9sence de Vedruna lors de la visite du Pape L\u00e9on XIV en Guin\u00e9e \u00c9quatoriale"}]},{"@type":"WebSite","@id":"https:\/\/vedruna.org\/fr\/#website","url":"https:\/\/vedruna.org\/fr\/","name":"Carmelitas de la Caridad Vedruna","description":"Carmelitas de la caridad","publisher":{"@id":"https:\/\/vedruna.org\/fr\/#organization"},"potentialAction":[{"@type":"SearchAction","target":{"@type":"EntryPoint","urlTemplate":"https:\/\/vedruna.org\/fr\/?s={search_term_string}"},"query-input":{"@type":"PropertyValueSpecification","valueRequired":true,"valueName":"search_term_string"}}],"inLanguage":"fr-FR"},{"@type":"Organization","@id":"https:\/\/vedruna.org\/fr\/#organization","name":"Carmelitas de la caridad Vedruna","url":"https:\/\/vedruna.org\/fr\/","logo":{"@type":"ImageObject","inLanguage":"fr-FR","@id":"https:\/\/vedruna.org\/fr\/#\/schema\/logo\/image\/","url":"https:\/\/vedruna.org\/wp-content\/uploads\/2022\/04\/LOGO-VEDRUNA-HORIZONTAL.png","contentUrl":"https:\/\/vedruna.org\/wp-content\/uploads\/2022\/04\/LOGO-VEDRUNA-HORIZONTAL.png","width":1200,"height":463,"caption":"Carmelitas de la caridad Vedruna"},"image":{"@id":"https:\/\/vedruna.org\/fr\/#\/schema\/logo\/image\/"}},{"@type":"Person","@id":"https:\/\/vedruna.org\/fr\/#\/schema\/person\/95fe789adf27c2831fc5a049c727edf5","name":"Maria Agustina G\u00f3mez","image":{"@type":"ImageObject","inLanguage":"fr-FR","@id":"https:\/\/secure.gravatar.com\/avatar\/8af3ece86571c098b978434bbc43b948c403c1ae191f09a04e94f916638ceb2c?s=96&d=mm&r=g","url":"https:\/\/secure.gravatar.com\/avatar\/8af3ece86571c098b978434bbc43b948c403c1ae191f09a04e94f916638ceb2c?s=96&d=mm&r=g","contentUrl":"https:\/\/secure.gravatar.com\/avatar\/8af3ece86571c098b978434bbc43b948c403c1ae191f09a04e94f916638ceb2c?s=96&d=mm&r=g","caption":"Maria Agustina G\u00f3mez"},"url":"https:\/\/vedruna.org\/fr\/author\/agustina-gomez\/"}]}},"_links":{"self":[{"href":"https:\/\/vedruna.org\/fr\/wp-json\/wp\/v2\/posts\/35788","targetHints":{"allow":["GET"]}}],"collection":[{"href":"https:\/\/vedruna.org\/fr\/wp-json\/wp\/v2\/posts"}],"about":[{"href":"https:\/\/vedruna.org\/fr\/wp-json\/wp\/v2\/types\/post"}],"author":[{"embeddable":true,"href":"https:\/\/vedruna.org\/fr\/wp-json\/wp\/v2\/users\/21"}],"replies":[{"embeddable":true,"href":"https:\/\/vedruna.org\/fr\/wp-json\/wp\/v2\/comments?post=35788"}],"version-history":[{"count":4,"href":"https:\/\/vedruna.org\/fr\/wp-json\/wp\/v2\/posts\/35788\/revisions"}],"predecessor-version":[{"id":35817,"href":"https:\/\/vedruna.org\/fr\/wp-json\/wp\/v2\/posts\/35788\/revisions\/35817"}],"wp:featuredmedia":[{"embeddable":true,"href":"https:\/\/vedruna.org\/fr\/wp-json\/wp\/v2\/media\/35789"}],"wp:attachment":[{"href":"https:\/\/vedruna.org\/fr\/wp-json\/wp\/v2\/media?parent=35788"}],"wp:term":[{"taxonomy":"category","embeddable":true,"href":"https:\/\/vedruna.org\/fr\/wp-json\/wp\/v2\/categories?post=35788"},{"taxonomy":"post_tag","embeddable":true,"href":"https:\/\/vedruna.org\/fr\/wp-json\/wp\/v2\/tags?post=35788"}],"curies":[{"name":"wp","href":"https:\/\/api.w.org\/{rel}","templated":true}]}}