{"id":35829,"date":"2026-04-27T14:42:27","date_gmt":"2026-04-27T12:42:27","guid":{"rendered":"https:\/\/vedruna.org\/des-racines-qui-conduisent-lavenir-les-educateurs-de-vedruna-se-reunissent-a-nouveau-a-vic\/"},"modified":"2026-04-30T14:45:03","modified_gmt":"2026-04-30T12:45:03","slug":"des-racines-qui-conduisent-lavenir-les-educateurs-de-vedruna-se-reunissent-a-nouveau-a-vic","status":"publish","type":"post","link":"https:\/\/vedruna.org\/fr\/des-racines-qui-conduisent-lavenir-les-educateurs-de-vedruna-se-reunissent-a-nouveau-a-vic\/","title":{"rendered":"Des racines qui conduisent l&rsquo;avenir : les \u00e9ducateurs de Vedruna se r\u00e9unissent \u00e0 nouveau \u00e0 Vic"},"content":{"rendered":"\n<p>Ce mois d&rsquo;avril a eu lieu la <strong>rencontre de formation au charisme \u00ab\u00a0Vedruna Roots\u00a0\u00bb \u00e0 Vic,<\/strong> organis\u00e9e par les \u00e9quipes de formation de la<strong> Fondation Vedruna Catalogne et de la Fondation Vedruna Education.<\/strong><\/p>\n\n<p>Vingt-neuf \u00e9ducateurs, avec une histoire d&rsquo;engagement et de responsabilit\u00e9 au sein de nos \u00e9coles, ont particip\u00e9 entre les deux fondations et ce fut un moment pour unir les liens, approfondir notre style \u00e9ducatif, r\u00e9affirmer notre identit\u00e9 et renforcer notre mission commune.<\/p>\n\n<p>Un voyage aux sources pour prendre conscience de l&rsquo;h\u00e9ritage re\u00e7u de Joaquina et des s\u0153urs, une r\u00e9flexion sur notre pr\u00e9sent en tant qu&rsquo;\u00e9ducateurs et en tant que communaut\u00e9 \u00e9ducative, et une ouverture sur l&rsquo;avenir avec une fid\u00e9lit\u00e9 et une confiance cr\u00e9atives.<\/p>\n\n<p>L&rsquo;exp\u00e9rience a \u00e9t\u00e9 tr\u00e8s positive \u00e0 tous les niveaux, formation, t\u00e9moignages, vie commune, p\u00e8lerinage&#8230; ; et surtout cette ann\u00e9e \u00ab\u00a0Racines 2026\u00a0\u00bb, qui est une ann\u00e9e tr\u00e8s sp\u00e9ciale puisque nous c\u00e9l\u00e9brons le 200\u00e8me anniversaire de la famille Vedruna.<\/p>\n\n<p>Certains des \u00e9ducateurs qui ont particip\u00e9 \u00e0 cette r\u00e9union de formation nous font part de leur t\u00e9moignage :  <\/p>\n\n<blockquote class=\"wp-block-quote is-layout-flow wp-block-quote-is-layout-flow\">\n<p><strong>Roots 2026 \u00e0 Vic, un cadeau, un privil\u00e8ge.  <\/strong><\/p>\n\n\n\n<p>Des journ\u00e9es de formation, de r\u00e9flexion et d&rsquo;exp\u00e9riences. Pour \u00eatre l\u00e0 o\u00f9 tout a commenc\u00e9. Pour mieux conna\u00eetre notre fondatrice. Et vivre ensemble avec des compagnons venus de lieux et de r\u00e9alit\u00e9s si diff\u00e9rents. Je reviens avec la conviction que nous sommes une grande famille dans laquelle nous cherchons tous la m\u00eame chose : suivre ce chemin que Sainte Joaquina a commenc\u00e9. Et elle aussi l&rsquo;a fait avec des doutes, des peurs et des difficult\u00e9s, mais avec beaucoup d&rsquo;enthousiasme et de confiance. Avec l&rsquo;incertitude de l&rsquo;avenir, mais avec l&rsquo;engagement d&rsquo;une id\u00e9ologie. Nous partons d&rsquo;ici le c\u0153ur plein de cet \u00ab\u00a0Amour qui n&rsquo;en dit jamais assez\u00a0\u00bb pour apporter \u00e0 nos centres un nouvel \u00e9lan, en faisant confiance, comme elle, au Bon J\u00e9sus, pour rendre le monde un peu meilleur \u00e0 travers l&rsquo;\u00e9ducation et les soins. Confiants et engag\u00e9s \u00e0 poursuivre l&rsquo;h\u00e9ritage de nos s\u0153urs carm\u00e9lites. Merci de tout c\u0153ur \u00e0 toutes les personnes qui rendent cette rencontre possible, merci \u00e0 tous ceux qui ont particip\u00e9 et contribu\u00e9 \u00e0 cette semaine et merci \u00e0 Sainte Joaquina de Vedruna, exemple d&rsquo;une femme du oui confiant. A 200 ans de la famille Vedruna !          <\/p>\n\n\n\n<p class=\"has-text-align-right\"><em>Valle Ruiz, Coll\u00e8ge Nuestra Se\u00f1ora del Carmen, Tol\u00e8de<\/em><\/p>\n<\/blockquote>\n<div class=\"pgc-sgb-cb wp-block-pgcsimplygalleryblock-justified \" data-gallery-id=\"8ab43726\"><div class=\"sgb-preloader\" id=\"pr_8ab43726\">\n\t<div class=\"sgb-square\" style=\"background:#d4d4d4\"><\/div>\n\t<div class=\"sgb-square\" style=\"background:#d4d4d4\"><\/div>\n\t<div class=\"sgb-square\" style=\"background:#d4d4d4\"><\/div>\n\t<div class=\"sgb-square\" style=\"background:#d4d4d4\"><\/div><\/div><div class=\"simply-gallery-amp pgc_sgb_slider \"><noscript><div class=\"sgb-gallery\"><div class=\"sgb-item\"><a href=\"https:\/\/vedruna.org\/?attachment_id=35819\" target=\"_blank\"><img decoding=\"async\" alt=\"\" width=\"300\" height=\"220\" loading=\"lazy\" src=\"https:\/\/vedruna.org\/wp-content\/uploads\/2026\/04\/20260416_142002-300x220.jpg\" srcset=\"https:\/\/vedruna.org\/wp-content\/uploads\/2026\/04\/20260416_142002-300x220.jpg 300w,https:\/\/vedruna.org\/wp-content\/uploads\/2026\/04\/20260416_142002-1024x749.jpg 1024w,https:\/\/vedruna.org\/wp-content\/uploads\/2026\/04\/20260416_142002-scaled.jpg 2560w\" sizes=\"250px\"\/><\/a><\/div><div class=\"sgb-item\"><a href=\"https:\/\/vedruna.org\/?attachment_id=35820\" target=\"_blank\"><img decoding=\"async\" alt=\"\" width=\"300\" height=\"225\" loading=\"lazy\" src=\"https:\/\/vedruna.org\/wp-content\/uploads\/2026\/04\/IMG-20260414-WA0026-300x225.jpg\" srcset=\"https:\/\/vedruna.org\/wp-content\/uploads\/2026\/04\/IMG-20260414-WA0026-300x225.jpg 300w,https:\/\/vedruna.org\/wp-content\/uploads\/2026\/04\/IMG-20260414-WA0026-1024x768.jpg 1024w,https:\/\/vedruna.org\/wp-content\/uploads\/2026\/04\/IMG-20260414-WA0026.jpg 2048w\" sizes=\"250px\"\/><\/a><\/div><div class=\"sgb-item\"><a href=\"https:\/\/vedruna.org\/?attachment_id=35822\" target=\"_blank\"><img decoding=\"async\" alt=\"\" width=\"225\" height=\"300\" loading=\"lazy\" src=\"https:\/\/vedruna.org\/wp-content\/uploads\/2026\/04\/20260414_111604-225x300.jpg\" srcset=\"https:\/\/vedruna.org\/wp-content\/uploads\/2026\/04\/20260414_111604-225x300.jpg 225w,https:\/\/vedruna.org\/wp-content\/uploads\/2026\/04\/20260414_111604-768x1024.jpg 768w,https:\/\/vedruna.org\/wp-content\/uploads\/2026\/04\/20260414_111604-scaled.jpg 1920w\" sizes=\"250px\"\/><\/a><\/div><\/div><\/noscript><\/div><script type=\"application\/json\" class=\"sgb-data\">{\"lastRowFill\":true,\"collectionThumbRecomendedHeight\":150,\"collectionThumbMiniScreenScale\":true,\"externalLink\":false,\"captions\":false,\"collectionThumbSubMenuDownload\":false,\"collectionThumbSubMenuShare\":false,\"galleryType\":\"pgc_sgb_justified\",\"galleryId\":\"8ab43726\",\"images\":[{\"id\":35819,\"title\":\"20260416_142002\",\"url\":\"https:\/\/vedruna.org\/wp-content\/uploads\/2026\/04\/20260416_142002-scaled.jpg\",\"link\":\"https:\/\/vedruna.org\/?attachment_id=35819\",\"alt\":\"\",\"description\":\"\",\"caption\":\"\",\"mime\":\"image\/jpeg\",\"type\":\"image\",\"width\":2560,\"height\":1874,\"sizes\":{\"thumbnail\":{\"height\":150,\"width\":150,\"url\":\"https:\/\/vedruna.org\/wp-content\/uploads\/2026\/04\/20260416_142002-150x150.jpg\",\"orientation\":\"landscape\"},\"medium\":{\"height\":220,\"width\":300,\"url\":\"https:\/\/vedruna.org\/wp-content\/uploads\/2026\/04\/20260416_142002-300x220.jpg\",\"orientation\":\"landscape\"},\"large\":{\"height\":749,\"width\":1024,\"url\":\"https:\/\/vedruna.org\/wp-content\/uploads\/2026\/04\/20260416_142002-1024x749.jpg\",\"orientation\":\"landscape\"},\"full\":{\"url\":\"https:\/\/vedruna.org\/wp-content\/uploads\/2026\/04\/20260416_142002-scaled.jpg\",\"height\":1874,\"width\":2560,\"orientation\":\"landscape\"}},\"imageMeta\":{\"aperture\":\"1.8\",\"credit\":\"\",\"camera\":\"Galaxy S24 FE\",\"caption\":\"\",\"created_timestamp\":\"1776349202\",\"copyright\":\"\",\"focal_length\":\"5.4\",\"iso\":\"100\",\"shutter_speed\":\"0.0055\",\"title\":\"\",\"orientation\":\"1\",\"keywords\":[]},\"meta\":false,\"postlink\":\"https:\/\/vedruna.org\/?attachment_id=35819\"},{\"id\":35820,\"title\":\"IMG-20260414-WA0026\",\"url\":\"https:\/\/vedruna.org\/wp-content\/uploads\/2026\/04\/IMG-20260414-WA0026.jpg\",\"link\":\"https:\/\/vedruna.org\/?attachment_id=35820\",\"alt\":\"\",\"description\":\"\",\"caption\":\"\",\"mime\":\"image\/jpeg\",\"type\":\"image\",\"width\":2048,\"height\":1536,\"sizes\":{\"thumbnail\":{\"height\":150,\"width\":150,\"url\":\"https:\/\/vedruna.org\/wp-content\/uploads\/2026\/04\/IMG-20260414-WA0026-150x150.jpg\",\"orientation\":\"landscape\"},\"medium\":{\"height\":225,\"width\":300,\"url\":\"https:\/\/vedruna.org\/wp-content\/uploads\/2026\/04\/IMG-20260414-WA0026-300x225.jpg\",\"orientation\":\"landscape\"},\"large\":{\"height\":768,\"width\":1024,\"url\":\"https:\/\/vedruna.org\/wp-content\/uploads\/2026\/04\/IMG-20260414-WA0026-1024x768.jpg\",\"orientation\":\"landscape\"},\"full\":{\"url\":\"https:\/\/vedruna.org\/wp-content\/uploads\/2026\/04\/IMG-20260414-WA0026.jpg\",\"height\":1536,\"width\":2048,\"orientation\":\"landscape\"}},\"imageMeta\":{\"aperture\":\"0\",\"credit\":\"\",\"camera\":\"\",\"caption\":\"\",\"created_timestamp\":\"0\",\"copyright\":\"\",\"focal_length\":\"0\",\"iso\":\"0\",\"shutter_speed\":\"0\",\"title\":\"\",\"orientation\":\"0\",\"keywords\":[]},\"meta\":false,\"postlink\":\"https:\/\/vedruna.org\/?attachment_id=35820\"},{\"id\":35822,\"title\":\"20260414_111604\",\"url\":\"https:\/\/vedruna.org\/wp-content\/uploads\/2026\/04\/20260414_111604-scaled.jpg\",\"link\":\"https:\/\/vedruna.org\/?attachment_id=35822\",\"alt\":\"\",\"description\":\"\",\"caption\":\"\",\"mime\":\"image\/jpeg\",\"type\":\"image\",\"width\":1920,\"height\":2560,\"sizes\":{\"thumbnail\":{\"height\":150,\"width\":150,\"url\":\"https:\/\/vedruna.org\/wp-content\/uploads\/2026\/04\/20260414_111604-150x150.jpg\",\"orientation\":\"landscape\"},\"medium\":{\"height\":300,\"width\":225,\"url\":\"https:\/\/vedruna.org\/wp-content\/uploads\/2026\/04\/20260414_111604-225x300.jpg\",\"orientation\":\"portrait\"},\"large\":{\"height\":1024,\"width\":768,\"url\":\"https:\/\/vedruna.org\/wp-content\/uploads\/2026\/04\/20260414_111604-768x1024.jpg\",\"orientation\":\"portrait\"},\"full\":{\"url\":\"https:\/\/vedruna.org\/wp-content\/uploads\/2026\/04\/20260414_111604-scaled.jpg\",\"height\":2560,\"width\":1920,\"orientation\":\"portrait\"}},\"imageMeta\":{\"aperture\":\"1.8\",\"credit\":\"\",\"camera\":\"Galaxy S24 FE\",\"caption\":\"\",\"created_timestamp\":\"1776165364\",\"copyright\":\"\",\"focal_length\":\"5.4\",\"iso\":\"800\",\"shutter_speed\":\"0.01\",\"title\":\"\",\"orientation\":1,\"keywords\":[]},\"meta\":false,\"postlink\":\"https:\/\/vedruna.org\/?attachment_id=35822\"}],\"useClobalSettings\":true,\"translatedWithWPMLTM\":\"1\",\"itemsMetaDataCollection\":[]}<\/script><script>(function(){if(window.PGC_SGB && window.PGC_SGB.searcher){window.PGC_SGB.searcher.initBlocks()}})()<\/script><\/div>\n<div style=\"height:25px\" aria-hidden=\"true\" class=\"wp-block-spacer\"><\/div>\n\n<blockquote class=\"wp-block-quote is-layout-flow wp-block-quote-is-layout-flow\">\n<p><strong>Un cadeau du c\u0153ur &#8211; Sur les traces de Joaquina<\/strong><\/p>\n\n\n\n<p>Participer \u00e0 la rencontre \u00ab\u00a0Racines 26\u00a0\u00bb \u00e0 Vic a \u00e9t\u00e9, avant tout, un cadeau inattendu et un privil\u00e8ge v\u00e9cu dans l&rsquo;humilit\u00e9. Ce voyage ne s&rsquo;est pas limit\u00e9 \u00e0 un parcours historique dans les lieux o\u00f9 Sainte Joaquina de Vedruna a fond\u00e9 la Congr\u00e9gation ; il s&rsquo;est agi essentiellement d&rsquo;une immersion spirituelle dans un charisme qui bat fort et qui continue \u00e0 transformer les r\u00e9alit\u00e9s d&rsquo;aujourd&rsquo;hui. <\/p>\n\n\n\n<p>De la main des formateurs, l&rsquo;apprentissage a transcend\u00e9 les livres. \u00c0 travers leurs t\u00e9moignages, leurs rires et leurs exp\u00e9riences personnelles, il est devenu tangible ce que signifie \u00ab\u00a0\u00eatre et faire Vedruna\u00a0\u00bb : une mani\u00e8re d&rsquo;\u00eatre au monde d\u00e9finie par la simplicit\u00e9, la proximit\u00e9 et le d\u00e9vouement absolu aux autres. <\/p>\n\n\n\n<p>Leurs r\u00e9flexions nous invitent \u00e0 vibrer avec l&rsquo;essence de l&rsquo;humain. Dans un monde qui nous pousse parfois \u00e0 la pr\u00e9cipitation, elles nous ont rappel\u00e9 que notre travail quotidien prend sens dans l&rsquo;accueil : \u00ab\u00a0Je t&rsquo;attendais\u00a0\u00bb. Cette phrase a r\u00e9sonn\u00e9 fortement en moi, me faisant sentir que ce voyage n&rsquo;\u00e9tait pas un accident, mais un rendez-vous que le charisme m&rsquo;avait donn\u00e9 pour red\u00e9couvrir ma vocation, embrasser \u00e0 nouveau mon enfance et prendre conscience que je fais partie d&rsquo;une histoire d&rsquo;amour qui continue \u00e0 s&rsquo;\u00e9crire.  <\/p>\n\n\n\n<p>En parcourant le berceau de la congr\u00e9gation, le souvenir du travail inlassable des s\u0153urs \u00e9tait pr\u00e9sent dans tous les coins. Cette certitude de se sentir accompagn\u00e9es par elles incite \u00e0 retourner dans la communaut\u00e9 \u00e9ducative avec une \u00ab\u00a0valise pleine de visages\u00a0\u00bb et une flamme renouvel\u00e9e. Ce t\u00e9moignage se termine par un engagement ferme : rena\u00eetre \u00e0 la Lumi\u00e8re, \u00e0 la Vie et \u00e0 l&rsquo;Amour, en assumant avec gratitude la responsabilit\u00e9 de maintenir vivant le chemin que Joaquina a commenc\u00e9 il y a deux cents ans.  <\/p>\n\n\n\n<p class=\"has-text-align-right\"><em>Laura S\u00e1nchez, Coll\u00e8ge Santa Joaquina, Cartagena<\/em><\/p>\n<\/blockquote>\n<div class=\"pgc-sgb-cb wp-block-pgcsimplygalleryblock-justified \" data-gallery-id=\"f9345774\"><div class=\"sgb-preloader\" id=\"pr_f9345774\">\n\t<div class=\"sgb-square\" style=\"background:#d4d4d4\"><\/div>\n\t<div class=\"sgb-square\" style=\"background:#d4d4d4\"><\/div>\n\t<div class=\"sgb-square\" style=\"background:#d4d4d4\"><\/div>\n\t<div class=\"sgb-square\" style=\"background:#d4d4d4\"><\/div><\/div><div class=\"simply-gallery-amp pgc_sgb_slider \"><noscript><div class=\"sgb-gallery\"><div class=\"sgb-item\"><a href=\"https:\/\/vedruna.org\/?attachment_id=35823\" target=\"_blank\"><img decoding=\"async\" alt=\"\" width=\"300\" height=\"225\" loading=\"lazy\" src=\"https:\/\/vedruna.org\/wp-content\/uploads\/2026\/04\/IMG-20260414-WA0022-300x225.jpg\" srcset=\"https:\/\/vedruna.org\/wp-content\/uploads\/2026\/04\/IMG-20260414-WA0022-300x225.jpg 300w,https:\/\/vedruna.org\/wp-content\/uploads\/2026\/04\/IMG-20260414-WA0022-1024x768.jpg 1024w,https:\/\/vedruna.org\/wp-content\/uploads\/2026\/04\/IMG-20260414-WA0022.jpg 1461w\" sizes=\"250px\"\/><\/a><\/div><div class=\"sgb-item\"><a href=\"https:\/\/vedruna.org\/?attachment_id=35824\" target=\"_blank\"><img decoding=\"async\" alt=\"\" width=\"225\" height=\"300\" loading=\"lazy\" src=\"https:\/\/vedruna.org\/wp-content\/uploads\/2026\/04\/20260414_171951-225x300.jpg\" srcset=\"https:\/\/vedruna.org\/wp-content\/uploads\/2026\/04\/20260414_171951-225x300.jpg 225w,https:\/\/vedruna.org\/wp-content\/uploads\/2026\/04\/20260414_171951-768x1024.jpg 768w,https:\/\/vedruna.org\/wp-content\/uploads\/2026\/04\/20260414_171951-scaled.jpg 1920w\" sizes=\"250px\"\/><\/a><\/div><div class=\"sgb-item\"><a href=\"https:\/\/vedruna.org\/?attachment_id=35825\" target=\"_blank\"><img decoding=\"async\" alt=\"\" width=\"300\" height=\"225\" loading=\"lazy\" src=\"https:\/\/vedruna.org\/wp-content\/uploads\/2026\/04\/IMG-20260417-WA0014-1-300x225.jpg\" srcset=\"https:\/\/vedruna.org\/wp-content\/uploads\/2026\/04\/IMG-20260417-WA0014-1-300x225.jpg 300w,https:\/\/vedruna.org\/wp-content\/uploads\/2026\/04\/IMG-20260417-WA0014-1-1024x768.jpg 1024w,https:\/\/vedruna.org\/wp-content\/uploads\/2026\/04\/IMG-20260417-WA0014-1-scaled.jpg 2560w\" sizes=\"250px\"\/><\/a><\/div><\/div><\/noscript><\/div><script type=\"application\/json\" class=\"sgb-data\">{\"lastRowFill\":true,\"collectionThumbRecomendedHeight\":150,\"collectionThumbMiniScreenScale\":true,\"externalLink\":false,\"captions\":false,\"collectionThumbSubMenuDownload\":false,\"collectionThumbSubMenuShare\":false,\"galleryType\":\"pgc_sgb_justified\",\"galleryId\":\"f9345774\",\"images\":[{\"id\":35823,\"title\":\"IMG-20260414-WA0022\",\"url\":\"https:\/\/vedruna.org\/wp-content\/uploads\/2026\/04\/IMG-20260414-WA0022.jpg\",\"link\":\"https:\/\/vedruna.org\/?attachment_id=35823\",\"alt\":\"\",\"description\":\"\",\"caption\":\"\",\"mime\":\"image\/jpeg\",\"type\":\"image\",\"width\":1461,\"height\":1096,\"sizes\":{\"thumbnail\":{\"height\":150,\"width\":150,\"url\":\"https:\/\/vedruna.org\/wp-content\/uploads\/2026\/04\/IMG-20260414-WA0022-150x150.jpg\",\"orientation\":\"landscape\"},\"medium\":{\"height\":225,\"width\":300,\"url\":\"https:\/\/vedruna.org\/wp-content\/uploads\/2026\/04\/IMG-20260414-WA0022-300x225.jpg\",\"orientation\":\"landscape\"},\"large\":{\"height\":768,\"width\":1024,\"url\":\"https:\/\/vedruna.org\/wp-content\/uploads\/2026\/04\/IMG-20260414-WA0022-1024x768.jpg\",\"orientation\":\"landscape\"},\"full\":{\"url\":\"https:\/\/vedruna.org\/wp-content\/uploads\/2026\/04\/IMG-20260414-WA0022.jpg\",\"height\":1096,\"width\":1461,\"orientation\":\"landscape\"}},\"imageMeta\":{\"aperture\":\"0\",\"credit\":\"\",\"camera\":\"\",\"caption\":\"\",\"created_timestamp\":\"0\",\"copyright\":\"\",\"focal_length\":\"0\",\"iso\":\"0\",\"shutter_speed\":\"0\",\"title\":\"\",\"orientation\":\"0\",\"keywords\":[]},\"meta\":false,\"postlink\":\"https:\/\/vedruna.org\/?attachment_id=35823\"},{\"id\":35824,\"title\":\"20260414_171951\",\"url\":\"https:\/\/vedruna.org\/wp-content\/uploads\/2026\/04\/20260414_171951-scaled.jpg\",\"link\":\"https:\/\/vedruna.org\/?attachment_id=35824\",\"alt\":\"\",\"description\":\"\",\"caption\":\"\",\"mime\":\"image\/jpeg\",\"type\":\"image\",\"width\":1920,\"height\":2560,\"sizes\":{\"thumbnail\":{\"height\":150,\"width\":150,\"url\":\"https:\/\/vedruna.org\/wp-content\/uploads\/2026\/04\/20260414_171951-150x150.jpg\",\"orientation\":\"landscape\"},\"medium\":{\"height\":300,\"width\":225,\"url\":\"https:\/\/vedruna.org\/wp-content\/uploads\/2026\/04\/20260414_171951-225x300.jpg\",\"orientation\":\"portrait\"},\"large\":{\"height\":1024,\"width\":768,\"url\":\"https:\/\/vedruna.org\/wp-content\/uploads\/2026\/04\/20260414_171951-768x1024.jpg\",\"orientation\":\"portrait\"},\"full\":{\"url\":\"https:\/\/vedruna.org\/wp-content\/uploads\/2026\/04\/20260414_171951-scaled.jpg\",\"height\":2560,\"width\":1920,\"orientation\":\"portrait\"}},\"imageMeta\":{\"aperture\":\"1.8\",\"credit\":\"\",\"camera\":\"Galaxy S24 FE\",\"caption\":\"\",\"created_timestamp\":\"1776187191\",\"copyright\":\"\",\"focal_length\":\"5.4\",\"iso\":\"500\",\"shutter_speed\":\"0.01\",\"title\":\"\",\"orientation\":1,\"keywords\":[]},\"meta\":false,\"postlink\":\"https:\/\/vedruna.org\/?attachment_id=35824\"},{\"id\":35825,\"title\":\"IMG-20260417-WA0014\",\"url\":\"https:\/\/vedruna.org\/wp-content\/uploads\/2026\/04\/IMG-20260417-WA0014-1-scaled.jpg\",\"link\":\"https:\/\/vedruna.org\/?attachment_id=35825\",\"alt\":\"\",\"description\":\"\",\"caption\":\"\",\"mime\":\"image\/jpeg\",\"type\":\"image\",\"width\":2560,\"height\":1920,\"sizes\":{\"thumbnail\":{\"height\":150,\"width\":150,\"url\":\"https:\/\/vedruna.org\/wp-content\/uploads\/2026\/04\/IMG-20260417-WA0014-1-150x150.jpg\",\"orientation\":\"landscape\"},\"medium\":{\"height\":225,\"width\":300,\"url\":\"https:\/\/vedruna.org\/wp-content\/uploads\/2026\/04\/IMG-20260417-WA0014-1-300x225.jpg\",\"orientation\":\"landscape\"},\"large\":{\"height\":768,\"width\":1024,\"url\":\"https:\/\/vedruna.org\/wp-content\/uploads\/2026\/04\/IMG-20260417-WA0014-1-1024x768.jpg\",\"orientation\":\"landscape\"},\"full\":{\"url\":\"https:\/\/vedruna.org\/wp-content\/uploads\/2026\/04\/IMG-20260417-WA0014-1-scaled.jpg\",\"height\":1920,\"width\":2560,\"orientation\":\"landscape\"}},\"imageMeta\":{\"aperture\":\"0\",\"credit\":\"\",\"camera\":\"\",\"caption\":\"\",\"created_timestamp\":\"0\",\"copyright\":\"\",\"focal_length\":\"0\",\"iso\":\"0\",\"shutter_speed\":\"0\",\"title\":\"\",\"orientation\":\"0\",\"keywords\":[]},\"meta\":false,\"postlink\":\"https:\/\/vedruna.org\/?attachment_id=35825\"}],\"useClobalSettings\":true,\"translatedWithWPMLTM\":\"1\",\"itemsMetaDataCollection\":[]}<\/script><script>(function(){if(window.PGC_SGB && window.PGC_SGB.searcher){window.PGC_SGB.searcher.initBlocks()}})()<\/script><\/div>","protected":false},"excerpt":{"rendered":"<p>Ce mois d&rsquo;avril a eu lieu la rencontre de formation au charisme \u00ab\u00a0Vedruna Roots\u00a0\u00bb \u00e0 Vic, organis\u00e9e par les \u00e9quipes de formation de la Fondation Vedruna Catalogne et de la Fondation Vedruna Education. Vingt-neuf \u00e9ducateurs, avec une histoire d&rsquo;engagement et de responsabilit\u00e9 au sein de nos \u00e9coles, ont particip\u00e9 entre les deux fondations et ce [&hellip;]<\/p>\n","protected":false},"author":21,"featured_media":35835,"comment_status":"closed","ping_status":"closed","sticky":false,"template":"","format":"standard","meta":{"_et_pb_use_builder":"","_et_pb_old_content":"","_et_gb_content_width":"","pgc_sgb_lightbox_settings":"","footnotes":""},"categories":[568,225],"tags":[],"class_list":["post-35829","post","type-post","status-publish","format-standard","has-post-thumbnail","hentry","category-leurope-du-bicentenaire","category-province-deurope"],"yoast_head":"<!-- This site is optimized with the Yoast SEO plugin v27.5 - https:\/\/yoast.com\/product\/yoast-seo-wordpress\/ -->\n<title>Des racines qui conduisent l&#039;avenir : les \u00e9ducateurs de Vedruna se r\u00e9unissent \u00e0 nouveau \u00e0 Vic - Carmelitas de la Caridad Vedruna<\/title>\n<meta name=\"description\" content=\"29 \u00e9ducateurs participent \u00e0 la rencontre de formation au charisme &quot;Vedruna Roots&quot; \u00e0 Vic, organis\u00e9e par les \u00e9quipes de formation de la Fundaci\u00f3n Vedruna Catalunya et de la Fundaci\u00f3n Vedruna Educaci\u00f3n.\" \/>\n<meta name=\"robots\" content=\"index, follow, max-snippet:-1, max-image-preview:large, max-video-preview:-1\" \/>\n<link rel=\"canonical\" href=\"https:\/\/vedruna.org\/fr\/des-racines-qui-conduisent-lavenir-les-educateurs-de-vedruna-se-reunissent-a-nouveau-a-vic\/\" \/>\n<meta property=\"og:locale\" content=\"fr_FR\" \/>\n<meta property=\"og:type\" content=\"article\" \/>\n<meta property=\"og:title\" content=\"Des racines qui conduisent l&#039;avenir : les \u00e9ducateurs de Vedruna se r\u00e9unissent \u00e0 nouveau \u00e0 Vic - Carmelitas de la Caridad Vedruna\" \/>\n<meta property=\"og:description\" content=\"29 \u00e9ducateurs participent \u00e0 la rencontre de formation au charisme &quot;Vedruna Roots&quot; \u00e0 Vic, organis\u00e9e par les \u00e9quipes de formation de la Fundaci\u00f3n Vedruna Catalunya et de la Fundaci\u00f3n Vedruna Educaci\u00f3n.\" \/>\n<meta property=\"og:url\" content=\"https:\/\/vedruna.org\/fr\/des-racines-qui-conduisent-lavenir-les-educateurs-de-vedruna-se-reunissent-a-nouveau-a-vic\/\" \/>\n<meta property=\"og:site_name\" content=\"Carmelitas de la Caridad Vedruna\" \/>\n<meta property=\"article:published_time\" content=\"2026-04-27T12:42:27+00:00\" \/>\n<meta property=\"article:modified_time\" content=\"2026-04-30T12:45:03+00:00\" \/>\n<meta property=\"og:image\" content=\"https:\/\/vedruna.org\/wp-content\/uploads\/2026\/04\/IMG-20260416-WA0039-e1777552939722.jpg\" \/>\n\t<meta property=\"og:image:width\" content=\"2048\" \/>\n\t<meta property=\"og:image:height\" content=\"1062\" \/>\n\t<meta property=\"og:image:type\" content=\"image\/jpeg\" \/>\n<meta name=\"author\" content=\"Maria Agustina G\u00f3mez\" \/>\n<meta name=\"twitter:card\" content=\"summary_large_image\" \/>\n<meta name=\"twitter:label1\" content=\"\u00c9crit par\" \/>\n\t<meta name=\"twitter:data1\" content=\"Maria Agustina G\u00f3mez\" \/>\n\t<meta name=\"twitter:label2\" content=\"Dur\u00e9e de lecture estim\u00e9e\" \/>\n\t<meta name=\"twitter:data2\" content=\"4 minutes\" \/>\n<script type=\"application\/ld+json\" class=\"yoast-schema-graph\">{\"@context\":\"https:\\\/\\\/schema.org\",\"@graph\":[{\"@type\":\"Article\",\"@id\":\"https:\\\/\\\/vedruna.org\\\/fr\\\/des-racines-qui-conduisent-lavenir-les-educateurs-de-vedruna-se-reunissent-a-nouveau-a-vic\\\/#article\",\"isPartOf\":{\"@id\":\"https:\\\/\\\/vedruna.org\\\/fr\\\/des-racines-qui-conduisent-lavenir-les-educateurs-de-vedruna-se-reunissent-a-nouveau-a-vic\\\/\"},\"author\":{\"name\":\"Maria Agustina G\u00f3mez\",\"@id\":\"https:\\\/\\\/vedruna.org\\\/fr\\\/#\\\/schema\\\/person\\\/95fe789adf27c2831fc5a049c727edf5\"},\"headline\":\"Des racines qui conduisent l&rsquo;avenir : les \u00e9ducateurs de Vedruna se r\u00e9unissent \u00e0 nouveau \u00e0 Vic\",\"datePublished\":\"2026-04-27T12:42:27+00:00\",\"dateModified\":\"2026-04-30T12:45:03+00:00\",\"mainEntityOfPage\":{\"@id\":\"https:\\\/\\\/vedruna.org\\\/fr\\\/des-racines-qui-conduisent-lavenir-les-educateurs-de-vedruna-se-reunissent-a-nouveau-a-vic\\\/\"},\"wordCount\":756,\"publisher\":{\"@id\":\"https:\\\/\\\/vedruna.org\\\/fr\\\/#organization\"},\"image\":{\"@id\":\"https:\\\/\\\/vedruna.org\\\/fr\\\/des-racines-qui-conduisent-lavenir-les-educateurs-de-vedruna-se-reunissent-a-nouveau-a-vic\\\/#primaryimage\"},\"thumbnailUrl\":\"https:\\\/\\\/vedruna.org\\\/wp-content\\\/uploads\\\/2026\\\/04\\\/IMG-20260416-WA0039-e1777552939722.jpg\",\"articleSection\":[\"L'Europe du bicentenaire\",\"Province d'Europe\"],\"inLanguage\":\"fr-FR\"},{\"@type\":\"WebPage\",\"@id\":\"https:\\\/\\\/vedruna.org\\\/fr\\\/des-racines-qui-conduisent-lavenir-les-educateurs-de-vedruna-se-reunissent-a-nouveau-a-vic\\\/\",\"url\":\"https:\\\/\\\/vedruna.org\\\/fr\\\/des-racines-qui-conduisent-lavenir-les-educateurs-de-vedruna-se-reunissent-a-nouveau-a-vic\\\/\",\"name\":\"Des racines qui conduisent l'avenir : les \u00e9ducateurs de Vedruna se r\u00e9unissent \u00e0 nouveau \u00e0 Vic - Carmelitas de la Caridad Vedruna\",\"isPartOf\":{\"@id\":\"https:\\\/\\\/vedruna.org\\\/fr\\\/#website\"},\"primaryImageOfPage\":{\"@id\":\"https:\\\/\\\/vedruna.org\\\/fr\\\/des-racines-qui-conduisent-lavenir-les-educateurs-de-vedruna-se-reunissent-a-nouveau-a-vic\\\/#primaryimage\"},\"image\":{\"@id\":\"https:\\\/\\\/vedruna.org\\\/fr\\\/des-racines-qui-conduisent-lavenir-les-educateurs-de-vedruna-se-reunissent-a-nouveau-a-vic\\\/#primaryimage\"},\"thumbnailUrl\":\"https:\\\/\\\/vedruna.org\\\/wp-content\\\/uploads\\\/2026\\\/04\\\/IMG-20260416-WA0039-e1777552939722.jpg\",\"datePublished\":\"2026-04-27T12:42:27+00:00\",\"dateModified\":\"2026-04-30T12:45:03+00:00\",\"description\":\"29 \u00e9ducateurs participent \u00e0 la rencontre de formation au charisme \\\"Vedruna Roots\\\" \u00e0 Vic, organis\u00e9e par les \u00e9quipes de formation de la Fundaci\u00f3n Vedruna Catalunya et de la Fundaci\u00f3n Vedruna Educaci\u00f3n.\",\"breadcrumb\":{\"@id\":\"https:\\\/\\\/vedruna.org\\\/fr\\\/des-racines-qui-conduisent-lavenir-les-educateurs-de-vedruna-se-reunissent-a-nouveau-a-vic\\\/#breadcrumb\"},\"inLanguage\":\"fr-FR\",\"potentialAction\":[{\"@type\":\"ReadAction\",\"target\":[\"https:\\\/\\\/vedruna.org\\\/fr\\\/des-racines-qui-conduisent-lavenir-les-educateurs-de-vedruna-se-reunissent-a-nouveau-a-vic\\\/\"]}]},{\"@type\":\"ImageObject\",\"inLanguage\":\"fr-FR\",\"@id\":\"https:\\\/\\\/vedruna.org\\\/fr\\\/des-racines-qui-conduisent-lavenir-les-educateurs-de-vedruna-se-reunissent-a-nouveau-a-vic\\\/#primaryimage\",\"url\":\"https:\\\/\\\/vedruna.org\\\/wp-content\\\/uploads\\\/2026\\\/04\\\/IMG-20260416-WA0039-e1777552939722.jpg\",\"contentUrl\":\"https:\\\/\\\/vedruna.org\\\/wp-content\\\/uploads\\\/2026\\\/04\\\/IMG-20260416-WA0039-e1777552939722.jpg\",\"width\":2048,\"height\":1062},{\"@type\":\"BreadcrumbList\",\"@id\":\"https:\\\/\\\/vedruna.org\\\/fr\\\/des-racines-qui-conduisent-lavenir-les-educateurs-de-vedruna-se-reunissent-a-nouveau-a-vic\\\/#breadcrumb\",\"itemListElement\":[{\"@type\":\"ListItem\",\"position\":1,\"name\":\"Portada\",\"item\":\"https:\\\/\\\/vedruna.org\\\/fr\\\/\"},{\"@type\":\"ListItem\",\"position\":2,\"name\":\"Des racines qui conduisent l&rsquo;avenir : les \u00e9ducateurs de Vedruna se r\u00e9unissent \u00e0 nouveau \u00e0 Vic\"}]},{\"@type\":\"WebSite\",\"@id\":\"https:\\\/\\\/vedruna.org\\\/fr\\\/#website\",\"url\":\"https:\\\/\\\/vedruna.org\\\/fr\\\/\",\"name\":\"Carmelitas de la Caridad Vedruna\",\"description\":\"Carmelitas de la caridad\",\"publisher\":{\"@id\":\"https:\\\/\\\/vedruna.org\\\/fr\\\/#organization\"},\"potentialAction\":[{\"@type\":\"SearchAction\",\"target\":{\"@type\":\"EntryPoint\",\"urlTemplate\":\"https:\\\/\\\/vedruna.org\\\/fr\\\/?s={search_term_string}\"},\"query-input\":{\"@type\":\"PropertyValueSpecification\",\"valueRequired\":true,\"valueName\":\"search_term_string\"}}],\"inLanguage\":\"fr-FR\"},{\"@type\":\"Organization\",\"@id\":\"https:\\\/\\\/vedruna.org\\\/fr\\\/#organization\",\"name\":\"Carmelitas de la caridad Vedruna\",\"url\":\"https:\\\/\\\/vedruna.org\\\/fr\\\/\",\"logo\":{\"@type\":\"ImageObject\",\"inLanguage\":\"fr-FR\",\"@id\":\"https:\\\/\\\/vedruna.org\\\/fr\\\/#\\\/schema\\\/logo\\\/image\\\/\",\"url\":\"https:\\\/\\\/vedruna.org\\\/wp-content\\\/uploads\\\/2022\\\/04\\\/LOGO-VEDRUNA-HORIZONTAL.png\",\"contentUrl\":\"https:\\\/\\\/vedruna.org\\\/wp-content\\\/uploads\\\/2022\\\/04\\\/LOGO-VEDRUNA-HORIZONTAL.png\",\"width\":1200,\"height\":463,\"caption\":\"Carmelitas de la caridad Vedruna\"},\"image\":{\"@id\":\"https:\\\/\\\/vedruna.org\\\/fr\\\/#\\\/schema\\\/logo\\\/image\\\/\"}},{\"@type\":\"Person\",\"@id\":\"https:\\\/\\\/vedruna.org\\\/fr\\\/#\\\/schema\\\/person\\\/95fe789adf27c2831fc5a049c727edf5\",\"name\":\"Maria Agustina G\u00f3mez\",\"image\":{\"@type\":\"ImageObject\",\"inLanguage\":\"fr-FR\",\"@id\":\"https:\\\/\\\/secure.gravatar.com\\\/avatar\\\/8af3ece86571c098b978434bbc43b948c403c1ae191f09a04e94f916638ceb2c?s=96&d=mm&r=g\",\"url\":\"https:\\\/\\\/secure.gravatar.com\\\/avatar\\\/8af3ece86571c098b978434bbc43b948c403c1ae191f09a04e94f916638ceb2c?s=96&d=mm&r=g\",\"contentUrl\":\"https:\\\/\\\/secure.gravatar.com\\\/avatar\\\/8af3ece86571c098b978434bbc43b948c403c1ae191f09a04e94f916638ceb2c?s=96&d=mm&r=g\",\"caption\":\"Maria Agustina G\u00f3mez\"},\"url\":\"https:\\\/\\\/vedruna.org\\\/fr\\\/author\\\/agustina-gomez\\\/\"}]}<\/script>\n<!-- \/ Yoast SEO plugin. -->","yoast_head_json":{"title":"Des racines qui conduisent l'avenir : les \u00e9ducateurs de Vedruna se r\u00e9unissent \u00e0 nouveau \u00e0 Vic - Carmelitas de la Caridad Vedruna","description":"29 \u00e9ducateurs participent \u00e0 la rencontre de formation au charisme \"Vedruna Roots\" \u00e0 Vic, organis\u00e9e par les \u00e9quipes de formation de la Fundaci\u00f3n Vedruna Catalunya et de la Fundaci\u00f3n Vedruna Educaci\u00f3n.","robots":{"index":"index","follow":"follow","max-snippet":"max-snippet:-1","max-image-preview":"max-image-preview:large","max-video-preview":"max-video-preview:-1"},"canonical":"https:\/\/vedruna.org\/fr\/des-racines-qui-conduisent-lavenir-les-educateurs-de-vedruna-se-reunissent-a-nouveau-a-vic\/","og_locale":"fr_FR","og_type":"article","og_title":"Des racines qui conduisent l'avenir : les \u00e9ducateurs de Vedruna se r\u00e9unissent \u00e0 nouveau \u00e0 Vic - Carmelitas de la Caridad Vedruna","og_description":"29 \u00e9ducateurs participent \u00e0 la rencontre de formation au charisme \"Vedruna Roots\" \u00e0 Vic, organis\u00e9e par les \u00e9quipes de formation de la Fundaci\u00f3n Vedruna Catalunya et de la Fundaci\u00f3n Vedruna Educaci\u00f3n.","og_url":"https:\/\/vedruna.org\/fr\/des-racines-qui-conduisent-lavenir-les-educateurs-de-vedruna-se-reunissent-a-nouveau-a-vic\/","og_site_name":"Carmelitas de la Caridad Vedruna","article_published_time":"2026-04-27T12:42:27+00:00","article_modified_time":"2026-04-30T12:45:03+00:00","og_image":[{"width":2048,"height":1062,"url":"https:\/\/vedruna.org\/wp-content\/uploads\/2026\/04\/IMG-20260416-WA0039-e1777552939722.jpg","type":"image\/jpeg"}],"author":"Maria Agustina G\u00f3mez","twitter_card":"summary_large_image","twitter_misc":{"\u00c9crit par":"Maria Agustina G\u00f3mez","Dur\u00e9e de lecture estim\u00e9e":"4 minutes"},"schema":{"@context":"https:\/\/schema.org","@graph":[{"@type":"Article","@id":"https:\/\/vedruna.org\/fr\/des-racines-qui-conduisent-lavenir-les-educateurs-de-vedruna-se-reunissent-a-nouveau-a-vic\/#article","isPartOf":{"@id":"https:\/\/vedruna.org\/fr\/des-racines-qui-conduisent-lavenir-les-educateurs-de-vedruna-se-reunissent-a-nouveau-a-vic\/"},"author":{"name":"Maria Agustina G\u00f3mez","@id":"https:\/\/vedruna.org\/fr\/#\/schema\/person\/95fe789adf27c2831fc5a049c727edf5"},"headline":"Des racines qui conduisent l&rsquo;avenir : les \u00e9ducateurs de Vedruna se r\u00e9unissent \u00e0 nouveau \u00e0 Vic","datePublished":"2026-04-27T12:42:27+00:00","dateModified":"2026-04-30T12:45:03+00:00","mainEntityOfPage":{"@id":"https:\/\/vedruna.org\/fr\/des-racines-qui-conduisent-lavenir-les-educateurs-de-vedruna-se-reunissent-a-nouveau-a-vic\/"},"wordCount":756,"publisher":{"@id":"https:\/\/vedruna.org\/fr\/#organization"},"image":{"@id":"https:\/\/vedruna.org\/fr\/des-racines-qui-conduisent-lavenir-les-educateurs-de-vedruna-se-reunissent-a-nouveau-a-vic\/#primaryimage"},"thumbnailUrl":"https:\/\/vedruna.org\/wp-content\/uploads\/2026\/04\/IMG-20260416-WA0039-e1777552939722.jpg","articleSection":["L'Europe du bicentenaire","Province d'Europe"],"inLanguage":"fr-FR"},{"@type":"WebPage","@id":"https:\/\/vedruna.org\/fr\/des-racines-qui-conduisent-lavenir-les-educateurs-de-vedruna-se-reunissent-a-nouveau-a-vic\/","url":"https:\/\/vedruna.org\/fr\/des-racines-qui-conduisent-lavenir-les-educateurs-de-vedruna-se-reunissent-a-nouveau-a-vic\/","name":"Des racines qui conduisent l'avenir : les \u00e9ducateurs de Vedruna se r\u00e9unissent \u00e0 nouveau \u00e0 Vic - Carmelitas de la Caridad Vedruna","isPartOf":{"@id":"https:\/\/vedruna.org\/fr\/#website"},"primaryImageOfPage":{"@id":"https:\/\/vedruna.org\/fr\/des-racines-qui-conduisent-lavenir-les-educateurs-de-vedruna-se-reunissent-a-nouveau-a-vic\/#primaryimage"},"image":{"@id":"https:\/\/vedruna.org\/fr\/des-racines-qui-conduisent-lavenir-les-educateurs-de-vedruna-se-reunissent-a-nouveau-a-vic\/#primaryimage"},"thumbnailUrl":"https:\/\/vedruna.org\/wp-content\/uploads\/2026\/04\/IMG-20260416-WA0039-e1777552939722.jpg","datePublished":"2026-04-27T12:42:27+00:00","dateModified":"2026-04-30T12:45:03+00:00","description":"29 \u00e9ducateurs participent \u00e0 la rencontre de formation au charisme \"Vedruna Roots\" \u00e0 Vic, organis\u00e9e par les \u00e9quipes de formation de la Fundaci\u00f3n Vedruna Catalunya et de la Fundaci\u00f3n Vedruna Educaci\u00f3n.","breadcrumb":{"@id":"https:\/\/vedruna.org\/fr\/des-racines-qui-conduisent-lavenir-les-educateurs-de-vedruna-se-reunissent-a-nouveau-a-vic\/#breadcrumb"},"inLanguage":"fr-FR","potentialAction":[{"@type":"ReadAction","target":["https:\/\/vedruna.org\/fr\/des-racines-qui-conduisent-lavenir-les-educateurs-de-vedruna-se-reunissent-a-nouveau-a-vic\/"]}]},{"@type":"ImageObject","inLanguage":"fr-FR","@id":"https:\/\/vedruna.org\/fr\/des-racines-qui-conduisent-lavenir-les-educateurs-de-vedruna-se-reunissent-a-nouveau-a-vic\/#primaryimage","url":"https:\/\/vedruna.org\/wp-content\/uploads\/2026\/04\/IMG-20260416-WA0039-e1777552939722.jpg","contentUrl":"https:\/\/vedruna.org\/wp-content\/uploads\/2026\/04\/IMG-20260416-WA0039-e1777552939722.jpg","width":2048,"height":1062},{"@type":"BreadcrumbList","@id":"https:\/\/vedruna.org\/fr\/des-racines-qui-conduisent-lavenir-les-educateurs-de-vedruna-se-reunissent-a-nouveau-a-vic\/#breadcrumb","itemListElement":[{"@type":"ListItem","position":1,"name":"Portada","item":"https:\/\/vedruna.org\/fr\/"},{"@type":"ListItem","position":2,"name":"Des racines qui conduisent l&rsquo;avenir : les \u00e9ducateurs de Vedruna se r\u00e9unissent \u00e0 nouveau \u00e0 Vic"}]},{"@type":"WebSite","@id":"https:\/\/vedruna.org\/fr\/#website","url":"https:\/\/vedruna.org\/fr\/","name":"Carmelitas de la Caridad Vedruna","description":"Carmelitas de la caridad","publisher":{"@id":"https:\/\/vedruna.org\/fr\/#organization"},"potentialAction":[{"@type":"SearchAction","target":{"@type":"EntryPoint","urlTemplate":"https:\/\/vedruna.org\/fr\/?s={search_term_string}"},"query-input":{"@type":"PropertyValueSpecification","valueRequired":true,"valueName":"search_term_string"}}],"inLanguage":"fr-FR"},{"@type":"Organization","@id":"https:\/\/vedruna.org\/fr\/#organization","name":"Carmelitas de la caridad Vedruna","url":"https:\/\/vedruna.org\/fr\/","logo":{"@type":"ImageObject","inLanguage":"fr-FR","@id":"https:\/\/vedruna.org\/fr\/#\/schema\/logo\/image\/","url":"https:\/\/vedruna.org\/wp-content\/uploads\/2022\/04\/LOGO-VEDRUNA-HORIZONTAL.png","contentUrl":"https:\/\/vedruna.org\/wp-content\/uploads\/2022\/04\/LOGO-VEDRUNA-HORIZONTAL.png","width":1200,"height":463,"caption":"Carmelitas de la caridad Vedruna"},"image":{"@id":"https:\/\/vedruna.org\/fr\/#\/schema\/logo\/image\/"}},{"@type":"Person","@id":"https:\/\/vedruna.org\/fr\/#\/schema\/person\/95fe789adf27c2831fc5a049c727edf5","name":"Maria Agustina G\u00f3mez","image":{"@type":"ImageObject","inLanguage":"fr-FR","@id":"https:\/\/secure.gravatar.com\/avatar\/8af3ece86571c098b978434bbc43b948c403c1ae191f09a04e94f916638ceb2c?s=96&d=mm&r=g","url":"https:\/\/secure.gravatar.com\/avatar\/8af3ece86571c098b978434bbc43b948c403c1ae191f09a04e94f916638ceb2c?s=96&d=mm&r=g","contentUrl":"https:\/\/secure.gravatar.com\/avatar\/8af3ece86571c098b978434bbc43b948c403c1ae191f09a04e94f916638ceb2c?s=96&d=mm&r=g","caption":"Maria Agustina G\u00f3mez"},"url":"https:\/\/vedruna.org\/fr\/author\/agustina-gomez\/"}]}},"_links":{"self":[{"href":"https:\/\/vedruna.org\/fr\/wp-json\/wp\/v2\/posts\/35829","targetHints":{"allow":["GET"]}}],"collection":[{"href":"https:\/\/vedruna.org\/fr\/wp-json\/wp\/v2\/posts"}],"about":[{"href":"https:\/\/vedruna.org\/fr\/wp-json\/wp\/v2\/types\/post"}],"author":[{"embeddable":true,"href":"https:\/\/vedruna.org\/fr\/wp-json\/wp\/v2\/users\/21"}],"replies":[{"embeddable":true,"href":"https:\/\/vedruna.org\/fr\/wp-json\/wp\/v2\/comments?post=35829"}],"version-history":[{"count":1,"href":"https:\/\/vedruna.org\/fr\/wp-json\/wp\/v2\/posts\/35829\/revisions"}],"predecessor-version":[{"id":35836,"href":"https:\/\/vedruna.org\/fr\/wp-json\/wp\/v2\/posts\/35829\/revisions\/35836"}],"wp:featuredmedia":[{"embeddable":true,"href":"https:\/\/vedruna.org\/fr\/wp-json\/wp\/v2\/media\/35835"}],"wp:attachment":[{"href":"https:\/\/vedruna.org\/fr\/wp-json\/wp\/v2\/media?parent=35829"}],"wp:term":[{"taxonomy":"category","embeddable":true,"href":"https:\/\/vedruna.org\/fr\/wp-json\/wp\/v2\/categories?post=35829"},{"taxonomy":"post_tag","embeddable":true,"href":"https:\/\/vedruna.org\/fr\/wp-json\/wp\/v2\/tags?post=35829"}],"curies":[{"name":"wp","href":"https:\/\/api.w.org\/{rel}","templated":true}]}}