{"id":40004,"date":"2026-09-01T12:06:02","date_gmt":"2026-09-01T10:06:02","guid":{"rendered":"https:\/\/vedruna.org\/en-commemoration-des-172-ans-du-depart-de-sainte-joaquina-vers-la-maison-du-pere\/"},"modified":"2026-09-01T12:07:35","modified_gmt":"2026-09-01T10:07:35","slug":"en-commemoration-des-172-ans-du-depart-de-sainte-joaquina-vers-la-maison-du-pere","status":"publish","type":"post","link":"https:\/\/vedruna.org\/fr\/en-commemoration-des-172-ans-du-depart-de-sainte-joaquina-vers-la-maison-du-pere\/","title":{"rendered":"En comm\u00e9moration des 172 ans du d\u00e9part de Sainte Joaquina vers la maison du P\u00e8re"},"content":{"rendered":"\n<p class=\"wp-block-paragraph\">Le 28 ao\u00fbt, \u00e0 Sullana, dans le d\u00e9partement de Piura au P\u00e9rou, les trois communaut\u00e9s la\u00efques suivantes se sont r\u00e9unies : <strong>\u00ab Caminando con Joaquina \u00bb<\/strong>, \u00ab<strong>Esposos al estilo Vedruna \u00bb<\/strong> et <strong>\u00ab Seguidoras de Joaquina \u00bb<\/strong>, en compagnie des s\u0153urs Melania Silva, In\u00e9s Rojas et Emiliana Gonz\u00e1lez, de la communaut\u00e9 de Sullana, pour c\u00e9l\u00e9brer le d\u00e9part de Joaquina vers la maison du P\u00e8re. <\/p>\n\n<p class=\"wp-block-paragraph\">Ce fut un moment d\u00e9di\u00e9 \u00e0 la pri\u00e8re et au partage en communaut\u00e9, l\u2019occasion de se rem\u00e9morer des exp\u00e9riences v\u00e9cues, telles que les d\u00e9buts du La\u00efcat \u00e0 Sullana, les diff\u00e9rents la\u00efcs qui sont pass\u00e9s par les communaut\u00e9s et ceux qui sont partis vers la maison du P\u00e8re.<\/p>\n\n<p class=\"wp-block-paragraph\">Un moment tr\u00e8s agr\u00e9able qui nous a permis de renforcer encore davantage les liens qui nous unissent en tant que Famille charismatique Vedruna et de rendre gr\u00e2ce pour le don de sa vie et de son charisme.<\/p>\n\n<p class=\"wp-block-paragraph\"><strong>Merci<\/strong> pour cette femme exceptionnelle qui, au milieu de la douleur et des \u00e9preuves, a dit \u00ab <strong>oui \u00bb \u00e0 Dieu<\/strong> et a fond\u00e9 une famille qui continue d\u2019\u0153uvrer dans chaque pays et sur chaque continent.<\/p>\n\n<p class=\"wp-block-paragraph\"><strong>Merci<\/strong> pour votre c\u0153ur de m\u00e8re, pour votre foi simple et pour nous avoir appris que \u00ab l\u00e0 o\u00f9 r\u00e8gnent la charit\u00e9 et l\u2019amour, l\u00e0 Vous \u00eates \u00bb.<\/p>\n\n<p class=\"wp-block-paragraph\">Puissions-nous apprendre \u00e0 continuer \u00e0 faire le bien, sans nous soucier de qui nous aidons, en d\u00e9couvrant Dieu dans les plus d\u00e9munis, qui sont nos prochains, et puissions-nous les consid\u00e9rer avec un amour fraternel.<\/p>\n\n<p class=\"wp-block-paragraph\">Puisse Joaquina continuer \u00e0 nous fortifier gr\u00e2ce \u00e0 son c\u0153ur compatissant, toujours pr\u00eat \u00e0 servir les autres, et nous aider \u00e0 voir le Christ dans les plus d\u00e9munis.<\/p>\n\n<p class=\"has-text-align-center has-medium-font-size wp-block-paragraph\"><strong>Merci, Joaquina, de rester \u00e0 nos c\u00f4t\u00e9s, nous, vos enfants !<\/strong><\/p>\n\n<p class=\"has-text-align-right wp-block-paragraph\"><strong><em>Carolina Lucy Novoa Luy, membre de la confr\u00e9rie \u00ab Les adeptes de Joaquina \u00bb  <\/em><\/strong><\/p>\n<div class=\"pgc-sgb-cb wp-block-pgcsimplygalleryblock-justified \" data-gallery-id=\"f1b05530\"><div class=\"sgb-preloader\" id=\"pr_f1b05530\">\n\t<div class=\"sgb-square\" style=\"background:#d4d4d4\"><\/div>\n\t<div class=\"sgb-square\" style=\"background:#d4d4d4\"><\/div>\n\t<div class=\"sgb-square\" style=\"background:#d4d4d4\"><\/div>\n\t<div class=\"sgb-square\" style=\"background:#d4d4d4\"><\/div><\/div><div class=\"simply-gallery-amp pgc_sgb_slider \"><noscript><div class=\"sgb-gallery\"><div class=\"sgb-item\"><a href=\"https:\/\/vedruna.org\/wp-content\/uploads\/2026\/08\/4.jpeg\"><img decoding=\"async\" alt=\"\" width=\"300\" height=\"225\" loading=\"lazy\" src=\"https:\/\/vedruna.org\/wp-content\/uploads\/2026\/08\/4-300x225.jpeg\" srcset=\"https:\/\/vedruna.org\/wp-content\/uploads\/2026\/08\/4-300x225.jpeg 300w,https:\/\/vedruna.org\/wp-content\/uploads\/2026\/08\/4-1024x768.jpeg 1024w,https:\/\/vedruna.org\/wp-content\/uploads\/2026\/08\/4.jpeg 1600w\" sizes=\"250px\"\/><\/a><\/div><div class=\"sgb-item\"><a href=\"https:\/\/vedruna.org\/wp-content\/uploads\/2026\/08\/3.jpeg\"><img decoding=\"async\" alt=\"\" width=\"300\" height=\"225\" loading=\"lazy\" src=\"https:\/\/vedruna.org\/wp-content\/uploads\/2026\/08\/3-300x225.jpeg\" srcset=\"https:\/\/vedruna.org\/wp-content\/uploads\/2026\/08\/3-300x225.jpeg 300w,https:\/\/vedruna.org\/wp-content\/uploads\/2026\/08\/3-1024x768.jpeg 1024w,https:\/\/vedruna.org\/wp-content\/uploads\/2026\/08\/3.jpeg 1448w\" sizes=\"250px\"\/><\/a><\/div><div class=\"sgb-item\"><a href=\"https:\/\/vedruna.org\/wp-content\/uploads\/2026\/08\/2.jpeg\"><img decoding=\"async\" alt=\"\" width=\"225\" height=\"300\" loading=\"lazy\" src=\"https:\/\/vedruna.org\/wp-content\/uploads\/2026\/08\/2-225x300.jpeg\" srcset=\"https:\/\/vedruna.org\/wp-content\/uploads\/2026\/08\/2-225x300.jpeg 225w,https:\/\/vedruna.org\/wp-content\/uploads\/2026\/08\/2-768x1024.jpeg 768w,https:\/\/vedruna.org\/wp-content\/uploads\/2026\/08\/2.jpeg 1086w\" sizes=\"250px\"\/><\/a><\/div><div class=\"sgb-item\"><a href=\"https:\/\/vedruna.org\/wp-content\/uploads\/2026\/08\/1.jpeg\"><img decoding=\"async\" alt=\"\" width=\"300\" height=\"225\" loading=\"lazy\" src=\"https:\/\/vedruna.org\/wp-content\/uploads\/2026\/08\/1-300x225.jpeg\" srcset=\"https:\/\/vedruna.org\/wp-content\/uploads\/2026\/08\/1-300x225.jpeg 300w,https:\/\/vedruna.org\/wp-content\/uploads\/2026\/08\/1-1024x768.jpeg 1024w,https:\/\/vedruna.org\/wp-content\/uploads\/2026\/08\/1.jpeg 1448w\" sizes=\"250px\"\/><\/a><\/div><\/div><\/noscript><\/div><script type=\"application\/json\" class=\"sgb-data\">{\"lastRowFill\":true,\"externalLink\":false,\"captions\":false,\"collectionThumbSubMenuDownload\":false,\"collectionThumbSubMenuShare\":false,\"galleryType\":\"pgc_sgb_justified\",\"galleryId\":\"f1b05530\",\"images\":[{\"id\":39990,\"title\":\"4\",\"url\":\"https:\/\/vedruna.org\/wp-content\/uploads\/2026\/08\/4.jpeg\",\"link\":\"https:\/\/vedruna.org\/4-66\/\",\"alt\":\"\",\"description\":\"\",\"caption\":\"\",\"mime\":\"image\/jpeg\",\"type\":\"image\",\"width\":1600,\"height\":1200,\"sizes\":{\"thumbnail\":{\"height\":150,\"width\":150,\"url\":\"https:\/\/vedruna.org\/wp-content\/uploads\/2026\/08\/4-150x150.jpeg\",\"orientation\":\"landscape\"},\"medium\":{\"height\":225,\"width\":300,\"url\":\"https:\/\/vedruna.org\/wp-content\/uploads\/2026\/08\/4-300x225.jpeg\",\"orientation\":\"landscape\"},\"large\":{\"height\":768,\"width\":1024,\"url\":\"https:\/\/vedruna.org\/wp-content\/uploads\/2026\/08\/4-1024x768.jpeg\",\"orientation\":\"landscape\"},\"full\":{\"url\":\"https:\/\/vedruna.org\/wp-content\/uploads\/2026\/08\/4.jpeg\",\"height\":1200,\"width\":1600,\"orientation\":\"landscape\"}},\"imageMeta\":{\"aperture\":\"0\",\"credit\":\"\",\"camera\":\"\",\"caption\":\"\",\"created_timestamp\":\"0\",\"copyright\":\"\",\"focal_length\":\"0\",\"iso\":\"0\",\"shutter_speed\":\"0\",\"title\":\"\",\"orientation\":\"0\",\"keywords\":[],\"alt\":\"\"},\"meta\":false},{\"id\":39989,\"title\":\"3\",\"url\":\"https:\/\/vedruna.org\/wp-content\/uploads\/2026\/08\/3.jpeg\",\"link\":\"https:\/\/vedruna.org\/3-80\/\",\"alt\":\"\",\"description\":\"\",\"caption\":\"\",\"mime\":\"image\/jpeg\",\"type\":\"image\",\"width\":1448,\"height\":1086,\"sizes\":{\"thumbnail\":{\"height\":150,\"width\":150,\"url\":\"https:\/\/vedruna.org\/wp-content\/uploads\/2026\/08\/3-150x150.jpeg\",\"orientation\":\"landscape\"},\"medium\":{\"height\":225,\"width\":300,\"url\":\"https:\/\/vedruna.org\/wp-content\/uploads\/2026\/08\/3-300x225.jpeg\",\"orientation\":\"landscape\"},\"large\":{\"height\":768,\"width\":1024,\"url\":\"https:\/\/vedruna.org\/wp-content\/uploads\/2026\/08\/3-1024x768.jpeg\",\"orientation\":\"landscape\"},\"full\":{\"url\":\"https:\/\/vedruna.org\/wp-content\/uploads\/2026\/08\/3.jpeg\",\"height\":1086,\"width\":1448,\"orientation\":\"landscape\"}},\"imageMeta\":{\"aperture\":\"0\",\"credit\":\"\",\"camera\":\"\",\"caption\":\"\",\"created_timestamp\":\"0\",\"copyright\":\"\",\"focal_length\":\"0\",\"iso\":\"0\",\"shutter_speed\":\"0\",\"title\":\"\",\"orientation\":\"0\",\"keywords\":[],\"alt\":\"\"},\"meta\":false},{\"id\":39988,\"title\":\"2\",\"url\":\"https:\/\/vedruna.org\/wp-content\/uploads\/2026\/08\/2.jpeg\",\"link\":\"https:\/\/vedruna.org\/2-80\/\",\"alt\":\"\",\"description\":\"\",\"caption\":\"\",\"mime\":\"image\/jpeg\",\"type\":\"image\",\"width\":1086,\"height\":1448,\"sizes\":{\"thumbnail\":{\"height\":150,\"width\":150,\"url\":\"https:\/\/vedruna.org\/wp-content\/uploads\/2026\/08\/2-150x150.jpeg\",\"orientation\":\"landscape\"},\"medium\":{\"height\":300,\"width\":225,\"url\":\"https:\/\/vedruna.org\/wp-content\/uploads\/2026\/08\/2-225x300.jpeg\",\"orientation\":\"portrait\"},\"large\":{\"height\":1024,\"width\":768,\"url\":\"https:\/\/vedruna.org\/wp-content\/uploads\/2026\/08\/2-768x1024.jpeg\",\"orientation\":\"portrait\"},\"full\":{\"url\":\"https:\/\/vedruna.org\/wp-content\/uploads\/2026\/08\/2.jpeg\",\"height\":1448,\"width\":1086,\"orientation\":\"portrait\"}},\"imageMeta\":{\"aperture\":\"0\",\"credit\":\"\",\"camera\":\"\",\"caption\":\"\",\"created_timestamp\":\"0\",\"copyright\":\"\",\"focal_length\":\"0\",\"iso\":\"0\",\"shutter_speed\":\"0\",\"title\":\"\",\"orientation\":\"0\",\"keywords\":[],\"alt\":\"\"},\"meta\":false},{\"id\":39987,\"title\":\"1\",\"url\":\"https:\/\/vedruna.org\/wp-content\/uploads\/2026\/08\/1.jpeg\",\"link\":\"https:\/\/vedruna.org\/1-80\/\",\"alt\":\"\",\"description\":\"\",\"caption\":\"\",\"mime\":\"image\/jpeg\",\"type\":\"image\",\"width\":1448,\"height\":1086,\"sizes\":{\"thumbnail\":{\"height\":150,\"width\":150,\"url\":\"https:\/\/vedruna.org\/wp-content\/uploads\/2026\/08\/1-150x150.jpeg\",\"orientation\":\"landscape\"},\"medium\":{\"height\":225,\"width\":300,\"url\":\"https:\/\/vedruna.org\/wp-content\/uploads\/2026\/08\/1-300x225.jpeg\",\"orientation\":\"landscape\"},\"large\":{\"height\":768,\"width\":1024,\"url\":\"https:\/\/vedruna.org\/wp-content\/uploads\/2026\/08\/1-1024x768.jpeg\",\"orientation\":\"landscape\"},\"full\":{\"url\":\"https:\/\/vedruna.org\/wp-content\/uploads\/2026\/08\/1.jpeg\",\"height\":1086,\"width\":1448,\"orientation\":\"landscape\"}},\"imageMeta\":{\"aperture\":\"0\",\"credit\":\"\",\"camera\":\"\",\"caption\":\"\",\"created_timestamp\":\"0\",\"copyright\":\"\",\"focal_length\":\"0\",\"iso\":\"0\",\"shutter_speed\":\"0\",\"title\":\"\",\"orientation\":\"0\",\"keywords\":[],\"alt\":\"\"},\"meta\":false}],\"useClobalSettings\":true,\"shareFacebook\":false,\"shareTwitter\":false,\"sharePinterest\":false,\"sliderItemDownload\":false,\"shareCopyLink\":false,\"sliderItemCounterEnable\":false,\"sliderItemTitleFontSize\":20,\"sliderSlideshow\":false,\"sliderSocialShareEnabled\":false,\"sliderZoomEnable\":false,\"translatedWithWPMLTM\":\"1\",\"itemsMetaDataCollection\":[]}<\/script><script>(function(){if(window.PGC_SGB && window.PGC_SGB.searcher){window.PGC_SGB.searcher.initBlocks()}})()<\/script><\/div>","protected":false},"excerpt":{"rendered":"<p>Le 28 ao\u00fbt, \u00e0 Sullana, dans le d\u00e9partement de Piura au P\u00e9rou, les trois communaut\u00e9s la\u00efques suivantes se sont r\u00e9unies : \u00ab Caminando con Joaquina \u00bb, \u00abEsposos al estilo Vedruna \u00bb et \u00ab Seguidoras de Joaquina \u00bb, en compagnie des s\u0153urs Melania Silva, In\u00e9s Rojas et Emiliana Gonz\u00e1lez, de la communaut\u00e9 de Sullana, pour c\u00e9l\u00e9brer [&hellip;]<\/p>\n","protected":false},"author":4,"featured_media":40005,"comment_status":"closed","ping_status":"closed","sticky":false,"template":"","format":"standard","meta":{"_et_pb_use_builder":"","_et_pb_old_content":"","_et_gb_content_width":"","pgc_sgb_lightbox_settings":"","footnotes":""},"categories":[155,306,146],"tags":[],"class_list":["post-40004","post","type-post","status-publish","format-standard","has-post-thumbnail","hentry","category-perou","category-vedruna-laity-fr","category-vedrunamerica-fr"],"yoast_head":"<!-- This site is optimized with the Yoast SEO plugin v28.4 - https:\/\/yoast.com\/product\/yoast-seo-wordpress\/ -->\n<title>En comm\u00e9moration des 172 ans du d\u00e9part de Sainte Joaquina vers la maison du P\u00e8re - Carmelitas de la Caridad Vedruna<\/title>\n<meta name=\"description\" content=\"Les trois communaut\u00e9s la\u00efques Vedruna du P\u00e9rou se r\u00e9unissent avec la communaut\u00e9 de Sullana pour c\u00e9l\u00e9brer le d\u00e9part de Joaquina vers la maison du P\u00e8re.\" \/>\n<meta name=\"robots\" content=\"index, follow, max-snippet:-1, max-image-preview:large, max-video-preview:-1\" \/>\n<link rel=\"canonical\" href=\"https:\/\/vedruna.org\/fr\/en-commemoration-des-172-ans-du-depart-de-sainte-joaquina-vers-la-maison-du-pere\/\" \/>\n<meta property=\"og:locale\" content=\"fr_FR\" \/>\n<meta property=\"og:type\" content=\"article\" \/>\n<meta property=\"og:title\" content=\"En comm\u00e9moration des 172 ans du d\u00e9part de Sainte Joaquina vers la maison du P\u00e8re - Carmelitas de la Caridad Vedruna\" \/>\n<meta property=\"og:description\" content=\"Les trois communaut\u00e9s la\u00efques Vedruna du P\u00e9rou se r\u00e9unissent avec la communaut\u00e9 de Sullana pour c\u00e9l\u00e9brer le d\u00e9part de Joaquina vers la maison du P\u00e8re.\" \/>\n<meta property=\"og:url\" content=\"https:\/\/vedruna.org\/fr\/en-commemoration-des-172-ans-du-depart-de-sainte-joaquina-vers-la-maison-du-pere\/\" \/>\n<meta property=\"og:site_name\" content=\"Carmelitas de la Caridad Vedruna\" \/>\n<meta property=\"article:published_time\" content=\"2026-09-01T10:06:02+00:00\" \/>\n<meta property=\"article:modified_time\" content=\"2026-09-01T10:07:35+00:00\" \/>\n<meta property=\"og:image\" content=\"https:\/\/vedruna.org\/wp-content\/uploads\/2026\/08\/PRINCIPAL-1.jpeg\" \/>\n\t<meta property=\"og:image:width\" content=\"1600\" \/>\n\t<meta property=\"og:image:height\" content=\"1056\" \/>\n\t<meta property=\"og:image:type\" content=\"image\/jpeg\" \/>\n<meta name=\"author\" content=\"Comunicaci\u00f3n Vedrunam\u00e9rica\" \/>\n<meta name=\"twitter:card\" content=\"summary_large_image\" \/>\n<meta name=\"twitter:label1\" content=\"\u00c9crit par\" \/>\n\t<meta name=\"twitter:data1\" content=\"Comunicaci\u00f3n Vedrunam\u00e9rica\" \/>\n\t<meta name=\"twitter:label2\" content=\"Dur\u00e9e de lecture estim\u00e9e\" \/>\n\t<meta name=\"twitter:data2\" content=\"2 minutes\" \/>\n<script type=\"application\/ld+json\" class=\"yoast-schema-graph\">{\"@context\":\"https:\\\/\\\/schema.org\",\"@graph\":[{\"@type\":\"Article\",\"@id\":\"https:\\\/\\\/vedruna.org\\\/fr\\\/en-commemoration-des-172-ans-du-depart-de-sainte-joaquina-vers-la-maison-du-pere\\\/#article\",\"isPartOf\":{\"@id\":\"https:\\\/\\\/vedruna.org\\\/fr\\\/en-commemoration-des-172-ans-du-depart-de-sainte-joaquina-vers-la-maison-du-pere\\\/\"},\"author\":{\"name\":\"Comunicaci\u00f3n Vedrunam\u00e9rica\",\"@id\":\"https:\\\/\\\/vedruna.org\\\/fr\\\/#\\\/schema\\\/person\\\/cf468646189533fb6a3aae475663fdc7\"},\"headline\":\"En comm\u00e9moration des 172 ans du d\u00e9part de Sainte Joaquina vers la maison du P\u00e8re\",\"datePublished\":\"2026-09-01T10:06:02+00:00\",\"dateModified\":\"2026-09-01T10:07:35+00:00\",\"mainEntityOfPage\":{\"@id\":\"https:\\\/\\\/vedruna.org\\\/fr\\\/en-commemoration-des-172-ans-du-depart-de-sainte-joaquina-vers-la-maison-du-pere\\\/\"},\"wordCount\":335,\"publisher\":{\"@id\":\"https:\\\/\\\/vedruna.org\\\/fr\\\/#organization\"},\"image\":{\"@id\":\"https:\\\/\\\/vedruna.org\\\/fr\\\/en-commemoration-des-172-ans-du-depart-de-sainte-joaquina-vers-la-maison-du-pere\\\/#primaryimage\"},\"thumbnailUrl\":\"https:\\\/\\\/vedruna.org\\\/wp-content\\\/uploads\\\/2026\\\/08\\\/PRINCIPAL-1.jpeg\",\"articleSection\":[\"P\u00e9rou\",\"Vedruna Laity\",\"Vedrunamerica\"],\"inLanguage\":\"fr-FR\"},{\"@type\":\"WebPage\",\"@id\":\"https:\\\/\\\/vedruna.org\\\/fr\\\/en-commemoration-des-172-ans-du-depart-de-sainte-joaquina-vers-la-maison-du-pere\\\/\",\"url\":\"https:\\\/\\\/vedruna.org\\\/fr\\\/en-commemoration-des-172-ans-du-depart-de-sainte-joaquina-vers-la-maison-du-pere\\\/\",\"name\":\"En comm\u00e9moration des 172 ans du d\u00e9part de Sainte Joaquina vers la maison du P\u00e8re - Carmelitas de la Caridad Vedruna\",\"isPartOf\":{\"@id\":\"https:\\\/\\\/vedruna.org\\\/fr\\\/#website\"},\"primaryImageOfPage\":{\"@id\":\"https:\\\/\\\/vedruna.org\\\/fr\\\/en-commemoration-des-172-ans-du-depart-de-sainte-joaquina-vers-la-maison-du-pere\\\/#primaryimage\"},\"image\":{\"@id\":\"https:\\\/\\\/vedruna.org\\\/fr\\\/en-commemoration-des-172-ans-du-depart-de-sainte-joaquina-vers-la-maison-du-pere\\\/#primaryimage\"},\"thumbnailUrl\":\"https:\\\/\\\/vedruna.org\\\/wp-content\\\/uploads\\\/2026\\\/08\\\/PRINCIPAL-1.jpeg\",\"datePublished\":\"2026-09-01T10:06:02+00:00\",\"dateModified\":\"2026-09-01T10:07:35+00:00\",\"description\":\"Les trois communaut\u00e9s la\u00efques Vedruna du P\u00e9rou se r\u00e9unissent avec la communaut\u00e9 de Sullana pour c\u00e9l\u00e9brer le d\u00e9part de Joaquina vers la maison du P\u00e8re.\",\"breadcrumb\":{\"@id\":\"https:\\\/\\\/vedruna.org\\\/fr\\\/en-commemoration-des-172-ans-du-depart-de-sainte-joaquina-vers-la-maison-du-pere\\\/#breadcrumb\"},\"inLanguage\":\"fr-FR\",\"potentialAction\":[{\"@type\":\"ReadAction\",\"target\":[\"https:\\\/\\\/vedruna.org\\\/fr\\\/en-commemoration-des-172-ans-du-depart-de-sainte-joaquina-vers-la-maison-du-pere\\\/\"]}]},{\"@type\":\"ImageObject\",\"inLanguage\":\"fr-FR\",\"@id\":\"https:\\\/\\\/vedruna.org\\\/fr\\\/en-commemoration-des-172-ans-du-depart-de-sainte-joaquina-vers-la-maison-du-pere\\\/#primaryimage\",\"url\":\"https:\\\/\\\/vedruna.org\\\/wp-content\\\/uploads\\\/2026\\\/08\\\/PRINCIPAL-1.jpeg\",\"contentUrl\":\"https:\\\/\\\/vedruna.org\\\/wp-content\\\/uploads\\\/2026\\\/08\\\/PRINCIPAL-1.jpeg\",\"width\":1600,\"height\":1056},{\"@type\":\"BreadcrumbList\",\"@id\":\"https:\\\/\\\/vedruna.org\\\/fr\\\/en-commemoration-des-172-ans-du-depart-de-sainte-joaquina-vers-la-maison-du-pere\\\/#breadcrumb\",\"itemListElement\":[{\"@type\":\"ListItem\",\"position\":1,\"name\":\"Portada\",\"item\":\"https:\\\/\\\/vedruna.org\\\/fr\\\/\"},{\"@type\":\"ListItem\",\"position\":2,\"name\":\"En comm\u00e9moration des 172 ans du d\u00e9part de Sainte Joaquina vers la maison du P\u00e8re\"}]},{\"@type\":\"WebSite\",\"@id\":\"https:\\\/\\\/vedruna.org\\\/fr\\\/#website\",\"url\":\"https:\\\/\\\/vedruna.org\\\/fr\\\/\",\"name\":\"Carmelitas de la Caridad Vedruna\",\"description\":\"Carmelitas de la caridad\",\"publisher\":{\"@id\":\"https:\\\/\\\/vedruna.org\\\/fr\\\/#organization\"},\"potentialAction\":[{\"@type\":\"SearchAction\",\"target\":{\"@type\":\"EntryPoint\",\"urlTemplate\":\"https:\\\/\\\/vedruna.org\\\/fr\\\/?s={search_term_string}\"},\"query-input\":{\"@type\":\"PropertyValueSpecification\",\"valueRequired\":true,\"valueName\":\"search_term_string\"}}],\"inLanguage\":\"fr-FR\"},{\"@type\":\"Organization\",\"@id\":\"https:\\\/\\\/vedruna.org\\\/fr\\\/#organization\",\"name\":\"Carmelitas de la caridad Vedruna\",\"url\":\"https:\\\/\\\/vedruna.org\\\/fr\\\/\",\"logo\":{\"@type\":\"ImageObject\",\"inLanguage\":\"fr-FR\",\"@id\":\"https:\\\/\\\/vedruna.org\\\/fr\\\/#\\\/schema\\\/logo\\\/image\\\/\",\"url\":\"https:\\\/\\\/vedruna.org\\\/wp-content\\\/uploads\\\/2022\\\/04\\\/LOGO-VEDRUNA-HORIZONTAL.png\",\"contentUrl\":\"https:\\\/\\\/vedruna.org\\\/wp-content\\\/uploads\\\/2022\\\/04\\\/LOGO-VEDRUNA-HORIZONTAL.png\",\"width\":1200,\"height\":463,\"caption\":\"Carmelitas de la caridad Vedruna\"},\"image\":{\"@id\":\"https:\\\/\\\/vedruna.org\\\/fr\\\/#\\\/schema\\\/logo\\\/image\\\/\"}},{\"@type\":\"Person\",\"@id\":\"https:\\\/\\\/vedruna.org\\\/fr\\\/#\\\/schema\\\/person\\\/cf468646189533fb6a3aae475663fdc7\",\"name\":\"Comunicaci\u00f3n Vedrunam\u00e9rica\",\"image\":{\"@type\":\"ImageObject\",\"inLanguage\":\"fr-FR\",\"@id\":\"https:\\\/\\\/secure.gravatar.com\\\/avatar\\\/b4eff91ff87ece2131a5d31270e1df0a7eeaffece756ce6503fd7dce879d1bfc?s=96&d=mm&r=g\",\"url\":\"https:\\\/\\\/secure.gravatar.com\\\/avatar\\\/b4eff91ff87ece2131a5d31270e1df0a7eeaffece756ce6503fd7dce879d1bfc?s=96&d=mm&r=g\",\"contentUrl\":\"https:\\\/\\\/secure.gravatar.com\\\/avatar\\\/b4eff91ff87ece2131a5d31270e1df0a7eeaffece756ce6503fd7dce879d1bfc?s=96&d=mm&r=g\",\"caption\":\"Comunicaci\u00f3n Vedrunam\u00e9rica\"},\"url\":\"https:\\\/\\\/vedruna.org\\\/fr\\\/author\\\/comunicacion-vedrunamerica\\\/\"}]}<\/script>\n<!-- \/ Yoast SEO plugin. -->","yoast_head_json":{"title":"En comm\u00e9moration des 172 ans du d\u00e9part de Sainte Joaquina vers la maison du P\u00e8re - Carmelitas de la Caridad Vedruna","description":"Les trois communaut\u00e9s la\u00efques Vedruna du P\u00e9rou se r\u00e9unissent avec la communaut\u00e9 de Sullana pour c\u00e9l\u00e9brer le d\u00e9part de Joaquina vers la maison du P\u00e8re.","robots":{"index":"index","follow":"follow","max-snippet":"max-snippet:-1","max-image-preview":"max-image-preview:large","max-video-preview":"max-video-preview:-1"},"canonical":"https:\/\/vedruna.org\/fr\/en-commemoration-des-172-ans-du-depart-de-sainte-joaquina-vers-la-maison-du-pere\/","og_locale":"fr_FR","og_type":"article","og_title":"En comm\u00e9moration des 172 ans du d\u00e9part de Sainte Joaquina vers la maison du P\u00e8re - Carmelitas de la Caridad Vedruna","og_description":"Les trois communaut\u00e9s la\u00efques Vedruna du P\u00e9rou se r\u00e9unissent avec la communaut\u00e9 de Sullana pour c\u00e9l\u00e9brer le d\u00e9part de Joaquina vers la maison du P\u00e8re.","og_url":"https:\/\/vedruna.org\/fr\/en-commemoration-des-172-ans-du-depart-de-sainte-joaquina-vers-la-maison-du-pere\/","og_site_name":"Carmelitas de la Caridad Vedruna","article_published_time":"2026-09-01T10:06:02+00:00","article_modified_time":"2026-09-01T10:07:35+00:00","og_image":[{"width":1600,"height":1056,"url":"https:\/\/vedruna.org\/wp-content\/uploads\/2026\/08\/PRINCIPAL-1.jpeg","type":"image\/jpeg"}],"author":"Comunicaci\u00f3n Vedrunam\u00e9rica","twitter_card":"summary_large_image","twitter_misc":{"\u00c9crit par":"Comunicaci\u00f3n Vedrunam\u00e9rica","Dur\u00e9e de lecture estim\u00e9e":"2 minutes"},"schema":{"@context":"https:\/\/schema.org","@graph":[{"@type":"Article","@id":"https:\/\/vedruna.org\/fr\/en-commemoration-des-172-ans-du-depart-de-sainte-joaquina-vers-la-maison-du-pere\/#article","isPartOf":{"@id":"https:\/\/vedruna.org\/fr\/en-commemoration-des-172-ans-du-depart-de-sainte-joaquina-vers-la-maison-du-pere\/"},"author":{"name":"Comunicaci\u00f3n Vedrunam\u00e9rica","@id":"https:\/\/vedruna.org\/fr\/#\/schema\/person\/cf468646189533fb6a3aae475663fdc7"},"headline":"En comm\u00e9moration des 172 ans du d\u00e9part de Sainte Joaquina vers la maison du P\u00e8re","datePublished":"2026-09-01T10:06:02+00:00","dateModified":"2026-09-01T10:07:35+00:00","mainEntityOfPage":{"@id":"https:\/\/vedruna.org\/fr\/en-commemoration-des-172-ans-du-depart-de-sainte-joaquina-vers-la-maison-du-pere\/"},"wordCount":335,"publisher":{"@id":"https:\/\/vedruna.org\/fr\/#organization"},"image":{"@id":"https:\/\/vedruna.org\/fr\/en-commemoration-des-172-ans-du-depart-de-sainte-joaquina-vers-la-maison-du-pere\/#primaryimage"},"thumbnailUrl":"https:\/\/vedruna.org\/wp-content\/uploads\/2026\/08\/PRINCIPAL-1.jpeg","articleSection":["P\u00e9rou","Vedruna Laity","Vedrunamerica"],"inLanguage":"fr-FR"},{"@type":"WebPage","@id":"https:\/\/vedruna.org\/fr\/en-commemoration-des-172-ans-du-depart-de-sainte-joaquina-vers-la-maison-du-pere\/","url":"https:\/\/vedruna.org\/fr\/en-commemoration-des-172-ans-du-depart-de-sainte-joaquina-vers-la-maison-du-pere\/","name":"En comm\u00e9moration des 172 ans du d\u00e9part de Sainte Joaquina vers la maison du P\u00e8re - Carmelitas de la Caridad Vedruna","isPartOf":{"@id":"https:\/\/vedruna.org\/fr\/#website"},"primaryImageOfPage":{"@id":"https:\/\/vedruna.org\/fr\/en-commemoration-des-172-ans-du-depart-de-sainte-joaquina-vers-la-maison-du-pere\/#primaryimage"},"image":{"@id":"https:\/\/vedruna.org\/fr\/en-commemoration-des-172-ans-du-depart-de-sainte-joaquina-vers-la-maison-du-pere\/#primaryimage"},"thumbnailUrl":"https:\/\/vedruna.org\/wp-content\/uploads\/2026\/08\/PRINCIPAL-1.jpeg","datePublished":"2026-09-01T10:06:02+00:00","dateModified":"2026-09-01T10:07:35+00:00","description":"Les trois communaut\u00e9s la\u00efques Vedruna du P\u00e9rou se r\u00e9unissent avec la communaut\u00e9 de Sullana pour c\u00e9l\u00e9brer le d\u00e9part de Joaquina vers la maison du P\u00e8re.","breadcrumb":{"@id":"https:\/\/vedruna.org\/fr\/en-commemoration-des-172-ans-du-depart-de-sainte-joaquina-vers-la-maison-du-pere\/#breadcrumb"},"inLanguage":"fr-FR","potentialAction":[{"@type":"ReadAction","target":["https:\/\/vedruna.org\/fr\/en-commemoration-des-172-ans-du-depart-de-sainte-joaquina-vers-la-maison-du-pere\/"]}]},{"@type":"ImageObject","inLanguage":"fr-FR","@id":"https:\/\/vedruna.org\/fr\/en-commemoration-des-172-ans-du-depart-de-sainte-joaquina-vers-la-maison-du-pere\/#primaryimage","url":"https:\/\/vedruna.org\/wp-content\/uploads\/2026\/08\/PRINCIPAL-1.jpeg","contentUrl":"https:\/\/vedruna.org\/wp-content\/uploads\/2026\/08\/PRINCIPAL-1.jpeg","width":1600,"height":1056},{"@type":"BreadcrumbList","@id":"https:\/\/vedruna.org\/fr\/en-commemoration-des-172-ans-du-depart-de-sainte-joaquina-vers-la-maison-du-pere\/#breadcrumb","itemListElement":[{"@type":"ListItem","position":1,"name":"Portada","item":"https:\/\/vedruna.org\/fr\/"},{"@type":"ListItem","position":2,"name":"En comm\u00e9moration des 172 ans du d\u00e9part de Sainte Joaquina vers la maison du P\u00e8re"}]},{"@type":"WebSite","@id":"https:\/\/vedruna.org\/fr\/#website","url":"https:\/\/vedruna.org\/fr\/","name":"Carmelitas de la Caridad Vedruna","description":"Carmelitas de la caridad","publisher":{"@id":"https:\/\/vedruna.org\/fr\/#organization"},"potentialAction":[{"@type":"SearchAction","target":{"@type":"EntryPoint","urlTemplate":"https:\/\/vedruna.org\/fr\/?s={search_term_string}"},"query-input":{"@type":"PropertyValueSpecification","valueRequired":true,"valueName":"search_term_string"}}],"inLanguage":"fr-FR"},{"@type":"Organization","@id":"https:\/\/vedruna.org\/fr\/#organization","name":"Carmelitas de la caridad Vedruna","url":"https:\/\/vedruna.org\/fr\/","logo":{"@type":"ImageObject","inLanguage":"fr-FR","@id":"https:\/\/vedruna.org\/fr\/#\/schema\/logo\/image\/","url":"https:\/\/vedruna.org\/wp-content\/uploads\/2022\/04\/LOGO-VEDRUNA-HORIZONTAL.png","contentUrl":"https:\/\/vedruna.org\/wp-content\/uploads\/2022\/04\/LOGO-VEDRUNA-HORIZONTAL.png","width":1200,"height":463,"caption":"Carmelitas de la caridad Vedruna"},"image":{"@id":"https:\/\/vedruna.org\/fr\/#\/schema\/logo\/image\/"}},{"@type":"Person","@id":"https:\/\/vedruna.org\/fr\/#\/schema\/person\/cf468646189533fb6a3aae475663fdc7","name":"Comunicaci\u00f3n Vedrunam\u00e9rica","image":{"@type":"ImageObject","inLanguage":"fr-FR","@id":"https:\/\/secure.gravatar.com\/avatar\/b4eff91ff87ece2131a5d31270e1df0a7eeaffece756ce6503fd7dce879d1bfc?s=96&d=mm&r=g","url":"https:\/\/secure.gravatar.com\/avatar\/b4eff91ff87ece2131a5d31270e1df0a7eeaffece756ce6503fd7dce879d1bfc?s=96&d=mm&r=g","contentUrl":"https:\/\/secure.gravatar.com\/avatar\/b4eff91ff87ece2131a5d31270e1df0a7eeaffece756ce6503fd7dce879d1bfc?s=96&d=mm&r=g","caption":"Comunicaci\u00f3n Vedrunam\u00e9rica"},"url":"https:\/\/vedruna.org\/fr\/author\/comunicacion-vedrunamerica\/"}]}},"_links":{"self":[{"href":"https:\/\/vedruna.org\/fr\/wp-json\/wp\/v2\/posts\/40004","targetHints":{"allow":["GET"]}}],"collection":[{"href":"https:\/\/vedruna.org\/fr\/wp-json\/wp\/v2\/posts"}],"about":[{"href":"https:\/\/vedruna.org\/fr\/wp-json\/wp\/v2\/types\/post"}],"author":[{"embeddable":true,"href":"https:\/\/vedruna.org\/fr\/wp-json\/wp\/v2\/users\/4"}],"replies":[{"embeddable":true,"href":"https:\/\/vedruna.org\/fr\/wp-json\/wp\/v2\/comments?post=40004"}],"version-history":[{"count":1,"href":"https:\/\/vedruna.org\/fr\/wp-json\/wp\/v2\/posts\/40004\/revisions"}],"predecessor-version":[{"id":40006,"href":"https:\/\/vedruna.org\/fr\/wp-json\/wp\/v2\/posts\/40004\/revisions\/40006"}],"wp:featuredmedia":[{"embeddable":true,"href":"https:\/\/vedruna.org\/fr\/wp-json\/wp\/v2\/media\/40005"}],"wp:attachment":[{"href":"https:\/\/vedruna.org\/fr\/wp-json\/wp\/v2\/media?parent=40004"}],"wp:term":[{"taxonomy":"category","embeddable":true,"href":"https:\/\/vedruna.org\/fr\/wp-json\/wp\/v2\/categories?post=40004"},{"taxonomy":"post_tag","embeddable":true,"href":"https:\/\/vedruna.org\/fr\/wp-json\/wp\/v2\/tags?post=40004"}],"curies":[{"name":"wp","href":"https:\/\/api.w.org\/{rel}","templated":true}]}}