{"id":40021,"date":"2026-08-29T15:51:08","date_gmt":"2026-08-29T13:51:08","guid":{"rendered":"https:\/\/vedruna.org\/les-soeurs-de-mintong-vedruna-celebrent-le-bicentenaire\/"},"modified":"2026-09-01T16:03:28","modified_gmt":"2026-09-01T14:03:28","slug":"les-soeurs-de-mintong-vedruna-celebrent-le-bicentenaire","status":"publish","type":"post","link":"https:\/\/vedruna.org\/fr\/les-soeurs-de-mintong-vedruna-celebrent-le-bicentenaire\/","title":{"rendered":"Les s\u0153urs de Mintong Vedruna c\u00e9l\u00e8brent le bicentenaire"},"content":{"rendered":"\n<p class=\"wp-block-paragraph\">Les S\u0153urs de Vedruna de Mintong ont c\u00e9l\u00e9br\u00e9 le<strong> bicentenaire de notre Congr\u00e9gation le 28 ao\u00fbt, jour de la f\u00eate de sainte Joaquina de Vedruna<\/strong>. Ce fut un moment riche en gr\u00e2ce, marqu\u00e9 par une profonde gratitude envers la fid\u00e9lit\u00e9 de Dieu et l\u2019h\u00e9ritage inspirant dont nous avons h\u00e9rit\u00e9. <\/p>\n\n<p class=\"wp-block-paragraph\">La c\u00e9l\u00e9bration a d\u00e9but\u00e9 sous les meilleurs auspices, par la <strong>Sainte Eucharistie<\/strong>. S\u0153ur Joysline a souhait\u00e9 la bienvenue \u00e0 l\u2019assembl\u00e9e et a soulign\u00e9 l\u2019importance de cette \u00e9tape historique, en rappelant les humbles d\u00e9buts de Sainte Joaquina en 1826 et la mani\u00e8re dont sa r\u00e9ponse g\u00e9n\u00e9reuse \u00e0 l\u2019appel de Dieu s\u2019est \u00e9panouie en une mission qui continue de toucher et de transformer des vies jusque dans les p\u00e9riph\u00e9ries les plus recul\u00e9es du monde.  <\/p>\n\n<p class=\"wp-block-paragraph\">L&rsquo;Eucharistie a \u00e9t\u00e9 c\u00e9l\u00e9br\u00e9e par  <strong>Le p\u00e8re Surjit, SDB, cur\u00e9 de Mintong, <\/strong>  qui a \u00e9voqu\u00e9 la vie et le t\u00e9moignage de sainte Joaquina, en mettant l\u2019accent sur sa fid\u00e9lit\u00e9 et son courage \u00e0 r\u00e9pondre \u00e0 l\u2019appel de Dieu malgr\u00e9 les nombreux obstacles et \u00e9preuves qu\u2019elle a rencontr\u00e9s. Sa vie a rappel\u00e9 \u00e0 tous qu\u2019une foi in\u00e9branlable et une confiance totale en la providence de Dieu peuvent transformer les difficult\u00e9s en occasions de croissance et de service. <\/p>\n\n<p class=\"wp-block-paragraph\">Les festivit\u00e9s se sont poursuivies dans la soir\u00e9e avec un<strong> programme culturel haut en couleur pr\u00e9sent\u00e9 par les enfants du foyer<\/strong>. \u00c0 travers diverses repr\u00e9sentations culturelles, les enfants ont exprim\u00e9 leur joie, leur gratitude et leur reconnaissance pour la b\u00e9n\u00e9diction que repr\u00e9sente la pr\u00e9sence de Vedruna \u00e0 Mintong. La sayn\u00e8te sur la vie de sainte Joaquina, magnifiquement interpr\u00e9t\u00e9e par les enfants, a captiv\u00e9 l\u2019attention de tous en retra\u00e7ant sa vie et sa mission inspirantes.  <\/p>\n\n<p class=\"wp-block-paragraph\">Les journ\u00e9es pr\u00e9paratoires \u00e0 la f\u00eate ont permis aux \u00e9l\u00e8ves de d\u00e9couvrir l\u2019histoire, la spiritualit\u00e9 et la mission de la Congr\u00e9gation de Vedruna, de mieux conna\u00eetre sainte Joaquina et de puiser de l\u2019inspiration dans sa vie. La pr\u00e9sence des religieuses et des personnes venues des centres voisins a multipli\u00e9 notre joie.   <strong>Le bicentenaire a \u00e9t\u00e9 l&rsquo;occasion d&rsquo;une c\u00e9l\u00e9bration pleine de reconnaissance pour les bienfaits de Dieu et d&rsquo;une invitation renouvel\u00e9e \u00e0 poursuivre la mission de Vedruna.<\/strong><\/p>\n\n<p class=\"has-text-align-right wp-block-paragraph\"><strong>S\u0153ur Joysline Jonadass, ccv <\/strong><\/p>\n<div class=\"pgc-sgb-cb wp-block-pgcsimplygalleryblock-justified \" data-gallery-id=\"db981266\"><div class=\"sgb-preloader\" id=\"pr_db981266\">\n\t<div class=\"sgb-square\" style=\"background:#d4d4d4\"><\/div>\n\t<div class=\"sgb-square\" style=\"background:#d4d4d4\"><\/div>\n\t<div class=\"sgb-square\" style=\"background:#d4d4d4\"><\/div>\n\t<div class=\"sgb-square\" style=\"background:#d4d4d4\"><\/div><\/div><div class=\"simply-gallery-amp pgc_sgb_slider \"><noscript><div class=\"sgb-gallery\"><div class=\"sgb-item\"><a href=\"https:\/\/vedruna.org\/en\/mintong-bicentenary-1\/\" target=\"_blank\"><img decoding=\"async\" alt=\"\" width=\"300\" height=\"135\" loading=\"lazy\" src=\"https:\/\/vedruna.org\/wp-content\/uploads\/2026\/09\/Mintong-Bicentenary-1-300x135.png\" srcset=\"https:\/\/vedruna.org\/wp-content\/uploads\/2026\/09\/Mintong-Bicentenary-1-300x135.png 300w,https:\/\/vedruna.org\/wp-content\/uploads\/2026\/09\/Mintong-Bicentenary-1-1024x461.png 1024w,https:\/\/vedruna.org\/wp-content\/uploads\/2026\/09\/Mintong-Bicentenary-1.png 1870w\" sizes=\"250px\"\/><\/a><\/div><div class=\"sgb-item\"><a href=\"https:\/\/vedruna.org\/en\/mintong-bicentenary\/\" target=\"_blank\"><img decoding=\"async\" alt=\"\" width=\"300\" height=\"131\" loading=\"lazy\" src=\"https:\/\/vedruna.org\/wp-content\/uploads\/2026\/09\/Mintong-Bicentenary-300x131.jpeg\" srcset=\"https:\/\/vedruna.org\/wp-content\/uploads\/2026\/09\/Mintong-Bicentenary-300x131.jpeg 300w,https:\/\/vedruna.org\/wp-content\/uploads\/2026\/09\/Mintong-Bicentenary-1024x448.jpeg 1024w,https:\/\/vedruna.org\/wp-content\/uploads\/2026\/09\/Mintong-Bicentenary.jpeg 1407w\" sizes=\"250px\"\/><\/a><\/div><\/div><\/noscript><\/div><script type=\"application\/json\" class=\"sgb-data\">{\"lastRowFill\":true,\"externalLink\":false,\"captions\":false,\"collectionThumbSubMenuDownload\":false,\"collectionThumbSubMenuShare\":false,\"galleryType\":\"pgc_sgb_justified\",\"galleryId\":\"db981266\",\"images\":[{\"id\":40008,\"title\":\"Mintong-Bicentenary-1\",\"url\":\"https:\/\/vedruna.org\/wp-content\/uploads\/2026\/09\/Mintong-Bicentenary-1.png\",\"link\":\"https:\/\/vedruna.org\/en\/mintong-bicentenary-1\/\",\"alt\":\"\",\"description\":\"\",\"caption\":\"\",\"mime\":\"image\/png\",\"type\":\"image\",\"width\":1870,\"height\":841,\"sizes\":{\"thumbnail\":{\"height\":150,\"width\":150,\"url\":\"https:\/\/vedruna.org\/wp-content\/uploads\/2026\/09\/Mintong-Bicentenary-1-150x150.png\",\"orientation\":\"landscape\"},\"medium\":{\"height\":135,\"width\":300,\"url\":\"https:\/\/vedruna.org\/wp-content\/uploads\/2026\/09\/Mintong-Bicentenary-1-300x135.png\",\"orientation\":\"landscape\"},\"large\":{\"height\":461,\"width\":1024,\"url\":\"https:\/\/vedruna.org\/wp-content\/uploads\/2026\/09\/Mintong-Bicentenary-1-1024x461.png\",\"orientation\":\"landscape\"},\"full\":{\"url\":\"https:\/\/vedruna.org\/wp-content\/uploads\/2026\/09\/Mintong-Bicentenary-1.png\",\"height\":841,\"width\":1870,\"orientation\":\"landscape\"}},\"imageMeta\":{\"aperture\":\"0\",\"credit\":\"\",\"camera\":\"\",\"caption\":\"\",\"created_timestamp\":\"0\",\"copyright\":\"\",\"focal_length\":\"0\",\"iso\":\"0\",\"shutter_speed\":\"0\",\"title\":\"\",\"orientation\":\"0\",\"keywords\":[],\"alt\":\"\"},\"meta\":false,\"postlink\":\"https:\/\/vedruna.org\/en\/mintong-bicentenary-1\/\"},{\"id\":40009,\"title\":\"Mintong-Bicentenary\",\"url\":\"https:\/\/vedruna.org\/wp-content\/uploads\/2026\/09\/Mintong-Bicentenary.jpeg\",\"link\":\"https:\/\/vedruna.org\/en\/mintong-bicentenary\/\",\"alt\":\"\",\"description\":\"\",\"caption\":\"\",\"mime\":\"image\/jpeg\",\"type\":\"image\",\"width\":1407,\"height\":615,\"sizes\":{\"thumbnail\":{\"height\":150,\"width\":150,\"url\":\"https:\/\/vedruna.org\/wp-content\/uploads\/2026\/09\/Mintong-Bicentenary-150x150.jpeg\",\"orientation\":\"landscape\"},\"medium\":{\"height\":131,\"width\":300,\"url\":\"https:\/\/vedruna.org\/wp-content\/uploads\/2026\/09\/Mintong-Bicentenary-300x131.jpeg\",\"orientation\":\"landscape\"},\"large\":{\"height\":448,\"width\":1024,\"url\":\"https:\/\/vedruna.org\/wp-content\/uploads\/2026\/09\/Mintong-Bicentenary-1024x448.jpeg\",\"orientation\":\"landscape\"},\"full\":{\"url\":\"https:\/\/vedruna.org\/wp-content\/uploads\/2026\/09\/Mintong-Bicentenary.jpeg\",\"height\":615,\"width\":1407,\"orientation\":\"landscape\"}},\"imageMeta\":{\"aperture\":\"0\",\"credit\":\"\",\"camera\":\"\",\"caption\":\"\",\"created_timestamp\":\"1788090290\",\"copyright\":\"\",\"focal_length\":\"0\",\"iso\":\"0\",\"shutter_speed\":\"0\",\"title\":\"\",\"orientation\":\"1\",\"keywords\":[],\"alt\":\"\"},\"meta\":false,\"postlink\":\"https:\/\/vedruna.org\/en\/mintong-bicentenary\/\"}],\"useClobalSettings\":true,\"shareFacebook\":false,\"shareTwitter\":false,\"sharePinterest\":false,\"sliderItemDownload\":false,\"shareCopyLink\":false,\"sliderItemCounterEnable\":false,\"sliderItemTitleFontSize\":20,\"sliderSlideshow\":false,\"sliderSocialShareEnabled\":false,\"sliderZoomEnable\":false,\"translatedWithWPMLTM\":\"1\",\"itemsMetaDataCollection\":[]}<\/script><script>(function(){if(window.PGC_SGB && window.PGC_SGB.searcher){window.PGC_SGB.searcher.initBlocks()}})()<\/script><\/div>","protected":false},"excerpt":{"rendered":"<p>Les S\u0153urs de Vedruna de Mintong ont c\u00e9l\u00e9br\u00e9 le bicentenaire de notre Congr\u00e9gation le 28 ao\u00fbt, jour de la f\u00eate de sainte Joaquina de Vedruna. Ce fut un moment riche en gr\u00e2ce, marqu\u00e9 par une profonde gratitude envers la fid\u00e9lit\u00e9 de Dieu et l\u2019h\u00e9ritage inspirant dont nous avons h\u00e9rit\u00e9. La c\u00e9l\u00e9bration a d\u00e9but\u00e9 sous les [&hellip;]<\/p>\n","protected":false},"author":21,"featured_media":40015,"comment_status":"closed","ping_status":"closed","sticky":false,"template":"","format":"standard","meta":{"_et_pb_use_builder":"","_et_pb_old_content":"","_et_gb_content_width":"","pgc_sgb_lightbox_settings":"","footnotes":""},"categories":[557,571,284],"tags":[],"class_list":["post-40021","post","type-post","status-publish","format-standard","has-post-thumbnail","hentry","category-bicentenaire-inde","category-bicentenaire-inde-2","category-province-de-linde"],"yoast_head":"<!-- This site is optimized with the Yoast SEO plugin v28.4 - https:\/\/yoast.com\/product\/yoast-seo-wordpress\/ -->\n<title>Les s\u0153urs de Mintong Vedruna c\u00e9l\u00e8brent le bicentenaire - Carmelitas de la Caridad Vedruna<\/title>\n<meta name=\"description\" content=\"Les S\u0153urs de Vedruna de Mintong ont c\u00e9l\u00e9br\u00e9 le bicentenaire de notre Congr\u00e9gation le 28 ao\u00fbt, jour de la f\u00eate de sainte Joaquina de Vedruna.\" \/>\n<meta name=\"robots\" content=\"index, follow, max-snippet:-1, max-image-preview:large, max-video-preview:-1\" \/>\n<link rel=\"canonical\" href=\"https:\/\/vedruna.org\/fr\/les-soeurs-de-mintong-vedruna-celebrent-le-bicentenaire\/\" \/>\n<meta property=\"og:locale\" content=\"fr_FR\" \/>\n<meta property=\"og:type\" content=\"article\" \/>\n<meta property=\"og:title\" content=\"Les s\u0153urs de Mintong Vedruna c\u00e9l\u00e8brent le bicentenaire - Carmelitas de la Caridad Vedruna\" \/>\n<meta property=\"og:description\" content=\"Les S\u0153urs de Vedruna de Mintong ont c\u00e9l\u00e9br\u00e9 le bicentenaire de notre Congr\u00e9gation le 28 ao\u00fbt, jour de la f\u00eate de sainte Joaquina de Vedruna.\" \/>\n<meta property=\"og:url\" content=\"https:\/\/vedruna.org\/fr\/les-soeurs-de-mintong-vedruna-celebrent-le-bicentenaire\/\" \/>\n<meta property=\"og:site_name\" content=\"Carmelitas de la Caridad Vedruna\" \/>\n<meta property=\"article:published_time\" content=\"2026-08-29T13:51:08+00:00\" \/>\n<meta property=\"article:modified_time\" content=\"2026-09-01T14:03:28+00:00\" \/>\n<meta property=\"og:image\" content=\"https:\/\/vedruna.org\/wp-content\/uploads\/2026\/09\/Mintong-Bicentenary-1-1024x461.png\" \/>\n\t<meta property=\"og:image:width\" content=\"1024\" \/>\n\t<meta property=\"og:image:height\" content=\"461\" \/>\n\t<meta property=\"og:image:type\" content=\"image\/png\" \/>\n<meta name=\"author\" content=\"Maria Agustina G\u00f3mez\" \/>\n<meta name=\"twitter:card\" content=\"summary_large_image\" \/>\n<meta name=\"twitter:label1\" content=\"\u00c9crit par\" \/>\n\t<meta name=\"twitter:data1\" content=\"Maria Agustina G\u00f3mez\" \/>\n\t<meta name=\"twitter:label2\" content=\"Dur\u00e9e de lecture estim\u00e9e\" \/>\n\t<meta name=\"twitter:data2\" content=\"2 minutes\" \/>\n<script type=\"application\/ld+json\" class=\"yoast-schema-graph\">{\"@context\":\"https:\\\/\\\/schema.org\",\"@graph\":[{\"@type\":\"Article\",\"@id\":\"https:\\\/\\\/vedruna.org\\\/fr\\\/les-soeurs-de-mintong-vedruna-celebrent-le-bicentenaire\\\/#article\",\"isPartOf\":{\"@id\":\"https:\\\/\\\/vedruna.org\\\/fr\\\/les-soeurs-de-mintong-vedruna-celebrent-le-bicentenaire\\\/\"},\"author\":{\"name\":\"Maria Agustina G\u00f3mez\",\"@id\":\"https:\\\/\\\/vedruna.org\\\/fr\\\/#\\\/schema\\\/person\\\/95fe789adf27c2831fc5a049c727edf5\"},\"headline\":\"Les s\u0153urs de Mintong Vedruna c\u00e9l\u00e8brent le bicentenaire\",\"datePublished\":\"2026-08-29T13:51:08+00:00\",\"dateModified\":\"2026-09-01T14:03:28+00:00\",\"mainEntityOfPage\":{\"@id\":\"https:\\\/\\\/vedruna.org\\\/fr\\\/les-soeurs-de-mintong-vedruna-celebrent-le-bicentenaire\\\/\"},\"wordCount\":424,\"publisher\":{\"@id\":\"https:\\\/\\\/vedruna.org\\\/fr\\\/#organization\"},\"image\":{\"@id\":\"https:\\\/\\\/vedruna.org\\\/fr\\\/les-soeurs-de-mintong-vedruna-celebrent-le-bicentenaire\\\/#primaryimage\"},\"thumbnailUrl\":\"https:\\\/\\\/vedruna.org\\\/wp-content\\\/uploads\\\/2026\\\/09\\\/Mintong-Bicentenary-1.png\",\"articleSection\":[\"Bicentenaire Inde\",\"Bicentenaire Inde\",\"Province de l'Inde\"],\"inLanguage\":\"fr-FR\"},{\"@type\":\"WebPage\",\"@id\":\"https:\\\/\\\/vedruna.org\\\/fr\\\/les-soeurs-de-mintong-vedruna-celebrent-le-bicentenaire\\\/\",\"url\":\"https:\\\/\\\/vedruna.org\\\/fr\\\/les-soeurs-de-mintong-vedruna-celebrent-le-bicentenaire\\\/\",\"name\":\"Les s\u0153urs de Mintong Vedruna c\u00e9l\u00e8brent le bicentenaire - Carmelitas de la Caridad Vedruna\",\"isPartOf\":{\"@id\":\"https:\\\/\\\/vedruna.org\\\/fr\\\/#website\"},\"primaryImageOfPage\":{\"@id\":\"https:\\\/\\\/vedruna.org\\\/fr\\\/les-soeurs-de-mintong-vedruna-celebrent-le-bicentenaire\\\/#primaryimage\"},\"image\":{\"@id\":\"https:\\\/\\\/vedruna.org\\\/fr\\\/les-soeurs-de-mintong-vedruna-celebrent-le-bicentenaire\\\/#primaryimage\"},\"thumbnailUrl\":\"https:\\\/\\\/vedruna.org\\\/wp-content\\\/uploads\\\/2026\\\/09\\\/Mintong-Bicentenary-1.png\",\"datePublished\":\"2026-08-29T13:51:08+00:00\",\"dateModified\":\"2026-09-01T14:03:28+00:00\",\"description\":\"Les S\u0153urs de Vedruna de Mintong ont c\u00e9l\u00e9br\u00e9 le bicentenaire de notre Congr\u00e9gation le 28 ao\u00fbt, jour de la f\u00eate de sainte Joaquina de Vedruna.\",\"breadcrumb\":{\"@id\":\"https:\\\/\\\/vedruna.org\\\/fr\\\/les-soeurs-de-mintong-vedruna-celebrent-le-bicentenaire\\\/#breadcrumb\"},\"inLanguage\":\"fr-FR\",\"potentialAction\":[{\"@type\":\"ReadAction\",\"target\":[\"https:\\\/\\\/vedruna.org\\\/fr\\\/les-soeurs-de-mintong-vedruna-celebrent-le-bicentenaire\\\/\"]}]},{\"@type\":\"ImageObject\",\"inLanguage\":\"fr-FR\",\"@id\":\"https:\\\/\\\/vedruna.org\\\/fr\\\/les-soeurs-de-mintong-vedruna-celebrent-le-bicentenaire\\\/#primaryimage\",\"url\":\"https:\\\/\\\/vedruna.org\\\/wp-content\\\/uploads\\\/2026\\\/09\\\/Mintong-Bicentenary-1.png\",\"contentUrl\":\"https:\\\/\\\/vedruna.org\\\/wp-content\\\/uploads\\\/2026\\\/09\\\/Mintong-Bicentenary-1.png\",\"width\":1870,\"height\":841},{\"@type\":\"BreadcrumbList\",\"@id\":\"https:\\\/\\\/vedruna.org\\\/fr\\\/les-soeurs-de-mintong-vedruna-celebrent-le-bicentenaire\\\/#breadcrumb\",\"itemListElement\":[{\"@type\":\"ListItem\",\"position\":1,\"name\":\"Portada\",\"item\":\"https:\\\/\\\/vedruna.org\\\/fr\\\/\"},{\"@type\":\"ListItem\",\"position\":2,\"name\":\"Les s\u0153urs de Mintong Vedruna c\u00e9l\u00e8brent le bicentenaire\"}]},{\"@type\":\"WebSite\",\"@id\":\"https:\\\/\\\/vedruna.org\\\/fr\\\/#website\",\"url\":\"https:\\\/\\\/vedruna.org\\\/fr\\\/\",\"name\":\"Carmelitas de la Caridad Vedruna\",\"description\":\"Carmelitas de la caridad\",\"publisher\":{\"@id\":\"https:\\\/\\\/vedruna.org\\\/fr\\\/#organization\"},\"potentialAction\":[{\"@type\":\"SearchAction\",\"target\":{\"@type\":\"EntryPoint\",\"urlTemplate\":\"https:\\\/\\\/vedruna.org\\\/fr\\\/?s={search_term_string}\"},\"query-input\":{\"@type\":\"PropertyValueSpecification\",\"valueRequired\":true,\"valueName\":\"search_term_string\"}}],\"inLanguage\":\"fr-FR\"},{\"@type\":\"Organization\",\"@id\":\"https:\\\/\\\/vedruna.org\\\/fr\\\/#organization\",\"name\":\"Carmelitas de la caridad Vedruna\",\"url\":\"https:\\\/\\\/vedruna.org\\\/fr\\\/\",\"logo\":{\"@type\":\"ImageObject\",\"inLanguage\":\"fr-FR\",\"@id\":\"https:\\\/\\\/vedruna.org\\\/fr\\\/#\\\/schema\\\/logo\\\/image\\\/\",\"url\":\"https:\\\/\\\/vedruna.org\\\/wp-content\\\/uploads\\\/2022\\\/04\\\/LOGO-VEDRUNA-HORIZONTAL.png\",\"contentUrl\":\"https:\\\/\\\/vedruna.org\\\/wp-content\\\/uploads\\\/2022\\\/04\\\/LOGO-VEDRUNA-HORIZONTAL.png\",\"width\":1200,\"height\":463,\"caption\":\"Carmelitas de la caridad Vedruna\"},\"image\":{\"@id\":\"https:\\\/\\\/vedruna.org\\\/fr\\\/#\\\/schema\\\/logo\\\/image\\\/\"}},{\"@type\":\"Person\",\"@id\":\"https:\\\/\\\/vedruna.org\\\/fr\\\/#\\\/schema\\\/person\\\/95fe789adf27c2831fc5a049c727edf5\",\"name\":\"Maria Agustina G\u00f3mez\",\"image\":{\"@type\":\"ImageObject\",\"inLanguage\":\"fr-FR\",\"@id\":\"https:\\\/\\\/secure.gravatar.com\\\/avatar\\\/8af3ece86571c098b978434bbc43b948c403c1ae191f09a04e94f916638ceb2c?s=96&d=mm&r=g\",\"url\":\"https:\\\/\\\/secure.gravatar.com\\\/avatar\\\/8af3ece86571c098b978434bbc43b948c403c1ae191f09a04e94f916638ceb2c?s=96&d=mm&r=g\",\"contentUrl\":\"https:\\\/\\\/secure.gravatar.com\\\/avatar\\\/8af3ece86571c098b978434bbc43b948c403c1ae191f09a04e94f916638ceb2c?s=96&d=mm&r=g\",\"caption\":\"Maria Agustina G\u00f3mez\"},\"url\":\"https:\\\/\\\/vedruna.org\\\/fr\\\/author\\\/agustina-gomez\\\/\"}]}<\/script>\n<!-- \/ Yoast SEO plugin. -->","yoast_head_json":{"title":"Les s\u0153urs de Mintong Vedruna c\u00e9l\u00e8brent le bicentenaire - Carmelitas de la Caridad Vedruna","description":"Les S\u0153urs de Vedruna de Mintong ont c\u00e9l\u00e9br\u00e9 le bicentenaire de notre Congr\u00e9gation le 28 ao\u00fbt, jour de la f\u00eate de sainte Joaquina de Vedruna.","robots":{"index":"index","follow":"follow","max-snippet":"max-snippet:-1","max-image-preview":"max-image-preview:large","max-video-preview":"max-video-preview:-1"},"canonical":"https:\/\/vedruna.org\/fr\/les-soeurs-de-mintong-vedruna-celebrent-le-bicentenaire\/","og_locale":"fr_FR","og_type":"article","og_title":"Les s\u0153urs de Mintong Vedruna c\u00e9l\u00e8brent le bicentenaire - Carmelitas de la Caridad Vedruna","og_description":"Les S\u0153urs de Vedruna de Mintong ont c\u00e9l\u00e9br\u00e9 le bicentenaire de notre Congr\u00e9gation le 28 ao\u00fbt, jour de la f\u00eate de sainte Joaquina de Vedruna.","og_url":"https:\/\/vedruna.org\/fr\/les-soeurs-de-mintong-vedruna-celebrent-le-bicentenaire\/","og_site_name":"Carmelitas de la Caridad Vedruna","article_published_time":"2026-08-29T13:51:08+00:00","article_modified_time":"2026-09-01T14:03:28+00:00","og_image":[{"width":1024,"height":461,"url":"https:\/\/vedruna.org\/wp-content\/uploads\/2026\/09\/Mintong-Bicentenary-1-1024x461.png","type":"image\/png"}],"author":"Maria Agustina G\u00f3mez","twitter_card":"summary_large_image","twitter_misc":{"\u00c9crit par":"Maria Agustina G\u00f3mez","Dur\u00e9e de lecture estim\u00e9e":"2 minutes"},"schema":{"@context":"https:\/\/schema.org","@graph":[{"@type":"Article","@id":"https:\/\/vedruna.org\/fr\/les-soeurs-de-mintong-vedruna-celebrent-le-bicentenaire\/#article","isPartOf":{"@id":"https:\/\/vedruna.org\/fr\/les-soeurs-de-mintong-vedruna-celebrent-le-bicentenaire\/"},"author":{"name":"Maria Agustina G\u00f3mez","@id":"https:\/\/vedruna.org\/fr\/#\/schema\/person\/95fe789adf27c2831fc5a049c727edf5"},"headline":"Les s\u0153urs de Mintong Vedruna c\u00e9l\u00e8brent le bicentenaire","datePublished":"2026-08-29T13:51:08+00:00","dateModified":"2026-09-01T14:03:28+00:00","mainEntityOfPage":{"@id":"https:\/\/vedruna.org\/fr\/les-soeurs-de-mintong-vedruna-celebrent-le-bicentenaire\/"},"wordCount":424,"publisher":{"@id":"https:\/\/vedruna.org\/fr\/#organization"},"image":{"@id":"https:\/\/vedruna.org\/fr\/les-soeurs-de-mintong-vedruna-celebrent-le-bicentenaire\/#primaryimage"},"thumbnailUrl":"https:\/\/vedruna.org\/wp-content\/uploads\/2026\/09\/Mintong-Bicentenary-1.png","articleSection":["Bicentenaire Inde","Bicentenaire Inde","Province de l'Inde"],"inLanguage":"fr-FR"},{"@type":"WebPage","@id":"https:\/\/vedruna.org\/fr\/les-soeurs-de-mintong-vedruna-celebrent-le-bicentenaire\/","url":"https:\/\/vedruna.org\/fr\/les-soeurs-de-mintong-vedruna-celebrent-le-bicentenaire\/","name":"Les s\u0153urs de Mintong Vedruna c\u00e9l\u00e8brent le bicentenaire - Carmelitas de la Caridad Vedruna","isPartOf":{"@id":"https:\/\/vedruna.org\/fr\/#website"},"primaryImageOfPage":{"@id":"https:\/\/vedruna.org\/fr\/les-soeurs-de-mintong-vedruna-celebrent-le-bicentenaire\/#primaryimage"},"image":{"@id":"https:\/\/vedruna.org\/fr\/les-soeurs-de-mintong-vedruna-celebrent-le-bicentenaire\/#primaryimage"},"thumbnailUrl":"https:\/\/vedruna.org\/wp-content\/uploads\/2026\/09\/Mintong-Bicentenary-1.png","datePublished":"2026-08-29T13:51:08+00:00","dateModified":"2026-09-01T14:03:28+00:00","description":"Les S\u0153urs de Vedruna de Mintong ont c\u00e9l\u00e9br\u00e9 le bicentenaire de notre Congr\u00e9gation le 28 ao\u00fbt, jour de la f\u00eate de sainte Joaquina de Vedruna.","breadcrumb":{"@id":"https:\/\/vedruna.org\/fr\/les-soeurs-de-mintong-vedruna-celebrent-le-bicentenaire\/#breadcrumb"},"inLanguage":"fr-FR","potentialAction":[{"@type":"ReadAction","target":["https:\/\/vedruna.org\/fr\/les-soeurs-de-mintong-vedruna-celebrent-le-bicentenaire\/"]}]},{"@type":"ImageObject","inLanguage":"fr-FR","@id":"https:\/\/vedruna.org\/fr\/les-soeurs-de-mintong-vedruna-celebrent-le-bicentenaire\/#primaryimage","url":"https:\/\/vedruna.org\/wp-content\/uploads\/2026\/09\/Mintong-Bicentenary-1.png","contentUrl":"https:\/\/vedruna.org\/wp-content\/uploads\/2026\/09\/Mintong-Bicentenary-1.png","width":1870,"height":841},{"@type":"BreadcrumbList","@id":"https:\/\/vedruna.org\/fr\/les-soeurs-de-mintong-vedruna-celebrent-le-bicentenaire\/#breadcrumb","itemListElement":[{"@type":"ListItem","position":1,"name":"Portada","item":"https:\/\/vedruna.org\/fr\/"},{"@type":"ListItem","position":2,"name":"Les s\u0153urs de Mintong Vedruna c\u00e9l\u00e8brent le bicentenaire"}]},{"@type":"WebSite","@id":"https:\/\/vedruna.org\/fr\/#website","url":"https:\/\/vedruna.org\/fr\/","name":"Carmelitas de la Caridad Vedruna","description":"Carmelitas de la caridad","publisher":{"@id":"https:\/\/vedruna.org\/fr\/#organization"},"potentialAction":[{"@type":"SearchAction","target":{"@type":"EntryPoint","urlTemplate":"https:\/\/vedruna.org\/fr\/?s={search_term_string}"},"query-input":{"@type":"PropertyValueSpecification","valueRequired":true,"valueName":"search_term_string"}}],"inLanguage":"fr-FR"},{"@type":"Organization","@id":"https:\/\/vedruna.org\/fr\/#organization","name":"Carmelitas de la caridad Vedruna","url":"https:\/\/vedruna.org\/fr\/","logo":{"@type":"ImageObject","inLanguage":"fr-FR","@id":"https:\/\/vedruna.org\/fr\/#\/schema\/logo\/image\/","url":"https:\/\/vedruna.org\/wp-content\/uploads\/2022\/04\/LOGO-VEDRUNA-HORIZONTAL.png","contentUrl":"https:\/\/vedruna.org\/wp-content\/uploads\/2022\/04\/LOGO-VEDRUNA-HORIZONTAL.png","width":1200,"height":463,"caption":"Carmelitas de la caridad Vedruna"},"image":{"@id":"https:\/\/vedruna.org\/fr\/#\/schema\/logo\/image\/"}},{"@type":"Person","@id":"https:\/\/vedruna.org\/fr\/#\/schema\/person\/95fe789adf27c2831fc5a049c727edf5","name":"Maria Agustina G\u00f3mez","image":{"@type":"ImageObject","inLanguage":"fr-FR","@id":"https:\/\/secure.gravatar.com\/avatar\/8af3ece86571c098b978434bbc43b948c403c1ae191f09a04e94f916638ceb2c?s=96&d=mm&r=g","url":"https:\/\/secure.gravatar.com\/avatar\/8af3ece86571c098b978434bbc43b948c403c1ae191f09a04e94f916638ceb2c?s=96&d=mm&r=g","contentUrl":"https:\/\/secure.gravatar.com\/avatar\/8af3ece86571c098b978434bbc43b948c403c1ae191f09a04e94f916638ceb2c?s=96&d=mm&r=g","caption":"Maria Agustina G\u00f3mez"},"url":"https:\/\/vedruna.org\/fr\/author\/agustina-gomez\/"}]}},"_links":{"self":[{"href":"https:\/\/vedruna.org\/fr\/wp-json\/wp\/v2\/posts\/40021","targetHints":{"allow":["GET"]}}],"collection":[{"href":"https:\/\/vedruna.org\/fr\/wp-json\/wp\/v2\/posts"}],"about":[{"href":"https:\/\/vedruna.org\/fr\/wp-json\/wp\/v2\/types\/post"}],"author":[{"embeddable":true,"href":"https:\/\/vedruna.org\/fr\/wp-json\/wp\/v2\/users\/21"}],"replies":[{"embeddable":true,"href":"https:\/\/vedruna.org\/fr\/wp-json\/wp\/v2\/comments?post=40021"}],"version-history":[{"count":1,"href":"https:\/\/vedruna.org\/fr\/wp-json\/wp\/v2\/posts\/40021\/revisions"}],"predecessor-version":[{"id":40022,"href":"https:\/\/vedruna.org\/fr\/wp-json\/wp\/v2\/posts\/40021\/revisions\/40022"}],"wp:featuredmedia":[{"embeddable":true,"href":"https:\/\/vedruna.org\/fr\/wp-json\/wp\/v2\/media\/40015"}],"wp:attachment":[{"href":"https:\/\/vedruna.org\/fr\/wp-json\/wp\/v2\/media?parent=40021"}],"wp:term":[{"taxonomy":"category","embeddable":true,"href":"https:\/\/vedruna.org\/fr\/wp-json\/wp\/v2\/categories?post=40021"},{"taxonomy":"post_tag","embeddable":true,"href":"https:\/\/vedruna.org\/fr\/wp-json\/wp\/v2\/tags?post=40021"}],"curies":[{"name":"wp","href":"https:\/\/api.w.org\/{rel}","templated":true}]}}