{"id":40034,"date":"2026-08-24T16:05:59","date_gmt":"2026-08-24T14:05:59","guid":{"rendered":"https:\/\/vedruna.org\/cours-intercongregationl-sur-linterculturalite-au-noviciat-de-shradhaseri-mumbai\/"},"modified":"2026-09-01T16:15:05","modified_gmt":"2026-09-01T14:15:05","slug":"cours-intercongregationl-sur-linterculturalite-au-noviciat-de-shradhaseri-mumbai","status":"publish","type":"post","link":"https:\/\/vedruna.org\/fr\/cours-intercongregationl-sur-linterculturalite-au-noviciat-de-shradhaseri-mumbai\/","title":{"rendered":"Cours intercongr\u00e9gationl sur l&rsquo;interculturalit\u00e9 au noviciat de Shradhaseri : Mumbai"},"content":{"rendered":"\n<p class=\"wp-block-paragraph\">Un <strong>s\u00e9minaire intercongr\u00e9gationnel sur l&rsquo;interculturalit\u00e9<\/strong> a \u00e9t\u00e9 organis\u00e9 dans notre noviciat, \u00e0 Shradhaseri, du 20 au 22 ao\u00fbt. Au total, 26 novices issus de quatre congr\u00e9gations ont particip\u00e9 \u00e0 ce s\u00e9minaire. L&rsquo;intervenant \u00e9tait le P\u00e8re Michael, SVD, un sp\u00e9cialiste chevronn\u00e9 et exp\u00e9riment\u00e9.   <\/p>\n\n<p class=\"wp-block-paragraph\">Le P\u00e8re Michael nous a rappel\u00e9 que \u00ab<strong>chaque culture est un monde en soi<\/strong> \u00bb. Chaque culture poss\u00e8de ses propres richesses, ses valeurs, ses traditions, ses atouts et ses fa\u00e7ons d\u2019exprimer la vie. En m\u00eame temps, aucune culture n\u2019est parfaite ; chaque culture comporte des domaines qui n\u00e9cessitent une \u00e9volution et une transformation. Une telle transformation, a-t-il soulign\u00e9, commence par soi-m\u00eame. Au lieu d\u2019attendre des autres qu\u2019ils changent, nous sommes invit\u00e9s \u00e0 faire un travail d\u2019introspection, \u00e0 reconna\u00eetre nos limites et \u00e0 rester ouverts \u00e0 l\u2019apprentissage et \u00e0 la transformation.     <\/p>\n\n<p class=\"wp-block-paragraph\">Il a attir\u00e9 notre attention sur les communaut\u00e9s religieuses, au sein desquelles cohabitent des membres issus de cultures, de langues, de milieux et d\u2019exp\u00e9riences de vie diff\u00e9rents. Une v\u00e9ritable interculturalit\u00e9 exige une prise de conscience de soi, la reconnaissance des valeurs communes qui nous unissent, ainsi que la volont\u00e9 de partager et d\u2019apporter la richesse dont nous avons h\u00e9rit\u00e9 de nos cultures respectives. Vivre dans un esprit interculturel ne signifie pas renoncer \u00e0 notre identit\u00e9 ; cela signifie au contraire s\u2019enrichir mutuellement gr\u00e2ce \u00e0 l\u2019acceptation, la compr\u00e9hension, le respect et l\u2019ouverture d\u2019esprit r\u00e9ciproques.  <\/p>\n\n<p class=\"wp-block-paragraph\">Le P\u00e8re Michael a \u00e9galement mis en avant la triple finalit\u00e9 de la vie religieuse : construire un foyer, devenir une communaut\u00e9 t\u00e9moin et \u00eatre des religieuses tourn\u00e9es vers la mission. <strong>Nos communaut\u00e9s sont appel\u00e9es \u00e0 \u00eatre des lieux o\u00f9 chaque s\u0153ur se sente accueillie, accept\u00e9e, soutenue et valoris\u00e9e<\/strong>. Parall\u00e8lement, notre vie commune doit t\u00e9moigner de l\u2019\u00c9vangile et nous pr\u00e9parer \u00e0 servir les autres avec amour.  <\/p>\n\n<p class=\"wp-block-paragraph\">Ces sessions nous ont permis de comprendre que l&rsquo;acceptation et l&rsquo;adaptation mutuelles de nos cultures respectives peuvent donner naissance \u00e0 une nouvelle communaut\u00e9 religieuse interculturelle, anim\u00e9e par la foi et pleine de vitalit\u00e9. Ces trois jours ont \u00e9t\u00e9 enrichissants et ont suscit\u00e9 de nombreuses r\u00e9flexions, approfondissant ainsi notre appr\u00e9ciation de la diversit\u00e9 culturelle et de son importance dans la vie religieuse. <\/p>\n\n<p class=\"wp-block-paragraph\">En tant que novices, nous sommes encourag\u00e9s \u00e0 d\u00e9velopper notre conscience de soi, \u00e0 faire preuve d\u2019ouverture d\u2019esprit, \u00e0 faire preuve de souplesse et \u00e0 \u00eatre dispos\u00e9s \u00e0 apprendre les uns des autres. Avant tout, on nous a rappel\u00e9 que l\u2019interculturalit\u00e9 commence par chacun d\u2019entre nous et se d\u00e9veloppe gr\u00e2ce au respect, \u00e0 la compr\u00e9hension, \u00e0 l\u2019acceptation, \u00e0 la collaboration et \u00e0 l\u2019amour. <\/p>\n\n<p class=\"has-text-align-right wp-block-paragraph\"><strong>Les novices Lainya et Flevina<\/strong><\/p>\n<div class=\"pgc-sgb-cb wp-block-pgcsimplygalleryblock-justified \" data-gallery-id=\"12043997\"><div class=\"sgb-preloader\" id=\"pr_12043997\">\n\t<div class=\"sgb-square\" style=\"background:#d4d4d4\"><\/div>\n\t<div class=\"sgb-square\" style=\"background:#d4d4d4\"><\/div>\n\t<div class=\"sgb-square\" style=\"background:#d4d4d4\"><\/div>\n\t<div class=\"sgb-square\" style=\"background:#d4d4d4\"><\/div><\/div><div class=\"simply-gallery-amp pgc_sgb_slider \"><noscript><div class=\"sgb-gallery\"><div class=\"sgb-item\"><a href=\"https:\/\/vedruna.org\/en\/oplus_0\/\" target=\"_blank\"><img decoding=\"async\" alt=\"\" width=\"300\" height=\"217\" loading=\"lazy\" src=\"https:\/\/vedruna.org\/wp-content\/uploads\/2026\/09\/CCV-Novices-300x217.jpg\" srcset=\"https:\/\/vedruna.org\/wp-content\/uploads\/2026\/09\/CCV-Novices-300x217.jpg 300w,https:\/\/vedruna.org\/wp-content\/uploads\/2026\/09\/CCV-Novices-1024x739.jpg 1024w,https:\/\/vedruna.org\/wp-content\/uploads\/2026\/09\/CCV-Novices.jpg 2466w\" sizes=\"250px\"\/><\/a><div class=\"sgb-item-caption\"><em>oplus_0<\/em><\/div><\/div><div class=\"sgb-item\"><a href=\"https:\/\/vedruna.org\/en\/intercongregation-class\/\" target=\"_blank\"><img decoding=\"async\" alt=\"\" width=\"300\" height=\"170\" loading=\"lazy\" src=\"https:\/\/vedruna.org\/wp-content\/uploads\/2026\/09\/Intercongregation-Class-300x170.jpeg\" srcset=\"https:\/\/vedruna.org\/wp-content\/uploads\/2026\/09\/Intercongregation-Class-300x170.jpeg 300w,https:\/\/vedruna.org\/wp-content\/uploads\/2026\/09\/Intercongregation-Class-1024x581.jpeg 1024w,https:\/\/vedruna.org\/wp-content\/uploads\/2026\/09\/Intercongregation-Class.jpeg 1593w\" sizes=\"250px\"\/><\/a><\/div><\/div><\/noscript><\/div><script type=\"application\/json\" class=\"sgb-data\">{\"lastRowFill\":true,\"externalLink\":false,\"captions\":false,\"collectionThumbSubMenuDownload\":false,\"collectionThumbSubMenuShare\":false,\"galleryType\":\"pgc_sgb_justified\",\"galleryId\":\"12043997\",\"images\":[{\"id\":40023,\"title\":\"oplus_0\",\"url\":\"https:\/\/vedruna.org\/wp-content\/uploads\/2026\/09\/CCV-Novices.jpg\",\"link\":\"https:\/\/vedruna.org\/en\/oplus_0\/\",\"alt\":\"\",\"description\":\"\",\"caption\":\"oplus_0\",\"mime\":\"image\/jpeg\",\"type\":\"image\",\"width\":2466,\"height\":1780,\"sizes\":{\"thumbnail\":{\"height\":150,\"width\":150,\"url\":\"https:\/\/vedruna.org\/wp-content\/uploads\/2026\/09\/CCV-Novices-150x150.jpg\",\"orientation\":\"landscape\"},\"medium\":{\"height\":217,\"width\":300,\"url\":\"https:\/\/vedruna.org\/wp-content\/uploads\/2026\/09\/CCV-Novices-300x217.jpg\",\"orientation\":\"landscape\"},\"large\":{\"height\":739,\"width\":1024,\"url\":\"https:\/\/vedruna.org\/wp-content\/uploads\/2026\/09\/CCV-Novices-1024x739.jpg\",\"orientation\":\"landscape\"},\"full\":{\"url\":\"https:\/\/vedruna.org\/wp-content\/uploads\/2026\/09\/CCV-Novices.jpg\",\"height\":1780,\"width\":2466,\"orientation\":\"landscape\"}},\"imageMeta\":{\"aperture\":\"1.8\",\"credit\":\"\",\"camera\":\"OPPO A58\",\"caption\":\"oplus_0\",\"created_timestamp\":\"1787861116\",\"copyright\":\"\",\"focal_length\":\"3.98\",\"iso\":\"1252\",\"shutter_speed\":\"0.040001\",\"title\":\"oplus_0\",\"orientation\":\"1\",\"keywords\":[],\"alt\":\"\"},\"meta\":false,\"postlink\":\"https:\/\/vedruna.org\/en\/oplus_0\/\"},{\"id\":40024,\"title\":\"Intercongregation-Class\",\"url\":\"https:\/\/vedruna.org\/wp-content\/uploads\/2026\/09\/Intercongregation-Class.jpeg\",\"link\":\"https:\/\/vedruna.org\/en\/intercongregation-class\/\",\"alt\":\"\",\"description\":\"\",\"caption\":\"\",\"mime\":\"image\/jpeg\",\"type\":\"image\",\"width\":1593,\"height\":904,\"sizes\":{\"thumbnail\":{\"height\":150,\"width\":150,\"url\":\"https:\/\/vedruna.org\/wp-content\/uploads\/2026\/09\/Intercongregation-Class-150x150.jpeg\",\"orientation\":\"landscape\"},\"medium\":{\"height\":170,\"width\":300,\"url\":\"https:\/\/vedruna.org\/wp-content\/uploads\/2026\/09\/Intercongregation-Class-300x170.jpeg\",\"orientation\":\"landscape\"},\"large\":{\"height\":581,\"width\":1024,\"url\":\"https:\/\/vedruna.org\/wp-content\/uploads\/2026\/09\/Intercongregation-Class-1024x581.jpeg\",\"orientation\":\"landscape\"},\"full\":{\"url\":\"https:\/\/vedruna.org\/wp-content\/uploads\/2026\/09\/Intercongregation-Class.jpeg\",\"height\":904,\"width\":1593,\"orientation\":\"landscape\"}},\"imageMeta\":{\"aperture\":\"0\",\"credit\":\"\",\"camera\":\"\",\"caption\":\"\",\"created_timestamp\":\"1787839761\",\"copyright\":\"\",\"focal_length\":\"0\",\"iso\":\"0\",\"shutter_speed\":\"0\",\"title\":\"\",\"orientation\":\"1\",\"keywords\":[],\"alt\":\"\"},\"meta\":false,\"postlink\":\"https:\/\/vedruna.org\/en\/intercongregation-class\/\"}],\"useClobalSettings\":true,\"shareFacebook\":false,\"shareTwitter\":false,\"sharePinterest\":false,\"sliderItemDownload\":false,\"shareCopyLink\":false,\"sliderItemCounterEnable\":false,\"sliderItemTitleFontSize\":20,\"sliderSlideshow\":false,\"sliderSocialShareEnabled\":false,\"sliderZoomEnable\":false,\"translatedWithWPMLTM\":\"1\",\"itemsMetaDataCollection\":[]}<\/script><script>(function(){if(window.PGC_SGB && window.PGC_SGB.searcher){window.PGC_SGB.searcher.initBlocks()}})()<\/script><\/div>\n<p class=\"wp-block-paragraph\"><\/p>\n","protected":false},"excerpt":{"rendered":"<p>Un s\u00e9minaire intercongr\u00e9gationnel sur l&rsquo;interculturalit\u00e9 a \u00e9t\u00e9 organis\u00e9 dans notre noviciat, \u00e0 Shradhaseri, du 20 au 22 ao\u00fbt. Au total, 26 novices issus de quatre congr\u00e9gations ont particip\u00e9 \u00e0 ce s\u00e9minaire. L&rsquo;intervenant \u00e9tait le P\u00e8re Michael, SVD, un sp\u00e9cialiste chevronn\u00e9 et exp\u00e9riment\u00e9. Le P\u00e8re Michael nous a rappel\u00e9 que \u00abchaque culture est un monde en [&hellip;]<\/p>\n","protected":false},"author":21,"featured_media":40033,"comment_status":"closed","ping_status":"closed","sticky":false,"template":"","format":"standard","meta":{"_et_pb_use_builder":"","_et_pb_old_content":"","_et_gb_content_width":"","pgc_sgb_lightbox_settings":"","footnotes":""},"categories":[284],"tags":[],"class_list":["post-40034","post","type-post","status-publish","format-standard","has-post-thumbnail","hentry","category-province-de-linde"],"yoast_head":"<!-- This site is optimized with the Yoast SEO plugin v28.4 - https:\/\/yoast.com\/product\/yoast-seo-wordpress\/ -->\n<title>Cours intercongr\u00e9gationl sur l&#039;interculturalit\u00e9 au noviciat de Shradhaseri : Mumbai - Carmelitas de la Caridad Vedruna<\/title>\n<meta name=\"description\" content=\"26 novices issus de 4 congr\u00e9gations participent \u00e0 ce s\u00e9minaire, organis\u00e9 au noviciat de Vedruna du 20 au 22 ao\u00fbt.\" \/>\n<meta name=\"robots\" content=\"index, follow, max-snippet:-1, max-image-preview:large, max-video-preview:-1\" \/>\n<link rel=\"canonical\" href=\"https:\/\/vedruna.org\/fr\/cours-intercongregationl-sur-linterculturalite-au-noviciat-de-shradhaseri-mumbai\/\" \/>\n<meta property=\"og:locale\" content=\"fr_FR\" \/>\n<meta property=\"og:type\" content=\"article\" \/>\n<meta property=\"og:title\" content=\"Cours intercongr\u00e9gationl sur l&#039;interculturalit\u00e9 au noviciat de Shradhaseri : Mumbai - Carmelitas de la Caridad Vedruna\" \/>\n<meta property=\"og:description\" content=\"26 novices issus de 4 congr\u00e9gations participent \u00e0 ce s\u00e9minaire, organis\u00e9 au noviciat de Vedruna du 20 au 22 ao\u00fbt.\" \/>\n<meta property=\"og:url\" content=\"https:\/\/vedruna.org\/fr\/cours-intercongregationl-sur-linterculturalite-au-noviciat-de-shradhaseri-mumbai\/\" \/>\n<meta property=\"og:site_name\" content=\"Carmelitas de la Caridad Vedruna\" \/>\n<meta property=\"article:published_time\" content=\"2026-08-24T14:05:59+00:00\" \/>\n<meta property=\"article:modified_time\" content=\"2026-09-01T14:15:05+00:00\" \/>\n<meta property=\"og:image\" content=\"https:\/\/vedruna.org\/wp-content\/uploads\/2026\/09\/Intercongregation-Class.jpeg\" \/>\n\t<meta property=\"og:image:width\" content=\"1593\" \/>\n\t<meta property=\"og:image:height\" content=\"904\" \/>\n\t<meta property=\"og:image:type\" content=\"image\/jpeg\" \/>\n<meta name=\"author\" content=\"Maria Agustina G\u00f3mez\" \/>\n<meta name=\"twitter:card\" content=\"summary_large_image\" \/>\n<meta name=\"twitter:label1\" content=\"\u00c9crit par\" \/>\n\t<meta name=\"twitter:data1\" content=\"Maria Agustina G\u00f3mez\" \/>\n\t<meta name=\"twitter:label2\" content=\"Dur\u00e9e de lecture estim\u00e9e\" \/>\n\t<meta name=\"twitter:data2\" content=\"2 minutes\" \/>\n<script type=\"application\/ld+json\" class=\"yoast-schema-graph\">{\"@context\":\"https:\\\/\\\/schema.org\",\"@graph\":[{\"@type\":\"Article\",\"@id\":\"https:\\\/\\\/vedruna.org\\\/fr\\\/cours-intercongregationl-sur-linterculturalite-au-noviciat-de-shradhaseri-mumbai\\\/#article\",\"isPartOf\":{\"@id\":\"https:\\\/\\\/vedruna.org\\\/fr\\\/cours-intercongregationl-sur-linterculturalite-au-noviciat-de-shradhaseri-mumbai\\\/\"},\"author\":{\"name\":\"Maria Agustina G\u00f3mez\",\"@id\":\"https:\\\/\\\/vedruna.org\\\/fr\\\/#\\\/schema\\\/person\\\/95fe789adf27c2831fc5a049c727edf5\"},\"headline\":\"Cours intercongr\u00e9gationl sur l&rsquo;interculturalit\u00e9 au noviciat de Shradhaseri : Mumbai\",\"datePublished\":\"2026-08-24T14:05:59+00:00\",\"dateModified\":\"2026-09-01T14:15:05+00:00\",\"mainEntityOfPage\":{\"@id\":\"https:\\\/\\\/vedruna.org\\\/fr\\\/cours-intercongregationl-sur-linterculturalite-au-noviciat-de-shradhaseri-mumbai\\\/\"},\"wordCount\":471,\"publisher\":{\"@id\":\"https:\\\/\\\/vedruna.org\\\/fr\\\/#organization\"},\"image\":{\"@id\":\"https:\\\/\\\/vedruna.org\\\/fr\\\/cours-intercongregationl-sur-linterculturalite-au-noviciat-de-shradhaseri-mumbai\\\/#primaryimage\"},\"thumbnailUrl\":\"https:\\\/\\\/vedruna.org\\\/wp-content\\\/uploads\\\/2026\\\/09\\\/Intercongregation-Class.jpeg\",\"articleSection\":[\"Province de l'Inde\"],\"inLanguage\":\"fr-FR\"},{\"@type\":\"WebPage\",\"@id\":\"https:\\\/\\\/vedruna.org\\\/fr\\\/cours-intercongregationl-sur-linterculturalite-au-noviciat-de-shradhaseri-mumbai\\\/\",\"url\":\"https:\\\/\\\/vedruna.org\\\/fr\\\/cours-intercongregationl-sur-linterculturalite-au-noviciat-de-shradhaseri-mumbai\\\/\",\"name\":\"Cours intercongr\u00e9gationl sur l'interculturalit\u00e9 au noviciat de Shradhaseri : Mumbai - Carmelitas de la Caridad Vedruna\",\"isPartOf\":{\"@id\":\"https:\\\/\\\/vedruna.org\\\/fr\\\/#website\"},\"primaryImageOfPage\":{\"@id\":\"https:\\\/\\\/vedruna.org\\\/fr\\\/cours-intercongregationl-sur-linterculturalite-au-noviciat-de-shradhaseri-mumbai\\\/#primaryimage\"},\"image\":{\"@id\":\"https:\\\/\\\/vedruna.org\\\/fr\\\/cours-intercongregationl-sur-linterculturalite-au-noviciat-de-shradhaseri-mumbai\\\/#primaryimage\"},\"thumbnailUrl\":\"https:\\\/\\\/vedruna.org\\\/wp-content\\\/uploads\\\/2026\\\/09\\\/Intercongregation-Class.jpeg\",\"datePublished\":\"2026-08-24T14:05:59+00:00\",\"dateModified\":\"2026-09-01T14:15:05+00:00\",\"description\":\"26 novices issus de 4 congr\u00e9gations participent \u00e0 ce s\u00e9minaire, organis\u00e9 au noviciat de Vedruna du 20 au 22 ao\u00fbt.\",\"breadcrumb\":{\"@id\":\"https:\\\/\\\/vedruna.org\\\/fr\\\/cours-intercongregationl-sur-linterculturalite-au-noviciat-de-shradhaseri-mumbai\\\/#breadcrumb\"},\"inLanguage\":\"fr-FR\",\"potentialAction\":[{\"@type\":\"ReadAction\",\"target\":[\"https:\\\/\\\/vedruna.org\\\/fr\\\/cours-intercongregationl-sur-linterculturalite-au-noviciat-de-shradhaseri-mumbai\\\/\"]}]},{\"@type\":\"ImageObject\",\"inLanguage\":\"fr-FR\",\"@id\":\"https:\\\/\\\/vedruna.org\\\/fr\\\/cours-intercongregationl-sur-linterculturalite-au-noviciat-de-shradhaseri-mumbai\\\/#primaryimage\",\"url\":\"https:\\\/\\\/vedruna.org\\\/wp-content\\\/uploads\\\/2026\\\/09\\\/Intercongregation-Class.jpeg\",\"contentUrl\":\"https:\\\/\\\/vedruna.org\\\/wp-content\\\/uploads\\\/2026\\\/09\\\/Intercongregation-Class.jpeg\",\"width\":1593,\"height\":904},{\"@type\":\"BreadcrumbList\",\"@id\":\"https:\\\/\\\/vedruna.org\\\/fr\\\/cours-intercongregationl-sur-linterculturalite-au-noviciat-de-shradhaseri-mumbai\\\/#breadcrumb\",\"itemListElement\":[{\"@type\":\"ListItem\",\"position\":1,\"name\":\"Portada\",\"item\":\"https:\\\/\\\/vedruna.org\\\/fr\\\/\"},{\"@type\":\"ListItem\",\"position\":2,\"name\":\"Cours intercongr\u00e9gationl sur l&#8217;interculturalit\u00e9 au noviciat de Shradhaseri : Mumbai\"}]},{\"@type\":\"WebSite\",\"@id\":\"https:\\\/\\\/vedruna.org\\\/fr\\\/#website\",\"url\":\"https:\\\/\\\/vedruna.org\\\/fr\\\/\",\"name\":\"Carmelitas de la Caridad Vedruna\",\"description\":\"Carmelitas de la caridad\",\"publisher\":{\"@id\":\"https:\\\/\\\/vedruna.org\\\/fr\\\/#organization\"},\"potentialAction\":[{\"@type\":\"SearchAction\",\"target\":{\"@type\":\"EntryPoint\",\"urlTemplate\":\"https:\\\/\\\/vedruna.org\\\/fr\\\/?s={search_term_string}\"},\"query-input\":{\"@type\":\"PropertyValueSpecification\",\"valueRequired\":true,\"valueName\":\"search_term_string\"}}],\"inLanguage\":\"fr-FR\"},{\"@type\":\"Organization\",\"@id\":\"https:\\\/\\\/vedruna.org\\\/fr\\\/#organization\",\"name\":\"Carmelitas de la caridad Vedruna\",\"url\":\"https:\\\/\\\/vedruna.org\\\/fr\\\/\",\"logo\":{\"@type\":\"ImageObject\",\"inLanguage\":\"fr-FR\",\"@id\":\"https:\\\/\\\/vedruna.org\\\/fr\\\/#\\\/schema\\\/logo\\\/image\\\/\",\"url\":\"https:\\\/\\\/vedruna.org\\\/wp-content\\\/uploads\\\/2022\\\/04\\\/LOGO-VEDRUNA-HORIZONTAL.png\",\"contentUrl\":\"https:\\\/\\\/vedruna.org\\\/wp-content\\\/uploads\\\/2022\\\/04\\\/LOGO-VEDRUNA-HORIZONTAL.png\",\"width\":1200,\"height\":463,\"caption\":\"Carmelitas de la caridad Vedruna\"},\"image\":{\"@id\":\"https:\\\/\\\/vedruna.org\\\/fr\\\/#\\\/schema\\\/logo\\\/image\\\/\"}},{\"@type\":\"Person\",\"@id\":\"https:\\\/\\\/vedruna.org\\\/fr\\\/#\\\/schema\\\/person\\\/95fe789adf27c2831fc5a049c727edf5\",\"name\":\"Maria Agustina G\u00f3mez\",\"image\":{\"@type\":\"ImageObject\",\"inLanguage\":\"fr-FR\",\"@id\":\"https:\\\/\\\/secure.gravatar.com\\\/avatar\\\/8af3ece86571c098b978434bbc43b948c403c1ae191f09a04e94f916638ceb2c?s=96&d=mm&r=g\",\"url\":\"https:\\\/\\\/secure.gravatar.com\\\/avatar\\\/8af3ece86571c098b978434bbc43b948c403c1ae191f09a04e94f916638ceb2c?s=96&d=mm&r=g\",\"contentUrl\":\"https:\\\/\\\/secure.gravatar.com\\\/avatar\\\/8af3ece86571c098b978434bbc43b948c403c1ae191f09a04e94f916638ceb2c?s=96&d=mm&r=g\",\"caption\":\"Maria Agustina G\u00f3mez\"},\"url\":\"https:\\\/\\\/vedruna.org\\\/fr\\\/author\\\/agustina-gomez\\\/\"}]}<\/script>\n<!-- \/ Yoast SEO plugin. -->","yoast_head_json":{"title":"Cours intercongr\u00e9gationl sur l'interculturalit\u00e9 au noviciat de Shradhaseri : Mumbai - Carmelitas de la Caridad Vedruna","description":"26 novices issus de 4 congr\u00e9gations participent \u00e0 ce s\u00e9minaire, organis\u00e9 au noviciat de Vedruna du 20 au 22 ao\u00fbt.","robots":{"index":"index","follow":"follow","max-snippet":"max-snippet:-1","max-image-preview":"max-image-preview:large","max-video-preview":"max-video-preview:-1"},"canonical":"https:\/\/vedruna.org\/fr\/cours-intercongregationl-sur-linterculturalite-au-noviciat-de-shradhaseri-mumbai\/","og_locale":"fr_FR","og_type":"article","og_title":"Cours intercongr\u00e9gationl sur l'interculturalit\u00e9 au noviciat de Shradhaseri : Mumbai - Carmelitas de la Caridad Vedruna","og_description":"26 novices issus de 4 congr\u00e9gations participent \u00e0 ce s\u00e9minaire, organis\u00e9 au noviciat de Vedruna du 20 au 22 ao\u00fbt.","og_url":"https:\/\/vedruna.org\/fr\/cours-intercongregationl-sur-linterculturalite-au-noviciat-de-shradhaseri-mumbai\/","og_site_name":"Carmelitas de la Caridad Vedruna","article_published_time":"2026-08-24T14:05:59+00:00","article_modified_time":"2026-09-01T14:15:05+00:00","og_image":[{"width":1593,"height":904,"url":"https:\/\/vedruna.org\/wp-content\/uploads\/2026\/09\/Intercongregation-Class.jpeg","type":"image\/jpeg"}],"author":"Maria Agustina G\u00f3mez","twitter_card":"summary_large_image","twitter_misc":{"\u00c9crit par":"Maria Agustina G\u00f3mez","Dur\u00e9e de lecture estim\u00e9e":"2 minutes"},"schema":{"@context":"https:\/\/schema.org","@graph":[{"@type":"Article","@id":"https:\/\/vedruna.org\/fr\/cours-intercongregationl-sur-linterculturalite-au-noviciat-de-shradhaseri-mumbai\/#article","isPartOf":{"@id":"https:\/\/vedruna.org\/fr\/cours-intercongregationl-sur-linterculturalite-au-noviciat-de-shradhaseri-mumbai\/"},"author":{"name":"Maria Agustina G\u00f3mez","@id":"https:\/\/vedruna.org\/fr\/#\/schema\/person\/95fe789adf27c2831fc5a049c727edf5"},"headline":"Cours intercongr\u00e9gationl sur l&rsquo;interculturalit\u00e9 au noviciat de Shradhaseri : Mumbai","datePublished":"2026-08-24T14:05:59+00:00","dateModified":"2026-09-01T14:15:05+00:00","mainEntityOfPage":{"@id":"https:\/\/vedruna.org\/fr\/cours-intercongregationl-sur-linterculturalite-au-noviciat-de-shradhaseri-mumbai\/"},"wordCount":471,"publisher":{"@id":"https:\/\/vedruna.org\/fr\/#organization"},"image":{"@id":"https:\/\/vedruna.org\/fr\/cours-intercongregationl-sur-linterculturalite-au-noviciat-de-shradhaseri-mumbai\/#primaryimage"},"thumbnailUrl":"https:\/\/vedruna.org\/wp-content\/uploads\/2026\/09\/Intercongregation-Class.jpeg","articleSection":["Province de l'Inde"],"inLanguage":"fr-FR"},{"@type":"WebPage","@id":"https:\/\/vedruna.org\/fr\/cours-intercongregationl-sur-linterculturalite-au-noviciat-de-shradhaseri-mumbai\/","url":"https:\/\/vedruna.org\/fr\/cours-intercongregationl-sur-linterculturalite-au-noviciat-de-shradhaseri-mumbai\/","name":"Cours intercongr\u00e9gationl sur l'interculturalit\u00e9 au noviciat de Shradhaseri : Mumbai - Carmelitas de la Caridad Vedruna","isPartOf":{"@id":"https:\/\/vedruna.org\/fr\/#website"},"primaryImageOfPage":{"@id":"https:\/\/vedruna.org\/fr\/cours-intercongregationl-sur-linterculturalite-au-noviciat-de-shradhaseri-mumbai\/#primaryimage"},"image":{"@id":"https:\/\/vedruna.org\/fr\/cours-intercongregationl-sur-linterculturalite-au-noviciat-de-shradhaseri-mumbai\/#primaryimage"},"thumbnailUrl":"https:\/\/vedruna.org\/wp-content\/uploads\/2026\/09\/Intercongregation-Class.jpeg","datePublished":"2026-08-24T14:05:59+00:00","dateModified":"2026-09-01T14:15:05+00:00","description":"26 novices issus de 4 congr\u00e9gations participent \u00e0 ce s\u00e9minaire, organis\u00e9 au noviciat de Vedruna du 20 au 22 ao\u00fbt.","breadcrumb":{"@id":"https:\/\/vedruna.org\/fr\/cours-intercongregationl-sur-linterculturalite-au-noviciat-de-shradhaseri-mumbai\/#breadcrumb"},"inLanguage":"fr-FR","potentialAction":[{"@type":"ReadAction","target":["https:\/\/vedruna.org\/fr\/cours-intercongregationl-sur-linterculturalite-au-noviciat-de-shradhaseri-mumbai\/"]}]},{"@type":"ImageObject","inLanguage":"fr-FR","@id":"https:\/\/vedruna.org\/fr\/cours-intercongregationl-sur-linterculturalite-au-noviciat-de-shradhaseri-mumbai\/#primaryimage","url":"https:\/\/vedruna.org\/wp-content\/uploads\/2026\/09\/Intercongregation-Class.jpeg","contentUrl":"https:\/\/vedruna.org\/wp-content\/uploads\/2026\/09\/Intercongregation-Class.jpeg","width":1593,"height":904},{"@type":"BreadcrumbList","@id":"https:\/\/vedruna.org\/fr\/cours-intercongregationl-sur-linterculturalite-au-noviciat-de-shradhaseri-mumbai\/#breadcrumb","itemListElement":[{"@type":"ListItem","position":1,"name":"Portada","item":"https:\/\/vedruna.org\/fr\/"},{"@type":"ListItem","position":2,"name":"Cours intercongr\u00e9gationl sur l&#8217;interculturalit\u00e9 au noviciat de Shradhaseri : Mumbai"}]},{"@type":"WebSite","@id":"https:\/\/vedruna.org\/fr\/#website","url":"https:\/\/vedruna.org\/fr\/","name":"Carmelitas de la Caridad Vedruna","description":"Carmelitas de la caridad","publisher":{"@id":"https:\/\/vedruna.org\/fr\/#organization"},"potentialAction":[{"@type":"SearchAction","target":{"@type":"EntryPoint","urlTemplate":"https:\/\/vedruna.org\/fr\/?s={search_term_string}"},"query-input":{"@type":"PropertyValueSpecification","valueRequired":true,"valueName":"search_term_string"}}],"inLanguage":"fr-FR"},{"@type":"Organization","@id":"https:\/\/vedruna.org\/fr\/#organization","name":"Carmelitas de la caridad Vedruna","url":"https:\/\/vedruna.org\/fr\/","logo":{"@type":"ImageObject","inLanguage":"fr-FR","@id":"https:\/\/vedruna.org\/fr\/#\/schema\/logo\/image\/","url":"https:\/\/vedruna.org\/wp-content\/uploads\/2022\/04\/LOGO-VEDRUNA-HORIZONTAL.png","contentUrl":"https:\/\/vedruna.org\/wp-content\/uploads\/2022\/04\/LOGO-VEDRUNA-HORIZONTAL.png","width":1200,"height":463,"caption":"Carmelitas de la caridad Vedruna"},"image":{"@id":"https:\/\/vedruna.org\/fr\/#\/schema\/logo\/image\/"}},{"@type":"Person","@id":"https:\/\/vedruna.org\/fr\/#\/schema\/person\/95fe789adf27c2831fc5a049c727edf5","name":"Maria Agustina G\u00f3mez","image":{"@type":"ImageObject","inLanguage":"fr-FR","@id":"https:\/\/secure.gravatar.com\/avatar\/8af3ece86571c098b978434bbc43b948c403c1ae191f09a04e94f916638ceb2c?s=96&d=mm&r=g","url":"https:\/\/secure.gravatar.com\/avatar\/8af3ece86571c098b978434bbc43b948c403c1ae191f09a04e94f916638ceb2c?s=96&d=mm&r=g","contentUrl":"https:\/\/secure.gravatar.com\/avatar\/8af3ece86571c098b978434bbc43b948c403c1ae191f09a04e94f916638ceb2c?s=96&d=mm&r=g","caption":"Maria Agustina G\u00f3mez"},"url":"https:\/\/vedruna.org\/fr\/author\/agustina-gomez\/"}]}},"_links":{"self":[{"href":"https:\/\/vedruna.org\/fr\/wp-json\/wp\/v2\/posts\/40034","targetHints":{"allow":["GET"]}}],"collection":[{"href":"https:\/\/vedruna.org\/fr\/wp-json\/wp\/v2\/posts"}],"about":[{"href":"https:\/\/vedruna.org\/fr\/wp-json\/wp\/v2\/types\/post"}],"author":[{"embeddable":true,"href":"https:\/\/vedruna.org\/fr\/wp-json\/wp\/v2\/users\/21"}],"replies":[{"embeddable":true,"href":"https:\/\/vedruna.org\/fr\/wp-json\/wp\/v2\/comments?post=40034"}],"version-history":[{"count":1,"href":"https:\/\/vedruna.org\/fr\/wp-json\/wp\/v2\/posts\/40034\/revisions"}],"predecessor-version":[{"id":40035,"href":"https:\/\/vedruna.org\/fr\/wp-json\/wp\/v2\/posts\/40034\/revisions\/40035"}],"wp:featuredmedia":[{"embeddable":true,"href":"https:\/\/vedruna.org\/fr\/wp-json\/wp\/v2\/media\/40033"}],"wp:attachment":[{"href":"https:\/\/vedruna.org\/fr\/wp-json\/wp\/v2\/media?parent=40034"}],"wp:term":[{"taxonomy":"category","embeddable":true,"href":"https:\/\/vedruna.org\/fr\/wp-json\/wp\/v2\/categories?post=40034"},{"taxonomy":"post_tag","embeddable":true,"href":"https:\/\/vedruna.org\/fr\/wp-json\/wp\/v2\/tags?post=40034"}],"curies":[{"name":"wp","href":"https:\/\/api.w.org\/{rel}","templated":true}]}}