{"id":40074,"date":"2026-08-25T10:30:22","date_gmt":"2026-08-25T08:30:22","guid":{"rendered":"https:\/\/vedruna.org\/les-germes-dune-vocation-qui-ne-demandent-qua-sepanouir\/"},"modified":"2026-09-02T10:42:45","modified_gmt":"2026-09-02T08:42:45","slug":"les-germes-dune-vocation-qui-ne-demandent-qua-sepanouir","status":"publish","type":"post","link":"https:\/\/vedruna.org\/fr\/les-germes-dune-vocation-qui-ne-demandent-qua-sepanouir\/","title":{"rendered":"Les germes d&rsquo;une vocation qui ne demandent qu&rsquo;\u00e0 s&rsquo;\u00e9panouir"},"content":{"rendered":"\n<p class=\"wp-block-paragraph\">Le 21 ao\u00fbt 2026, nous avons eu l\u2019occasion de participer au<strong> \u00ab Vocation Jamboree \u00bb \u00e0 la cath\u00e9drale du Bon Pasteur, \u00e0 Novaliches.<\/strong> S\u0153ur Nelly et moi-m\u00eame avons \u00e9t\u00e9 ravies de rencontrer les servants d\u2019autel, hommes et femmes, issus des diff\u00e9rentes paroisses du dioc\u00e8se de Novaliches, et d\u2019\u00e9changer avec eux. Gr\u00e2ce \u00e0 notre modeste stand, nous avons pr\u00e9sent\u00e9 notre Congr\u00e9gation, partag\u00e9 notre mission et notre charisme, et distribu\u00e9 des brochures, des \u00ab stampitas \u00bb ainsi que des paroles inspirantes de notre fondatrice, sainte Joaquina de Vedruna. Cela nous a r\u00e9chauff\u00e9 le c\u0153ur de voir certains de ces jeunes touch\u00e9s et inspir\u00e9s par son message.     <\/p>\n\n<p class=\"wp-block-paragraph\">Le dimanche 23 ao\u00fbt 2026, nous avons \u00e9t\u00e9 invit\u00e9es \u00e0 participer \u00e0 la <strong>Journ\u00e9e des vocations de la paroisse de l\u2019Immacul\u00e9e Conception \u2013 GSIS Village<\/strong>. Avant la b\u00e9n\u00e9diction finale, nous avons eu l\u2019occasion de pr\u00e9senter notre Congr\u00e9gation, notre fondatrice, sainte Joaquina de Vedruna, ainsi que notre mission et notre charisme. Ce fut un moment merveilleux pour faire conna\u00eetre qui nous sommes et comment nous continuons \u00e0 servir Dieu et son peuple.    <\/p>\n\n<p class=\"wp-block-paragraph\">Dans l\u2019apr\u00e8s-midi, ils ont r\u00e9uni quelques jeunes \u00e0 la paroisse et S\u0153ur Elma a anim\u00e9 une conf\u00e9rence sur les quatre \u00e9tats de vie : la vie de c\u00e9libataire, la vie conjugale, la vie consacr\u00e9e ou religieuse et le sacerdoce. Nous avons \u00e9galement eu la chance de partager nos propres t\u00e9moignages de vocation, en expliquant comment nous avons \u00e9t\u00e9 appel\u00e9es par Dieu \u00e0 ce mode de vie. Nous esp\u00e9rons ainsi inciter les jeunes \u00e0 discerner, dans la pri\u00e8re, l\u2019appel de Dieu dans leur vie.     <\/p>\n\n<p class=\"wp-block-paragraph\">Nous sommes convaincus que chaque rencontre est l&rsquo;occasion de semer une graine de vocation. Nous ne savons peut-\u00eatre pas o\u00f9 cette graine m\u00e8nera, mais nous avons confiance que Dieu la fera grandir en Son temps.   <\/p>\n\n<p class=\"wp-block-paragraph\"><strong>Puissent certaines des jeunes femmes que nous rencontrons entendre l\u2019appel de Dieu et dire courageusement \u00ab oui \u00bb pour Le suivre en tant que Vedruna.<\/strong><\/p>\n\n<p class=\"has-text-align-right wp-block-paragraph\"><strong>S\u0153ur Ivy Lupiba, ccv <\/strong><\/p>\n<div class=\"pgc-sgb-cb wp-block-pgcsimplygalleryblock-justified \" data-gallery-id=\"e8771784\"><div class=\"sgb-preloader\" id=\"pr_e8771784\">\n\t<div class=\"sgb-square\" style=\"background:#d4d4d4\"><\/div>\n\t<div class=\"sgb-square\" style=\"background:#d4d4d4\"><\/div>\n\t<div class=\"sgb-square\" style=\"background:#d4d4d4\"><\/div>\n\t<div class=\"sgb-square\" style=\"background:#d4d4d4\"><\/div><\/div><div class=\"simply-gallery-amp pgc_sgb_slider \"><noscript><div class=\"sgb-gallery\"><div class=\"sgb-item\"><a href=\"https:\/\/vedruna.org\/en\/whatsapp-image-2026-09-01-at-17-00-47\/\" target=\"_blank\"><img decoding=\"async\" alt=\"\" width=\"300\" height=\"226\" loading=\"lazy\" src=\"https:\/\/vedruna.org\/wp-content\/uploads\/2026\/09\/WhatsApp-Image-2026-09-01-at-17.00.47-300x226.jpeg\" srcset=\"https:\/\/vedruna.org\/wp-content\/uploads\/2026\/09\/WhatsApp-Image-2026-09-01-at-17.00.47-300x226.jpeg 300w,https:\/\/vedruna.org\/wp-content\/uploads\/2026\/09\/WhatsApp-Image-2026-09-01-at-17.00.47-1024x771.jpeg 1024w,https:\/\/vedruna.org\/wp-content\/uploads\/2026\/09\/WhatsApp-Image-2026-09-01-at-17.00.47.jpeg 1600w\" sizes=\"250px\"\/><\/a><\/div><div class=\"sgb-item\"><a href=\"https:\/\/vedruna.org\/en\/whatsapp-image-2026-09-01-at-17-00-45\/\" target=\"_blank\"><img decoding=\"async\" alt=\"\" width=\"300\" height=\"225\" loading=\"lazy\" src=\"https:\/\/vedruna.org\/wp-content\/uploads\/2026\/09\/WhatsApp-Image-2026-09-01-at-17.00.45-300x225.jpeg\" srcset=\"https:\/\/vedruna.org\/wp-content\/uploads\/2026\/09\/WhatsApp-Image-2026-09-01-at-17.00.45-300x225.jpeg 300w,https:\/\/vedruna.org\/wp-content\/uploads\/2026\/09\/WhatsApp-Image-2026-09-01-at-17.00.45-1024x768.jpeg 1024w,https:\/\/vedruna.org\/wp-content\/uploads\/2026\/09\/WhatsApp-Image-2026-09-01-at-17.00.45.jpeg 1296w\" sizes=\"250px\"\/><\/a><\/div><div class=\"sgb-item\"><a href=\"https:\/\/vedruna.org\/en\/whatsapp-image-2026-09-01-at-17-00-43\/\" target=\"_blank\"><img decoding=\"async\" alt=\"\" width=\"300\" height=\"135\" loading=\"lazy\" src=\"https:\/\/vedruna.org\/wp-content\/uploads\/2026\/09\/WhatsApp-Image-2026-09-01-at-17.00.43-300x135.jpeg\" srcset=\"https:\/\/vedruna.org\/wp-content\/uploads\/2026\/09\/WhatsApp-Image-2026-09-01-at-17.00.43-300x135.jpeg 300w,https:\/\/vedruna.org\/wp-content\/uploads\/2026\/09\/WhatsApp-Image-2026-09-01-at-17.00.43-1024x461.jpeg 1024w,https:\/\/vedruna.org\/wp-content\/uploads\/2026\/09\/WhatsApp-Image-2026-09-01-at-17.00.43.jpeg 2048w\" sizes=\"250px\"\/><\/a><\/div><div class=\"sgb-item\"><a href=\"https:\/\/vedruna.org\/en\/whatsapp-image-2026-09-01-at-17-00-45-1\/\" target=\"_blank\"><img decoding=\"async\" alt=\"\" width=\"226\" height=\"300\" loading=\"lazy\" src=\"https:\/\/vedruna.org\/wp-content\/uploads\/2026\/09\/WhatsApp-Image-2026-09-01-at-17.00.45-1-226x300.jpeg\" srcset=\"https:\/\/vedruna.org\/wp-content\/uploads\/2026\/09\/WhatsApp-Image-2026-09-01-at-17.00.45-1-226x300.jpeg 226w,https:\/\/vedruna.org\/wp-content\/uploads\/2026\/09\/WhatsApp-Image-2026-09-01-at-17.00.45-1-771x1024.jpeg 771w,https:\/\/vedruna.org\/wp-content\/uploads\/2026\/09\/WhatsApp-Image-2026-09-01-at-17.00.45-1.jpeg 1204w\" sizes=\"250px\"\/><\/a><\/div><div class=\"sgb-item\"><a href=\"https:\/\/vedruna.org\/en\/whatsapp-image-2026-09-01-at-17-00-45-2\/\" target=\"_blank\"><img decoding=\"async\" alt=\"\" width=\"226\" height=\"300\" loading=\"lazy\" src=\"https:\/\/vedruna.org\/wp-content\/uploads\/2026\/09\/WhatsApp-Image-2026-09-01-at-17.00.45-2-226x300.jpeg\" srcset=\"https:\/\/vedruna.org\/wp-content\/uploads\/2026\/09\/WhatsApp-Image-2026-09-01-at-17.00.45-2-226x300.jpeg 226w,https:\/\/vedruna.org\/wp-content\/uploads\/2026\/09\/WhatsApp-Image-2026-09-01-at-17.00.45-2-771x1024.jpeg 771w,https:\/\/vedruna.org\/wp-content\/uploads\/2026\/09\/WhatsApp-Image-2026-09-01-at-17.00.45-2.jpeg 1204w\" sizes=\"250px\"\/><\/a><\/div><div class=\"sgb-item\"><a href=\"https:\/\/vedruna.org\/en\/whatsapp-image-2026-09-01-at-17-00-46\/\" target=\"_blank\"><img decoding=\"async\" alt=\"\" width=\"300\" height=\"226\" loading=\"lazy\" src=\"https:\/\/vedruna.org\/wp-content\/uploads\/2026\/09\/WhatsApp-Image-2026-09-01-at-17.00.46-300x226.jpeg\" srcset=\"https:\/\/vedruna.org\/wp-content\/uploads\/2026\/09\/WhatsApp-Image-2026-09-01-at-17.00.46-300x226.jpeg 300w,https:\/\/vedruna.org\/wp-content\/uploads\/2026\/09\/WhatsApp-Image-2026-09-01-at-17.00.46-1024x771.jpeg 1024w,https:\/\/vedruna.org\/wp-content\/uploads\/2026\/09\/WhatsApp-Image-2026-09-01-at-17.00.46.jpeg 1600w\" sizes=\"250px\"\/><\/a><\/div><div class=\"sgb-item\"><a href=\"https:\/\/vedruna.org\/en\/whatsapp-image-2026-09-01-at-17-00-46-1\/\" target=\"_blank\"><img decoding=\"async\" alt=\"\" width=\"300\" height=\"226\" loading=\"lazy\" src=\"https:\/\/vedruna.org\/wp-content\/uploads\/2026\/09\/WhatsApp-Image-2026-09-01-at-17.00.46-1-300x226.jpeg\" srcset=\"https:\/\/vedruna.org\/wp-content\/uploads\/2026\/09\/WhatsApp-Image-2026-09-01-at-17.00.46-1-300x226.jpeg 300w,https:\/\/vedruna.org\/wp-content\/uploads\/2026\/09\/WhatsApp-Image-2026-09-01-at-17.00.46-1-1024x771.jpeg 1024w,https:\/\/vedruna.org\/wp-content\/uploads\/2026\/09\/WhatsApp-Image-2026-09-01-at-17.00.46-1.jpeg 1600w\" sizes=\"250px\"\/><\/a><\/div><div class=\"sgb-item\"><a href=\"https:\/\/vedruna.org\/en\/whatsapp-image-2026-09-01-at-17-00-46-2\/\" target=\"_blank\"><img decoding=\"async\" alt=\"\" width=\"225\" height=\"300\" loading=\"lazy\" src=\"https:\/\/vedruna.org\/wp-content\/uploads\/2026\/09\/WhatsApp-Image-2026-09-01-at-17.00.46-2-225x300.jpeg\" srcset=\"https:\/\/vedruna.org\/wp-content\/uploads\/2026\/09\/WhatsApp-Image-2026-09-01-at-17.00.46-2-225x300.jpeg 225w,https:\/\/vedruna.org\/wp-content\/uploads\/2026\/09\/WhatsApp-Image-2026-09-01-at-17.00.46-2-768x1024.jpeg 768w,https:\/\/vedruna.org\/wp-content\/uploads\/2026\/09\/WhatsApp-Image-2026-09-01-at-17.00.46-2.jpeg 1200w\" sizes=\"250px\"\/><\/a><\/div><\/div><\/noscript><\/div><script type=\"application\/json\" class=\"sgb-data\">{\"lastRowFill\":true,\"externalLink\":false,\"captions\":false,\"collectionThumbSubMenuDownload\":false,\"collectionThumbSubMenuShare\":false,\"galleryType\":\"pgc_sgb_justified\",\"galleryId\":\"e8771784\",\"images\":[{\"id\":40049,\"title\":\"WhatsApp-Image-2026-09-01-at-17.00.47\",\"url\":\"https:\/\/vedruna.org\/wp-content\/uploads\/2026\/09\/WhatsApp-Image-2026-09-01-at-17.00.47.jpeg\",\"link\":\"https:\/\/vedruna.org\/en\/whatsapp-image-2026-09-01-at-17-00-47\/\",\"alt\":\"\",\"description\":\"\",\"caption\":\"\",\"mime\":\"image\/jpeg\",\"type\":\"image\",\"width\":1600,\"height\":1204,\"sizes\":{\"thumbnail\":{\"height\":150,\"width\":150,\"url\":\"https:\/\/vedruna.org\/wp-content\/uploads\/2026\/09\/WhatsApp-Image-2026-09-01-at-17.00.47-150x150.jpeg\",\"orientation\":\"landscape\"},\"medium\":{\"height\":226,\"width\":300,\"url\":\"https:\/\/vedruna.org\/wp-content\/uploads\/2026\/09\/WhatsApp-Image-2026-09-01-at-17.00.47-300x226.jpeg\",\"orientation\":\"landscape\"},\"large\":{\"height\":771,\"width\":1024,\"url\":\"https:\/\/vedruna.org\/wp-content\/uploads\/2026\/09\/WhatsApp-Image-2026-09-01-at-17.00.47-1024x771.jpeg\",\"orientation\":\"landscape\"},\"full\":{\"url\":\"https:\/\/vedruna.org\/wp-content\/uploads\/2026\/09\/WhatsApp-Image-2026-09-01-at-17.00.47.jpeg\",\"height\":1204,\"width\":1600,\"orientation\":\"landscape\"}},\"imageMeta\":{\"aperture\":\"0\",\"credit\":\"\",\"camera\":\"\",\"caption\":\"\",\"created_timestamp\":\"0\",\"copyright\":\"\",\"focal_length\":\"0\",\"iso\":\"0\",\"shutter_speed\":\"0\",\"title\":\"\",\"orientation\":\"0\",\"keywords\":[],\"alt\":\"\"},\"meta\":false,\"postlink\":\"https:\/\/vedruna.org\/en\/whatsapp-image-2026-09-01-at-17-00-47\/\"},{\"id\":40048,\"title\":\"WhatsApp-Image-2026-09-01-at-17.00.45\",\"url\":\"https:\/\/vedruna.org\/wp-content\/uploads\/2026\/09\/WhatsApp-Image-2026-09-01-at-17.00.45.jpeg\",\"link\":\"https:\/\/vedruna.org\/en\/whatsapp-image-2026-09-01-at-17-00-45\/\",\"alt\":\"\",\"description\":\"\",\"caption\":\"\",\"mime\":\"image\/jpeg\",\"type\":\"image\",\"width\":1296,\"height\":972,\"sizes\":{\"thumbnail\":{\"height\":150,\"width\":150,\"url\":\"https:\/\/vedruna.org\/wp-content\/uploads\/2026\/09\/WhatsApp-Image-2026-09-01-at-17.00.45-150x150.jpeg\",\"orientation\":\"landscape\"},\"medium\":{\"height\":225,\"width\":300,\"url\":\"https:\/\/vedruna.org\/wp-content\/uploads\/2026\/09\/WhatsApp-Image-2026-09-01-at-17.00.45-300x225.jpeg\",\"orientation\":\"landscape\"},\"large\":{\"height\":768,\"width\":1024,\"url\":\"https:\/\/vedruna.org\/wp-content\/uploads\/2026\/09\/WhatsApp-Image-2026-09-01-at-17.00.45-1024x768.jpeg\",\"orientation\":\"landscape\"},\"full\":{\"url\":\"https:\/\/vedruna.org\/wp-content\/uploads\/2026\/09\/WhatsApp-Image-2026-09-01-at-17.00.45.jpeg\",\"height\":972,\"width\":1296,\"orientation\":\"landscape\"}},\"imageMeta\":{\"aperture\":\"0\",\"credit\":\"\",\"camera\":\"\",\"caption\":\"\",\"created_timestamp\":\"0\",\"copyright\":\"\",\"focal_length\":\"0\",\"iso\":\"0\",\"shutter_speed\":\"0\",\"title\":\"\",\"orientation\":\"0\",\"keywords\":[],\"alt\":\"\"},\"meta\":false,\"postlink\":\"https:\/\/vedruna.org\/en\/whatsapp-image-2026-09-01-at-17-00-45\/\"},{\"id\":40047,\"title\":\"WhatsApp-Image-2026-09-01-at-17.00.43\",\"url\":\"https:\/\/vedruna.org\/wp-content\/uploads\/2026\/09\/WhatsApp-Image-2026-09-01-at-17.00.43.jpeg\",\"link\":\"https:\/\/vedruna.org\/en\/whatsapp-image-2026-09-01-at-17-00-43\/\",\"alt\":\"\",\"description\":\"\",\"caption\":\"\",\"mime\":\"image\/jpeg\",\"type\":\"image\",\"width\":2048,\"height\":921,\"sizes\":{\"thumbnail\":{\"height\":150,\"width\":150,\"url\":\"https:\/\/vedruna.org\/wp-content\/uploads\/2026\/09\/WhatsApp-Image-2026-09-01-at-17.00.43-150x150.jpeg\",\"orientation\":\"landscape\"},\"medium\":{\"height\":135,\"width\":300,\"url\":\"https:\/\/vedruna.org\/wp-content\/uploads\/2026\/09\/WhatsApp-Image-2026-09-01-at-17.00.43-300x135.jpeg\",\"orientation\":\"landscape\"},\"large\":{\"height\":461,\"width\":1024,\"url\":\"https:\/\/vedruna.org\/wp-content\/uploads\/2026\/09\/WhatsApp-Image-2026-09-01-at-17.00.43-1024x461.jpeg\",\"orientation\":\"landscape\"},\"full\":{\"url\":\"https:\/\/vedruna.org\/wp-content\/uploads\/2026\/09\/WhatsApp-Image-2026-09-01-at-17.00.43.jpeg\",\"height\":921,\"width\":2048,\"orientation\":\"landscape\"}},\"imageMeta\":{\"aperture\":\"0\",\"credit\":\"\",\"camera\":\"\",\"caption\":\"\",\"created_timestamp\":\"0\",\"copyright\":\"\",\"focal_length\":\"0\",\"iso\":\"0\",\"shutter_speed\":\"0\",\"title\":\"\",\"orientation\":\"0\",\"keywords\":[],\"alt\":\"\"},\"meta\":false,\"postlink\":\"https:\/\/vedruna.org\/en\/whatsapp-image-2026-09-01-at-17-00-43\/\"},{\"id\":40046,\"title\":\"WhatsApp-Image-2026-09-01-at-17.00.45-1\",\"url\":\"https:\/\/vedruna.org\/wp-content\/uploads\/2026\/09\/WhatsApp-Image-2026-09-01-at-17.00.45-1.jpeg\",\"link\":\"https:\/\/vedruna.org\/en\/whatsapp-image-2026-09-01-at-17-00-45-1\/\",\"alt\":\"\",\"description\":\"\",\"caption\":\"\",\"mime\":\"image\/jpeg\",\"type\":\"image\",\"width\":1204,\"height\":1600,\"sizes\":{\"thumbnail\":{\"height\":150,\"width\":150,\"url\":\"https:\/\/vedruna.org\/wp-content\/uploads\/2026\/09\/WhatsApp-Image-2026-09-01-at-17.00.45-1-150x150.jpeg\",\"orientation\":\"landscape\"},\"medium\":{\"height\":300,\"width\":226,\"url\":\"https:\/\/vedruna.org\/wp-content\/uploads\/2026\/09\/WhatsApp-Image-2026-09-01-at-17.00.45-1-226x300.jpeg\",\"orientation\":\"portrait\"},\"large\":{\"height\":1024,\"width\":771,\"url\":\"https:\/\/vedruna.org\/wp-content\/uploads\/2026\/09\/WhatsApp-Image-2026-09-01-at-17.00.45-1-771x1024.jpeg\",\"orientation\":\"portrait\"},\"full\":{\"url\":\"https:\/\/vedruna.org\/wp-content\/uploads\/2026\/09\/WhatsApp-Image-2026-09-01-at-17.00.45-1.jpeg\",\"height\":1600,\"width\":1204,\"orientation\":\"portrait\"}},\"imageMeta\":{\"aperture\":\"0\",\"credit\":\"\",\"camera\":\"\",\"caption\":\"\",\"created_timestamp\":\"0\",\"copyright\":\"\",\"focal_length\":\"0\",\"iso\":\"0\",\"shutter_speed\":\"0\",\"title\":\"\",\"orientation\":\"0\",\"keywords\":[],\"alt\":\"\"},\"meta\":false,\"postlink\":\"https:\/\/vedruna.org\/en\/whatsapp-image-2026-09-01-at-17-00-45-1\/\"},{\"id\":40045,\"title\":\"WhatsApp-Image-2026-09-01-at-17.00.45-2\",\"url\":\"https:\/\/vedruna.org\/wp-content\/uploads\/2026\/09\/WhatsApp-Image-2026-09-01-at-17.00.45-2.jpeg\",\"link\":\"https:\/\/vedruna.org\/en\/whatsapp-image-2026-09-01-at-17-00-45-2\/\",\"alt\":\"\",\"description\":\"\",\"caption\":\"\",\"mime\":\"image\/jpeg\",\"type\":\"image\",\"width\":1204,\"height\":1600,\"sizes\":{\"thumbnail\":{\"height\":150,\"width\":150,\"url\":\"https:\/\/vedruna.org\/wp-content\/uploads\/2026\/09\/WhatsApp-Image-2026-09-01-at-17.00.45-2-150x150.jpeg\",\"orientation\":\"landscape\"},\"medium\":{\"height\":300,\"width\":226,\"url\":\"https:\/\/vedruna.org\/wp-content\/uploads\/2026\/09\/WhatsApp-Image-2026-09-01-at-17.00.45-2-226x300.jpeg\",\"orientation\":\"portrait\"},\"large\":{\"height\":1024,\"width\":771,\"url\":\"https:\/\/vedruna.org\/wp-content\/uploads\/2026\/09\/WhatsApp-Image-2026-09-01-at-17.00.45-2-771x1024.jpeg\",\"orientation\":\"portrait\"},\"full\":{\"url\":\"https:\/\/vedruna.org\/wp-content\/uploads\/2026\/09\/WhatsApp-Image-2026-09-01-at-17.00.45-2.jpeg\",\"height\":1600,\"width\":1204,\"orientation\":\"portrait\"}},\"imageMeta\":{\"aperture\":\"0\",\"credit\":\"\",\"camera\":\"\",\"caption\":\"\",\"created_timestamp\":\"0\",\"copyright\":\"\",\"focal_length\":\"0\",\"iso\":\"0\",\"shutter_speed\":\"0\",\"title\":\"\",\"orientation\":\"0\",\"keywords\":[],\"alt\":\"\"},\"meta\":false,\"postlink\":\"https:\/\/vedruna.org\/en\/whatsapp-image-2026-09-01-at-17-00-45-2\/\"},{\"id\":40044,\"title\":\"WhatsApp-Image-2026-09-01-at-17.00.46\",\"url\":\"https:\/\/vedruna.org\/wp-content\/uploads\/2026\/09\/WhatsApp-Image-2026-09-01-at-17.00.46.jpeg\",\"link\":\"https:\/\/vedruna.org\/en\/whatsapp-image-2026-09-01-at-17-00-46\/\",\"alt\":\"\",\"description\":\"\",\"caption\":\"\",\"mime\":\"image\/jpeg\",\"type\":\"image\",\"width\":1600,\"height\":1204,\"sizes\":{\"thumbnail\":{\"height\":150,\"width\":150,\"url\":\"https:\/\/vedruna.org\/wp-content\/uploads\/2026\/09\/WhatsApp-Image-2026-09-01-at-17.00.46-150x150.jpeg\",\"orientation\":\"landscape\"},\"medium\":{\"height\":226,\"width\":300,\"url\":\"https:\/\/vedruna.org\/wp-content\/uploads\/2026\/09\/WhatsApp-Image-2026-09-01-at-17.00.46-300x226.jpeg\",\"orientation\":\"landscape\"},\"large\":{\"height\":771,\"width\":1024,\"url\":\"https:\/\/vedruna.org\/wp-content\/uploads\/2026\/09\/WhatsApp-Image-2026-09-01-at-17.00.46-1024x771.jpeg\",\"orientation\":\"landscape\"},\"full\":{\"url\":\"https:\/\/vedruna.org\/wp-content\/uploads\/2026\/09\/WhatsApp-Image-2026-09-01-at-17.00.46.jpeg\",\"height\":1204,\"width\":1600,\"orientation\":\"landscape\"}},\"imageMeta\":{\"aperture\":\"0\",\"credit\":\"\",\"camera\":\"\",\"caption\":\"\",\"created_timestamp\":\"0\",\"copyright\":\"\",\"focal_length\":\"0\",\"iso\":\"0\",\"shutter_speed\":\"0\",\"title\":\"\",\"orientation\":\"0\",\"keywords\":[],\"alt\":\"\"},\"meta\":false,\"postlink\":\"https:\/\/vedruna.org\/en\/whatsapp-image-2026-09-01-at-17-00-46\/\"},{\"id\":40043,\"title\":\"WhatsApp-Image-2026-09-01-at-17.00.46-1\",\"url\":\"https:\/\/vedruna.org\/wp-content\/uploads\/2026\/09\/WhatsApp-Image-2026-09-01-at-17.00.46-1.jpeg\",\"link\":\"https:\/\/vedruna.org\/en\/whatsapp-image-2026-09-01-at-17-00-46-1\/\",\"alt\":\"\",\"description\":\"\",\"caption\":\"\",\"mime\":\"image\/jpeg\",\"type\":\"image\",\"width\":1600,\"height\":1204,\"sizes\":{\"thumbnail\":{\"height\":150,\"width\":150,\"url\":\"https:\/\/vedruna.org\/wp-content\/uploads\/2026\/09\/WhatsApp-Image-2026-09-01-at-17.00.46-1-150x150.jpeg\",\"orientation\":\"landscape\"},\"medium\":{\"height\":226,\"width\":300,\"url\":\"https:\/\/vedruna.org\/wp-content\/uploads\/2026\/09\/WhatsApp-Image-2026-09-01-at-17.00.46-1-300x226.jpeg\",\"orientation\":\"landscape\"},\"large\":{\"height\":771,\"width\":1024,\"url\":\"https:\/\/vedruna.org\/wp-content\/uploads\/2026\/09\/WhatsApp-Image-2026-09-01-at-17.00.46-1-1024x771.jpeg\",\"orientation\":\"landscape\"},\"full\":{\"url\":\"https:\/\/vedruna.org\/wp-content\/uploads\/2026\/09\/WhatsApp-Image-2026-09-01-at-17.00.46-1.jpeg\",\"height\":1204,\"width\":1600,\"orientation\":\"landscape\"}},\"imageMeta\":{\"aperture\":\"0\",\"credit\":\"\",\"camera\":\"\",\"caption\":\"\",\"created_timestamp\":\"0\",\"copyright\":\"\",\"focal_length\":\"0\",\"iso\":\"0\",\"shutter_speed\":\"0\",\"title\":\"\",\"orientation\":\"0\",\"keywords\":[],\"alt\":\"\"},\"meta\":false,\"postlink\":\"https:\/\/vedruna.org\/en\/whatsapp-image-2026-09-01-at-17-00-46-1\/\"},{\"id\":40042,\"title\":\"WhatsApp-Image-2026-09-01-at-17.00.46-2\",\"url\":\"https:\/\/vedruna.org\/wp-content\/uploads\/2026\/09\/WhatsApp-Image-2026-09-01-at-17.00.46-2.jpeg\",\"link\":\"https:\/\/vedruna.org\/en\/whatsapp-image-2026-09-01-at-17-00-46-2\/\",\"alt\":\"\",\"description\":\"\",\"caption\":\"\",\"mime\":\"image\/jpeg\",\"type\":\"image\",\"width\":1200,\"height\":1600,\"sizes\":{\"thumbnail\":{\"height\":150,\"width\":150,\"url\":\"https:\/\/vedruna.org\/wp-content\/uploads\/2026\/09\/WhatsApp-Image-2026-09-01-at-17.00.46-2-150x150.jpeg\",\"orientation\":\"landscape\"},\"medium\":{\"height\":300,\"width\":225,\"url\":\"https:\/\/vedruna.org\/wp-content\/uploads\/2026\/09\/WhatsApp-Image-2026-09-01-at-17.00.46-2-225x300.jpeg\",\"orientation\":\"portrait\"},\"large\":{\"height\":1024,\"width\":768,\"url\":\"https:\/\/vedruna.org\/wp-content\/uploads\/2026\/09\/WhatsApp-Image-2026-09-01-at-17.00.46-2-768x1024.jpeg\",\"orientation\":\"portrait\"},\"full\":{\"url\":\"https:\/\/vedruna.org\/wp-content\/uploads\/2026\/09\/WhatsApp-Image-2026-09-01-at-17.00.46-2.jpeg\",\"height\":1600,\"width\":1200,\"orientation\":\"portrait\"}},\"imageMeta\":{\"aperture\":\"0\",\"credit\":\"\",\"camera\":\"\",\"caption\":\"\",\"created_timestamp\":\"0\",\"copyright\":\"\",\"focal_length\":\"0\",\"iso\":\"0\",\"shutter_speed\":\"0\",\"title\":\"\",\"orientation\":\"0\",\"keywords\":[],\"alt\":\"\"},\"meta\":false,\"postlink\":\"https:\/\/vedruna.org\/en\/whatsapp-image-2026-09-01-at-17-00-46-2\/\"}],\"useClobalSettings\":true,\"shareFacebook\":false,\"shareTwitter\":false,\"sharePinterest\":false,\"sliderItemDownload\":false,\"shareCopyLink\":false,\"sliderItemCounterEnable\":false,\"sliderItemTitleFontSize\":20,\"sliderSlideshow\":false,\"sliderSocialShareEnabled\":false,\"sliderZoomEnable\":false,\"translatedWithWPMLTM\":\"1\",\"itemsMetaDataCollection\":[]}<\/script><script>(function(){if(window.PGC_SGB && window.PGC_SGB.searcher){window.PGC_SGB.searcher.initBlocks()}})()<\/script><\/div>","protected":false},"excerpt":{"rendered":"<p>Le 21 ao\u00fbt 2026, nous avons eu l\u2019occasion de participer au \u00ab Vocation Jamboree \u00bb \u00e0 la cath\u00e9drale du Bon Pasteur, \u00e0 Novaliches. S\u0153ur Nelly et moi-m\u00eame avons \u00e9t\u00e9 ravies de rencontrer les servants d\u2019autel, hommes et femmes, issus des diff\u00e9rentes paroisses du dioc\u00e8se de Novaliches, et d\u2019\u00e9changer avec eux. Gr\u00e2ce \u00e0 notre modeste stand, [&hellip;]<\/p>\n","protected":false},"author":21,"featured_media":40071,"comment_status":"closed","ping_status":"closed","sticky":false,"template":"","format":"standard","meta":{"_et_pb_use_builder":"","_et_pb_old_content":"","_et_gb_content_width":"","pgc_sgb_lightbox_settings":"","footnotes":""},"categories":[301],"tags":[],"class_list":["post-40074","post","type-post","status-publish","format-standard","has-post-thumbnail","hentry","category-delegation-des-philippines"],"yoast_head":"<!-- This site is optimized with the Yoast SEO plugin v28.4 - https:\/\/yoast.com\/product\/yoast-seo-wordpress\/ -->\n<title>Les germes d&#039;une vocation qui ne demandent qu&#039;\u00e0 s&#039;\u00e9panouir - Carmelitas de la Caridad Vedruna<\/title>\n<meta name=\"description\" content=\"Aux Philippines, les s\u0153urs de Vedruna participent \u00e0 diverses manifestations consacr\u00e9es \u00e0 la vocation, afin de pr\u00e9senter notre charisme aux jeunes femmes.\" \/>\n<meta name=\"robots\" content=\"index, follow, max-snippet:-1, max-image-preview:large, max-video-preview:-1\" \/>\n<link rel=\"canonical\" href=\"https:\/\/vedruna.org\/fr\/les-germes-dune-vocation-qui-ne-demandent-qua-sepanouir\/\" \/>\n<meta property=\"og:locale\" content=\"fr_FR\" \/>\n<meta property=\"og:type\" content=\"article\" \/>\n<meta property=\"og:title\" content=\"Les germes d&#039;une vocation qui ne demandent qu&#039;\u00e0 s&#039;\u00e9panouir - Carmelitas de la Caridad Vedruna\" \/>\n<meta property=\"og:description\" content=\"Aux Philippines, les s\u0153urs de Vedruna participent \u00e0 diverses manifestations consacr\u00e9es \u00e0 la vocation, afin de pr\u00e9senter notre charisme aux jeunes femmes.\" \/>\n<meta property=\"og:url\" content=\"https:\/\/vedruna.org\/fr\/les-germes-dune-vocation-qui-ne-demandent-qua-sepanouir\/\" \/>\n<meta property=\"og:site_name\" content=\"Carmelitas de la Caridad Vedruna\" \/>\n<meta property=\"article:published_time\" content=\"2026-08-25T08:30:22+00:00\" \/>\n<meta property=\"article:modified_time\" content=\"2026-09-02T08:42:45+00:00\" \/>\n<meta property=\"og:image\" content=\"https:\/\/vedruna.org\/wp-content\/uploads\/2026\/09\/WhatsApp-Image-2026-09-01-at-17.00.46.jpeg\" \/>\n\t<meta property=\"og:image:width\" content=\"1600\" \/>\n\t<meta property=\"og:image:height\" content=\"1204\" \/>\n\t<meta property=\"og:image:type\" content=\"image\/jpeg\" \/>\n<meta name=\"author\" content=\"Maria Agustina G\u00f3mez\" \/>\n<meta name=\"twitter:card\" content=\"summary_large_image\" \/>\n<meta name=\"twitter:label1\" content=\"\u00c9crit par\" \/>\n\t<meta name=\"twitter:data1\" content=\"Maria Agustina G\u00f3mez\" \/>\n\t<meta name=\"twitter:label2\" content=\"Dur\u00e9e de lecture estim\u00e9e\" \/>\n\t<meta name=\"twitter:data2\" content=\"2 minutes\" \/>\n<script type=\"application\/ld+json\" class=\"yoast-schema-graph\">{\"@context\":\"https:\\\/\\\/schema.org\",\"@graph\":[{\"@type\":\"Article\",\"@id\":\"https:\\\/\\\/vedruna.org\\\/fr\\\/les-germes-dune-vocation-qui-ne-demandent-qua-sepanouir\\\/#article\",\"isPartOf\":{\"@id\":\"https:\\\/\\\/vedruna.org\\\/fr\\\/les-germes-dune-vocation-qui-ne-demandent-qua-sepanouir\\\/\"},\"author\":{\"name\":\"Maria Agustina G\u00f3mez\",\"@id\":\"https:\\\/\\\/vedruna.org\\\/fr\\\/#\\\/schema\\\/person\\\/95fe789adf27c2831fc5a049c727edf5\"},\"headline\":\"Les germes d&rsquo;une vocation qui ne demandent qu&rsquo;\u00e0 s&rsquo;\u00e9panouir\",\"datePublished\":\"2026-08-25T08:30:22+00:00\",\"dateModified\":\"2026-09-02T08:42:45+00:00\",\"mainEntityOfPage\":{\"@id\":\"https:\\\/\\\/vedruna.org\\\/fr\\\/les-germes-dune-vocation-qui-ne-demandent-qua-sepanouir\\\/\"},\"wordCount\":356,\"publisher\":{\"@id\":\"https:\\\/\\\/vedruna.org\\\/fr\\\/#organization\"},\"image\":{\"@id\":\"https:\\\/\\\/vedruna.org\\\/fr\\\/les-germes-dune-vocation-qui-ne-demandent-qua-sepanouir\\\/#primaryimage\"},\"thumbnailUrl\":\"https:\\\/\\\/vedruna.org\\\/wp-content\\\/uploads\\\/2026\\\/09\\\/WhatsApp-Image-2026-09-01-at-17.00.46.jpeg\",\"articleSection\":[\"D\u00e9l\u00e9gation des Philippines\"],\"inLanguage\":\"fr-FR\"},{\"@type\":\"WebPage\",\"@id\":\"https:\\\/\\\/vedruna.org\\\/fr\\\/les-germes-dune-vocation-qui-ne-demandent-qua-sepanouir\\\/\",\"url\":\"https:\\\/\\\/vedruna.org\\\/fr\\\/les-germes-dune-vocation-qui-ne-demandent-qua-sepanouir\\\/\",\"name\":\"Les germes d'une vocation qui ne demandent qu'\u00e0 s'\u00e9panouir - Carmelitas de la Caridad Vedruna\",\"isPartOf\":{\"@id\":\"https:\\\/\\\/vedruna.org\\\/fr\\\/#website\"},\"primaryImageOfPage\":{\"@id\":\"https:\\\/\\\/vedruna.org\\\/fr\\\/les-germes-dune-vocation-qui-ne-demandent-qua-sepanouir\\\/#primaryimage\"},\"image\":{\"@id\":\"https:\\\/\\\/vedruna.org\\\/fr\\\/les-germes-dune-vocation-qui-ne-demandent-qua-sepanouir\\\/#primaryimage\"},\"thumbnailUrl\":\"https:\\\/\\\/vedruna.org\\\/wp-content\\\/uploads\\\/2026\\\/09\\\/WhatsApp-Image-2026-09-01-at-17.00.46.jpeg\",\"datePublished\":\"2026-08-25T08:30:22+00:00\",\"dateModified\":\"2026-09-02T08:42:45+00:00\",\"description\":\"Aux Philippines, les s\u0153urs de Vedruna participent \u00e0 diverses manifestations consacr\u00e9es \u00e0 la vocation, afin de pr\u00e9senter notre charisme aux jeunes femmes.\",\"breadcrumb\":{\"@id\":\"https:\\\/\\\/vedruna.org\\\/fr\\\/les-germes-dune-vocation-qui-ne-demandent-qua-sepanouir\\\/#breadcrumb\"},\"inLanguage\":\"fr-FR\",\"potentialAction\":[{\"@type\":\"ReadAction\",\"target\":[\"https:\\\/\\\/vedruna.org\\\/fr\\\/les-germes-dune-vocation-qui-ne-demandent-qua-sepanouir\\\/\"]}]},{\"@type\":\"ImageObject\",\"inLanguage\":\"fr-FR\",\"@id\":\"https:\\\/\\\/vedruna.org\\\/fr\\\/les-germes-dune-vocation-qui-ne-demandent-qua-sepanouir\\\/#primaryimage\",\"url\":\"https:\\\/\\\/vedruna.org\\\/wp-content\\\/uploads\\\/2026\\\/09\\\/WhatsApp-Image-2026-09-01-at-17.00.46.jpeg\",\"contentUrl\":\"https:\\\/\\\/vedruna.org\\\/wp-content\\\/uploads\\\/2026\\\/09\\\/WhatsApp-Image-2026-09-01-at-17.00.46.jpeg\",\"width\":1600,\"height\":1204},{\"@type\":\"BreadcrumbList\",\"@id\":\"https:\\\/\\\/vedruna.org\\\/fr\\\/les-germes-dune-vocation-qui-ne-demandent-qua-sepanouir\\\/#breadcrumb\",\"itemListElement\":[{\"@type\":\"ListItem\",\"position\":1,\"name\":\"Portada\",\"item\":\"https:\\\/\\\/vedruna.org\\\/fr\\\/\"},{\"@type\":\"ListItem\",\"position\":2,\"name\":\"Les germes d&rsquo;une vocation qui ne demandent qu&rsquo;\u00e0 s&rsquo;\u00e9panouir\"}]},{\"@type\":\"WebSite\",\"@id\":\"https:\\\/\\\/vedruna.org\\\/fr\\\/#website\",\"url\":\"https:\\\/\\\/vedruna.org\\\/fr\\\/\",\"name\":\"Carmelitas de la Caridad Vedruna\",\"description\":\"Carmelitas de la caridad\",\"publisher\":{\"@id\":\"https:\\\/\\\/vedruna.org\\\/fr\\\/#organization\"},\"potentialAction\":[{\"@type\":\"SearchAction\",\"target\":{\"@type\":\"EntryPoint\",\"urlTemplate\":\"https:\\\/\\\/vedruna.org\\\/fr\\\/?s={search_term_string}\"},\"query-input\":{\"@type\":\"PropertyValueSpecification\",\"valueRequired\":true,\"valueName\":\"search_term_string\"}}],\"inLanguage\":\"fr-FR\"},{\"@type\":\"Organization\",\"@id\":\"https:\\\/\\\/vedruna.org\\\/fr\\\/#organization\",\"name\":\"Carmelitas de la caridad Vedruna\",\"url\":\"https:\\\/\\\/vedruna.org\\\/fr\\\/\",\"logo\":{\"@type\":\"ImageObject\",\"inLanguage\":\"fr-FR\",\"@id\":\"https:\\\/\\\/vedruna.org\\\/fr\\\/#\\\/schema\\\/logo\\\/image\\\/\",\"url\":\"https:\\\/\\\/vedruna.org\\\/wp-content\\\/uploads\\\/2022\\\/04\\\/LOGO-VEDRUNA-HORIZONTAL.png\",\"contentUrl\":\"https:\\\/\\\/vedruna.org\\\/wp-content\\\/uploads\\\/2022\\\/04\\\/LOGO-VEDRUNA-HORIZONTAL.png\",\"width\":1200,\"height\":463,\"caption\":\"Carmelitas de la caridad Vedruna\"},\"image\":{\"@id\":\"https:\\\/\\\/vedruna.org\\\/fr\\\/#\\\/schema\\\/logo\\\/image\\\/\"}},{\"@type\":\"Person\",\"@id\":\"https:\\\/\\\/vedruna.org\\\/fr\\\/#\\\/schema\\\/person\\\/95fe789adf27c2831fc5a049c727edf5\",\"name\":\"Maria Agustina G\u00f3mez\",\"image\":{\"@type\":\"ImageObject\",\"inLanguage\":\"fr-FR\",\"@id\":\"https:\\\/\\\/secure.gravatar.com\\\/avatar\\\/8af3ece86571c098b978434bbc43b948c403c1ae191f09a04e94f916638ceb2c?s=96&d=mm&r=g\",\"url\":\"https:\\\/\\\/secure.gravatar.com\\\/avatar\\\/8af3ece86571c098b978434bbc43b948c403c1ae191f09a04e94f916638ceb2c?s=96&d=mm&r=g\",\"contentUrl\":\"https:\\\/\\\/secure.gravatar.com\\\/avatar\\\/8af3ece86571c098b978434bbc43b948c403c1ae191f09a04e94f916638ceb2c?s=96&d=mm&r=g\",\"caption\":\"Maria Agustina G\u00f3mez\"},\"url\":\"https:\\\/\\\/vedruna.org\\\/fr\\\/author\\\/agustina-gomez\\\/\"}]}<\/script>\n<!-- \/ Yoast SEO plugin. -->","yoast_head_json":{"title":"Les germes d'une vocation qui ne demandent qu'\u00e0 s'\u00e9panouir - Carmelitas de la Caridad Vedruna","description":"Aux Philippines, les s\u0153urs de Vedruna participent \u00e0 diverses manifestations consacr\u00e9es \u00e0 la vocation, afin de pr\u00e9senter notre charisme aux jeunes femmes.","robots":{"index":"index","follow":"follow","max-snippet":"max-snippet:-1","max-image-preview":"max-image-preview:large","max-video-preview":"max-video-preview:-1"},"canonical":"https:\/\/vedruna.org\/fr\/les-germes-dune-vocation-qui-ne-demandent-qua-sepanouir\/","og_locale":"fr_FR","og_type":"article","og_title":"Les germes d'une vocation qui ne demandent qu'\u00e0 s'\u00e9panouir - Carmelitas de la Caridad Vedruna","og_description":"Aux Philippines, les s\u0153urs de Vedruna participent \u00e0 diverses manifestations consacr\u00e9es \u00e0 la vocation, afin de pr\u00e9senter notre charisme aux jeunes femmes.","og_url":"https:\/\/vedruna.org\/fr\/les-germes-dune-vocation-qui-ne-demandent-qua-sepanouir\/","og_site_name":"Carmelitas de la Caridad Vedruna","article_published_time":"2026-08-25T08:30:22+00:00","article_modified_time":"2026-09-02T08:42:45+00:00","og_image":[{"width":1600,"height":1204,"url":"https:\/\/vedruna.org\/wp-content\/uploads\/2026\/09\/WhatsApp-Image-2026-09-01-at-17.00.46.jpeg","type":"image\/jpeg"}],"author":"Maria Agustina G\u00f3mez","twitter_card":"summary_large_image","twitter_misc":{"\u00c9crit par":"Maria Agustina G\u00f3mez","Dur\u00e9e de lecture estim\u00e9e":"2 minutes"},"schema":{"@context":"https:\/\/schema.org","@graph":[{"@type":"Article","@id":"https:\/\/vedruna.org\/fr\/les-germes-dune-vocation-qui-ne-demandent-qua-sepanouir\/#article","isPartOf":{"@id":"https:\/\/vedruna.org\/fr\/les-germes-dune-vocation-qui-ne-demandent-qua-sepanouir\/"},"author":{"name":"Maria Agustina G\u00f3mez","@id":"https:\/\/vedruna.org\/fr\/#\/schema\/person\/95fe789adf27c2831fc5a049c727edf5"},"headline":"Les germes d&rsquo;une vocation qui ne demandent qu&rsquo;\u00e0 s&rsquo;\u00e9panouir","datePublished":"2026-08-25T08:30:22+00:00","dateModified":"2026-09-02T08:42:45+00:00","mainEntityOfPage":{"@id":"https:\/\/vedruna.org\/fr\/les-germes-dune-vocation-qui-ne-demandent-qua-sepanouir\/"},"wordCount":356,"publisher":{"@id":"https:\/\/vedruna.org\/fr\/#organization"},"image":{"@id":"https:\/\/vedruna.org\/fr\/les-germes-dune-vocation-qui-ne-demandent-qua-sepanouir\/#primaryimage"},"thumbnailUrl":"https:\/\/vedruna.org\/wp-content\/uploads\/2026\/09\/WhatsApp-Image-2026-09-01-at-17.00.46.jpeg","articleSection":["D\u00e9l\u00e9gation des Philippines"],"inLanguage":"fr-FR"},{"@type":"WebPage","@id":"https:\/\/vedruna.org\/fr\/les-germes-dune-vocation-qui-ne-demandent-qua-sepanouir\/","url":"https:\/\/vedruna.org\/fr\/les-germes-dune-vocation-qui-ne-demandent-qua-sepanouir\/","name":"Les germes d'une vocation qui ne demandent qu'\u00e0 s'\u00e9panouir - Carmelitas de la Caridad Vedruna","isPartOf":{"@id":"https:\/\/vedruna.org\/fr\/#website"},"primaryImageOfPage":{"@id":"https:\/\/vedruna.org\/fr\/les-germes-dune-vocation-qui-ne-demandent-qua-sepanouir\/#primaryimage"},"image":{"@id":"https:\/\/vedruna.org\/fr\/les-germes-dune-vocation-qui-ne-demandent-qua-sepanouir\/#primaryimage"},"thumbnailUrl":"https:\/\/vedruna.org\/wp-content\/uploads\/2026\/09\/WhatsApp-Image-2026-09-01-at-17.00.46.jpeg","datePublished":"2026-08-25T08:30:22+00:00","dateModified":"2026-09-02T08:42:45+00:00","description":"Aux Philippines, les s\u0153urs de Vedruna participent \u00e0 diverses manifestations consacr\u00e9es \u00e0 la vocation, afin de pr\u00e9senter notre charisme aux jeunes femmes.","breadcrumb":{"@id":"https:\/\/vedruna.org\/fr\/les-germes-dune-vocation-qui-ne-demandent-qua-sepanouir\/#breadcrumb"},"inLanguage":"fr-FR","potentialAction":[{"@type":"ReadAction","target":["https:\/\/vedruna.org\/fr\/les-germes-dune-vocation-qui-ne-demandent-qua-sepanouir\/"]}]},{"@type":"ImageObject","inLanguage":"fr-FR","@id":"https:\/\/vedruna.org\/fr\/les-germes-dune-vocation-qui-ne-demandent-qua-sepanouir\/#primaryimage","url":"https:\/\/vedruna.org\/wp-content\/uploads\/2026\/09\/WhatsApp-Image-2026-09-01-at-17.00.46.jpeg","contentUrl":"https:\/\/vedruna.org\/wp-content\/uploads\/2026\/09\/WhatsApp-Image-2026-09-01-at-17.00.46.jpeg","width":1600,"height":1204},{"@type":"BreadcrumbList","@id":"https:\/\/vedruna.org\/fr\/les-germes-dune-vocation-qui-ne-demandent-qua-sepanouir\/#breadcrumb","itemListElement":[{"@type":"ListItem","position":1,"name":"Portada","item":"https:\/\/vedruna.org\/fr\/"},{"@type":"ListItem","position":2,"name":"Les germes d&rsquo;une vocation qui ne demandent qu&rsquo;\u00e0 s&rsquo;\u00e9panouir"}]},{"@type":"WebSite","@id":"https:\/\/vedruna.org\/fr\/#website","url":"https:\/\/vedruna.org\/fr\/","name":"Carmelitas de la Caridad Vedruna","description":"Carmelitas de la caridad","publisher":{"@id":"https:\/\/vedruna.org\/fr\/#organization"},"potentialAction":[{"@type":"SearchAction","target":{"@type":"EntryPoint","urlTemplate":"https:\/\/vedruna.org\/fr\/?s={search_term_string}"},"query-input":{"@type":"PropertyValueSpecification","valueRequired":true,"valueName":"search_term_string"}}],"inLanguage":"fr-FR"},{"@type":"Organization","@id":"https:\/\/vedruna.org\/fr\/#organization","name":"Carmelitas de la caridad Vedruna","url":"https:\/\/vedruna.org\/fr\/","logo":{"@type":"ImageObject","inLanguage":"fr-FR","@id":"https:\/\/vedruna.org\/fr\/#\/schema\/logo\/image\/","url":"https:\/\/vedruna.org\/wp-content\/uploads\/2022\/04\/LOGO-VEDRUNA-HORIZONTAL.png","contentUrl":"https:\/\/vedruna.org\/wp-content\/uploads\/2022\/04\/LOGO-VEDRUNA-HORIZONTAL.png","width":1200,"height":463,"caption":"Carmelitas de la caridad Vedruna"},"image":{"@id":"https:\/\/vedruna.org\/fr\/#\/schema\/logo\/image\/"}},{"@type":"Person","@id":"https:\/\/vedruna.org\/fr\/#\/schema\/person\/95fe789adf27c2831fc5a049c727edf5","name":"Maria Agustina G\u00f3mez","image":{"@type":"ImageObject","inLanguage":"fr-FR","@id":"https:\/\/secure.gravatar.com\/avatar\/8af3ece86571c098b978434bbc43b948c403c1ae191f09a04e94f916638ceb2c?s=96&d=mm&r=g","url":"https:\/\/secure.gravatar.com\/avatar\/8af3ece86571c098b978434bbc43b948c403c1ae191f09a04e94f916638ceb2c?s=96&d=mm&r=g","contentUrl":"https:\/\/secure.gravatar.com\/avatar\/8af3ece86571c098b978434bbc43b948c403c1ae191f09a04e94f916638ceb2c?s=96&d=mm&r=g","caption":"Maria Agustina G\u00f3mez"},"url":"https:\/\/vedruna.org\/fr\/author\/agustina-gomez\/"}]}},"_links":{"self":[{"href":"https:\/\/vedruna.org\/fr\/wp-json\/wp\/v2\/posts\/40074","targetHints":{"allow":["GET"]}}],"collection":[{"href":"https:\/\/vedruna.org\/fr\/wp-json\/wp\/v2\/posts"}],"about":[{"href":"https:\/\/vedruna.org\/fr\/wp-json\/wp\/v2\/types\/post"}],"author":[{"embeddable":true,"href":"https:\/\/vedruna.org\/fr\/wp-json\/wp\/v2\/users\/21"}],"replies":[{"embeddable":true,"href":"https:\/\/vedruna.org\/fr\/wp-json\/wp\/v2\/comments?post=40074"}],"version-history":[{"count":3,"href":"https:\/\/vedruna.org\/fr\/wp-json\/wp\/v2\/posts\/40074\/revisions"}],"predecessor-version":[{"id":40085,"href":"https:\/\/vedruna.org\/fr\/wp-json\/wp\/v2\/posts\/40074\/revisions\/40085"}],"wp:featuredmedia":[{"embeddable":true,"href":"https:\/\/vedruna.org\/fr\/wp-json\/wp\/v2\/media\/40071"}],"wp:attachment":[{"href":"https:\/\/vedruna.org\/fr\/wp-json\/wp\/v2\/media?parent=40074"}],"wp:term":[{"taxonomy":"category","embeddable":true,"href":"https:\/\/vedruna.org\/fr\/wp-json\/wp\/v2\/categories?post=40074"},{"taxonomy":"post_tag","embeddable":true,"href":"https:\/\/vedruna.org\/fr\/wp-json\/wp\/v2\/tags?post=40074"}],"curies":[{"name":"wp","href":"https:\/\/api.w.org\/{rel}","templated":true}]}}