{"id":40096,"date":"2026-08-29T10:44:34","date_gmt":"2026-08-29T08:44:34","guid":{"rendered":"https:\/\/vedruna.org\/dans-le-giron-de-la-maison-de-notre-mere\/"},"modified":"2026-09-02T10:59:49","modified_gmt":"2026-09-02T08:59:49","slug":"dans-le-giron-de-la-maison-de-notre-mere","status":"publish","type":"post","link":"https:\/\/vedruna.org\/fr\/dans-le-giron-de-la-maison-de-notre-mere\/","title":{"rendered":"Dans le giron de la maison de notre m\u00e8re"},"content":{"rendered":"\n<p class=\"wp-block-paragraph\">Ce fut l&rsquo;une des c\u00e9l\u00e9brations du bicentenaire les plus joyeuses et les plus enrichissantes, refl\u00e9tant v\u00e9ritablement l&rsquo;esprit et les sentiments qui r\u00e9gnaient au Manso Escorial en 1826.<\/p>\n\n<p class=\"wp-block-paragraph\">La communaut\u00e9 Vedruna d\u2019Oshiwara offre un foyer chaleureux \u00e0 23 jeunes filles sans abri qui ont \u00e9t\u00e9 sauv\u00e9es de la rue. Depuis 29 ans, nous participons \u00e0 cette mission j\u00e9suite qui consiste \u00e0 accueillir les personnes sans abri \u2014 un engagement qui se poursuit 24 heures sur 24, avec amour, attention et d\u00e9vouement. <\/p>\n\n<p class=\"wp-block-paragraph\">La joie de ces 23 jeunes filles \u00e9tait immense alors qu&rsquo;elles se pr\u00e9paraient \u00e0 c\u00e9l\u00e9brer cette journ\u00e9e sp\u00e9ciale avec les s\u0153urs et les autres invit\u00e9s. Les enfants du foyer voisin, pris en charge par les S\u0153urs de Sainte-Anne, se sont \u00e9galement joints \u00e0 nous pour la c\u00e9l\u00e9bration eucharistique, conc\u00e9l\u00e9br\u00e9e par le directeur du centre, le p\u00e8re Francis Fernandes, SJ.  <\/p>\n\n<p class=\"wp-block-paragraph\">La pr\u00e9sence de S\u0153ur Daisy et ses paroles de reconnaissance ont \u00e9t\u00e9 tr\u00e8s appr\u00e9ci\u00e9es par la communaut\u00e9 et ont constitu\u00e9 une grande source d&rsquo;encouragement et de motivation pour la communaut\u00e9 d&rsquo;Oshiwara. <\/p>\n\n<p class=\"wp-block-paragraph\">Que sainte Joaquina nous inspire et nous donne la force et le z\u00e8le n\u00e9cessaires pour garder ces enfants pr\u00e8s de notre c\u0153ur, en les accueillant avec compassion, amour et tendresse.<\/p>\n\n<p class=\"has-text-align-right wp-block-paragraph\"><strong>S\u0153ur Sulochana Gamit, ccv <\/strong><\/p>\n<div class=\"pgc-sgb-cb wp-block-pgcsimplygalleryblock-justified \" data-gallery-id=\"38c78725\"><div class=\"sgb-preloader\" id=\"pr_38c78725\">\n\t<div class=\"sgb-square\" style=\"background:#d4d4d4\"><\/div>\n\t<div class=\"sgb-square\" style=\"background:#d4d4d4\"><\/div>\n\t<div class=\"sgb-square\" style=\"background:#d4d4d4\"><\/div>\n\t<div class=\"sgb-square\" style=\"background:#d4d4d4\"><\/div><\/div><div class=\"simply-gallery-amp pgc_sgb_slider \"><noscript><div class=\"sgb-gallery\"><div class=\"sgb-item\"><a href=\"https:\/\/vedruna.org\/en\/oshiwara\/\" target=\"_blank\"><img decoding=\"async\" alt=\"\" width=\"300\" height=\"160\" loading=\"lazy\" src=\"https:\/\/vedruna.org\/wp-content\/uploads\/2026\/09\/Oshiwara-300x160.jpg\" srcset=\"https:\/\/vedruna.org\/wp-content\/uploads\/2026\/09\/Oshiwara-300x160.jpg 300w,https:\/\/vedruna.org\/wp-content\/uploads\/2026\/09\/Oshiwara-1024x546.jpg 1024w,https:\/\/vedruna.org\/wp-content\/uploads\/2026\/09\/Oshiwara.jpg 1920w\" sizes=\"250px\"\/><\/a><\/div><div class=\"sgb-item\"><a href=\"https:\/\/vedruna.org\/en\/oshiwara-1\/\" target=\"_blank\"><img decoding=\"async\" alt=\"\" width=\"300\" height=\"156\" loading=\"lazy\" src=\"https:\/\/vedruna.org\/wp-content\/uploads\/2026\/09\/Oshiwara-1-300x156.jpg\" srcset=\"https:\/\/vedruna.org\/wp-content\/uploads\/2026\/09\/Oshiwara-1-300x156.jpg 300w,https:\/\/vedruna.org\/wp-content\/uploads\/2026\/09\/Oshiwara-1-1024x534.jpg 1024w,https:\/\/vedruna.org\/wp-content\/uploads\/2026\/09\/Oshiwara-1-scaled.jpg 2560w\" sizes=\"250px\"\/><\/a><\/div><\/div><\/noscript><\/div><script type=\"application\/json\" class=\"sgb-data\">{\"lastRowFill\":true,\"externalLink\":false,\"captions\":false,\"collectionThumbSubMenuDownload\":false,\"collectionThumbSubMenuShare\":false,\"galleryType\":\"pgc_sgb_justified\",\"galleryId\":\"38c78725\",\"images\":[{\"id\":40065,\"title\":\"Oshiwara\",\"url\":\"https:\/\/vedruna.org\/wp-content\/uploads\/2026\/09\/Oshiwara.jpg\",\"link\":\"https:\/\/vedruna.org\/en\/oshiwara\/\",\"alt\":\"\",\"description\":\"\",\"caption\":\"\",\"mime\":\"image\/jpeg\",\"type\":\"image\",\"width\":1920,\"height\":1024,\"sizes\":{\"thumbnail\":{\"height\":150,\"width\":150,\"url\":\"https:\/\/vedruna.org\/wp-content\/uploads\/2026\/09\/Oshiwara-150x150.jpg\",\"orientation\":\"landscape\"},\"medium\":{\"height\":160,\"width\":300,\"url\":\"https:\/\/vedruna.org\/wp-content\/uploads\/2026\/09\/Oshiwara-300x160.jpg\",\"orientation\":\"landscape\"},\"large\":{\"height\":546,\"width\":1024,\"url\":\"https:\/\/vedruna.org\/wp-content\/uploads\/2026\/09\/Oshiwara-1024x546.jpg\",\"orientation\":\"landscape\"},\"full\":{\"url\":\"https:\/\/vedruna.org\/wp-content\/uploads\/2026\/09\/Oshiwara.jpg\",\"height\":1024,\"width\":1920,\"orientation\":\"landscape\"}},\"imageMeta\":{\"aperture\":\"1.65\",\"credit\":\"\",\"camera\":\"22101316UP\",\"caption\":\"\",\"created_timestamp\":\"1788117180\",\"copyright\":\"\",\"focal_length\":\"6.14\",\"iso\":\"4963\",\"shutter_speed\":\"0.009997\",\"title\":\"\",\"orientation\":\"1\",\"keywords\":[],\"alt\":\"\"},\"meta\":false,\"postlink\":\"https:\/\/vedruna.org\/en\/oshiwara\/\"},{\"id\":40064,\"title\":\"Oshiwara-1\",\"url\":\"https:\/\/vedruna.org\/wp-content\/uploads\/2026\/09\/Oshiwara-1-scaled.jpg\",\"link\":\"https:\/\/vedruna.org\/en\/oshiwara-1\/\",\"alt\":\"\",\"description\":\"\",\"caption\":\"\",\"mime\":\"image\/jpeg\",\"type\":\"image\",\"width\":2560,\"height\":1335,\"sizes\":{\"thumbnail\":{\"height\":150,\"width\":150,\"url\":\"https:\/\/vedruna.org\/wp-content\/uploads\/2026\/09\/Oshiwara-1-150x150.jpg\",\"orientation\":\"landscape\"},\"medium\":{\"height\":156,\"width\":300,\"url\":\"https:\/\/vedruna.org\/wp-content\/uploads\/2026\/09\/Oshiwara-1-300x156.jpg\",\"orientation\":\"landscape\"},\"large\":{\"height\":534,\"width\":1024,\"url\":\"https:\/\/vedruna.org\/wp-content\/uploads\/2026\/09\/Oshiwara-1-1024x534.jpg\",\"orientation\":\"landscape\"},\"full\":{\"url\":\"https:\/\/vedruna.org\/wp-content\/uploads\/2026\/09\/Oshiwara-1-scaled.jpg\",\"height\":1335,\"width\":2560,\"orientation\":\"landscape\"}},\"imageMeta\":{\"aperture\":\"1.65\",\"credit\":\"\",\"camera\":\"22101316UP\",\"caption\":\"\",\"created_timestamp\":\"1788121462\",\"copyright\":\"\",\"focal_length\":\"6.14\",\"iso\":\"1284\",\"shutter_speed\":\"0.030009\",\"title\":\"\",\"orientation\":\"1\",\"keywords\":[],\"alt\":\"\"},\"meta\":false,\"postlink\":\"https:\/\/vedruna.org\/en\/oshiwara-1\/\"}],\"useClobalSettings\":true,\"shareFacebook\":false,\"shareTwitter\":false,\"sharePinterest\":false,\"sliderItemDownload\":false,\"shareCopyLink\":false,\"sliderItemCounterEnable\":false,\"sliderItemTitleFontSize\":20,\"sliderSlideshow\":false,\"sliderSocialShareEnabled\":false,\"sliderZoomEnable\":false,\"translatedWithWPMLTM\":\"1\",\"itemsMetaDataCollection\":[]}<\/script><script>(function(){if(window.PGC_SGB && window.PGC_SGB.searcher){window.PGC_SGB.searcher.initBlocks()}})()<\/script><\/div>","protected":false},"excerpt":{"rendered":"<p>Ce fut l&rsquo;une des c\u00e9l\u00e9brations du bicentenaire les plus joyeuses et les plus enrichissantes, refl\u00e9tant v\u00e9ritablement l&rsquo;esprit et les sentiments qui r\u00e9gnaient au Manso Escorial en 1826. La communaut\u00e9 Vedruna d\u2019Oshiwara offre un foyer chaleureux \u00e0 23 jeunes filles sans abri qui ont \u00e9t\u00e9 sauv\u00e9es de la rue. Depuis 29 ans, nous participons \u00e0 cette [&hellip;]<\/p>\n","protected":false},"author":21,"featured_media":40095,"comment_status":"closed","ping_status":"closed","sticky":false,"template":"","format":"standard","meta":{"_et_pb_use_builder":"","_et_pb_old_content":"","_et_gb_content_width":"","pgc_sgb_lightbox_settings":"","footnotes":""},"categories":[557,571,284],"tags":[],"class_list":["post-40096","post","type-post","status-publish","format-standard","has-post-thumbnail","hentry","category-bicentenaire-inde","category-bicentenaire-inde-2","category-province-de-linde"],"yoast_head":"<!-- This site is optimized with the Yoast SEO plugin v28.4 - https:\/\/yoast.com\/product\/yoast-seo-wordpress\/ -->\n<title>Dans le giron de la maison de notre m\u00e8re - Carmelitas de la Caridad Vedruna<\/title>\n<meta name=\"description\" content=\"La communaut\u00e9 d&#039;Oshiwara c\u00e9l\u00e8bre le bicentenaire de Vedruna en compagnie de ses 23 jeunes filles, des enfants du foyer voisin et des s\u0153urs.\" \/>\n<meta name=\"robots\" content=\"index, follow, max-snippet:-1, max-image-preview:large, max-video-preview:-1\" \/>\n<link rel=\"canonical\" href=\"https:\/\/vedruna.org\/fr\/dans-le-giron-de-la-maison-de-notre-mere\/\" \/>\n<meta property=\"og:locale\" content=\"fr_FR\" \/>\n<meta property=\"og:type\" content=\"article\" \/>\n<meta property=\"og:title\" content=\"Dans le giron de la maison de notre m\u00e8re - Carmelitas de la Caridad Vedruna\" \/>\n<meta property=\"og:description\" content=\"La communaut\u00e9 d&#039;Oshiwara c\u00e9l\u00e8bre le bicentenaire de Vedruna en compagnie de ses 23 jeunes filles, des enfants du foyer voisin et des s\u0153urs.\" \/>\n<meta property=\"og:url\" content=\"https:\/\/vedruna.org\/fr\/dans-le-giron-de-la-maison-de-notre-mere\/\" \/>\n<meta property=\"og:site_name\" content=\"Carmelitas de la Caridad Vedruna\" \/>\n<meta property=\"article:published_time\" content=\"2026-08-29T08:44:34+00:00\" \/>\n<meta property=\"article:modified_time\" content=\"2026-09-02T08:59:49+00:00\" \/>\n<meta property=\"og:image\" content=\"https:\/\/vedruna.org\/wp-content\/uploads\/2026\/09\/Oshiwara-1-scaled.jpg\" \/>\n\t<meta property=\"og:image:width\" content=\"2560\" \/>\n\t<meta property=\"og:image:height\" content=\"1335\" \/>\n\t<meta property=\"og:image:type\" content=\"image\/jpeg\" \/>\n<meta name=\"author\" content=\"Maria Agustina G\u00f3mez\" \/>\n<meta name=\"twitter:card\" content=\"summary_large_image\" \/>\n<meta name=\"twitter:label1\" content=\"\u00c9crit par\" \/>\n\t<meta name=\"twitter:data1\" content=\"Maria Agustina G\u00f3mez\" \/>\n\t<meta name=\"twitter:label2\" content=\"Dur\u00e9e de lecture estim\u00e9e\" \/>\n\t<meta name=\"twitter:data2\" content=\"1 minute\" \/>\n<script type=\"application\/ld+json\" class=\"yoast-schema-graph\">{\"@context\":\"https:\\\/\\\/schema.org\",\"@graph\":[{\"@type\":\"Article\",\"@id\":\"https:\\\/\\\/vedruna.org\\\/fr\\\/dans-le-giron-de-la-maison-de-notre-mere\\\/#article\",\"isPartOf\":{\"@id\":\"https:\\\/\\\/vedruna.org\\\/fr\\\/dans-le-giron-de-la-maison-de-notre-mere\\\/\"},\"author\":{\"name\":\"Maria Agustina G\u00f3mez\",\"@id\":\"https:\\\/\\\/vedruna.org\\\/fr\\\/#\\\/schema\\\/person\\\/95fe789adf27c2831fc5a049c727edf5\"},\"headline\":\"Dans le giron de la maison de notre m\u00e8re\",\"datePublished\":\"2026-08-29T08:44:34+00:00\",\"dateModified\":\"2026-09-02T08:59:49+00:00\",\"mainEntityOfPage\":{\"@id\":\"https:\\\/\\\/vedruna.org\\\/fr\\\/dans-le-giron-de-la-maison-de-notre-mere\\\/\"},\"wordCount\":240,\"publisher\":{\"@id\":\"https:\\\/\\\/vedruna.org\\\/fr\\\/#organization\"},\"image\":{\"@id\":\"https:\\\/\\\/vedruna.org\\\/fr\\\/dans-le-giron-de-la-maison-de-notre-mere\\\/#primaryimage\"},\"thumbnailUrl\":\"https:\\\/\\\/vedruna.org\\\/wp-content\\\/uploads\\\/2026\\\/09\\\/Oshiwara-1-scaled.jpg\",\"articleSection\":[\"Bicentenaire Inde\",\"Bicentenaire Inde\",\"Province de l'Inde\"],\"inLanguage\":\"fr-FR\"},{\"@type\":\"WebPage\",\"@id\":\"https:\\\/\\\/vedruna.org\\\/fr\\\/dans-le-giron-de-la-maison-de-notre-mere\\\/\",\"url\":\"https:\\\/\\\/vedruna.org\\\/fr\\\/dans-le-giron-de-la-maison-de-notre-mere\\\/\",\"name\":\"Dans le giron de la maison de notre m\u00e8re - Carmelitas de la Caridad Vedruna\",\"isPartOf\":{\"@id\":\"https:\\\/\\\/vedruna.org\\\/fr\\\/#website\"},\"primaryImageOfPage\":{\"@id\":\"https:\\\/\\\/vedruna.org\\\/fr\\\/dans-le-giron-de-la-maison-de-notre-mere\\\/#primaryimage\"},\"image\":{\"@id\":\"https:\\\/\\\/vedruna.org\\\/fr\\\/dans-le-giron-de-la-maison-de-notre-mere\\\/#primaryimage\"},\"thumbnailUrl\":\"https:\\\/\\\/vedruna.org\\\/wp-content\\\/uploads\\\/2026\\\/09\\\/Oshiwara-1-scaled.jpg\",\"datePublished\":\"2026-08-29T08:44:34+00:00\",\"dateModified\":\"2026-09-02T08:59:49+00:00\",\"description\":\"La communaut\u00e9 d'Oshiwara c\u00e9l\u00e8bre le bicentenaire de Vedruna en compagnie de ses 23 jeunes filles, des enfants du foyer voisin et des s\u0153urs.\",\"breadcrumb\":{\"@id\":\"https:\\\/\\\/vedruna.org\\\/fr\\\/dans-le-giron-de-la-maison-de-notre-mere\\\/#breadcrumb\"},\"inLanguage\":\"fr-FR\",\"potentialAction\":[{\"@type\":\"ReadAction\",\"target\":[\"https:\\\/\\\/vedruna.org\\\/fr\\\/dans-le-giron-de-la-maison-de-notre-mere\\\/\"]}]},{\"@type\":\"ImageObject\",\"inLanguage\":\"fr-FR\",\"@id\":\"https:\\\/\\\/vedruna.org\\\/fr\\\/dans-le-giron-de-la-maison-de-notre-mere\\\/#primaryimage\",\"url\":\"https:\\\/\\\/vedruna.org\\\/wp-content\\\/uploads\\\/2026\\\/09\\\/Oshiwara-1-scaled.jpg\",\"contentUrl\":\"https:\\\/\\\/vedruna.org\\\/wp-content\\\/uploads\\\/2026\\\/09\\\/Oshiwara-1-scaled.jpg\",\"width\":2560,\"height\":1335},{\"@type\":\"BreadcrumbList\",\"@id\":\"https:\\\/\\\/vedruna.org\\\/fr\\\/dans-le-giron-de-la-maison-de-notre-mere\\\/#breadcrumb\",\"itemListElement\":[{\"@type\":\"ListItem\",\"position\":1,\"name\":\"Portada\",\"item\":\"https:\\\/\\\/vedruna.org\\\/fr\\\/\"},{\"@type\":\"ListItem\",\"position\":2,\"name\":\"Dans le giron de la maison de notre m\u00e8re\"}]},{\"@type\":\"WebSite\",\"@id\":\"https:\\\/\\\/vedruna.org\\\/fr\\\/#website\",\"url\":\"https:\\\/\\\/vedruna.org\\\/fr\\\/\",\"name\":\"Carmelitas de la Caridad Vedruna\",\"description\":\"Carmelitas de la caridad\",\"publisher\":{\"@id\":\"https:\\\/\\\/vedruna.org\\\/fr\\\/#organization\"},\"potentialAction\":[{\"@type\":\"SearchAction\",\"target\":{\"@type\":\"EntryPoint\",\"urlTemplate\":\"https:\\\/\\\/vedruna.org\\\/fr\\\/?s={search_term_string}\"},\"query-input\":{\"@type\":\"PropertyValueSpecification\",\"valueRequired\":true,\"valueName\":\"search_term_string\"}}],\"inLanguage\":\"fr-FR\"},{\"@type\":\"Organization\",\"@id\":\"https:\\\/\\\/vedruna.org\\\/fr\\\/#organization\",\"name\":\"Carmelitas de la caridad Vedruna\",\"url\":\"https:\\\/\\\/vedruna.org\\\/fr\\\/\",\"logo\":{\"@type\":\"ImageObject\",\"inLanguage\":\"fr-FR\",\"@id\":\"https:\\\/\\\/vedruna.org\\\/fr\\\/#\\\/schema\\\/logo\\\/image\\\/\",\"url\":\"https:\\\/\\\/vedruna.org\\\/wp-content\\\/uploads\\\/2022\\\/04\\\/LOGO-VEDRUNA-HORIZONTAL.png\",\"contentUrl\":\"https:\\\/\\\/vedruna.org\\\/wp-content\\\/uploads\\\/2022\\\/04\\\/LOGO-VEDRUNA-HORIZONTAL.png\",\"width\":1200,\"height\":463,\"caption\":\"Carmelitas de la caridad Vedruna\"},\"image\":{\"@id\":\"https:\\\/\\\/vedruna.org\\\/fr\\\/#\\\/schema\\\/logo\\\/image\\\/\"}},{\"@type\":\"Person\",\"@id\":\"https:\\\/\\\/vedruna.org\\\/fr\\\/#\\\/schema\\\/person\\\/95fe789adf27c2831fc5a049c727edf5\",\"name\":\"Maria Agustina G\u00f3mez\",\"image\":{\"@type\":\"ImageObject\",\"inLanguage\":\"fr-FR\",\"@id\":\"https:\\\/\\\/secure.gravatar.com\\\/avatar\\\/8af3ece86571c098b978434bbc43b948c403c1ae191f09a04e94f916638ceb2c?s=96&d=mm&r=g\",\"url\":\"https:\\\/\\\/secure.gravatar.com\\\/avatar\\\/8af3ece86571c098b978434bbc43b948c403c1ae191f09a04e94f916638ceb2c?s=96&d=mm&r=g\",\"contentUrl\":\"https:\\\/\\\/secure.gravatar.com\\\/avatar\\\/8af3ece86571c098b978434bbc43b948c403c1ae191f09a04e94f916638ceb2c?s=96&d=mm&r=g\",\"caption\":\"Maria Agustina G\u00f3mez\"},\"url\":\"https:\\\/\\\/vedruna.org\\\/fr\\\/author\\\/agustina-gomez\\\/\"}]}<\/script>\n<!-- \/ Yoast SEO plugin. -->","yoast_head_json":{"title":"Dans le giron de la maison de notre m\u00e8re - Carmelitas de la Caridad Vedruna","description":"La communaut\u00e9 d'Oshiwara c\u00e9l\u00e8bre le bicentenaire de Vedruna en compagnie de ses 23 jeunes filles, des enfants du foyer voisin et des s\u0153urs.","robots":{"index":"index","follow":"follow","max-snippet":"max-snippet:-1","max-image-preview":"max-image-preview:large","max-video-preview":"max-video-preview:-1"},"canonical":"https:\/\/vedruna.org\/fr\/dans-le-giron-de-la-maison-de-notre-mere\/","og_locale":"fr_FR","og_type":"article","og_title":"Dans le giron de la maison de notre m\u00e8re - Carmelitas de la Caridad Vedruna","og_description":"La communaut\u00e9 d'Oshiwara c\u00e9l\u00e8bre le bicentenaire de Vedruna en compagnie de ses 23 jeunes filles, des enfants du foyer voisin et des s\u0153urs.","og_url":"https:\/\/vedruna.org\/fr\/dans-le-giron-de-la-maison-de-notre-mere\/","og_site_name":"Carmelitas de la Caridad Vedruna","article_published_time":"2026-08-29T08:44:34+00:00","article_modified_time":"2026-09-02T08:59:49+00:00","og_image":[{"width":2560,"height":1335,"url":"https:\/\/vedruna.org\/wp-content\/uploads\/2026\/09\/Oshiwara-1-scaled.jpg","type":"image\/jpeg"}],"author":"Maria Agustina G\u00f3mez","twitter_card":"summary_large_image","twitter_misc":{"\u00c9crit par":"Maria Agustina G\u00f3mez","Dur\u00e9e de lecture estim\u00e9e":"1 minute"},"schema":{"@context":"https:\/\/schema.org","@graph":[{"@type":"Article","@id":"https:\/\/vedruna.org\/fr\/dans-le-giron-de-la-maison-de-notre-mere\/#article","isPartOf":{"@id":"https:\/\/vedruna.org\/fr\/dans-le-giron-de-la-maison-de-notre-mere\/"},"author":{"name":"Maria Agustina G\u00f3mez","@id":"https:\/\/vedruna.org\/fr\/#\/schema\/person\/95fe789adf27c2831fc5a049c727edf5"},"headline":"Dans le giron de la maison de notre m\u00e8re","datePublished":"2026-08-29T08:44:34+00:00","dateModified":"2026-09-02T08:59:49+00:00","mainEntityOfPage":{"@id":"https:\/\/vedruna.org\/fr\/dans-le-giron-de-la-maison-de-notre-mere\/"},"wordCount":240,"publisher":{"@id":"https:\/\/vedruna.org\/fr\/#organization"},"image":{"@id":"https:\/\/vedruna.org\/fr\/dans-le-giron-de-la-maison-de-notre-mere\/#primaryimage"},"thumbnailUrl":"https:\/\/vedruna.org\/wp-content\/uploads\/2026\/09\/Oshiwara-1-scaled.jpg","articleSection":["Bicentenaire Inde","Bicentenaire Inde","Province de l'Inde"],"inLanguage":"fr-FR"},{"@type":"WebPage","@id":"https:\/\/vedruna.org\/fr\/dans-le-giron-de-la-maison-de-notre-mere\/","url":"https:\/\/vedruna.org\/fr\/dans-le-giron-de-la-maison-de-notre-mere\/","name":"Dans le giron de la maison de notre m\u00e8re - Carmelitas de la Caridad Vedruna","isPartOf":{"@id":"https:\/\/vedruna.org\/fr\/#website"},"primaryImageOfPage":{"@id":"https:\/\/vedruna.org\/fr\/dans-le-giron-de-la-maison-de-notre-mere\/#primaryimage"},"image":{"@id":"https:\/\/vedruna.org\/fr\/dans-le-giron-de-la-maison-de-notre-mere\/#primaryimage"},"thumbnailUrl":"https:\/\/vedruna.org\/wp-content\/uploads\/2026\/09\/Oshiwara-1-scaled.jpg","datePublished":"2026-08-29T08:44:34+00:00","dateModified":"2026-09-02T08:59:49+00:00","description":"La communaut\u00e9 d'Oshiwara c\u00e9l\u00e8bre le bicentenaire de Vedruna en compagnie de ses 23 jeunes filles, des enfants du foyer voisin et des s\u0153urs.","breadcrumb":{"@id":"https:\/\/vedruna.org\/fr\/dans-le-giron-de-la-maison-de-notre-mere\/#breadcrumb"},"inLanguage":"fr-FR","potentialAction":[{"@type":"ReadAction","target":["https:\/\/vedruna.org\/fr\/dans-le-giron-de-la-maison-de-notre-mere\/"]}]},{"@type":"ImageObject","inLanguage":"fr-FR","@id":"https:\/\/vedruna.org\/fr\/dans-le-giron-de-la-maison-de-notre-mere\/#primaryimage","url":"https:\/\/vedruna.org\/wp-content\/uploads\/2026\/09\/Oshiwara-1-scaled.jpg","contentUrl":"https:\/\/vedruna.org\/wp-content\/uploads\/2026\/09\/Oshiwara-1-scaled.jpg","width":2560,"height":1335},{"@type":"BreadcrumbList","@id":"https:\/\/vedruna.org\/fr\/dans-le-giron-de-la-maison-de-notre-mere\/#breadcrumb","itemListElement":[{"@type":"ListItem","position":1,"name":"Portada","item":"https:\/\/vedruna.org\/fr\/"},{"@type":"ListItem","position":2,"name":"Dans le giron de la maison de notre m\u00e8re"}]},{"@type":"WebSite","@id":"https:\/\/vedruna.org\/fr\/#website","url":"https:\/\/vedruna.org\/fr\/","name":"Carmelitas de la Caridad Vedruna","description":"Carmelitas de la caridad","publisher":{"@id":"https:\/\/vedruna.org\/fr\/#organization"},"potentialAction":[{"@type":"SearchAction","target":{"@type":"EntryPoint","urlTemplate":"https:\/\/vedruna.org\/fr\/?s={search_term_string}"},"query-input":{"@type":"PropertyValueSpecification","valueRequired":true,"valueName":"search_term_string"}}],"inLanguage":"fr-FR"},{"@type":"Organization","@id":"https:\/\/vedruna.org\/fr\/#organization","name":"Carmelitas de la caridad Vedruna","url":"https:\/\/vedruna.org\/fr\/","logo":{"@type":"ImageObject","inLanguage":"fr-FR","@id":"https:\/\/vedruna.org\/fr\/#\/schema\/logo\/image\/","url":"https:\/\/vedruna.org\/wp-content\/uploads\/2022\/04\/LOGO-VEDRUNA-HORIZONTAL.png","contentUrl":"https:\/\/vedruna.org\/wp-content\/uploads\/2022\/04\/LOGO-VEDRUNA-HORIZONTAL.png","width":1200,"height":463,"caption":"Carmelitas de la caridad Vedruna"},"image":{"@id":"https:\/\/vedruna.org\/fr\/#\/schema\/logo\/image\/"}},{"@type":"Person","@id":"https:\/\/vedruna.org\/fr\/#\/schema\/person\/95fe789adf27c2831fc5a049c727edf5","name":"Maria Agustina G\u00f3mez","image":{"@type":"ImageObject","inLanguage":"fr-FR","@id":"https:\/\/secure.gravatar.com\/avatar\/8af3ece86571c098b978434bbc43b948c403c1ae191f09a04e94f916638ceb2c?s=96&d=mm&r=g","url":"https:\/\/secure.gravatar.com\/avatar\/8af3ece86571c098b978434bbc43b948c403c1ae191f09a04e94f916638ceb2c?s=96&d=mm&r=g","contentUrl":"https:\/\/secure.gravatar.com\/avatar\/8af3ece86571c098b978434bbc43b948c403c1ae191f09a04e94f916638ceb2c?s=96&d=mm&r=g","caption":"Maria Agustina G\u00f3mez"},"url":"https:\/\/vedruna.org\/fr\/author\/agustina-gomez\/"}]}},"_links":{"self":[{"href":"https:\/\/vedruna.org\/fr\/wp-json\/wp\/v2\/posts\/40096","targetHints":{"allow":["GET"]}}],"collection":[{"href":"https:\/\/vedruna.org\/fr\/wp-json\/wp\/v2\/posts"}],"about":[{"href":"https:\/\/vedruna.org\/fr\/wp-json\/wp\/v2\/types\/post"}],"author":[{"embeddable":true,"href":"https:\/\/vedruna.org\/fr\/wp-json\/wp\/v2\/users\/21"}],"replies":[{"embeddable":true,"href":"https:\/\/vedruna.org\/fr\/wp-json\/wp\/v2\/comments?post=40096"}],"version-history":[{"count":1,"href":"https:\/\/vedruna.org\/fr\/wp-json\/wp\/v2\/posts\/40096\/revisions"}],"predecessor-version":[{"id":40097,"href":"https:\/\/vedruna.org\/fr\/wp-json\/wp\/v2\/posts\/40096\/revisions\/40097"}],"wp:featuredmedia":[{"embeddable":true,"href":"https:\/\/vedruna.org\/fr\/wp-json\/wp\/v2\/media\/40095"}],"wp:attachment":[{"href":"https:\/\/vedruna.org\/fr\/wp-json\/wp\/v2\/media?parent=40096"}],"wp:term":[{"taxonomy":"category","embeddable":true,"href":"https:\/\/vedruna.org\/fr\/wp-json\/wp\/v2\/categories?post=40096"},{"taxonomy":"post_tag","embeddable":true,"href":"https:\/\/vedruna.org\/fr\/wp-json\/wp\/v2\/tags?post=40096"}],"curies":[{"name":"wp","href":"https:\/\/api.w.org\/{rel}","templated":true}]}}