{"id":40120,"date":"2026-09-01T15:52:24","date_gmt":"2026-09-01T13:52:24","guid":{"rendered":"https:\/\/vedruna.org\/programme-de-sensibilisation-a-la-sante-mentale-et-physique-des-femmes\/"},"modified":"2026-09-02T16:02:46","modified_gmt":"2026-09-02T14:02:46","slug":"programme-de-sensibilisation-a-la-sante-mentale-et-physique-des-femmes","status":"publish","type":"post","link":"https:\/\/vedruna.org\/fr\/programme-de-sensibilisation-a-la-sante-mentale-et-physique-des-femmes\/","title":{"rendered":"Programme de sensibilisation \u00e0 la sant\u00e9 mentale et physique des femmes"},"content":{"rendered":"\n<p class=\"wp-block-paragraph\">Dans le cadre des<strong> initiatives<\/strong> organis\u00e9es \u00e0 l&rsquo;occasion<strong> du bicentenaire de Vedruna, un programme de sensibilisation \u00e0 la sant\u00e9 mentale et physique des femmes a \u00e9t\u00e9 organis\u00e9 au sein de notre communaut\u00e9, \u00e0 Uplat.<\/strong> Le Dr Shilpa a bien voulu intervenir en tant qu&rsquo;intervenante lors de ce s\u00e9minaire d&rsquo;une journ\u00e9e, auquel <strong>ont particip\u00e9 <\/strong> <strong>35 femmes venues de villages voisins et plus \u00e9loign\u00e9s<\/strong> <strong>. <\/strong> <\/p>\n\n<p class=\"wp-block-paragraph\">Abordant les questions de sant\u00e9 f\u00e9minine, cette session \u00e9tait ax\u00e9e sur <strong>l\u2019importance du bien-\u00eatre \u00e9motionnel des femmes.<\/strong> Le Dr Shilpa a expliqu\u00e9 que les sentiments sont essentiels pour chaque \u00eatre humain, encourageant les femmes \u00e0 reconna\u00eetre et \u00e0 exprimer leurs sentiments plut\u00f4t que de les refouler. Elle a \u00e9galement expliqu\u00e9 en quoi un stress \u00e9motionnel prolong\u00e9 peut affecter la sant\u00e9 physique. Elle a encourag\u00e9 les femmes \u00e0 s&rsquo;estimer \u00e0 leur juste valeur, \u00e0 veiller \u00e0 leur alimentation, \u00e0 se reposer, \u00e0 se d\u00e9tendre et \u00e0 consacrer du temps \u00e0 des activit\u00e9s qui leur procurent de la joie.    <\/p>\n\n<p class=\"wp-block-paragraph\">La deuxi\u00e8me session a port\u00e9 sur <strong>les questions de sant\u00e9 physique des femmes,<\/strong> en mettant particuli\u00e8rement l\u2019accent sur le cancer du sein, qui est le plus r\u00e9pandu, le cancer du col de l\u2019ut\u00e9rus et la leuc\u00e9mie. Les femmes ont appris \u00e0 pratiquer l\u2019auto-examen, \u00e0 reconna\u00eetre les signes avant-coureurs, tels que les nodules au niveau des seins ou des aisselles, les pertes inhabituelles, tout changement dans leur corps, ainsi que l\u2019importance de se soumettre \u00e0 des bilans de sant\u00e9 r\u00e9guliers.   <\/p>\n\n<p class=\"wp-block-paragraph\">Afin de rendre cette s\u00e9ance plus enrichissante et de faire passer ce message essentiel, <strong>le Dr Shilpa s&rsquo;est adress\u00e9e aux femmes dans leur langue locale, le warli<\/strong>, en s&rsquo;appuyant sur des exemples tir\u00e9s de leur vie quotidienne et de ses propres exp\u00e9riences personnelles.  <\/p>\n\n<p class=\"wp-block-paragraph\">Ils ont fait preuve d\u2019une grande attention, ont particip\u00e9 activement, ont pos\u00e9 de nombreuses questions et ont profond\u00e9ment appr\u00e9ci\u00e9 l\u2019occasion qui leur a \u00e9t\u00e9 offerte de dissiper leurs doutes et d\u2019acqu\u00e9rir de nouvelles connaissances. Il r\u00e9gnait une atmosph\u00e8re de renouveau gr\u00e2ce aux connaissances acquises, ainsi qu\u2019un sentiment de gratitude pour cette opportunit\u00e9 qui leur a \u00e9t\u00e9 offerte, \u00e0 eux qui, d\u2019ordinaire, se consacrent \u00e0 leur travail et prennent soin des autres plut\u00f4t que d\u2019eux-m\u00eames. De nombreux participants ont \u00e9t\u00e9 surpris et captiv\u00e9s en \u00e9coutant le Dr Shilpa. Ils ont exprim\u00e9 leur souhait de voir cette initiative se poursuivre et d\u2019assister \u00e0 d\u2019autres sessions de ce type.   <\/p>\n\n<p class=\"has-text-align-right wp-block-paragraph\"><strong>S\u0153ur Marcellina Aguiar, ccv <\/strong><\/p>\n<div class=\"pgc-sgb-cb wp-block-pgcsimplygalleryblock-justified \" data-gallery-id=\"1e004187\"><div class=\"sgb-preloader\" id=\"pr_1e004187\">\n\t<div class=\"sgb-square\" style=\"background:#d4d4d4\"><\/div>\n\t<div class=\"sgb-square\" style=\"background:#d4d4d4\"><\/div>\n\t<div class=\"sgb-square\" style=\"background:#d4d4d4\"><\/div>\n\t<div class=\"sgb-square\" style=\"background:#d4d4d4\"><\/div><\/div><div class=\"simply-gallery-amp pgc_sgb_slider \"><noscript><div class=\"sgb-gallery\"><div class=\"sgb-item\"><a href=\"https:\/\/vedruna.org\/wp-content\/uploads\/2026\/09\/Uplat-1.jpeg\"><img decoding=\"async\" alt=\"\" width=\"300\" height=\"141\" loading=\"lazy\" src=\"https:\/\/vedruna.org\/wp-content\/uploads\/2026\/09\/Uplat-1-300x141.jpeg\" srcset=\"https:\/\/vedruna.org\/wp-content\/uploads\/2026\/09\/Uplat-1-300x141.jpeg 300w,https:\/\/vedruna.org\/wp-content\/uploads\/2026\/09\/Uplat-1.jpeg 1019w\" sizes=\"250px\"\/><\/a><\/div><div class=\"sgb-item\"><a href=\"https:\/\/vedruna.org\/wp-content\/uploads\/2026\/09\/Uplat-2-1.jpeg\"><img decoding=\"async\" alt=\"\" width=\"300\" height=\"190\" loading=\"lazy\" src=\"https:\/\/vedruna.org\/wp-content\/uploads\/2026\/09\/Uplat-2-1-300x190.jpeg\" srcset=\"https:\/\/vedruna.org\/wp-content\/uploads\/2026\/09\/Uplat-2-1-300x190.jpeg 300w,https:\/\/vedruna.org\/wp-content\/uploads\/2026\/09\/Uplat-2-1-1024x648.jpeg 1024w,https:\/\/vedruna.org\/wp-content\/uploads\/2026\/09\/Uplat-2-1.jpeg 1222w\" sizes=\"250px\"\/><\/a><\/div><\/div><\/noscript><\/div><script type=\"application\/json\" class=\"sgb-data\">{\"lastRowFill\":true,\"externalLink\":false,\"captions\":false,\"collectionThumbSubMenuDownload\":false,\"collectionThumbSubMenuShare\":false,\"galleryType\":\"pgc_sgb_justified\",\"galleryId\":\"1e004187\",\"images\":[{\"id\":40106,\"title\":\"Uplat-1\",\"url\":\"https:\/\/vedruna.org\/wp-content\/uploads\/2026\/09\/Uplat-1.jpeg\",\"link\":\"https:\/\/vedruna.org\/en\/uplat-1\/\",\"alt\":\"\",\"description\":\"\",\"caption\":\"\",\"mime\":\"image\/jpeg\",\"type\":\"image\",\"width\":1019,\"height\":478,\"sizes\":{\"thumbnail\":{\"height\":150,\"width\":150,\"url\":\"https:\/\/vedruna.org\/wp-content\/uploads\/2026\/09\/Uplat-1-150x150.jpeg\",\"orientation\":\"landscape\"},\"medium\":{\"height\":141,\"width\":300,\"url\":\"https:\/\/vedruna.org\/wp-content\/uploads\/2026\/09\/Uplat-1-300x141.jpeg\",\"orientation\":\"landscape\"},\"full\":{\"url\":\"https:\/\/vedruna.org\/wp-content\/uploads\/2026\/09\/Uplat-1.jpeg\",\"height\":478,\"width\":1019,\"orientation\":\"landscape\"}},\"imageMeta\":{\"aperture\":\"0\",\"credit\":\"\",\"camera\":\"\",\"caption\":\"\",\"created_timestamp\":\"1783160917\",\"copyright\":\"\",\"focal_length\":\"0\",\"iso\":\"0\",\"shutter_speed\":\"0\",\"title\":\"\",\"orientation\":\"1\",\"keywords\":[],\"alt\":\"\"},\"meta\":false},{\"id\":40104,\"title\":\"Uplat-2-1\",\"url\":\"https:\/\/vedruna.org\/wp-content\/uploads\/2026\/09\/Uplat-2-1.jpeg\",\"link\":\"https:\/\/vedruna.org\/en\/uplat-2-1\/\",\"alt\":\"\",\"description\":\"\",\"caption\":\"\",\"mime\":\"image\/jpeg\",\"type\":\"image\",\"width\":1222,\"height\":773,\"sizes\":{\"thumbnail\":{\"height\":150,\"width\":150,\"url\":\"https:\/\/vedruna.org\/wp-content\/uploads\/2026\/09\/Uplat-2-1-150x150.jpeg\",\"orientation\":\"landscape\"},\"medium\":{\"height\":190,\"width\":300,\"url\":\"https:\/\/vedruna.org\/wp-content\/uploads\/2026\/09\/Uplat-2-1-300x190.jpeg\",\"orientation\":\"landscape\"},\"large\":{\"height\":648,\"width\":1024,\"url\":\"https:\/\/vedruna.org\/wp-content\/uploads\/2026\/09\/Uplat-2-1-1024x648.jpeg\",\"orientation\":\"landscape\"},\"full\":{\"url\":\"https:\/\/vedruna.org\/wp-content\/uploads\/2026\/09\/Uplat-2-1.jpeg\",\"height\":773,\"width\":1222,\"orientation\":\"landscape\"}},\"imageMeta\":{\"aperture\":\"0\",\"credit\":\"\",\"camera\":\"\",\"caption\":\"\",\"created_timestamp\":\"1783160906\",\"copyright\":\"\",\"focal_length\":\"0\",\"iso\":\"0\",\"shutter_speed\":\"0\",\"title\":\"\",\"orientation\":\"1\",\"keywords\":[],\"alt\":\"\"},\"meta\":false}],\"useClobalSettings\":true,\"shareFacebook\":false,\"shareTwitter\":false,\"sharePinterest\":false,\"sliderItemDownload\":false,\"shareCopyLink\":false,\"sliderItemCounterEnable\":false,\"sliderItemTitleFontSize\":20,\"sliderSlideshow\":false,\"sliderSocialShareEnabled\":false,\"sliderZoomEnable\":false,\"translatedWithWPMLTM\":\"1\",\"itemsMetaDataCollection\":[]}<\/script><script>(function(){if(window.PGC_SGB && window.PGC_SGB.searcher){window.PGC_SGB.searcher.initBlocks()}})()<\/script><\/div>","protected":false},"excerpt":{"rendered":"<p>Dans le cadre des initiatives organis\u00e9es \u00e0 l&rsquo;occasion du bicentenaire de Vedruna, un programme de sensibilisation \u00e0 la sant\u00e9 mentale et physique des femmes a \u00e9t\u00e9 organis\u00e9 au sein de notre communaut\u00e9, \u00e0 Uplat. Le Dr Shilpa a bien voulu intervenir en tant qu&rsquo;intervenante lors de ce s\u00e9minaire d&rsquo;une journ\u00e9e, auquel ont particip\u00e9 35 femmes [&hellip;]<\/p>\n","protected":false},"author":21,"featured_media":40113,"comment_status":"closed","ping_status":"closed","sticky":false,"template":"","format":"standard","meta":{"_et_pb_use_builder":"","_et_pb_old_content":"","_et_gb_content_width":"","pgc_sgb_lightbox_settings":"","footnotes":""},"categories":[557,571,284],"tags":[],"class_list":["post-40120","post","type-post","status-publish","format-standard","has-post-thumbnail","hentry","category-bicentenaire-inde","category-bicentenaire-inde-2","category-province-de-linde"],"yoast_head":"<!-- This site is optimized with the Yoast SEO plugin v28.4 - https:\/\/yoast.com\/product\/yoast-seo-wordpress\/ -->\n<title>Programme de sensibilisation \u00e0 la sant\u00e9 mentale et physique des femmes - Carmelitas de la Caridad Vedruna<\/title>\n<meta name=\"description\" content=\"Dans le cadre des initiatives organis\u00e9es \u00e0 l&#039;occasion du bicentenaire de Vedruna, un programme de sensibilisation \u00e0 la sant\u00e9 mentale et physique des femmes a \u00e9t\u00e9 mis en place au sein de notre communaut\u00e9 \u00e0 Uplat.\" \/>\n<meta name=\"robots\" content=\"index, follow, max-snippet:-1, max-image-preview:large, max-video-preview:-1\" \/>\n<link rel=\"canonical\" href=\"https:\/\/vedruna.org\/fr\/programme-de-sensibilisation-a-la-sante-mentale-et-physique-des-femmes\/\" \/>\n<meta property=\"og:locale\" content=\"fr_FR\" \/>\n<meta property=\"og:type\" content=\"article\" \/>\n<meta property=\"og:title\" content=\"Programme de sensibilisation \u00e0 la sant\u00e9 mentale et physique des femmes - Carmelitas de la Caridad Vedruna\" \/>\n<meta property=\"og:description\" content=\"Dans le cadre des initiatives organis\u00e9es \u00e0 l&#039;occasion du bicentenaire de Vedruna, un programme de sensibilisation \u00e0 la sant\u00e9 mentale et physique des femmes a \u00e9t\u00e9 mis en place au sein de notre communaut\u00e9 \u00e0 Uplat.\" \/>\n<meta property=\"og:url\" content=\"https:\/\/vedruna.org\/fr\/programme-de-sensibilisation-a-la-sante-mentale-et-physique-des-femmes\/\" \/>\n<meta property=\"og:site_name\" content=\"Carmelitas de la Caridad Vedruna\" \/>\n<meta property=\"article:published_time\" content=\"2026-09-01T13:52:24+00:00\" \/>\n<meta property=\"article:modified_time\" content=\"2026-09-02T14:02:46+00:00\" \/>\n<meta property=\"og:image\" content=\"https:\/\/vedruna.org\/wp-content\/uploads\/2026\/09\/Uplat-1.jpeg\" \/>\n\t<meta property=\"og:image:width\" content=\"1019\" \/>\n\t<meta property=\"og:image:height\" content=\"478\" \/>\n\t<meta property=\"og:image:type\" content=\"image\/jpeg\" \/>\n<meta name=\"author\" content=\"Maria Agustina G\u00f3mez\" \/>\n<meta name=\"twitter:card\" content=\"summary_large_image\" \/>\n<meta name=\"twitter:label1\" content=\"\u00c9crit par\" \/>\n\t<meta name=\"twitter:data1\" content=\"Maria Agustina G\u00f3mez\" \/>\n\t<meta name=\"twitter:label2\" content=\"Dur\u00e9e de lecture estim\u00e9e\" \/>\n\t<meta name=\"twitter:data2\" content=\"2 minutes\" \/>\n<script type=\"application\/ld+json\" class=\"yoast-schema-graph\">{\"@context\":\"https:\\\/\\\/schema.org\",\"@graph\":[{\"@type\":\"Article\",\"@id\":\"https:\\\/\\\/vedruna.org\\\/fr\\\/programme-de-sensibilisation-a-la-sante-mentale-et-physique-des-femmes\\\/#article\",\"isPartOf\":{\"@id\":\"https:\\\/\\\/vedruna.org\\\/fr\\\/programme-de-sensibilisation-a-la-sante-mentale-et-physique-des-femmes\\\/\"},\"author\":{\"name\":\"Maria Agustina G\u00f3mez\",\"@id\":\"https:\\\/\\\/vedruna.org\\\/fr\\\/#\\\/schema\\\/person\\\/95fe789adf27c2831fc5a049c727edf5\"},\"headline\":\"Programme de sensibilisation \u00e0 la sant\u00e9 mentale et physique des femmes\",\"datePublished\":\"2026-09-01T13:52:24+00:00\",\"dateModified\":\"2026-09-02T14:02:46+00:00\",\"mainEntityOfPage\":{\"@id\":\"https:\\\/\\\/vedruna.org\\\/fr\\\/programme-de-sensibilisation-a-la-sante-mentale-et-physique-des-femmes\\\/\"},\"wordCount\":432,\"publisher\":{\"@id\":\"https:\\\/\\\/vedruna.org\\\/fr\\\/#organization\"},\"image\":{\"@id\":\"https:\\\/\\\/vedruna.org\\\/fr\\\/programme-de-sensibilisation-a-la-sante-mentale-et-physique-des-femmes\\\/#primaryimage\"},\"thumbnailUrl\":\"https:\\\/\\\/vedruna.org\\\/wp-content\\\/uploads\\\/2026\\\/09\\\/Uplat-1.jpeg\",\"articleSection\":[\"Bicentenaire Inde\",\"Bicentenaire Inde\",\"Province de l'Inde\"],\"inLanguage\":\"fr-FR\"},{\"@type\":\"WebPage\",\"@id\":\"https:\\\/\\\/vedruna.org\\\/fr\\\/programme-de-sensibilisation-a-la-sante-mentale-et-physique-des-femmes\\\/\",\"url\":\"https:\\\/\\\/vedruna.org\\\/fr\\\/programme-de-sensibilisation-a-la-sante-mentale-et-physique-des-femmes\\\/\",\"name\":\"Programme de sensibilisation \u00e0 la sant\u00e9 mentale et physique des femmes - Carmelitas de la Caridad Vedruna\",\"isPartOf\":{\"@id\":\"https:\\\/\\\/vedruna.org\\\/fr\\\/#website\"},\"primaryImageOfPage\":{\"@id\":\"https:\\\/\\\/vedruna.org\\\/fr\\\/programme-de-sensibilisation-a-la-sante-mentale-et-physique-des-femmes\\\/#primaryimage\"},\"image\":{\"@id\":\"https:\\\/\\\/vedruna.org\\\/fr\\\/programme-de-sensibilisation-a-la-sante-mentale-et-physique-des-femmes\\\/#primaryimage\"},\"thumbnailUrl\":\"https:\\\/\\\/vedruna.org\\\/wp-content\\\/uploads\\\/2026\\\/09\\\/Uplat-1.jpeg\",\"datePublished\":\"2026-09-01T13:52:24+00:00\",\"dateModified\":\"2026-09-02T14:02:46+00:00\",\"description\":\"Dans le cadre des initiatives organis\u00e9es \u00e0 l'occasion du bicentenaire de Vedruna, un programme de sensibilisation \u00e0 la sant\u00e9 mentale et physique des femmes a \u00e9t\u00e9 mis en place au sein de notre communaut\u00e9 \u00e0 Uplat.\",\"breadcrumb\":{\"@id\":\"https:\\\/\\\/vedruna.org\\\/fr\\\/programme-de-sensibilisation-a-la-sante-mentale-et-physique-des-femmes\\\/#breadcrumb\"},\"inLanguage\":\"fr-FR\",\"potentialAction\":[{\"@type\":\"ReadAction\",\"target\":[\"https:\\\/\\\/vedruna.org\\\/fr\\\/programme-de-sensibilisation-a-la-sante-mentale-et-physique-des-femmes\\\/\"]}]},{\"@type\":\"ImageObject\",\"inLanguage\":\"fr-FR\",\"@id\":\"https:\\\/\\\/vedruna.org\\\/fr\\\/programme-de-sensibilisation-a-la-sante-mentale-et-physique-des-femmes\\\/#primaryimage\",\"url\":\"https:\\\/\\\/vedruna.org\\\/wp-content\\\/uploads\\\/2026\\\/09\\\/Uplat-1.jpeg\",\"contentUrl\":\"https:\\\/\\\/vedruna.org\\\/wp-content\\\/uploads\\\/2026\\\/09\\\/Uplat-1.jpeg\",\"width\":1019,\"height\":478},{\"@type\":\"BreadcrumbList\",\"@id\":\"https:\\\/\\\/vedruna.org\\\/fr\\\/programme-de-sensibilisation-a-la-sante-mentale-et-physique-des-femmes\\\/#breadcrumb\",\"itemListElement\":[{\"@type\":\"ListItem\",\"position\":1,\"name\":\"Portada\",\"item\":\"https:\\\/\\\/vedruna.org\\\/fr\\\/\"},{\"@type\":\"ListItem\",\"position\":2,\"name\":\"Programme de sensibilisation \u00e0 la sant\u00e9 mentale et physique des femmes\"}]},{\"@type\":\"WebSite\",\"@id\":\"https:\\\/\\\/vedruna.org\\\/fr\\\/#website\",\"url\":\"https:\\\/\\\/vedruna.org\\\/fr\\\/\",\"name\":\"Carmelitas de la Caridad Vedruna\",\"description\":\"Carmelitas de la caridad\",\"publisher\":{\"@id\":\"https:\\\/\\\/vedruna.org\\\/fr\\\/#organization\"},\"potentialAction\":[{\"@type\":\"SearchAction\",\"target\":{\"@type\":\"EntryPoint\",\"urlTemplate\":\"https:\\\/\\\/vedruna.org\\\/fr\\\/?s={search_term_string}\"},\"query-input\":{\"@type\":\"PropertyValueSpecification\",\"valueRequired\":true,\"valueName\":\"search_term_string\"}}],\"inLanguage\":\"fr-FR\"},{\"@type\":\"Organization\",\"@id\":\"https:\\\/\\\/vedruna.org\\\/fr\\\/#organization\",\"name\":\"Carmelitas de la caridad Vedruna\",\"url\":\"https:\\\/\\\/vedruna.org\\\/fr\\\/\",\"logo\":{\"@type\":\"ImageObject\",\"inLanguage\":\"fr-FR\",\"@id\":\"https:\\\/\\\/vedruna.org\\\/fr\\\/#\\\/schema\\\/logo\\\/image\\\/\",\"url\":\"https:\\\/\\\/vedruna.org\\\/wp-content\\\/uploads\\\/2022\\\/04\\\/LOGO-VEDRUNA-HORIZONTAL.png\",\"contentUrl\":\"https:\\\/\\\/vedruna.org\\\/wp-content\\\/uploads\\\/2022\\\/04\\\/LOGO-VEDRUNA-HORIZONTAL.png\",\"width\":1200,\"height\":463,\"caption\":\"Carmelitas de la caridad Vedruna\"},\"image\":{\"@id\":\"https:\\\/\\\/vedruna.org\\\/fr\\\/#\\\/schema\\\/logo\\\/image\\\/\"}},{\"@type\":\"Person\",\"@id\":\"https:\\\/\\\/vedruna.org\\\/fr\\\/#\\\/schema\\\/person\\\/95fe789adf27c2831fc5a049c727edf5\",\"name\":\"Maria Agustina G\u00f3mez\",\"image\":{\"@type\":\"ImageObject\",\"inLanguage\":\"fr-FR\",\"@id\":\"https:\\\/\\\/secure.gravatar.com\\\/avatar\\\/8af3ece86571c098b978434bbc43b948c403c1ae191f09a04e94f916638ceb2c?s=96&d=mm&r=g\",\"url\":\"https:\\\/\\\/secure.gravatar.com\\\/avatar\\\/8af3ece86571c098b978434bbc43b948c403c1ae191f09a04e94f916638ceb2c?s=96&d=mm&r=g\",\"contentUrl\":\"https:\\\/\\\/secure.gravatar.com\\\/avatar\\\/8af3ece86571c098b978434bbc43b948c403c1ae191f09a04e94f916638ceb2c?s=96&d=mm&r=g\",\"caption\":\"Maria Agustina G\u00f3mez\"},\"url\":\"https:\\\/\\\/vedruna.org\\\/fr\\\/author\\\/agustina-gomez\\\/\"}]}<\/script>\n<!-- \/ Yoast SEO plugin. -->","yoast_head_json":{"title":"Programme de sensibilisation \u00e0 la sant\u00e9 mentale et physique des femmes - Carmelitas de la Caridad Vedruna","description":"Dans le cadre des initiatives organis\u00e9es \u00e0 l'occasion du bicentenaire de Vedruna, un programme de sensibilisation \u00e0 la sant\u00e9 mentale et physique des femmes a \u00e9t\u00e9 mis en place au sein de notre communaut\u00e9 \u00e0 Uplat.","robots":{"index":"index","follow":"follow","max-snippet":"max-snippet:-1","max-image-preview":"max-image-preview:large","max-video-preview":"max-video-preview:-1"},"canonical":"https:\/\/vedruna.org\/fr\/programme-de-sensibilisation-a-la-sante-mentale-et-physique-des-femmes\/","og_locale":"fr_FR","og_type":"article","og_title":"Programme de sensibilisation \u00e0 la sant\u00e9 mentale et physique des femmes - Carmelitas de la Caridad Vedruna","og_description":"Dans le cadre des initiatives organis\u00e9es \u00e0 l'occasion du bicentenaire de Vedruna, un programme de sensibilisation \u00e0 la sant\u00e9 mentale et physique des femmes a \u00e9t\u00e9 mis en place au sein de notre communaut\u00e9 \u00e0 Uplat.","og_url":"https:\/\/vedruna.org\/fr\/programme-de-sensibilisation-a-la-sante-mentale-et-physique-des-femmes\/","og_site_name":"Carmelitas de la Caridad Vedruna","article_published_time":"2026-09-01T13:52:24+00:00","article_modified_time":"2026-09-02T14:02:46+00:00","og_image":[{"width":1019,"height":478,"url":"https:\/\/vedruna.org\/wp-content\/uploads\/2026\/09\/Uplat-1.jpeg","type":"image\/jpeg"}],"author":"Maria Agustina G\u00f3mez","twitter_card":"summary_large_image","twitter_misc":{"\u00c9crit par":"Maria Agustina G\u00f3mez","Dur\u00e9e de lecture estim\u00e9e":"2 minutes"},"schema":{"@context":"https:\/\/schema.org","@graph":[{"@type":"Article","@id":"https:\/\/vedruna.org\/fr\/programme-de-sensibilisation-a-la-sante-mentale-et-physique-des-femmes\/#article","isPartOf":{"@id":"https:\/\/vedruna.org\/fr\/programme-de-sensibilisation-a-la-sante-mentale-et-physique-des-femmes\/"},"author":{"name":"Maria Agustina G\u00f3mez","@id":"https:\/\/vedruna.org\/fr\/#\/schema\/person\/95fe789adf27c2831fc5a049c727edf5"},"headline":"Programme de sensibilisation \u00e0 la sant\u00e9 mentale et physique des femmes","datePublished":"2026-09-01T13:52:24+00:00","dateModified":"2026-09-02T14:02:46+00:00","mainEntityOfPage":{"@id":"https:\/\/vedruna.org\/fr\/programme-de-sensibilisation-a-la-sante-mentale-et-physique-des-femmes\/"},"wordCount":432,"publisher":{"@id":"https:\/\/vedruna.org\/fr\/#organization"},"image":{"@id":"https:\/\/vedruna.org\/fr\/programme-de-sensibilisation-a-la-sante-mentale-et-physique-des-femmes\/#primaryimage"},"thumbnailUrl":"https:\/\/vedruna.org\/wp-content\/uploads\/2026\/09\/Uplat-1.jpeg","articleSection":["Bicentenaire Inde","Bicentenaire Inde","Province de l'Inde"],"inLanguage":"fr-FR"},{"@type":"WebPage","@id":"https:\/\/vedruna.org\/fr\/programme-de-sensibilisation-a-la-sante-mentale-et-physique-des-femmes\/","url":"https:\/\/vedruna.org\/fr\/programme-de-sensibilisation-a-la-sante-mentale-et-physique-des-femmes\/","name":"Programme de sensibilisation \u00e0 la sant\u00e9 mentale et physique des femmes - Carmelitas de la Caridad Vedruna","isPartOf":{"@id":"https:\/\/vedruna.org\/fr\/#website"},"primaryImageOfPage":{"@id":"https:\/\/vedruna.org\/fr\/programme-de-sensibilisation-a-la-sante-mentale-et-physique-des-femmes\/#primaryimage"},"image":{"@id":"https:\/\/vedruna.org\/fr\/programme-de-sensibilisation-a-la-sante-mentale-et-physique-des-femmes\/#primaryimage"},"thumbnailUrl":"https:\/\/vedruna.org\/wp-content\/uploads\/2026\/09\/Uplat-1.jpeg","datePublished":"2026-09-01T13:52:24+00:00","dateModified":"2026-09-02T14:02:46+00:00","description":"Dans le cadre des initiatives organis\u00e9es \u00e0 l'occasion du bicentenaire de Vedruna, un programme de sensibilisation \u00e0 la sant\u00e9 mentale et physique des femmes a \u00e9t\u00e9 mis en place au sein de notre communaut\u00e9 \u00e0 Uplat.","breadcrumb":{"@id":"https:\/\/vedruna.org\/fr\/programme-de-sensibilisation-a-la-sante-mentale-et-physique-des-femmes\/#breadcrumb"},"inLanguage":"fr-FR","potentialAction":[{"@type":"ReadAction","target":["https:\/\/vedruna.org\/fr\/programme-de-sensibilisation-a-la-sante-mentale-et-physique-des-femmes\/"]}]},{"@type":"ImageObject","inLanguage":"fr-FR","@id":"https:\/\/vedruna.org\/fr\/programme-de-sensibilisation-a-la-sante-mentale-et-physique-des-femmes\/#primaryimage","url":"https:\/\/vedruna.org\/wp-content\/uploads\/2026\/09\/Uplat-1.jpeg","contentUrl":"https:\/\/vedruna.org\/wp-content\/uploads\/2026\/09\/Uplat-1.jpeg","width":1019,"height":478},{"@type":"BreadcrumbList","@id":"https:\/\/vedruna.org\/fr\/programme-de-sensibilisation-a-la-sante-mentale-et-physique-des-femmes\/#breadcrumb","itemListElement":[{"@type":"ListItem","position":1,"name":"Portada","item":"https:\/\/vedruna.org\/fr\/"},{"@type":"ListItem","position":2,"name":"Programme de sensibilisation \u00e0 la sant\u00e9 mentale et physique des femmes"}]},{"@type":"WebSite","@id":"https:\/\/vedruna.org\/fr\/#website","url":"https:\/\/vedruna.org\/fr\/","name":"Carmelitas de la Caridad Vedruna","description":"Carmelitas de la caridad","publisher":{"@id":"https:\/\/vedruna.org\/fr\/#organization"},"potentialAction":[{"@type":"SearchAction","target":{"@type":"EntryPoint","urlTemplate":"https:\/\/vedruna.org\/fr\/?s={search_term_string}"},"query-input":{"@type":"PropertyValueSpecification","valueRequired":true,"valueName":"search_term_string"}}],"inLanguage":"fr-FR"},{"@type":"Organization","@id":"https:\/\/vedruna.org\/fr\/#organization","name":"Carmelitas de la caridad Vedruna","url":"https:\/\/vedruna.org\/fr\/","logo":{"@type":"ImageObject","inLanguage":"fr-FR","@id":"https:\/\/vedruna.org\/fr\/#\/schema\/logo\/image\/","url":"https:\/\/vedruna.org\/wp-content\/uploads\/2022\/04\/LOGO-VEDRUNA-HORIZONTAL.png","contentUrl":"https:\/\/vedruna.org\/wp-content\/uploads\/2022\/04\/LOGO-VEDRUNA-HORIZONTAL.png","width":1200,"height":463,"caption":"Carmelitas de la caridad Vedruna"},"image":{"@id":"https:\/\/vedruna.org\/fr\/#\/schema\/logo\/image\/"}},{"@type":"Person","@id":"https:\/\/vedruna.org\/fr\/#\/schema\/person\/95fe789adf27c2831fc5a049c727edf5","name":"Maria Agustina G\u00f3mez","image":{"@type":"ImageObject","inLanguage":"fr-FR","@id":"https:\/\/secure.gravatar.com\/avatar\/8af3ece86571c098b978434bbc43b948c403c1ae191f09a04e94f916638ceb2c?s=96&d=mm&r=g","url":"https:\/\/secure.gravatar.com\/avatar\/8af3ece86571c098b978434bbc43b948c403c1ae191f09a04e94f916638ceb2c?s=96&d=mm&r=g","contentUrl":"https:\/\/secure.gravatar.com\/avatar\/8af3ece86571c098b978434bbc43b948c403c1ae191f09a04e94f916638ceb2c?s=96&d=mm&r=g","caption":"Maria Agustina G\u00f3mez"},"url":"https:\/\/vedruna.org\/fr\/author\/agustina-gomez\/"}]}},"_links":{"self":[{"href":"https:\/\/vedruna.org\/fr\/wp-json\/wp\/v2\/posts\/40120","targetHints":{"allow":["GET"]}}],"collection":[{"href":"https:\/\/vedruna.org\/fr\/wp-json\/wp\/v2\/posts"}],"about":[{"href":"https:\/\/vedruna.org\/fr\/wp-json\/wp\/v2\/types\/post"}],"author":[{"embeddable":true,"href":"https:\/\/vedruna.org\/fr\/wp-json\/wp\/v2\/users\/21"}],"replies":[{"embeddable":true,"href":"https:\/\/vedruna.org\/fr\/wp-json\/wp\/v2\/comments?post=40120"}],"version-history":[{"count":1,"href":"https:\/\/vedruna.org\/fr\/wp-json\/wp\/v2\/posts\/40120\/revisions"}],"predecessor-version":[{"id":40121,"href":"https:\/\/vedruna.org\/fr\/wp-json\/wp\/v2\/posts\/40120\/revisions\/40121"}],"wp:featuredmedia":[{"embeddable":true,"href":"https:\/\/vedruna.org\/fr\/wp-json\/wp\/v2\/media\/40113"}],"wp:attachment":[{"href":"https:\/\/vedruna.org\/fr\/wp-json\/wp\/v2\/media?parent=40120"}],"wp:term":[{"taxonomy":"category","embeddable":true,"href":"https:\/\/vedruna.org\/fr\/wp-json\/wp\/v2\/categories?post=40120"},{"taxonomy":"post_tag","embeddable":true,"href":"https:\/\/vedruna.org\/fr\/wp-json\/wp\/v2\/tags?post=40120"}],"curies":[{"name":"wp","href":"https:\/\/api.w.org\/{rel}","templated":true}]}}